{"id":579,"date":"2024-10-29T13:11:05","date_gmt":"2024-10-29T11:11:05","guid":{"rendered":"https:\/\/teknologiateollisuus.fi\/emobility\/?p=579"},"modified":"2024-10-29T13:19:16","modified_gmt":"2024-10-29T11:19:16","slug":"95-autokannasta-sahkoautoja","status":"publish","type":"post","link":"https:\/\/teknologiateollisuus.fi\/emobility\/95-autokannasta-sahkoautoja\/","title":{"rendered":"9,5 % autokannasta s\u00e4hk\u00f6autoja"},"content":{"rendered":"\n<p><em>Alkuvuoden notkahduksen j\u00e4lkeen t\u00e4yss\u00e4hk\u00f6autojen kannan kasvu palasi kolmannella nelj\u00e4nneksell\u00e4 l\u00e4hes enn\u00e4tysvuoden 2023 keskiarvon tasolle. T\u00e4yss\u00e4hk\u00f6isen henkil\u00f6autokannan voimakkaan kehityksen my\u00f6t\u00e4 suurteholatauksen kasvanut kysynt\u00e4 kannustaa toimijoita investoimaan kokonaisteholtaan megawattiluokan latauskenttiin. S\u00e4hk\u00f6bussien rekister\u00f6innit enn\u00e4tysvauhdissa<\/em>.<\/p>\n\n\n\n<p>S\u00e4hk\u00f6autokanta oli syyskuun 2024 lopussa <strong>269 624 kpl <\/strong>edustaen 9,5 % koko henkil\u00f6autokannasta Suomessa. Voimakkaimmin s\u00e4hk\u00f6istyneell\u00e4 Uudellamaalla joka kuudes autoilija ajaa s\u00e4hk\u00f6autolla. S\u00e4hk\u00f6autokannan vaatimattominta kasvua edustavassa Kainuussa s\u00e4hk\u00f6autoja on hieman alle 4 % autokannasta.<\/p>\n\n\n\n<p>Alkuvuoden notkahduksen j\u00e4lkeen t\u00e4yss\u00e4hk\u00f6autojen kannan kasvu palasi kolmannella nelj\u00e4nneksell\u00e4 l\u00e4hes enn\u00e4tysvuoden 2023 keskiarvon tasolle. Uusien s\u00e4hk\u00f6autojen osalta kuluttajien valinnat ovat kohdistuneet 57 prosentin osuudella t\u00e4yss\u00e4hk\u00f6\u00f6n. Tanskassa ja Norjassa t\u00e4yss\u00e4hk\u00f6autot ovat syrj\u00e4ytt\u00e4neet ladattavat hybridit l\u00e4hes kokonaan yli 90 prosentin osuudella.<\/p>\n\n\n\n<p>S\u00e4hk\u00f6bussien m\u00e4\u00e4r\u00e4 liikenteess\u00e4 on viimeisen puolen vuoden aikana kasvanut per\u00e4ti 42 prosentilla (274 kpl). T\u00e4yss\u00e4hk\u00f6isen pakettiautokannan kasvu on sen sijaan vuoden aikana hieman hidastunut ja s\u00e4hk\u00f6kuorma-autoja on tullut liikenteeseen noin 40 kappaleen vuositahdilla.<\/p>\n\n\n\n<p>Suomen tavoite on puolittaa liikenteen p\u00e4\u00e4st\u00f6t eli fossiilisen polttoaineen k\u00e4ytt\u00f6 vuoden 2005 tasosta vuoteen 2030 menness\u00e4. Tavoitteen saavuttaminen edellytt\u00e4\u00e4 nykyist\u00e4 selke\u00e4sti vahvempaa t\u00e4yss\u00e4hk\u00f6autokannan kasvua sek\u00e4 merkitt\u00e4v\u00e4\u00e4 lis\u00e4yst\u00e4 s\u00e4hk\u00f6kuorma-autojen rekister\u00f6inteihin. Jokainen k\u00e4ytt\u00f6\u00f6notettu t\u00e4yss\u00e4hk\u00f6inen ajoneuvo poistaa fossiilisen polttoaineen k\u00e4yt\u00f6n ja samalla sen p\u00e4\u00e4st\u00f6t pysyv\u00e4sti koko elinkaaren ajalta ilman lis\u00e4toimenpiteit\u00e4.<\/p>\n\n\n\n<p>Tulevan liikenteen verouudistuksen politiikkatavoitteiksi on julkisen talouden kest\u00e4vyyden varmistamisen lis\u00e4ksi asetettu Suomen kilpailukyvyn tukeminen, kansalaisten ostovoimasta huolehtiminen sek\u00e4 Suomea sitovien p\u00e4\u00e4st\u00f6v\u00e4hennystavoitteiden kustannustehokas toteuttaminen. T\u00e4yss\u00e4hk\u00f6autokannan nykyist\u00e4 vahvempi kasvu tukee parhaiten uudistukselle asetettuja tavoitteita.<\/p>\n\n\n\n<p>T\u00e4yss\u00e4hk\u00f6isen henkil\u00f6autokannan voimakkaan kehityksen my\u00f6t\u00e4 suurteholatauksen kasvanut kysynt\u00e4 kannustaa toimijoita investoimaan kokonaisteholtaan megawattiluokan latauskenttiin. Yleisesti saatavilla olevat suuritehoiset latauspisteet mahdollistavat yh\u00e4 useammin v\u00e4hint\u00e4\u00e4n 150 kW:n lataustehon. Megawattiluokan latauskenttien yleistymisen my\u00f6t\u00e4 tarve keskij\u00e4nniteliittym\u00e4lle ja s\u00e4hk\u00f6varaston hy\u00f6dynt\u00e4miselle kasvaa.<\/p>\n\n\n\n<p>Vuoden 2024 s\u00e4hk\u00f6kuorma-autojen ensirekister\u00f6intitilastot osoittavat, ett\u00e4 Suomessa logistiikan s\u00e4hk\u00f6istymiskehitys on muita Pohjoismaita selke\u00e4sti hitaampaa. Logistiikan s\u00e4hk\u00f6istymiskehityst\u00e4 on tarpeen edist\u00e4\u00e4 kokonaisvaltaisesti.<\/p>\n\n\n\n<p>S\u00e4hk\u00f6kuorma-autojen hankintatuen jatkuminen yhdess\u00e4 raskaan liikenteen latausinfratuen rinnalla on v\u00e4ltt\u00e4m\u00e4t\u00f6nt\u00e4 logistiikan s\u00e4hk\u00f6istymiskehitykselle. Ajoneuvokannan kasvun vauhdittamisen lis\u00e4ksi on t\u00e4rke\u00e4\u00e4 huolehtia, ett\u00e4 toimintaymp\u00e4rist\u00f6 on suotuisa ja riitt\u00e4v\u00e4n kannustava etupainotteisiin latausverkostoinvestointeihin. Asiakkaiden ennakoitujen lataustarpeiden kasvaessa latausalan toimijat kehitt\u00e4v\u00e4t latauspalveluita markkinaehtoisesti palvelemaan luotettavasti logistiikan tarpeita.<\/p>\n\n\n\n<p>Lue lis\u00e4\u00e4 <a href=\"https:\/\/teknologiateollisuus.fi\/emobility\/wp-content\/uploads\/sites\/9\/2024\/10\/2024-Q3-SahkoinenLiikenne-tilannekatsaus-2024-10-28-jaettava.pdf\">tilannekatsauksesta Q3\/2024<\/a><\/p>\n\n\n\n<div class=\"wp-block-scb-columns scb-columns  has-mobile-behavior--stacked em-pattern-event-contacts\">\n<div class=\"wp-block-scb-column scb-column\">\n<h2 class=\"wp-block-heading\" id=\"lisatietoja\">Lis\u00e4tietoja<\/h2>\n\n\n\n<article class=\"em-block-contact-card is-style-list\">\n\n\t<div class=\"em-block-contact-card__image\">\n\t\t\t\t\t<img loading=\"lazy\" decoding=\"async\" width=\"300\" height=\"400\" src=\"https:\/\/teknologiateollisuus.fi\/emobility\/wp-content\/uploads\/sites\/9\/2024\/09\/Heikki_Karsimus_netti.png\" class=\"attachment-portrait size-portrait\" alt=\"\" \/>\t\t\t<\/div>\n\t<div class=\"em-block-contact-card__content-wrapper\">\n\t\t<div class=\"em-block-contact-card__content\">\n\t\t\t\t\t\t<h3 class=\"em-block-contact-card__title\"><a target=\"_self\" href=\"https:\/\/teknologiateollisuus.fi\/emobility\/contacts\/heikki-karsimus\/\">Heikki Karsimus<\/a><\/h3>\n\t\t\t\t\t\t\t<span class=\"em-block-contact-card__job_title\">Toimitusjohtaja<\/span>\n\t\t\t\t\t\t<span class=\"em-block-contact-card__organisation\">S\u00e4hk\u00f6inen liikenne ry<\/span>\n\t\t<\/div>\n\t\t<div class=\"em-block-contact-card__content\">\n\t\t\t\t\t\t<address class=\"em-block-contact-card__contact-details\">\n\t\t\t\t<span class=\"em-block-contact-card__phone\">\n\t\t\t\t\t<a href=\"tel:+358 40 564 9020\">+358 40 564 9020<\/a>\n\t\t\t\t<\/span>\n\t\t\t\t<span class=\"em-block-contact-card__email\">\n\t\t\t\t\t<a href=\"mailto:heikki.karsimus@teknologiateollisuus.fi\">heikki.karsimus@teknologiateollisuus.fi<\/a>\n\t\t\t\t<\/span>\n\t\t\t<\/address>\n\t\t\t\t\t<\/div>\n\t<\/div>\n\n<\/article>\n<\/div>\n<\/div>\n","protected":false},"excerpt":{"rendered":"<p>Alkuvuoden notkahduksen j\u00e4lkeen t\u00e4yss\u00e4hk\u00f6autojen kannan kasvu palasi kolmannella nelj\u00e4nneksell\u00e4 l\u00e4hes enn\u00e4tysvuoden 2023 keskiarvon tasolle. T\u00e4yss\u00e4hk\u00f6isen henkil\u00f6autokannan voimakkaan kehityksen my\u00f6t\u00e4 suurteholatauksen kasvanut kysynt\u00e4 kannustaa toimijoita investoimaan kokonaisteholtaan megawattiluokan latauskenttiin. S\u00e4hk\u00f6bussien rekister\u00f6innit enn\u00e4tysvauhdissa. S\u00e4hk\u00f6autokanta oli syyskuun 2024 lopussa 269 624 kpl edustaen 9,5 % koko henkil\u00f6autokannasta Suomessa. Voimakkaimmin s\u00e4hk\u00f6istyneell\u00e4 Uudellamaalla joka kuudes autoilija ajaa s\u00e4hk\u00f6autolla. S\u00e4hk\u00f6autokannan vaatimattominta [&hellip;]<\/p>\n","protected":false},"author":52,"featured_media":581,"comment_status":"closed","ping_status":"closed","sticky":false,"template":"","format":"standard","meta":{"_acf_changed":false,"_relevanssi_hide_post":"","_relevanssi_hide_content":"","_relevanssi_pin_for_all":"","_relevanssi_pin_keywords":"","_relevanssi_unpin_keywords":"","_relevanssi_related_keywords":"","_relevanssi_related_include_ids":"","_relevanssi_related_exclude_ids":"","_relevanssi_related_no_append":"","_relevanssi_related_not_related":"","_relevanssi_related_posts":"417,346,406,357,558,415","_relevanssi_noindex_reason":"","inline_featured_image":false,"footnotes":""},"categories":[14],"tags":[],"em_industry":[],"em_theme":[],"class_list":["post-579","post","type-post","status-publish","format-standard","has-post-thumbnail","hentry","category-uutinen"],"acf":[],"yoast_head":"<!-- This site is optimized with the Yoast SEO Premium plugin v27.1 (Yoast SEO v27.5) - https:\/\/yoast.com\/product\/yoast-seo-premium-wordpress\/ -->\n<title>9,5 % autokannasta s\u00e4hk\u00f6autoja - S\u00e4hk\u00f6inen liikenne<\/title>\n<meta name=\"robots\" content=\"index, follow, max-snippet:-1, max-image-preview:large, max-video-preview:-1\" \/>\n<link rel=\"canonical\" href=\"https:\/\/teknologiateollisuus.fi\/emobility\/95-autokannasta-sahkoautoja\/\" \/>\n<meta property=\"og:locale\" content=\"fi_FI\" \/>\n<meta property=\"og:type\" content=\"article\" \/>\n<meta property=\"og:title\" content=\"9,5 % autokannasta s\u00e4hk\u00f6autoja\" \/>\n<meta property=\"og:description\" content=\"Alkuvuoden notkahduksen j\u00e4lkeen t\u00e4yss\u00e4hk\u00f6autojen kannan kasvu palasi kolmannella nelj\u00e4nneksell\u00e4 l\u00e4hes enn\u00e4tysvuoden 2023 keskiarvon tasolle. T\u00e4yss\u00e4hk\u00f6isen henkil\u00f6autokannan voimakkaan kehityksen my\u00f6t\u00e4 suurteholatauksen kasvanut kysynt\u00e4 kannustaa toimijoita investoimaan kokonaisteholtaan megawattiluokan latauskenttiin. S\u00e4hk\u00f6bussien rekister\u00f6innit enn\u00e4tysvauhdissa. S\u00e4hk\u00f6autokanta oli syyskuun 2024 lopussa 269 624 kpl edustaen 9,5 % koko henkil\u00f6autokannasta Suomessa. Voimakkaimmin s\u00e4hk\u00f6istyneell\u00e4 Uudellamaalla joka kuudes autoilija ajaa s\u00e4hk\u00f6autolla. S\u00e4hk\u00f6autokannan vaatimattominta [&hellip;]\" \/>\n<meta property=\"og:url\" content=\"https:\/\/teknologiateollisuus.fi\/emobility\/95-autokannasta-sahkoautoja\/\" \/>\n<meta property=\"og:site_name\" content=\"S\u00e4hk\u00f6inen liikenne\" \/>\n<meta property=\"article:published_time\" content=\"2024-10-29T11:11:05+00:00\" \/>\n<meta property=\"article:modified_time\" content=\"2024-10-29T11:19:16+00:00\" \/>\n<meta property=\"og:image\" content=\"https:\/\/teknologiateollisuus.fi\/emobility\/wp-content\/uploads\/sites\/9\/2024\/10\/abb_terra_xb_charging_station_with_inverted_pantograph_for_ebus_0.jpg\" \/>\n\t<meta property=\"og:image:width\" content=\"960\" \/>\n\t<meta property=\"og:image:height\" content=\"473\" \/>\n\t<meta property=\"og:image:type\" content=\"image\/jpeg\" \/>\n<meta name=\"author\" content=\"sariln\" \/>\n<meta name=\"twitter:card\" content=\"summary_large_image\" \/>\n<meta name=\"twitter:label1\" content=\"Kirjoittanut\" \/>\n\t<meta name=\"twitter:data1\" content=\"sariln\" \/>\n\t<meta name=\"twitter:label2\" content=\"Arvioitu lukuaika\" \/>\n\t<meta name=\"twitter:data2\" content=\"3 minuuttia\" \/>\n<script type=\"application\/ld+json\" class=\"yoast-schema-graph\">{\"@context\":\"https:\\\/\\\/schema.org\",\"@graph\":[{\"@type\":\"Article\",\"@id\":\"https:\\\/\\\/teknologiateollisuus.fi\\\/emobility\\\/95-autokannasta-sahkoautoja\\\/#article\",\"isPartOf\":{\"@id\":\"https:\\\/\\\/teknologiateollisuus.fi\\\/emobility\\\/95-autokannasta-sahkoautoja\\\/\"},\"author\":{\"name\":\"sariln\",\"@id\":\"https:\\\/\\\/teknologiateollisuus.fi\\\/emobility\\\/#\\\/schema\\\/person\\\/04f1851db172c3cb844eb5ef7013477b\"},\"headline\":\"9,5 % autokannasta s\u00e4hk\u00f6autoja\",\"datePublished\":\"2024-10-29T11:11:05+00:00\",\"dateModified\":\"2024-10-29T11:19:16+00:00\",\"mainEntityOfPage\":{\"@id\":\"https:\\\/\\\/teknologiateollisuus.fi\\\/emobility\\\/95-autokannasta-sahkoautoja\\\/\"},\"wordCount\":428,\"image\":{\"@id\":\"https:\\\/\\\/teknologiateollisuus.fi\\\/emobility\\\/95-autokannasta-sahkoautoja\\\/#primaryimage\"},\"thumbnailUrl\":\"https:\\\/\\\/teknologiateollisuus.fi\\\/emobility\\\/wp-content\\\/uploads\\\/sites\\\/9\\\/2024\\\/10\\\/abb_terra_xb_charging_station_with_inverted_pantograph_for_ebus_0.jpg\",\"articleSection\":[\"Uutinen\"],\"inLanguage\":\"fi\"},{\"@type\":\"WebPage\",\"@id\":\"https:\\\/\\\/teknologiateollisuus.fi\\\/emobility\\\/95-autokannasta-sahkoautoja\\\/\",\"url\":\"https:\\\/\\\/teknologiateollisuus.fi\\\/emobility\\\/95-autokannasta-sahkoautoja\\\/\",\"name\":\"9,5 % autokannasta s\u00e4hk\u00f6autoja - S\u00e4hk\u00f6inen liikenne\",\"isPartOf\":{\"@id\":\"https:\\\/\\\/teknologiateollisuus.fi\\\/emobility\\\/#website\"},\"primaryImageOfPage\":{\"@id\":\"https:\\\/\\\/teknologiateollisuus.fi\\\/emobility\\\/95-autokannasta-sahkoautoja\\\/#primaryimage\"},\"image\":{\"@id\":\"https:\\\/\\\/teknologiateollisuus.fi\\\/emobility\\\/95-autokannasta-sahkoautoja\\\/#primaryimage\"},\"thumbnailUrl\":\"https:\\\/\\\/teknologiateollisuus.fi\\\/emobility\\\/wp-content\\\/uploads\\\/sites\\\/9\\\/2024\\\/10\\\/abb_terra_xb_charging_station_with_inverted_pantograph_for_ebus_0.jpg\",\"datePublished\":\"2024-10-29T11:11:05+00:00\",\"dateModified\":\"2024-10-29T11:19:16+00:00\",\"author\":{\"@id\":\"https:\\\/\\\/teknologiateollisuus.fi\\\/emobility\\\/#\\\/schema\\\/person\\\/04f1851db172c3cb844eb5ef7013477b\"},\"breadcrumb\":{\"@id\":\"https:\\\/\\\/teknologiateollisuus.fi\\\/emobility\\\/95-autokannasta-sahkoautoja\\\/#breadcrumb\"},\"inLanguage\":\"fi\",\"potentialAction\":[{\"@type\":\"ReadAction\",\"target\":[\"https:\\\/\\\/teknologiateollisuus.fi\\\/emobility\\\/95-autokannasta-sahkoautoja\\\/\"]}]},{\"@type\":\"ImageObject\",\"inLanguage\":\"fi\",\"@id\":\"https:\\\/\\\/teknologiateollisuus.fi\\\/emobility\\\/95-autokannasta-sahkoautoja\\\/#primaryimage\",\"url\":\"https:\\\/\\\/teknologiateollisuus.fi\\\/emobility\\\/wp-content\\\/uploads\\\/sites\\\/9\\\/2024\\\/10\\\/abb_terra_xb_charging_station_with_inverted_pantograph_for_ebus_0.jpg\",\"contentUrl\":\"https:\\\/\\\/teknologiateollisuus.fi\\\/emobility\\\/wp-content\\\/uploads\\\/sites\\\/9\\\/2024\\\/10\\\/abb_terra_xb_charging_station_with_inverted_pantograph_for_ebus_0.jpg\",\"width\":960,\"height\":473},{\"@type\":\"BreadcrumbList\",\"@id\":\"https:\\\/\\\/teknologiateollisuus.fi\\\/emobility\\\/95-autokannasta-sahkoautoja\\\/#breadcrumb\",\"itemListElement\":[{\"@type\":\"ListItem\",\"position\":1,\"name\":\"Etusivu\",\"item\":\"https:\\\/\\\/teknologiateollisuus.fi\\\/emobility\\\/\"},{\"@type\":\"ListItem\",\"position\":2,\"name\":\"Ajankohtaista\",\"item\":\"https:\\\/\\\/teknologiateollisuus.fi\\\/emobility\\\/ajankohtaista\\\/\"},{\"@type\":\"ListItem\",\"position\":3,\"name\":\"9,5 % autokannasta s\u00e4hk\u00f6autoja\"}]},{\"@type\":\"WebSite\",\"@id\":\"https:\\\/\\\/teknologiateollisuus.fi\\\/emobility\\\/#website\",\"url\":\"https:\\\/\\\/teknologiateollisuus.fi\\\/emobility\\\/\",\"name\":\"S\u00e4hk\u00f6inen liikenne\",\"description\":\"\",\"potentialAction\":[{\"@type\":\"SearchAction\",\"target\":{\"@type\":\"EntryPoint\",\"urlTemplate\":\"https:\\\/\\\/teknologiateollisuus.fi\\\/emobility\\\/?s={search_term_string}\"},\"query-input\":{\"@type\":\"PropertyValueSpecification\",\"valueRequired\":true,\"valueName\":\"search_term_string\"}}],\"inLanguage\":\"fi\"},{\"@type\":\"Person\",\"@id\":\"https:\\\/\\\/teknologiateollisuus.fi\\\/emobility\\\/#\\\/schema\\\/person\\\/04f1851db172c3cb844eb5ef7013477b\",\"name\":\"sariln\",\"image\":{\"@type\":\"ImageObject\",\"inLanguage\":\"fi\",\"@id\":\"https:\\\/\\\/secure.gravatar.com\\\/avatar\\\/b0d71eb7dd8c2e519cb3b18042527a61bb28fd4626cd030cad6c6477dfef6497?s=96&d=mm&r=g\",\"url\":\"https:\\\/\\\/secure.gravatar.com\\\/avatar\\\/b0d71eb7dd8c2e519cb3b18042527a61bb28fd4626cd030cad6c6477dfef6497?s=96&d=mm&r=g\",\"contentUrl\":\"https:\\\/\\\/secure.gravatar.com\\\/avatar\\\/b0d71eb7dd8c2e519cb3b18042527a61bb28fd4626cd030cad6c6477dfef6497?s=96&d=mm&r=g\",\"caption\":\"sariln\"}}]}<\/script>\n<!-- \/ Yoast SEO Premium plugin. -->","yoast_head_json":{"title":"9,5 % autokannasta s\u00e4hk\u00f6autoja - S\u00e4hk\u00f6inen liikenne","robots":{"index":"index","follow":"follow","max-snippet":"max-snippet:-1","max-image-preview":"max-image-preview:large","max-video-preview":"max-video-preview:-1"},"canonical":"https:\/\/teknologiateollisuus.fi\/emobility\/95-autokannasta-sahkoautoja\/","og_locale":"fi_FI","og_type":"article","og_title":"9,5 % autokannasta s\u00e4hk\u00f6autoja","og_description":"Alkuvuoden notkahduksen j\u00e4lkeen t\u00e4yss\u00e4hk\u00f6autojen kannan kasvu palasi kolmannella nelj\u00e4nneksell\u00e4 l\u00e4hes enn\u00e4tysvuoden 2023 keskiarvon tasolle. T\u00e4yss\u00e4hk\u00f6isen henkil\u00f6autokannan voimakkaan kehityksen my\u00f6t\u00e4 suurteholatauksen kasvanut kysynt\u00e4 kannustaa toimijoita investoimaan kokonaisteholtaan megawattiluokan latauskenttiin. S\u00e4hk\u00f6bussien rekister\u00f6innit enn\u00e4tysvauhdissa. S\u00e4hk\u00f6autokanta oli syyskuun 2024 lopussa 269 624 kpl edustaen 9,5 % koko henkil\u00f6autokannasta Suomessa. Voimakkaimmin s\u00e4hk\u00f6istyneell\u00e4 Uudellamaalla joka kuudes autoilija ajaa s\u00e4hk\u00f6autolla. S\u00e4hk\u00f6autokannan vaatimattominta [&hellip;]","og_url":"https:\/\/teknologiateollisuus.fi\/emobility\/95-autokannasta-sahkoautoja\/","og_site_name":"S\u00e4hk\u00f6inen liikenne","article_published_time":"2024-10-29T11:11:05+00:00","article_modified_time":"2024-10-29T11:19:16+00:00","og_image":[{"width":960,"height":473,"url":"https:\/\/teknologiateollisuus.fi\/emobility\/wp-content\/uploads\/sites\/9\/2024\/10\/abb_terra_xb_charging_station_with_inverted_pantograph_for_ebus_0.jpg","type":"image\/jpeg"}],"author":"sariln","twitter_card":"summary_large_image","twitter_misc":{"Kirjoittanut":"sariln","Arvioitu lukuaika":"3 minuuttia"},"schema":{"@context":"https:\/\/schema.org","@graph":[{"@type":"Article","@id":"https:\/\/teknologiateollisuus.fi\/emobility\/95-autokannasta-sahkoautoja\/#article","isPartOf":{"@id":"https:\/\/teknologiateollisuus.fi\/emobility\/95-autokannasta-sahkoautoja\/"},"author":{"name":"sariln","@id":"https:\/\/teknologiateollisuus.fi\/emobility\/#\/schema\/person\/04f1851db172c3cb844eb5ef7013477b"},"headline":"9,5 % autokannasta s\u00e4hk\u00f6autoja","datePublished":"2024-10-29T11:11:05+00:00","dateModified":"2024-10-29T11:19:16+00:00","mainEntityOfPage":{"@id":"https:\/\/teknologiateollisuus.fi\/emobility\/95-autokannasta-sahkoautoja\/"},"wordCount":428,"image":{"@id":"https:\/\/teknologiateollisuus.fi\/emobility\/95-autokannasta-sahkoautoja\/#primaryimage"},"thumbnailUrl":"https:\/\/teknologiateollisuus.fi\/emobility\/wp-content\/uploads\/sites\/9\/2024\/10\/abb_terra_xb_charging_station_with_inverted_pantograph_for_ebus_0.jpg","articleSection":["Uutinen"],"inLanguage":"fi"},{"@type":"WebPage","@id":"https:\/\/teknologiateollisuus.fi\/emobility\/95-autokannasta-sahkoautoja\/","url":"https:\/\/teknologiateollisuus.fi\/emobility\/95-autokannasta-sahkoautoja\/","name":"9,5 % autokannasta s\u00e4hk\u00f6autoja - S\u00e4hk\u00f6inen liikenne","isPartOf":{"@id":"https:\/\/teknologiateollisuus.fi\/emobility\/#website"},"primaryImageOfPage":{"@id":"https:\/\/teknologiateollisuus.fi\/emobility\/95-autokannasta-sahkoautoja\/#primaryimage"},"image":{"@id":"https:\/\/teknologiateollisuus.fi\/emobility\/95-autokannasta-sahkoautoja\/#primaryimage"},"thumbnailUrl":"https:\/\/teknologiateollisuus.fi\/emobility\/wp-content\/uploads\/sites\/9\/2024\/10\/abb_terra_xb_charging_station_with_inverted_pantograph_for_ebus_0.jpg","datePublished":"2024-10-29T11:11:05+00:00","dateModified":"2024-10-29T11:19:16+00:00","author":{"@id":"https:\/\/teknologiateollisuus.fi\/emobility\/#\/schema\/person\/04f1851db172c3cb844eb5ef7013477b"},"breadcrumb":{"@id":"https:\/\/teknologiateollisuus.fi\/emobility\/95-autokannasta-sahkoautoja\/#breadcrumb"},"inLanguage":"fi","potentialAction":[{"@type":"ReadAction","target":["https:\/\/teknologiateollisuus.fi\/emobility\/95-autokannasta-sahkoautoja\/"]}]},{"@type":"ImageObject","inLanguage":"fi","@id":"https:\/\/teknologiateollisuus.fi\/emobility\/95-autokannasta-sahkoautoja\/#primaryimage","url":"https:\/\/teknologiateollisuus.fi\/emobility\/wp-content\/uploads\/sites\/9\/2024\/10\/abb_terra_xb_charging_station_with_inverted_pantograph_for_ebus_0.jpg","contentUrl":"https:\/\/teknologiateollisuus.fi\/emobility\/wp-content\/uploads\/sites\/9\/2024\/10\/abb_terra_xb_charging_station_with_inverted_pantograph_for_ebus_0.jpg","width":960,"height":473},{"@type":"BreadcrumbList","@id":"https:\/\/teknologiateollisuus.fi\/emobility\/95-autokannasta-sahkoautoja\/#breadcrumb","itemListElement":[{"@type":"ListItem","position":1,"name":"Etusivu","item":"https:\/\/teknologiateollisuus.fi\/emobility\/"},{"@type":"ListItem","position":2,"name":"Ajankohtaista","item":"https:\/\/teknologiateollisuus.fi\/emobility\/ajankohtaista\/"},{"@type":"ListItem","position":3,"name":"9,5 % autokannasta s\u00e4hk\u00f6autoja"}]},{"@type":"WebSite","@id":"https:\/\/teknologiateollisuus.fi\/emobility\/#website","url":"https:\/\/teknologiateollisuus.fi\/emobility\/","name":"S\u00e4hk\u00f6inen liikenne","description":"","potentialAction":[{"@type":"SearchAction","target":{"@type":"EntryPoint","urlTemplate":"https:\/\/teknologiateollisuus.fi\/emobility\/?s={search_term_string}"},"query-input":{"@type":"PropertyValueSpecification","valueRequired":true,"valueName":"search_term_string"}}],"inLanguage":"fi"},{"@type":"Person","@id":"https:\/\/teknologiateollisuus.fi\/emobility\/#\/schema\/person\/04f1851db172c3cb844eb5ef7013477b","name":"sariln","image":{"@type":"ImageObject","inLanguage":"fi","@id":"https:\/\/secure.gravatar.com\/avatar\/b0d71eb7dd8c2e519cb3b18042527a61bb28fd4626cd030cad6c6477dfef6497?s=96&d=mm&r=g","url":"https:\/\/secure.gravatar.com\/avatar\/b0d71eb7dd8c2e519cb3b18042527a61bb28fd4626cd030cad6c6477dfef6497?s=96&d=mm&r=g","contentUrl":"https:\/\/secure.gravatar.com\/avatar\/b0d71eb7dd8c2e519cb3b18042527a61bb28fd4626cd030cad6c6477dfef6497?s=96&d=mm&r=g","caption":"sariln"}}]}},"lang":"fi","translations":{"fi":579},"pll_sync_post":{},"_links":{"self":[{"href":"https:\/\/teknologiateollisuus.fi\/emobility\/wp-json\/wp\/v2\/posts\/579","targetHints":{"allow":["GET"]}}],"collection":[{"href":"https:\/\/teknologiateollisuus.fi\/emobility\/wp-json\/wp\/v2\/posts"}],"about":[{"href":"https:\/\/teknologiateollisuus.fi\/emobility\/wp-json\/wp\/v2\/types\/post"}],"author":[{"embeddable":true,"href":"https:\/\/teknologiateollisuus.fi\/emobility\/wp-json\/wp\/v2\/users\/52"}],"replies":[{"embeddable":true,"href":"https:\/\/teknologiateollisuus.fi\/emobility\/wp-json\/wp\/v2\/comments?post=579"}],"version-history":[{"count":5,"href":"https:\/\/teknologiateollisuus.fi\/emobility\/wp-json\/wp\/v2\/posts\/579\/revisions"}],"predecessor-version":[{"id":586,"href":"https:\/\/teknologiateollisuus.fi\/emobility\/wp-json\/wp\/v2\/posts\/579\/revisions\/586"}],"wp:featuredmedia":[{"embeddable":true,"href":"https:\/\/teknologiateollisuus.fi\/emobility\/wp-json\/wp\/v2\/media\/581"}],"wp:attachment":[{"href":"https:\/\/teknologiateollisuus.fi\/emobility\/wp-json\/wp\/v2\/media?parent=579"}],"wp:term":[{"taxonomy":"category","embeddable":true,"href":"https:\/\/teknologiateollisuus.fi\/emobility\/wp-json\/wp\/v2\/categories?post=579"},{"taxonomy":"post_tag","embeddable":true,"href":"https:\/\/teknologiateollisuus.fi\/emobility\/wp-json\/wp\/v2\/tags?post=579"},{"taxonomy":"em_industry","embeddable":true,"href":"https:\/\/teknologiateollisuus.fi\/emobility\/wp-json\/wp\/v2\/em_industry?post=579"},{"taxonomy":"em_theme","embeddable":true,"href":"https:\/\/teknologiateollisuus.fi\/emobility\/wp-json\/wp\/v2\/em_theme?post=579"}],"curies":[{"name":"wp","href":"https:\/\/api.w.org\/{rel}","templated":true}]}}