{"id":687,"date":"2025-03-14T14:02:50","date_gmt":"2025-03-14T12:02:50","guid":{"rendered":"https:\/\/teknologiateollisuus.fi\/emobility\/?p=687"},"modified":"2025-03-14T14:06:29","modified_gmt":"2025-03-14T12:06:29","slug":"afir-infotilaisuus-10-4-2025","status":"publish","type":"post","link":"https:\/\/teknologiateollisuus.fi\/emobility\/afir-infotilaisuus-10-4-2025\/","title":{"rendered":"AFIR infotilaisuus 10.4.2025"},"content":{"rendered":"\n<p>Tervetuloa AFIRin tietovelvoitteita koskevaan infotilaisuuteen torstaina 10.4. klo 13-15. Tilaisuus on V\u00e4yl\u00e4viraston, Traficomin ja Fintrafficin yhteistilaisuus, joka j\u00e4rjestet\u00e4\u00e4n Teams-kokouksena. Tilaisuus on kaikille avoin ja se tallennetaan. Poimi tilaisuus <a href=\"https:\/\/eur01.safelinks.protection.outlook.com\/?url=https%3A%2F%2Fwww.fintraffic.fi%2Fsites%2Fdefault%2Ffiles%2F2025-03%2FAFIR%2520infotilaisuus%252010.4.2025_0.ics&amp;data=05%7C02%7Csari.lehtonen%40teknologiateollisuus.fi%7C86e39be9c2334fd691d508dd62dafff3%7Cf76946dcd9fc4b0882aadb1d2a9b8ed0%7C0%7C0%7C638775415085771215%7CUnknown%7CTWFpbGZsb3d8eyJFbXB0eU1hcGkiOnRydWUsIlYiOiIwLjAuMDAwMCIsIlAiOiJXaW4zMiIsIkFOIjoiTWFpbCIsIldUIjoyfQ%3D%3D%7C0%7C%7C%7C&amp;sdata=0GC7AD2H2AKHTTKvUEs0jxjgym4%2Ff1SPRM4ar%2Bq1PUM%3D&amp;reserved=0\">kalenteriisi t\u00e4st\u00e4<\/a> ja tule kuuntelemaan. <\/p>\n\n\n\n<h2 class=\"wp-block-heading\" id=\"h-ohjelma\" id=\"ohjelma\">Ohjelma:<\/h2>\n\n\n\n<ul class=\"wp-block-list\">\n<li>AFIRin datavelvoitteet\n<ul class=\"wp-block-list\">\n<li>AFIR yleist\u00e4<\/li>\n\n\n\n<li>toimijoiden velvoitteet tiedontoimittamiseen liittyen<\/li>\n\n\n\n<li>toimitettavat tiedot<\/li>\n\n\n\n<li>m\u00e4\u00e4r\u00e4ajat<\/li>\n<\/ul>\n<\/li>\n\n\n\n<li>Kansallinen ohjeistus\n<ul class=\"wp-block-list\">\n<li>kansallinen toimeenpano<\/li>\n\n\n\n<li>ohjeistus ja tukipalvelut<\/li>\n<\/ul>\n<\/li>\n\n\n\n<li>AFIR-ID:n hakeminen<\/li>\n\n\n\n<li>Valvovan viranomaisen n\u00e4k\u00f6kulma<\/li>\n\n\n\n<li>Kysymykset<\/li>\n\n\n\n<li>Tilaisuuden p\u00e4\u00e4tt\u00e4minen<\/li>\n<\/ul>\n\n\n\n<p>Lis\u00e4tietoja AFIR-kokonaisuudesta:<br>AFI-asetus: <a href=\"https:\/\/eur01.safelinks.protection.outlook.com\/?url=https%3A%2F%2Feur-lex.europa.eu%2Flegal-content%2FFI%2FTXT%2FPDF%2F%3Furi%3DCELEX%3A32023R1804&amp;data=05%7C02%7Csari.lehtonen%40teknologiateollisuus.fi%7C86e39be9c2334fd691d508dd62dafff3%7Cf76946dcd9fc4b0882aadb1d2a9b8ed0%7C0%7C0%7C638775415085787243%7CUnknown%7CTWFpbGZsb3d8eyJFbXB0eU1hcGkiOnRydWUsIlYiOiIwLjAuMDAwMCIsIlAiOiJXaW4zMiIsIkFOIjoiTWFpbCIsIldUIjoyfQ%3D%3D%7C0%7C%7C%7C&amp;sdata=YuzaSB8Ong4fWFI3eleL%2BOz4IpuKIkhjNxZheTljobo%3D&amp;reserved=0\">https:\/\/eur-lex.europa.eu\/legal-content\/FI\/TXT\/PDF\/?uri=CELEX:32023R1804<\/a><br>Traficomin AFIR-sivut:\u00a0 <a href=\"https:\/\/eur01.safelinks.protection.outlook.com\/?url=https%3A%2F%2Ftraficom.fi%2Ffi%2Fliikenne%2Fliikennejarjestelma%2Fvaihtoehtoisten-kayttovoimien-jakeluinfra&amp;data=05%7C02%7Csari.lehtonen%40teknologiateollisuus.fi%7C86e39be9c2334fd691d508dd62dafff3%7Cf76946dcd9fc4b0882aadb1d2a9b8ed0%7C0%7C0%7C638775415085796727%7CUnknown%7CTWFpbGZsb3d8eyJFbXB0eU1hcGkiOnRydWUsIlYiOiIwLjAuMDAwMCIsIlAiOiJXaW4zMiIsIkFOIjoiTWFpbCIsIldUIjoyfQ%3D%3D%7C0%7C%7C%7C&amp;sdata=xCc%2BS0UVbU0EeVzCQ9DfsAkuhmhIh6U8SmKkDWI%2BuZc%3D&amp;reserved=0\" target=\"_blank\" rel=\"noreferrer noopener\">https:\/\/traficom.fi\/fi\/liikenne\/liikennejarjestelma\/vaihtoehtoisten-kayttovoimien-jakeluinfra<\/a><br>Linkki tilaisuuden tallenteeseen lis\u00e4t\u00e4\u00e4n tilaisuuden j\u00e4lkeen osoitteeseen:\u00a0<a href=\"https:\/\/eur01.safelinks.protection.outlook.com\/?url=https%3A%2F%2Ftraficom.fi%2Ffi%2Fafir&amp;data=05%7C02%7Csari.lehtonen%40teknologiateollisuus.fi%7C86e39be9c2334fd691d508dd62dafff3%7Cf76946dcd9fc4b0882aadb1d2a9b8ed0%7C0%7C0%7C638775415085805519%7CUnknown%7CTWFpbGZsb3d8eyJFbXB0eU1hcGkiOnRydWUsIlYiOiIwLjAuMDAwMCIsIlAiOiJXaW4zMiIsIkFOIjoiTWFpbCIsIldUIjoyfQ%3D%3D%7C0%7C%7C%7C&amp;sdata=QK5nce3I71hDVV3Ek2%2ByCTlAK6PGTCdMyD46ZTtkass%3D&amp;reserved=0\" target=\"_blank\" rel=\"noreferrer noopener\">https:\/\/traficom.fi\/fi\/afir<\/a><\/p>\n","protected":false},"excerpt":{"rendered":"<p>Tervetuloa AFIRin tietovelvoitteita koskevaan infotilaisuuteen torstaina 10.4. klo 13-15. Tilaisuus on V\u00e4yl\u00e4viraston, Traficomin ja Fintrafficin yhteistilaisuus, joka j\u00e4rjestet\u00e4\u00e4n Teams-kokouksena. <\/p>\n","protected":false},"author":52,"featured_media":683,"comment_status":"closed","ping_status":"closed","sticky":false,"template":"","format":"standard","meta":{"_acf_changed":false,"_relevanssi_hide_post":"","_relevanssi_hide_content":"","_relevanssi_pin_for_all":"","_relevanssi_pin_keywords":"","_relevanssi_unpin_keywords":"","_relevanssi_related_keywords":"","_relevanssi_related_include_ids":"","_relevanssi_related_exclude_ids":"","_relevanssi_related_no_append":"","_relevanssi_related_not_related":"","_relevanssi_related_posts":"635,551,369,386,415,560","_relevanssi_noindex_reason":"","inline_featured_image":false,"footnotes":""},"categories":[20],"tags":[],"em_industry":[],"em_theme":[],"class_list":["post-687","post","type-post","status-publish","format-standard","has-post-thumbnail","hentry","category-tapahtuma"],"acf":[],"yoast_head":"<!-- This site is optimized with the Yoast SEO Premium plugin v27.1 (Yoast SEO v27.5) - https:\/\/yoast.com\/product\/yoast-seo-premium-wordpress\/ -->\n<title>AFIR infotilaisuus 10.4.2025 - S\u00e4hk\u00f6inen liikenne<\/title>\n<meta name=\"robots\" content=\"index, follow, max-snippet:-1, max-image-preview:large, max-video-preview:-1\" \/>\n<link rel=\"canonical\" href=\"https:\/\/teknologiateollisuus.fi\/emobility\/afir-infotilaisuus-10-4-2025\/\" \/>\n<meta property=\"og:locale\" content=\"fi_FI\" \/>\n<meta property=\"og:type\" content=\"article\" \/>\n<meta property=\"og:title\" content=\"AFIR infotilaisuus 10.4.2025\" \/>\n<meta property=\"og:description\" content=\"Tervetuloa AFIRin tietovelvoitteita koskevaan infotilaisuuteen torstaina 10.4. klo 13-15. Tilaisuus on V\u00e4yl\u00e4viraston, Traficomin ja Fintrafficin yhteistilaisuus, joka j\u00e4rjestet\u00e4\u00e4n Teams-kokouksena.\" \/>\n<meta property=\"og:url\" content=\"https:\/\/teknologiateollisuus.fi\/emobility\/afir-infotilaisuus-10-4-2025\/\" \/>\n<meta property=\"og:site_name\" content=\"S\u00e4hk\u00f6inen liikenne\" \/>\n<meta property=\"article:published_time\" content=\"2025-03-14T12:02:50+00:00\" \/>\n<meta property=\"article:modified_time\" content=\"2025-03-14T12:06:29+00:00\" \/>\n<meta property=\"og:image\" content=\"https:\/\/teknologiateollisuus.fi\/emobility\/wp-content\/uploads\/sites\/9\/2025\/03\/AFIR_infotilaisuuskuva_nettiin.jpg\" \/>\n\t<meta property=\"og:image:width\" content=\"552\" \/>\n\t<meta property=\"og:image:height\" content=\"652\" \/>\n\t<meta property=\"og:image:type\" content=\"image\/jpeg\" \/>\n<meta name=\"author\" content=\"sariln\" \/>\n<meta name=\"twitter:card\" content=\"summary_large_image\" \/>\n<meta name=\"twitter:label1\" content=\"Kirjoittanut\" \/>\n\t<meta name=\"twitter:data1\" content=\"sariln\" \/>\n\t<meta name=\"twitter:label2\" content=\"Arvioitu lukuaika\" \/>\n\t<meta name=\"twitter:data2\" content=\"1 minuutti\" \/>\n<script type=\"application\/ld+json\" class=\"yoast-schema-graph\">{\"@context\":\"https:\\\/\\\/schema.org\",\"@graph\":[{\"@type\":\"Article\",\"@id\":\"https:\\\/\\\/teknologiateollisuus.fi\\\/emobility\\\/afir-infotilaisuus-10-4-2025\\\/#article\",\"isPartOf\":{\"@id\":\"https:\\\/\\\/teknologiateollisuus.fi\\\/emobility\\\/afir-infotilaisuus-10-4-2025\\\/\"},\"author\":{\"name\":\"sariln\",\"@id\":\"https:\\\/\\\/teknologiateollisuus.fi\\\/emobility\\\/#\\\/schema\\\/person\\\/04f1851db172c3cb844eb5ef7013477b\"},\"headline\":\"AFIR infotilaisuus 10.4.2025\",\"datePublished\":\"2025-03-14T12:02:50+00:00\",\"dateModified\":\"2025-03-14T12:06:29+00:00\",\"mainEntityOfPage\":{\"@id\":\"https:\\\/\\\/teknologiateollisuus.fi\\\/emobility\\\/afir-infotilaisuus-10-4-2025\\\/\"},\"wordCount\":112,\"image\":{\"@id\":\"https:\\\/\\\/teknologiateollisuus.fi\\\/emobility\\\/afir-infotilaisuus-10-4-2025\\\/#primaryimage\"},\"thumbnailUrl\":\"https:\\\/\\\/teknologiateollisuus.fi\\\/emobility\\\/wp-content\\\/uploads\\\/sites\\\/9\\\/2025\\\/03\\\/AFIR_infotilaisuuskuva_nettiin.jpg\",\"articleSection\":[\"Tapahtuma\"],\"inLanguage\":\"fi\"},{\"@type\":\"WebPage\",\"@id\":\"https:\\\/\\\/teknologiateollisuus.fi\\\/emobility\\\/afir-infotilaisuus-10-4-2025\\\/\",\"url\":\"https:\\\/\\\/teknologiateollisuus.fi\\\/emobility\\\/afir-infotilaisuus-10-4-2025\\\/\",\"name\":\"AFIR infotilaisuus 10.4.2025 - S\u00e4hk\u00f6inen liikenne\",\"isPartOf\":{\"@id\":\"https:\\\/\\\/teknologiateollisuus.fi\\\/emobility\\\/#website\"},\"primaryImageOfPage\":{\"@id\":\"https:\\\/\\\/teknologiateollisuus.fi\\\/emobility\\\/afir-infotilaisuus-10-4-2025\\\/#primaryimage\"},\"image\":{\"@id\":\"https:\\\/\\\/teknologiateollisuus.fi\\\/emobility\\\/afir-infotilaisuus-10-4-2025\\\/#primaryimage\"},\"thumbnailUrl\":\"https:\\\/\\\/teknologiateollisuus.fi\\\/emobility\\\/wp-content\\\/uploads\\\/sites\\\/9\\\/2025\\\/03\\\/AFIR_infotilaisuuskuva_nettiin.jpg\",\"datePublished\":\"2025-03-14T12:02:50+00:00\",\"dateModified\":\"2025-03-14T12:06:29+00:00\",\"author\":{\"@id\":\"https:\\\/\\\/teknologiateollisuus.fi\\\/emobility\\\/#\\\/schema\\\/person\\\/04f1851db172c3cb844eb5ef7013477b\"},\"breadcrumb\":{\"@id\":\"https:\\\/\\\/teknologiateollisuus.fi\\\/emobility\\\/afir-infotilaisuus-10-4-2025\\\/#breadcrumb\"},\"inLanguage\":\"fi\",\"potentialAction\":[{\"@type\":\"ReadAction\",\"target\":[\"https:\\\/\\\/teknologiateollisuus.fi\\\/emobility\\\/afir-infotilaisuus-10-4-2025\\\/\"]}]},{\"@type\":\"ImageObject\",\"inLanguage\":\"fi\",\"@id\":\"https:\\\/\\\/teknologiateollisuus.fi\\\/emobility\\\/afir-infotilaisuus-10-4-2025\\\/#primaryimage\",\"url\":\"https:\\\/\\\/teknologiateollisuus.fi\\\/emobility\\\/wp-content\\\/uploads\\\/sites\\\/9\\\/2025\\\/03\\\/AFIR_infotilaisuuskuva_nettiin.jpg\",\"contentUrl\":\"https:\\\/\\\/teknologiateollisuus.fi\\\/emobility\\\/wp-content\\\/uploads\\\/sites\\\/9\\\/2025\\\/03\\\/AFIR_infotilaisuuskuva_nettiin.jpg\",\"width\":552,\"height\":652},{\"@type\":\"BreadcrumbList\",\"@id\":\"https:\\\/\\\/teknologiateollisuus.fi\\\/emobility\\\/afir-infotilaisuus-10-4-2025\\\/#breadcrumb\",\"itemListElement\":[{\"@type\":\"ListItem\",\"position\":1,\"name\":\"Etusivu\",\"item\":\"https:\\\/\\\/teknologiateollisuus.fi\\\/emobility\\\/\"},{\"@type\":\"ListItem\",\"position\":2,\"name\":\"Ajankohtaista\",\"item\":\"https:\\\/\\\/teknologiateollisuus.fi\\\/emobility\\\/ajankohtaista\\\/\"},{\"@type\":\"ListItem\",\"position\":3,\"name\":\"AFIR infotilaisuus 10.4.2025\"}]},{\"@type\":\"WebSite\",\"@id\":\"https:\\\/\\\/teknologiateollisuus.fi\\\/emobility\\\/#website\",\"url\":\"https:\\\/\\\/teknologiateollisuus.fi\\\/emobility\\\/\",\"name\":\"S\u00e4hk\u00f6inen liikenne\",\"description\":\"\",\"potentialAction\":[{\"@type\":\"SearchAction\",\"target\":{\"@type\":\"EntryPoint\",\"urlTemplate\":\"https:\\\/\\\/teknologiateollisuus.fi\\\/emobility\\\/?s={search_term_string}\"},\"query-input\":{\"@type\":\"PropertyValueSpecification\",\"valueRequired\":true,\"valueName\":\"search_term_string\"}}],\"inLanguage\":\"fi\"},{\"@type\":\"Person\",\"@id\":\"https:\\\/\\\/teknologiateollisuus.fi\\\/emobility\\\/#\\\/schema\\\/person\\\/04f1851db172c3cb844eb5ef7013477b\",\"name\":\"sariln\",\"image\":{\"@type\":\"ImageObject\",\"inLanguage\":\"fi\",\"@id\":\"https:\\\/\\\/secure.gravatar.com\\\/avatar\\\/b0d71eb7dd8c2e519cb3b18042527a61bb28fd4626cd030cad6c6477dfef6497?s=96&d=mm&r=g\",\"url\":\"https:\\\/\\\/secure.gravatar.com\\\/avatar\\\/b0d71eb7dd8c2e519cb3b18042527a61bb28fd4626cd030cad6c6477dfef6497?s=96&d=mm&r=g\",\"contentUrl\":\"https:\\\/\\\/secure.gravatar.com\\\/avatar\\\/b0d71eb7dd8c2e519cb3b18042527a61bb28fd4626cd030cad6c6477dfef6497?s=96&d=mm&r=g\",\"caption\":\"sariln\"}}]}<\/script>\n<!-- \/ Yoast SEO Premium plugin. -->","yoast_head_json":{"title":"AFIR infotilaisuus 10.4.2025 - S\u00e4hk\u00f6inen liikenne","robots":{"index":"index","follow":"follow","max-snippet":"max-snippet:-1","max-image-preview":"max-image-preview:large","max-video-preview":"max-video-preview:-1"},"canonical":"https:\/\/teknologiateollisuus.fi\/emobility\/afir-infotilaisuus-10-4-2025\/","og_locale":"fi_FI","og_type":"article","og_title":"AFIR infotilaisuus 10.4.2025","og_description":"Tervetuloa AFIRin tietovelvoitteita koskevaan infotilaisuuteen torstaina 10.4. klo 13-15. Tilaisuus on V\u00e4yl\u00e4viraston, Traficomin ja Fintrafficin yhteistilaisuus, joka j\u00e4rjestet\u00e4\u00e4n Teams-kokouksena.","og_url":"https:\/\/teknologiateollisuus.fi\/emobility\/afir-infotilaisuus-10-4-2025\/","og_site_name":"S\u00e4hk\u00f6inen liikenne","article_published_time":"2025-03-14T12:02:50+00:00","article_modified_time":"2025-03-14T12:06:29+00:00","og_image":[{"width":552,"height":652,"url":"https:\/\/teknologiateollisuus.fi\/emobility\/wp-content\/uploads\/sites\/9\/2025\/03\/AFIR_infotilaisuuskuva_nettiin.jpg","type":"image\/jpeg"}],"author":"sariln","twitter_card":"summary_large_image","twitter_misc":{"Kirjoittanut":"sariln","Arvioitu lukuaika":"1 minuutti"},"schema":{"@context":"https:\/\/schema.org","@graph":[{"@type":"Article","@id":"https:\/\/teknologiateollisuus.fi\/emobility\/afir-infotilaisuus-10-4-2025\/#article","isPartOf":{"@id":"https:\/\/teknologiateollisuus.fi\/emobility\/afir-infotilaisuus-10-4-2025\/"},"author":{"name":"sariln","@id":"https:\/\/teknologiateollisuus.fi\/emobility\/#\/schema\/person\/04f1851db172c3cb844eb5ef7013477b"},"headline":"AFIR infotilaisuus 10.4.2025","datePublished":"2025-03-14T12:02:50+00:00","dateModified":"2025-03-14T12:06:29+00:00","mainEntityOfPage":{"@id":"https:\/\/teknologiateollisuus.fi\/emobility\/afir-infotilaisuus-10-4-2025\/"},"wordCount":112,"image":{"@id":"https:\/\/teknologiateollisuus.fi\/emobility\/afir-infotilaisuus-10-4-2025\/#primaryimage"},"thumbnailUrl":"https:\/\/teknologiateollisuus.fi\/emobility\/wp-content\/uploads\/sites\/9\/2025\/03\/AFIR_infotilaisuuskuva_nettiin.jpg","articleSection":["Tapahtuma"],"inLanguage":"fi"},{"@type":"WebPage","@id":"https:\/\/teknologiateollisuus.fi\/emobility\/afir-infotilaisuus-10-4-2025\/","url":"https:\/\/teknologiateollisuus.fi\/emobility\/afir-infotilaisuus-10-4-2025\/","name":"AFIR infotilaisuus 10.4.2025 - S\u00e4hk\u00f6inen liikenne","isPartOf":{"@id":"https:\/\/teknologiateollisuus.fi\/emobility\/#website"},"primaryImageOfPage":{"@id":"https:\/\/teknologiateollisuus.fi\/emobility\/afir-infotilaisuus-10-4-2025\/#primaryimage"},"image":{"@id":"https:\/\/teknologiateollisuus.fi\/emobility\/afir-infotilaisuus-10-4-2025\/#primaryimage"},"thumbnailUrl":"https:\/\/teknologiateollisuus.fi\/emobility\/wp-content\/uploads\/sites\/9\/2025\/03\/AFIR_infotilaisuuskuva_nettiin.jpg","datePublished":"2025-03-14T12:02:50+00:00","dateModified":"2025-03-14T12:06:29+00:00","author":{"@id":"https:\/\/teknologiateollisuus.fi\/emobility\/#\/schema\/person\/04f1851db172c3cb844eb5ef7013477b"},"breadcrumb":{"@id":"https:\/\/teknologiateollisuus.fi\/emobility\/afir-infotilaisuus-10-4-2025\/#breadcrumb"},"inLanguage":"fi","potentialAction":[{"@type":"ReadAction","target":["https:\/\/teknologiateollisuus.fi\/emobility\/afir-infotilaisuus-10-4-2025\/"]}]},{"@type":"ImageObject","inLanguage":"fi","@id":"https:\/\/teknologiateollisuus.fi\/emobility\/afir-infotilaisuus-10-4-2025\/#primaryimage","url":"https:\/\/teknologiateollisuus.fi\/emobility\/wp-content\/uploads\/sites\/9\/2025\/03\/AFIR_infotilaisuuskuva_nettiin.jpg","contentUrl":"https:\/\/teknologiateollisuus.fi\/emobility\/wp-content\/uploads\/sites\/9\/2025\/03\/AFIR_infotilaisuuskuva_nettiin.jpg","width":552,"height":652},{"@type":"BreadcrumbList","@id":"https:\/\/teknologiateollisuus.fi\/emobility\/afir-infotilaisuus-10-4-2025\/#breadcrumb","itemListElement":[{"@type":"ListItem","position":1,"name":"Etusivu","item":"https:\/\/teknologiateollisuus.fi\/emobility\/"},{"@type":"ListItem","position":2,"name":"Ajankohtaista","item":"https:\/\/teknologiateollisuus.fi\/emobility\/ajankohtaista\/"},{"@type":"ListItem","position":3,"name":"AFIR infotilaisuus 10.4.2025"}]},{"@type":"WebSite","@id":"https:\/\/teknologiateollisuus.fi\/emobility\/#website","url":"https:\/\/teknologiateollisuus.fi\/emobility\/","name":"S\u00e4hk\u00f6inen liikenne","description":"","potentialAction":[{"@type":"SearchAction","target":{"@type":"EntryPoint","urlTemplate":"https:\/\/teknologiateollisuus.fi\/emobility\/?s={search_term_string}"},"query-input":{"@type":"PropertyValueSpecification","valueRequired":true,"valueName":"search_term_string"}}],"inLanguage":"fi"},{"@type":"Person","@id":"https:\/\/teknologiateollisuus.fi\/emobility\/#\/schema\/person\/04f1851db172c3cb844eb5ef7013477b","name":"sariln","image":{"@type":"ImageObject","inLanguage":"fi","@id":"https:\/\/secure.gravatar.com\/avatar\/b0d71eb7dd8c2e519cb3b18042527a61bb28fd4626cd030cad6c6477dfef6497?s=96&d=mm&r=g","url":"https:\/\/secure.gravatar.com\/avatar\/b0d71eb7dd8c2e519cb3b18042527a61bb28fd4626cd030cad6c6477dfef6497?s=96&d=mm&r=g","contentUrl":"https:\/\/secure.gravatar.com\/avatar\/b0d71eb7dd8c2e519cb3b18042527a61bb28fd4626cd030cad6c6477dfef6497?s=96&d=mm&r=g","caption":"sariln"}}]}},"lang":"fi","translations":{"fi":687},"pll_sync_post":{},"_links":{"self":[{"href":"https:\/\/teknologiateollisuus.fi\/emobility\/wp-json\/wp\/v2\/posts\/687","targetHints":{"allow":["GET"]}}],"collection":[{"href":"https:\/\/teknologiateollisuus.fi\/emobility\/wp-json\/wp\/v2\/posts"}],"about":[{"href":"https:\/\/teknologiateollisuus.fi\/emobility\/wp-json\/wp\/v2\/types\/post"}],"author":[{"embeddable":true,"href":"https:\/\/teknologiateollisuus.fi\/emobility\/wp-json\/wp\/v2\/users\/52"}],"replies":[{"embeddable":true,"href":"https:\/\/teknologiateollisuus.fi\/emobility\/wp-json\/wp\/v2\/comments?post=687"}],"version-history":[{"count":3,"href":"https:\/\/teknologiateollisuus.fi\/emobility\/wp-json\/wp\/v2\/posts\/687\/revisions"}],"predecessor-version":[{"id":690,"href":"https:\/\/teknologiateollisuus.fi\/emobility\/wp-json\/wp\/v2\/posts\/687\/revisions\/690"}],"wp:featuredmedia":[{"embeddable":true,"href":"https:\/\/teknologiateollisuus.fi\/emobility\/wp-json\/wp\/v2\/media\/683"}],"wp:attachment":[{"href":"https:\/\/teknologiateollisuus.fi\/emobility\/wp-json\/wp\/v2\/media?parent=687"}],"wp:term":[{"taxonomy":"category","embeddable":true,"href":"https:\/\/teknologiateollisuus.fi\/emobility\/wp-json\/wp\/v2\/categories?post=687"},{"taxonomy":"post_tag","embeddable":true,"href":"https:\/\/teknologiateollisuus.fi\/emobility\/wp-json\/wp\/v2\/tags?post=687"},{"taxonomy":"em_industry","embeddable":true,"href":"https:\/\/teknologiateollisuus.fi\/emobility\/wp-json\/wp\/v2\/em_industry?post=687"},{"taxonomy":"em_theme","embeddable":true,"href":"https:\/\/teknologiateollisuus.fi\/emobility\/wp-json\/wp\/v2\/em_theme?post=687"}],"curies":[{"name":"wp","href":"https:\/\/api.w.org\/{rel}","templated":true}]}}