{"id":880,"date":"2026-04-28T11:30:56","date_gmt":"2026-04-28T08:30:56","guid":{"rendered":"https:\/\/teknologiateollisuus.fi\/emobility\/?p=880"},"modified":"2026-04-28T11:40:51","modified_gmt":"2026-04-28T08:40:51","slug":"tayssahkojen-ensirekisteroinnit-suomessa-43-vuonna-2026","status":"publish","type":"post","link":"https:\/\/teknologiateollisuus.fi\/emobility\/tayssahkojen-ensirekisteroinnit-suomessa-43-vuonna-2026\/","title":{"rendered":"T\u00e4yss\u00e4hk\u00f6jen ensirekister\u00f6innit Suomessa +43 % vuonna 2026"},"content":{"rendered":"\n<p>Alkuvuonna 2026 t\u00e4yss\u00e4hk\u00f6autokanta kasvoi enn\u00e4tyksellisesti +13 029 autolla. Vuoden aikana kasvua kertyi +48 947 autoa. Q1\/2026 lopussa liikenteess\u00e4 oli 177\u202f734 t\u00e4yss\u00e4hk\u00f6autoa, joiden osuus ladattavista henkil\u00f6autoista oli 48\u202f%.<\/p>\n\n\n\n<p>Maaliskuun lopussa ladattavien henkil\u00f6autojen m\u00e4\u00e4r\u00e4 oli 367 363 ja niiden osuus koko autokannasta oli 13,6 prosenttia.<\/p>\n\n\n\n<p>Kasvava kiinnostus t\u00e4yss\u00e4hk\u00f6autoiluun n\u00e4kyy sek\u00e4 uusien henkil\u00f6autojen ensirekister\u00f6inneiss\u00e4 ett\u00e4 k\u00e4ytettyn\u00e4 maahantuoduissa ajoneuvoissa. Autokannan uusiutumisesta jo 51\u202f% on t\u00e4yss\u00e4hk\u00f6isi\u00e4. T\u00e4yss\u00e4hk\u00f6autot vastaavat yh\u00e4 paremmin arjen tarpeisiin: pidentyneet toimintamatkat ja latausnopeuden kasvu mahdollistavat sujuvamman s\u00e4hk\u00f6autoilun.<\/p>\n\n\n\n<p>S\u00e4hk\u00f6autojen yleistyminen etenee vauhdilla koko Euroopassa. E\u2011Mobility Europen huhtikuun tiedotteen mukaan t\u00e4yss\u00e4hk\u00f6isten henkil\u00f6autojen rekister\u00f6innit kasvoivat maaliskuussa 51\u202f% edellisvuoteen verrattuna, kun 15 keskeisell\u00e4 EU\u2011markkinalla rekister\u00f6itiin yhteens\u00e4 yli 242\u202f000 uutta t\u00e4yss\u00e4hk\u00f6ist\u00e4 henkil\u00f6autoa.<\/p>\n\n\n\n<p>Geopoliittinen ep\u00e4varmuus ja fossiilisten polttoaineiden voimakkaat hintavaihtelut heikent\u00e4v\u00e4t talouden kasvua ja heijastuvat suoraan p\u00e4\u00e4osin fossiilista polttoainetta k\u00e4ytt\u00e4viin kuljetuksiin, logistiikkaan ja liikkumiseen.<\/p>\n\n\n\n<p>Suomella on poikkeuksellisen hyv\u00e4t edellytykset hillit\u00e4 fossiilisten polttoaineiden hintashokkien vaikutuksia vahvistamalla liikenteen s\u00e4hk\u00f6istymist\u00e4: edullinen, puhdas ja kotimainen s\u00e4hk\u00f6 tarjoaa kest\u00e4v\u00e4n ja kilpailukykyisen ratkaisun my\u00f6s raskaampaan liikenteeseen.<\/p>\n\n\n\n<p>Kiihtyv\u00e4 s\u00e4hk\u00f6isen ajoneuvokannan kasvu, kattava latausinfrastruktuuri ja energiaj\u00e4rjestelm\u00e4n integraatio tukevat Suomen talouskasvua, parantavat huoltovarmuutta ja edist\u00e4v\u00e4t ilmastotavoitteiden saavuttamista.<\/p>\n\n\n\n<p>Keskipitk\u00e4n aikav\u00e4lin ilmastosuunnitelmassa on useita tarpeellisia toimenpiteit\u00e4, joiden toteutuminen edellytt\u00e4\u00e4 rahoituksen turvaamista, mukaan lukien EU:n sosiaalisesta ilmastorahastosta haettava osuus.<\/p>\n\n\n\n<p>On v\u00e4ltt\u00e4m\u00e4t\u00f6nt\u00e4, ett\u00e4 raskaan liikenteen s\u00e4hk\u00f6istymisen alkuvaiheen riskej\u00e4 kohtuullistetaan ja rahoituksen saatavuutta parannetaan. M\u00e4\u00e4r\u00e4aikaisilla ja tarkoituksenmukaisesti kohdennetuilla toimilla saadaan kalustoinvestointeja nopeammin liikkeelle. Kuljetuskustannukset alenevat, p\u00e4\u00e4st\u00f6t v\u00e4henev\u00e4t tehokkaasti ja kilpailukyky vahvistuu siell\u00e4, miss\u00e4 hy\u00f6dyt ovat suurimmat.<\/p>\n\n\n\n<p>Raskaan ammattiliikenteen s\u00e4hk\u00f6istyminen edellytt\u00e4\u00e4 ennakoivaa julkisen suurteho\u2011 ja megawattiluokan latausinfrastruktuurin rakentamista keskeisille kuljetusreiteille. Oikein mitoitetut kannusteet, n\u00e4kym\u00e4t latauskysynn\u00e4n kasvusta, riitt\u00e4v\u00e4 s\u00e4hk\u00f6n saatavuus lataus-asemille sek\u00e4 lupa-asioiden sujuvoittaminen ovat keskeisi\u00e4 investointeja kiihdytt\u00e4vi\u00e4 tekij\u00f6it\u00e4.<\/p>\n\n\n\n<p>Laajentamalla ammattiliikenteen puolijulkinen latauss\u00e4hk\u00f6 terminaaleissa ja varikoilla osaksi jakeluvelvoitetta, luodaan kustannustehokas kannustin latausinfrastruktuuri-investoinneille juuri siell\u00e4, miss\u00e4 lataukselle on ensivaiheessa suuri tarve.<\/p>\n\n\n\n<p>Tampereen yliopiston selvityksen mukaan s\u00e4hk\u00f6istyminen alentaa kuorma-autoilun kustannuksia merkitt\u00e4v\u00e4sti, ja henkil\u00f6autoilun s\u00e4hk\u00f6istyminen vahvistaa vaikutusta v\u00e4lillisesti kevent\u00e4m\u00e4ll\u00e4 jakeluvelvoitteen kustannuspainetta.<\/p>\n\n\n\n<div class=\"wp-block-buttons is-layout-flex wp-block-buttons-is-layout-flex\">\n<div class=\"wp-block-button  icon-right\"><a class=\"wp-block-button__link wp-element-button\" href=\"https:\/\/teknologiateollisuus.fi\/emobility\/wp-content\/uploads\/sites\/9\/2026\/04\/2026-Q1-SahkoinenLiikenne-tilannekatsaus-2026-04-28-jaettava.pdf\">Lue lis\u00e4\u00e4 tilannekatsauksesta Q1\/2026<\/a><\/div>\n<\/div>\n\n\n\n<div class=\"wp-block-scb-columns scb-columns  has-mobile-behavior--stacked em-pattern-event-contacts\">\n\n<div class=\"wp-block-scb-column scb-column\">\n\n<h2 class=\"wp-block-heading\" id=\"lisatietoja\">Lis\u00e4tietoja<\/h2>\n\n\n<\/div>\n\n<\/div>\n","protected":false},"excerpt":{"rendered":"<p>Alkuvuonna 2026 t\u00e4yss\u00e4hk\u00f6autokanta kasvoi enn\u00e4tyksellisesti +13 029 autolla. Vuoden aikana kasvua kertyi +48 947 autoa. Q1\/2026 lopussa liikenteess\u00e4 oli 177\u202f734 t\u00e4yss\u00e4hk\u00f6autoa, joiden osuus ladattavista henkil\u00f6autoista oli 48\u202f%. Maaliskuun lopussa ladattavien henkil\u00f6autojen m\u00e4\u00e4r\u00e4 oli 367 363 ja niiden osuus koko autokannasta oli 13,6 prosenttia. Kasvava kiinnostus t\u00e4yss\u00e4hk\u00f6autoiluun n\u00e4kyy sek\u00e4 uusien henkil\u00f6autojen ensirekister\u00f6inneiss\u00e4 ett\u00e4 k\u00e4ytettyn\u00e4 maahantuoduissa ajoneuvoissa. [&hellip;]<\/p>\n","protected":false},"author":52,"featured_media":725,"comment_status":"closed","ping_status":"closed","sticky":false,"template":"","format":"standard","meta":{"_acf_changed":false,"_relevanssi_hide_post":"","_relevanssi_hide_content":"","_relevanssi_pin_for_all":"","_relevanssi_pin_keywords":"","_relevanssi_unpin_keywords":"","_relevanssi_related_keywords":"","_relevanssi_related_include_ids":"","_relevanssi_related_exclude_ids":"","_relevanssi_related_no_append":"","_relevanssi_related_not_related":"","_relevanssi_related_posts":"357,847,560,806,556,786","_relevanssi_noindex_reason":"","inline_featured_image":false,"footnotes":""},"categories":[14],"tags":[],"em_industry":[],"em_theme":[],"class_list":["post-880","post","type-post","status-publish","format-standard","has-post-thumbnail","hentry","category-uutinen"],"acf":[],"yoast_head":"<!-- This site is optimized with the Yoast SEO Premium plugin v27.1 (Yoast SEO v27.4) - https:\/\/yoast.com\/product\/yoast-seo-premium-wordpress\/ -->\n<title>T\u00e4yss\u00e4hk\u00f6jen ensirekister\u00f6innit Suomessa +43 % vuonna 2026 - S\u00e4hk\u00f6inen liikenne<\/title>\n<meta name=\"robots\" content=\"index, follow, max-snippet:-1, max-image-preview:large, max-video-preview:-1\" \/>\n<link rel=\"canonical\" href=\"https:\/\/teknologiateollisuus.fi\/emobility\/tayssahkojen-ensirekisteroinnit-suomessa-43-vuonna-2026\/\" \/>\n<meta property=\"og:locale\" content=\"fi_FI\" \/>\n<meta property=\"og:type\" content=\"article\" \/>\n<meta property=\"og:title\" content=\"T\u00e4yss\u00e4hk\u00f6jen ensirekister\u00f6innit Suomessa +43 % vuonna 2026\" \/>\n<meta property=\"og:description\" content=\"Alkuvuonna 2026 t\u00e4yss\u00e4hk\u00f6autokanta kasvoi enn\u00e4tyksellisesti +13 029 autolla. Vuoden aikana kasvua kertyi +48 947 autoa. Q1\/2026 lopussa liikenteess\u00e4 oli 177\u202f734 t\u00e4yss\u00e4hk\u00f6autoa, joiden osuus ladattavista henkil\u00f6autoista oli 48\u202f%. Maaliskuun lopussa ladattavien henkil\u00f6autojen m\u00e4\u00e4r\u00e4 oli 367 363 ja niiden osuus koko autokannasta oli 13,6 prosenttia. Kasvava kiinnostus t\u00e4yss\u00e4hk\u00f6autoiluun n\u00e4kyy sek\u00e4 uusien henkil\u00f6autojen ensirekister\u00f6inneiss\u00e4 ett\u00e4 k\u00e4ytettyn\u00e4 maahantuoduissa ajoneuvoissa. [&hellip;]\" \/>\n<meta property=\"og:url\" content=\"https:\/\/teknologiateollisuus.fi\/emobility\/tayssahkojen-ensirekisteroinnit-suomessa-43-vuonna-2026\/\" \/>\n<meta property=\"og:site_name\" content=\"S\u00e4hk\u00f6inen liikenne\" \/>\n<meta property=\"article:published_time\" content=\"2026-04-28T08:30:56+00:00\" \/>\n<meta property=\"article:modified_time\" content=\"2026-04-28T08:40:51+00:00\" \/>\n<meta property=\"og:image\" content=\"https:\/\/teknologiateollisuus.fi\/emobility\/wp-content\/uploads\/sites\/9\/2025\/04\/Pienitiedosto_Sahk_liikenne_8402.jpeg\" \/>\n\t<meta property=\"og:image:width\" content=\"1044\" \/>\n\t<meta property=\"og:image:height\" content=\"696\" \/>\n\t<meta property=\"og:image:type\" content=\"image\/jpeg\" \/>\n<meta name=\"author\" content=\"sariln\" \/>\n<meta name=\"twitter:card\" content=\"summary_large_image\" \/>\n<meta name=\"twitter:label1\" content=\"Kirjoittanut\" \/>\n\t<meta name=\"twitter:data1\" content=\"sariln\" \/>\n\t<meta name=\"twitter:label2\" content=\"Arvioitu lukuaika\" \/>\n\t<meta name=\"twitter:data2\" content=\"3 minuuttia\" \/>\n<script type=\"application\/ld+json\" class=\"yoast-schema-graph\">{\"@context\":\"https:\\\/\\\/schema.org\",\"@graph\":[{\"@type\":\"Article\",\"@id\":\"https:\\\/\\\/teknologiateollisuus.fi\\\/emobility\\\/tayssahkojen-ensirekisteroinnit-suomessa-43-vuonna-2026\\\/#article\",\"isPartOf\":{\"@id\":\"https:\\\/\\\/teknologiateollisuus.fi\\\/emobility\\\/tayssahkojen-ensirekisteroinnit-suomessa-43-vuonna-2026\\\/\"},\"author\":{\"name\":\"sariln\",\"@id\":\"https:\\\/\\\/teknologiateollisuus.fi\\\/emobility\\\/#\\\/schema\\\/person\\\/04f1851db172c3cb844eb5ef7013477b\"},\"headline\":\"T\u00e4yss\u00e4hk\u00f6jen ensirekister\u00f6innit Suomessa +43 % vuonna 2026\",\"datePublished\":\"2026-04-28T08:30:56+00:00\",\"dateModified\":\"2026-04-28T08:40:51+00:00\",\"mainEntityOfPage\":{\"@id\":\"https:\\\/\\\/teknologiateollisuus.fi\\\/emobility\\\/tayssahkojen-ensirekisteroinnit-suomessa-43-vuonna-2026\\\/\"},\"wordCount\":389,\"image\":{\"@id\":\"https:\\\/\\\/teknologiateollisuus.fi\\\/emobility\\\/tayssahkojen-ensirekisteroinnit-suomessa-43-vuonna-2026\\\/#primaryimage\"},\"thumbnailUrl\":\"https:\\\/\\\/teknologiateollisuus.fi\\\/emobility\\\/wp-content\\\/uploads\\\/sites\\\/9\\\/2025\\\/04\\\/Pienitiedosto_Sahk_liikenne_8402.jpeg\",\"articleSection\":[\"Uutinen\"],\"inLanguage\":\"fi\"},{\"@type\":\"WebPage\",\"@id\":\"https:\\\/\\\/teknologiateollisuus.fi\\\/emobility\\\/tayssahkojen-ensirekisteroinnit-suomessa-43-vuonna-2026\\\/\",\"url\":\"https:\\\/\\\/teknologiateollisuus.fi\\\/emobility\\\/tayssahkojen-ensirekisteroinnit-suomessa-43-vuonna-2026\\\/\",\"name\":\"T\u00e4yss\u00e4hk\u00f6jen ensirekister\u00f6innit Suomessa +43 % vuonna 2026 - S\u00e4hk\u00f6inen liikenne\",\"isPartOf\":{\"@id\":\"https:\\\/\\\/teknologiateollisuus.fi\\\/emobility\\\/#website\"},\"primaryImageOfPage\":{\"@id\":\"https:\\\/\\\/teknologiateollisuus.fi\\\/emobility\\\/tayssahkojen-ensirekisteroinnit-suomessa-43-vuonna-2026\\\/#primaryimage\"},\"image\":{\"@id\":\"https:\\\/\\\/teknologiateollisuus.fi\\\/emobility\\\/tayssahkojen-ensirekisteroinnit-suomessa-43-vuonna-2026\\\/#primaryimage\"},\"thumbnailUrl\":\"https:\\\/\\\/teknologiateollisuus.fi\\\/emobility\\\/wp-content\\\/uploads\\\/sites\\\/9\\\/2025\\\/04\\\/Pienitiedosto_Sahk_liikenne_8402.jpeg\",\"datePublished\":\"2026-04-28T08:30:56+00:00\",\"dateModified\":\"2026-04-28T08:40:51+00:00\",\"author\":{\"@id\":\"https:\\\/\\\/teknologiateollisuus.fi\\\/emobility\\\/#\\\/schema\\\/person\\\/04f1851db172c3cb844eb5ef7013477b\"},\"breadcrumb\":{\"@id\":\"https:\\\/\\\/teknologiateollisuus.fi\\\/emobility\\\/tayssahkojen-ensirekisteroinnit-suomessa-43-vuonna-2026\\\/#breadcrumb\"},\"inLanguage\":\"fi\",\"potentialAction\":[{\"@type\":\"ReadAction\",\"target\":[\"https:\\\/\\\/teknologiateollisuus.fi\\\/emobility\\\/tayssahkojen-ensirekisteroinnit-suomessa-43-vuonna-2026\\\/\"]}]},{\"@type\":\"ImageObject\",\"inLanguage\":\"fi\",\"@id\":\"https:\\\/\\\/teknologiateollisuus.fi\\\/emobility\\\/tayssahkojen-ensirekisteroinnit-suomessa-43-vuonna-2026\\\/#primaryimage\",\"url\":\"https:\\\/\\\/teknologiateollisuus.fi\\\/emobility\\\/wp-content\\\/uploads\\\/sites\\\/9\\\/2025\\\/04\\\/Pienitiedosto_Sahk_liikenne_8402.jpeg\",\"contentUrl\":\"https:\\\/\\\/teknologiateollisuus.fi\\\/emobility\\\/wp-content\\\/uploads\\\/sites\\\/9\\\/2025\\\/04\\\/Pienitiedosto_Sahk_liikenne_8402.jpeg\",\"width\":1044,\"height\":696,\"caption\":\"S\u00e4hk\u00f6inen liikenne\"},{\"@type\":\"BreadcrumbList\",\"@id\":\"https:\\\/\\\/teknologiateollisuus.fi\\\/emobility\\\/tayssahkojen-ensirekisteroinnit-suomessa-43-vuonna-2026\\\/#breadcrumb\",\"itemListElement\":[{\"@type\":\"ListItem\",\"position\":1,\"name\":\"Etusivu\",\"item\":\"https:\\\/\\\/teknologiateollisuus.fi\\\/emobility\\\/\"},{\"@type\":\"ListItem\",\"position\":2,\"name\":\"Ajankohtaista\",\"item\":\"https:\\\/\\\/teknologiateollisuus.fi\\\/emobility\\\/ajankohtaista\\\/\"},{\"@type\":\"ListItem\",\"position\":3,\"name\":\"T\u00e4yss\u00e4hk\u00f6jen ensirekister\u00f6innit Suomessa +43 % vuonna 2026\"}]},{\"@type\":\"WebSite\",\"@id\":\"https:\\\/\\\/teknologiateollisuus.fi\\\/emobility\\\/#website\",\"url\":\"https:\\\/\\\/teknologiateollisuus.fi\\\/emobility\\\/\",\"name\":\"S\u00e4hk\u00f6inen liikenne\",\"description\":\"\",\"potentialAction\":[{\"@type\":\"SearchAction\",\"target\":{\"@type\":\"EntryPoint\",\"urlTemplate\":\"https:\\\/\\\/teknologiateollisuus.fi\\\/emobility\\\/?s={search_term_string}\"},\"query-input\":{\"@type\":\"PropertyValueSpecification\",\"valueRequired\":true,\"valueName\":\"search_term_string\"}}],\"inLanguage\":\"fi\"},{\"@type\":\"Person\",\"@id\":\"https:\\\/\\\/teknologiateollisuus.fi\\\/emobility\\\/#\\\/schema\\\/person\\\/04f1851db172c3cb844eb5ef7013477b\",\"name\":\"sariln\",\"image\":{\"@type\":\"ImageObject\",\"inLanguage\":\"fi\",\"@id\":\"https:\\\/\\\/secure.gravatar.com\\\/avatar\\\/b0d71eb7dd8c2e519cb3b18042527a61bb28fd4626cd030cad6c6477dfef6497?s=96&d=mm&r=g\",\"url\":\"https:\\\/\\\/secure.gravatar.com\\\/avatar\\\/b0d71eb7dd8c2e519cb3b18042527a61bb28fd4626cd030cad6c6477dfef6497?s=96&d=mm&r=g\",\"contentUrl\":\"https:\\\/\\\/secure.gravatar.com\\\/avatar\\\/b0d71eb7dd8c2e519cb3b18042527a61bb28fd4626cd030cad6c6477dfef6497?s=96&d=mm&r=g\",\"caption\":\"sariln\"}}]}<\/script>\n<!-- \/ Yoast SEO Premium plugin. -->","yoast_head_json":{"title":"T\u00e4yss\u00e4hk\u00f6jen ensirekister\u00f6innit Suomessa +43 % vuonna 2026 - S\u00e4hk\u00f6inen liikenne","robots":{"index":"index","follow":"follow","max-snippet":"max-snippet:-1","max-image-preview":"max-image-preview:large","max-video-preview":"max-video-preview:-1"},"canonical":"https:\/\/teknologiateollisuus.fi\/emobility\/tayssahkojen-ensirekisteroinnit-suomessa-43-vuonna-2026\/","og_locale":"fi_FI","og_type":"article","og_title":"T\u00e4yss\u00e4hk\u00f6jen ensirekister\u00f6innit Suomessa +43 % vuonna 2026","og_description":"Alkuvuonna 2026 t\u00e4yss\u00e4hk\u00f6autokanta kasvoi enn\u00e4tyksellisesti +13 029 autolla. Vuoden aikana kasvua kertyi +48 947 autoa. Q1\/2026 lopussa liikenteess\u00e4 oli 177\u202f734 t\u00e4yss\u00e4hk\u00f6autoa, joiden osuus ladattavista henkil\u00f6autoista oli 48\u202f%. Maaliskuun lopussa ladattavien henkil\u00f6autojen m\u00e4\u00e4r\u00e4 oli 367 363 ja niiden osuus koko autokannasta oli 13,6 prosenttia. Kasvava kiinnostus t\u00e4yss\u00e4hk\u00f6autoiluun n\u00e4kyy sek\u00e4 uusien henkil\u00f6autojen ensirekister\u00f6inneiss\u00e4 ett\u00e4 k\u00e4ytettyn\u00e4 maahantuoduissa ajoneuvoissa. [&hellip;]","og_url":"https:\/\/teknologiateollisuus.fi\/emobility\/tayssahkojen-ensirekisteroinnit-suomessa-43-vuonna-2026\/","og_site_name":"S\u00e4hk\u00f6inen liikenne","article_published_time":"2026-04-28T08:30:56+00:00","article_modified_time":"2026-04-28T08:40:51+00:00","og_image":[{"width":1044,"height":696,"url":"https:\/\/teknologiateollisuus.fi\/emobility\/wp-content\/uploads\/sites\/9\/2025\/04\/Pienitiedosto_Sahk_liikenne_8402.jpeg","type":"image\/jpeg"}],"author":"sariln","twitter_card":"summary_large_image","twitter_misc":{"Kirjoittanut":"sariln","Arvioitu lukuaika":"3 minuuttia"},"schema":{"@context":"https:\/\/schema.org","@graph":[{"@type":"Article","@id":"https:\/\/teknologiateollisuus.fi\/emobility\/tayssahkojen-ensirekisteroinnit-suomessa-43-vuonna-2026\/#article","isPartOf":{"@id":"https:\/\/teknologiateollisuus.fi\/emobility\/tayssahkojen-ensirekisteroinnit-suomessa-43-vuonna-2026\/"},"author":{"name":"sariln","@id":"https:\/\/teknologiateollisuus.fi\/emobility\/#\/schema\/person\/04f1851db172c3cb844eb5ef7013477b"},"headline":"T\u00e4yss\u00e4hk\u00f6jen ensirekister\u00f6innit Suomessa +43 % vuonna 2026","datePublished":"2026-04-28T08:30:56+00:00","dateModified":"2026-04-28T08:40:51+00:00","mainEntityOfPage":{"@id":"https:\/\/teknologiateollisuus.fi\/emobility\/tayssahkojen-ensirekisteroinnit-suomessa-43-vuonna-2026\/"},"wordCount":389,"image":{"@id":"https:\/\/teknologiateollisuus.fi\/emobility\/tayssahkojen-ensirekisteroinnit-suomessa-43-vuonna-2026\/#primaryimage"},"thumbnailUrl":"https:\/\/teknologiateollisuus.fi\/emobility\/wp-content\/uploads\/sites\/9\/2025\/04\/Pienitiedosto_Sahk_liikenne_8402.jpeg","articleSection":["Uutinen"],"inLanguage":"fi"},{"@type":"WebPage","@id":"https:\/\/teknologiateollisuus.fi\/emobility\/tayssahkojen-ensirekisteroinnit-suomessa-43-vuonna-2026\/","url":"https:\/\/teknologiateollisuus.fi\/emobility\/tayssahkojen-ensirekisteroinnit-suomessa-43-vuonna-2026\/","name":"T\u00e4yss\u00e4hk\u00f6jen ensirekister\u00f6innit Suomessa +43 % vuonna 2026 - S\u00e4hk\u00f6inen liikenne","isPartOf":{"@id":"https:\/\/teknologiateollisuus.fi\/emobility\/#website"},"primaryImageOfPage":{"@id":"https:\/\/teknologiateollisuus.fi\/emobility\/tayssahkojen-ensirekisteroinnit-suomessa-43-vuonna-2026\/#primaryimage"},"image":{"@id":"https:\/\/teknologiateollisuus.fi\/emobility\/tayssahkojen-ensirekisteroinnit-suomessa-43-vuonna-2026\/#primaryimage"},"thumbnailUrl":"https:\/\/teknologiateollisuus.fi\/emobility\/wp-content\/uploads\/sites\/9\/2025\/04\/Pienitiedosto_Sahk_liikenne_8402.jpeg","datePublished":"2026-04-28T08:30:56+00:00","dateModified":"2026-04-28T08:40:51+00:00","author":{"@id":"https:\/\/teknologiateollisuus.fi\/emobility\/#\/schema\/person\/04f1851db172c3cb844eb5ef7013477b"},"breadcrumb":{"@id":"https:\/\/teknologiateollisuus.fi\/emobility\/tayssahkojen-ensirekisteroinnit-suomessa-43-vuonna-2026\/#breadcrumb"},"inLanguage":"fi","potentialAction":[{"@type":"ReadAction","target":["https:\/\/teknologiateollisuus.fi\/emobility\/tayssahkojen-ensirekisteroinnit-suomessa-43-vuonna-2026\/"]}]},{"@type":"ImageObject","inLanguage":"fi","@id":"https:\/\/teknologiateollisuus.fi\/emobility\/tayssahkojen-ensirekisteroinnit-suomessa-43-vuonna-2026\/#primaryimage","url":"https:\/\/teknologiateollisuus.fi\/emobility\/wp-content\/uploads\/sites\/9\/2025\/04\/Pienitiedosto_Sahk_liikenne_8402.jpeg","contentUrl":"https:\/\/teknologiateollisuus.fi\/emobility\/wp-content\/uploads\/sites\/9\/2025\/04\/Pienitiedosto_Sahk_liikenne_8402.jpeg","width":1044,"height":696,"caption":"S\u00e4hk\u00f6inen liikenne"},{"@type":"BreadcrumbList","@id":"https:\/\/teknologiateollisuus.fi\/emobility\/tayssahkojen-ensirekisteroinnit-suomessa-43-vuonna-2026\/#breadcrumb","itemListElement":[{"@type":"ListItem","position":1,"name":"Etusivu","item":"https:\/\/teknologiateollisuus.fi\/emobility\/"},{"@type":"ListItem","position":2,"name":"Ajankohtaista","item":"https:\/\/teknologiateollisuus.fi\/emobility\/ajankohtaista\/"},{"@type":"ListItem","position":3,"name":"T\u00e4yss\u00e4hk\u00f6jen ensirekister\u00f6innit Suomessa +43 % vuonna 2026"}]},{"@type":"WebSite","@id":"https:\/\/teknologiateollisuus.fi\/emobility\/#website","url":"https:\/\/teknologiateollisuus.fi\/emobility\/","name":"S\u00e4hk\u00f6inen liikenne","description":"","potentialAction":[{"@type":"SearchAction","target":{"@type":"EntryPoint","urlTemplate":"https:\/\/teknologiateollisuus.fi\/emobility\/?s={search_term_string}"},"query-input":{"@type":"PropertyValueSpecification","valueRequired":true,"valueName":"search_term_string"}}],"inLanguage":"fi"},{"@type":"Person","@id":"https:\/\/teknologiateollisuus.fi\/emobility\/#\/schema\/person\/04f1851db172c3cb844eb5ef7013477b","name":"sariln","image":{"@type":"ImageObject","inLanguage":"fi","@id":"https:\/\/secure.gravatar.com\/avatar\/b0d71eb7dd8c2e519cb3b18042527a61bb28fd4626cd030cad6c6477dfef6497?s=96&d=mm&r=g","url":"https:\/\/secure.gravatar.com\/avatar\/b0d71eb7dd8c2e519cb3b18042527a61bb28fd4626cd030cad6c6477dfef6497?s=96&d=mm&r=g","contentUrl":"https:\/\/secure.gravatar.com\/avatar\/b0d71eb7dd8c2e519cb3b18042527a61bb28fd4626cd030cad6c6477dfef6497?s=96&d=mm&r=g","caption":"sariln"}}]}},"lang":"fi","translations":{"fi":880},"pll_sync_post":[],"_links":{"self":[{"href":"https:\/\/teknologiateollisuus.fi\/emobility\/wp-json\/wp\/v2\/posts\/880","targetHints":{"allow":["GET"]}}],"collection":[{"href":"https:\/\/teknologiateollisuus.fi\/emobility\/wp-json\/wp\/v2\/posts"}],"about":[{"href":"https:\/\/teknologiateollisuus.fi\/emobility\/wp-json\/wp\/v2\/types\/post"}],"author":[{"embeddable":true,"href":"https:\/\/teknologiateollisuus.fi\/emobility\/wp-json\/wp\/v2\/users\/52"}],"replies":[{"embeddable":true,"href":"https:\/\/teknologiateollisuus.fi\/emobility\/wp-json\/wp\/v2\/comments?post=880"}],"version-history":[{"count":5,"href":"https:\/\/teknologiateollisuus.fi\/emobility\/wp-json\/wp\/v2\/posts\/880\/revisions"}],"predecessor-version":[{"id":887,"href":"https:\/\/teknologiateollisuus.fi\/emobility\/wp-json\/wp\/v2\/posts\/880\/revisions\/887"}],"wp:featuredmedia":[{"embeddable":true,"href":"https:\/\/teknologiateollisuus.fi\/emobility\/wp-json\/wp\/v2\/media\/725"}],"wp:attachment":[{"href":"https:\/\/teknologiateollisuus.fi\/emobility\/wp-json\/wp\/v2\/media?parent=880"}],"wp:term":[{"taxonomy":"category","embeddable":true,"href":"https:\/\/teknologiateollisuus.fi\/emobility\/wp-json\/wp\/v2\/categories?post=880"},{"taxonomy":"post_tag","embeddable":true,"href":"https:\/\/teknologiateollisuus.fi\/emobility\/wp-json\/wp\/v2\/tags?post=880"},{"taxonomy":"em_industry","embeddable":true,"href":"https:\/\/teknologiateollisuus.fi\/emobility\/wp-json\/wp\/v2\/em_industry?post=880"},{"taxonomy":"em_theme","embeddable":true,"href":"https:\/\/teknologiateollisuus.fi\/emobility\/wp-json\/wp\/v2\/em_theme?post=880"}],"curies":[{"name":"wp","href":"https:\/\/api.w.org\/{rel}","templated":true}]}}