{"id":893,"date":"2026-08-31T09:22:49","date_gmt":"2026-08-31T06:22:49","guid":{"rendered":"https:\/\/teknologiateollisuus.fi\/emobility\/?p=893"},"modified":"2026-08-31T09:47:58","modified_gmt":"2026-08-31T06:47:58","slug":"tayssahkoautojen-maara-kasvaa-ennatysvauhtia","status":"publish","type":"post","link":"https:\/\/teknologiateollisuus.fi\/emobility\/tayssahkoautojen-maara-kasvaa-ennatysvauhtia\/","title":{"rendered":"T\u00e4yss\u00e4hk\u00f6autojen m\u00e4\u00e4r\u00e4 kasvaa enn\u00e4tysvauhtia"},"content":{"rendered":"\n<p>Vaikka uusien henkil\u00f6autojen rekister\u00f6innit ovat historiallisen alhaisella tasolla, t\u00e4yss\u00e4hk\u00f6autojen m\u00e4\u00e4r\u00e4 liikenteess\u00e4 kasvaa enn\u00e4tysvauhtia. Huhti-kes\u00e4kuussa t\u00e4yss\u00e4hk\u00f6autokanta kasvoi per\u00e4ti 15 253 autolla. Kuluttajien tietoisuus s\u00e4hk\u00f6autoilun hy\u00f6dyist\u00e4 on kasvanut.<\/p>\n\n\n\n<p>Kes\u00e4kuun lopussa teill\u00e4mme liikkui 192\u202f987 t\u00e4yss\u00e4hk\u00f6autoa, joiden osuus ladattavista henkil\u00f6autoista nousi ensimm\u00e4ist\u00e4 kertaa yli 50 prosenttiin. Ladattavien henkil\u00f6autojen m\u00e4\u00e4r\u00e4 yhteens\u00e4 oli 385 460 ja niiden osuus koko henkil\u00f6autokannasta 13,9 prosenttia.<\/p>\n\n\n\n<p>Kaupunkibussien s\u00e4hk\u00f6istyminen jatkuu vahvana. S\u00e4hk\u00f6isten pakettiautojen kanta on kasvanut vuodessa 39 % ja s\u00e4hk\u00f6kuorma-autojen 52 %. Fossiilisten polttoaineiden hinnanvaihtelut, \u00f6ljymarkkinoiden ep\u00e4varmuus ja tieliikenteen p\u00e4\u00e4st\u00f6kauppa n\u00e4kyv\u00e4t viiveell\u00e4 raskaan ammattiliikenteen s\u00e4hk\u00f6ist\u00e4misess\u00e4.<\/p>\n\n\n\n<h2 class=\"wp-block-heading\" id=\"h-kilpailukykyinen-sahko-on-kasvun-moottori\" id=\"kilpailukykyinen-sahko-on-kasvun-moottori\">Kilpailukykyinen s\u00e4hk\u00f6 on kasvun moottori<\/h2>\n\n\n\n<p>T\u00e4yss\u00e4hk\u00f6autojen nopea yleistyminen v\u00e4hent\u00e4\u00e4 kustannustehokkaasti tarvetta sek\u00e4 jakeluvelvoitteen kirist\u00e4miseen ett\u00e4 liikenteen p\u00e4\u00e4st\u00f6kaupan p\u00e4\u00e4st\u00f6oikeuksien hankintaan, mik\u00e4 hy\u00f6dytt\u00e4\u00e4 kaikkia tieliikenteen k\u00e4ytt\u00e4ji\u00e4 kustannusten pysyess\u00e4 maltillisempina.<\/p>\n\n\n\n<p>Euroopan komissio nostaa hein\u00e4kuussa 2026 julkaistussa s\u00e4hk\u00f6ist\u00e4missuunnitelmassaan liikenteen s\u00e4hk\u00f6istymisen keskeiseksi keinoksi vahvistaa EU:n kilpailukyky\u00e4, energiatehokkuutta ja energiaomavaraisuutta sek\u00e4 v\u00e4hent\u00e4\u00e4 riippuvuutta fossiilisista polttoaineista.<\/p>\n\n\n\n<p>Suomessa kilpailukykyinen s\u00e4hk\u00f6 on talouskasvun moottori. S\u00e4hk\u00f6n kysynn\u00e4n arvioidaan kasvavan Suomessa voimakkaasti l\u00e4hivuosina, mik\u00e4 haastaa s\u00e4hk\u00f6verkon kyvyn siirt\u00e4\u00e4 energiaa tuotannosta kulutukseen.<\/p>\n\n\n\n<p>S\u00e4hk\u00f6autokanta muodostaa merkitt\u00e4v\u00e4n hajautetun joustoresurssin, mik\u00e4 auttaa hy\u00f6dynt\u00e4m\u00e4\u00e4n uusiutuvaa s\u00e4hk\u00f6\u00e4 tehokkaammin sek\u00e4 parantaa s\u00e4hk\u00f6verkon tehokkuutta. Euroopassa tarvitaan markkinan kasvua tukevat yhteiset pelis\u00e4\u00e4nn\u00f6t kaksisuuntaiselle lataukselle, jonka yleistyminen vahvistaa s\u00e4hk\u00f6isen liikenteen roolia osana \u00e4lyk\u00e4st\u00e4 ja joustavaa energiaj\u00e4rjestelm\u00e4\u00e4.<\/p>\n\n\n\n<h2 class=\"wp-block-heading\" id=\"h-kasvupolku-tayssahkoisen-ammattiliikenteen-edistamiseen\" id=\"kasvupolku-tayssahkoisen-ammattiliikenteen-edistamiseen\">Kasvupolku t\u00e4yss\u00e4hk\u00f6isen ammattiliikenteen edist\u00e4miseen<\/h2>\n\n\n\n<p>Suomessa raskaamman ammattiliikenteen k\u00e4ytt\u00f6voimamurros etenee Ruotsia selv\u00e4sti hitaammin, mik\u00e4 korostaa tarvetta vahvistaa s\u00e4hk\u00f6isen raskaan liikenteen investointiedellytyksi\u00e4 Suomessa.<\/p>\n\n\n\n<p>Suomeen on t\u00e4rke\u00e4 luoda kilpailukyky\u00e4 vahvistava ja hallittu kasvupolku t\u00e4yss\u00e4hk\u00f6iseen ammattiliikenteeseen mahdollistavalla ja kannustavalla toimenpidekokonaisuudella. Kuljetusyrityksille suunnatut, riskej\u00e4 madaltavat investointituet ja rahoitusmallit mahdollistavat siirtymisen s\u00e4hk\u00f6iseen kalustoon.<\/p>\n\n\n\n<p>Kehitt\u00e4m\u00e4ll\u00e4 kustannustehokkaita latauspalveluja toimijat omalta osaltaan pyrkiv\u00e4t madaltamaan kuljetusyritysten kynnyst\u00e4 siirty\u00e4 s\u00e4hk\u00f6iseen kalustoon. On kuitenkin t\u00e4rke\u00e4\u00e4, ett\u00e4 lataustoimijoiden edellytyksi\u00e4 rakentaa ennakoivasti suurteho- ja megawattitehoista latausinfrastruktuuria raskaalle ammattiliikenteelle parannetaan kohtuullistamalla investointiriskej\u00e4.<\/p>\n\n\n\n<p>Sis\u00e4llytt\u00e4m\u00e4ll\u00e4 terminaalien ja varikoiden puolijulkinen uusiutuva latauss\u00e4hk\u00f6 jakeluvelvoitteeseen luodaan kustannustehokas kannustin latausinvestoinneille.<\/p>\n\n\n\n<p>T\u00e4yss\u00e4hk\u00f6isten kuorma-autojen ja henkil\u00f6autojen hankinnan tukeminen sosiaalisen ilmastorahaston kautta lievent\u00e4\u00e4 tehokkaasti liikenteen p\u00e4\u00e4st\u00f6kaupan vaikutuksia kotitalouksille ja mikroyrityksille.<\/p>\n\n\n\n<p>Jotta s\u00e4hk\u00f6inen liikkuminen olisi aidosti saavutettavissa pienituloisille kotitaloukselle ja haavoittuville mikroyrityksille, tukij\u00e4rjestelm\u00e4ss\u00e4 on t\u00e4rke\u00e4 huomioida ajoneuvohankintojen lis\u00e4ksi my\u00f6s latauslaite sek\u00e4 tukea t\u00e4ydent\u00e4v\u00e4n rahoituksen kohtuuhintaisuus.<\/p>\n\n\n\n<div class=\"wp-block-buttons is-layout-flex wp-block-buttons-is-layout-flex\">\n<div class=\"wp-block-button  icon-right\"><a class=\"wp-block-button__link wp-element-button\" href=\"https:\/\/teknologiateollisuus.fi\/emobility\/wp-content\/uploads\/sites\/9\/2026\/08\/2026-Q2-SahkoinenLiikenne-tilannekatsaus-2026-08-31-jaettava.pdf\">S\u00e4hk\u00f6isen liikenteen tilannekatsaus 31.8.2026 (pdf)<\/a><\/div>\n<\/div>\n\n\n\n<div class=\"wp-block-scb-columns scb-columns  has-mobile-behavior--stacked has-auto-fit em-pattern-event-contacts\">\n<div class=\"wp-block-scb-column scb-column is-scale-cover\">\n<h2 class=\"wp-block-heading\" id=\"h-lisatietoja\" id=\"lisatietoja\">Lis\u00e4tietoja<\/h2>\n\n\n\n<article class=\"em-block-contact-card is-style-list\">\n\n\t<div class=\"em-block-contact-card__image\">\n\t\t\t\t\t<img loading=\"lazy\" decoding=\"async\" width=\"300\" height=\"400\" src=\"https:\/\/teknologiateollisuus.fi\/emobility\/wp-content\/uploads\/sites\/9\/2024\/09\/Heikki_Karsimus_netti.png\" class=\"attachment-portrait size-portrait\" alt=\"\" \/>\t\t\t<\/div>\n\t<div class=\"em-block-contact-card__content-wrapper\">\n\t\t<div class=\"em-block-contact-card__content\">\n\t\t\t\t\t\t<h3 class=\"em-block-contact-card__title\"><a target=\"_self\" href=\"https:\/\/teknologiateollisuus.fi\/emobility\/contacts\/heikki-karsimus\/\">Heikki Karsimus<\/a><\/h3>\n\t\t\t\t\t\t\t<span class=\"em-block-contact-card__job_title\">Toimitusjohtaja<\/span>\n\t\t\t\t\t\t<span class=\"em-block-contact-card__organisation\">S\u00e4hk\u00f6inen liikenne ry<\/span>\n\t\t<\/div>\n\t\t<div class=\"em-block-contact-card__content\">\n\t\t\t\t\t\t<address class=\"em-block-contact-card__contact-details\">\n\t\t\t\t<span class=\"em-block-contact-card__phone\">\n\t\t\t\t\t<a href=\"tel:+358 40 564 9020\">+358 40 564 9020<\/a>\n\t\t\t\t<\/span>\n\t\t\t\t<span class=\"em-block-contact-card__email\">\n\t\t\t\t\t<a href=\"mailto:heikki.karsimus@teknologiateollisuus.fi\">heikki.karsimus@teknologiateollisuus.fi<\/a>\n\t\t\t\t<\/span>\n\t\t\t<\/address>\n\t\t\t\t\t<\/div>\n\t<\/div>\n\n<\/article>\n<\/div>\n<\/div>\n","protected":false},"excerpt":{"rendered":"<p>T\u00e4yss\u00e4hk\u00f6autojen lukum\u00e4\u00e4r\u00e4 liikenteess\u00e4 kasvoi 15 253 autolla huhti-kes\u00e4kuussa ja oli ensimm\u00e4ist\u00e4 kertaa suurempi kuin ladattavien hybridien kokonaism\u00e4\u00e4r\u00e4. S\u00e4hk\u00f6n kysynn\u00e4n ennustetaan kasvavan voimakkaasti l\u00e4hivuosina, mik\u00e4 haastaa s\u00e4hk\u00f6verkon kyvyn siirt\u00e4\u00e4 s\u00e4hk\u00f6\u00e4 riitt\u00e4v\u00e4sti.<\/p>\n","protected":false},"author":8,"featured_media":412,"comment_status":"closed","ping_status":"closed","sticky":false,"template":"","format":"standard","meta":{"_acf_changed":false,"_relevanssi_hide_post":"","_relevanssi_hide_content":"","_relevanssi_pin_for_all":"","_relevanssi_pin_keywords":"","_relevanssi_unpin_keywords":"","_relevanssi_related_keywords":"","_relevanssi_related_include_ids":"","_relevanssi_related_exclude_ids":"","_relevanssi_related_no_append":"","_relevanssi_related_not_related":"","_relevanssi_related_posts":"551,691,854,417,786,415","_relevanssi_noindex_reason":"","inline_featured_image":false,"footnotes":""},"categories":[14],"tags":[],"em_industry":[],"em_theme":[],"class_list":["post-893","post","type-post","status-publish","format-standard","has-post-thumbnail","hentry","category-uutinen"],"acf":{"contacts":""},"yoast_head":"<!-- This site is optimized with the Yoast SEO Premium plugin v28.2 (Yoast SEO v28.4) - https:\/\/yoast.com\/product\/yoast-seo-premium-wordpress\/ -->\n<title>T\u00e4yss\u00e4hk\u00f6autojen m\u00e4\u00e4r\u00e4 kasvaa enn\u00e4tysvauhtia - S\u00e4hk\u00f6inen liikenne<\/title>\n<meta name=\"robots\" content=\"index, follow, max-snippet:-1, max-image-preview:large, max-video-preview:-1\" \/>\n<link rel=\"canonical\" href=\"https:\/\/teknologiateollisuus.fi\/emobility\/tayssahkoautojen-maara-kasvaa-ennatysvauhtia\/\" \/>\n<meta property=\"og:locale\" content=\"fi_FI\" \/>\n<meta property=\"og:type\" content=\"article\" \/>\n<meta property=\"og:title\" content=\"T\u00e4yss\u00e4hk\u00f6autojen m\u00e4\u00e4r\u00e4 kasvaa enn\u00e4tysvauhtia\" \/>\n<meta property=\"og:description\" content=\"T\u00e4yss\u00e4hk\u00f6autojen lukum\u00e4\u00e4r\u00e4 liikenteess\u00e4 kasvoi 15 253 autolla huhti-kes\u00e4kuussa ja oli ensimm\u00e4ist\u00e4 kertaa suurempi kuin ladattavien hybridien kokonaism\u00e4\u00e4r\u00e4. S\u00e4hk\u00f6n kysynn\u00e4n ennustetaan kasvavan voimakkaasti l\u00e4hivuosina, mik\u00e4 haastaa s\u00e4hk\u00f6verkon kyvyn siirt\u00e4\u00e4 s\u00e4hk\u00f6\u00e4 riitt\u00e4v\u00e4sti.\" \/>\n<meta property=\"og:url\" content=\"https:\/\/teknologiateollisuus.fi\/emobility\/tayssahkoautojen-maara-kasvaa-ennatysvauhtia\/\" \/>\n<meta property=\"og:site_name\" content=\"S\u00e4hk\u00f6inen liikenne\" \/>\n<meta property=\"article:published_time\" content=\"2026-08-31T06:22:49+00:00\" \/>\n<meta property=\"article:modified_time\" content=\"2026-08-31T06:47:58+00:00\" \/>\n<meta property=\"og:image\" content=\"https:\/\/teknologiateollisuus.fi\/emobility\/wp-content\/uploads\/sites\/9\/2024\/09\/9364-scaled.jpg\" \/>\n\t<meta property=\"og:image:width\" content=\"2560\" \/>\n\t<meta property=\"og:image:height\" content=\"1707\" \/>\n\t<meta property=\"og:image:type\" content=\"image\/jpeg\" \/>\n<meta name=\"author\" content=\"Antton Lounasheimo\" \/>\n<meta name=\"twitter:card\" content=\"summary_large_image\" \/>\n<meta name=\"twitter:label1\" content=\"Kirjoittanut\" \/>\n\t<meta name=\"twitter:data1\" content=\"Antton Lounasheimo\" \/>\n\t<meta name=\"twitter:label2\" content=\"Arvioitu lukuaika\" \/>\n\t<meta name=\"twitter:data2\" content=\"3 minuuttia\" \/>\n<script type=\"application\/ld+json\" class=\"yoast-schema-graph\">{\"@context\":\"https:\\\/\\\/schema.org\",\"@graph\":[{\"@type\":\"Article\",\"@id\":\"https:\\\/\\\/teknologiateollisuus.fi\\\/emobility\\\/tayssahkoautojen-maara-kasvaa-ennatysvauhtia\\\/#article\",\"isPartOf\":{\"@id\":\"https:\\\/\\\/teknologiateollisuus.fi\\\/emobility\\\/tayssahkoautojen-maara-kasvaa-ennatysvauhtia\\\/\"},\"author\":{\"name\":\"Antton Lounasheimo\",\"@id\":\"https:\\\/\\\/teknologiateollisuus.fi\\\/emobility\\\/#\\\/schema\\\/person\\\/a7d35310aac3cb4d8d8d5786f8299948\"},\"headline\":\"T\u00e4yss\u00e4hk\u00f6autojen m\u00e4\u00e4r\u00e4 kasvaa enn\u00e4tysvauhtia\",\"datePublished\":\"2026-08-31T06:22:49+00:00\",\"dateModified\":\"2026-08-31T06:47:58+00:00\",\"mainEntityOfPage\":{\"@id\":\"https:\\\/\\\/teknologiateollisuus.fi\\\/emobility\\\/tayssahkoautojen-maara-kasvaa-ennatysvauhtia\\\/\"},\"wordCount\":449,\"image\":{\"@id\":\"https:\\\/\\\/teknologiateollisuus.fi\\\/emobility\\\/tayssahkoautojen-maara-kasvaa-ennatysvauhtia\\\/#primaryimage\"},\"thumbnailUrl\":\"https:\\\/\\\/teknologiateollisuus.fi\\\/emobility\\\/wp-content\\\/uploads\\\/sites\\\/9\\\/2024\\\/09\\\/9364-scaled.jpg\",\"articleSection\":[\"Uutinen\"],\"inLanguage\":\"fi\"},{\"@type\":\"WebPage\",\"@id\":\"https:\\\/\\\/teknologiateollisuus.fi\\\/emobility\\\/tayssahkoautojen-maara-kasvaa-ennatysvauhtia\\\/\",\"url\":\"https:\\\/\\\/teknologiateollisuus.fi\\\/emobility\\\/tayssahkoautojen-maara-kasvaa-ennatysvauhtia\\\/\",\"name\":\"T\u00e4yss\u00e4hk\u00f6autojen m\u00e4\u00e4r\u00e4 kasvaa enn\u00e4tysvauhtia - S\u00e4hk\u00f6inen liikenne\",\"isPartOf\":{\"@id\":\"https:\\\/\\\/teknologiateollisuus.fi\\\/emobility\\\/#website\"},\"primaryImageOfPage\":{\"@id\":\"https:\\\/\\\/teknologiateollisuus.fi\\\/emobility\\\/tayssahkoautojen-maara-kasvaa-ennatysvauhtia\\\/#primaryimage\"},\"image\":{\"@id\":\"https:\\\/\\\/teknologiateollisuus.fi\\\/emobility\\\/tayssahkoautojen-maara-kasvaa-ennatysvauhtia\\\/#primaryimage\"},\"thumbnailUrl\":\"https:\\\/\\\/teknologiateollisuus.fi\\\/emobility\\\/wp-content\\\/uploads\\\/sites\\\/9\\\/2024\\\/09\\\/9364-scaled.jpg\",\"datePublished\":\"2026-08-31T06:22:49+00:00\",\"dateModified\":\"2026-08-31T06:47:58+00:00\",\"author\":{\"@id\":\"https:\\\/\\\/teknologiateollisuus.fi\\\/emobility\\\/#\\\/schema\\\/person\\\/a7d35310aac3cb4d8d8d5786f8299948\"},\"breadcrumb\":{\"@id\":\"https:\\\/\\\/teknologiateollisuus.fi\\\/emobility\\\/tayssahkoautojen-maara-kasvaa-ennatysvauhtia\\\/#breadcrumb\"},\"inLanguage\":\"fi\",\"potentialAction\":[{\"@type\":\"ReadAction\",\"target\":[\"https:\\\/\\\/teknologiateollisuus.fi\\\/emobility\\\/tayssahkoautojen-maara-kasvaa-ennatysvauhtia\\\/\"]}]},{\"@type\":\"ImageObject\",\"inLanguage\":\"fi\",\"@id\":\"https:\\\/\\\/teknologiateollisuus.fi\\\/emobility\\\/tayssahkoautojen-maara-kasvaa-ennatysvauhtia\\\/#primaryimage\",\"url\":\"https:\\\/\\\/teknologiateollisuus.fi\\\/emobility\\\/wp-content\\\/uploads\\\/sites\\\/9\\\/2024\\\/09\\\/9364-scaled.jpg\",\"contentUrl\":\"https:\\\/\\\/teknologiateollisuus.fi\\\/emobility\\\/wp-content\\\/uploads\\\/sites\\\/9\\\/2024\\\/09\\\/9364-scaled.jpg\",\"width\":2560,\"height\":1707,\"caption\":\"S\u00e4hk\u00f6auto L\u00e4hde Ensto\"},{\"@type\":\"BreadcrumbList\",\"@id\":\"https:\\\/\\\/teknologiateollisuus.fi\\\/emobility\\\/tayssahkoautojen-maara-kasvaa-ennatysvauhtia\\\/#breadcrumb\",\"itemListElement\":[{\"@type\":\"ListItem\",\"position\":1,\"name\":\"Etusivu\",\"item\":\"https:\\\/\\\/teknologiateollisuus.fi\\\/emobility\\\/\"},{\"@type\":\"ListItem\",\"position\":2,\"name\":\"Ajankohtaista\",\"item\":\"https:\\\/\\\/teknologiateollisuus.fi\\\/emobility\\\/ajankohtaista\\\/\"},{\"@type\":\"ListItem\",\"position\":3,\"name\":\"T\u00e4yss\u00e4hk\u00f6autojen m\u00e4\u00e4r\u00e4 kasvaa enn\u00e4tysvauhtia\"}]},{\"@type\":\"WebSite\",\"@id\":\"https:\\\/\\\/teknologiateollisuus.fi\\\/emobility\\\/#website\",\"url\":\"https:\\\/\\\/teknologiateollisuus.fi\\\/emobility\\\/\",\"name\":\"S\u00e4hk\u00f6inen liikenne\",\"description\":\"\",\"potentialAction\":[{\"@type\":\"SearchAction\",\"target\":{\"@type\":\"EntryPoint\",\"urlTemplate\":\"https:\\\/\\\/teknologiateollisuus.fi\\\/emobility\\\/?s={search_term_string}\"},\"query-input\":{\"@type\":\"PropertyValueSpecification\",\"valueRequired\":true,\"valueName\":\"search_term_string\"}}],\"inLanguage\":\"fi\"},{\"@type\":\"Person\",\"@id\":\"https:\\\/\\\/teknologiateollisuus.fi\\\/emobility\\\/#\\\/schema\\\/person\\\/a7d35310aac3cb4d8d8d5786f8299948\",\"name\":\"Antton Lounasheimo\",\"image\":{\"@type\":\"ImageObject\",\"inLanguage\":\"fi\",\"@id\":\"https:\\\/\\\/secure.gravatar.com\\\/avatar\\\/2260e684deff787da88c6a0b7011815e1e4bc31fe3471c1955b934e4d0160a96?s=96&d=mm&r=g\",\"url\":\"https:\\\/\\\/secure.gravatar.com\\\/avatar\\\/2260e684deff787da88c6a0b7011815e1e4bc31fe3471c1955b934e4d0160a96?s=96&d=mm&r=g\",\"contentUrl\":\"https:\\\/\\\/secure.gravatar.com\\\/avatar\\\/2260e684deff787da88c6a0b7011815e1e4bc31fe3471c1955b934e4d0160a96?s=96&d=mm&r=g\",\"caption\":\"Antton Lounasheimo\"}}]}<\/script>\n<!-- \/ Yoast SEO Premium plugin. -->","yoast_head_json":{"title":"T\u00e4yss\u00e4hk\u00f6autojen m\u00e4\u00e4r\u00e4 kasvaa enn\u00e4tysvauhtia - S\u00e4hk\u00f6inen liikenne","robots":{"index":"index","follow":"follow","max-snippet":"max-snippet:-1","max-image-preview":"max-image-preview:large","max-video-preview":"max-video-preview:-1"},"canonical":"https:\/\/teknologiateollisuus.fi\/emobility\/tayssahkoautojen-maara-kasvaa-ennatysvauhtia\/","og_locale":"fi_FI","og_type":"article","og_title":"T\u00e4yss\u00e4hk\u00f6autojen m\u00e4\u00e4r\u00e4 kasvaa enn\u00e4tysvauhtia","og_description":"T\u00e4yss\u00e4hk\u00f6autojen lukum\u00e4\u00e4r\u00e4 liikenteess\u00e4 kasvoi 15 253 autolla huhti-kes\u00e4kuussa ja oli ensimm\u00e4ist\u00e4 kertaa suurempi kuin ladattavien hybridien kokonaism\u00e4\u00e4r\u00e4. S\u00e4hk\u00f6n kysynn\u00e4n ennustetaan kasvavan voimakkaasti l\u00e4hivuosina, mik\u00e4 haastaa s\u00e4hk\u00f6verkon kyvyn siirt\u00e4\u00e4 s\u00e4hk\u00f6\u00e4 riitt\u00e4v\u00e4sti.","og_url":"https:\/\/teknologiateollisuus.fi\/emobility\/tayssahkoautojen-maara-kasvaa-ennatysvauhtia\/","og_site_name":"S\u00e4hk\u00f6inen liikenne","article_published_time":"2026-08-31T06:22:49+00:00","article_modified_time":"2026-08-31T06:47:58+00:00","og_image":[{"width":2560,"height":1707,"url":"https:\/\/teknologiateollisuus.fi\/emobility\/wp-content\/uploads\/sites\/9\/2024\/09\/9364-scaled.jpg","type":"image\/jpeg"}],"author":"Antton Lounasheimo","twitter_card":"summary_large_image","twitter_misc":{"Kirjoittanut":"Antton Lounasheimo","Arvioitu lukuaika":"3 minuuttia"},"schema":{"@context":"https:\/\/schema.org","@graph":[{"@type":"Article","@id":"https:\/\/teknologiateollisuus.fi\/emobility\/tayssahkoautojen-maara-kasvaa-ennatysvauhtia\/#article","isPartOf":{"@id":"https:\/\/teknologiateollisuus.fi\/emobility\/tayssahkoautojen-maara-kasvaa-ennatysvauhtia\/"},"author":{"name":"Antton Lounasheimo","@id":"https:\/\/teknologiateollisuus.fi\/emobility\/#\/schema\/person\/a7d35310aac3cb4d8d8d5786f8299948"},"headline":"T\u00e4yss\u00e4hk\u00f6autojen m\u00e4\u00e4r\u00e4 kasvaa enn\u00e4tysvauhtia","datePublished":"2026-08-31T06:22:49+00:00","dateModified":"2026-08-31T06:47:58+00:00","mainEntityOfPage":{"@id":"https:\/\/teknologiateollisuus.fi\/emobility\/tayssahkoautojen-maara-kasvaa-ennatysvauhtia\/"},"wordCount":449,"image":{"@id":"https:\/\/teknologiateollisuus.fi\/emobility\/tayssahkoautojen-maara-kasvaa-ennatysvauhtia\/#primaryimage"},"thumbnailUrl":"https:\/\/teknologiateollisuus.fi\/emobility\/wp-content\/uploads\/sites\/9\/2024\/09\/9364-scaled.jpg","articleSection":["Uutinen"],"inLanguage":"fi"},{"@type":"WebPage","@id":"https:\/\/teknologiateollisuus.fi\/emobility\/tayssahkoautojen-maara-kasvaa-ennatysvauhtia\/","url":"https:\/\/teknologiateollisuus.fi\/emobility\/tayssahkoautojen-maara-kasvaa-ennatysvauhtia\/","name":"T\u00e4yss\u00e4hk\u00f6autojen m\u00e4\u00e4r\u00e4 kasvaa enn\u00e4tysvauhtia - S\u00e4hk\u00f6inen liikenne","isPartOf":{"@id":"https:\/\/teknologiateollisuus.fi\/emobility\/#website"},"primaryImageOfPage":{"@id":"https:\/\/teknologiateollisuus.fi\/emobility\/tayssahkoautojen-maara-kasvaa-ennatysvauhtia\/#primaryimage"},"image":{"@id":"https:\/\/teknologiateollisuus.fi\/emobility\/tayssahkoautojen-maara-kasvaa-ennatysvauhtia\/#primaryimage"},"thumbnailUrl":"https:\/\/teknologiateollisuus.fi\/emobility\/wp-content\/uploads\/sites\/9\/2024\/09\/9364-scaled.jpg","datePublished":"2026-08-31T06:22:49+00:00","dateModified":"2026-08-31T06:47:58+00:00","author":{"@id":"https:\/\/teknologiateollisuus.fi\/emobility\/#\/schema\/person\/a7d35310aac3cb4d8d8d5786f8299948"},"breadcrumb":{"@id":"https:\/\/teknologiateollisuus.fi\/emobility\/tayssahkoautojen-maara-kasvaa-ennatysvauhtia\/#breadcrumb"},"inLanguage":"fi","potentialAction":[{"@type":"ReadAction","target":["https:\/\/teknologiateollisuus.fi\/emobility\/tayssahkoautojen-maara-kasvaa-ennatysvauhtia\/"]}]},{"@type":"ImageObject","inLanguage":"fi","@id":"https:\/\/teknologiateollisuus.fi\/emobility\/tayssahkoautojen-maara-kasvaa-ennatysvauhtia\/#primaryimage","url":"https:\/\/teknologiateollisuus.fi\/emobility\/wp-content\/uploads\/sites\/9\/2024\/09\/9364-scaled.jpg","contentUrl":"https:\/\/teknologiateollisuus.fi\/emobility\/wp-content\/uploads\/sites\/9\/2024\/09\/9364-scaled.jpg","width":2560,"height":1707,"caption":"S\u00e4hk\u00f6auto L\u00e4hde Ensto"},{"@type":"BreadcrumbList","@id":"https:\/\/teknologiateollisuus.fi\/emobility\/tayssahkoautojen-maara-kasvaa-ennatysvauhtia\/#breadcrumb","itemListElement":[{"@type":"ListItem","position":1,"name":"Etusivu","item":"https:\/\/teknologiateollisuus.fi\/emobility\/"},{"@type":"ListItem","position":2,"name":"Ajankohtaista","item":"https:\/\/teknologiateollisuus.fi\/emobility\/ajankohtaista\/"},{"@type":"ListItem","position":3,"name":"T\u00e4yss\u00e4hk\u00f6autojen m\u00e4\u00e4r\u00e4 kasvaa enn\u00e4tysvauhtia"}]},{"@type":"WebSite","@id":"https:\/\/teknologiateollisuus.fi\/emobility\/#website","url":"https:\/\/teknologiateollisuus.fi\/emobility\/","name":"S\u00e4hk\u00f6inen liikenne","description":"","potentialAction":[{"@type":"SearchAction","target":{"@type":"EntryPoint","urlTemplate":"https:\/\/teknologiateollisuus.fi\/emobility\/?s={search_term_string}"},"query-input":{"@type":"PropertyValueSpecification","valueRequired":true,"valueName":"search_term_string"}}],"inLanguage":"fi"},{"@type":"Person","@id":"https:\/\/teknologiateollisuus.fi\/emobility\/#\/schema\/person\/a7d35310aac3cb4d8d8d5786f8299948","name":"Antton Lounasheimo","image":{"@type":"ImageObject","inLanguage":"fi","@id":"https:\/\/secure.gravatar.com\/avatar\/2260e684deff787da88c6a0b7011815e1e4bc31fe3471c1955b934e4d0160a96?s=96&d=mm&r=g","url":"https:\/\/secure.gravatar.com\/avatar\/2260e684deff787da88c6a0b7011815e1e4bc31fe3471c1955b934e4d0160a96?s=96&d=mm&r=g","contentUrl":"https:\/\/secure.gravatar.com\/avatar\/2260e684deff787da88c6a0b7011815e1e4bc31fe3471c1955b934e4d0160a96?s=96&d=mm&r=g","caption":"Antton Lounasheimo"}}]}},"lang":"fi","translations":{"fi":893},"pll_sync_post":{},"_links":{"self":[{"href":"https:\/\/teknologiateollisuus.fi\/emobility\/wp-json\/wp\/v2\/posts\/893","targetHints":{"allow":["GET"]}}],"collection":[{"href":"https:\/\/teknologiateollisuus.fi\/emobility\/wp-json\/wp\/v2\/posts"}],"about":[{"href":"https:\/\/teknologiateollisuus.fi\/emobility\/wp-json\/wp\/v2\/types\/post"}],"author":[{"embeddable":true,"href":"https:\/\/teknologiateollisuus.fi\/emobility\/wp-json\/wp\/v2\/users\/8"}],"replies":[{"embeddable":true,"href":"https:\/\/teknologiateollisuus.fi\/emobility\/wp-json\/wp\/v2\/comments?post=893"}],"version-history":[{"count":3,"href":"https:\/\/teknologiateollisuus.fi\/emobility\/wp-json\/wp\/v2\/posts\/893\/revisions"}],"predecessor-version":[{"id":898,"href":"https:\/\/teknologiateollisuus.fi\/emobility\/wp-json\/wp\/v2\/posts\/893\/revisions\/898"}],"wp:featuredmedia":[{"embeddable":true,"href":"https:\/\/teknologiateollisuus.fi\/emobility\/wp-json\/wp\/v2\/media\/412"}],"wp:attachment":[{"href":"https:\/\/teknologiateollisuus.fi\/emobility\/wp-json\/wp\/v2\/media?parent=893"}],"wp:term":[{"taxonomy":"category","embeddable":true,"href":"https:\/\/teknologiateollisuus.fi\/emobility\/wp-json\/wp\/v2\/categories?post=893"},{"taxonomy":"post_tag","embeddable":true,"href":"https:\/\/teknologiateollisuus.fi\/emobility\/wp-json\/wp\/v2\/tags?post=893"},{"taxonomy":"em_industry","embeddable":true,"href":"https:\/\/teknologiateollisuus.fi\/emobility\/wp-json\/wp\/v2\/em_industry?post=893"},{"taxonomy":"em_theme","embeddable":true,"href":"https:\/\/teknologiateollisuus.fi\/emobility\/wp-json\/wp\/v2\/em_theme?post=893"}],"curies":[{"name":"wp","href":"https:\/\/api.w.org\/{rel}","templated":true}]}}