{"id":251,"date":"2024-04-24T10:54:35","date_gmt":"2024-04-24T07:54:35","guid":{"rendered":"https:\/\/teknologiateollisuus.fi\/fisc\/?p=251"},"modified":"2024-09-25T09:32:28","modified_gmt":"2024-09-25T06:32:28","slug":"tule-mukaan-turvallisuusalan-neuvottelupaiville","status":"publish","type":"post","link":"https:\/\/teknologiateollisuus.fi\/fisc\/tule-mukaan-turvallisuusalan-neuvottelupaiville\/","title":{"rendered":"Tule mukaan turvallisuusalan neuvottelup\u00e4iville!"},"content":{"rendered":"\n<p><em>Turvallisuusalan neuvottelup\u00e4iv\u00e4t 29.-31.5.2024 j\u00e4rjestet\u00e4\u00e4n perinteisesti risteilyseminaarina Helsinki \u2013 Tukholma \u2013 Helsinki -reitill\u00e4. Tapahtumassa syvennyt\u00e4\u00e4n alan uusimpiin haasteisiin ja ratkaisuihin.<\/em><\/p>\n\n\n\n<p>Neuvottelup\u00e4ivill\u00e4 on esill\u00e4 mm. NIS2- ja CER-direktiivien toimeenpano, yritysturvallisuuden johtaminen ja turvallisuusviestint\u00e4. Kyberala ry:n toimitusjohtaja Peter Sund puhuu aiheesta\u00a0operatiivisen teknologian turvallisuus.\u00a0<\/p>\n\n\n\n<p>Laivalla on hyv\u00e4 tilaisuus monipuolisiin keskusteluihin ja verkostoitumiseen.<\/p>\n\n\n\n<p>Lue lis\u00e4\u00e4 ja ilmoittaudu:\u00a0<a href=\"https:\/\/ek-tieto.fi\/kurssi\/toukokuu-2024\/tn39\/?gad_source=1&amp;gclid=EAIaIQobChMI6bGVvbDOhQMV-wWiAx1uKws_EAAYASAAEgJFkfD_BwE\">Turvallisuusalan neuvottelup\u00e4iv\u00e4t 29.-31.5.2024 | Silja Serenade | EK-Tieto<\/a><\/p>\n","protected":false},"excerpt":{"rendered":"<p>Turvallisuusalan neuvottelup\u00e4iv\u00e4t 29.-31.5.2024 j\u00e4rjestet\u00e4\u00e4n perinteisesti risteilyseminaarina Helsinki \u2013 Tukholma \u2013 Helsinki -reitill\u00e4. Tapahtumassa syvennyt\u00e4\u00e4n alan uusimpiin haasteisiin ja ratkaisuihin. Neuvottelup\u00e4ivill\u00e4 on esill\u00e4 mm. NIS2- ja CER-direktiivien toimeenpano, yritysturvallisuuden johtaminen ja turvallisuusviestint\u00e4. Kyberala ry:n toimitusjohtaja Peter Sund puhuu aiheesta\u00a0operatiivisen teknologian turvallisuus.\u00a0 Laivalla on hyv\u00e4 tilaisuus monipuolisiin keskusteluihin ja verkostoitumiseen. Lue lis\u00e4\u00e4 ja ilmoittaudu:\u00a0Turvallisuusalan neuvottelup\u00e4iv\u00e4t 29.-31.5.2024 | [&hellip;]<\/p>\n","protected":false},"author":52,"featured_media":213,"comment_status":"closed","ping_status":"closed","sticky":false,"template":"","format":"standard","meta":{"_acf_changed":false,"_relevanssi_hide_post":"","_relevanssi_hide_content":"","_relevanssi_pin_for_all":"","_relevanssi_pin_keywords":"","_relevanssi_unpin_keywords":"","_relevanssi_related_keywords":"","_relevanssi_related_include_ids":"","_relevanssi_related_exclude_ids":"","_relevanssi_related_no_append":"","_relevanssi_related_not_related":"","_relevanssi_related_posts":"57,48,53,55,56,54","_relevanssi_noindex_reason":"","inline_featured_image":false,"footnotes":""},"categories":[20],"tags":[],"em_industry":[],"em_theme":[],"class_list":["post-251","post","type-post","status-publish","format-standard","has-post-thumbnail","hentry","category-tapahtuma"],"acf":[],"yoast_head":"<!-- This site is optimized with the Yoast SEO Premium plugin v27.1 (Yoast SEO v27.5) - https:\/\/yoast.com\/product\/yoast-seo-premium-wordpress\/ -->\n<title>Tule mukaan turvallisuusalan neuvottelup\u00e4iville! - Kyberala<\/title>\n<meta name=\"robots\" content=\"index, follow, max-snippet:-1, max-image-preview:large, max-video-preview:-1\" \/>\n<link rel=\"canonical\" href=\"https:\/\/teknologiateollisuus.fi\/fisc\/tule-mukaan-turvallisuusalan-neuvottelupaiville\/\" \/>\n<meta property=\"og:locale\" content=\"fi_FI\" \/>\n<meta property=\"og:type\" content=\"article\" \/>\n<meta property=\"og:title\" content=\"Tule mukaan turvallisuusalan neuvottelup\u00e4iville!\" \/>\n<meta property=\"og:description\" content=\"Turvallisuusalan neuvottelup\u00e4iv\u00e4t 29.-31.5.2024 j\u00e4rjestet\u00e4\u00e4n perinteisesti risteilyseminaarina Helsinki \u2013 Tukholma \u2013 Helsinki -reitill\u00e4. Tapahtumassa syvennyt\u00e4\u00e4n alan uusimpiin haasteisiin ja ratkaisuihin. Neuvottelup\u00e4ivill\u00e4 on esill\u00e4 mm. NIS2- ja CER-direktiivien toimeenpano, yritysturvallisuuden johtaminen ja turvallisuusviestint\u00e4. Kyberala ry:n toimitusjohtaja Peter Sund puhuu aiheesta\u00a0operatiivisen teknologian turvallisuus.\u00a0 Laivalla on hyv\u00e4 tilaisuus monipuolisiin keskusteluihin ja verkostoitumiseen. Lue lis\u00e4\u00e4 ja ilmoittaudu:\u00a0Turvallisuusalan neuvottelup\u00e4iv\u00e4t 29.-31.5.2024 | [&hellip;]\" \/>\n<meta property=\"og:url\" content=\"https:\/\/teknologiateollisuus.fi\/fisc\/tule-mukaan-turvallisuusalan-neuvottelupaiville\/\" \/>\n<meta property=\"og:site_name\" content=\"Kyberala\" \/>\n<meta property=\"article:published_time\" content=\"2024-04-24T07:54:35+00:00\" \/>\n<meta property=\"article:modified_time\" content=\"2024-09-25T06:32:28+00:00\" \/>\n<meta property=\"og:image\" content=\"https:\/\/teknologiateollisuus.fi\/fisc\/wp-content\/uploads\/sites\/11\/2024\/09\/Banner-Face-ja-LinkedIn_Turvallisuusalan-neuvottelupaivat-TN39_2024_FB_1200x628px_1.jpg\" \/>\n\t<meta property=\"og:image:width\" content=\"1600\" \/>\n\t<meta property=\"og:image:height\" content=\"900\" \/>\n\t<meta property=\"og:image:type\" content=\"image\/jpeg\" \/>\n<meta name=\"author\" content=\"sariln\" \/>\n<meta name=\"twitter:card\" content=\"summary_large_image\" \/>\n<meta name=\"twitter:label1\" content=\"Kirjoittanut\" \/>\n\t<meta name=\"twitter:data1\" content=\"sariln\" \/>\n\t<meta name=\"twitter:label2\" content=\"Arvioitu lukuaika\" \/>\n\t<meta name=\"twitter:data2\" content=\"1 minuutti\" \/>\n<script type=\"application\/ld+json\" class=\"yoast-schema-graph\">{\"@context\":\"https:\\\/\\\/schema.org\",\"@graph\":[{\"@type\":\"Article\",\"@id\":\"https:\\\/\\\/teknologiateollisuus.fi\\\/fisc\\\/tule-mukaan-turvallisuusalan-neuvottelupaiville\\\/#article\",\"isPartOf\":{\"@id\":\"https:\\\/\\\/teknologiateollisuus.fi\\\/fisc\\\/tule-mukaan-turvallisuusalan-neuvottelupaiville\\\/\"},\"author\":{\"name\":\"sariln\",\"@id\":\"https:\\\/\\\/teknologiateollisuus.fi\\\/fisc\\\/#\\\/schema\\\/person\\\/04f1851db172c3cb844eb5ef7013477b\"},\"headline\":\"Tule mukaan turvallisuusalan neuvottelup\u00e4iville!\",\"datePublished\":\"2024-04-24T07:54:35+00:00\",\"dateModified\":\"2024-09-25T06:32:28+00:00\",\"mainEntityOfPage\":{\"@id\":\"https:\\\/\\\/teknologiateollisuus.fi\\\/fisc\\\/tule-mukaan-turvallisuusalan-neuvottelupaiville\\\/\"},\"wordCount\":72,\"image\":{\"@id\":\"https:\\\/\\\/teknologiateollisuus.fi\\\/fisc\\\/tule-mukaan-turvallisuusalan-neuvottelupaiville\\\/#primaryimage\"},\"thumbnailUrl\":\"https:\\\/\\\/teknologiateollisuus.fi\\\/fisc\\\/wp-content\\\/uploads\\\/sites\\\/11\\\/2024\\\/09\\\/Banner-Face-ja-LinkedIn_Turvallisuusalan-neuvottelupaivat-TN39_2024_FB_1200x628px_1.jpg\",\"articleSection\":[\"Tapahtumat\"],\"inLanguage\":\"fi\"},{\"@type\":\"WebPage\",\"@id\":\"https:\\\/\\\/teknologiateollisuus.fi\\\/fisc\\\/tule-mukaan-turvallisuusalan-neuvottelupaiville\\\/\",\"url\":\"https:\\\/\\\/teknologiateollisuus.fi\\\/fisc\\\/tule-mukaan-turvallisuusalan-neuvottelupaiville\\\/\",\"name\":\"Tule mukaan turvallisuusalan neuvottelup\u00e4iville! - Kyberala\",\"isPartOf\":{\"@id\":\"https:\\\/\\\/teknologiateollisuus.fi\\\/fisc\\\/#website\"},\"primaryImageOfPage\":{\"@id\":\"https:\\\/\\\/teknologiateollisuus.fi\\\/fisc\\\/tule-mukaan-turvallisuusalan-neuvottelupaiville\\\/#primaryimage\"},\"image\":{\"@id\":\"https:\\\/\\\/teknologiateollisuus.fi\\\/fisc\\\/tule-mukaan-turvallisuusalan-neuvottelupaiville\\\/#primaryimage\"},\"thumbnailUrl\":\"https:\\\/\\\/teknologiateollisuus.fi\\\/fisc\\\/wp-content\\\/uploads\\\/sites\\\/11\\\/2024\\\/09\\\/Banner-Face-ja-LinkedIn_Turvallisuusalan-neuvottelupaivat-TN39_2024_FB_1200x628px_1.jpg\",\"datePublished\":\"2024-04-24T07:54:35+00:00\",\"dateModified\":\"2024-09-25T06:32:28+00:00\",\"author\":{\"@id\":\"https:\\\/\\\/teknologiateollisuus.fi\\\/fisc\\\/#\\\/schema\\\/person\\\/04f1851db172c3cb844eb5ef7013477b\"},\"breadcrumb\":{\"@id\":\"https:\\\/\\\/teknologiateollisuus.fi\\\/fisc\\\/tule-mukaan-turvallisuusalan-neuvottelupaiville\\\/#breadcrumb\"},\"inLanguage\":\"fi\",\"potentialAction\":[{\"@type\":\"ReadAction\",\"target\":[\"https:\\\/\\\/teknologiateollisuus.fi\\\/fisc\\\/tule-mukaan-turvallisuusalan-neuvottelupaiville\\\/\"]}]},{\"@type\":\"ImageObject\",\"inLanguage\":\"fi\",\"@id\":\"https:\\\/\\\/teknologiateollisuus.fi\\\/fisc\\\/tule-mukaan-turvallisuusalan-neuvottelupaiville\\\/#primaryimage\",\"url\":\"https:\\\/\\\/teknologiateollisuus.fi\\\/fisc\\\/wp-content\\\/uploads\\\/sites\\\/11\\\/2024\\\/09\\\/Banner-Face-ja-LinkedIn_Turvallisuusalan-neuvottelupaivat-TN39_2024_FB_1200x628px_1.jpg\",\"contentUrl\":\"https:\\\/\\\/teknologiateollisuus.fi\\\/fisc\\\/wp-content\\\/uploads\\\/sites\\\/11\\\/2024\\\/09\\\/Banner-Face-ja-LinkedIn_Turvallisuusalan-neuvottelupaivat-TN39_2024_FB_1200x628px_1.jpg\",\"width\":1600,\"height\":900,\"caption\":\"Turvallisuusalan neuvottelup\u00e4iv\u00e4t -mainosbanneri\"},{\"@type\":\"BreadcrumbList\",\"@id\":\"https:\\\/\\\/teknologiateollisuus.fi\\\/fisc\\\/tule-mukaan-turvallisuusalan-neuvottelupaiville\\\/#breadcrumb\",\"itemListElement\":[{\"@type\":\"ListItem\",\"position\":1,\"name\":\"Etusivu\",\"item\":\"https:\\\/\\\/teknologiateollisuus.fi\\\/fisc\\\/\"},{\"@type\":\"ListItem\",\"position\":2,\"name\":\"Ajankohtaista\",\"item\":\"https:\\\/\\\/teknologiateollisuus.fi\\\/fisc\\\/ajankohtaista\\\/\"},{\"@type\":\"ListItem\",\"position\":3,\"name\":\"Tule mukaan turvallisuusalan neuvottelup\u00e4iville!\"}]},{\"@type\":\"WebSite\",\"@id\":\"https:\\\/\\\/teknologiateollisuus.fi\\\/fisc\\\/#website\",\"url\":\"https:\\\/\\\/teknologiateollisuus.fi\\\/fisc\\\/\",\"name\":\"Kyberala\",\"description\":\"\",\"potentialAction\":[{\"@type\":\"SearchAction\",\"target\":{\"@type\":\"EntryPoint\",\"urlTemplate\":\"https:\\\/\\\/teknologiateollisuus.fi\\\/fisc\\\/?s={search_term_string}\"},\"query-input\":{\"@type\":\"PropertyValueSpecification\",\"valueRequired\":true,\"valueName\":\"search_term_string\"}}],\"inLanguage\":\"fi\"},{\"@type\":\"Person\",\"@id\":\"https:\\\/\\\/teknologiateollisuus.fi\\\/fisc\\\/#\\\/schema\\\/person\\\/04f1851db172c3cb844eb5ef7013477b\",\"name\":\"sariln\",\"image\":{\"@type\":\"ImageObject\",\"inLanguage\":\"fi\",\"@id\":\"https:\\\/\\\/secure.gravatar.com\\\/avatar\\\/b0d71eb7dd8c2e519cb3b18042527a61bb28fd4626cd030cad6c6477dfef6497?s=96&d=mm&r=g\",\"url\":\"https:\\\/\\\/secure.gravatar.com\\\/avatar\\\/b0d71eb7dd8c2e519cb3b18042527a61bb28fd4626cd030cad6c6477dfef6497?s=96&d=mm&r=g\",\"contentUrl\":\"https:\\\/\\\/secure.gravatar.com\\\/avatar\\\/b0d71eb7dd8c2e519cb3b18042527a61bb28fd4626cd030cad6c6477dfef6497?s=96&d=mm&r=g\",\"caption\":\"sariln\"}}]}<\/script>\n<!-- \/ Yoast SEO Premium plugin. -->","yoast_head_json":{"title":"Tule mukaan turvallisuusalan neuvottelup\u00e4iville! - Kyberala","robots":{"index":"index","follow":"follow","max-snippet":"max-snippet:-1","max-image-preview":"max-image-preview:large","max-video-preview":"max-video-preview:-1"},"canonical":"https:\/\/teknologiateollisuus.fi\/fisc\/tule-mukaan-turvallisuusalan-neuvottelupaiville\/","og_locale":"fi_FI","og_type":"article","og_title":"Tule mukaan turvallisuusalan neuvottelup\u00e4iville!","og_description":"Turvallisuusalan neuvottelup\u00e4iv\u00e4t 29.-31.5.2024 j\u00e4rjestet\u00e4\u00e4n perinteisesti risteilyseminaarina Helsinki \u2013 Tukholma \u2013 Helsinki -reitill\u00e4. Tapahtumassa syvennyt\u00e4\u00e4n alan uusimpiin haasteisiin ja ratkaisuihin. Neuvottelup\u00e4ivill\u00e4 on esill\u00e4 mm. NIS2- ja CER-direktiivien toimeenpano, yritysturvallisuuden johtaminen ja turvallisuusviestint\u00e4. Kyberala ry:n toimitusjohtaja Peter Sund puhuu aiheesta\u00a0operatiivisen teknologian turvallisuus.\u00a0 Laivalla on hyv\u00e4 tilaisuus monipuolisiin keskusteluihin ja verkostoitumiseen. Lue lis\u00e4\u00e4 ja ilmoittaudu:\u00a0Turvallisuusalan neuvottelup\u00e4iv\u00e4t 29.-31.5.2024 | [&hellip;]","og_url":"https:\/\/teknologiateollisuus.fi\/fisc\/tule-mukaan-turvallisuusalan-neuvottelupaiville\/","og_site_name":"Kyberala","article_published_time":"2024-04-24T07:54:35+00:00","article_modified_time":"2024-09-25T06:32:28+00:00","og_image":[{"width":1600,"height":900,"url":"https:\/\/teknologiateollisuus.fi\/fisc\/wp-content\/uploads\/sites\/11\/2024\/09\/Banner-Face-ja-LinkedIn_Turvallisuusalan-neuvottelupaivat-TN39_2024_FB_1200x628px_1.jpg","type":"image\/jpeg"}],"author":"sariln","twitter_card":"summary_large_image","twitter_misc":{"Kirjoittanut":"sariln","Arvioitu lukuaika":"1 minuutti"},"schema":{"@context":"https:\/\/schema.org","@graph":[{"@type":"Article","@id":"https:\/\/teknologiateollisuus.fi\/fisc\/tule-mukaan-turvallisuusalan-neuvottelupaiville\/#article","isPartOf":{"@id":"https:\/\/teknologiateollisuus.fi\/fisc\/tule-mukaan-turvallisuusalan-neuvottelupaiville\/"},"author":{"name":"sariln","@id":"https:\/\/teknologiateollisuus.fi\/fisc\/#\/schema\/person\/04f1851db172c3cb844eb5ef7013477b"},"headline":"Tule mukaan turvallisuusalan neuvottelup\u00e4iville!","datePublished":"2024-04-24T07:54:35+00:00","dateModified":"2024-09-25T06:32:28+00:00","mainEntityOfPage":{"@id":"https:\/\/teknologiateollisuus.fi\/fisc\/tule-mukaan-turvallisuusalan-neuvottelupaiville\/"},"wordCount":72,"image":{"@id":"https:\/\/teknologiateollisuus.fi\/fisc\/tule-mukaan-turvallisuusalan-neuvottelupaiville\/#primaryimage"},"thumbnailUrl":"https:\/\/teknologiateollisuus.fi\/fisc\/wp-content\/uploads\/sites\/11\/2024\/09\/Banner-Face-ja-LinkedIn_Turvallisuusalan-neuvottelupaivat-TN39_2024_FB_1200x628px_1.jpg","articleSection":["Tapahtumat"],"inLanguage":"fi"},{"@type":"WebPage","@id":"https:\/\/teknologiateollisuus.fi\/fisc\/tule-mukaan-turvallisuusalan-neuvottelupaiville\/","url":"https:\/\/teknologiateollisuus.fi\/fisc\/tule-mukaan-turvallisuusalan-neuvottelupaiville\/","name":"Tule mukaan turvallisuusalan neuvottelup\u00e4iville! - Kyberala","isPartOf":{"@id":"https:\/\/teknologiateollisuus.fi\/fisc\/#website"},"primaryImageOfPage":{"@id":"https:\/\/teknologiateollisuus.fi\/fisc\/tule-mukaan-turvallisuusalan-neuvottelupaiville\/#primaryimage"},"image":{"@id":"https:\/\/teknologiateollisuus.fi\/fisc\/tule-mukaan-turvallisuusalan-neuvottelupaiville\/#primaryimage"},"thumbnailUrl":"https:\/\/teknologiateollisuus.fi\/fisc\/wp-content\/uploads\/sites\/11\/2024\/09\/Banner-Face-ja-LinkedIn_Turvallisuusalan-neuvottelupaivat-TN39_2024_FB_1200x628px_1.jpg","datePublished":"2024-04-24T07:54:35+00:00","dateModified":"2024-09-25T06:32:28+00:00","author":{"@id":"https:\/\/teknologiateollisuus.fi\/fisc\/#\/schema\/person\/04f1851db172c3cb844eb5ef7013477b"},"breadcrumb":{"@id":"https:\/\/teknologiateollisuus.fi\/fisc\/tule-mukaan-turvallisuusalan-neuvottelupaiville\/#breadcrumb"},"inLanguage":"fi","potentialAction":[{"@type":"ReadAction","target":["https:\/\/teknologiateollisuus.fi\/fisc\/tule-mukaan-turvallisuusalan-neuvottelupaiville\/"]}]},{"@type":"ImageObject","inLanguage":"fi","@id":"https:\/\/teknologiateollisuus.fi\/fisc\/tule-mukaan-turvallisuusalan-neuvottelupaiville\/#primaryimage","url":"https:\/\/teknologiateollisuus.fi\/fisc\/wp-content\/uploads\/sites\/11\/2024\/09\/Banner-Face-ja-LinkedIn_Turvallisuusalan-neuvottelupaivat-TN39_2024_FB_1200x628px_1.jpg","contentUrl":"https:\/\/teknologiateollisuus.fi\/fisc\/wp-content\/uploads\/sites\/11\/2024\/09\/Banner-Face-ja-LinkedIn_Turvallisuusalan-neuvottelupaivat-TN39_2024_FB_1200x628px_1.jpg","width":1600,"height":900,"caption":"Turvallisuusalan neuvottelup\u00e4iv\u00e4t -mainosbanneri"},{"@type":"BreadcrumbList","@id":"https:\/\/teknologiateollisuus.fi\/fisc\/tule-mukaan-turvallisuusalan-neuvottelupaiville\/#breadcrumb","itemListElement":[{"@type":"ListItem","position":1,"name":"Etusivu","item":"https:\/\/teknologiateollisuus.fi\/fisc\/"},{"@type":"ListItem","position":2,"name":"Ajankohtaista","item":"https:\/\/teknologiateollisuus.fi\/fisc\/ajankohtaista\/"},{"@type":"ListItem","position":3,"name":"Tule mukaan turvallisuusalan neuvottelup\u00e4iville!"}]},{"@type":"WebSite","@id":"https:\/\/teknologiateollisuus.fi\/fisc\/#website","url":"https:\/\/teknologiateollisuus.fi\/fisc\/","name":"Kyberala","description":"","potentialAction":[{"@type":"SearchAction","target":{"@type":"EntryPoint","urlTemplate":"https:\/\/teknologiateollisuus.fi\/fisc\/?s={search_term_string}"},"query-input":{"@type":"PropertyValueSpecification","valueRequired":true,"valueName":"search_term_string"}}],"inLanguage":"fi"},{"@type":"Person","@id":"https:\/\/teknologiateollisuus.fi\/fisc\/#\/schema\/person\/04f1851db172c3cb844eb5ef7013477b","name":"sariln","image":{"@type":"ImageObject","inLanguage":"fi","@id":"https:\/\/secure.gravatar.com\/avatar\/b0d71eb7dd8c2e519cb3b18042527a61bb28fd4626cd030cad6c6477dfef6497?s=96&d=mm&r=g","url":"https:\/\/secure.gravatar.com\/avatar\/b0d71eb7dd8c2e519cb3b18042527a61bb28fd4626cd030cad6c6477dfef6497?s=96&d=mm&r=g","contentUrl":"https:\/\/secure.gravatar.com\/avatar\/b0d71eb7dd8c2e519cb3b18042527a61bb28fd4626cd030cad6c6477dfef6497?s=96&d=mm&r=g","caption":"sariln"}}]}},"lang":"fi","translations":{"fi":251},"pll_sync_post":{},"_links":{"self":[{"href":"https:\/\/teknologiateollisuus.fi\/fisc\/wp-json\/wp\/v2\/posts\/251","targetHints":{"allow":["GET"]}}],"collection":[{"href":"https:\/\/teknologiateollisuus.fi\/fisc\/wp-json\/wp\/v2\/posts"}],"about":[{"href":"https:\/\/teknologiateollisuus.fi\/fisc\/wp-json\/wp\/v2\/types\/post"}],"author":[{"embeddable":true,"href":"https:\/\/teknologiateollisuus.fi\/fisc\/wp-json\/wp\/v2\/users\/52"}],"replies":[{"embeddable":true,"href":"https:\/\/teknologiateollisuus.fi\/fisc\/wp-json\/wp\/v2\/comments?post=251"}],"version-history":[{"count":1,"href":"https:\/\/teknologiateollisuus.fi\/fisc\/wp-json\/wp\/v2\/posts\/251\/revisions"}],"predecessor-version":[{"id":252,"href":"https:\/\/teknologiateollisuus.fi\/fisc\/wp-json\/wp\/v2\/posts\/251\/revisions\/252"}],"wp:featuredmedia":[{"embeddable":true,"href":"https:\/\/teknologiateollisuus.fi\/fisc\/wp-json\/wp\/v2\/media\/213"}],"wp:attachment":[{"href":"https:\/\/teknologiateollisuus.fi\/fisc\/wp-json\/wp\/v2\/media?parent=251"}],"wp:term":[{"taxonomy":"category","embeddable":true,"href":"https:\/\/teknologiateollisuus.fi\/fisc\/wp-json\/wp\/v2\/categories?post=251"},{"taxonomy":"post_tag","embeddable":true,"href":"https:\/\/teknologiateollisuus.fi\/fisc\/wp-json\/wp\/v2\/tags?post=251"},{"taxonomy":"em_industry","embeddable":true,"href":"https:\/\/teknologiateollisuus.fi\/fisc\/wp-json\/wp\/v2\/em_industry?post=251"},{"taxonomy":"em_theme","embeddable":true,"href":"https:\/\/teknologiateollisuus.fi\/fisc\/wp-json\/wp\/v2\/em_theme?post=251"}],"curies":[{"name":"wp","href":"https:\/\/api.w.org\/{rel}","templated":true}]}}