{"id":272,"date":"2024-02-05T11:32:48","date_gmt":"2024-02-05T09:32:48","guid":{"rendered":"https:\/\/teknologiateollisuus.fi\/fisc\/?p=272"},"modified":"2024-09-24T11:34:22","modified_gmt":"2024-09-24T08:34:22","slug":"kyberala-mukaan-pohjoismaisen-ajatuspajan-toimintaan","status":"publish","type":"post","link":"https:\/\/teknologiateollisuus.fi\/fisc\/kyberala-mukaan-pohjoismaisen-ajatuspajan-toimintaan\/","title":{"rendered":"Kyberala mukaan pohjoismaisen ajatuspajan toimintaan"},"content":{"rendered":"\n<p>Kyberala ry:st\u00e4 on valittu kaksi henkil\u00f6\u00e4 mukaan pohjoismaisen ministerineuvoston rahoittamaan kyberturvallisuuden koulutukseen keskittyv\u00e4\u00e4n ajatuspajaan, Cyber Bridge Forumiin. Suomalaista alan ajattelua pajan toiminnassa edustavat Kyberalan toimitusjohtaja\u00a0<strong>Peter Sund<\/strong>\u00a0sek\u00e4 yhdistyksen johtoryhm\u00e4n j\u00e4sen\u00a0<strong>Valtteri Vuorisalo<\/strong>.<\/p>\n\n\n\n<p>Sundin mukaan on t\u00e4rke\u00e4\u00e4 kehitt\u00e4\u00e4 ja osallistua Pohjoismaiden ja Baltian yhteiseen osaamiseen kehitt\u00e4miseen. Keskeisimpi\u00e4 asioita h\u00e4nen mukaansa ovat alan osaajapulan ratkaiseminen sek\u00e4 my\u00f6s ns. kansalaistaitojen kehitt\u00e4minen.<br><br><a href=\"https:\/\/cyberbridgeforum.com\/\" target=\"_blank\" rel=\"noreferrer noopener\">Lue lis\u00e4\u00e4<\/a><\/p>\n\n\n\n<div class=\"wp-block-scb-columns scb-columns  has-mobile-behavior--stacked em-pattern-event-contacts\">\n<div class=\"wp-block-scb-column scb-column\">\n<h2 class=\"wp-block-heading\" id=\"lisatietoja\">Lis\u00e4tietoja<\/h2>\n\n\n<\/div>\n<\/div>\n","protected":false},"excerpt":{"rendered":"<p>Kyberala ry:st\u00e4 on valittu kaksi henkil\u00f6\u00e4 mukaan pohjoismaisen ministerineuvoston rahoittamaan kyberturvallisuuden koulutukseen keskittyv\u00e4\u00e4n ajatuspajaan, Cyber Bridge Forumiin. Suomalaista alan ajattelua pajan toiminnassa edustavat Kyberalan toimitusjohtaja\u00a0Peter Sund\u00a0sek\u00e4 yhdistyksen johtoryhm\u00e4n j\u00e4sen\u00a0Valtteri Vuorisalo. Sundin mukaan on t\u00e4rke\u00e4\u00e4 kehitt\u00e4\u00e4 ja osallistua Pohjoismaiden ja Baltian yhteiseen osaamiseen kehitt\u00e4miseen. Keskeisimpi\u00e4 asioita h\u00e4nen mukaansa ovat alan osaajapulan ratkaiseminen sek\u00e4 my\u00f6s ns. kansalaistaitojen [&hellip;]<\/p>\n","protected":false},"author":52,"featured_media":217,"comment_status":"closed","ping_status":"closed","sticky":false,"template":"","format":"standard","meta":{"_acf_changed":false,"_relevanssi_hide_post":"","_relevanssi_hide_content":"","_relevanssi_pin_for_all":"","_relevanssi_pin_keywords":"","_relevanssi_unpin_keywords":"","_relevanssi_related_keywords":"","_relevanssi_related_include_ids":"","_relevanssi_related_exclude_ids":"","_relevanssi_related_no_append":"","_relevanssi_related_not_related":"","_relevanssi_related_posts":"55,269,48,266,54,251","_relevanssi_noindex_reason":"","inline_featured_image":false,"footnotes":""},"categories":[14],"tags":[],"em_industry":[],"em_theme":[],"class_list":["post-272","post","type-post","status-publish","format-standard","has-post-thumbnail","hentry","category-uutinen"],"acf":[],"yoast_head":"<!-- This site is optimized with the Yoast SEO Premium plugin v27.1 (Yoast SEO v27.5) - https:\/\/yoast.com\/product\/yoast-seo-premium-wordpress\/ -->\n<title>Kyberala mukaan pohjoismaisen ajatuspajan toimintaan - Kyberala<\/title>\n<meta name=\"robots\" content=\"index, follow, max-snippet:-1, max-image-preview:large, max-video-preview:-1\" \/>\n<link rel=\"canonical\" href=\"https:\/\/teknologiateollisuus.fi\/fisc\/kyberala-mukaan-pohjoismaisen-ajatuspajan-toimintaan\/\" \/>\n<meta property=\"og:locale\" content=\"fi_FI\" \/>\n<meta property=\"og:type\" content=\"article\" \/>\n<meta property=\"og:title\" content=\"Kyberala mukaan pohjoismaisen ajatuspajan toimintaan\" \/>\n<meta property=\"og:description\" content=\"Kyberala ry:st\u00e4 on valittu kaksi henkil\u00f6\u00e4 mukaan pohjoismaisen ministerineuvoston rahoittamaan kyberturvallisuuden koulutukseen keskittyv\u00e4\u00e4n ajatuspajaan, Cyber Bridge Forumiin. Suomalaista alan ajattelua pajan toiminnassa edustavat Kyberalan toimitusjohtaja\u00a0Peter Sund\u00a0sek\u00e4 yhdistyksen johtoryhm\u00e4n j\u00e4sen\u00a0Valtteri Vuorisalo. Sundin mukaan on t\u00e4rke\u00e4\u00e4 kehitt\u00e4\u00e4 ja osallistua Pohjoismaiden ja Baltian yhteiseen osaamiseen kehitt\u00e4miseen. Keskeisimpi\u00e4 asioita h\u00e4nen mukaansa ovat alan osaajapulan ratkaiseminen sek\u00e4 my\u00f6s ns. kansalaistaitojen [&hellip;]\" \/>\n<meta property=\"og:url\" content=\"https:\/\/teknologiateollisuus.fi\/fisc\/kyberala-mukaan-pohjoismaisen-ajatuspajan-toimintaan\/\" \/>\n<meta property=\"og:site_name\" content=\"Kyberala\" \/>\n<meta property=\"article:published_time\" content=\"2024-02-05T09:32:48+00:00\" \/>\n<meta property=\"article:modified_time\" content=\"2024-09-24T08:34:22+00:00\" \/>\n<meta property=\"og:image\" content=\"https:\/\/teknologiateollisuus.fi\/fisc\/wp-content\/uploads\/sites\/11\/2024\/09\/digital-8280787_1280.jpg\" \/>\n\t<meta property=\"og:image:width\" content=\"1280\" \/>\n\t<meta property=\"og:image:height\" content=\"717\" \/>\n\t<meta property=\"og:image:type\" content=\"image\/jpeg\" \/>\n<meta name=\"author\" content=\"sariln\" \/>\n<meta name=\"twitter:card\" content=\"summary_large_image\" \/>\n<meta name=\"twitter:label1\" content=\"Kirjoittanut\" \/>\n\t<meta name=\"twitter:data1\" content=\"sariln\" \/>\n\t<meta name=\"twitter:label2\" content=\"Arvioitu lukuaika\" \/>\n\t<meta name=\"twitter:data2\" content=\"1 minuutti\" \/>\n<script type=\"application\/ld+json\" class=\"yoast-schema-graph\">{\"@context\":\"https:\\\/\\\/schema.org\",\"@graph\":[{\"@type\":\"Article\",\"@id\":\"https:\\\/\\\/teknologiateollisuus.fi\\\/fisc\\\/kyberala-mukaan-pohjoismaisen-ajatuspajan-toimintaan\\\/#article\",\"isPartOf\":{\"@id\":\"https:\\\/\\\/teknologiateollisuus.fi\\\/fisc\\\/kyberala-mukaan-pohjoismaisen-ajatuspajan-toimintaan\\\/\"},\"author\":{\"name\":\"sariln\",\"@id\":\"https:\\\/\\\/teknologiateollisuus.fi\\\/fisc\\\/#\\\/schema\\\/person\\\/04f1851db172c3cb844eb5ef7013477b\"},\"headline\":\"Kyberala mukaan pohjoismaisen ajatuspajan toimintaan\",\"datePublished\":\"2024-02-05T09:32:48+00:00\",\"dateModified\":\"2024-09-24T08:34:22+00:00\",\"mainEntityOfPage\":{\"@id\":\"https:\\\/\\\/teknologiateollisuus.fi\\\/fisc\\\/kyberala-mukaan-pohjoismaisen-ajatuspajan-toimintaan\\\/\"},\"wordCount\":77,\"image\":{\"@id\":\"https:\\\/\\\/teknologiateollisuus.fi\\\/fisc\\\/kyberala-mukaan-pohjoismaisen-ajatuspajan-toimintaan\\\/#primaryimage\"},\"thumbnailUrl\":\"https:\\\/\\\/teknologiateollisuus.fi\\\/fisc\\\/wp-content\\\/uploads\\\/sites\\\/11\\\/2024\\\/09\\\/digital-8280787_1280.jpg\",\"articleSection\":[\"Uutiset\"],\"inLanguage\":\"fi\"},{\"@type\":\"WebPage\",\"@id\":\"https:\\\/\\\/teknologiateollisuus.fi\\\/fisc\\\/kyberala-mukaan-pohjoismaisen-ajatuspajan-toimintaan\\\/\",\"url\":\"https:\\\/\\\/teknologiateollisuus.fi\\\/fisc\\\/kyberala-mukaan-pohjoismaisen-ajatuspajan-toimintaan\\\/\",\"name\":\"Kyberala mukaan pohjoismaisen ajatuspajan toimintaan - Kyberala\",\"isPartOf\":{\"@id\":\"https:\\\/\\\/teknologiateollisuus.fi\\\/fisc\\\/#website\"},\"primaryImageOfPage\":{\"@id\":\"https:\\\/\\\/teknologiateollisuus.fi\\\/fisc\\\/kyberala-mukaan-pohjoismaisen-ajatuspajan-toimintaan\\\/#primaryimage\"},\"image\":{\"@id\":\"https:\\\/\\\/teknologiateollisuus.fi\\\/fisc\\\/kyberala-mukaan-pohjoismaisen-ajatuspajan-toimintaan\\\/#primaryimage\"},\"thumbnailUrl\":\"https:\\\/\\\/teknologiateollisuus.fi\\\/fisc\\\/wp-content\\\/uploads\\\/sites\\\/11\\\/2024\\\/09\\\/digital-8280787_1280.jpg\",\"datePublished\":\"2024-02-05T09:32:48+00:00\",\"dateModified\":\"2024-09-24T08:34:22+00:00\",\"author\":{\"@id\":\"https:\\\/\\\/teknologiateollisuus.fi\\\/fisc\\\/#\\\/schema\\\/person\\\/04f1851db172c3cb844eb5ef7013477b\"},\"breadcrumb\":{\"@id\":\"https:\\\/\\\/teknologiateollisuus.fi\\\/fisc\\\/kyberala-mukaan-pohjoismaisen-ajatuspajan-toimintaan\\\/#breadcrumb\"},\"inLanguage\":\"fi\",\"potentialAction\":[{\"@type\":\"ReadAction\",\"target\":[\"https:\\\/\\\/teknologiateollisuus.fi\\\/fisc\\\/kyberala-mukaan-pohjoismaisen-ajatuspajan-toimintaan\\\/\"]}]},{\"@type\":\"ImageObject\",\"inLanguage\":\"fi\",\"@id\":\"https:\\\/\\\/teknologiateollisuus.fi\\\/fisc\\\/kyberala-mukaan-pohjoismaisen-ajatuspajan-toimintaan\\\/#primaryimage\",\"url\":\"https:\\\/\\\/teknologiateollisuus.fi\\\/fisc\\\/wp-content\\\/uploads\\\/sites\\\/11\\\/2024\\\/09\\\/digital-8280787_1280.jpg\",\"contentUrl\":\"https:\\\/\\\/teknologiateollisuus.fi\\\/fisc\\\/wp-content\\\/uploads\\\/sites\\\/11\\\/2024\\\/09\\\/digital-8280787_1280.jpg\",\"width\":1280,\"height\":717,\"caption\":\"Bin\u00e4\u00e4rist\u00e4 koodia hy\u00f6dynt\u00e4v\u00e4 visualisointi\"},{\"@type\":\"BreadcrumbList\",\"@id\":\"https:\\\/\\\/teknologiateollisuus.fi\\\/fisc\\\/kyberala-mukaan-pohjoismaisen-ajatuspajan-toimintaan\\\/#breadcrumb\",\"itemListElement\":[{\"@type\":\"ListItem\",\"position\":1,\"name\":\"Etusivu\",\"item\":\"https:\\\/\\\/teknologiateollisuus.fi\\\/fisc\\\/\"},{\"@type\":\"ListItem\",\"position\":2,\"name\":\"Ajankohtaista\",\"item\":\"https:\\\/\\\/teknologiateollisuus.fi\\\/fisc\\\/ajankohtaista\\\/\"},{\"@type\":\"ListItem\",\"position\":3,\"name\":\"Kyberala mukaan pohjoismaisen ajatuspajan toimintaan\"}]},{\"@type\":\"WebSite\",\"@id\":\"https:\\\/\\\/teknologiateollisuus.fi\\\/fisc\\\/#website\",\"url\":\"https:\\\/\\\/teknologiateollisuus.fi\\\/fisc\\\/\",\"name\":\"Kyberala\",\"description\":\"\",\"potentialAction\":[{\"@type\":\"SearchAction\",\"target\":{\"@type\":\"EntryPoint\",\"urlTemplate\":\"https:\\\/\\\/teknologiateollisuus.fi\\\/fisc\\\/?s={search_term_string}\"},\"query-input\":{\"@type\":\"PropertyValueSpecification\",\"valueRequired\":true,\"valueName\":\"search_term_string\"}}],\"inLanguage\":\"fi\"},{\"@type\":\"Person\",\"@id\":\"https:\\\/\\\/teknologiateollisuus.fi\\\/fisc\\\/#\\\/schema\\\/person\\\/04f1851db172c3cb844eb5ef7013477b\",\"name\":\"sariln\",\"image\":{\"@type\":\"ImageObject\",\"inLanguage\":\"fi\",\"@id\":\"https:\\\/\\\/secure.gravatar.com\\\/avatar\\\/b0d71eb7dd8c2e519cb3b18042527a61bb28fd4626cd030cad6c6477dfef6497?s=96&d=mm&r=g\",\"url\":\"https:\\\/\\\/secure.gravatar.com\\\/avatar\\\/b0d71eb7dd8c2e519cb3b18042527a61bb28fd4626cd030cad6c6477dfef6497?s=96&d=mm&r=g\",\"contentUrl\":\"https:\\\/\\\/secure.gravatar.com\\\/avatar\\\/b0d71eb7dd8c2e519cb3b18042527a61bb28fd4626cd030cad6c6477dfef6497?s=96&d=mm&r=g\",\"caption\":\"sariln\"}}]}<\/script>\n<!-- \/ Yoast SEO Premium plugin. -->","yoast_head_json":{"title":"Kyberala mukaan pohjoismaisen ajatuspajan toimintaan - Kyberala","robots":{"index":"index","follow":"follow","max-snippet":"max-snippet:-1","max-image-preview":"max-image-preview:large","max-video-preview":"max-video-preview:-1"},"canonical":"https:\/\/teknologiateollisuus.fi\/fisc\/kyberala-mukaan-pohjoismaisen-ajatuspajan-toimintaan\/","og_locale":"fi_FI","og_type":"article","og_title":"Kyberala mukaan pohjoismaisen ajatuspajan toimintaan","og_description":"Kyberala ry:st\u00e4 on valittu kaksi henkil\u00f6\u00e4 mukaan pohjoismaisen ministerineuvoston rahoittamaan kyberturvallisuuden koulutukseen keskittyv\u00e4\u00e4n ajatuspajaan, Cyber Bridge Forumiin. Suomalaista alan ajattelua pajan toiminnassa edustavat Kyberalan toimitusjohtaja\u00a0Peter Sund\u00a0sek\u00e4 yhdistyksen johtoryhm\u00e4n j\u00e4sen\u00a0Valtteri Vuorisalo. Sundin mukaan on t\u00e4rke\u00e4\u00e4 kehitt\u00e4\u00e4 ja osallistua Pohjoismaiden ja Baltian yhteiseen osaamiseen kehitt\u00e4miseen. Keskeisimpi\u00e4 asioita h\u00e4nen mukaansa ovat alan osaajapulan ratkaiseminen sek\u00e4 my\u00f6s ns. kansalaistaitojen [&hellip;]","og_url":"https:\/\/teknologiateollisuus.fi\/fisc\/kyberala-mukaan-pohjoismaisen-ajatuspajan-toimintaan\/","og_site_name":"Kyberala","article_published_time":"2024-02-05T09:32:48+00:00","article_modified_time":"2024-09-24T08:34:22+00:00","og_image":[{"width":1280,"height":717,"url":"https:\/\/teknologiateollisuus.fi\/fisc\/wp-content\/uploads\/sites\/11\/2024\/09\/digital-8280787_1280.jpg","type":"image\/jpeg"}],"author":"sariln","twitter_card":"summary_large_image","twitter_misc":{"Kirjoittanut":"sariln","Arvioitu lukuaika":"1 minuutti"},"schema":{"@context":"https:\/\/schema.org","@graph":[{"@type":"Article","@id":"https:\/\/teknologiateollisuus.fi\/fisc\/kyberala-mukaan-pohjoismaisen-ajatuspajan-toimintaan\/#article","isPartOf":{"@id":"https:\/\/teknologiateollisuus.fi\/fisc\/kyberala-mukaan-pohjoismaisen-ajatuspajan-toimintaan\/"},"author":{"name":"sariln","@id":"https:\/\/teknologiateollisuus.fi\/fisc\/#\/schema\/person\/04f1851db172c3cb844eb5ef7013477b"},"headline":"Kyberala mukaan pohjoismaisen ajatuspajan toimintaan","datePublished":"2024-02-05T09:32:48+00:00","dateModified":"2024-09-24T08:34:22+00:00","mainEntityOfPage":{"@id":"https:\/\/teknologiateollisuus.fi\/fisc\/kyberala-mukaan-pohjoismaisen-ajatuspajan-toimintaan\/"},"wordCount":77,"image":{"@id":"https:\/\/teknologiateollisuus.fi\/fisc\/kyberala-mukaan-pohjoismaisen-ajatuspajan-toimintaan\/#primaryimage"},"thumbnailUrl":"https:\/\/teknologiateollisuus.fi\/fisc\/wp-content\/uploads\/sites\/11\/2024\/09\/digital-8280787_1280.jpg","articleSection":["Uutiset"],"inLanguage":"fi"},{"@type":"WebPage","@id":"https:\/\/teknologiateollisuus.fi\/fisc\/kyberala-mukaan-pohjoismaisen-ajatuspajan-toimintaan\/","url":"https:\/\/teknologiateollisuus.fi\/fisc\/kyberala-mukaan-pohjoismaisen-ajatuspajan-toimintaan\/","name":"Kyberala mukaan pohjoismaisen ajatuspajan toimintaan - Kyberala","isPartOf":{"@id":"https:\/\/teknologiateollisuus.fi\/fisc\/#website"},"primaryImageOfPage":{"@id":"https:\/\/teknologiateollisuus.fi\/fisc\/kyberala-mukaan-pohjoismaisen-ajatuspajan-toimintaan\/#primaryimage"},"image":{"@id":"https:\/\/teknologiateollisuus.fi\/fisc\/kyberala-mukaan-pohjoismaisen-ajatuspajan-toimintaan\/#primaryimage"},"thumbnailUrl":"https:\/\/teknologiateollisuus.fi\/fisc\/wp-content\/uploads\/sites\/11\/2024\/09\/digital-8280787_1280.jpg","datePublished":"2024-02-05T09:32:48+00:00","dateModified":"2024-09-24T08:34:22+00:00","author":{"@id":"https:\/\/teknologiateollisuus.fi\/fisc\/#\/schema\/person\/04f1851db172c3cb844eb5ef7013477b"},"breadcrumb":{"@id":"https:\/\/teknologiateollisuus.fi\/fisc\/kyberala-mukaan-pohjoismaisen-ajatuspajan-toimintaan\/#breadcrumb"},"inLanguage":"fi","potentialAction":[{"@type":"ReadAction","target":["https:\/\/teknologiateollisuus.fi\/fisc\/kyberala-mukaan-pohjoismaisen-ajatuspajan-toimintaan\/"]}]},{"@type":"ImageObject","inLanguage":"fi","@id":"https:\/\/teknologiateollisuus.fi\/fisc\/kyberala-mukaan-pohjoismaisen-ajatuspajan-toimintaan\/#primaryimage","url":"https:\/\/teknologiateollisuus.fi\/fisc\/wp-content\/uploads\/sites\/11\/2024\/09\/digital-8280787_1280.jpg","contentUrl":"https:\/\/teknologiateollisuus.fi\/fisc\/wp-content\/uploads\/sites\/11\/2024\/09\/digital-8280787_1280.jpg","width":1280,"height":717,"caption":"Bin\u00e4\u00e4rist\u00e4 koodia hy\u00f6dynt\u00e4v\u00e4 visualisointi"},{"@type":"BreadcrumbList","@id":"https:\/\/teknologiateollisuus.fi\/fisc\/kyberala-mukaan-pohjoismaisen-ajatuspajan-toimintaan\/#breadcrumb","itemListElement":[{"@type":"ListItem","position":1,"name":"Etusivu","item":"https:\/\/teknologiateollisuus.fi\/fisc\/"},{"@type":"ListItem","position":2,"name":"Ajankohtaista","item":"https:\/\/teknologiateollisuus.fi\/fisc\/ajankohtaista\/"},{"@type":"ListItem","position":3,"name":"Kyberala mukaan pohjoismaisen ajatuspajan toimintaan"}]},{"@type":"WebSite","@id":"https:\/\/teknologiateollisuus.fi\/fisc\/#website","url":"https:\/\/teknologiateollisuus.fi\/fisc\/","name":"Kyberala","description":"","potentialAction":[{"@type":"SearchAction","target":{"@type":"EntryPoint","urlTemplate":"https:\/\/teknologiateollisuus.fi\/fisc\/?s={search_term_string}"},"query-input":{"@type":"PropertyValueSpecification","valueRequired":true,"valueName":"search_term_string"}}],"inLanguage":"fi"},{"@type":"Person","@id":"https:\/\/teknologiateollisuus.fi\/fisc\/#\/schema\/person\/04f1851db172c3cb844eb5ef7013477b","name":"sariln","image":{"@type":"ImageObject","inLanguage":"fi","@id":"https:\/\/secure.gravatar.com\/avatar\/b0d71eb7dd8c2e519cb3b18042527a61bb28fd4626cd030cad6c6477dfef6497?s=96&d=mm&r=g","url":"https:\/\/secure.gravatar.com\/avatar\/b0d71eb7dd8c2e519cb3b18042527a61bb28fd4626cd030cad6c6477dfef6497?s=96&d=mm&r=g","contentUrl":"https:\/\/secure.gravatar.com\/avatar\/b0d71eb7dd8c2e519cb3b18042527a61bb28fd4626cd030cad6c6477dfef6497?s=96&d=mm&r=g","caption":"sariln"}}]}},"lang":"fi","translations":{"fi":272},"pll_sync_post":{},"_links":{"self":[{"href":"https:\/\/teknologiateollisuus.fi\/fisc\/wp-json\/wp\/v2\/posts\/272","targetHints":{"allow":["GET"]}}],"collection":[{"href":"https:\/\/teknologiateollisuus.fi\/fisc\/wp-json\/wp\/v2\/posts"}],"about":[{"href":"https:\/\/teknologiateollisuus.fi\/fisc\/wp-json\/wp\/v2\/types\/post"}],"author":[{"embeddable":true,"href":"https:\/\/teknologiateollisuus.fi\/fisc\/wp-json\/wp\/v2\/users\/52"}],"replies":[{"embeddable":true,"href":"https:\/\/teknologiateollisuus.fi\/fisc\/wp-json\/wp\/v2\/comments?post=272"}],"version-history":[{"count":1,"href":"https:\/\/teknologiateollisuus.fi\/fisc\/wp-json\/wp\/v2\/posts\/272\/revisions"}],"predecessor-version":[{"id":273,"href":"https:\/\/teknologiateollisuus.fi\/fisc\/wp-json\/wp\/v2\/posts\/272\/revisions\/273"}],"wp:featuredmedia":[{"embeddable":true,"href":"https:\/\/teknologiateollisuus.fi\/fisc\/wp-json\/wp\/v2\/media\/217"}],"wp:attachment":[{"href":"https:\/\/teknologiateollisuus.fi\/fisc\/wp-json\/wp\/v2\/media?parent=272"}],"wp:term":[{"taxonomy":"category","embeddable":true,"href":"https:\/\/teknologiateollisuus.fi\/fisc\/wp-json\/wp\/v2\/categories?post=272"},{"taxonomy":"post_tag","embeddable":true,"href":"https:\/\/teknologiateollisuus.fi\/fisc\/wp-json\/wp\/v2\/tags?post=272"},{"taxonomy":"em_industry","embeddable":true,"href":"https:\/\/teknologiateollisuus.fi\/fisc\/wp-json\/wp\/v2\/em_industry?post=272"},{"taxonomy":"em_theme","embeddable":true,"href":"https:\/\/teknologiateollisuus.fi\/fisc\/wp-json\/wp\/v2\/em_theme?post=272"}],"curies":[{"name":"wp","href":"https:\/\/api.w.org\/{rel}","templated":true}]}}