{"id":627,"date":"2025-03-14T12:54:29","date_gmt":"2025-03-14T10:54:29","guid":{"rendered":"https:\/\/teknologiateollisuus.fi\/fisc\/?p=627"},"modified":"2025-03-14T12:54:30","modified_gmt":"2025-03-14T10:54:30","slug":"vahvistetaan-kyberturvallisuutta-julkisen-ja-yksityisen-sektorin-yhteistyolla","status":"publish","type":"post","link":"https:\/\/teknologiateollisuus.fi\/fisc\/vahvistetaan-kyberturvallisuutta-julkisen-ja-yksityisen-sektorin-yhteistyolla\/","title":{"rendered":"Vahvistetaan kyberturvallisuutta julkisen ja yksityisen sektorin yhteisty\u00f6ll\u00e4"},"content":{"rendered":"\n<p>Wieniss\u00e4 j\u00e4rjestetyss\u00e4 Euroopan turvallisuus- ja yhteisty\u00f6j\u00e4rjest\u00f6n (ETYJ) kokouksessa k\u00e4siteltiin julkisen ja yksityisen sektorin yhteisty\u00f6n (Public-Private Partnership, PPP) merkityst\u00e4 kyberturvallisuuden hallinnassa. Kyberalan toimitusjohtaja <strong>Peter Sund <\/strong>piti kokouksessa esitelm\u00e4n elinkeino- ja teollisuusn\u00e4k\u00f6kumasta. Muita esiintyji\u00e4 olivat Traficomin Kyberturvallisuuskeskus sek\u00e4 Aalto-yliopisto.&nbsp;<\/p>\n\n\n\n<p>Sund korosti esityksess\u00e4\u00e4n, ett\u00e4 PPP on keskeinen tekij\u00e4 kyberturvallisuuden vahvistamisessa. Kyberturvallisuuden eri osa-alueet, kuten politiikkatoimien koordinointi, diplomatia, puolustus, digimarkkinan valvonta, kyberrikollisuuden torjunta ja taloudellisen turvallisuuden varmistaminen sis\u00e4lt\u00e4v\u00e4t kaikki PPP-ulottuvuuden.<\/p>\n\n\n\n<p>\u2013 Valtion tulisi omaksua enemm\u00e4n mahdollistava ja palveleva rooli ja edist\u00e4\u00e4 ennaltaehk\u00e4isevi\u00e4 toimenpiteit\u00e4 reaktiivisen toiminnan sijaan, Sund painotti.<\/p>\n\n\n\n<p>Puheen sis\u00e4lt\u00f6 keskittyi seuraaviin asioihin:<\/p>\n\n\n\n<p>\ud83d\udc49 PPP (julkisen ja yksityisen sektorin kumppanuus) on ainoa onnistunut strategia kyberturvallisuuden parantamiseksi koko yhteiskunnassa.&nbsp;<\/p>\n\n\n\n<p>\ud83d\udc49 Tiedon omistajat ovat avainasemassa, koska he hallitsevat tietojaan ja j\u00e4rjestelmi\u00e4\u00e4n, ja koska yritykset sek\u00e4 yhteis\u00f6t muodostavat 99 % nykyaikaisten yhteiskuntien digitaalisesta pinnasta.&nbsp;<\/p>\n\n\n\n<p>\u00a0\ud83d\udc49 Kaikki politiikkatoimet tulisi toteuttaa kansainv\u00e4lisen lain puitteissa ja taloudellista hyvinvointia edist\u00e4en.<\/p>\n\n\n\n<p>\u2013 Kyberturvallisuusalan yritykset kehitt\u00e4v\u00e4t ratkaisut kyberturvallisuusriskien hallintaan. Datan haltijat ovat avainasemassa kyberturvallisuuden vahvistamisessa ja ratkaisujen k\u00e4ytt\u00f6\u00f6notossa, Sund korosti.<\/p>\n\n\n\n<p>Tilaisuus j\u00e4rjestettiin osana Suomen ETYJ-puheenjohtajuuskautta. <\/p>\n\n\n\n<div class=\"wp-block-scb-columns scb-columns  has-mobile-behavior--stacked em-pattern-event-contacts\">\n<div class=\"wp-block-scb-column scb-column\">\n<h2 class=\"wp-block-heading\" id=\"h-lisatietoja\" id=\"lisatietoja\">Lis\u00e4tietoja<\/h2>\n\n\n\n<article class=\"em-block-contact-card is-style-list\">\n\n\t<div class=\"em-block-contact-card__image\">\n\t\t\t\t\t<img loading=\"lazy\" decoding=\"async\" width=\"300\" height=\"400\" src=\"https:\/\/teknologiateollisuus.fi\/fisc\/wp-content\/uploads\/sites\/11\/2024\/09\/Peter_Sund_netti.png\" class=\"attachment-portrait size-portrait\" alt=\"Peter Sund\" \/>\t\t\t<\/div>\n\t<div class=\"em-block-contact-card__content-wrapper\">\n\t\t<div class=\"em-block-contact-card__content\">\n\t\t\t\t\t\t<h3 class=\"em-block-contact-card__title\"><a target=\"_self\" href=\"https:\/\/teknologiateollisuus.fi\/fisc\/contacts\/peter-sund\/\">Peter Sund<\/a><\/h3>\n\t\t\t\t\t\t\t<span class=\"em-block-contact-card__job_title\">Toimitusjohtaja<\/span>\n\t\t\t\t\t\t<span class=\"em-block-contact-card__organisation\">Finnish Information Security Cluster \u2013 Kyberala ry<\/span>\n\t\t<\/div>\n\t\t<div class=\"em-block-contact-card__content\">\n\t\t\t\t\t\t<address class=\"em-block-contact-card__contact-details\">\n\t\t\t\t<span class=\"em-block-contact-card__phone\">\n\t\t\t\t\t<a href=\"tel:+358 50 565 0621\">+358 50 565 0621<\/a>\n\t\t\t\t<\/span>\n\t\t\t\t<span class=\"em-block-contact-card__email\">\n\t\t\t\t\t<a href=\"mailto:peter.sund@teknologiateollisuus.fi\">peter.sund@teknologiateollisuus.fi<\/a>\n\t\t\t\t<\/span>\n\t\t\t<\/address>\n\t\t\t\t\t<\/div>\n\t<\/div>\n\n<\/article>\n<\/div>\n<\/div>\n","protected":false},"excerpt":{"rendered":"<p>Wieniss\u00e4 j\u00e4rjestetyss\u00e4 Euroopan turvallisuus- ja yhteisty\u00f6j\u00e4rjest\u00f6n (ETYJ) kokouksessa k\u00e4siteltiin julkisen ja yksityisen sektorin yhteisty\u00f6n (Public-Private Partnership, PPP) merkityst\u00e4 kyberturvallisuuden hallinnassa. Kyberalan toimitusjohtaja Peter Sund piti kokouksessa esitelm\u00e4n elinkeino- ja teollisuusn\u00e4k\u00f6kumasta. Muita esiintyji\u00e4 olivat Traficomin Kyberturvallisuuskeskus sek\u00e4 Aalto-yliopisto.&nbsp; Sund korosti esityksess\u00e4\u00e4n, ett\u00e4 PPP on keskeinen tekij\u00e4 kyberturvallisuuden vahvistamisessa. Kyberturvallisuuden eri osa-alueet, kuten politiikkatoimien koordinointi, diplomatia, puolustus, [&hellip;]<\/p>\n","protected":false},"author":8,"featured_media":628,"comment_status":"closed","ping_status":"closed","sticky":false,"template":"","format":"standard","meta":{"_acf_changed":false,"_relevanssi_hide_post":"","_relevanssi_hide_content":"","_relevanssi_pin_for_all":"","_relevanssi_pin_keywords":"","_relevanssi_unpin_keywords":"","_relevanssi_related_keywords":"","_relevanssi_related_include_ids":"","_relevanssi_related_exclude_ids":"","_relevanssi_related_no_append":"","_relevanssi_related_not_related":"","_relevanssi_related_posts":"266,251,272,506,256,54","_relevanssi_noindex_reason":"","inline_featured_image":false,"footnotes":""},"categories":[14],"tags":[],"em_industry":[],"em_theme":[],"class_list":["post-627","post","type-post","status-publish","format-standard","has-post-thumbnail","hentry","category-uutinen"],"acf":[],"yoast_head":"<!-- This site is optimized with the Yoast SEO Premium plugin v27.1 (Yoast SEO v27.5) - https:\/\/yoast.com\/product\/yoast-seo-premium-wordpress\/ -->\n<title>Vahvistetaan kyberturvallisuutta julkisen ja yksityisen sektorin yhteisty\u00f6ll\u00e4 - Kyberala<\/title>\n<meta name=\"robots\" content=\"index, follow, max-snippet:-1, max-image-preview:large, max-video-preview:-1\" \/>\n<link rel=\"canonical\" href=\"https:\/\/teknologiateollisuus.fi\/fisc\/vahvistetaan-kyberturvallisuutta-julkisen-ja-yksityisen-sektorin-yhteistyolla\/\" \/>\n<meta property=\"og:locale\" content=\"fi_FI\" \/>\n<meta property=\"og:type\" content=\"article\" \/>\n<meta property=\"og:title\" content=\"Vahvistetaan kyberturvallisuutta julkisen ja yksityisen sektorin yhteisty\u00f6ll\u00e4\" \/>\n<meta property=\"og:description\" content=\"Wieniss\u00e4 j\u00e4rjestetyss\u00e4 Euroopan turvallisuus- ja yhteisty\u00f6j\u00e4rjest\u00f6n (ETYJ) kokouksessa k\u00e4siteltiin julkisen ja yksityisen sektorin yhteisty\u00f6n (Public-Private Partnership, PPP) merkityst\u00e4 kyberturvallisuuden hallinnassa. Kyberalan toimitusjohtaja Peter Sund piti kokouksessa esitelm\u00e4n elinkeino- ja teollisuusn\u00e4k\u00f6kumasta. Muita esiintyji\u00e4 olivat Traficomin Kyberturvallisuuskeskus sek\u00e4 Aalto-yliopisto.&nbsp; Sund korosti esityksess\u00e4\u00e4n, ett\u00e4 PPP on keskeinen tekij\u00e4 kyberturvallisuuden vahvistamisessa. Kyberturvallisuuden eri osa-alueet, kuten politiikkatoimien koordinointi, diplomatia, puolustus, [&hellip;]\" \/>\n<meta property=\"og:url\" content=\"https:\/\/teknologiateollisuus.fi\/fisc\/vahvistetaan-kyberturvallisuutta-julkisen-ja-yksityisen-sektorin-yhteistyolla\/\" \/>\n<meta property=\"og:site_name\" content=\"Kyberala\" \/>\n<meta property=\"article:published_time\" content=\"2025-03-14T10:54:29+00:00\" \/>\n<meta property=\"article:modified_time\" content=\"2025-03-14T10:54:30+00:00\" \/>\n<meta property=\"og:image\" content=\"https:\/\/teknologiateollisuus.fi\/fisc\/wp-content\/uploads\/sites\/11\/2025\/03\/Image.jpeg\" \/>\n\t<meta property=\"og:image:width\" content=\"800\" \/>\n\t<meta property=\"og:image:height\" content=\"428\" \/>\n\t<meta property=\"og:image:type\" content=\"image\/jpeg\" \/>\n<meta name=\"author\" content=\"Antton Lounasheimo\" \/>\n<meta name=\"twitter:card\" content=\"summary_large_image\" \/>\n<meta name=\"twitter:label1\" content=\"Kirjoittanut\" \/>\n\t<meta name=\"twitter:data1\" content=\"Antton Lounasheimo\" \/>\n\t<meta name=\"twitter:label2\" content=\"Arvioitu lukuaika\" \/>\n\t<meta name=\"twitter:data2\" content=\"2 minuuttia\" \/>\n<script type=\"application\/ld+json\" class=\"yoast-schema-graph\">{\"@context\":\"https:\\\/\\\/schema.org\",\"@graph\":[{\"@type\":\"Article\",\"@id\":\"https:\\\/\\\/teknologiateollisuus.fi\\\/fisc\\\/vahvistetaan-kyberturvallisuutta-julkisen-ja-yksityisen-sektorin-yhteistyolla\\\/#article\",\"isPartOf\":{\"@id\":\"https:\\\/\\\/teknologiateollisuus.fi\\\/fisc\\\/vahvistetaan-kyberturvallisuutta-julkisen-ja-yksityisen-sektorin-yhteistyolla\\\/\"},\"author\":{\"name\":\"Antton Lounasheimo\",\"@id\":\"https:\\\/\\\/teknologiateollisuus.fi\\\/fisc\\\/#\\\/schema\\\/person\\\/a7d35310aac3cb4d8d8d5786f8299948\"},\"headline\":\"Vahvistetaan kyberturvallisuutta julkisen ja yksityisen sektorin yhteisty\u00f6ll\u00e4\",\"datePublished\":\"2025-03-14T10:54:29+00:00\",\"dateModified\":\"2025-03-14T10:54:30+00:00\",\"mainEntityOfPage\":{\"@id\":\"https:\\\/\\\/teknologiateollisuus.fi\\\/fisc\\\/vahvistetaan-kyberturvallisuutta-julkisen-ja-yksityisen-sektorin-yhteistyolla\\\/\"},\"wordCount\":194,\"image\":{\"@id\":\"https:\\\/\\\/teknologiateollisuus.fi\\\/fisc\\\/vahvistetaan-kyberturvallisuutta-julkisen-ja-yksityisen-sektorin-yhteistyolla\\\/#primaryimage\"},\"thumbnailUrl\":\"https:\\\/\\\/teknologiateollisuus.fi\\\/fisc\\\/wp-content\\\/uploads\\\/sites\\\/11\\\/2025\\\/03\\\/Image.jpeg\",\"articleSection\":[\"Uutiset\"],\"inLanguage\":\"fi\"},{\"@type\":\"WebPage\",\"@id\":\"https:\\\/\\\/teknologiateollisuus.fi\\\/fisc\\\/vahvistetaan-kyberturvallisuutta-julkisen-ja-yksityisen-sektorin-yhteistyolla\\\/\",\"url\":\"https:\\\/\\\/teknologiateollisuus.fi\\\/fisc\\\/vahvistetaan-kyberturvallisuutta-julkisen-ja-yksityisen-sektorin-yhteistyolla\\\/\",\"name\":\"Vahvistetaan kyberturvallisuutta julkisen ja yksityisen sektorin yhteisty\u00f6ll\u00e4 - Kyberala\",\"isPartOf\":{\"@id\":\"https:\\\/\\\/teknologiateollisuus.fi\\\/fisc\\\/#website\"},\"primaryImageOfPage\":{\"@id\":\"https:\\\/\\\/teknologiateollisuus.fi\\\/fisc\\\/vahvistetaan-kyberturvallisuutta-julkisen-ja-yksityisen-sektorin-yhteistyolla\\\/#primaryimage\"},\"image\":{\"@id\":\"https:\\\/\\\/teknologiateollisuus.fi\\\/fisc\\\/vahvistetaan-kyberturvallisuutta-julkisen-ja-yksityisen-sektorin-yhteistyolla\\\/#primaryimage\"},\"thumbnailUrl\":\"https:\\\/\\\/teknologiateollisuus.fi\\\/fisc\\\/wp-content\\\/uploads\\\/sites\\\/11\\\/2025\\\/03\\\/Image.jpeg\",\"datePublished\":\"2025-03-14T10:54:29+00:00\",\"dateModified\":\"2025-03-14T10:54:30+00:00\",\"author\":{\"@id\":\"https:\\\/\\\/teknologiateollisuus.fi\\\/fisc\\\/#\\\/schema\\\/person\\\/a7d35310aac3cb4d8d8d5786f8299948\"},\"breadcrumb\":{\"@id\":\"https:\\\/\\\/teknologiateollisuus.fi\\\/fisc\\\/vahvistetaan-kyberturvallisuutta-julkisen-ja-yksityisen-sektorin-yhteistyolla\\\/#breadcrumb\"},\"inLanguage\":\"fi\",\"potentialAction\":[{\"@type\":\"ReadAction\",\"target\":[\"https:\\\/\\\/teknologiateollisuus.fi\\\/fisc\\\/vahvistetaan-kyberturvallisuutta-julkisen-ja-yksityisen-sektorin-yhteistyolla\\\/\"]}]},{\"@type\":\"ImageObject\",\"inLanguage\":\"fi\",\"@id\":\"https:\\\/\\\/teknologiateollisuus.fi\\\/fisc\\\/vahvistetaan-kyberturvallisuutta-julkisen-ja-yksityisen-sektorin-yhteistyolla\\\/#primaryimage\",\"url\":\"https:\\\/\\\/teknologiateollisuus.fi\\\/fisc\\\/wp-content\\\/uploads\\\/sites\\\/11\\\/2025\\\/03\\\/Image.jpeg\",\"contentUrl\":\"https:\\\/\\\/teknologiateollisuus.fi\\\/fisc\\\/wp-content\\\/uploads\\\/sites\\\/11\\\/2025\\\/03\\\/Image.jpeg\",\"width\":800,\"height\":428,\"caption\":\"Kuva Etyjin kokouksesta\"},{\"@type\":\"BreadcrumbList\",\"@id\":\"https:\\\/\\\/teknologiateollisuus.fi\\\/fisc\\\/vahvistetaan-kyberturvallisuutta-julkisen-ja-yksityisen-sektorin-yhteistyolla\\\/#breadcrumb\",\"itemListElement\":[{\"@type\":\"ListItem\",\"position\":1,\"name\":\"Etusivu\",\"item\":\"https:\\\/\\\/teknologiateollisuus.fi\\\/fisc\\\/\"},{\"@type\":\"ListItem\",\"position\":2,\"name\":\"Ajankohtaista\",\"item\":\"https:\\\/\\\/teknologiateollisuus.fi\\\/fisc\\\/ajankohtaista\\\/\"},{\"@type\":\"ListItem\",\"position\":3,\"name\":\"Vahvistetaan kyberturvallisuutta julkisen ja yksityisen sektorin yhteisty\u00f6ll\u00e4\"}]},{\"@type\":\"WebSite\",\"@id\":\"https:\\\/\\\/teknologiateollisuus.fi\\\/fisc\\\/#website\",\"url\":\"https:\\\/\\\/teknologiateollisuus.fi\\\/fisc\\\/\",\"name\":\"Kyberala\",\"description\":\"\",\"potentialAction\":[{\"@type\":\"SearchAction\",\"target\":{\"@type\":\"EntryPoint\",\"urlTemplate\":\"https:\\\/\\\/teknologiateollisuus.fi\\\/fisc\\\/?s={search_term_string}\"},\"query-input\":{\"@type\":\"PropertyValueSpecification\",\"valueRequired\":true,\"valueName\":\"search_term_string\"}}],\"inLanguage\":\"fi\"},{\"@type\":\"Person\",\"@id\":\"https:\\\/\\\/teknologiateollisuus.fi\\\/fisc\\\/#\\\/schema\\\/person\\\/a7d35310aac3cb4d8d8d5786f8299948\",\"name\":\"Antton Lounasheimo\",\"image\":{\"@type\":\"ImageObject\",\"inLanguage\":\"fi\",\"@id\":\"https:\\\/\\\/secure.gravatar.com\\\/avatar\\\/2260e684deff787da88c6a0b7011815e1e4bc31fe3471c1955b934e4d0160a96?s=96&d=mm&r=g\",\"url\":\"https:\\\/\\\/secure.gravatar.com\\\/avatar\\\/2260e684deff787da88c6a0b7011815e1e4bc31fe3471c1955b934e4d0160a96?s=96&d=mm&r=g\",\"contentUrl\":\"https:\\\/\\\/secure.gravatar.com\\\/avatar\\\/2260e684deff787da88c6a0b7011815e1e4bc31fe3471c1955b934e4d0160a96?s=96&d=mm&r=g\",\"caption\":\"Antton Lounasheimo\"}}]}<\/script>\n<!-- \/ Yoast SEO Premium plugin. -->","yoast_head_json":{"title":"Vahvistetaan kyberturvallisuutta julkisen ja yksityisen sektorin yhteisty\u00f6ll\u00e4 - Kyberala","robots":{"index":"index","follow":"follow","max-snippet":"max-snippet:-1","max-image-preview":"max-image-preview:large","max-video-preview":"max-video-preview:-1"},"canonical":"https:\/\/teknologiateollisuus.fi\/fisc\/vahvistetaan-kyberturvallisuutta-julkisen-ja-yksityisen-sektorin-yhteistyolla\/","og_locale":"fi_FI","og_type":"article","og_title":"Vahvistetaan kyberturvallisuutta julkisen ja yksityisen sektorin yhteisty\u00f6ll\u00e4","og_description":"Wieniss\u00e4 j\u00e4rjestetyss\u00e4 Euroopan turvallisuus- ja yhteisty\u00f6j\u00e4rjest\u00f6n (ETYJ) kokouksessa k\u00e4siteltiin julkisen ja yksityisen sektorin yhteisty\u00f6n (Public-Private Partnership, PPP) merkityst\u00e4 kyberturvallisuuden hallinnassa. Kyberalan toimitusjohtaja Peter Sund piti kokouksessa esitelm\u00e4n elinkeino- ja teollisuusn\u00e4k\u00f6kumasta. Muita esiintyji\u00e4 olivat Traficomin Kyberturvallisuuskeskus sek\u00e4 Aalto-yliopisto.&nbsp; Sund korosti esityksess\u00e4\u00e4n, ett\u00e4 PPP on keskeinen tekij\u00e4 kyberturvallisuuden vahvistamisessa. Kyberturvallisuuden eri osa-alueet, kuten politiikkatoimien koordinointi, diplomatia, puolustus, [&hellip;]","og_url":"https:\/\/teknologiateollisuus.fi\/fisc\/vahvistetaan-kyberturvallisuutta-julkisen-ja-yksityisen-sektorin-yhteistyolla\/","og_site_name":"Kyberala","article_published_time":"2025-03-14T10:54:29+00:00","article_modified_time":"2025-03-14T10:54:30+00:00","og_image":[{"width":800,"height":428,"url":"https:\/\/teknologiateollisuus.fi\/fisc\/wp-content\/uploads\/sites\/11\/2025\/03\/Image.jpeg","type":"image\/jpeg"}],"author":"Antton Lounasheimo","twitter_card":"summary_large_image","twitter_misc":{"Kirjoittanut":"Antton Lounasheimo","Arvioitu lukuaika":"2 minuuttia"},"schema":{"@context":"https:\/\/schema.org","@graph":[{"@type":"Article","@id":"https:\/\/teknologiateollisuus.fi\/fisc\/vahvistetaan-kyberturvallisuutta-julkisen-ja-yksityisen-sektorin-yhteistyolla\/#article","isPartOf":{"@id":"https:\/\/teknologiateollisuus.fi\/fisc\/vahvistetaan-kyberturvallisuutta-julkisen-ja-yksityisen-sektorin-yhteistyolla\/"},"author":{"name":"Antton Lounasheimo","@id":"https:\/\/teknologiateollisuus.fi\/fisc\/#\/schema\/person\/a7d35310aac3cb4d8d8d5786f8299948"},"headline":"Vahvistetaan kyberturvallisuutta julkisen ja yksityisen sektorin yhteisty\u00f6ll\u00e4","datePublished":"2025-03-14T10:54:29+00:00","dateModified":"2025-03-14T10:54:30+00:00","mainEntityOfPage":{"@id":"https:\/\/teknologiateollisuus.fi\/fisc\/vahvistetaan-kyberturvallisuutta-julkisen-ja-yksityisen-sektorin-yhteistyolla\/"},"wordCount":194,"image":{"@id":"https:\/\/teknologiateollisuus.fi\/fisc\/vahvistetaan-kyberturvallisuutta-julkisen-ja-yksityisen-sektorin-yhteistyolla\/#primaryimage"},"thumbnailUrl":"https:\/\/teknologiateollisuus.fi\/fisc\/wp-content\/uploads\/sites\/11\/2025\/03\/Image.jpeg","articleSection":["Uutiset"],"inLanguage":"fi"},{"@type":"WebPage","@id":"https:\/\/teknologiateollisuus.fi\/fisc\/vahvistetaan-kyberturvallisuutta-julkisen-ja-yksityisen-sektorin-yhteistyolla\/","url":"https:\/\/teknologiateollisuus.fi\/fisc\/vahvistetaan-kyberturvallisuutta-julkisen-ja-yksityisen-sektorin-yhteistyolla\/","name":"Vahvistetaan kyberturvallisuutta julkisen ja yksityisen sektorin yhteisty\u00f6ll\u00e4 - Kyberala","isPartOf":{"@id":"https:\/\/teknologiateollisuus.fi\/fisc\/#website"},"primaryImageOfPage":{"@id":"https:\/\/teknologiateollisuus.fi\/fisc\/vahvistetaan-kyberturvallisuutta-julkisen-ja-yksityisen-sektorin-yhteistyolla\/#primaryimage"},"image":{"@id":"https:\/\/teknologiateollisuus.fi\/fisc\/vahvistetaan-kyberturvallisuutta-julkisen-ja-yksityisen-sektorin-yhteistyolla\/#primaryimage"},"thumbnailUrl":"https:\/\/teknologiateollisuus.fi\/fisc\/wp-content\/uploads\/sites\/11\/2025\/03\/Image.jpeg","datePublished":"2025-03-14T10:54:29+00:00","dateModified":"2025-03-14T10:54:30+00:00","author":{"@id":"https:\/\/teknologiateollisuus.fi\/fisc\/#\/schema\/person\/a7d35310aac3cb4d8d8d5786f8299948"},"breadcrumb":{"@id":"https:\/\/teknologiateollisuus.fi\/fisc\/vahvistetaan-kyberturvallisuutta-julkisen-ja-yksityisen-sektorin-yhteistyolla\/#breadcrumb"},"inLanguage":"fi","potentialAction":[{"@type":"ReadAction","target":["https:\/\/teknologiateollisuus.fi\/fisc\/vahvistetaan-kyberturvallisuutta-julkisen-ja-yksityisen-sektorin-yhteistyolla\/"]}]},{"@type":"ImageObject","inLanguage":"fi","@id":"https:\/\/teknologiateollisuus.fi\/fisc\/vahvistetaan-kyberturvallisuutta-julkisen-ja-yksityisen-sektorin-yhteistyolla\/#primaryimage","url":"https:\/\/teknologiateollisuus.fi\/fisc\/wp-content\/uploads\/sites\/11\/2025\/03\/Image.jpeg","contentUrl":"https:\/\/teknologiateollisuus.fi\/fisc\/wp-content\/uploads\/sites\/11\/2025\/03\/Image.jpeg","width":800,"height":428,"caption":"Kuva Etyjin kokouksesta"},{"@type":"BreadcrumbList","@id":"https:\/\/teknologiateollisuus.fi\/fisc\/vahvistetaan-kyberturvallisuutta-julkisen-ja-yksityisen-sektorin-yhteistyolla\/#breadcrumb","itemListElement":[{"@type":"ListItem","position":1,"name":"Etusivu","item":"https:\/\/teknologiateollisuus.fi\/fisc\/"},{"@type":"ListItem","position":2,"name":"Ajankohtaista","item":"https:\/\/teknologiateollisuus.fi\/fisc\/ajankohtaista\/"},{"@type":"ListItem","position":3,"name":"Vahvistetaan kyberturvallisuutta julkisen ja yksityisen sektorin yhteisty\u00f6ll\u00e4"}]},{"@type":"WebSite","@id":"https:\/\/teknologiateollisuus.fi\/fisc\/#website","url":"https:\/\/teknologiateollisuus.fi\/fisc\/","name":"Kyberala","description":"","potentialAction":[{"@type":"SearchAction","target":{"@type":"EntryPoint","urlTemplate":"https:\/\/teknologiateollisuus.fi\/fisc\/?s={search_term_string}"},"query-input":{"@type":"PropertyValueSpecification","valueRequired":true,"valueName":"search_term_string"}}],"inLanguage":"fi"},{"@type":"Person","@id":"https:\/\/teknologiateollisuus.fi\/fisc\/#\/schema\/person\/a7d35310aac3cb4d8d8d5786f8299948","name":"Antton Lounasheimo","image":{"@type":"ImageObject","inLanguage":"fi","@id":"https:\/\/secure.gravatar.com\/avatar\/2260e684deff787da88c6a0b7011815e1e4bc31fe3471c1955b934e4d0160a96?s=96&d=mm&r=g","url":"https:\/\/secure.gravatar.com\/avatar\/2260e684deff787da88c6a0b7011815e1e4bc31fe3471c1955b934e4d0160a96?s=96&d=mm&r=g","contentUrl":"https:\/\/secure.gravatar.com\/avatar\/2260e684deff787da88c6a0b7011815e1e4bc31fe3471c1955b934e4d0160a96?s=96&d=mm&r=g","caption":"Antton Lounasheimo"}}]}},"lang":"fi","translations":{"fi":627},"pll_sync_post":{},"_links":{"self":[{"href":"https:\/\/teknologiateollisuus.fi\/fisc\/wp-json\/wp\/v2\/posts\/627","targetHints":{"allow":["GET"]}}],"collection":[{"href":"https:\/\/teknologiateollisuus.fi\/fisc\/wp-json\/wp\/v2\/posts"}],"about":[{"href":"https:\/\/teknologiateollisuus.fi\/fisc\/wp-json\/wp\/v2\/types\/post"}],"author":[{"embeddable":true,"href":"https:\/\/teknologiateollisuus.fi\/fisc\/wp-json\/wp\/v2\/users\/8"}],"replies":[{"embeddable":true,"href":"https:\/\/teknologiateollisuus.fi\/fisc\/wp-json\/wp\/v2\/comments?post=627"}],"version-history":[{"count":1,"href":"https:\/\/teknologiateollisuus.fi\/fisc\/wp-json\/wp\/v2\/posts\/627\/revisions"}],"predecessor-version":[{"id":629,"href":"https:\/\/teknologiateollisuus.fi\/fisc\/wp-json\/wp\/v2\/posts\/627\/revisions\/629"}],"wp:featuredmedia":[{"embeddable":true,"href":"https:\/\/teknologiateollisuus.fi\/fisc\/wp-json\/wp\/v2\/media\/628"}],"wp:attachment":[{"href":"https:\/\/teknologiateollisuus.fi\/fisc\/wp-json\/wp\/v2\/media?parent=627"}],"wp:term":[{"taxonomy":"category","embeddable":true,"href":"https:\/\/teknologiateollisuus.fi\/fisc\/wp-json\/wp\/v2\/categories?post=627"},{"taxonomy":"post_tag","embeddable":true,"href":"https:\/\/teknologiateollisuus.fi\/fisc\/wp-json\/wp\/v2\/tags?post=627"},{"taxonomy":"em_industry","embeddable":true,"href":"https:\/\/teknologiateollisuus.fi\/fisc\/wp-json\/wp\/v2\/em_industry?post=627"},{"taxonomy":"em_theme","embeddable":true,"href":"https:\/\/teknologiateollisuus.fi\/fisc\/wp-json\/wp\/v2\/em_theme?post=627"}],"curies":[{"name":"wp","href":"https:\/\/api.w.org\/{rel}","templated":true}]}}