{"id":707,"date":"2025-10-03T13:48:09","date_gmt":"2025-10-03T10:48:09","guid":{"rendered":"https:\/\/teknologiateollisuus.fi\/fisc\/?p=707"},"modified":"2025-10-03T14:00:07","modified_gmt":"2025-10-03T11:00:07","slug":"julkisen-ja-yksityisen-sektorin-yhteistyo-vahvasti-esilla-suomen-etyj-puheenjohtajuuden-kyberturvallisuusseminaarissa","status":"publish","type":"post","link":"https:\/\/teknologiateollisuus.fi\/fisc\/julkisen-ja-yksityisen-sektorin-yhteistyo-vahvasti-esilla-suomen-etyj-puheenjohtajuuden-kyberturvallisuusseminaarissa\/","title":{"rendered":"Julkisen ja yksityisen sektorin yhteisty\u00f6 vahvasti esill\u00e4 Suomen ETYJ-puheenjohtajuuden kyberturvallisuusseminaarissa\u00a0"},"content":{"rendered":"\n<p>Vuosittainen ETYJ:n puheenjohtajuuskonferenssi kyber- ja ICT-turvallisuudesta j\u00e4rjestettiin 1.10.2025 Helsingiss\u00e4 teemalla &#8221;Resilient cyberspace: principles, partnership and path ahead&#8221;. Tapahtumassa keskityttiin erityisesti koko yhteiskunnan l\u00e4hestymistapaan ja yksityisen sektorin rooliin kyberturvallisuusuhkiin vastaamisessa. Kyberalan toimitusjohtaja <strong>Peter Sund<\/strong> osallistui paneeliin, joka k\u00e4sitteli kokonaisturvallisuuden l\u00e4hestymistapaa ja yksityisen sektorin roolia kyberuhkien hallinnassa.\u00a0\u00a0<\/p>\n\n\n\n<h2 class=\"wp-block-heading\" id=\"h-paapuheenvuoro-ja-ukrainan-kokemukset-nbsp\" id=\"paapuheenvuoro-ja-ukrainan-kokemukset\">P\u00e4\u00e4puheenvuoro ja Ukrainan kokemukset&nbsp;<\/h2>\n\n\n\n<p>Konferenssissa kuultiin mm. Ukrainan kokemuksia sodan ja siihen liittyvien kyberuhkien keskell\u00e4. Kuluneen viikon aikana Ven\u00e4j\u00e4 on suorittanut 126 drooni-iskua ja viisi ohjusiskua, joiden rinnalla niin aiempien kuin uusien kyberuhkien ulottuvuudet vaikuttavat yhteiskunnan toimintaan. T\u00e4m\u00e4n vuoksi eritasoisen uhkiin liittyvien tietojen jakamisen ja monialaisen yhteisty\u00f6n merkitys korostuu entisest\u00e4\u00e4n. Ukraina hy\u00f6tyi merkitt\u00e4v\u00e4sti siit\u00e4, ett\u00e4 sill\u00e4 oli kyberturvallisuusstrategia ja toimivat prosessit jo ennen vuoden 2022 hy\u00f6kk\u00e4yst\u00e4. Julkisen ja yksityisen sektorin yhteisty\u00f6 sek\u00e4 luottamuksen rakentaminen yritysten ja viranomaisten v\u00e4lill\u00e4 olivat keskeinen tekij\u00e4 tilanteen hallinnassa. Pilvipalveluihin siirtyminen toi ylim\u00e4\u00e4r\u00e4isen resilienssikerroksen, ja suurten teknologiayritysten (kuten Amazon, Google ja Microsoft) tuki oli erityisesti sodan alkuvaiheessa ratkaisevaa.&nbsp;<\/p>\n\n\n\n<p>Esille nostettiin my\u00f6s haaste, kuinka jatkossa rahoitetaan palvelut, joita Ukraina t\u00e4ll\u00e4 hetkell\u00e4 saa kansainv\u00e4lisen avun turvin. Ukraina painottaa, ett\u00e4 tahalliset kyberhy\u00f6kk\u00e4ykset siviili-infrastruktuuria vastaan tulisi n\u00e4hd\u00e4 sotatoimina. Starlink ja sit\u00e4 tukevat yritykset ovat olleet elint\u00e4rkeit\u00e4, mutta samalla pohdittiin, mit\u00e4 vaihtoehtoja Starlinkille voisi olla. Kyberturvallisuuden kustannusten budjetointi on osoittautunut vaikeaksi.&nbsp;<\/p>\n\n\n\n<h2 class=\"wp-block-heading\" id=\"h-toimintamallit-ja-kansainvalinen-yhteistyo-nbsp\" id=\"toimintamallit-ja-kansainvalinen-yhteistyo\">Toimintamallit ja kansainv\u00e4linen yhteisty\u00f6&nbsp;<\/h2>\n\n\n\n<p>Paneelikeskusteluissa k\u00e4siteltiin muun muassa toimitusketjujen turvallisuutta. Esimerkkin\u00e4 mainittiin tilanne, jossa kaupunki joutui tietoturvaloukkauksen kohteeksi voimalaitoksen s\u00e4hk\u00f6mittareiden kautta, mik\u00e4 johti s\u00e4hk\u00f6jakelun katkeamiseen. Todettiin, ett\u00e4 parhaiden tietoturvakriteerien m\u00e4\u00e4rittely vaatii tiivist\u00e4 yhteisty\u00f6t\u00e4 yritysten kanssa.&nbsp;<\/p>\n\n\n\n<p>Tallinnan mekanismi n\u00e4htiin yhten\u00e4 yhteisty\u00f6n v\u00e4lineen\u00e4, mutta pohdittiin my\u00f6s, pit\u00e4isik\u00f6 esimerkiksi yhdistysten kanssa tehd\u00e4 laajempaa yhteisty\u00f6t\u00e4, kun yrityksi\u00e4 on paljon. T\u00e4ll\u00f6in tulisi tasapainoilla turvallisuuden, vaatimustenmukaisuuden, avoimien markkinoiden ja liiketoimintaetiikan v\u00e4lill\u00e4. Globaalissa taloudessa infrastruktuuria tulee rakentaa juridisesti, teknisesti ja osaamisen kannalta kest\u00e4v\u00e4ll\u00e4 tavalla.&nbsp;<\/p>\n\n\n\n<p>Yhteiskunnan tasolla my\u00f6s ns. kyberhygienian edist\u00e4minen nousi keskusteluun \u2013 kyberhygienia rinnastettiin lasten opettamiseen k\u00e4sihygieniaan: tiedostava opastus auttaa ehk\u00e4isem\u00e4\u00e4n uhkia.&nbsp;<\/p>\n\n\n\n<figure class=\"wp-block-image size-large\"><img loading=\"lazy\" decoding=\"async\" width=\"968\" height=\"645\" src=\"https:\/\/teknologiateollisuus.fi\/fisc\/wp-content\/uploads\/sites\/11\/2025\/10\/OSCE-Cyber-ITC-Security_01.10.2025_Markku-Pajunen-3-968x645.jpg\" alt=\"\" class=\"wp-image-709\" srcset=\"https:\/\/teknologiateollisuus.fi\/fisc\/wp-content\/uploads\/sites\/11\/2025\/10\/OSCE-Cyber-ITC-Security_01.10.2025_Markku-Pajunen-3-968x645.jpg 968w, https:\/\/teknologiateollisuus.fi\/fisc\/wp-content\/uploads\/sites\/11\/2025\/10\/OSCE-Cyber-ITC-Security_01.10.2025_Markku-Pajunen-3-400x267.jpg 400w, https:\/\/teknologiateollisuus.fi\/fisc\/wp-content\/uploads\/sites\/11\/2025\/10\/OSCE-Cyber-ITC-Security_01.10.2025_Markku-Pajunen-3-768x512.jpg 768w, https:\/\/teknologiateollisuus.fi\/fisc\/wp-content\/uploads\/sites\/11\/2025\/10\/OSCE-Cyber-ITC-Security_01.10.2025_Markku-Pajunen-3-1536x1024.jpg 1536w, https:\/\/teknologiateollisuus.fi\/fisc\/wp-content\/uploads\/sites\/11\/2025\/10\/OSCE-Cyber-ITC-Security_01.10.2025_Markku-Pajunen-3-2048x1366.jpg 2048w, https:\/\/teknologiateollisuus.fi\/fisc\/wp-content\/uploads\/sites\/11\/2025\/10\/OSCE-Cyber-ITC-Security_01.10.2025_Markku-Pajunen-3-1300x867.jpg 1300w, https:\/\/teknologiateollisuus.fi\/fisc\/wp-content\/uploads\/sites\/11\/2025\/10\/OSCE-Cyber-ITC-Security_01.10.2025_Markku-Pajunen-3-1440x960.jpg 1440w\" sizes=\"auto, (max-width: 968px) 100vw, 968px\" \/><\/figure>\n\n\n\n<h2 class=\"wp-block-heading\" id=\"h-julkisen-ja-yksityisen-sektorin-kumppanuuden-merkitys-nbsp\" id=\"julkisen-ja-yksityisen-sektorin-kumppanuuden-merkitys\">Julkisen ja yksityisen sektorin kumppanuuden merkitys&nbsp;<\/h2>\n\n\n\n<p>ETYJ:n kyberturvallisuuskumppanuusjulkaisun (2023) mukaan viranomaiset eiv\u00e4t kykene torjumaan turvallisuusuhkia yksin, sill\u00e4 yritykset tuottavat ja yll\u00e4pit\u00e4v\u00e4t tarvittavaa teknologiaa ja j\u00e4rjestelmi\u00e4. Esimerkiksi Romanian kansallisen kyberturvallisuusviraston edustaja toi esille, ett\u00e4 Romania on ottanut PPP-yhteisty\u00f6n vakavasti jo vuodesta 2012 ja ottanut yritykset heti mukaan suojaamaan kriittist\u00e4 infrastruktuuria. Yksityinen sektori on n\u00e4in pystynyt tunnistamaan oikeat julkiset kumppanit, kun toimivaltuudet ja vastuut on m\u00e4\u00e4ritelty selke\u00e4sti.&nbsp;<\/p>\n\n\n\n<p>Virossa PPP-malli on ollut aina keskeinen osa toimintaa, ja valtioiden kyvykkyydet uhkatiedon hankinnassa ovat rajallisia verrattuna esimerkiksi kansainv\u00e4lisiin teknologiayrityksiin. Valtio tuottaa kyberturvallisuutta julkishy\u00f6dykkeen\u00e4, kun taas yritykset kehitt\u00e4v\u00e4t siihen liittyvi\u00e4 tuotteita ja palveluita. Kyberturvallisuus tulisi n\u00e4hd\u00e4 osana laajempaa valtiotasoista agendaa, joka kattaa my\u00f6s ohjelmistot ja infrastruktuurin. Valtionhallinnoille on hyvin haastavaa est\u00e4\u00e4 tietoturvaloukkauksia, mutta ne voivat tukea markkinoiden synty\u00e4 ja luoda kannustimia kyberturvallisuuden riskienhallinnalle ja tehokkaiden keinojen k\u00e4ytt\u00f6\u00f6nottamiselle kaikkialla yhteiskunnassa.&nbsp;&nbsp;<\/p>\n\n\n\n<p>Paneelikeskustelussa korostettiin, ett\u00e4 kyberturvallisuus on kyberturvallisuusteollisuudelle ennen kaikkea yhteiskunnallinen hyvinvointi- ja turvallisuuskysymys, ei pelk\u00e4st\u00e4\u00e4n liiketoimintamahdollisuus. Data ja digitaaliset j\u00e4rjestelm\u00e4t ovat kyberturvallisuuden ytimess\u00e4, ja tulevaisuudessa kriittisten teknologioiden rooli korostuu entisest\u00e4\u00e4n.&nbsp;<\/p>\n\n\n\n<h2 class=\"wp-block-heading\" id=\"h-haasteet-ja-kehityskohteet-nbsp\" id=\"haasteet-ja-kehityskohteet\">Haasteet ja kehityskohteet&nbsp;<\/h2>\n\n\n\n<p>PPP-yhteisty\u00f6n todettiin olevan ainoa varteenotettava tie eteenp\u00e4in optimaalisten rakenteiden ja viranomaisteht\u00e4vien kehitt\u00e4misess\u00e4. Kokemusten jakaminen ja avoin keskustelu erilaisista digitaalisen ymp\u00e4rist\u00f6n haavoittuvuuksista n\u00e4htiin erityisen t\u00e4rke\u00e4n\u00e4. Paneelissa keskusteltiin my\u00f6s siit\u00e4, miten julkinen tietoisuus ja kyberhygienia ovat keskeisi\u00e4 turvallisuusty\u00f6ss\u00e4, ja ett\u00e4 pelon lietsominen hy\u00f6dytt\u00e4\u00e4 vain hy\u00f6kk\u00e4\u00e4ji\u00e4. Tietoturvaloukkauksista tulee viesti\u00e4, mutta samalla tulisi viesti\u00e4 my\u00f6s t\u00e4sm\u00e4llisemmin, miten asiaa ratkaistaan.&nbsp;&nbsp;<\/p>\n\n\n\n<p>Er\u00e4s esiin nostettu haaste oli, ett\u00e4 pelkk\u00e4 viranomaisresurssien ja laajojen toimivaltuuksien asettaminen ei riit\u00e4, vaan pikemminkin p\u00e4invastoin, koska tietoj\u00e4rjestelmien hallinta ja riskinhallintatoimenpiteet ovat p\u00e4\u00e4osin yritysten ja yhteis\u00f6jen vastuulla ja k\u00e4siss\u00e4. Lis\u00e4ksi mm. Incident response -palveluiden olemassaolon ja kehittymisen varmistaminen edellytt\u00e4\u00e4, ett\u00e4 yhteiskunnassa s\u00e4ilyy palveluille toimiva markkina.&nbsp;<\/p>\n\n\n\n<p>Viro painotti kansainv\u00e4lisen oikeuden soveltamisen t\u00e4rkeytt\u00e4 kyberturvallisuudessa ja kyberuhkatiedon jakamisen merkityst\u00e4. Kansainv\u00e4lisesti alle 30 maata oli kehitt\u00e4nyt kyberturvallisuuden oikeudellista ymm\u00e4rryst\u00e4, mutta YK:n ty\u00f6n ansiosta luku on noussut yli sataan.&nbsp;<\/p>\n\n\n\n<p>Romania on paraikaa NIS2-direktiivin implementointivaiheessa ja k\u00e4y aktiivista vuoropuhelua yksityisen sektorin kanssa. Haasteena on osin toimenpiteiden monimutkaisuus, mutta riskienhallintatoimia kehitet\u00e4\u00e4n yhdess\u00e4.&nbsp;<\/p>\n\n\n\n<p>Teknologian nopea kehitys tuo jatkuvasti uusia riskej\u00e4, joita ei aina ymm\u00e4rret\u00e4 t\u00e4ysin. EU:n teko\u00e4lyasetus mainittiin esimerkkin\u00e4 siit\u00e4, miten systeemisi\u00e4 riskej\u00e4 pyrit\u00e4\u00e4n hallitsemaan lains\u00e4\u00e4d\u00e4nn\u00f6n keinoin.&nbsp;<\/p>\n","protected":false},"excerpt":{"rendered":"<p>Vuosittainen ETYJ:n puheenjohtajuuskonferenssi kyber- ja ICT-turvallisuudesta j\u00e4rjestettiin 1.10.2025 Helsingiss\u00e4 teemalla &#8221;Resilient cyberspace: principles, partnership and path ahead&#8221;. Tapahtumassa keskityttiin erityisesti koko yhteiskunnan l\u00e4hestymistapaan ja yksityisen sektorin rooliin kyberturvallisuusuhkiin vastaamisessa. Kyberalan toimitusjohtaja Peter Sund osallistui paneeliin, joka k\u00e4sitteli kokonaisturvallisuuden l\u00e4hestymistapaa ja yksityisen sektorin roolia kyberuhkien hallinnassa.\u00a0\u00a0 P\u00e4\u00e4puheenvuoro ja Ukrainan kokemukset&nbsp; Konferenssissa kuultiin mm. Ukrainan kokemuksia sodan [&hellip;]<\/p>\n","protected":false},"author":8,"featured_media":708,"comment_status":"closed","ping_status":"closed","sticky":false,"template":"","format":"standard","meta":{"_acf_changed":false,"_relevanssi_hide_post":"","_relevanssi_hide_content":"","_relevanssi_pin_for_all":"","_relevanssi_pin_keywords":"","_relevanssi_unpin_keywords":"","_relevanssi_related_keywords":"","_relevanssi_related_include_ids":"","_relevanssi_related_exclude_ids":"","_relevanssi_related_no_append":"","_relevanssi_related_not_related":"","_relevanssi_related_posts":"54,55,56,582,300,627","_relevanssi_noindex_reason":"","inline_featured_image":false,"footnotes":""},"categories":[14],"tags":[],"em_industry":[],"em_theme":[],"class_list":["post-707","post","type-post","status-publish","format-standard","has-post-thumbnail","hentry","category-uutinen"],"acf":[],"yoast_head":"<!-- This site is optimized with the Yoast SEO Premium plugin v27.1 (Yoast SEO v27.5) - https:\/\/yoast.com\/product\/yoast-seo-premium-wordpress\/ -->\n<title>Julkisen ja yksityisen sektorin yhteisty\u00f6 vahvasti esill\u00e4 Suomen ETYJ-puheenjohtajuuden kyberturvallisuusseminaarissa\u00a0 - Kyberala<\/title>\n<meta name=\"robots\" content=\"index, follow, max-snippet:-1, max-image-preview:large, max-video-preview:-1\" \/>\n<link rel=\"canonical\" href=\"https:\/\/teknologiateollisuus.fi\/fisc\/julkisen-ja-yksityisen-sektorin-yhteistyo-vahvasti-esilla-suomen-etyj-puheenjohtajuuden-kyberturvallisuusseminaarissa\/\" \/>\n<meta property=\"og:locale\" content=\"fi_FI\" \/>\n<meta property=\"og:type\" content=\"article\" \/>\n<meta property=\"og:title\" content=\"Julkisen ja yksityisen sektorin yhteisty\u00f6 vahvasti esill\u00e4 Suomen ETYJ-puheenjohtajuuden kyberturvallisuusseminaarissa\u00a0\" \/>\n<meta property=\"og:description\" content=\"Vuosittainen ETYJ:n puheenjohtajuuskonferenssi kyber- ja ICT-turvallisuudesta j\u00e4rjestettiin 1.10.2025 Helsingiss\u00e4 teemalla &#8221;Resilient cyberspace: principles, partnership and path ahead&#8221;. Tapahtumassa keskityttiin erityisesti koko yhteiskunnan l\u00e4hestymistapaan ja yksityisen sektorin rooliin kyberturvallisuusuhkiin vastaamisessa. Kyberalan toimitusjohtaja Peter Sund osallistui paneeliin, joka k\u00e4sitteli kokonaisturvallisuuden l\u00e4hestymistapaa ja yksityisen sektorin roolia kyberuhkien hallinnassa.\u00a0\u00a0 P\u00e4\u00e4puheenvuoro ja Ukrainan kokemukset&nbsp; Konferenssissa kuultiin mm. Ukrainan kokemuksia sodan [&hellip;]\" \/>\n<meta property=\"og:url\" content=\"https:\/\/teknologiateollisuus.fi\/fisc\/julkisen-ja-yksityisen-sektorin-yhteistyo-vahvasti-esilla-suomen-etyj-puheenjohtajuuden-kyberturvallisuusseminaarissa\/\" \/>\n<meta property=\"og:site_name\" content=\"Kyberala\" \/>\n<meta property=\"article:published_time\" content=\"2025-10-03T10:48:09+00:00\" \/>\n<meta property=\"article:modified_time\" content=\"2025-10-03T11:00:07+00:00\" \/>\n<meta property=\"og:image\" content=\"https:\/\/teknologiateollisuus.fi\/fisc\/wp-content\/uploads\/sites\/11\/2025\/10\/OSCE-Cyber-ITC-Security_01.10.2025_Markku-Pajunen-83.jpg\" \/>\n\t<meta property=\"og:image:width\" content=\"2560\" \/>\n\t<meta property=\"og:image:height\" content=\"1707\" \/>\n\t<meta property=\"og:image:type\" content=\"image\/jpeg\" \/>\n<meta name=\"author\" content=\"Antton Lounasheimo\" \/>\n<meta name=\"twitter:card\" content=\"summary_large_image\" \/>\n<meta name=\"twitter:label1\" content=\"Kirjoittanut\" \/>\n\t<meta name=\"twitter:data1\" content=\"Antton Lounasheimo\" \/>\n\t<meta name=\"twitter:label2\" content=\"Arvioitu lukuaika\" \/>\n\t<meta name=\"twitter:data2\" content=\"5 minuuttia\" \/>\n<script type=\"application\/ld+json\" class=\"yoast-schema-graph\">{\"@context\":\"https:\\\/\\\/schema.org\",\"@graph\":[{\"@type\":\"Article\",\"@id\":\"https:\\\/\\\/teknologiateollisuus.fi\\\/fisc\\\/julkisen-ja-yksityisen-sektorin-yhteistyo-vahvasti-esilla-suomen-etyj-puheenjohtajuuden-kyberturvallisuusseminaarissa\\\/#article\",\"isPartOf\":{\"@id\":\"https:\\\/\\\/teknologiateollisuus.fi\\\/fisc\\\/julkisen-ja-yksityisen-sektorin-yhteistyo-vahvasti-esilla-suomen-etyj-puheenjohtajuuden-kyberturvallisuusseminaarissa\\\/\"},\"author\":{\"name\":\"Antton Lounasheimo\",\"@id\":\"https:\\\/\\\/teknologiateollisuus.fi\\\/fisc\\\/#\\\/schema\\\/person\\\/a7d35310aac3cb4d8d8d5786f8299948\"},\"headline\":\"Julkisen ja yksityisen sektorin yhteisty\u00f6 vahvasti esill\u00e4 Suomen ETYJ-puheenjohtajuuden kyberturvallisuusseminaarissa\u00a0\",\"datePublished\":\"2025-10-03T10:48:09+00:00\",\"dateModified\":\"2025-10-03T11:00:07+00:00\",\"mainEntityOfPage\":{\"@id\":\"https:\\\/\\\/teknologiateollisuus.fi\\\/fisc\\\/julkisen-ja-yksityisen-sektorin-yhteistyo-vahvasti-esilla-suomen-etyj-puheenjohtajuuden-kyberturvallisuusseminaarissa\\\/\"},\"wordCount\":769,\"image\":{\"@id\":\"https:\\\/\\\/teknologiateollisuus.fi\\\/fisc\\\/julkisen-ja-yksityisen-sektorin-yhteistyo-vahvasti-esilla-suomen-etyj-puheenjohtajuuden-kyberturvallisuusseminaarissa\\\/#primaryimage\"},\"thumbnailUrl\":\"https:\\\/\\\/teknologiateollisuus.fi\\\/fisc\\\/wp-content\\\/uploads\\\/sites\\\/11\\\/2025\\\/10\\\/OSCE-Cyber-ITC-Security_01.10.2025_Markku-Pajunen-83.jpg\",\"articleSection\":[\"Uutiset\"],\"inLanguage\":\"fi\"},{\"@type\":\"WebPage\",\"@id\":\"https:\\\/\\\/teknologiateollisuus.fi\\\/fisc\\\/julkisen-ja-yksityisen-sektorin-yhteistyo-vahvasti-esilla-suomen-etyj-puheenjohtajuuden-kyberturvallisuusseminaarissa\\\/\",\"url\":\"https:\\\/\\\/teknologiateollisuus.fi\\\/fisc\\\/julkisen-ja-yksityisen-sektorin-yhteistyo-vahvasti-esilla-suomen-etyj-puheenjohtajuuden-kyberturvallisuusseminaarissa\\\/\",\"name\":\"Julkisen ja yksityisen sektorin yhteisty\u00f6 vahvasti esill\u00e4 Suomen ETYJ-puheenjohtajuuden kyberturvallisuusseminaarissa\u00a0 - Kyberala\",\"isPartOf\":{\"@id\":\"https:\\\/\\\/teknologiateollisuus.fi\\\/fisc\\\/#website\"},\"primaryImageOfPage\":{\"@id\":\"https:\\\/\\\/teknologiateollisuus.fi\\\/fisc\\\/julkisen-ja-yksityisen-sektorin-yhteistyo-vahvasti-esilla-suomen-etyj-puheenjohtajuuden-kyberturvallisuusseminaarissa\\\/#primaryimage\"},\"image\":{\"@id\":\"https:\\\/\\\/teknologiateollisuus.fi\\\/fisc\\\/julkisen-ja-yksityisen-sektorin-yhteistyo-vahvasti-esilla-suomen-etyj-puheenjohtajuuden-kyberturvallisuusseminaarissa\\\/#primaryimage\"},\"thumbnailUrl\":\"https:\\\/\\\/teknologiateollisuus.fi\\\/fisc\\\/wp-content\\\/uploads\\\/sites\\\/11\\\/2025\\\/10\\\/OSCE-Cyber-ITC-Security_01.10.2025_Markku-Pajunen-83.jpg\",\"datePublished\":\"2025-10-03T10:48:09+00:00\",\"dateModified\":\"2025-10-03T11:00:07+00:00\",\"author\":{\"@id\":\"https:\\\/\\\/teknologiateollisuus.fi\\\/fisc\\\/#\\\/schema\\\/person\\\/a7d35310aac3cb4d8d8d5786f8299948\"},\"breadcrumb\":{\"@id\":\"https:\\\/\\\/teknologiateollisuus.fi\\\/fisc\\\/julkisen-ja-yksityisen-sektorin-yhteistyo-vahvasti-esilla-suomen-etyj-puheenjohtajuuden-kyberturvallisuusseminaarissa\\\/#breadcrumb\"},\"inLanguage\":\"fi\",\"potentialAction\":[{\"@type\":\"ReadAction\",\"target\":[\"https:\\\/\\\/teknologiateollisuus.fi\\\/fisc\\\/julkisen-ja-yksityisen-sektorin-yhteistyo-vahvasti-esilla-suomen-etyj-puheenjohtajuuden-kyberturvallisuusseminaarissa\\\/\"]}]},{\"@type\":\"ImageObject\",\"inLanguage\":\"fi\",\"@id\":\"https:\\\/\\\/teknologiateollisuus.fi\\\/fisc\\\/julkisen-ja-yksityisen-sektorin-yhteistyo-vahvasti-esilla-suomen-etyj-puheenjohtajuuden-kyberturvallisuusseminaarissa\\\/#primaryimage\",\"url\":\"https:\\\/\\\/teknologiateollisuus.fi\\\/fisc\\\/wp-content\\\/uploads\\\/sites\\\/11\\\/2025\\\/10\\\/OSCE-Cyber-ITC-Security_01.10.2025_Markku-Pajunen-83.jpg\",\"contentUrl\":\"https:\\\/\\\/teknologiateollisuus.fi\\\/fisc\\\/wp-content\\\/uploads\\\/sites\\\/11\\\/2025\\\/10\\\/OSCE-Cyber-ITC-Security_01.10.2025_Markku-Pajunen-83.jpg\",\"width\":2560,\"height\":1707},{\"@type\":\"BreadcrumbList\",\"@id\":\"https:\\\/\\\/teknologiateollisuus.fi\\\/fisc\\\/julkisen-ja-yksityisen-sektorin-yhteistyo-vahvasti-esilla-suomen-etyj-puheenjohtajuuden-kyberturvallisuusseminaarissa\\\/#breadcrumb\",\"itemListElement\":[{\"@type\":\"ListItem\",\"position\":1,\"name\":\"Etusivu\",\"item\":\"https:\\\/\\\/teknologiateollisuus.fi\\\/fisc\\\/\"},{\"@type\":\"ListItem\",\"position\":2,\"name\":\"Ajankohtaista\",\"item\":\"https:\\\/\\\/teknologiateollisuus.fi\\\/fisc\\\/ajankohtaista\\\/\"},{\"@type\":\"ListItem\",\"position\":3,\"name\":\"Julkisen ja yksityisen sektorin yhteisty\u00f6 vahvasti esill\u00e4 Suomen ETYJ-puheenjohtajuuden kyberturvallisuusseminaarissa\u00a0\"}]},{\"@type\":\"WebSite\",\"@id\":\"https:\\\/\\\/teknologiateollisuus.fi\\\/fisc\\\/#website\",\"url\":\"https:\\\/\\\/teknologiateollisuus.fi\\\/fisc\\\/\",\"name\":\"Kyberala\",\"description\":\"\",\"potentialAction\":[{\"@type\":\"SearchAction\",\"target\":{\"@type\":\"EntryPoint\",\"urlTemplate\":\"https:\\\/\\\/teknologiateollisuus.fi\\\/fisc\\\/?s={search_term_string}\"},\"query-input\":{\"@type\":\"PropertyValueSpecification\",\"valueRequired\":true,\"valueName\":\"search_term_string\"}}],\"inLanguage\":\"fi\"},{\"@type\":\"Person\",\"@id\":\"https:\\\/\\\/teknologiateollisuus.fi\\\/fisc\\\/#\\\/schema\\\/person\\\/a7d35310aac3cb4d8d8d5786f8299948\",\"name\":\"Antton Lounasheimo\",\"image\":{\"@type\":\"ImageObject\",\"inLanguage\":\"fi\",\"@id\":\"https:\\\/\\\/secure.gravatar.com\\\/avatar\\\/2260e684deff787da88c6a0b7011815e1e4bc31fe3471c1955b934e4d0160a96?s=96&d=mm&r=g\",\"url\":\"https:\\\/\\\/secure.gravatar.com\\\/avatar\\\/2260e684deff787da88c6a0b7011815e1e4bc31fe3471c1955b934e4d0160a96?s=96&d=mm&r=g\",\"contentUrl\":\"https:\\\/\\\/secure.gravatar.com\\\/avatar\\\/2260e684deff787da88c6a0b7011815e1e4bc31fe3471c1955b934e4d0160a96?s=96&d=mm&r=g\",\"caption\":\"Antton Lounasheimo\"}}]}<\/script>\n<!-- \/ Yoast SEO Premium plugin. -->","yoast_head_json":{"title":"Julkisen ja yksityisen sektorin yhteisty\u00f6 vahvasti esill\u00e4 Suomen ETYJ-puheenjohtajuuden kyberturvallisuusseminaarissa\u00a0 - Kyberala","robots":{"index":"index","follow":"follow","max-snippet":"max-snippet:-1","max-image-preview":"max-image-preview:large","max-video-preview":"max-video-preview:-1"},"canonical":"https:\/\/teknologiateollisuus.fi\/fisc\/julkisen-ja-yksityisen-sektorin-yhteistyo-vahvasti-esilla-suomen-etyj-puheenjohtajuuden-kyberturvallisuusseminaarissa\/","og_locale":"fi_FI","og_type":"article","og_title":"Julkisen ja yksityisen sektorin yhteisty\u00f6 vahvasti esill\u00e4 Suomen ETYJ-puheenjohtajuuden kyberturvallisuusseminaarissa\u00a0","og_description":"Vuosittainen ETYJ:n puheenjohtajuuskonferenssi kyber- ja ICT-turvallisuudesta j\u00e4rjestettiin 1.10.2025 Helsingiss\u00e4 teemalla &#8221;Resilient cyberspace: principles, partnership and path ahead&#8221;. Tapahtumassa keskityttiin erityisesti koko yhteiskunnan l\u00e4hestymistapaan ja yksityisen sektorin rooliin kyberturvallisuusuhkiin vastaamisessa. Kyberalan toimitusjohtaja Peter Sund osallistui paneeliin, joka k\u00e4sitteli kokonaisturvallisuuden l\u00e4hestymistapaa ja yksityisen sektorin roolia kyberuhkien hallinnassa.\u00a0\u00a0 P\u00e4\u00e4puheenvuoro ja Ukrainan kokemukset&nbsp; Konferenssissa kuultiin mm. Ukrainan kokemuksia sodan [&hellip;]","og_url":"https:\/\/teknologiateollisuus.fi\/fisc\/julkisen-ja-yksityisen-sektorin-yhteistyo-vahvasti-esilla-suomen-etyj-puheenjohtajuuden-kyberturvallisuusseminaarissa\/","og_site_name":"Kyberala","article_published_time":"2025-10-03T10:48:09+00:00","article_modified_time":"2025-10-03T11:00:07+00:00","og_image":[{"width":2560,"height":1707,"url":"https:\/\/teknologiateollisuus.fi\/fisc\/wp-content\/uploads\/sites\/11\/2025\/10\/OSCE-Cyber-ITC-Security_01.10.2025_Markku-Pajunen-83.jpg","type":"image\/jpeg"}],"author":"Antton Lounasheimo","twitter_card":"summary_large_image","twitter_misc":{"Kirjoittanut":"Antton Lounasheimo","Arvioitu lukuaika":"5 minuuttia"},"schema":{"@context":"https:\/\/schema.org","@graph":[{"@type":"Article","@id":"https:\/\/teknologiateollisuus.fi\/fisc\/julkisen-ja-yksityisen-sektorin-yhteistyo-vahvasti-esilla-suomen-etyj-puheenjohtajuuden-kyberturvallisuusseminaarissa\/#article","isPartOf":{"@id":"https:\/\/teknologiateollisuus.fi\/fisc\/julkisen-ja-yksityisen-sektorin-yhteistyo-vahvasti-esilla-suomen-etyj-puheenjohtajuuden-kyberturvallisuusseminaarissa\/"},"author":{"name":"Antton Lounasheimo","@id":"https:\/\/teknologiateollisuus.fi\/fisc\/#\/schema\/person\/a7d35310aac3cb4d8d8d5786f8299948"},"headline":"Julkisen ja yksityisen sektorin yhteisty\u00f6 vahvasti esill\u00e4 Suomen ETYJ-puheenjohtajuuden kyberturvallisuusseminaarissa\u00a0","datePublished":"2025-10-03T10:48:09+00:00","dateModified":"2025-10-03T11:00:07+00:00","mainEntityOfPage":{"@id":"https:\/\/teknologiateollisuus.fi\/fisc\/julkisen-ja-yksityisen-sektorin-yhteistyo-vahvasti-esilla-suomen-etyj-puheenjohtajuuden-kyberturvallisuusseminaarissa\/"},"wordCount":769,"image":{"@id":"https:\/\/teknologiateollisuus.fi\/fisc\/julkisen-ja-yksityisen-sektorin-yhteistyo-vahvasti-esilla-suomen-etyj-puheenjohtajuuden-kyberturvallisuusseminaarissa\/#primaryimage"},"thumbnailUrl":"https:\/\/teknologiateollisuus.fi\/fisc\/wp-content\/uploads\/sites\/11\/2025\/10\/OSCE-Cyber-ITC-Security_01.10.2025_Markku-Pajunen-83.jpg","articleSection":["Uutiset"],"inLanguage":"fi"},{"@type":"WebPage","@id":"https:\/\/teknologiateollisuus.fi\/fisc\/julkisen-ja-yksityisen-sektorin-yhteistyo-vahvasti-esilla-suomen-etyj-puheenjohtajuuden-kyberturvallisuusseminaarissa\/","url":"https:\/\/teknologiateollisuus.fi\/fisc\/julkisen-ja-yksityisen-sektorin-yhteistyo-vahvasti-esilla-suomen-etyj-puheenjohtajuuden-kyberturvallisuusseminaarissa\/","name":"Julkisen ja yksityisen sektorin yhteisty\u00f6 vahvasti esill\u00e4 Suomen ETYJ-puheenjohtajuuden kyberturvallisuusseminaarissa\u00a0 - Kyberala","isPartOf":{"@id":"https:\/\/teknologiateollisuus.fi\/fisc\/#website"},"primaryImageOfPage":{"@id":"https:\/\/teknologiateollisuus.fi\/fisc\/julkisen-ja-yksityisen-sektorin-yhteistyo-vahvasti-esilla-suomen-etyj-puheenjohtajuuden-kyberturvallisuusseminaarissa\/#primaryimage"},"image":{"@id":"https:\/\/teknologiateollisuus.fi\/fisc\/julkisen-ja-yksityisen-sektorin-yhteistyo-vahvasti-esilla-suomen-etyj-puheenjohtajuuden-kyberturvallisuusseminaarissa\/#primaryimage"},"thumbnailUrl":"https:\/\/teknologiateollisuus.fi\/fisc\/wp-content\/uploads\/sites\/11\/2025\/10\/OSCE-Cyber-ITC-Security_01.10.2025_Markku-Pajunen-83.jpg","datePublished":"2025-10-03T10:48:09+00:00","dateModified":"2025-10-03T11:00:07+00:00","author":{"@id":"https:\/\/teknologiateollisuus.fi\/fisc\/#\/schema\/person\/a7d35310aac3cb4d8d8d5786f8299948"},"breadcrumb":{"@id":"https:\/\/teknologiateollisuus.fi\/fisc\/julkisen-ja-yksityisen-sektorin-yhteistyo-vahvasti-esilla-suomen-etyj-puheenjohtajuuden-kyberturvallisuusseminaarissa\/#breadcrumb"},"inLanguage":"fi","potentialAction":[{"@type":"ReadAction","target":["https:\/\/teknologiateollisuus.fi\/fisc\/julkisen-ja-yksityisen-sektorin-yhteistyo-vahvasti-esilla-suomen-etyj-puheenjohtajuuden-kyberturvallisuusseminaarissa\/"]}]},{"@type":"ImageObject","inLanguage":"fi","@id":"https:\/\/teknologiateollisuus.fi\/fisc\/julkisen-ja-yksityisen-sektorin-yhteistyo-vahvasti-esilla-suomen-etyj-puheenjohtajuuden-kyberturvallisuusseminaarissa\/#primaryimage","url":"https:\/\/teknologiateollisuus.fi\/fisc\/wp-content\/uploads\/sites\/11\/2025\/10\/OSCE-Cyber-ITC-Security_01.10.2025_Markku-Pajunen-83.jpg","contentUrl":"https:\/\/teknologiateollisuus.fi\/fisc\/wp-content\/uploads\/sites\/11\/2025\/10\/OSCE-Cyber-ITC-Security_01.10.2025_Markku-Pajunen-83.jpg","width":2560,"height":1707},{"@type":"BreadcrumbList","@id":"https:\/\/teknologiateollisuus.fi\/fisc\/julkisen-ja-yksityisen-sektorin-yhteistyo-vahvasti-esilla-suomen-etyj-puheenjohtajuuden-kyberturvallisuusseminaarissa\/#breadcrumb","itemListElement":[{"@type":"ListItem","position":1,"name":"Etusivu","item":"https:\/\/teknologiateollisuus.fi\/fisc\/"},{"@type":"ListItem","position":2,"name":"Ajankohtaista","item":"https:\/\/teknologiateollisuus.fi\/fisc\/ajankohtaista\/"},{"@type":"ListItem","position":3,"name":"Julkisen ja yksityisen sektorin yhteisty\u00f6 vahvasti esill\u00e4 Suomen ETYJ-puheenjohtajuuden kyberturvallisuusseminaarissa\u00a0"}]},{"@type":"WebSite","@id":"https:\/\/teknologiateollisuus.fi\/fisc\/#website","url":"https:\/\/teknologiateollisuus.fi\/fisc\/","name":"Kyberala","description":"","potentialAction":[{"@type":"SearchAction","target":{"@type":"EntryPoint","urlTemplate":"https:\/\/teknologiateollisuus.fi\/fisc\/?s={search_term_string}"},"query-input":{"@type":"PropertyValueSpecification","valueRequired":true,"valueName":"search_term_string"}}],"inLanguage":"fi"},{"@type":"Person","@id":"https:\/\/teknologiateollisuus.fi\/fisc\/#\/schema\/person\/a7d35310aac3cb4d8d8d5786f8299948","name":"Antton Lounasheimo","image":{"@type":"ImageObject","inLanguage":"fi","@id":"https:\/\/secure.gravatar.com\/avatar\/2260e684deff787da88c6a0b7011815e1e4bc31fe3471c1955b934e4d0160a96?s=96&d=mm&r=g","url":"https:\/\/secure.gravatar.com\/avatar\/2260e684deff787da88c6a0b7011815e1e4bc31fe3471c1955b934e4d0160a96?s=96&d=mm&r=g","contentUrl":"https:\/\/secure.gravatar.com\/avatar\/2260e684deff787da88c6a0b7011815e1e4bc31fe3471c1955b934e4d0160a96?s=96&d=mm&r=g","caption":"Antton Lounasheimo"}}]}},"lang":"fi","translations":{"fi":707},"pll_sync_post":{},"_links":{"self":[{"href":"https:\/\/teknologiateollisuus.fi\/fisc\/wp-json\/wp\/v2\/posts\/707","targetHints":{"allow":["GET"]}}],"collection":[{"href":"https:\/\/teknologiateollisuus.fi\/fisc\/wp-json\/wp\/v2\/posts"}],"about":[{"href":"https:\/\/teknologiateollisuus.fi\/fisc\/wp-json\/wp\/v2\/types\/post"}],"author":[{"embeddable":true,"href":"https:\/\/teknologiateollisuus.fi\/fisc\/wp-json\/wp\/v2\/users\/8"}],"replies":[{"embeddable":true,"href":"https:\/\/teknologiateollisuus.fi\/fisc\/wp-json\/wp\/v2\/comments?post=707"}],"version-history":[{"count":2,"href":"https:\/\/teknologiateollisuus.fi\/fisc\/wp-json\/wp\/v2\/posts\/707\/revisions"}],"predecessor-version":[{"id":711,"href":"https:\/\/teknologiateollisuus.fi\/fisc\/wp-json\/wp\/v2\/posts\/707\/revisions\/711"}],"wp:featuredmedia":[{"embeddable":true,"href":"https:\/\/teknologiateollisuus.fi\/fisc\/wp-json\/wp\/v2\/media\/708"}],"wp:attachment":[{"href":"https:\/\/teknologiateollisuus.fi\/fisc\/wp-json\/wp\/v2\/media?parent=707"}],"wp:term":[{"taxonomy":"category","embeddable":true,"href":"https:\/\/teknologiateollisuus.fi\/fisc\/wp-json\/wp\/v2\/categories?post=707"},{"taxonomy":"post_tag","embeddable":true,"href":"https:\/\/teknologiateollisuus.fi\/fisc\/wp-json\/wp\/v2\/tags?post=707"},{"taxonomy":"em_industry","embeddable":true,"href":"https:\/\/teknologiateollisuus.fi\/fisc\/wp-json\/wp\/v2\/em_industry?post=707"},{"taxonomy":"em_theme","embeddable":true,"href":"https:\/\/teknologiateollisuus.fi\/fisc\/wp-json\/wp\/v2\/em_theme?post=707"}],"curies":[{"name":"wp","href":"https:\/\/api.w.org\/{rel}","templated":true}]}}