{"id":954,"date":"2026-09-02T12:18:03","date_gmt":"2026-09-02T09:18:03","guid":{"rendered":"https:\/\/teknologiateollisuus.fi\/fisc\/?p=954"},"modified":"2026-09-02T15:55:38","modified_gmt":"2026-09-02T12:55:38","slug":"kyberalan-viestintapaketti-tukee-edistamaan-alan-tunnettuutta-ja-vientia","status":"publish","type":"post","link":"https:\/\/teknologiateollisuus.fi\/fisc\/kyberalan-viestintapaketti-tukee-edistamaan-alan-tunnettuutta-ja-vientia\/","title":{"rendered":"Kyberalan viestint\u00e4paketti edist\u00e4\u00e4 alan tunnettuutta ja tukee vienti\u00e4"},"content":{"rendered":"\n<p>Finnish Information Security Cluster &#8211; Kyberala ry on julkaissut viestint\u00e4paketin tukemaan Suomessa toimivan Kyberturvallisuusekosysteemin tunnettuutta ja kansainv\u00e4listymist\u00e4.<\/p>\n\n\n\n<p>Viestint\u00e4paketti koostuu digitaalisesta esitteest\u00e4 ja videosta.<\/p>\n\n\n\n<p>Kyberala haluaa kiitt\u00e4\u00e4 Bittium Oyj:t\u00e4, Cyberismo Oy:t\u00e4, Gurulogic Microsystems Oy:t\u00e4, Insta Group Oy:t\u00e4, Locotech Oy:t\u00e4, Mika Tunninen Oy:t\u00e4 ja Netox Oy:t\u00e4 viestint\u00e4paketin mahdollistamisesta.<\/p>\n\n\n\n<h2 class=\"wp-block-heading\" id=\"h-fisc-s-communications-package-supports-greater-visibility-and-exports-for-finland-s-cybersecurity-ecosystem\" id=\"fiscs-communications-package-supports-greater-visibility-and-exports-for-finlands-cybersecurity-ecosystem\">FISC\u2019s communications package supports greater visibility and exports for Finland\u2019s cybersecurity ecosystem<\/h2>\n\n\n\n<p>Finnish Information Security Cluster \u2013 Kyberala ry has published a communications package to support the visibility and internationalisation of Finland\u2019s cybersecurity ecosystem.<\/p>\n\n\n\n<p>The communications package consists of a digital brochure and a video.<\/p>\n\n\n\n<p>FISC would like to thank Bittium Oyj, Cyberismo Oy, Gurulogic Microsystems Oy, Insta Group Oy, Locotech Oy, Mika Tunninen Oy and Netox Oy for making the communications package possible.<\/p>\n\n\n\n<div class=\"wp-block-buttons is-layout-flex wp-block-buttons-is-layout-flex\">\n<div class=\"wp-block-button  icon-right\"><a class=\"wp-block-button__link wp-element-button\" href=\"https:\/\/teknologiateollisuus.fi\/fisc\/tietolahteita-jasenille\/kyberturvallisuutta-suomesta\/\">Tutustu materiaaleihin \/ To the materials<\/a><\/div>\n<\/div>\n\n\n\n<div class=\"wp-block-scb-columns scb-columns  has-mobile-behavior--stacked has-auto-fit em-pattern-event-contacts\">\n<div class=\"wp-block-scb-column scb-column is-scale-cover\">\n<h2 class=\"wp-block-heading\" id=\"h-lisatietoja\" id=\"lisatietoja\">Lis\u00e4tietoja<\/h2>\n<\/div>\n<\/div>\n\n\n\n<article class=\"em-block-contact-card is-style-list\">\n\n\t<div class=\"em-block-contact-card__image\">\n\t\t\t\t\t<img loading=\"lazy\" decoding=\"async\" width=\"300\" height=\"400\" src=\"https:\/\/teknologiateollisuus.fi\/fisc\/wp-content\/uploads\/sites\/11\/2024\/09\/Risto_Rajala_netti.png\" class=\"attachment-portrait size-portrait\" alt=\"Risto Rajala\" \/>\t\t\t<\/div>\n\t<div class=\"em-block-contact-card__content-wrapper\">\n\t\t<div class=\"em-block-contact-card__content\">\n\t\t\t\t\t\t<h3 class=\"em-block-contact-card__title\"><a target=\"_self\" href=\"https:\/\/teknologiateollisuus.fi\/fisc\/contacts\/186\/\">Risto Rajala<\/a><\/h3>\n\t\t\t\t\t\t\t<span class=\"em-block-contact-card__job_title\">Asiantuntija<\/span>\n\t\t\t\t\t\t<span class=\"em-block-contact-card__organisation\">Finnish Information Security Cluster &#8211; Kyberala ry<\/span>\n\t\t<\/div>\n\t\t<div class=\"em-block-contact-card__content\">\n\t\t\t\t\t\t<address class=\"em-block-contact-card__contact-details\">\n\t\t\t\t<span class=\"em-block-contact-card__phone\">\n\t\t\t\t\t<a href=\"tel:+358 40 515 6187\">+358 40 515 6187<\/a>\n\t\t\t\t<\/span>\n\t\t\t\t<span class=\"em-block-contact-card__email\">\n\t\t\t\t\t<a href=\"mailto:risto.rajala@teknologiateollisuus.fi\">risto.rajala@teknologiateollisuus.fi<\/a>\n\t\t\t\t<\/span>\n\t\t\t<\/address>\n\t\t\t\t\t<\/div>\n\t<\/div>\n\n<\/article>\n\n\n\n<p><\/p>\n","protected":false},"excerpt":{"rendered":"<p>Finnish Information Security Cluster &#8211; Kyberala ry on julkaissut viestint\u00e4paketin tukemaan Suomessa toimivan Kyberturvallisuusekosysteemin tunnettuutta ja kansainv\u00e4listymist\u00e4. Viestint\u00e4paketti koostuu digitaalisesta esitteest\u00e4 ja videosta. Kyberala haluaa kiitt\u00e4\u00e4 Bittium Oyj:t\u00e4, Cyberismo Oy:t\u00e4, Gurulogic Microsystems Oy:t\u00e4, Insta Group Oy:t\u00e4, Locotech Oy:t\u00e4, Mika Tunninen Oy:t\u00e4 ja Netox Oy:t\u00e4 viestint\u00e4paketin mahdollistamisesta. FISC\u2019s communications package supports greater visibility and exports for [&hellip;]<\/p>\n","protected":false},"author":8,"featured_media":955,"comment_status":"closed","ping_status":"closed","sticky":false,"template":"","format":"standard","meta":{"_acf_changed":false,"_relevanssi_hide_post":"","_relevanssi_hide_content":"","_relevanssi_pin_for_all":"","_relevanssi_pin_keywords":"","_relevanssi_unpin_keywords":"","_relevanssi_related_keywords":"","_relevanssi_related_include_ids":"","_relevanssi_related_exclude_ids":"","_relevanssi_related_no_append":"","_relevanssi_related_not_related":"","_relevanssi_related_posts":"57,820,712,703,269,274","_relevanssi_noindex_reason":"","inline_featured_image":false,"footnotes":""},"categories":[14],"tags":[],"em_industry":[],"em_theme":[],"class_list":["post-954","post","type-post","status-publish","format-standard","has-post-thumbnail","hentry","category-uutinen"],"acf":{"contacts":""},"yoast_head":"<!-- This site is optimized with the Yoast SEO Premium plugin v28.2 (Yoast SEO v28.4) - https:\/\/yoast.com\/product\/yoast-seo-premium-wordpress\/ -->\n<title>Kyberalan viestint\u00e4paketti edist\u00e4\u00e4 alan tunnettuutta ja tukee vienti\u00e4 - Kyberala<\/title>\n<meta name=\"robots\" content=\"index, follow, max-snippet:-1, max-image-preview:large, max-video-preview:-1\" \/>\n<link rel=\"canonical\" href=\"https:\/\/teknologiateollisuus.fi\/fisc\/kyberalan-viestintapaketti-tukee-edistamaan-alan-tunnettuutta-ja-vientia\/\" \/>\n<meta property=\"og:locale\" content=\"fi_FI\" \/>\n<meta property=\"og:type\" content=\"article\" \/>\n<meta property=\"og:title\" content=\"Kyberalan viestint\u00e4paketti edist\u00e4\u00e4 alan tunnettuutta ja tukee vienti\u00e4\" \/>\n<meta property=\"og:description\" content=\"Finnish Information Security Cluster &#8211; Kyberala ry on julkaissut viestint\u00e4paketin tukemaan Suomessa toimivan Kyberturvallisuusekosysteemin tunnettuutta ja kansainv\u00e4listymist\u00e4. Viestint\u00e4paketti koostuu digitaalisesta esitteest\u00e4 ja videosta. Kyberala haluaa kiitt\u00e4\u00e4 Bittium Oyj:t\u00e4, Cyberismo Oy:t\u00e4, Gurulogic Microsystems Oy:t\u00e4, Insta Group Oy:t\u00e4, Locotech Oy:t\u00e4, Mika Tunninen Oy:t\u00e4 ja Netox Oy:t\u00e4 viestint\u00e4paketin mahdollistamisesta. FISC\u2019s communications package supports greater visibility and exports for [&hellip;]\" \/>\n<meta property=\"og:url\" content=\"https:\/\/teknologiateollisuus.fi\/fisc\/kyberalan-viestintapaketti-tukee-edistamaan-alan-tunnettuutta-ja-vientia\/\" \/>\n<meta property=\"og:site_name\" content=\"Kyberala\" \/>\n<meta property=\"article:published_time\" content=\"2026-09-02T09:18:03+00:00\" \/>\n<meta property=\"article:modified_time\" content=\"2026-09-02T12:55:38+00:00\" \/>\n<meta property=\"og:image\" content=\"https:\/\/teknologiateollisuus.fi\/fisc\/wp-content\/uploads\/sites\/11\/2026\/09\/Nayttokuva-2026-09-02-kello-12.14.41.png\" \/>\n\t<meta property=\"og:image:width\" content=\"2027\" \/>\n\t<meta property=\"og:image:height\" content=\"1109\" \/>\n\t<meta property=\"og:image:type\" content=\"image\/png\" \/>\n<meta name=\"author\" content=\"Antton Lounasheimo\" \/>\n<meta name=\"twitter:card\" content=\"summary_large_image\" \/>\n<meta name=\"twitter:label1\" content=\"Kirjoittanut\" \/>\n\t<meta name=\"twitter:data1\" content=\"Antton Lounasheimo\" \/>\n\t<meta name=\"twitter:label2\" content=\"Arvioitu lukuaika\" \/>\n\t<meta name=\"twitter:data2\" content=\"1 minuutti\" \/>\n<script type=\"application\/ld+json\" class=\"yoast-schema-graph\">{\"@context\":\"https:\\\/\\\/schema.org\",\"@graph\":[{\"@type\":\"Article\",\"@id\":\"https:\\\/\\\/teknologiateollisuus.fi\\\/fisc\\\/kyberalan-viestintapaketti-tukee-edistamaan-alan-tunnettuutta-ja-vientia\\\/#article\",\"isPartOf\":{\"@id\":\"https:\\\/\\\/teknologiateollisuus.fi\\\/fisc\\\/kyberalan-viestintapaketti-tukee-edistamaan-alan-tunnettuutta-ja-vientia\\\/\"},\"author\":{\"name\":\"Antton Lounasheimo\",\"@id\":\"https:\\\/\\\/teknologiateollisuus.fi\\\/fisc\\\/#\\\/schema\\\/person\\\/a7d35310aac3cb4d8d8d5786f8299948\"},\"headline\":\"Kyberalan viestint\u00e4paketti edist\u00e4\u00e4 alan tunnettuutta ja tukee vienti\u00e4\",\"datePublished\":\"2026-09-02T09:18:03+00:00\",\"dateModified\":\"2026-09-02T12:55:38+00:00\",\"mainEntityOfPage\":{\"@id\":\"https:\\\/\\\/teknologiateollisuus.fi\\\/fisc\\\/kyberalan-viestintapaketti-tukee-edistamaan-alan-tunnettuutta-ja-vientia\\\/\"},\"wordCount\":149,\"image\":{\"@id\":\"https:\\\/\\\/teknologiateollisuus.fi\\\/fisc\\\/kyberalan-viestintapaketti-tukee-edistamaan-alan-tunnettuutta-ja-vientia\\\/#primaryimage\"},\"thumbnailUrl\":\"https:\\\/\\\/teknologiateollisuus.fi\\\/fisc\\\/wp-content\\\/uploads\\\/sites\\\/11\\\/2026\\\/09\\\/Nayttokuva-2026-09-02-kello-12.14.41.png\",\"articleSection\":[\"Uutiset\"],\"inLanguage\":\"fi\"},{\"@type\":\"WebPage\",\"@id\":\"https:\\\/\\\/teknologiateollisuus.fi\\\/fisc\\\/kyberalan-viestintapaketti-tukee-edistamaan-alan-tunnettuutta-ja-vientia\\\/\",\"url\":\"https:\\\/\\\/teknologiateollisuus.fi\\\/fisc\\\/kyberalan-viestintapaketti-tukee-edistamaan-alan-tunnettuutta-ja-vientia\\\/\",\"name\":\"Kyberalan viestint\u00e4paketti edist\u00e4\u00e4 alan tunnettuutta ja tukee vienti\u00e4 - Kyberala\",\"isPartOf\":{\"@id\":\"https:\\\/\\\/teknologiateollisuus.fi\\\/fisc\\\/#website\"},\"primaryImageOfPage\":{\"@id\":\"https:\\\/\\\/teknologiateollisuus.fi\\\/fisc\\\/kyberalan-viestintapaketti-tukee-edistamaan-alan-tunnettuutta-ja-vientia\\\/#primaryimage\"},\"image\":{\"@id\":\"https:\\\/\\\/teknologiateollisuus.fi\\\/fisc\\\/kyberalan-viestintapaketti-tukee-edistamaan-alan-tunnettuutta-ja-vientia\\\/#primaryimage\"},\"thumbnailUrl\":\"https:\\\/\\\/teknologiateollisuus.fi\\\/fisc\\\/wp-content\\\/uploads\\\/sites\\\/11\\\/2026\\\/09\\\/Nayttokuva-2026-09-02-kello-12.14.41.png\",\"datePublished\":\"2026-09-02T09:18:03+00:00\",\"dateModified\":\"2026-09-02T12:55:38+00:00\",\"author\":{\"@id\":\"https:\\\/\\\/teknologiateollisuus.fi\\\/fisc\\\/#\\\/schema\\\/person\\\/a7d35310aac3cb4d8d8d5786f8299948\"},\"breadcrumb\":{\"@id\":\"https:\\\/\\\/teknologiateollisuus.fi\\\/fisc\\\/kyberalan-viestintapaketti-tukee-edistamaan-alan-tunnettuutta-ja-vientia\\\/#breadcrumb\"},\"inLanguage\":\"fi\",\"potentialAction\":[{\"@type\":\"ReadAction\",\"target\":[\"https:\\\/\\\/teknologiateollisuus.fi\\\/fisc\\\/kyberalan-viestintapaketti-tukee-edistamaan-alan-tunnettuutta-ja-vientia\\\/\"]}]},{\"@type\":\"ImageObject\",\"inLanguage\":\"fi\",\"@id\":\"https:\\\/\\\/teknologiateollisuus.fi\\\/fisc\\\/kyberalan-viestintapaketti-tukee-edistamaan-alan-tunnettuutta-ja-vientia\\\/#primaryimage\",\"url\":\"https:\\\/\\\/teknologiateollisuus.fi\\\/fisc\\\/wp-content\\\/uploads\\\/sites\\\/11\\\/2026\\\/09\\\/Nayttokuva-2026-09-02-kello-12.14.41.png\",\"contentUrl\":\"https:\\\/\\\/teknologiateollisuus.fi\\\/fisc\\\/wp-content\\\/uploads\\\/sites\\\/11\\\/2026\\\/09\\\/Nayttokuva-2026-09-02-kello-12.14.41.png\",\"width\":2027,\"height\":1109,\"caption\":\"Pys\u00e4ytyskuva videosta\"},{\"@type\":\"BreadcrumbList\",\"@id\":\"https:\\\/\\\/teknologiateollisuus.fi\\\/fisc\\\/kyberalan-viestintapaketti-tukee-edistamaan-alan-tunnettuutta-ja-vientia\\\/#breadcrumb\",\"itemListElement\":[{\"@type\":\"ListItem\",\"position\":1,\"name\":\"Etusivu\",\"item\":\"https:\\\/\\\/teknologiateollisuus.fi\\\/fisc\\\/\"},{\"@type\":\"ListItem\",\"position\":2,\"name\":\"Ajankohtaista\",\"item\":\"https:\\\/\\\/teknologiateollisuus.fi\\\/fisc\\\/ajankohtaista\\\/\"},{\"@type\":\"ListItem\",\"position\":3,\"name\":\"Kyberalan viestint\u00e4paketti edist\u00e4\u00e4 alan tunnettuutta ja tukee vienti\u00e4\"}]},{\"@type\":\"WebSite\",\"@id\":\"https:\\\/\\\/teknologiateollisuus.fi\\\/fisc\\\/#website\",\"url\":\"https:\\\/\\\/teknologiateollisuus.fi\\\/fisc\\\/\",\"name\":\"Kyberala\",\"description\":\"\",\"potentialAction\":[{\"@type\":\"SearchAction\",\"target\":{\"@type\":\"EntryPoint\",\"urlTemplate\":\"https:\\\/\\\/teknologiateollisuus.fi\\\/fisc\\\/?s={search_term_string}\"},\"query-input\":{\"@type\":\"PropertyValueSpecification\",\"valueRequired\":true,\"valueName\":\"search_term_string\"}}],\"inLanguage\":\"fi\"},{\"@type\":\"Person\",\"@id\":\"https:\\\/\\\/teknologiateollisuus.fi\\\/fisc\\\/#\\\/schema\\\/person\\\/a7d35310aac3cb4d8d8d5786f8299948\",\"name\":\"Antton Lounasheimo\",\"image\":{\"@type\":\"ImageObject\",\"inLanguage\":\"fi\",\"@id\":\"https:\\\/\\\/secure.gravatar.com\\\/avatar\\\/2260e684deff787da88c6a0b7011815e1e4bc31fe3471c1955b934e4d0160a96?s=96&d=mm&r=g\",\"url\":\"https:\\\/\\\/secure.gravatar.com\\\/avatar\\\/2260e684deff787da88c6a0b7011815e1e4bc31fe3471c1955b934e4d0160a96?s=96&d=mm&r=g\",\"contentUrl\":\"https:\\\/\\\/secure.gravatar.com\\\/avatar\\\/2260e684deff787da88c6a0b7011815e1e4bc31fe3471c1955b934e4d0160a96?s=96&d=mm&r=g\",\"caption\":\"Antton Lounasheimo\"}}]}<\/script>\n<!-- \/ Yoast SEO Premium plugin. -->","yoast_head_json":{"title":"Kyberalan viestint\u00e4paketti edist\u00e4\u00e4 alan tunnettuutta ja tukee vienti\u00e4 - Kyberala","robots":{"index":"index","follow":"follow","max-snippet":"max-snippet:-1","max-image-preview":"max-image-preview:large","max-video-preview":"max-video-preview:-1"},"canonical":"https:\/\/teknologiateollisuus.fi\/fisc\/kyberalan-viestintapaketti-tukee-edistamaan-alan-tunnettuutta-ja-vientia\/","og_locale":"fi_FI","og_type":"article","og_title":"Kyberalan viestint\u00e4paketti edist\u00e4\u00e4 alan tunnettuutta ja tukee vienti\u00e4","og_description":"Finnish Information Security Cluster &#8211; Kyberala ry on julkaissut viestint\u00e4paketin tukemaan Suomessa toimivan Kyberturvallisuusekosysteemin tunnettuutta ja kansainv\u00e4listymist\u00e4. Viestint\u00e4paketti koostuu digitaalisesta esitteest\u00e4 ja videosta. Kyberala haluaa kiitt\u00e4\u00e4 Bittium Oyj:t\u00e4, Cyberismo Oy:t\u00e4, Gurulogic Microsystems Oy:t\u00e4, Insta Group Oy:t\u00e4, Locotech Oy:t\u00e4, Mika Tunninen Oy:t\u00e4 ja Netox Oy:t\u00e4 viestint\u00e4paketin mahdollistamisesta. FISC\u2019s communications package supports greater visibility and exports for [&hellip;]","og_url":"https:\/\/teknologiateollisuus.fi\/fisc\/kyberalan-viestintapaketti-tukee-edistamaan-alan-tunnettuutta-ja-vientia\/","og_site_name":"Kyberala","article_published_time":"2026-09-02T09:18:03+00:00","article_modified_time":"2026-09-02T12:55:38+00:00","og_image":[{"width":2027,"height":1109,"url":"https:\/\/teknologiateollisuus.fi\/fisc\/wp-content\/uploads\/sites\/11\/2026\/09\/Nayttokuva-2026-09-02-kello-12.14.41.png","type":"image\/png"}],"author":"Antton Lounasheimo","twitter_card":"summary_large_image","twitter_misc":{"Kirjoittanut":"Antton Lounasheimo","Arvioitu lukuaika":"1 minuutti"},"schema":{"@context":"https:\/\/schema.org","@graph":[{"@type":"Article","@id":"https:\/\/teknologiateollisuus.fi\/fisc\/kyberalan-viestintapaketti-tukee-edistamaan-alan-tunnettuutta-ja-vientia\/#article","isPartOf":{"@id":"https:\/\/teknologiateollisuus.fi\/fisc\/kyberalan-viestintapaketti-tukee-edistamaan-alan-tunnettuutta-ja-vientia\/"},"author":{"name":"Antton Lounasheimo","@id":"https:\/\/teknologiateollisuus.fi\/fisc\/#\/schema\/person\/a7d35310aac3cb4d8d8d5786f8299948"},"headline":"Kyberalan viestint\u00e4paketti edist\u00e4\u00e4 alan tunnettuutta ja tukee vienti\u00e4","datePublished":"2026-09-02T09:18:03+00:00","dateModified":"2026-09-02T12:55:38+00:00","mainEntityOfPage":{"@id":"https:\/\/teknologiateollisuus.fi\/fisc\/kyberalan-viestintapaketti-tukee-edistamaan-alan-tunnettuutta-ja-vientia\/"},"wordCount":149,"image":{"@id":"https:\/\/teknologiateollisuus.fi\/fisc\/kyberalan-viestintapaketti-tukee-edistamaan-alan-tunnettuutta-ja-vientia\/#primaryimage"},"thumbnailUrl":"https:\/\/teknologiateollisuus.fi\/fisc\/wp-content\/uploads\/sites\/11\/2026\/09\/Nayttokuva-2026-09-02-kello-12.14.41.png","articleSection":["Uutiset"],"inLanguage":"fi"},{"@type":"WebPage","@id":"https:\/\/teknologiateollisuus.fi\/fisc\/kyberalan-viestintapaketti-tukee-edistamaan-alan-tunnettuutta-ja-vientia\/","url":"https:\/\/teknologiateollisuus.fi\/fisc\/kyberalan-viestintapaketti-tukee-edistamaan-alan-tunnettuutta-ja-vientia\/","name":"Kyberalan viestint\u00e4paketti edist\u00e4\u00e4 alan tunnettuutta ja tukee vienti\u00e4 - Kyberala","isPartOf":{"@id":"https:\/\/teknologiateollisuus.fi\/fisc\/#website"},"primaryImageOfPage":{"@id":"https:\/\/teknologiateollisuus.fi\/fisc\/kyberalan-viestintapaketti-tukee-edistamaan-alan-tunnettuutta-ja-vientia\/#primaryimage"},"image":{"@id":"https:\/\/teknologiateollisuus.fi\/fisc\/kyberalan-viestintapaketti-tukee-edistamaan-alan-tunnettuutta-ja-vientia\/#primaryimage"},"thumbnailUrl":"https:\/\/teknologiateollisuus.fi\/fisc\/wp-content\/uploads\/sites\/11\/2026\/09\/Nayttokuva-2026-09-02-kello-12.14.41.png","datePublished":"2026-09-02T09:18:03+00:00","dateModified":"2026-09-02T12:55:38+00:00","author":{"@id":"https:\/\/teknologiateollisuus.fi\/fisc\/#\/schema\/person\/a7d35310aac3cb4d8d8d5786f8299948"},"breadcrumb":{"@id":"https:\/\/teknologiateollisuus.fi\/fisc\/kyberalan-viestintapaketti-tukee-edistamaan-alan-tunnettuutta-ja-vientia\/#breadcrumb"},"inLanguage":"fi","potentialAction":[{"@type":"ReadAction","target":["https:\/\/teknologiateollisuus.fi\/fisc\/kyberalan-viestintapaketti-tukee-edistamaan-alan-tunnettuutta-ja-vientia\/"]}]},{"@type":"ImageObject","inLanguage":"fi","@id":"https:\/\/teknologiateollisuus.fi\/fisc\/kyberalan-viestintapaketti-tukee-edistamaan-alan-tunnettuutta-ja-vientia\/#primaryimage","url":"https:\/\/teknologiateollisuus.fi\/fisc\/wp-content\/uploads\/sites\/11\/2026\/09\/Nayttokuva-2026-09-02-kello-12.14.41.png","contentUrl":"https:\/\/teknologiateollisuus.fi\/fisc\/wp-content\/uploads\/sites\/11\/2026\/09\/Nayttokuva-2026-09-02-kello-12.14.41.png","width":2027,"height":1109,"caption":"Pys\u00e4ytyskuva videosta"},{"@type":"BreadcrumbList","@id":"https:\/\/teknologiateollisuus.fi\/fisc\/kyberalan-viestintapaketti-tukee-edistamaan-alan-tunnettuutta-ja-vientia\/#breadcrumb","itemListElement":[{"@type":"ListItem","position":1,"name":"Etusivu","item":"https:\/\/teknologiateollisuus.fi\/fisc\/"},{"@type":"ListItem","position":2,"name":"Ajankohtaista","item":"https:\/\/teknologiateollisuus.fi\/fisc\/ajankohtaista\/"},{"@type":"ListItem","position":3,"name":"Kyberalan viestint\u00e4paketti edist\u00e4\u00e4 alan tunnettuutta ja tukee vienti\u00e4"}]},{"@type":"WebSite","@id":"https:\/\/teknologiateollisuus.fi\/fisc\/#website","url":"https:\/\/teknologiateollisuus.fi\/fisc\/","name":"Kyberala","description":"","potentialAction":[{"@type":"SearchAction","target":{"@type":"EntryPoint","urlTemplate":"https:\/\/teknologiateollisuus.fi\/fisc\/?s={search_term_string}"},"query-input":{"@type":"PropertyValueSpecification","valueRequired":true,"valueName":"search_term_string"}}],"inLanguage":"fi"},{"@type":"Person","@id":"https:\/\/teknologiateollisuus.fi\/fisc\/#\/schema\/person\/a7d35310aac3cb4d8d8d5786f8299948","name":"Antton Lounasheimo","image":{"@type":"ImageObject","inLanguage":"fi","@id":"https:\/\/secure.gravatar.com\/avatar\/2260e684deff787da88c6a0b7011815e1e4bc31fe3471c1955b934e4d0160a96?s=96&d=mm&r=g","url":"https:\/\/secure.gravatar.com\/avatar\/2260e684deff787da88c6a0b7011815e1e4bc31fe3471c1955b934e4d0160a96?s=96&d=mm&r=g","contentUrl":"https:\/\/secure.gravatar.com\/avatar\/2260e684deff787da88c6a0b7011815e1e4bc31fe3471c1955b934e4d0160a96?s=96&d=mm&r=g","caption":"Antton Lounasheimo"}}]}},"lang":"fi","translations":{"fi":954,"en":958},"pll_sync_post":{},"_links":{"self":[{"href":"https:\/\/teknologiateollisuus.fi\/fisc\/wp-json\/wp\/v2\/posts\/954","targetHints":{"allow":["GET"]}}],"collection":[{"href":"https:\/\/teknologiateollisuus.fi\/fisc\/wp-json\/wp\/v2\/posts"}],"about":[{"href":"https:\/\/teknologiateollisuus.fi\/fisc\/wp-json\/wp\/v2\/types\/post"}],"author":[{"embeddable":true,"href":"https:\/\/teknologiateollisuus.fi\/fisc\/wp-json\/wp\/v2\/users\/8"}],"replies":[{"embeddable":true,"href":"https:\/\/teknologiateollisuus.fi\/fisc\/wp-json\/wp\/v2\/comments?post=954"}],"version-history":[{"count":4,"href":"https:\/\/teknologiateollisuus.fi\/fisc\/wp-json\/wp\/v2\/posts\/954\/revisions"}],"predecessor-version":[{"id":963,"href":"https:\/\/teknologiateollisuus.fi\/fisc\/wp-json\/wp\/v2\/posts\/954\/revisions\/963"}],"wp:featuredmedia":[{"embeddable":true,"href":"https:\/\/teknologiateollisuus.fi\/fisc\/wp-json\/wp\/v2\/media\/955"}],"wp:attachment":[{"href":"https:\/\/teknologiateollisuus.fi\/fisc\/wp-json\/wp\/v2\/media?parent=954"}],"wp:term":[{"taxonomy":"category","embeddable":true,"href":"https:\/\/teknologiateollisuus.fi\/fisc\/wp-json\/wp\/v2\/categories?post=954"},{"taxonomy":"post_tag","embeddable":true,"href":"https:\/\/teknologiateollisuus.fi\/fisc\/wp-json\/wp\/v2\/tags?post=954"},{"taxonomy":"em_industry","embeddable":true,"href":"https:\/\/teknologiateollisuus.fi\/fisc\/wp-json\/wp\/v2\/em_industry?post=954"},{"taxonomy":"em_theme","embeddable":true,"href":"https:\/\/teknologiateollisuus.fi\/fisc\/wp-json\/wp\/v2\/em_theme?post=954"}],"curies":[{"name":"wp","href":"https:\/\/api.w.org\/{rel}","templated":true}]}}