{"id":1135,"date":"2021-08-24T08:44:00","date_gmt":"2021-08-24T05:44:00","guid":{"rendered":"https:\/\/teknologiateollisuus.fi\/healthtech\/?p=1135"},"modified":"2024-09-02T13:02:11","modified_gmt":"2024-09-02T10:02:11","slug":"syysterveiset-terveysteknologia-rysta","status":"publish","type":"post","link":"https:\/\/teknologiateollisuus.fi\/healthtech\/syysterveiset-terveysteknologia-rysta\/","title":{"rendered":"Syysterveiset Terveysteknologia ry:st\u00e4"},"content":{"rendered":"\n<p>Syyskausi on alkanut ja olemme aurinkoisen sek\u00e4 rentouttavan kes\u00e4loman j\u00e4ljilt\u00e4 valmiita ottamaan loppuvuoden vastaan mielenkiintoisten tapahtumien merkeiss\u00e4 yhdess\u00e4 kasvaneen j\u00e4senkuntamme kanssa.<\/p>\n\n\n\n<p>Kokoonnuimme kes\u00e4n j\u00e4lkeen pitk\u00e4st\u00e4 aikaa toimistolle suunnittelemaan tulevien kuukausien toimintaamme ja potentiaalisia vaikuttamisen sek\u00e4 viestinn\u00e4n paikkoja. Lis\u00e4ksi yhdistyksen\u00a0hallitus\u00a0kokoontuu t\u00e4ll\u00e4 viikolla mm. arvioimaan yhdistyksen strategian toimeenpanon etenemist\u00e4. N\u00e4in p\u00e4\u00e4semme uusin energioin ja ideoin jatkamaan siit\u00e4, mihin kes\u00e4n kynnyksell\u00e4 j\u00e4imme.<\/p>\n\n\n\n<p>Olemme monin mittarein hyv\u00e4ss\u00e4 vauhdissa ja kuten arvata saattaa, terveysteknologia-alalla eiv\u00e4t vaikuttamistarpeet ja -kohteet aivan heti lopu.<\/p>\n\n\n\n<blockquote class=\"wp-block-quote is-layout-flow wp-block-quote-is-layout-flow\">\n<p>Toimintamme ytimess\u00e4 ovat j\u00e4senyrityksemme, joiden tuotteilla ja palveluilla tuetaan ihmisten sairauksien ennakointia, ehk\u00e4isy\u00e4, diagnostiikkaa, hoitoa, seurantaa ja kuntoutusta.<\/p>\n<\/blockquote>\n\n\n\n<p>Pyrimme yhdistyksess\u00e4 vaikuttamaan toimivan kotimarkkinan yll\u00e4pit\u00e4miseen ja kehitt\u00e4miseen, edist\u00e4m\u00e4\u00e4n uusien innovaatioiden k\u00e4ytt\u00f6\u00f6nottoa tulevaisuuden terveydenhuollossa sek\u00e4 tukemaan j\u00e4senyritystemme kasvua ja kansainv\u00e4listy\u00admist\u00e4.<\/p>\n\n\n\n<p>Terveysteknologia-ala on vahvasti vientivetoinen ala ja siten panostaminen kansainv\u00e4listymist\u00e4 edist\u00e4v\u00e4n kotimaisen ja eurooppalaisen toimintaymp\u00e4rist\u00f6n kehitt\u00e4miseen on t\u00e4rke\u00e4\u00e4. Alkuvuosi on ollut haastavista ajoista huolimatta viennin osalta j\u00e4lleen nousujohteinen vastaten pitk\u00e4lti edellisen vuoden lukuja. 1.1.-30.4.2021 kokonaisvienti oli 819 miljoonaa euroa, kun vastaavana aikana vuotta aikaisemmin kokonaisvienti oli 791 miljoonaa euroa.<\/p>\n\n\n\n<p>Yhdess\u00e4 olemme vahvempia ja yhdistys onkin koronahaasteista huolimatta edelleen vahvistanut asemaansa johtavana terveysalan yhteis\u00f6n\u00e4 ja vaikuttajana, kun j\u00e4senkuntaan liittyi alkuvuonna 14 uutta j\u00e4sent\u00e4:<\/p>\n\n\n\n<blockquote class=\"wp-block-quote is-layout-flow wp-block-quote-is-layout-flow\">\n<p>Aidian\u00a0Oy,\u00a0Apotti\u00a0Oy,\u00a0Askel Healthcare\u00a0Oy,\u00a0Kiwa (Inspecta Sertifointi),\u00a0ArcDia International Oy,\u00a0BeeHealthy\u00a0Oy,\u00a0DigiFinland\u00a0Oy,\u00a0Dilaw Asianajotoimisto\u00a0Oy,\u00a0Forsante\u00a0Oy,\u00a0Huld Oy,\u00a0Klinik Healthcare Solutions\u00a0Oy,\u00a0Mediclaudo Oy,\u00a0QMS Nordic\u00a0Oy ja\u00a0Tepcomp\u00a0Oy.<\/p>\n<\/blockquote>\n\n\n\n<p>Kes\u00e4lomien alkaessa j\u00e4seni\u00e4 oli 158.<\/p>\n\n\n\n<p>Tavoitteemme on tarjota j\u00e4senyrityksillemme kohtaamispaikka, ns. kotipes\u00e4, josta saa tukea ja mahdollisuuden verkostoitua muiden markkinoilla jo olevien tai sinne t\u00e4ht\u00e4\u00e4vien terveysteknologia-alan yritysten ja sidosryhmien kanssa. Jokaiselle l\u00f6ytyy omaan toimintaan sopivaa aktiviteettia, informaatiota ja apua.<\/p>\n\n\n\n<p>26.5.2021 oli l\u00e4\u00e4kinn\u00e4llisten laitteiden alueella merkitt\u00e4v\u00e4 p\u00e4iv\u00e4, kun jo vuonna 2017 voimaan tulleen l\u00e4\u00e4kinn\u00e4llisten laitteiden asetuksen (EU 2017\/745, MDR)\u00a0siirtym\u00e4aika p\u00e4\u00e4ttyi\u00a0koko Euroopassa yht\u00e4aikaisesti. Diagnostiikka-alalla ty\u00f6skenteleville vuosi 2022 tuo viel\u00e4\u00a0lis\u00e4j\u00e4nnityst\u00e4, kun MDR:n rinnalla alkaa lis\u00e4ksi toisen EU-asetuksen, (EU 2017\/746, IVDR) soveltaminen. S\u00e4\u00e4ntely-ymp\u00e4rist\u00f6n muutoksiin liittyv\u00e4t kysymykset ja tuen tarve ovatkin ker\u00e4nneet enn\u00e4tyksellisen m\u00e4\u00e4r\u00e4n osallistujia ty\u00f6ryhmiimme, jotka ovat avoimia kaikille j\u00e4senyrityksille ja niiden henkil\u00f6st\u00f6lle.<\/p>\n\n\n\n<blockquote class=\"wp-block-quote is-layout-flow wp-block-quote-is-layout-flow\">\n<p>Vuonna 2021\u00a0ty\u00f6ryhmi\u00e4\u00a0on kolme:<\/p>\n<\/blockquote>\n\n\n\n<ul class=\"wp-block-list\">\n<li>Terveysalan ohjelmistot ja data (TOD) -ty\u00f6ryhm\u00e4, puheenjohtaja Mika Siitonen, Labquality Oy<\/li>\n\n\n\n<li>Medical Device (MD) -ty\u00f6ryhm\u00e4, puheenjohtaja Sanna Mattila, Clinipower Oy<\/li>\n\n\n\n<li>In vitro<em>&nbsp;<\/em>Diagnostic (IVD) -ty\u00f6ryhm\u00e4, puheenjohtaja Anja Kontio, Labquality Oy<\/li>\n<\/ul>\n\n\n\n<p>Ty\u00f6ryhmien taustajoukoissa puuhataan jo tulevien kokousten asialistoja ja selvitell\u00e4\u00e4n mit\u00e4 edistysaskeleita viranomaiskoneistoissa on kes\u00e4n aikana otettu. Esimerkiksi EU-asetusten tueksi laaditut ensimm\u00e4iset\u00a0yhdenmukaistetut\u00a0standardit (MDR\u00a0ja\u00a0IVDR) julkaistiin 16.7.2021, EU-asetuksia t\u00e4ydent\u00e4v\u00e4\u00a0kansallinen s\u00e4\u00e4ntely\u00a0tuli voimaan 19.7.2021,\u00a0Fimean m\u00e4\u00e4r\u00e4ys\u00a0toimija- ja laiterekisteri-ilmoituksista julkaistiin 16.8.2021\u00a0ja Euroopan l\u00e4\u00e4keviraston roolia ehdotettiin\u00a0laajennettavaksi\u00a0l\u00e4\u00e4kinn\u00e4llisten laitteiden alueelle. N\u00e4it\u00e4 aiheita k\u00e4yd\u00e4\u00e4n l\u00e4pi yhdess\u00e4 syksyn ensimm\u00e4isiss\u00e4 ty\u00f6ryhm\u00e4kokoontumisissa.<\/p>\n\n\n\n<p>Lis\u00e4ksi kes\u00e4n aikana komission\u00a0ehdotus uudeksi teko\u00e4lys\u00e4\u00e4ntelyksi\u00a0on ollut vilkkaan keskustelun kohteena. Teko\u00e4lys\u00e4\u00e4ntely liittyy laajempaan EU datastrategiaan ja olemme yhdistyksen\u00e4 mukana strategiaan liittyviss\u00e4 hankkeissa useiden eri vaikuttamiskanavien kautta niin kotimaassa kuin EU:ssakin. Syksyn alussa\u00a08.9.2021 meid\u00e4t l\u00f6yt\u00e4\u00e4\u00a0keskustelemasta\u00a0EU:n teko\u00e4lyasetuksen vaikutuksista sote-alalle.<\/p>\n\n\n\n<p>Genomiteollisuusjaostossa\u00a0jatkamme ty\u00f6t\u00e4\u00a0yksil\u00f6llistetyn l\u00e4\u00e4ketieteen\u00a0kysymysten \u00e4\u00e4rell\u00e4. Syksyn aikana osallistumme\u00a0biopankkilain kokonaisuudistusta ohjaavaan ty\u00f6h\u00f6n\u00a0ja lausumme tulevan\u00a0genomilain\u00a0ehdotuksista. Vuosi 2021 toivottavasti on vihdoin se vuosi, kun todistamme n\u00e4iden hankkeiden etenemisen eduskuntak\u00e4sittelyyn ja toimeenpanovaiheeseen.<\/p>\n\n\n\n<p>Ik\u00e4\u00e4ntyneen Suomen ongelmat (ISOt) -verkoston toimintaa jatketaan vuonna 2020 julkaistun\u00a0aloitteen Ik\u00e4\u00e4ntyneiden onnistunut kotona asuminen pohjalta k\u00e4sitellen mm. kansallista ik\u00e4ohjelmaa. Alku\u00advuonna aloitettiin my\u00f6s tulevaisuuden visiointi osana STM:n Hyte Airo -ohjelmaa. Mukana verkostossa on yritysten lis\u00e4ksi muun muassa Kuntaliitto, Super, ministeri\u00f6t (STM, TEM ja VM), virastot (THL, VTT, Business Finland ja DVV), oppilaitokset (DIAKAMK ja Lapin AMK) sek\u00e4 joukko yksityisi\u00e4 ja julkisia palvelutuottajia.<\/p>\n\n\n\n<blockquote class=\"wp-block-quote is-layout-flow wp-block-quote-is-layout-flow\">\n<p>Tulevaisuuden sosiaali- ja terveysalan kehittymiseen sek\u00e4 vientiin ja kansainv\u00e4listymiseen vaikute\u00adtaan parhaiten yhteisty\u00f6ss\u00e4 muiden kanssa.<\/p>\n<\/blockquote>\n\n\n\n<p>Terveysteknologia ry on osa Teknologiateollisuus ry:t\u00e4, mink\u00e4 vahva tuki on yhdistykselle t\u00e4rke\u00e4\u00e4. Teknologiateollisuuden kanssa vaikuttamme kasvun, talouden ja kilpailukyvyn vahvistamiseen, yritys\u00adten uudistumiseen ja n\u00e4iden edellytysten esille tuomiseen. Suomi tarvitsee innovatiivisia hankintoja, digitalisaation tuomia hy\u00f6tyj\u00e4, osaajia ja osaamista enemm\u00e4n kuin koskaan.<\/p>\n\n\n\n<p>My\u00f6s hyv\u00e4 yhteisty\u00f6 L\u00e4\u00e4keteollisuus ry:n ja Sailab \u2013 Medtech Finland ry:n kanssa on jatkunut alku\u00advuonna.\u00a0Terveyden tekij\u00e4t kuntavaalitilaisuus\u00a0oli 11.6.2021 ja mukana olivat Eeva Kalli (kesk), Aki Lin\u00adden (sd), Sari Sarkomaa (kok), Ville Tavio (ps). Terveysteknologia ry osallistui my\u00f6s L\u00e4\u00e4keteollisuus ry:n kutsumana ETLA:n Terveysteknologia ja tutkiva l\u00e4\u00e4keala Suomen taloudessa\u00a0<a href=\"https:\/\/www.etla.fi\/julkaisut\/terveysteknologia-ja-tutkiva-laakeala-suomen-taloudessa\/\">&#8211;<\/a>raportin laadintahankkeeseen ja raportin kirjoittamiseen.<\/p>\n\n\n\n<p>T\u00e4rke\u00e4 viestint\u00e4kanavamme on oma\u00a0verkkosivustomme, jonne olemme alkuvuoden aikana laatineet kymmeni\u00e4 kirjoituksia ajankohtaisista terveysteknologia-alaa koskevista asioista. Kirjoittamisen lis\u00e4ksi olemme olleet my\u00f6s \u00e4\u00e4ness\u00e4 sek\u00e4 omissa webinaareissamme ett\u00e4 muiden sidosryhmiemme tilaisuuksissa. Kev\u00e4\u00e4ll\u00e4 n\u00e4it\u00e4 eri tilaisuuksia oli l\u00e4hemm\u00e4s 40.<\/p>\n\n\n\n<blockquote class=\"wp-block-quote is-layout-flow wp-block-quote-is-layout-flow\">\n<p>Olemme todella iloisia, ett\u00e4 yhdistys on laajasti tunnettu ja toivottu vieras terveysalaa koskevissa tilaisuuksissa, sill\u00e4 jokainen kutsu, esitys ja puhe mahdollistavat j\u00e4senyritystemme \u00e4\u00e4nen k\u00e4ytt\u00e4misen alan toimintaedellytysten kollektiiviseksi tukemiseksi ja vahvistamiseksi.<\/p>\n<\/blockquote>\n\n\n\n<p>Iloista syyskautta kaikille toivottaen!<\/p>\n","protected":false},"excerpt":{"rendered":"<p>Syyskausi on alkanut ja olemme aurinkoisen sek\u00e4 rentouttavan kes\u00e4loman j\u00e4ljilt\u00e4 valmiita ottamaan loppuvuoden vastaan mielenkiintoisten tapahtumien merkeiss\u00e4 yhdess\u00e4 kasvaneen j\u00e4senkuntamme kanssa. Kokoonnuimme kes\u00e4n j\u00e4lkeen pitk\u00e4st\u00e4 aikaa toimistolle suunnittelemaan tulevien kuukausien toimintaamme ja potentiaalisia vaikuttamisen sek\u00e4 viestinn\u00e4n paikkoja. Lis\u00e4ksi yhdistyksen\u00a0hallitus\u00a0kokoontuu t\u00e4ll\u00e4 viikolla mm. arvioimaan yhdistyksen strategian toimeenpanon etenemist\u00e4. N\u00e4in p\u00e4\u00e4semme uusin energioin ja ideoin jatkamaan siit\u00e4, [&hellip;]<\/p>\n","protected":false},"author":16,"featured_media":951,"comment_status":"closed","ping_status":"closed","sticky":false,"template":"","format":"standard","meta":{"_acf_changed":false,"_relevanssi_hide_post":"","_relevanssi_hide_content":"","_relevanssi_pin_for_all":"","_relevanssi_pin_keywords":"","_relevanssi_unpin_keywords":"","_relevanssi_related_keywords":"","_relevanssi_related_include_ids":"","_relevanssi_related_exclude_ids":"","_relevanssi_related_no_append":"","_relevanssi_related_not_related":"","_relevanssi_related_posts":"729,759,725,731,710,798","_relevanssi_noindex_reason":"","inline_featured_image":false,"footnotes":""},"categories":[14],"tags":[],"em_industry":[],"em_theme":[],"class_list":["post-1135","post","type-post","status-publish","format-standard","has-post-thumbnail","hentry","category-uutinen"],"acf":[],"yoast_head":"<!-- This site is optimized with the Yoast SEO Premium plugin v27.1 (Yoast SEO v27.5) - https:\/\/yoast.com\/product\/yoast-seo-premium-wordpress\/ -->\n<title>Syysterveiset Terveysteknologia ry:st\u00e4 - Terveysteknologia<\/title>\n<meta name=\"robots\" content=\"index, follow, max-snippet:-1, max-image-preview:large, max-video-preview:-1\" \/>\n<link rel=\"canonical\" href=\"https:\/\/teknologiateollisuus.fi\/healthtech\/syysterveiset-terveysteknologia-rysta\/\" \/>\n<meta property=\"og:locale\" content=\"fi_FI\" \/>\n<meta property=\"og:type\" content=\"article\" \/>\n<meta property=\"og:title\" content=\"Syysterveiset Terveysteknologia ry:st\u00e4\" \/>\n<meta property=\"og:description\" content=\"Syyskausi on alkanut ja olemme aurinkoisen sek\u00e4 rentouttavan kes\u00e4loman j\u00e4ljilt\u00e4 valmiita ottamaan loppuvuoden vastaan mielenkiintoisten tapahtumien merkeiss\u00e4 yhdess\u00e4 kasvaneen j\u00e4senkuntamme kanssa. Kokoonnuimme kes\u00e4n j\u00e4lkeen pitk\u00e4st\u00e4 aikaa toimistolle suunnittelemaan tulevien kuukausien toimintaamme ja potentiaalisia vaikuttamisen sek\u00e4 viestinn\u00e4n paikkoja. Lis\u00e4ksi yhdistyksen\u00a0hallitus\u00a0kokoontuu t\u00e4ll\u00e4 viikolla mm. arvioimaan yhdistyksen strategian toimeenpanon etenemist\u00e4. N\u00e4in p\u00e4\u00e4semme uusin energioin ja ideoin jatkamaan siit\u00e4, [&hellip;]\" \/>\n<meta property=\"og:url\" content=\"https:\/\/teknologiateollisuus.fi\/healthtech\/syysterveiset-terveysteknologia-rysta\/\" \/>\n<meta property=\"og:site_name\" content=\"Terveysteknologia\" \/>\n<meta property=\"article:published_time\" content=\"2021-08-24T05:44:00+00:00\" \/>\n<meta property=\"article:modified_time\" content=\"2024-09-02T10:02:11+00:00\" \/>\n<meta property=\"og:image\" content=\"https:\/\/teknologiateollisuus.fi\/healthtech\/wp-content\/uploads\/sites\/8\/2024\/07\/Kuvituskuva-auringonkukat.jpg\" \/>\n\t<meta property=\"og:image:width\" content=\"525\" \/>\n\t<meta property=\"og:image:height\" content=\"350\" \/>\n\t<meta property=\"og:image:type\" content=\"image\/jpeg\" \/>\n<meta name=\"author\" content=\"P\u00e4ivi Ahlgren\" \/>\n<meta name=\"twitter:card\" content=\"summary_large_image\" \/>\n<meta name=\"twitter:label1\" content=\"Kirjoittanut\" \/>\n\t<meta name=\"twitter:data1\" content=\"P\u00e4ivi Ahlgren\" \/>\n\t<meta name=\"twitter:label2\" content=\"Arvioitu lukuaika\" \/>\n\t<meta name=\"twitter:data2\" content=\"5 minuuttia\" \/>\n<script type=\"application\/ld+json\" class=\"yoast-schema-graph\">{\"@context\":\"https:\\\/\\\/schema.org\",\"@graph\":[{\"@type\":\"Article\",\"@id\":\"https:\\\/\\\/teknologiateollisuus.fi\\\/healthtech\\\/syysterveiset-terveysteknologia-rysta\\\/#article\",\"isPartOf\":{\"@id\":\"https:\\\/\\\/teknologiateollisuus.fi\\\/healthtech\\\/syysterveiset-terveysteknologia-rysta\\\/\"},\"author\":{\"name\":\"P\u00e4ivi Ahlgren\",\"@id\":\"https:\\\/\\\/teknologiateollisuus.fi\\\/healthtech\\\/#\\\/schema\\\/person\\\/964d40eb9a84d0edfc1989b7784ea950\"},\"headline\":\"Syysterveiset Terveysteknologia ry:st\u00e4\",\"datePublished\":\"2021-08-24T05:44:00+00:00\",\"dateModified\":\"2024-09-02T10:02:11+00:00\",\"mainEntityOfPage\":{\"@id\":\"https:\\\/\\\/teknologiateollisuus.fi\\\/healthtech\\\/syysterveiset-terveysteknologia-rysta\\\/\"},\"wordCount\":874,\"image\":{\"@id\":\"https:\\\/\\\/teknologiateollisuus.fi\\\/healthtech\\\/syysterveiset-terveysteknologia-rysta\\\/#primaryimage\"},\"thumbnailUrl\":\"https:\\\/\\\/teknologiateollisuus.fi\\\/healthtech\\\/wp-content\\\/uploads\\\/sites\\\/8\\\/2024\\\/07\\\/Kuvituskuva-auringonkukat.jpg\",\"articleSection\":[\"Uutinen\"],\"inLanguage\":\"fi\"},{\"@type\":\"WebPage\",\"@id\":\"https:\\\/\\\/teknologiateollisuus.fi\\\/healthtech\\\/syysterveiset-terveysteknologia-rysta\\\/\",\"url\":\"https:\\\/\\\/teknologiateollisuus.fi\\\/healthtech\\\/syysterveiset-terveysteknologia-rysta\\\/\",\"name\":\"Syysterveiset Terveysteknologia ry:st\u00e4 - Terveysteknologia\",\"isPartOf\":{\"@id\":\"https:\\\/\\\/teknologiateollisuus.fi\\\/healthtech\\\/#website\"},\"primaryImageOfPage\":{\"@id\":\"https:\\\/\\\/teknologiateollisuus.fi\\\/healthtech\\\/syysterveiset-terveysteknologia-rysta\\\/#primaryimage\"},\"image\":{\"@id\":\"https:\\\/\\\/teknologiateollisuus.fi\\\/healthtech\\\/syysterveiset-terveysteknologia-rysta\\\/#primaryimage\"},\"thumbnailUrl\":\"https:\\\/\\\/teknologiateollisuus.fi\\\/healthtech\\\/wp-content\\\/uploads\\\/sites\\\/8\\\/2024\\\/07\\\/Kuvituskuva-auringonkukat.jpg\",\"datePublished\":\"2021-08-24T05:44:00+00:00\",\"dateModified\":\"2024-09-02T10:02:11+00:00\",\"author\":{\"@id\":\"https:\\\/\\\/teknologiateollisuus.fi\\\/healthtech\\\/#\\\/schema\\\/person\\\/964d40eb9a84d0edfc1989b7784ea950\"},\"breadcrumb\":{\"@id\":\"https:\\\/\\\/teknologiateollisuus.fi\\\/healthtech\\\/syysterveiset-terveysteknologia-rysta\\\/#breadcrumb\"},\"inLanguage\":\"fi\",\"potentialAction\":[{\"@type\":\"ReadAction\",\"target\":[\"https:\\\/\\\/teknologiateollisuus.fi\\\/healthtech\\\/syysterveiset-terveysteknologia-rysta\\\/\"]}]},{\"@type\":\"ImageObject\",\"inLanguage\":\"fi\",\"@id\":\"https:\\\/\\\/teknologiateollisuus.fi\\\/healthtech\\\/syysterveiset-terveysteknologia-rysta\\\/#primaryimage\",\"url\":\"https:\\\/\\\/teknologiateollisuus.fi\\\/healthtech\\\/wp-content\\\/uploads\\\/sites\\\/8\\\/2024\\\/07\\\/Kuvituskuva-auringonkukat.jpg\",\"contentUrl\":\"https:\\\/\\\/teknologiateollisuus.fi\\\/healthtech\\\/wp-content\\\/uploads\\\/sites\\\/8\\\/2024\\\/07\\\/Kuvituskuva-auringonkukat.jpg\",\"width\":525,\"height\":350,\"caption\":\"Kuvituskuva auringonkukat\"},{\"@type\":\"BreadcrumbList\",\"@id\":\"https:\\\/\\\/teknologiateollisuus.fi\\\/healthtech\\\/syysterveiset-terveysteknologia-rysta\\\/#breadcrumb\",\"itemListElement\":[{\"@type\":\"ListItem\",\"position\":1,\"name\":\"Etusivu\",\"item\":\"https:\\\/\\\/teknologiateollisuus.fi\\\/healthtech\\\/\"},{\"@type\":\"ListItem\",\"position\":2,\"name\":\"Ajankohtaista\",\"item\":\"https:\\\/\\\/teknologiateollisuus.fi\\\/healthtech\\\/ajankohtaista\\\/\"},{\"@type\":\"ListItem\",\"position\":3,\"name\":\"Uutinen\",\"item\":\"https:\\\/\\\/teknologiateollisuus.fi\\\/healthtech\\\/ajankohtaista\\\/?categories=14\"},{\"@type\":\"ListItem\",\"position\":4,\"name\":\"Syysterveiset Terveysteknologia ry:st\u00e4\"}]},{\"@type\":\"WebSite\",\"@id\":\"https:\\\/\\\/teknologiateollisuus.fi\\\/healthtech\\\/#website\",\"url\":\"https:\\\/\\\/teknologiateollisuus.fi\\\/healthtech\\\/\",\"name\":\"Terveysteknologia\",\"description\":\"\",\"potentialAction\":[{\"@type\":\"SearchAction\",\"target\":{\"@type\":\"EntryPoint\",\"urlTemplate\":\"https:\\\/\\\/teknologiateollisuus.fi\\\/healthtech\\\/?s={search_term_string}\"},\"query-input\":{\"@type\":\"PropertyValueSpecification\",\"valueRequired\":true,\"valueName\":\"search_term_string\"}}],\"inLanguage\":\"fi\"},{\"@type\":\"Person\",\"@id\":\"https:\\\/\\\/teknologiateollisuus.fi\\\/healthtech\\\/#\\\/schema\\\/person\\\/964d40eb9a84d0edfc1989b7784ea950\",\"name\":\"P\u00e4ivi Ahlgren\",\"image\":{\"@type\":\"ImageObject\",\"inLanguage\":\"fi\",\"@id\":\"https:\\\/\\\/secure.gravatar.com\\\/avatar\\\/d49c8c4a3ac6bce6f1ed1a4445d5b60a53463c32cb6ebcf6e0375dcece39eaca?s=96&d=mm&r=g\",\"url\":\"https:\\\/\\\/secure.gravatar.com\\\/avatar\\\/d49c8c4a3ac6bce6f1ed1a4445d5b60a53463c32cb6ebcf6e0375dcece39eaca?s=96&d=mm&r=g\",\"contentUrl\":\"https:\\\/\\\/secure.gravatar.com\\\/avatar\\\/d49c8c4a3ac6bce6f1ed1a4445d5b60a53463c32cb6ebcf6e0375dcece39eaca?s=96&d=mm&r=g\",\"caption\":\"P\u00e4ivi Ahlgren\"}}]}<\/script>\n<!-- \/ Yoast SEO Premium plugin. -->","yoast_head_json":{"title":"Syysterveiset Terveysteknologia ry:st\u00e4 - Terveysteknologia","robots":{"index":"index","follow":"follow","max-snippet":"max-snippet:-1","max-image-preview":"max-image-preview:large","max-video-preview":"max-video-preview:-1"},"canonical":"https:\/\/teknologiateollisuus.fi\/healthtech\/syysterveiset-terveysteknologia-rysta\/","og_locale":"fi_FI","og_type":"article","og_title":"Syysterveiset Terveysteknologia ry:st\u00e4","og_description":"Syyskausi on alkanut ja olemme aurinkoisen sek\u00e4 rentouttavan kes\u00e4loman j\u00e4ljilt\u00e4 valmiita ottamaan loppuvuoden vastaan mielenkiintoisten tapahtumien merkeiss\u00e4 yhdess\u00e4 kasvaneen j\u00e4senkuntamme kanssa. Kokoonnuimme kes\u00e4n j\u00e4lkeen pitk\u00e4st\u00e4 aikaa toimistolle suunnittelemaan tulevien kuukausien toimintaamme ja potentiaalisia vaikuttamisen sek\u00e4 viestinn\u00e4n paikkoja. Lis\u00e4ksi yhdistyksen\u00a0hallitus\u00a0kokoontuu t\u00e4ll\u00e4 viikolla mm. arvioimaan yhdistyksen strategian toimeenpanon etenemist\u00e4. N\u00e4in p\u00e4\u00e4semme uusin energioin ja ideoin jatkamaan siit\u00e4, [&hellip;]","og_url":"https:\/\/teknologiateollisuus.fi\/healthtech\/syysterveiset-terveysteknologia-rysta\/","og_site_name":"Terveysteknologia","article_published_time":"2021-08-24T05:44:00+00:00","article_modified_time":"2024-09-02T10:02:11+00:00","og_image":[{"width":525,"height":350,"url":"https:\/\/teknologiateollisuus.fi\/healthtech\/wp-content\/uploads\/sites\/8\/2024\/07\/Kuvituskuva-auringonkukat.jpg","type":"image\/jpeg"}],"author":"P\u00e4ivi Ahlgren","twitter_card":"summary_large_image","twitter_misc":{"Kirjoittanut":"P\u00e4ivi Ahlgren","Arvioitu lukuaika":"5 minuuttia"},"schema":{"@context":"https:\/\/schema.org","@graph":[{"@type":"Article","@id":"https:\/\/teknologiateollisuus.fi\/healthtech\/syysterveiset-terveysteknologia-rysta\/#article","isPartOf":{"@id":"https:\/\/teknologiateollisuus.fi\/healthtech\/syysterveiset-terveysteknologia-rysta\/"},"author":{"name":"P\u00e4ivi Ahlgren","@id":"https:\/\/teknologiateollisuus.fi\/healthtech\/#\/schema\/person\/964d40eb9a84d0edfc1989b7784ea950"},"headline":"Syysterveiset Terveysteknologia ry:st\u00e4","datePublished":"2021-08-24T05:44:00+00:00","dateModified":"2024-09-02T10:02:11+00:00","mainEntityOfPage":{"@id":"https:\/\/teknologiateollisuus.fi\/healthtech\/syysterveiset-terveysteknologia-rysta\/"},"wordCount":874,"image":{"@id":"https:\/\/teknologiateollisuus.fi\/healthtech\/syysterveiset-terveysteknologia-rysta\/#primaryimage"},"thumbnailUrl":"https:\/\/teknologiateollisuus.fi\/healthtech\/wp-content\/uploads\/sites\/8\/2024\/07\/Kuvituskuva-auringonkukat.jpg","articleSection":["Uutinen"],"inLanguage":"fi"},{"@type":"WebPage","@id":"https:\/\/teknologiateollisuus.fi\/healthtech\/syysterveiset-terveysteknologia-rysta\/","url":"https:\/\/teknologiateollisuus.fi\/healthtech\/syysterveiset-terveysteknologia-rysta\/","name":"Syysterveiset Terveysteknologia ry:st\u00e4 - Terveysteknologia","isPartOf":{"@id":"https:\/\/teknologiateollisuus.fi\/healthtech\/#website"},"primaryImageOfPage":{"@id":"https:\/\/teknologiateollisuus.fi\/healthtech\/syysterveiset-terveysteknologia-rysta\/#primaryimage"},"image":{"@id":"https:\/\/teknologiateollisuus.fi\/healthtech\/syysterveiset-terveysteknologia-rysta\/#primaryimage"},"thumbnailUrl":"https:\/\/teknologiateollisuus.fi\/healthtech\/wp-content\/uploads\/sites\/8\/2024\/07\/Kuvituskuva-auringonkukat.jpg","datePublished":"2021-08-24T05:44:00+00:00","dateModified":"2024-09-02T10:02:11+00:00","author":{"@id":"https:\/\/teknologiateollisuus.fi\/healthtech\/#\/schema\/person\/964d40eb9a84d0edfc1989b7784ea950"},"breadcrumb":{"@id":"https:\/\/teknologiateollisuus.fi\/healthtech\/syysterveiset-terveysteknologia-rysta\/#breadcrumb"},"inLanguage":"fi","potentialAction":[{"@type":"ReadAction","target":["https:\/\/teknologiateollisuus.fi\/healthtech\/syysterveiset-terveysteknologia-rysta\/"]}]},{"@type":"ImageObject","inLanguage":"fi","@id":"https:\/\/teknologiateollisuus.fi\/healthtech\/syysterveiset-terveysteknologia-rysta\/#primaryimage","url":"https:\/\/teknologiateollisuus.fi\/healthtech\/wp-content\/uploads\/sites\/8\/2024\/07\/Kuvituskuva-auringonkukat.jpg","contentUrl":"https:\/\/teknologiateollisuus.fi\/healthtech\/wp-content\/uploads\/sites\/8\/2024\/07\/Kuvituskuva-auringonkukat.jpg","width":525,"height":350,"caption":"Kuvituskuva auringonkukat"},{"@type":"BreadcrumbList","@id":"https:\/\/teknologiateollisuus.fi\/healthtech\/syysterveiset-terveysteknologia-rysta\/#breadcrumb","itemListElement":[{"@type":"ListItem","position":1,"name":"Etusivu","item":"https:\/\/teknologiateollisuus.fi\/healthtech\/"},{"@type":"ListItem","position":2,"name":"Ajankohtaista","item":"https:\/\/teknologiateollisuus.fi\/healthtech\/ajankohtaista\/"},{"@type":"ListItem","position":3,"name":"Uutinen","item":"https:\/\/teknologiateollisuus.fi\/healthtech\/ajankohtaista\/?categories=14"},{"@type":"ListItem","position":4,"name":"Syysterveiset Terveysteknologia ry:st\u00e4"}]},{"@type":"WebSite","@id":"https:\/\/teknologiateollisuus.fi\/healthtech\/#website","url":"https:\/\/teknologiateollisuus.fi\/healthtech\/","name":"Terveysteknologia","description":"","potentialAction":[{"@type":"SearchAction","target":{"@type":"EntryPoint","urlTemplate":"https:\/\/teknologiateollisuus.fi\/healthtech\/?s={search_term_string}"},"query-input":{"@type":"PropertyValueSpecification","valueRequired":true,"valueName":"search_term_string"}}],"inLanguage":"fi"},{"@type":"Person","@id":"https:\/\/teknologiateollisuus.fi\/healthtech\/#\/schema\/person\/964d40eb9a84d0edfc1989b7784ea950","name":"P\u00e4ivi Ahlgren","image":{"@type":"ImageObject","inLanguage":"fi","@id":"https:\/\/secure.gravatar.com\/avatar\/d49c8c4a3ac6bce6f1ed1a4445d5b60a53463c32cb6ebcf6e0375dcece39eaca?s=96&d=mm&r=g","url":"https:\/\/secure.gravatar.com\/avatar\/d49c8c4a3ac6bce6f1ed1a4445d5b60a53463c32cb6ebcf6e0375dcece39eaca?s=96&d=mm&r=g","contentUrl":"https:\/\/secure.gravatar.com\/avatar\/d49c8c4a3ac6bce6f1ed1a4445d5b60a53463c32cb6ebcf6e0375dcece39eaca?s=96&d=mm&r=g","caption":"P\u00e4ivi Ahlgren"}}]}},"lang":"fi","translations":{"fi":1135},"pll_sync_post":{},"_links":{"self":[{"href":"https:\/\/teknologiateollisuus.fi\/healthtech\/wp-json\/wp\/v2\/posts\/1135","targetHints":{"allow":["GET"]}}],"collection":[{"href":"https:\/\/teknologiateollisuus.fi\/healthtech\/wp-json\/wp\/v2\/posts"}],"about":[{"href":"https:\/\/teknologiateollisuus.fi\/healthtech\/wp-json\/wp\/v2\/types\/post"}],"author":[{"embeddable":true,"href":"https:\/\/teknologiateollisuus.fi\/healthtech\/wp-json\/wp\/v2\/users\/16"}],"replies":[{"embeddable":true,"href":"https:\/\/teknologiateollisuus.fi\/healthtech\/wp-json\/wp\/v2\/comments?post=1135"}],"version-history":[{"count":1,"href":"https:\/\/teknologiateollisuus.fi\/healthtech\/wp-json\/wp\/v2\/posts\/1135\/revisions"}],"predecessor-version":[{"id":1136,"href":"https:\/\/teknologiateollisuus.fi\/healthtech\/wp-json\/wp\/v2\/posts\/1135\/revisions\/1136"}],"wp:featuredmedia":[{"embeddable":true,"href":"https:\/\/teknologiateollisuus.fi\/healthtech\/wp-json\/wp\/v2\/media\/951"}],"wp:attachment":[{"href":"https:\/\/teknologiateollisuus.fi\/healthtech\/wp-json\/wp\/v2\/media?parent=1135"}],"wp:term":[{"taxonomy":"category","embeddable":true,"href":"https:\/\/teknologiateollisuus.fi\/healthtech\/wp-json\/wp\/v2\/categories?post=1135"},{"taxonomy":"post_tag","embeddable":true,"href":"https:\/\/teknologiateollisuus.fi\/healthtech\/wp-json\/wp\/v2\/tags?post=1135"},{"taxonomy":"em_industry","embeddable":true,"href":"https:\/\/teknologiateollisuus.fi\/healthtech\/wp-json\/wp\/v2\/em_industry?post=1135"},{"taxonomy":"em_theme","embeddable":true,"href":"https:\/\/teknologiateollisuus.fi\/healthtech\/wp-json\/wp\/v2\/em_theme?post=1135"}],"curies":[{"name":"wp","href":"https:\/\/api.w.org\/{rel}","templated":true}]}}