{"id":1172,"date":"2021-12-30T15:21:00","date_gmt":"2021-12-30T13:21:00","guid":{"rendered":"https:\/\/teknologiateollisuus.fi\/healthtech\/?p=1172"},"modified":"2024-09-02T13:02:22","modified_gmt":"2024-09-02T10:02:22","slug":"hyvaa-uutta-vuotta-2022","status":"publish","type":"post","link":"https:\/\/teknologiateollisuus.fi\/healthtech\/hyvaa-uutta-vuotta-2022\/","title":{"rendered":"Hyv\u00e4\u00e4 uutta vuotta 2022!"},"content":{"rendered":"\n<p>T\u00e4n\u00e4\u00e4n hyv\u00e4stelemme vuoden 2021 ja toivotamme uuden vuoden 2022 tervetulleeksi. Sit\u00e4 ennen pieni vilkaisu taaksep\u00e4in ja ajatuksia tulevasta toimintavuodestamme.<\/p>\n\n\n\n<blockquote class=\"wp-block-quote is-layout-flow wp-block-quote-is-layout-flow\">\n<p><strong>Vienti kasvaa<\/strong><\/p>\n<\/blockquote>\n\n\n\n<p>Vuonna 2021 koronapandemia jatkui edellisvuonna omaksuttujen rajoitusten puitteissa. Osalla j\u00e4senyrityksill\u00e4 pandemian tuoma kysynt\u00e4piikki jatkui vuonna 2021. Esimerkiksi tarve sairaaloiden hoitoratkaisuille, erityisesti tehohoitoon s\u00e4ilyi. Kysynn\u00e4n kasvu n\u00e4kyi my\u00f6s diagnostiikan ja digitaalisten palvelujen osalta.<\/p>\n\n\n\n<p>Toisilla yrityksill\u00e4 tilauskanta ja tuotanto ovat normalisoituneet vaikean kev\u00e4\u00e4n 2020 j\u00e4lkeen. Vuoden 2021 j\u00e4lkimm\u00e4isell\u00e4 puoliskolla komponenttipula alkoi vaikuttaa monen yrityksen toimintaan, mik\u00e4 alkanee n\u00e4ky\u00e4 vuoden 2022 puolella. Osa suomalaisyrityksist\u00e4 on lis\u00e4ksi joutunut muuttamaan toimitusketjujaan Kiinan ja Yhdysvaltojen v\u00e4lisen kiristyneen suurvaltakilpailun aiheuttamien rajoitusten ja riskien vuoksi. Pandemian aikana terveysalan merkitys on kuitenkin korostunut entisest\u00e4\u00e4n.<\/p>\n\n\n\n<p>Terveysteknologian tuotevienti oli vuonna 2020 2,43 miljardia euroa, nousua edellisvuodesta oli 0,5 prosenttia. L\u00e4\u00e4kinn\u00e4llisten laitteiden vienti laski 10,3 prosenttia 1,52 miljardiin euroon ja IVD-vienti nousi 27,3 prosenttia 0,83 miljardiin euroon.<\/p>\n\n\n\n<p>Vuonna 2021 vienti\u00e4 on tarkasteltu my\u00f6s kuukausitasolla. Vertailuvuosiksi valittiin 2018, 2019 ja 2020. N\u00e4in tarkasteltuna n\u00e4kyy, miten vienti jakautuu joka vuosi samalla tavoin eri kuukausille. My\u00f6s alkuvuoden 2020 pudotus n\u00e4kyy selv\u00e4sti, samoin kuin loppukes\u00e4ll\u00e4 2020 alkanut nousu. Historiaa katsomalla marras-joulukuu on viennin osalta parasta aikaa, joten my\u00f6s vuonna 2021 p\u00e4\u00e4st\u00e4neen hyv\u00e4\u00e4n tulokseen.<\/p>\n\n\n\n<blockquote class=\"wp-block-quote is-layout-flow wp-block-quote-is-layout-flow\">\n<p><strong>J\u00e4senkunta kasvoi koronasta huolimatta<\/strong><\/p>\n<\/blockquote>\n\n\n\n<p>Pandemiasta huolimatta yhdistys vahvisti vuonna 2021 asemaansa\u00a0<strong>johtavana terveysalan yhteis\u00f6n\u00e4 ja vaikuttajana<\/strong>, kun j\u00e4senkuntaan liittyi huikeat 20 uutta yrityst\u00e4! L\u00e4mpim\u00e4sti tervetuloa\u00a0Aidian, ArcDia International, Apotti, Askel Healthcare, BeeHealthy, DigiFinland, Forsante, GettingBetter, Dilaw Asianajotoimisto, Huld, Hidex, H\u00e4meen Spes, Inspecta Sertifiointi, Klinik Healthcare Solutions, Mediclaudo, Nursie Health, QMS Nordic, Tepcomp, VideoVisit ja Wipak. On meille suuri ilo ja kunnia tukea\u00a0teist\u00e4 jokaista kasvun ja kansainv\u00e4listymisen matkallanne.\u00a0J\u00e4seni\u00e4 oli vuoden lopussa yhteens\u00e4\u00a0163.<\/p>\n\n\n\n<blockquote class=\"wp-block-quote is-layout-flow wp-block-quote-is-layout-flow\">\n<p><strong>Aktiivista ty\u00f6ryhm\u00e4toimintaa ja webinaareja<\/strong><\/p>\n<\/blockquote>\n\n\n\n<p>Yhdistyksen p\u00e4\u00e4asiallista toimintaa ovat ty\u00f6ryhm\u00e4kokoukset, jotka ovat avoimia kaikille j\u00e4senille. Tavoitteena on tuottaa ty\u00f6ryhmiss\u00e4 j\u00e4senyrityksillemme juuri sit\u00e4 asiaa ja informaatiota, joita yrityksiss\u00e4 ajankohtaisesti kaivataan. Vuoden 2021 lopussa\u00a0s\u00e4\u00e4d\u00f6sty\u00f6ryhmi\u00e4\u00a0oli kolme. Ty\u00f6ryhmien puheenjohtajina olivat\u00a0vuonna 2021\u00a0<strong>Mika Siitonen<\/strong>, Labquality (ohjelmistot ja data -ty\u00f6ryhm\u00e4),\u00a0<strong>Sanna Mattila<\/strong>\u00a0(30.9.2021 asti), Clinipower (MD-ty\u00f6ryhm\u00e4),\u00a0<strong>Katja Karhu<\/strong>\u00a0(1.10.2021 alkaen), Innokas Medical\u00a0(MD-ty\u00f6ryhm\u00e4) sek\u00e4\u00a0<strong>Anja Kontio<\/strong>, Labquality (IVD-ty\u00f6ryhm\u00e4).<\/p>\n\n\n\n<p>Kokoukset j\u00e4rjestettiin vuonna 2021 Teams-alustalla. Et\u00e4osallistuminen on lis\u00e4nnyt kokouksiin osallistuvien m\u00e4\u00e4r\u00e4\u00e4. Vuonna 2022 jatkamme et\u00e4kokousten pit\u00e4mist\u00e4 ja siirrymme hiljalleen hybridikokouksiin siten, ett\u00e4 mahdollistamme tapaamiset my\u00f6s Etel\u00e4rannassa rinnakkain et\u00e4osallistumisen kanssa. Vuosi 2021 ja koronapandemia siirsiv\u00e4t ty\u00f6ryhmien lis\u00e4ksi my\u00f6s yhdistyksen tapahtumat verkkoon. Webinaareja j\u00e4rjestettiin yhteens\u00e4 12 kappaletta.&nbsp;<\/p>\n\n\n\n<p>Yhteisty\u00f6\u00a0Fimean\u00a0ja ilmoitettujen laitosten kanssa on ollut tiivist\u00e4. Kiit\u00e4mme erityisesti toimivaltaisen viranomaisen laitetiimi\u00e4 sek\u00e4 ilmoitettuja laitoksia rakentavista keskusteluista ja tuestanne, jotta yritykset ovat saaneet\u00a0tarvitsemaansa ohjausta vaatimustenmukaisen toiminnan varmistamiseksi. My\u00f6s yhteisty\u00f6 sosiaali- ja terveysministeri\u00f6n (STM), ty\u00f6- ja elinkeinoministeri\u00f6n (TEM) sek\u00e4 Terveyden ja hyvinvoinnin laitoksen (THL) kanssa on ollut t\u00e4rke\u00e4ss\u00e4 roolissa vuoden 2021 aikana. Kiit\u00e4mme\u00a0mahdollisuuksista tulla eri yhteyksiss\u00e4 kuulluiksi menneen\u00e4 vuotena.<\/p>\n\n\n\n<p>S\u00e4\u00e4d\u00f6sty\u00f6ryhmien j\u00e4senille tehtiin loppuvuonna 2021 palautekysely, joka on avoinna viel\u00e4 t\u00e4n\u00e4\u00e4n vuoden viimeisen\u00e4 p\u00e4iv\u00e4n\u00e4. Muistakaa vastata!&nbsp;Alustavien tulosten mukaan valtaosa vastaajista on ty\u00f6ryhmiin s\u00e4\u00e4nn\u00f6llisesti ja aktiivisesti osallistuvia henkil\u00f6it\u00e4 ja palaute ty\u00f6ryhmien sis\u00e4ll\u00f6ist\u00e4 oli my\u00f6nteist\u00e4. Fimean ja ilmoitettujen laitosten osallistumista pidettiin t\u00e4rke\u00e4n\u00e4 ja tervetulleena. Saimme my\u00f6s eritt\u00e4in t\u00e4rkeit\u00e4 vinkkej\u00e4 toiminnan kehitt\u00e4miseksi. Kyselyn tuloksilla on suuri merkitys yhdistyksen&nbsp;suunnitellessa&nbsp;vuoden&nbsp;2022 ty\u00f6ryhm\u00e4toimintaa.<\/p>\n\n\n\n<blockquote class=\"wp-block-quote is-layout-flow wp-block-quote-is-layout-flow\">\n<p><strong>Laatusopimus yhteisty\u00f6ss\u00e4 Asianajotoimisto Dittmar &amp; Indreniuksen kanssa<\/strong><\/p>\n<\/blockquote>\n\n\n\n<p>Ty\u00f6ryhmien v\u00e4lisen\u00e4 yhteisty\u00f6n\u00e4 valmisteltiin vuonna 2021 laatusopimusta j\u00e4senten k\u00e4ytt\u00f6\u00f6n. Laatusopimuksen tarkoituksena on todentaa toiminnan asianmukaisuus silloin, kun tuotetta, palvelua tai informaatiota tarjoaa MDR:n tai IVDR:n tarkoittama talouden toimija, jota valmistajan laatuj\u00e4rjestelm\u00e4 ei kata. Yhteisen webinaarin ja ty\u00f6pajan j\u00e4lkeen sopimusmallin laadinta jatkuu yhteisty\u00f6ss\u00e4 Asianajotoimisto\u00a0Dittmar &amp; Indreniuksen\u00a0kanssa. Mallisopimus saadaan j\u00e4senten k\u00e4ytt\u00f6\u00f6n kev\u00e4\u00e4n 2022 aikana ja sit\u00e4 edelt\u00e4\u00e4 asianmukainen kilpailuoikeudellinen tarkastelu alan parhaiden juristien toimesta. Olemme eritt\u00e4in iloisia t\u00e4st\u00e4 tulevasta yhteisty\u00f6st\u00e4 ja kerromme pian lis\u00e4\u00e4 tulevista yhteisist\u00e4 tapahtumistamme!<\/p>\n\n\n\n<blockquote class=\"wp-block-quote is-layout-flow wp-block-quote-is-layout-flow\">\n<p><strong>Genomiteollisuusjaosto<\/strong><\/p>\n<\/blockquote>\n\n\n\n<p>Genomiteollisuusjaostossa\u00a0oli vuonna 2021 vahva painotus BioIT-n\u00e4k\u00f6kulmassa. Lis\u00e4ksi perehdyttiin biopankkilain kokonaisuudistukseen ja lakiluonnokseen Genomikeskuksesta ja genomitietojen k\u00e4sittelyst\u00e4 (genomilaki). Kummastakin lakiehdotuksesta annettiin\u00a0lausunnot STM:lle.\u00a0Genomiteollisuusjaosto kokoontui lis\u00e4ksi yhteisty\u00f6webinaariin L\u00e4\u00e4keteollisuus ry:n ja Suomen Bioteollisuuden kanssa lausunnoilla olleen genomilain k\u00e4sittely\u00e4 varten.\u00a0Genomiteollisuusjaoston puheenjohtaja vuonna 2021 oli Jari Forsstr\u00f6m, Abomics Oy ja\u00a0sihteerin\u00e4 Sandra Liede.<\/p>\n\n\n\n<p>Sandra Liede osallistui my\u00f6s biopankkilains\u00e4\u00e4d\u00e4nn\u00f6n ohjausryhm\u00e4n alaty\u00f6ryhm\u00e4\u00e4n, johon sidosryhm\u00e4t on kutsuttu mukaan. Genomiteollisuusjaostossa k\u00e4siteltiin lis\u00e4ksi EU:n 1+Million Genomes (1+MG) -hanketta erityisesti teollisuuden osallistamisen n\u00e4k\u00f6kulmasta. Liede on Suomen edustaja hankkeen ty\u00f6ryhm\u00e4ss\u00e4 7 (WG7 Industry Involvement), jota h\u00e4n my\u00f6s johtaa. Liede osallistuu lis\u00e4ksi STM:n kutsumana hankkeen kansalliseen koordinaatioryhm\u00e4\u00e4n.&nbsp;<\/p>\n\n\n\n<blockquote class=\"wp-block-quote is-layout-flow wp-block-quote-is-layout-flow\">\n<p><strong>ISOt verkosto<\/strong><\/p>\n<\/blockquote>\n\n\n\n<p>Ik\u00e4\u00e4ntyneen Suomen ongelmat (ISOt) verkoston puitteissa on jatkettu\u00a0aloitteen ik\u00e4\u00e4ntyneiden onnistunut kotona asuminen k\u00e4sittely\u00e4. Kertomusvuonna laadittiin mm. Tulevaisuusmuistelu 2040 osana HyteAiron KATI-ohjelmaa. Verkosto\u00a0on my\u00f6s seurannut sosiaali- ja terveysministeri\u00f6n Ik\u00e4ohjelman valmistelua ja KATI-ohjelman toimeenpanoa sek\u00e4 tutustunut ammattikorkeakoulujen hankkeisiin. Mukana verkostossa on yritysten lis\u00e4ksi muun muassa Kuntaliitto, Super, Sairaanhoitajaliitto, ministeri\u00f6t (STM, TEM, YM, LVM ja VN), THL, VTT, Business Finland, oppilaitokset (DIAK AMK, Lapin AMK ja Metropolia). Kokoonkutsuja oli Saara Hassinen.\u00a0<\/p>\n\n\n\n<blockquote class=\"wp-block-quote is-layout-flow wp-block-quote-is-layout-flow\">\n<p><strong>Strategian p\u00e4ivitys ja vaikuttamisen tavoitteet<\/strong><\/p>\n<\/blockquote>\n\n\n\n<p>Yhdistyksen strategiaa p\u00e4ivitettiin vuonna 2021, mik\u00e4 vahvisti tavoitteitamme panostaa&nbsp;<strong>s\u00e4\u00e4d\u00f6sasioihin<\/strong>&nbsp;sek\u00e4 lis\u00e4t\u00e4 painoarvoa&nbsp;<strong>terveysdatan hy\u00f6dynt\u00e4miseen<\/strong>&nbsp;tulevaisuuden terveydenhuollon ja potilaiden hoidon tukemiseksi. Pyrimme tukemaan&nbsp;alan yritysten kasvua ja kansainv\u00e4listymist\u00e4 olemalla yritysten&nbsp;<strong>kohtaamispaikka<\/strong>&nbsp;ja kehitt\u00e4m\u00e4ll\u00e4&nbsp;<strong>palveluja<\/strong>&nbsp;j\u00e4senille huomioiden terveysalan erityispiirteet, kuten s\u00e4\u00e4d\u00f6sasiat. Haluamme erityisesti varmistaa, ett\u00e4 eurooppalaisten MD- ja IVD-asetusten toimeenpano ja tulkinnat vastaavat yrityskent\u00e4n valmiustilaa ja siten, ett\u00e4 markkinoilla on jatkuvasti saatavilla turvallisia ja tehokkaita tuotteita.<\/p>\n\n\n\n<p>Vaikutamme sen varmistamiseksi, ett\u00e4 yritysten&nbsp;<strong>toimintaymp\u00e4rist\u00f6<\/strong>&nbsp;on innovaatiomy\u00f6nteist\u00e4 ja mahdollistavaa huomioiden yhteiskunnan&nbsp;tarve saada uusia ratkaisuja sairauksien ehk\u00e4isyn, hoidon, diagnostiikan, seurannan ja kuntoutuksen tueksi.<\/p>\n\n\n\n<p>Uskomme, ett\u00e4 onnistuneilla&nbsp;<strong>arvoon ja laatuun<\/strong>&nbsp;pohjautuvilla&nbsp;<strong>julkisilla ml. innovatiivisilla julkisilla hankinnoilla<\/strong>&nbsp;saadaan toimintaa tehostavia ratkaisuja terveydenhuoltoon. Teknologian tulisi olla osa kokonaisratkaisua, eik\u00e4 vain lis\u00e4n\u00e4 ihmisen tekem\u00e4lle ty\u00f6lle. Lis\u00e4ksi hankintaosaamisen t\u00e4rkeys&nbsp;ja ymm\u00e4rrys hankinnasta pitk\u00e4aikaisena hy\u00f6tyn\u00e4 tulee ymm\u00e4rt\u00e4\u00e4 my\u00f6s hankintaorganisaatioissa. Hallitusohjelman mukaisesti tarvitaan my\u00f6s lis\u00e4\u00e4 innovatiivisia julkisia hankintoja<strong>.<\/strong><\/p>\n\n\n\n<p>Terveysteknologia-alalla on lis\u00e4ksi&nbsp;<strong>osaajapulaa.&nbsp;<\/strong>Erityisesti pulaa on s\u00e4\u00e4d\u00f6sasiantuntijoista ja koodareista ym. IT-ammattilaisista. Ty\u00f6per\u00e4inen maahanmuutto kiinnostaa yhdistyksemme j\u00e4seni\u00e4 osaajapaulan yhten\u00e4 ratkaisujana.<\/p>\n\n\n\n<p>Strategian toimeenpano on jatkunut yhdistyksen omissa ty\u00f6ryhmiss\u00e4, ministeri\u00f6iden ty\u00f6ryhmiss\u00e4, vaikuttajatapaamisissa ja kirjoituksissa.<\/p>\n\n\n\n<blockquote class=\"wp-block-quote is-layout-flow wp-block-quote-is-layout-flow\">\n<p><strong>Vaikuttamisty\u00f6<\/strong><\/p>\n<\/blockquote>\n\n\n\n<p>Yhdistys vaikuttaa terveysteknologia-alan toimintaymp\u00e4rist\u00f6n kehittymiseen monin tavoin sek\u00e4 kansallisesti ett\u00e4 kansainv\u00e4lisesti.&nbsp;Erityisesti STM:ll\u00e4&nbsp;on yhdistyst\u00e4 kiinnostavia neuvottelukuntia ym., jotka ovat p\u00e4\u00e4tt\u00e4j\u00e4tapaamisten lis\u00e4ksi hyvi\u00e4 keinoja verkottua p\u00e4\u00e4tt\u00e4jien ja sidosryhmien kanssa. Saara Hassinen oli&nbsp;vuonna 2021 Biotekniikan neuvottelukunnan (BTNK) j\u00e4senen\u00e4 ja HyteAiRo -neuvonantajaryhm\u00e4n j\u00e4senen\u00e4. TEM&nbsp;koordinoi Terveysalan kasvustrategian toimeenpanoa ja siihen liittyen Hassista haastateltiin kasvustrategian teett\u00e4miin Terveysalan rahoitusymp\u00e4rist\u00f6 ja Digitaalisen terveyden ja hyvinvoinnin osaamiskeskuksen perustamiseen liittyviin selvityksiin. Hassinen kutsuttiin&nbsp;my\u00f6s Suomen Akatemian koordinoiman Horisontti Eurooppa terveysklusteri \u2013 asiantuntijaryhm\u00e4\u00e4n.<\/p>\n\n\n\n<p>Yhdistys osallistui laaja-alaisesti terveysalan innovaatioekosysteemin kehitt\u00e4miseen mm. STM:n asettamien toisiolain ekosysteemity\u00f6ryhm\u00e4n sek\u00e4 Findatan rekisteristerinpit\u00e4j\u00e4t ja asiakkaat -ty\u00f6ryhmien kautta. N\u00e4iden lis\u00e4ksi Sandra Liede on mukana Findatan juristiverkostossa, jossa k\u00e4sitell\u00e4\u00e4n terveysdatan toisiok\u00e4ytt\u00f6\u00f6n sek\u00e4 muita kansallisia ja kansainv\u00e4lisi\u00e4 datank\u00e4sittelyyn liittyvi\u00e4 ajankohtaisia oikeudellisia kysymyksi\u00e4. Useita lausuntoja on annettu vireill\u00e4 oleviin lakihankkeisiin, joista muutamat ovat liittyneet Findatan toimintaan. Liede kutsuttiin lis\u00e4ksi hyvinvointi- ja terveysdatan kansallisen innovaatioekosysteemihankkeen (HYTKI) ohjausryhm\u00e4n j\u00e4seneksi.<\/p>\n\n\n\n<p>Yhteisty\u00f6 Sitran kanssa on lis\u00e4\u00e4ntynyt Sitran vuonna 2020 p\u00e4ivitetyn strategian my\u00f6t\u00e4, koska siin\u00e4 terveysdata on nostettu t\u00e4rke\u00e4\u00e4n rooliin. Liede on lis\u00e4ksi osallistunut Sitran koordinoiman EU:n TEHDAS (Towards a Joint European Health Data Space) -yhteistoimintahankkeen kansalliseen asiantuntijaryhm\u00e4\u00e4n sek\u00e4 National Initiatives Networkin kokouksiin (the Secondary Use of Health and Social Data). Sitra teki vuonna 2021&nbsp;Terveysalan innovaatioekosysteemit -selvityst\u00e4, mink\u00e4 tiimoilta haastateltiin Hassista ja Liedett\u00e4.<\/p>\n\n\n\n<p>Yrityksille t\u00e4rke\u00e4 kokonaisuus julkisista hankinnoista on hoidettu yhteisty\u00f6ss\u00e4 Teknologiateollisuuden kanssa.&nbsp;Ongelmia on havaittu&nbsp;k\u00e4yt\u00e4nn\u00f6n tasolla, jossa hankintaosaamisessa on puutteita ja ostetaan edelleen liian usein halvimman hinnan perusteella. SOTE-uudistuksen kiireellinen aikataulu vaikuttaa my\u00f6s siihen, ett\u00e4 hankintoja ei ehdit\u00e4 tehd\u00e4 uudistuksen toimeenpanon aikataulussa. Yhdistys oli aktiivisesti mukaan Teknologiateollisuuden Kuntavaalikampanjassa, joka t\u00e4ht\u00e4si 13.6.2021 pidettyihin vaaleihin.<\/p>\n\n\n\n<p>Sandra Liede oli yhdistyksen edustajana SGS Fimkon Sertifiointijohtokunnassa sek\u00e4 Eurofinsin puolueettomuutta ja riippumattomuutta valvovassa toimikunnassa. H\u00e4n seurasi my\u00f6s kansainv\u00e4list\u00e4 standardisointia osallistumalla standardisointia koskevien ty\u00f6ryhmien ty\u00f6skentelyyn.<\/p>\n\n\n\n<p>Yhdistyksen henkil\u00f6kunnan lis\u00e4ksi hallituksen j\u00e4senet edustivat yhdistyst\u00e4 monella tapaa. Erno Muuranto, Pasi Hatakka ja Eetu Koski olivat Teknologiateollisuuden hallituksen varaj\u00e4seni\u00e4. Pasi Hatakka oli Teknologiateollisuuden Varsinais-Suomen aluejohtokunnassa. Veli M\u00e4kel\u00e4 oli mukana Teknologiateollisuuden Rahoitusty\u00f6ryhm\u00e4ss\u00e4. M\u00e4kel\u00e4 ja Mika Hagberg olivat Business Finlandin terveysalueen ohjausryhm\u00e4ss\u00e4. Yhdistys on edustettuna my\u00f6s HUS yritysyhteisty\u00f6n Advisory Boardissa.<\/p>\n\n\n\n<blockquote class=\"wp-block-quote is-layout-flow wp-block-quote-is-layout-flow\">\n<p><strong>Yhteisty\u00f6<\/strong><\/p>\n<\/blockquote>\n\n\n\n<p>Terveysteknologia ry on osa Teknologiateollisuus ry:t\u00e4, jonka\u00a0vahva tuki on yhdistykselle t\u00e4rke\u00e4\u00e4. Teknologiateollisuuden kanssa vaikutetaan kasvun, talouden ja kilpailukyvyn vahvistamiseen, yritysten uudistumiseen ja n\u00e4iden edellytysten esille tuomiseen. Yhdistys hy\u00f6dynt\u00e4\u00e4 lis\u00e4ksi Teknologiateollisuuden EU-toimintaa, erityisesti j\u00e4senyytt\u00e4\u00a0Digital Europessa\u00a0osallistumalla organisaation terveys- ja teko\u00e4lyaiheisiin ty\u00f6ryhmiin. Vuonna 2022 pyrimme olemaan n\u00e4iss\u00e4 ty\u00f6ryhmiss\u00e4 l\u00e4sn\u00e4 aiempaa painokkaammin. Teko\u00e4lyteemaa olemme vuonna 2021 k\u00e4sitelleet lis\u00e4ksi eurooppalaisessa yhteisty\u00f6ss\u00e4\u00a0Cocirin\u00a0kanssa ja keskustelimme mm. EU:n teko\u00e4lys\u00e4\u00e4ntely\u00e4 koskevan asetusehdotuksen merkityksest\u00e4 terveysteknologia-alalle. Johtop\u00e4\u00e4t\u00f6ksi\u00e4mme on v\u00e4litetty tiedoksi kansallisten lainvalmisteluorganisaatioiden tueksi.<\/p>\n\n\n\n<p>Loppuvuonna 2019 k\u00e4ynnistetty yhteisty\u00f6verkosto L\u00e4\u00e4keteollisuus ry:n ja Sailab \u2013 Medtech Finland ry:n kanssa jatkui vuonna 2021. Yhteisty\u00f6ss\u00e4 j\u00e4rjestetty\u00a0Terveyden tekij\u00e4t kuntavaalitilaisuus\u00a0pidettiin\u00a011.6.2021. Terveysteknologia ry osallistui my\u00f6s L\u00e4\u00e4keteollisuus ry:n kutsumana ETLA:n Terveysteknologia ja tutkiva l\u00e4\u00e4keala Suomen taloudessa -raportin\u00a0laadintahankkeeseen ja raportin kirjoittamiseen. L\u00e4\u00e4keteollisuuden kanssa tehtiin my\u00f6s yhteisty\u00f6t\u00e4 data-teemaan ja genomilakilausuntoon liittyen.<\/p>\n\n\n\n<p>Hyvinvointiala HALI, Suomen Bioteollisuus FIB, Suunnittelu- ja konsultointiala SKOL ja Kyberturvallisuusala FISC ovat l\u00e4hell\u00e4 terveysteknologiaa ja siten yhdistyksen l\u00e4heisi\u00e4 yhteisty\u00f6kumppaneita.<\/p>\n\n\n\n<p>Iloksemme voimme kertoa, ett\u00e4 vuonna 2022 aloitamme yhteisty\u00f6n terveys- ja hyvinvointialan startup -yhteis\u00f6n\u00a0Upgradedin\u00a0kanssa! T\u00e4st\u00e4kin kuulette pian lis\u00e4\u00e4, sill\u00e4 ensimm\u00e4inen yhteinen tilaisuutemme j\u00e4rjestet\u00e4\u00e4n koronatilanteen niin salliessa jo 1.2.2022 talviseminaarimme muodossa.<\/p>\n\n\n\n<blockquote class=\"wp-block-quote is-layout-flow wp-block-quote-is-layout-flow\">\n<p><strong>Lopuksi<\/strong><\/p>\n<\/blockquote>\n\n\n\n<p>Lopuksi, mutta ei suinkaan v\u00e4h\u00e4isemp\u00e4n\u00e4, suurimmat&nbsp;kiitoksemme assistenteillemme Kirsi Sorrille ja P\u00e4ivi Ahlgrenille sek\u00e4 viestinn\u00e4n asiantuntija&nbsp;Antton Lounasheimolle ja&nbsp;graafikko Daniel Forsmanille (Teknologiateollisuus ry) siit\u00e4, ett\u00e4 teette arjestamme moninkertaisesti sujuvampaa ja hauskempaa. Meill\u00e4 on loistava tiimi ja todella mukava ty\u00f6yhteis\u00f6!&nbsp;<\/p>\n\n\n\n<p>Eritt\u00e4in hyv\u00e4\u00e4 vuoden vaihdetta&nbsp;kaikille ja tavataan taas ensi vuoden puolella!<\/p>\n\n\n\n<p><strong>Terveysteknologia ry:n puolesta<\/strong>,<\/p>\n\n\n\n<p>Saara Hassinen ja Sandra Liede<\/p>\n","protected":false},"excerpt":{"rendered":"<p>T\u00e4n\u00e4\u00e4n hyv\u00e4stelemme vuoden 2021 ja toivotamme uuden vuoden 2022 tervetulleeksi. Sit\u00e4 ennen pieni vilkaisu taaksep\u00e4in ja ajatuksia tulevasta toimintavuodestamme. Vienti kasvaa Vuonna 2021 koronapandemia jatkui edellisvuonna omaksuttujen rajoitusten puitteissa. Osalla j\u00e4senyrityksill\u00e4 pandemian tuoma kysynt\u00e4piikki jatkui vuonna 2021. Esimerkiksi tarve sairaaloiden hoitoratkaisuille, erityisesti tehohoitoon s\u00e4ilyi. Kysynn\u00e4n kasvu n\u00e4kyi my\u00f6s diagnostiikan ja digitaalisten palvelujen osalta. Toisilla yrityksill\u00e4 [&hellip;]<\/p>\n","protected":false},"author":16,"featured_media":274,"comment_status":"closed","ping_status":"closed","sticky":false,"template":"","format":"standard","meta":{"_acf_changed":false,"_relevanssi_hide_post":"","_relevanssi_hide_content":"","_relevanssi_pin_for_all":"","_relevanssi_pin_keywords":"","_relevanssi_unpin_keywords":"","_relevanssi_related_keywords":"","_relevanssi_related_include_ids":"","_relevanssi_related_exclude_ids":"","_relevanssi_related_no_append":"","_relevanssi_related_not_related":"","_relevanssi_related_posts":"729,759,725,731,710,798","_relevanssi_noindex_reason":"","inline_featured_image":false,"footnotes":""},"categories":[14],"tags":[],"em_industry":[],"em_theme":[45],"class_list":["post-1172","post","type-post","status-publish","format-standard","has-post-thumbnail","hentry","category-uutinen","em_theme-yhteistyo"],"acf":[],"yoast_head":"<!-- This site is optimized with the Yoast SEO Premium plugin v27.1 (Yoast SEO v27.5) - https:\/\/yoast.com\/product\/yoast-seo-premium-wordpress\/ -->\n<title>Hyv\u00e4\u00e4 uutta vuotta 2022! - Terveysteknologia<\/title>\n<meta name=\"robots\" content=\"index, follow, max-snippet:-1, max-image-preview:large, max-video-preview:-1\" \/>\n<link rel=\"canonical\" href=\"https:\/\/teknologiateollisuus.fi\/healthtech\/hyvaa-uutta-vuotta-2022\/\" \/>\n<meta property=\"og:locale\" content=\"fi_FI\" \/>\n<meta property=\"og:type\" content=\"article\" \/>\n<meta property=\"og:title\" content=\"Hyv\u00e4\u00e4 uutta vuotta 2022!\" \/>\n<meta property=\"og:description\" content=\"T\u00e4n\u00e4\u00e4n hyv\u00e4stelemme vuoden 2021 ja toivotamme uuden vuoden 2022 tervetulleeksi. Sit\u00e4 ennen pieni vilkaisu taaksep\u00e4in ja ajatuksia tulevasta toimintavuodestamme. Vienti kasvaa Vuonna 2021 koronapandemia jatkui edellisvuonna omaksuttujen rajoitusten puitteissa. Osalla j\u00e4senyrityksill\u00e4 pandemian tuoma kysynt\u00e4piikki jatkui vuonna 2021. Esimerkiksi tarve sairaaloiden hoitoratkaisuille, erityisesti tehohoitoon s\u00e4ilyi. Kysynn\u00e4n kasvu n\u00e4kyi my\u00f6s diagnostiikan ja digitaalisten palvelujen osalta. Toisilla yrityksill\u00e4 [&hellip;]\" \/>\n<meta property=\"og:url\" content=\"https:\/\/teknologiateollisuus.fi\/healthtech\/hyvaa-uutta-vuotta-2022\/\" \/>\n<meta property=\"og:site_name\" content=\"Terveysteknologia\" \/>\n<meta property=\"article:published_time\" content=\"2021-12-30T13:21:00+00:00\" \/>\n<meta property=\"article:modified_time\" content=\"2024-09-02T10:02:22+00:00\" \/>\n<meta property=\"og:image\" content=\"https:\/\/teknologiateollisuus.fi\/healthtech\/wp-content\/uploads\/sites\/8\/2024\/06\/Kuvituskuva-tahtisadetikku-scaled.jpg\" \/>\n\t<meta property=\"og:image:width\" content=\"2560\" \/>\n\t<meta property=\"og:image:height\" content=\"1707\" \/>\n\t<meta property=\"og:image:type\" content=\"image\/jpeg\" \/>\n<meta name=\"author\" content=\"P\u00e4ivi Ahlgren\" \/>\n<meta name=\"twitter:card\" content=\"summary_large_image\" \/>\n<meta name=\"twitter:label1\" content=\"Kirjoittanut\" \/>\n\t<meta name=\"twitter:data1\" content=\"P\u00e4ivi Ahlgren\" \/>\n\t<meta name=\"twitter:label2\" content=\"Arvioitu lukuaika\" \/>\n\t<meta name=\"twitter:data2\" content=\"10 minuuttia\" \/>\n<script type=\"application\/ld+json\" class=\"yoast-schema-graph\">{\"@context\":\"https:\\\/\\\/schema.org\",\"@graph\":[{\"@type\":\"Article\",\"@id\":\"https:\\\/\\\/teknologiateollisuus.fi\\\/healthtech\\\/hyvaa-uutta-vuotta-2022\\\/#article\",\"isPartOf\":{\"@id\":\"https:\\\/\\\/teknologiateollisuus.fi\\\/healthtech\\\/hyvaa-uutta-vuotta-2022\\\/\"},\"author\":{\"name\":\"P\u00e4ivi Ahlgren\",\"@id\":\"https:\\\/\\\/teknologiateollisuus.fi\\\/healthtech\\\/#\\\/schema\\\/person\\\/964d40eb9a84d0edfc1989b7784ea950\"},\"headline\":\"Hyv\u00e4\u00e4 uutta vuotta 2022!\",\"datePublished\":\"2021-12-30T13:21:00+00:00\",\"dateModified\":\"2024-09-02T10:02:22+00:00\",\"mainEntityOfPage\":{\"@id\":\"https:\\\/\\\/teknologiateollisuus.fi\\\/healthtech\\\/hyvaa-uutta-vuotta-2022\\\/\"},\"wordCount\":1796,\"image\":{\"@id\":\"https:\\\/\\\/teknologiateollisuus.fi\\\/healthtech\\\/hyvaa-uutta-vuotta-2022\\\/#primaryimage\"},\"thumbnailUrl\":\"https:\\\/\\\/teknologiateollisuus.fi\\\/healthtech\\\/wp-content\\\/uploads\\\/sites\\\/8\\\/2024\\\/06\\\/Kuvituskuva-tahtisadetikku-scaled.jpg\",\"articleSection\":[\"Uutinen\"],\"inLanguage\":\"fi\"},{\"@type\":\"WebPage\",\"@id\":\"https:\\\/\\\/teknologiateollisuus.fi\\\/healthtech\\\/hyvaa-uutta-vuotta-2022\\\/\",\"url\":\"https:\\\/\\\/teknologiateollisuus.fi\\\/healthtech\\\/hyvaa-uutta-vuotta-2022\\\/\",\"name\":\"Hyv\u00e4\u00e4 uutta vuotta 2022! - Terveysteknologia\",\"isPartOf\":{\"@id\":\"https:\\\/\\\/teknologiateollisuus.fi\\\/healthtech\\\/#website\"},\"primaryImageOfPage\":{\"@id\":\"https:\\\/\\\/teknologiateollisuus.fi\\\/healthtech\\\/hyvaa-uutta-vuotta-2022\\\/#primaryimage\"},\"image\":{\"@id\":\"https:\\\/\\\/teknologiateollisuus.fi\\\/healthtech\\\/hyvaa-uutta-vuotta-2022\\\/#primaryimage\"},\"thumbnailUrl\":\"https:\\\/\\\/teknologiateollisuus.fi\\\/healthtech\\\/wp-content\\\/uploads\\\/sites\\\/8\\\/2024\\\/06\\\/Kuvituskuva-tahtisadetikku-scaled.jpg\",\"datePublished\":\"2021-12-30T13:21:00+00:00\",\"dateModified\":\"2024-09-02T10:02:22+00:00\",\"author\":{\"@id\":\"https:\\\/\\\/teknologiateollisuus.fi\\\/healthtech\\\/#\\\/schema\\\/person\\\/964d40eb9a84d0edfc1989b7784ea950\"},\"breadcrumb\":{\"@id\":\"https:\\\/\\\/teknologiateollisuus.fi\\\/healthtech\\\/hyvaa-uutta-vuotta-2022\\\/#breadcrumb\"},\"inLanguage\":\"fi\",\"potentialAction\":[{\"@type\":\"ReadAction\",\"target\":[\"https:\\\/\\\/teknologiateollisuus.fi\\\/healthtech\\\/hyvaa-uutta-vuotta-2022\\\/\"]}]},{\"@type\":\"ImageObject\",\"inLanguage\":\"fi\",\"@id\":\"https:\\\/\\\/teknologiateollisuus.fi\\\/healthtech\\\/hyvaa-uutta-vuotta-2022\\\/#primaryimage\",\"url\":\"https:\\\/\\\/teknologiateollisuus.fi\\\/healthtech\\\/wp-content\\\/uploads\\\/sites\\\/8\\\/2024\\\/06\\\/Kuvituskuva-tahtisadetikku-scaled.jpg\",\"contentUrl\":\"https:\\\/\\\/teknologiateollisuus.fi\\\/healthtech\\\/wp-content\\\/uploads\\\/sites\\\/8\\\/2024\\\/06\\\/Kuvituskuva-tahtisadetikku-scaled.jpg\",\"width\":2560,\"height\":1707,\"caption\":\"Kuvituskuva t\u00e4htisadetikku\"},{\"@type\":\"BreadcrumbList\",\"@id\":\"https:\\\/\\\/teknologiateollisuus.fi\\\/healthtech\\\/hyvaa-uutta-vuotta-2022\\\/#breadcrumb\",\"itemListElement\":[{\"@type\":\"ListItem\",\"position\":1,\"name\":\"Etusivu\",\"item\":\"https:\\\/\\\/teknologiateollisuus.fi\\\/healthtech\\\/\"},{\"@type\":\"ListItem\",\"position\":2,\"name\":\"Ajankohtaista\",\"item\":\"https:\\\/\\\/teknologiateollisuus.fi\\\/healthtech\\\/ajankohtaista\\\/\"},{\"@type\":\"ListItem\",\"position\":3,\"name\":\"Uutinen\",\"item\":\"https:\\\/\\\/teknologiateollisuus.fi\\\/healthtech\\\/ajankohtaista\\\/?categories=14\"},{\"@type\":\"ListItem\",\"position\":4,\"name\":\"Hyv\u00e4\u00e4 uutta vuotta 2022!\"}]},{\"@type\":\"WebSite\",\"@id\":\"https:\\\/\\\/teknologiateollisuus.fi\\\/healthtech\\\/#website\",\"url\":\"https:\\\/\\\/teknologiateollisuus.fi\\\/healthtech\\\/\",\"name\":\"Terveysteknologia\",\"description\":\"\",\"potentialAction\":[{\"@type\":\"SearchAction\",\"target\":{\"@type\":\"EntryPoint\",\"urlTemplate\":\"https:\\\/\\\/teknologiateollisuus.fi\\\/healthtech\\\/?s={search_term_string}\"},\"query-input\":{\"@type\":\"PropertyValueSpecification\",\"valueRequired\":true,\"valueName\":\"search_term_string\"}}],\"inLanguage\":\"fi\"},{\"@type\":\"Person\",\"@id\":\"https:\\\/\\\/teknologiateollisuus.fi\\\/healthtech\\\/#\\\/schema\\\/person\\\/964d40eb9a84d0edfc1989b7784ea950\",\"name\":\"P\u00e4ivi Ahlgren\",\"image\":{\"@type\":\"ImageObject\",\"inLanguage\":\"fi\",\"@id\":\"https:\\\/\\\/secure.gravatar.com\\\/avatar\\\/d49c8c4a3ac6bce6f1ed1a4445d5b60a53463c32cb6ebcf6e0375dcece39eaca?s=96&d=mm&r=g\",\"url\":\"https:\\\/\\\/secure.gravatar.com\\\/avatar\\\/d49c8c4a3ac6bce6f1ed1a4445d5b60a53463c32cb6ebcf6e0375dcece39eaca?s=96&d=mm&r=g\",\"contentUrl\":\"https:\\\/\\\/secure.gravatar.com\\\/avatar\\\/d49c8c4a3ac6bce6f1ed1a4445d5b60a53463c32cb6ebcf6e0375dcece39eaca?s=96&d=mm&r=g\",\"caption\":\"P\u00e4ivi Ahlgren\"}}]}<\/script>\n<!-- \/ Yoast SEO Premium plugin. -->","yoast_head_json":{"title":"Hyv\u00e4\u00e4 uutta vuotta 2022! - Terveysteknologia","robots":{"index":"index","follow":"follow","max-snippet":"max-snippet:-1","max-image-preview":"max-image-preview:large","max-video-preview":"max-video-preview:-1"},"canonical":"https:\/\/teknologiateollisuus.fi\/healthtech\/hyvaa-uutta-vuotta-2022\/","og_locale":"fi_FI","og_type":"article","og_title":"Hyv\u00e4\u00e4 uutta vuotta 2022!","og_description":"T\u00e4n\u00e4\u00e4n hyv\u00e4stelemme vuoden 2021 ja toivotamme uuden vuoden 2022 tervetulleeksi. Sit\u00e4 ennen pieni vilkaisu taaksep\u00e4in ja ajatuksia tulevasta toimintavuodestamme. Vienti kasvaa Vuonna 2021 koronapandemia jatkui edellisvuonna omaksuttujen rajoitusten puitteissa. Osalla j\u00e4senyrityksill\u00e4 pandemian tuoma kysynt\u00e4piikki jatkui vuonna 2021. Esimerkiksi tarve sairaaloiden hoitoratkaisuille, erityisesti tehohoitoon s\u00e4ilyi. Kysynn\u00e4n kasvu n\u00e4kyi my\u00f6s diagnostiikan ja digitaalisten palvelujen osalta. Toisilla yrityksill\u00e4 [&hellip;]","og_url":"https:\/\/teknologiateollisuus.fi\/healthtech\/hyvaa-uutta-vuotta-2022\/","og_site_name":"Terveysteknologia","article_published_time":"2021-12-30T13:21:00+00:00","article_modified_time":"2024-09-02T10:02:22+00:00","og_image":[{"width":2560,"height":1707,"url":"https:\/\/teknologiateollisuus.fi\/healthtech\/wp-content\/uploads\/sites\/8\/2024\/06\/Kuvituskuva-tahtisadetikku-scaled.jpg","type":"image\/jpeg"}],"author":"P\u00e4ivi Ahlgren","twitter_card":"summary_large_image","twitter_misc":{"Kirjoittanut":"P\u00e4ivi Ahlgren","Arvioitu lukuaika":"10 minuuttia"},"schema":{"@context":"https:\/\/schema.org","@graph":[{"@type":"Article","@id":"https:\/\/teknologiateollisuus.fi\/healthtech\/hyvaa-uutta-vuotta-2022\/#article","isPartOf":{"@id":"https:\/\/teknologiateollisuus.fi\/healthtech\/hyvaa-uutta-vuotta-2022\/"},"author":{"name":"P\u00e4ivi Ahlgren","@id":"https:\/\/teknologiateollisuus.fi\/healthtech\/#\/schema\/person\/964d40eb9a84d0edfc1989b7784ea950"},"headline":"Hyv\u00e4\u00e4 uutta vuotta 2022!","datePublished":"2021-12-30T13:21:00+00:00","dateModified":"2024-09-02T10:02:22+00:00","mainEntityOfPage":{"@id":"https:\/\/teknologiateollisuus.fi\/healthtech\/hyvaa-uutta-vuotta-2022\/"},"wordCount":1796,"image":{"@id":"https:\/\/teknologiateollisuus.fi\/healthtech\/hyvaa-uutta-vuotta-2022\/#primaryimage"},"thumbnailUrl":"https:\/\/teknologiateollisuus.fi\/healthtech\/wp-content\/uploads\/sites\/8\/2024\/06\/Kuvituskuva-tahtisadetikku-scaled.jpg","articleSection":["Uutinen"],"inLanguage":"fi"},{"@type":"WebPage","@id":"https:\/\/teknologiateollisuus.fi\/healthtech\/hyvaa-uutta-vuotta-2022\/","url":"https:\/\/teknologiateollisuus.fi\/healthtech\/hyvaa-uutta-vuotta-2022\/","name":"Hyv\u00e4\u00e4 uutta vuotta 2022! - Terveysteknologia","isPartOf":{"@id":"https:\/\/teknologiateollisuus.fi\/healthtech\/#website"},"primaryImageOfPage":{"@id":"https:\/\/teknologiateollisuus.fi\/healthtech\/hyvaa-uutta-vuotta-2022\/#primaryimage"},"image":{"@id":"https:\/\/teknologiateollisuus.fi\/healthtech\/hyvaa-uutta-vuotta-2022\/#primaryimage"},"thumbnailUrl":"https:\/\/teknologiateollisuus.fi\/healthtech\/wp-content\/uploads\/sites\/8\/2024\/06\/Kuvituskuva-tahtisadetikku-scaled.jpg","datePublished":"2021-12-30T13:21:00+00:00","dateModified":"2024-09-02T10:02:22+00:00","author":{"@id":"https:\/\/teknologiateollisuus.fi\/healthtech\/#\/schema\/person\/964d40eb9a84d0edfc1989b7784ea950"},"breadcrumb":{"@id":"https:\/\/teknologiateollisuus.fi\/healthtech\/hyvaa-uutta-vuotta-2022\/#breadcrumb"},"inLanguage":"fi","potentialAction":[{"@type":"ReadAction","target":["https:\/\/teknologiateollisuus.fi\/healthtech\/hyvaa-uutta-vuotta-2022\/"]}]},{"@type":"ImageObject","inLanguage":"fi","@id":"https:\/\/teknologiateollisuus.fi\/healthtech\/hyvaa-uutta-vuotta-2022\/#primaryimage","url":"https:\/\/teknologiateollisuus.fi\/healthtech\/wp-content\/uploads\/sites\/8\/2024\/06\/Kuvituskuva-tahtisadetikku-scaled.jpg","contentUrl":"https:\/\/teknologiateollisuus.fi\/healthtech\/wp-content\/uploads\/sites\/8\/2024\/06\/Kuvituskuva-tahtisadetikku-scaled.jpg","width":2560,"height":1707,"caption":"Kuvituskuva t\u00e4htisadetikku"},{"@type":"BreadcrumbList","@id":"https:\/\/teknologiateollisuus.fi\/healthtech\/hyvaa-uutta-vuotta-2022\/#breadcrumb","itemListElement":[{"@type":"ListItem","position":1,"name":"Etusivu","item":"https:\/\/teknologiateollisuus.fi\/healthtech\/"},{"@type":"ListItem","position":2,"name":"Ajankohtaista","item":"https:\/\/teknologiateollisuus.fi\/healthtech\/ajankohtaista\/"},{"@type":"ListItem","position":3,"name":"Uutinen","item":"https:\/\/teknologiateollisuus.fi\/healthtech\/ajankohtaista\/?categories=14"},{"@type":"ListItem","position":4,"name":"Hyv\u00e4\u00e4 uutta vuotta 2022!"}]},{"@type":"WebSite","@id":"https:\/\/teknologiateollisuus.fi\/healthtech\/#website","url":"https:\/\/teknologiateollisuus.fi\/healthtech\/","name":"Terveysteknologia","description":"","potentialAction":[{"@type":"SearchAction","target":{"@type":"EntryPoint","urlTemplate":"https:\/\/teknologiateollisuus.fi\/healthtech\/?s={search_term_string}"},"query-input":{"@type":"PropertyValueSpecification","valueRequired":true,"valueName":"search_term_string"}}],"inLanguage":"fi"},{"@type":"Person","@id":"https:\/\/teknologiateollisuus.fi\/healthtech\/#\/schema\/person\/964d40eb9a84d0edfc1989b7784ea950","name":"P\u00e4ivi Ahlgren","image":{"@type":"ImageObject","inLanguage":"fi","@id":"https:\/\/secure.gravatar.com\/avatar\/d49c8c4a3ac6bce6f1ed1a4445d5b60a53463c32cb6ebcf6e0375dcece39eaca?s=96&d=mm&r=g","url":"https:\/\/secure.gravatar.com\/avatar\/d49c8c4a3ac6bce6f1ed1a4445d5b60a53463c32cb6ebcf6e0375dcece39eaca?s=96&d=mm&r=g","contentUrl":"https:\/\/secure.gravatar.com\/avatar\/d49c8c4a3ac6bce6f1ed1a4445d5b60a53463c32cb6ebcf6e0375dcece39eaca?s=96&d=mm&r=g","caption":"P\u00e4ivi Ahlgren"}}]}},"lang":"fi","translations":{"fi":1172},"pll_sync_post":{},"_links":{"self":[{"href":"https:\/\/teknologiateollisuus.fi\/healthtech\/wp-json\/wp\/v2\/posts\/1172","targetHints":{"allow":["GET"]}}],"collection":[{"href":"https:\/\/teknologiateollisuus.fi\/healthtech\/wp-json\/wp\/v2\/posts"}],"about":[{"href":"https:\/\/teknologiateollisuus.fi\/healthtech\/wp-json\/wp\/v2\/types\/post"}],"author":[{"embeddable":true,"href":"https:\/\/teknologiateollisuus.fi\/healthtech\/wp-json\/wp\/v2\/users\/16"}],"replies":[{"embeddable":true,"href":"https:\/\/teknologiateollisuus.fi\/healthtech\/wp-json\/wp\/v2\/comments?post=1172"}],"version-history":[{"count":1,"href":"https:\/\/teknologiateollisuus.fi\/healthtech\/wp-json\/wp\/v2\/posts\/1172\/revisions"}],"predecessor-version":[{"id":1173,"href":"https:\/\/teknologiateollisuus.fi\/healthtech\/wp-json\/wp\/v2\/posts\/1172\/revisions\/1173"}],"wp:featuredmedia":[{"embeddable":true,"href":"https:\/\/teknologiateollisuus.fi\/healthtech\/wp-json\/wp\/v2\/media\/274"}],"wp:attachment":[{"href":"https:\/\/teknologiateollisuus.fi\/healthtech\/wp-json\/wp\/v2\/media?parent=1172"}],"wp:term":[{"taxonomy":"category","embeddable":true,"href":"https:\/\/teknologiateollisuus.fi\/healthtech\/wp-json\/wp\/v2\/categories?post=1172"},{"taxonomy":"post_tag","embeddable":true,"href":"https:\/\/teknologiateollisuus.fi\/healthtech\/wp-json\/wp\/v2\/tags?post=1172"},{"taxonomy":"em_industry","embeddable":true,"href":"https:\/\/teknologiateollisuus.fi\/healthtech\/wp-json\/wp\/v2\/em_industry?post=1172"},{"taxonomy":"em_theme","embeddable":true,"href":"https:\/\/teknologiateollisuus.fi\/healthtech\/wp-json\/wp\/v2\/em_theme?post=1172"}],"curies":[{"name":"wp","href":"https:\/\/api.w.org\/{rel}","templated":true}]}}