{"id":1202,"date":"2022-02-10T15:43:00","date_gmt":"2022-02-10T13:43:00","guid":{"rendered":"https:\/\/teknologiateollisuus.fi\/healthtech\/?p=1202"},"modified":"2024-07-10T10:57:59","modified_gmt":"2024-07-10T07:57:59","slug":"timo-hanninen-injeq-oyn-toimitusjohtajaksi","status":"publish","type":"post","link":"https:\/\/teknologiateollisuus.fi\/healthtech\/timo-hanninen-injeq-oyn-toimitusjohtajaksi\/","title":{"rendered":"Timo H\u00e4nninen Injeq Oy:n toimitusjohtajaksi"},"content":{"rendered":"\n<p><strong>Tekniikan tohtori, MBA Timo H\u00e4nninen on nimitetty Injeq Oy:n toimitusjohtajaksi. H\u00e4nninen aloittaa teht\u00e4v\u00e4ss\u00e4\u00e4n 14.2.2022. H\u00e4nninen on aiemmin toiminut RUAG Space Finland Oy AB:n toimitusjohtajana.<\/strong><\/p>\n\n\n\n<p><strong>Timo H\u00e4nninen<\/strong>&nbsp;on teknologiaorganisaation johtamisen ammattilainen. H\u00e4nell\u00e4 on pitk\u00e4 kokemus kansainv\u00e4lisen liiketoiminnan kehitt\u00e4misest\u00e4 ja strategiasta. H\u00e4nninen on uransa aikana toiminut muun muassa l\u00e4\u00e4ketieteellisen teknologian, kyberturvallisuuden ja avaruusteknologian aloilla sek\u00e4 l\u00e4hes 20 vuotta johtoteht\u00e4viss\u00e4 Nokia Oyj:ss\u00e4.<\/p>\n\n\n\n<p>My\u00f6s H\u00e4nnisen koulutustausta on monipuolinen. Diplomity\u00f6ns\u00e4 h\u00e4n teki l\u00e4\u00e4ketieteellisest\u00e4 teknologiasta, MBA-ty\u00f6 k\u00e4sitteli Nokian eettist\u00e4 viestint\u00e4\u00e4 ja v\u00e4it\u00f6skirjan aiheena oli yritysostojen ja fuusioiden vaikutus p\u00f6rssikursseihin.<\/p>\n\n\n\n<p>H\u00e4nnist\u00e4 Injeqiss\u00e4 kiinnostaa korkea teknologia ja globaali markkina. H\u00e4nelle on t\u00e4rke\u00e4\u00e4 my\u00f6s se, ett\u00e4 Injeq on suomalainen yritys, jonka tuote voi parantaa ihmisten el\u00e4m\u00e4\u00e4. \u201dInjeq&nbsp;on aidosti&nbsp;kansainv\u00e4linen yritys, joka luo uutta. N\u00e4en ty\u00f6n merkityksellisyyden t\u00e4rke\u00e4n\u00e4 motivointi tekij\u00e4n\u00e4&#8221;, H\u00e4nninen sanoo.<\/p>\n\n\n\n<p>H\u00e4nninen luonnehtii itse\u00e4\u00e4n pragmaattiseksi arvojohtajaksi, joka johtaa faktoihin perustuen. \u201dOlen avoin, kuuntelen ja kunnioitan kaikkia johtamassani organisaatiossa. Haluan haastaa organisaatiota, olen joukkuepelaaja, uskon innovointiin yksil\u00f6iden kautta ja yhdess\u00e4 tekemiseen\u201d, H\u00e4nninen arvioi.<\/p>\n\n\n\n<p>\u201dOlen eritt\u00e4in tyytyv\u00e4inen siihen, ett\u00e4 Injeq sai laaja-alaisesti kokeneen ja vankan liiketoiminnallisen n\u00e4kemyksen omaavan johtamisen ammattilaisen uudeksi toimitusjohtajakseen. Injeq on kansainv\u00e4linen l\u00e4\u00e4ketieteellisen huipputeknologian kasvuyritys, joka tarvitsee juuri H\u00e4nnisen kaltaista osaamista\u201d, iloitsee Injeqin hallituksen puheenjohtaja ja vt. toimitusjohtaja&nbsp;<strong>Tommi Rasila<\/strong>.<\/p>\n\n\n\n<p>H\u00e4nnisell\u00e4 on vankkaa kokemusta uuden teknologian kansainv\u00e4list\u00e4misest\u00e4. H\u00e4n oli&nbsp;Nokiassa ty\u00f6skennelless\u00e4\u00e4n myym\u00e4ss\u00e4&nbsp;matkapuhelinverkkoja alueille, miss\u00e4 ei ollut edes&nbsp;kunnolla toimivaa perinteist\u00e4 lankapuhelinverkkoa.<\/p>\n\n\n\n<p><strong>Lis\u00e4tietoja<\/strong><\/p>\n\n\n\n<p>Injeq Oy<br>Tommi Rasila, hallituksen puheenjohtaja, vt. toimitusjohtaja<br>puh. 040&nbsp;750 8158<br>tommi.rasila(at)injeq.com<\/p>\n\n\n\n<p>Timo H\u00e4nninen, toimitusjohtaja 14.2.2022 alkaen<br>puh. 050&nbsp;518 1830<br>timo.hanninen(at)injeq.com<\/p>\n\n\n\n<p><strong>Injeq lyhyesti<\/strong><\/p>\n\n\n\n<p><em>Injeq Oy on suomalainen innovatiivisen l\u00e4\u00e4ketieteellisen teknologian kasvuyhti\u00f6, jonka missiona on tuottaa teknisesti \u00e4lykk\u00e4it\u00e4 ratkaisuja l\u00e4\u00e4ketieteellisesti vaativiin potilaspistoihin.&nbsp;L\u00e4\u00e4k\u00e4reiden toiveesta kehitetty IQ-Tip\u00ae-\u00e4lyneulahelpottaa l\u00e4\u00e4k\u00e4reiden ty\u00f6t\u00e4 tavoitteena potilasturvallisuuden ja hoidon vaikuttavuuden parantaminen.<\/em><\/p>\n\n\n\n<p><em>IQ-Tip\u00ae-\u00e4lyneula on nykyaikainen tapa tehd\u00e4 vaativat potilaspistot turvallisesti. Ensimm\u00e4isen\u00e4 vaiheena ovat lumbaalipunktiot eli kliiniset toimenpiteet, joissa selk\u00e4ydinnesteest\u00e4 otetaan n\u00e4yte tai selk\u00e4ydinkanavaan annostellaan l\u00e4\u00e4keainetta.<\/em><em>&nbsp;Tuotteen kliininen suorituskyky ja turvallisuus lumbaalipunktioissa on arvioitu kolmessa kliinisess\u00e4 tutkimuksessa suomalaisissa yliopistosairaaloissa.&nbsp;&nbsp;\u00c4lyneula soveltuu lumbaalipunktioihin vastasyntyneist\u00e4 ik\u00e4\u00e4ntyneisiin, yhten\u00e4 keskeisimp\u00e4n\u00e4 k\u00e4ytt\u00f6tarkoituksena leukemialasten hoitopistot.<\/em><\/p>\n\n\n\n<p><em>Vuonna 2010 perustettu Injeq toimii Tampereella ja ty\u00f6llist\u00e4\u00e4 t\u00e4ll\u00e4 hetkell\u00e4 16 henkil\u00f6\u00e4. Injeqin taustalla on kokenut l\u00e4\u00e4ketieteellinen asiantuntijatiimi ja laaja tieteellinen tutkimusty\u00f6. IQ-Tip\u00ae on Injeqin rekister\u00f6ity tavaramerkki.<\/em><\/p>\n\n\n\n<p><a href=\"https:\/\/eur01.safelinks.protection.outlook.com\/?url=https%3A%2F%2Fpublish.ne.cision.com%2Fl%2Fxgmybwllc%2Finjeq.com&amp;data=04%7C01%7Ckirsi.sorri%40teknologiateollisuus.fi%7C9cde50e31b7f4f40b01d08d9ec9aaf7f%7Cf76946dcd9fc4b0882aadb1d2a9b8ed0%7C0%7C0%7C637800971377545514%7CUnknown%7CTWFpbGZsb3d8eyJWIjoiMC4wLjAwMDAiLCJQIjoiV2luMzIiLCJBTiI6Ik1haWwiLCJXVCI6Mn0%3D%7C3000&amp;sdata=xNczUl6DjuIzVkH234sD5XpMhq1VrbVaeCNznUHUN40%3D&amp;reserved=0\"><em>www.injeq.com<\/em><\/a><\/p>\n","protected":false},"excerpt":{"rendered":"<p>Tekniikan tohtori, MBA Timo H\u00e4nninen on nimitetty Injeq Oy:n toimitusjohtajaksi. H\u00e4nninen aloittaa teht\u00e4v\u00e4ss\u00e4\u00e4n 14.2.2022. H\u00e4nninen on aiemmin toiminut RUAG Space Finland Oy AB:n toimitusjohtajana. Timo H\u00e4nninen&nbsp;on teknologiaorganisaation johtamisen ammattilainen. H\u00e4nell\u00e4 on pitk\u00e4 kokemus kansainv\u00e4lisen liiketoiminnan kehitt\u00e4misest\u00e4 ja strategiasta. H\u00e4nninen on uransa aikana toiminut muun muassa l\u00e4\u00e4ketieteellisen teknologian, kyberturvallisuuden ja avaruusteknologian aloilla sek\u00e4 l\u00e4hes 20 vuotta [&hellip;]<\/p>\n","protected":false},"author":16,"featured_media":1064,"comment_status":"closed","ping_status":"closed","sticky":false,"template":"","format":"standard","meta":{"_acf_changed":false,"_relevanssi_hide_post":"","_relevanssi_hide_content":"","_relevanssi_pin_for_all":"","_relevanssi_pin_keywords":"","_relevanssi_unpin_keywords":"","_relevanssi_related_keywords":"","_relevanssi_related_include_ids":"","_relevanssi_related_exclude_ids":"","_relevanssi_related_no_append":"","_relevanssi_related_not_related":"","_relevanssi_related_posts":"729,759,725,731,710,798","_relevanssi_noindex_reason":"","inline_featured_image":false,"footnotes":""},"categories":[14],"tags":[],"em_industry":[],"em_theme":[],"class_list":["post-1202","post","type-post","status-publish","format-standard","has-post-thumbnail","hentry","category-uutinen"],"acf":[],"yoast_head":"<!-- This site is optimized with the Yoast SEO Premium plugin v27.1 (Yoast SEO v27.5) - https:\/\/yoast.com\/product\/yoast-seo-premium-wordpress\/ -->\n<title>Timo H\u00e4nninen Injeq Oy:n toimitusjohtajaksi - Terveysteknologia<\/title>\n<meta name=\"robots\" content=\"index, follow, max-snippet:-1, max-image-preview:large, max-video-preview:-1\" \/>\n<link rel=\"canonical\" href=\"https:\/\/teknologiateollisuus.fi\/healthtech\/timo-hanninen-injeq-oyn-toimitusjohtajaksi\/\" \/>\n<meta property=\"og:locale\" content=\"fi_FI\" \/>\n<meta property=\"og:type\" content=\"article\" \/>\n<meta property=\"og:title\" content=\"Timo H\u00e4nninen Injeq Oy:n toimitusjohtajaksi\" \/>\n<meta property=\"og:description\" content=\"Tekniikan tohtori, MBA Timo H\u00e4nninen on nimitetty Injeq Oy:n toimitusjohtajaksi. H\u00e4nninen aloittaa teht\u00e4v\u00e4ss\u00e4\u00e4n 14.2.2022. H\u00e4nninen on aiemmin toiminut RUAG Space Finland Oy AB:n toimitusjohtajana. Timo H\u00e4nninen&nbsp;on teknologiaorganisaation johtamisen ammattilainen. H\u00e4nell\u00e4 on pitk\u00e4 kokemus kansainv\u00e4lisen liiketoiminnan kehitt\u00e4misest\u00e4 ja strategiasta. H\u00e4nninen on uransa aikana toiminut muun muassa l\u00e4\u00e4ketieteellisen teknologian, kyberturvallisuuden ja avaruusteknologian aloilla sek\u00e4 l\u00e4hes 20 vuotta [&hellip;]\" \/>\n<meta property=\"og:url\" content=\"https:\/\/teknologiateollisuus.fi\/healthtech\/timo-hanninen-injeq-oyn-toimitusjohtajaksi\/\" \/>\n<meta property=\"og:site_name\" content=\"Terveysteknologia\" \/>\n<meta property=\"article:published_time\" content=\"2022-02-10T13:43:00+00:00\" \/>\n<meta property=\"article:modified_time\" content=\"2024-07-10T07:57:59+00:00\" \/>\n<meta property=\"og:image\" content=\"https:\/\/teknologiateollisuus.fi\/healthtech\/wp-content\/uploads\/sites\/8\/2024\/07\/Timo-Hanninen-Injeq.jpg\" \/>\n\t<meta property=\"og:image:width\" content=\"321\" \/>\n\t<meta property=\"og:image:height\" content=\"298\" \/>\n\t<meta property=\"og:image:type\" content=\"image\/jpeg\" \/>\n<meta name=\"author\" content=\"P\u00e4ivi Ahlgren\" \/>\n<meta name=\"twitter:card\" content=\"summary_large_image\" \/>\n<meta name=\"twitter:label1\" content=\"Kirjoittanut\" \/>\n\t<meta name=\"twitter:data1\" content=\"P\u00e4ivi Ahlgren\" \/>\n\t<meta name=\"twitter:label2\" content=\"Arvioitu lukuaika\" \/>\n\t<meta name=\"twitter:data2\" content=\"3 minuuttia\" \/>\n<script type=\"application\/ld+json\" class=\"yoast-schema-graph\">{\"@context\":\"https:\\\/\\\/schema.org\",\"@graph\":[{\"@type\":\"Article\",\"@id\":\"https:\\\/\\\/teknologiateollisuus.fi\\\/healthtech\\\/timo-hanninen-injeq-oyn-toimitusjohtajaksi\\\/#article\",\"isPartOf\":{\"@id\":\"https:\\\/\\\/teknologiateollisuus.fi\\\/healthtech\\\/timo-hanninen-injeq-oyn-toimitusjohtajaksi\\\/\"},\"author\":{\"name\":\"P\u00e4ivi Ahlgren\",\"@id\":\"https:\\\/\\\/teknologiateollisuus.fi\\\/healthtech\\\/#\\\/schema\\\/person\\\/964d40eb9a84d0edfc1989b7784ea950\"},\"headline\":\"Timo H\u00e4nninen Injeq Oy:n toimitusjohtajaksi\",\"datePublished\":\"2022-02-10T13:43:00+00:00\",\"dateModified\":\"2024-07-10T07:57:59+00:00\",\"mainEntityOfPage\":{\"@id\":\"https:\\\/\\\/teknologiateollisuus.fi\\\/healthtech\\\/timo-hanninen-injeq-oyn-toimitusjohtajaksi\\\/\"},\"wordCount\":443,\"image\":{\"@id\":\"https:\\\/\\\/teknologiateollisuus.fi\\\/healthtech\\\/timo-hanninen-injeq-oyn-toimitusjohtajaksi\\\/#primaryimage\"},\"thumbnailUrl\":\"https:\\\/\\\/teknologiateollisuus.fi\\\/healthtech\\\/wp-content\\\/uploads\\\/sites\\\/8\\\/2024\\\/07\\\/Timo-Hanninen-Injeq.jpg\",\"articleSection\":[\"Uutinen\"],\"inLanguage\":\"fi\"},{\"@type\":\"WebPage\",\"@id\":\"https:\\\/\\\/teknologiateollisuus.fi\\\/healthtech\\\/timo-hanninen-injeq-oyn-toimitusjohtajaksi\\\/\",\"url\":\"https:\\\/\\\/teknologiateollisuus.fi\\\/healthtech\\\/timo-hanninen-injeq-oyn-toimitusjohtajaksi\\\/\",\"name\":\"Timo H\u00e4nninen Injeq Oy:n toimitusjohtajaksi - Terveysteknologia\",\"isPartOf\":{\"@id\":\"https:\\\/\\\/teknologiateollisuus.fi\\\/healthtech\\\/#website\"},\"primaryImageOfPage\":{\"@id\":\"https:\\\/\\\/teknologiateollisuus.fi\\\/healthtech\\\/timo-hanninen-injeq-oyn-toimitusjohtajaksi\\\/#primaryimage\"},\"image\":{\"@id\":\"https:\\\/\\\/teknologiateollisuus.fi\\\/healthtech\\\/timo-hanninen-injeq-oyn-toimitusjohtajaksi\\\/#primaryimage\"},\"thumbnailUrl\":\"https:\\\/\\\/teknologiateollisuus.fi\\\/healthtech\\\/wp-content\\\/uploads\\\/sites\\\/8\\\/2024\\\/07\\\/Timo-Hanninen-Injeq.jpg\",\"datePublished\":\"2022-02-10T13:43:00+00:00\",\"dateModified\":\"2024-07-10T07:57:59+00:00\",\"author\":{\"@id\":\"https:\\\/\\\/teknologiateollisuus.fi\\\/healthtech\\\/#\\\/schema\\\/person\\\/964d40eb9a84d0edfc1989b7784ea950\"},\"breadcrumb\":{\"@id\":\"https:\\\/\\\/teknologiateollisuus.fi\\\/healthtech\\\/timo-hanninen-injeq-oyn-toimitusjohtajaksi\\\/#breadcrumb\"},\"inLanguage\":\"fi\",\"potentialAction\":[{\"@type\":\"ReadAction\",\"target\":[\"https:\\\/\\\/teknologiateollisuus.fi\\\/healthtech\\\/timo-hanninen-injeq-oyn-toimitusjohtajaksi\\\/\"]}]},{\"@type\":\"ImageObject\",\"inLanguage\":\"fi\",\"@id\":\"https:\\\/\\\/teknologiateollisuus.fi\\\/healthtech\\\/timo-hanninen-injeq-oyn-toimitusjohtajaksi\\\/#primaryimage\",\"url\":\"https:\\\/\\\/teknologiateollisuus.fi\\\/healthtech\\\/wp-content\\\/uploads\\\/sites\\\/8\\\/2024\\\/07\\\/Timo-Hanninen-Injeq.jpg\",\"contentUrl\":\"https:\\\/\\\/teknologiateollisuus.fi\\\/healthtech\\\/wp-content\\\/uploads\\\/sites\\\/8\\\/2024\\\/07\\\/Timo-Hanninen-Injeq.jpg\",\"width\":321,\"height\":298,\"caption\":\"Timo H\u00e4nninen\"},{\"@type\":\"BreadcrumbList\",\"@id\":\"https:\\\/\\\/teknologiateollisuus.fi\\\/healthtech\\\/timo-hanninen-injeq-oyn-toimitusjohtajaksi\\\/#breadcrumb\",\"itemListElement\":[{\"@type\":\"ListItem\",\"position\":1,\"name\":\"Etusivu\",\"item\":\"https:\\\/\\\/teknologiateollisuus.fi\\\/healthtech\\\/\"},{\"@type\":\"ListItem\",\"position\":2,\"name\":\"Ajankohtaista\",\"item\":\"https:\\\/\\\/teknologiateollisuus.fi\\\/healthtech\\\/ajankohtaista\\\/\"},{\"@type\":\"ListItem\",\"position\":3,\"name\":\"Uutinen\",\"item\":\"https:\\\/\\\/teknologiateollisuus.fi\\\/healthtech\\\/ajankohtaista\\\/?categories=14\"},{\"@type\":\"ListItem\",\"position\":4,\"name\":\"Timo H\u00e4nninen Injeq Oy:n toimitusjohtajaksi\"}]},{\"@type\":\"WebSite\",\"@id\":\"https:\\\/\\\/teknologiateollisuus.fi\\\/healthtech\\\/#website\",\"url\":\"https:\\\/\\\/teknologiateollisuus.fi\\\/healthtech\\\/\",\"name\":\"Terveysteknologia\",\"description\":\"\",\"potentialAction\":[{\"@type\":\"SearchAction\",\"target\":{\"@type\":\"EntryPoint\",\"urlTemplate\":\"https:\\\/\\\/teknologiateollisuus.fi\\\/healthtech\\\/?s={search_term_string}\"},\"query-input\":{\"@type\":\"PropertyValueSpecification\",\"valueRequired\":true,\"valueName\":\"search_term_string\"}}],\"inLanguage\":\"fi\"},{\"@type\":\"Person\",\"@id\":\"https:\\\/\\\/teknologiateollisuus.fi\\\/healthtech\\\/#\\\/schema\\\/person\\\/964d40eb9a84d0edfc1989b7784ea950\",\"name\":\"P\u00e4ivi Ahlgren\",\"image\":{\"@type\":\"ImageObject\",\"inLanguage\":\"fi\",\"@id\":\"https:\\\/\\\/secure.gravatar.com\\\/avatar\\\/d49c8c4a3ac6bce6f1ed1a4445d5b60a53463c32cb6ebcf6e0375dcece39eaca?s=96&d=mm&r=g\",\"url\":\"https:\\\/\\\/secure.gravatar.com\\\/avatar\\\/d49c8c4a3ac6bce6f1ed1a4445d5b60a53463c32cb6ebcf6e0375dcece39eaca?s=96&d=mm&r=g\",\"contentUrl\":\"https:\\\/\\\/secure.gravatar.com\\\/avatar\\\/d49c8c4a3ac6bce6f1ed1a4445d5b60a53463c32cb6ebcf6e0375dcece39eaca?s=96&d=mm&r=g\",\"caption\":\"P\u00e4ivi Ahlgren\"}}]}<\/script>\n<!-- \/ Yoast SEO Premium plugin. -->","yoast_head_json":{"title":"Timo H\u00e4nninen Injeq Oy:n toimitusjohtajaksi - Terveysteknologia","robots":{"index":"index","follow":"follow","max-snippet":"max-snippet:-1","max-image-preview":"max-image-preview:large","max-video-preview":"max-video-preview:-1"},"canonical":"https:\/\/teknologiateollisuus.fi\/healthtech\/timo-hanninen-injeq-oyn-toimitusjohtajaksi\/","og_locale":"fi_FI","og_type":"article","og_title":"Timo H\u00e4nninen Injeq Oy:n toimitusjohtajaksi","og_description":"Tekniikan tohtori, MBA Timo H\u00e4nninen on nimitetty Injeq Oy:n toimitusjohtajaksi. H\u00e4nninen aloittaa teht\u00e4v\u00e4ss\u00e4\u00e4n 14.2.2022. H\u00e4nninen on aiemmin toiminut RUAG Space Finland Oy AB:n toimitusjohtajana. Timo H\u00e4nninen&nbsp;on teknologiaorganisaation johtamisen ammattilainen. H\u00e4nell\u00e4 on pitk\u00e4 kokemus kansainv\u00e4lisen liiketoiminnan kehitt\u00e4misest\u00e4 ja strategiasta. H\u00e4nninen on uransa aikana toiminut muun muassa l\u00e4\u00e4ketieteellisen teknologian, kyberturvallisuuden ja avaruusteknologian aloilla sek\u00e4 l\u00e4hes 20 vuotta [&hellip;]","og_url":"https:\/\/teknologiateollisuus.fi\/healthtech\/timo-hanninen-injeq-oyn-toimitusjohtajaksi\/","og_site_name":"Terveysteknologia","article_published_time":"2022-02-10T13:43:00+00:00","article_modified_time":"2024-07-10T07:57:59+00:00","og_image":[{"width":321,"height":298,"url":"https:\/\/teknologiateollisuus.fi\/healthtech\/wp-content\/uploads\/sites\/8\/2024\/07\/Timo-Hanninen-Injeq.jpg","type":"image\/jpeg"}],"author":"P\u00e4ivi Ahlgren","twitter_card":"summary_large_image","twitter_misc":{"Kirjoittanut":"P\u00e4ivi Ahlgren","Arvioitu lukuaika":"3 minuuttia"},"schema":{"@context":"https:\/\/schema.org","@graph":[{"@type":"Article","@id":"https:\/\/teknologiateollisuus.fi\/healthtech\/timo-hanninen-injeq-oyn-toimitusjohtajaksi\/#article","isPartOf":{"@id":"https:\/\/teknologiateollisuus.fi\/healthtech\/timo-hanninen-injeq-oyn-toimitusjohtajaksi\/"},"author":{"name":"P\u00e4ivi Ahlgren","@id":"https:\/\/teknologiateollisuus.fi\/healthtech\/#\/schema\/person\/964d40eb9a84d0edfc1989b7784ea950"},"headline":"Timo H\u00e4nninen Injeq Oy:n toimitusjohtajaksi","datePublished":"2022-02-10T13:43:00+00:00","dateModified":"2024-07-10T07:57:59+00:00","mainEntityOfPage":{"@id":"https:\/\/teknologiateollisuus.fi\/healthtech\/timo-hanninen-injeq-oyn-toimitusjohtajaksi\/"},"wordCount":443,"image":{"@id":"https:\/\/teknologiateollisuus.fi\/healthtech\/timo-hanninen-injeq-oyn-toimitusjohtajaksi\/#primaryimage"},"thumbnailUrl":"https:\/\/teknologiateollisuus.fi\/healthtech\/wp-content\/uploads\/sites\/8\/2024\/07\/Timo-Hanninen-Injeq.jpg","articleSection":["Uutinen"],"inLanguage":"fi"},{"@type":"WebPage","@id":"https:\/\/teknologiateollisuus.fi\/healthtech\/timo-hanninen-injeq-oyn-toimitusjohtajaksi\/","url":"https:\/\/teknologiateollisuus.fi\/healthtech\/timo-hanninen-injeq-oyn-toimitusjohtajaksi\/","name":"Timo H\u00e4nninen Injeq Oy:n toimitusjohtajaksi - Terveysteknologia","isPartOf":{"@id":"https:\/\/teknologiateollisuus.fi\/healthtech\/#website"},"primaryImageOfPage":{"@id":"https:\/\/teknologiateollisuus.fi\/healthtech\/timo-hanninen-injeq-oyn-toimitusjohtajaksi\/#primaryimage"},"image":{"@id":"https:\/\/teknologiateollisuus.fi\/healthtech\/timo-hanninen-injeq-oyn-toimitusjohtajaksi\/#primaryimage"},"thumbnailUrl":"https:\/\/teknologiateollisuus.fi\/healthtech\/wp-content\/uploads\/sites\/8\/2024\/07\/Timo-Hanninen-Injeq.jpg","datePublished":"2022-02-10T13:43:00+00:00","dateModified":"2024-07-10T07:57:59+00:00","author":{"@id":"https:\/\/teknologiateollisuus.fi\/healthtech\/#\/schema\/person\/964d40eb9a84d0edfc1989b7784ea950"},"breadcrumb":{"@id":"https:\/\/teknologiateollisuus.fi\/healthtech\/timo-hanninen-injeq-oyn-toimitusjohtajaksi\/#breadcrumb"},"inLanguage":"fi","potentialAction":[{"@type":"ReadAction","target":["https:\/\/teknologiateollisuus.fi\/healthtech\/timo-hanninen-injeq-oyn-toimitusjohtajaksi\/"]}]},{"@type":"ImageObject","inLanguage":"fi","@id":"https:\/\/teknologiateollisuus.fi\/healthtech\/timo-hanninen-injeq-oyn-toimitusjohtajaksi\/#primaryimage","url":"https:\/\/teknologiateollisuus.fi\/healthtech\/wp-content\/uploads\/sites\/8\/2024\/07\/Timo-Hanninen-Injeq.jpg","contentUrl":"https:\/\/teknologiateollisuus.fi\/healthtech\/wp-content\/uploads\/sites\/8\/2024\/07\/Timo-Hanninen-Injeq.jpg","width":321,"height":298,"caption":"Timo H\u00e4nninen"},{"@type":"BreadcrumbList","@id":"https:\/\/teknologiateollisuus.fi\/healthtech\/timo-hanninen-injeq-oyn-toimitusjohtajaksi\/#breadcrumb","itemListElement":[{"@type":"ListItem","position":1,"name":"Etusivu","item":"https:\/\/teknologiateollisuus.fi\/healthtech\/"},{"@type":"ListItem","position":2,"name":"Ajankohtaista","item":"https:\/\/teknologiateollisuus.fi\/healthtech\/ajankohtaista\/"},{"@type":"ListItem","position":3,"name":"Uutinen","item":"https:\/\/teknologiateollisuus.fi\/healthtech\/ajankohtaista\/?categories=14"},{"@type":"ListItem","position":4,"name":"Timo H\u00e4nninen Injeq Oy:n toimitusjohtajaksi"}]},{"@type":"WebSite","@id":"https:\/\/teknologiateollisuus.fi\/healthtech\/#website","url":"https:\/\/teknologiateollisuus.fi\/healthtech\/","name":"Terveysteknologia","description":"","potentialAction":[{"@type":"SearchAction","target":{"@type":"EntryPoint","urlTemplate":"https:\/\/teknologiateollisuus.fi\/healthtech\/?s={search_term_string}"},"query-input":{"@type":"PropertyValueSpecification","valueRequired":true,"valueName":"search_term_string"}}],"inLanguage":"fi"},{"@type":"Person","@id":"https:\/\/teknologiateollisuus.fi\/healthtech\/#\/schema\/person\/964d40eb9a84d0edfc1989b7784ea950","name":"P\u00e4ivi Ahlgren","image":{"@type":"ImageObject","inLanguage":"fi","@id":"https:\/\/secure.gravatar.com\/avatar\/d49c8c4a3ac6bce6f1ed1a4445d5b60a53463c32cb6ebcf6e0375dcece39eaca?s=96&d=mm&r=g","url":"https:\/\/secure.gravatar.com\/avatar\/d49c8c4a3ac6bce6f1ed1a4445d5b60a53463c32cb6ebcf6e0375dcece39eaca?s=96&d=mm&r=g","contentUrl":"https:\/\/secure.gravatar.com\/avatar\/d49c8c4a3ac6bce6f1ed1a4445d5b60a53463c32cb6ebcf6e0375dcece39eaca?s=96&d=mm&r=g","caption":"P\u00e4ivi Ahlgren"}}]}},"lang":"fi","translations":{"fi":1202},"pll_sync_post":{},"_links":{"self":[{"href":"https:\/\/teknologiateollisuus.fi\/healthtech\/wp-json\/wp\/v2\/posts\/1202","targetHints":{"allow":["GET"]}}],"collection":[{"href":"https:\/\/teknologiateollisuus.fi\/healthtech\/wp-json\/wp\/v2\/posts"}],"about":[{"href":"https:\/\/teknologiateollisuus.fi\/healthtech\/wp-json\/wp\/v2\/types\/post"}],"author":[{"embeddable":true,"href":"https:\/\/teknologiateollisuus.fi\/healthtech\/wp-json\/wp\/v2\/users\/16"}],"replies":[{"embeddable":true,"href":"https:\/\/teknologiateollisuus.fi\/healthtech\/wp-json\/wp\/v2\/comments?post=1202"}],"version-history":[{"count":1,"href":"https:\/\/teknologiateollisuus.fi\/healthtech\/wp-json\/wp\/v2\/posts\/1202\/revisions"}],"predecessor-version":[{"id":1203,"href":"https:\/\/teknologiateollisuus.fi\/healthtech\/wp-json\/wp\/v2\/posts\/1202\/revisions\/1203"}],"wp:featuredmedia":[{"embeddable":true,"href":"https:\/\/teknologiateollisuus.fi\/healthtech\/wp-json\/wp\/v2\/media\/1064"}],"wp:attachment":[{"href":"https:\/\/teknologiateollisuus.fi\/healthtech\/wp-json\/wp\/v2\/media?parent=1202"}],"wp:term":[{"taxonomy":"category","embeddable":true,"href":"https:\/\/teknologiateollisuus.fi\/healthtech\/wp-json\/wp\/v2\/categories?post=1202"},{"taxonomy":"post_tag","embeddable":true,"href":"https:\/\/teknologiateollisuus.fi\/healthtech\/wp-json\/wp\/v2\/tags?post=1202"},{"taxonomy":"em_industry","embeddable":true,"href":"https:\/\/teknologiateollisuus.fi\/healthtech\/wp-json\/wp\/v2\/em_industry?post=1202"},{"taxonomy":"em_theme","embeddable":true,"href":"https:\/\/teknologiateollisuus.fi\/healthtech\/wp-json\/wp\/v2\/em_theme?post=1202"}],"curies":[{"name":"wp","href":"https:\/\/api.w.org\/{rel}","templated":true}]}}