{"id":1206,"date":"2022-02-18T14:25:00","date_gmt":"2022-02-18T12:25:00","guid":{"rendered":"https:\/\/teknologiateollisuus.fi\/healthtech\/?p=1206"},"modified":"2024-07-08T14:31:27","modified_gmt":"2024-07-08T11:31:27","slug":"aalto-pron-rekrytoivasta-koulutuksesta-apua-osaajapulaan","status":"publish","type":"post","link":"https:\/\/teknologiateollisuus.fi\/healthtech\/aalto-pron-rekrytoivasta-koulutuksesta-apua-osaajapulaan\/","title":{"rendered":"Aalto PRO:n rekrytoivasta koulutuksesta apua osaajapulaan"},"content":{"rendered":"\n<p>Huhtikuun 2022 lopussa k\u00e4ynnistyv\u00e4n, kuuden kuukauden mittaisen IoT -asiantuntija terveysteknologia-alalle F.E.C. -ohjelman kautta, voi hakea yrityksen ty\u00f6ntekij\u00e4n teht\u00e4v\u00e4\u00e4n, jossa osaaminen teollisesta internetist\u00e4 on hy\u00f6dyksi.<\/p>\n\n\n\n<p>Koulutusohjelmaan valittu osallistuja ty\u00f6skentelee yrityksess\u00e4 sovituissa ty\u00f6teht\u00e4viss\u00e4. Ty\u00f6skentelyn rinnalla h\u00e4n opiskelee Aalto PRO:n -koulutuksessa, ja tuo uusimman tietotaidon mukana yritykseen. Koulutuksen sis\u00e4lt\u00f6j\u00e4 ovat mm:<\/p>\n\n\n\n<ul class=\"wp-block-list\">\n<li>Teollinen internet osana terveysteknologioita<\/li>\n\n\n\n<li>IoT-arkkitehtuurit<\/li>\n\n\n\n<li>Liiketoiminta, data ja analytiikka<\/li>\n\n\n\n<li>Terveysteknologia-ala toimintaymp\u00e4rist\u00f6n\u00e4<\/li>\n\n\n\n<li>Lains\u00e4\u00e4d\u00e4nt\u00f6<\/li>\n\n\n\n<li>Terveysteknologia, laitteet, tuotekehitys ja palvelut<\/li>\n<\/ul>\n\n\n\n<p>Yhteisten opintojen ohella koulutus sis\u00e4lt\u00e4\u00e4 valinnaisia opintoja, joissa on huomioitu sek\u00e4 yhteisty\u00f6yrityksen ett\u00e4 osallistujan tarpeet. Kouluttajina ohjelmassa ovat Aalto-yliopiston asiantuntijoiden ohella muut terveysteknologian huippuosaajat sek\u00e4 tiedemaailmasta ett\u00e4 teollisuudesta. Koulutusohjelma antaa osallistujille erinomaiset valmiudet ty\u00f6skennell\u00e4 erilaisissa terveysteknologia-alan teht\u00e4viss\u00e4.<\/p>\n\n\n\n<p>Jos haussa on tuote- tai ohjelmistokehityksen, myynnin, markkinoinnin tai konsultoinnin uusi osaaja, t\u00e4m\u00e4 mahdollisuus kannattaa hy\u00f6dynt\u00e4\u00e4.<\/p>\n\n\n\n<ul class=\"wp-block-list\">\n<li>Aalto PRO:n F.E.C. -koulutukset auttavat ty\u00f6nantajia ja eri alojen korkeakulutettuja osaajia l\u00f6yt\u00e4m\u00e4\u00e4n toisensa.<\/li>\n\n\n\n<li>Koulutuksiin sis\u00e4ltyv\u00e4 noin puolen vuoden mittainen ty\u00f6skentelyjakso on erinomainen mahdollisuus tutustua turvallisesti potentiaaliseen ty\u00f6ntekij\u00e4\u00e4n ja h\u00e4nen osaamiseensa ennen rekrytointip\u00e4\u00e4t\u00f6st\u00e4.<\/li>\n\n\n\n<li>Koulutettava ty\u00f6skentelee koulutussopimuksella, mik\u00e4 v\u00e4hent\u00e4\u00e4 rekrytoinnin riskej\u00e4 ja kustannuksia.<\/li>\n\n\n\n<li>Keskeisi\u00e4 valintakriteerej\u00e4 koulutukseen ovat motivaatio ja asenne omaan ammatilliseen kehittymiseen sek\u00e4 kiinnostus terveysteknologia-alaa kohtaan.<\/li>\n\n\n\n<li>Tavoitteena on l\u00f6yt\u00e4\u00e4 juuri teid\u00e4n yrityksellenne sopiva uusi osaaja, jolla on k\u00e4yt\u00f6ss\u00e4\u00e4n alan uusimmat, ajantasaiset opit.<\/li>\n<\/ul>\n\n\n\n<p><\/p>\n","protected":false},"excerpt":{"rendered":"<p>Huhtikuun 2022 lopussa k\u00e4ynnistyv\u00e4n, kuuden kuukauden mittaisen IoT -asiantuntija terveysteknologia-alalle F.E.C. -ohjelman kautta, voi hakea yrityksen ty\u00f6ntekij\u00e4n teht\u00e4v\u00e4\u00e4n, jossa osaaminen teollisesta internetist\u00e4 on hy\u00f6dyksi. Koulutusohjelmaan valittu osallistuja ty\u00f6skentelee yrityksess\u00e4 sovituissa ty\u00f6teht\u00e4viss\u00e4. Ty\u00f6skentelyn rinnalla h\u00e4n opiskelee Aalto PRO:n -koulutuksessa, ja tuo uusimman tietotaidon mukana yritykseen. Koulutuksen sis\u00e4lt\u00f6j\u00e4 ovat mm: Yhteisten opintojen ohella koulutus sis\u00e4lt\u00e4\u00e4 valinnaisia opintoja, [&hellip;]<\/p>\n","protected":false},"author":16,"featured_media":1003,"comment_status":"closed","ping_status":"closed","sticky":false,"template":"","format":"standard","meta":{"_acf_changed":false,"_relevanssi_hide_post":"","_relevanssi_hide_content":"","_relevanssi_pin_for_all":"","_relevanssi_pin_keywords":"","_relevanssi_unpin_keywords":"","_relevanssi_related_keywords":"","_relevanssi_related_include_ids":"","_relevanssi_related_exclude_ids":"","_relevanssi_related_no_append":"","_relevanssi_related_not_related":"","_relevanssi_related_posts":"729,759,725,731,710,798","_relevanssi_noindex_reason":"","inline_featured_image":false,"footnotes":""},"categories":[14],"tags":[],"em_industry":[],"em_theme":[47],"class_list":["post-1206","post","type-post","status-publish","format-standard","has-post-thumbnail","hentry","category-uutinen","em_theme-osaaminen"],"acf":[],"yoast_head":"<!-- This site is optimized with the Yoast SEO Premium plugin v27.1 (Yoast SEO v27.5) - https:\/\/yoast.com\/product\/yoast-seo-premium-wordpress\/ -->\n<title>Aalto PRO:n rekrytoivasta koulutuksesta apua osaajapulaan - Terveysteknologia<\/title>\n<meta name=\"robots\" content=\"index, follow, max-snippet:-1, max-image-preview:large, max-video-preview:-1\" \/>\n<link rel=\"canonical\" href=\"https:\/\/teknologiateollisuus.fi\/healthtech\/aalto-pron-rekrytoivasta-koulutuksesta-apua-osaajapulaan\/\" \/>\n<meta property=\"og:locale\" content=\"fi_FI\" \/>\n<meta property=\"og:type\" content=\"article\" \/>\n<meta property=\"og:title\" content=\"Aalto PRO:n rekrytoivasta koulutuksesta apua osaajapulaan\" \/>\n<meta property=\"og:description\" content=\"Huhtikuun 2022 lopussa k\u00e4ynnistyv\u00e4n, kuuden kuukauden mittaisen IoT -asiantuntija terveysteknologia-alalle F.E.C. -ohjelman kautta, voi hakea yrityksen ty\u00f6ntekij\u00e4n teht\u00e4v\u00e4\u00e4n, jossa osaaminen teollisesta internetist\u00e4 on hy\u00f6dyksi. Koulutusohjelmaan valittu osallistuja ty\u00f6skentelee yrityksess\u00e4 sovituissa ty\u00f6teht\u00e4viss\u00e4. Ty\u00f6skentelyn rinnalla h\u00e4n opiskelee Aalto PRO:n -koulutuksessa, ja tuo uusimman tietotaidon mukana yritykseen. Koulutuksen sis\u00e4lt\u00f6j\u00e4 ovat mm: Yhteisten opintojen ohella koulutus sis\u00e4lt\u00e4\u00e4 valinnaisia opintoja, [&hellip;]\" \/>\n<meta property=\"og:url\" content=\"https:\/\/teknologiateollisuus.fi\/healthtech\/aalto-pron-rekrytoivasta-koulutuksesta-apua-osaajapulaan\/\" \/>\n<meta property=\"og:site_name\" content=\"Terveysteknologia\" \/>\n<meta property=\"article:published_time\" content=\"2022-02-18T12:25:00+00:00\" \/>\n<meta property=\"article:modified_time\" content=\"2024-07-08T11:31:27+00:00\" \/>\n<meta property=\"og:image\" content=\"https:\/\/teknologiateollisuus.fi\/healthtech\/wp-content\/uploads\/sites\/8\/2024\/07\/Aalto-Pro-IoT.png\" \/>\n\t<meta property=\"og:image:width\" content=\"548\" \/>\n\t<meta property=\"og:image:height\" content=\"350\" \/>\n\t<meta property=\"og:image:type\" content=\"image\/png\" \/>\n<meta name=\"author\" content=\"P\u00e4ivi Ahlgren\" \/>\n<meta name=\"twitter:card\" content=\"summary_large_image\" \/>\n<meta name=\"twitter:label1\" content=\"Kirjoittanut\" \/>\n\t<meta name=\"twitter:data1\" content=\"P\u00e4ivi Ahlgren\" \/>\n\t<meta name=\"twitter:label2\" content=\"Arvioitu lukuaika\" \/>\n\t<meta name=\"twitter:data2\" content=\"2 minuuttia\" \/>\n<script type=\"application\/ld+json\" class=\"yoast-schema-graph\">{\"@context\":\"https:\\\/\\\/schema.org\",\"@graph\":[{\"@type\":\"Article\",\"@id\":\"https:\\\/\\\/teknologiateollisuus.fi\\\/healthtech\\\/aalto-pron-rekrytoivasta-koulutuksesta-apua-osaajapulaan\\\/#article\",\"isPartOf\":{\"@id\":\"https:\\\/\\\/teknologiateollisuus.fi\\\/healthtech\\\/aalto-pron-rekrytoivasta-koulutuksesta-apua-osaajapulaan\\\/\"},\"author\":{\"name\":\"P\u00e4ivi Ahlgren\",\"@id\":\"https:\\\/\\\/teknologiateollisuus.fi\\\/healthtech\\\/#\\\/schema\\\/person\\\/964d40eb9a84d0edfc1989b7784ea950\"},\"headline\":\"Aalto PRO:n rekrytoivasta koulutuksesta apua osaajapulaan\",\"datePublished\":\"2022-02-18T12:25:00+00:00\",\"dateModified\":\"2024-07-08T11:31:27+00:00\",\"mainEntityOfPage\":{\"@id\":\"https:\\\/\\\/teknologiateollisuus.fi\\\/healthtech\\\/aalto-pron-rekrytoivasta-koulutuksesta-apua-osaajapulaan\\\/\"},\"wordCount\":243,\"image\":{\"@id\":\"https:\\\/\\\/teknologiateollisuus.fi\\\/healthtech\\\/aalto-pron-rekrytoivasta-koulutuksesta-apua-osaajapulaan\\\/#primaryimage\"},\"thumbnailUrl\":\"https:\\\/\\\/teknologiateollisuus.fi\\\/healthtech\\\/wp-content\\\/uploads\\\/sites\\\/8\\\/2024\\\/07\\\/Aalto-Pro-IoT.png\",\"articleSection\":[\"Uutinen\"],\"inLanguage\":\"fi\"},{\"@type\":\"WebPage\",\"@id\":\"https:\\\/\\\/teknologiateollisuus.fi\\\/healthtech\\\/aalto-pron-rekrytoivasta-koulutuksesta-apua-osaajapulaan\\\/\",\"url\":\"https:\\\/\\\/teknologiateollisuus.fi\\\/healthtech\\\/aalto-pron-rekrytoivasta-koulutuksesta-apua-osaajapulaan\\\/\",\"name\":\"Aalto PRO:n rekrytoivasta koulutuksesta apua osaajapulaan - Terveysteknologia\",\"isPartOf\":{\"@id\":\"https:\\\/\\\/teknologiateollisuus.fi\\\/healthtech\\\/#website\"},\"primaryImageOfPage\":{\"@id\":\"https:\\\/\\\/teknologiateollisuus.fi\\\/healthtech\\\/aalto-pron-rekrytoivasta-koulutuksesta-apua-osaajapulaan\\\/#primaryimage\"},\"image\":{\"@id\":\"https:\\\/\\\/teknologiateollisuus.fi\\\/healthtech\\\/aalto-pron-rekrytoivasta-koulutuksesta-apua-osaajapulaan\\\/#primaryimage\"},\"thumbnailUrl\":\"https:\\\/\\\/teknologiateollisuus.fi\\\/healthtech\\\/wp-content\\\/uploads\\\/sites\\\/8\\\/2024\\\/07\\\/Aalto-Pro-IoT.png\",\"datePublished\":\"2022-02-18T12:25:00+00:00\",\"dateModified\":\"2024-07-08T11:31:27+00:00\",\"author\":{\"@id\":\"https:\\\/\\\/teknologiateollisuus.fi\\\/healthtech\\\/#\\\/schema\\\/person\\\/964d40eb9a84d0edfc1989b7784ea950\"},\"breadcrumb\":{\"@id\":\"https:\\\/\\\/teknologiateollisuus.fi\\\/healthtech\\\/aalto-pron-rekrytoivasta-koulutuksesta-apua-osaajapulaan\\\/#breadcrumb\"},\"inLanguage\":\"fi\",\"potentialAction\":[{\"@type\":\"ReadAction\",\"target\":[\"https:\\\/\\\/teknologiateollisuus.fi\\\/healthtech\\\/aalto-pron-rekrytoivasta-koulutuksesta-apua-osaajapulaan\\\/\"]}]},{\"@type\":\"ImageObject\",\"inLanguage\":\"fi\",\"@id\":\"https:\\\/\\\/teknologiateollisuus.fi\\\/healthtech\\\/aalto-pron-rekrytoivasta-koulutuksesta-apua-osaajapulaan\\\/#primaryimage\",\"url\":\"https:\\\/\\\/teknologiateollisuus.fi\\\/healthtech\\\/wp-content\\\/uploads\\\/sites\\\/8\\\/2024\\\/07\\\/Aalto-Pro-IoT.png\",\"contentUrl\":\"https:\\\/\\\/teknologiateollisuus.fi\\\/healthtech\\\/wp-content\\\/uploads\\\/sites\\\/8\\\/2024\\\/07\\\/Aalto-Pro-IoT.png\",\"width\":548,\"height\":350,\"caption\":\"Aalto Pro IoT\"},{\"@type\":\"BreadcrumbList\",\"@id\":\"https:\\\/\\\/teknologiateollisuus.fi\\\/healthtech\\\/aalto-pron-rekrytoivasta-koulutuksesta-apua-osaajapulaan\\\/#breadcrumb\",\"itemListElement\":[{\"@type\":\"ListItem\",\"position\":1,\"name\":\"Etusivu\",\"item\":\"https:\\\/\\\/teknologiateollisuus.fi\\\/healthtech\\\/\"},{\"@type\":\"ListItem\",\"position\":2,\"name\":\"Ajankohtaista\",\"item\":\"https:\\\/\\\/teknologiateollisuus.fi\\\/healthtech\\\/ajankohtaista\\\/\"},{\"@type\":\"ListItem\",\"position\":3,\"name\":\"Uutinen\",\"item\":\"https:\\\/\\\/teknologiateollisuus.fi\\\/healthtech\\\/ajankohtaista\\\/?categories=14\"},{\"@type\":\"ListItem\",\"position\":4,\"name\":\"Aalto PRO:n rekrytoivasta koulutuksesta apua osaajapulaan\"}]},{\"@type\":\"WebSite\",\"@id\":\"https:\\\/\\\/teknologiateollisuus.fi\\\/healthtech\\\/#website\",\"url\":\"https:\\\/\\\/teknologiateollisuus.fi\\\/healthtech\\\/\",\"name\":\"Terveysteknologia\",\"description\":\"\",\"potentialAction\":[{\"@type\":\"SearchAction\",\"target\":{\"@type\":\"EntryPoint\",\"urlTemplate\":\"https:\\\/\\\/teknologiateollisuus.fi\\\/healthtech\\\/?s={search_term_string}\"},\"query-input\":{\"@type\":\"PropertyValueSpecification\",\"valueRequired\":true,\"valueName\":\"search_term_string\"}}],\"inLanguage\":\"fi\"},{\"@type\":\"Person\",\"@id\":\"https:\\\/\\\/teknologiateollisuus.fi\\\/healthtech\\\/#\\\/schema\\\/person\\\/964d40eb9a84d0edfc1989b7784ea950\",\"name\":\"P\u00e4ivi Ahlgren\",\"image\":{\"@type\":\"ImageObject\",\"inLanguage\":\"fi\",\"@id\":\"https:\\\/\\\/secure.gravatar.com\\\/avatar\\\/d49c8c4a3ac6bce6f1ed1a4445d5b60a53463c32cb6ebcf6e0375dcece39eaca?s=96&d=mm&r=g\",\"url\":\"https:\\\/\\\/secure.gravatar.com\\\/avatar\\\/d49c8c4a3ac6bce6f1ed1a4445d5b60a53463c32cb6ebcf6e0375dcece39eaca?s=96&d=mm&r=g\",\"contentUrl\":\"https:\\\/\\\/secure.gravatar.com\\\/avatar\\\/d49c8c4a3ac6bce6f1ed1a4445d5b60a53463c32cb6ebcf6e0375dcece39eaca?s=96&d=mm&r=g\",\"caption\":\"P\u00e4ivi Ahlgren\"}}]}<\/script>\n<!-- \/ Yoast SEO Premium plugin. -->","yoast_head_json":{"title":"Aalto PRO:n rekrytoivasta koulutuksesta apua osaajapulaan - Terveysteknologia","robots":{"index":"index","follow":"follow","max-snippet":"max-snippet:-1","max-image-preview":"max-image-preview:large","max-video-preview":"max-video-preview:-1"},"canonical":"https:\/\/teknologiateollisuus.fi\/healthtech\/aalto-pron-rekrytoivasta-koulutuksesta-apua-osaajapulaan\/","og_locale":"fi_FI","og_type":"article","og_title":"Aalto PRO:n rekrytoivasta koulutuksesta apua osaajapulaan","og_description":"Huhtikuun 2022 lopussa k\u00e4ynnistyv\u00e4n, kuuden kuukauden mittaisen IoT -asiantuntija terveysteknologia-alalle F.E.C. -ohjelman kautta, voi hakea yrityksen ty\u00f6ntekij\u00e4n teht\u00e4v\u00e4\u00e4n, jossa osaaminen teollisesta internetist\u00e4 on hy\u00f6dyksi. Koulutusohjelmaan valittu osallistuja ty\u00f6skentelee yrityksess\u00e4 sovituissa ty\u00f6teht\u00e4viss\u00e4. Ty\u00f6skentelyn rinnalla h\u00e4n opiskelee Aalto PRO:n -koulutuksessa, ja tuo uusimman tietotaidon mukana yritykseen. Koulutuksen sis\u00e4lt\u00f6j\u00e4 ovat mm: Yhteisten opintojen ohella koulutus sis\u00e4lt\u00e4\u00e4 valinnaisia opintoja, [&hellip;]","og_url":"https:\/\/teknologiateollisuus.fi\/healthtech\/aalto-pron-rekrytoivasta-koulutuksesta-apua-osaajapulaan\/","og_site_name":"Terveysteknologia","article_published_time":"2022-02-18T12:25:00+00:00","article_modified_time":"2024-07-08T11:31:27+00:00","og_image":[{"width":548,"height":350,"url":"https:\/\/teknologiateollisuus.fi\/healthtech\/wp-content\/uploads\/sites\/8\/2024\/07\/Aalto-Pro-IoT.png","type":"image\/png"}],"author":"P\u00e4ivi Ahlgren","twitter_card":"summary_large_image","twitter_misc":{"Kirjoittanut":"P\u00e4ivi Ahlgren","Arvioitu lukuaika":"2 minuuttia"},"schema":{"@context":"https:\/\/schema.org","@graph":[{"@type":"Article","@id":"https:\/\/teknologiateollisuus.fi\/healthtech\/aalto-pron-rekrytoivasta-koulutuksesta-apua-osaajapulaan\/#article","isPartOf":{"@id":"https:\/\/teknologiateollisuus.fi\/healthtech\/aalto-pron-rekrytoivasta-koulutuksesta-apua-osaajapulaan\/"},"author":{"name":"P\u00e4ivi Ahlgren","@id":"https:\/\/teknologiateollisuus.fi\/healthtech\/#\/schema\/person\/964d40eb9a84d0edfc1989b7784ea950"},"headline":"Aalto PRO:n rekrytoivasta koulutuksesta apua osaajapulaan","datePublished":"2022-02-18T12:25:00+00:00","dateModified":"2024-07-08T11:31:27+00:00","mainEntityOfPage":{"@id":"https:\/\/teknologiateollisuus.fi\/healthtech\/aalto-pron-rekrytoivasta-koulutuksesta-apua-osaajapulaan\/"},"wordCount":243,"image":{"@id":"https:\/\/teknologiateollisuus.fi\/healthtech\/aalto-pron-rekrytoivasta-koulutuksesta-apua-osaajapulaan\/#primaryimage"},"thumbnailUrl":"https:\/\/teknologiateollisuus.fi\/healthtech\/wp-content\/uploads\/sites\/8\/2024\/07\/Aalto-Pro-IoT.png","articleSection":["Uutinen"],"inLanguage":"fi"},{"@type":"WebPage","@id":"https:\/\/teknologiateollisuus.fi\/healthtech\/aalto-pron-rekrytoivasta-koulutuksesta-apua-osaajapulaan\/","url":"https:\/\/teknologiateollisuus.fi\/healthtech\/aalto-pron-rekrytoivasta-koulutuksesta-apua-osaajapulaan\/","name":"Aalto PRO:n rekrytoivasta koulutuksesta apua osaajapulaan - Terveysteknologia","isPartOf":{"@id":"https:\/\/teknologiateollisuus.fi\/healthtech\/#website"},"primaryImageOfPage":{"@id":"https:\/\/teknologiateollisuus.fi\/healthtech\/aalto-pron-rekrytoivasta-koulutuksesta-apua-osaajapulaan\/#primaryimage"},"image":{"@id":"https:\/\/teknologiateollisuus.fi\/healthtech\/aalto-pron-rekrytoivasta-koulutuksesta-apua-osaajapulaan\/#primaryimage"},"thumbnailUrl":"https:\/\/teknologiateollisuus.fi\/healthtech\/wp-content\/uploads\/sites\/8\/2024\/07\/Aalto-Pro-IoT.png","datePublished":"2022-02-18T12:25:00+00:00","dateModified":"2024-07-08T11:31:27+00:00","author":{"@id":"https:\/\/teknologiateollisuus.fi\/healthtech\/#\/schema\/person\/964d40eb9a84d0edfc1989b7784ea950"},"breadcrumb":{"@id":"https:\/\/teknologiateollisuus.fi\/healthtech\/aalto-pron-rekrytoivasta-koulutuksesta-apua-osaajapulaan\/#breadcrumb"},"inLanguage":"fi","potentialAction":[{"@type":"ReadAction","target":["https:\/\/teknologiateollisuus.fi\/healthtech\/aalto-pron-rekrytoivasta-koulutuksesta-apua-osaajapulaan\/"]}]},{"@type":"ImageObject","inLanguage":"fi","@id":"https:\/\/teknologiateollisuus.fi\/healthtech\/aalto-pron-rekrytoivasta-koulutuksesta-apua-osaajapulaan\/#primaryimage","url":"https:\/\/teknologiateollisuus.fi\/healthtech\/wp-content\/uploads\/sites\/8\/2024\/07\/Aalto-Pro-IoT.png","contentUrl":"https:\/\/teknologiateollisuus.fi\/healthtech\/wp-content\/uploads\/sites\/8\/2024\/07\/Aalto-Pro-IoT.png","width":548,"height":350,"caption":"Aalto Pro IoT"},{"@type":"BreadcrumbList","@id":"https:\/\/teknologiateollisuus.fi\/healthtech\/aalto-pron-rekrytoivasta-koulutuksesta-apua-osaajapulaan\/#breadcrumb","itemListElement":[{"@type":"ListItem","position":1,"name":"Etusivu","item":"https:\/\/teknologiateollisuus.fi\/healthtech\/"},{"@type":"ListItem","position":2,"name":"Ajankohtaista","item":"https:\/\/teknologiateollisuus.fi\/healthtech\/ajankohtaista\/"},{"@type":"ListItem","position":3,"name":"Uutinen","item":"https:\/\/teknologiateollisuus.fi\/healthtech\/ajankohtaista\/?categories=14"},{"@type":"ListItem","position":4,"name":"Aalto PRO:n rekrytoivasta koulutuksesta apua osaajapulaan"}]},{"@type":"WebSite","@id":"https:\/\/teknologiateollisuus.fi\/healthtech\/#website","url":"https:\/\/teknologiateollisuus.fi\/healthtech\/","name":"Terveysteknologia","description":"","potentialAction":[{"@type":"SearchAction","target":{"@type":"EntryPoint","urlTemplate":"https:\/\/teknologiateollisuus.fi\/healthtech\/?s={search_term_string}"},"query-input":{"@type":"PropertyValueSpecification","valueRequired":true,"valueName":"search_term_string"}}],"inLanguage":"fi"},{"@type":"Person","@id":"https:\/\/teknologiateollisuus.fi\/healthtech\/#\/schema\/person\/964d40eb9a84d0edfc1989b7784ea950","name":"P\u00e4ivi Ahlgren","image":{"@type":"ImageObject","inLanguage":"fi","@id":"https:\/\/secure.gravatar.com\/avatar\/d49c8c4a3ac6bce6f1ed1a4445d5b60a53463c32cb6ebcf6e0375dcece39eaca?s=96&d=mm&r=g","url":"https:\/\/secure.gravatar.com\/avatar\/d49c8c4a3ac6bce6f1ed1a4445d5b60a53463c32cb6ebcf6e0375dcece39eaca?s=96&d=mm&r=g","contentUrl":"https:\/\/secure.gravatar.com\/avatar\/d49c8c4a3ac6bce6f1ed1a4445d5b60a53463c32cb6ebcf6e0375dcece39eaca?s=96&d=mm&r=g","caption":"P\u00e4ivi Ahlgren"}}]}},"lang":"fi","translations":{"fi":1206},"pll_sync_post":{},"_links":{"self":[{"href":"https:\/\/teknologiateollisuus.fi\/healthtech\/wp-json\/wp\/v2\/posts\/1206","targetHints":{"allow":["GET"]}}],"collection":[{"href":"https:\/\/teknologiateollisuus.fi\/healthtech\/wp-json\/wp\/v2\/posts"}],"about":[{"href":"https:\/\/teknologiateollisuus.fi\/healthtech\/wp-json\/wp\/v2\/types\/post"}],"author":[{"embeddable":true,"href":"https:\/\/teknologiateollisuus.fi\/healthtech\/wp-json\/wp\/v2\/users\/16"}],"replies":[{"embeddable":true,"href":"https:\/\/teknologiateollisuus.fi\/healthtech\/wp-json\/wp\/v2\/comments?post=1206"}],"version-history":[{"count":1,"href":"https:\/\/teknologiateollisuus.fi\/healthtech\/wp-json\/wp\/v2\/posts\/1206\/revisions"}],"predecessor-version":[{"id":1207,"href":"https:\/\/teknologiateollisuus.fi\/healthtech\/wp-json\/wp\/v2\/posts\/1206\/revisions\/1207"}],"wp:featuredmedia":[{"embeddable":true,"href":"https:\/\/teknologiateollisuus.fi\/healthtech\/wp-json\/wp\/v2\/media\/1003"}],"wp:attachment":[{"href":"https:\/\/teknologiateollisuus.fi\/healthtech\/wp-json\/wp\/v2\/media?parent=1206"}],"wp:term":[{"taxonomy":"category","embeddable":true,"href":"https:\/\/teknologiateollisuus.fi\/healthtech\/wp-json\/wp\/v2\/categories?post=1206"},{"taxonomy":"post_tag","embeddable":true,"href":"https:\/\/teknologiateollisuus.fi\/healthtech\/wp-json\/wp\/v2\/tags?post=1206"},{"taxonomy":"em_industry","embeddable":true,"href":"https:\/\/teknologiateollisuus.fi\/healthtech\/wp-json\/wp\/v2\/em_industry?post=1206"},{"taxonomy":"em_theme","embeddable":true,"href":"https:\/\/teknologiateollisuus.fi\/healthtech\/wp-json\/wp\/v2\/em_theme?post=1206"}],"curies":[{"name":"wp","href":"https:\/\/api.w.org\/{rel}","templated":true}]}}