{"id":1208,"date":"2022-03-01T14:58:00","date_gmt":"2022-03-01T12:58:00","guid":{"rendered":"https:\/\/teknologiateollisuus.fi\/healthtech\/?p=1208"},"modified":"2024-11-14T10:44:13","modified_gmt":"2024-11-14T08:44:13","slug":"hyodyllisia-pakotteisiin-liittyvia-tietolahteita-yrityksille","status":"publish","type":"post","link":"https:\/\/teknologiateollisuus.fi\/healthtech\/hyodyllisia-pakotteisiin-liittyvia-tietolahteita-yrityksille\/","title":{"rendered":"Hy\u00f6dyllisi\u00e4 pakotteisiin liittyvi\u00e4 tietol\u00e4hteit\u00e4 yrityksille"},"content":{"rendered":"\n<p>T\u00e4lt\u00e4 sivulta l\u00f6yd\u00e4t katsauksen yrityksille hy\u00f6dyllisist\u00e4 tietol\u00e4hteist\u00e4 Ven\u00e4j\u00e4lle asetettuja pakotteita koskien.<\/p>\n\n\n\n<h2 class=\"wp-block-heading\" id=\"ulkoministerio\">ULKOMINISTERI\u00d6<\/h2>\n\n\n\n<p><a href=\"https:\/\/eur01.safelinks.protection.outlook.com\/?url=https%3A%2F%2Fum.fi%2Fvientivalvontauutiset%2F-%2Fasset_publisher%2FygyQWQ1LWoQP%2Fcontent%2Fvientivalvontauutinen-uusia-pakotteita-ja-vientirajoituksia-venajalle%2F385035&amp;data=04%7C01%7Cantton.lounasheimo%40teknologiateollisuus.fi%7Ce5b8f5a57e0f4f65207108d9fb81d767%7Cf76946dcd9fc4b0882aadb1d2a9b8ed0%7C0%7C0%7C637817357343017377%7CUnknown%7CTWFpbGZsb3d8eyJWIjoiMC4wLjAwMDAiLCJQIjoiV2luMzIiLCJBTiI6Ik1haWwiLCJXVCI6Mn0%3D%7C3000&amp;sdata=j%2BQaXetUDoblZ%2F2Vdaz0KS00zAk%2BoWbm5S0mN5FPJaY%3D&amp;reserved=0\"><strong>Uusia pakotteita ja vientirajoituksia Ven\u00e4j\u00e4lle<\/strong><\/a><\/p>\n\n\n\n<p><a href=\"https:\/\/eur01.safelinks.protection.outlook.com\/?url=https%3A%2F%2Fum.fi%2Fmatkustustiedote%2F-%2Fc%2FRU&amp;data=04%7C01%7Cantton.lounasheimo%40teknologiateollisuus.fi%7Ce5b8f5a57e0f4f65207108d9fb81d767%7Cf76946dcd9fc4b0882aadb1d2a9b8ed0%7C0%7C0%7C637817357343017377%7CUnknown%7CTWFpbGZsb3d8eyJWIjoiMC4wLjAwMDAiLCJQIjoiV2luMzIiLCJBTiI6Ik1haWwiLCJXVCI6Mn0%3D%7C3000&amp;sdata=aJjGz8RX7T2Wq0VYY2Um1dvt7stKo9eu8P51PH%2FCqq8%3D&amp;reserved=0\"><strong>Matkustustiedote: Ven\u00e4j\u00e4<\/strong><\/a><strong>&nbsp;<\/strong><\/p>\n\n\n\n<p>27.2. p\u00e4ivitetyss\u00e4 matkustustiedotteessa kehotetaan v\u00e4ltt\u00e4m\u00e4\u00e4n kaikkea matkustamista maahan.&nbsp;<\/p>\n\n\n\n<p><a href=\"https:\/\/eur01.safelinks.protection.outlook.com\/?url=https%3A%2F%2Fum.fi%2Fpakotteet-maittain&amp;data=04%7C01%7Cantton.lounasheimo%40teknologiateollisuus.fi%7Ce5b8f5a57e0f4f65207108d9fb81d767%7Cf76946dcd9fc4b0882aadb1d2a9b8ed0%7C0%7C0%7C637817357343017377%7CUnknown%7CTWFpbGZsb3d8eyJWIjoiMC4wLjAwMDAiLCJQIjoiV2luMzIiLCJBTiI6Ik1haWwiLCJXVCI6Mn0%3D%7C3000&amp;sdata=9pQkedRYCfc2o4wf7RpjuDbsVY7TtRgIhVxb%2B60zGLQ%3D&amp;reserved=0\"><strong>Pakotteet maittain<\/strong><\/a><\/p>\n\n\n\n<p><a href=\"https:\/\/eur01.safelinks.protection.outlook.com\/?url=https%3A%2F%2Fum.fi%2Fpakotteet&amp;data=04%7C01%7Cantton.lounasheimo%40teknologiateollisuus.fi%7Ce5b8f5a57e0f4f65207108d9fb81d767%7Cf76946dcd9fc4b0882aadb1d2a9b8ed0%7C0%7C0%7C637817357343017377%7CUnknown%7CTWFpbGZsb3d8eyJWIjoiMC4wLjAwMDAiLCJQIjoiV2luMzIiLCJBTiI6Ik1haWwiLCJXVCI6Mn0%3D%7C3000&amp;sdata=0vuwaupSoeOIISaFJEaJsfrZIkCfhgEpH%2BYRfa1yM%2BU%3D&amp;reserved=0\"><strong>Lis\u00e4tietoja kansainv\u00e4lisist\u00e4 pakotteista<\/strong><\/a><\/p>\n\n\n\n<p><strong><a href=\"https:\/\/eur01.safelinks.protection.outlook.com\/?url=https%3A%2F%2Fek.fi%2Fajankohtaista%2Fuutiset%2Fukraina%2F&amp;data=04%7C01%7Cantton.lounasheimo%40teknologiateollisuus.fi%7Ce5b8f5a57e0f4f65207108d9fb81d767%7Cf76946dcd9fc4b0882aadb1d2a9b8ed0%7C0%7C0%7C637817357343017377%7CUnknown%7CTWFpbGZsb3d8eyJWIjoiMC4wLjAwMDAiLCJQIjoiV2luMzIiLCJBTiI6Ik1haWwiLCJXVCI6Mn0%3D%7C3000&amp;sdata=%2BK0d4y5Lk2jcdlYeCXD2qZbmq%2BFQtsfEOeOY1P4rsNo%3D&amp;reserved=0\">Elinkeinoel\u00e4m\u00e4n keskusliiton p\u00e4ivittyv\u00e4 uutinen koskien pakotteita<\/a>&nbsp;<\/strong><br>Sivulla on my\u00f6s tietoa EK:n j\u00e4rjest\u00e4mist\u00e4 info-tilaisuuksista sek\u00e4 pakote-klinikoista yrityksille.<\/p>\n","protected":false},"excerpt":{"rendered":"<p>T\u00e4lt\u00e4 sivulta l\u00f6yd\u00e4t katsauksen yrityksille hy\u00f6dyllisist\u00e4 tietol\u00e4hteist\u00e4 Ven\u00e4j\u00e4lle asetettuja pakotteita koskien. ULKOMINISTERI\u00d6 Uusia pakotteita ja vientirajoituksia Ven\u00e4j\u00e4lle Matkustustiedote: Ven\u00e4j\u00e4&nbsp; 27.2. p\u00e4ivitetyss\u00e4 matkustustiedotteessa kehotetaan v\u00e4ltt\u00e4m\u00e4\u00e4n kaikkea matkustamista maahan.&nbsp; Pakotteet maittain Lis\u00e4tietoja kansainv\u00e4lisist\u00e4 pakotteista Elinkeinoel\u00e4m\u00e4n keskusliiton p\u00e4ivittyv\u00e4 uutinen koskien pakotteita&nbsp;Sivulla on my\u00f6s tietoa EK:n j\u00e4rjest\u00e4mist\u00e4 info-tilaisuuksista sek\u00e4 pakote-klinikoista yrityksille.<\/p>\n","protected":false},"author":16,"featured_media":980,"comment_status":"closed","ping_status":"closed","sticky":false,"template":"","format":"standard","meta":{"_acf_changed":false,"_relevanssi_hide_post":"","_relevanssi_hide_content":"","_relevanssi_pin_for_all":"","_relevanssi_pin_keywords":"","_relevanssi_unpin_keywords":"","_relevanssi_related_keywords":"","_relevanssi_related_include_ids":"","_relevanssi_related_exclude_ids":"","_relevanssi_related_no_append":"","_relevanssi_related_not_related":"","_relevanssi_related_posts":"729,759,725,731,710,798","_relevanssi_noindex_reason":"","inline_featured_image":false,"footnotes":""},"categories":[14],"tags":[],"em_industry":[],"em_theme":[49],"class_list":["post-1208","post","type-post","status-publish","format-standard","has-post-thumbnail","hentry","category-uutinen","em_theme-vastuullisuus"],"acf":[],"yoast_head":"<!-- This site is optimized with the Yoast SEO Premium plugin v27.1 (Yoast SEO v27.5) - https:\/\/yoast.com\/product\/yoast-seo-premium-wordpress\/ -->\n<title>Hy\u00f6dyllisi\u00e4 pakotteisiin liittyvi\u00e4 tietol\u00e4hteit\u00e4 yrityksille - Terveysteknologia<\/title>\n<meta name=\"robots\" content=\"index, follow, max-snippet:-1, max-image-preview:large, max-video-preview:-1\" \/>\n<link rel=\"canonical\" href=\"https:\/\/teknologiateollisuus.fi\/healthtech\/hyodyllisia-pakotteisiin-liittyvia-tietolahteita-yrityksille\/\" \/>\n<meta property=\"og:locale\" content=\"fi_FI\" \/>\n<meta property=\"og:type\" content=\"article\" \/>\n<meta property=\"og:title\" content=\"Hy\u00f6dyllisi\u00e4 pakotteisiin liittyvi\u00e4 tietol\u00e4hteit\u00e4 yrityksille\" \/>\n<meta property=\"og:description\" content=\"T\u00e4lt\u00e4 sivulta l\u00f6yd\u00e4t katsauksen yrityksille hy\u00f6dyllisist\u00e4 tietol\u00e4hteist\u00e4 Ven\u00e4j\u00e4lle asetettuja pakotteita koskien. ULKOMINISTERI\u00d6 Uusia pakotteita ja vientirajoituksia Ven\u00e4j\u00e4lle Matkustustiedote: Ven\u00e4j\u00e4&nbsp; 27.2. p\u00e4ivitetyss\u00e4 matkustustiedotteessa kehotetaan v\u00e4ltt\u00e4m\u00e4\u00e4n kaikkea matkustamista maahan.&nbsp; Pakotteet maittain Lis\u00e4tietoja kansainv\u00e4lisist\u00e4 pakotteista Elinkeinoel\u00e4m\u00e4n keskusliiton p\u00e4ivittyv\u00e4 uutinen koskien pakotteita&nbsp;Sivulla on my\u00f6s tietoa EK:n j\u00e4rjest\u00e4mist\u00e4 info-tilaisuuksista sek\u00e4 pakote-klinikoista yrityksille.\" \/>\n<meta property=\"og:url\" content=\"https:\/\/teknologiateollisuus.fi\/healthtech\/hyodyllisia-pakotteisiin-liittyvia-tietolahteita-yrityksille\/\" \/>\n<meta property=\"og:site_name\" content=\"Terveysteknologia\" \/>\n<meta property=\"article:published_time\" content=\"2022-03-01T12:58:00+00:00\" \/>\n<meta property=\"article:modified_time\" content=\"2024-11-14T08:44:13+00:00\" \/>\n<meta property=\"og:image\" content=\"https:\/\/teknologiateollisuus.fi\/healthtech\/wp-content\/uploads\/sites\/8\/2024\/07\/Kuvituskuva-Ukrainan-lippu.jpg\" \/>\n\t<meta property=\"og:image:width\" content=\"525\" \/>\n\t<meta property=\"og:image:height\" content=\"350\" \/>\n\t<meta property=\"og:image:type\" content=\"image\/jpeg\" \/>\n<meta name=\"author\" content=\"P\u00e4ivi Ahlgren\" \/>\n<meta name=\"twitter:card\" content=\"summary_large_image\" \/>\n<meta name=\"twitter:label1\" content=\"Kirjoittanut\" \/>\n\t<meta name=\"twitter:data1\" content=\"P\u00e4ivi Ahlgren\" \/>\n\t<meta name=\"twitter:label2\" content=\"Arvioitu lukuaika\" \/>\n\t<meta name=\"twitter:data2\" content=\"1 minuutti\" \/>\n<script type=\"application\/ld+json\" class=\"yoast-schema-graph\">{\"@context\":\"https:\\\/\\\/schema.org\",\"@graph\":[{\"@type\":\"Article\",\"@id\":\"https:\\\/\\\/teknologiateollisuus.fi\\\/healthtech\\\/hyodyllisia-pakotteisiin-liittyvia-tietolahteita-yrityksille\\\/#article\",\"isPartOf\":{\"@id\":\"https:\\\/\\\/teknologiateollisuus.fi\\\/healthtech\\\/hyodyllisia-pakotteisiin-liittyvia-tietolahteita-yrityksille\\\/\"},\"author\":{\"name\":\"P\u00e4ivi Ahlgren\",\"@id\":\"https:\\\/\\\/teknologiateollisuus.fi\\\/healthtech\\\/#\\\/schema\\\/person\\\/964d40eb9a84d0edfc1989b7784ea950\"},\"headline\":\"Hy\u00f6dyllisi\u00e4 pakotteisiin liittyvi\u00e4 tietol\u00e4hteit\u00e4 yrityksille\",\"datePublished\":\"2022-03-01T12:58:00+00:00\",\"dateModified\":\"2024-11-14T08:44:13+00:00\",\"mainEntityOfPage\":{\"@id\":\"https:\\\/\\\/teknologiateollisuus.fi\\\/healthtech\\\/hyodyllisia-pakotteisiin-liittyvia-tietolahteita-yrityksille\\\/\"},\"wordCount\":80,\"image\":{\"@id\":\"https:\\\/\\\/teknologiateollisuus.fi\\\/healthtech\\\/hyodyllisia-pakotteisiin-liittyvia-tietolahteita-yrityksille\\\/#primaryimage\"},\"thumbnailUrl\":\"https:\\\/\\\/teknologiateollisuus.fi\\\/healthtech\\\/wp-content\\\/uploads\\\/sites\\\/8\\\/2024\\\/07\\\/Kuvituskuva-Ukrainan-lippu.jpg\",\"articleSection\":[\"Uutinen\"],\"inLanguage\":\"fi\"},{\"@type\":\"WebPage\",\"@id\":\"https:\\\/\\\/teknologiateollisuus.fi\\\/healthtech\\\/hyodyllisia-pakotteisiin-liittyvia-tietolahteita-yrityksille\\\/\",\"url\":\"https:\\\/\\\/teknologiateollisuus.fi\\\/healthtech\\\/hyodyllisia-pakotteisiin-liittyvia-tietolahteita-yrityksille\\\/\",\"name\":\"Hy\u00f6dyllisi\u00e4 pakotteisiin liittyvi\u00e4 tietol\u00e4hteit\u00e4 yrityksille - Terveysteknologia\",\"isPartOf\":{\"@id\":\"https:\\\/\\\/teknologiateollisuus.fi\\\/healthtech\\\/#website\"},\"primaryImageOfPage\":{\"@id\":\"https:\\\/\\\/teknologiateollisuus.fi\\\/healthtech\\\/hyodyllisia-pakotteisiin-liittyvia-tietolahteita-yrityksille\\\/#primaryimage\"},\"image\":{\"@id\":\"https:\\\/\\\/teknologiateollisuus.fi\\\/healthtech\\\/hyodyllisia-pakotteisiin-liittyvia-tietolahteita-yrityksille\\\/#primaryimage\"},\"thumbnailUrl\":\"https:\\\/\\\/teknologiateollisuus.fi\\\/healthtech\\\/wp-content\\\/uploads\\\/sites\\\/8\\\/2024\\\/07\\\/Kuvituskuva-Ukrainan-lippu.jpg\",\"datePublished\":\"2022-03-01T12:58:00+00:00\",\"dateModified\":\"2024-11-14T08:44:13+00:00\",\"author\":{\"@id\":\"https:\\\/\\\/teknologiateollisuus.fi\\\/healthtech\\\/#\\\/schema\\\/person\\\/964d40eb9a84d0edfc1989b7784ea950\"},\"breadcrumb\":{\"@id\":\"https:\\\/\\\/teknologiateollisuus.fi\\\/healthtech\\\/hyodyllisia-pakotteisiin-liittyvia-tietolahteita-yrityksille\\\/#breadcrumb\"},\"inLanguage\":\"fi\",\"potentialAction\":[{\"@type\":\"ReadAction\",\"target\":[\"https:\\\/\\\/teknologiateollisuus.fi\\\/healthtech\\\/hyodyllisia-pakotteisiin-liittyvia-tietolahteita-yrityksille\\\/\"]}]},{\"@type\":\"ImageObject\",\"inLanguage\":\"fi\",\"@id\":\"https:\\\/\\\/teknologiateollisuus.fi\\\/healthtech\\\/hyodyllisia-pakotteisiin-liittyvia-tietolahteita-yrityksille\\\/#primaryimage\",\"url\":\"https:\\\/\\\/teknologiateollisuus.fi\\\/healthtech\\\/wp-content\\\/uploads\\\/sites\\\/8\\\/2024\\\/07\\\/Kuvituskuva-Ukrainan-lippu.jpg\",\"contentUrl\":\"https:\\\/\\\/teknologiateollisuus.fi\\\/healthtech\\\/wp-content\\\/uploads\\\/sites\\\/8\\\/2024\\\/07\\\/Kuvituskuva-Ukrainan-lippu.jpg\",\"width\":525,\"height\":350,\"caption\":\"Kuvituskuva Ukrainan lippu\"},{\"@type\":\"BreadcrumbList\",\"@id\":\"https:\\\/\\\/teknologiateollisuus.fi\\\/healthtech\\\/hyodyllisia-pakotteisiin-liittyvia-tietolahteita-yrityksille\\\/#breadcrumb\",\"itemListElement\":[{\"@type\":\"ListItem\",\"position\":1,\"name\":\"Etusivu\",\"item\":\"https:\\\/\\\/teknologiateollisuus.fi\\\/healthtech\\\/\"},{\"@type\":\"ListItem\",\"position\":2,\"name\":\"Ajankohtaista\",\"item\":\"https:\\\/\\\/teknologiateollisuus.fi\\\/healthtech\\\/ajankohtaista\\\/\"},{\"@type\":\"ListItem\",\"position\":3,\"name\":\"Uutinen\",\"item\":\"https:\\\/\\\/teknologiateollisuus.fi\\\/healthtech\\\/ajankohtaista\\\/?categories=14\"},{\"@type\":\"ListItem\",\"position\":4,\"name\":\"Hy\u00f6dyllisi\u00e4 pakotteisiin liittyvi\u00e4 tietol\u00e4hteit\u00e4 yrityksille\"}]},{\"@type\":\"WebSite\",\"@id\":\"https:\\\/\\\/teknologiateollisuus.fi\\\/healthtech\\\/#website\",\"url\":\"https:\\\/\\\/teknologiateollisuus.fi\\\/healthtech\\\/\",\"name\":\"Terveysteknologia\",\"description\":\"\",\"potentialAction\":[{\"@type\":\"SearchAction\",\"target\":{\"@type\":\"EntryPoint\",\"urlTemplate\":\"https:\\\/\\\/teknologiateollisuus.fi\\\/healthtech\\\/?s={search_term_string}\"},\"query-input\":{\"@type\":\"PropertyValueSpecification\",\"valueRequired\":true,\"valueName\":\"search_term_string\"}}],\"inLanguage\":\"fi\"},{\"@type\":\"Person\",\"@id\":\"https:\\\/\\\/teknologiateollisuus.fi\\\/healthtech\\\/#\\\/schema\\\/person\\\/964d40eb9a84d0edfc1989b7784ea950\",\"name\":\"P\u00e4ivi Ahlgren\",\"image\":{\"@type\":\"ImageObject\",\"inLanguage\":\"fi\",\"@id\":\"https:\\\/\\\/secure.gravatar.com\\\/avatar\\\/d49c8c4a3ac6bce6f1ed1a4445d5b60a53463c32cb6ebcf6e0375dcece39eaca?s=96&d=mm&r=g\",\"url\":\"https:\\\/\\\/secure.gravatar.com\\\/avatar\\\/d49c8c4a3ac6bce6f1ed1a4445d5b60a53463c32cb6ebcf6e0375dcece39eaca?s=96&d=mm&r=g\",\"contentUrl\":\"https:\\\/\\\/secure.gravatar.com\\\/avatar\\\/d49c8c4a3ac6bce6f1ed1a4445d5b60a53463c32cb6ebcf6e0375dcece39eaca?s=96&d=mm&r=g\",\"caption\":\"P\u00e4ivi Ahlgren\"}}]}<\/script>\n<!-- \/ Yoast SEO Premium plugin. -->","yoast_head_json":{"title":"Hy\u00f6dyllisi\u00e4 pakotteisiin liittyvi\u00e4 tietol\u00e4hteit\u00e4 yrityksille - Terveysteknologia","robots":{"index":"index","follow":"follow","max-snippet":"max-snippet:-1","max-image-preview":"max-image-preview:large","max-video-preview":"max-video-preview:-1"},"canonical":"https:\/\/teknologiateollisuus.fi\/healthtech\/hyodyllisia-pakotteisiin-liittyvia-tietolahteita-yrityksille\/","og_locale":"fi_FI","og_type":"article","og_title":"Hy\u00f6dyllisi\u00e4 pakotteisiin liittyvi\u00e4 tietol\u00e4hteit\u00e4 yrityksille","og_description":"T\u00e4lt\u00e4 sivulta l\u00f6yd\u00e4t katsauksen yrityksille hy\u00f6dyllisist\u00e4 tietol\u00e4hteist\u00e4 Ven\u00e4j\u00e4lle asetettuja pakotteita koskien. ULKOMINISTERI\u00d6 Uusia pakotteita ja vientirajoituksia Ven\u00e4j\u00e4lle Matkustustiedote: Ven\u00e4j\u00e4&nbsp; 27.2. p\u00e4ivitetyss\u00e4 matkustustiedotteessa kehotetaan v\u00e4ltt\u00e4m\u00e4\u00e4n kaikkea matkustamista maahan.&nbsp; Pakotteet maittain Lis\u00e4tietoja kansainv\u00e4lisist\u00e4 pakotteista Elinkeinoel\u00e4m\u00e4n keskusliiton p\u00e4ivittyv\u00e4 uutinen koskien pakotteita&nbsp;Sivulla on my\u00f6s tietoa EK:n j\u00e4rjest\u00e4mist\u00e4 info-tilaisuuksista sek\u00e4 pakote-klinikoista yrityksille.","og_url":"https:\/\/teknologiateollisuus.fi\/healthtech\/hyodyllisia-pakotteisiin-liittyvia-tietolahteita-yrityksille\/","og_site_name":"Terveysteknologia","article_published_time":"2022-03-01T12:58:00+00:00","article_modified_time":"2024-11-14T08:44:13+00:00","og_image":[{"width":525,"height":350,"url":"https:\/\/teknologiateollisuus.fi\/healthtech\/wp-content\/uploads\/sites\/8\/2024\/07\/Kuvituskuva-Ukrainan-lippu.jpg","type":"image\/jpeg"}],"author":"P\u00e4ivi Ahlgren","twitter_card":"summary_large_image","twitter_misc":{"Kirjoittanut":"P\u00e4ivi Ahlgren","Arvioitu lukuaika":"1 minuutti"},"schema":{"@context":"https:\/\/schema.org","@graph":[{"@type":"Article","@id":"https:\/\/teknologiateollisuus.fi\/healthtech\/hyodyllisia-pakotteisiin-liittyvia-tietolahteita-yrityksille\/#article","isPartOf":{"@id":"https:\/\/teknologiateollisuus.fi\/healthtech\/hyodyllisia-pakotteisiin-liittyvia-tietolahteita-yrityksille\/"},"author":{"name":"P\u00e4ivi Ahlgren","@id":"https:\/\/teknologiateollisuus.fi\/healthtech\/#\/schema\/person\/964d40eb9a84d0edfc1989b7784ea950"},"headline":"Hy\u00f6dyllisi\u00e4 pakotteisiin liittyvi\u00e4 tietol\u00e4hteit\u00e4 yrityksille","datePublished":"2022-03-01T12:58:00+00:00","dateModified":"2024-11-14T08:44:13+00:00","mainEntityOfPage":{"@id":"https:\/\/teknologiateollisuus.fi\/healthtech\/hyodyllisia-pakotteisiin-liittyvia-tietolahteita-yrityksille\/"},"wordCount":80,"image":{"@id":"https:\/\/teknologiateollisuus.fi\/healthtech\/hyodyllisia-pakotteisiin-liittyvia-tietolahteita-yrityksille\/#primaryimage"},"thumbnailUrl":"https:\/\/teknologiateollisuus.fi\/healthtech\/wp-content\/uploads\/sites\/8\/2024\/07\/Kuvituskuva-Ukrainan-lippu.jpg","articleSection":["Uutinen"],"inLanguage":"fi"},{"@type":"WebPage","@id":"https:\/\/teknologiateollisuus.fi\/healthtech\/hyodyllisia-pakotteisiin-liittyvia-tietolahteita-yrityksille\/","url":"https:\/\/teknologiateollisuus.fi\/healthtech\/hyodyllisia-pakotteisiin-liittyvia-tietolahteita-yrityksille\/","name":"Hy\u00f6dyllisi\u00e4 pakotteisiin liittyvi\u00e4 tietol\u00e4hteit\u00e4 yrityksille - Terveysteknologia","isPartOf":{"@id":"https:\/\/teknologiateollisuus.fi\/healthtech\/#website"},"primaryImageOfPage":{"@id":"https:\/\/teknologiateollisuus.fi\/healthtech\/hyodyllisia-pakotteisiin-liittyvia-tietolahteita-yrityksille\/#primaryimage"},"image":{"@id":"https:\/\/teknologiateollisuus.fi\/healthtech\/hyodyllisia-pakotteisiin-liittyvia-tietolahteita-yrityksille\/#primaryimage"},"thumbnailUrl":"https:\/\/teknologiateollisuus.fi\/healthtech\/wp-content\/uploads\/sites\/8\/2024\/07\/Kuvituskuva-Ukrainan-lippu.jpg","datePublished":"2022-03-01T12:58:00+00:00","dateModified":"2024-11-14T08:44:13+00:00","author":{"@id":"https:\/\/teknologiateollisuus.fi\/healthtech\/#\/schema\/person\/964d40eb9a84d0edfc1989b7784ea950"},"breadcrumb":{"@id":"https:\/\/teknologiateollisuus.fi\/healthtech\/hyodyllisia-pakotteisiin-liittyvia-tietolahteita-yrityksille\/#breadcrumb"},"inLanguage":"fi","potentialAction":[{"@type":"ReadAction","target":["https:\/\/teknologiateollisuus.fi\/healthtech\/hyodyllisia-pakotteisiin-liittyvia-tietolahteita-yrityksille\/"]}]},{"@type":"ImageObject","inLanguage":"fi","@id":"https:\/\/teknologiateollisuus.fi\/healthtech\/hyodyllisia-pakotteisiin-liittyvia-tietolahteita-yrityksille\/#primaryimage","url":"https:\/\/teknologiateollisuus.fi\/healthtech\/wp-content\/uploads\/sites\/8\/2024\/07\/Kuvituskuva-Ukrainan-lippu.jpg","contentUrl":"https:\/\/teknologiateollisuus.fi\/healthtech\/wp-content\/uploads\/sites\/8\/2024\/07\/Kuvituskuva-Ukrainan-lippu.jpg","width":525,"height":350,"caption":"Kuvituskuva Ukrainan lippu"},{"@type":"BreadcrumbList","@id":"https:\/\/teknologiateollisuus.fi\/healthtech\/hyodyllisia-pakotteisiin-liittyvia-tietolahteita-yrityksille\/#breadcrumb","itemListElement":[{"@type":"ListItem","position":1,"name":"Etusivu","item":"https:\/\/teknologiateollisuus.fi\/healthtech\/"},{"@type":"ListItem","position":2,"name":"Ajankohtaista","item":"https:\/\/teknologiateollisuus.fi\/healthtech\/ajankohtaista\/"},{"@type":"ListItem","position":3,"name":"Uutinen","item":"https:\/\/teknologiateollisuus.fi\/healthtech\/ajankohtaista\/?categories=14"},{"@type":"ListItem","position":4,"name":"Hy\u00f6dyllisi\u00e4 pakotteisiin liittyvi\u00e4 tietol\u00e4hteit\u00e4 yrityksille"}]},{"@type":"WebSite","@id":"https:\/\/teknologiateollisuus.fi\/healthtech\/#website","url":"https:\/\/teknologiateollisuus.fi\/healthtech\/","name":"Terveysteknologia","description":"","potentialAction":[{"@type":"SearchAction","target":{"@type":"EntryPoint","urlTemplate":"https:\/\/teknologiateollisuus.fi\/healthtech\/?s={search_term_string}"},"query-input":{"@type":"PropertyValueSpecification","valueRequired":true,"valueName":"search_term_string"}}],"inLanguage":"fi"},{"@type":"Person","@id":"https:\/\/teknologiateollisuus.fi\/healthtech\/#\/schema\/person\/964d40eb9a84d0edfc1989b7784ea950","name":"P\u00e4ivi Ahlgren","image":{"@type":"ImageObject","inLanguage":"fi","@id":"https:\/\/secure.gravatar.com\/avatar\/d49c8c4a3ac6bce6f1ed1a4445d5b60a53463c32cb6ebcf6e0375dcece39eaca?s=96&d=mm&r=g","url":"https:\/\/secure.gravatar.com\/avatar\/d49c8c4a3ac6bce6f1ed1a4445d5b60a53463c32cb6ebcf6e0375dcece39eaca?s=96&d=mm&r=g","contentUrl":"https:\/\/secure.gravatar.com\/avatar\/d49c8c4a3ac6bce6f1ed1a4445d5b60a53463c32cb6ebcf6e0375dcece39eaca?s=96&d=mm&r=g","caption":"P\u00e4ivi Ahlgren"}}]}},"lang":"fi","translations":{"fi":1208},"pll_sync_post":{},"_links":{"self":[{"href":"https:\/\/teknologiateollisuus.fi\/healthtech\/wp-json\/wp\/v2\/posts\/1208","targetHints":{"allow":["GET"]}}],"collection":[{"href":"https:\/\/teknologiateollisuus.fi\/healthtech\/wp-json\/wp\/v2\/posts"}],"about":[{"href":"https:\/\/teknologiateollisuus.fi\/healthtech\/wp-json\/wp\/v2\/types\/post"}],"author":[{"embeddable":true,"href":"https:\/\/teknologiateollisuus.fi\/healthtech\/wp-json\/wp\/v2\/users\/16"}],"replies":[{"embeddable":true,"href":"https:\/\/teknologiateollisuus.fi\/healthtech\/wp-json\/wp\/v2\/comments?post=1208"}],"version-history":[{"count":2,"href":"https:\/\/teknologiateollisuus.fi\/healthtech\/wp-json\/wp\/v2\/posts\/1208\/revisions"}],"predecessor-version":[{"id":3743,"href":"https:\/\/teknologiateollisuus.fi\/healthtech\/wp-json\/wp\/v2\/posts\/1208\/revisions\/3743"}],"wp:featuredmedia":[{"embeddable":true,"href":"https:\/\/teknologiateollisuus.fi\/healthtech\/wp-json\/wp\/v2\/media\/980"}],"wp:attachment":[{"href":"https:\/\/teknologiateollisuus.fi\/healthtech\/wp-json\/wp\/v2\/media?parent=1208"}],"wp:term":[{"taxonomy":"category","embeddable":true,"href":"https:\/\/teknologiateollisuus.fi\/healthtech\/wp-json\/wp\/v2\/categories?post=1208"},{"taxonomy":"post_tag","embeddable":true,"href":"https:\/\/teknologiateollisuus.fi\/healthtech\/wp-json\/wp\/v2\/tags?post=1208"},{"taxonomy":"em_industry","embeddable":true,"href":"https:\/\/teknologiateollisuus.fi\/healthtech\/wp-json\/wp\/v2\/em_industry?post=1208"},{"taxonomy":"em_theme","embeddable":true,"href":"https:\/\/teknologiateollisuus.fi\/healthtech\/wp-json\/wp\/v2\/em_theme?post=1208"}],"curies":[{"name":"wp","href":"https:\/\/api.w.org\/{rel}","templated":true}]}}