{"id":1284,"date":"2022-08-25T14:12:00","date_gmt":"2022-08-25T11:12:00","guid":{"rendered":"https:\/\/teknologiateollisuus.fi\/healthtech\/?p=1284"},"modified":"2024-11-14T10:49:31","modified_gmt":"2024-11-14T08:49:31","slug":"laakinnallisten-laitteiden-valvontamaksut-lahtevat-toimijoille-elo-syyskuun-vaihteessa","status":"publish","type":"post","link":"https:\/\/teknologiateollisuus.fi\/healthtech\/laakinnallisten-laitteiden-valvontamaksut-lahtevat-toimijoille-elo-syyskuun-vaihteessa\/","title":{"rendered":"L\u00e4\u00e4kinn\u00e4llisten laitteiden valvontamaksut l\u00e4htev\u00e4t toimijoille elo-syyskuun vaihteessa"},"content":{"rendered":"\n<p>Laki l\u00e4\u00e4kinn\u00e4llisist\u00e4 laitteista (719\/2021) tuli voimaan 19.7.2021 ja sen 50 \u00a7:n mukaisesti Fimea perii Fimean rekisteriss\u00e4 olevilta l\u00e4\u00e4kinn\u00e4llisten laitteiden toimijoilta valvontamaksun. Valvontamaksu perit\u00e4\u00e4n jokaiselta rekister\u00f6idylt\u00e4 roolilta erikseen.<\/p>\n\n\n\n<p>Valvontamaksujen laskut l\u00e4hetet\u00e4\u00e4n ensimm\u00e4isen kerran toimijoille elo-syyskuun vaihteessa 2022.<\/p>\n\n\n\n<p>L\u00e4hetett\u00e4v\u00e4 valvontamaksu perustuu muutamaa poikkeusta lukuun ottamatta vuoden 2021 lopussa ilmoitettujen laitteiden lukum\u00e4\u00e4r\u00e4\u00e4n seuraavasti:<\/p>\n\n\n\n<ul class=\"wp-block-list\">\n<li>korkeintaan 10 laitetta 500 euroa<\/li>\n\n\n\n<li>11\u201350 laitetta 1 000 euroa<\/li>\n\n\n\n<li>51\u2013100 laitetta 2 000 euroa<\/li>\n\n\n\n<li>101\u2013500 laitetta 4 000 euroa<\/li>\n\n\n\n<li>yli 500 laitetta 6 000 euroa<\/li>\n<\/ul>\n\n\n\n<p>Poikkeuksena ovat jakelija sek\u00e4 sterilointipalvelun tuottaja.&nbsp; T\u00e4n\u00e4 vuonna jakelijalta perit\u00e4\u00e4n 500 euron valvontamaksu ja sterilointipalvelujen tuottajalta 1 000 euron valvontamaksu.<\/p>\n\n\n\n<p>Valvontamaksulla katetaan MD- ja IVD-asetusten my\u00f6t\u00e4 lis\u00e4\u00e4ntyneit\u00e4 l\u00e4\u00e4kinn\u00e4llisten laitteiden lakis\u00e4\u00e4teisten viranomaisteht\u00e4vien kustannuksia.<\/p>\n\n\n\n<p><a href=\"https:\/\/fimea.fi\/-\/laakinnallisten-laitteiden-valvontamaksut-lahtevat-toimijoille-elo-syyskuun-vaihteessa\" target=\"_blank\" rel=\"noreferrer noopener\">Linkki Fimean uutiseen<\/a><\/p>\n","protected":false},"excerpt":{"rendered":"<p>Laki l\u00e4\u00e4kinn\u00e4llisist\u00e4 laitteista (719\/2021) tuli voimaan 19.7.2021 ja sen 50 \u00a7:n mukaisesti Fimea perii Fimean rekisteriss\u00e4 olevilta l\u00e4\u00e4kinn\u00e4llisten laitteiden toimijoilta valvontamaksun. Valvontamaksu perit\u00e4\u00e4n jokaiselta rekister\u00f6idylt\u00e4 roolilta erikseen. Valvontamaksujen laskut l\u00e4hetet\u00e4\u00e4n ensimm\u00e4isen kerran toimijoille elo-syyskuun vaihteessa 2022. L\u00e4hetett\u00e4v\u00e4 valvontamaksu perustuu muutamaa poikkeusta lukuun ottamatta vuoden 2021 lopussa ilmoitettujen laitteiden lukum\u00e4\u00e4r\u00e4\u00e4n seuraavasti: Poikkeuksena ovat jakelija sek\u00e4 sterilointipalvelun [&hellip;]<\/p>\n","protected":false},"author":16,"featured_media":220,"comment_status":"closed","ping_status":"closed","sticky":false,"template":"","format":"standard","meta":{"_acf_changed":false,"_relevanssi_hide_post":"","_relevanssi_hide_content":"","_relevanssi_pin_for_all":"","_relevanssi_pin_keywords":"","_relevanssi_unpin_keywords":"","_relevanssi_related_keywords":"","_relevanssi_related_include_ids":"","_relevanssi_related_exclude_ids":"","_relevanssi_related_no_append":"","_relevanssi_related_not_related":"","_relevanssi_related_posts":"1071,833,852,1067,1075,921","_relevanssi_noindex_reason":"","inline_featured_image":false,"footnotes":""},"categories":[14],"tags":[],"em_industry":[],"em_theme":[48],"class_list":["post-1284","post","type-post","status-publish","format-standard","has-post-thumbnail","hentry","category-uutinen","em_theme-lainsaadanto"],"acf":[],"yoast_head":"<!-- This site is optimized with the Yoast SEO Premium plugin v27.1 (Yoast SEO v27.5) - https:\/\/yoast.com\/product\/yoast-seo-premium-wordpress\/ -->\n<title>L\u00e4\u00e4kinn\u00e4llisten laitteiden valvontamaksut l\u00e4htev\u00e4t toimijoille elo-syyskuun vaihteessa - Terveysteknologia<\/title>\n<meta name=\"robots\" content=\"index, follow, max-snippet:-1, max-image-preview:large, max-video-preview:-1\" \/>\n<link rel=\"canonical\" href=\"https:\/\/teknologiateollisuus.fi\/healthtech\/laakinnallisten-laitteiden-valvontamaksut-lahtevat-toimijoille-elo-syyskuun-vaihteessa\/\" \/>\n<meta property=\"og:locale\" content=\"fi_FI\" \/>\n<meta property=\"og:type\" content=\"article\" \/>\n<meta property=\"og:title\" content=\"L\u00e4\u00e4kinn\u00e4llisten laitteiden valvontamaksut l\u00e4htev\u00e4t toimijoille elo-syyskuun vaihteessa\" \/>\n<meta property=\"og:description\" content=\"Laki l\u00e4\u00e4kinn\u00e4llisist\u00e4 laitteista (719\/2021) tuli voimaan 19.7.2021 ja sen 50 \u00a7:n mukaisesti Fimea perii Fimean rekisteriss\u00e4 olevilta l\u00e4\u00e4kinn\u00e4llisten laitteiden toimijoilta valvontamaksun. Valvontamaksu perit\u00e4\u00e4n jokaiselta rekister\u00f6idylt\u00e4 roolilta erikseen. Valvontamaksujen laskut l\u00e4hetet\u00e4\u00e4n ensimm\u00e4isen kerran toimijoille elo-syyskuun vaihteessa 2022. L\u00e4hetett\u00e4v\u00e4 valvontamaksu perustuu muutamaa poikkeusta lukuun ottamatta vuoden 2021 lopussa ilmoitettujen laitteiden lukum\u00e4\u00e4r\u00e4\u00e4n seuraavasti: Poikkeuksena ovat jakelija sek\u00e4 sterilointipalvelun [&hellip;]\" \/>\n<meta property=\"og:url\" content=\"https:\/\/teknologiateollisuus.fi\/healthtech\/laakinnallisten-laitteiden-valvontamaksut-lahtevat-toimijoille-elo-syyskuun-vaihteessa\/\" \/>\n<meta property=\"og:site_name\" content=\"Terveysteknologia\" \/>\n<meta property=\"article:published_time\" content=\"2022-08-25T11:12:00+00:00\" \/>\n<meta property=\"article:modified_time\" content=\"2024-11-14T08:49:31+00:00\" \/>\n<meta property=\"og:image\" content=\"https:\/\/teknologiateollisuus.fi\/healthtech\/wp-content\/uploads\/sites\/8\/2024\/06\/Kuvituskuva-laboratorio-2.jpg\" \/>\n\t<meta property=\"og:image:width\" content=\"1920\" \/>\n\t<meta property=\"og:image:height\" content=\"1287\" \/>\n\t<meta property=\"og:image:type\" content=\"image\/jpeg\" \/>\n<meta name=\"author\" content=\"P\u00e4ivi Ahlgren\" \/>\n<meta name=\"twitter:card\" content=\"summary_large_image\" \/>\n<meta name=\"twitter:label1\" content=\"Kirjoittanut\" \/>\n\t<meta name=\"twitter:data1\" content=\"P\u00e4ivi Ahlgren\" \/>\n\t<meta name=\"twitter:label2\" content=\"Arvioitu lukuaika\" \/>\n\t<meta name=\"twitter:data2\" content=\"1 minuutti\" \/>\n<script type=\"application\/ld+json\" class=\"yoast-schema-graph\">{\"@context\":\"https:\\\/\\\/schema.org\",\"@graph\":[{\"@type\":\"Article\",\"@id\":\"https:\\\/\\\/teknologiateollisuus.fi\\\/healthtech\\\/laakinnallisten-laitteiden-valvontamaksut-lahtevat-toimijoille-elo-syyskuun-vaihteessa\\\/#article\",\"isPartOf\":{\"@id\":\"https:\\\/\\\/teknologiateollisuus.fi\\\/healthtech\\\/laakinnallisten-laitteiden-valvontamaksut-lahtevat-toimijoille-elo-syyskuun-vaihteessa\\\/\"},\"author\":{\"name\":\"P\u00e4ivi Ahlgren\",\"@id\":\"https:\\\/\\\/teknologiateollisuus.fi\\\/healthtech\\\/#\\\/schema\\\/person\\\/964d40eb9a84d0edfc1989b7784ea950\"},\"headline\":\"L\u00e4\u00e4kinn\u00e4llisten laitteiden valvontamaksut l\u00e4htev\u00e4t toimijoille elo-syyskuun vaihteessa\",\"datePublished\":\"2022-08-25T11:12:00+00:00\",\"dateModified\":\"2024-11-14T08:49:31+00:00\",\"mainEntityOfPage\":{\"@id\":\"https:\\\/\\\/teknologiateollisuus.fi\\\/healthtech\\\/laakinnallisten-laitteiden-valvontamaksut-lahtevat-toimijoille-elo-syyskuun-vaihteessa\\\/\"},\"wordCount\":122,\"image\":{\"@id\":\"https:\\\/\\\/teknologiateollisuus.fi\\\/healthtech\\\/laakinnallisten-laitteiden-valvontamaksut-lahtevat-toimijoille-elo-syyskuun-vaihteessa\\\/#primaryimage\"},\"thumbnailUrl\":\"https:\\\/\\\/teknologiateollisuus.fi\\\/healthtech\\\/wp-content\\\/uploads\\\/sites\\\/8\\\/2024\\\/06\\\/Kuvituskuva-laboratorio-2.jpg\",\"articleSection\":[\"Uutinen\"],\"inLanguage\":\"fi\"},{\"@type\":\"WebPage\",\"@id\":\"https:\\\/\\\/teknologiateollisuus.fi\\\/healthtech\\\/laakinnallisten-laitteiden-valvontamaksut-lahtevat-toimijoille-elo-syyskuun-vaihteessa\\\/\",\"url\":\"https:\\\/\\\/teknologiateollisuus.fi\\\/healthtech\\\/laakinnallisten-laitteiden-valvontamaksut-lahtevat-toimijoille-elo-syyskuun-vaihteessa\\\/\",\"name\":\"L\u00e4\u00e4kinn\u00e4llisten laitteiden valvontamaksut l\u00e4htev\u00e4t toimijoille elo-syyskuun vaihteessa - Terveysteknologia\",\"isPartOf\":{\"@id\":\"https:\\\/\\\/teknologiateollisuus.fi\\\/healthtech\\\/#website\"},\"primaryImageOfPage\":{\"@id\":\"https:\\\/\\\/teknologiateollisuus.fi\\\/healthtech\\\/laakinnallisten-laitteiden-valvontamaksut-lahtevat-toimijoille-elo-syyskuun-vaihteessa\\\/#primaryimage\"},\"image\":{\"@id\":\"https:\\\/\\\/teknologiateollisuus.fi\\\/healthtech\\\/laakinnallisten-laitteiden-valvontamaksut-lahtevat-toimijoille-elo-syyskuun-vaihteessa\\\/#primaryimage\"},\"thumbnailUrl\":\"https:\\\/\\\/teknologiateollisuus.fi\\\/healthtech\\\/wp-content\\\/uploads\\\/sites\\\/8\\\/2024\\\/06\\\/Kuvituskuva-laboratorio-2.jpg\",\"datePublished\":\"2022-08-25T11:12:00+00:00\",\"dateModified\":\"2024-11-14T08:49:31+00:00\",\"author\":{\"@id\":\"https:\\\/\\\/teknologiateollisuus.fi\\\/healthtech\\\/#\\\/schema\\\/person\\\/964d40eb9a84d0edfc1989b7784ea950\"},\"breadcrumb\":{\"@id\":\"https:\\\/\\\/teknologiateollisuus.fi\\\/healthtech\\\/laakinnallisten-laitteiden-valvontamaksut-lahtevat-toimijoille-elo-syyskuun-vaihteessa\\\/#breadcrumb\"},\"inLanguage\":\"fi\",\"potentialAction\":[{\"@type\":\"ReadAction\",\"target\":[\"https:\\\/\\\/teknologiateollisuus.fi\\\/healthtech\\\/laakinnallisten-laitteiden-valvontamaksut-lahtevat-toimijoille-elo-syyskuun-vaihteessa\\\/\"]}]},{\"@type\":\"ImageObject\",\"inLanguage\":\"fi\",\"@id\":\"https:\\\/\\\/teknologiateollisuus.fi\\\/healthtech\\\/laakinnallisten-laitteiden-valvontamaksut-lahtevat-toimijoille-elo-syyskuun-vaihteessa\\\/#primaryimage\",\"url\":\"https:\\\/\\\/teknologiateollisuus.fi\\\/healthtech\\\/wp-content\\\/uploads\\\/sites\\\/8\\\/2024\\\/06\\\/Kuvituskuva-laboratorio-2.jpg\",\"contentUrl\":\"https:\\\/\\\/teknologiateollisuus.fi\\\/healthtech\\\/wp-content\\\/uploads\\\/sites\\\/8\\\/2024\\\/06\\\/Kuvituskuva-laboratorio-2.jpg\",\"width\":1920,\"height\":1287,\"caption\":\"Kuvituskuva laboratorio 2\"},{\"@type\":\"BreadcrumbList\",\"@id\":\"https:\\\/\\\/teknologiateollisuus.fi\\\/healthtech\\\/laakinnallisten-laitteiden-valvontamaksut-lahtevat-toimijoille-elo-syyskuun-vaihteessa\\\/#breadcrumb\",\"itemListElement\":[{\"@type\":\"ListItem\",\"position\":1,\"name\":\"Etusivu\",\"item\":\"https:\\\/\\\/teknologiateollisuus.fi\\\/healthtech\\\/\"},{\"@type\":\"ListItem\",\"position\":2,\"name\":\"Ajankohtaista\",\"item\":\"https:\\\/\\\/teknologiateollisuus.fi\\\/healthtech\\\/ajankohtaista\\\/\"},{\"@type\":\"ListItem\",\"position\":3,\"name\":\"Uutinen\",\"item\":\"https:\\\/\\\/teknologiateollisuus.fi\\\/healthtech\\\/ajankohtaista\\\/?categories=14\"},{\"@type\":\"ListItem\",\"position\":4,\"name\":\"L\u00e4\u00e4kinn\u00e4llisten laitteiden valvontamaksut l\u00e4htev\u00e4t toimijoille elo-syyskuun vaihteessa\"}]},{\"@type\":\"WebSite\",\"@id\":\"https:\\\/\\\/teknologiateollisuus.fi\\\/healthtech\\\/#website\",\"url\":\"https:\\\/\\\/teknologiateollisuus.fi\\\/healthtech\\\/\",\"name\":\"Terveysteknologia\",\"description\":\"\",\"potentialAction\":[{\"@type\":\"SearchAction\",\"target\":{\"@type\":\"EntryPoint\",\"urlTemplate\":\"https:\\\/\\\/teknologiateollisuus.fi\\\/healthtech\\\/?s={search_term_string}\"},\"query-input\":{\"@type\":\"PropertyValueSpecification\",\"valueRequired\":true,\"valueName\":\"search_term_string\"}}],\"inLanguage\":\"fi\"},{\"@type\":\"Person\",\"@id\":\"https:\\\/\\\/teknologiateollisuus.fi\\\/healthtech\\\/#\\\/schema\\\/person\\\/964d40eb9a84d0edfc1989b7784ea950\",\"name\":\"P\u00e4ivi Ahlgren\",\"image\":{\"@type\":\"ImageObject\",\"inLanguage\":\"fi\",\"@id\":\"https:\\\/\\\/secure.gravatar.com\\\/avatar\\\/d49c8c4a3ac6bce6f1ed1a4445d5b60a53463c32cb6ebcf6e0375dcece39eaca?s=96&d=mm&r=g\",\"url\":\"https:\\\/\\\/secure.gravatar.com\\\/avatar\\\/d49c8c4a3ac6bce6f1ed1a4445d5b60a53463c32cb6ebcf6e0375dcece39eaca?s=96&d=mm&r=g\",\"contentUrl\":\"https:\\\/\\\/secure.gravatar.com\\\/avatar\\\/d49c8c4a3ac6bce6f1ed1a4445d5b60a53463c32cb6ebcf6e0375dcece39eaca?s=96&d=mm&r=g\",\"caption\":\"P\u00e4ivi Ahlgren\"}}]}<\/script>\n<!-- \/ Yoast SEO Premium plugin. -->","yoast_head_json":{"title":"L\u00e4\u00e4kinn\u00e4llisten laitteiden valvontamaksut l\u00e4htev\u00e4t toimijoille elo-syyskuun vaihteessa - Terveysteknologia","robots":{"index":"index","follow":"follow","max-snippet":"max-snippet:-1","max-image-preview":"max-image-preview:large","max-video-preview":"max-video-preview:-1"},"canonical":"https:\/\/teknologiateollisuus.fi\/healthtech\/laakinnallisten-laitteiden-valvontamaksut-lahtevat-toimijoille-elo-syyskuun-vaihteessa\/","og_locale":"fi_FI","og_type":"article","og_title":"L\u00e4\u00e4kinn\u00e4llisten laitteiden valvontamaksut l\u00e4htev\u00e4t toimijoille elo-syyskuun vaihteessa","og_description":"Laki l\u00e4\u00e4kinn\u00e4llisist\u00e4 laitteista (719\/2021) tuli voimaan 19.7.2021 ja sen 50 \u00a7:n mukaisesti Fimea perii Fimean rekisteriss\u00e4 olevilta l\u00e4\u00e4kinn\u00e4llisten laitteiden toimijoilta valvontamaksun. Valvontamaksu perit\u00e4\u00e4n jokaiselta rekister\u00f6idylt\u00e4 roolilta erikseen. Valvontamaksujen laskut l\u00e4hetet\u00e4\u00e4n ensimm\u00e4isen kerran toimijoille elo-syyskuun vaihteessa 2022. L\u00e4hetett\u00e4v\u00e4 valvontamaksu perustuu muutamaa poikkeusta lukuun ottamatta vuoden 2021 lopussa ilmoitettujen laitteiden lukum\u00e4\u00e4r\u00e4\u00e4n seuraavasti: Poikkeuksena ovat jakelija sek\u00e4 sterilointipalvelun [&hellip;]","og_url":"https:\/\/teknologiateollisuus.fi\/healthtech\/laakinnallisten-laitteiden-valvontamaksut-lahtevat-toimijoille-elo-syyskuun-vaihteessa\/","og_site_name":"Terveysteknologia","article_published_time":"2022-08-25T11:12:00+00:00","article_modified_time":"2024-11-14T08:49:31+00:00","og_image":[{"width":1920,"height":1287,"url":"https:\/\/teknologiateollisuus.fi\/healthtech\/wp-content\/uploads\/sites\/8\/2024\/06\/Kuvituskuva-laboratorio-2.jpg","type":"image\/jpeg"}],"author":"P\u00e4ivi Ahlgren","twitter_card":"summary_large_image","twitter_misc":{"Kirjoittanut":"P\u00e4ivi Ahlgren","Arvioitu lukuaika":"1 minuutti"},"schema":{"@context":"https:\/\/schema.org","@graph":[{"@type":"Article","@id":"https:\/\/teknologiateollisuus.fi\/healthtech\/laakinnallisten-laitteiden-valvontamaksut-lahtevat-toimijoille-elo-syyskuun-vaihteessa\/#article","isPartOf":{"@id":"https:\/\/teknologiateollisuus.fi\/healthtech\/laakinnallisten-laitteiden-valvontamaksut-lahtevat-toimijoille-elo-syyskuun-vaihteessa\/"},"author":{"name":"P\u00e4ivi Ahlgren","@id":"https:\/\/teknologiateollisuus.fi\/healthtech\/#\/schema\/person\/964d40eb9a84d0edfc1989b7784ea950"},"headline":"L\u00e4\u00e4kinn\u00e4llisten laitteiden valvontamaksut l\u00e4htev\u00e4t toimijoille elo-syyskuun vaihteessa","datePublished":"2022-08-25T11:12:00+00:00","dateModified":"2024-11-14T08:49:31+00:00","mainEntityOfPage":{"@id":"https:\/\/teknologiateollisuus.fi\/healthtech\/laakinnallisten-laitteiden-valvontamaksut-lahtevat-toimijoille-elo-syyskuun-vaihteessa\/"},"wordCount":122,"image":{"@id":"https:\/\/teknologiateollisuus.fi\/healthtech\/laakinnallisten-laitteiden-valvontamaksut-lahtevat-toimijoille-elo-syyskuun-vaihteessa\/#primaryimage"},"thumbnailUrl":"https:\/\/teknologiateollisuus.fi\/healthtech\/wp-content\/uploads\/sites\/8\/2024\/06\/Kuvituskuva-laboratorio-2.jpg","articleSection":["Uutinen"],"inLanguage":"fi"},{"@type":"WebPage","@id":"https:\/\/teknologiateollisuus.fi\/healthtech\/laakinnallisten-laitteiden-valvontamaksut-lahtevat-toimijoille-elo-syyskuun-vaihteessa\/","url":"https:\/\/teknologiateollisuus.fi\/healthtech\/laakinnallisten-laitteiden-valvontamaksut-lahtevat-toimijoille-elo-syyskuun-vaihteessa\/","name":"L\u00e4\u00e4kinn\u00e4llisten laitteiden valvontamaksut l\u00e4htev\u00e4t toimijoille elo-syyskuun vaihteessa - Terveysteknologia","isPartOf":{"@id":"https:\/\/teknologiateollisuus.fi\/healthtech\/#website"},"primaryImageOfPage":{"@id":"https:\/\/teknologiateollisuus.fi\/healthtech\/laakinnallisten-laitteiden-valvontamaksut-lahtevat-toimijoille-elo-syyskuun-vaihteessa\/#primaryimage"},"image":{"@id":"https:\/\/teknologiateollisuus.fi\/healthtech\/laakinnallisten-laitteiden-valvontamaksut-lahtevat-toimijoille-elo-syyskuun-vaihteessa\/#primaryimage"},"thumbnailUrl":"https:\/\/teknologiateollisuus.fi\/healthtech\/wp-content\/uploads\/sites\/8\/2024\/06\/Kuvituskuva-laboratorio-2.jpg","datePublished":"2022-08-25T11:12:00+00:00","dateModified":"2024-11-14T08:49:31+00:00","author":{"@id":"https:\/\/teknologiateollisuus.fi\/healthtech\/#\/schema\/person\/964d40eb9a84d0edfc1989b7784ea950"},"breadcrumb":{"@id":"https:\/\/teknologiateollisuus.fi\/healthtech\/laakinnallisten-laitteiden-valvontamaksut-lahtevat-toimijoille-elo-syyskuun-vaihteessa\/#breadcrumb"},"inLanguage":"fi","potentialAction":[{"@type":"ReadAction","target":["https:\/\/teknologiateollisuus.fi\/healthtech\/laakinnallisten-laitteiden-valvontamaksut-lahtevat-toimijoille-elo-syyskuun-vaihteessa\/"]}]},{"@type":"ImageObject","inLanguage":"fi","@id":"https:\/\/teknologiateollisuus.fi\/healthtech\/laakinnallisten-laitteiden-valvontamaksut-lahtevat-toimijoille-elo-syyskuun-vaihteessa\/#primaryimage","url":"https:\/\/teknologiateollisuus.fi\/healthtech\/wp-content\/uploads\/sites\/8\/2024\/06\/Kuvituskuva-laboratorio-2.jpg","contentUrl":"https:\/\/teknologiateollisuus.fi\/healthtech\/wp-content\/uploads\/sites\/8\/2024\/06\/Kuvituskuva-laboratorio-2.jpg","width":1920,"height":1287,"caption":"Kuvituskuva laboratorio 2"},{"@type":"BreadcrumbList","@id":"https:\/\/teknologiateollisuus.fi\/healthtech\/laakinnallisten-laitteiden-valvontamaksut-lahtevat-toimijoille-elo-syyskuun-vaihteessa\/#breadcrumb","itemListElement":[{"@type":"ListItem","position":1,"name":"Etusivu","item":"https:\/\/teknologiateollisuus.fi\/healthtech\/"},{"@type":"ListItem","position":2,"name":"Ajankohtaista","item":"https:\/\/teknologiateollisuus.fi\/healthtech\/ajankohtaista\/"},{"@type":"ListItem","position":3,"name":"Uutinen","item":"https:\/\/teknologiateollisuus.fi\/healthtech\/ajankohtaista\/?categories=14"},{"@type":"ListItem","position":4,"name":"L\u00e4\u00e4kinn\u00e4llisten laitteiden valvontamaksut l\u00e4htev\u00e4t toimijoille elo-syyskuun vaihteessa"}]},{"@type":"WebSite","@id":"https:\/\/teknologiateollisuus.fi\/healthtech\/#website","url":"https:\/\/teknologiateollisuus.fi\/healthtech\/","name":"Terveysteknologia","description":"","potentialAction":[{"@type":"SearchAction","target":{"@type":"EntryPoint","urlTemplate":"https:\/\/teknologiateollisuus.fi\/healthtech\/?s={search_term_string}"},"query-input":{"@type":"PropertyValueSpecification","valueRequired":true,"valueName":"search_term_string"}}],"inLanguage":"fi"},{"@type":"Person","@id":"https:\/\/teknologiateollisuus.fi\/healthtech\/#\/schema\/person\/964d40eb9a84d0edfc1989b7784ea950","name":"P\u00e4ivi Ahlgren","image":{"@type":"ImageObject","inLanguage":"fi","@id":"https:\/\/secure.gravatar.com\/avatar\/d49c8c4a3ac6bce6f1ed1a4445d5b60a53463c32cb6ebcf6e0375dcece39eaca?s=96&d=mm&r=g","url":"https:\/\/secure.gravatar.com\/avatar\/d49c8c4a3ac6bce6f1ed1a4445d5b60a53463c32cb6ebcf6e0375dcece39eaca?s=96&d=mm&r=g","contentUrl":"https:\/\/secure.gravatar.com\/avatar\/d49c8c4a3ac6bce6f1ed1a4445d5b60a53463c32cb6ebcf6e0375dcece39eaca?s=96&d=mm&r=g","caption":"P\u00e4ivi Ahlgren"}}]}},"lang":"fi","translations":{"fi":1284},"pll_sync_post":{},"_links":{"self":[{"href":"https:\/\/teknologiateollisuus.fi\/healthtech\/wp-json\/wp\/v2\/posts\/1284","targetHints":{"allow":["GET"]}}],"collection":[{"href":"https:\/\/teknologiateollisuus.fi\/healthtech\/wp-json\/wp\/v2\/posts"}],"about":[{"href":"https:\/\/teknologiateollisuus.fi\/healthtech\/wp-json\/wp\/v2\/types\/post"}],"author":[{"embeddable":true,"href":"https:\/\/teknologiateollisuus.fi\/healthtech\/wp-json\/wp\/v2\/users\/16"}],"replies":[{"embeddable":true,"href":"https:\/\/teknologiateollisuus.fi\/healthtech\/wp-json\/wp\/v2\/comments?post=1284"}],"version-history":[{"count":2,"href":"https:\/\/teknologiateollisuus.fi\/healthtech\/wp-json\/wp\/v2\/posts\/1284\/revisions"}],"predecessor-version":[{"id":3747,"href":"https:\/\/teknologiateollisuus.fi\/healthtech\/wp-json\/wp\/v2\/posts\/1284\/revisions\/3747"}],"wp:featuredmedia":[{"embeddable":true,"href":"https:\/\/teknologiateollisuus.fi\/healthtech\/wp-json\/wp\/v2\/media\/220"}],"wp:attachment":[{"href":"https:\/\/teknologiateollisuus.fi\/healthtech\/wp-json\/wp\/v2\/media?parent=1284"}],"wp:term":[{"taxonomy":"category","embeddable":true,"href":"https:\/\/teknologiateollisuus.fi\/healthtech\/wp-json\/wp\/v2\/categories?post=1284"},{"taxonomy":"post_tag","embeddable":true,"href":"https:\/\/teknologiateollisuus.fi\/healthtech\/wp-json\/wp\/v2\/tags?post=1284"},{"taxonomy":"em_industry","embeddable":true,"href":"https:\/\/teknologiateollisuus.fi\/healthtech\/wp-json\/wp\/v2\/em_industry?post=1284"},{"taxonomy":"em_theme","embeddable":true,"href":"https:\/\/teknologiateollisuus.fi\/healthtech\/wp-json\/wp\/v2\/em_theme?post=1284"}],"curies":[{"name":"wp","href":"https:\/\/api.w.org\/{rel}","templated":true}]}}