{"id":1315,"date":"2022-10-27T14:07:00","date_gmt":"2022-10-27T11:07:00","guid":{"rendered":"https:\/\/teknologiateollisuus.fi\/healthtech\/?p=1315"},"modified":"2024-07-08T16:43:35","modified_gmt":"2024-07-08T13:43:35","slug":"komissio-paivitti-suunnitelmaansa-md-ja-ivd-asetusten-taytantoonpanosta","status":"publish","type":"post","link":"https:\/\/teknologiateollisuus.fi\/healthtech\/komissio-paivitti-suunnitelmaansa-md-ja-ivd-asetusten-taytantoonpanosta\/","title":{"rendered":"Komissio p\u00e4ivitti suunnitelmaansa MD- ja IVD-asetusten t\u00e4yt\u00e4nt\u00f6\u00f6npanosta"},"content":{"rendered":"\n<p>Euroopan komissio on p\u00e4ivitt\u00e4nyt suunnitelmaansa l\u00e4\u00e4kinn\u00e4llisi\u00e4 laitteita koskevien asetusten (EU) 2017\/745 (MDR) ja (EU) 2017\/746 (IVDR) t\u00e4yt\u00e4nt\u00f6\u00f6npanosta.<\/p>\n\n\n\n<p>EU:n komissio p\u00e4\u00e4tti siirt\u00e4\u00e4 l\u00e4\u00e4kinn\u00e4llisi\u00e4 laitteita koskevan MD-asetuksen alkuper\u00e4ist\u00e4 (26.5.2020) soveltamisp\u00e4iv\u00e4\u00e4 vuodella johtuen koronapandemian aiheuttamista globaaleista haasteista. MD-asetuksen soveltaminen alkoi erillisasetuksen (EU) 2020\/561 perusteella 26.5.2021.<\/p>\n\n\n\n<p>IVD-asetuksen soveltaminen alkoi vuotta my\u00f6hemmin 26.5.2022. Asetuksen siirtym\u00e4aikoihin ja vaatimusten t\u00e4yt\u00e4nt\u00f6\u00f6npanoaikatauluhin tehtiin muutoksia&nbsp;asetuksella (EU) 2022\/112.<\/p>\n\n\n\n<p>Komission julkaisemassa\u00a0asiakirjassa\u00a0on p\u00e4ivitetty suunnitelma asetusten t\u00e4yt\u00e4nt\u00f6\u00f6npanoon liittyvist\u00e4 yksil\u00f6idyist\u00e4 olennaisista aloitteista, jotka komissio on joko jo hyv\u00e4ksynyt tai hyv\u00e4ksyy tulevaisuudessa.<\/p>\n\n\n\n<p>Suunnitelma on kaksiosainen ja jakautuu 1) t\u00e4yt\u00e4nt\u00f6\u00f6npanos\u00e4\u00e4d\u00f6ksiin sek\u00e4 2) muihin toimiin ja aloitteisiin.<\/p>\n\n\n\n<p>Asiakirjaa tarkastellaan nej\u00e4nnesvuosittain, jotta kansalliset toimivaltaiset viranomaiset ja sidosryhm\u00e4t saavat ajantasaiset p\u00e4ivitetyt tiedot laiteasetusten t\u00e4yt\u00e4nt\u00f6\u00f6npanon edistymisest\u00e4.&nbsp;<\/p>\n\n\n\n<p>Komission p\u00e4ivitetty suunnitelma t\u00e4ydent\u00e4\u00e4 MD- ja IVD-asetusten\u00a0etenemissuunnitelmaa, jonka ovat julkaisseet\u00a0l\u00e4\u00e4kinn\u00e4llisten laitteiden toimivaltaiset viranomaiset (Competent Authorities for Medical Devices, CAMD) yhteisty\u00f6ss\u00e4 komission kanssa.<\/p>\n\n\n\n<p>Lis\u00e4ksi komissio viittaa julkaistuihin ja valmistelussa oleviin\u00a0MDCG-ohjeistuksiin.<\/p>\n","protected":false},"excerpt":{"rendered":"<p>Euroopan komissio on p\u00e4ivitt\u00e4nyt suunnitelmaansa l\u00e4\u00e4kinn\u00e4llisi\u00e4 laitteita koskevien asetusten (EU) 2017\/745 (MDR) ja (EU) 2017\/746 (IVDR) t\u00e4yt\u00e4nt\u00f6\u00f6npanosta. EU:n komissio p\u00e4\u00e4tti siirt\u00e4\u00e4 l\u00e4\u00e4kinn\u00e4llisi\u00e4 laitteita koskevan MD-asetuksen alkuper\u00e4ist\u00e4 (26.5.2020) soveltamisp\u00e4iv\u00e4\u00e4 vuodella johtuen koronapandemian aiheuttamista globaaleista haasteista. MD-asetuksen soveltaminen alkoi erillisasetuksen (EU) 2020\/561 perusteella 26.5.2021. IVD-asetuksen soveltaminen alkoi vuotta my\u00f6hemmin 26.5.2022. Asetuksen siirtym\u00e4aikoihin ja vaatimusten t\u00e4yt\u00e4nt\u00f6\u00f6npanoaikatauluhin tehtiin muutoksia&nbsp;asetuksella [&hellip;]<\/p>\n","protected":false},"author":16,"featured_media":205,"comment_status":"closed","ping_status":"closed","sticky":false,"template":"","format":"standard","meta":{"_acf_changed":false,"_relevanssi_hide_post":"","_relevanssi_hide_content":"","_relevanssi_pin_for_all":"","_relevanssi_pin_keywords":"","_relevanssi_unpin_keywords":"","_relevanssi_related_keywords":"","_relevanssi_related_include_ids":"","_relevanssi_related_exclude_ids":"","_relevanssi_related_no_append":"","_relevanssi_related_not_related":"","_relevanssi_related_posts":"1071,833,852,1067,1075,921","_relevanssi_noindex_reason":"","inline_featured_image":false,"footnotes":""},"categories":[14],"tags":[],"em_industry":[],"em_theme":[48],"class_list":["post-1315","post","type-post","status-publish","format-standard","has-post-thumbnail","hentry","category-uutinen","em_theme-lainsaadanto"],"acf":[],"yoast_head":"<!-- This site is optimized with the Yoast SEO Premium plugin v27.1 (Yoast SEO v27.5) - https:\/\/yoast.com\/product\/yoast-seo-premium-wordpress\/ -->\n<title>Komissio p\u00e4ivitti suunnitelmaansa MD- ja IVD-asetusten t\u00e4yt\u00e4nt\u00f6\u00f6npanosta - Terveysteknologia<\/title>\n<meta name=\"robots\" content=\"index, follow, max-snippet:-1, max-image-preview:large, max-video-preview:-1\" \/>\n<link rel=\"canonical\" href=\"https:\/\/teknologiateollisuus.fi\/healthtech\/komissio-paivitti-suunnitelmaansa-md-ja-ivd-asetusten-taytantoonpanosta\/\" \/>\n<meta property=\"og:locale\" content=\"fi_FI\" \/>\n<meta property=\"og:type\" content=\"article\" \/>\n<meta property=\"og:title\" content=\"Komissio p\u00e4ivitti suunnitelmaansa MD- ja IVD-asetusten t\u00e4yt\u00e4nt\u00f6\u00f6npanosta\" \/>\n<meta property=\"og:description\" content=\"Euroopan komissio on p\u00e4ivitt\u00e4nyt suunnitelmaansa l\u00e4\u00e4kinn\u00e4llisi\u00e4 laitteita koskevien asetusten (EU) 2017\/745 (MDR) ja (EU) 2017\/746 (IVDR) t\u00e4yt\u00e4nt\u00f6\u00f6npanosta. EU:n komissio p\u00e4\u00e4tti siirt\u00e4\u00e4 l\u00e4\u00e4kinn\u00e4llisi\u00e4 laitteita koskevan MD-asetuksen alkuper\u00e4ist\u00e4 (26.5.2020) soveltamisp\u00e4iv\u00e4\u00e4 vuodella johtuen koronapandemian aiheuttamista globaaleista haasteista. MD-asetuksen soveltaminen alkoi erillisasetuksen (EU) 2020\/561 perusteella 26.5.2021. IVD-asetuksen soveltaminen alkoi vuotta my\u00f6hemmin 26.5.2022. Asetuksen siirtym\u00e4aikoihin ja vaatimusten t\u00e4yt\u00e4nt\u00f6\u00f6npanoaikatauluhin tehtiin muutoksia&nbsp;asetuksella [&hellip;]\" \/>\n<meta property=\"og:url\" content=\"https:\/\/teknologiateollisuus.fi\/healthtech\/komissio-paivitti-suunnitelmaansa-md-ja-ivd-asetusten-taytantoonpanosta\/\" \/>\n<meta property=\"og:site_name\" content=\"Terveysteknologia\" \/>\n<meta property=\"article:published_time\" content=\"2022-10-27T11:07:00+00:00\" \/>\n<meta property=\"article:modified_time\" content=\"2024-07-08T13:43:35+00:00\" \/>\n<meta property=\"og:image\" content=\"https:\/\/teknologiateollisuus.fi\/healthtech\/wp-content\/uploads\/sites\/8\/2024\/06\/Eurooppa-lippu.jpg\" \/>\n\t<meta property=\"og:image:width\" content=\"598\" \/>\n\t<meta property=\"og:image:height\" content=\"350\" \/>\n\t<meta property=\"og:image:type\" content=\"image\/jpeg\" \/>\n<meta name=\"author\" content=\"P\u00e4ivi Ahlgren\" \/>\n<meta name=\"twitter:card\" content=\"summary_large_image\" \/>\n<meta name=\"twitter:label1\" content=\"Kirjoittanut\" \/>\n\t<meta name=\"twitter:data1\" content=\"P\u00e4ivi Ahlgren\" \/>\n\t<meta name=\"twitter:label2\" content=\"Arvioitu lukuaika\" \/>\n\t<meta name=\"twitter:data2\" content=\"2 minuuttia\" \/>\n<script type=\"application\/ld+json\" class=\"yoast-schema-graph\">{\"@context\":\"https:\\\/\\\/schema.org\",\"@graph\":[{\"@type\":\"Article\",\"@id\":\"https:\\\/\\\/teknologiateollisuus.fi\\\/healthtech\\\/komissio-paivitti-suunnitelmaansa-md-ja-ivd-asetusten-taytantoonpanosta\\\/#article\",\"isPartOf\":{\"@id\":\"https:\\\/\\\/teknologiateollisuus.fi\\\/healthtech\\\/komissio-paivitti-suunnitelmaansa-md-ja-ivd-asetusten-taytantoonpanosta\\\/\"},\"author\":{\"name\":\"P\u00e4ivi Ahlgren\",\"@id\":\"https:\\\/\\\/teknologiateollisuus.fi\\\/healthtech\\\/#\\\/schema\\\/person\\\/964d40eb9a84d0edfc1989b7784ea950\"},\"headline\":\"Komissio p\u00e4ivitti suunnitelmaansa MD- ja IVD-asetusten t\u00e4yt\u00e4nt\u00f6\u00f6npanosta\",\"datePublished\":\"2022-10-27T11:07:00+00:00\",\"dateModified\":\"2024-07-08T13:43:35+00:00\",\"mainEntityOfPage\":{\"@id\":\"https:\\\/\\\/teknologiateollisuus.fi\\\/healthtech\\\/komissio-paivitti-suunnitelmaansa-md-ja-ivd-asetusten-taytantoonpanosta\\\/\"},\"wordCount\":186,\"image\":{\"@id\":\"https:\\\/\\\/teknologiateollisuus.fi\\\/healthtech\\\/komissio-paivitti-suunnitelmaansa-md-ja-ivd-asetusten-taytantoonpanosta\\\/#primaryimage\"},\"thumbnailUrl\":\"https:\\\/\\\/teknologiateollisuus.fi\\\/healthtech\\\/wp-content\\\/uploads\\\/sites\\\/8\\\/2024\\\/06\\\/Eurooppa-lippu.jpg\",\"articleSection\":[\"Uutinen\"],\"inLanguage\":\"fi\"},{\"@type\":\"WebPage\",\"@id\":\"https:\\\/\\\/teknologiateollisuus.fi\\\/healthtech\\\/komissio-paivitti-suunnitelmaansa-md-ja-ivd-asetusten-taytantoonpanosta\\\/\",\"url\":\"https:\\\/\\\/teknologiateollisuus.fi\\\/healthtech\\\/komissio-paivitti-suunnitelmaansa-md-ja-ivd-asetusten-taytantoonpanosta\\\/\",\"name\":\"Komissio p\u00e4ivitti suunnitelmaansa MD- ja IVD-asetusten t\u00e4yt\u00e4nt\u00f6\u00f6npanosta - Terveysteknologia\",\"isPartOf\":{\"@id\":\"https:\\\/\\\/teknologiateollisuus.fi\\\/healthtech\\\/#website\"},\"primaryImageOfPage\":{\"@id\":\"https:\\\/\\\/teknologiateollisuus.fi\\\/healthtech\\\/komissio-paivitti-suunnitelmaansa-md-ja-ivd-asetusten-taytantoonpanosta\\\/#primaryimage\"},\"image\":{\"@id\":\"https:\\\/\\\/teknologiateollisuus.fi\\\/healthtech\\\/komissio-paivitti-suunnitelmaansa-md-ja-ivd-asetusten-taytantoonpanosta\\\/#primaryimage\"},\"thumbnailUrl\":\"https:\\\/\\\/teknologiateollisuus.fi\\\/healthtech\\\/wp-content\\\/uploads\\\/sites\\\/8\\\/2024\\\/06\\\/Eurooppa-lippu.jpg\",\"datePublished\":\"2022-10-27T11:07:00+00:00\",\"dateModified\":\"2024-07-08T13:43:35+00:00\",\"author\":{\"@id\":\"https:\\\/\\\/teknologiateollisuus.fi\\\/healthtech\\\/#\\\/schema\\\/person\\\/964d40eb9a84d0edfc1989b7784ea950\"},\"breadcrumb\":{\"@id\":\"https:\\\/\\\/teknologiateollisuus.fi\\\/healthtech\\\/komissio-paivitti-suunnitelmaansa-md-ja-ivd-asetusten-taytantoonpanosta\\\/#breadcrumb\"},\"inLanguage\":\"fi\",\"potentialAction\":[{\"@type\":\"ReadAction\",\"target\":[\"https:\\\/\\\/teknologiateollisuus.fi\\\/healthtech\\\/komissio-paivitti-suunnitelmaansa-md-ja-ivd-asetusten-taytantoonpanosta\\\/\"]}]},{\"@type\":\"ImageObject\",\"inLanguage\":\"fi\",\"@id\":\"https:\\\/\\\/teknologiateollisuus.fi\\\/healthtech\\\/komissio-paivitti-suunnitelmaansa-md-ja-ivd-asetusten-taytantoonpanosta\\\/#primaryimage\",\"url\":\"https:\\\/\\\/teknologiateollisuus.fi\\\/healthtech\\\/wp-content\\\/uploads\\\/sites\\\/8\\\/2024\\\/06\\\/Eurooppa-lippu.jpg\",\"contentUrl\":\"https:\\\/\\\/teknologiateollisuus.fi\\\/healthtech\\\/wp-content\\\/uploads\\\/sites\\\/8\\\/2024\\\/06\\\/Eurooppa-lippu.jpg\",\"width\":598,\"height\":350,\"caption\":\"Eurooppa lippu\"},{\"@type\":\"BreadcrumbList\",\"@id\":\"https:\\\/\\\/teknologiateollisuus.fi\\\/healthtech\\\/komissio-paivitti-suunnitelmaansa-md-ja-ivd-asetusten-taytantoonpanosta\\\/#breadcrumb\",\"itemListElement\":[{\"@type\":\"ListItem\",\"position\":1,\"name\":\"Etusivu\",\"item\":\"https:\\\/\\\/teknologiateollisuus.fi\\\/healthtech\\\/\"},{\"@type\":\"ListItem\",\"position\":2,\"name\":\"Ajankohtaista\",\"item\":\"https:\\\/\\\/teknologiateollisuus.fi\\\/healthtech\\\/ajankohtaista\\\/\"},{\"@type\":\"ListItem\",\"position\":3,\"name\":\"Uutinen\",\"item\":\"https:\\\/\\\/teknologiateollisuus.fi\\\/healthtech\\\/ajankohtaista\\\/?categories=14\"},{\"@type\":\"ListItem\",\"position\":4,\"name\":\"Komissio p\u00e4ivitti suunnitelmaansa MD- ja IVD-asetusten t\u00e4yt\u00e4nt\u00f6\u00f6npanosta\"}]},{\"@type\":\"WebSite\",\"@id\":\"https:\\\/\\\/teknologiateollisuus.fi\\\/healthtech\\\/#website\",\"url\":\"https:\\\/\\\/teknologiateollisuus.fi\\\/healthtech\\\/\",\"name\":\"Terveysteknologia\",\"description\":\"\",\"potentialAction\":[{\"@type\":\"SearchAction\",\"target\":{\"@type\":\"EntryPoint\",\"urlTemplate\":\"https:\\\/\\\/teknologiateollisuus.fi\\\/healthtech\\\/?s={search_term_string}\"},\"query-input\":{\"@type\":\"PropertyValueSpecification\",\"valueRequired\":true,\"valueName\":\"search_term_string\"}}],\"inLanguage\":\"fi\"},{\"@type\":\"Person\",\"@id\":\"https:\\\/\\\/teknologiateollisuus.fi\\\/healthtech\\\/#\\\/schema\\\/person\\\/964d40eb9a84d0edfc1989b7784ea950\",\"name\":\"P\u00e4ivi Ahlgren\",\"image\":{\"@type\":\"ImageObject\",\"inLanguage\":\"fi\",\"@id\":\"https:\\\/\\\/secure.gravatar.com\\\/avatar\\\/d49c8c4a3ac6bce6f1ed1a4445d5b60a53463c32cb6ebcf6e0375dcece39eaca?s=96&d=mm&r=g\",\"url\":\"https:\\\/\\\/secure.gravatar.com\\\/avatar\\\/d49c8c4a3ac6bce6f1ed1a4445d5b60a53463c32cb6ebcf6e0375dcece39eaca?s=96&d=mm&r=g\",\"contentUrl\":\"https:\\\/\\\/secure.gravatar.com\\\/avatar\\\/d49c8c4a3ac6bce6f1ed1a4445d5b60a53463c32cb6ebcf6e0375dcece39eaca?s=96&d=mm&r=g\",\"caption\":\"P\u00e4ivi Ahlgren\"}}]}<\/script>\n<!-- \/ Yoast SEO Premium plugin. -->","yoast_head_json":{"title":"Komissio p\u00e4ivitti suunnitelmaansa MD- ja IVD-asetusten t\u00e4yt\u00e4nt\u00f6\u00f6npanosta - Terveysteknologia","robots":{"index":"index","follow":"follow","max-snippet":"max-snippet:-1","max-image-preview":"max-image-preview:large","max-video-preview":"max-video-preview:-1"},"canonical":"https:\/\/teknologiateollisuus.fi\/healthtech\/komissio-paivitti-suunnitelmaansa-md-ja-ivd-asetusten-taytantoonpanosta\/","og_locale":"fi_FI","og_type":"article","og_title":"Komissio p\u00e4ivitti suunnitelmaansa MD- ja IVD-asetusten t\u00e4yt\u00e4nt\u00f6\u00f6npanosta","og_description":"Euroopan komissio on p\u00e4ivitt\u00e4nyt suunnitelmaansa l\u00e4\u00e4kinn\u00e4llisi\u00e4 laitteita koskevien asetusten (EU) 2017\/745 (MDR) ja (EU) 2017\/746 (IVDR) t\u00e4yt\u00e4nt\u00f6\u00f6npanosta. EU:n komissio p\u00e4\u00e4tti siirt\u00e4\u00e4 l\u00e4\u00e4kinn\u00e4llisi\u00e4 laitteita koskevan MD-asetuksen alkuper\u00e4ist\u00e4 (26.5.2020) soveltamisp\u00e4iv\u00e4\u00e4 vuodella johtuen koronapandemian aiheuttamista globaaleista haasteista. MD-asetuksen soveltaminen alkoi erillisasetuksen (EU) 2020\/561 perusteella 26.5.2021. IVD-asetuksen soveltaminen alkoi vuotta my\u00f6hemmin 26.5.2022. Asetuksen siirtym\u00e4aikoihin ja vaatimusten t\u00e4yt\u00e4nt\u00f6\u00f6npanoaikatauluhin tehtiin muutoksia&nbsp;asetuksella [&hellip;]","og_url":"https:\/\/teknologiateollisuus.fi\/healthtech\/komissio-paivitti-suunnitelmaansa-md-ja-ivd-asetusten-taytantoonpanosta\/","og_site_name":"Terveysteknologia","article_published_time":"2022-10-27T11:07:00+00:00","article_modified_time":"2024-07-08T13:43:35+00:00","og_image":[{"width":598,"height":350,"url":"https:\/\/teknologiateollisuus.fi\/healthtech\/wp-content\/uploads\/sites\/8\/2024\/06\/Eurooppa-lippu.jpg","type":"image\/jpeg"}],"author":"P\u00e4ivi Ahlgren","twitter_card":"summary_large_image","twitter_misc":{"Kirjoittanut":"P\u00e4ivi Ahlgren","Arvioitu lukuaika":"2 minuuttia"},"schema":{"@context":"https:\/\/schema.org","@graph":[{"@type":"Article","@id":"https:\/\/teknologiateollisuus.fi\/healthtech\/komissio-paivitti-suunnitelmaansa-md-ja-ivd-asetusten-taytantoonpanosta\/#article","isPartOf":{"@id":"https:\/\/teknologiateollisuus.fi\/healthtech\/komissio-paivitti-suunnitelmaansa-md-ja-ivd-asetusten-taytantoonpanosta\/"},"author":{"name":"P\u00e4ivi Ahlgren","@id":"https:\/\/teknologiateollisuus.fi\/healthtech\/#\/schema\/person\/964d40eb9a84d0edfc1989b7784ea950"},"headline":"Komissio p\u00e4ivitti suunnitelmaansa MD- ja IVD-asetusten t\u00e4yt\u00e4nt\u00f6\u00f6npanosta","datePublished":"2022-10-27T11:07:00+00:00","dateModified":"2024-07-08T13:43:35+00:00","mainEntityOfPage":{"@id":"https:\/\/teknologiateollisuus.fi\/healthtech\/komissio-paivitti-suunnitelmaansa-md-ja-ivd-asetusten-taytantoonpanosta\/"},"wordCount":186,"image":{"@id":"https:\/\/teknologiateollisuus.fi\/healthtech\/komissio-paivitti-suunnitelmaansa-md-ja-ivd-asetusten-taytantoonpanosta\/#primaryimage"},"thumbnailUrl":"https:\/\/teknologiateollisuus.fi\/healthtech\/wp-content\/uploads\/sites\/8\/2024\/06\/Eurooppa-lippu.jpg","articleSection":["Uutinen"],"inLanguage":"fi"},{"@type":"WebPage","@id":"https:\/\/teknologiateollisuus.fi\/healthtech\/komissio-paivitti-suunnitelmaansa-md-ja-ivd-asetusten-taytantoonpanosta\/","url":"https:\/\/teknologiateollisuus.fi\/healthtech\/komissio-paivitti-suunnitelmaansa-md-ja-ivd-asetusten-taytantoonpanosta\/","name":"Komissio p\u00e4ivitti suunnitelmaansa MD- ja IVD-asetusten t\u00e4yt\u00e4nt\u00f6\u00f6npanosta - Terveysteknologia","isPartOf":{"@id":"https:\/\/teknologiateollisuus.fi\/healthtech\/#website"},"primaryImageOfPage":{"@id":"https:\/\/teknologiateollisuus.fi\/healthtech\/komissio-paivitti-suunnitelmaansa-md-ja-ivd-asetusten-taytantoonpanosta\/#primaryimage"},"image":{"@id":"https:\/\/teknologiateollisuus.fi\/healthtech\/komissio-paivitti-suunnitelmaansa-md-ja-ivd-asetusten-taytantoonpanosta\/#primaryimage"},"thumbnailUrl":"https:\/\/teknologiateollisuus.fi\/healthtech\/wp-content\/uploads\/sites\/8\/2024\/06\/Eurooppa-lippu.jpg","datePublished":"2022-10-27T11:07:00+00:00","dateModified":"2024-07-08T13:43:35+00:00","author":{"@id":"https:\/\/teknologiateollisuus.fi\/healthtech\/#\/schema\/person\/964d40eb9a84d0edfc1989b7784ea950"},"breadcrumb":{"@id":"https:\/\/teknologiateollisuus.fi\/healthtech\/komissio-paivitti-suunnitelmaansa-md-ja-ivd-asetusten-taytantoonpanosta\/#breadcrumb"},"inLanguage":"fi","potentialAction":[{"@type":"ReadAction","target":["https:\/\/teknologiateollisuus.fi\/healthtech\/komissio-paivitti-suunnitelmaansa-md-ja-ivd-asetusten-taytantoonpanosta\/"]}]},{"@type":"ImageObject","inLanguage":"fi","@id":"https:\/\/teknologiateollisuus.fi\/healthtech\/komissio-paivitti-suunnitelmaansa-md-ja-ivd-asetusten-taytantoonpanosta\/#primaryimage","url":"https:\/\/teknologiateollisuus.fi\/healthtech\/wp-content\/uploads\/sites\/8\/2024\/06\/Eurooppa-lippu.jpg","contentUrl":"https:\/\/teknologiateollisuus.fi\/healthtech\/wp-content\/uploads\/sites\/8\/2024\/06\/Eurooppa-lippu.jpg","width":598,"height":350,"caption":"Eurooppa lippu"},{"@type":"BreadcrumbList","@id":"https:\/\/teknologiateollisuus.fi\/healthtech\/komissio-paivitti-suunnitelmaansa-md-ja-ivd-asetusten-taytantoonpanosta\/#breadcrumb","itemListElement":[{"@type":"ListItem","position":1,"name":"Etusivu","item":"https:\/\/teknologiateollisuus.fi\/healthtech\/"},{"@type":"ListItem","position":2,"name":"Ajankohtaista","item":"https:\/\/teknologiateollisuus.fi\/healthtech\/ajankohtaista\/"},{"@type":"ListItem","position":3,"name":"Uutinen","item":"https:\/\/teknologiateollisuus.fi\/healthtech\/ajankohtaista\/?categories=14"},{"@type":"ListItem","position":4,"name":"Komissio p\u00e4ivitti suunnitelmaansa MD- ja IVD-asetusten t\u00e4yt\u00e4nt\u00f6\u00f6npanosta"}]},{"@type":"WebSite","@id":"https:\/\/teknologiateollisuus.fi\/healthtech\/#website","url":"https:\/\/teknologiateollisuus.fi\/healthtech\/","name":"Terveysteknologia","description":"","potentialAction":[{"@type":"SearchAction","target":{"@type":"EntryPoint","urlTemplate":"https:\/\/teknologiateollisuus.fi\/healthtech\/?s={search_term_string}"},"query-input":{"@type":"PropertyValueSpecification","valueRequired":true,"valueName":"search_term_string"}}],"inLanguage":"fi"},{"@type":"Person","@id":"https:\/\/teknologiateollisuus.fi\/healthtech\/#\/schema\/person\/964d40eb9a84d0edfc1989b7784ea950","name":"P\u00e4ivi Ahlgren","image":{"@type":"ImageObject","inLanguage":"fi","@id":"https:\/\/secure.gravatar.com\/avatar\/d49c8c4a3ac6bce6f1ed1a4445d5b60a53463c32cb6ebcf6e0375dcece39eaca?s=96&d=mm&r=g","url":"https:\/\/secure.gravatar.com\/avatar\/d49c8c4a3ac6bce6f1ed1a4445d5b60a53463c32cb6ebcf6e0375dcece39eaca?s=96&d=mm&r=g","contentUrl":"https:\/\/secure.gravatar.com\/avatar\/d49c8c4a3ac6bce6f1ed1a4445d5b60a53463c32cb6ebcf6e0375dcece39eaca?s=96&d=mm&r=g","caption":"P\u00e4ivi Ahlgren"}}]}},"lang":"fi","translations":{"fi":1315},"pll_sync_post":{},"_links":{"self":[{"href":"https:\/\/teknologiateollisuus.fi\/healthtech\/wp-json\/wp\/v2\/posts\/1315","targetHints":{"allow":["GET"]}}],"collection":[{"href":"https:\/\/teknologiateollisuus.fi\/healthtech\/wp-json\/wp\/v2\/posts"}],"about":[{"href":"https:\/\/teknologiateollisuus.fi\/healthtech\/wp-json\/wp\/v2\/types\/post"}],"author":[{"embeddable":true,"href":"https:\/\/teknologiateollisuus.fi\/healthtech\/wp-json\/wp\/v2\/users\/16"}],"replies":[{"embeddable":true,"href":"https:\/\/teknologiateollisuus.fi\/healthtech\/wp-json\/wp\/v2\/comments?post=1315"}],"version-history":[{"count":1,"href":"https:\/\/teknologiateollisuus.fi\/healthtech\/wp-json\/wp\/v2\/posts\/1315\/revisions"}],"predecessor-version":[{"id":1316,"href":"https:\/\/teknologiateollisuus.fi\/healthtech\/wp-json\/wp\/v2\/posts\/1315\/revisions\/1316"}],"wp:featuredmedia":[{"embeddable":true,"href":"https:\/\/teknologiateollisuus.fi\/healthtech\/wp-json\/wp\/v2\/media\/205"}],"wp:attachment":[{"href":"https:\/\/teknologiateollisuus.fi\/healthtech\/wp-json\/wp\/v2\/media?parent=1315"}],"wp:term":[{"taxonomy":"category","embeddable":true,"href":"https:\/\/teknologiateollisuus.fi\/healthtech\/wp-json\/wp\/v2\/categories?post=1315"},{"taxonomy":"post_tag","embeddable":true,"href":"https:\/\/teknologiateollisuus.fi\/healthtech\/wp-json\/wp\/v2\/tags?post=1315"},{"taxonomy":"em_industry","embeddable":true,"href":"https:\/\/teknologiateollisuus.fi\/healthtech\/wp-json\/wp\/v2\/em_industry?post=1315"},{"taxonomy":"em_theme","embeddable":true,"href":"https:\/\/teknologiateollisuus.fi\/healthtech\/wp-json\/wp\/v2\/em_theme?post=1315"}],"curies":[{"name":"wp","href":"https:\/\/api.w.org\/{rel}","templated":true}]}}