{"id":1345,"date":"2022-12-07T13:20:00","date_gmt":"2022-12-07T11:20:00","guid":{"rendered":"https:\/\/teknologiateollisuus.fi\/healthtech\/?p=1345"},"modified":"2024-07-09T09:57:28","modified_gmt":"2024-07-09T06:57:28","slug":"vierasblogi-kasven-ilkka-juuso-matkaa-suomen-edustajana-ison-vuosikokoukseen-washingtoniin","status":"publish","type":"post","link":"https:\/\/teknologiateollisuus.fi\/healthtech\/vierasblogi-kasven-ilkka-juuso-matkaa-suomen-edustajana-ison-vuosikokoukseen-washingtoniin\/","title":{"rendered":"Vierasblogi: Kasven Ilkka Juuso matkaa Suomen edustajana ISO:n vuosikokoukseen Washingtoniin"},"content":{"rendered":"\n<p>Kansainv\u00e4lisen standardointiorganisaatio ISO:n vuosikokous koskien l\u00e4\u00e4kinn\u00e4llisten laitteiden s\u00e4\u00e4ntely\u00e4 j\u00e4rjestet\u00e4\u00e4n 12.-16.12. Washington D.C.:ss\u00e4 Yhdysvalloissa. Suomea kokouksessa edustaa Ilkka Juuso, TkT, joka on toiminut syksyst\u00e4 alkaen Kasven regulaatioasioiden p\u00e4\u00e4insin\u00f6\u00f6rin\u00e4 ja vanhempana asiantuntijana jo vuodesta 2021 l\u00e4htien. Alan standardoinnissa Ilkka on ollut tiiviisti mukana jo vuodesta 2019 l\u00e4htien useiden komiteoiden kautta.<\/p>\n\n\n\n<p>Joulukuun kokousviikko kokoaa yhteen standardoinnin asiantuntijoita ymp\u00e4ri maailman. Viikon aikana j\u00e4rjestet\u00e4\u00e4n my\u00f6s Euroopan tason CEN\/CENELEC-kokoukset, joissa Ilkka niin ik\u00e4\u00e4n edustaa Suomea. Kokousten asialistalla on muun muassa l\u00e4\u00e4kinn\u00e4llisten laitteiden laadunvarmistukseen, l\u00e4\u00e4kinn\u00e4llisten ohjelmistojen kehitykseen, merkint\u00f6ihin ja markkinoille saattamisen j\u00e4lkeiseen valvontaan liittyvi\u00e4 asiakokonaisuuksia.<\/p>\n\n\n\n<blockquote class=\"wp-block-quote is-layout-flow wp-block-quote-is-layout-flow\">\n<p>\u201dKansainv\u00e4liset standardit ovat avain vaatimusten t\u00e4ytt\u00e4miseen yht\u00e4 aikaa useilla mantereilla kesken\u00e4\u00e4n yhteensopivilla ja ketterill\u00e4 tavoilla\u201d, Ilkka toteaa. \u201dOn upeaa p\u00e4\u00e4st\u00e4 edustamaan Suomea, suomalaisia valmistajia ja toivottavasti my\u00f6s fiksumpaa laadunhallintaa maailmalla\u201d, h\u00e4n jatkaa.<\/p>\n<\/blockquote>\n\n\n\n<p>Ilkka on toiminut jo usean vuoden ajan l\u00e4\u00e4kinn\u00e4llisiin laitteisiin, terveydenhuollon IT-j\u00e4rjestelmiin ja ohjelmistoihin liittyvien standardien ja standardointity\u00f6n parissa.<\/p>\n\n\n\n<p>\u201dKansainv\u00e4linen standardointity\u00f6 etenee nimens\u00e4 mukaisesti erilaisten kansainv\u00e4listen komiteoiden ty\u00f6n kautta. Komiteoihin osallistuu asiantuntijoita ymp\u00e4ri maapallon ja vaikka kokoukset ajoittuvat aina jonkun osallistujan aamuun ja toisen iltaan ovat n\u00e4m\u00e4 foorumit loistavia tilaisuuksia ajatusten vaihtoon ilman maantieteellisi\u00e4 rajoja\u201d, Ilkka hehkuttaa. Kasve on mukana tukemassa Ilkan ty\u00f6t\u00e4 osana n\u00e4it\u00e4 foorumeita, ja my\u00f6s edist\u00e4m\u00e4ss\u00e4 standardien k\u00e4ytt\u00f6\u00e4 suomalaisen teollisuuden, tutkimuksen ja kliinisen ty\u00f6n parissa.<\/p>\n\n\n\n<p>Ilkka kirjoitti kev\u00e4\u00e4ll\u00e4 my\u00f6s k\u00e4yt\u00e4nn\u00f6nl\u00e4heisen kirjan l\u00e4\u00e4kinn\u00e4llisten laitteiden laadunhallinnasta ISO 13485 -standardin pohjalta amerikkalais-englantilaiselle Routledge-kustantamolle. Kirja on saatavilla muun muassa Amazon- ja Adlibris-verkkopalveluiden sek\u00e4 kirjakauppojen kautta. 370-sivuinen kirja jakautuu useaan teemaan, joiden kautta Ilkka oikoo laadunhallinnan virhek\u00e4sityksi\u00e4 ja tarjoaa kokemuksista uutettuja k\u00e4yt\u00e4nn\u00f6n vinkkej\u00e4. Teos on noussut sijoille 24 ja 100 USA:n ja Saksan Amazonin myydyimpien laadunhallinnan kirjojen joukossa.<\/p>\n\n\n\n<p>Kaipaatko lis\u00e4\u00e4 apua laadunhallinnan kehitt\u00e4miseen? Kasve tarjoaa kattavan paletin palveluita l\u00e4\u00e4kinn\u00e4llisten laitteiden ja IVD-laitteiden laadunhallinta- ja regulaatioasioihin liittyen. Mik\u00e4li siis kaipaatte osaavaa kumppania, ovat Kasven asiantuntijat aina k\u00e4ytett\u00e4viss\u00e4nne!<\/p>\n\n\n\n<p>Ilkka Juuso, Kasve<\/p>\n","protected":false},"excerpt":{"rendered":"<p>Kansainv\u00e4lisen standardointiorganisaatio ISO:n vuosikokous koskien l\u00e4\u00e4kinn\u00e4llisten laitteiden s\u00e4\u00e4ntely\u00e4 j\u00e4rjestet\u00e4\u00e4n 12.-16.12. Washington D.C.:ss\u00e4 Yhdysvalloissa. Suomea kokouksessa edustaa Ilkka Juuso, TkT, joka on toiminut syksyst\u00e4 alkaen Kasven regulaatioasioiden p\u00e4\u00e4insin\u00f6\u00f6rin\u00e4 ja vanhempana asiantuntijana jo vuodesta 2021 l\u00e4htien. Alan standardoinnissa Ilkka on ollut tiiviisti mukana jo vuodesta 2019 l\u00e4htien useiden komiteoiden kautta. Joulukuun kokousviikko kokoaa yhteen standardoinnin asiantuntijoita ymp\u00e4ri [&hellip;]<\/p>\n","protected":false},"author":16,"featured_media":1025,"comment_status":"closed","ping_status":"closed","sticky":false,"template":"","format":"standard","meta":{"_acf_changed":false,"_relevanssi_hide_post":"","_relevanssi_hide_content":"","_relevanssi_pin_for_all":"","_relevanssi_pin_keywords":"","_relevanssi_unpin_keywords":"","_relevanssi_related_keywords":"","_relevanssi_related_include_ids":"","_relevanssi_related_exclude_ids":"","_relevanssi_related_no_append":"","_relevanssi_related_not_related":"","_relevanssi_related_posts":"1071,833,852,1067,1075,921","_relevanssi_noindex_reason":"","inline_featured_image":false,"footnotes":""},"categories":[18],"tags":[],"em_industry":[],"em_theme":[48],"class_list":["post-1345","post","type-post","status-publish","format-standard","has-post-thumbnail","hentry","category-blogi","em_theme-lainsaadanto"],"acf":[],"yoast_head":"<!-- This site is optimized with the Yoast SEO Premium plugin v27.1 (Yoast SEO v27.5) - https:\/\/yoast.com\/product\/yoast-seo-premium-wordpress\/ -->\n<title>Vierasblogi: Kasven Ilkka Juuso matkaa Suomen edustajana ISO:n vuosikokoukseen Washingtoniin - Terveysteknologia<\/title>\n<meta name=\"robots\" content=\"index, follow, max-snippet:-1, max-image-preview:large, max-video-preview:-1\" \/>\n<link rel=\"canonical\" href=\"https:\/\/teknologiateollisuus.fi\/healthtech\/vierasblogi-kasven-ilkka-juuso-matkaa-suomen-edustajana-ison-vuosikokoukseen-washingtoniin\/\" \/>\n<meta property=\"og:locale\" content=\"fi_FI\" \/>\n<meta property=\"og:type\" content=\"article\" \/>\n<meta property=\"og:title\" content=\"Vierasblogi: Kasven Ilkka Juuso matkaa Suomen edustajana ISO:n vuosikokoukseen Washingtoniin\" \/>\n<meta property=\"og:description\" content=\"Kansainv\u00e4lisen standardointiorganisaatio ISO:n vuosikokous koskien l\u00e4\u00e4kinn\u00e4llisten laitteiden s\u00e4\u00e4ntely\u00e4 j\u00e4rjestet\u00e4\u00e4n 12.-16.12. Washington D.C.:ss\u00e4 Yhdysvalloissa. Suomea kokouksessa edustaa Ilkka Juuso, TkT, joka on toiminut syksyst\u00e4 alkaen Kasven regulaatioasioiden p\u00e4\u00e4insin\u00f6\u00f6rin\u00e4 ja vanhempana asiantuntijana jo vuodesta 2021 l\u00e4htien. Alan standardoinnissa Ilkka on ollut tiiviisti mukana jo vuodesta 2019 l\u00e4htien useiden komiteoiden kautta. Joulukuun kokousviikko kokoaa yhteen standardoinnin asiantuntijoita ymp\u00e4ri [&hellip;]\" \/>\n<meta property=\"og:url\" content=\"https:\/\/teknologiateollisuus.fi\/healthtech\/vierasblogi-kasven-ilkka-juuso-matkaa-suomen-edustajana-ison-vuosikokoukseen-washingtoniin\/\" \/>\n<meta property=\"og:site_name\" content=\"Terveysteknologia\" \/>\n<meta property=\"article:published_time\" content=\"2022-12-07T11:20:00+00:00\" \/>\n<meta property=\"article:modified_time\" content=\"2024-07-09T06:57:28+00:00\" \/>\n<meta property=\"og:image\" content=\"https:\/\/teknologiateollisuus.fi\/healthtech\/wp-content\/uploads\/sites\/8\/2024\/07\/Ilkka-Juuso-Washington.jpg\" \/>\n\t<meta property=\"og:image:width\" content=\"513\" \/>\n\t<meta property=\"og:image:height\" content=\"350\" \/>\n\t<meta property=\"og:image:type\" content=\"image\/jpeg\" \/>\n<meta name=\"author\" content=\"P\u00e4ivi Ahlgren\" \/>\n<meta name=\"twitter:card\" content=\"summary_large_image\" \/>\n<meta name=\"twitter:label1\" content=\"Kirjoittanut\" \/>\n\t<meta name=\"twitter:data1\" content=\"P\u00e4ivi Ahlgren\" \/>\n\t<meta name=\"twitter:label2\" content=\"Arvioitu lukuaika\" \/>\n\t<meta name=\"twitter:data2\" content=\"2 minuuttia\" \/>\n<script type=\"application\/ld+json\" class=\"yoast-schema-graph\">{\"@context\":\"https:\\\/\\\/schema.org\",\"@graph\":[{\"@type\":\"Article\",\"@id\":\"https:\\\/\\\/teknologiateollisuus.fi\\\/healthtech\\\/vierasblogi-kasven-ilkka-juuso-matkaa-suomen-edustajana-ison-vuosikokoukseen-washingtoniin\\\/#article\",\"isPartOf\":{\"@id\":\"https:\\\/\\\/teknologiateollisuus.fi\\\/healthtech\\\/vierasblogi-kasven-ilkka-juuso-matkaa-suomen-edustajana-ison-vuosikokoukseen-washingtoniin\\\/\"},\"author\":{\"name\":\"P\u00e4ivi Ahlgren\",\"@id\":\"https:\\\/\\\/teknologiateollisuus.fi\\\/healthtech\\\/#\\\/schema\\\/person\\\/964d40eb9a84d0edfc1989b7784ea950\"},\"headline\":\"Vierasblogi: Kasven Ilkka Juuso matkaa Suomen edustajana ISO:n vuosikokoukseen Washingtoniin\",\"datePublished\":\"2022-12-07T11:20:00+00:00\",\"dateModified\":\"2024-07-09T06:57:28+00:00\",\"mainEntityOfPage\":{\"@id\":\"https:\\\/\\\/teknologiateollisuus.fi\\\/healthtech\\\/vierasblogi-kasven-ilkka-juuso-matkaa-suomen-edustajana-ison-vuosikokoukseen-washingtoniin\\\/\"},\"wordCount\":360,\"image\":{\"@id\":\"https:\\\/\\\/teknologiateollisuus.fi\\\/healthtech\\\/vierasblogi-kasven-ilkka-juuso-matkaa-suomen-edustajana-ison-vuosikokoukseen-washingtoniin\\\/#primaryimage\"},\"thumbnailUrl\":\"https:\\\/\\\/teknologiateollisuus.fi\\\/healthtech\\\/wp-content\\\/uploads\\\/sites\\\/8\\\/2024\\\/07\\\/Ilkka-Juuso-Washington.jpg\",\"articleSection\":[\"Blogi\"],\"inLanguage\":\"fi\"},{\"@type\":\"WebPage\",\"@id\":\"https:\\\/\\\/teknologiateollisuus.fi\\\/healthtech\\\/vierasblogi-kasven-ilkka-juuso-matkaa-suomen-edustajana-ison-vuosikokoukseen-washingtoniin\\\/\",\"url\":\"https:\\\/\\\/teknologiateollisuus.fi\\\/healthtech\\\/vierasblogi-kasven-ilkka-juuso-matkaa-suomen-edustajana-ison-vuosikokoukseen-washingtoniin\\\/\",\"name\":\"Vierasblogi: Kasven Ilkka Juuso matkaa Suomen edustajana ISO:n vuosikokoukseen Washingtoniin - Terveysteknologia\",\"isPartOf\":{\"@id\":\"https:\\\/\\\/teknologiateollisuus.fi\\\/healthtech\\\/#website\"},\"primaryImageOfPage\":{\"@id\":\"https:\\\/\\\/teknologiateollisuus.fi\\\/healthtech\\\/vierasblogi-kasven-ilkka-juuso-matkaa-suomen-edustajana-ison-vuosikokoukseen-washingtoniin\\\/#primaryimage\"},\"image\":{\"@id\":\"https:\\\/\\\/teknologiateollisuus.fi\\\/healthtech\\\/vierasblogi-kasven-ilkka-juuso-matkaa-suomen-edustajana-ison-vuosikokoukseen-washingtoniin\\\/#primaryimage\"},\"thumbnailUrl\":\"https:\\\/\\\/teknologiateollisuus.fi\\\/healthtech\\\/wp-content\\\/uploads\\\/sites\\\/8\\\/2024\\\/07\\\/Ilkka-Juuso-Washington.jpg\",\"datePublished\":\"2022-12-07T11:20:00+00:00\",\"dateModified\":\"2024-07-09T06:57:28+00:00\",\"author\":{\"@id\":\"https:\\\/\\\/teknologiateollisuus.fi\\\/healthtech\\\/#\\\/schema\\\/person\\\/964d40eb9a84d0edfc1989b7784ea950\"},\"breadcrumb\":{\"@id\":\"https:\\\/\\\/teknologiateollisuus.fi\\\/healthtech\\\/vierasblogi-kasven-ilkka-juuso-matkaa-suomen-edustajana-ison-vuosikokoukseen-washingtoniin\\\/#breadcrumb\"},\"inLanguage\":\"fi\",\"potentialAction\":[{\"@type\":\"ReadAction\",\"target\":[\"https:\\\/\\\/teknologiateollisuus.fi\\\/healthtech\\\/vierasblogi-kasven-ilkka-juuso-matkaa-suomen-edustajana-ison-vuosikokoukseen-washingtoniin\\\/\"]}]},{\"@type\":\"ImageObject\",\"inLanguage\":\"fi\",\"@id\":\"https:\\\/\\\/teknologiateollisuus.fi\\\/healthtech\\\/vierasblogi-kasven-ilkka-juuso-matkaa-suomen-edustajana-ison-vuosikokoukseen-washingtoniin\\\/#primaryimage\",\"url\":\"https:\\\/\\\/teknologiateollisuus.fi\\\/healthtech\\\/wp-content\\\/uploads\\\/sites\\\/8\\\/2024\\\/07\\\/Ilkka-Juuso-Washington.jpg\",\"contentUrl\":\"https:\\\/\\\/teknologiateollisuus.fi\\\/healthtech\\\/wp-content\\\/uploads\\\/sites\\\/8\\\/2024\\\/07\\\/Ilkka-Juuso-Washington.jpg\",\"width\":513,\"height\":350,\"caption\":\"Ilkka Juuso Washington\"},{\"@type\":\"BreadcrumbList\",\"@id\":\"https:\\\/\\\/teknologiateollisuus.fi\\\/healthtech\\\/vierasblogi-kasven-ilkka-juuso-matkaa-suomen-edustajana-ison-vuosikokoukseen-washingtoniin\\\/#breadcrumb\",\"itemListElement\":[{\"@type\":\"ListItem\",\"position\":1,\"name\":\"Etusivu\",\"item\":\"https:\\\/\\\/teknologiateollisuus.fi\\\/healthtech\\\/\"},{\"@type\":\"ListItem\",\"position\":2,\"name\":\"Ajankohtaista\",\"item\":\"https:\\\/\\\/teknologiateollisuus.fi\\\/healthtech\\\/ajankohtaista\\\/\"},{\"@type\":\"ListItem\",\"position\":3,\"name\":\"Blogi\",\"item\":\"https:\\\/\\\/teknologiateollisuus.fi\\\/healthtech\\\/ajankohtaista\\\/?categories=18\"},{\"@type\":\"ListItem\",\"position\":4,\"name\":\"Vierasblogi: Kasven Ilkka Juuso matkaa Suomen edustajana ISO:n vuosikokoukseen Washingtoniin\"}]},{\"@type\":\"WebSite\",\"@id\":\"https:\\\/\\\/teknologiateollisuus.fi\\\/healthtech\\\/#website\",\"url\":\"https:\\\/\\\/teknologiateollisuus.fi\\\/healthtech\\\/\",\"name\":\"Terveysteknologia\",\"description\":\"\",\"potentialAction\":[{\"@type\":\"SearchAction\",\"target\":{\"@type\":\"EntryPoint\",\"urlTemplate\":\"https:\\\/\\\/teknologiateollisuus.fi\\\/healthtech\\\/?s={search_term_string}\"},\"query-input\":{\"@type\":\"PropertyValueSpecification\",\"valueRequired\":true,\"valueName\":\"search_term_string\"}}],\"inLanguage\":\"fi\"},{\"@type\":\"Person\",\"@id\":\"https:\\\/\\\/teknologiateollisuus.fi\\\/healthtech\\\/#\\\/schema\\\/person\\\/964d40eb9a84d0edfc1989b7784ea950\",\"name\":\"P\u00e4ivi Ahlgren\",\"image\":{\"@type\":\"ImageObject\",\"inLanguage\":\"fi\",\"@id\":\"https:\\\/\\\/secure.gravatar.com\\\/avatar\\\/d49c8c4a3ac6bce6f1ed1a4445d5b60a53463c32cb6ebcf6e0375dcece39eaca?s=96&d=mm&r=g\",\"url\":\"https:\\\/\\\/secure.gravatar.com\\\/avatar\\\/d49c8c4a3ac6bce6f1ed1a4445d5b60a53463c32cb6ebcf6e0375dcece39eaca?s=96&d=mm&r=g\",\"contentUrl\":\"https:\\\/\\\/secure.gravatar.com\\\/avatar\\\/d49c8c4a3ac6bce6f1ed1a4445d5b60a53463c32cb6ebcf6e0375dcece39eaca?s=96&d=mm&r=g\",\"caption\":\"P\u00e4ivi Ahlgren\"}}]}<\/script>\n<!-- \/ Yoast SEO Premium plugin. -->","yoast_head_json":{"title":"Vierasblogi: Kasven Ilkka Juuso matkaa Suomen edustajana ISO:n vuosikokoukseen Washingtoniin - Terveysteknologia","robots":{"index":"index","follow":"follow","max-snippet":"max-snippet:-1","max-image-preview":"max-image-preview:large","max-video-preview":"max-video-preview:-1"},"canonical":"https:\/\/teknologiateollisuus.fi\/healthtech\/vierasblogi-kasven-ilkka-juuso-matkaa-suomen-edustajana-ison-vuosikokoukseen-washingtoniin\/","og_locale":"fi_FI","og_type":"article","og_title":"Vierasblogi: Kasven Ilkka Juuso matkaa Suomen edustajana ISO:n vuosikokoukseen Washingtoniin","og_description":"Kansainv\u00e4lisen standardointiorganisaatio ISO:n vuosikokous koskien l\u00e4\u00e4kinn\u00e4llisten laitteiden s\u00e4\u00e4ntely\u00e4 j\u00e4rjestet\u00e4\u00e4n 12.-16.12. Washington D.C.:ss\u00e4 Yhdysvalloissa. Suomea kokouksessa edustaa Ilkka Juuso, TkT, joka on toiminut syksyst\u00e4 alkaen Kasven regulaatioasioiden p\u00e4\u00e4insin\u00f6\u00f6rin\u00e4 ja vanhempana asiantuntijana jo vuodesta 2021 l\u00e4htien. Alan standardoinnissa Ilkka on ollut tiiviisti mukana jo vuodesta 2019 l\u00e4htien useiden komiteoiden kautta. Joulukuun kokousviikko kokoaa yhteen standardoinnin asiantuntijoita ymp\u00e4ri [&hellip;]","og_url":"https:\/\/teknologiateollisuus.fi\/healthtech\/vierasblogi-kasven-ilkka-juuso-matkaa-suomen-edustajana-ison-vuosikokoukseen-washingtoniin\/","og_site_name":"Terveysteknologia","article_published_time":"2022-12-07T11:20:00+00:00","article_modified_time":"2024-07-09T06:57:28+00:00","og_image":[{"width":513,"height":350,"url":"https:\/\/teknologiateollisuus.fi\/healthtech\/wp-content\/uploads\/sites\/8\/2024\/07\/Ilkka-Juuso-Washington.jpg","type":"image\/jpeg"}],"author":"P\u00e4ivi Ahlgren","twitter_card":"summary_large_image","twitter_misc":{"Kirjoittanut":"P\u00e4ivi Ahlgren","Arvioitu lukuaika":"2 minuuttia"},"schema":{"@context":"https:\/\/schema.org","@graph":[{"@type":"Article","@id":"https:\/\/teknologiateollisuus.fi\/healthtech\/vierasblogi-kasven-ilkka-juuso-matkaa-suomen-edustajana-ison-vuosikokoukseen-washingtoniin\/#article","isPartOf":{"@id":"https:\/\/teknologiateollisuus.fi\/healthtech\/vierasblogi-kasven-ilkka-juuso-matkaa-suomen-edustajana-ison-vuosikokoukseen-washingtoniin\/"},"author":{"name":"P\u00e4ivi Ahlgren","@id":"https:\/\/teknologiateollisuus.fi\/healthtech\/#\/schema\/person\/964d40eb9a84d0edfc1989b7784ea950"},"headline":"Vierasblogi: Kasven Ilkka Juuso matkaa Suomen edustajana ISO:n vuosikokoukseen Washingtoniin","datePublished":"2022-12-07T11:20:00+00:00","dateModified":"2024-07-09T06:57:28+00:00","mainEntityOfPage":{"@id":"https:\/\/teknologiateollisuus.fi\/healthtech\/vierasblogi-kasven-ilkka-juuso-matkaa-suomen-edustajana-ison-vuosikokoukseen-washingtoniin\/"},"wordCount":360,"image":{"@id":"https:\/\/teknologiateollisuus.fi\/healthtech\/vierasblogi-kasven-ilkka-juuso-matkaa-suomen-edustajana-ison-vuosikokoukseen-washingtoniin\/#primaryimage"},"thumbnailUrl":"https:\/\/teknologiateollisuus.fi\/healthtech\/wp-content\/uploads\/sites\/8\/2024\/07\/Ilkka-Juuso-Washington.jpg","articleSection":["Blogi"],"inLanguage":"fi"},{"@type":"WebPage","@id":"https:\/\/teknologiateollisuus.fi\/healthtech\/vierasblogi-kasven-ilkka-juuso-matkaa-suomen-edustajana-ison-vuosikokoukseen-washingtoniin\/","url":"https:\/\/teknologiateollisuus.fi\/healthtech\/vierasblogi-kasven-ilkka-juuso-matkaa-suomen-edustajana-ison-vuosikokoukseen-washingtoniin\/","name":"Vierasblogi: Kasven Ilkka Juuso matkaa Suomen edustajana ISO:n vuosikokoukseen Washingtoniin - Terveysteknologia","isPartOf":{"@id":"https:\/\/teknologiateollisuus.fi\/healthtech\/#website"},"primaryImageOfPage":{"@id":"https:\/\/teknologiateollisuus.fi\/healthtech\/vierasblogi-kasven-ilkka-juuso-matkaa-suomen-edustajana-ison-vuosikokoukseen-washingtoniin\/#primaryimage"},"image":{"@id":"https:\/\/teknologiateollisuus.fi\/healthtech\/vierasblogi-kasven-ilkka-juuso-matkaa-suomen-edustajana-ison-vuosikokoukseen-washingtoniin\/#primaryimage"},"thumbnailUrl":"https:\/\/teknologiateollisuus.fi\/healthtech\/wp-content\/uploads\/sites\/8\/2024\/07\/Ilkka-Juuso-Washington.jpg","datePublished":"2022-12-07T11:20:00+00:00","dateModified":"2024-07-09T06:57:28+00:00","author":{"@id":"https:\/\/teknologiateollisuus.fi\/healthtech\/#\/schema\/person\/964d40eb9a84d0edfc1989b7784ea950"},"breadcrumb":{"@id":"https:\/\/teknologiateollisuus.fi\/healthtech\/vierasblogi-kasven-ilkka-juuso-matkaa-suomen-edustajana-ison-vuosikokoukseen-washingtoniin\/#breadcrumb"},"inLanguage":"fi","potentialAction":[{"@type":"ReadAction","target":["https:\/\/teknologiateollisuus.fi\/healthtech\/vierasblogi-kasven-ilkka-juuso-matkaa-suomen-edustajana-ison-vuosikokoukseen-washingtoniin\/"]}]},{"@type":"ImageObject","inLanguage":"fi","@id":"https:\/\/teknologiateollisuus.fi\/healthtech\/vierasblogi-kasven-ilkka-juuso-matkaa-suomen-edustajana-ison-vuosikokoukseen-washingtoniin\/#primaryimage","url":"https:\/\/teknologiateollisuus.fi\/healthtech\/wp-content\/uploads\/sites\/8\/2024\/07\/Ilkka-Juuso-Washington.jpg","contentUrl":"https:\/\/teknologiateollisuus.fi\/healthtech\/wp-content\/uploads\/sites\/8\/2024\/07\/Ilkka-Juuso-Washington.jpg","width":513,"height":350,"caption":"Ilkka Juuso Washington"},{"@type":"BreadcrumbList","@id":"https:\/\/teknologiateollisuus.fi\/healthtech\/vierasblogi-kasven-ilkka-juuso-matkaa-suomen-edustajana-ison-vuosikokoukseen-washingtoniin\/#breadcrumb","itemListElement":[{"@type":"ListItem","position":1,"name":"Etusivu","item":"https:\/\/teknologiateollisuus.fi\/healthtech\/"},{"@type":"ListItem","position":2,"name":"Ajankohtaista","item":"https:\/\/teknologiateollisuus.fi\/healthtech\/ajankohtaista\/"},{"@type":"ListItem","position":3,"name":"Blogi","item":"https:\/\/teknologiateollisuus.fi\/healthtech\/ajankohtaista\/?categories=18"},{"@type":"ListItem","position":4,"name":"Vierasblogi: Kasven Ilkka Juuso matkaa Suomen edustajana ISO:n vuosikokoukseen Washingtoniin"}]},{"@type":"WebSite","@id":"https:\/\/teknologiateollisuus.fi\/healthtech\/#website","url":"https:\/\/teknologiateollisuus.fi\/healthtech\/","name":"Terveysteknologia","description":"","potentialAction":[{"@type":"SearchAction","target":{"@type":"EntryPoint","urlTemplate":"https:\/\/teknologiateollisuus.fi\/healthtech\/?s={search_term_string}"},"query-input":{"@type":"PropertyValueSpecification","valueRequired":true,"valueName":"search_term_string"}}],"inLanguage":"fi"},{"@type":"Person","@id":"https:\/\/teknologiateollisuus.fi\/healthtech\/#\/schema\/person\/964d40eb9a84d0edfc1989b7784ea950","name":"P\u00e4ivi Ahlgren","image":{"@type":"ImageObject","inLanguage":"fi","@id":"https:\/\/secure.gravatar.com\/avatar\/d49c8c4a3ac6bce6f1ed1a4445d5b60a53463c32cb6ebcf6e0375dcece39eaca?s=96&d=mm&r=g","url":"https:\/\/secure.gravatar.com\/avatar\/d49c8c4a3ac6bce6f1ed1a4445d5b60a53463c32cb6ebcf6e0375dcece39eaca?s=96&d=mm&r=g","contentUrl":"https:\/\/secure.gravatar.com\/avatar\/d49c8c4a3ac6bce6f1ed1a4445d5b60a53463c32cb6ebcf6e0375dcece39eaca?s=96&d=mm&r=g","caption":"P\u00e4ivi Ahlgren"}}]}},"lang":"fi","translations":{"fi":1345},"pll_sync_post":{},"_links":{"self":[{"href":"https:\/\/teknologiateollisuus.fi\/healthtech\/wp-json\/wp\/v2\/posts\/1345","targetHints":{"allow":["GET"]}}],"collection":[{"href":"https:\/\/teknologiateollisuus.fi\/healthtech\/wp-json\/wp\/v2\/posts"}],"about":[{"href":"https:\/\/teknologiateollisuus.fi\/healthtech\/wp-json\/wp\/v2\/types\/post"}],"author":[{"embeddable":true,"href":"https:\/\/teknologiateollisuus.fi\/healthtech\/wp-json\/wp\/v2\/users\/16"}],"replies":[{"embeddable":true,"href":"https:\/\/teknologiateollisuus.fi\/healthtech\/wp-json\/wp\/v2\/comments?post=1345"}],"version-history":[{"count":1,"href":"https:\/\/teknologiateollisuus.fi\/healthtech\/wp-json\/wp\/v2\/posts\/1345\/revisions"}],"predecessor-version":[{"id":1346,"href":"https:\/\/teknologiateollisuus.fi\/healthtech\/wp-json\/wp\/v2\/posts\/1345\/revisions\/1346"}],"wp:featuredmedia":[{"embeddable":true,"href":"https:\/\/teknologiateollisuus.fi\/healthtech\/wp-json\/wp\/v2\/media\/1025"}],"wp:attachment":[{"href":"https:\/\/teknologiateollisuus.fi\/healthtech\/wp-json\/wp\/v2\/media?parent=1345"}],"wp:term":[{"taxonomy":"category","embeddable":true,"href":"https:\/\/teknologiateollisuus.fi\/healthtech\/wp-json\/wp\/v2\/categories?post=1345"},{"taxonomy":"post_tag","embeddable":true,"href":"https:\/\/teknologiateollisuus.fi\/healthtech\/wp-json\/wp\/v2\/tags?post=1345"},{"taxonomy":"em_industry","embeddable":true,"href":"https:\/\/teknologiateollisuus.fi\/healthtech\/wp-json\/wp\/v2\/em_industry?post=1345"},{"taxonomy":"em_theme","embeddable":true,"href":"https:\/\/teknologiateollisuus.fi\/healthtech\/wp-json\/wp\/v2\/em_theme?post=1345"}],"curies":[{"name":"wp","href":"https:\/\/api.w.org\/{rel}","templated":true}]}}