{"id":1404,"date":"2023-03-06T08:18:00","date_gmt":"2023-03-06T06:18:00","guid":{"rendered":"https:\/\/teknologiateollisuus.fi\/healthtech\/?p=1404"},"modified":"2024-07-09T11:02:48","modified_gmt":"2024-07-09T08:02:48","slug":"manifesti-onnistuneen-ikaantymisen-puolesta","status":"publish","type":"post","link":"https:\/\/teknologiateollisuus.fi\/healthtech\/manifesti-onnistuneen-ikaantymisen-puolesta\/","title":{"rendered":"MANIFESTI Onnistuneen ik\u00e4\u00e4ntymisen puolesta"},"content":{"rendered":"\n<p><strong><em>SOTE-uudistuksen keskell\u00e4 ja eduskuntavaalien alla on syyt\u00e4 nostaa keski\u00f6\u00f6n ihminen, joka helposti unohtuu j\u00e4rjestelmi\u00e4 rakennettaessa. Ihmiset eiv\u00e4t ole j\u00e4rjestelm\u00e4\u00e4 varten vaan toisinp\u00e4in. Tieto on osa ihmist\u00e4 ja mahdollistaa paremman el\u00e4m\u00e4n. Sit\u00e4k\u00e4\u00e4n ei pid\u00e4 unohtaa.<\/em><\/strong><\/p>\n\n\n\n<p>Ihmiset ik\u00e4\u00e4n katsomatta ovat yhteiskunnan perusta. Kaikkien kokemuksia ja osaamista tarvitaan. Jokaisella on oikeus nauttia el\u00e4m\u00e4st\u00e4 omalla tavallaan. Usko tulevaisuuteen ja kiitollisuus elettyyn el\u00e4m\u00e4\u00e4n luovat my\u00f6nteist\u00e4 mielenmaisemaa ja auttavat jaksamaan vaikeinakin aikoina. Matkan varrella tarvitaan apua ja tukea. Keski\u00f6ss\u00e4 on aina kuitenkin ihminen ja h\u00e4nen omann\u00e4k\u00f6inen el\u00e4m\u00e4ns\u00e4.<\/p>\n\n\n\n<p>Nykyaika ja tulevaisuus koostuvat tiedosta, jota kertyy koko ajan monista eri paikoista ja jota yhdistelem\u00e4ll\u00e4 voidaan ennakoida, suunnitella parempaa el\u00e4m\u00e4\u00e4 tai tehd\u00e4 el\u00e4m\u00e4\u00e4 helpottavia palveluja. Tieto ei en\u00e4\u00e4 ole irrallisia viipalekuvia el\u00e4m\u00e4n varrelta vaan koko el\u00e4m\u00e4n ajan kertyv\u00e4\u00e4 tietoa, joka ihannetilanteessa kulkee paikasta toiseen ollen siell\u00e4, miss\u00e4 sit\u00e4 tarvitaan. On hullua j\u00e4tt\u00e4\u00e4 tieto k\u00e4ytt\u00e4m\u00e4tt\u00e4.<\/p>\n\n\n\n<blockquote class=\"wp-block-quote is-layout-flow wp-block-quote-is-layout-flow\">\n<p><strong>Ik\u00e4\u00e4ntyminen ei ole pelk\u00e4st\u00e4\u00e4n vanhojen ihmisten asia<\/strong><\/p>\n<\/blockquote>\n\n\n\n<p>Palvelutarve kasvaa 85-vuotiaana. Ty\u00f6ik\u00e4isen\u00e4 voi itsekin vaikuttaa ty\u00f6hyvinvointiin ja -kykyyn, jotta toimintakyky ik\u00e4\u00e4ntyess\u00e4 s\u00e4ilyy ja palvelutarve on mahdollisimman pieni. Peli ei my\u00f6sk\u00e4\u00e4n ole menetetty, vaikka my\u00f6h\u00e4ss\u00e4 her\u00e4isikin asiaan. Kaikenik\u00e4iset voivat parantaa toimintakyky\u00e4\u00e4n. Yhteiskunta laittaa pankkiin rahaa, kun se panostaa kaikenik\u00e4isten hyvinvointiin sek\u00e4 ty\u00f6- ja toimintakykyyn.<\/p>\n\n\n\n<p>Itse kukin voi i\u00e4n karttuessa tarvita apua. Miten ihanaa olisikaan ik\u00e4valmentaja. El\u00e4kkeen kynnyksell\u00e4 kelpaisi el\u00e4kevalmentaja. Ajatella, jos viel\u00e4 saisi henkil\u00f6kohtaisen hoivapolun, jossa p\u00e4\u00e4ttelypuun avulla voisi varmistaa, ett\u00e4 kuntoutus haaverin j\u00e4lkeen onnistuu.<\/p>\n\n\n\n<blockquote class=\"wp-block-quote is-layout-flow wp-block-quote-is-layout-flow\">\n<p><strong>Koti ja l\u00e4hiymp\u00e4rist\u00f6 on el\u00e4mist\u00e4 varten<\/strong><\/p>\n<\/blockquote>\n\n\n\n<p>Koti on siell\u00e4, miss\u00e4 kukin asuu, yksin tai muiden kanssa. I\u00e4n my\u00f6t\u00e4 jokainen tarvitsee el\u00e4m\u00e4ntilanteeseen sopivan asumisratkaisun. Vaihtoehtojen tuleekin olla tarpeen mukaisia. Etuk\u00e4teen on hyv\u00e4 suunnitella asumisen muotoja. Lains\u00e4\u00e4d\u00e4nn\u00f6ll\u00e4 vaihtoehtoja ei pid\u00e4 rajata. Toimeenpanon vapaus synnytt\u00e4\u00e4 uusia ratkaisuja ja kokeiluja, joista toimivat j\u00e4\u00e4v\u00e4t el\u00e4m\u00e4\u00e4n.<\/p>\n\n\n\n<p>Suomi ik\u00e4\u00e4ntyy t\u00e4ll\u00e4 hetkell\u00e4 niin vinhaa vauhtia, ett\u00e4 ty\u00f6voimasta on pulaa kaikilla aloilla. Koulutuspaikkojen lis\u00e4\u00e4minen tai kansainv\u00e4linen rekrytointi eiv\u00e4t yksin auta. Oleellista on, mihin ihmisen osaaminen kannattaa k\u00e4ytt\u00e4\u00e4. Tarvitaan kannusteita etsi\u00e4 ratkaisuja muualta. Teknologia tekee oman osansa.<\/p>\n\n\n\n<p>Digitalisaation, teko\u00e4lyn ja robotiikan avulla saadaan \u00e4lykk\u00e4it\u00e4 apulaisia niin ik\u00e4\u00e4ntyneiden kuin ammattialisten avuksi. Ratkaisuja on olemassa, mutta niit\u00e4 hy\u00f6dynnet\u00e4\u00e4n hoiva-alalla liian v\u00e4h\u00e4n. Henkil\u00f6st\u00f6mitoitus on poistanut kannusteen etsi\u00e4 teknologiasta ratkaisuja.<\/p>\n\n\n\n<p>Kannattaa my\u00f6s muistaa, ett\u00e4 el\u00e4k\u00f6ityminen on mahdollisuus monelle. Osa jaksaa tehd\u00e4 t\u00f6it\u00e4, auttaa omia l\u00e4heisi\u00e4\u00e4n tai l\u00f6yt\u00e4\u00e4 paikkansa vapaaehtoisty\u00f6ss\u00e4.<\/p>\n\n\n\n<blockquote class=\"wp-block-quote is-layout-flow wp-block-quote-is-layout-flow\">\n<p><strong>Onnistumiset esiin<\/strong><\/p>\n<\/blockquote>\n\n\n\n<p>Mediaa seuraamalla saa v\u00e4\u00e4r\u00e4n kuvan ik\u00e4\u00e4ntyneiden el\u00e4m\u00e4st\u00e4 ja hoitajien ty\u00f6st\u00e4 nyky-Suomessa. THL selvitti\u00a0asiakkaiden tyytyv\u00e4isyytt\u00e4 vanhuspalveluihin, ja selvityksen mukaan enemmist\u00f6 oli tyytyv\u00e4isi\u00e4 palveluihin. P\u00e4\u00e4sik\u00f6 t\u00e4m\u00e4 uutisiin? Ei. Harmillisen usein sinne p\u00e4\u00e4sev\u00e4t vain ep\u00e4kohdat, jotka eiv\u00e4t kerro koko totuutta alasta.<\/p>\n\n\n\n<p>Hyvien esimerkkien lis\u00e4ksi tarvitaan roolimalleja, joihin samaistua. Suomalaiset voisivat ottaa mallia amerikkalaisista. Siell\u00e4 ei v\u00e4h\u00e4tell\u00e4 vaan ajatellaan, jos tuo pystyi sen tekem\u00e4\u00e4n, niin pystyn min\u00e4kin! Otetaan siis mallia Risto Pelkosesta, Aira Samulinist\u00e4, Seela Sellasta tai ihan kenest\u00e4 vaan tavallisesta, oman el\u00e4m\u00e4ns\u00e4 aktiivisesta sankarista. Nostetaan esiin erilaisia ihmisi\u00e4 ja tarinoita, jotta jokainen l\u00f6yt\u00e4\u00e4 innostusta omaan el\u00e4m\u00e4\u00e4ns\u00e4.<\/p>\n\n\n\n<p>Suomi ei vanhene yksin. Otetaan mallia maailmalta, kuten\u00a0Kanadasta\u00a0ja vied\u00e4\u00e4n osaamistamme muualle. Jakamisesta hy\u00f6tyv\u00e4t kaikki, ja seh\u00e4n on yht\u00e4 juhlaa, kuten\u00a0Radical Health Festival, jossa tietoa t\u00e4st\u00e4kin aiheesta jaetaan meille ja muualle.<\/p>\n\n\n\n<p>Kaiken tuloksena voimme luoda terveysalasta entist\u00e4 vahvempaa talouskasvumoottorin vientituloineen, mill\u00e4 luodaan kest\u00e4v\u00e4 rahoitus hyvinvointipalveluidemme rahoittamiseksi.<\/p>\n\n\n\n<p><strong>#hopeinensiirtym\u00e4<\/strong><\/p>\n\n\n\n<p>Monessa kahvip\u00f6yd\u00e4ss\u00e4 puhutaan, ett\u00e4 \u201dtarttis tehr\u00e4 jotakin\u201d. Ik\u00e4ihmisten n\u00e4k\u00f6isest\u00e4, toimintakykyisest\u00e4 el\u00e4m\u00e4st\u00e4 \u201dhaaveileva\u201d monialainen \u201d#sote:lle sykkiv\u00e4\u201d asiantuntijaryhm\u00e4 p\u00e4\u00e4tti yhdist\u00e4\u00e4 voimansa ja tekee t\u00f6it\u00e4 sen eteen, jotta palveluiden kehitt\u00e4misen keski\u00f6ss\u00e4 on ik\u00e4ihminen itse ja monipuoliset ratkaisut. N\u00e4in syntyi ryhm\u00e4 #hopeinensiirtym\u00e4.<\/p>\n\n\n\n<blockquote class=\"wp-block-quote is-layout-flow wp-block-quote-is-layout-flow\">\n<p><strong><em>Miksi olemme mukana?<\/em><\/strong><\/p>\n<\/blockquote>\n\n\n\n<p>Cristina Andersson &#8211; Kunnioitan ja v\u00e4lit\u00e4n seniorikansalaisistamme. He tarvitsevat ja ansaitsevat hyv\u00e4n el\u00e4m\u00e4n ja hoivan hopeisille vuosilleen.<\/p>\n\n\n\n<p>Ulla Broms &#8211; V\u00e4it\u00e4n, ett\u00e4 hyv\u00e4\u00e4n el\u00e4m\u00e4\u00e4n kuuluu yll\u00e4tyksi\u00e4, el\u00e4myksi\u00e4 ja j\u00e4rkev\u00e4\u00e4 tekemist\u00e4. Jokainen tarvitsee ymp\u00e4rilleen yst\u00e4vi\u00e4 ja yhteis\u00f6n. Yhdess\u00e4 ja oikealla asenteella t\u00e4m\u00e4 kaikki on mahdollista.<\/p>\n\n\n\n<p>Saara Hassinen &#8211; Uskon vahvasti teknologian tuomaa apuun niin ik\u00e4\u00e4ntyville kuin ammattialaisille. Kannustan kaikkia pit\u00e4m\u00e4\u00e4n itsest\u00e4\u00e4n huolta ja luomaan omann\u00e4k\u00f6isen el\u00e4m\u00e4n.<\/p>\n\n\n\n<p>Pia Heikkurinen &#8211; Haluan edesauttaa ik\u00e4\u00e4ntyneiden toimintakyvyn s\u00e4ilymist\u00e4 ja osallistumista yhteiskunnalliseen toimintaan mahdollisimman pitk\u00e4\u00e4n. Radical Health Festival tarjoaa alustan tarvittaville radikaaleille muutoksille.<\/p>\n\n\n\n<p>Anne Kangas &#8211; Haluan her\u00e4tell\u00e4 jokaista pohtimaan omia el\u00e4m\u00e4nilon l\u00e4hteit\u00e4, el\u00e4m\u00e4n merkityksellisyytt\u00e4 sek\u00e4 sit\u00e4, mist\u00e4 voi olla el\u00e4m\u00e4ss\u00e4\u00e4n kiitollinen. N\u00e4in saamme rakennettua hyv\u00e4\u00e4 el\u00e4m\u00e4\u00e4.<\/p>\n\n\n\n<p>Sanna Aunesluoma ent. Lauslahti &#8211; Ihmeit\u00e4 ihmisi\u00e4 varten tehd\u00e4\u00e4n yhdess\u00e4. Kun innovaatioita hy\u00f6dynnet\u00e4\u00e4n ik\u00e4\u00e4ntyv\u00e4n yhteiskunnan haasteista selviytymiseen, voimme luottaa, ett\u00e4 meille kaikille ik\u00e4\u00e4ntyess\u00e4 asiat ovat nykyist\u00e4 paremmin.<\/p>\n\n\n\n<p>Kiti M\u00fcller &#8211; Neurologina haluan vaikuttaa, ett\u00e4 ihmisen terveyteen liittyv\u00e4 tutkittu tieto jalkautuu k\u00e4yt\u00e4nt\u00f6\u00f6n ja varmistaa, ett\u00e4 elinymp\u00e4rist\u00f6 edist\u00e4\u00e4 ja tukee monin eri tavoin eri-ik\u00e4isten ihmisten toimintakyky\u00e4 ja yhdess\u00e4 oloa.&nbsp;<\/p>\n\n\n\n<p>Minna Nissinen &#8211; Haluan olla mahdollistamassa jokaiselle omann\u00e4k\u00f6isen, hyv\u00e4n el\u00e4m\u00e4n omista voimavaroista riippumatta ja hoivan parissa ty\u00f6skenteleville sujuvan arjen.<\/p>\n\n\n\n<p>Susanna Paloheimo &#8211; Haluan, ett\u00e4 jokainen voi luottaa el\u00e4m\u00e4n olevan vanhanakin el\u00e4m\u00e4nmakuista, turvallista ja arvokasta. Ei vain hoivan kohteena selviytymist\u00e4 ja sinnittely\u00e4.<\/p>\n\n\n\n<p>Elisa Pilli-Sihvola &#8211; Mukana varmistamassa, ett\u00e4 ik\u00e4\u00e4ntyv\u00e4t voivat el\u00e4\u00e4 itsen\u00e4ist\u00e4 ja rikasta el\u00e4m\u00e4\u00e4.<\/p>\n\n\n\n<p>Minna Saranp\u00e4\u00e4 &#8211; Intohimosta ihmisen n\u00e4k\u00f6isten ja el\u00e4m\u00e4n makuisten #sote palvelujen rakentamiseen ja ik\u00e4ihmisten toimijuuden vahvistamiseen.<\/p>\n\n\n\n<blockquote class=\"wp-block-quote is-layout-flow wp-block-quote-is-layout-flow\">\n<p><strong>Osallistu haasteeseen<\/strong><\/p>\n<\/blockquote>\n\n\n\n<p>Lis\u00e4\u00e4 viesteihisi #hopeinensiirtym\u00e4 tai #hyv\u00e4\u00e4el\u00e4m\u00e4\u00e4vuosiin tai mit\u00e4 vaan, jolla her\u00e4t\u00e4t tuttusi toimiin. T\u00e4h\u00e4n tarvitaan meit\u00e4 kaikkia.<\/p>\n","protected":false},"excerpt":{"rendered":"<p>SOTE-uudistuksen keskell\u00e4 ja eduskuntavaalien alla on syyt\u00e4 nostaa keski\u00f6\u00f6n ihminen, joka helposti unohtuu j\u00e4rjestelmi\u00e4 rakennettaessa. Ihmiset eiv\u00e4t ole j\u00e4rjestelm\u00e4\u00e4 varten vaan toisinp\u00e4in. Tieto on osa ihmist\u00e4 ja mahdollistaa paremman el\u00e4m\u00e4n. Sit\u00e4k\u00e4\u00e4n ei pid\u00e4 unohtaa. Ihmiset ik\u00e4\u00e4n katsomatta ovat yhteiskunnan perusta. Kaikkien kokemuksia ja osaamista tarvitaan. Jokaisella on oikeus nauttia el\u00e4m\u00e4st\u00e4 omalla tavallaan. Usko tulevaisuuteen ja [&hellip;]<\/p>\n","protected":false},"author":16,"featured_media":1021,"comment_status":"closed","ping_status":"closed","sticky":false,"template":"","format":"standard","meta":{"_acf_changed":false,"_relevanssi_hide_post":"","_relevanssi_hide_content":"","_relevanssi_pin_for_all":"","_relevanssi_pin_keywords":"","_relevanssi_unpin_keywords":"","_relevanssi_related_keywords":"","_relevanssi_related_include_ids":"","_relevanssi_related_exclude_ids":"","_relevanssi_related_no_append":"","_relevanssi_related_not_related":"","_relevanssi_related_posts":"1071,833,852,1067,1075,921","_relevanssi_noindex_reason":"","inline_featured_image":false,"footnotes":""},"categories":[14],"tags":[],"em_industry":[],"em_theme":[50],"class_list":["post-1404","post","type-post","status-publish","format-standard","has-post-thumbnail","hentry","category-uutinen","em_theme-sote"],"acf":[],"yoast_head":"<!-- This site is optimized with the Yoast SEO Premium plugin v27.1 (Yoast SEO v27.5) - https:\/\/yoast.com\/product\/yoast-seo-premium-wordpress\/ -->\n<title>MANIFESTI Onnistuneen ik\u00e4\u00e4ntymisen puolesta - Terveysteknologia<\/title>\n<meta name=\"robots\" content=\"index, follow, max-snippet:-1, max-image-preview:large, max-video-preview:-1\" \/>\n<link rel=\"canonical\" href=\"https:\/\/teknologiateollisuus.fi\/healthtech\/manifesti-onnistuneen-ikaantymisen-puolesta\/\" \/>\n<meta property=\"og:locale\" content=\"fi_FI\" \/>\n<meta property=\"og:type\" content=\"article\" \/>\n<meta property=\"og:title\" content=\"MANIFESTI Onnistuneen ik\u00e4\u00e4ntymisen puolesta\" \/>\n<meta property=\"og:description\" content=\"SOTE-uudistuksen keskell\u00e4 ja eduskuntavaalien alla on syyt\u00e4 nostaa keski\u00f6\u00f6n ihminen, joka helposti unohtuu j\u00e4rjestelmi\u00e4 rakennettaessa. Ihmiset eiv\u00e4t ole j\u00e4rjestelm\u00e4\u00e4 varten vaan toisinp\u00e4in. Tieto on osa ihmist\u00e4 ja mahdollistaa paremman el\u00e4m\u00e4n. Sit\u00e4k\u00e4\u00e4n ei pid\u00e4 unohtaa. Ihmiset ik\u00e4\u00e4n katsomatta ovat yhteiskunnan perusta. Kaikkien kokemuksia ja osaamista tarvitaan. Jokaisella on oikeus nauttia el\u00e4m\u00e4st\u00e4 omalla tavallaan. Usko tulevaisuuteen ja [&hellip;]\" \/>\n<meta property=\"og:url\" content=\"https:\/\/teknologiateollisuus.fi\/healthtech\/manifesti-onnistuneen-ikaantymisen-puolesta\/\" \/>\n<meta property=\"og:site_name\" content=\"Terveysteknologia\" \/>\n<meta property=\"article:published_time\" content=\"2023-03-06T06:18:00+00:00\" \/>\n<meta property=\"article:modified_time\" content=\"2024-07-09T08:02:48+00:00\" \/>\n<meta property=\"og:image\" content=\"https:\/\/teknologiateollisuus.fi\/healthtech\/wp-content\/uploads\/sites\/8\/2024\/07\/Hopeinen-siirtyma.jpg\" \/>\n\t<meta property=\"og:image:width\" content=\"493\" \/>\n\t<meta property=\"og:image:height\" content=\"350\" \/>\n\t<meta property=\"og:image:type\" content=\"image\/jpeg\" \/>\n<meta name=\"author\" content=\"P\u00e4ivi Ahlgren\" \/>\n<meta name=\"twitter:card\" content=\"summary_large_image\" \/>\n<meta name=\"twitter:label1\" content=\"Kirjoittanut\" \/>\n\t<meta name=\"twitter:data1\" content=\"P\u00e4ivi Ahlgren\" \/>\n\t<meta name=\"twitter:label2\" content=\"Arvioitu lukuaika\" \/>\n\t<meta name=\"twitter:data2\" content=\"5 minuuttia\" \/>\n<script type=\"application\/ld+json\" class=\"yoast-schema-graph\">{\"@context\":\"https:\\\/\\\/schema.org\",\"@graph\":[{\"@type\":\"Article\",\"@id\":\"https:\\\/\\\/teknologiateollisuus.fi\\\/healthtech\\\/manifesti-onnistuneen-ikaantymisen-puolesta\\\/#article\",\"isPartOf\":{\"@id\":\"https:\\\/\\\/teknologiateollisuus.fi\\\/healthtech\\\/manifesti-onnistuneen-ikaantymisen-puolesta\\\/\"},\"author\":{\"name\":\"P\u00e4ivi Ahlgren\",\"@id\":\"https:\\\/\\\/teknologiateollisuus.fi\\\/healthtech\\\/#\\\/schema\\\/person\\\/964d40eb9a84d0edfc1989b7784ea950\"},\"headline\":\"MANIFESTI Onnistuneen ik\u00e4\u00e4ntymisen puolesta\",\"datePublished\":\"2023-03-06T06:18:00+00:00\",\"dateModified\":\"2024-07-09T08:02:48+00:00\",\"mainEntityOfPage\":{\"@id\":\"https:\\\/\\\/teknologiateollisuus.fi\\\/healthtech\\\/manifesti-onnistuneen-ikaantymisen-puolesta\\\/\"},\"wordCount\":1018,\"image\":{\"@id\":\"https:\\\/\\\/teknologiateollisuus.fi\\\/healthtech\\\/manifesti-onnistuneen-ikaantymisen-puolesta\\\/#primaryimage\"},\"thumbnailUrl\":\"https:\\\/\\\/teknologiateollisuus.fi\\\/healthtech\\\/wp-content\\\/uploads\\\/sites\\\/8\\\/2024\\\/07\\\/Hopeinen-siirtyma.jpg\",\"articleSection\":[\"Uutinen\"],\"inLanguage\":\"fi\"},{\"@type\":\"WebPage\",\"@id\":\"https:\\\/\\\/teknologiateollisuus.fi\\\/healthtech\\\/manifesti-onnistuneen-ikaantymisen-puolesta\\\/\",\"url\":\"https:\\\/\\\/teknologiateollisuus.fi\\\/healthtech\\\/manifesti-onnistuneen-ikaantymisen-puolesta\\\/\",\"name\":\"MANIFESTI Onnistuneen ik\u00e4\u00e4ntymisen puolesta - Terveysteknologia\",\"isPartOf\":{\"@id\":\"https:\\\/\\\/teknologiateollisuus.fi\\\/healthtech\\\/#website\"},\"primaryImageOfPage\":{\"@id\":\"https:\\\/\\\/teknologiateollisuus.fi\\\/healthtech\\\/manifesti-onnistuneen-ikaantymisen-puolesta\\\/#primaryimage\"},\"image\":{\"@id\":\"https:\\\/\\\/teknologiateollisuus.fi\\\/healthtech\\\/manifesti-onnistuneen-ikaantymisen-puolesta\\\/#primaryimage\"},\"thumbnailUrl\":\"https:\\\/\\\/teknologiateollisuus.fi\\\/healthtech\\\/wp-content\\\/uploads\\\/sites\\\/8\\\/2024\\\/07\\\/Hopeinen-siirtyma.jpg\",\"datePublished\":\"2023-03-06T06:18:00+00:00\",\"dateModified\":\"2024-07-09T08:02:48+00:00\",\"author\":{\"@id\":\"https:\\\/\\\/teknologiateollisuus.fi\\\/healthtech\\\/#\\\/schema\\\/person\\\/964d40eb9a84d0edfc1989b7784ea950\"},\"breadcrumb\":{\"@id\":\"https:\\\/\\\/teknologiateollisuus.fi\\\/healthtech\\\/manifesti-onnistuneen-ikaantymisen-puolesta\\\/#breadcrumb\"},\"inLanguage\":\"fi\",\"potentialAction\":[{\"@type\":\"ReadAction\",\"target\":[\"https:\\\/\\\/teknologiateollisuus.fi\\\/healthtech\\\/manifesti-onnistuneen-ikaantymisen-puolesta\\\/\"]}]},{\"@type\":\"ImageObject\",\"inLanguage\":\"fi\",\"@id\":\"https:\\\/\\\/teknologiateollisuus.fi\\\/healthtech\\\/manifesti-onnistuneen-ikaantymisen-puolesta\\\/#primaryimage\",\"url\":\"https:\\\/\\\/teknologiateollisuus.fi\\\/healthtech\\\/wp-content\\\/uploads\\\/sites\\\/8\\\/2024\\\/07\\\/Hopeinen-siirtyma.jpg\",\"contentUrl\":\"https:\\\/\\\/teknologiateollisuus.fi\\\/healthtech\\\/wp-content\\\/uploads\\\/sites\\\/8\\\/2024\\\/07\\\/Hopeinen-siirtyma.jpg\",\"width\":493,\"height\":350,\"caption\":\"Hopeinen siirtym\u00e4\"},{\"@type\":\"BreadcrumbList\",\"@id\":\"https:\\\/\\\/teknologiateollisuus.fi\\\/healthtech\\\/manifesti-onnistuneen-ikaantymisen-puolesta\\\/#breadcrumb\",\"itemListElement\":[{\"@type\":\"ListItem\",\"position\":1,\"name\":\"Etusivu\",\"item\":\"https:\\\/\\\/teknologiateollisuus.fi\\\/healthtech\\\/\"},{\"@type\":\"ListItem\",\"position\":2,\"name\":\"Ajankohtaista\",\"item\":\"https:\\\/\\\/teknologiateollisuus.fi\\\/healthtech\\\/ajankohtaista\\\/\"},{\"@type\":\"ListItem\",\"position\":3,\"name\":\"Uutinen\",\"item\":\"https:\\\/\\\/teknologiateollisuus.fi\\\/healthtech\\\/ajankohtaista\\\/?categories=14\"},{\"@type\":\"ListItem\",\"position\":4,\"name\":\"MANIFESTI Onnistuneen ik\u00e4\u00e4ntymisen puolesta\"}]},{\"@type\":\"WebSite\",\"@id\":\"https:\\\/\\\/teknologiateollisuus.fi\\\/healthtech\\\/#website\",\"url\":\"https:\\\/\\\/teknologiateollisuus.fi\\\/healthtech\\\/\",\"name\":\"Terveysteknologia\",\"description\":\"\",\"potentialAction\":[{\"@type\":\"SearchAction\",\"target\":{\"@type\":\"EntryPoint\",\"urlTemplate\":\"https:\\\/\\\/teknologiateollisuus.fi\\\/healthtech\\\/?s={search_term_string}\"},\"query-input\":{\"@type\":\"PropertyValueSpecification\",\"valueRequired\":true,\"valueName\":\"search_term_string\"}}],\"inLanguage\":\"fi\"},{\"@type\":\"Person\",\"@id\":\"https:\\\/\\\/teknologiateollisuus.fi\\\/healthtech\\\/#\\\/schema\\\/person\\\/964d40eb9a84d0edfc1989b7784ea950\",\"name\":\"P\u00e4ivi Ahlgren\",\"image\":{\"@type\":\"ImageObject\",\"inLanguage\":\"fi\",\"@id\":\"https:\\\/\\\/secure.gravatar.com\\\/avatar\\\/d49c8c4a3ac6bce6f1ed1a4445d5b60a53463c32cb6ebcf6e0375dcece39eaca?s=96&d=mm&r=g\",\"url\":\"https:\\\/\\\/secure.gravatar.com\\\/avatar\\\/d49c8c4a3ac6bce6f1ed1a4445d5b60a53463c32cb6ebcf6e0375dcece39eaca?s=96&d=mm&r=g\",\"contentUrl\":\"https:\\\/\\\/secure.gravatar.com\\\/avatar\\\/d49c8c4a3ac6bce6f1ed1a4445d5b60a53463c32cb6ebcf6e0375dcece39eaca?s=96&d=mm&r=g\",\"caption\":\"P\u00e4ivi Ahlgren\"}}]}<\/script>\n<!-- \/ Yoast SEO Premium plugin. -->","yoast_head_json":{"title":"MANIFESTI Onnistuneen ik\u00e4\u00e4ntymisen puolesta - Terveysteknologia","robots":{"index":"index","follow":"follow","max-snippet":"max-snippet:-1","max-image-preview":"max-image-preview:large","max-video-preview":"max-video-preview:-1"},"canonical":"https:\/\/teknologiateollisuus.fi\/healthtech\/manifesti-onnistuneen-ikaantymisen-puolesta\/","og_locale":"fi_FI","og_type":"article","og_title":"MANIFESTI Onnistuneen ik\u00e4\u00e4ntymisen puolesta","og_description":"SOTE-uudistuksen keskell\u00e4 ja eduskuntavaalien alla on syyt\u00e4 nostaa keski\u00f6\u00f6n ihminen, joka helposti unohtuu j\u00e4rjestelmi\u00e4 rakennettaessa. Ihmiset eiv\u00e4t ole j\u00e4rjestelm\u00e4\u00e4 varten vaan toisinp\u00e4in. Tieto on osa ihmist\u00e4 ja mahdollistaa paremman el\u00e4m\u00e4n. Sit\u00e4k\u00e4\u00e4n ei pid\u00e4 unohtaa. Ihmiset ik\u00e4\u00e4n katsomatta ovat yhteiskunnan perusta. Kaikkien kokemuksia ja osaamista tarvitaan. Jokaisella on oikeus nauttia el\u00e4m\u00e4st\u00e4 omalla tavallaan. Usko tulevaisuuteen ja [&hellip;]","og_url":"https:\/\/teknologiateollisuus.fi\/healthtech\/manifesti-onnistuneen-ikaantymisen-puolesta\/","og_site_name":"Terveysteknologia","article_published_time":"2023-03-06T06:18:00+00:00","article_modified_time":"2024-07-09T08:02:48+00:00","og_image":[{"width":493,"height":350,"url":"https:\/\/teknologiateollisuus.fi\/healthtech\/wp-content\/uploads\/sites\/8\/2024\/07\/Hopeinen-siirtyma.jpg","type":"image\/jpeg"}],"author":"P\u00e4ivi Ahlgren","twitter_card":"summary_large_image","twitter_misc":{"Kirjoittanut":"P\u00e4ivi Ahlgren","Arvioitu lukuaika":"5 minuuttia"},"schema":{"@context":"https:\/\/schema.org","@graph":[{"@type":"Article","@id":"https:\/\/teknologiateollisuus.fi\/healthtech\/manifesti-onnistuneen-ikaantymisen-puolesta\/#article","isPartOf":{"@id":"https:\/\/teknologiateollisuus.fi\/healthtech\/manifesti-onnistuneen-ikaantymisen-puolesta\/"},"author":{"name":"P\u00e4ivi Ahlgren","@id":"https:\/\/teknologiateollisuus.fi\/healthtech\/#\/schema\/person\/964d40eb9a84d0edfc1989b7784ea950"},"headline":"MANIFESTI Onnistuneen ik\u00e4\u00e4ntymisen puolesta","datePublished":"2023-03-06T06:18:00+00:00","dateModified":"2024-07-09T08:02:48+00:00","mainEntityOfPage":{"@id":"https:\/\/teknologiateollisuus.fi\/healthtech\/manifesti-onnistuneen-ikaantymisen-puolesta\/"},"wordCount":1018,"image":{"@id":"https:\/\/teknologiateollisuus.fi\/healthtech\/manifesti-onnistuneen-ikaantymisen-puolesta\/#primaryimage"},"thumbnailUrl":"https:\/\/teknologiateollisuus.fi\/healthtech\/wp-content\/uploads\/sites\/8\/2024\/07\/Hopeinen-siirtyma.jpg","articleSection":["Uutinen"],"inLanguage":"fi"},{"@type":"WebPage","@id":"https:\/\/teknologiateollisuus.fi\/healthtech\/manifesti-onnistuneen-ikaantymisen-puolesta\/","url":"https:\/\/teknologiateollisuus.fi\/healthtech\/manifesti-onnistuneen-ikaantymisen-puolesta\/","name":"MANIFESTI Onnistuneen ik\u00e4\u00e4ntymisen puolesta - Terveysteknologia","isPartOf":{"@id":"https:\/\/teknologiateollisuus.fi\/healthtech\/#website"},"primaryImageOfPage":{"@id":"https:\/\/teknologiateollisuus.fi\/healthtech\/manifesti-onnistuneen-ikaantymisen-puolesta\/#primaryimage"},"image":{"@id":"https:\/\/teknologiateollisuus.fi\/healthtech\/manifesti-onnistuneen-ikaantymisen-puolesta\/#primaryimage"},"thumbnailUrl":"https:\/\/teknologiateollisuus.fi\/healthtech\/wp-content\/uploads\/sites\/8\/2024\/07\/Hopeinen-siirtyma.jpg","datePublished":"2023-03-06T06:18:00+00:00","dateModified":"2024-07-09T08:02:48+00:00","author":{"@id":"https:\/\/teknologiateollisuus.fi\/healthtech\/#\/schema\/person\/964d40eb9a84d0edfc1989b7784ea950"},"breadcrumb":{"@id":"https:\/\/teknologiateollisuus.fi\/healthtech\/manifesti-onnistuneen-ikaantymisen-puolesta\/#breadcrumb"},"inLanguage":"fi","potentialAction":[{"@type":"ReadAction","target":["https:\/\/teknologiateollisuus.fi\/healthtech\/manifesti-onnistuneen-ikaantymisen-puolesta\/"]}]},{"@type":"ImageObject","inLanguage":"fi","@id":"https:\/\/teknologiateollisuus.fi\/healthtech\/manifesti-onnistuneen-ikaantymisen-puolesta\/#primaryimage","url":"https:\/\/teknologiateollisuus.fi\/healthtech\/wp-content\/uploads\/sites\/8\/2024\/07\/Hopeinen-siirtyma.jpg","contentUrl":"https:\/\/teknologiateollisuus.fi\/healthtech\/wp-content\/uploads\/sites\/8\/2024\/07\/Hopeinen-siirtyma.jpg","width":493,"height":350,"caption":"Hopeinen siirtym\u00e4"},{"@type":"BreadcrumbList","@id":"https:\/\/teknologiateollisuus.fi\/healthtech\/manifesti-onnistuneen-ikaantymisen-puolesta\/#breadcrumb","itemListElement":[{"@type":"ListItem","position":1,"name":"Etusivu","item":"https:\/\/teknologiateollisuus.fi\/healthtech\/"},{"@type":"ListItem","position":2,"name":"Ajankohtaista","item":"https:\/\/teknologiateollisuus.fi\/healthtech\/ajankohtaista\/"},{"@type":"ListItem","position":3,"name":"Uutinen","item":"https:\/\/teknologiateollisuus.fi\/healthtech\/ajankohtaista\/?categories=14"},{"@type":"ListItem","position":4,"name":"MANIFESTI Onnistuneen ik\u00e4\u00e4ntymisen puolesta"}]},{"@type":"WebSite","@id":"https:\/\/teknologiateollisuus.fi\/healthtech\/#website","url":"https:\/\/teknologiateollisuus.fi\/healthtech\/","name":"Terveysteknologia","description":"","potentialAction":[{"@type":"SearchAction","target":{"@type":"EntryPoint","urlTemplate":"https:\/\/teknologiateollisuus.fi\/healthtech\/?s={search_term_string}"},"query-input":{"@type":"PropertyValueSpecification","valueRequired":true,"valueName":"search_term_string"}}],"inLanguage":"fi"},{"@type":"Person","@id":"https:\/\/teknologiateollisuus.fi\/healthtech\/#\/schema\/person\/964d40eb9a84d0edfc1989b7784ea950","name":"P\u00e4ivi Ahlgren","image":{"@type":"ImageObject","inLanguage":"fi","@id":"https:\/\/secure.gravatar.com\/avatar\/d49c8c4a3ac6bce6f1ed1a4445d5b60a53463c32cb6ebcf6e0375dcece39eaca?s=96&d=mm&r=g","url":"https:\/\/secure.gravatar.com\/avatar\/d49c8c4a3ac6bce6f1ed1a4445d5b60a53463c32cb6ebcf6e0375dcece39eaca?s=96&d=mm&r=g","contentUrl":"https:\/\/secure.gravatar.com\/avatar\/d49c8c4a3ac6bce6f1ed1a4445d5b60a53463c32cb6ebcf6e0375dcece39eaca?s=96&d=mm&r=g","caption":"P\u00e4ivi Ahlgren"}}]}},"lang":"fi","translations":{"fi":1404},"pll_sync_post":{},"_links":{"self":[{"href":"https:\/\/teknologiateollisuus.fi\/healthtech\/wp-json\/wp\/v2\/posts\/1404","targetHints":{"allow":["GET"]}}],"collection":[{"href":"https:\/\/teknologiateollisuus.fi\/healthtech\/wp-json\/wp\/v2\/posts"}],"about":[{"href":"https:\/\/teknologiateollisuus.fi\/healthtech\/wp-json\/wp\/v2\/types\/post"}],"author":[{"embeddable":true,"href":"https:\/\/teknologiateollisuus.fi\/healthtech\/wp-json\/wp\/v2\/users\/16"}],"replies":[{"embeddable":true,"href":"https:\/\/teknologiateollisuus.fi\/healthtech\/wp-json\/wp\/v2\/comments?post=1404"}],"version-history":[{"count":1,"href":"https:\/\/teknologiateollisuus.fi\/healthtech\/wp-json\/wp\/v2\/posts\/1404\/revisions"}],"predecessor-version":[{"id":1405,"href":"https:\/\/teknologiateollisuus.fi\/healthtech\/wp-json\/wp\/v2\/posts\/1404\/revisions\/1405"}],"wp:featuredmedia":[{"embeddable":true,"href":"https:\/\/teknologiateollisuus.fi\/healthtech\/wp-json\/wp\/v2\/media\/1021"}],"wp:attachment":[{"href":"https:\/\/teknologiateollisuus.fi\/healthtech\/wp-json\/wp\/v2\/media?parent=1404"}],"wp:term":[{"taxonomy":"category","embeddable":true,"href":"https:\/\/teknologiateollisuus.fi\/healthtech\/wp-json\/wp\/v2\/categories?post=1404"},{"taxonomy":"post_tag","embeddable":true,"href":"https:\/\/teknologiateollisuus.fi\/healthtech\/wp-json\/wp\/v2\/tags?post=1404"},{"taxonomy":"em_industry","embeddable":true,"href":"https:\/\/teknologiateollisuus.fi\/healthtech\/wp-json\/wp\/v2\/em_industry?post=1404"},{"taxonomy":"em_theme","embeddable":true,"href":"https:\/\/teknologiateollisuus.fi\/healthtech\/wp-json\/wp\/v2\/em_theme?post=1404"}],"curies":[{"name":"wp","href":"https:\/\/api.w.org\/{rel}","templated":true}]}}