{"id":1406,"date":"2023-03-08T17:54:00","date_gmt":"2023-03-08T15:54:00","guid":{"rendered":"https:\/\/teknologiateollisuus.fi\/healthtech\/?p=1406"},"modified":"2024-07-09T11:04:01","modified_gmt":"2024-07-09T08:04:01","slug":"eun-neuvosto-hyvaksyi-komission-ehdotuksen-laakinnallisten-laitteiden-asetusten-pidemmasta-siirtymaajasta","status":"publish","type":"post","link":"https:\/\/teknologiateollisuus.fi\/healthtech\/eun-neuvosto-hyvaksyi-komission-ehdotuksen-laakinnallisten-laitteiden-asetusten-pidemmasta-siirtymaajasta\/","title":{"rendered":"EU:n neuvosto hyv\u00e4ksyi komission ehdotuksen l\u00e4\u00e4kinn\u00e4llisten laitteiden asetusten pidemm\u00e4st\u00e4 siirtym\u00e4ajasta"},"content":{"rendered":"\n<p>Euroopan unionin neuvosto hyv\u00e4ksyi 7.3.2023 komission ehdotuksen l\u00e4\u00e4kinn\u00e4llisten laitteiden asetusten siirtym\u00e4ajan riskiperusteisesta pident\u00e4misest\u00e4. P\u00e4\u00e4t\u00f6s vahvistetaan maaliskuun aikana. Terveysteknologia ry on tyytyv\u00e4inen neuvoston ratkaisuun ja kannattaa siirtym\u00e4aikojen pident\u00e4mist\u00e4 l\u00e4\u00e4kinn\u00e4llisten laitteiden katkeamattoman saatavuuden varmistamiseksi.<\/p>\n\n\n\n<p>Komission\u00a0s\u00e4\u00e4ntelyehdotuksen\u00a0tavoitteena on vahvistaa potilasturvallisuutta antamalla ilmoitetuille laitoksille ja valmistajille lis\u00e4aikaa mukautua l\u00e4\u00e4kinn\u00e4llisten laitteiden asetusten (EU) 2017\/745 (MD-asetus) ja (EU) 2017\/746 (IVD-asetus) uusiin s\u00e4\u00e4nt\u00f6ihin sek\u00e4 sertifioida l\u00e4\u00e4kinn\u00e4lliset laitteet vaatimustenmukaisesti. Lis\u00e4aika lievent\u00e4\u00e4 lyhyent\u00e4ht\u00e4imen\u00a0laitesaatavuuteen liittyvi\u00e4 riskej\u00e4.\u00a0<\/p>\n\n\n\n<p>Komissio on korostanut, ett\u00e4 lis\u00e4ajasta voivat hy\u00f6ty\u00e4 vain sellaiset laitteet, jotka ovat turvallisia ja joiden valmistajat ovat jo ryhtyneet toimenpiteisiin vaatimustenmukaisuuden osoittamiseksi. Potilasturvallisuus on aina etusijalla.\u00a0<\/p>\n\n\n\n<p>Euroopan parlamentin ja neuvoston odotetaan virallisesti hyv\u00e4ksyv\u00e4n komission ehdotuksen 15.3.2023, mink\u00e4 j\u00e4lkeen muutos julkaistaan Virallisessa Lehdess\u00e4 ja tulee voimaan lehden julkaisup\u00e4iv\u00e4n\u00e4.&nbsp;<\/p>\n\n\n\n<blockquote class=\"wp-block-quote is-layout-flow wp-block-quote-is-layout-flow\">\n<p>Terveysteknologia ry kannattaa asetusten siirtym\u00e4aikojen pident\u00e4mist\u00e4<\/p>\n<\/blockquote>\n\n\n\n<p>Yhdistys pit\u00e4\u00e4 t\u00e4rke\u00e4n\u00e4, ett\u00e4 siirtym\u00e4kauden yksityiskohdat ovat l\u00e4\u00e4kinn\u00e4llisten laitteiden valmistajille, toimivaltaisille viranomaisille, ilmoitetuille laitoksille sek\u00e4 muille talouden toimijoille selke\u00e4t.<\/p>\n\n\n\n<p>Komissio jatkaa toimialan rakenteellisten ongelmien ratkaisemista yhdess\u00e4 j\u00e4senvaltioiden, ilmoitettujen laitosten ja teollisuuden kanssa. Yhteisty\u00f6n tavoitteena on esitt\u00e4\u00e4 lis\u00e4toimia lyhyen ja pitk\u00e4n aikav\u00e4lin ratkaisujen l\u00f6yt\u00e4miseksi.&nbsp;<\/p>\n\n\n\n<p>Terveysteknologia ry seuraa lyhyen ja pitk\u00e4n aikav\u00e4lin ratkaisuja koskevia keskusteluja ja osallistuu yhteiseen eurooppalaiseen kannanmuodostukseen\u00a0Cocirin\u00a0kautta, jonka j\u00e4sen yhdistys on. Cocir on eurooppalainen digitaalisiin terveysratkaisuihin keskittyv\u00e4 kauppaj\u00e4rjest\u00f6. V\u00e4lit\u00e4mme tuoreimmat uutiset Brysselist\u00e4 j\u00e4senist\u00f6llemme viikoittaisten j\u00e4senkirjeiden sek\u00e4 kuukausittain kokoontuvien\u00a0ty\u00f6ryhmien\u00a0kautta.\u00a0<\/p>\n","protected":false},"excerpt":{"rendered":"<p>Euroopan unionin neuvosto hyv\u00e4ksyi 7.3.2023 komission ehdotuksen l\u00e4\u00e4kinn\u00e4llisten laitteiden asetusten siirtym\u00e4ajan riskiperusteisesta pident\u00e4misest\u00e4. P\u00e4\u00e4t\u00f6s vahvistetaan maaliskuun aikana. Terveysteknologia ry on tyytyv\u00e4inen neuvoston ratkaisuun ja kannattaa siirtym\u00e4aikojen pident\u00e4mist\u00e4 l\u00e4\u00e4kinn\u00e4llisten laitteiden katkeamattoman saatavuuden varmistamiseksi. Komission\u00a0s\u00e4\u00e4ntelyehdotuksen\u00a0tavoitteena on vahvistaa potilasturvallisuutta antamalla ilmoitetuille laitoksille ja valmistajille lis\u00e4aikaa mukautua l\u00e4\u00e4kinn\u00e4llisten laitteiden asetusten (EU) 2017\/745 (MD-asetus) ja (EU) 2017\/746 (IVD-asetus) uusiin s\u00e4\u00e4nt\u00f6ihin [&hellip;]<\/p>\n","protected":false},"author":16,"featured_media":205,"comment_status":"closed","ping_status":"closed","sticky":false,"template":"","format":"standard","meta":{"_acf_changed":false,"_relevanssi_hide_post":"","_relevanssi_hide_content":"","_relevanssi_pin_for_all":"","_relevanssi_pin_keywords":"","_relevanssi_unpin_keywords":"","_relevanssi_related_keywords":"","_relevanssi_related_include_ids":"","_relevanssi_related_exclude_ids":"","_relevanssi_related_no_append":"","_relevanssi_related_not_related":"","_relevanssi_related_posts":"1071,833,852,1067,1075,921","_relevanssi_noindex_reason":"","inline_featured_image":false,"footnotes":""},"categories":[14],"tags":[],"em_industry":[],"em_theme":[48],"class_list":["post-1406","post","type-post","status-publish","format-standard","has-post-thumbnail","hentry","category-uutinen","em_theme-lainsaadanto"],"acf":[],"yoast_head":"<!-- This site is optimized with the Yoast SEO Premium plugin v27.1 (Yoast SEO v27.5) - https:\/\/yoast.com\/product\/yoast-seo-premium-wordpress\/ -->\n<title>EU:n neuvosto hyv\u00e4ksyi komission ehdotuksen l\u00e4\u00e4kinn\u00e4llisten laitteiden asetusten pidemm\u00e4st\u00e4 siirtym\u00e4ajasta - Terveysteknologia<\/title>\n<meta name=\"robots\" content=\"index, follow, max-snippet:-1, max-image-preview:large, max-video-preview:-1\" \/>\n<link rel=\"canonical\" href=\"https:\/\/teknologiateollisuus.fi\/healthtech\/eun-neuvosto-hyvaksyi-komission-ehdotuksen-laakinnallisten-laitteiden-asetusten-pidemmasta-siirtymaajasta\/\" \/>\n<meta property=\"og:locale\" content=\"fi_FI\" \/>\n<meta property=\"og:type\" content=\"article\" \/>\n<meta property=\"og:title\" content=\"EU:n neuvosto hyv\u00e4ksyi komission ehdotuksen l\u00e4\u00e4kinn\u00e4llisten laitteiden asetusten pidemm\u00e4st\u00e4 siirtym\u00e4ajasta\" \/>\n<meta property=\"og:description\" content=\"Euroopan unionin neuvosto hyv\u00e4ksyi 7.3.2023 komission ehdotuksen l\u00e4\u00e4kinn\u00e4llisten laitteiden asetusten siirtym\u00e4ajan riskiperusteisesta pident\u00e4misest\u00e4. P\u00e4\u00e4t\u00f6s vahvistetaan maaliskuun aikana. Terveysteknologia ry on tyytyv\u00e4inen neuvoston ratkaisuun ja kannattaa siirtym\u00e4aikojen pident\u00e4mist\u00e4 l\u00e4\u00e4kinn\u00e4llisten laitteiden katkeamattoman saatavuuden varmistamiseksi. Komission\u00a0s\u00e4\u00e4ntelyehdotuksen\u00a0tavoitteena on vahvistaa potilasturvallisuutta antamalla ilmoitetuille laitoksille ja valmistajille lis\u00e4aikaa mukautua l\u00e4\u00e4kinn\u00e4llisten laitteiden asetusten (EU) 2017\/745 (MD-asetus) ja (EU) 2017\/746 (IVD-asetus) uusiin s\u00e4\u00e4nt\u00f6ihin [&hellip;]\" \/>\n<meta property=\"og:url\" content=\"https:\/\/teknologiateollisuus.fi\/healthtech\/eun-neuvosto-hyvaksyi-komission-ehdotuksen-laakinnallisten-laitteiden-asetusten-pidemmasta-siirtymaajasta\/\" \/>\n<meta property=\"og:site_name\" content=\"Terveysteknologia\" \/>\n<meta property=\"article:published_time\" content=\"2023-03-08T15:54:00+00:00\" \/>\n<meta property=\"article:modified_time\" content=\"2024-07-09T08:04:01+00:00\" \/>\n<meta property=\"og:image\" content=\"https:\/\/teknologiateollisuus.fi\/healthtech\/wp-content\/uploads\/sites\/8\/2024\/06\/Eurooppa-lippu.jpg\" \/>\n\t<meta property=\"og:image:width\" content=\"598\" \/>\n\t<meta property=\"og:image:height\" content=\"350\" \/>\n\t<meta property=\"og:image:type\" content=\"image\/jpeg\" \/>\n<meta name=\"author\" content=\"P\u00e4ivi Ahlgren\" \/>\n<meta name=\"twitter:card\" content=\"summary_large_image\" \/>\n<meta name=\"twitter:label1\" content=\"Kirjoittanut\" \/>\n\t<meta name=\"twitter:data1\" content=\"P\u00e4ivi Ahlgren\" \/>\n\t<meta name=\"twitter:label2\" content=\"Arvioitu lukuaika\" \/>\n\t<meta name=\"twitter:data2\" content=\"2 minuuttia\" \/>\n<script type=\"application\/ld+json\" class=\"yoast-schema-graph\">{\"@context\":\"https:\\\/\\\/schema.org\",\"@graph\":[{\"@type\":\"Article\",\"@id\":\"https:\\\/\\\/teknologiateollisuus.fi\\\/healthtech\\\/eun-neuvosto-hyvaksyi-komission-ehdotuksen-laakinnallisten-laitteiden-asetusten-pidemmasta-siirtymaajasta\\\/#article\",\"isPartOf\":{\"@id\":\"https:\\\/\\\/teknologiateollisuus.fi\\\/healthtech\\\/eun-neuvosto-hyvaksyi-komission-ehdotuksen-laakinnallisten-laitteiden-asetusten-pidemmasta-siirtymaajasta\\\/\"},\"author\":{\"name\":\"P\u00e4ivi Ahlgren\",\"@id\":\"https:\\\/\\\/teknologiateollisuus.fi\\\/healthtech\\\/#\\\/schema\\\/person\\\/964d40eb9a84d0edfc1989b7784ea950\"},\"headline\":\"EU:n neuvosto hyv\u00e4ksyi komission ehdotuksen l\u00e4\u00e4kinn\u00e4llisten laitteiden asetusten pidemm\u00e4st\u00e4 siirtym\u00e4ajasta\",\"datePublished\":\"2023-03-08T15:54:00+00:00\",\"dateModified\":\"2024-07-09T08:04:01+00:00\",\"mainEntityOfPage\":{\"@id\":\"https:\\\/\\\/teknologiateollisuus.fi\\\/healthtech\\\/eun-neuvosto-hyvaksyi-komission-ehdotuksen-laakinnallisten-laitteiden-asetusten-pidemmasta-siirtymaajasta\\\/\"},\"wordCount\":273,\"image\":{\"@id\":\"https:\\\/\\\/teknologiateollisuus.fi\\\/healthtech\\\/eun-neuvosto-hyvaksyi-komission-ehdotuksen-laakinnallisten-laitteiden-asetusten-pidemmasta-siirtymaajasta\\\/#primaryimage\"},\"thumbnailUrl\":\"https:\\\/\\\/teknologiateollisuus.fi\\\/healthtech\\\/wp-content\\\/uploads\\\/sites\\\/8\\\/2024\\\/06\\\/Eurooppa-lippu.jpg\",\"articleSection\":[\"Uutinen\"],\"inLanguage\":\"fi\"},{\"@type\":\"WebPage\",\"@id\":\"https:\\\/\\\/teknologiateollisuus.fi\\\/healthtech\\\/eun-neuvosto-hyvaksyi-komission-ehdotuksen-laakinnallisten-laitteiden-asetusten-pidemmasta-siirtymaajasta\\\/\",\"url\":\"https:\\\/\\\/teknologiateollisuus.fi\\\/healthtech\\\/eun-neuvosto-hyvaksyi-komission-ehdotuksen-laakinnallisten-laitteiden-asetusten-pidemmasta-siirtymaajasta\\\/\",\"name\":\"EU:n neuvosto hyv\u00e4ksyi komission ehdotuksen l\u00e4\u00e4kinn\u00e4llisten laitteiden asetusten pidemm\u00e4st\u00e4 siirtym\u00e4ajasta - Terveysteknologia\",\"isPartOf\":{\"@id\":\"https:\\\/\\\/teknologiateollisuus.fi\\\/healthtech\\\/#website\"},\"primaryImageOfPage\":{\"@id\":\"https:\\\/\\\/teknologiateollisuus.fi\\\/healthtech\\\/eun-neuvosto-hyvaksyi-komission-ehdotuksen-laakinnallisten-laitteiden-asetusten-pidemmasta-siirtymaajasta\\\/#primaryimage\"},\"image\":{\"@id\":\"https:\\\/\\\/teknologiateollisuus.fi\\\/healthtech\\\/eun-neuvosto-hyvaksyi-komission-ehdotuksen-laakinnallisten-laitteiden-asetusten-pidemmasta-siirtymaajasta\\\/#primaryimage\"},\"thumbnailUrl\":\"https:\\\/\\\/teknologiateollisuus.fi\\\/healthtech\\\/wp-content\\\/uploads\\\/sites\\\/8\\\/2024\\\/06\\\/Eurooppa-lippu.jpg\",\"datePublished\":\"2023-03-08T15:54:00+00:00\",\"dateModified\":\"2024-07-09T08:04:01+00:00\",\"author\":{\"@id\":\"https:\\\/\\\/teknologiateollisuus.fi\\\/healthtech\\\/#\\\/schema\\\/person\\\/964d40eb9a84d0edfc1989b7784ea950\"},\"breadcrumb\":{\"@id\":\"https:\\\/\\\/teknologiateollisuus.fi\\\/healthtech\\\/eun-neuvosto-hyvaksyi-komission-ehdotuksen-laakinnallisten-laitteiden-asetusten-pidemmasta-siirtymaajasta\\\/#breadcrumb\"},\"inLanguage\":\"fi\",\"potentialAction\":[{\"@type\":\"ReadAction\",\"target\":[\"https:\\\/\\\/teknologiateollisuus.fi\\\/healthtech\\\/eun-neuvosto-hyvaksyi-komission-ehdotuksen-laakinnallisten-laitteiden-asetusten-pidemmasta-siirtymaajasta\\\/\"]}]},{\"@type\":\"ImageObject\",\"inLanguage\":\"fi\",\"@id\":\"https:\\\/\\\/teknologiateollisuus.fi\\\/healthtech\\\/eun-neuvosto-hyvaksyi-komission-ehdotuksen-laakinnallisten-laitteiden-asetusten-pidemmasta-siirtymaajasta\\\/#primaryimage\",\"url\":\"https:\\\/\\\/teknologiateollisuus.fi\\\/healthtech\\\/wp-content\\\/uploads\\\/sites\\\/8\\\/2024\\\/06\\\/Eurooppa-lippu.jpg\",\"contentUrl\":\"https:\\\/\\\/teknologiateollisuus.fi\\\/healthtech\\\/wp-content\\\/uploads\\\/sites\\\/8\\\/2024\\\/06\\\/Eurooppa-lippu.jpg\",\"width\":598,\"height\":350,\"caption\":\"Eurooppa lippu\"},{\"@type\":\"BreadcrumbList\",\"@id\":\"https:\\\/\\\/teknologiateollisuus.fi\\\/healthtech\\\/eun-neuvosto-hyvaksyi-komission-ehdotuksen-laakinnallisten-laitteiden-asetusten-pidemmasta-siirtymaajasta\\\/#breadcrumb\",\"itemListElement\":[{\"@type\":\"ListItem\",\"position\":1,\"name\":\"Etusivu\",\"item\":\"https:\\\/\\\/teknologiateollisuus.fi\\\/healthtech\\\/\"},{\"@type\":\"ListItem\",\"position\":2,\"name\":\"Ajankohtaista\",\"item\":\"https:\\\/\\\/teknologiateollisuus.fi\\\/healthtech\\\/ajankohtaista\\\/\"},{\"@type\":\"ListItem\",\"position\":3,\"name\":\"Uutinen\",\"item\":\"https:\\\/\\\/teknologiateollisuus.fi\\\/healthtech\\\/ajankohtaista\\\/?categories=14\"},{\"@type\":\"ListItem\",\"position\":4,\"name\":\"EU:n neuvosto hyv\u00e4ksyi komission ehdotuksen l\u00e4\u00e4kinn\u00e4llisten laitteiden asetusten pidemm\u00e4st\u00e4 siirtym\u00e4ajasta\"}]},{\"@type\":\"WebSite\",\"@id\":\"https:\\\/\\\/teknologiateollisuus.fi\\\/healthtech\\\/#website\",\"url\":\"https:\\\/\\\/teknologiateollisuus.fi\\\/healthtech\\\/\",\"name\":\"Terveysteknologia\",\"description\":\"\",\"potentialAction\":[{\"@type\":\"SearchAction\",\"target\":{\"@type\":\"EntryPoint\",\"urlTemplate\":\"https:\\\/\\\/teknologiateollisuus.fi\\\/healthtech\\\/?s={search_term_string}\"},\"query-input\":{\"@type\":\"PropertyValueSpecification\",\"valueRequired\":true,\"valueName\":\"search_term_string\"}}],\"inLanguage\":\"fi\"},{\"@type\":\"Person\",\"@id\":\"https:\\\/\\\/teknologiateollisuus.fi\\\/healthtech\\\/#\\\/schema\\\/person\\\/964d40eb9a84d0edfc1989b7784ea950\",\"name\":\"P\u00e4ivi Ahlgren\",\"image\":{\"@type\":\"ImageObject\",\"inLanguage\":\"fi\",\"@id\":\"https:\\\/\\\/secure.gravatar.com\\\/avatar\\\/d49c8c4a3ac6bce6f1ed1a4445d5b60a53463c32cb6ebcf6e0375dcece39eaca?s=96&d=mm&r=g\",\"url\":\"https:\\\/\\\/secure.gravatar.com\\\/avatar\\\/d49c8c4a3ac6bce6f1ed1a4445d5b60a53463c32cb6ebcf6e0375dcece39eaca?s=96&d=mm&r=g\",\"contentUrl\":\"https:\\\/\\\/secure.gravatar.com\\\/avatar\\\/d49c8c4a3ac6bce6f1ed1a4445d5b60a53463c32cb6ebcf6e0375dcece39eaca?s=96&d=mm&r=g\",\"caption\":\"P\u00e4ivi Ahlgren\"}}]}<\/script>\n<!-- \/ Yoast SEO Premium plugin. -->","yoast_head_json":{"title":"EU:n neuvosto hyv\u00e4ksyi komission ehdotuksen l\u00e4\u00e4kinn\u00e4llisten laitteiden asetusten pidemm\u00e4st\u00e4 siirtym\u00e4ajasta - Terveysteknologia","robots":{"index":"index","follow":"follow","max-snippet":"max-snippet:-1","max-image-preview":"max-image-preview:large","max-video-preview":"max-video-preview:-1"},"canonical":"https:\/\/teknologiateollisuus.fi\/healthtech\/eun-neuvosto-hyvaksyi-komission-ehdotuksen-laakinnallisten-laitteiden-asetusten-pidemmasta-siirtymaajasta\/","og_locale":"fi_FI","og_type":"article","og_title":"EU:n neuvosto hyv\u00e4ksyi komission ehdotuksen l\u00e4\u00e4kinn\u00e4llisten laitteiden asetusten pidemm\u00e4st\u00e4 siirtym\u00e4ajasta","og_description":"Euroopan unionin neuvosto hyv\u00e4ksyi 7.3.2023 komission ehdotuksen l\u00e4\u00e4kinn\u00e4llisten laitteiden asetusten siirtym\u00e4ajan riskiperusteisesta pident\u00e4misest\u00e4. P\u00e4\u00e4t\u00f6s vahvistetaan maaliskuun aikana. Terveysteknologia ry on tyytyv\u00e4inen neuvoston ratkaisuun ja kannattaa siirtym\u00e4aikojen pident\u00e4mist\u00e4 l\u00e4\u00e4kinn\u00e4llisten laitteiden katkeamattoman saatavuuden varmistamiseksi. Komission\u00a0s\u00e4\u00e4ntelyehdotuksen\u00a0tavoitteena on vahvistaa potilasturvallisuutta antamalla ilmoitetuille laitoksille ja valmistajille lis\u00e4aikaa mukautua l\u00e4\u00e4kinn\u00e4llisten laitteiden asetusten (EU) 2017\/745 (MD-asetus) ja (EU) 2017\/746 (IVD-asetus) uusiin s\u00e4\u00e4nt\u00f6ihin [&hellip;]","og_url":"https:\/\/teknologiateollisuus.fi\/healthtech\/eun-neuvosto-hyvaksyi-komission-ehdotuksen-laakinnallisten-laitteiden-asetusten-pidemmasta-siirtymaajasta\/","og_site_name":"Terveysteknologia","article_published_time":"2023-03-08T15:54:00+00:00","article_modified_time":"2024-07-09T08:04:01+00:00","og_image":[{"width":598,"height":350,"url":"https:\/\/teknologiateollisuus.fi\/healthtech\/wp-content\/uploads\/sites\/8\/2024\/06\/Eurooppa-lippu.jpg","type":"image\/jpeg"}],"author":"P\u00e4ivi Ahlgren","twitter_card":"summary_large_image","twitter_misc":{"Kirjoittanut":"P\u00e4ivi Ahlgren","Arvioitu lukuaika":"2 minuuttia"},"schema":{"@context":"https:\/\/schema.org","@graph":[{"@type":"Article","@id":"https:\/\/teknologiateollisuus.fi\/healthtech\/eun-neuvosto-hyvaksyi-komission-ehdotuksen-laakinnallisten-laitteiden-asetusten-pidemmasta-siirtymaajasta\/#article","isPartOf":{"@id":"https:\/\/teknologiateollisuus.fi\/healthtech\/eun-neuvosto-hyvaksyi-komission-ehdotuksen-laakinnallisten-laitteiden-asetusten-pidemmasta-siirtymaajasta\/"},"author":{"name":"P\u00e4ivi Ahlgren","@id":"https:\/\/teknologiateollisuus.fi\/healthtech\/#\/schema\/person\/964d40eb9a84d0edfc1989b7784ea950"},"headline":"EU:n neuvosto hyv\u00e4ksyi komission ehdotuksen l\u00e4\u00e4kinn\u00e4llisten laitteiden asetusten pidemm\u00e4st\u00e4 siirtym\u00e4ajasta","datePublished":"2023-03-08T15:54:00+00:00","dateModified":"2024-07-09T08:04:01+00:00","mainEntityOfPage":{"@id":"https:\/\/teknologiateollisuus.fi\/healthtech\/eun-neuvosto-hyvaksyi-komission-ehdotuksen-laakinnallisten-laitteiden-asetusten-pidemmasta-siirtymaajasta\/"},"wordCount":273,"image":{"@id":"https:\/\/teknologiateollisuus.fi\/healthtech\/eun-neuvosto-hyvaksyi-komission-ehdotuksen-laakinnallisten-laitteiden-asetusten-pidemmasta-siirtymaajasta\/#primaryimage"},"thumbnailUrl":"https:\/\/teknologiateollisuus.fi\/healthtech\/wp-content\/uploads\/sites\/8\/2024\/06\/Eurooppa-lippu.jpg","articleSection":["Uutinen"],"inLanguage":"fi"},{"@type":"WebPage","@id":"https:\/\/teknologiateollisuus.fi\/healthtech\/eun-neuvosto-hyvaksyi-komission-ehdotuksen-laakinnallisten-laitteiden-asetusten-pidemmasta-siirtymaajasta\/","url":"https:\/\/teknologiateollisuus.fi\/healthtech\/eun-neuvosto-hyvaksyi-komission-ehdotuksen-laakinnallisten-laitteiden-asetusten-pidemmasta-siirtymaajasta\/","name":"EU:n neuvosto hyv\u00e4ksyi komission ehdotuksen l\u00e4\u00e4kinn\u00e4llisten laitteiden asetusten pidemm\u00e4st\u00e4 siirtym\u00e4ajasta - Terveysteknologia","isPartOf":{"@id":"https:\/\/teknologiateollisuus.fi\/healthtech\/#website"},"primaryImageOfPage":{"@id":"https:\/\/teknologiateollisuus.fi\/healthtech\/eun-neuvosto-hyvaksyi-komission-ehdotuksen-laakinnallisten-laitteiden-asetusten-pidemmasta-siirtymaajasta\/#primaryimage"},"image":{"@id":"https:\/\/teknologiateollisuus.fi\/healthtech\/eun-neuvosto-hyvaksyi-komission-ehdotuksen-laakinnallisten-laitteiden-asetusten-pidemmasta-siirtymaajasta\/#primaryimage"},"thumbnailUrl":"https:\/\/teknologiateollisuus.fi\/healthtech\/wp-content\/uploads\/sites\/8\/2024\/06\/Eurooppa-lippu.jpg","datePublished":"2023-03-08T15:54:00+00:00","dateModified":"2024-07-09T08:04:01+00:00","author":{"@id":"https:\/\/teknologiateollisuus.fi\/healthtech\/#\/schema\/person\/964d40eb9a84d0edfc1989b7784ea950"},"breadcrumb":{"@id":"https:\/\/teknologiateollisuus.fi\/healthtech\/eun-neuvosto-hyvaksyi-komission-ehdotuksen-laakinnallisten-laitteiden-asetusten-pidemmasta-siirtymaajasta\/#breadcrumb"},"inLanguage":"fi","potentialAction":[{"@type":"ReadAction","target":["https:\/\/teknologiateollisuus.fi\/healthtech\/eun-neuvosto-hyvaksyi-komission-ehdotuksen-laakinnallisten-laitteiden-asetusten-pidemmasta-siirtymaajasta\/"]}]},{"@type":"ImageObject","inLanguage":"fi","@id":"https:\/\/teknologiateollisuus.fi\/healthtech\/eun-neuvosto-hyvaksyi-komission-ehdotuksen-laakinnallisten-laitteiden-asetusten-pidemmasta-siirtymaajasta\/#primaryimage","url":"https:\/\/teknologiateollisuus.fi\/healthtech\/wp-content\/uploads\/sites\/8\/2024\/06\/Eurooppa-lippu.jpg","contentUrl":"https:\/\/teknologiateollisuus.fi\/healthtech\/wp-content\/uploads\/sites\/8\/2024\/06\/Eurooppa-lippu.jpg","width":598,"height":350,"caption":"Eurooppa lippu"},{"@type":"BreadcrumbList","@id":"https:\/\/teknologiateollisuus.fi\/healthtech\/eun-neuvosto-hyvaksyi-komission-ehdotuksen-laakinnallisten-laitteiden-asetusten-pidemmasta-siirtymaajasta\/#breadcrumb","itemListElement":[{"@type":"ListItem","position":1,"name":"Etusivu","item":"https:\/\/teknologiateollisuus.fi\/healthtech\/"},{"@type":"ListItem","position":2,"name":"Ajankohtaista","item":"https:\/\/teknologiateollisuus.fi\/healthtech\/ajankohtaista\/"},{"@type":"ListItem","position":3,"name":"Uutinen","item":"https:\/\/teknologiateollisuus.fi\/healthtech\/ajankohtaista\/?categories=14"},{"@type":"ListItem","position":4,"name":"EU:n neuvosto hyv\u00e4ksyi komission ehdotuksen l\u00e4\u00e4kinn\u00e4llisten laitteiden asetusten pidemm\u00e4st\u00e4 siirtym\u00e4ajasta"}]},{"@type":"WebSite","@id":"https:\/\/teknologiateollisuus.fi\/healthtech\/#website","url":"https:\/\/teknologiateollisuus.fi\/healthtech\/","name":"Terveysteknologia","description":"","potentialAction":[{"@type":"SearchAction","target":{"@type":"EntryPoint","urlTemplate":"https:\/\/teknologiateollisuus.fi\/healthtech\/?s={search_term_string}"},"query-input":{"@type":"PropertyValueSpecification","valueRequired":true,"valueName":"search_term_string"}}],"inLanguage":"fi"},{"@type":"Person","@id":"https:\/\/teknologiateollisuus.fi\/healthtech\/#\/schema\/person\/964d40eb9a84d0edfc1989b7784ea950","name":"P\u00e4ivi Ahlgren","image":{"@type":"ImageObject","inLanguage":"fi","@id":"https:\/\/secure.gravatar.com\/avatar\/d49c8c4a3ac6bce6f1ed1a4445d5b60a53463c32cb6ebcf6e0375dcece39eaca?s=96&d=mm&r=g","url":"https:\/\/secure.gravatar.com\/avatar\/d49c8c4a3ac6bce6f1ed1a4445d5b60a53463c32cb6ebcf6e0375dcece39eaca?s=96&d=mm&r=g","contentUrl":"https:\/\/secure.gravatar.com\/avatar\/d49c8c4a3ac6bce6f1ed1a4445d5b60a53463c32cb6ebcf6e0375dcece39eaca?s=96&d=mm&r=g","caption":"P\u00e4ivi Ahlgren"}}]}},"lang":"fi","translations":{"fi":1406},"pll_sync_post":{},"_links":{"self":[{"href":"https:\/\/teknologiateollisuus.fi\/healthtech\/wp-json\/wp\/v2\/posts\/1406","targetHints":{"allow":["GET"]}}],"collection":[{"href":"https:\/\/teknologiateollisuus.fi\/healthtech\/wp-json\/wp\/v2\/posts"}],"about":[{"href":"https:\/\/teknologiateollisuus.fi\/healthtech\/wp-json\/wp\/v2\/types\/post"}],"author":[{"embeddable":true,"href":"https:\/\/teknologiateollisuus.fi\/healthtech\/wp-json\/wp\/v2\/users\/16"}],"replies":[{"embeddable":true,"href":"https:\/\/teknologiateollisuus.fi\/healthtech\/wp-json\/wp\/v2\/comments?post=1406"}],"version-history":[{"count":1,"href":"https:\/\/teknologiateollisuus.fi\/healthtech\/wp-json\/wp\/v2\/posts\/1406\/revisions"}],"predecessor-version":[{"id":1407,"href":"https:\/\/teknologiateollisuus.fi\/healthtech\/wp-json\/wp\/v2\/posts\/1406\/revisions\/1407"}],"wp:featuredmedia":[{"embeddable":true,"href":"https:\/\/teknologiateollisuus.fi\/healthtech\/wp-json\/wp\/v2\/media\/205"}],"wp:attachment":[{"href":"https:\/\/teknologiateollisuus.fi\/healthtech\/wp-json\/wp\/v2\/media?parent=1406"}],"wp:term":[{"taxonomy":"category","embeddable":true,"href":"https:\/\/teknologiateollisuus.fi\/healthtech\/wp-json\/wp\/v2\/categories?post=1406"},{"taxonomy":"post_tag","embeddable":true,"href":"https:\/\/teknologiateollisuus.fi\/healthtech\/wp-json\/wp\/v2\/tags?post=1406"},{"taxonomy":"em_industry","embeddable":true,"href":"https:\/\/teknologiateollisuus.fi\/healthtech\/wp-json\/wp\/v2\/em_industry?post=1406"},{"taxonomy":"em_theme","embeddable":true,"href":"https:\/\/teknologiateollisuus.fi\/healthtech\/wp-json\/wp\/v2\/em_theme?post=1406"}],"curies":[{"name":"wp","href":"https:\/\/api.w.org\/{rel}","templated":true}]}}