{"id":1418,"date":"2023-03-09T12:38:00","date_gmt":"2023-03-09T10:38:00","guid":{"rendered":"https:\/\/teknologiateollisuus.fi\/healthtech\/?p=1418"},"modified":"2024-09-02T13:03:19","modified_gmt":"2024-09-02T10:03:19","slug":"esittelyssa-terveysteknologia-ryn-hallitus","status":"publish","type":"post","link":"https:\/\/teknologiateollisuus.fi\/healthtech\/esittelyssa-terveysteknologia-ryn-hallitus\/","title":{"rendered":"Esittelyss\u00e4 Terveysteknologia ry:n hallitus"},"content":{"rendered":"\n<p>Terveysteknologia ry:n syyskokouksessa p\u00e4\u00e4tettiin uuden hallituksen nimitt\u00e4misest\u00e4 ja sen j\u00e4senet vahvistettiin 30.1.2023 pidetyss\u00e4 hallituksen kokouksessa.<br>Hallituksen uudeksi puheenjohtajaksi valittiin Mika Hagberg Paree Group Oy:st\u00e4 samalla, kun hallituksen pitk\u00e4aikainen ja yhdistyksen puolesta arvokasta ty\u00f6t\u00e4 tehnyt puheenjohtaja Veli M\u00e4kel\u00e4 Planmeca Oy:st\u00e4 siirtyi varapuheenjohtajan teht\u00e4viin. Puheenjohtajan kausi on kolmivuotinen ja sit\u00e4 voidaan hallituksen p\u00e4\u00e4t\u00f6ksell\u00e4 jatkaa kolmivuotiskauden j\u00e4lkeenkin.<\/p>\n\n\n\n<p>Hallituksessa jatkavat lis\u00e4ksi edelleen Rina Wahlroos (Thermo Fisher Scientific), Ilari Antila (Uniogen), Stefan Baggstr\u00f6m (Gofore), Rainer Harjunp\u00e4\u00e4 (Palodex), Pasi Hatakka (Mariachi), Tommi Kaasalainen (Euformatics), Eetu Koski (Evondos), Samuli Niiranen (Mylab), Tero Silvola (BC Platforms) ja Seppo Orsila (Modulight) .<\/p>\n\n\n\n<p>Risto Rossin (GE Healthcare), Elias Haapakorvan (Kasve) sek\u00e4 Timo Heikkisen (Top Data Science) v\u00e4istyess\u00e4 hallitusteht\u00e4vist\u00e4, heid\u00e4n tilalleen hallituksen uusina j\u00e4senin\u00e4 aloittivat Dan Sarin (GE Healthcare), Karita Reijonsaari (Linio Biotech), Rosa Tengvall (Kasve) ja Ouli Uimonen (L\u00e4\u00e4ketietokeskus).<\/p>\n\n\n\n<p>KASVU JA KANSAINV\u00c4LISTYMINEN SEK\u00c4 STARTUPIEN TARPEET KOROSTUVAT<br>Hallituksessa on jo ennest\u00e4\u00e4n edustettuna vahva kotimainen teollisuus sek\u00e4 kansainv\u00e4linen kokemus ja asiantuntijuus, mik\u00e4 on erityisen t\u00e4rke\u00e4\u00e4 vientivetoisella terveysteknologia-alalla. Uusien j\u00e4senten my\u00f6t\u00e4 hallitus sai lis\u00e4ksi merkitt\u00e4v\u00e4\u00e4 vahvistusta startup-toiminnan tarpeiden ymm\u00e4rt\u00e4miseksi sek\u00e4 kasvun ja kansainv\u00e4listymisen tukemiseksi terveysteknologia-alalla.<\/p>\n\n\n\n<p>Startup-yritysten rooli yhdistyksen toiminnassa on kasvanut erityisesti sen j\u00e4lkeen, kun Upgraded yhdisti toimintansa Terveysteknologian yhdistykseen. Upgradedin tavoitteiden jatkuvuutta turvaa Terveysteknologia ry:n hallituksessa Upgradedin perustaja ja hallituksen puheenjohtaja Kenneth Salonius (Vertical), joka kutsuttiin hallituksen pysyv\u00e4ksi asiantuntijaj\u00e4seneksi.<\/p>\n\n\n\n<p>Hallituksen muut pysyv\u00e4t asiantuntijaj\u00e4senet ovat Jan Moed (Planmed), Jaakko Rissanen (Innokas Medical), Esa Soini (Mylab) ja Sandra Liede (Terveysteknologia ry).<\/p>\n\n\n\n<p>Hallitus valitsi keskuudestaan ty\u00f6valiokunnan (puheenjohtaja, varapuheenjohtaja sek\u00e4 1-3 j\u00e4sent\u00e4), joka valmistelee hallituksen kokoukset ja valmistelee hallituksen erikseen m\u00e4\u00e4r\u00e4\u00e4m\u00e4t teht\u00e4v\u00e4t. Ty\u00f6valiokuntaan valittiin hallituksen puheenjohtajan ja varapuheenjohtajan lis\u00e4ksi Rainer Harjunp\u00e4\u00e4, Pasi Hatakka sek\u00e4 Sandra Liede. Tarvittaessa ty\u00f6valiokunta t\u00e4ydent\u00e4\u00e4 kokoonpanoaan.<\/p>\n\n\n\n<p>Sek\u00e4 hallituksen ett\u00e4 ty\u00f6valiokunnan sihteerin\u00e4 toimii Terveysteknologia ry:n toimitusjohtaja Saara Hassinen.<\/p>\n","protected":false},"excerpt":{"rendered":"<p>Terveysteknologia ry:n syyskokouksessa p\u00e4\u00e4tettiin uuden hallituksen nimitt\u00e4misest\u00e4 ja sen j\u00e4senet vahvistettiin 30.1.2023 pidetyss\u00e4 hallituksen kokouksessa.Hallituksen uudeksi puheenjohtajaksi valittiin Mika Hagberg Paree Group Oy:st\u00e4 samalla, kun hallituksen pitk\u00e4aikainen ja yhdistyksen puolesta arvokasta ty\u00f6t\u00e4 tehnyt puheenjohtaja Veli M\u00e4kel\u00e4 Planmeca Oy:st\u00e4 siirtyi varapuheenjohtajan teht\u00e4viin. Puheenjohtajan kausi on kolmivuotinen ja sit\u00e4 voidaan hallituksen p\u00e4\u00e4t\u00f6ksell\u00e4 jatkaa kolmivuotiskauden j\u00e4lkeenkin. Hallituksessa jatkavat [&hellip;]<\/p>\n","protected":false},"author":16,"featured_media":441,"comment_status":"closed","ping_status":"closed","sticky":false,"template":"","format":"standard","meta":{"_acf_changed":false,"_relevanssi_hide_post":"","_relevanssi_hide_content":"","_relevanssi_pin_for_all":"","_relevanssi_pin_keywords":"","_relevanssi_unpin_keywords":"","_relevanssi_related_keywords":"","_relevanssi_related_include_ids":"","_relevanssi_related_exclude_ids":"","_relevanssi_related_no_append":"","_relevanssi_related_not_related":"","_relevanssi_related_posts":"1071,833,852,1067,1075,921","_relevanssi_noindex_reason":"","inline_featured_image":false,"footnotes":""},"categories":[14],"tags":[],"em_industry":[],"em_theme":[],"class_list":["post-1418","post","type-post","status-publish","format-standard","has-post-thumbnail","hentry","category-uutinen"],"acf":[],"yoast_head":"<!-- This site is optimized with the Yoast SEO Premium plugin v27.1 (Yoast SEO v27.5) - https:\/\/yoast.com\/product\/yoast-seo-premium-wordpress\/ -->\n<title>Esittelyss\u00e4 Terveysteknologia ry:n hallitus - Terveysteknologia<\/title>\n<meta name=\"robots\" content=\"index, follow, max-snippet:-1, max-image-preview:large, max-video-preview:-1\" \/>\n<link rel=\"canonical\" href=\"https:\/\/teknologiateollisuus.fi\/healthtech\/esittelyssa-terveysteknologia-ryn-hallitus\/\" \/>\n<meta property=\"og:locale\" content=\"fi_FI\" \/>\n<meta property=\"og:type\" content=\"article\" \/>\n<meta property=\"og:title\" content=\"Esittelyss\u00e4 Terveysteknologia ry:n hallitus\" \/>\n<meta property=\"og:description\" content=\"Terveysteknologia ry:n syyskokouksessa p\u00e4\u00e4tettiin uuden hallituksen nimitt\u00e4misest\u00e4 ja sen j\u00e4senet vahvistettiin 30.1.2023 pidetyss\u00e4 hallituksen kokouksessa.Hallituksen uudeksi puheenjohtajaksi valittiin Mika Hagberg Paree Group Oy:st\u00e4 samalla, kun hallituksen pitk\u00e4aikainen ja yhdistyksen puolesta arvokasta ty\u00f6t\u00e4 tehnyt puheenjohtaja Veli M\u00e4kel\u00e4 Planmeca Oy:st\u00e4 siirtyi varapuheenjohtajan teht\u00e4viin. Puheenjohtajan kausi on kolmivuotinen ja sit\u00e4 voidaan hallituksen p\u00e4\u00e4t\u00f6ksell\u00e4 jatkaa kolmivuotiskauden j\u00e4lkeenkin. Hallituksessa jatkavat [&hellip;]\" \/>\n<meta property=\"og:url\" content=\"https:\/\/teknologiateollisuus.fi\/healthtech\/esittelyssa-terveysteknologia-ryn-hallitus\/\" \/>\n<meta property=\"og:site_name\" content=\"Terveysteknologia\" \/>\n<meta property=\"article:published_time\" content=\"2023-03-09T10:38:00+00:00\" \/>\n<meta property=\"article:modified_time\" content=\"2024-09-02T10:03:19+00:00\" \/>\n<meta property=\"og:image\" content=\"https:\/\/teknologiateollisuus.fi\/healthtech\/wp-content\/uploads\/sites\/8\/2024\/06\/Healthtech_Finland_Logo_RGB_Black_0-002-e1723017524946.png\" \/>\n\t<meta property=\"og:image:width\" content=\"476\" \/>\n\t<meta property=\"og:image:height\" content=\"267\" \/>\n\t<meta property=\"og:image:type\" content=\"image\/png\" \/>\n<meta name=\"author\" content=\"P\u00e4ivi Ahlgren\" \/>\n<meta name=\"twitter:card\" content=\"summary_large_image\" \/>\n<meta name=\"twitter:label1\" content=\"Kirjoittanut\" \/>\n\t<meta name=\"twitter:data1\" content=\"P\u00e4ivi Ahlgren\" \/>\n\t<meta name=\"twitter:label2\" content=\"Arvioitu lukuaika\" \/>\n\t<meta name=\"twitter:data2\" content=\"2 minuuttia\" \/>\n<script type=\"application\/ld+json\" class=\"yoast-schema-graph\">{\"@context\":\"https:\\\/\\\/schema.org\",\"@graph\":[{\"@type\":\"Article\",\"@id\":\"https:\\\/\\\/teknologiateollisuus.fi\\\/healthtech\\\/esittelyssa-terveysteknologia-ryn-hallitus\\\/#article\",\"isPartOf\":{\"@id\":\"https:\\\/\\\/teknologiateollisuus.fi\\\/healthtech\\\/esittelyssa-terveysteknologia-ryn-hallitus\\\/\"},\"author\":{\"name\":\"P\u00e4ivi Ahlgren\",\"@id\":\"https:\\\/\\\/teknologiateollisuus.fi\\\/healthtech\\\/#\\\/schema\\\/person\\\/964d40eb9a84d0edfc1989b7784ea950\"},\"headline\":\"Esittelyss\u00e4 Terveysteknologia ry:n hallitus\",\"datePublished\":\"2023-03-09T10:38:00+00:00\",\"dateModified\":\"2024-09-02T10:03:19+00:00\",\"mainEntityOfPage\":{\"@id\":\"https:\\\/\\\/teknologiateollisuus.fi\\\/healthtech\\\/esittelyssa-terveysteknologia-ryn-hallitus\\\/\"},\"wordCount\":327,\"image\":{\"@id\":\"https:\\\/\\\/teknologiateollisuus.fi\\\/healthtech\\\/esittelyssa-terveysteknologia-ryn-hallitus\\\/#primaryimage\"},\"thumbnailUrl\":\"https:\\\/\\\/teknologiateollisuus.fi\\\/healthtech\\\/wp-content\\\/uploads\\\/sites\\\/8\\\/2024\\\/06\\\/Healthtech_Finland_Logo_RGB_Black_0-002-e1723017524946.png\",\"articleSection\":[\"Uutinen\"],\"inLanguage\":\"fi\"},{\"@type\":\"WebPage\",\"@id\":\"https:\\\/\\\/teknologiateollisuus.fi\\\/healthtech\\\/esittelyssa-terveysteknologia-ryn-hallitus\\\/\",\"url\":\"https:\\\/\\\/teknologiateollisuus.fi\\\/healthtech\\\/esittelyssa-terveysteknologia-ryn-hallitus\\\/\",\"name\":\"Esittelyss\u00e4 Terveysteknologia ry:n hallitus - Terveysteknologia\",\"isPartOf\":{\"@id\":\"https:\\\/\\\/teknologiateollisuus.fi\\\/healthtech\\\/#website\"},\"primaryImageOfPage\":{\"@id\":\"https:\\\/\\\/teknologiateollisuus.fi\\\/healthtech\\\/esittelyssa-terveysteknologia-ryn-hallitus\\\/#primaryimage\"},\"image\":{\"@id\":\"https:\\\/\\\/teknologiateollisuus.fi\\\/healthtech\\\/esittelyssa-terveysteknologia-ryn-hallitus\\\/#primaryimage\"},\"thumbnailUrl\":\"https:\\\/\\\/teknologiateollisuus.fi\\\/healthtech\\\/wp-content\\\/uploads\\\/sites\\\/8\\\/2024\\\/06\\\/Healthtech_Finland_Logo_RGB_Black_0-002-e1723017524946.png\",\"datePublished\":\"2023-03-09T10:38:00+00:00\",\"dateModified\":\"2024-09-02T10:03:19+00:00\",\"author\":{\"@id\":\"https:\\\/\\\/teknologiateollisuus.fi\\\/healthtech\\\/#\\\/schema\\\/person\\\/964d40eb9a84d0edfc1989b7784ea950\"},\"breadcrumb\":{\"@id\":\"https:\\\/\\\/teknologiateollisuus.fi\\\/healthtech\\\/esittelyssa-terveysteknologia-ryn-hallitus\\\/#breadcrumb\"},\"inLanguage\":\"fi\",\"potentialAction\":[{\"@type\":\"ReadAction\",\"target\":[\"https:\\\/\\\/teknologiateollisuus.fi\\\/healthtech\\\/esittelyssa-terveysteknologia-ryn-hallitus\\\/\"]}]},{\"@type\":\"ImageObject\",\"inLanguage\":\"fi\",\"@id\":\"https:\\\/\\\/teknologiateollisuus.fi\\\/healthtech\\\/esittelyssa-terveysteknologia-ryn-hallitus\\\/#primaryimage\",\"url\":\"https:\\\/\\\/teknologiateollisuus.fi\\\/healthtech\\\/wp-content\\\/uploads\\\/sites\\\/8\\\/2024\\\/06\\\/Healthtech_Finland_Logo_RGB_Black_0-002-e1723017524946.png\",\"contentUrl\":\"https:\\\/\\\/teknologiateollisuus.fi\\\/healthtech\\\/wp-content\\\/uploads\\\/sites\\\/8\\\/2024\\\/06\\\/Healthtech_Finland_Logo_RGB_Black_0-002-e1723017524946.png\",\"width\":476,\"height\":267,\"caption\":\"Healthtech Finland Logo\"},{\"@type\":\"BreadcrumbList\",\"@id\":\"https:\\\/\\\/teknologiateollisuus.fi\\\/healthtech\\\/esittelyssa-terveysteknologia-ryn-hallitus\\\/#breadcrumb\",\"itemListElement\":[{\"@type\":\"ListItem\",\"position\":1,\"name\":\"Etusivu\",\"item\":\"https:\\\/\\\/teknologiateollisuus.fi\\\/healthtech\\\/\"},{\"@type\":\"ListItem\",\"position\":2,\"name\":\"Ajankohtaista\",\"item\":\"https:\\\/\\\/teknologiateollisuus.fi\\\/healthtech\\\/ajankohtaista\\\/\"},{\"@type\":\"ListItem\",\"position\":3,\"name\":\"Uutinen\",\"item\":\"https:\\\/\\\/teknologiateollisuus.fi\\\/healthtech\\\/ajankohtaista\\\/?categories=14\"},{\"@type\":\"ListItem\",\"position\":4,\"name\":\"Esittelyss\u00e4 Terveysteknologia ry:n hallitus\"}]},{\"@type\":\"WebSite\",\"@id\":\"https:\\\/\\\/teknologiateollisuus.fi\\\/healthtech\\\/#website\",\"url\":\"https:\\\/\\\/teknologiateollisuus.fi\\\/healthtech\\\/\",\"name\":\"Terveysteknologia\",\"description\":\"\",\"potentialAction\":[{\"@type\":\"SearchAction\",\"target\":{\"@type\":\"EntryPoint\",\"urlTemplate\":\"https:\\\/\\\/teknologiateollisuus.fi\\\/healthtech\\\/?s={search_term_string}\"},\"query-input\":{\"@type\":\"PropertyValueSpecification\",\"valueRequired\":true,\"valueName\":\"search_term_string\"}}],\"inLanguage\":\"fi\"},{\"@type\":\"Person\",\"@id\":\"https:\\\/\\\/teknologiateollisuus.fi\\\/healthtech\\\/#\\\/schema\\\/person\\\/964d40eb9a84d0edfc1989b7784ea950\",\"name\":\"P\u00e4ivi Ahlgren\",\"image\":{\"@type\":\"ImageObject\",\"inLanguage\":\"fi\",\"@id\":\"https:\\\/\\\/secure.gravatar.com\\\/avatar\\\/d49c8c4a3ac6bce6f1ed1a4445d5b60a53463c32cb6ebcf6e0375dcece39eaca?s=96&d=mm&r=g\",\"url\":\"https:\\\/\\\/secure.gravatar.com\\\/avatar\\\/d49c8c4a3ac6bce6f1ed1a4445d5b60a53463c32cb6ebcf6e0375dcece39eaca?s=96&d=mm&r=g\",\"contentUrl\":\"https:\\\/\\\/secure.gravatar.com\\\/avatar\\\/d49c8c4a3ac6bce6f1ed1a4445d5b60a53463c32cb6ebcf6e0375dcece39eaca?s=96&d=mm&r=g\",\"caption\":\"P\u00e4ivi Ahlgren\"}}]}<\/script>\n<!-- \/ Yoast SEO Premium plugin. -->","yoast_head_json":{"title":"Esittelyss\u00e4 Terveysteknologia ry:n hallitus - Terveysteknologia","robots":{"index":"index","follow":"follow","max-snippet":"max-snippet:-1","max-image-preview":"max-image-preview:large","max-video-preview":"max-video-preview:-1"},"canonical":"https:\/\/teknologiateollisuus.fi\/healthtech\/esittelyssa-terveysteknologia-ryn-hallitus\/","og_locale":"fi_FI","og_type":"article","og_title":"Esittelyss\u00e4 Terveysteknologia ry:n hallitus","og_description":"Terveysteknologia ry:n syyskokouksessa p\u00e4\u00e4tettiin uuden hallituksen nimitt\u00e4misest\u00e4 ja sen j\u00e4senet vahvistettiin 30.1.2023 pidetyss\u00e4 hallituksen kokouksessa.Hallituksen uudeksi puheenjohtajaksi valittiin Mika Hagberg Paree Group Oy:st\u00e4 samalla, kun hallituksen pitk\u00e4aikainen ja yhdistyksen puolesta arvokasta ty\u00f6t\u00e4 tehnyt puheenjohtaja Veli M\u00e4kel\u00e4 Planmeca Oy:st\u00e4 siirtyi varapuheenjohtajan teht\u00e4viin. Puheenjohtajan kausi on kolmivuotinen ja sit\u00e4 voidaan hallituksen p\u00e4\u00e4t\u00f6ksell\u00e4 jatkaa kolmivuotiskauden j\u00e4lkeenkin. Hallituksessa jatkavat [&hellip;]","og_url":"https:\/\/teknologiateollisuus.fi\/healthtech\/esittelyssa-terveysteknologia-ryn-hallitus\/","og_site_name":"Terveysteknologia","article_published_time":"2023-03-09T10:38:00+00:00","article_modified_time":"2024-09-02T10:03:19+00:00","og_image":[{"width":476,"height":267,"url":"https:\/\/teknologiateollisuus.fi\/healthtech\/wp-content\/uploads\/sites\/8\/2024\/06\/Healthtech_Finland_Logo_RGB_Black_0-002-e1723017524946.png","type":"image\/png"}],"author":"P\u00e4ivi Ahlgren","twitter_card":"summary_large_image","twitter_misc":{"Kirjoittanut":"P\u00e4ivi Ahlgren","Arvioitu lukuaika":"2 minuuttia"},"schema":{"@context":"https:\/\/schema.org","@graph":[{"@type":"Article","@id":"https:\/\/teknologiateollisuus.fi\/healthtech\/esittelyssa-terveysteknologia-ryn-hallitus\/#article","isPartOf":{"@id":"https:\/\/teknologiateollisuus.fi\/healthtech\/esittelyssa-terveysteknologia-ryn-hallitus\/"},"author":{"name":"P\u00e4ivi Ahlgren","@id":"https:\/\/teknologiateollisuus.fi\/healthtech\/#\/schema\/person\/964d40eb9a84d0edfc1989b7784ea950"},"headline":"Esittelyss\u00e4 Terveysteknologia ry:n hallitus","datePublished":"2023-03-09T10:38:00+00:00","dateModified":"2024-09-02T10:03:19+00:00","mainEntityOfPage":{"@id":"https:\/\/teknologiateollisuus.fi\/healthtech\/esittelyssa-terveysteknologia-ryn-hallitus\/"},"wordCount":327,"image":{"@id":"https:\/\/teknologiateollisuus.fi\/healthtech\/esittelyssa-terveysteknologia-ryn-hallitus\/#primaryimage"},"thumbnailUrl":"https:\/\/teknologiateollisuus.fi\/healthtech\/wp-content\/uploads\/sites\/8\/2024\/06\/Healthtech_Finland_Logo_RGB_Black_0-002-e1723017524946.png","articleSection":["Uutinen"],"inLanguage":"fi"},{"@type":"WebPage","@id":"https:\/\/teknologiateollisuus.fi\/healthtech\/esittelyssa-terveysteknologia-ryn-hallitus\/","url":"https:\/\/teknologiateollisuus.fi\/healthtech\/esittelyssa-terveysteknologia-ryn-hallitus\/","name":"Esittelyss\u00e4 Terveysteknologia ry:n hallitus - Terveysteknologia","isPartOf":{"@id":"https:\/\/teknologiateollisuus.fi\/healthtech\/#website"},"primaryImageOfPage":{"@id":"https:\/\/teknologiateollisuus.fi\/healthtech\/esittelyssa-terveysteknologia-ryn-hallitus\/#primaryimage"},"image":{"@id":"https:\/\/teknologiateollisuus.fi\/healthtech\/esittelyssa-terveysteknologia-ryn-hallitus\/#primaryimage"},"thumbnailUrl":"https:\/\/teknologiateollisuus.fi\/healthtech\/wp-content\/uploads\/sites\/8\/2024\/06\/Healthtech_Finland_Logo_RGB_Black_0-002-e1723017524946.png","datePublished":"2023-03-09T10:38:00+00:00","dateModified":"2024-09-02T10:03:19+00:00","author":{"@id":"https:\/\/teknologiateollisuus.fi\/healthtech\/#\/schema\/person\/964d40eb9a84d0edfc1989b7784ea950"},"breadcrumb":{"@id":"https:\/\/teknologiateollisuus.fi\/healthtech\/esittelyssa-terveysteknologia-ryn-hallitus\/#breadcrumb"},"inLanguage":"fi","potentialAction":[{"@type":"ReadAction","target":["https:\/\/teknologiateollisuus.fi\/healthtech\/esittelyssa-terveysteknologia-ryn-hallitus\/"]}]},{"@type":"ImageObject","inLanguage":"fi","@id":"https:\/\/teknologiateollisuus.fi\/healthtech\/esittelyssa-terveysteknologia-ryn-hallitus\/#primaryimage","url":"https:\/\/teknologiateollisuus.fi\/healthtech\/wp-content\/uploads\/sites\/8\/2024\/06\/Healthtech_Finland_Logo_RGB_Black_0-002-e1723017524946.png","contentUrl":"https:\/\/teknologiateollisuus.fi\/healthtech\/wp-content\/uploads\/sites\/8\/2024\/06\/Healthtech_Finland_Logo_RGB_Black_0-002-e1723017524946.png","width":476,"height":267,"caption":"Healthtech Finland Logo"},{"@type":"BreadcrumbList","@id":"https:\/\/teknologiateollisuus.fi\/healthtech\/esittelyssa-terveysteknologia-ryn-hallitus\/#breadcrumb","itemListElement":[{"@type":"ListItem","position":1,"name":"Etusivu","item":"https:\/\/teknologiateollisuus.fi\/healthtech\/"},{"@type":"ListItem","position":2,"name":"Ajankohtaista","item":"https:\/\/teknologiateollisuus.fi\/healthtech\/ajankohtaista\/"},{"@type":"ListItem","position":3,"name":"Uutinen","item":"https:\/\/teknologiateollisuus.fi\/healthtech\/ajankohtaista\/?categories=14"},{"@type":"ListItem","position":4,"name":"Esittelyss\u00e4 Terveysteknologia ry:n hallitus"}]},{"@type":"WebSite","@id":"https:\/\/teknologiateollisuus.fi\/healthtech\/#website","url":"https:\/\/teknologiateollisuus.fi\/healthtech\/","name":"Terveysteknologia","description":"","potentialAction":[{"@type":"SearchAction","target":{"@type":"EntryPoint","urlTemplate":"https:\/\/teknologiateollisuus.fi\/healthtech\/?s={search_term_string}"},"query-input":{"@type":"PropertyValueSpecification","valueRequired":true,"valueName":"search_term_string"}}],"inLanguage":"fi"},{"@type":"Person","@id":"https:\/\/teknologiateollisuus.fi\/healthtech\/#\/schema\/person\/964d40eb9a84d0edfc1989b7784ea950","name":"P\u00e4ivi Ahlgren","image":{"@type":"ImageObject","inLanguage":"fi","@id":"https:\/\/secure.gravatar.com\/avatar\/d49c8c4a3ac6bce6f1ed1a4445d5b60a53463c32cb6ebcf6e0375dcece39eaca?s=96&d=mm&r=g","url":"https:\/\/secure.gravatar.com\/avatar\/d49c8c4a3ac6bce6f1ed1a4445d5b60a53463c32cb6ebcf6e0375dcece39eaca?s=96&d=mm&r=g","contentUrl":"https:\/\/secure.gravatar.com\/avatar\/d49c8c4a3ac6bce6f1ed1a4445d5b60a53463c32cb6ebcf6e0375dcece39eaca?s=96&d=mm&r=g","caption":"P\u00e4ivi Ahlgren"}}]}},"lang":"fi","translations":{"fi":1418},"pll_sync_post":{},"_links":{"self":[{"href":"https:\/\/teknologiateollisuus.fi\/healthtech\/wp-json\/wp\/v2\/posts\/1418","targetHints":{"allow":["GET"]}}],"collection":[{"href":"https:\/\/teknologiateollisuus.fi\/healthtech\/wp-json\/wp\/v2\/posts"}],"about":[{"href":"https:\/\/teknologiateollisuus.fi\/healthtech\/wp-json\/wp\/v2\/types\/post"}],"author":[{"embeddable":true,"href":"https:\/\/teknologiateollisuus.fi\/healthtech\/wp-json\/wp\/v2\/users\/16"}],"replies":[{"embeddable":true,"href":"https:\/\/teknologiateollisuus.fi\/healthtech\/wp-json\/wp\/v2\/comments?post=1418"}],"version-history":[{"count":1,"href":"https:\/\/teknologiateollisuus.fi\/healthtech\/wp-json\/wp\/v2\/posts\/1418\/revisions"}],"predecessor-version":[{"id":1419,"href":"https:\/\/teknologiateollisuus.fi\/healthtech\/wp-json\/wp\/v2\/posts\/1418\/revisions\/1419"}],"wp:featuredmedia":[{"embeddable":true,"href":"https:\/\/teknologiateollisuus.fi\/healthtech\/wp-json\/wp\/v2\/media\/441"}],"wp:attachment":[{"href":"https:\/\/teknologiateollisuus.fi\/healthtech\/wp-json\/wp\/v2\/media?parent=1418"}],"wp:term":[{"taxonomy":"category","embeddable":true,"href":"https:\/\/teknologiateollisuus.fi\/healthtech\/wp-json\/wp\/v2\/categories?post=1418"},{"taxonomy":"post_tag","embeddable":true,"href":"https:\/\/teknologiateollisuus.fi\/healthtech\/wp-json\/wp\/v2\/tags?post=1418"},{"taxonomy":"em_industry","embeddable":true,"href":"https:\/\/teknologiateollisuus.fi\/healthtech\/wp-json\/wp\/v2\/em_industry?post=1418"},{"taxonomy":"em_theme","embeddable":true,"href":"https:\/\/teknologiateollisuus.fi\/healthtech\/wp-json\/wp\/v2\/em_theme?post=1418"}],"curies":[{"name":"wp","href":"https:\/\/api.w.org\/{rel}","templated":true}]}}