{"id":1485,"date":"2023-06-12T13:06:00","date_gmt":"2023-06-12T10:06:00","guid":{"rendered":"https:\/\/teknologiateollisuus.fi\/healthtech\/?p=1485"},"modified":"2024-09-25T14:38:25","modified_gmt":"2024-09-25T11:38:25","slug":"pharmalex-finlandille-uusi-toimitusjohtaja","status":"publish","type":"post","link":"https:\/\/teknologiateollisuus.fi\/healthtech\/pharmalex-finlandille-uusi-toimitusjohtaja\/","title":{"rendered":"PharmaLex Finlandille uusi toimitusjohtaja"},"content":{"rendered":"\n<p>PharmaLex Finlandin toimitusjohtaja vaihtui 1. kes\u00e4kuuta 2023, kun yhti\u00f6n perustaja ja yli 20 vuotta toimitusjohtajana toiminut proviisori&nbsp;<strong>Kaija Korpiaho-Haga<\/strong>&nbsp;v\u00e4istyi teht\u00e4v\u00e4st\u00e4\u00e4n. Uusi toimitusjohtaja on yrityksen liiketoimintajohtajana vuodesta 2019 toiminut KTM&nbsp;<strong>Pauliina Lajunen<\/strong>.&nbsp;&nbsp;<\/p>\n\n\n\n<p>L\u00e4\u00e4kkeiden ja l\u00e4\u00e4kinn\u00e4llisten laitteiden myyntilupiin ja markkinoille tuloon liittyvi\u00e4 palveluja tarjoava yritys toimi nimell\u00e4 DRA Consulting viime vuoteen asti. Elokuussa 2022 tehdyn yrityskaupan seurauksena nimi vaihtui PharmaLex Finlandiksi samalla, kun yrityksest\u00e4 tuli osa maailmanlaajuisen PharmaLex-konsernin pohjoismaista organisaatiota.&nbsp;&nbsp;<\/p>\n\n\n\n<p>\u201dSuunnitelmissa oli jo ollut kipparinvaihto ja nyt oli sopiva hetki siihen. Pauliinan kansainv\u00e4linen kokemus, n\u00e4kemys terveydenhuollon eri aloilta sek\u00e4 loistavat kieli- ja esiintymistaidot antavat juuri oikeat ev\u00e4\u00e4t luotsaamaan yrityst\u00e4 kohti globaaleja markkinoita\u201d, toteaa Kaija Korpiaho-Haga, joka jatkaa DRA:n emoyhti\u00f6n, Genetricum Oy:n toimitusjohtajana.&nbsp;&nbsp;&nbsp;<\/p>\n\n\n\n<p>Pauliina Lajusella on kansainv\u00e4lisen markkinoinnin koulutus ja yli 20 vuoden kokemus markkinoinnin ja myynnin johtamisen sek\u00e4 liiketoiminnan kehitt\u00e4misen teht\u00e4vist\u00e4 mm. hoiva-alan yritys Med Group\/ONNIssa, Docrates Sy\u00f6p\u00e4sairaalassa ja GE Healthcarella. H\u00e4nell\u00e4 on my\u00f6s kokemusta useista yrityskaupoista, viimeksi hallituksen j\u00e4senen\u00e4 Nanso Groupilla.&nbsp;&nbsp;<\/p>\n\n\n\n<p>PharmaLexilla Lajunen vet\u00e4\u00e4 my\u00f6s pohjoismaista myynti-, markkinointi- ja viestint\u00e4tiimi\u00e4. \u201dT\u00e4st\u00e4 on hyv\u00e4 jatkaa kohti Nordic-organisaatiota. Johtaminen on tiimity\u00f6t\u00e4 ja minulla on rautaisen ammattitaidon omaava joukko ymp\u00e4rill\u00e4ni. Uuden konsernin kautta voimme tarjota asiakkaillemme laajan palvelupaletin miss\u00e4 p\u00e4in maailmaa tahansa.\u201d&nbsp;&nbsp;<\/p>\n\n\n\n<p><strong>About PharmaLex<\/strong>&nbsp;<\/p>\n\n\n\n<p><em><a href=\"https:\/\/www.pharmalex.com\/\">PharmaLex<\/a>&nbsp;is a leading provider of specialised services for the pharma, biotech and medical device industries. We guide you from early strategic planning activities and non-clinical requirements through clinical development, regulatory submission processes and post-approval \/ maintenance post-launch activities. Our experts use technology-enabled solutions to support you through the entire product lifecycle. We deliver exceptional results \u2014 going above and beyond the standard to deliver tailor-made solutions worldwide.&nbsp;&nbsp;<\/em><\/p>\n\n\n\n<p><em>PharmaLex is now part of AmerisourceBergen, a leading global healthcare company with a foundation in pharmaceutical distribution.&nbsp;<\/em><\/p>\n","protected":false},"excerpt":{"rendered":"<p>PharmaLex Finlandin toimitusjohtaja vaihtui 1. kes\u00e4kuuta 2023, kun yhti\u00f6n perustaja ja yli 20 vuotta toimitusjohtajana toiminut proviisori&nbsp;Kaija Korpiaho-Haga&nbsp;v\u00e4istyi teht\u00e4v\u00e4st\u00e4\u00e4n. Uusi toimitusjohtaja on yrityksen liiketoimintajohtajana vuodesta 2019 toiminut KTM&nbsp;Pauliina Lajunen.&nbsp;&nbsp; L\u00e4\u00e4kkeiden ja l\u00e4\u00e4kinn\u00e4llisten laitteiden myyntilupiin ja markkinoille tuloon liittyvi\u00e4 palveluja tarjoava yritys toimi nimell\u00e4 DRA Consulting viime vuoteen asti. Elokuussa 2022 tehdyn yrityskaupan seurauksena nimi vaihtui [&hellip;]<\/p>\n","protected":false},"author":16,"featured_media":1577,"comment_status":"closed","ping_status":"closed","sticky":false,"template":"","format":"standard","meta":{"_acf_changed":false,"_relevanssi_hide_post":"","_relevanssi_hide_content":"","_relevanssi_pin_for_all":"","_relevanssi_pin_keywords":"","_relevanssi_unpin_keywords":"","_relevanssi_related_keywords":"","_relevanssi_related_include_ids":"","_relevanssi_related_exclude_ids":"","_relevanssi_related_no_append":"","_relevanssi_related_not_related":"","_relevanssi_related_posts":"1311,1275,1355,1186,833,937","_relevanssi_noindex_reason":"","inline_featured_image":false,"footnotes":""},"categories":[14],"tags":[],"em_industry":[],"em_theme":[],"class_list":["post-1485","post","type-post","status-publish","format-standard","has-post-thumbnail","hentry","category-uutinen"],"acf":[],"yoast_head":"<!-- This site is optimized with the Yoast SEO Premium plugin v27.1 (Yoast SEO v27.4) - https:\/\/yoast.com\/product\/yoast-seo-premium-wordpress\/ -->\n<title>PharmaLex Finlandille uusi toimitusjohtaja - Terveysteknologia<\/title>\n<meta name=\"robots\" content=\"index, follow, max-snippet:-1, max-image-preview:large, max-video-preview:-1\" \/>\n<link rel=\"canonical\" href=\"https:\/\/teknologiateollisuus.fi\/healthtech\/pharmalex-finlandille-uusi-toimitusjohtaja\/\" \/>\n<meta property=\"og:locale\" content=\"fi_FI\" \/>\n<meta property=\"og:type\" content=\"article\" \/>\n<meta property=\"og:title\" content=\"PharmaLex Finlandille uusi toimitusjohtaja\" \/>\n<meta property=\"og:description\" content=\"PharmaLex Finlandin toimitusjohtaja vaihtui 1. kes\u00e4kuuta 2023, kun yhti\u00f6n perustaja ja yli 20 vuotta toimitusjohtajana toiminut proviisori&nbsp;Kaija Korpiaho-Haga&nbsp;v\u00e4istyi teht\u00e4v\u00e4st\u00e4\u00e4n. Uusi toimitusjohtaja on yrityksen liiketoimintajohtajana vuodesta 2019 toiminut KTM&nbsp;Pauliina Lajunen.&nbsp;&nbsp; L\u00e4\u00e4kkeiden ja l\u00e4\u00e4kinn\u00e4llisten laitteiden myyntilupiin ja markkinoille tuloon liittyvi\u00e4 palveluja tarjoava yritys toimi nimell\u00e4 DRA Consulting viime vuoteen asti. Elokuussa 2022 tehdyn yrityskaupan seurauksena nimi vaihtui [&hellip;]\" \/>\n<meta property=\"og:url\" content=\"https:\/\/teknologiateollisuus.fi\/healthtech\/pharmalex-finlandille-uusi-toimitusjohtaja\/\" \/>\n<meta property=\"og:site_name\" content=\"Terveysteknologia\" \/>\n<meta property=\"article:published_time\" content=\"2023-06-12T10:06:00+00:00\" \/>\n<meta property=\"article:modified_time\" content=\"2024-09-25T11:38:25+00:00\" \/>\n<meta property=\"og:image\" content=\"https:\/\/teknologiateollisuus.fi\/healthtech\/wp-content\/uploads\/sites\/8\/2024\/07\/Pauliina-Lajunen-PharmaLex.png\" \/>\n\t<meta property=\"og:image:width\" content=\"427\" \/>\n\t<meta property=\"og:image:height\" content=\"350\" \/>\n\t<meta property=\"og:image:type\" content=\"image\/png\" \/>\n<meta name=\"author\" content=\"P\u00e4ivi Ahlgren\" \/>\n<meta name=\"twitter:card\" content=\"summary_large_image\" \/>\n<meta name=\"twitter:label1\" content=\"Kirjoittanut\" \/>\n\t<meta name=\"twitter:data1\" content=\"P\u00e4ivi Ahlgren\" \/>\n\t<meta name=\"twitter:label2\" content=\"Arvioitu lukuaika\" \/>\n\t<meta name=\"twitter:data2\" content=\"2 minuuttia\" \/>\n<script type=\"application\/ld+json\" class=\"yoast-schema-graph\">{\"@context\":\"https:\\\/\\\/schema.org\",\"@graph\":[{\"@type\":\"Article\",\"@id\":\"https:\\\/\\\/teknologiateollisuus.fi\\\/healthtech\\\/pharmalex-finlandille-uusi-toimitusjohtaja\\\/#article\",\"isPartOf\":{\"@id\":\"https:\\\/\\\/teknologiateollisuus.fi\\\/healthtech\\\/pharmalex-finlandille-uusi-toimitusjohtaja\\\/\"},\"author\":{\"name\":\"P\u00e4ivi Ahlgren\",\"@id\":\"https:\\\/\\\/teknologiateollisuus.fi\\\/healthtech\\\/#\\\/schema\\\/person\\\/964d40eb9a84d0edfc1989b7784ea950\"},\"headline\":\"PharmaLex Finlandille uusi toimitusjohtaja\",\"datePublished\":\"2023-06-12T10:06:00+00:00\",\"dateModified\":\"2024-09-25T11:38:25+00:00\",\"mainEntityOfPage\":{\"@id\":\"https:\\\/\\\/teknologiateollisuus.fi\\\/healthtech\\\/pharmalex-finlandille-uusi-toimitusjohtaja\\\/\"},\"wordCount\":322,\"image\":{\"@id\":\"https:\\\/\\\/teknologiateollisuus.fi\\\/healthtech\\\/pharmalex-finlandille-uusi-toimitusjohtaja\\\/#primaryimage\"},\"thumbnailUrl\":\"https:\\\/\\\/teknologiateollisuus.fi\\\/healthtech\\\/wp-content\\\/uploads\\\/sites\\\/8\\\/2024\\\/07\\\/Pauliina-Lajunen-PharmaLex.png\",\"articleSection\":[\"Uutinen\"],\"inLanguage\":\"fi\"},{\"@type\":\"WebPage\",\"@id\":\"https:\\\/\\\/teknologiateollisuus.fi\\\/healthtech\\\/pharmalex-finlandille-uusi-toimitusjohtaja\\\/\",\"url\":\"https:\\\/\\\/teknologiateollisuus.fi\\\/healthtech\\\/pharmalex-finlandille-uusi-toimitusjohtaja\\\/\",\"name\":\"PharmaLex Finlandille uusi toimitusjohtaja - Terveysteknologia\",\"isPartOf\":{\"@id\":\"https:\\\/\\\/teknologiateollisuus.fi\\\/healthtech\\\/#website\"},\"primaryImageOfPage\":{\"@id\":\"https:\\\/\\\/teknologiateollisuus.fi\\\/healthtech\\\/pharmalex-finlandille-uusi-toimitusjohtaja\\\/#primaryimage\"},\"image\":{\"@id\":\"https:\\\/\\\/teknologiateollisuus.fi\\\/healthtech\\\/pharmalex-finlandille-uusi-toimitusjohtaja\\\/#primaryimage\"},\"thumbnailUrl\":\"https:\\\/\\\/teknologiateollisuus.fi\\\/healthtech\\\/wp-content\\\/uploads\\\/sites\\\/8\\\/2024\\\/07\\\/Pauliina-Lajunen-PharmaLex.png\",\"datePublished\":\"2023-06-12T10:06:00+00:00\",\"dateModified\":\"2024-09-25T11:38:25+00:00\",\"author\":{\"@id\":\"https:\\\/\\\/teknologiateollisuus.fi\\\/healthtech\\\/#\\\/schema\\\/person\\\/964d40eb9a84d0edfc1989b7784ea950\"},\"breadcrumb\":{\"@id\":\"https:\\\/\\\/teknologiateollisuus.fi\\\/healthtech\\\/pharmalex-finlandille-uusi-toimitusjohtaja\\\/#breadcrumb\"},\"inLanguage\":\"fi\",\"potentialAction\":[{\"@type\":\"ReadAction\",\"target\":[\"https:\\\/\\\/teknologiateollisuus.fi\\\/healthtech\\\/pharmalex-finlandille-uusi-toimitusjohtaja\\\/\"]}]},{\"@type\":\"ImageObject\",\"inLanguage\":\"fi\",\"@id\":\"https:\\\/\\\/teknologiateollisuus.fi\\\/healthtech\\\/pharmalex-finlandille-uusi-toimitusjohtaja\\\/#primaryimage\",\"url\":\"https:\\\/\\\/teknologiateollisuus.fi\\\/healthtech\\\/wp-content\\\/uploads\\\/sites\\\/8\\\/2024\\\/07\\\/Pauliina-Lajunen-PharmaLex.png\",\"contentUrl\":\"https:\\\/\\\/teknologiateollisuus.fi\\\/healthtech\\\/wp-content\\\/uploads\\\/sites\\\/8\\\/2024\\\/07\\\/Pauliina-Lajunen-PharmaLex.png\",\"width\":427,\"height\":350,\"caption\":\"Pauliina Lajunen\"},{\"@type\":\"BreadcrumbList\",\"@id\":\"https:\\\/\\\/teknologiateollisuus.fi\\\/healthtech\\\/pharmalex-finlandille-uusi-toimitusjohtaja\\\/#breadcrumb\",\"itemListElement\":[{\"@type\":\"ListItem\",\"position\":1,\"name\":\"Etusivu\",\"item\":\"https:\\\/\\\/teknologiateollisuus.fi\\\/healthtech\\\/\"},{\"@type\":\"ListItem\",\"position\":2,\"name\":\"Ajankohtaista\",\"item\":\"https:\\\/\\\/teknologiateollisuus.fi\\\/healthtech\\\/ajankohtaista\\\/\"},{\"@type\":\"ListItem\",\"position\":3,\"name\":\"Uutinen\",\"item\":\"https:\\\/\\\/teknologiateollisuus.fi\\\/healthtech\\\/ajankohtaista\\\/?categories=14\"},{\"@type\":\"ListItem\",\"position\":4,\"name\":\"PharmaLex Finlandille uusi toimitusjohtaja\"}]},{\"@type\":\"WebSite\",\"@id\":\"https:\\\/\\\/teknologiateollisuus.fi\\\/healthtech\\\/#website\",\"url\":\"https:\\\/\\\/teknologiateollisuus.fi\\\/healthtech\\\/\",\"name\":\"Terveysteknologia\",\"description\":\"\",\"potentialAction\":[{\"@type\":\"SearchAction\",\"target\":{\"@type\":\"EntryPoint\",\"urlTemplate\":\"https:\\\/\\\/teknologiateollisuus.fi\\\/healthtech\\\/?s={search_term_string}\"},\"query-input\":{\"@type\":\"PropertyValueSpecification\",\"valueRequired\":true,\"valueName\":\"search_term_string\"}}],\"inLanguage\":\"fi\"},{\"@type\":\"Person\",\"@id\":\"https:\\\/\\\/teknologiateollisuus.fi\\\/healthtech\\\/#\\\/schema\\\/person\\\/964d40eb9a84d0edfc1989b7784ea950\",\"name\":\"P\u00e4ivi Ahlgren\",\"image\":{\"@type\":\"ImageObject\",\"inLanguage\":\"fi\",\"@id\":\"https:\\\/\\\/secure.gravatar.com\\\/avatar\\\/d49c8c4a3ac6bce6f1ed1a4445d5b60a53463c32cb6ebcf6e0375dcece39eaca?s=96&d=mm&r=g\",\"url\":\"https:\\\/\\\/secure.gravatar.com\\\/avatar\\\/d49c8c4a3ac6bce6f1ed1a4445d5b60a53463c32cb6ebcf6e0375dcece39eaca?s=96&d=mm&r=g\",\"contentUrl\":\"https:\\\/\\\/secure.gravatar.com\\\/avatar\\\/d49c8c4a3ac6bce6f1ed1a4445d5b60a53463c32cb6ebcf6e0375dcece39eaca?s=96&d=mm&r=g\",\"caption\":\"P\u00e4ivi Ahlgren\"}}]}<\/script>\n<!-- \/ Yoast SEO Premium plugin. -->","yoast_head_json":{"title":"PharmaLex Finlandille uusi toimitusjohtaja - Terveysteknologia","robots":{"index":"index","follow":"follow","max-snippet":"max-snippet:-1","max-image-preview":"max-image-preview:large","max-video-preview":"max-video-preview:-1"},"canonical":"https:\/\/teknologiateollisuus.fi\/healthtech\/pharmalex-finlandille-uusi-toimitusjohtaja\/","og_locale":"fi_FI","og_type":"article","og_title":"PharmaLex Finlandille uusi toimitusjohtaja","og_description":"PharmaLex Finlandin toimitusjohtaja vaihtui 1. kes\u00e4kuuta 2023, kun yhti\u00f6n perustaja ja yli 20 vuotta toimitusjohtajana toiminut proviisori&nbsp;Kaija Korpiaho-Haga&nbsp;v\u00e4istyi teht\u00e4v\u00e4st\u00e4\u00e4n. Uusi toimitusjohtaja on yrityksen liiketoimintajohtajana vuodesta 2019 toiminut KTM&nbsp;Pauliina Lajunen.&nbsp;&nbsp; L\u00e4\u00e4kkeiden ja l\u00e4\u00e4kinn\u00e4llisten laitteiden myyntilupiin ja markkinoille tuloon liittyvi\u00e4 palveluja tarjoava yritys toimi nimell\u00e4 DRA Consulting viime vuoteen asti. Elokuussa 2022 tehdyn yrityskaupan seurauksena nimi vaihtui [&hellip;]","og_url":"https:\/\/teknologiateollisuus.fi\/healthtech\/pharmalex-finlandille-uusi-toimitusjohtaja\/","og_site_name":"Terveysteknologia","article_published_time":"2023-06-12T10:06:00+00:00","article_modified_time":"2024-09-25T11:38:25+00:00","og_image":[{"width":427,"height":350,"url":"https:\/\/teknologiateollisuus.fi\/healthtech\/wp-content\/uploads\/sites\/8\/2024\/07\/Pauliina-Lajunen-PharmaLex.png","type":"image\/png"}],"author":"P\u00e4ivi Ahlgren","twitter_card":"summary_large_image","twitter_misc":{"Kirjoittanut":"P\u00e4ivi Ahlgren","Arvioitu lukuaika":"2 minuuttia"},"schema":{"@context":"https:\/\/schema.org","@graph":[{"@type":"Article","@id":"https:\/\/teknologiateollisuus.fi\/healthtech\/pharmalex-finlandille-uusi-toimitusjohtaja\/#article","isPartOf":{"@id":"https:\/\/teknologiateollisuus.fi\/healthtech\/pharmalex-finlandille-uusi-toimitusjohtaja\/"},"author":{"name":"P\u00e4ivi Ahlgren","@id":"https:\/\/teknologiateollisuus.fi\/healthtech\/#\/schema\/person\/964d40eb9a84d0edfc1989b7784ea950"},"headline":"PharmaLex Finlandille uusi toimitusjohtaja","datePublished":"2023-06-12T10:06:00+00:00","dateModified":"2024-09-25T11:38:25+00:00","mainEntityOfPage":{"@id":"https:\/\/teknologiateollisuus.fi\/healthtech\/pharmalex-finlandille-uusi-toimitusjohtaja\/"},"wordCount":322,"image":{"@id":"https:\/\/teknologiateollisuus.fi\/healthtech\/pharmalex-finlandille-uusi-toimitusjohtaja\/#primaryimage"},"thumbnailUrl":"https:\/\/teknologiateollisuus.fi\/healthtech\/wp-content\/uploads\/sites\/8\/2024\/07\/Pauliina-Lajunen-PharmaLex.png","articleSection":["Uutinen"],"inLanguage":"fi"},{"@type":"WebPage","@id":"https:\/\/teknologiateollisuus.fi\/healthtech\/pharmalex-finlandille-uusi-toimitusjohtaja\/","url":"https:\/\/teknologiateollisuus.fi\/healthtech\/pharmalex-finlandille-uusi-toimitusjohtaja\/","name":"PharmaLex Finlandille uusi toimitusjohtaja - Terveysteknologia","isPartOf":{"@id":"https:\/\/teknologiateollisuus.fi\/healthtech\/#website"},"primaryImageOfPage":{"@id":"https:\/\/teknologiateollisuus.fi\/healthtech\/pharmalex-finlandille-uusi-toimitusjohtaja\/#primaryimage"},"image":{"@id":"https:\/\/teknologiateollisuus.fi\/healthtech\/pharmalex-finlandille-uusi-toimitusjohtaja\/#primaryimage"},"thumbnailUrl":"https:\/\/teknologiateollisuus.fi\/healthtech\/wp-content\/uploads\/sites\/8\/2024\/07\/Pauliina-Lajunen-PharmaLex.png","datePublished":"2023-06-12T10:06:00+00:00","dateModified":"2024-09-25T11:38:25+00:00","author":{"@id":"https:\/\/teknologiateollisuus.fi\/healthtech\/#\/schema\/person\/964d40eb9a84d0edfc1989b7784ea950"},"breadcrumb":{"@id":"https:\/\/teknologiateollisuus.fi\/healthtech\/pharmalex-finlandille-uusi-toimitusjohtaja\/#breadcrumb"},"inLanguage":"fi","potentialAction":[{"@type":"ReadAction","target":["https:\/\/teknologiateollisuus.fi\/healthtech\/pharmalex-finlandille-uusi-toimitusjohtaja\/"]}]},{"@type":"ImageObject","inLanguage":"fi","@id":"https:\/\/teknologiateollisuus.fi\/healthtech\/pharmalex-finlandille-uusi-toimitusjohtaja\/#primaryimage","url":"https:\/\/teknologiateollisuus.fi\/healthtech\/wp-content\/uploads\/sites\/8\/2024\/07\/Pauliina-Lajunen-PharmaLex.png","contentUrl":"https:\/\/teknologiateollisuus.fi\/healthtech\/wp-content\/uploads\/sites\/8\/2024\/07\/Pauliina-Lajunen-PharmaLex.png","width":427,"height":350,"caption":"Pauliina Lajunen"},{"@type":"BreadcrumbList","@id":"https:\/\/teknologiateollisuus.fi\/healthtech\/pharmalex-finlandille-uusi-toimitusjohtaja\/#breadcrumb","itemListElement":[{"@type":"ListItem","position":1,"name":"Etusivu","item":"https:\/\/teknologiateollisuus.fi\/healthtech\/"},{"@type":"ListItem","position":2,"name":"Ajankohtaista","item":"https:\/\/teknologiateollisuus.fi\/healthtech\/ajankohtaista\/"},{"@type":"ListItem","position":3,"name":"Uutinen","item":"https:\/\/teknologiateollisuus.fi\/healthtech\/ajankohtaista\/?categories=14"},{"@type":"ListItem","position":4,"name":"PharmaLex Finlandille uusi toimitusjohtaja"}]},{"@type":"WebSite","@id":"https:\/\/teknologiateollisuus.fi\/healthtech\/#website","url":"https:\/\/teknologiateollisuus.fi\/healthtech\/","name":"Terveysteknologia","description":"","potentialAction":[{"@type":"SearchAction","target":{"@type":"EntryPoint","urlTemplate":"https:\/\/teknologiateollisuus.fi\/healthtech\/?s={search_term_string}"},"query-input":{"@type":"PropertyValueSpecification","valueRequired":true,"valueName":"search_term_string"}}],"inLanguage":"fi"},{"@type":"Person","@id":"https:\/\/teknologiateollisuus.fi\/healthtech\/#\/schema\/person\/964d40eb9a84d0edfc1989b7784ea950","name":"P\u00e4ivi Ahlgren","image":{"@type":"ImageObject","inLanguage":"fi","@id":"https:\/\/secure.gravatar.com\/avatar\/d49c8c4a3ac6bce6f1ed1a4445d5b60a53463c32cb6ebcf6e0375dcece39eaca?s=96&d=mm&r=g","url":"https:\/\/secure.gravatar.com\/avatar\/d49c8c4a3ac6bce6f1ed1a4445d5b60a53463c32cb6ebcf6e0375dcece39eaca?s=96&d=mm&r=g","contentUrl":"https:\/\/secure.gravatar.com\/avatar\/d49c8c4a3ac6bce6f1ed1a4445d5b60a53463c32cb6ebcf6e0375dcece39eaca?s=96&d=mm&r=g","caption":"P\u00e4ivi Ahlgren"}}]}},"lang":"fi","translations":{"fi":1485},"pll_sync_post":[],"_links":{"self":[{"href":"https:\/\/teknologiateollisuus.fi\/healthtech\/wp-json\/wp\/v2\/posts\/1485","targetHints":{"allow":["GET"]}}],"collection":[{"href":"https:\/\/teknologiateollisuus.fi\/healthtech\/wp-json\/wp\/v2\/posts"}],"about":[{"href":"https:\/\/teknologiateollisuus.fi\/healthtech\/wp-json\/wp\/v2\/types\/post"}],"author":[{"embeddable":true,"href":"https:\/\/teknologiateollisuus.fi\/healthtech\/wp-json\/wp\/v2\/users\/16"}],"replies":[{"embeddable":true,"href":"https:\/\/teknologiateollisuus.fi\/healthtech\/wp-json\/wp\/v2\/comments?post=1485"}],"version-history":[{"count":1,"href":"https:\/\/teknologiateollisuus.fi\/healthtech\/wp-json\/wp\/v2\/posts\/1485\/revisions"}],"predecessor-version":[{"id":1486,"href":"https:\/\/teknologiateollisuus.fi\/healthtech\/wp-json\/wp\/v2\/posts\/1485\/revisions\/1486"}],"wp:featuredmedia":[{"embeddable":true,"href":"https:\/\/teknologiateollisuus.fi\/healthtech\/wp-json\/wp\/v2\/media\/1577"}],"wp:attachment":[{"href":"https:\/\/teknologiateollisuus.fi\/healthtech\/wp-json\/wp\/v2\/media?parent=1485"}],"wp:term":[{"taxonomy":"category","embeddable":true,"href":"https:\/\/teknologiateollisuus.fi\/healthtech\/wp-json\/wp\/v2\/categories?post=1485"},{"taxonomy":"post_tag","embeddable":true,"href":"https:\/\/teknologiateollisuus.fi\/healthtech\/wp-json\/wp\/v2\/tags?post=1485"},{"taxonomy":"em_industry","embeddable":true,"href":"https:\/\/teknologiateollisuus.fi\/healthtech\/wp-json\/wp\/v2\/em_industry?post=1485"},{"taxonomy":"em_theme","embeddable":true,"href":"https:\/\/teknologiateollisuus.fi\/healthtech\/wp-json\/wp\/v2\/em_theme?post=1485"}],"curies":[{"name":"wp","href":"https:\/\/api.w.org\/{rel}","templated":true}]}}