{"id":1506,"date":"2023-08-22T10:37:00","date_gmt":"2023-08-22T07:37:00","guid":{"rendered":"https:\/\/teknologiateollisuus.fi\/healthtech\/?p=1506"},"modified":"2024-09-25T14:37:04","modified_gmt":"2024-09-25T11:37:04","slug":"vivago-oyn-toimitusjohtaja-vaihtuu","status":"publish","type":"post","link":"https:\/\/teknologiateollisuus.fi\/healthtech\/vivago-oyn-toimitusjohtaja-vaihtuu\/","title":{"rendered":"Vivago Oy:n toimitusjohtaja vaihtuu"},"content":{"rendered":"\n<p><strong>Henrik Resman on nimitetty Vivago Oy:n uudeksi toimitusjohtajaksi<\/strong><\/p>\n\n\n\n<p>Niina Vilkas j\u00e4tt\u00e4\u00e4 Vivagon toimitusjohtajan teht\u00e4v\u00e4t ja jatkaa tulevaisuudessa yhti\u00f6n hallituksen j\u00e4senen\u00e4. Niina Vilkkaan ilmoitettua halustaan siirty\u00e4 uusiin haasteisiin, Vivagon toimitusjohtajaksi on nimitetty Henrik Resman. Henrik Resman on aloittanut teht\u00e4v\u00e4ss\u00e4\u00e4n 15.8.2023.<\/p>\n\n\n\n<p>Vivago on kehitt\u00e4nyt toimintaansa voimakkaasti viime vuosina. Yhti\u00f6n laatuj\u00e4rjestelm\u00e4n ja prosessien rakentaminen sek\u00e4 ydinliiketoiminnan uudistaminen ovat luoneet uusia mahdollisuuksia sek\u00e4 koti- ett\u00e4 vientimarkkinalla. Vivago Vista -ohjelmistolla on l\u00e4\u00e4kinn\u00e4llisen laitteen hyv\u00e4ksynt\u00e4 ja sit\u00e4 voidaan k\u00e4ytt\u00e4\u00e4 apuna diagnostiikassa ja hoidon vaikuttavuuden seurannassa. Laajentuva kumppaniverkosto Euroopan maissa mahdollistaa Vivagon kasvua kansainv\u00e4lisesti tunnetuksi terveysteknologiatoimijaksi. Vivago haluaakin yhteisesti kiitt\u00e4\u00e4 Niina Vilkasta h\u00e4nen arvokkaasta panoksestaan yhti\u00f6n menestyksen rakentamisessa.<\/p>\n\n\n\n<p>Henrik Resmanilla on vahva tausta kansainv\u00e4lisen liiketoiminnan kehitt\u00e4j\u00e4n\u00e4 sek\u00e4 yritysten viemisest\u00e4 kansainv\u00e4liselle kasvu-uralle.<\/p>\n\n\n\n<p>&#8221;On hienoa p\u00e4\u00e4st\u00e4 mukaan rakentamaan Vivagoa varteenotettavaksi tekij\u00e4ksi globaaleille markkinoille. Niinan tekem\u00e4 hyv\u00e4 ty\u00f6 antaa t\u00e4h\u00e4n loistavat ev\u00e4\u00e4t&#8221;, Henrik Resman kommentoi tulevaisuutta.<\/p>\n\n\n\n<p><strong>Lis\u00e4tiedot:<\/strong><br>Henrik Resman<br>Toimitusjohtaja, Vivago Oy<br>040 731 9333<br>henrik.resman(at)vivago.com<\/p>\n\n\n\n<p>Jukka Sonninen<br>Hallituksen puheenjohtaja, Vivago Oy<br>040 044 6110<br>jukka(at)sonninen.net<\/p>\n\n\n\n<p><em>Vivago\u00ae kehitt\u00e4\u00e4 \u00e4lykk\u00e4it\u00e4 turva- ja hyvinvointiratkaisuja ennakoivaan hoivaan. Innovatiiviset ratkaisut kattavat koko hoivaketjun \u2013 kotihoidosta, palveluasumiseen ja tehostettuun palveluasumiseen sek\u00e4 sairaaloihin ja kuntoutukseen.<\/em><\/p>\n\n\n\n<p><em>Vivago-ratkaisujen tuottama hyvinvointitieto ja automaattiset h\u00e4lytykset lis\u00e4\u00e4v\u00e4t turvallisuuden tunnetta ja tukevat jokap\u00e4iv\u00e4ist\u00e4 hoitoty\u00f6t\u00e4 sek\u00e4 mahdollistavat hoidon vaikuttavuuden seurannan. Reaaliaikaiset ilmoitukset kertovat muutoksista henkil\u00f6n hyvinvoinnissa ja mahdollistavat yksil\u00f6llisen sek\u00e4 ennakoivan hoivan. Terveysteknologian edell\u00e4k\u00e4vij\u00e4n\u00e4 Vivago varmistaa Euroopassa jo kymmenien tuhansien ihmisten turvallisuuden.<\/em><\/p>\n\n\n\n<figure class=\"wp-block-embed\"><div class=\"wp-block-embed__wrapper\">\nhttps:\/\/www.vivago.fi\/\n<\/div><\/figure>\n","protected":false},"excerpt":{"rendered":"<p>Henrik Resman on nimitetty Vivago Oy:n uudeksi toimitusjohtajaksi Niina Vilkas j\u00e4tt\u00e4\u00e4 Vivagon toimitusjohtajan teht\u00e4v\u00e4t ja jatkaa tulevaisuudessa yhti\u00f6n hallituksen j\u00e4senen\u00e4. Niina Vilkkaan ilmoitettua halustaan siirty\u00e4 uusiin haasteisiin, Vivagon toimitusjohtajaksi on nimitetty Henrik Resman. Henrik Resman on aloittanut teht\u00e4v\u00e4ss\u00e4\u00e4n 15.8.2023. Vivago on kehitt\u00e4nyt toimintaansa voimakkaasti viime vuosina. Yhti\u00f6n laatuj\u00e4rjestelm\u00e4n ja prosessien rakentaminen sek\u00e4 ydinliiketoiminnan uudistaminen ovat [&hellip;]<\/p>\n","protected":false},"author":16,"featured_media":1619,"comment_status":"closed","ping_status":"closed","sticky":false,"template":"","format":"standard","meta":{"_acf_changed":false,"_relevanssi_hide_post":"","_relevanssi_hide_content":"","_relevanssi_pin_for_all":"","_relevanssi_pin_keywords":"","_relevanssi_unpin_keywords":"","_relevanssi_related_keywords":"","_relevanssi_related_include_ids":"","_relevanssi_related_exclude_ids":"","_relevanssi_related_no_append":"","_relevanssi_related_not_related":"","_relevanssi_related_posts":"1311,1275,1355,1186,833,937","_relevanssi_noindex_reason":"","inline_featured_image":false,"footnotes":""},"categories":[14],"tags":[],"em_industry":[],"em_theme":[],"class_list":["post-1506","post","type-post","status-publish","format-standard","has-post-thumbnail","hentry","category-uutinen"],"acf":[],"yoast_head":"<!-- This site is optimized with the Yoast SEO Premium plugin v27.1 (Yoast SEO v27.5) - https:\/\/yoast.com\/product\/yoast-seo-premium-wordpress\/ -->\n<title>Vivago Oy:n toimitusjohtaja vaihtuu - Terveysteknologia<\/title>\n<meta name=\"robots\" content=\"index, follow, max-snippet:-1, max-image-preview:large, max-video-preview:-1\" \/>\n<link rel=\"canonical\" href=\"https:\/\/teknologiateollisuus.fi\/healthtech\/vivago-oyn-toimitusjohtaja-vaihtuu\/\" \/>\n<meta property=\"og:locale\" content=\"fi_FI\" \/>\n<meta property=\"og:type\" content=\"article\" \/>\n<meta property=\"og:title\" content=\"Vivago Oy:n toimitusjohtaja vaihtuu\" \/>\n<meta property=\"og:description\" content=\"Henrik Resman on nimitetty Vivago Oy:n uudeksi toimitusjohtajaksi Niina Vilkas j\u00e4tt\u00e4\u00e4 Vivagon toimitusjohtajan teht\u00e4v\u00e4t ja jatkaa tulevaisuudessa yhti\u00f6n hallituksen j\u00e4senen\u00e4. Niina Vilkkaan ilmoitettua halustaan siirty\u00e4 uusiin haasteisiin, Vivagon toimitusjohtajaksi on nimitetty Henrik Resman. Henrik Resman on aloittanut teht\u00e4v\u00e4ss\u00e4\u00e4n 15.8.2023. Vivago on kehitt\u00e4nyt toimintaansa voimakkaasti viime vuosina. Yhti\u00f6n laatuj\u00e4rjestelm\u00e4n ja prosessien rakentaminen sek\u00e4 ydinliiketoiminnan uudistaminen ovat [&hellip;]\" \/>\n<meta property=\"og:url\" content=\"https:\/\/teknologiateollisuus.fi\/healthtech\/vivago-oyn-toimitusjohtaja-vaihtuu\/\" \/>\n<meta property=\"og:site_name\" content=\"Terveysteknologia\" \/>\n<meta property=\"article:published_time\" content=\"2023-08-22T07:37:00+00:00\" \/>\n<meta property=\"article:modified_time\" content=\"2024-09-25T11:37:04+00:00\" \/>\n<meta property=\"og:image\" content=\"https:\/\/teknologiateollisuus.fi\/healthtech\/wp-content\/uploads\/sites\/8\/2024\/07\/Vivago.jpg\" \/>\n\t<meta property=\"og:image:width\" content=\"775\" \/>\n\t<meta property=\"og:image:height\" content=\"350\" \/>\n\t<meta property=\"og:image:type\" content=\"image\/jpeg\" \/>\n<meta name=\"author\" content=\"P\u00e4ivi Ahlgren\" \/>\n<meta name=\"twitter:card\" content=\"summary_large_image\" \/>\n<meta name=\"twitter:label1\" content=\"Kirjoittanut\" \/>\n\t<meta name=\"twitter:data1\" content=\"P\u00e4ivi Ahlgren\" \/>\n\t<meta name=\"twitter:label2\" content=\"Arvioitu lukuaika\" \/>\n\t<meta name=\"twitter:data2\" content=\"2 minuuttia\" \/>\n<script type=\"application\/ld+json\" class=\"yoast-schema-graph\">{\"@context\":\"https:\\\/\\\/schema.org\",\"@graph\":[{\"@type\":\"Article\",\"@id\":\"https:\\\/\\\/teknologiateollisuus.fi\\\/healthtech\\\/vivago-oyn-toimitusjohtaja-vaihtuu\\\/#article\",\"isPartOf\":{\"@id\":\"https:\\\/\\\/teknologiateollisuus.fi\\\/healthtech\\\/vivago-oyn-toimitusjohtaja-vaihtuu\\\/\"},\"author\":{\"name\":\"P\u00e4ivi Ahlgren\",\"@id\":\"https:\\\/\\\/teknologiateollisuus.fi\\\/healthtech\\\/#\\\/schema\\\/person\\\/964d40eb9a84d0edfc1989b7784ea950\"},\"headline\":\"Vivago Oy:n toimitusjohtaja vaihtuu\",\"datePublished\":\"2023-08-22T07:37:00+00:00\",\"dateModified\":\"2024-09-25T11:37:04+00:00\",\"mainEntityOfPage\":{\"@id\":\"https:\\\/\\\/teknologiateollisuus.fi\\\/healthtech\\\/vivago-oyn-toimitusjohtaja-vaihtuu\\\/\"},\"wordCount\":267,\"image\":{\"@id\":\"https:\\\/\\\/teknologiateollisuus.fi\\\/healthtech\\\/vivago-oyn-toimitusjohtaja-vaihtuu\\\/#primaryimage\"},\"thumbnailUrl\":\"https:\\\/\\\/teknologiateollisuus.fi\\\/healthtech\\\/wp-content\\\/uploads\\\/sites\\\/8\\\/2024\\\/07\\\/Vivago.jpg\",\"articleSection\":[\"Uutinen\"],\"inLanguage\":\"fi\"},{\"@type\":\"WebPage\",\"@id\":\"https:\\\/\\\/teknologiateollisuus.fi\\\/healthtech\\\/vivago-oyn-toimitusjohtaja-vaihtuu\\\/\",\"url\":\"https:\\\/\\\/teknologiateollisuus.fi\\\/healthtech\\\/vivago-oyn-toimitusjohtaja-vaihtuu\\\/\",\"name\":\"Vivago Oy:n toimitusjohtaja vaihtuu - Terveysteknologia\",\"isPartOf\":{\"@id\":\"https:\\\/\\\/teknologiateollisuus.fi\\\/healthtech\\\/#website\"},\"primaryImageOfPage\":{\"@id\":\"https:\\\/\\\/teknologiateollisuus.fi\\\/healthtech\\\/vivago-oyn-toimitusjohtaja-vaihtuu\\\/#primaryimage\"},\"image\":{\"@id\":\"https:\\\/\\\/teknologiateollisuus.fi\\\/healthtech\\\/vivago-oyn-toimitusjohtaja-vaihtuu\\\/#primaryimage\"},\"thumbnailUrl\":\"https:\\\/\\\/teknologiateollisuus.fi\\\/healthtech\\\/wp-content\\\/uploads\\\/sites\\\/8\\\/2024\\\/07\\\/Vivago.jpg\",\"datePublished\":\"2023-08-22T07:37:00+00:00\",\"dateModified\":\"2024-09-25T11:37:04+00:00\",\"author\":{\"@id\":\"https:\\\/\\\/teknologiateollisuus.fi\\\/healthtech\\\/#\\\/schema\\\/person\\\/964d40eb9a84d0edfc1989b7784ea950\"},\"breadcrumb\":{\"@id\":\"https:\\\/\\\/teknologiateollisuus.fi\\\/healthtech\\\/vivago-oyn-toimitusjohtaja-vaihtuu\\\/#breadcrumb\"},\"inLanguage\":\"fi\",\"potentialAction\":[{\"@type\":\"ReadAction\",\"target\":[\"https:\\\/\\\/teknologiateollisuus.fi\\\/healthtech\\\/vivago-oyn-toimitusjohtaja-vaihtuu\\\/\"]}]},{\"@type\":\"ImageObject\",\"inLanguage\":\"fi\",\"@id\":\"https:\\\/\\\/teknologiateollisuus.fi\\\/healthtech\\\/vivago-oyn-toimitusjohtaja-vaihtuu\\\/#primaryimage\",\"url\":\"https:\\\/\\\/teknologiateollisuus.fi\\\/healthtech\\\/wp-content\\\/uploads\\\/sites\\\/8\\\/2024\\\/07\\\/Vivago.jpg\",\"contentUrl\":\"https:\\\/\\\/teknologiateollisuus.fi\\\/healthtech\\\/wp-content\\\/uploads\\\/sites\\\/8\\\/2024\\\/07\\\/Vivago.jpg\",\"width\":775,\"height\":350,\"caption\":\"Vivago\"},{\"@type\":\"BreadcrumbList\",\"@id\":\"https:\\\/\\\/teknologiateollisuus.fi\\\/healthtech\\\/vivago-oyn-toimitusjohtaja-vaihtuu\\\/#breadcrumb\",\"itemListElement\":[{\"@type\":\"ListItem\",\"position\":1,\"name\":\"Etusivu\",\"item\":\"https:\\\/\\\/teknologiateollisuus.fi\\\/healthtech\\\/\"},{\"@type\":\"ListItem\",\"position\":2,\"name\":\"Ajankohtaista\",\"item\":\"https:\\\/\\\/teknologiateollisuus.fi\\\/healthtech\\\/ajankohtaista\\\/\"},{\"@type\":\"ListItem\",\"position\":3,\"name\":\"Uutinen\",\"item\":\"https:\\\/\\\/teknologiateollisuus.fi\\\/healthtech\\\/ajankohtaista\\\/?categories=14\"},{\"@type\":\"ListItem\",\"position\":4,\"name\":\"Vivago Oy:n toimitusjohtaja vaihtuu\"}]},{\"@type\":\"WebSite\",\"@id\":\"https:\\\/\\\/teknologiateollisuus.fi\\\/healthtech\\\/#website\",\"url\":\"https:\\\/\\\/teknologiateollisuus.fi\\\/healthtech\\\/\",\"name\":\"Terveysteknologia\",\"description\":\"\",\"potentialAction\":[{\"@type\":\"SearchAction\",\"target\":{\"@type\":\"EntryPoint\",\"urlTemplate\":\"https:\\\/\\\/teknologiateollisuus.fi\\\/healthtech\\\/?s={search_term_string}\"},\"query-input\":{\"@type\":\"PropertyValueSpecification\",\"valueRequired\":true,\"valueName\":\"search_term_string\"}}],\"inLanguage\":\"fi\"},{\"@type\":\"Person\",\"@id\":\"https:\\\/\\\/teknologiateollisuus.fi\\\/healthtech\\\/#\\\/schema\\\/person\\\/964d40eb9a84d0edfc1989b7784ea950\",\"name\":\"P\u00e4ivi Ahlgren\",\"image\":{\"@type\":\"ImageObject\",\"inLanguage\":\"fi\",\"@id\":\"https:\\\/\\\/secure.gravatar.com\\\/avatar\\\/d49c8c4a3ac6bce6f1ed1a4445d5b60a53463c32cb6ebcf6e0375dcece39eaca?s=96&d=mm&r=g\",\"url\":\"https:\\\/\\\/secure.gravatar.com\\\/avatar\\\/d49c8c4a3ac6bce6f1ed1a4445d5b60a53463c32cb6ebcf6e0375dcece39eaca?s=96&d=mm&r=g\",\"contentUrl\":\"https:\\\/\\\/secure.gravatar.com\\\/avatar\\\/d49c8c4a3ac6bce6f1ed1a4445d5b60a53463c32cb6ebcf6e0375dcece39eaca?s=96&d=mm&r=g\",\"caption\":\"P\u00e4ivi Ahlgren\"}}]}<\/script>\n<!-- \/ Yoast SEO Premium plugin. -->","yoast_head_json":{"title":"Vivago Oy:n toimitusjohtaja vaihtuu - Terveysteknologia","robots":{"index":"index","follow":"follow","max-snippet":"max-snippet:-1","max-image-preview":"max-image-preview:large","max-video-preview":"max-video-preview:-1"},"canonical":"https:\/\/teknologiateollisuus.fi\/healthtech\/vivago-oyn-toimitusjohtaja-vaihtuu\/","og_locale":"fi_FI","og_type":"article","og_title":"Vivago Oy:n toimitusjohtaja vaihtuu","og_description":"Henrik Resman on nimitetty Vivago Oy:n uudeksi toimitusjohtajaksi Niina Vilkas j\u00e4tt\u00e4\u00e4 Vivagon toimitusjohtajan teht\u00e4v\u00e4t ja jatkaa tulevaisuudessa yhti\u00f6n hallituksen j\u00e4senen\u00e4. Niina Vilkkaan ilmoitettua halustaan siirty\u00e4 uusiin haasteisiin, Vivagon toimitusjohtajaksi on nimitetty Henrik Resman. Henrik Resman on aloittanut teht\u00e4v\u00e4ss\u00e4\u00e4n 15.8.2023. Vivago on kehitt\u00e4nyt toimintaansa voimakkaasti viime vuosina. Yhti\u00f6n laatuj\u00e4rjestelm\u00e4n ja prosessien rakentaminen sek\u00e4 ydinliiketoiminnan uudistaminen ovat [&hellip;]","og_url":"https:\/\/teknologiateollisuus.fi\/healthtech\/vivago-oyn-toimitusjohtaja-vaihtuu\/","og_site_name":"Terveysteknologia","article_published_time":"2023-08-22T07:37:00+00:00","article_modified_time":"2024-09-25T11:37:04+00:00","og_image":[{"width":775,"height":350,"url":"https:\/\/teknologiateollisuus.fi\/healthtech\/wp-content\/uploads\/sites\/8\/2024\/07\/Vivago.jpg","type":"image\/jpeg"}],"author":"P\u00e4ivi Ahlgren","twitter_card":"summary_large_image","twitter_misc":{"Kirjoittanut":"P\u00e4ivi Ahlgren","Arvioitu lukuaika":"2 minuuttia"},"schema":{"@context":"https:\/\/schema.org","@graph":[{"@type":"Article","@id":"https:\/\/teknologiateollisuus.fi\/healthtech\/vivago-oyn-toimitusjohtaja-vaihtuu\/#article","isPartOf":{"@id":"https:\/\/teknologiateollisuus.fi\/healthtech\/vivago-oyn-toimitusjohtaja-vaihtuu\/"},"author":{"name":"P\u00e4ivi Ahlgren","@id":"https:\/\/teknologiateollisuus.fi\/healthtech\/#\/schema\/person\/964d40eb9a84d0edfc1989b7784ea950"},"headline":"Vivago Oy:n toimitusjohtaja vaihtuu","datePublished":"2023-08-22T07:37:00+00:00","dateModified":"2024-09-25T11:37:04+00:00","mainEntityOfPage":{"@id":"https:\/\/teknologiateollisuus.fi\/healthtech\/vivago-oyn-toimitusjohtaja-vaihtuu\/"},"wordCount":267,"image":{"@id":"https:\/\/teknologiateollisuus.fi\/healthtech\/vivago-oyn-toimitusjohtaja-vaihtuu\/#primaryimage"},"thumbnailUrl":"https:\/\/teknologiateollisuus.fi\/healthtech\/wp-content\/uploads\/sites\/8\/2024\/07\/Vivago.jpg","articleSection":["Uutinen"],"inLanguage":"fi"},{"@type":"WebPage","@id":"https:\/\/teknologiateollisuus.fi\/healthtech\/vivago-oyn-toimitusjohtaja-vaihtuu\/","url":"https:\/\/teknologiateollisuus.fi\/healthtech\/vivago-oyn-toimitusjohtaja-vaihtuu\/","name":"Vivago Oy:n toimitusjohtaja vaihtuu - Terveysteknologia","isPartOf":{"@id":"https:\/\/teknologiateollisuus.fi\/healthtech\/#website"},"primaryImageOfPage":{"@id":"https:\/\/teknologiateollisuus.fi\/healthtech\/vivago-oyn-toimitusjohtaja-vaihtuu\/#primaryimage"},"image":{"@id":"https:\/\/teknologiateollisuus.fi\/healthtech\/vivago-oyn-toimitusjohtaja-vaihtuu\/#primaryimage"},"thumbnailUrl":"https:\/\/teknologiateollisuus.fi\/healthtech\/wp-content\/uploads\/sites\/8\/2024\/07\/Vivago.jpg","datePublished":"2023-08-22T07:37:00+00:00","dateModified":"2024-09-25T11:37:04+00:00","author":{"@id":"https:\/\/teknologiateollisuus.fi\/healthtech\/#\/schema\/person\/964d40eb9a84d0edfc1989b7784ea950"},"breadcrumb":{"@id":"https:\/\/teknologiateollisuus.fi\/healthtech\/vivago-oyn-toimitusjohtaja-vaihtuu\/#breadcrumb"},"inLanguage":"fi","potentialAction":[{"@type":"ReadAction","target":["https:\/\/teknologiateollisuus.fi\/healthtech\/vivago-oyn-toimitusjohtaja-vaihtuu\/"]}]},{"@type":"ImageObject","inLanguage":"fi","@id":"https:\/\/teknologiateollisuus.fi\/healthtech\/vivago-oyn-toimitusjohtaja-vaihtuu\/#primaryimage","url":"https:\/\/teknologiateollisuus.fi\/healthtech\/wp-content\/uploads\/sites\/8\/2024\/07\/Vivago.jpg","contentUrl":"https:\/\/teknologiateollisuus.fi\/healthtech\/wp-content\/uploads\/sites\/8\/2024\/07\/Vivago.jpg","width":775,"height":350,"caption":"Vivago"},{"@type":"BreadcrumbList","@id":"https:\/\/teknologiateollisuus.fi\/healthtech\/vivago-oyn-toimitusjohtaja-vaihtuu\/#breadcrumb","itemListElement":[{"@type":"ListItem","position":1,"name":"Etusivu","item":"https:\/\/teknologiateollisuus.fi\/healthtech\/"},{"@type":"ListItem","position":2,"name":"Ajankohtaista","item":"https:\/\/teknologiateollisuus.fi\/healthtech\/ajankohtaista\/"},{"@type":"ListItem","position":3,"name":"Uutinen","item":"https:\/\/teknologiateollisuus.fi\/healthtech\/ajankohtaista\/?categories=14"},{"@type":"ListItem","position":4,"name":"Vivago Oy:n toimitusjohtaja vaihtuu"}]},{"@type":"WebSite","@id":"https:\/\/teknologiateollisuus.fi\/healthtech\/#website","url":"https:\/\/teknologiateollisuus.fi\/healthtech\/","name":"Terveysteknologia","description":"","potentialAction":[{"@type":"SearchAction","target":{"@type":"EntryPoint","urlTemplate":"https:\/\/teknologiateollisuus.fi\/healthtech\/?s={search_term_string}"},"query-input":{"@type":"PropertyValueSpecification","valueRequired":true,"valueName":"search_term_string"}}],"inLanguage":"fi"},{"@type":"Person","@id":"https:\/\/teknologiateollisuus.fi\/healthtech\/#\/schema\/person\/964d40eb9a84d0edfc1989b7784ea950","name":"P\u00e4ivi Ahlgren","image":{"@type":"ImageObject","inLanguage":"fi","@id":"https:\/\/secure.gravatar.com\/avatar\/d49c8c4a3ac6bce6f1ed1a4445d5b60a53463c32cb6ebcf6e0375dcece39eaca?s=96&d=mm&r=g","url":"https:\/\/secure.gravatar.com\/avatar\/d49c8c4a3ac6bce6f1ed1a4445d5b60a53463c32cb6ebcf6e0375dcece39eaca?s=96&d=mm&r=g","contentUrl":"https:\/\/secure.gravatar.com\/avatar\/d49c8c4a3ac6bce6f1ed1a4445d5b60a53463c32cb6ebcf6e0375dcece39eaca?s=96&d=mm&r=g","caption":"P\u00e4ivi Ahlgren"}}]}},"lang":"fi","translations":{"fi":1506},"pll_sync_post":{},"_links":{"self":[{"href":"https:\/\/teknologiateollisuus.fi\/healthtech\/wp-json\/wp\/v2\/posts\/1506","targetHints":{"allow":["GET"]}}],"collection":[{"href":"https:\/\/teknologiateollisuus.fi\/healthtech\/wp-json\/wp\/v2\/posts"}],"about":[{"href":"https:\/\/teknologiateollisuus.fi\/healthtech\/wp-json\/wp\/v2\/types\/post"}],"author":[{"embeddable":true,"href":"https:\/\/teknologiateollisuus.fi\/healthtech\/wp-json\/wp\/v2\/users\/16"}],"replies":[{"embeddable":true,"href":"https:\/\/teknologiateollisuus.fi\/healthtech\/wp-json\/wp\/v2\/comments?post=1506"}],"version-history":[{"count":1,"href":"https:\/\/teknologiateollisuus.fi\/healthtech\/wp-json\/wp\/v2\/posts\/1506\/revisions"}],"predecessor-version":[{"id":1507,"href":"https:\/\/teknologiateollisuus.fi\/healthtech\/wp-json\/wp\/v2\/posts\/1506\/revisions\/1507"}],"wp:featuredmedia":[{"embeddable":true,"href":"https:\/\/teknologiateollisuus.fi\/healthtech\/wp-json\/wp\/v2\/media\/1619"}],"wp:attachment":[{"href":"https:\/\/teknologiateollisuus.fi\/healthtech\/wp-json\/wp\/v2\/media?parent=1506"}],"wp:term":[{"taxonomy":"category","embeddable":true,"href":"https:\/\/teknologiateollisuus.fi\/healthtech\/wp-json\/wp\/v2\/categories?post=1506"},{"taxonomy":"post_tag","embeddable":true,"href":"https:\/\/teknologiateollisuus.fi\/healthtech\/wp-json\/wp\/v2\/tags?post=1506"},{"taxonomy":"em_industry","embeddable":true,"href":"https:\/\/teknologiateollisuus.fi\/healthtech\/wp-json\/wp\/v2\/em_industry?post=1506"},{"taxonomy":"em_theme","embeddable":true,"href":"https:\/\/teknologiateollisuus.fi\/healthtech\/wp-json\/wp\/v2\/em_theme?post=1506"}],"curies":[{"name":"wp","href":"https:\/\/api.w.org\/{rel}","templated":true}]}}