{"id":1516,"date":"2023-08-31T08:56:00","date_gmt":"2023-08-31T05:56:00","guid":{"rendered":"https:\/\/teknologiateollisuus.fi\/healthtech\/?p=1516"},"modified":"2024-07-09T14:27:36","modified_gmt":"2024-07-09T11:27:36","slug":"hoiva-alan-kriisi-on-ratkaistavissa","status":"publish","type":"post","link":"https:\/\/teknologiateollisuus.fi\/healthtech\/hoiva-alan-kriisi-on-ratkaistavissa\/","title":{"rendered":"Hoiva-alan kriisi on ratkaistavissa"},"content":{"rendered":"\n<p>Kotiin voi tuoda monenlaisia palveluja ja teknologiaa el\u00e4m\u00e4\u00e4 ja olemista helpottamaan. Pit\u00e4\u00e4 my\u00f6s varmistaa, ett\u00e4 lains\u00e4\u00e4d\u00e4nn\u00f6n muutokset saadaan tehty\u00e4.<\/p>\n\n\n\n<p>Jyv\u00e4skyl\u00e4 rallin yhteydess\u00e4 j\u00e4rjestettiin muutakin ohjelmaa, kuten Business Rally -seminaari 4.8.2023 Peurungassa. En itse p\u00e4\u00e4ssyt paikalle, mutta et\u00e4n\u00e4 sain pit\u00e4\u00e4 puheenvuoron. Oli siis hyv\u00e4 hetki syyskauden alkaessa palauttaa mieleen, mihin kes\u00e4kuussa j\u00e4\u00e4tiin.<\/p>\n\n\n\n<p>Tilaisuuden aiheena oli teknologia kotona asumisen tukena ja johtaminen. N\u00e4m\u00e4 eiv\u00e4t ole erillisi\u00e4 asioita, vaan kuuluvat samaan kokonaisuuteen. Hyv\u00e4 johtajuus on edellytys saada teknologiasta kaikki hy\u00f6ty irti. Hyvin usein teknologia muuttaa ty\u00f6tapoja ja ty\u00f6n kulkua. Jos muutosta ei tehd\u00e4, j\u00e4\u00e4 teknologian hy\u00f6dyt ja vaikutukset saamatta.<\/p>\n\n\n\n<p>Johtajuus on my\u00f6s avain tyytyv\u00e4iseen henkil\u00f6kuntaan ja asiakkaisiin. Samalla resurssilla saadaan aikaan hyvin toimiva ty\u00f6yhteis\u00f6 tai kuttaperkkaa. Palkka on t\u00e4rke\u00e4\u00e4, muttei t\u00e4rkein motivaattori. Jos ty\u00f6paikalla ei ole kivaa, ei edes hyv\u00e4 palkka saa j\u00e4\u00e4m\u00e4\u00e4n. T\u00e4m\u00e4 ilmi\u00f6 n\u00e4kyy kaikilla toimialoilla.<\/p>\n\n\n\n<p>Hyv\u00e4n johtajuuden etuna on ty\u00f6kyvyn parempi s\u00e4ilyminen. Hyvinvoivassa ty\u00f6yhteis\u00f6ss\u00e4 jaksetaan tehd\u00e4 t\u00f6it\u00e4 vanhuusel\u00e4kkeeseen saakka. Sote-alalla on aivan liian paljon ty\u00f6kyvytt\u00f6myysel\u00e4kkeelle j\u00e4\u00e4neit\u00e4. T\u00e4m\u00e4 pit\u00e4\u00e4 korjata, koska jo nyt tarvittaisiin my\u00f6s el\u00e4kkeell\u00e4 olevia ainakin osa-aikaisesti t\u00f6ihin edes joksikin aikaa.<\/p>\n\n\n\n<p>Ik\u00e4rakenteen muutokset ovat hurjia<\/p>\n\n\n\n<p>El\u00e4kel\u00e4isten t\u00f6iss\u00e4 k\u00e4ynnist\u00e4 ei tarvitsisi puhua, jos ik\u00e4rakenne olisi kuin sata vuotta sitten. Silloin lapsia syntyi runsain m\u00e4\u00e4rin ja ty\u00f6ik\u00e4isi\u00e4 oli riitt\u00e4v\u00e4sti. Vanhoja ihmisi\u00e4 oli v\u00e4h\u00e4n, ja heid\u00e4tkin hoidettiin perhepiiriss\u00e4.<\/p>\n\n\n\n<p>Hyvinvointivaltion tuloksena ihmiset el\u00e4v\u00e4t pidemp\u00e4\u00e4n. Lapsikuolleisuus on melkein h\u00e4vinnyt. Lapsia tosin syntyy v\u00e4hemm\u00e4n, kun naiset ovat menneet t\u00f6ihin ja ihmiset muuttaneet kasvukeskuksiin.<\/p>\n\n\n\n<p>T\u00e4ll\u00e4 hetkell\u00e4 moni j\u00e4\u00e4 tietoisesti lapsettomaksi. M\u00e4\u00e4r\u00e4 on niin suuri, ett\u00e4 se n\u00e4kyy syntyvien lasten m\u00e4\u00e4r\u00e4ss\u00e4. Vuonna 2022 syntyi 45.000 lasta. Edellisen kerran on oltu yht\u00e4 alhaalla pulavuosina 1800-luvun lopussa.<\/p>\n\n\n\n<p>V\u00e4hitellen syntyvyyden lasku n\u00e4kyy my\u00f6s ty\u00f6ss\u00e4k\u00e4yvien m\u00e4\u00e4r\u00e4ss\u00e4, mik\u00e4 n\u00e4kyy jo ty\u00f6ss\u00e4k\u00e4yvien osuuden laskuna v\u00e4est\u00f6ss\u00e4.<\/p>\n\n\n\n<p>Yli 85-vuotiaita on t\u00e4ll\u00e4 hetkell\u00e4 noin 150.000. Kymmenen vuoden p\u00e4\u00e4st\u00e4 m\u00e4\u00e4r\u00e4 on kaksinkertaistunut. Ja t\u00e4m\u00e4 on vasta alkua. Miksi 85? Silloin tilastojen mukaan avun tarve kasvaa huomattavasti.<\/p>\n\n\n\n<p>Tosiasioiden tunnustaminen on viisauden alku<\/p>\n\n\n\n<p>Arvion mukaan kymmenen vuoden p\u00e4\u00e4st\u00e4 tarvitaan hoitajia 200.000, jos asiat hoidetaan kuten nyt. T\u00e4m\u00e4 ei onnistu pieni\u00e4 ik\u00e4luokkia kouluttamalla. Kaikki toimialat kilpailevat t\u00e4ll\u00e4 hetkell\u00e4 nykyisist\u00e4 ja tulevista ty\u00f6ntekij\u00f6ist\u00e4. Sote-alan maine ei ole paras mahdollinen. Sit\u00e4 pit\u00e4isi ehdottomasti parantaa, jotta kilpailussa p\u00e4rj\u00e4t\u00e4\u00e4n.<\/p>\n\n\n\n<p>On siis pakko tehd\u00e4 jotakin, ja ennen kaikkia tunnustaa tosiasiat, my\u00f6s poliitikkojen piiriss\u00e4. Vaalikeskusteluissa moni halusi kouluttaa lis\u00e4\u00e4 henkil\u00f6kuntaa, mik\u00e4 on vain pieni osa ratkaisua. Meid\u00e4n pit\u00e4isi ihan tavallisetkin ihmiset saada ymm\u00e4rt\u00e4m\u00e4\u00e4n, ett\u00e4 nyt on muutoksen aika. Sit\u00e4 ei tehd\u00e4 ilkeytt\u00e4 vaan varmistaaksemme palvelut niit\u00e4 tarvitseville.<\/p>\n\n\n\n<p>Ratkaisut k\u00e4ytt\u00f6\u00f6n<\/p>\n\n\n\n<p>Johtajuus, hyv\u00e4 ty\u00f6yhteis\u00f6 ja teknologia ovat osa ratkaisua, mutta ne eiv\u00e4t yksin riit\u00e4. Tarvitaan my\u00f6s ty\u00f6per\u00e4ist\u00e4 maahanmuuttoa sek\u00e4 panostusta ennakointiin ja ennalta ehk\u00e4isyyn.<\/p>\n\n\n\n<p>Ik\u00e4\u00e4ntyneiden osalta t\u00e4ytyy pyrki\u00e4 v\u00e4hent\u00e4m\u00e4\u00e4n niiden osuutta, jotka tarvitsevat ymp\u00e4rivuorokautista hoivaa. Toimintakykyyn panostaminen on hyv\u00e4 esimerkki kuntien ja hyvinvointialueiden yhteisty\u00f6st\u00e4. Sit\u00e4 tarvitaan! Yrityksilt\u00e4 l\u00f6ytyy t\u00e4h\u00e4nkin kohtaan ratkaisuja.<\/p>\n\n\n\n<p>Hyv\u00e4 muistaa, ett\u00e4 jokainen meist\u00e4 on vastuussa omasta ik\u00e4\u00e4ntymisest\u00e4. Siihen voi vaikuttaa jo ty\u00f6ik\u00e4isen\u00e4. N\u00e4in jaksaa auttaa my\u00f6s apua tarvitsevia.<\/p>\n\n\n\n<p>Teknologian merkitys kasvaa<\/p>\n\n\n\n<p>Kotiin voi tuoda monenlaisia palveluja ja teknologiaa el\u00e4m\u00e4\u00e4 ja olemista helpottamaan. Kymmenen vuotta sitten pel\u00e4ttiin, ett\u00e4 teknologia vie ty\u00f6paikat. Onneksi ei en\u00e4\u00e4 ja moni yritys kertoo, ett\u00e4 hoitajien riitt\u00e4m\u00e4tt\u00f6myys on johtanut kysynn\u00e4n kasvuun.<\/p>\n\n\n\n<p>Vaikeasta tilanteesta huolimatta osa empii viel\u00e4kin teknologian kanssa. Syit\u00e4 on monia. Esimerkiksi pelko teknologiaa kohtaan, digitaitojen puute, rahapula. Niinkin joku on sanonut, ettei ole rahaa investoida s\u00e4\u00e4st\u00f6ihin. Kiirett\u00e4kin on ilmassa, kun hyvinvointialueilla on muita t\u00e4rkeit\u00e4 asioita ratkaistavana.<\/p>\n\n\n\n<p>Tabutkin el\u00e4v\u00e4t edelleen. \u201dMeid\u00e4n mummo ei osaa k\u00e4ytt\u00e4\u00e4 tablettia.\u201d Ei pid\u00e4 paikkansa sanovat monet ik\u00e4\u00e4ntyneiden kanssa olevat. Ihan hyvin mummot ja vaarit oppivat, kun k\u00e4ytt\u00f6liittym\u00e4 on helppo, opetusta ja apua saa riitt\u00e4v\u00e4sti.<\/p>\n\n\n\n<p>Toinen tabu liittyy siihen, ett\u00e4 hoitajien k\u00e4yntej\u00e4 odotetaan. N\u00e4in olisikin, jos heill\u00e4 olisi aikaa ja jos he tulisivat sovittuna aikana. Moni vierailu on k\u00e4yt\u00e4nn\u00f6ss\u00e4 muutaman minuutin pituisen, ja se tulee milloin sattuu.<\/p>\n\n\n\n<p>L\u00e4\u00e4keannostelulaite, et\u00e4yhteydet ja kotimittaukset ovat mieluisia ratkaisuja, joiden on todettu v\u00e4hent\u00e4v\u00e4n k\u00e4ynnin tarpeita eli k\u00e4yt\u00e4nn\u00f6ss\u00e4 niiden luona, jotka tarvitsevat apua, ehdit\u00e4\u00e4n nyt paremmin k\u00e4yd\u00e4. Rohkenen siis v\u00e4itt\u00e4\u00e4, ettei kotihoidon fyysisten k\u00e4yntien m\u00e4\u00e4r\u00e4 ole relevantti mittari arvioida kotihoidon laatua.<\/p>\n\n\n\n<p>On my\u00f6s ratkaisuja, jolla useat digitaaliset palvelut saadaan integroitua samalle alustalle. Digitaalisten palvelujen m\u00e4\u00e4r\u00e4 tulee lis\u00e4\u00e4ntym\u00e4\u00e4n tulevaisuudessa, joten alusta tulee tarpeeseen. T\u00e4st\u00e4 hy\u00f6tyv\u00e4t niin asiakkaat kuin palvelun tarjoajat.<\/p>\n\n\n\n<p>Hyvi\u00e4 esimerkkej\u00e4 ovat my\u00f6s hyvinvointialueiden k\u00e4ytt\u00f6\u00f6n ottamat digitaaliset terveysasemat ja liikkuvat yksik\u00f6t. Kumpaakin my\u00f6s ik\u00e4ihmiset voivat kotonaan hy\u00f6dynt\u00e4\u00e4.<\/p>\n\n\n\n<p>Nyt kannattaa levitt\u00e4\u00e4 tietoa kaikista toimivista ratkaisusta, jottei py\u00f6r\u00e4\u00e4 tarvitse keksi\u00e4 uudelleen montaa kertaa.<\/p>\n\n\n\n<p>Tavoitteena potilasturvalliset ratkaisut<\/p>\n\n\n\n<p>Terveysteknologia ry \u2013 yhdistys, jota edustan ja jolla on l\u00e4hes 200 terveysteknologiayrityst\u00e4 j\u00e4senen\u00e4 \u2013 on yritysten kohtaamispaikka. Potilasturvallisuuden vuoksi ratkaisut ovat s\u00e4\u00e4delty tiukasti ja siin\u00e4 autamme j\u00e4seni\u00e4.<\/p>\n\n\n\n<p>Olemme my\u00f6s vaikuttajaorganisaatio, ja vuosia olemme puhuneet maailman muuttumisesta ja uuden ajattelun tarpeesta. T\u00e4st\u00e4 n\u00e4k\u00f6kulmasta oli ilo lukea Petteri Orpon hallitusohjelmaa, koska moni toiveemme oli kuultu. Teknologian ja datan hy\u00f6dynt\u00e4misen mahdollisuudet, kuin my\u00f6s kaiken ik\u00e4isten toimintakyvyn merkitys, on huomioitu ohjelmassa.<\/p>\n\n\n\n<p>Nyt pit\u00e4\u00e4 varmistaa, ett\u00e4 lains\u00e4\u00e4d\u00e4nn\u00f6n muutokset saadaan tehty\u00e4. Moni asia on my\u00f6s hyvinvointialueista kiinni. Uskon vahvasti, ett\u00e4 n\u00e4iss\u00e4 tiedostetaan haasteet ja haetaan aktiivisesti ratkaisuja.<\/p>\n\n\n\n<p>Suomessa kehitetyille ratkaisuille on markkinoita maailmalla<\/p>\n\n\n\n<p>Emme ole ongelman kanssa yksin. V\u00e4est\u00f6n ik\u00e4\u00e4ntyminen ei ole vain Suomen ilmi\u00f6. Kyseess\u00e4 on globaali asia. Japani ja Italia ik\u00e4\u00e4ntyv\u00e4t meit\u00e4kin nopeammin. L\u00e4hes kaikki maat tulevat per\u00e4ss\u00e4. Vain kehittyviss\u00e4 maissa ollaan tilanteessa, jossa olimme sata vuotta sitten.<\/p>\n\n\n\n<p>Suomalaisille yrityksille on siis runsain m\u00e4\u00e4rin markkinoita maailmalla. Yritykset haluavat kuitenkin kehitt\u00e4\u00e4 ratkaisunsa t\u00e4\u00e4ll\u00e4 yhdess\u00e4 palvelutuottajien ja hyvinvointialueiden kanssa.<\/p>\n\n\n\n<p>Kun ratkaisut my\u00f6s otetaan t\u00e4\u00e4ll\u00e4 k\u00e4ytt\u00f6\u00f6n, saadaan referenssi\u00e4 vienti\u00e4 varten. Vienti taas lis\u00e4\u00e4 hyvinvointia Suomeen uusina ty\u00f6paikkoina ja entist\u00e4 parempina ratkaisuina. Menestys on siis mahdollinen, ja se on meist\u00e4 itsest\u00e4 kiinni.<\/p>\n","protected":false},"excerpt":{"rendered":"<p>Kotiin voi tuoda monenlaisia palveluja ja teknologiaa el\u00e4m\u00e4\u00e4 ja olemista helpottamaan. Pit\u00e4\u00e4 my\u00f6s varmistaa, ett\u00e4 lains\u00e4\u00e4d\u00e4nn\u00f6n muutokset saadaan tehty\u00e4. Jyv\u00e4skyl\u00e4 rallin yhteydess\u00e4 j\u00e4rjestettiin muutakin ohjelmaa, kuten Business Rally -seminaari 4.8.2023 Peurungassa. En itse p\u00e4\u00e4ssyt paikalle, mutta et\u00e4n\u00e4 sain pit\u00e4\u00e4 puheenvuoron. Oli siis hyv\u00e4 hetki syyskauden alkaessa palauttaa mieleen, mihin kes\u00e4kuussa j\u00e4\u00e4tiin. Tilaisuuden aiheena oli teknologia [&hellip;]<\/p>\n","protected":false},"author":16,"featured_media":1583,"comment_status":"closed","ping_status":"closed","sticky":false,"template":"","format":"standard","meta":{"_acf_changed":false,"_relevanssi_hide_post":"","_relevanssi_hide_content":"","_relevanssi_pin_for_all":"","_relevanssi_pin_keywords":"","_relevanssi_unpin_keywords":"","_relevanssi_related_keywords":"","_relevanssi_related_include_ids":"","_relevanssi_related_exclude_ids":"","_relevanssi_related_no_append":"","_relevanssi_related_not_related":"","_relevanssi_related_posts":"1311,1275,1355,1186,833,937","_relevanssi_noindex_reason":"","inline_featured_image":false,"footnotes":""},"categories":[18],"tags":[],"em_industry":[],"em_theme":[50],"class_list":["post-1516","post","type-post","status-publish","format-standard","has-post-thumbnail","hentry","category-blogi","em_theme-sote"],"acf":[],"yoast_head":"<!-- This site is optimized with the Yoast SEO Premium plugin v27.1 (Yoast SEO v27.5) - https:\/\/yoast.com\/product\/yoast-seo-premium-wordpress\/ -->\n<title>Hoiva-alan kriisi on ratkaistavissa - Terveysteknologia<\/title>\n<meta name=\"robots\" content=\"index, follow, max-snippet:-1, max-image-preview:large, max-video-preview:-1\" \/>\n<link rel=\"canonical\" href=\"https:\/\/teknologiateollisuus.fi\/healthtech\/hoiva-alan-kriisi-on-ratkaistavissa\/\" \/>\n<meta property=\"og:locale\" content=\"fi_FI\" \/>\n<meta property=\"og:type\" content=\"article\" \/>\n<meta property=\"og:title\" content=\"Hoiva-alan kriisi on ratkaistavissa\" \/>\n<meta property=\"og:description\" content=\"Kotiin voi tuoda monenlaisia palveluja ja teknologiaa el\u00e4m\u00e4\u00e4 ja olemista helpottamaan. Pit\u00e4\u00e4 my\u00f6s varmistaa, ett\u00e4 lains\u00e4\u00e4d\u00e4nn\u00f6n muutokset saadaan tehty\u00e4. Jyv\u00e4skyl\u00e4 rallin yhteydess\u00e4 j\u00e4rjestettiin muutakin ohjelmaa, kuten Business Rally -seminaari 4.8.2023 Peurungassa. En itse p\u00e4\u00e4ssyt paikalle, mutta et\u00e4n\u00e4 sain pit\u00e4\u00e4 puheenvuoron. Oli siis hyv\u00e4 hetki syyskauden alkaessa palauttaa mieleen, mihin kes\u00e4kuussa j\u00e4\u00e4tiin. Tilaisuuden aiheena oli teknologia [&hellip;]\" \/>\n<meta property=\"og:url\" content=\"https:\/\/teknologiateollisuus.fi\/healthtech\/hoiva-alan-kriisi-on-ratkaistavissa\/\" \/>\n<meta property=\"og:site_name\" content=\"Terveysteknologia\" \/>\n<meta property=\"article:published_time\" content=\"2023-08-31T05:56:00+00:00\" \/>\n<meta property=\"article:modified_time\" content=\"2024-07-09T11:27:36+00:00\" \/>\n<meta property=\"og:image\" content=\"https:\/\/teknologiateollisuus.fi\/healthtech\/wp-content\/uploads\/sites\/8\/2024\/07\/Saara-Hassinen-4.png\" \/>\n\t<meta property=\"og:image:width\" content=\"461\" \/>\n\t<meta property=\"og:image:height\" content=\"350\" \/>\n\t<meta property=\"og:image:type\" content=\"image\/png\" \/>\n<meta name=\"author\" content=\"P\u00e4ivi Ahlgren\" \/>\n<meta name=\"twitter:card\" content=\"summary_large_image\" \/>\n<meta name=\"twitter:label1\" content=\"Kirjoittanut\" \/>\n\t<meta name=\"twitter:data1\" content=\"P\u00e4ivi Ahlgren\" \/>\n\t<meta name=\"twitter:label2\" content=\"Arvioitu lukuaika\" \/>\n\t<meta name=\"twitter:data2\" content=\"6 minuuttia\" \/>\n<script type=\"application\/ld+json\" class=\"yoast-schema-graph\">{\"@context\":\"https:\\\/\\\/schema.org\",\"@graph\":[{\"@type\":\"Article\",\"@id\":\"https:\\\/\\\/teknologiateollisuus.fi\\\/healthtech\\\/hoiva-alan-kriisi-on-ratkaistavissa\\\/#article\",\"isPartOf\":{\"@id\":\"https:\\\/\\\/teknologiateollisuus.fi\\\/healthtech\\\/hoiva-alan-kriisi-on-ratkaistavissa\\\/\"},\"author\":{\"name\":\"P\u00e4ivi Ahlgren\",\"@id\":\"https:\\\/\\\/teknologiateollisuus.fi\\\/healthtech\\\/#\\\/schema\\\/person\\\/964d40eb9a84d0edfc1989b7784ea950\"},\"headline\":\"Hoiva-alan kriisi on ratkaistavissa\",\"datePublished\":\"2023-08-31T05:56:00+00:00\",\"dateModified\":\"2024-07-09T11:27:36+00:00\",\"mainEntityOfPage\":{\"@id\":\"https:\\\/\\\/teknologiateollisuus.fi\\\/healthtech\\\/hoiva-alan-kriisi-on-ratkaistavissa\\\/\"},\"wordCount\":1094,\"image\":{\"@id\":\"https:\\\/\\\/teknologiateollisuus.fi\\\/healthtech\\\/hoiva-alan-kriisi-on-ratkaistavissa\\\/#primaryimage\"},\"thumbnailUrl\":\"https:\\\/\\\/teknologiateollisuus.fi\\\/healthtech\\\/wp-content\\\/uploads\\\/sites\\\/8\\\/2024\\\/07\\\/Saara-Hassinen-4.png\",\"articleSection\":[\"Blogi\"],\"inLanguage\":\"fi\"},{\"@type\":\"WebPage\",\"@id\":\"https:\\\/\\\/teknologiateollisuus.fi\\\/healthtech\\\/hoiva-alan-kriisi-on-ratkaistavissa\\\/\",\"url\":\"https:\\\/\\\/teknologiateollisuus.fi\\\/healthtech\\\/hoiva-alan-kriisi-on-ratkaistavissa\\\/\",\"name\":\"Hoiva-alan kriisi on ratkaistavissa - Terveysteknologia\",\"isPartOf\":{\"@id\":\"https:\\\/\\\/teknologiateollisuus.fi\\\/healthtech\\\/#website\"},\"primaryImageOfPage\":{\"@id\":\"https:\\\/\\\/teknologiateollisuus.fi\\\/healthtech\\\/hoiva-alan-kriisi-on-ratkaistavissa\\\/#primaryimage\"},\"image\":{\"@id\":\"https:\\\/\\\/teknologiateollisuus.fi\\\/healthtech\\\/hoiva-alan-kriisi-on-ratkaistavissa\\\/#primaryimage\"},\"thumbnailUrl\":\"https:\\\/\\\/teknologiateollisuus.fi\\\/healthtech\\\/wp-content\\\/uploads\\\/sites\\\/8\\\/2024\\\/07\\\/Saara-Hassinen-4.png\",\"datePublished\":\"2023-08-31T05:56:00+00:00\",\"dateModified\":\"2024-07-09T11:27:36+00:00\",\"author\":{\"@id\":\"https:\\\/\\\/teknologiateollisuus.fi\\\/healthtech\\\/#\\\/schema\\\/person\\\/964d40eb9a84d0edfc1989b7784ea950\"},\"breadcrumb\":{\"@id\":\"https:\\\/\\\/teknologiateollisuus.fi\\\/healthtech\\\/hoiva-alan-kriisi-on-ratkaistavissa\\\/#breadcrumb\"},\"inLanguage\":\"fi\",\"potentialAction\":[{\"@type\":\"ReadAction\",\"target\":[\"https:\\\/\\\/teknologiateollisuus.fi\\\/healthtech\\\/hoiva-alan-kriisi-on-ratkaistavissa\\\/\"]}]},{\"@type\":\"ImageObject\",\"inLanguage\":\"fi\",\"@id\":\"https:\\\/\\\/teknologiateollisuus.fi\\\/healthtech\\\/hoiva-alan-kriisi-on-ratkaistavissa\\\/#primaryimage\",\"url\":\"https:\\\/\\\/teknologiateollisuus.fi\\\/healthtech\\\/wp-content\\\/uploads\\\/sites\\\/8\\\/2024\\\/07\\\/Saara-Hassinen-4.png\",\"contentUrl\":\"https:\\\/\\\/teknologiateollisuus.fi\\\/healthtech\\\/wp-content\\\/uploads\\\/sites\\\/8\\\/2024\\\/07\\\/Saara-Hassinen-4.png\",\"width\":461,\"height\":350,\"caption\":\"Saara Hassinen\"},{\"@type\":\"BreadcrumbList\",\"@id\":\"https:\\\/\\\/teknologiateollisuus.fi\\\/healthtech\\\/hoiva-alan-kriisi-on-ratkaistavissa\\\/#breadcrumb\",\"itemListElement\":[{\"@type\":\"ListItem\",\"position\":1,\"name\":\"Etusivu\",\"item\":\"https:\\\/\\\/teknologiateollisuus.fi\\\/healthtech\\\/\"},{\"@type\":\"ListItem\",\"position\":2,\"name\":\"Ajankohtaista\",\"item\":\"https:\\\/\\\/teknologiateollisuus.fi\\\/healthtech\\\/ajankohtaista\\\/\"},{\"@type\":\"ListItem\",\"position\":3,\"name\":\"Blogi\",\"item\":\"https:\\\/\\\/teknologiateollisuus.fi\\\/healthtech\\\/ajankohtaista\\\/?categories=18\"},{\"@type\":\"ListItem\",\"position\":4,\"name\":\"Hoiva-alan kriisi on ratkaistavissa\"}]},{\"@type\":\"WebSite\",\"@id\":\"https:\\\/\\\/teknologiateollisuus.fi\\\/healthtech\\\/#website\",\"url\":\"https:\\\/\\\/teknologiateollisuus.fi\\\/healthtech\\\/\",\"name\":\"Terveysteknologia\",\"description\":\"\",\"potentialAction\":[{\"@type\":\"SearchAction\",\"target\":{\"@type\":\"EntryPoint\",\"urlTemplate\":\"https:\\\/\\\/teknologiateollisuus.fi\\\/healthtech\\\/?s={search_term_string}\"},\"query-input\":{\"@type\":\"PropertyValueSpecification\",\"valueRequired\":true,\"valueName\":\"search_term_string\"}}],\"inLanguage\":\"fi\"},{\"@type\":\"Person\",\"@id\":\"https:\\\/\\\/teknologiateollisuus.fi\\\/healthtech\\\/#\\\/schema\\\/person\\\/964d40eb9a84d0edfc1989b7784ea950\",\"name\":\"P\u00e4ivi Ahlgren\",\"image\":{\"@type\":\"ImageObject\",\"inLanguage\":\"fi\",\"@id\":\"https:\\\/\\\/secure.gravatar.com\\\/avatar\\\/d49c8c4a3ac6bce6f1ed1a4445d5b60a53463c32cb6ebcf6e0375dcece39eaca?s=96&d=mm&r=g\",\"url\":\"https:\\\/\\\/secure.gravatar.com\\\/avatar\\\/d49c8c4a3ac6bce6f1ed1a4445d5b60a53463c32cb6ebcf6e0375dcece39eaca?s=96&d=mm&r=g\",\"contentUrl\":\"https:\\\/\\\/secure.gravatar.com\\\/avatar\\\/d49c8c4a3ac6bce6f1ed1a4445d5b60a53463c32cb6ebcf6e0375dcece39eaca?s=96&d=mm&r=g\",\"caption\":\"P\u00e4ivi Ahlgren\"}}]}<\/script>\n<!-- \/ Yoast SEO Premium plugin. -->","yoast_head_json":{"title":"Hoiva-alan kriisi on ratkaistavissa - Terveysteknologia","robots":{"index":"index","follow":"follow","max-snippet":"max-snippet:-1","max-image-preview":"max-image-preview:large","max-video-preview":"max-video-preview:-1"},"canonical":"https:\/\/teknologiateollisuus.fi\/healthtech\/hoiva-alan-kriisi-on-ratkaistavissa\/","og_locale":"fi_FI","og_type":"article","og_title":"Hoiva-alan kriisi on ratkaistavissa","og_description":"Kotiin voi tuoda monenlaisia palveluja ja teknologiaa el\u00e4m\u00e4\u00e4 ja olemista helpottamaan. Pit\u00e4\u00e4 my\u00f6s varmistaa, ett\u00e4 lains\u00e4\u00e4d\u00e4nn\u00f6n muutokset saadaan tehty\u00e4. Jyv\u00e4skyl\u00e4 rallin yhteydess\u00e4 j\u00e4rjestettiin muutakin ohjelmaa, kuten Business Rally -seminaari 4.8.2023 Peurungassa. En itse p\u00e4\u00e4ssyt paikalle, mutta et\u00e4n\u00e4 sain pit\u00e4\u00e4 puheenvuoron. Oli siis hyv\u00e4 hetki syyskauden alkaessa palauttaa mieleen, mihin kes\u00e4kuussa j\u00e4\u00e4tiin. Tilaisuuden aiheena oli teknologia [&hellip;]","og_url":"https:\/\/teknologiateollisuus.fi\/healthtech\/hoiva-alan-kriisi-on-ratkaistavissa\/","og_site_name":"Terveysteknologia","article_published_time":"2023-08-31T05:56:00+00:00","article_modified_time":"2024-07-09T11:27:36+00:00","og_image":[{"width":461,"height":350,"url":"https:\/\/teknologiateollisuus.fi\/healthtech\/wp-content\/uploads\/sites\/8\/2024\/07\/Saara-Hassinen-4.png","type":"image\/png"}],"author":"P\u00e4ivi Ahlgren","twitter_card":"summary_large_image","twitter_misc":{"Kirjoittanut":"P\u00e4ivi Ahlgren","Arvioitu lukuaika":"6 minuuttia"},"schema":{"@context":"https:\/\/schema.org","@graph":[{"@type":"Article","@id":"https:\/\/teknologiateollisuus.fi\/healthtech\/hoiva-alan-kriisi-on-ratkaistavissa\/#article","isPartOf":{"@id":"https:\/\/teknologiateollisuus.fi\/healthtech\/hoiva-alan-kriisi-on-ratkaistavissa\/"},"author":{"name":"P\u00e4ivi Ahlgren","@id":"https:\/\/teknologiateollisuus.fi\/healthtech\/#\/schema\/person\/964d40eb9a84d0edfc1989b7784ea950"},"headline":"Hoiva-alan kriisi on ratkaistavissa","datePublished":"2023-08-31T05:56:00+00:00","dateModified":"2024-07-09T11:27:36+00:00","mainEntityOfPage":{"@id":"https:\/\/teknologiateollisuus.fi\/healthtech\/hoiva-alan-kriisi-on-ratkaistavissa\/"},"wordCount":1094,"image":{"@id":"https:\/\/teknologiateollisuus.fi\/healthtech\/hoiva-alan-kriisi-on-ratkaistavissa\/#primaryimage"},"thumbnailUrl":"https:\/\/teknologiateollisuus.fi\/healthtech\/wp-content\/uploads\/sites\/8\/2024\/07\/Saara-Hassinen-4.png","articleSection":["Blogi"],"inLanguage":"fi"},{"@type":"WebPage","@id":"https:\/\/teknologiateollisuus.fi\/healthtech\/hoiva-alan-kriisi-on-ratkaistavissa\/","url":"https:\/\/teknologiateollisuus.fi\/healthtech\/hoiva-alan-kriisi-on-ratkaistavissa\/","name":"Hoiva-alan kriisi on ratkaistavissa - Terveysteknologia","isPartOf":{"@id":"https:\/\/teknologiateollisuus.fi\/healthtech\/#website"},"primaryImageOfPage":{"@id":"https:\/\/teknologiateollisuus.fi\/healthtech\/hoiva-alan-kriisi-on-ratkaistavissa\/#primaryimage"},"image":{"@id":"https:\/\/teknologiateollisuus.fi\/healthtech\/hoiva-alan-kriisi-on-ratkaistavissa\/#primaryimage"},"thumbnailUrl":"https:\/\/teknologiateollisuus.fi\/healthtech\/wp-content\/uploads\/sites\/8\/2024\/07\/Saara-Hassinen-4.png","datePublished":"2023-08-31T05:56:00+00:00","dateModified":"2024-07-09T11:27:36+00:00","author":{"@id":"https:\/\/teknologiateollisuus.fi\/healthtech\/#\/schema\/person\/964d40eb9a84d0edfc1989b7784ea950"},"breadcrumb":{"@id":"https:\/\/teknologiateollisuus.fi\/healthtech\/hoiva-alan-kriisi-on-ratkaistavissa\/#breadcrumb"},"inLanguage":"fi","potentialAction":[{"@type":"ReadAction","target":["https:\/\/teknologiateollisuus.fi\/healthtech\/hoiva-alan-kriisi-on-ratkaistavissa\/"]}]},{"@type":"ImageObject","inLanguage":"fi","@id":"https:\/\/teknologiateollisuus.fi\/healthtech\/hoiva-alan-kriisi-on-ratkaistavissa\/#primaryimage","url":"https:\/\/teknologiateollisuus.fi\/healthtech\/wp-content\/uploads\/sites\/8\/2024\/07\/Saara-Hassinen-4.png","contentUrl":"https:\/\/teknologiateollisuus.fi\/healthtech\/wp-content\/uploads\/sites\/8\/2024\/07\/Saara-Hassinen-4.png","width":461,"height":350,"caption":"Saara Hassinen"},{"@type":"BreadcrumbList","@id":"https:\/\/teknologiateollisuus.fi\/healthtech\/hoiva-alan-kriisi-on-ratkaistavissa\/#breadcrumb","itemListElement":[{"@type":"ListItem","position":1,"name":"Etusivu","item":"https:\/\/teknologiateollisuus.fi\/healthtech\/"},{"@type":"ListItem","position":2,"name":"Ajankohtaista","item":"https:\/\/teknologiateollisuus.fi\/healthtech\/ajankohtaista\/"},{"@type":"ListItem","position":3,"name":"Blogi","item":"https:\/\/teknologiateollisuus.fi\/healthtech\/ajankohtaista\/?categories=18"},{"@type":"ListItem","position":4,"name":"Hoiva-alan kriisi on ratkaistavissa"}]},{"@type":"WebSite","@id":"https:\/\/teknologiateollisuus.fi\/healthtech\/#website","url":"https:\/\/teknologiateollisuus.fi\/healthtech\/","name":"Terveysteknologia","description":"","potentialAction":[{"@type":"SearchAction","target":{"@type":"EntryPoint","urlTemplate":"https:\/\/teknologiateollisuus.fi\/healthtech\/?s={search_term_string}"},"query-input":{"@type":"PropertyValueSpecification","valueRequired":true,"valueName":"search_term_string"}}],"inLanguage":"fi"},{"@type":"Person","@id":"https:\/\/teknologiateollisuus.fi\/healthtech\/#\/schema\/person\/964d40eb9a84d0edfc1989b7784ea950","name":"P\u00e4ivi Ahlgren","image":{"@type":"ImageObject","inLanguage":"fi","@id":"https:\/\/secure.gravatar.com\/avatar\/d49c8c4a3ac6bce6f1ed1a4445d5b60a53463c32cb6ebcf6e0375dcece39eaca?s=96&d=mm&r=g","url":"https:\/\/secure.gravatar.com\/avatar\/d49c8c4a3ac6bce6f1ed1a4445d5b60a53463c32cb6ebcf6e0375dcece39eaca?s=96&d=mm&r=g","contentUrl":"https:\/\/secure.gravatar.com\/avatar\/d49c8c4a3ac6bce6f1ed1a4445d5b60a53463c32cb6ebcf6e0375dcece39eaca?s=96&d=mm&r=g","caption":"P\u00e4ivi Ahlgren"}}]}},"lang":"fi","translations":{"fi":1516},"pll_sync_post":{},"_links":{"self":[{"href":"https:\/\/teknologiateollisuus.fi\/healthtech\/wp-json\/wp\/v2\/posts\/1516","targetHints":{"allow":["GET"]}}],"collection":[{"href":"https:\/\/teknologiateollisuus.fi\/healthtech\/wp-json\/wp\/v2\/posts"}],"about":[{"href":"https:\/\/teknologiateollisuus.fi\/healthtech\/wp-json\/wp\/v2\/types\/post"}],"author":[{"embeddable":true,"href":"https:\/\/teknologiateollisuus.fi\/healthtech\/wp-json\/wp\/v2\/users\/16"}],"replies":[{"embeddable":true,"href":"https:\/\/teknologiateollisuus.fi\/healthtech\/wp-json\/wp\/v2\/comments?post=1516"}],"version-history":[{"count":1,"href":"https:\/\/teknologiateollisuus.fi\/healthtech\/wp-json\/wp\/v2\/posts\/1516\/revisions"}],"predecessor-version":[{"id":1517,"href":"https:\/\/teknologiateollisuus.fi\/healthtech\/wp-json\/wp\/v2\/posts\/1516\/revisions\/1517"}],"wp:featuredmedia":[{"embeddable":true,"href":"https:\/\/teknologiateollisuus.fi\/healthtech\/wp-json\/wp\/v2\/media\/1583"}],"wp:attachment":[{"href":"https:\/\/teknologiateollisuus.fi\/healthtech\/wp-json\/wp\/v2\/media?parent=1516"}],"wp:term":[{"taxonomy":"category","embeddable":true,"href":"https:\/\/teknologiateollisuus.fi\/healthtech\/wp-json\/wp\/v2\/categories?post=1516"},{"taxonomy":"post_tag","embeddable":true,"href":"https:\/\/teknologiateollisuus.fi\/healthtech\/wp-json\/wp\/v2\/tags?post=1516"},{"taxonomy":"em_industry","embeddable":true,"href":"https:\/\/teknologiateollisuus.fi\/healthtech\/wp-json\/wp\/v2\/em_industry?post=1516"},{"taxonomy":"em_theme","embeddable":true,"href":"https:\/\/teknologiateollisuus.fi\/healthtech\/wp-json\/wp\/v2\/em_theme?post=1516"}],"curies":[{"name":"wp","href":"https:\/\/api.w.org\/{rel}","templated":true}]}}