{"id":2113,"date":"2023-12-29T10:09:00","date_gmt":"2023-12-29T08:09:00","guid":{"rendered":"https:\/\/teknologiateollisuus.fi\/healthtech\/?p=2113"},"modified":"2025-04-24T10:54:18","modified_gmt":"2025-04-24T07:54:18","slug":"historiallinen-vuosi-jasenia-on-yli-200","status":"publish","type":"post","link":"https:\/\/teknologiateollisuus.fi\/healthtech\/historiallinen-vuosi-jasenia-on-yli-200\/","title":{"rendered":"Historiallinen vuosi \u2013 j\u00e4seni\u00e4 on yli 200"},"content":{"rendered":"\n<p>Vuonna 2023 tehtiin historiaa. 200 j\u00e4senyrityksen m\u00e4\u00e4r\u00e4 ylittyi. Mit\u00e4 enemm\u00e4n meill\u00e4 on j\u00e4seni\u00e4, sen vahvempi on \u00e4\u00e4ni vaikuttaa j\u00e4senten kasvun ja kansainv\u00e4listymisen hyv\u00e4ksi.<\/p>\n\n\n\n<p>Vuosi sai my\u00f6s pys\u00e4htym\u00e4\u00e4n ja katsomaan, millaisia\u00a0j\u00e4seni\u00e4\u00a0meill\u00e4 on. Se on nyky\u00e4\u00e4n helppoa, koska j\u00e4senet on luokiteltu toimintansa perusteella. Listalta voi kuka tahansa etsi\u00e4 haluamallaan m\u00e4\u00e4ritteell\u00e4 sopivia yrityksi\u00e4. N\u00e4in voi my\u00f6s tutustua monipuoliseen tarjontaan, jonka kaikki j\u00e4senemme muodostavat.<\/p>\n\n\n\n<p>Kun j\u00e4senkuntaa tarkastellaan lukum\u00e4\u00e4r\u00e4n perusteella, 69 prosentilla j\u00e4senist\u00e4 on l\u00e4\u00e4kinn\u00e4llisi\u00e4 laitteita \u2013 tuotteita, ohjelmistoja tai digitaalisia palveluja. 15 prosentilla on&nbsp;<em>in vitro&nbsp;<\/em>diagnostiikkatuotteita. 16 prosentilla on hyvinvointiratkaisuja.<\/p>\n\n\n\n<p>J\u00e4seni\u00e4 voi tarkastella my\u00f6s toiminnan perusteella. 46 prosentilla on valmistusta, ja 36 prosenttia harjoittaa konsultointia. 16 prosenttia j\u00e4senist\u00e4 ovat my\u00f6s jakelijoita. Sertifiointi on alueena 7 prosentilla j\u00e4seni\u00e4. Vain nelj\u00e4ll\u00e4 prosentilla on maahantuontia.<\/p>\n\n\n\n<p>Alueet, joihin yrityksill\u00e4 on ratkaisuja, onkin sitten monenkirjava joukko, kuten aivot, iho, lihakset, silm\u00e4t, syd\u00e4n, luusto, suolisto, uni, mielenterveys, sy\u00f6p\u00e4, kansantaudit, harvinaissairaudet, diabetes, fysioterapia ja hammashoito.<\/p>\n\n\n\n<p>Teknologiaakin yritykset hy\u00f6dynt\u00e4v\u00e4t monipuolisesti, kuten datan k\u00e4sittely\u00e4 ja analysointia, bioinformatiikkaa, genomiikkaa, robotiikkaa, automaatiota ja kuvantamista. VR, 3D, magneetit, laserit, implantit ja kemia kuuluvat my\u00f6s valikoimiin.<\/p>\n\n\n\n<p>Jos yrityksi\u00e4 tarkastelee vuoden 2022 viennin perusteella\u00a0<em>in vitro\u00a0<\/em>diagnostiikkayritysten\u00a0osuus nousee huomattavasti, kun terveysteknologian tuoteviennist\u00e4 33 prosenttia\u00a0<em>in vitro\u00a0<\/em>diagnostiikkaa. L\u00e4\u00e4kinn\u00e4llisten laitteiden osuus on 63 prosenttia. Vastaavasti valmistavien yritysten osuus nousee. \u00a0\u00a0<\/p>\n\n\n\n<p>T\u00e4st\u00e4 on hyv\u00e4 jatkaa. J\u00e4senm\u00e4\u00e4r\u00e4 kasvaa vuosittain, ja vuonna 2023 lis\u00e4yst\u00e4 oli 13 yrityksen verran. Seitsem\u00e4ss\u00e4 vuodessa j\u00e4senm\u00e4\u00e4r\u00e4 on kasvanut 95:st\u00e4 yli kahteen sataan. Voimme siis olla tyytyv\u00e4isi\u00e4 toimintaan, joka tuo lis\u00e4\u00e4 j\u00e4seni\u00e4 koko ajan.<\/p>\n","protected":false},"excerpt":{"rendered":"<p>Vuonna 2023 tehtiin historiaa. 200 j\u00e4senyrityksen m\u00e4\u00e4r\u00e4 ylittyi. Mit\u00e4 enemm\u00e4n meill\u00e4 on j\u00e4seni\u00e4, sen vahvempi on \u00e4\u00e4ni vaikuttaa j\u00e4senten kasvun ja kansainv\u00e4listymisen hyv\u00e4ksi. Vuosi sai my\u00f6s pys\u00e4htym\u00e4\u00e4n ja katsomaan, millaisia\u00a0j\u00e4seni\u00e4\u00a0meill\u00e4 on. Se on nyky\u00e4\u00e4n helppoa, koska j\u00e4senet on luokiteltu toimintansa perusteella. Listalta voi kuka tahansa etsi\u00e4 haluamallaan m\u00e4\u00e4ritteell\u00e4 sopivia yrityksi\u00e4. N\u00e4in voi my\u00f6s tutustua monipuoliseen [&hellip;]<\/p>\n","protected":false},"author":16,"featured_media":302,"comment_status":"closed","ping_status":"closed","sticky":false,"template":"","format":"standard","meta":{"_acf_changed":false,"_relevanssi_hide_post":"","_relevanssi_hide_content":"","_relevanssi_pin_for_all":"","_relevanssi_pin_keywords":"","_relevanssi_unpin_keywords":"","_relevanssi_related_keywords":"","_relevanssi_related_include_ids":"","_relevanssi_related_exclude_ids":"","_relevanssi_related_no_append":"","_relevanssi_related_not_related":"","_relevanssi_related_posts":"710,708,704,725,729,716","_relevanssi_noindex_reason":"","inline_featured_image":false,"footnotes":""},"categories":[14],"tags":[],"em_industry":[],"em_theme":[136],"class_list":["post-2113","post","type-post","status-publish","format-standard","has-post-thumbnail","hentry","category-uutinen","em_theme-jasenyritys"],"acf":[],"yoast_head":"<!-- This site is optimized with the Yoast SEO Premium plugin v27.1 (Yoast SEO v27.5) - https:\/\/yoast.com\/product\/yoast-seo-premium-wordpress\/ -->\n<title>Historiallinen vuosi \u2013 j\u00e4seni\u00e4 on yli 200 - Terveysteknologia<\/title>\n<meta name=\"robots\" content=\"index, follow, max-snippet:-1, max-image-preview:large, max-video-preview:-1\" \/>\n<link rel=\"canonical\" href=\"https:\/\/teknologiateollisuus.fi\/healthtech\/historiallinen-vuosi-jasenia-on-yli-200\/\" \/>\n<meta property=\"og:locale\" content=\"fi_FI\" \/>\n<meta property=\"og:type\" content=\"article\" \/>\n<meta property=\"og:title\" content=\"Historiallinen vuosi \u2013 j\u00e4seni\u00e4 on yli 200\" \/>\n<meta property=\"og:description\" content=\"Vuonna 2023 tehtiin historiaa. 200 j\u00e4senyrityksen m\u00e4\u00e4r\u00e4 ylittyi. Mit\u00e4 enemm\u00e4n meill\u00e4 on j\u00e4seni\u00e4, sen vahvempi on \u00e4\u00e4ni vaikuttaa j\u00e4senten kasvun ja kansainv\u00e4listymisen hyv\u00e4ksi. Vuosi sai my\u00f6s pys\u00e4htym\u00e4\u00e4n ja katsomaan, millaisia\u00a0j\u00e4seni\u00e4\u00a0meill\u00e4 on. Se on nyky\u00e4\u00e4n helppoa, koska j\u00e4senet on luokiteltu toimintansa perusteella. Listalta voi kuka tahansa etsi\u00e4 haluamallaan m\u00e4\u00e4ritteell\u00e4 sopivia yrityksi\u00e4. N\u00e4in voi my\u00f6s tutustua monipuoliseen [&hellip;]\" \/>\n<meta property=\"og:url\" content=\"https:\/\/teknologiateollisuus.fi\/healthtech\/historiallinen-vuosi-jasenia-on-yli-200\/\" \/>\n<meta property=\"og:site_name\" content=\"Terveysteknologia\" \/>\n<meta property=\"article:published_time\" content=\"2023-12-29T08:09:00+00:00\" \/>\n<meta property=\"article:modified_time\" content=\"2025-04-24T07:54:18+00:00\" \/>\n<meta property=\"og:image\" content=\"https:\/\/teknologiateollisuus.fi\/healthtech\/wp-content\/uploads\/sites\/8\/2024\/06\/200-jasenta.jpg\" \/>\n\t<meta property=\"og:image:width\" content=\"600\" \/>\n\t<meta property=\"og:image:height\" content=\"337\" \/>\n\t<meta property=\"og:image:type\" content=\"image\/jpeg\" \/>\n<meta name=\"author\" content=\"P\u00e4ivi Ahlgren\" \/>\n<meta name=\"twitter:card\" content=\"summary_large_image\" \/>\n<meta name=\"twitter:label1\" content=\"Kirjoittanut\" \/>\n\t<meta name=\"twitter:data1\" content=\"P\u00e4ivi Ahlgren\" \/>\n\t<meta name=\"twitter:label2\" content=\"Arvioitu lukuaika\" \/>\n\t<meta name=\"twitter:data2\" content=\"2 minuuttia\" \/>\n<script type=\"application\/ld+json\" class=\"yoast-schema-graph\">{\"@context\":\"https:\\\/\\\/schema.org\",\"@graph\":[{\"@type\":\"Article\",\"@id\":\"https:\\\/\\\/teknologiateollisuus.fi\\\/healthtech\\\/historiallinen-vuosi-jasenia-on-yli-200\\\/#article\",\"isPartOf\":{\"@id\":\"https:\\\/\\\/teknologiateollisuus.fi\\\/healthtech\\\/historiallinen-vuosi-jasenia-on-yli-200\\\/\"},\"author\":{\"name\":\"P\u00e4ivi Ahlgren\",\"@id\":\"https:\\\/\\\/teknologiateollisuus.fi\\\/healthtech\\\/#\\\/schema\\\/person\\\/964d40eb9a84d0edfc1989b7784ea950\"},\"headline\":\"Historiallinen vuosi \u2013 j\u00e4seni\u00e4 on yli 200\",\"datePublished\":\"2023-12-29T08:09:00+00:00\",\"dateModified\":\"2025-04-24T07:54:18+00:00\",\"mainEntityOfPage\":{\"@id\":\"https:\\\/\\\/teknologiateollisuus.fi\\\/healthtech\\\/historiallinen-vuosi-jasenia-on-yli-200\\\/\"},\"wordCount\":280,\"image\":{\"@id\":\"https:\\\/\\\/teknologiateollisuus.fi\\\/healthtech\\\/historiallinen-vuosi-jasenia-on-yli-200\\\/#primaryimage\"},\"thumbnailUrl\":\"https:\\\/\\\/teknologiateollisuus.fi\\\/healthtech\\\/wp-content\\\/uploads\\\/sites\\\/8\\\/2024\\\/06\\\/200-jasenta.jpg\",\"articleSection\":[\"Uutinen\"],\"inLanguage\":\"fi\"},{\"@type\":\"WebPage\",\"@id\":\"https:\\\/\\\/teknologiateollisuus.fi\\\/healthtech\\\/historiallinen-vuosi-jasenia-on-yli-200\\\/\",\"url\":\"https:\\\/\\\/teknologiateollisuus.fi\\\/healthtech\\\/historiallinen-vuosi-jasenia-on-yli-200\\\/\",\"name\":\"Historiallinen vuosi \u2013 j\u00e4seni\u00e4 on yli 200 - Terveysteknologia\",\"isPartOf\":{\"@id\":\"https:\\\/\\\/teknologiateollisuus.fi\\\/healthtech\\\/#website\"},\"primaryImageOfPage\":{\"@id\":\"https:\\\/\\\/teknologiateollisuus.fi\\\/healthtech\\\/historiallinen-vuosi-jasenia-on-yli-200\\\/#primaryimage\"},\"image\":{\"@id\":\"https:\\\/\\\/teknologiateollisuus.fi\\\/healthtech\\\/historiallinen-vuosi-jasenia-on-yli-200\\\/#primaryimage\"},\"thumbnailUrl\":\"https:\\\/\\\/teknologiateollisuus.fi\\\/healthtech\\\/wp-content\\\/uploads\\\/sites\\\/8\\\/2024\\\/06\\\/200-jasenta.jpg\",\"datePublished\":\"2023-12-29T08:09:00+00:00\",\"dateModified\":\"2025-04-24T07:54:18+00:00\",\"author\":{\"@id\":\"https:\\\/\\\/teknologiateollisuus.fi\\\/healthtech\\\/#\\\/schema\\\/person\\\/964d40eb9a84d0edfc1989b7784ea950\"},\"breadcrumb\":{\"@id\":\"https:\\\/\\\/teknologiateollisuus.fi\\\/healthtech\\\/historiallinen-vuosi-jasenia-on-yli-200\\\/#breadcrumb\"},\"inLanguage\":\"fi\",\"potentialAction\":[{\"@type\":\"ReadAction\",\"target\":[\"https:\\\/\\\/teknologiateollisuus.fi\\\/healthtech\\\/historiallinen-vuosi-jasenia-on-yli-200\\\/\"]}]},{\"@type\":\"ImageObject\",\"inLanguage\":\"fi\",\"@id\":\"https:\\\/\\\/teknologiateollisuus.fi\\\/healthtech\\\/historiallinen-vuosi-jasenia-on-yli-200\\\/#primaryimage\",\"url\":\"https:\\\/\\\/teknologiateollisuus.fi\\\/healthtech\\\/wp-content\\\/uploads\\\/sites\\\/8\\\/2024\\\/06\\\/200-jasenta.jpg\",\"contentUrl\":\"https:\\\/\\\/teknologiateollisuus.fi\\\/healthtech\\\/wp-content\\\/uploads\\\/sites\\\/8\\\/2024\\\/06\\\/200-jasenta.jpg\",\"width\":600,\"height\":337,\"caption\":\"200 j\u00e4sent\u00e4\"},{\"@type\":\"BreadcrumbList\",\"@id\":\"https:\\\/\\\/teknologiateollisuus.fi\\\/healthtech\\\/historiallinen-vuosi-jasenia-on-yli-200\\\/#breadcrumb\",\"itemListElement\":[{\"@type\":\"ListItem\",\"position\":1,\"name\":\"Etusivu\",\"item\":\"https:\\\/\\\/teknologiateollisuus.fi\\\/healthtech\\\/\"},{\"@type\":\"ListItem\",\"position\":2,\"name\":\"Ajankohtaista\",\"item\":\"https:\\\/\\\/teknologiateollisuus.fi\\\/healthtech\\\/ajankohtaista\\\/\"},{\"@type\":\"ListItem\",\"position\":3,\"name\":\"Uutinen\",\"item\":\"https:\\\/\\\/teknologiateollisuus.fi\\\/healthtech\\\/ajankohtaista\\\/?categories=14\"},{\"@type\":\"ListItem\",\"position\":4,\"name\":\"Historiallinen vuosi \u2013 j\u00e4seni\u00e4 on yli 200\"}]},{\"@type\":\"WebSite\",\"@id\":\"https:\\\/\\\/teknologiateollisuus.fi\\\/healthtech\\\/#website\",\"url\":\"https:\\\/\\\/teknologiateollisuus.fi\\\/healthtech\\\/\",\"name\":\"Terveysteknologia\",\"description\":\"\",\"potentialAction\":[{\"@type\":\"SearchAction\",\"target\":{\"@type\":\"EntryPoint\",\"urlTemplate\":\"https:\\\/\\\/teknologiateollisuus.fi\\\/healthtech\\\/?s={search_term_string}\"},\"query-input\":{\"@type\":\"PropertyValueSpecification\",\"valueRequired\":true,\"valueName\":\"search_term_string\"}}],\"inLanguage\":\"fi\"},{\"@type\":\"Person\",\"@id\":\"https:\\\/\\\/teknologiateollisuus.fi\\\/healthtech\\\/#\\\/schema\\\/person\\\/964d40eb9a84d0edfc1989b7784ea950\",\"name\":\"P\u00e4ivi Ahlgren\",\"image\":{\"@type\":\"ImageObject\",\"inLanguage\":\"fi\",\"@id\":\"https:\\\/\\\/secure.gravatar.com\\\/avatar\\\/d49c8c4a3ac6bce6f1ed1a4445d5b60a53463c32cb6ebcf6e0375dcece39eaca?s=96&d=mm&r=g\",\"url\":\"https:\\\/\\\/secure.gravatar.com\\\/avatar\\\/d49c8c4a3ac6bce6f1ed1a4445d5b60a53463c32cb6ebcf6e0375dcece39eaca?s=96&d=mm&r=g\",\"contentUrl\":\"https:\\\/\\\/secure.gravatar.com\\\/avatar\\\/d49c8c4a3ac6bce6f1ed1a4445d5b60a53463c32cb6ebcf6e0375dcece39eaca?s=96&d=mm&r=g\",\"caption\":\"P\u00e4ivi Ahlgren\"}}]}<\/script>\n<!-- \/ Yoast SEO Premium plugin. -->","yoast_head_json":{"title":"Historiallinen vuosi \u2013 j\u00e4seni\u00e4 on yli 200 - Terveysteknologia","robots":{"index":"index","follow":"follow","max-snippet":"max-snippet:-1","max-image-preview":"max-image-preview:large","max-video-preview":"max-video-preview:-1"},"canonical":"https:\/\/teknologiateollisuus.fi\/healthtech\/historiallinen-vuosi-jasenia-on-yli-200\/","og_locale":"fi_FI","og_type":"article","og_title":"Historiallinen vuosi \u2013 j\u00e4seni\u00e4 on yli 200","og_description":"Vuonna 2023 tehtiin historiaa. 200 j\u00e4senyrityksen m\u00e4\u00e4r\u00e4 ylittyi. Mit\u00e4 enemm\u00e4n meill\u00e4 on j\u00e4seni\u00e4, sen vahvempi on \u00e4\u00e4ni vaikuttaa j\u00e4senten kasvun ja kansainv\u00e4listymisen hyv\u00e4ksi. Vuosi sai my\u00f6s pys\u00e4htym\u00e4\u00e4n ja katsomaan, millaisia\u00a0j\u00e4seni\u00e4\u00a0meill\u00e4 on. Se on nyky\u00e4\u00e4n helppoa, koska j\u00e4senet on luokiteltu toimintansa perusteella. Listalta voi kuka tahansa etsi\u00e4 haluamallaan m\u00e4\u00e4ritteell\u00e4 sopivia yrityksi\u00e4. N\u00e4in voi my\u00f6s tutustua monipuoliseen [&hellip;]","og_url":"https:\/\/teknologiateollisuus.fi\/healthtech\/historiallinen-vuosi-jasenia-on-yli-200\/","og_site_name":"Terveysteknologia","article_published_time":"2023-12-29T08:09:00+00:00","article_modified_time":"2025-04-24T07:54:18+00:00","og_image":[{"width":600,"height":337,"url":"https:\/\/teknologiateollisuus.fi\/healthtech\/wp-content\/uploads\/sites\/8\/2024\/06\/200-jasenta.jpg","type":"image\/jpeg"}],"author":"P\u00e4ivi Ahlgren","twitter_card":"summary_large_image","twitter_misc":{"Kirjoittanut":"P\u00e4ivi Ahlgren","Arvioitu lukuaika":"2 minuuttia"},"schema":{"@context":"https:\/\/schema.org","@graph":[{"@type":"Article","@id":"https:\/\/teknologiateollisuus.fi\/healthtech\/historiallinen-vuosi-jasenia-on-yli-200\/#article","isPartOf":{"@id":"https:\/\/teknologiateollisuus.fi\/healthtech\/historiallinen-vuosi-jasenia-on-yli-200\/"},"author":{"name":"P\u00e4ivi Ahlgren","@id":"https:\/\/teknologiateollisuus.fi\/healthtech\/#\/schema\/person\/964d40eb9a84d0edfc1989b7784ea950"},"headline":"Historiallinen vuosi \u2013 j\u00e4seni\u00e4 on yli 200","datePublished":"2023-12-29T08:09:00+00:00","dateModified":"2025-04-24T07:54:18+00:00","mainEntityOfPage":{"@id":"https:\/\/teknologiateollisuus.fi\/healthtech\/historiallinen-vuosi-jasenia-on-yli-200\/"},"wordCount":280,"image":{"@id":"https:\/\/teknologiateollisuus.fi\/healthtech\/historiallinen-vuosi-jasenia-on-yli-200\/#primaryimage"},"thumbnailUrl":"https:\/\/teknologiateollisuus.fi\/healthtech\/wp-content\/uploads\/sites\/8\/2024\/06\/200-jasenta.jpg","articleSection":["Uutinen"],"inLanguage":"fi"},{"@type":"WebPage","@id":"https:\/\/teknologiateollisuus.fi\/healthtech\/historiallinen-vuosi-jasenia-on-yli-200\/","url":"https:\/\/teknologiateollisuus.fi\/healthtech\/historiallinen-vuosi-jasenia-on-yli-200\/","name":"Historiallinen vuosi \u2013 j\u00e4seni\u00e4 on yli 200 - Terveysteknologia","isPartOf":{"@id":"https:\/\/teknologiateollisuus.fi\/healthtech\/#website"},"primaryImageOfPage":{"@id":"https:\/\/teknologiateollisuus.fi\/healthtech\/historiallinen-vuosi-jasenia-on-yli-200\/#primaryimage"},"image":{"@id":"https:\/\/teknologiateollisuus.fi\/healthtech\/historiallinen-vuosi-jasenia-on-yli-200\/#primaryimage"},"thumbnailUrl":"https:\/\/teknologiateollisuus.fi\/healthtech\/wp-content\/uploads\/sites\/8\/2024\/06\/200-jasenta.jpg","datePublished":"2023-12-29T08:09:00+00:00","dateModified":"2025-04-24T07:54:18+00:00","author":{"@id":"https:\/\/teknologiateollisuus.fi\/healthtech\/#\/schema\/person\/964d40eb9a84d0edfc1989b7784ea950"},"breadcrumb":{"@id":"https:\/\/teknologiateollisuus.fi\/healthtech\/historiallinen-vuosi-jasenia-on-yli-200\/#breadcrumb"},"inLanguage":"fi","potentialAction":[{"@type":"ReadAction","target":["https:\/\/teknologiateollisuus.fi\/healthtech\/historiallinen-vuosi-jasenia-on-yli-200\/"]}]},{"@type":"ImageObject","inLanguage":"fi","@id":"https:\/\/teknologiateollisuus.fi\/healthtech\/historiallinen-vuosi-jasenia-on-yli-200\/#primaryimage","url":"https:\/\/teknologiateollisuus.fi\/healthtech\/wp-content\/uploads\/sites\/8\/2024\/06\/200-jasenta.jpg","contentUrl":"https:\/\/teknologiateollisuus.fi\/healthtech\/wp-content\/uploads\/sites\/8\/2024\/06\/200-jasenta.jpg","width":600,"height":337,"caption":"200 j\u00e4sent\u00e4"},{"@type":"BreadcrumbList","@id":"https:\/\/teknologiateollisuus.fi\/healthtech\/historiallinen-vuosi-jasenia-on-yli-200\/#breadcrumb","itemListElement":[{"@type":"ListItem","position":1,"name":"Etusivu","item":"https:\/\/teknologiateollisuus.fi\/healthtech\/"},{"@type":"ListItem","position":2,"name":"Ajankohtaista","item":"https:\/\/teknologiateollisuus.fi\/healthtech\/ajankohtaista\/"},{"@type":"ListItem","position":3,"name":"Uutinen","item":"https:\/\/teknologiateollisuus.fi\/healthtech\/ajankohtaista\/?categories=14"},{"@type":"ListItem","position":4,"name":"Historiallinen vuosi \u2013 j\u00e4seni\u00e4 on yli 200"}]},{"@type":"WebSite","@id":"https:\/\/teknologiateollisuus.fi\/healthtech\/#website","url":"https:\/\/teknologiateollisuus.fi\/healthtech\/","name":"Terveysteknologia","description":"","potentialAction":[{"@type":"SearchAction","target":{"@type":"EntryPoint","urlTemplate":"https:\/\/teknologiateollisuus.fi\/healthtech\/?s={search_term_string}"},"query-input":{"@type":"PropertyValueSpecification","valueRequired":true,"valueName":"search_term_string"}}],"inLanguage":"fi"},{"@type":"Person","@id":"https:\/\/teknologiateollisuus.fi\/healthtech\/#\/schema\/person\/964d40eb9a84d0edfc1989b7784ea950","name":"P\u00e4ivi Ahlgren","image":{"@type":"ImageObject","inLanguage":"fi","@id":"https:\/\/secure.gravatar.com\/avatar\/d49c8c4a3ac6bce6f1ed1a4445d5b60a53463c32cb6ebcf6e0375dcece39eaca?s=96&d=mm&r=g","url":"https:\/\/secure.gravatar.com\/avatar\/d49c8c4a3ac6bce6f1ed1a4445d5b60a53463c32cb6ebcf6e0375dcece39eaca?s=96&d=mm&r=g","contentUrl":"https:\/\/secure.gravatar.com\/avatar\/d49c8c4a3ac6bce6f1ed1a4445d5b60a53463c32cb6ebcf6e0375dcece39eaca?s=96&d=mm&r=g","caption":"P\u00e4ivi Ahlgren"}}]}},"lang":"fi","translations":{"fi":2113},"pll_sync_post":{},"_links":{"self":[{"href":"https:\/\/teknologiateollisuus.fi\/healthtech\/wp-json\/wp\/v2\/posts\/2113","targetHints":{"allow":["GET"]}}],"collection":[{"href":"https:\/\/teknologiateollisuus.fi\/healthtech\/wp-json\/wp\/v2\/posts"}],"about":[{"href":"https:\/\/teknologiateollisuus.fi\/healthtech\/wp-json\/wp\/v2\/types\/post"}],"author":[{"embeddable":true,"href":"https:\/\/teknologiateollisuus.fi\/healthtech\/wp-json\/wp\/v2\/users\/16"}],"replies":[{"embeddable":true,"href":"https:\/\/teknologiateollisuus.fi\/healthtech\/wp-json\/wp\/v2\/comments?post=2113"}],"version-history":[{"count":1,"href":"https:\/\/teknologiateollisuus.fi\/healthtech\/wp-json\/wp\/v2\/posts\/2113\/revisions"}],"predecessor-version":[{"id":2114,"href":"https:\/\/teknologiateollisuus.fi\/healthtech\/wp-json\/wp\/v2\/posts\/2113\/revisions\/2114"}],"wp:featuredmedia":[{"embeddable":true,"href":"https:\/\/teknologiateollisuus.fi\/healthtech\/wp-json\/wp\/v2\/media\/302"}],"wp:attachment":[{"href":"https:\/\/teknologiateollisuus.fi\/healthtech\/wp-json\/wp\/v2\/media?parent=2113"}],"wp:term":[{"taxonomy":"category","embeddable":true,"href":"https:\/\/teknologiateollisuus.fi\/healthtech\/wp-json\/wp\/v2\/categories?post=2113"},{"taxonomy":"post_tag","embeddable":true,"href":"https:\/\/teknologiateollisuus.fi\/healthtech\/wp-json\/wp\/v2\/tags?post=2113"},{"taxonomy":"em_industry","embeddable":true,"href":"https:\/\/teknologiateollisuus.fi\/healthtech\/wp-json\/wp\/v2\/em_industry?post=2113"},{"taxonomy":"em_theme","embeddable":true,"href":"https:\/\/teknologiateollisuus.fi\/healthtech\/wp-json\/wp\/v2\/em_theme?post=2113"}],"curies":[{"name":"wp","href":"https:\/\/api.w.org\/{rel}","templated":true}]}}