{"id":3847,"date":"2024-12-05T16:28:25","date_gmt":"2024-12-05T14:28:25","guid":{"rendered":"https:\/\/teknologiateollisuus.fi\/healthtech\/?p=3847"},"modified":"2024-12-09T11:30:16","modified_gmt":"2024-12-09T09:30:16","slug":"terveiset-terveysteknologia-ryn-syyskokouksesta-ja-seminaarista","status":"publish","type":"post","link":"https:\/\/teknologiateollisuus.fi\/healthtech\/terveiset-terveysteknologia-ryn-syyskokouksesta-ja-seminaarista\/","title":{"rendered":"Terveiset Terveysteknologia ry:n syyskokouksesta ja -seminaarista 2024"},"content":{"rendered":"\n<p><strong>Terveiset syyskokouksesta ja -seminaarista<\/strong><\/p>\n\n\n\n<h4 class=\"wp-block-heading\" id=\"terveysteknologia-ryn-syyskokous-2024\">Terveysteknologia ry:n syyskokous 2024<\/h4>\n\n\n\n<p>Hallituksen puheenjohtaja <strong>Mika Hagberg <\/strong>toivotti osallistujat tervetulleeksi Terveysteknologia ry:n syyskokoukseen 3.12.2024 kehottamalla yrityksi\u00e4 yhteisty\u00f6h\u00f6n kesken\u00e4\u00e4n. Yhdistyksen kokoukset ovat keino erikokoisille yrityksille vaihtaa kuulumisia ja kokemuksia, huomioiden my\u00f6s kilpailulains\u00e4\u00e4d\u00e4nn\u00f6n, jonka mukaan yritysten on teht\u00e4v\u00e4 liiketoiminnalliset ratkaisunsa t\u00e4ysin itsen\u00e4isesti.<\/p>\n\n\n\n<p>Kuluvan vuoden aikana on s\u00e4\u00e4d\u00f6sasioiden lis\u00e4ksi huomioitu vastuullisuusasiat. J\u00e4senille laaditaan parhaillaan ohjeistusta vastuullisuusasioiden haltuunottoon, koska tarve on kasvanut muun muassa vastuullisuusraportoinnin my\u00f6t\u00e4.<\/p>\n\n\n\n<h4 class=\"wp-block-heading\" id=\"syyskokous-valitsi-hallituksen-vuodelle-2025\">Syyskokous valitsi hallituksen vuodelle 2025:<\/h4>\n\n\n\n<ul class=\"wp-block-list\">\n<li><strong>Ilari Antila<\/strong>, Uniogen Oy<\/li>\n\n\n\n<li><strong>Mika Hagberg<\/strong>, Paree Group Oy<\/li>\n\n\n\n<li><strong>Rainer Harjunp\u00e4\u00e4<\/strong>, PaloDex Group Oy<\/li>\n\n\n\n<li><strong>Pasi Hatakka<\/strong>, Mariachi Oy&nbsp;&nbsp;&nbsp;<\/li>\n\n\n\n<li><strong>Juho Himberg<\/strong>, Optomed Oyj<\/li>\n\n\n\n<li><strong>Tommi Kaasalainen<\/strong>, Euformatics Oy<\/li>\n\n\n\n<li><strong>Eetu Koski<\/strong>, Evondos Oy<\/li>\n\n\n\n<li><strong>Jukka Kanerva<\/strong>, Planmeca Oy&nbsp;&nbsp;&nbsp;&nbsp;&nbsp;&nbsp;&nbsp;&nbsp;&nbsp;&nbsp;&nbsp;&nbsp;&nbsp;&nbsp;&nbsp;&nbsp;&nbsp;&nbsp;&nbsp;&nbsp;&nbsp;&nbsp;&nbsp;&nbsp;&nbsp;<\/li>\n\n\n\n<li><strong>Samuli Niiranen<\/strong>, Mylab Oy<\/li>\n\n\n\n<li><strong>Karita Reijonsaari<\/strong>, Linio Biotech Oy<\/li>\n\n\n\n<li><strong>Dan Sarin<\/strong>, GE Healthcare Finland Oy<\/li>\n\n\n\n<li><strong>Leena Soininen<\/strong>, DigiFinland Oy<\/li>\n\n\n\n<li><strong>Meeri S\u00e4ily<\/strong>, Labquality Oy<\/li>\n\n\n\n<li><strong>Ouli Uimonen<\/strong>, Pharmaca Health Intelligence Oy<\/li>\n\n\n\n<li><strong>Rina Wahlroos<\/strong>, Thermo Fisher Scientific Oy<\/li>\n<\/ul>\n\n\n\n<h4 class=\"wp-block-heading\" id=\"terveysteknologia-ryn-syysseminaari-2024\">Terveysteknologia ry:n syysseminaari 2024<\/h4>\n\n\n\n<p>Syysseminaarissa k\u00e4ytiin l\u00e4pi kasvuun liittyvi\u00e4 asioista. <a href=\"https:\/\/www.businessfinland.fi\/suomalaisille-asiakkaille\/etusivu\">Business Finlandin<\/a> <strong>Terhi Rasmussen <\/strong>esitteli globaaleja mahdollisuuksia Suomessa toimiville yrityksille. <strong>Heikki Pitk\u00e4nen <\/strong>esitteli <a href=\"https:\/\/www.leanentries.com\/\">Lean Entriesin<\/a> kehitt\u00e4m\u00e4n ty\u00f6kalun, joka on <a href=\"https:\/\/teknologiateollisuus.fi\/healthtech\/entries-tyokalu-jasenillemme-mdr-ivdr-ai-act-data-act-ja-ehds-saados\/\">Terveysteknologia ry:n j\u00e4senille k\u00e4yt\u00f6ss\u00e4 vuoden 2025 loppuun asti<\/a>. Ty\u00f6kalu huomioi jo nykyiset s\u00e4\u00e4d\u00f6ksen (MDR, IVDR ja AI Act) ja <a href=\"https:\/\/teknologiateollisuus.fi\/healthtech\/digital-tools-to-explain-the-ai-act-data-act-and-ehds-regulation\/\">laajentuu parhaillaan huomioimaan muitakin s\u00e4\u00e4d\u00f6ksi\u00e4 <\/a>(Data Act ja EHDS).<\/p>\n\n\n\n<p>Kasvun suunnittelu vaatii my\u00f6s kasvun esteiden tunnistamista.<a href=\"https:\/\/businesstampere.com\/business-environment\/business-ecosystems\/tampere-health-technology-and-life-science-ecosystem\/\"> Tampere Health <\/a>teetti syksyll\u00e4 selvityksen, jonka <a href=\"https:\/\/www.epsi-finland.org\/\">EPSI<\/a> toteutti. Syysseminaarin yleis\u00f6 p\u00e4\u00e4si kuulemaan selvityksen tulokset ensimm\u00e4isen\u00e4. Varsinainen julkistus on ensi vuoden alussa.<\/p>\n\n\n\n<p>Selvityksest\u00e4 l\u00f6ytyy tietoa my\u00f6s yritysten kasvuhaluista. Alle puolet tavoittelee voimakasta kasvua, jolloin liikevaihdon kasvu on yli 30%. L\u00e4hes kolmanneksella ei ole kasvutavoitteita tai liikevaihdon odotetaan kasvavan vain joitakin prosentteja. Varman <strong>Risto Murron <\/strong>puhui L\u00e4\u00e4keteollisuus ry:n syysseminaarissa todeten suomaisten yritysten olevan alisuoriutujia, jolloin liian moni tyytyy liian v\u00e4h\u00e4\u00e4n, eik\u00e4 tavoitetalla mit\u00e4\u00e4n suurta. Terveysteknologiayritykset eiv\u00e4t ole poikkeus joukossa vaan vahvistavat Murron k\u00e4sityst\u00e4. Miten t\u00e4h\u00e4n saataisiin muutos?<\/p>\n\n\n\n<p>Keinoja kannattavaan kasvuun onneksi l\u00f6ytyy ja niist\u00e4 seminaarissa kertoi <strong>Antti Karjula<\/strong>. <a href=\"https:\/\/eur01.safelinks.protection.outlook.com\/?url=https%3A%2F%2Fkasvuapp.fi%2F&amp;data=05%7C02%7Cpaivi.ahlgren%40teknologiateollisuus.fi%7C87cc39f48c6d4ebddfb708dd152fee7f%7Cf76946dcd9fc4b0882aadb1d2a9b8ed0%7C0%7C0%7C638690017800624992%7CUnknown%7CTWFpbGZsb3d8eyJFbXB0eU1hcGkiOnRydWUsIlYiOiIwLjAuMDAwMCIsIlAiOiJXaW4zMiIsIkFOIjoiTWFpbCIsIldUIjoyfQ%3D%3D%7C0%7C%7C%7C&amp;sdata=lWid4p46mt0uE4bJqYfYjI3A6Milz3%2BreF12CIppISk%3D&amp;reserved=0\">Kasvupolut<\/a> tarjoaa toimialasta riippumatta ty\u00f6kalut <a href=\"https:\/\/eur01.safelinks.protection.outlook.com\/?url=https%3A%2F%2Fkasvupolut.fi%2Fblogi%2Fkannattavan-kasvun-johtaminen-keskeneraisyyden-taidetta%2F&amp;data=05%7C02%7Cpaivi.ahlgren%40teknologiateollisuus.fi%7C87cc39f48c6d4ebddfb708dd152fee7f%7Cf76946dcd9fc4b0882aadb1d2a9b8ed0%7C0%7C0%7C638690017800643976%7CUnknown%7CTWFpbGZsb3d8eyJFbXB0eU1hcGkiOnRydWUsIlYiOiIwLjAuMDAwMCIsIlAiOiJXaW4zMiIsIkFOIjoiTWFpbCIsIldUIjoyfQ%3D%3D%7C0%7C%7C%7C&amp;sdata=kdRNCN8WBmESkrM4MLWQFlsxcNYU0maj1F8KnEeBqtE%3D&amp;reserved=0\">kasvuportaina<\/a>. Lopuksi <strong>Sakari Nikinmaa<\/strong> kertoi <a href=\"https:\/\/eur01.safelinks.protection.outlook.com\/?url=https%3A%2F%2Fkoitehealth.com%2F&amp;data=05%7C02%7Cpaivi.ahlgren%40teknologiateollisuus.fi%7C87cc39f48c6d4ebddfb708dd152fee7f%7Cf76946dcd9fc4b0882aadb1d2a9b8ed0%7C0%7C0%7C638690017800669728%7CUnknown%7CTWFpbGZsb3d8eyJFbXB0eU1hcGkiOnRydWUsIlYiOiIwLjAuMDAwMCIsIlAiOiJXaW4zMiIsIkFOIjoiTWFpbCIsIldUIjoyfQ%3D%3D%7C0%7C%7C%7C&amp;sdata=mZpmsgCaQEt52FLP0rGkEHMx64ctdXArMIEXpDCCCEY%3D&amp;reserved=0\">Koite Health Oy<\/a>:n kasvutarinan. Yrityksen vahvuus on yhteisty\u00f6 hammasl\u00e4\u00e4k\u00e4reiden ja suuhygienistien kanssa kaikissa maissa, johon yritys on mennyt tai menossa. Uudet ratkaisut tarvitsevat puolestapuhujia her\u00e4tt\u00e4\u00e4kseen huomiota niin ammattialaisten kuin kuluttajien keskuudessa. T\u00e4m\u00e4 vinkiksi muillekin.<\/p>\n\n\n\n<p>Kasvuaiheiden k\u00e4sittely jatkuu kev\u00e4tseminaarissa. Sit\u00e4 ennen on paljon muutakin mielenkiintoista. <\/p>\n\n\n\n<p><a href=\"https:\/\/eur01.safelinks.protection.outlook.com\/?url=https%3A%2F%2Fteknologiateollisuus.fi%2Fhealthtech%2Fjasenet%2Ftervetuloa-jaseneksi-2%2F&amp;data=05%7C02%7Cpaivi.ahlgren%40teknologiateollisuus.fi%7C87cc39f48c6d4ebddfb708dd152fee7f%7Cf76946dcd9fc4b0882aadb1d2a9b8ed0%7C0%7C0%7C638690017800682865%7CUnknown%7CTWFpbGZsb3d8eyJFbXB0eU1hcGkiOnRydWUsIlYiOiIwLjAuMDAwMCIsIlAiOiJXaW4zMiIsIkFOIjoiTWFpbCIsIldUIjoyfQ%3D%3D%7C0%7C%7C%7C&amp;sdata=bKL8R24NnzGGOzv5mWH1FkUXbT0oskEz5GeBm8VIKH8%3D&amp;reserved=0\">J\u00e4senyyteen voi tutustua kotisivuilla<\/a>. N\u00e4in p\u00e4\u00e4see mukaan toimintaan ja yhteisty\u00f6h\u00f6n muiden yritysten kanssa.<\/p>\n\n\n\n<div class=\"wp-block-scb-columns scb-columns  has-mobile-behavior--stacked em-pattern-event-contacts\">\n<div class=\"wp-block-scb-column scb-column\">\n<h2 class=\"wp-block-heading\" id=\"lisatietoja\">Lis\u00e4tietoja<\/h2>\n\n\n\n<article class=\"em-block-contact-card is-style-list\">\n\n\t<div class=\"em-block-contact-card__image\">\n\t\t\t\t\t<img loading=\"lazy\" decoding=\"async\" width=\"300\" height=\"400\" src=\"https:\/\/teknologiateollisuus.fi\/healthtech\/wp-content\/uploads\/sites\/8\/2024\/06\/Hassinen_Saara_Terveysteknologia-ry-300x400.jpg\" class=\"attachment-portrait size-portrait\" alt=\"Saara Hassinen\" \/>\t\t\t<\/div>\n\t<div class=\"em-block-contact-card__content-wrapper\">\n\t\t<div class=\"em-block-contact-card__content\">\n\t\t\t\t\t\t<h3 class=\"em-block-contact-card__title\"><a target=\"_self\" href=\"https:\/\/teknologiateollisuus.fi\/healthtech\/contacts\/saara-hassinen\/\">Saara Hassinen<\/a><\/h3>\n\t\t\t\t\t\t\t<span class=\"em-block-contact-card__job_title\">Toimitusjohtaja, Managing Director<\/span>\n\t\t\t\t\t\t<span class=\"em-block-contact-card__organisation\">Terveysteknologia ry<\/span>\n\t\t<\/div>\n\t\t<div class=\"em-block-contact-card__content\">\n\t\t\t\t\t\t<address class=\"em-block-contact-card__contact-details\">\n\t\t\t\t<span class=\"em-block-contact-card__phone\">\n\t\t\t\t\t<a href=\"tel:+358 40 531 1661\">+358 40 531 1661<\/a>\n\t\t\t\t<\/span>\n\t\t\t\t<span class=\"em-block-contact-card__email\">\n\t\t\t\t\t<a href=\"mailto:saara.hassinen(at)teknologiateollisuus.fi\">saara.hassinen(at)teknologiateollisuus.fi<\/a>\n\t\t\t\t<\/span>\n\t\t\t<\/address>\n\t\t\t<div class='em-block-contact-card__socials'><div class=\"social-media-links\"><ul class=\"social-media-links__list\"><li><a href=\"https:\/\/twitter.com\/SaaraHassinen\" target=\"_blank\" aria-label=\"Find me on twitter\" data-service=\"twitter\"><\/a><\/li><li><a href=\"https:\/\/linkedin.com\/in\/saara-hassinen-7993121a\" target=\"_blank\" aria-label=\"Find me on linkedin\" data-service=\"linkedin\"><\/a><\/li><\/ul><\/div><\/div>\t\t<\/div>\n\t<\/div>\n\n<\/article>\n<\/div>\n<\/div>\n","protected":false},"excerpt":{"rendered":"<p>Terveiset syyskokouksesta ja -seminaarista Terveysteknologia ry:n syyskokous 2024 Hallituksen puheenjohtaja Mika Hagberg toivotti osallistujat tervetulleeksi Terveysteknologia ry:n syyskokoukseen 3.12.2024 kehottamalla yrityksi\u00e4 yhteisty\u00f6h\u00f6n kesken\u00e4\u00e4n. Yhdistyksen kokoukset ovat keino erikokoisille yrityksille vaihtaa kuulumisia ja kokemuksia, huomioiden my\u00f6s kilpailulains\u00e4\u00e4d\u00e4nn\u00f6n, jonka mukaan yritysten on teht\u00e4v\u00e4 liiketoiminnalliset ratkaisunsa t\u00e4ysin itsen\u00e4isesti. Kuluvan vuoden aikana on s\u00e4\u00e4d\u00f6sasioiden lis\u00e4ksi huomioitu vastuullisuusasiat. J\u00e4senille laaditaan [&hellip;]<\/p>\n","protected":false},"author":16,"featured_media":3850,"comment_status":"closed","ping_status":"closed","sticky":false,"template":"","format":"standard","meta":{"_acf_changed":false,"_relevanssi_hide_post":"","_relevanssi_hide_content":"","_relevanssi_pin_for_all":"","_relevanssi_pin_keywords":"","_relevanssi_unpin_keywords":"","_relevanssi_related_keywords":"","_relevanssi_related_include_ids":"","_relevanssi_related_exclude_ids":"","_relevanssi_related_no_append":"","_relevanssi_related_not_related":"","_relevanssi_related_posts":"3621,1145,939,3308,746,1104","_relevanssi_noindex_reason":"","inline_featured_image":false,"footnotes":""},"categories":[14],"tags":[],"em_industry":[],"em_theme":[58,48,49,45],"class_list":["post-3847","post","type-post","status-publish","format-standard","has-post-thumbnail","hentry","category-uutinen","em_theme-kasvu-ja-kansainvalisyys","em_theme-lainsaadanto","em_theme-vastuullisuus","em_theme-yhteistyo"],"acf":[],"yoast_head":"<!-- This site is optimized with the Yoast SEO Premium plugin v27.1 (Yoast SEO v27.5) - https:\/\/yoast.com\/product\/yoast-seo-premium-wordpress\/ -->\n<title>Terveiset Terveysteknologia ry:n syyskokouksesta ja -seminaarista<\/title>\n<meta name=\"description\" content=\"Terveysteknologia ry:n kokoukset ovat keino alan yrityksille vaihtaa kuulumisia. Syysseminaarissa k\u00e4ytiin l\u00e4pi kasvuun liittyvi\u00e4 asioista.\" \/>\n<meta name=\"robots\" content=\"index, follow, max-snippet:-1, max-image-preview:large, max-video-preview:-1\" \/>\n<link rel=\"canonical\" href=\"https:\/\/teknologiateollisuus.fi\/healthtech\/terveiset-terveysteknologia-ryn-syyskokouksesta-ja-seminaarista\/\" \/>\n<meta property=\"og:locale\" content=\"fi_FI\" \/>\n<meta property=\"og:type\" content=\"article\" \/>\n<meta property=\"og:title\" content=\"Terveiset Terveysteknologia ry:n syyskokouksesta ja -seminaarista 2024\" \/>\n<meta property=\"og:description\" content=\"Terveysteknologia ry:n kokoukset ovat keino alan yrityksille vaihtaa kuulumisia. Syysseminaarissa k\u00e4ytiin l\u00e4pi kasvuun liittyvi\u00e4 asioista.\" \/>\n<meta property=\"og:url\" content=\"https:\/\/teknologiateollisuus.fi\/healthtech\/terveiset-terveysteknologia-ryn-syyskokouksesta-ja-seminaarista\/\" \/>\n<meta property=\"og:site_name\" content=\"Terveysteknologia\" \/>\n<meta property=\"article:published_time\" content=\"2024-12-05T14:28:25+00:00\" \/>\n<meta property=\"article:modified_time\" content=\"2024-12-09T09:30:16+00:00\" \/>\n<meta property=\"og:image\" content=\"https:\/\/teknologiateollisuus.fi\/healthtech\/wp-content\/uploads\/sites\/8\/2024\/12\/Healthtech-Fi-E10_2.jpg\" \/>\n\t<meta property=\"og:image:width\" content=\"1200\" \/>\n\t<meta property=\"og:image:height\" content=\"628\" \/>\n\t<meta property=\"og:image:type\" content=\"image\/jpeg\" \/>\n<meta name=\"author\" content=\"P\u00e4ivi Ahlgren\" \/>\n<meta name=\"twitter:card\" content=\"summary_large_image\" \/>\n<meta name=\"twitter:label1\" content=\"Kirjoittanut\" \/>\n\t<meta name=\"twitter:data1\" content=\"P\u00e4ivi Ahlgren\" \/>\n\t<meta name=\"twitter:label2\" content=\"Arvioitu lukuaika\" \/>\n\t<meta name=\"twitter:data2\" content=\"3 minuuttia\" \/>\n<script type=\"application\/ld+json\" class=\"yoast-schema-graph\">{\"@context\":\"https:\\\/\\\/schema.org\",\"@graph\":[{\"@type\":\"Article\",\"@id\":\"https:\\\/\\\/teknologiateollisuus.fi\\\/healthtech\\\/terveiset-terveysteknologia-ryn-syyskokouksesta-ja-seminaarista\\\/#article\",\"isPartOf\":{\"@id\":\"https:\\\/\\\/teknologiateollisuus.fi\\\/healthtech\\\/terveiset-terveysteknologia-ryn-syyskokouksesta-ja-seminaarista\\\/\"},\"author\":{\"name\":\"P\u00e4ivi Ahlgren\",\"@id\":\"https:\\\/\\\/teknologiateollisuus.fi\\\/healthtech\\\/#\\\/schema\\\/person\\\/964d40eb9a84d0edfc1989b7784ea950\"},\"headline\":\"Terveiset Terveysteknologia ry:n syyskokouksesta ja -seminaarista 2024\",\"datePublished\":\"2024-12-05T14:28:25+00:00\",\"dateModified\":\"2024-12-09T09:30:16+00:00\",\"mainEntityOfPage\":{\"@id\":\"https:\\\/\\\/teknologiateollisuus.fi\\\/healthtech\\\/terveiset-terveysteknologia-ryn-syyskokouksesta-ja-seminaarista\\\/\"},\"wordCount\":463,\"image\":{\"@id\":\"https:\\\/\\\/teknologiateollisuus.fi\\\/healthtech\\\/terveiset-terveysteknologia-ryn-syyskokouksesta-ja-seminaarista\\\/#primaryimage\"},\"thumbnailUrl\":\"https:\\\/\\\/teknologiateollisuus.fi\\\/healthtech\\\/wp-content\\\/uploads\\\/sites\\\/8\\\/2024\\\/12\\\/Healthtech-Fi-E10_2.jpg\",\"articleSection\":[\"Uutinen\"],\"inLanguage\":\"fi\"},{\"@type\":\"WebPage\",\"@id\":\"https:\\\/\\\/teknologiateollisuus.fi\\\/healthtech\\\/terveiset-terveysteknologia-ryn-syyskokouksesta-ja-seminaarista\\\/\",\"url\":\"https:\\\/\\\/teknologiateollisuus.fi\\\/healthtech\\\/terveiset-terveysteknologia-ryn-syyskokouksesta-ja-seminaarista\\\/\",\"name\":\"Terveiset Terveysteknologia ry:n syyskokouksesta ja -seminaarista\",\"isPartOf\":{\"@id\":\"https:\\\/\\\/teknologiateollisuus.fi\\\/healthtech\\\/#website\"},\"primaryImageOfPage\":{\"@id\":\"https:\\\/\\\/teknologiateollisuus.fi\\\/healthtech\\\/terveiset-terveysteknologia-ryn-syyskokouksesta-ja-seminaarista\\\/#primaryimage\"},\"image\":{\"@id\":\"https:\\\/\\\/teknologiateollisuus.fi\\\/healthtech\\\/terveiset-terveysteknologia-ryn-syyskokouksesta-ja-seminaarista\\\/#primaryimage\"},\"thumbnailUrl\":\"https:\\\/\\\/teknologiateollisuus.fi\\\/healthtech\\\/wp-content\\\/uploads\\\/sites\\\/8\\\/2024\\\/12\\\/Healthtech-Fi-E10_2.jpg\",\"datePublished\":\"2024-12-05T14:28:25+00:00\",\"dateModified\":\"2024-12-09T09:30:16+00:00\",\"author\":{\"@id\":\"https:\\\/\\\/teknologiateollisuus.fi\\\/healthtech\\\/#\\\/schema\\\/person\\\/964d40eb9a84d0edfc1989b7784ea950\"},\"description\":\"Terveysteknologia ry:n kokoukset ovat keino alan yrityksille vaihtaa kuulumisia. Syysseminaarissa k\u00e4ytiin l\u00e4pi kasvuun liittyvi\u00e4 asioista.\",\"breadcrumb\":{\"@id\":\"https:\\\/\\\/teknologiateollisuus.fi\\\/healthtech\\\/terveiset-terveysteknologia-ryn-syyskokouksesta-ja-seminaarista\\\/#breadcrumb\"},\"inLanguage\":\"fi\",\"potentialAction\":[{\"@type\":\"ReadAction\",\"target\":[\"https:\\\/\\\/teknologiateollisuus.fi\\\/healthtech\\\/terveiset-terveysteknologia-ryn-syyskokouksesta-ja-seminaarista\\\/\"]}]},{\"@type\":\"ImageObject\",\"inLanguage\":\"fi\",\"@id\":\"https:\\\/\\\/teknologiateollisuus.fi\\\/healthtech\\\/terveiset-terveysteknologia-ryn-syyskokouksesta-ja-seminaarista\\\/#primaryimage\",\"url\":\"https:\\\/\\\/teknologiateollisuus.fi\\\/healthtech\\\/wp-content\\\/uploads\\\/sites\\\/8\\\/2024\\\/12\\\/Healthtech-Fi-E10_2.jpg\",\"contentUrl\":\"https:\\\/\\\/teknologiateollisuus.fi\\\/healthtech\\\/wp-content\\\/uploads\\\/sites\\\/8\\\/2024\\\/12\\\/Healthtech-Fi-E10_2.jpg\",\"width\":1200,\"height\":628,\"caption\":\"Healthtech Fi E10_2\"},{\"@type\":\"BreadcrumbList\",\"@id\":\"https:\\\/\\\/teknologiateollisuus.fi\\\/healthtech\\\/terveiset-terveysteknologia-ryn-syyskokouksesta-ja-seminaarista\\\/#breadcrumb\",\"itemListElement\":[{\"@type\":\"ListItem\",\"position\":1,\"name\":\"Etusivu\",\"item\":\"https:\\\/\\\/teknologiateollisuus.fi\\\/healthtech\\\/\"},{\"@type\":\"ListItem\",\"position\":2,\"name\":\"Ajankohtaista\",\"item\":\"https:\\\/\\\/teknologiateollisuus.fi\\\/healthtech\\\/ajankohtaista\\\/\"},{\"@type\":\"ListItem\",\"position\":3,\"name\":\"Uutinen\",\"item\":\"https:\\\/\\\/teknologiateollisuus.fi\\\/healthtech\\\/ajankohtaista\\\/?categories=14\"},{\"@type\":\"ListItem\",\"position\":4,\"name\":\"Terveiset Terveysteknologia ry:n syyskokouksesta ja -seminaarista 2024\"}]},{\"@type\":\"WebSite\",\"@id\":\"https:\\\/\\\/teknologiateollisuus.fi\\\/healthtech\\\/#website\",\"url\":\"https:\\\/\\\/teknologiateollisuus.fi\\\/healthtech\\\/\",\"name\":\"Terveysteknologia\",\"description\":\"\",\"potentialAction\":[{\"@type\":\"SearchAction\",\"target\":{\"@type\":\"EntryPoint\",\"urlTemplate\":\"https:\\\/\\\/teknologiateollisuus.fi\\\/healthtech\\\/?s={search_term_string}\"},\"query-input\":{\"@type\":\"PropertyValueSpecification\",\"valueRequired\":true,\"valueName\":\"search_term_string\"}}],\"inLanguage\":\"fi\"},{\"@type\":\"Person\",\"@id\":\"https:\\\/\\\/teknologiateollisuus.fi\\\/healthtech\\\/#\\\/schema\\\/person\\\/964d40eb9a84d0edfc1989b7784ea950\",\"name\":\"P\u00e4ivi Ahlgren\",\"image\":{\"@type\":\"ImageObject\",\"inLanguage\":\"fi\",\"@id\":\"https:\\\/\\\/secure.gravatar.com\\\/avatar\\\/d49c8c4a3ac6bce6f1ed1a4445d5b60a53463c32cb6ebcf6e0375dcece39eaca?s=96&d=mm&r=g\",\"url\":\"https:\\\/\\\/secure.gravatar.com\\\/avatar\\\/d49c8c4a3ac6bce6f1ed1a4445d5b60a53463c32cb6ebcf6e0375dcece39eaca?s=96&d=mm&r=g\",\"contentUrl\":\"https:\\\/\\\/secure.gravatar.com\\\/avatar\\\/d49c8c4a3ac6bce6f1ed1a4445d5b60a53463c32cb6ebcf6e0375dcece39eaca?s=96&d=mm&r=g\",\"caption\":\"P\u00e4ivi Ahlgren\"}}]}<\/script>\n<!-- \/ Yoast SEO Premium plugin. -->","yoast_head_json":{"title":"Terveiset Terveysteknologia ry:n syyskokouksesta ja -seminaarista","description":"Terveysteknologia ry:n kokoukset ovat keino alan yrityksille vaihtaa kuulumisia. Syysseminaarissa k\u00e4ytiin l\u00e4pi kasvuun liittyvi\u00e4 asioista.","robots":{"index":"index","follow":"follow","max-snippet":"max-snippet:-1","max-image-preview":"max-image-preview:large","max-video-preview":"max-video-preview:-1"},"canonical":"https:\/\/teknologiateollisuus.fi\/healthtech\/terveiset-terveysteknologia-ryn-syyskokouksesta-ja-seminaarista\/","og_locale":"fi_FI","og_type":"article","og_title":"Terveiset Terveysteknologia ry:n syyskokouksesta ja -seminaarista 2024","og_description":"Terveysteknologia ry:n kokoukset ovat keino alan yrityksille vaihtaa kuulumisia. Syysseminaarissa k\u00e4ytiin l\u00e4pi kasvuun liittyvi\u00e4 asioista.","og_url":"https:\/\/teknologiateollisuus.fi\/healthtech\/terveiset-terveysteknologia-ryn-syyskokouksesta-ja-seminaarista\/","og_site_name":"Terveysteknologia","article_published_time":"2024-12-05T14:28:25+00:00","article_modified_time":"2024-12-09T09:30:16+00:00","og_image":[{"width":1200,"height":628,"url":"https:\/\/teknologiateollisuus.fi\/healthtech\/wp-content\/uploads\/sites\/8\/2024\/12\/Healthtech-Fi-E10_2.jpg","type":"image\/jpeg"}],"author":"P\u00e4ivi Ahlgren","twitter_card":"summary_large_image","twitter_misc":{"Kirjoittanut":"P\u00e4ivi Ahlgren","Arvioitu lukuaika":"3 minuuttia"},"schema":{"@context":"https:\/\/schema.org","@graph":[{"@type":"Article","@id":"https:\/\/teknologiateollisuus.fi\/healthtech\/terveiset-terveysteknologia-ryn-syyskokouksesta-ja-seminaarista\/#article","isPartOf":{"@id":"https:\/\/teknologiateollisuus.fi\/healthtech\/terveiset-terveysteknologia-ryn-syyskokouksesta-ja-seminaarista\/"},"author":{"name":"P\u00e4ivi Ahlgren","@id":"https:\/\/teknologiateollisuus.fi\/healthtech\/#\/schema\/person\/964d40eb9a84d0edfc1989b7784ea950"},"headline":"Terveiset Terveysteknologia ry:n syyskokouksesta ja -seminaarista 2024","datePublished":"2024-12-05T14:28:25+00:00","dateModified":"2024-12-09T09:30:16+00:00","mainEntityOfPage":{"@id":"https:\/\/teknologiateollisuus.fi\/healthtech\/terveiset-terveysteknologia-ryn-syyskokouksesta-ja-seminaarista\/"},"wordCount":463,"image":{"@id":"https:\/\/teknologiateollisuus.fi\/healthtech\/terveiset-terveysteknologia-ryn-syyskokouksesta-ja-seminaarista\/#primaryimage"},"thumbnailUrl":"https:\/\/teknologiateollisuus.fi\/healthtech\/wp-content\/uploads\/sites\/8\/2024\/12\/Healthtech-Fi-E10_2.jpg","articleSection":["Uutinen"],"inLanguage":"fi"},{"@type":"WebPage","@id":"https:\/\/teknologiateollisuus.fi\/healthtech\/terveiset-terveysteknologia-ryn-syyskokouksesta-ja-seminaarista\/","url":"https:\/\/teknologiateollisuus.fi\/healthtech\/terveiset-terveysteknologia-ryn-syyskokouksesta-ja-seminaarista\/","name":"Terveiset Terveysteknologia ry:n syyskokouksesta ja -seminaarista","isPartOf":{"@id":"https:\/\/teknologiateollisuus.fi\/healthtech\/#website"},"primaryImageOfPage":{"@id":"https:\/\/teknologiateollisuus.fi\/healthtech\/terveiset-terveysteknologia-ryn-syyskokouksesta-ja-seminaarista\/#primaryimage"},"image":{"@id":"https:\/\/teknologiateollisuus.fi\/healthtech\/terveiset-terveysteknologia-ryn-syyskokouksesta-ja-seminaarista\/#primaryimage"},"thumbnailUrl":"https:\/\/teknologiateollisuus.fi\/healthtech\/wp-content\/uploads\/sites\/8\/2024\/12\/Healthtech-Fi-E10_2.jpg","datePublished":"2024-12-05T14:28:25+00:00","dateModified":"2024-12-09T09:30:16+00:00","author":{"@id":"https:\/\/teknologiateollisuus.fi\/healthtech\/#\/schema\/person\/964d40eb9a84d0edfc1989b7784ea950"},"description":"Terveysteknologia ry:n kokoukset ovat keino alan yrityksille vaihtaa kuulumisia. Syysseminaarissa k\u00e4ytiin l\u00e4pi kasvuun liittyvi\u00e4 asioista.","breadcrumb":{"@id":"https:\/\/teknologiateollisuus.fi\/healthtech\/terveiset-terveysteknologia-ryn-syyskokouksesta-ja-seminaarista\/#breadcrumb"},"inLanguage":"fi","potentialAction":[{"@type":"ReadAction","target":["https:\/\/teknologiateollisuus.fi\/healthtech\/terveiset-terveysteknologia-ryn-syyskokouksesta-ja-seminaarista\/"]}]},{"@type":"ImageObject","inLanguage":"fi","@id":"https:\/\/teknologiateollisuus.fi\/healthtech\/terveiset-terveysteknologia-ryn-syyskokouksesta-ja-seminaarista\/#primaryimage","url":"https:\/\/teknologiateollisuus.fi\/healthtech\/wp-content\/uploads\/sites\/8\/2024\/12\/Healthtech-Fi-E10_2.jpg","contentUrl":"https:\/\/teknologiateollisuus.fi\/healthtech\/wp-content\/uploads\/sites\/8\/2024\/12\/Healthtech-Fi-E10_2.jpg","width":1200,"height":628,"caption":"Healthtech Fi E10_2"},{"@type":"BreadcrumbList","@id":"https:\/\/teknologiateollisuus.fi\/healthtech\/terveiset-terveysteknologia-ryn-syyskokouksesta-ja-seminaarista\/#breadcrumb","itemListElement":[{"@type":"ListItem","position":1,"name":"Etusivu","item":"https:\/\/teknologiateollisuus.fi\/healthtech\/"},{"@type":"ListItem","position":2,"name":"Ajankohtaista","item":"https:\/\/teknologiateollisuus.fi\/healthtech\/ajankohtaista\/"},{"@type":"ListItem","position":3,"name":"Uutinen","item":"https:\/\/teknologiateollisuus.fi\/healthtech\/ajankohtaista\/?categories=14"},{"@type":"ListItem","position":4,"name":"Terveiset Terveysteknologia ry:n syyskokouksesta ja -seminaarista 2024"}]},{"@type":"WebSite","@id":"https:\/\/teknologiateollisuus.fi\/healthtech\/#website","url":"https:\/\/teknologiateollisuus.fi\/healthtech\/","name":"Terveysteknologia","description":"","potentialAction":[{"@type":"SearchAction","target":{"@type":"EntryPoint","urlTemplate":"https:\/\/teknologiateollisuus.fi\/healthtech\/?s={search_term_string}"},"query-input":{"@type":"PropertyValueSpecification","valueRequired":true,"valueName":"search_term_string"}}],"inLanguage":"fi"},{"@type":"Person","@id":"https:\/\/teknologiateollisuus.fi\/healthtech\/#\/schema\/person\/964d40eb9a84d0edfc1989b7784ea950","name":"P\u00e4ivi Ahlgren","image":{"@type":"ImageObject","inLanguage":"fi","@id":"https:\/\/secure.gravatar.com\/avatar\/d49c8c4a3ac6bce6f1ed1a4445d5b60a53463c32cb6ebcf6e0375dcece39eaca?s=96&d=mm&r=g","url":"https:\/\/secure.gravatar.com\/avatar\/d49c8c4a3ac6bce6f1ed1a4445d5b60a53463c32cb6ebcf6e0375dcece39eaca?s=96&d=mm&r=g","contentUrl":"https:\/\/secure.gravatar.com\/avatar\/d49c8c4a3ac6bce6f1ed1a4445d5b60a53463c32cb6ebcf6e0375dcece39eaca?s=96&d=mm&r=g","caption":"P\u00e4ivi Ahlgren"}}]}},"lang":"fi","translations":{"fi":3847},"pll_sync_post":{},"_links":{"self":[{"href":"https:\/\/teknologiateollisuus.fi\/healthtech\/wp-json\/wp\/v2\/posts\/3847","targetHints":{"allow":["GET"]}}],"collection":[{"href":"https:\/\/teknologiateollisuus.fi\/healthtech\/wp-json\/wp\/v2\/posts"}],"about":[{"href":"https:\/\/teknologiateollisuus.fi\/healthtech\/wp-json\/wp\/v2\/types\/post"}],"author":[{"embeddable":true,"href":"https:\/\/teknologiateollisuus.fi\/healthtech\/wp-json\/wp\/v2\/users\/16"}],"replies":[{"embeddable":true,"href":"https:\/\/teknologiateollisuus.fi\/healthtech\/wp-json\/wp\/v2\/comments?post=3847"}],"version-history":[{"count":2,"href":"https:\/\/teknologiateollisuus.fi\/healthtech\/wp-json\/wp\/v2\/posts\/3847\/revisions"}],"predecessor-version":[{"id":3852,"href":"https:\/\/teknologiateollisuus.fi\/healthtech\/wp-json\/wp\/v2\/posts\/3847\/revisions\/3852"}],"wp:featuredmedia":[{"embeddable":true,"href":"https:\/\/teknologiateollisuus.fi\/healthtech\/wp-json\/wp\/v2\/media\/3850"}],"wp:attachment":[{"href":"https:\/\/teknologiateollisuus.fi\/healthtech\/wp-json\/wp\/v2\/media?parent=3847"}],"wp:term":[{"taxonomy":"category","embeddable":true,"href":"https:\/\/teknologiateollisuus.fi\/healthtech\/wp-json\/wp\/v2\/categories?post=3847"},{"taxonomy":"post_tag","embeddable":true,"href":"https:\/\/teknologiateollisuus.fi\/healthtech\/wp-json\/wp\/v2\/tags?post=3847"},{"taxonomy":"em_industry","embeddable":true,"href":"https:\/\/teknologiateollisuus.fi\/healthtech\/wp-json\/wp\/v2\/em_industry?post=3847"},{"taxonomy":"em_theme","embeddable":true,"href":"https:\/\/teknologiateollisuus.fi\/healthtech\/wp-json\/wp\/v2\/em_theme?post=3847"}],"curies":[{"name":"wp","href":"https:\/\/api.w.org\/{rel}","templated":true}]}}