{"id":4112,"date":"2025-02-17T14:46:18","date_gmt":"2025-02-17T12:46:18","guid":{"rendered":"https:\/\/teknologiateollisuus.fi\/healthtech\/?p=4112"},"modified":"2025-08-11T12:26:55","modified_gmt":"2025-08-11T09:26:55","slug":"euroopan-komissio-hylkasi-tekoalyvastuudirektiivin-valmistelun","status":"publish","type":"post","link":"https:\/\/teknologiateollisuus.fi\/healthtech\/euroopan-komissio-hylkasi-tekoalyvastuudirektiivin-valmistelun\/","title":{"rendered":"Euroopan komissio hylk\u00e4si teko\u00e4lyvastuudirektiivin valmistelun"},"content":{"rendered":"\n<p class=\"is-style-lead\">Euroopan komissio ilmoitti 11.2.2025 lopettavansa teko\u00e4lyvastuudirektiivin valmistelun. P\u00e4\u00e4t\u00f6ksen taustalla olivat j\u00e4senvaltioiden erimielisyydet sek\u00e4 teknologiasektorin vaatimus kevyemm\u00e4st\u00e4 ja selke\u00e4mm\u00e4st\u00e4 s\u00e4\u00e4ntelyst\u00e4.<\/p>\n\n\n\n<p><a href=\"https:\/\/ec.europa.eu\/commission\/presscorner\/detail\/en\/qanda_22_5793\">Direktiiviehdotus<\/a> esiteltiin vuonna 2022 ennen EU:n <a href=\"https:\/\/digital-strategy.ec.europa.eu\/en\/policies\/regulatory-framework-ai\">teko\u00e4lyasetuksen<\/a> hyv\u00e4ksymist\u00e4, ja sen tavoitteena oli yhten\u00e4ist\u00e4\u00e4 sopimussuhteiden ulkopuolisen vastuun s\u00e4\u00e4nn\u00f6t teko\u00e4lyj\u00e4rjestelmien aiheuttamissa vahingoissa. Direktiivi\u00e4 pidettiin tarpeellisena, koska teko\u00e4ly voi aiheuttaa vahinkoa tavoilla, joita perinteinen tuotevastuus\u00e4\u00e4ntely ei kata. Esimerkiksi tilanteissa, joissa teko\u00e4ly tekee autonomisia p\u00e4\u00e4t\u00f6ksi\u00e4 ilman ihmisen suoraa ohjausta, vastuun m\u00e4\u00e4ritt\u00e4minen voi olla haastavaa.<\/p>\n\n\n\n<p>Komissio vahvisti p\u00e4\u00e4t\u00f6ksens\u00e4 vuoden 2025 <a href=\"https:\/\/commission.europa.eu\/strategy-and-policy\/strategy-documents\/commission-work-programme\/commission-work-programme-2025_en#:~:text=The%202025%20Work%20Programme%20sets%20out%20the%20key,to%20build%20a%20strong%2C%20secure%20and%20prosperous%20Europe.\">ty\u00f6ohjelmassaan<\/a>, joka hyv\u00e4ksyttiin 11. helmikuuta ja esiteltiin Euroopan parlamentille seuraavana p\u00e4iv\u00e4n\u00e4. Ty\u00f6ohjelman liitteess\u00e4 komissio totesi:<\/p>\n\n\n\n<p><em>&#8221;Ei ennakoitavissa olevaa sopimusta \u2013 komissio arvioi, tulisiko esitt\u00e4\u00e4 uusi ehdotus vai valita toisenlainen l\u00e4hestymistapa.&#8221;<\/em><\/p>\n\n\n\n<h3 class=\"wp-block-heading\" id=\"strateginen-linjaus-innovaatioita-saantelyn-sijaan\">Strateginen linjaus: Innovaatioita s\u00e4\u00e4ntelyn sijaan<\/h3>\n\n\n\n<p>Teko\u00e4lyvastuudirektiivin hylk\u00e4\u00e4minen n\u00e4hd\u00e4\u00e4n osana komission strategiaa, jolla EU pyrkii houkuttelemaan innovaatioita ja p\u00e4\u00e4omasijoituksia sek\u00e4 lievent\u00e4m\u00e4\u00e4n Yhdysvaltojen vastustusta lis\u00e4s\u00e4\u00e4ntelylle.<\/p>\n\n\n\n<p>Teko\u00e4lyasetuksen hyv\u00e4ksymisen j\u00e4lkeen tuki erilliselle vastuudirektiiville v\u00e4heni, ja komissio linjasi vuoden 2025 ty\u00f6ohjelmassaan tavoitteekseen byrokratian kevent\u00e4misen ja yritysten kilpailukyvyn tukemisen. Komission puheenjohtaja Ursula von der Leyen korosti, ett\u00e4 teko\u00e4lyasetus muodostaa jo nyt kattavan s\u00e4\u00e4ntelykehyksen, mik\u00e4 v\u00e4hent\u00e4\u00e4 yritysten hallinnollista taakkaa.<\/p>\n\n\n\n<h3 class=\"wp-block-heading\" id=\"ristiriitainen-vastaanotto\">Ristiriitainen vastaanotto<\/h3>\n\n\n\n<p>P\u00e4\u00e4t\u00f6s her\u00e4tti vastareaktioita, sill\u00e4 monet asiantuntijat ja kuluttajaj\u00e4rjest\u00f6t pitiv\u00e4t teko\u00e4lyvastuudirektiivi\u00e4 t\u00e4rke\u00e4n\u00e4 lis\u00e4n\u00e4 teko\u00e4lyasetuksen rinnalle. Direktiiviehdotuksen tavoitteena oli ollut selkeytt\u00e4\u00e4 vastuu- ja korvauskysymyksi\u00e4 teko\u00e4lyj\u00e4rjestelmien aiheuttamissa vahingoissa. <\/p>\n\n\n\n<p>Kritiikin mukaan sen hylk\u00e4\u00e4minen voi lis\u00e4t\u00e4 oikeudellista ep\u00e4varmuutta erityisesti yrityksille, jotka toimivat useissa EU-maissa. Ilman yhteiseurooppalaista s\u00e4\u00e4ntely\u00e4 yritykset voivat joutua noudattamaan eri j\u00e4senvaltioiden toisistaan poikkeavia vastuuk\u00e4yt\u00e4nt\u00f6j\u00e4, mik\u00e4 voi lis\u00e4t\u00e4 oikeudenk\u00e4yntiriski\u00e4 ja vaikuttaa investointip\u00e4\u00e4t\u00f6ksiin.<\/p>\n\n\n\n<h3 class=\"wp-block-heading\" id=\"vaikutukset-terveysteknologia-alalle\">Vaikutukset terveysteknologia-alalle<\/h3>\n\n\n\n<p>Terveysteknologia-alalla teko\u00e4lyvastuudirektiivin puuttuminen tarkoittaa, ett\u00e4 vastuus\u00e4\u00e4ntely teko\u00e4lyratkaisuissa nojaa p\u00e4\u00e4asiassa teko\u00e4lyasetuksen riskienhallinta- ja turvallisuusvaatimuksiin sek\u00e4 <a href=\"https:\/\/single-market-economy.ec.europa.eu\/single-market\/goods\/free-movement-sectors\/liability-defective-products_en\">tuotevastuudirektiiviin<\/a>.<\/p>\n\n\n\n<p>Lis\u00e4ksi l\u00e4\u00e4kinn\u00e4llisten laitteiden s\u00e4\u00e4ntelyyn sovelletaan jo nyt EU:n MD-asetusta ((EU) 2017\/746) ja IVD-asetusta ((EU) 2017\/745). Vaikka n\u00e4m\u00e4 eiv\u00e4t ole varsinaisia tuotevastuudirektiivej\u00e4, ne edellytt\u00e4v\u00e4t valmistajilta tuotteiden turvallisuuden ja suorituskyvyn varmistamista koko elinkaaren ajan. Lis\u00e4ksi ne velvoittavat yrityksi\u00e4 varautumaan taloudellisesti mahdollisiin korvausvastuisiin, mik\u00e4 korostaa valmistajien vastuuta laitteiden aiheuttamista vahingoista.<\/p>\n\n\n\n<p>Teko\u00e4lyvastuudirektiivin valmistelun lopettaminen heijastaa EU:n pyrkimyst\u00e4 korostaa innovaatioiden edist\u00e4mist\u00e4 ja s\u00e4\u00e4ntelyn selkeytt\u00e4. EU:n seuraavat askeleet teko\u00e4lyn vastuukysymyksiss\u00e4 j\u00e4\u00e4v\u00e4t n\u00e4ht\u00e4v\u00e4ksi \u2013 komissio ei ole sulkenut pois uuden ehdotuksen mahdollisuutta, mutta sen sijaan se voi pyrki\u00e4 harmonisoimaan s\u00e4\u00e4ntely\u00e4 muilla keinoilla. Mahdollisia vaihtoehtoja ovat esimerkiksi j\u00e4senvaltioille annettavat ohjeistukset tai muutokset jo olemassa oleviin direktiiveihin, kuten tuotevastuudirektiiviin.<\/p>\n\n\n\n<div class=\"wp-block-scb-columns scb-columns  has-mobile-behavior--stacked em-pattern-event-contacts\">\n\n<div class=\"wp-block-scb-column scb-column\">\n\n<h2 class=\"wp-block-heading\" id=\"h-lisatietoja\" id=\"lisatietoja\">Lis\u00e4tietoja<\/h2>\n\n\n<\/div>\n\n<\/div>\n","protected":false},"excerpt":{"rendered":"<p>Euroopan komissio ilmoitti 11.2.2025 lopettavansa teko\u00e4lyvastuudirektiivin valmistelun. P\u00e4\u00e4t\u00f6ksen taustalla olivat j\u00e4senvaltioiden erimielisyydet sek\u00e4 teknologiasektorin vaatimus kevyemm\u00e4st\u00e4 ja selke\u00e4mm\u00e4st\u00e4 s\u00e4\u00e4ntelyst\u00e4. Direktiiviehdotus esiteltiin vuonna 2022 ennen EU:n teko\u00e4lyasetuksen hyv\u00e4ksymist\u00e4, ja sen tavoitteena oli yhten\u00e4ist\u00e4\u00e4 sopimussuhteiden ulkopuolisen vastuun s\u00e4\u00e4nn\u00f6t teko\u00e4lyj\u00e4rjestelmien aiheuttamissa vahingoissa. Direktiivi\u00e4 pidettiin tarpeellisena, koska teko\u00e4ly voi aiheuttaa vahinkoa tavoilla, joita perinteinen tuotevastuus\u00e4\u00e4ntely ei kata. Esimerkiksi tilanteissa, [&hellip;]<\/p>\n","protected":false},"author":142,"featured_media":4072,"comment_status":"closed","ping_status":"closed","sticky":false,"template":"","format":"standard","meta":{"_acf_changed":false,"_relevanssi_hide_post":"","_relevanssi_hide_content":"","_relevanssi_pin_for_all":"","_relevanssi_pin_keywords":"","_relevanssi_unpin_keywords":"","_relevanssi_related_keywords":"","_relevanssi_related_include_ids":"","_relevanssi_related_exclude_ids":"","_relevanssi_related_no_append":"","_relevanssi_related_not_related":"","_relevanssi_related_posts":"708,1240,3416,1147,1109,3692","_relevanssi_noindex_reason":"","inline_featured_image":false,"footnotes":""},"categories":[14],"tags":[96],"em_industry":[],"em_theme":[],"class_list":["post-4112","post","type-post","status-publish","format-standard","has-post-thumbnail","hentry","category-uutinen","tag-lainsaadanto"],"acf":[],"yoast_head":"<!-- This site is optimized with the Yoast SEO Premium plugin v27.1 (Yoast SEO v27.5) - https:\/\/yoast.com\/product\/yoast-seo-premium-wordpress\/ -->\n<title>Euroopan komissio hylk\u00e4si teko\u00e4lyvastuudirektiivin valmistelun - Terveysteknologia<\/title>\n<meta name=\"description\" content=\"Euroopan komissio ilmoitti 11.2.2025 lopettavansa teko\u00e4lyvastuudirektiivin valmistelun. P\u00e4\u00e4t\u00f6ksen taustalla olivat j\u00e4senvaltioiden erimielisyydet sek\u00e4 teknologiasektorin vaatimus kevyemm\u00e4st\u00e4 ja selke\u00e4mm\u00e4st\u00e4 s\u00e4\u00e4ntelyst\u00e4.\" \/>\n<meta name=\"robots\" content=\"index, follow, max-snippet:-1, max-image-preview:large, max-video-preview:-1\" \/>\n<link rel=\"canonical\" href=\"https:\/\/teknologiateollisuus.fi\/healthtech\/euroopan-komissio-hylkasi-tekoalyvastuudirektiivin-valmistelun\/\" \/>\n<meta property=\"og:locale\" content=\"fi_FI\" \/>\n<meta property=\"og:type\" content=\"article\" \/>\n<meta property=\"og:title\" content=\"Euroopan komissio hylk\u00e4si teko\u00e4lyvastuudirektiivin valmistelun\" \/>\n<meta property=\"og:description\" content=\"Euroopan komissio ilmoitti 11.2.2025 lopettavansa teko\u00e4lyvastuudirektiivin valmistelun. P\u00e4\u00e4t\u00f6ksen taustalla olivat j\u00e4senvaltioiden erimielisyydet sek\u00e4 teknologiasektorin vaatimus kevyemm\u00e4st\u00e4 ja selke\u00e4mm\u00e4st\u00e4 s\u00e4\u00e4ntelyst\u00e4.\" \/>\n<meta property=\"og:url\" content=\"https:\/\/teknologiateollisuus.fi\/healthtech\/euroopan-komissio-hylkasi-tekoalyvastuudirektiivin-valmistelun\/\" \/>\n<meta property=\"og:site_name\" content=\"Terveysteknologia\" \/>\n<meta property=\"article:published_time\" content=\"2025-02-17T12:46:18+00:00\" \/>\n<meta property=\"article:modified_time\" content=\"2025-08-11T09:26:55+00:00\" \/>\n<meta property=\"og:image\" content=\"https:\/\/teknologiateollisuus.fi\/healthtech\/wp-content\/uploads\/sites\/8\/2025\/02\/right-4926156_1280.jpg\" \/>\n\t<meta property=\"og:image:width\" content=\"1280\" \/>\n\t<meta property=\"og:image:height\" content=\"853\" \/>\n\t<meta property=\"og:image:type\" content=\"image\/jpeg\" \/>\n<meta name=\"author\" content=\"sandraliede\" \/>\n<meta name=\"twitter:card\" content=\"summary_large_image\" \/>\n<meta name=\"twitter:label1\" content=\"Kirjoittanut\" \/>\n\t<meta name=\"twitter:data1\" content=\"sandraliede\" \/>\n\t<meta name=\"twitter:label2\" content=\"Arvioitu lukuaika\" \/>\n\t<meta name=\"twitter:data2\" content=\"3 minuuttia\" \/>\n<script type=\"application\/ld+json\" class=\"yoast-schema-graph\">{\"@context\":\"https:\\\/\\\/schema.org\",\"@graph\":[{\"@type\":\"Article\",\"@id\":\"https:\\\/\\\/teknologiateollisuus.fi\\\/healthtech\\\/euroopan-komissio-hylkasi-tekoalyvastuudirektiivin-valmistelun\\\/#article\",\"isPartOf\":{\"@id\":\"https:\\\/\\\/teknologiateollisuus.fi\\\/healthtech\\\/euroopan-komissio-hylkasi-tekoalyvastuudirektiivin-valmistelun\\\/\"},\"author\":{\"name\":\"sandraliede\",\"@id\":\"https:\\\/\\\/teknologiateollisuus.fi\\\/healthtech\\\/#\\\/schema\\\/person\\\/0be476717aba28e6afc406458f413920\"},\"headline\":\"Euroopan komissio hylk\u00e4si teko\u00e4lyvastuudirektiivin valmistelun\",\"datePublished\":\"2025-02-17T12:46:18+00:00\",\"dateModified\":\"2025-08-11T09:26:55+00:00\",\"mainEntityOfPage\":{\"@id\":\"https:\\\/\\\/teknologiateollisuus.fi\\\/healthtech\\\/euroopan-komissio-hylkasi-tekoalyvastuudirektiivin-valmistelun\\\/\"},\"wordCount\":446,\"image\":{\"@id\":\"https:\\\/\\\/teknologiateollisuus.fi\\\/healthtech\\\/euroopan-komissio-hylkasi-tekoalyvastuudirektiivin-valmistelun\\\/#primaryimage\"},\"thumbnailUrl\":\"https:\\\/\\\/teknologiateollisuus.fi\\\/healthtech\\\/wp-content\\\/uploads\\\/sites\\\/8\\\/2025\\\/02\\\/right-4926156_1280.jpg\",\"keywords\":[\"Lains\u00e4\u00e4d\u00e4nt\u00f6, Legislation\"],\"articleSection\":[\"Uutinen\"],\"inLanguage\":\"fi\"},{\"@type\":\"WebPage\",\"@id\":\"https:\\\/\\\/teknologiateollisuus.fi\\\/healthtech\\\/euroopan-komissio-hylkasi-tekoalyvastuudirektiivin-valmistelun\\\/\",\"url\":\"https:\\\/\\\/teknologiateollisuus.fi\\\/healthtech\\\/euroopan-komissio-hylkasi-tekoalyvastuudirektiivin-valmistelun\\\/\",\"name\":\"Euroopan komissio hylk\u00e4si teko\u00e4lyvastuudirektiivin valmistelun - Terveysteknologia\",\"isPartOf\":{\"@id\":\"https:\\\/\\\/teknologiateollisuus.fi\\\/healthtech\\\/#website\"},\"primaryImageOfPage\":{\"@id\":\"https:\\\/\\\/teknologiateollisuus.fi\\\/healthtech\\\/euroopan-komissio-hylkasi-tekoalyvastuudirektiivin-valmistelun\\\/#primaryimage\"},\"image\":{\"@id\":\"https:\\\/\\\/teknologiateollisuus.fi\\\/healthtech\\\/euroopan-komissio-hylkasi-tekoalyvastuudirektiivin-valmistelun\\\/#primaryimage\"},\"thumbnailUrl\":\"https:\\\/\\\/teknologiateollisuus.fi\\\/healthtech\\\/wp-content\\\/uploads\\\/sites\\\/8\\\/2025\\\/02\\\/right-4926156_1280.jpg\",\"datePublished\":\"2025-02-17T12:46:18+00:00\",\"dateModified\":\"2025-08-11T09:26:55+00:00\",\"author\":{\"@id\":\"https:\\\/\\\/teknologiateollisuus.fi\\\/healthtech\\\/#\\\/schema\\\/person\\\/0be476717aba28e6afc406458f413920\"},\"description\":\"Euroopan komissio ilmoitti 11.2.2025 lopettavansa teko\u00e4lyvastuudirektiivin valmistelun. P\u00e4\u00e4t\u00f6ksen taustalla olivat j\u00e4senvaltioiden erimielisyydet sek\u00e4 teknologiasektorin vaatimus kevyemm\u00e4st\u00e4 ja selke\u00e4mm\u00e4st\u00e4 s\u00e4\u00e4ntelyst\u00e4.\",\"breadcrumb\":{\"@id\":\"https:\\\/\\\/teknologiateollisuus.fi\\\/healthtech\\\/euroopan-komissio-hylkasi-tekoalyvastuudirektiivin-valmistelun\\\/#breadcrumb\"},\"inLanguage\":\"fi\",\"potentialAction\":[{\"@type\":\"ReadAction\",\"target\":[\"https:\\\/\\\/teknologiateollisuus.fi\\\/healthtech\\\/euroopan-komissio-hylkasi-tekoalyvastuudirektiivin-valmistelun\\\/\"]}]},{\"@type\":\"ImageObject\",\"inLanguage\":\"fi\",\"@id\":\"https:\\\/\\\/teknologiateollisuus.fi\\\/healthtech\\\/euroopan-komissio-hylkasi-tekoalyvastuudirektiivin-valmistelun\\\/#primaryimage\",\"url\":\"https:\\\/\\\/teknologiateollisuus.fi\\\/healthtech\\\/wp-content\\\/uploads\\\/sites\\\/8\\\/2025\\\/02\\\/right-4926156_1280.jpg\",\"contentUrl\":\"https:\\\/\\\/teknologiateollisuus.fi\\\/healthtech\\\/wp-content\\\/uploads\\\/sites\\\/8\\\/2025\\\/02\\\/right-4926156_1280.jpg\",\"width\":1280,\"height\":853,\"caption\":\"Teko\u00e4lyasetus\"},{\"@type\":\"BreadcrumbList\",\"@id\":\"https:\\\/\\\/teknologiateollisuus.fi\\\/healthtech\\\/euroopan-komissio-hylkasi-tekoalyvastuudirektiivin-valmistelun\\\/#breadcrumb\",\"itemListElement\":[{\"@type\":\"ListItem\",\"position\":1,\"name\":\"Etusivu\",\"item\":\"https:\\\/\\\/teknologiateollisuus.fi\\\/healthtech\\\/\"},{\"@type\":\"ListItem\",\"position\":2,\"name\":\"Ajankohtaista\",\"item\":\"https:\\\/\\\/teknologiateollisuus.fi\\\/healthtech\\\/ajankohtaista\\\/\"},{\"@type\":\"ListItem\",\"position\":3,\"name\":\"Uutinen\",\"item\":\"https:\\\/\\\/teknologiateollisuus.fi\\\/healthtech\\\/ajankohtaista\\\/?categories=14\"},{\"@type\":\"ListItem\",\"position\":4,\"name\":\"Euroopan komissio hylk\u00e4si teko\u00e4lyvastuudirektiivin valmistelun\"}]},{\"@type\":\"WebSite\",\"@id\":\"https:\\\/\\\/teknologiateollisuus.fi\\\/healthtech\\\/#website\",\"url\":\"https:\\\/\\\/teknologiateollisuus.fi\\\/healthtech\\\/\",\"name\":\"Terveysteknologia\",\"description\":\"\",\"potentialAction\":[{\"@type\":\"SearchAction\",\"target\":{\"@type\":\"EntryPoint\",\"urlTemplate\":\"https:\\\/\\\/teknologiateollisuus.fi\\\/healthtech\\\/?s={search_term_string}\"},\"query-input\":{\"@type\":\"PropertyValueSpecification\",\"valueRequired\":true,\"valueName\":\"search_term_string\"}}],\"inLanguage\":\"fi\"},{\"@type\":\"Person\",\"@id\":\"https:\\\/\\\/teknologiateollisuus.fi\\\/healthtech\\\/#\\\/schema\\\/person\\\/0be476717aba28e6afc406458f413920\",\"name\":\"sandraliede\",\"image\":{\"@type\":\"ImageObject\",\"inLanguage\":\"fi\",\"@id\":\"https:\\\/\\\/secure.gravatar.com\\\/avatar\\\/18b53de447cd16d8105f2fbe8ea7f5e8b293b90037b4cb36fbb5596e7ecf37d8?s=96&d=mm&r=g\",\"url\":\"https:\\\/\\\/secure.gravatar.com\\\/avatar\\\/18b53de447cd16d8105f2fbe8ea7f5e8b293b90037b4cb36fbb5596e7ecf37d8?s=96&d=mm&r=g\",\"contentUrl\":\"https:\\\/\\\/secure.gravatar.com\\\/avatar\\\/18b53de447cd16d8105f2fbe8ea7f5e8b293b90037b4cb36fbb5596e7ecf37d8?s=96&d=mm&r=g\",\"caption\":\"sandraliede\"}}]}<\/script>\n<!-- \/ Yoast SEO Premium plugin. -->","yoast_head_json":{"title":"Euroopan komissio hylk\u00e4si teko\u00e4lyvastuudirektiivin valmistelun - Terveysteknologia","description":"Euroopan komissio ilmoitti 11.2.2025 lopettavansa teko\u00e4lyvastuudirektiivin valmistelun. P\u00e4\u00e4t\u00f6ksen taustalla olivat j\u00e4senvaltioiden erimielisyydet sek\u00e4 teknologiasektorin vaatimus kevyemm\u00e4st\u00e4 ja selke\u00e4mm\u00e4st\u00e4 s\u00e4\u00e4ntelyst\u00e4.","robots":{"index":"index","follow":"follow","max-snippet":"max-snippet:-1","max-image-preview":"max-image-preview:large","max-video-preview":"max-video-preview:-1"},"canonical":"https:\/\/teknologiateollisuus.fi\/healthtech\/euroopan-komissio-hylkasi-tekoalyvastuudirektiivin-valmistelun\/","og_locale":"fi_FI","og_type":"article","og_title":"Euroopan komissio hylk\u00e4si teko\u00e4lyvastuudirektiivin valmistelun","og_description":"Euroopan komissio ilmoitti 11.2.2025 lopettavansa teko\u00e4lyvastuudirektiivin valmistelun. P\u00e4\u00e4t\u00f6ksen taustalla olivat j\u00e4senvaltioiden erimielisyydet sek\u00e4 teknologiasektorin vaatimus kevyemm\u00e4st\u00e4 ja selke\u00e4mm\u00e4st\u00e4 s\u00e4\u00e4ntelyst\u00e4.","og_url":"https:\/\/teknologiateollisuus.fi\/healthtech\/euroopan-komissio-hylkasi-tekoalyvastuudirektiivin-valmistelun\/","og_site_name":"Terveysteknologia","article_published_time":"2025-02-17T12:46:18+00:00","article_modified_time":"2025-08-11T09:26:55+00:00","og_image":[{"width":1280,"height":853,"url":"https:\/\/teknologiateollisuus.fi\/healthtech\/wp-content\/uploads\/sites\/8\/2025\/02\/right-4926156_1280.jpg","type":"image\/jpeg"}],"author":"sandraliede","twitter_card":"summary_large_image","twitter_misc":{"Kirjoittanut":"sandraliede","Arvioitu lukuaika":"3 minuuttia"},"schema":{"@context":"https:\/\/schema.org","@graph":[{"@type":"Article","@id":"https:\/\/teknologiateollisuus.fi\/healthtech\/euroopan-komissio-hylkasi-tekoalyvastuudirektiivin-valmistelun\/#article","isPartOf":{"@id":"https:\/\/teknologiateollisuus.fi\/healthtech\/euroopan-komissio-hylkasi-tekoalyvastuudirektiivin-valmistelun\/"},"author":{"name":"sandraliede","@id":"https:\/\/teknologiateollisuus.fi\/healthtech\/#\/schema\/person\/0be476717aba28e6afc406458f413920"},"headline":"Euroopan komissio hylk\u00e4si teko\u00e4lyvastuudirektiivin valmistelun","datePublished":"2025-02-17T12:46:18+00:00","dateModified":"2025-08-11T09:26:55+00:00","mainEntityOfPage":{"@id":"https:\/\/teknologiateollisuus.fi\/healthtech\/euroopan-komissio-hylkasi-tekoalyvastuudirektiivin-valmistelun\/"},"wordCount":446,"image":{"@id":"https:\/\/teknologiateollisuus.fi\/healthtech\/euroopan-komissio-hylkasi-tekoalyvastuudirektiivin-valmistelun\/#primaryimage"},"thumbnailUrl":"https:\/\/teknologiateollisuus.fi\/healthtech\/wp-content\/uploads\/sites\/8\/2025\/02\/right-4926156_1280.jpg","keywords":["Lains\u00e4\u00e4d\u00e4nt\u00f6, Legislation"],"articleSection":["Uutinen"],"inLanguage":"fi"},{"@type":"WebPage","@id":"https:\/\/teknologiateollisuus.fi\/healthtech\/euroopan-komissio-hylkasi-tekoalyvastuudirektiivin-valmistelun\/","url":"https:\/\/teknologiateollisuus.fi\/healthtech\/euroopan-komissio-hylkasi-tekoalyvastuudirektiivin-valmistelun\/","name":"Euroopan komissio hylk\u00e4si teko\u00e4lyvastuudirektiivin valmistelun - Terveysteknologia","isPartOf":{"@id":"https:\/\/teknologiateollisuus.fi\/healthtech\/#website"},"primaryImageOfPage":{"@id":"https:\/\/teknologiateollisuus.fi\/healthtech\/euroopan-komissio-hylkasi-tekoalyvastuudirektiivin-valmistelun\/#primaryimage"},"image":{"@id":"https:\/\/teknologiateollisuus.fi\/healthtech\/euroopan-komissio-hylkasi-tekoalyvastuudirektiivin-valmistelun\/#primaryimage"},"thumbnailUrl":"https:\/\/teknologiateollisuus.fi\/healthtech\/wp-content\/uploads\/sites\/8\/2025\/02\/right-4926156_1280.jpg","datePublished":"2025-02-17T12:46:18+00:00","dateModified":"2025-08-11T09:26:55+00:00","author":{"@id":"https:\/\/teknologiateollisuus.fi\/healthtech\/#\/schema\/person\/0be476717aba28e6afc406458f413920"},"description":"Euroopan komissio ilmoitti 11.2.2025 lopettavansa teko\u00e4lyvastuudirektiivin valmistelun. P\u00e4\u00e4t\u00f6ksen taustalla olivat j\u00e4senvaltioiden erimielisyydet sek\u00e4 teknologiasektorin vaatimus kevyemm\u00e4st\u00e4 ja selke\u00e4mm\u00e4st\u00e4 s\u00e4\u00e4ntelyst\u00e4.","breadcrumb":{"@id":"https:\/\/teknologiateollisuus.fi\/healthtech\/euroopan-komissio-hylkasi-tekoalyvastuudirektiivin-valmistelun\/#breadcrumb"},"inLanguage":"fi","potentialAction":[{"@type":"ReadAction","target":["https:\/\/teknologiateollisuus.fi\/healthtech\/euroopan-komissio-hylkasi-tekoalyvastuudirektiivin-valmistelun\/"]}]},{"@type":"ImageObject","inLanguage":"fi","@id":"https:\/\/teknologiateollisuus.fi\/healthtech\/euroopan-komissio-hylkasi-tekoalyvastuudirektiivin-valmistelun\/#primaryimage","url":"https:\/\/teknologiateollisuus.fi\/healthtech\/wp-content\/uploads\/sites\/8\/2025\/02\/right-4926156_1280.jpg","contentUrl":"https:\/\/teknologiateollisuus.fi\/healthtech\/wp-content\/uploads\/sites\/8\/2025\/02\/right-4926156_1280.jpg","width":1280,"height":853,"caption":"Teko\u00e4lyasetus"},{"@type":"BreadcrumbList","@id":"https:\/\/teknologiateollisuus.fi\/healthtech\/euroopan-komissio-hylkasi-tekoalyvastuudirektiivin-valmistelun\/#breadcrumb","itemListElement":[{"@type":"ListItem","position":1,"name":"Etusivu","item":"https:\/\/teknologiateollisuus.fi\/healthtech\/"},{"@type":"ListItem","position":2,"name":"Ajankohtaista","item":"https:\/\/teknologiateollisuus.fi\/healthtech\/ajankohtaista\/"},{"@type":"ListItem","position":3,"name":"Uutinen","item":"https:\/\/teknologiateollisuus.fi\/healthtech\/ajankohtaista\/?categories=14"},{"@type":"ListItem","position":4,"name":"Euroopan komissio hylk\u00e4si teko\u00e4lyvastuudirektiivin valmistelun"}]},{"@type":"WebSite","@id":"https:\/\/teknologiateollisuus.fi\/healthtech\/#website","url":"https:\/\/teknologiateollisuus.fi\/healthtech\/","name":"Terveysteknologia","description":"","potentialAction":[{"@type":"SearchAction","target":{"@type":"EntryPoint","urlTemplate":"https:\/\/teknologiateollisuus.fi\/healthtech\/?s={search_term_string}"},"query-input":{"@type":"PropertyValueSpecification","valueRequired":true,"valueName":"search_term_string"}}],"inLanguage":"fi"},{"@type":"Person","@id":"https:\/\/teknologiateollisuus.fi\/healthtech\/#\/schema\/person\/0be476717aba28e6afc406458f413920","name":"sandraliede","image":{"@type":"ImageObject","inLanguage":"fi","@id":"https:\/\/secure.gravatar.com\/avatar\/18b53de447cd16d8105f2fbe8ea7f5e8b293b90037b4cb36fbb5596e7ecf37d8?s=96&d=mm&r=g","url":"https:\/\/secure.gravatar.com\/avatar\/18b53de447cd16d8105f2fbe8ea7f5e8b293b90037b4cb36fbb5596e7ecf37d8?s=96&d=mm&r=g","contentUrl":"https:\/\/secure.gravatar.com\/avatar\/18b53de447cd16d8105f2fbe8ea7f5e8b293b90037b4cb36fbb5596e7ecf37d8?s=96&d=mm&r=g","caption":"sandraliede"}}]}},"lang":"fi","translations":{"fi":4112},"pll_sync_post":{},"_links":{"self":[{"href":"https:\/\/teknologiateollisuus.fi\/healthtech\/wp-json\/wp\/v2\/posts\/4112","targetHints":{"allow":["GET"]}}],"collection":[{"href":"https:\/\/teknologiateollisuus.fi\/healthtech\/wp-json\/wp\/v2\/posts"}],"about":[{"href":"https:\/\/teknologiateollisuus.fi\/healthtech\/wp-json\/wp\/v2\/types\/post"}],"author":[{"embeddable":true,"href":"https:\/\/teknologiateollisuus.fi\/healthtech\/wp-json\/wp\/v2\/users\/142"}],"replies":[{"embeddable":true,"href":"https:\/\/teknologiateollisuus.fi\/healthtech\/wp-json\/wp\/v2\/comments?post=4112"}],"version-history":[{"count":7,"href":"https:\/\/teknologiateollisuus.fi\/healthtech\/wp-json\/wp\/v2\/posts\/4112\/revisions"}],"predecessor-version":[{"id":4897,"href":"https:\/\/teknologiateollisuus.fi\/healthtech\/wp-json\/wp\/v2\/posts\/4112\/revisions\/4897"}],"wp:featuredmedia":[{"embeddable":true,"href":"https:\/\/teknologiateollisuus.fi\/healthtech\/wp-json\/wp\/v2\/media\/4072"}],"wp:attachment":[{"href":"https:\/\/teknologiateollisuus.fi\/healthtech\/wp-json\/wp\/v2\/media?parent=4112"}],"wp:term":[{"taxonomy":"category","embeddable":true,"href":"https:\/\/teknologiateollisuus.fi\/healthtech\/wp-json\/wp\/v2\/categories?post=4112"},{"taxonomy":"post_tag","embeddable":true,"href":"https:\/\/teknologiateollisuus.fi\/healthtech\/wp-json\/wp\/v2\/tags?post=4112"},{"taxonomy":"em_industry","embeddable":true,"href":"https:\/\/teknologiateollisuus.fi\/healthtech\/wp-json\/wp\/v2\/em_industry?post=4112"},{"taxonomy":"em_theme","embeddable":true,"href":"https:\/\/teknologiateollisuus.fi\/healthtech\/wp-json\/wp\/v2\/em_theme?post=4112"}],"curies":[{"name":"wp","href":"https:\/\/api.w.org\/{rel}","templated":true}]}}