{"id":5011,"date":"2025-08-29T13:05:25","date_gmt":"2025-08-29T10:05:25","guid":{"rendered":"https:\/\/teknologiateollisuus.fi\/healthtech\/?p=5011"},"modified":"2025-08-29T13:06:55","modified_gmt":"2025-08-29T10:06:55","slug":"nelli-karhu-vahvistaa-terveysteknologia-ryn-saadososaamista","status":"publish","type":"post","link":"https:\/\/teknologiateollisuus.fi\/healthtech\/nelli-karhu-vahvistaa-terveysteknologia-ryn-saadososaamista\/","title":{"rendered":"Nelli Karhu vahvistaa Terveysteknologia ry:n s\u00e4\u00e4d\u00f6sosaamista"},"content":{"rendered":"\n<h4 class=\"wp-block-heading\" id=\"h-sandra-liedeen-nbsp-siirryttya-uusiin-tehtaviin-terveysteknologia-ry-saa-riveihinsa-uuden-johtavan-asiantuntijan-kun-nbsp-filosofian-tohtori-nelli-karhu-nbsp-aloittaa-nbsp-1-9-2025\"><strong>Sandra Liedeen<\/strong>&nbsp;siirrytty\u00e4 uusiin teht\u00e4viin Terveysteknologia ry saa riveihins\u00e4 uuden johtavan asiantuntijan, kun&nbsp;filosofian tohtori <strong>Nelli Karhu<\/strong>&nbsp;aloittaa&nbsp;1.9.2025.<\/h4>\n\n\n\n<p>S\u00e4\u00e4d\u00f6sasiat ovat Karhulle entuudestaan tuttuja. H\u00e4n on ty\u00f6skennellyt yhdeks\u00e4n viime vuoden ajan l\u00e4\u00e4kinn\u00e4llisten laitteiden viranomaisteht\u00e4viss\u00e4&nbsp;ensin Valvirassa ja sitten Fimeassa.&nbsp;Karhu on toiminut L\u00e4\u00e4kinn\u00e4lliset laitteet -yksik\u00f6ss\u00e4 ylitarkastajana ja viime vuodet my\u00f6s l\u00e4\u00e4kinn\u00e4llisten laitteiden markkinavalvonnasta vastaavan jaoston p\u00e4\u00e4llikk\u00f6n\u00e4.&nbsp; <\/p>\n\n\n\n<p>Ty\u00f6ss\u00e4\u00e4n h\u00e4n on ker\u00e4nnyt laajasti kokemusta EU-s\u00e4\u00e4ntelyst\u00e4 ja viranomaisyhteisty\u00f6st\u00e4. Karhu on mm. ollut j\u00e4sen EU:n l\u00e4\u00e4kinn\u00e4llisten laitteiden koordinaatioryhm\u00e4ss\u00e4 MDCG:ss\u00e4 sen perustamisesta l\u00e4htien.&nbsp;<\/p>\n\n\n\n<p>Ennenviranomaisteht\u00e4vi\u00e4&nbsp;Karhu ty\u00f6skenteli my\u00f6s yrityssektorilla&nbsp;bio- ja diagnostiikkateollisuudessa.&nbsp;<\/p>\n\n\n\n<p>Karhu odottaa innolla monipuolista yritysyhteisty\u00f6t\u00e4 Terveysteknologia ry:ss\u00e4 s\u00e4\u00e4d\u00f6sasioiden ja vaikuttamisen parissa. H\u00e4n uskoo p\u00e4\u00e4sev\u00e4ns\u00e4 ottamaan haltuun uusia n\u00e4k\u00f6kulmia terveysteknologia-alan yrityksi\u00e4 koskevasta s\u00e4\u00e4ntelyst\u00e4.<\/p>\n\n\n\n<p><em>\u201d<\/em>Tavoitteena on yritysten tukeminen ja ajan tasalla pit\u00e4minen, mutta my\u00f6s vaikuttaminen s\u00e4\u00e4ntelyn, jotta se olisi j\u00e4rkev\u00e4\u00e4 ja oikeasuhtaista<em>&nbsp;,\u201d<\/em>&nbsp;Karhu toteaa.<\/p>\n\n\n\n<p>Terveysteknologia ry:n toimitusjohtaja&nbsp;<strong>Saara Hassisen<\/strong>&nbsp;mukaan Karhun kokemus luo vahvan perustan yhdistyksen s\u00e4\u00e4d\u00f6sasioihin liittyv\u00e4n neuvonnan ja edunvalvonnan kehitt\u00e4miselle.<\/p>\n\n\n\n<p>\u201dEuroopassa pohditaan parhaillaan, miten terveysteknologian s\u00e4\u00e4ntely\u00e4 voisi kevent\u00e4\u00e4 turvallisuudesta tinkim\u00e4tt\u00e4. Karhun vankka osaaminen ja laajat verkostot auttavat konkreettisten ehdotusten laadinnassa ja edist\u00e4misess\u00e4&nbsp;\u201d&nbsp;Hassinen sanoo&nbsp;ja toivottaa h\u00e4net tervetulleeksi.<\/p>\n\n\n\n<article class=\"em-block-contact-card \">\n\n\t<div class=\"em-block-contact-card__image\">\n\t\t\t\t\t<img loading=\"lazy\" decoding=\"async\" width=\"300\" height=\"400\" src=\"https:\/\/teknologiateollisuus.fi\/healthtech\/wp-content\/uploads\/sites\/8\/2024\/06\/Hassinen_Saara_Terveysteknologia-ry-300x400.jpg\" class=\"attachment-portrait size-portrait\" alt=\"Saara Hassinen\" \/>\t\t\t<\/div>\n\t<div class=\"em-block-contact-card__content-wrapper\">\n\t\t<div class=\"em-block-contact-card__content\">\n\t\t\t\t\t\t<h3 class=\"em-block-contact-card__title\"><a target=\"_self\" href=\"https:\/\/teknologiateollisuus.fi\/healthtech\/contacts\/saara-hassinen\/\">Saara Hassinen<\/a><\/h3>\n\t\t\t\t\t\t\t<span class=\"em-block-contact-card__job_title\">Toimitusjohtaja, Managing Director<\/span>\n\t\t\t\t\t\t<span class=\"em-block-contact-card__organisation\">Terveysteknologia ry<\/span>\n\t\t<\/div>\n\t\t<div class=\"em-block-contact-card__content\">\n\t\t\t\t\t\t<address class=\"em-block-contact-card__contact-details\">\n\t\t\t\t<span class=\"em-block-contact-card__phone\">\n\t\t\t\t\t<a href=\"tel:+358 40 531 1661\">+358 40 531 1661<\/a>\n\t\t\t\t<\/span>\n\t\t\t\t<span class=\"em-block-contact-card__email\">\n\t\t\t\t\t<a href=\"mailto:saara.hassinen(at)teknologiateollisuus.fi\">saara.hassinen(at)teknologiateollisuus.fi<\/a>\n\t\t\t\t<\/span>\n\t\t\t<\/address>\n\t\t\t<div class='em-block-contact-card__socials'><div class=\"social-media-links\"><ul class=\"social-media-links__list\"><li><a href=\"https:\/\/twitter.com\/SaaraHassinen\" target=\"_blank\" aria-label=\"Find me on twitter\" data-service=\"twitter\"><\/a><\/li><li><a href=\"https:\/\/linkedin.com\/in\/saara-hassinen-7993121a\" target=\"_blank\" aria-label=\"Find me on linkedin\" data-service=\"linkedin\"><\/a><\/li><\/ul><\/div><\/div>\t\t<\/div>\n\t<\/div>\n\n<\/article>\n","protected":false},"excerpt":{"rendered":"<p>Sandra Liedeen&nbsp;siirrytty\u00e4 uusiin teht\u00e4viin Terveysteknologia ry saa riveihins\u00e4 uuden johtavan asiantuntijan, kun&nbsp;filosofian tohtori Nelli Karhu&nbsp;aloittaa&nbsp;1.9.2025. S\u00e4\u00e4d\u00f6sasiat ovat Karhulle entuudestaan tuttuja. H\u00e4n on ty\u00f6skennellyt yhdeks\u00e4n viime vuoden ajan l\u00e4\u00e4kinn\u00e4llisten laitteiden viranomaisteht\u00e4viss\u00e4&nbsp;ensin Valvirassa ja sitten Fimeassa.&nbsp;Karhu on toiminut L\u00e4\u00e4kinn\u00e4lliset laitteet -yksik\u00f6ss\u00e4 ylitarkastajana ja viime vuodet my\u00f6s l\u00e4\u00e4kinn\u00e4llisten laitteiden markkinavalvonnasta vastaavan jaoston p\u00e4\u00e4llikk\u00f6n\u00e4.&nbsp; Ty\u00f6ss\u00e4\u00e4n h\u00e4n on ker\u00e4nnyt laajasti [&hellip;]<\/p>\n","protected":false},"author":16,"featured_media":5015,"comment_status":"closed","ping_status":"closed","sticky":false,"template":"","format":"standard","meta":{"_acf_changed":false,"_relevanssi_hide_post":"","_relevanssi_hide_content":"","_relevanssi_pin_for_all":"","_relevanssi_pin_keywords":"","_relevanssi_unpin_keywords":"","_relevanssi_related_keywords":"","_relevanssi_related_include_ids":"","_relevanssi_related_exclude_ids":"","_relevanssi_related_no_append":"","_relevanssi_related_not_related":"","_relevanssi_related_posts":"856,1083,1474,3689,1139,3519","_relevanssi_noindex_reason":"","inline_featured_image":false,"footnotes":""},"categories":[14],"tags":[],"em_industry":[],"em_theme":[],"class_list":["post-5011","post","type-post","status-publish","format-standard","has-post-thumbnail","hentry","category-uutinen"],"acf":[],"yoast_head":"<!-- This site is optimized with the Yoast SEO Premium plugin v27.1 (Yoast SEO v27.5) - https:\/\/yoast.com\/product\/yoast-seo-premium-wordpress\/ -->\n<title>Nelli Karhu vahvistaa Terveysteknologia ry:n s\u00e4\u00e4d\u00f6sosaamista<\/title>\n<meta name=\"description\" content=\"Terveysteknologia ry saa riveihins\u00e4 uuden johtavan asiantuntijan, kun\u00a0filosofian tohtori Nelli Karhu\u00a0aloittaa\u00a01.9.2025.\" \/>\n<meta name=\"robots\" content=\"index, follow, max-snippet:-1, max-image-preview:large, max-video-preview:-1\" \/>\n<link rel=\"canonical\" href=\"https:\/\/teknologiateollisuus.fi\/healthtech\/nelli-karhu-vahvistaa-terveysteknologia-ryn-saadososaamista\/\" \/>\n<meta property=\"og:locale\" content=\"fi_FI\" \/>\n<meta property=\"og:type\" content=\"article\" \/>\n<meta property=\"og:title\" content=\"Nelli Karhu vahvistaa Terveysteknologia ry:n s\u00e4\u00e4d\u00f6sosaamista\" \/>\n<meta property=\"og:description\" content=\"Terveysteknologia ry saa riveihins\u00e4 uuden johtavan asiantuntijan, kun\u00a0filosofian tohtori Nelli Karhu\u00a0aloittaa\u00a01.9.2025.\" \/>\n<meta property=\"og:url\" content=\"https:\/\/teknologiateollisuus.fi\/healthtech\/nelli-karhu-vahvistaa-terveysteknologia-ryn-saadososaamista\/\" \/>\n<meta property=\"og:site_name\" content=\"Terveysteknologia\" \/>\n<meta property=\"article:published_time\" content=\"2025-08-29T10:05:25+00:00\" \/>\n<meta property=\"article:modified_time\" content=\"2025-08-29T10:06:55+00:00\" \/>\n<meta property=\"og:image\" content=\"https:\/\/teknologiateollisuus.fi\/healthtech\/wp-content\/uploads\/sites\/8\/2025\/08\/Nelli-Karhu-kasvokuva.jpg\" \/>\n\t<meta property=\"og:image:width\" content=\"1398\" \/>\n\t<meta property=\"og:image:height\" content=\"975\" \/>\n\t<meta property=\"og:image:type\" content=\"image\/jpeg\" \/>\n<meta name=\"author\" content=\"P\u00e4ivi Ahlgren\" \/>\n<meta name=\"twitter:card\" content=\"summary_large_image\" \/>\n<meta name=\"twitter:label1\" content=\"Kirjoittanut\" \/>\n\t<meta name=\"twitter:data1\" content=\"P\u00e4ivi Ahlgren\" \/>\n\t<meta name=\"twitter:label2\" content=\"Arvioitu lukuaika\" \/>\n\t<meta name=\"twitter:data2\" content=\"2 minuuttia\" \/>\n<script type=\"application\/ld+json\" class=\"yoast-schema-graph\">{\"@context\":\"https:\\\/\\\/schema.org\",\"@graph\":[{\"@type\":\"Article\",\"@id\":\"https:\\\/\\\/teknologiateollisuus.fi\\\/healthtech\\\/nelli-karhu-vahvistaa-terveysteknologia-ryn-saadososaamista\\\/#article\",\"isPartOf\":{\"@id\":\"https:\\\/\\\/teknologiateollisuus.fi\\\/healthtech\\\/nelli-karhu-vahvistaa-terveysteknologia-ryn-saadososaamista\\\/\"},\"author\":{\"name\":\"P\u00e4ivi Ahlgren\",\"@id\":\"https:\\\/\\\/teknologiateollisuus.fi\\\/healthtech\\\/#\\\/schema\\\/person\\\/964d40eb9a84d0edfc1989b7784ea950\"},\"headline\":\"Nelli Karhu vahvistaa Terveysteknologia ry:n s\u00e4\u00e4d\u00f6sosaamista\",\"datePublished\":\"2025-08-29T10:05:25+00:00\",\"dateModified\":\"2025-08-29T10:06:55+00:00\",\"mainEntityOfPage\":{\"@id\":\"https:\\\/\\\/teknologiateollisuus.fi\\\/healthtech\\\/nelli-karhu-vahvistaa-terveysteknologia-ryn-saadososaamista\\\/\"},\"wordCount\":256,\"image\":{\"@id\":\"https:\\\/\\\/teknologiateollisuus.fi\\\/healthtech\\\/nelli-karhu-vahvistaa-terveysteknologia-ryn-saadososaamista\\\/#primaryimage\"},\"thumbnailUrl\":\"https:\\\/\\\/teknologiateollisuus.fi\\\/healthtech\\\/wp-content\\\/uploads\\\/sites\\\/8\\\/2025\\\/08\\\/Nelli-Karhu-kasvokuva.jpg\",\"articleSection\":[\"Uutinen\"],\"inLanguage\":\"fi\"},{\"@type\":\"WebPage\",\"@id\":\"https:\\\/\\\/teknologiateollisuus.fi\\\/healthtech\\\/nelli-karhu-vahvistaa-terveysteknologia-ryn-saadososaamista\\\/\",\"url\":\"https:\\\/\\\/teknologiateollisuus.fi\\\/healthtech\\\/nelli-karhu-vahvistaa-terveysteknologia-ryn-saadososaamista\\\/\",\"name\":\"Nelli Karhu vahvistaa Terveysteknologia ry:n s\u00e4\u00e4d\u00f6sosaamista\",\"isPartOf\":{\"@id\":\"https:\\\/\\\/teknologiateollisuus.fi\\\/healthtech\\\/#website\"},\"primaryImageOfPage\":{\"@id\":\"https:\\\/\\\/teknologiateollisuus.fi\\\/healthtech\\\/nelli-karhu-vahvistaa-terveysteknologia-ryn-saadososaamista\\\/#primaryimage\"},\"image\":{\"@id\":\"https:\\\/\\\/teknologiateollisuus.fi\\\/healthtech\\\/nelli-karhu-vahvistaa-terveysteknologia-ryn-saadososaamista\\\/#primaryimage\"},\"thumbnailUrl\":\"https:\\\/\\\/teknologiateollisuus.fi\\\/healthtech\\\/wp-content\\\/uploads\\\/sites\\\/8\\\/2025\\\/08\\\/Nelli-Karhu-kasvokuva.jpg\",\"datePublished\":\"2025-08-29T10:05:25+00:00\",\"dateModified\":\"2025-08-29T10:06:55+00:00\",\"author\":{\"@id\":\"https:\\\/\\\/teknologiateollisuus.fi\\\/healthtech\\\/#\\\/schema\\\/person\\\/964d40eb9a84d0edfc1989b7784ea950\"},\"description\":\"Terveysteknologia ry saa riveihins\u00e4 uuden johtavan asiantuntijan, kun\u00a0filosofian tohtori Nelli Karhu\u00a0aloittaa\u00a01.9.2025.\",\"breadcrumb\":{\"@id\":\"https:\\\/\\\/teknologiateollisuus.fi\\\/healthtech\\\/nelli-karhu-vahvistaa-terveysteknologia-ryn-saadososaamista\\\/#breadcrumb\"},\"inLanguage\":\"fi\",\"potentialAction\":[{\"@type\":\"ReadAction\",\"target\":[\"https:\\\/\\\/teknologiateollisuus.fi\\\/healthtech\\\/nelli-karhu-vahvistaa-terveysteknologia-ryn-saadososaamista\\\/\"]}]},{\"@type\":\"ImageObject\",\"inLanguage\":\"fi\",\"@id\":\"https:\\\/\\\/teknologiateollisuus.fi\\\/healthtech\\\/nelli-karhu-vahvistaa-terveysteknologia-ryn-saadososaamista\\\/#primaryimage\",\"url\":\"https:\\\/\\\/teknologiateollisuus.fi\\\/healthtech\\\/wp-content\\\/uploads\\\/sites\\\/8\\\/2025\\\/08\\\/Nelli-Karhu-kasvokuva.jpg\",\"contentUrl\":\"https:\\\/\\\/teknologiateollisuus.fi\\\/healthtech\\\/wp-content\\\/uploads\\\/sites\\\/8\\\/2025\\\/08\\\/Nelli-Karhu-kasvokuva.jpg\",\"width\":1398,\"height\":975,\"caption\":\"Nelli Karhu\"},{\"@type\":\"BreadcrumbList\",\"@id\":\"https:\\\/\\\/teknologiateollisuus.fi\\\/healthtech\\\/nelli-karhu-vahvistaa-terveysteknologia-ryn-saadososaamista\\\/#breadcrumb\",\"itemListElement\":[{\"@type\":\"ListItem\",\"position\":1,\"name\":\"Etusivu\",\"item\":\"https:\\\/\\\/teknologiateollisuus.fi\\\/healthtech\\\/\"},{\"@type\":\"ListItem\",\"position\":2,\"name\":\"Ajankohtaista\",\"item\":\"https:\\\/\\\/teknologiateollisuus.fi\\\/healthtech\\\/ajankohtaista\\\/\"},{\"@type\":\"ListItem\",\"position\":3,\"name\":\"Uutinen\",\"item\":\"https:\\\/\\\/teknologiateollisuus.fi\\\/healthtech\\\/ajankohtaista\\\/?categories=14\"},{\"@type\":\"ListItem\",\"position\":4,\"name\":\"Nelli Karhu vahvistaa Terveysteknologia ry:n s\u00e4\u00e4d\u00f6sosaamista\"}]},{\"@type\":\"WebSite\",\"@id\":\"https:\\\/\\\/teknologiateollisuus.fi\\\/healthtech\\\/#website\",\"url\":\"https:\\\/\\\/teknologiateollisuus.fi\\\/healthtech\\\/\",\"name\":\"Terveysteknologia\",\"description\":\"\",\"potentialAction\":[{\"@type\":\"SearchAction\",\"target\":{\"@type\":\"EntryPoint\",\"urlTemplate\":\"https:\\\/\\\/teknologiateollisuus.fi\\\/healthtech\\\/?s={search_term_string}\"},\"query-input\":{\"@type\":\"PropertyValueSpecification\",\"valueRequired\":true,\"valueName\":\"search_term_string\"}}],\"inLanguage\":\"fi\"},{\"@type\":\"Person\",\"@id\":\"https:\\\/\\\/teknologiateollisuus.fi\\\/healthtech\\\/#\\\/schema\\\/person\\\/964d40eb9a84d0edfc1989b7784ea950\",\"name\":\"P\u00e4ivi Ahlgren\",\"image\":{\"@type\":\"ImageObject\",\"inLanguage\":\"fi\",\"@id\":\"https:\\\/\\\/secure.gravatar.com\\\/avatar\\\/d49c8c4a3ac6bce6f1ed1a4445d5b60a53463c32cb6ebcf6e0375dcece39eaca?s=96&d=mm&r=g\",\"url\":\"https:\\\/\\\/secure.gravatar.com\\\/avatar\\\/d49c8c4a3ac6bce6f1ed1a4445d5b60a53463c32cb6ebcf6e0375dcece39eaca?s=96&d=mm&r=g\",\"contentUrl\":\"https:\\\/\\\/secure.gravatar.com\\\/avatar\\\/d49c8c4a3ac6bce6f1ed1a4445d5b60a53463c32cb6ebcf6e0375dcece39eaca?s=96&d=mm&r=g\",\"caption\":\"P\u00e4ivi Ahlgren\"}}]}<\/script>\n<!-- \/ Yoast SEO Premium plugin. -->","yoast_head_json":{"title":"Nelli Karhu vahvistaa Terveysteknologia ry:n s\u00e4\u00e4d\u00f6sosaamista","description":"Terveysteknologia ry saa riveihins\u00e4 uuden johtavan asiantuntijan, kun\u00a0filosofian tohtori Nelli Karhu\u00a0aloittaa\u00a01.9.2025.","robots":{"index":"index","follow":"follow","max-snippet":"max-snippet:-1","max-image-preview":"max-image-preview:large","max-video-preview":"max-video-preview:-1"},"canonical":"https:\/\/teknologiateollisuus.fi\/healthtech\/nelli-karhu-vahvistaa-terveysteknologia-ryn-saadososaamista\/","og_locale":"fi_FI","og_type":"article","og_title":"Nelli Karhu vahvistaa Terveysteknologia ry:n s\u00e4\u00e4d\u00f6sosaamista","og_description":"Terveysteknologia ry saa riveihins\u00e4 uuden johtavan asiantuntijan, kun\u00a0filosofian tohtori Nelli Karhu\u00a0aloittaa\u00a01.9.2025.","og_url":"https:\/\/teknologiateollisuus.fi\/healthtech\/nelli-karhu-vahvistaa-terveysteknologia-ryn-saadososaamista\/","og_site_name":"Terveysteknologia","article_published_time":"2025-08-29T10:05:25+00:00","article_modified_time":"2025-08-29T10:06:55+00:00","og_image":[{"width":1398,"height":975,"url":"https:\/\/teknologiateollisuus.fi\/healthtech\/wp-content\/uploads\/sites\/8\/2025\/08\/Nelli-Karhu-kasvokuva.jpg","type":"image\/jpeg"}],"author":"P\u00e4ivi Ahlgren","twitter_card":"summary_large_image","twitter_misc":{"Kirjoittanut":"P\u00e4ivi Ahlgren","Arvioitu lukuaika":"2 minuuttia"},"schema":{"@context":"https:\/\/schema.org","@graph":[{"@type":"Article","@id":"https:\/\/teknologiateollisuus.fi\/healthtech\/nelli-karhu-vahvistaa-terveysteknologia-ryn-saadososaamista\/#article","isPartOf":{"@id":"https:\/\/teknologiateollisuus.fi\/healthtech\/nelli-karhu-vahvistaa-terveysteknologia-ryn-saadososaamista\/"},"author":{"name":"P\u00e4ivi Ahlgren","@id":"https:\/\/teknologiateollisuus.fi\/healthtech\/#\/schema\/person\/964d40eb9a84d0edfc1989b7784ea950"},"headline":"Nelli Karhu vahvistaa Terveysteknologia ry:n s\u00e4\u00e4d\u00f6sosaamista","datePublished":"2025-08-29T10:05:25+00:00","dateModified":"2025-08-29T10:06:55+00:00","mainEntityOfPage":{"@id":"https:\/\/teknologiateollisuus.fi\/healthtech\/nelli-karhu-vahvistaa-terveysteknologia-ryn-saadososaamista\/"},"wordCount":256,"image":{"@id":"https:\/\/teknologiateollisuus.fi\/healthtech\/nelli-karhu-vahvistaa-terveysteknologia-ryn-saadososaamista\/#primaryimage"},"thumbnailUrl":"https:\/\/teknologiateollisuus.fi\/healthtech\/wp-content\/uploads\/sites\/8\/2025\/08\/Nelli-Karhu-kasvokuva.jpg","articleSection":["Uutinen"],"inLanguage":"fi"},{"@type":"WebPage","@id":"https:\/\/teknologiateollisuus.fi\/healthtech\/nelli-karhu-vahvistaa-terveysteknologia-ryn-saadososaamista\/","url":"https:\/\/teknologiateollisuus.fi\/healthtech\/nelli-karhu-vahvistaa-terveysteknologia-ryn-saadososaamista\/","name":"Nelli Karhu vahvistaa Terveysteknologia ry:n s\u00e4\u00e4d\u00f6sosaamista","isPartOf":{"@id":"https:\/\/teknologiateollisuus.fi\/healthtech\/#website"},"primaryImageOfPage":{"@id":"https:\/\/teknologiateollisuus.fi\/healthtech\/nelli-karhu-vahvistaa-terveysteknologia-ryn-saadososaamista\/#primaryimage"},"image":{"@id":"https:\/\/teknologiateollisuus.fi\/healthtech\/nelli-karhu-vahvistaa-terveysteknologia-ryn-saadososaamista\/#primaryimage"},"thumbnailUrl":"https:\/\/teknologiateollisuus.fi\/healthtech\/wp-content\/uploads\/sites\/8\/2025\/08\/Nelli-Karhu-kasvokuva.jpg","datePublished":"2025-08-29T10:05:25+00:00","dateModified":"2025-08-29T10:06:55+00:00","author":{"@id":"https:\/\/teknologiateollisuus.fi\/healthtech\/#\/schema\/person\/964d40eb9a84d0edfc1989b7784ea950"},"description":"Terveysteknologia ry saa riveihins\u00e4 uuden johtavan asiantuntijan, kun\u00a0filosofian tohtori Nelli Karhu\u00a0aloittaa\u00a01.9.2025.","breadcrumb":{"@id":"https:\/\/teknologiateollisuus.fi\/healthtech\/nelli-karhu-vahvistaa-terveysteknologia-ryn-saadososaamista\/#breadcrumb"},"inLanguage":"fi","potentialAction":[{"@type":"ReadAction","target":["https:\/\/teknologiateollisuus.fi\/healthtech\/nelli-karhu-vahvistaa-terveysteknologia-ryn-saadososaamista\/"]}]},{"@type":"ImageObject","inLanguage":"fi","@id":"https:\/\/teknologiateollisuus.fi\/healthtech\/nelli-karhu-vahvistaa-terveysteknologia-ryn-saadososaamista\/#primaryimage","url":"https:\/\/teknologiateollisuus.fi\/healthtech\/wp-content\/uploads\/sites\/8\/2025\/08\/Nelli-Karhu-kasvokuva.jpg","contentUrl":"https:\/\/teknologiateollisuus.fi\/healthtech\/wp-content\/uploads\/sites\/8\/2025\/08\/Nelli-Karhu-kasvokuva.jpg","width":1398,"height":975,"caption":"Nelli Karhu"},{"@type":"BreadcrumbList","@id":"https:\/\/teknologiateollisuus.fi\/healthtech\/nelli-karhu-vahvistaa-terveysteknologia-ryn-saadososaamista\/#breadcrumb","itemListElement":[{"@type":"ListItem","position":1,"name":"Etusivu","item":"https:\/\/teknologiateollisuus.fi\/healthtech\/"},{"@type":"ListItem","position":2,"name":"Ajankohtaista","item":"https:\/\/teknologiateollisuus.fi\/healthtech\/ajankohtaista\/"},{"@type":"ListItem","position":3,"name":"Uutinen","item":"https:\/\/teknologiateollisuus.fi\/healthtech\/ajankohtaista\/?categories=14"},{"@type":"ListItem","position":4,"name":"Nelli Karhu vahvistaa Terveysteknologia ry:n s\u00e4\u00e4d\u00f6sosaamista"}]},{"@type":"WebSite","@id":"https:\/\/teknologiateollisuus.fi\/healthtech\/#website","url":"https:\/\/teknologiateollisuus.fi\/healthtech\/","name":"Terveysteknologia","description":"","potentialAction":[{"@type":"SearchAction","target":{"@type":"EntryPoint","urlTemplate":"https:\/\/teknologiateollisuus.fi\/healthtech\/?s={search_term_string}"},"query-input":{"@type":"PropertyValueSpecification","valueRequired":true,"valueName":"search_term_string"}}],"inLanguage":"fi"},{"@type":"Person","@id":"https:\/\/teknologiateollisuus.fi\/healthtech\/#\/schema\/person\/964d40eb9a84d0edfc1989b7784ea950","name":"P\u00e4ivi Ahlgren","image":{"@type":"ImageObject","inLanguage":"fi","@id":"https:\/\/secure.gravatar.com\/avatar\/d49c8c4a3ac6bce6f1ed1a4445d5b60a53463c32cb6ebcf6e0375dcece39eaca?s=96&d=mm&r=g","url":"https:\/\/secure.gravatar.com\/avatar\/d49c8c4a3ac6bce6f1ed1a4445d5b60a53463c32cb6ebcf6e0375dcece39eaca?s=96&d=mm&r=g","contentUrl":"https:\/\/secure.gravatar.com\/avatar\/d49c8c4a3ac6bce6f1ed1a4445d5b60a53463c32cb6ebcf6e0375dcece39eaca?s=96&d=mm&r=g","caption":"P\u00e4ivi Ahlgren"}}]}},"lang":"fi","translations":{"fi":5011},"pll_sync_post":{},"_links":{"self":[{"href":"https:\/\/teknologiateollisuus.fi\/healthtech\/wp-json\/wp\/v2\/posts\/5011","targetHints":{"allow":["GET"]}}],"collection":[{"href":"https:\/\/teknologiateollisuus.fi\/healthtech\/wp-json\/wp\/v2\/posts"}],"about":[{"href":"https:\/\/teknologiateollisuus.fi\/healthtech\/wp-json\/wp\/v2\/types\/post"}],"author":[{"embeddable":true,"href":"https:\/\/teknologiateollisuus.fi\/healthtech\/wp-json\/wp\/v2\/users\/16"}],"replies":[{"embeddable":true,"href":"https:\/\/teknologiateollisuus.fi\/healthtech\/wp-json\/wp\/v2\/comments?post=5011"}],"version-history":[{"count":4,"href":"https:\/\/teknologiateollisuus.fi\/healthtech\/wp-json\/wp\/v2\/posts\/5011\/revisions"}],"predecessor-version":[{"id":5016,"href":"https:\/\/teknologiateollisuus.fi\/healthtech\/wp-json\/wp\/v2\/posts\/5011\/revisions\/5016"}],"wp:featuredmedia":[{"embeddable":true,"href":"https:\/\/teknologiateollisuus.fi\/healthtech\/wp-json\/wp\/v2\/media\/5015"}],"wp:attachment":[{"href":"https:\/\/teknologiateollisuus.fi\/healthtech\/wp-json\/wp\/v2\/media?parent=5011"}],"wp:term":[{"taxonomy":"category","embeddable":true,"href":"https:\/\/teknologiateollisuus.fi\/healthtech\/wp-json\/wp\/v2\/categories?post=5011"},{"taxonomy":"post_tag","embeddable":true,"href":"https:\/\/teknologiateollisuus.fi\/healthtech\/wp-json\/wp\/v2\/tags?post=5011"},{"taxonomy":"em_industry","embeddable":true,"href":"https:\/\/teknologiateollisuus.fi\/healthtech\/wp-json\/wp\/v2\/em_industry?post=5011"},{"taxonomy":"em_theme","embeddable":true,"href":"https:\/\/teknologiateollisuus.fi\/healthtech\/wp-json\/wp\/v2\/em_theme?post=5011"}],"curies":[{"name":"wp","href":"https:\/\/api.w.org\/{rel}","templated":true}]}}