{"id":706,"date":"2024-06-17T12:49:00","date_gmt":"2024-06-17T09:49:00","guid":{"rendered":"https:\/\/teknologiateollisuus.fi\/healthtech\/?p=706"},"modified":"2025-11-03T09:14:08","modified_gmt":"2025-11-03T07:14:08","slug":"tekoalykas-pk-yritys-hanke-on-tuonut-yhteen-asiantuntijoita-yli-rajojen","status":"publish","type":"post","link":"https:\/\/teknologiateollisuus.fi\/healthtech\/tekoalykas-pk-yritys-hanke-on-tuonut-yhteen-asiantuntijoita-yli-rajojen\/","title":{"rendered":"Teko\u00e4lyk\u00e4s pk-yritys -hanke on tuonut yhteen asiantuntijoita yli rajojen"},"content":{"rendered":"\n<h2 class=\"wp-block-heading\" id=\"tekoalykas-pk-yritys-hanke-on-tuonut-yhteen-asiantuntijoita-yli-rajojen\">Teko\u00e4lyk\u00e4s pk-yritys -hanke on tuonut yhteen asiantuntijoita yli rajojen<\/h2>\n\n\n\n<p class=\"is-style-lead\">Terveysteknologia ry tukee omalta osaltaan teko\u00e4lyn hy\u00f6dynt\u00e4mist\u00e4 j\u00e4senyrityksiss\u00e4. Olemme my\u00f6s mukana Teko\u00e4lyk\u00e4s pk-yritys: muutosvoimaa teko\u00e4lyn hy\u00f6dynt\u00e4miseen pk-yrityksille ja niiden ty\u00f6ntekij\u00f6ille -hankkeessa.<\/p>\n\n\n\n<p>Hanke eteni kev\u00e4\u00e4ll\u00e4 toiseen vaiheeseensa, kun Teko\u00e4ly Suomessa -haastattelusarja saatiin p\u00e4\u00e4t\u00f6kseen yhdess\u00e4 Tehoako teko\u00e4lyst\u00e4? -podcastin kanssa. \u00c4\u00e4neen saatiin Sitran yliasiamies&nbsp;<strong>Atte J\u00e4\u00e4skel\u00e4inen<\/strong>, yritysmaailman vaikuttaja&nbsp;<strong>Risto Siilasmaa<\/strong>&nbsp;sek\u00e4 kansainv\u00e4listen asioiden kommentaattori ja Nordic West Officen toimitusjohtaja&nbsp;<strong>Risto A.J. Penttil\u00e4<\/strong>. Haastattelusarjan voi katsoa&nbsp;<a href=\"https:\/\/eur01.safelinks.protection.outlook.com\/?url=https%3A%2F%2Fwww.youtube.com%2Fwatch%3Fv%3DOmvZonnGE9Y%26list%3DPLv2-rjpkcTb6srpa2ZYyxvuq9dU-YyXpA&amp;data=05%7C02%7Cpaivi.ahlgren%40teknologiateollisuus.fi%7Cb6030a7e3155475652d908dc8c36d366%7Cf76946dcd9fc4b0882aadb1d2a9b8ed0%7C0%7C0%7C638539414332032779%7CUnknown%7CTWFpbGZsb3d8eyJWIjoiMC4wLjAwMDAiLCJQIjoiV2luMzIiLCJBTiI6Ik1haWwiLCJXVCI6Mn0%3D%7C0%7C%7C%7C&amp;sdata=JjxcPRkqHn6K0iE7Uqe%2FglpYFhgqaKPt1oKOihVG1Nc%3D&amp;reserved=0\">YouTubesta<\/a>&nbsp;tai kuunnella&nbsp;<a href=\"https:\/\/eur01.safelinks.protection.outlook.com\/?url=https%3A%2F%2Fopen.spotify.com%2Fshow%2F5CNJoF7OHfLAeh3JDfJaWx&amp;data=05%7C02%7Cpaivi.ahlgren%40teknologiateollisuus.fi%7Cb6030a7e3155475652d908dc8c36d366%7Cf76946dcd9fc4b0882aadb1d2a9b8ed0%7C0%7C0%7C638539414332045691%7CUnknown%7CTWFpbGZsb3d8eyJWIjoiMC4wLjAwMDAiLCJQIjoiV2luMzIiLCJBTiI6Ik1haWwiLCJXVCI6Mn0%3D%7C0%7C%7C%7C&amp;sdata=HR0oA7BQ92abRr2C4Utij9LAXHSyPpbKARJfhg7EjAQ%3D&amp;reserved=0\">Spotifyst\u00e4<\/a>.<\/p>\n\n\n\n<h3 class=\"wp-block-heading\" id=\"idearikas-taustavaikuttaja-ja-innokas-yhdessatekija\">Idearikas taustavaikuttaja ja innokas yhdess\u00e4tekij\u00e4<\/h3>\n\n\n\n<p>Haaga-Helia ammattikorkeakoulun projektip\u00e4\u00e4llikk\u00f6&nbsp;<strong>Anna Lahtinen<\/strong>&nbsp;iloitsee, miten sujuvasti kaikki on mennyt. Hankkeen ohjausryhm\u00e4 on osoittautunut paitsi idearikkaaksi taustavaikuttajaksi my\u00f6s innokkaaksi tekem\u00e4\u00e4n yhdess\u00e4 eri tuotantoja. Ohjausryhm\u00e4mme j\u00e4senten asiantuntemus on mahdollistanut monipuolisen sis\u00e4ll\u00f6ntuotannon. He ovat olleet aktiivisesti mukana kaikessa tekemisess\u00e4mme, ja osallistuneet niin yhteiskirjoittamiseen, haastattelusarjamme Q&amp;A-osioon kuin Tehoako teko\u00e4lyst\u00e4? -podcastien tuotantoonkin, h\u00e4n kertoo.<\/p>\n\n\n\n<p>Seuraavaksi tuotantovuorossa on Muutosvoimaa teko\u00e4lyst\u00e4 e-kirja, joka tullaan julkaisemaan ensi syksyn\u00e4. Interaktiivinen e-kirja kirjoitetaan erityisesti yksil\u00f6n ja ty\u00f6el\u00e4m\u00e4n tarpeita silm\u00e4ll\u00e4 pit\u00e4en. Lahtisen mukaan h\u00e4nen tiimins\u00e4 tavoitteena on luoda helposti l\u00e4hestytt\u00e4v\u00e4 ja ymm\u00e4rrett\u00e4v\u00e4 kirja, jotta kukaan ei j\u00e4isi yksin teko\u00e4lyasioiden kanssa.<\/p>\n\n\n\n<h3 class=\"wp-block-heading\" id=\"tekoaly-suomessa-valtakunnallinen-webinaari-10-10-2024\">\u201dTeko\u00e4ly Suomessa\u201d \u2013 valtakunnallinen webinaari 10.10.2024<\/h3>\n\n\n\n<p>Syksyn \u201dTeko\u00e4ly Suomessa\u201d -webinaari tuo yhteen innostavia puhujia, k\u00e4yt\u00e4nn\u00f6n tietoa ja tuoreimpia tutkimuksia teko\u00e4lyst\u00e4. Esiintyjien joukossa ovat Ylen J\u00e4lkidigist\u00e4 tuttu Sofigaten Executive CTO&nbsp;<strong>Lassi Kurkij\u00e4rvi<\/strong>, Futuricen perustaja ja omistaja&nbsp;<strong>Tuomas Syrj\u00e4nen<\/strong>, yritt\u00e4j\u00e4 ja teknologiavaikuttaja&nbsp;<strong>Maria Ritala<\/strong>&nbsp;ja AI Finland -verkoston johtaja&nbsp;<strong>Karoliina Partanen<\/strong>. Tapahtuma tarjoaa erityisesti ty\u00f6el\u00e4m\u00e4ss\u00e4 oleville suunnattua sis\u00e4lt\u00f6\u00e4 ja k\u00e4yt\u00e4nn\u00f6n ty\u00f6kaluja teko\u00e4lyn hy\u00f6dynt\u00e4miseen omassa ty\u00f6ss\u00e4 sek\u00e4 yritysten ja organisaatioiden toiminnassa. Webinaari toteutetaan torstaina 10.10.2024 klo 10.00\u201311.30. Ilmoittaudu ennakkoon Webropol-linkin kautta&nbsp;<a href=\"https:\/\/eur01.safelinks.protection.outlook.com\/?url=https%3A%2F%2Flink.webropol.com%2Fep%2Ftekoaly-suomessa&amp;data=05%7C02%7Cpaivi.ahlgren%40teknologiateollisuus.fi%7Cb6030a7e3155475652d908dc8c36d366%7Cf76946dcd9fc4b0882aadb1d2a9b8ed0%7C0%7C0%7C638539414332054588%7CUnknown%7CTWFpbGZsb3d8eyJWIjoiMC4wLjAwMDAiLCJQIjoiV2luMzIiLCJBTiI6Ik1haWwiLCJXVCI6Mn0%3D%7C0%7C%7C%7C&amp;sdata=aC0MxEe4nb0ZL%2FIm4jhdrASL%2FdC0EhfjRECW4h0F4yQ%3D&amp;reserved=0\">t\u00e4ss\u00e4<\/a>.<\/p>\n\n\n\n<h3 class=\"wp-block-heading\" id=\"taustalla-merkittava-yhteistyoverkosto\">Taustalla merkitt\u00e4v\u00e4 yhteisty\u00f6verkosto<\/h3>\n\n\n\n<p>Teko\u00e4lyk\u00e4s pk-yritys -hankkeen verkosto- ja viestint\u00e4kumppaneina ovat Business Helsinki, Keski-Uudenmaan kehitysyhti\u00f6 KEUKE, L\u00e4nsi-Uudenmaan kauppakamari, Suomen yritt\u00e4j\u00e4t, Terveysteknologia, Tradenomiliitto ja Yrityskummit. Hanke tekee yhteisty\u00f6t\u00e4 my\u00f6s Turun kauppakamarin, It\u00e4-Uudenmaan kehitysyhti\u00f6 Posintran ja Kotkan-Haminan seudun kehitt\u00e4misyhti\u00f6 Cursorin kanssa. Hankkeen rahoittaa Ty\u00f6suojelurahasto. Ohjausryhm\u00e4\u00e4n kuuluvat Terveysteknologian&nbsp;<strong>Saara Hassinen<\/strong>, Suomen Yrityskummien&nbsp;<strong>Jerker Forsblom<\/strong>&nbsp;ja&nbsp;<strong>P\u00e4ivi Heikinheimo<\/strong>, Ty\u00f6suojelurahaston&nbsp;<strong>P\u00e4ivi-Maria Isok\u00e4\u00e4nt\u00e4<\/strong>, L\u00e4nsi-Uudenmaan kauppakamarin&nbsp;<strong>Tommi Knaapinen<\/strong>, AIThinkin&nbsp;<strong>Sami Masala<\/strong>, Business Helsingin&nbsp;<strong>Ossi Mattila<\/strong>, Uudenmaan yritt\u00e4jien&nbsp;<strong>Petri Ovaska<\/strong>,&nbsp;<strong>Elina Pekkarinen<\/strong>&nbsp;KEUKE:lta, Haaga-Helian&nbsp;<strong>Anna Rissanen<\/strong>&nbsp;ja&nbsp;<strong>Hannu Vaahtera<\/strong>, Nestor Partnersin&nbsp;<strong>Timo Ronkainen<\/strong>,&nbsp;<strong>Henrik Keinonen<\/strong>&nbsp;Aalto-yliopistolta,&nbsp;<strong>Lassi Kurkij\u00e4rvi<\/strong>&nbsp;Sofigatelta sek\u00e4 Tradenomiliiton&nbsp;<strong>Tuomas Meriniemi<\/strong>.<\/p>\n\n\n\n<p>Lis\u00e4\u00e4 tietoa hankkeesta ja sen tuotoksista l\u00f6yd\u00e4t osoitteesta&nbsp;<a href=\"https:\/\/eur01.safelinks.protection.outlook.com\/?url=https%3A%2F%2Fwww.aistories.fi%2F&amp;data=05%7C02%7Cpaivi.ahlgren%40teknologiateollisuus.fi%7Cb6030a7e3155475652d908dc8c36d366%7Cf76946dcd9fc4b0882aadb1d2a9b8ed0%7C0%7C0%7C638539414332060926%7CUnknown%7CTWFpbGZsb3d8eyJWIjoiMC4wLjAwMDAiLCJQIjoiV2luMzIiLCJBTiI6Ik1haWwiLCJXVCI6Mn0%3D%7C0%7C%7C%7C&amp;sdata=BfHvuLln94RJLLrt%2BBAkp1ce%2Bn0i9g7ao1RO0lBW1oY%3D&amp;reserved=0\">https:\/\/www.aistories.fi<\/a>&nbsp;sek\u00e4 LinkedInin&nbsp;<a href=\"https:\/\/eur01.safelinks.protection.outlook.com\/?url=https%3A%2F%2Fwww.linkedin.com%2Fcompany%2Fai-in-business%2F&amp;data=05%7C02%7Cpaivi.ahlgren%40teknologiateollisuus.fi%7Cb6030a7e3155475652d908dc8c36d366%7Cf76946dcd9fc4b0882aadb1d2a9b8ed0%7C0%7C0%7C638539414332066811%7CUnknown%7CTWFpbGZsb3d8eyJWIjoiMC4wLjAwMDAiLCJQIjoiV2luMzIiLCJBTiI6Ik1haWwiLCJXVCI6Mn0%3D%7C0%7C%7C%7C&amp;sdata=L8idEDxbMPKYRag0dA3EbE%2Fs8P2owTp8dbawcG03ZS8%3D&amp;reserved=0\">Teko\u00e4ly t\u00f6iss\u00e4<\/a>&nbsp;-yhteis\u00f6st\u00e4. Voit tutustua Teko\u00e4lyk\u00e4s pk-yritys -hankkeen tuotoksiin alapuolella olevien linkkien kautta:<\/p>\n\n\n\n<ul class=\"wp-block-list\">\n<li><a href=\"https:\/\/eur01.safelinks.protection.outlook.com\/?url=https%3A%2F%2Fwww.youtube.com%2Fplaylist%3Flist%3DPLEe_RF90ThZWif88EDOXL2Wvmci6ORoOx&amp;data=05%7C02%7Cpaivi.ahlgren%40teknologiateollisuus.fi%7Cb6030a7e3155475652d908dc8c36d366%7Cf76946dcd9fc4b0882aadb1d2a9b8ed0%7C0%7C0%7C638539414332072576%7CUnknown%7CTWFpbGZsb3d8eyJWIjoiMC4wLjAwMDAiLCJQIjoiV2luMzIiLCJBTiI6Ik1haWwiLCJXVCI6Mn0%3D%7C0%7C%7C%7C&amp;sdata=XUgTiNhv2dzlyMVzaVBE8GqXYFy7r53yzXrirhX8hpA%3D&amp;reserved=0\">Teko\u00e4ly Suomessa -haastattelusarja<\/a><\/li>\n\n\n\n<li><a href=\"https:\/\/eur01.safelinks.protection.outlook.com\/?url=https%3A%2F%2Fsoundcloud.com%2Fuser-845933239%2Fsets%2Ftehoako-tekoaelystae-ideasta%3Futm_source%3Dclipboard%26utm_medium%3Dtext%26utm_campaign%3Dsocial_sharing&amp;data=05%7C02%7Cpaivi.ahlgren%40teknologiateollisuus.fi%7Cb6030a7e3155475652d908dc8c36d366%7Cf76946dcd9fc4b0882aadb1d2a9b8ed0%7C0%7C0%7C638539414332078383%7CUnknown%7CTWFpbGZsb3d8eyJWIjoiMC4wLjAwMDAiLCJQIjoiV2luMzIiLCJBTiI6Ik1haWwiLCJXVCI6Mn0%3D%7C0%7C%7C%7C&amp;sdata=75BPbmotlZAZQTURw3RXZMxR8kWYq%2Bdu3RnJtQD2Q1U%3D&amp;reserved=0\">Tehoako teko\u00e4lyst\u00e4? -podcastsarja<\/a><\/li>\n\n\n\n<li>Hankkeen julkaisut<\/li>\n<\/ul>\n\n\n\n<div class=\"wp-block-scb-columns scb-columns  has-mobile-behavior--stacked em-pattern-event-contacts\">\n<div class=\"wp-block-scb-column scb-column\">\n<h2 class=\"wp-block-heading\" id=\"lisatietoja\">Lis\u00e4tietoja<\/h2>\n\n\n\n<article class=\"em-block-contact-card is-style-list\">\n\n\t<div class=\"em-block-contact-card__image\">\n\t\t\t\t\t<img loading=\"lazy\" decoding=\"async\" width=\"300\" height=\"400\" src=\"https:\/\/teknologiateollisuus.fi\/healthtech\/wp-content\/uploads\/sites\/8\/2024\/06\/Hassinen_Saara_Terveysteknologia-ry-300x400.jpg\" class=\"attachment-portrait size-portrait\" alt=\"Saara Hassinen\" \/>\t\t\t<\/div>\n\t<div class=\"em-block-contact-card__content-wrapper\">\n\t\t<div class=\"em-block-contact-card__content\">\n\t\t\t\t\t\t<h3 class=\"em-block-contact-card__title\"><a target=\"_self\" href=\"https:\/\/teknologiateollisuus.fi\/healthtech\/contacts\/saara-hassinen\/\">Saara Hassinen<\/a><\/h3>\n\t\t\t\t\t\t\t<span class=\"em-block-contact-card__job_title\">Toimitusjohtaja, Managing Director<\/span>\n\t\t\t\t\t\t<span class=\"em-block-contact-card__organisation\">Terveysteknologia ry<\/span>\n\t\t<\/div>\n\t\t<div class=\"em-block-contact-card__content\">\n\t\t\t\t\t\t<address class=\"em-block-contact-card__contact-details\">\n\t\t\t\t<span class=\"em-block-contact-card__phone\">\n\t\t\t\t\t<a href=\"tel:+358 40 531 1661\">+358 40 531 1661<\/a>\n\t\t\t\t<\/span>\n\t\t\t\t<span class=\"em-block-contact-card__email\">\n\t\t\t\t\t<a href=\"mailto:saara.hassinen(at)teknologiateollisuus.fi\">saara.hassinen(at)teknologiateollisuus.fi<\/a>\n\t\t\t\t<\/span>\n\t\t\t<\/address>\n\t\t\t<div class='em-block-contact-card__socials'><div class=\"social-media-links\"><ul class=\"social-media-links__list\"><li><a href=\"https:\/\/twitter.com\/SaaraHassinen\" target=\"_blank\" aria-label=\"Find me on twitter\" data-service=\"twitter\"><\/a><\/li><li><a href=\"https:\/\/linkedin.com\/in\/saara-hassinen-7993121a\" target=\"_blank\" aria-label=\"Find me on linkedin\" data-service=\"linkedin\"><\/a><\/li><\/ul><\/div><\/div>\t\t<\/div>\n\t<\/div>\n\n<\/article>\n<\/div>\n<\/div>\n","protected":false},"excerpt":{"rendered":"<p>Teko\u00e4lyk\u00e4s pk-yritys -hanke on tuonut yhteen asiantuntijoita yli rajojen Terveysteknologia ry tukee omalta osaltaan teko\u00e4lyn hy\u00f6dynt\u00e4mist\u00e4 j\u00e4senyrityksiss\u00e4. Olemme my\u00f6s mukana Teko\u00e4lyk\u00e4s pk-yritys: muutosvoimaa teko\u00e4lyn hy\u00f6dynt\u00e4miseen pk-yrityksille ja niiden ty\u00f6ntekij\u00f6ille -hankkeessa. Hanke eteni kev\u00e4\u00e4ll\u00e4 toiseen vaiheeseensa, kun Teko\u00e4ly Suomessa -haastattelusarja saatiin p\u00e4\u00e4t\u00f6kseen yhdess\u00e4 Tehoako teko\u00e4lyst\u00e4? -podcastin kanssa. \u00c4\u00e4neen saatiin Sitran yliasiamies&nbsp;Atte J\u00e4\u00e4skel\u00e4inen, yritysmaailman vaikuttaja&nbsp;Risto Siilasmaa&nbsp;sek\u00e4 kansainv\u00e4listen [&hellip;]<\/p>\n","protected":false},"author":16,"featured_media":385,"comment_status":"closed","ping_status":"closed","sticky":false,"template":"","format":"standard","meta":{"_acf_changed":false,"_relevanssi_hide_post":"","_relevanssi_hide_content":"","_relevanssi_pin_for_all":"","_relevanssi_pin_keywords":"","_relevanssi_unpin_keywords":"","_relevanssi_related_keywords":"","_relevanssi_related_include_ids":"","_relevanssi_related_exclude_ids":"","_relevanssi_related_no_append":"","_relevanssi_related_not_related":"","_relevanssi_related_posts":"55,53,54,704,57,56","_relevanssi_noindex_reason":"","inline_featured_image":false,"footnotes":""},"categories":[14],"tags":[],"em_industry":[],"em_theme":[51,46,45],"class_list":["post-706","post","type-post","status-publish","format-standard","has-post-thumbnail","hentry","category-uutinen","em_theme-digitalisaatio","em_theme-tki","em_theme-yhteistyo"],"acf":[],"yoast_head":"<!-- This site is optimized with the Yoast SEO Premium plugin v27.1 (Yoast SEO v27.5) - https:\/\/yoast.com\/product\/yoast-seo-premium-wordpress\/ -->\n<title>Teko\u00e4lyk\u00e4s pk-yritys -hanke on tuonut yhteen asiantuntijoita yli rajojen - Terveysteknologia<\/title>\n<meta name=\"robots\" content=\"index, follow, max-snippet:-1, max-image-preview:large, max-video-preview:-1\" \/>\n<link rel=\"canonical\" href=\"https:\/\/teknologiateollisuus.fi\/healthtech\/tekoalykas-pk-yritys-hanke-on-tuonut-yhteen-asiantuntijoita-yli-rajojen\/\" \/>\n<meta property=\"og:locale\" content=\"fi_FI\" \/>\n<meta property=\"og:type\" content=\"article\" \/>\n<meta property=\"og:title\" content=\"Teko\u00e4lyk\u00e4s pk-yritys -hanke on tuonut yhteen asiantuntijoita yli rajojen\" \/>\n<meta property=\"og:description\" content=\"Teko\u00e4lyk\u00e4s pk-yritys -hanke on tuonut yhteen asiantuntijoita yli rajojen Terveysteknologia ry tukee omalta osaltaan teko\u00e4lyn hy\u00f6dynt\u00e4mist\u00e4 j\u00e4senyrityksiss\u00e4. Olemme my\u00f6s mukana Teko\u00e4lyk\u00e4s pk-yritys: muutosvoimaa teko\u00e4lyn hy\u00f6dynt\u00e4miseen pk-yrityksille ja niiden ty\u00f6ntekij\u00f6ille -hankkeessa. Hanke eteni kev\u00e4\u00e4ll\u00e4 toiseen vaiheeseensa, kun Teko\u00e4ly Suomessa -haastattelusarja saatiin p\u00e4\u00e4t\u00f6kseen yhdess\u00e4 Tehoako teko\u00e4lyst\u00e4? -podcastin kanssa. \u00c4\u00e4neen saatiin Sitran yliasiamies&nbsp;Atte J\u00e4\u00e4skel\u00e4inen, yritysmaailman vaikuttaja&nbsp;Risto Siilasmaa&nbsp;sek\u00e4 kansainv\u00e4listen [&hellip;]\" \/>\n<meta property=\"og:url\" content=\"https:\/\/teknologiateollisuus.fi\/healthtech\/tekoalykas-pk-yritys-hanke-on-tuonut-yhteen-asiantuntijoita-yli-rajojen\/\" \/>\n<meta property=\"og:site_name\" content=\"Terveysteknologia\" \/>\n<meta property=\"article:published_time\" content=\"2024-06-17T09:49:00+00:00\" \/>\n<meta property=\"article:modified_time\" content=\"2025-11-03T07:14:08+00:00\" \/>\n<meta property=\"og:image\" content=\"https:\/\/teknologiateollisuus.fi\/healthtech\/wp-content\/uploads\/sites\/8\/2024\/06\/tekoalykas-pk-yritys.jpg\" \/>\n\t<meta property=\"og:image:width\" content=\"1000\" \/>\n\t<meta property=\"og:image:height\" content=\"667\" \/>\n\t<meta property=\"og:image:type\" content=\"image\/jpeg\" \/>\n<meta name=\"author\" content=\"P\u00e4ivi Ahlgren\" \/>\n<meta name=\"twitter:card\" content=\"summary_large_image\" \/>\n<meta name=\"twitter:label1\" content=\"Kirjoittanut\" \/>\n\t<meta name=\"twitter:data1\" content=\"P\u00e4ivi Ahlgren\" \/>\n\t<meta name=\"twitter:label2\" content=\"Arvioitu lukuaika\" \/>\n\t<meta name=\"twitter:data2\" content=\"3 minuuttia\" \/>\n<script type=\"application\/ld+json\" class=\"yoast-schema-graph\">{\"@context\":\"https:\\\/\\\/schema.org\",\"@graph\":[{\"@type\":\"Article\",\"@id\":\"https:\\\/\\\/teknologiateollisuus.fi\\\/healthtech\\\/tekoalykas-pk-yritys-hanke-on-tuonut-yhteen-asiantuntijoita-yli-rajojen\\\/#article\",\"isPartOf\":{\"@id\":\"https:\\\/\\\/teknologiateollisuus.fi\\\/healthtech\\\/tekoalykas-pk-yritys-hanke-on-tuonut-yhteen-asiantuntijoita-yli-rajojen\\\/\"},\"author\":{\"name\":\"P\u00e4ivi Ahlgren\",\"@id\":\"https:\\\/\\\/teknologiateollisuus.fi\\\/healthtech\\\/#\\\/schema\\\/person\\\/964d40eb9a84d0edfc1989b7784ea950\"},\"headline\":\"Teko\u00e4lyk\u00e4s pk-yritys -hanke on tuonut yhteen asiantuntijoita yli rajojen\",\"datePublished\":\"2024-06-17T09:49:00+00:00\",\"dateModified\":\"2025-11-03T07:14:08+00:00\",\"mainEntityOfPage\":{\"@id\":\"https:\\\/\\\/teknologiateollisuus.fi\\\/healthtech\\\/tekoalykas-pk-yritys-hanke-on-tuonut-yhteen-asiantuntijoita-yli-rajojen\\\/\"},\"wordCount\":531,\"image\":{\"@id\":\"https:\\\/\\\/teknologiateollisuus.fi\\\/healthtech\\\/tekoalykas-pk-yritys-hanke-on-tuonut-yhteen-asiantuntijoita-yli-rajojen\\\/#primaryimage\"},\"thumbnailUrl\":\"https:\\\/\\\/teknologiateollisuus.fi\\\/healthtech\\\/wp-content\\\/uploads\\\/sites\\\/8\\\/2024\\\/06\\\/tekoalykas-pk-yritys.jpg\",\"articleSection\":[\"Uutinen\"],\"inLanguage\":\"fi\"},{\"@type\":\"WebPage\",\"@id\":\"https:\\\/\\\/teknologiateollisuus.fi\\\/healthtech\\\/tekoalykas-pk-yritys-hanke-on-tuonut-yhteen-asiantuntijoita-yli-rajojen\\\/\",\"url\":\"https:\\\/\\\/teknologiateollisuus.fi\\\/healthtech\\\/tekoalykas-pk-yritys-hanke-on-tuonut-yhteen-asiantuntijoita-yli-rajojen\\\/\",\"name\":\"Teko\u00e4lyk\u00e4s pk-yritys -hanke on tuonut yhteen asiantuntijoita yli rajojen - Terveysteknologia\",\"isPartOf\":{\"@id\":\"https:\\\/\\\/teknologiateollisuus.fi\\\/healthtech\\\/#website\"},\"primaryImageOfPage\":{\"@id\":\"https:\\\/\\\/teknologiateollisuus.fi\\\/healthtech\\\/tekoalykas-pk-yritys-hanke-on-tuonut-yhteen-asiantuntijoita-yli-rajojen\\\/#primaryimage\"},\"image\":{\"@id\":\"https:\\\/\\\/teknologiateollisuus.fi\\\/healthtech\\\/tekoalykas-pk-yritys-hanke-on-tuonut-yhteen-asiantuntijoita-yli-rajojen\\\/#primaryimage\"},\"thumbnailUrl\":\"https:\\\/\\\/teknologiateollisuus.fi\\\/healthtech\\\/wp-content\\\/uploads\\\/sites\\\/8\\\/2024\\\/06\\\/tekoalykas-pk-yritys.jpg\",\"datePublished\":\"2024-06-17T09:49:00+00:00\",\"dateModified\":\"2025-11-03T07:14:08+00:00\",\"author\":{\"@id\":\"https:\\\/\\\/teknologiateollisuus.fi\\\/healthtech\\\/#\\\/schema\\\/person\\\/964d40eb9a84d0edfc1989b7784ea950\"},\"breadcrumb\":{\"@id\":\"https:\\\/\\\/teknologiateollisuus.fi\\\/healthtech\\\/tekoalykas-pk-yritys-hanke-on-tuonut-yhteen-asiantuntijoita-yli-rajojen\\\/#breadcrumb\"},\"inLanguage\":\"fi\",\"potentialAction\":[{\"@type\":\"ReadAction\",\"target\":[\"https:\\\/\\\/teknologiateollisuus.fi\\\/healthtech\\\/tekoalykas-pk-yritys-hanke-on-tuonut-yhteen-asiantuntijoita-yli-rajojen\\\/\"]}]},{\"@type\":\"ImageObject\",\"inLanguage\":\"fi\",\"@id\":\"https:\\\/\\\/teknologiateollisuus.fi\\\/healthtech\\\/tekoalykas-pk-yritys-hanke-on-tuonut-yhteen-asiantuntijoita-yli-rajojen\\\/#primaryimage\",\"url\":\"https:\\\/\\\/teknologiateollisuus.fi\\\/healthtech\\\/wp-content\\\/uploads\\\/sites\\\/8\\\/2024\\\/06\\\/tekoalykas-pk-yritys.jpg\",\"contentUrl\":\"https:\\\/\\\/teknologiateollisuus.fi\\\/healthtech\\\/wp-content\\\/uploads\\\/sites\\\/8\\\/2024\\\/06\\\/tekoalykas-pk-yritys.jpg\",\"width\":1000,\"height\":667,\"caption\":\"teko\u00e4lyk\u00e4s pk-yritys\"},{\"@type\":\"BreadcrumbList\",\"@id\":\"https:\\\/\\\/teknologiateollisuus.fi\\\/healthtech\\\/tekoalykas-pk-yritys-hanke-on-tuonut-yhteen-asiantuntijoita-yli-rajojen\\\/#breadcrumb\",\"itemListElement\":[{\"@type\":\"ListItem\",\"position\":1,\"name\":\"Etusivu\",\"item\":\"https:\\\/\\\/teknologiateollisuus.fi\\\/healthtech\\\/\"},{\"@type\":\"ListItem\",\"position\":2,\"name\":\"Ajankohtaista\",\"item\":\"https:\\\/\\\/teknologiateollisuus.fi\\\/healthtech\\\/ajankohtaista\\\/\"},{\"@type\":\"ListItem\",\"position\":3,\"name\":\"Uutinen\",\"item\":\"https:\\\/\\\/teknologiateollisuus.fi\\\/healthtech\\\/ajankohtaista\\\/?categories=14\"},{\"@type\":\"ListItem\",\"position\":4,\"name\":\"Teko\u00e4lyk\u00e4s pk-yritys -hanke on tuonut yhteen asiantuntijoita yli rajojen\"}]},{\"@type\":\"WebSite\",\"@id\":\"https:\\\/\\\/teknologiateollisuus.fi\\\/healthtech\\\/#website\",\"url\":\"https:\\\/\\\/teknologiateollisuus.fi\\\/healthtech\\\/\",\"name\":\"Terveysteknologia\",\"description\":\"\",\"potentialAction\":[{\"@type\":\"SearchAction\",\"target\":{\"@type\":\"EntryPoint\",\"urlTemplate\":\"https:\\\/\\\/teknologiateollisuus.fi\\\/healthtech\\\/?s={search_term_string}\"},\"query-input\":{\"@type\":\"PropertyValueSpecification\",\"valueRequired\":true,\"valueName\":\"search_term_string\"}}],\"inLanguage\":\"fi\"},{\"@type\":\"Person\",\"@id\":\"https:\\\/\\\/teknologiateollisuus.fi\\\/healthtech\\\/#\\\/schema\\\/person\\\/964d40eb9a84d0edfc1989b7784ea950\",\"name\":\"P\u00e4ivi Ahlgren\",\"image\":{\"@type\":\"ImageObject\",\"inLanguage\":\"fi\",\"@id\":\"https:\\\/\\\/secure.gravatar.com\\\/avatar\\\/d49c8c4a3ac6bce6f1ed1a4445d5b60a53463c32cb6ebcf6e0375dcece39eaca?s=96&d=mm&r=g\",\"url\":\"https:\\\/\\\/secure.gravatar.com\\\/avatar\\\/d49c8c4a3ac6bce6f1ed1a4445d5b60a53463c32cb6ebcf6e0375dcece39eaca?s=96&d=mm&r=g\",\"contentUrl\":\"https:\\\/\\\/secure.gravatar.com\\\/avatar\\\/d49c8c4a3ac6bce6f1ed1a4445d5b60a53463c32cb6ebcf6e0375dcece39eaca?s=96&d=mm&r=g\",\"caption\":\"P\u00e4ivi Ahlgren\"}}]}<\/script>\n<!-- \/ Yoast SEO Premium plugin. -->","yoast_head_json":{"title":"Teko\u00e4lyk\u00e4s pk-yritys -hanke on tuonut yhteen asiantuntijoita yli rajojen - Terveysteknologia","robots":{"index":"index","follow":"follow","max-snippet":"max-snippet:-1","max-image-preview":"max-image-preview:large","max-video-preview":"max-video-preview:-1"},"canonical":"https:\/\/teknologiateollisuus.fi\/healthtech\/tekoalykas-pk-yritys-hanke-on-tuonut-yhteen-asiantuntijoita-yli-rajojen\/","og_locale":"fi_FI","og_type":"article","og_title":"Teko\u00e4lyk\u00e4s pk-yritys -hanke on tuonut yhteen asiantuntijoita yli rajojen","og_description":"Teko\u00e4lyk\u00e4s pk-yritys -hanke on tuonut yhteen asiantuntijoita yli rajojen Terveysteknologia ry tukee omalta osaltaan teko\u00e4lyn hy\u00f6dynt\u00e4mist\u00e4 j\u00e4senyrityksiss\u00e4. Olemme my\u00f6s mukana Teko\u00e4lyk\u00e4s pk-yritys: muutosvoimaa teko\u00e4lyn hy\u00f6dynt\u00e4miseen pk-yrityksille ja niiden ty\u00f6ntekij\u00f6ille -hankkeessa. Hanke eteni kev\u00e4\u00e4ll\u00e4 toiseen vaiheeseensa, kun Teko\u00e4ly Suomessa -haastattelusarja saatiin p\u00e4\u00e4t\u00f6kseen yhdess\u00e4 Tehoako teko\u00e4lyst\u00e4? -podcastin kanssa. \u00c4\u00e4neen saatiin Sitran yliasiamies&nbsp;Atte J\u00e4\u00e4skel\u00e4inen, yritysmaailman vaikuttaja&nbsp;Risto Siilasmaa&nbsp;sek\u00e4 kansainv\u00e4listen [&hellip;]","og_url":"https:\/\/teknologiateollisuus.fi\/healthtech\/tekoalykas-pk-yritys-hanke-on-tuonut-yhteen-asiantuntijoita-yli-rajojen\/","og_site_name":"Terveysteknologia","article_published_time":"2024-06-17T09:49:00+00:00","article_modified_time":"2025-11-03T07:14:08+00:00","og_image":[{"width":1000,"height":667,"url":"https:\/\/teknologiateollisuus.fi\/healthtech\/wp-content\/uploads\/sites\/8\/2024\/06\/tekoalykas-pk-yritys.jpg","type":"image\/jpeg"}],"author":"P\u00e4ivi Ahlgren","twitter_card":"summary_large_image","twitter_misc":{"Kirjoittanut":"P\u00e4ivi Ahlgren","Arvioitu lukuaika":"3 minuuttia"},"schema":{"@context":"https:\/\/schema.org","@graph":[{"@type":"Article","@id":"https:\/\/teknologiateollisuus.fi\/healthtech\/tekoalykas-pk-yritys-hanke-on-tuonut-yhteen-asiantuntijoita-yli-rajojen\/#article","isPartOf":{"@id":"https:\/\/teknologiateollisuus.fi\/healthtech\/tekoalykas-pk-yritys-hanke-on-tuonut-yhteen-asiantuntijoita-yli-rajojen\/"},"author":{"name":"P\u00e4ivi Ahlgren","@id":"https:\/\/teknologiateollisuus.fi\/healthtech\/#\/schema\/person\/964d40eb9a84d0edfc1989b7784ea950"},"headline":"Teko\u00e4lyk\u00e4s pk-yritys -hanke on tuonut yhteen asiantuntijoita yli rajojen","datePublished":"2024-06-17T09:49:00+00:00","dateModified":"2025-11-03T07:14:08+00:00","mainEntityOfPage":{"@id":"https:\/\/teknologiateollisuus.fi\/healthtech\/tekoalykas-pk-yritys-hanke-on-tuonut-yhteen-asiantuntijoita-yli-rajojen\/"},"wordCount":531,"image":{"@id":"https:\/\/teknologiateollisuus.fi\/healthtech\/tekoalykas-pk-yritys-hanke-on-tuonut-yhteen-asiantuntijoita-yli-rajojen\/#primaryimage"},"thumbnailUrl":"https:\/\/teknologiateollisuus.fi\/healthtech\/wp-content\/uploads\/sites\/8\/2024\/06\/tekoalykas-pk-yritys.jpg","articleSection":["Uutinen"],"inLanguage":"fi"},{"@type":"WebPage","@id":"https:\/\/teknologiateollisuus.fi\/healthtech\/tekoalykas-pk-yritys-hanke-on-tuonut-yhteen-asiantuntijoita-yli-rajojen\/","url":"https:\/\/teknologiateollisuus.fi\/healthtech\/tekoalykas-pk-yritys-hanke-on-tuonut-yhteen-asiantuntijoita-yli-rajojen\/","name":"Teko\u00e4lyk\u00e4s pk-yritys -hanke on tuonut yhteen asiantuntijoita yli rajojen - Terveysteknologia","isPartOf":{"@id":"https:\/\/teknologiateollisuus.fi\/healthtech\/#website"},"primaryImageOfPage":{"@id":"https:\/\/teknologiateollisuus.fi\/healthtech\/tekoalykas-pk-yritys-hanke-on-tuonut-yhteen-asiantuntijoita-yli-rajojen\/#primaryimage"},"image":{"@id":"https:\/\/teknologiateollisuus.fi\/healthtech\/tekoalykas-pk-yritys-hanke-on-tuonut-yhteen-asiantuntijoita-yli-rajojen\/#primaryimage"},"thumbnailUrl":"https:\/\/teknologiateollisuus.fi\/healthtech\/wp-content\/uploads\/sites\/8\/2024\/06\/tekoalykas-pk-yritys.jpg","datePublished":"2024-06-17T09:49:00+00:00","dateModified":"2025-11-03T07:14:08+00:00","author":{"@id":"https:\/\/teknologiateollisuus.fi\/healthtech\/#\/schema\/person\/964d40eb9a84d0edfc1989b7784ea950"},"breadcrumb":{"@id":"https:\/\/teknologiateollisuus.fi\/healthtech\/tekoalykas-pk-yritys-hanke-on-tuonut-yhteen-asiantuntijoita-yli-rajojen\/#breadcrumb"},"inLanguage":"fi","potentialAction":[{"@type":"ReadAction","target":["https:\/\/teknologiateollisuus.fi\/healthtech\/tekoalykas-pk-yritys-hanke-on-tuonut-yhteen-asiantuntijoita-yli-rajojen\/"]}]},{"@type":"ImageObject","inLanguage":"fi","@id":"https:\/\/teknologiateollisuus.fi\/healthtech\/tekoalykas-pk-yritys-hanke-on-tuonut-yhteen-asiantuntijoita-yli-rajojen\/#primaryimage","url":"https:\/\/teknologiateollisuus.fi\/healthtech\/wp-content\/uploads\/sites\/8\/2024\/06\/tekoalykas-pk-yritys.jpg","contentUrl":"https:\/\/teknologiateollisuus.fi\/healthtech\/wp-content\/uploads\/sites\/8\/2024\/06\/tekoalykas-pk-yritys.jpg","width":1000,"height":667,"caption":"teko\u00e4lyk\u00e4s pk-yritys"},{"@type":"BreadcrumbList","@id":"https:\/\/teknologiateollisuus.fi\/healthtech\/tekoalykas-pk-yritys-hanke-on-tuonut-yhteen-asiantuntijoita-yli-rajojen\/#breadcrumb","itemListElement":[{"@type":"ListItem","position":1,"name":"Etusivu","item":"https:\/\/teknologiateollisuus.fi\/healthtech\/"},{"@type":"ListItem","position":2,"name":"Ajankohtaista","item":"https:\/\/teknologiateollisuus.fi\/healthtech\/ajankohtaista\/"},{"@type":"ListItem","position":3,"name":"Uutinen","item":"https:\/\/teknologiateollisuus.fi\/healthtech\/ajankohtaista\/?categories=14"},{"@type":"ListItem","position":4,"name":"Teko\u00e4lyk\u00e4s pk-yritys -hanke on tuonut yhteen asiantuntijoita yli rajojen"}]},{"@type":"WebSite","@id":"https:\/\/teknologiateollisuus.fi\/healthtech\/#website","url":"https:\/\/teknologiateollisuus.fi\/healthtech\/","name":"Terveysteknologia","description":"","potentialAction":[{"@type":"SearchAction","target":{"@type":"EntryPoint","urlTemplate":"https:\/\/teknologiateollisuus.fi\/healthtech\/?s={search_term_string}"},"query-input":{"@type":"PropertyValueSpecification","valueRequired":true,"valueName":"search_term_string"}}],"inLanguage":"fi"},{"@type":"Person","@id":"https:\/\/teknologiateollisuus.fi\/healthtech\/#\/schema\/person\/964d40eb9a84d0edfc1989b7784ea950","name":"P\u00e4ivi Ahlgren","image":{"@type":"ImageObject","inLanguage":"fi","@id":"https:\/\/secure.gravatar.com\/avatar\/d49c8c4a3ac6bce6f1ed1a4445d5b60a53463c32cb6ebcf6e0375dcece39eaca?s=96&d=mm&r=g","url":"https:\/\/secure.gravatar.com\/avatar\/d49c8c4a3ac6bce6f1ed1a4445d5b60a53463c32cb6ebcf6e0375dcece39eaca?s=96&d=mm&r=g","contentUrl":"https:\/\/secure.gravatar.com\/avatar\/d49c8c4a3ac6bce6f1ed1a4445d5b60a53463c32cb6ebcf6e0375dcece39eaca?s=96&d=mm&r=g","caption":"P\u00e4ivi Ahlgren"}}]}},"lang":"fi","translations":{"fi":706},"pll_sync_post":{},"_links":{"self":[{"href":"https:\/\/teknologiateollisuus.fi\/healthtech\/wp-json\/wp\/v2\/posts\/706","targetHints":{"allow":["GET"]}}],"collection":[{"href":"https:\/\/teknologiateollisuus.fi\/healthtech\/wp-json\/wp\/v2\/posts"}],"about":[{"href":"https:\/\/teknologiateollisuus.fi\/healthtech\/wp-json\/wp\/v2\/types\/post"}],"author":[{"embeddable":true,"href":"https:\/\/teknologiateollisuus.fi\/healthtech\/wp-json\/wp\/v2\/users\/16"}],"replies":[{"embeddable":true,"href":"https:\/\/teknologiateollisuus.fi\/healthtech\/wp-json\/wp\/v2\/comments?post=706"}],"version-history":[{"count":2,"href":"https:\/\/teknologiateollisuus.fi\/healthtech\/wp-json\/wp\/v2\/posts\/706\/revisions"}],"predecessor-version":[{"id":5213,"href":"https:\/\/teknologiateollisuus.fi\/healthtech\/wp-json\/wp\/v2\/posts\/706\/revisions\/5213"}],"wp:featuredmedia":[{"embeddable":true,"href":"https:\/\/teknologiateollisuus.fi\/healthtech\/wp-json\/wp\/v2\/media\/385"}],"wp:attachment":[{"href":"https:\/\/teknologiateollisuus.fi\/healthtech\/wp-json\/wp\/v2\/media?parent=706"}],"wp:term":[{"taxonomy":"category","embeddable":true,"href":"https:\/\/teknologiateollisuus.fi\/healthtech\/wp-json\/wp\/v2\/categories?post=706"},{"taxonomy":"post_tag","embeddable":true,"href":"https:\/\/teknologiateollisuus.fi\/healthtech\/wp-json\/wp\/v2\/tags?post=706"},{"taxonomy":"em_industry","embeddable":true,"href":"https:\/\/teknologiateollisuus.fi\/healthtech\/wp-json\/wp\/v2\/em_industry?post=706"},{"taxonomy":"em_theme","embeddable":true,"href":"https:\/\/teknologiateollisuus.fi\/healthtech\/wp-json\/wp\/v2\/em_theme?post=706"}],"curies":[{"name":"wp","href":"https:\/\/api.w.org\/{rel}","templated":true}]}}