{"id":767,"date":"2020-02-14T08:44:00","date_gmt":"2020-02-14T06:44:00","guid":{"rendered":"https:\/\/teknologiateollisuus.fi\/healthtech\/?p=767"},"modified":"2024-07-05T09:34:20","modified_gmt":"2024-07-05T06:34:20","slug":"sandra-liede-on-uusi-saadosasiantuntija","status":"publish","type":"post","link":"https:\/\/teknologiateollisuus.fi\/healthtech\/sandra-liede-on-uusi-saadosasiantuntija\/","title":{"rendered":"Sandra Liede on uusi s\u00e4\u00e4d\u00f6sasiantuntija"},"content":{"rendered":"\n<p><strong>Tom St\u00e5hlberg <\/strong>teki 16 vuoden uran Terveysteknologia ry:n ja sen j\u00e4senten hyv\u00e4ksi, toimien aluksi Wallac Oy:n edustajana yhdistyksen hallituksessa, sen j\u00e4lkeen yhdistyksen palveluksessa ja lopulta oman yrityksens\u00e4 RaLex Partnersin kautta tuoden laajan asiantuntemuksensa j\u00e4senten k\u00e4ytt\u00f6\u00f6n. Yhdistys on kiitollinen t\u00e4rke\u00e4st\u00e4 panoksesta, koska s\u00e4\u00e4d\u00f6sasioiden haltuunotto on t\u00e4rkein osa yhdistyksen toimintaa ja sen osalta j\u00e4sentyytyv\u00e4isyys on ollut hyv\u00e4\u00e4.<\/p>\n\n\n\n<p>T\u00e4rke\u00e4 ty\u00f6 saa arvoisensa jatkajan, kun OTM <strong>Sandra Liede<\/strong> aloittaa 1.3.2020 s\u00e4\u00e4d\u00f6sasiantuntijana. Terveysteknologia ry:n toimitusjohtaja Saara Hassinen iloitsee saadessaan mukavan ty\u00f6parin, joka on laajasti verkottunut ja hyvin perehtynyt terveydenhuollon laitteiden, tarvikkeiden ja ohjelmistojen s\u00e4\u00e4d\u00f6ksiin. \u201dJuristina Sandra tuo lis\u00e4arvoa yhdistykselle ja s\u00e4\u00e4d\u00f6sty\u00f6ryhmiin. H\u00e4nen vahvuutena on my\u00f6s hy\u00f6dynt\u00e4\u00e4 ty\u00f6ryhmien osaaminen entist\u00e4 paremmin kaikkien j\u00e4senten avuksi.\u201d<\/p>\n\n\n\n<p>Sandra Liedett\u00e4 motivoi uudessa ty\u00f6ss\u00e4 mahdollisuus ty\u00f6skennell\u00e4 laaja-alaisesti terveysteknologia-alan yritysten kanssa ja tuoda alalle monipuolinen ammatillinen kokemuksensa s\u00e4\u00e4ntelyn innovaatiomy\u00f6nteisest\u00e4 ja vastuullisesta soveltamisesta. \u201dOdotan, ett\u00e4 p\u00e4\u00e4sen kehitt\u00e4m\u00e4\u00e4n alan menestysmahdollisuuksia auttamalla mm. monimutkaisten s\u00e4\u00e4d\u00f6sten haltuunotossa ja luomalla verkostojen avulla luottamuksellisen, avoimen ja positiivisen yhteisty\u00f6n ilmapiirin yritysten, viranomaisten sek\u00e4 muiden keskeisten sidosryhmien v\u00e4lille\u201d, h\u00e4n kertoo.<\/p>\n\n\n\n<p>Liede on toiminut viimeisten kolmen vuoden ajan eritysasiantuntijana sosiaali- ja terveysministeri\u00f6ss\u00e4 vastaten mm. genomilain valmistelusta ja biopankkilain p\u00e4ivityksest\u00e4 ja osallistunut hallitusohjelman mukaisesti terveysalan kasvustrategian toimeenpanoon. Lakiesitykset on tarkoitus antaa eduskunnalle t\u00e4m\u00e4n vuoden aikana. \u201dYhteisty\u00f6 ministeri\u00f6n kanssa on aina ollut hyv\u00e4\u00e4 ja jatkossa viel\u00e4 parempaa,\u201d toteaa Hassinen.<\/p>\n\n\n\n<p>Terveysalan kasvustrategia on kolmen ministeri\u00f6n (STM, TEM ja OKM), rahoittajien (Business Finland ja Suomen Akatemia) sek\u00e4 muun julkisen ja yksityisen sektorin yhteinen hanke terveysalan toimintaymp\u00e4rist\u00f6n parantamiseksi, jotta my\u00f6s yritysten kasvu ja kansainv\u00e4listyminen tehostuisi.<\/p>\n\n\n\n<div class=\"wp-block-scb-columns scb-columns  has-mobile-behavior--stacked em-pattern-event-contacts\">\n<div class=\"wp-block-scb-column scb-column\">\n<h2 class=\"wp-block-heading\" id=\"lisatietoja\">Lis\u00e4tietoja<\/h2>\n\n\n\n<article class=\"em-block-contact-card is-style-list\">\n\n\t<div class=\"em-block-contact-card__image\">\n\t\t\t\t\t<img loading=\"lazy\" decoding=\"async\" width=\"300\" height=\"400\" src=\"https:\/\/teknologiateollisuus.fi\/healthtech\/wp-content\/uploads\/sites\/8\/2024\/06\/Hassinen_Saara_Terveysteknologia-ry-300x400.jpg\" class=\"attachment-portrait size-portrait\" alt=\"Saara Hassinen\" \/>\t\t\t<\/div>\n\t<div class=\"em-block-contact-card__content-wrapper\">\n\t\t<div class=\"em-block-contact-card__content\">\n\t\t\t\t\t\t<h3 class=\"em-block-contact-card__title\"><a target=\"_self\" href=\"https:\/\/teknologiateollisuus.fi\/healthtech\/contacts\/saara-hassinen\/\">Saara Hassinen<\/a><\/h3>\n\t\t\t\t\t\t\t<span class=\"em-block-contact-card__job_title\">Toimitusjohtaja, Managing Director<\/span>\n\t\t\t\t\t\t<span class=\"em-block-contact-card__organisation\">Terveysteknologia ry<\/span>\n\t\t<\/div>\n\t\t<div class=\"em-block-contact-card__content\">\n\t\t\t\t\t\t<address class=\"em-block-contact-card__contact-details\">\n\t\t\t\t<span class=\"em-block-contact-card__phone\">\n\t\t\t\t\t<a href=\"tel:+358 40 531 1661\">+358 40 531 1661<\/a>\n\t\t\t\t<\/span>\n\t\t\t\t<span class=\"em-block-contact-card__email\">\n\t\t\t\t\t<a href=\"mailto:saara.hassinen(at)teknologiateollisuus.fi\">saara.hassinen(at)teknologiateollisuus.fi<\/a>\n\t\t\t\t<\/span>\n\t\t\t<\/address>\n\t\t\t<div class='em-block-contact-card__socials'><div class=\"social-media-links\"><ul class=\"social-media-links__list\"><li><a href=\"https:\/\/twitter.com\/SaaraHassinen\" target=\"_blank\" aria-label=\"Find me on twitter\" data-service=\"twitter\"><\/a><\/li><li><a href=\"https:\/\/linkedin.com\/in\/saara-hassinen-7993121a\" target=\"_blank\" aria-label=\"Find me on linkedin\" data-service=\"linkedin\"><\/a><\/li><\/ul><\/div><\/div>\t\t<\/div>\n\t<\/div>\n\n<\/article>\n<\/div>\n<\/div>\n","protected":false},"excerpt":{"rendered":"<p>Tom St\u00e5hlberg teki 16 vuoden uran Terveysteknologia ry:n ja sen j\u00e4senten hyv\u00e4ksi, toimien aluksi Wallac Oy:n edustajana yhdistyksen hallituksessa, sen j\u00e4lkeen yhdistyksen palveluksessa ja lopulta oman yrityksens\u00e4 RaLex Partnersin kautta tuoden laajan asiantuntemuksensa j\u00e4senten k\u00e4ytt\u00f6\u00f6n. Yhdistys on kiitollinen t\u00e4rke\u00e4st\u00e4 panoksesta, koska s\u00e4\u00e4d\u00f6sasioiden haltuunotto on t\u00e4rkein osa yhdistyksen toimintaa ja sen osalta j\u00e4sentyytyv\u00e4isyys on ollut hyv\u00e4\u00e4. [&hellip;]<\/p>\n","protected":false},"author":16,"featured_media":288,"comment_status":"closed","ping_status":"closed","sticky":false,"template":"","format":"standard","meta":{"_acf_changed":false,"_relevanssi_hide_post":"","_relevanssi_hide_content":"","_relevanssi_pin_for_all":"","_relevanssi_pin_keywords":"","_relevanssi_unpin_keywords":"","_relevanssi_related_keywords":"","_relevanssi_related_include_ids":"","_relevanssi_related_exclude_ids":"","_relevanssi_related_no_append":"","_relevanssi_related_not_related":"","_relevanssi_related_posts":"710,518,706,731,734,765","_relevanssi_noindex_reason":"","inline_featured_image":false,"footnotes":""},"categories":[16],"tags":[],"em_industry":[],"em_theme":[],"class_list":["post-767","post","type-post","status-publish","format-standard","has-post-thumbnail","hentry","category-tiedote"],"acf":[],"yoast_head":"<!-- This site is optimized with the Yoast SEO Premium plugin v27.1 (Yoast SEO v27.5) - https:\/\/yoast.com\/product\/yoast-seo-premium-wordpress\/ -->\n<title>Sandra Liede on uusi s\u00e4\u00e4d\u00f6sasiantuntija - Terveysteknologia<\/title>\n<meta name=\"robots\" content=\"index, follow, max-snippet:-1, max-image-preview:large, max-video-preview:-1\" \/>\n<link rel=\"canonical\" href=\"https:\/\/teknologiateollisuus.fi\/healthtech\/sandra-liede-on-uusi-saadosasiantuntija\/\" \/>\n<meta property=\"og:locale\" content=\"fi_FI\" \/>\n<meta property=\"og:type\" content=\"article\" \/>\n<meta property=\"og:title\" content=\"Sandra Liede on uusi s\u00e4\u00e4d\u00f6sasiantuntija\" \/>\n<meta property=\"og:description\" content=\"Tom St\u00e5hlberg teki 16 vuoden uran Terveysteknologia ry:n ja sen j\u00e4senten hyv\u00e4ksi, toimien aluksi Wallac Oy:n edustajana yhdistyksen hallituksessa, sen j\u00e4lkeen yhdistyksen palveluksessa ja lopulta oman yrityksens\u00e4 RaLex Partnersin kautta tuoden laajan asiantuntemuksensa j\u00e4senten k\u00e4ytt\u00f6\u00f6n. Yhdistys on kiitollinen t\u00e4rke\u00e4st\u00e4 panoksesta, koska s\u00e4\u00e4d\u00f6sasioiden haltuunotto on t\u00e4rkein osa yhdistyksen toimintaa ja sen osalta j\u00e4sentyytyv\u00e4isyys on ollut hyv\u00e4\u00e4. [&hellip;]\" \/>\n<meta property=\"og:url\" content=\"https:\/\/teknologiateollisuus.fi\/healthtech\/sandra-liede-on-uusi-saadosasiantuntija\/\" \/>\n<meta property=\"og:site_name\" content=\"Terveysteknologia\" \/>\n<meta property=\"article:published_time\" content=\"2020-02-14T06:44:00+00:00\" \/>\n<meta property=\"article:modified_time\" content=\"2024-07-05T06:34:20+00:00\" \/>\n<meta property=\"og:image\" content=\"https:\/\/teknologiateollisuus.fi\/healthtech\/wp-content\/uploads\/sites\/8\/2024\/06\/Sandra-Liede-mustavalko.png\" \/>\n\t<meta property=\"og:image:width\" content=\"315\" \/>\n\t<meta property=\"og:image:height\" content=\"317\" \/>\n\t<meta property=\"og:image:type\" content=\"image\/png\" \/>\n<meta name=\"author\" content=\"P\u00e4ivi Ahlgren\" \/>\n<meta name=\"twitter:card\" content=\"summary_large_image\" \/>\n<meta name=\"twitter:label1\" content=\"Kirjoittanut\" \/>\n\t<meta name=\"twitter:data1\" content=\"P\u00e4ivi Ahlgren\" \/>\n\t<meta name=\"twitter:label2\" content=\"Arvioitu lukuaika\" \/>\n\t<meta name=\"twitter:data2\" content=\"2 minuuttia\" \/>\n<script type=\"application\/ld+json\" class=\"yoast-schema-graph\">{\"@context\":\"https:\\\/\\\/schema.org\",\"@graph\":[{\"@type\":\"Article\",\"@id\":\"https:\\\/\\\/teknologiateollisuus.fi\\\/healthtech\\\/sandra-liede-on-uusi-saadosasiantuntija\\\/#article\",\"isPartOf\":{\"@id\":\"https:\\\/\\\/teknologiateollisuus.fi\\\/healthtech\\\/sandra-liede-on-uusi-saadosasiantuntija\\\/\"},\"author\":{\"name\":\"P\u00e4ivi Ahlgren\",\"@id\":\"https:\\\/\\\/teknologiateollisuus.fi\\\/healthtech\\\/#\\\/schema\\\/person\\\/964d40eb9a84d0edfc1989b7784ea950\"},\"headline\":\"Sandra Liede on uusi s\u00e4\u00e4d\u00f6sasiantuntija\",\"datePublished\":\"2020-02-14T06:44:00+00:00\",\"dateModified\":\"2024-07-05T06:34:20+00:00\",\"mainEntityOfPage\":{\"@id\":\"https:\\\/\\\/teknologiateollisuus.fi\\\/healthtech\\\/sandra-liede-on-uusi-saadosasiantuntija\\\/\"},\"wordCount\":300,\"image\":{\"@id\":\"https:\\\/\\\/teknologiateollisuus.fi\\\/healthtech\\\/sandra-liede-on-uusi-saadosasiantuntija\\\/#primaryimage\"},\"thumbnailUrl\":\"https:\\\/\\\/teknologiateollisuus.fi\\\/healthtech\\\/wp-content\\\/uploads\\\/sites\\\/8\\\/2024\\\/06\\\/Sandra-Liede-mustavalko.png\",\"articleSection\":[\"Tiedote\"],\"inLanguage\":\"fi\"},{\"@type\":\"WebPage\",\"@id\":\"https:\\\/\\\/teknologiateollisuus.fi\\\/healthtech\\\/sandra-liede-on-uusi-saadosasiantuntija\\\/\",\"url\":\"https:\\\/\\\/teknologiateollisuus.fi\\\/healthtech\\\/sandra-liede-on-uusi-saadosasiantuntija\\\/\",\"name\":\"Sandra Liede on uusi s\u00e4\u00e4d\u00f6sasiantuntija - Terveysteknologia\",\"isPartOf\":{\"@id\":\"https:\\\/\\\/teknologiateollisuus.fi\\\/healthtech\\\/#website\"},\"primaryImageOfPage\":{\"@id\":\"https:\\\/\\\/teknologiateollisuus.fi\\\/healthtech\\\/sandra-liede-on-uusi-saadosasiantuntija\\\/#primaryimage\"},\"image\":{\"@id\":\"https:\\\/\\\/teknologiateollisuus.fi\\\/healthtech\\\/sandra-liede-on-uusi-saadosasiantuntija\\\/#primaryimage\"},\"thumbnailUrl\":\"https:\\\/\\\/teknologiateollisuus.fi\\\/healthtech\\\/wp-content\\\/uploads\\\/sites\\\/8\\\/2024\\\/06\\\/Sandra-Liede-mustavalko.png\",\"datePublished\":\"2020-02-14T06:44:00+00:00\",\"dateModified\":\"2024-07-05T06:34:20+00:00\",\"author\":{\"@id\":\"https:\\\/\\\/teknologiateollisuus.fi\\\/healthtech\\\/#\\\/schema\\\/person\\\/964d40eb9a84d0edfc1989b7784ea950\"},\"breadcrumb\":{\"@id\":\"https:\\\/\\\/teknologiateollisuus.fi\\\/healthtech\\\/sandra-liede-on-uusi-saadosasiantuntija\\\/#breadcrumb\"},\"inLanguage\":\"fi\",\"potentialAction\":[{\"@type\":\"ReadAction\",\"target\":[\"https:\\\/\\\/teknologiateollisuus.fi\\\/healthtech\\\/sandra-liede-on-uusi-saadosasiantuntija\\\/\"]}]},{\"@type\":\"ImageObject\",\"inLanguage\":\"fi\",\"@id\":\"https:\\\/\\\/teknologiateollisuus.fi\\\/healthtech\\\/sandra-liede-on-uusi-saadosasiantuntija\\\/#primaryimage\",\"url\":\"https:\\\/\\\/teknologiateollisuus.fi\\\/healthtech\\\/wp-content\\\/uploads\\\/sites\\\/8\\\/2024\\\/06\\\/Sandra-Liede-mustavalko.png\",\"contentUrl\":\"https:\\\/\\\/teknologiateollisuus.fi\\\/healthtech\\\/wp-content\\\/uploads\\\/sites\\\/8\\\/2024\\\/06\\\/Sandra-Liede-mustavalko.png\",\"width\":315,\"height\":317,\"caption\":\"Sandra Liede\"},{\"@type\":\"BreadcrumbList\",\"@id\":\"https:\\\/\\\/teknologiateollisuus.fi\\\/healthtech\\\/sandra-liede-on-uusi-saadosasiantuntija\\\/#breadcrumb\",\"itemListElement\":[{\"@type\":\"ListItem\",\"position\":1,\"name\":\"Etusivu\",\"item\":\"https:\\\/\\\/teknologiateollisuus.fi\\\/healthtech\\\/\"},{\"@type\":\"ListItem\",\"position\":2,\"name\":\"Ajankohtaista\",\"item\":\"https:\\\/\\\/teknologiateollisuus.fi\\\/healthtech\\\/ajankohtaista\\\/\"},{\"@type\":\"ListItem\",\"position\":3,\"name\":\"Tiedote\",\"item\":\"https:\\\/\\\/teknologiateollisuus.fi\\\/healthtech\\\/ajankohtaista\\\/?categories=16\"},{\"@type\":\"ListItem\",\"position\":4,\"name\":\"Sandra Liede on uusi s\u00e4\u00e4d\u00f6sasiantuntija\"}]},{\"@type\":\"WebSite\",\"@id\":\"https:\\\/\\\/teknologiateollisuus.fi\\\/healthtech\\\/#website\",\"url\":\"https:\\\/\\\/teknologiateollisuus.fi\\\/healthtech\\\/\",\"name\":\"Terveysteknologia\",\"description\":\"\",\"potentialAction\":[{\"@type\":\"SearchAction\",\"target\":{\"@type\":\"EntryPoint\",\"urlTemplate\":\"https:\\\/\\\/teknologiateollisuus.fi\\\/healthtech\\\/?s={search_term_string}\"},\"query-input\":{\"@type\":\"PropertyValueSpecification\",\"valueRequired\":true,\"valueName\":\"search_term_string\"}}],\"inLanguage\":\"fi\"},{\"@type\":\"Person\",\"@id\":\"https:\\\/\\\/teknologiateollisuus.fi\\\/healthtech\\\/#\\\/schema\\\/person\\\/964d40eb9a84d0edfc1989b7784ea950\",\"name\":\"P\u00e4ivi Ahlgren\",\"image\":{\"@type\":\"ImageObject\",\"inLanguage\":\"fi\",\"@id\":\"https:\\\/\\\/secure.gravatar.com\\\/avatar\\\/d49c8c4a3ac6bce6f1ed1a4445d5b60a53463c32cb6ebcf6e0375dcece39eaca?s=96&d=mm&r=g\",\"url\":\"https:\\\/\\\/secure.gravatar.com\\\/avatar\\\/d49c8c4a3ac6bce6f1ed1a4445d5b60a53463c32cb6ebcf6e0375dcece39eaca?s=96&d=mm&r=g\",\"contentUrl\":\"https:\\\/\\\/secure.gravatar.com\\\/avatar\\\/d49c8c4a3ac6bce6f1ed1a4445d5b60a53463c32cb6ebcf6e0375dcece39eaca?s=96&d=mm&r=g\",\"caption\":\"P\u00e4ivi Ahlgren\"}}]}<\/script>\n<!-- \/ Yoast SEO Premium plugin. -->","yoast_head_json":{"title":"Sandra Liede on uusi s\u00e4\u00e4d\u00f6sasiantuntija - Terveysteknologia","robots":{"index":"index","follow":"follow","max-snippet":"max-snippet:-1","max-image-preview":"max-image-preview:large","max-video-preview":"max-video-preview:-1"},"canonical":"https:\/\/teknologiateollisuus.fi\/healthtech\/sandra-liede-on-uusi-saadosasiantuntija\/","og_locale":"fi_FI","og_type":"article","og_title":"Sandra Liede on uusi s\u00e4\u00e4d\u00f6sasiantuntija","og_description":"Tom St\u00e5hlberg teki 16 vuoden uran Terveysteknologia ry:n ja sen j\u00e4senten hyv\u00e4ksi, toimien aluksi Wallac Oy:n edustajana yhdistyksen hallituksessa, sen j\u00e4lkeen yhdistyksen palveluksessa ja lopulta oman yrityksens\u00e4 RaLex Partnersin kautta tuoden laajan asiantuntemuksensa j\u00e4senten k\u00e4ytt\u00f6\u00f6n. Yhdistys on kiitollinen t\u00e4rke\u00e4st\u00e4 panoksesta, koska s\u00e4\u00e4d\u00f6sasioiden haltuunotto on t\u00e4rkein osa yhdistyksen toimintaa ja sen osalta j\u00e4sentyytyv\u00e4isyys on ollut hyv\u00e4\u00e4. [&hellip;]","og_url":"https:\/\/teknologiateollisuus.fi\/healthtech\/sandra-liede-on-uusi-saadosasiantuntija\/","og_site_name":"Terveysteknologia","article_published_time":"2020-02-14T06:44:00+00:00","article_modified_time":"2024-07-05T06:34:20+00:00","og_image":[{"width":315,"height":317,"url":"https:\/\/teknologiateollisuus.fi\/healthtech\/wp-content\/uploads\/sites\/8\/2024\/06\/Sandra-Liede-mustavalko.png","type":"image\/png"}],"author":"P\u00e4ivi Ahlgren","twitter_card":"summary_large_image","twitter_misc":{"Kirjoittanut":"P\u00e4ivi Ahlgren","Arvioitu lukuaika":"2 minuuttia"},"schema":{"@context":"https:\/\/schema.org","@graph":[{"@type":"Article","@id":"https:\/\/teknologiateollisuus.fi\/healthtech\/sandra-liede-on-uusi-saadosasiantuntija\/#article","isPartOf":{"@id":"https:\/\/teknologiateollisuus.fi\/healthtech\/sandra-liede-on-uusi-saadosasiantuntija\/"},"author":{"name":"P\u00e4ivi Ahlgren","@id":"https:\/\/teknologiateollisuus.fi\/healthtech\/#\/schema\/person\/964d40eb9a84d0edfc1989b7784ea950"},"headline":"Sandra Liede on uusi s\u00e4\u00e4d\u00f6sasiantuntija","datePublished":"2020-02-14T06:44:00+00:00","dateModified":"2024-07-05T06:34:20+00:00","mainEntityOfPage":{"@id":"https:\/\/teknologiateollisuus.fi\/healthtech\/sandra-liede-on-uusi-saadosasiantuntija\/"},"wordCount":300,"image":{"@id":"https:\/\/teknologiateollisuus.fi\/healthtech\/sandra-liede-on-uusi-saadosasiantuntija\/#primaryimage"},"thumbnailUrl":"https:\/\/teknologiateollisuus.fi\/healthtech\/wp-content\/uploads\/sites\/8\/2024\/06\/Sandra-Liede-mustavalko.png","articleSection":["Tiedote"],"inLanguage":"fi"},{"@type":"WebPage","@id":"https:\/\/teknologiateollisuus.fi\/healthtech\/sandra-liede-on-uusi-saadosasiantuntija\/","url":"https:\/\/teknologiateollisuus.fi\/healthtech\/sandra-liede-on-uusi-saadosasiantuntija\/","name":"Sandra Liede on uusi s\u00e4\u00e4d\u00f6sasiantuntija - Terveysteknologia","isPartOf":{"@id":"https:\/\/teknologiateollisuus.fi\/healthtech\/#website"},"primaryImageOfPage":{"@id":"https:\/\/teknologiateollisuus.fi\/healthtech\/sandra-liede-on-uusi-saadosasiantuntija\/#primaryimage"},"image":{"@id":"https:\/\/teknologiateollisuus.fi\/healthtech\/sandra-liede-on-uusi-saadosasiantuntija\/#primaryimage"},"thumbnailUrl":"https:\/\/teknologiateollisuus.fi\/healthtech\/wp-content\/uploads\/sites\/8\/2024\/06\/Sandra-Liede-mustavalko.png","datePublished":"2020-02-14T06:44:00+00:00","dateModified":"2024-07-05T06:34:20+00:00","author":{"@id":"https:\/\/teknologiateollisuus.fi\/healthtech\/#\/schema\/person\/964d40eb9a84d0edfc1989b7784ea950"},"breadcrumb":{"@id":"https:\/\/teknologiateollisuus.fi\/healthtech\/sandra-liede-on-uusi-saadosasiantuntija\/#breadcrumb"},"inLanguage":"fi","potentialAction":[{"@type":"ReadAction","target":["https:\/\/teknologiateollisuus.fi\/healthtech\/sandra-liede-on-uusi-saadosasiantuntija\/"]}]},{"@type":"ImageObject","inLanguage":"fi","@id":"https:\/\/teknologiateollisuus.fi\/healthtech\/sandra-liede-on-uusi-saadosasiantuntija\/#primaryimage","url":"https:\/\/teknologiateollisuus.fi\/healthtech\/wp-content\/uploads\/sites\/8\/2024\/06\/Sandra-Liede-mustavalko.png","contentUrl":"https:\/\/teknologiateollisuus.fi\/healthtech\/wp-content\/uploads\/sites\/8\/2024\/06\/Sandra-Liede-mustavalko.png","width":315,"height":317,"caption":"Sandra Liede"},{"@type":"BreadcrumbList","@id":"https:\/\/teknologiateollisuus.fi\/healthtech\/sandra-liede-on-uusi-saadosasiantuntija\/#breadcrumb","itemListElement":[{"@type":"ListItem","position":1,"name":"Etusivu","item":"https:\/\/teknologiateollisuus.fi\/healthtech\/"},{"@type":"ListItem","position":2,"name":"Ajankohtaista","item":"https:\/\/teknologiateollisuus.fi\/healthtech\/ajankohtaista\/"},{"@type":"ListItem","position":3,"name":"Tiedote","item":"https:\/\/teknologiateollisuus.fi\/healthtech\/ajankohtaista\/?categories=16"},{"@type":"ListItem","position":4,"name":"Sandra Liede on uusi s\u00e4\u00e4d\u00f6sasiantuntija"}]},{"@type":"WebSite","@id":"https:\/\/teknologiateollisuus.fi\/healthtech\/#website","url":"https:\/\/teknologiateollisuus.fi\/healthtech\/","name":"Terveysteknologia","description":"","potentialAction":[{"@type":"SearchAction","target":{"@type":"EntryPoint","urlTemplate":"https:\/\/teknologiateollisuus.fi\/healthtech\/?s={search_term_string}"},"query-input":{"@type":"PropertyValueSpecification","valueRequired":true,"valueName":"search_term_string"}}],"inLanguage":"fi"},{"@type":"Person","@id":"https:\/\/teknologiateollisuus.fi\/healthtech\/#\/schema\/person\/964d40eb9a84d0edfc1989b7784ea950","name":"P\u00e4ivi Ahlgren","image":{"@type":"ImageObject","inLanguage":"fi","@id":"https:\/\/secure.gravatar.com\/avatar\/d49c8c4a3ac6bce6f1ed1a4445d5b60a53463c32cb6ebcf6e0375dcece39eaca?s=96&d=mm&r=g","url":"https:\/\/secure.gravatar.com\/avatar\/d49c8c4a3ac6bce6f1ed1a4445d5b60a53463c32cb6ebcf6e0375dcece39eaca?s=96&d=mm&r=g","contentUrl":"https:\/\/secure.gravatar.com\/avatar\/d49c8c4a3ac6bce6f1ed1a4445d5b60a53463c32cb6ebcf6e0375dcece39eaca?s=96&d=mm&r=g","caption":"P\u00e4ivi Ahlgren"}}]}},"lang":"fi","translations":{"fi":767},"pll_sync_post":{},"_links":{"self":[{"href":"https:\/\/teknologiateollisuus.fi\/healthtech\/wp-json\/wp\/v2\/posts\/767","targetHints":{"allow":["GET"]}}],"collection":[{"href":"https:\/\/teknologiateollisuus.fi\/healthtech\/wp-json\/wp\/v2\/posts"}],"about":[{"href":"https:\/\/teknologiateollisuus.fi\/healthtech\/wp-json\/wp\/v2\/types\/post"}],"author":[{"embeddable":true,"href":"https:\/\/teknologiateollisuus.fi\/healthtech\/wp-json\/wp\/v2\/users\/16"}],"replies":[{"embeddable":true,"href":"https:\/\/teknologiateollisuus.fi\/healthtech\/wp-json\/wp\/v2\/comments?post=767"}],"version-history":[{"count":1,"href":"https:\/\/teknologiateollisuus.fi\/healthtech\/wp-json\/wp\/v2\/posts\/767\/revisions"}],"predecessor-version":[{"id":768,"href":"https:\/\/teknologiateollisuus.fi\/healthtech\/wp-json\/wp\/v2\/posts\/767\/revisions\/768"}],"wp:featuredmedia":[{"embeddable":true,"href":"https:\/\/teknologiateollisuus.fi\/healthtech\/wp-json\/wp\/v2\/media\/288"}],"wp:attachment":[{"href":"https:\/\/teknologiateollisuus.fi\/healthtech\/wp-json\/wp\/v2\/media?parent=767"}],"wp:term":[{"taxonomy":"category","embeddable":true,"href":"https:\/\/teknologiateollisuus.fi\/healthtech\/wp-json\/wp\/v2\/categories?post=767"},{"taxonomy":"post_tag","embeddable":true,"href":"https:\/\/teknologiateollisuus.fi\/healthtech\/wp-json\/wp\/v2\/tags?post=767"},{"taxonomy":"em_industry","embeddable":true,"href":"https:\/\/teknologiateollisuus.fi\/healthtech\/wp-json\/wp\/v2\/em_industry?post=767"},{"taxonomy":"em_theme","embeddable":true,"href":"https:\/\/teknologiateollisuus.fi\/healthtech\/wp-json\/wp\/v2\/em_theme?post=767"}],"curies":[{"name":"wp","href":"https:\/\/api.w.org\/{rel}","templated":true}]}}