{"id":804,"date":"2020-04-27T10:37:00","date_gmt":"2020-04-27T07:37:00","guid":{"rendered":"https:\/\/teknologiateollisuus.fi\/healthtech\/?p=804"},"modified":"2024-07-05T10:16:02","modified_gmt":"2024-07-05T07:16:02","slug":"laheisten-huoli-vahenee-kun-89-vuotias-digiloikkaa-askel-kerrallaan","status":"publish","type":"post","link":"https:\/\/teknologiateollisuus.fi\/healthtech\/laheisten-huoli-vahenee-kun-89-vuotias-digiloikkaa-askel-kerrallaan\/","title":{"rendered":"L\u00e4heisten huoli v\u00e4henee, kun 89-vuotias digiloikkaa askel kerrallaan"},"content":{"rendered":"\n<p>Mitenk\u00e4h\u00e4n \u00e4iti p\u00e4rj\u00e4\u00e4, on huoli monen mieless\u00e4. I\u00e4kk\u00e4\u00e4t vanhempamme ovat usein kaukana, ja t\u00e4ll\u00e4 hetkell\u00e4 toivottavasti my\u00f6s eristyksiss\u00e4. Huolena monella omaisella t\u00e4ll\u00e4 hetkell\u00e4 on se, miten fyysinen ja henkinen kunto kest\u00e4v\u00e4t eristyksen yll\u00e4pit\u00e4misen.<\/p>\n\n\n\n<p>Oma 89-vuotias \u00e4itini p\u00e4rj\u00e4\u00e4 teknologian avulla. Digiloikkaa vauhditti syntym\u00e4p\u00e4iv\u00e4lahjaksi saatu isoruutuinen telkkari, josta on helppoa katsoa suoratoistopalveluita. Nyt \u00e4iti katselee iltaisin Ellua ja yll\u00e4pit\u00e4\u00e4 kielitaitoaan hienon brittisarjan avulla. Jos telkkari ei kiinnosta, omia muistoja menneist\u00e4 ajoista on kiva kirjoitella j\u00e4lkipolville luettavaksi padilla. Tietokoneeseen \u00e4itini ei suostu koskemaan, mutta padi tuntuu omalta ja kyn\u00e4ll\u00e4 kirjainten t\u00f6kkiminen sanoiksi ja virkkeiksi mukavalta. Muistoja on j\u00e4lkipolville kertynyt jo useita lukuja.<\/p>\n\n\n\n<p><strong>Huoli lihaskunnosta ajoi kokeilemaan<\/strong><\/p>\n\n\n\n<p>\u00c4itini on itse surrut liikkumisen vaikeutta. 89-vuotiaana tiet\u00e4\u00e4, ett\u00e4 lihaskunto on t\u00e4rke\u00e4\u00e4 ja ett\u00e4 s\u00e4ngyn pohjalle ei pid\u00e4 j\u00e4\u00e4d\u00e4. Niin ilmat kuin asetetut rajoitukset vaikuttavat: jumppahetket ja kuntoutukset peruttiin heti koronakriisin alettua.<\/p>\n\n\n\n<p>Avuksi hankin Sanosten tuolijumpan. Puoli tuntia kerran viikossa omassa olohuoneessa fyssarin kanssa. T\u00e4ytyy my\u00f6nt\u00e4\u00e4, ett\u00e4 alkuinnostus ei ollut suurta: \u00e4itini suhtautui jumppaan padin ruudulta hyvin ep\u00e4illen, mutta lupasi kokeilla.<\/p>\n\n\n\n<p>Ensimm\u00e4inen jumppahetki j\u00e4nnitti niin, ett\u00e4 katselijoita ei haluttu paikalle. Olisi ollut hyv\u00e4 olla l\u00e4sn\u00e4, sill\u00e4 \u00e4itini ei osannut itse laittaa laitteen \u00e4\u00e4niasetuksia kovemmalle, joten osa puhutuista ohjeista j\u00e4i kuulematta, mutta \u201dolivathan ne niin selkeit\u00e4 noudattaa n\u00e4htyn\u00e4kin, ett\u00e4 hyvin p\u00e4rj\u00e4si ilmankin\u201d.<\/p>\n\n\n\n<p><strong>Kannustusta ja aitoa l\u00e4sn\u00e4oloa<\/strong><\/p>\n\n\n\n<p>Tuolijumppa on nyt puolessa v\u00e4liss\u00e4, takana kaksi nelj\u00e4st\u00e4 hankitusta jumppahetkest\u00e4. Ensimm\u00e4inen kerta uuvutti t\u00e4ysin \u00e4itini, niin fyysisesti kuin henkisesti, sill\u00e4 sit\u00e4 oli selke\u00e4sti j\u00e4nnitetty ennalta. Toinen kerta meni jo selke\u00e4sti varmemmin ja sen j\u00e4lkeen annettiin lupa hankkia lis\u00e4\u00e4 jumppahetki\u00e4. Tuntuu hyv\u00e4lt\u00e4!<\/p>\n\n\n\n<p>Sanosten jumpassa \u00e4itini on pit\u00e4nyt etenkin siit\u00e4, ett\u00e4 ohjeet ovat yksinkertaisia, selkeit\u00e4, ja ett\u00e4 kaiken voi tehd\u00e4 omien voimien mukaan. Ote on kannustava ja jumppa tulee tehty\u00e4. Liikkeet ja ohjeet ovat niin selkeit\u00e4, ett\u00e4 \u00e4itini aikoo tehd\u00e4 niit\u00e4 omin p\u00e4in my\u00f6s v\u00e4lip\u00e4ivin\u00e4. Jumppatuokio on tuntunut \u201domalta\u201d \u2013 mukana ovat vain \u00e4itini ja jumpan vet\u00e4j\u00e4. T\u00e4ss\u00e4 ja nyt.<\/p>\n\n\n\n<p>Tuolijumpan j\u00e4lkeen \u00e4itini on luvannut ottaa k\u00e4ytt\u00f6\u00f6n videopuhelut. Jokainen k\u00e4ytt\u00f6\u00f6notettu uudistus on lis\u00e4nnyt itsevarmuutta ja p\u00e4rj\u00e4\u00e4misen tunnetta ja jokainen lis\u00e4\u00e4 valmiutta ja intoa seuraavaan askeleeseen.<\/p>\n\n\n\n<p>Ei niin pahaa, ettei jotain hyv\u00e4\u00e4kin. Koronaviruksen hopeareunuksena \u00e4itini on saanut uusia valmiuksia p\u00e4rj\u00e4\u00e4miseens\u00e4. Eih\u00e4n mik\u00e4\u00e4n korvaa l\u00e4heisten l\u00e4sn\u00e4oloa, mutta kun se ei nyt ole mahdollista, on hienoa, ett\u00e4 \u00e4idill\u00e4ni on fiksua ja toimintakyky\u00e4 yll\u00e4pit\u00e4v\u00e4\u00e4 tekemist\u00e4. T\u00e4m\u00e4n tiet\u00e4minen helpottaa paljolti omaa olemistani.<\/p>\n\n\n\n<p>Kirjoittaja: Leena Manner &#8211; 89-vuotiaan et\u00e4\u00e4ll\u00e4 asuva tyt\u00e4r<\/p>\n","protected":false},"excerpt":{"rendered":"<p>Mitenk\u00e4h\u00e4n \u00e4iti p\u00e4rj\u00e4\u00e4, on huoli monen mieless\u00e4. I\u00e4kk\u00e4\u00e4t vanhempamme ovat usein kaukana, ja t\u00e4ll\u00e4 hetkell\u00e4 toivottavasti my\u00f6s eristyksiss\u00e4. Huolena monella omaisella t\u00e4ll\u00e4 hetkell\u00e4 on se, miten fyysinen ja henkinen kunto kest\u00e4v\u00e4t eristyksen yll\u00e4pit\u00e4misen. Oma 89-vuotias \u00e4itini p\u00e4rj\u00e4\u00e4 teknologian avulla. Digiloikkaa vauhditti syntym\u00e4p\u00e4iv\u00e4lahjaksi saatu isoruutuinen telkkari, josta on helppoa katsoa suoratoistopalveluita. Nyt \u00e4iti katselee iltaisin Ellua [&hellip;]<\/p>\n","protected":false},"author":16,"featured_media":262,"comment_status":"closed","ping_status":"closed","sticky":false,"template":"","format":"standard","meta":{"_acf_changed":false,"_relevanssi_hide_post":"","_relevanssi_hide_content":"","_relevanssi_pin_for_all":"","_relevanssi_pin_keywords":"","_relevanssi_unpin_keywords":"","_relevanssi_related_keywords":"","_relevanssi_related_include_ids":"","_relevanssi_related_exclude_ids":"","_relevanssi_related_no_append":"","_relevanssi_related_not_related":"","_relevanssi_related_posts":"729,759,725,731,710,798","_relevanssi_noindex_reason":"","inline_featured_image":false,"footnotes":""},"categories":[18],"tags":[],"em_industry":[],"em_theme":[51],"class_list":["post-804","post","type-post","status-publish","format-standard","has-post-thumbnail","hentry","category-blogi","em_theme-digitalisaatio"],"acf":[],"yoast_head":"<!-- This site is optimized with the Yoast SEO Premium plugin v27.1 (Yoast SEO v27.5) - https:\/\/yoast.com\/product\/yoast-seo-premium-wordpress\/ -->\n<title>L\u00e4heisten huoli v\u00e4henee, kun 89-vuotias digiloikkaa askel kerrallaan - Terveysteknologia<\/title>\n<meta name=\"robots\" content=\"index, follow, max-snippet:-1, max-image-preview:large, max-video-preview:-1\" \/>\n<link rel=\"canonical\" href=\"https:\/\/teknologiateollisuus.fi\/healthtech\/laheisten-huoli-vahenee-kun-89-vuotias-digiloikkaa-askel-kerrallaan\/\" \/>\n<meta property=\"og:locale\" content=\"fi_FI\" \/>\n<meta property=\"og:type\" content=\"article\" \/>\n<meta property=\"og:title\" content=\"L\u00e4heisten huoli v\u00e4henee, kun 89-vuotias digiloikkaa askel kerrallaan\" \/>\n<meta property=\"og:description\" content=\"Mitenk\u00e4h\u00e4n \u00e4iti p\u00e4rj\u00e4\u00e4, on huoli monen mieless\u00e4. I\u00e4kk\u00e4\u00e4t vanhempamme ovat usein kaukana, ja t\u00e4ll\u00e4 hetkell\u00e4 toivottavasti my\u00f6s eristyksiss\u00e4. Huolena monella omaisella t\u00e4ll\u00e4 hetkell\u00e4 on se, miten fyysinen ja henkinen kunto kest\u00e4v\u00e4t eristyksen yll\u00e4pit\u00e4misen. Oma 89-vuotias \u00e4itini p\u00e4rj\u00e4\u00e4 teknologian avulla. Digiloikkaa vauhditti syntym\u00e4p\u00e4iv\u00e4lahjaksi saatu isoruutuinen telkkari, josta on helppoa katsoa suoratoistopalveluita. Nyt \u00e4iti katselee iltaisin Ellua [&hellip;]\" \/>\n<meta property=\"og:url\" content=\"https:\/\/teknologiateollisuus.fi\/healthtech\/laheisten-huoli-vahenee-kun-89-vuotias-digiloikkaa-askel-kerrallaan\/\" \/>\n<meta property=\"og:site_name\" content=\"Terveysteknologia\" \/>\n<meta property=\"article:published_time\" content=\"2020-04-27T07:37:00+00:00\" \/>\n<meta property=\"article:modified_time\" content=\"2024-07-05T07:16:02+00:00\" \/>\n<meta property=\"og:image\" content=\"https:\/\/teknologiateollisuus.fi\/healthtech\/wp-content\/uploads\/sites\/8\/2024\/06\/Kuvituskuva-jarvimaisema-ikaihminen.jpg\" \/>\n\t<meta property=\"og:image:width\" content=\"1334\" \/>\n\t<meta property=\"og:image:height\" content=\"756\" \/>\n\t<meta property=\"og:image:type\" content=\"image\/jpeg\" \/>\n<meta name=\"author\" content=\"P\u00e4ivi Ahlgren\" \/>\n<meta name=\"twitter:card\" content=\"summary_large_image\" \/>\n<meta name=\"twitter:label1\" content=\"Kirjoittanut\" \/>\n\t<meta name=\"twitter:data1\" content=\"P\u00e4ivi Ahlgren\" \/>\n\t<meta name=\"twitter:label2\" content=\"Arvioitu lukuaika\" \/>\n\t<meta name=\"twitter:data2\" content=\"3 minuuttia\" \/>\n<script type=\"application\/ld+json\" class=\"yoast-schema-graph\">{\"@context\":\"https:\\\/\\\/schema.org\",\"@graph\":[{\"@type\":\"Article\",\"@id\":\"https:\\\/\\\/teknologiateollisuus.fi\\\/healthtech\\\/laheisten-huoli-vahenee-kun-89-vuotias-digiloikkaa-askel-kerrallaan\\\/#article\",\"isPartOf\":{\"@id\":\"https:\\\/\\\/teknologiateollisuus.fi\\\/healthtech\\\/laheisten-huoli-vahenee-kun-89-vuotias-digiloikkaa-askel-kerrallaan\\\/\"},\"author\":{\"name\":\"P\u00e4ivi Ahlgren\",\"@id\":\"https:\\\/\\\/teknologiateollisuus.fi\\\/healthtech\\\/#\\\/schema\\\/person\\\/964d40eb9a84d0edfc1989b7784ea950\"},\"headline\":\"L\u00e4heisten huoli v\u00e4henee, kun 89-vuotias digiloikkaa askel kerrallaan\",\"datePublished\":\"2020-04-27T07:37:00+00:00\",\"dateModified\":\"2024-07-05T07:16:02+00:00\",\"mainEntityOfPage\":{\"@id\":\"https:\\\/\\\/teknologiateollisuus.fi\\\/healthtech\\\/laheisten-huoli-vahenee-kun-89-vuotias-digiloikkaa-askel-kerrallaan\\\/\"},\"wordCount\":467,\"image\":{\"@id\":\"https:\\\/\\\/teknologiateollisuus.fi\\\/healthtech\\\/laheisten-huoli-vahenee-kun-89-vuotias-digiloikkaa-askel-kerrallaan\\\/#primaryimage\"},\"thumbnailUrl\":\"https:\\\/\\\/teknologiateollisuus.fi\\\/healthtech\\\/wp-content\\\/uploads\\\/sites\\\/8\\\/2024\\\/06\\\/Kuvituskuva-jarvimaisema-ikaihminen.jpg\",\"articleSection\":[\"Blogi\"],\"inLanguage\":\"fi\"},{\"@type\":\"WebPage\",\"@id\":\"https:\\\/\\\/teknologiateollisuus.fi\\\/healthtech\\\/laheisten-huoli-vahenee-kun-89-vuotias-digiloikkaa-askel-kerrallaan\\\/\",\"url\":\"https:\\\/\\\/teknologiateollisuus.fi\\\/healthtech\\\/laheisten-huoli-vahenee-kun-89-vuotias-digiloikkaa-askel-kerrallaan\\\/\",\"name\":\"L\u00e4heisten huoli v\u00e4henee, kun 89-vuotias digiloikkaa askel kerrallaan - Terveysteknologia\",\"isPartOf\":{\"@id\":\"https:\\\/\\\/teknologiateollisuus.fi\\\/healthtech\\\/#website\"},\"primaryImageOfPage\":{\"@id\":\"https:\\\/\\\/teknologiateollisuus.fi\\\/healthtech\\\/laheisten-huoli-vahenee-kun-89-vuotias-digiloikkaa-askel-kerrallaan\\\/#primaryimage\"},\"image\":{\"@id\":\"https:\\\/\\\/teknologiateollisuus.fi\\\/healthtech\\\/laheisten-huoli-vahenee-kun-89-vuotias-digiloikkaa-askel-kerrallaan\\\/#primaryimage\"},\"thumbnailUrl\":\"https:\\\/\\\/teknologiateollisuus.fi\\\/healthtech\\\/wp-content\\\/uploads\\\/sites\\\/8\\\/2024\\\/06\\\/Kuvituskuva-jarvimaisema-ikaihminen.jpg\",\"datePublished\":\"2020-04-27T07:37:00+00:00\",\"dateModified\":\"2024-07-05T07:16:02+00:00\",\"author\":{\"@id\":\"https:\\\/\\\/teknologiateollisuus.fi\\\/healthtech\\\/#\\\/schema\\\/person\\\/964d40eb9a84d0edfc1989b7784ea950\"},\"breadcrumb\":{\"@id\":\"https:\\\/\\\/teknologiateollisuus.fi\\\/healthtech\\\/laheisten-huoli-vahenee-kun-89-vuotias-digiloikkaa-askel-kerrallaan\\\/#breadcrumb\"},\"inLanguage\":\"fi\",\"potentialAction\":[{\"@type\":\"ReadAction\",\"target\":[\"https:\\\/\\\/teknologiateollisuus.fi\\\/healthtech\\\/laheisten-huoli-vahenee-kun-89-vuotias-digiloikkaa-askel-kerrallaan\\\/\"]}]},{\"@type\":\"ImageObject\",\"inLanguage\":\"fi\",\"@id\":\"https:\\\/\\\/teknologiateollisuus.fi\\\/healthtech\\\/laheisten-huoli-vahenee-kun-89-vuotias-digiloikkaa-askel-kerrallaan\\\/#primaryimage\",\"url\":\"https:\\\/\\\/teknologiateollisuus.fi\\\/healthtech\\\/wp-content\\\/uploads\\\/sites\\\/8\\\/2024\\\/06\\\/Kuvituskuva-jarvimaisema-ikaihminen.jpg\",\"contentUrl\":\"https:\\\/\\\/teknologiateollisuus.fi\\\/healthtech\\\/wp-content\\\/uploads\\\/sites\\\/8\\\/2024\\\/06\\\/Kuvituskuva-jarvimaisema-ikaihminen.jpg\",\"width\":1334,\"height\":756,\"caption\":\"Kuvituskuva j\u00e4rvimaisema ik\u00e4ihminen\"},{\"@type\":\"BreadcrumbList\",\"@id\":\"https:\\\/\\\/teknologiateollisuus.fi\\\/healthtech\\\/laheisten-huoli-vahenee-kun-89-vuotias-digiloikkaa-askel-kerrallaan\\\/#breadcrumb\",\"itemListElement\":[{\"@type\":\"ListItem\",\"position\":1,\"name\":\"Etusivu\",\"item\":\"https:\\\/\\\/teknologiateollisuus.fi\\\/healthtech\\\/\"},{\"@type\":\"ListItem\",\"position\":2,\"name\":\"Ajankohtaista\",\"item\":\"https:\\\/\\\/teknologiateollisuus.fi\\\/healthtech\\\/ajankohtaista\\\/\"},{\"@type\":\"ListItem\",\"position\":3,\"name\":\"Blogi\",\"item\":\"https:\\\/\\\/teknologiateollisuus.fi\\\/healthtech\\\/ajankohtaista\\\/?categories=18\"},{\"@type\":\"ListItem\",\"position\":4,\"name\":\"L\u00e4heisten huoli v\u00e4henee, kun 89-vuotias digiloikkaa askel kerrallaan\"}]},{\"@type\":\"WebSite\",\"@id\":\"https:\\\/\\\/teknologiateollisuus.fi\\\/healthtech\\\/#website\",\"url\":\"https:\\\/\\\/teknologiateollisuus.fi\\\/healthtech\\\/\",\"name\":\"Terveysteknologia\",\"description\":\"\",\"potentialAction\":[{\"@type\":\"SearchAction\",\"target\":{\"@type\":\"EntryPoint\",\"urlTemplate\":\"https:\\\/\\\/teknologiateollisuus.fi\\\/healthtech\\\/?s={search_term_string}\"},\"query-input\":{\"@type\":\"PropertyValueSpecification\",\"valueRequired\":true,\"valueName\":\"search_term_string\"}}],\"inLanguage\":\"fi\"},{\"@type\":\"Person\",\"@id\":\"https:\\\/\\\/teknologiateollisuus.fi\\\/healthtech\\\/#\\\/schema\\\/person\\\/964d40eb9a84d0edfc1989b7784ea950\",\"name\":\"P\u00e4ivi Ahlgren\",\"image\":{\"@type\":\"ImageObject\",\"inLanguage\":\"fi\",\"@id\":\"https:\\\/\\\/secure.gravatar.com\\\/avatar\\\/d49c8c4a3ac6bce6f1ed1a4445d5b60a53463c32cb6ebcf6e0375dcece39eaca?s=96&d=mm&r=g\",\"url\":\"https:\\\/\\\/secure.gravatar.com\\\/avatar\\\/d49c8c4a3ac6bce6f1ed1a4445d5b60a53463c32cb6ebcf6e0375dcece39eaca?s=96&d=mm&r=g\",\"contentUrl\":\"https:\\\/\\\/secure.gravatar.com\\\/avatar\\\/d49c8c4a3ac6bce6f1ed1a4445d5b60a53463c32cb6ebcf6e0375dcece39eaca?s=96&d=mm&r=g\",\"caption\":\"P\u00e4ivi Ahlgren\"}}]}<\/script>\n<!-- \/ Yoast SEO Premium plugin. -->","yoast_head_json":{"title":"L\u00e4heisten huoli v\u00e4henee, kun 89-vuotias digiloikkaa askel kerrallaan - Terveysteknologia","robots":{"index":"index","follow":"follow","max-snippet":"max-snippet:-1","max-image-preview":"max-image-preview:large","max-video-preview":"max-video-preview:-1"},"canonical":"https:\/\/teknologiateollisuus.fi\/healthtech\/laheisten-huoli-vahenee-kun-89-vuotias-digiloikkaa-askel-kerrallaan\/","og_locale":"fi_FI","og_type":"article","og_title":"L\u00e4heisten huoli v\u00e4henee, kun 89-vuotias digiloikkaa askel kerrallaan","og_description":"Mitenk\u00e4h\u00e4n \u00e4iti p\u00e4rj\u00e4\u00e4, on huoli monen mieless\u00e4. I\u00e4kk\u00e4\u00e4t vanhempamme ovat usein kaukana, ja t\u00e4ll\u00e4 hetkell\u00e4 toivottavasti my\u00f6s eristyksiss\u00e4. Huolena monella omaisella t\u00e4ll\u00e4 hetkell\u00e4 on se, miten fyysinen ja henkinen kunto kest\u00e4v\u00e4t eristyksen yll\u00e4pit\u00e4misen. Oma 89-vuotias \u00e4itini p\u00e4rj\u00e4\u00e4 teknologian avulla. Digiloikkaa vauhditti syntym\u00e4p\u00e4iv\u00e4lahjaksi saatu isoruutuinen telkkari, josta on helppoa katsoa suoratoistopalveluita. Nyt \u00e4iti katselee iltaisin Ellua [&hellip;]","og_url":"https:\/\/teknologiateollisuus.fi\/healthtech\/laheisten-huoli-vahenee-kun-89-vuotias-digiloikkaa-askel-kerrallaan\/","og_site_name":"Terveysteknologia","article_published_time":"2020-04-27T07:37:00+00:00","article_modified_time":"2024-07-05T07:16:02+00:00","og_image":[{"width":1334,"height":756,"url":"https:\/\/teknologiateollisuus.fi\/healthtech\/wp-content\/uploads\/sites\/8\/2024\/06\/Kuvituskuva-jarvimaisema-ikaihminen.jpg","type":"image\/jpeg"}],"author":"P\u00e4ivi Ahlgren","twitter_card":"summary_large_image","twitter_misc":{"Kirjoittanut":"P\u00e4ivi Ahlgren","Arvioitu lukuaika":"3 minuuttia"},"schema":{"@context":"https:\/\/schema.org","@graph":[{"@type":"Article","@id":"https:\/\/teknologiateollisuus.fi\/healthtech\/laheisten-huoli-vahenee-kun-89-vuotias-digiloikkaa-askel-kerrallaan\/#article","isPartOf":{"@id":"https:\/\/teknologiateollisuus.fi\/healthtech\/laheisten-huoli-vahenee-kun-89-vuotias-digiloikkaa-askel-kerrallaan\/"},"author":{"name":"P\u00e4ivi Ahlgren","@id":"https:\/\/teknologiateollisuus.fi\/healthtech\/#\/schema\/person\/964d40eb9a84d0edfc1989b7784ea950"},"headline":"L\u00e4heisten huoli v\u00e4henee, kun 89-vuotias digiloikkaa askel kerrallaan","datePublished":"2020-04-27T07:37:00+00:00","dateModified":"2024-07-05T07:16:02+00:00","mainEntityOfPage":{"@id":"https:\/\/teknologiateollisuus.fi\/healthtech\/laheisten-huoli-vahenee-kun-89-vuotias-digiloikkaa-askel-kerrallaan\/"},"wordCount":467,"image":{"@id":"https:\/\/teknologiateollisuus.fi\/healthtech\/laheisten-huoli-vahenee-kun-89-vuotias-digiloikkaa-askel-kerrallaan\/#primaryimage"},"thumbnailUrl":"https:\/\/teknologiateollisuus.fi\/healthtech\/wp-content\/uploads\/sites\/8\/2024\/06\/Kuvituskuva-jarvimaisema-ikaihminen.jpg","articleSection":["Blogi"],"inLanguage":"fi"},{"@type":"WebPage","@id":"https:\/\/teknologiateollisuus.fi\/healthtech\/laheisten-huoli-vahenee-kun-89-vuotias-digiloikkaa-askel-kerrallaan\/","url":"https:\/\/teknologiateollisuus.fi\/healthtech\/laheisten-huoli-vahenee-kun-89-vuotias-digiloikkaa-askel-kerrallaan\/","name":"L\u00e4heisten huoli v\u00e4henee, kun 89-vuotias digiloikkaa askel kerrallaan - Terveysteknologia","isPartOf":{"@id":"https:\/\/teknologiateollisuus.fi\/healthtech\/#website"},"primaryImageOfPage":{"@id":"https:\/\/teknologiateollisuus.fi\/healthtech\/laheisten-huoli-vahenee-kun-89-vuotias-digiloikkaa-askel-kerrallaan\/#primaryimage"},"image":{"@id":"https:\/\/teknologiateollisuus.fi\/healthtech\/laheisten-huoli-vahenee-kun-89-vuotias-digiloikkaa-askel-kerrallaan\/#primaryimage"},"thumbnailUrl":"https:\/\/teknologiateollisuus.fi\/healthtech\/wp-content\/uploads\/sites\/8\/2024\/06\/Kuvituskuva-jarvimaisema-ikaihminen.jpg","datePublished":"2020-04-27T07:37:00+00:00","dateModified":"2024-07-05T07:16:02+00:00","author":{"@id":"https:\/\/teknologiateollisuus.fi\/healthtech\/#\/schema\/person\/964d40eb9a84d0edfc1989b7784ea950"},"breadcrumb":{"@id":"https:\/\/teknologiateollisuus.fi\/healthtech\/laheisten-huoli-vahenee-kun-89-vuotias-digiloikkaa-askel-kerrallaan\/#breadcrumb"},"inLanguage":"fi","potentialAction":[{"@type":"ReadAction","target":["https:\/\/teknologiateollisuus.fi\/healthtech\/laheisten-huoli-vahenee-kun-89-vuotias-digiloikkaa-askel-kerrallaan\/"]}]},{"@type":"ImageObject","inLanguage":"fi","@id":"https:\/\/teknologiateollisuus.fi\/healthtech\/laheisten-huoli-vahenee-kun-89-vuotias-digiloikkaa-askel-kerrallaan\/#primaryimage","url":"https:\/\/teknologiateollisuus.fi\/healthtech\/wp-content\/uploads\/sites\/8\/2024\/06\/Kuvituskuva-jarvimaisema-ikaihminen.jpg","contentUrl":"https:\/\/teknologiateollisuus.fi\/healthtech\/wp-content\/uploads\/sites\/8\/2024\/06\/Kuvituskuva-jarvimaisema-ikaihminen.jpg","width":1334,"height":756,"caption":"Kuvituskuva j\u00e4rvimaisema ik\u00e4ihminen"},{"@type":"BreadcrumbList","@id":"https:\/\/teknologiateollisuus.fi\/healthtech\/laheisten-huoli-vahenee-kun-89-vuotias-digiloikkaa-askel-kerrallaan\/#breadcrumb","itemListElement":[{"@type":"ListItem","position":1,"name":"Etusivu","item":"https:\/\/teknologiateollisuus.fi\/healthtech\/"},{"@type":"ListItem","position":2,"name":"Ajankohtaista","item":"https:\/\/teknologiateollisuus.fi\/healthtech\/ajankohtaista\/"},{"@type":"ListItem","position":3,"name":"Blogi","item":"https:\/\/teknologiateollisuus.fi\/healthtech\/ajankohtaista\/?categories=18"},{"@type":"ListItem","position":4,"name":"L\u00e4heisten huoli v\u00e4henee, kun 89-vuotias digiloikkaa askel kerrallaan"}]},{"@type":"WebSite","@id":"https:\/\/teknologiateollisuus.fi\/healthtech\/#website","url":"https:\/\/teknologiateollisuus.fi\/healthtech\/","name":"Terveysteknologia","description":"","potentialAction":[{"@type":"SearchAction","target":{"@type":"EntryPoint","urlTemplate":"https:\/\/teknologiateollisuus.fi\/healthtech\/?s={search_term_string}"},"query-input":{"@type":"PropertyValueSpecification","valueRequired":true,"valueName":"search_term_string"}}],"inLanguage":"fi"},{"@type":"Person","@id":"https:\/\/teknologiateollisuus.fi\/healthtech\/#\/schema\/person\/964d40eb9a84d0edfc1989b7784ea950","name":"P\u00e4ivi Ahlgren","image":{"@type":"ImageObject","inLanguage":"fi","@id":"https:\/\/secure.gravatar.com\/avatar\/d49c8c4a3ac6bce6f1ed1a4445d5b60a53463c32cb6ebcf6e0375dcece39eaca?s=96&d=mm&r=g","url":"https:\/\/secure.gravatar.com\/avatar\/d49c8c4a3ac6bce6f1ed1a4445d5b60a53463c32cb6ebcf6e0375dcece39eaca?s=96&d=mm&r=g","contentUrl":"https:\/\/secure.gravatar.com\/avatar\/d49c8c4a3ac6bce6f1ed1a4445d5b60a53463c32cb6ebcf6e0375dcece39eaca?s=96&d=mm&r=g","caption":"P\u00e4ivi Ahlgren"}}]}},"lang":"fi","translations":{"fi":804},"pll_sync_post":{},"_links":{"self":[{"href":"https:\/\/teknologiateollisuus.fi\/healthtech\/wp-json\/wp\/v2\/posts\/804","targetHints":{"allow":["GET"]}}],"collection":[{"href":"https:\/\/teknologiateollisuus.fi\/healthtech\/wp-json\/wp\/v2\/posts"}],"about":[{"href":"https:\/\/teknologiateollisuus.fi\/healthtech\/wp-json\/wp\/v2\/types\/post"}],"author":[{"embeddable":true,"href":"https:\/\/teknologiateollisuus.fi\/healthtech\/wp-json\/wp\/v2\/users\/16"}],"replies":[{"embeddable":true,"href":"https:\/\/teknologiateollisuus.fi\/healthtech\/wp-json\/wp\/v2\/comments?post=804"}],"version-history":[{"count":1,"href":"https:\/\/teknologiateollisuus.fi\/healthtech\/wp-json\/wp\/v2\/posts\/804\/revisions"}],"predecessor-version":[{"id":805,"href":"https:\/\/teknologiateollisuus.fi\/healthtech\/wp-json\/wp\/v2\/posts\/804\/revisions\/805"}],"wp:featuredmedia":[{"embeddable":true,"href":"https:\/\/teknologiateollisuus.fi\/healthtech\/wp-json\/wp\/v2\/media\/262"}],"wp:attachment":[{"href":"https:\/\/teknologiateollisuus.fi\/healthtech\/wp-json\/wp\/v2\/media?parent=804"}],"wp:term":[{"taxonomy":"category","embeddable":true,"href":"https:\/\/teknologiateollisuus.fi\/healthtech\/wp-json\/wp\/v2\/categories?post=804"},{"taxonomy":"post_tag","embeddable":true,"href":"https:\/\/teknologiateollisuus.fi\/healthtech\/wp-json\/wp\/v2\/tags?post=804"},{"taxonomy":"em_industry","embeddable":true,"href":"https:\/\/teknologiateollisuus.fi\/healthtech\/wp-json\/wp\/v2\/em_industry?post=804"},{"taxonomy":"em_theme","embeddable":true,"href":"https:\/\/teknologiateollisuus.fi\/healthtech\/wp-json\/wp\/v2\/em_theme?post=804"}],"curies":[{"name":"wp","href":"https:\/\/api.w.org\/{rel}","templated":true}]}}