{"id":809,"date":"2020-04-27T11:30:00","date_gmt":"2020-04-27T08:30:00","guid":{"rendered":"https:\/\/teknologiateollisuus.fi\/healthtech\/?p=809"},"modified":"2024-07-05T10:21:12","modified_gmt":"2024-07-05T07:21:12","slug":"blogi-korona-vauhdittaa-terveydenhoidon-digiloikkaa","status":"publish","type":"post","link":"https:\/\/teknologiateollisuus.fi\/healthtech\/blogi-korona-vauhdittaa-terveydenhoidon-digiloikkaa\/","title":{"rendered":"Blogi:\u00a0Korona\u00a0vauhdittaa terveydenhoidon digiloikkaa\u00a0"},"content":{"rendered":"\n<p>Suomalaisten terveysteknologiatuotteiden viennin arvo nousi uuteen enn\u00e4tykseen ja oli 2,4 miljardia euroa vuonna 2019. Kasvua edellisvuodesta oli 5,7 %. Terveysteknologia on yksi nopeimmin kasvavista korkean teknologian vientialoista Suomessa, ja ala kasvaa my\u00f6s globaalisti kovaa vauhtia. Terveysteknologian tuotevienti on kasvanut 3\u201310 % joka vuosi jo parinkymmenen vuoden ajan. Suomalaisille ratkaisuille on siis kysynt\u00e4\u00e4 maailmalla.<\/p>\n\n\n\n<p>Vienti veti erityisesti in vitro -diagnostiikan ratkaisujen osalta, joiden kasvuprosentti oli 10 %, ja hammashoidon r\u00f6ntgenlaitteiden osalta, jotka kasvoivat 8 % edellisvuodesta. Kuvantamislaitteiden viennist\u00e4 66 % oli hammashoidon kuvantamislaitteita, ja t\u00e4ll\u00e4 alueella Suomi on johtavia valmistusmaita maailmassa.<\/p>\n\n\n\n<p>Tuotevientilukuihin ei sis\u00e4lly palveluvienti, koska tulli ei rekister\u00f6i sit\u00e4 toimialakohtaisesti. Tulli ei my\u00f6sk\u00e4\u00e4n anna yrityskohtaisia tietoja, mutta on selv\u00e4\u00e4, ett\u00e4 suuret yritykset, kuten Planmeca, GE Healthcare, Thermo Fisher Scientific, KavoKerr ja PerkinElmer Wallac, vastaavat tuoteviennin p\u00e4\u00e4osasta.<\/p>\n\n\n\n<p>Pienten yritysten ja startupien kasvu on ollut Suomessa vaikeaa, vaikka muutamat yritykset ovat kuitenkin onnistuneet kasvamaan keskikokoisiksi viime vuosina, esimerkkein\u00e4 Revenio (ml. Icare) ja Medix Biochemica. Pienten joukossa n\u00e4kyy kuitenkin lupaavia yrityksi\u00e4, kuten BC Platforms, Medixine, Evondos, Mobidiag, Modulight, Medanta ja Abacus, jotka toivottavasti parissa vuodessa siirtyv\u00e4t keskikastiin. Edell\u00e4 mainitut esimerkit ovat my\u00f6s osoitus alan laajasta kirjosta.<\/p>\n\n\n\n<p>Korona-tilanne on globaali, joten kuluvan vuoden tuotevienti\u00e4 on vaikea arvioida. Nyt n\u00e4ytt\u00e4\u00e4 silt\u00e4, ett\u00e4 sairaaloihin ja erityisesti tehohoitoon tarvittavat laitteet ovat olleet kysyttyj\u00e4, mik\u00e4 on aiheuttanut kysynt\u00e4piikin. K\u00e4yt\u00e4nn\u00f6ss\u00e4 monet sairaalat kyll\u00e4stet\u00e4\u00e4n nyt useammaksi vuodeksi n\u00e4ill\u00e4 laitteilla, mik\u00e4 saattaa n\u00e4ky\u00e4 pienentyvin\u00e4 tilauksina loppuvuonna ja ensi vuonna. Sairaaloiden ja terveydenhuollon muut kuin koronan hoitoon tarvittavat laitteet ja tarvikkeet on j\u00e4tetty alkuvuonna ostamatta. J\u00e4\u00e4 siis n\u00e4ht\u00e4v\u00e4ksi, ostetaanko niit\u00e4 tai onko niihin edes varaa my\u00f6hemmin.<\/p>\n\n\n\n<p>Diagnostiikassa ja digitaalisissa palveluissa n\u00e4kyy my\u00f6s koronan aiheuttama kysynt\u00e4piikki. Yksi koronatilanteen hy\u00f6dyist\u00e4 tulee olemaan yksil\u00f6iden ja yhteis\u00f6jen parantuneet valmiudet ottaa k\u00e4ytt\u00f6\u00f6n digitaalisia palveluja. T\u00e4m\u00e4 trendi oli k\u00e4ynniss\u00e4 jo ennen koronaa, ja nyt digiloikka on saanut lis\u00e4\u00e4 vauhtia. Toivoa sopii, ett\u00e4 teknologian mahdollisuuksia hy\u00f6dynnet\u00e4\u00e4n jatkossa monipuolisesti ja annetaan hoitohenkil\u00f6kunnalle siten mahdollisuus panostaa enemm\u00e4n hoitoon rutiiniteht\u00e4vien sijaan.<\/p>\n\n\n\n<article class=\"em-block-contact-card \">\n\n\t<div class=\"em-block-contact-card__image\">\n\t\t\t\t\t<img loading=\"lazy\" decoding=\"async\" width=\"300\" height=\"400\" src=\"https:\/\/teknologiateollisuus.fi\/healthtech\/wp-content\/uploads\/sites\/8\/2024\/06\/Hassinen_Saara_Terveysteknologia-ry-300x400.jpg\" class=\"attachment-portrait size-portrait\" alt=\"Saara Hassinen\" \/>\t\t\t<\/div>\n\t<div class=\"em-block-contact-card__content-wrapper\">\n\t\t<div class=\"em-block-contact-card__content\">\n\t\t\t\t\t\t<h3 class=\"em-block-contact-card__title\"><a target=\"_self\" href=\"https:\/\/teknologiateollisuus.fi\/healthtech\/contacts\/saara-hassinen\/\">Saara Hassinen<\/a><\/h3>\n\t\t\t\t\t\t\t<span class=\"em-block-contact-card__job_title\">Toimitusjohtaja, Managing Director<\/span>\n\t\t\t\t\t\t<span class=\"em-block-contact-card__organisation\">Terveysteknologia ry<\/span>\n\t\t<\/div>\n\t\t<div class=\"em-block-contact-card__content\">\n\t\t\t\t\t\t<address class=\"em-block-contact-card__contact-details\">\n\t\t\t\t<span class=\"em-block-contact-card__phone\">\n\t\t\t\t\t<a href=\"tel:+358 40 531 1661\">+358 40 531 1661<\/a>\n\t\t\t\t<\/span>\n\t\t\t\t<span class=\"em-block-contact-card__email\">\n\t\t\t\t\t<a href=\"mailto:saara.hassinen(at)teknologiateollisuus.fi\">saara.hassinen(at)teknologiateollisuus.fi<\/a>\n\t\t\t\t<\/span>\n\t\t\t<\/address>\n\t\t\t<div class='em-block-contact-card__socials'><div class=\"social-media-links\"><ul class=\"social-media-links__list\"><li><a href=\"https:\/\/twitter.com\/SaaraHassinen\" target=\"_blank\" aria-label=\"Find me on twitter\" data-service=\"twitter\"><\/a><\/li><li><a href=\"https:\/\/linkedin.com\/in\/saara-hassinen-7993121a\" target=\"_blank\" aria-label=\"Find me on linkedin\" data-service=\"linkedin\"><\/a><\/li><\/ul><\/div><\/div>\t\t<\/div>\n\t<\/div>\n\n<\/article>\n","protected":false},"excerpt":{"rendered":"<p>Suomalaisten terveysteknologiatuotteiden viennin arvo nousi uuteen enn\u00e4tykseen ja oli 2,4 miljardia euroa vuonna 2019. Kasvua edellisvuodesta oli 5,7 %. Terveysteknologia on yksi nopeimmin kasvavista korkean teknologian vientialoista Suomessa, ja ala kasvaa my\u00f6s globaalisti kovaa vauhtia. Terveysteknologian tuotevienti on kasvanut 3\u201310 % joka vuosi jo parinkymmenen vuoden ajan. Suomalaisille ratkaisuille on siis kysynt\u00e4\u00e4 maailmalla. Vienti veti [&hellip;]<\/p>\n","protected":false},"author":16,"featured_media":810,"comment_status":"closed","ping_status":"closed","sticky":false,"template":"","format":"standard","meta":{"_acf_changed":false,"_relevanssi_hide_post":"","_relevanssi_hide_content":"","_relevanssi_pin_for_all":"","_relevanssi_pin_keywords":"","_relevanssi_unpin_keywords":"","_relevanssi_related_keywords":"","_relevanssi_related_include_ids":"","_relevanssi_related_exclude_ids":"","_relevanssi_related_no_append":"","_relevanssi_related_not_related":"","_relevanssi_related_posts":"729,759,725,731,710,798","_relevanssi_noindex_reason":"","inline_featured_image":false,"footnotes":""},"categories":[18],"tags":[],"em_industry":[],"em_theme":[51,52],"class_list":["post-809","post","type-post","status-publish","format-standard","has-post-thumbnail","hentry","category-blogi","em_theme-digitalisaatio","em_theme-talous"],"acf":[],"yoast_head":"<!-- This site is optimized with the Yoast SEO Premium plugin v27.1 (Yoast SEO v27.5) - https:\/\/yoast.com\/product\/yoast-seo-premium-wordpress\/ -->\n<title>Blogi:\u00a0Korona\u00a0vauhdittaa terveydenhoidon digiloikkaa\u00a0 - Terveysteknologia<\/title>\n<meta name=\"robots\" content=\"index, follow, max-snippet:-1, max-image-preview:large, max-video-preview:-1\" \/>\n<link rel=\"canonical\" href=\"https:\/\/teknologiateollisuus.fi\/healthtech\/blogi-korona-vauhdittaa-terveydenhoidon-digiloikkaa\/\" \/>\n<meta property=\"og:locale\" content=\"fi_FI\" \/>\n<meta property=\"og:type\" content=\"article\" \/>\n<meta property=\"og:title\" content=\"Blogi:\u00a0Korona\u00a0vauhdittaa terveydenhoidon digiloikkaa\u00a0\" \/>\n<meta property=\"og:description\" content=\"Suomalaisten terveysteknologiatuotteiden viennin arvo nousi uuteen enn\u00e4tykseen ja oli 2,4 miljardia euroa vuonna 2019. Kasvua edellisvuodesta oli 5,7 %. Terveysteknologia on yksi nopeimmin kasvavista korkean teknologian vientialoista Suomessa, ja ala kasvaa my\u00f6s globaalisti kovaa vauhtia. Terveysteknologian tuotevienti on kasvanut 3\u201310 % joka vuosi jo parinkymmenen vuoden ajan. Suomalaisille ratkaisuille on siis kysynt\u00e4\u00e4 maailmalla. Vienti veti [&hellip;]\" \/>\n<meta property=\"og:url\" content=\"https:\/\/teknologiateollisuus.fi\/healthtech\/blogi-korona-vauhdittaa-terveydenhoidon-digiloikkaa\/\" \/>\n<meta property=\"og:site_name\" content=\"Terveysteknologia\" \/>\n<meta property=\"article:published_time\" content=\"2020-04-27T08:30:00+00:00\" \/>\n<meta property=\"article:modified_time\" content=\"2024-07-05T07:21:12+00:00\" \/>\n<meta property=\"og:image\" content=\"https:\/\/teknologiateollisuus.fi\/healthtech\/wp-content\/uploads\/sites\/8\/2024\/07\/Saara-Hassinen-3.jpg\" \/>\n\t<meta property=\"og:image:width\" content=\"500\" \/>\n\t<meta property=\"og:image:height\" content=\"333\" \/>\n\t<meta property=\"og:image:type\" content=\"image\/jpeg\" \/>\n<meta name=\"author\" content=\"P\u00e4ivi Ahlgren\" \/>\n<meta name=\"twitter:card\" content=\"summary_large_image\" \/>\n<meta name=\"twitter:label1\" content=\"Kirjoittanut\" \/>\n\t<meta name=\"twitter:data1\" content=\"P\u00e4ivi Ahlgren\" \/>\n\t<meta name=\"twitter:label2\" content=\"Arvioitu lukuaika\" \/>\n\t<meta name=\"twitter:data2\" content=\"3 minuuttia\" \/>\n<script type=\"application\/ld+json\" class=\"yoast-schema-graph\">{\"@context\":\"https:\\\/\\\/schema.org\",\"@graph\":[{\"@type\":\"Article\",\"@id\":\"https:\\\/\\\/teknologiateollisuus.fi\\\/healthtech\\\/blogi-korona-vauhdittaa-terveydenhoidon-digiloikkaa\\\/#article\",\"isPartOf\":{\"@id\":\"https:\\\/\\\/teknologiateollisuus.fi\\\/healthtech\\\/blogi-korona-vauhdittaa-terveydenhoidon-digiloikkaa\\\/\"},\"author\":{\"name\":\"P\u00e4ivi Ahlgren\",\"@id\":\"https:\\\/\\\/teknologiateollisuus.fi\\\/healthtech\\\/#\\\/schema\\\/person\\\/964d40eb9a84d0edfc1989b7784ea950\"},\"headline\":\"Blogi:\u00a0Korona\u00a0vauhdittaa terveydenhoidon digiloikkaa\u00a0\",\"datePublished\":\"2020-04-27T08:30:00+00:00\",\"dateModified\":\"2024-07-05T07:21:12+00:00\",\"mainEntityOfPage\":{\"@id\":\"https:\\\/\\\/teknologiateollisuus.fi\\\/healthtech\\\/blogi-korona-vauhdittaa-terveydenhoidon-digiloikkaa\\\/\"},\"wordCount\":343,\"image\":{\"@id\":\"https:\\\/\\\/teknologiateollisuus.fi\\\/healthtech\\\/blogi-korona-vauhdittaa-terveydenhoidon-digiloikkaa\\\/#primaryimage\"},\"thumbnailUrl\":\"https:\\\/\\\/teknologiateollisuus.fi\\\/healthtech\\\/wp-content\\\/uploads\\\/sites\\\/8\\\/2024\\\/07\\\/Saara-Hassinen-3.jpg\",\"articleSection\":[\"Blogi\"],\"inLanguage\":\"fi\"},{\"@type\":\"WebPage\",\"@id\":\"https:\\\/\\\/teknologiateollisuus.fi\\\/healthtech\\\/blogi-korona-vauhdittaa-terveydenhoidon-digiloikkaa\\\/\",\"url\":\"https:\\\/\\\/teknologiateollisuus.fi\\\/healthtech\\\/blogi-korona-vauhdittaa-terveydenhoidon-digiloikkaa\\\/\",\"name\":\"Blogi:\u00a0Korona\u00a0vauhdittaa terveydenhoidon digiloikkaa\u00a0 - Terveysteknologia\",\"isPartOf\":{\"@id\":\"https:\\\/\\\/teknologiateollisuus.fi\\\/healthtech\\\/#website\"},\"primaryImageOfPage\":{\"@id\":\"https:\\\/\\\/teknologiateollisuus.fi\\\/healthtech\\\/blogi-korona-vauhdittaa-terveydenhoidon-digiloikkaa\\\/#primaryimage\"},\"image\":{\"@id\":\"https:\\\/\\\/teknologiateollisuus.fi\\\/healthtech\\\/blogi-korona-vauhdittaa-terveydenhoidon-digiloikkaa\\\/#primaryimage\"},\"thumbnailUrl\":\"https:\\\/\\\/teknologiateollisuus.fi\\\/healthtech\\\/wp-content\\\/uploads\\\/sites\\\/8\\\/2024\\\/07\\\/Saara-Hassinen-3.jpg\",\"datePublished\":\"2020-04-27T08:30:00+00:00\",\"dateModified\":\"2024-07-05T07:21:12+00:00\",\"author\":{\"@id\":\"https:\\\/\\\/teknologiateollisuus.fi\\\/healthtech\\\/#\\\/schema\\\/person\\\/964d40eb9a84d0edfc1989b7784ea950\"},\"breadcrumb\":{\"@id\":\"https:\\\/\\\/teknologiateollisuus.fi\\\/healthtech\\\/blogi-korona-vauhdittaa-terveydenhoidon-digiloikkaa\\\/#breadcrumb\"},\"inLanguage\":\"fi\",\"potentialAction\":[{\"@type\":\"ReadAction\",\"target\":[\"https:\\\/\\\/teknologiateollisuus.fi\\\/healthtech\\\/blogi-korona-vauhdittaa-terveydenhoidon-digiloikkaa\\\/\"]}]},{\"@type\":\"ImageObject\",\"inLanguage\":\"fi\",\"@id\":\"https:\\\/\\\/teknologiateollisuus.fi\\\/healthtech\\\/blogi-korona-vauhdittaa-terveydenhoidon-digiloikkaa\\\/#primaryimage\",\"url\":\"https:\\\/\\\/teknologiateollisuus.fi\\\/healthtech\\\/wp-content\\\/uploads\\\/sites\\\/8\\\/2024\\\/07\\\/Saara-Hassinen-3.jpg\",\"contentUrl\":\"https:\\\/\\\/teknologiateollisuus.fi\\\/healthtech\\\/wp-content\\\/uploads\\\/sites\\\/8\\\/2024\\\/07\\\/Saara-Hassinen-3.jpg\",\"width\":500,\"height\":333,\"caption\":\"Saara Hassinen\"},{\"@type\":\"BreadcrumbList\",\"@id\":\"https:\\\/\\\/teknologiateollisuus.fi\\\/healthtech\\\/blogi-korona-vauhdittaa-terveydenhoidon-digiloikkaa\\\/#breadcrumb\",\"itemListElement\":[{\"@type\":\"ListItem\",\"position\":1,\"name\":\"Etusivu\",\"item\":\"https:\\\/\\\/teknologiateollisuus.fi\\\/healthtech\\\/\"},{\"@type\":\"ListItem\",\"position\":2,\"name\":\"Ajankohtaista\",\"item\":\"https:\\\/\\\/teknologiateollisuus.fi\\\/healthtech\\\/ajankohtaista\\\/\"},{\"@type\":\"ListItem\",\"position\":3,\"name\":\"Blogi\",\"item\":\"https:\\\/\\\/teknologiateollisuus.fi\\\/healthtech\\\/ajankohtaista\\\/?categories=18\"},{\"@type\":\"ListItem\",\"position\":4,\"name\":\"Blogi:\u00a0Korona\u00a0vauhdittaa terveydenhoidon digiloikkaa\u00a0\"}]},{\"@type\":\"WebSite\",\"@id\":\"https:\\\/\\\/teknologiateollisuus.fi\\\/healthtech\\\/#website\",\"url\":\"https:\\\/\\\/teknologiateollisuus.fi\\\/healthtech\\\/\",\"name\":\"Terveysteknologia\",\"description\":\"\",\"potentialAction\":[{\"@type\":\"SearchAction\",\"target\":{\"@type\":\"EntryPoint\",\"urlTemplate\":\"https:\\\/\\\/teknologiateollisuus.fi\\\/healthtech\\\/?s={search_term_string}\"},\"query-input\":{\"@type\":\"PropertyValueSpecification\",\"valueRequired\":true,\"valueName\":\"search_term_string\"}}],\"inLanguage\":\"fi\"},{\"@type\":\"Person\",\"@id\":\"https:\\\/\\\/teknologiateollisuus.fi\\\/healthtech\\\/#\\\/schema\\\/person\\\/964d40eb9a84d0edfc1989b7784ea950\",\"name\":\"P\u00e4ivi Ahlgren\",\"image\":{\"@type\":\"ImageObject\",\"inLanguage\":\"fi\",\"@id\":\"https:\\\/\\\/secure.gravatar.com\\\/avatar\\\/d49c8c4a3ac6bce6f1ed1a4445d5b60a53463c32cb6ebcf6e0375dcece39eaca?s=96&d=mm&r=g\",\"url\":\"https:\\\/\\\/secure.gravatar.com\\\/avatar\\\/d49c8c4a3ac6bce6f1ed1a4445d5b60a53463c32cb6ebcf6e0375dcece39eaca?s=96&d=mm&r=g\",\"contentUrl\":\"https:\\\/\\\/secure.gravatar.com\\\/avatar\\\/d49c8c4a3ac6bce6f1ed1a4445d5b60a53463c32cb6ebcf6e0375dcece39eaca?s=96&d=mm&r=g\",\"caption\":\"P\u00e4ivi Ahlgren\"}}]}<\/script>\n<!-- \/ Yoast SEO Premium plugin. -->","yoast_head_json":{"title":"Blogi:\u00a0Korona\u00a0vauhdittaa terveydenhoidon digiloikkaa\u00a0 - Terveysteknologia","robots":{"index":"index","follow":"follow","max-snippet":"max-snippet:-1","max-image-preview":"max-image-preview:large","max-video-preview":"max-video-preview:-1"},"canonical":"https:\/\/teknologiateollisuus.fi\/healthtech\/blogi-korona-vauhdittaa-terveydenhoidon-digiloikkaa\/","og_locale":"fi_FI","og_type":"article","og_title":"Blogi:\u00a0Korona\u00a0vauhdittaa terveydenhoidon digiloikkaa\u00a0","og_description":"Suomalaisten terveysteknologiatuotteiden viennin arvo nousi uuteen enn\u00e4tykseen ja oli 2,4 miljardia euroa vuonna 2019. Kasvua edellisvuodesta oli 5,7 %. Terveysteknologia on yksi nopeimmin kasvavista korkean teknologian vientialoista Suomessa, ja ala kasvaa my\u00f6s globaalisti kovaa vauhtia. Terveysteknologian tuotevienti on kasvanut 3\u201310 % joka vuosi jo parinkymmenen vuoden ajan. Suomalaisille ratkaisuille on siis kysynt\u00e4\u00e4 maailmalla. Vienti veti [&hellip;]","og_url":"https:\/\/teknologiateollisuus.fi\/healthtech\/blogi-korona-vauhdittaa-terveydenhoidon-digiloikkaa\/","og_site_name":"Terveysteknologia","article_published_time":"2020-04-27T08:30:00+00:00","article_modified_time":"2024-07-05T07:21:12+00:00","og_image":[{"width":500,"height":333,"url":"https:\/\/teknologiateollisuus.fi\/healthtech\/wp-content\/uploads\/sites\/8\/2024\/07\/Saara-Hassinen-3.jpg","type":"image\/jpeg"}],"author":"P\u00e4ivi Ahlgren","twitter_card":"summary_large_image","twitter_misc":{"Kirjoittanut":"P\u00e4ivi Ahlgren","Arvioitu lukuaika":"3 minuuttia"},"schema":{"@context":"https:\/\/schema.org","@graph":[{"@type":"Article","@id":"https:\/\/teknologiateollisuus.fi\/healthtech\/blogi-korona-vauhdittaa-terveydenhoidon-digiloikkaa\/#article","isPartOf":{"@id":"https:\/\/teknologiateollisuus.fi\/healthtech\/blogi-korona-vauhdittaa-terveydenhoidon-digiloikkaa\/"},"author":{"name":"P\u00e4ivi Ahlgren","@id":"https:\/\/teknologiateollisuus.fi\/healthtech\/#\/schema\/person\/964d40eb9a84d0edfc1989b7784ea950"},"headline":"Blogi:\u00a0Korona\u00a0vauhdittaa terveydenhoidon digiloikkaa\u00a0","datePublished":"2020-04-27T08:30:00+00:00","dateModified":"2024-07-05T07:21:12+00:00","mainEntityOfPage":{"@id":"https:\/\/teknologiateollisuus.fi\/healthtech\/blogi-korona-vauhdittaa-terveydenhoidon-digiloikkaa\/"},"wordCount":343,"image":{"@id":"https:\/\/teknologiateollisuus.fi\/healthtech\/blogi-korona-vauhdittaa-terveydenhoidon-digiloikkaa\/#primaryimage"},"thumbnailUrl":"https:\/\/teknologiateollisuus.fi\/healthtech\/wp-content\/uploads\/sites\/8\/2024\/07\/Saara-Hassinen-3.jpg","articleSection":["Blogi"],"inLanguage":"fi"},{"@type":"WebPage","@id":"https:\/\/teknologiateollisuus.fi\/healthtech\/blogi-korona-vauhdittaa-terveydenhoidon-digiloikkaa\/","url":"https:\/\/teknologiateollisuus.fi\/healthtech\/blogi-korona-vauhdittaa-terveydenhoidon-digiloikkaa\/","name":"Blogi:\u00a0Korona\u00a0vauhdittaa terveydenhoidon digiloikkaa\u00a0 - Terveysteknologia","isPartOf":{"@id":"https:\/\/teknologiateollisuus.fi\/healthtech\/#website"},"primaryImageOfPage":{"@id":"https:\/\/teknologiateollisuus.fi\/healthtech\/blogi-korona-vauhdittaa-terveydenhoidon-digiloikkaa\/#primaryimage"},"image":{"@id":"https:\/\/teknologiateollisuus.fi\/healthtech\/blogi-korona-vauhdittaa-terveydenhoidon-digiloikkaa\/#primaryimage"},"thumbnailUrl":"https:\/\/teknologiateollisuus.fi\/healthtech\/wp-content\/uploads\/sites\/8\/2024\/07\/Saara-Hassinen-3.jpg","datePublished":"2020-04-27T08:30:00+00:00","dateModified":"2024-07-05T07:21:12+00:00","author":{"@id":"https:\/\/teknologiateollisuus.fi\/healthtech\/#\/schema\/person\/964d40eb9a84d0edfc1989b7784ea950"},"breadcrumb":{"@id":"https:\/\/teknologiateollisuus.fi\/healthtech\/blogi-korona-vauhdittaa-terveydenhoidon-digiloikkaa\/#breadcrumb"},"inLanguage":"fi","potentialAction":[{"@type":"ReadAction","target":["https:\/\/teknologiateollisuus.fi\/healthtech\/blogi-korona-vauhdittaa-terveydenhoidon-digiloikkaa\/"]}]},{"@type":"ImageObject","inLanguage":"fi","@id":"https:\/\/teknologiateollisuus.fi\/healthtech\/blogi-korona-vauhdittaa-terveydenhoidon-digiloikkaa\/#primaryimage","url":"https:\/\/teknologiateollisuus.fi\/healthtech\/wp-content\/uploads\/sites\/8\/2024\/07\/Saara-Hassinen-3.jpg","contentUrl":"https:\/\/teknologiateollisuus.fi\/healthtech\/wp-content\/uploads\/sites\/8\/2024\/07\/Saara-Hassinen-3.jpg","width":500,"height":333,"caption":"Saara Hassinen"},{"@type":"BreadcrumbList","@id":"https:\/\/teknologiateollisuus.fi\/healthtech\/blogi-korona-vauhdittaa-terveydenhoidon-digiloikkaa\/#breadcrumb","itemListElement":[{"@type":"ListItem","position":1,"name":"Etusivu","item":"https:\/\/teknologiateollisuus.fi\/healthtech\/"},{"@type":"ListItem","position":2,"name":"Ajankohtaista","item":"https:\/\/teknologiateollisuus.fi\/healthtech\/ajankohtaista\/"},{"@type":"ListItem","position":3,"name":"Blogi","item":"https:\/\/teknologiateollisuus.fi\/healthtech\/ajankohtaista\/?categories=18"},{"@type":"ListItem","position":4,"name":"Blogi:\u00a0Korona\u00a0vauhdittaa terveydenhoidon digiloikkaa\u00a0"}]},{"@type":"WebSite","@id":"https:\/\/teknologiateollisuus.fi\/healthtech\/#website","url":"https:\/\/teknologiateollisuus.fi\/healthtech\/","name":"Terveysteknologia","description":"","potentialAction":[{"@type":"SearchAction","target":{"@type":"EntryPoint","urlTemplate":"https:\/\/teknologiateollisuus.fi\/healthtech\/?s={search_term_string}"},"query-input":{"@type":"PropertyValueSpecification","valueRequired":true,"valueName":"search_term_string"}}],"inLanguage":"fi"},{"@type":"Person","@id":"https:\/\/teknologiateollisuus.fi\/healthtech\/#\/schema\/person\/964d40eb9a84d0edfc1989b7784ea950","name":"P\u00e4ivi Ahlgren","image":{"@type":"ImageObject","inLanguage":"fi","@id":"https:\/\/secure.gravatar.com\/avatar\/d49c8c4a3ac6bce6f1ed1a4445d5b60a53463c32cb6ebcf6e0375dcece39eaca?s=96&d=mm&r=g","url":"https:\/\/secure.gravatar.com\/avatar\/d49c8c4a3ac6bce6f1ed1a4445d5b60a53463c32cb6ebcf6e0375dcece39eaca?s=96&d=mm&r=g","contentUrl":"https:\/\/secure.gravatar.com\/avatar\/d49c8c4a3ac6bce6f1ed1a4445d5b60a53463c32cb6ebcf6e0375dcece39eaca?s=96&d=mm&r=g","caption":"P\u00e4ivi Ahlgren"}}]}},"lang":"fi","translations":{"fi":809},"pll_sync_post":{},"_links":{"self":[{"href":"https:\/\/teknologiateollisuus.fi\/healthtech\/wp-json\/wp\/v2\/posts\/809","targetHints":{"allow":["GET"]}}],"collection":[{"href":"https:\/\/teknologiateollisuus.fi\/healthtech\/wp-json\/wp\/v2\/posts"}],"about":[{"href":"https:\/\/teknologiateollisuus.fi\/healthtech\/wp-json\/wp\/v2\/types\/post"}],"author":[{"embeddable":true,"href":"https:\/\/teknologiateollisuus.fi\/healthtech\/wp-json\/wp\/v2\/users\/16"}],"replies":[{"embeddable":true,"href":"https:\/\/teknologiateollisuus.fi\/healthtech\/wp-json\/wp\/v2\/comments?post=809"}],"version-history":[{"count":1,"href":"https:\/\/teknologiateollisuus.fi\/healthtech\/wp-json\/wp\/v2\/posts\/809\/revisions"}],"predecessor-version":[{"id":811,"href":"https:\/\/teknologiateollisuus.fi\/healthtech\/wp-json\/wp\/v2\/posts\/809\/revisions\/811"}],"wp:featuredmedia":[{"embeddable":true,"href":"https:\/\/teknologiateollisuus.fi\/healthtech\/wp-json\/wp\/v2\/media\/810"}],"wp:attachment":[{"href":"https:\/\/teknologiateollisuus.fi\/healthtech\/wp-json\/wp\/v2\/media?parent=809"}],"wp:term":[{"taxonomy":"category","embeddable":true,"href":"https:\/\/teknologiateollisuus.fi\/healthtech\/wp-json\/wp\/v2\/categories?post=809"},{"taxonomy":"post_tag","embeddable":true,"href":"https:\/\/teknologiateollisuus.fi\/healthtech\/wp-json\/wp\/v2\/tags?post=809"},{"taxonomy":"em_industry","embeddable":true,"href":"https:\/\/teknologiateollisuus.fi\/healthtech\/wp-json\/wp\/v2\/em_industry?post=809"},{"taxonomy":"em_theme","embeddable":true,"href":"https:\/\/teknologiateollisuus.fi\/healthtech\/wp-json\/wp\/v2\/em_theme?post=809"}],"curies":[{"name":"wp","href":"https:\/\/api.w.org\/{rel}","templated":true}]}}