{"id":840,"date":"2020-06-23T14:02:00","date_gmt":"2020-06-23T11:02:00","guid":{"rendered":"https:\/\/teknologiateollisuus.fi\/healthtech\/?p=840"},"modified":"2024-07-10T12:10:09","modified_gmt":"2024-07-10T09:10:09","slug":"md-asetukseen-liittyva-standardisointipyynto-katkolle-toistaiseksi","status":"publish","type":"post","link":"https:\/\/teknologiateollisuus.fi\/healthtech\/md-asetukseen-liittyva-standardisointipyynto-katkolle-toistaiseksi\/","title":{"rendered":"MD-asetukseen liittyv\u00e4 standardisointipyynt\u00f6 katkolle toistaiseksi"},"content":{"rendered":"\n<p>Eurooppalaiset standardisointij\u00e4rjest\u00f6t (CEN\/CENELEC) eiv\u00e4t ottaneet vastaan l\u00e4\u00e4kinn\u00e4llisi\u00e4 laitteita koskevaa EU-asetuksen mukaista komission standardisointipyynt\u00f6\u00e4.<\/p>\n\n\n\n<p>Yhteinen toimialaliitto\u00a0(YTL)\u00a0uutisoi\u00a023.6.2020, ett\u00e4 l\u00e4\u00e4kinn\u00e4llisi\u00e4 laitteita koskevasta\u00a0EU-asetuksen (2017\/745, MD-asetus) mukaisesta standardisointipyynn\u00f6st\u00e4 keskusteltiin ja \u00e4\u00e4nestettiin useaan kertaan, mutta se j\u00e4i hyv\u00e4ksym\u00e4tt\u00e4 hyvin niukalla enemmist\u00f6ll\u00e4. Eniten keskustelua syntyi\u00a0kansainv\u00e4listen ja eurooppalaisten standardien roolista jatkossa. Lis\u00e4ksi k\u00e4ytiin keskustelua standardisointipyynt\u00f6\u00f6n liittyv\u00e4st\u00e4 prosessista sek\u00e4 joustavuudesta \u2013 miten uudet standardit saadaan ty\u00f6ohjelmaan sek\u00e4 miten nopeasti viittaukset Euroopan unionin virallisessa lehdess\u00e4 (EUVL) tapahtuvat.<\/p>\n\n\n\n<p>Standardisointipyynt\u00f6 palautuu seuraavaksi komission k\u00e4sittelyyn ja toiveena on, ett\u00e4 uusi versio saadaan mahdollisimman nopeasti hyv\u00e4ksytty\u00e4. MDR:n soveltamista koskeva siirtym\u00e4aika p\u00e4\u00e4ttyy&nbsp;26.5.2021, joten toimeenpanon ty\u00f6kaluina toimivat harmonisoidut standardit olisi&nbsp;eritt\u00e4in t\u00e4rke\u00e4\u00e4 saada prosessiin mukaan.<\/p>\n\n\n\n<h5 class=\"wp-block-heading\" id=\"mika-on-standardisointipyynto\">MIK\u00c4 ON STANDARDISOINTIPYYNT\u00d6?<\/h5>\n\n\n\n<p>Standardisointipyynt\u00f6 on EU-komission antama mandaatti valmistella tiettyyn EU-asetukseen tai direktiiviin liittyvi\u00e4 harmonisoituja standardeja. Niiden&nbsp;valmistelussa kuullaan laajalti j\u00e4senmaita, teollisuuden edustajia sek\u00e4 standardisointij\u00e4rjest\u00f6j\u00e4. Komissio on uudistanut standardisointipyynt\u00f6ihin liittyvi\u00e4 menettelytapoja ja asiaan liittyy edunvalvontaa ja politiikkaa \u2013 n\u00e4it\u00e4 on eritt\u00e4in t\u00e4rke\u00e4\u00e4 seurata.<\/p>\n\n\n\n<p>Lis\u00e4tietoja:\u00a0Kimmo Konkarikoski,\u00a0kimmo.konkarikoski(a)ytl.fi<\/p>\n","protected":false},"excerpt":{"rendered":"<p>Eurooppalaiset standardisointij\u00e4rjest\u00f6t (CEN\/CENELEC) eiv\u00e4t ottaneet vastaan l\u00e4\u00e4kinn\u00e4llisi\u00e4 laitteita koskevaa EU-asetuksen mukaista komission standardisointipyynt\u00f6\u00e4. Yhteinen toimialaliitto\u00a0(YTL)\u00a0uutisoi\u00a023.6.2020, ett\u00e4 l\u00e4\u00e4kinn\u00e4llisi\u00e4 laitteita koskevasta\u00a0EU-asetuksen (2017\/745, MD-asetus) mukaisesta standardisointipyynn\u00f6st\u00e4 keskusteltiin ja \u00e4\u00e4nestettiin useaan kertaan, mutta se j\u00e4i hyv\u00e4ksym\u00e4tt\u00e4 hyvin niukalla enemmist\u00f6ll\u00e4. Eniten keskustelua syntyi\u00a0kansainv\u00e4listen ja eurooppalaisten standardien roolista jatkossa. Lis\u00e4ksi k\u00e4ytiin keskustelua standardisointipyynt\u00f6\u00f6n liittyv\u00e4st\u00e4 prosessista sek\u00e4 joustavuudesta \u2013 miten uudet standardit [&hellip;]<\/p>\n","protected":false},"author":16,"featured_media":334,"comment_status":"closed","ping_status":"closed","sticky":false,"template":"","format":"standard","meta":{"_acf_changed":false,"_relevanssi_hide_post":"","_relevanssi_hide_content":"","_relevanssi_pin_for_all":"","_relevanssi_pin_keywords":"","_relevanssi_unpin_keywords":"","_relevanssi_related_keywords":"","_relevanssi_related_include_ids":"","_relevanssi_related_exclude_ids":"","_relevanssi_related_no_append":"","_relevanssi_related_not_related":"","_relevanssi_related_posts":"729,759,725,731,710,798","_relevanssi_noindex_reason":"","inline_featured_image":false,"footnotes":""},"categories":[14],"tags":[],"em_industry":[],"em_theme":[48],"class_list":["post-840","post","type-post","status-publish","format-standard","has-post-thumbnail","hentry","category-uutinen","em_theme-lainsaadanto"],"acf":[],"yoast_head":"<!-- This site is optimized with the Yoast SEO Premium plugin v27.1 (Yoast SEO v27.5) - https:\/\/yoast.com\/product\/yoast-seo-premium-wordpress\/ -->\n<title>MD-asetukseen liittyv\u00e4 standardisointipyynt\u00f6 katkolle toistaiseksi - Terveysteknologia<\/title>\n<meta name=\"robots\" content=\"index, follow, max-snippet:-1, max-image-preview:large, max-video-preview:-1\" \/>\n<link rel=\"canonical\" href=\"https:\/\/teknologiateollisuus.fi\/healthtech\/md-asetukseen-liittyva-standardisointipyynto-katkolle-toistaiseksi\/\" \/>\n<meta property=\"og:locale\" content=\"fi_FI\" \/>\n<meta property=\"og:type\" content=\"article\" \/>\n<meta property=\"og:title\" content=\"MD-asetukseen liittyv\u00e4 standardisointipyynt\u00f6 katkolle toistaiseksi\" \/>\n<meta property=\"og:description\" content=\"Eurooppalaiset standardisointij\u00e4rjest\u00f6t (CEN\/CENELEC) eiv\u00e4t ottaneet vastaan l\u00e4\u00e4kinn\u00e4llisi\u00e4 laitteita koskevaa EU-asetuksen mukaista komission standardisointipyynt\u00f6\u00e4. Yhteinen toimialaliitto\u00a0(YTL)\u00a0uutisoi\u00a023.6.2020, ett\u00e4 l\u00e4\u00e4kinn\u00e4llisi\u00e4 laitteita koskevasta\u00a0EU-asetuksen (2017\/745, MD-asetus) mukaisesta standardisointipyynn\u00f6st\u00e4 keskusteltiin ja \u00e4\u00e4nestettiin useaan kertaan, mutta se j\u00e4i hyv\u00e4ksym\u00e4tt\u00e4 hyvin niukalla enemmist\u00f6ll\u00e4. Eniten keskustelua syntyi\u00a0kansainv\u00e4listen ja eurooppalaisten standardien roolista jatkossa. Lis\u00e4ksi k\u00e4ytiin keskustelua standardisointipyynt\u00f6\u00f6n liittyv\u00e4st\u00e4 prosessista sek\u00e4 joustavuudesta \u2013 miten uudet standardit [&hellip;]\" \/>\n<meta property=\"og:url\" content=\"https:\/\/teknologiateollisuus.fi\/healthtech\/md-asetukseen-liittyva-standardisointipyynto-katkolle-toistaiseksi\/\" \/>\n<meta property=\"og:site_name\" content=\"Terveysteknologia\" \/>\n<meta property=\"article:published_time\" content=\"2020-06-23T11:02:00+00:00\" \/>\n<meta property=\"article:modified_time\" content=\"2024-07-10T09:10:09+00:00\" \/>\n<meta property=\"og:image\" content=\"https:\/\/teknologiateollisuus.fi\/healthtech\/wp-content\/uploads\/sites\/8\/2024\/06\/Yhteinen-toimialaliitto.jpeg\" \/>\n\t<meta property=\"og:image:width\" content=\"1163\" \/>\n\t<meta property=\"og:image:height\" content=\"674\" \/>\n\t<meta property=\"og:image:type\" content=\"image\/jpeg\" \/>\n<meta name=\"author\" content=\"P\u00e4ivi Ahlgren\" \/>\n<meta name=\"twitter:card\" content=\"summary_large_image\" \/>\n<meta name=\"twitter:label1\" content=\"Kirjoittanut\" \/>\n\t<meta name=\"twitter:data1\" content=\"P\u00e4ivi Ahlgren\" \/>\n\t<meta name=\"twitter:label2\" content=\"Arvioitu lukuaika\" \/>\n\t<meta name=\"twitter:data2\" content=\"2 minuuttia\" \/>\n<script type=\"application\/ld+json\" class=\"yoast-schema-graph\">{\"@context\":\"https:\\\/\\\/schema.org\",\"@graph\":[{\"@type\":\"Article\",\"@id\":\"https:\\\/\\\/teknologiateollisuus.fi\\\/healthtech\\\/md-asetukseen-liittyva-standardisointipyynto-katkolle-toistaiseksi\\\/#article\",\"isPartOf\":{\"@id\":\"https:\\\/\\\/teknologiateollisuus.fi\\\/healthtech\\\/md-asetukseen-liittyva-standardisointipyynto-katkolle-toistaiseksi\\\/\"},\"author\":{\"name\":\"P\u00e4ivi Ahlgren\",\"@id\":\"https:\\\/\\\/teknologiateollisuus.fi\\\/healthtech\\\/#\\\/schema\\\/person\\\/964d40eb9a84d0edfc1989b7784ea950\"},\"headline\":\"MD-asetukseen liittyv\u00e4 standardisointipyynt\u00f6 katkolle toistaiseksi\",\"datePublished\":\"2020-06-23T11:02:00+00:00\",\"dateModified\":\"2024-07-10T09:10:09+00:00\",\"mainEntityOfPage\":{\"@id\":\"https:\\\/\\\/teknologiateollisuus.fi\\\/healthtech\\\/md-asetukseen-liittyva-standardisointipyynto-katkolle-toistaiseksi\\\/\"},\"wordCount\":194,\"image\":{\"@id\":\"https:\\\/\\\/teknologiateollisuus.fi\\\/healthtech\\\/md-asetukseen-liittyva-standardisointipyynto-katkolle-toistaiseksi\\\/#primaryimage\"},\"thumbnailUrl\":\"https:\\\/\\\/teknologiateollisuus.fi\\\/healthtech\\\/wp-content\\\/uploads\\\/sites\\\/8\\\/2024\\\/06\\\/Yhteinen-toimialaliitto.jpeg\",\"articleSection\":[\"Uutinen\"],\"inLanguage\":\"fi\"},{\"@type\":\"WebPage\",\"@id\":\"https:\\\/\\\/teknologiateollisuus.fi\\\/healthtech\\\/md-asetukseen-liittyva-standardisointipyynto-katkolle-toistaiseksi\\\/\",\"url\":\"https:\\\/\\\/teknologiateollisuus.fi\\\/healthtech\\\/md-asetukseen-liittyva-standardisointipyynto-katkolle-toistaiseksi\\\/\",\"name\":\"MD-asetukseen liittyv\u00e4 standardisointipyynt\u00f6 katkolle toistaiseksi - Terveysteknologia\",\"isPartOf\":{\"@id\":\"https:\\\/\\\/teknologiateollisuus.fi\\\/healthtech\\\/#website\"},\"primaryImageOfPage\":{\"@id\":\"https:\\\/\\\/teknologiateollisuus.fi\\\/healthtech\\\/md-asetukseen-liittyva-standardisointipyynto-katkolle-toistaiseksi\\\/#primaryimage\"},\"image\":{\"@id\":\"https:\\\/\\\/teknologiateollisuus.fi\\\/healthtech\\\/md-asetukseen-liittyva-standardisointipyynto-katkolle-toistaiseksi\\\/#primaryimage\"},\"thumbnailUrl\":\"https:\\\/\\\/teknologiateollisuus.fi\\\/healthtech\\\/wp-content\\\/uploads\\\/sites\\\/8\\\/2024\\\/06\\\/Yhteinen-toimialaliitto.jpeg\",\"datePublished\":\"2020-06-23T11:02:00+00:00\",\"dateModified\":\"2024-07-10T09:10:09+00:00\",\"author\":{\"@id\":\"https:\\\/\\\/teknologiateollisuus.fi\\\/healthtech\\\/#\\\/schema\\\/person\\\/964d40eb9a84d0edfc1989b7784ea950\"},\"breadcrumb\":{\"@id\":\"https:\\\/\\\/teknologiateollisuus.fi\\\/healthtech\\\/md-asetukseen-liittyva-standardisointipyynto-katkolle-toistaiseksi\\\/#breadcrumb\"},\"inLanguage\":\"fi\",\"potentialAction\":[{\"@type\":\"ReadAction\",\"target\":[\"https:\\\/\\\/teknologiateollisuus.fi\\\/healthtech\\\/md-asetukseen-liittyva-standardisointipyynto-katkolle-toistaiseksi\\\/\"]}]},{\"@type\":\"ImageObject\",\"inLanguage\":\"fi\",\"@id\":\"https:\\\/\\\/teknologiateollisuus.fi\\\/healthtech\\\/md-asetukseen-liittyva-standardisointipyynto-katkolle-toistaiseksi\\\/#primaryimage\",\"url\":\"https:\\\/\\\/teknologiateollisuus.fi\\\/healthtech\\\/wp-content\\\/uploads\\\/sites\\\/8\\\/2024\\\/06\\\/Yhteinen-toimialaliitto.jpeg\",\"contentUrl\":\"https:\\\/\\\/teknologiateollisuus.fi\\\/healthtech\\\/wp-content\\\/uploads\\\/sites\\\/8\\\/2024\\\/06\\\/Yhteinen-toimialaliitto.jpeg\",\"width\":1163,\"height\":674,\"caption\":\"Yhteinen toimialaliitto\"},{\"@type\":\"BreadcrumbList\",\"@id\":\"https:\\\/\\\/teknologiateollisuus.fi\\\/healthtech\\\/md-asetukseen-liittyva-standardisointipyynto-katkolle-toistaiseksi\\\/#breadcrumb\",\"itemListElement\":[{\"@type\":\"ListItem\",\"position\":1,\"name\":\"Etusivu\",\"item\":\"https:\\\/\\\/teknologiateollisuus.fi\\\/healthtech\\\/\"},{\"@type\":\"ListItem\",\"position\":2,\"name\":\"Ajankohtaista\",\"item\":\"https:\\\/\\\/teknologiateollisuus.fi\\\/healthtech\\\/ajankohtaista\\\/\"},{\"@type\":\"ListItem\",\"position\":3,\"name\":\"Uutinen\",\"item\":\"https:\\\/\\\/teknologiateollisuus.fi\\\/healthtech\\\/ajankohtaista\\\/?categories=14\"},{\"@type\":\"ListItem\",\"position\":4,\"name\":\"MD-asetukseen liittyv\u00e4 standardisointipyynt\u00f6 katkolle toistaiseksi\"}]},{\"@type\":\"WebSite\",\"@id\":\"https:\\\/\\\/teknologiateollisuus.fi\\\/healthtech\\\/#website\",\"url\":\"https:\\\/\\\/teknologiateollisuus.fi\\\/healthtech\\\/\",\"name\":\"Terveysteknologia\",\"description\":\"\",\"potentialAction\":[{\"@type\":\"SearchAction\",\"target\":{\"@type\":\"EntryPoint\",\"urlTemplate\":\"https:\\\/\\\/teknologiateollisuus.fi\\\/healthtech\\\/?s={search_term_string}\"},\"query-input\":{\"@type\":\"PropertyValueSpecification\",\"valueRequired\":true,\"valueName\":\"search_term_string\"}}],\"inLanguage\":\"fi\"},{\"@type\":\"Person\",\"@id\":\"https:\\\/\\\/teknologiateollisuus.fi\\\/healthtech\\\/#\\\/schema\\\/person\\\/964d40eb9a84d0edfc1989b7784ea950\",\"name\":\"P\u00e4ivi Ahlgren\",\"image\":{\"@type\":\"ImageObject\",\"inLanguage\":\"fi\",\"@id\":\"https:\\\/\\\/secure.gravatar.com\\\/avatar\\\/d49c8c4a3ac6bce6f1ed1a4445d5b60a53463c32cb6ebcf6e0375dcece39eaca?s=96&d=mm&r=g\",\"url\":\"https:\\\/\\\/secure.gravatar.com\\\/avatar\\\/d49c8c4a3ac6bce6f1ed1a4445d5b60a53463c32cb6ebcf6e0375dcece39eaca?s=96&d=mm&r=g\",\"contentUrl\":\"https:\\\/\\\/secure.gravatar.com\\\/avatar\\\/d49c8c4a3ac6bce6f1ed1a4445d5b60a53463c32cb6ebcf6e0375dcece39eaca?s=96&d=mm&r=g\",\"caption\":\"P\u00e4ivi Ahlgren\"}}]}<\/script>\n<!-- \/ Yoast SEO Premium plugin. -->","yoast_head_json":{"title":"MD-asetukseen liittyv\u00e4 standardisointipyynt\u00f6 katkolle toistaiseksi - Terveysteknologia","robots":{"index":"index","follow":"follow","max-snippet":"max-snippet:-1","max-image-preview":"max-image-preview:large","max-video-preview":"max-video-preview:-1"},"canonical":"https:\/\/teknologiateollisuus.fi\/healthtech\/md-asetukseen-liittyva-standardisointipyynto-katkolle-toistaiseksi\/","og_locale":"fi_FI","og_type":"article","og_title":"MD-asetukseen liittyv\u00e4 standardisointipyynt\u00f6 katkolle toistaiseksi","og_description":"Eurooppalaiset standardisointij\u00e4rjest\u00f6t (CEN\/CENELEC) eiv\u00e4t ottaneet vastaan l\u00e4\u00e4kinn\u00e4llisi\u00e4 laitteita koskevaa EU-asetuksen mukaista komission standardisointipyynt\u00f6\u00e4. Yhteinen toimialaliitto\u00a0(YTL)\u00a0uutisoi\u00a023.6.2020, ett\u00e4 l\u00e4\u00e4kinn\u00e4llisi\u00e4 laitteita koskevasta\u00a0EU-asetuksen (2017\/745, MD-asetus) mukaisesta standardisointipyynn\u00f6st\u00e4 keskusteltiin ja \u00e4\u00e4nestettiin useaan kertaan, mutta se j\u00e4i hyv\u00e4ksym\u00e4tt\u00e4 hyvin niukalla enemmist\u00f6ll\u00e4. Eniten keskustelua syntyi\u00a0kansainv\u00e4listen ja eurooppalaisten standardien roolista jatkossa. Lis\u00e4ksi k\u00e4ytiin keskustelua standardisointipyynt\u00f6\u00f6n liittyv\u00e4st\u00e4 prosessista sek\u00e4 joustavuudesta \u2013 miten uudet standardit [&hellip;]","og_url":"https:\/\/teknologiateollisuus.fi\/healthtech\/md-asetukseen-liittyva-standardisointipyynto-katkolle-toistaiseksi\/","og_site_name":"Terveysteknologia","article_published_time":"2020-06-23T11:02:00+00:00","article_modified_time":"2024-07-10T09:10:09+00:00","og_image":[{"width":1163,"height":674,"url":"https:\/\/teknologiateollisuus.fi\/healthtech\/wp-content\/uploads\/sites\/8\/2024\/06\/Yhteinen-toimialaliitto.jpeg","type":"image\/jpeg"}],"author":"P\u00e4ivi Ahlgren","twitter_card":"summary_large_image","twitter_misc":{"Kirjoittanut":"P\u00e4ivi Ahlgren","Arvioitu lukuaika":"2 minuuttia"},"schema":{"@context":"https:\/\/schema.org","@graph":[{"@type":"Article","@id":"https:\/\/teknologiateollisuus.fi\/healthtech\/md-asetukseen-liittyva-standardisointipyynto-katkolle-toistaiseksi\/#article","isPartOf":{"@id":"https:\/\/teknologiateollisuus.fi\/healthtech\/md-asetukseen-liittyva-standardisointipyynto-katkolle-toistaiseksi\/"},"author":{"name":"P\u00e4ivi Ahlgren","@id":"https:\/\/teknologiateollisuus.fi\/healthtech\/#\/schema\/person\/964d40eb9a84d0edfc1989b7784ea950"},"headline":"MD-asetukseen liittyv\u00e4 standardisointipyynt\u00f6 katkolle toistaiseksi","datePublished":"2020-06-23T11:02:00+00:00","dateModified":"2024-07-10T09:10:09+00:00","mainEntityOfPage":{"@id":"https:\/\/teknologiateollisuus.fi\/healthtech\/md-asetukseen-liittyva-standardisointipyynto-katkolle-toistaiseksi\/"},"wordCount":194,"image":{"@id":"https:\/\/teknologiateollisuus.fi\/healthtech\/md-asetukseen-liittyva-standardisointipyynto-katkolle-toistaiseksi\/#primaryimage"},"thumbnailUrl":"https:\/\/teknologiateollisuus.fi\/healthtech\/wp-content\/uploads\/sites\/8\/2024\/06\/Yhteinen-toimialaliitto.jpeg","articleSection":["Uutinen"],"inLanguage":"fi"},{"@type":"WebPage","@id":"https:\/\/teknologiateollisuus.fi\/healthtech\/md-asetukseen-liittyva-standardisointipyynto-katkolle-toistaiseksi\/","url":"https:\/\/teknologiateollisuus.fi\/healthtech\/md-asetukseen-liittyva-standardisointipyynto-katkolle-toistaiseksi\/","name":"MD-asetukseen liittyv\u00e4 standardisointipyynt\u00f6 katkolle toistaiseksi - Terveysteknologia","isPartOf":{"@id":"https:\/\/teknologiateollisuus.fi\/healthtech\/#website"},"primaryImageOfPage":{"@id":"https:\/\/teknologiateollisuus.fi\/healthtech\/md-asetukseen-liittyva-standardisointipyynto-katkolle-toistaiseksi\/#primaryimage"},"image":{"@id":"https:\/\/teknologiateollisuus.fi\/healthtech\/md-asetukseen-liittyva-standardisointipyynto-katkolle-toistaiseksi\/#primaryimage"},"thumbnailUrl":"https:\/\/teknologiateollisuus.fi\/healthtech\/wp-content\/uploads\/sites\/8\/2024\/06\/Yhteinen-toimialaliitto.jpeg","datePublished":"2020-06-23T11:02:00+00:00","dateModified":"2024-07-10T09:10:09+00:00","author":{"@id":"https:\/\/teknologiateollisuus.fi\/healthtech\/#\/schema\/person\/964d40eb9a84d0edfc1989b7784ea950"},"breadcrumb":{"@id":"https:\/\/teknologiateollisuus.fi\/healthtech\/md-asetukseen-liittyva-standardisointipyynto-katkolle-toistaiseksi\/#breadcrumb"},"inLanguage":"fi","potentialAction":[{"@type":"ReadAction","target":["https:\/\/teknologiateollisuus.fi\/healthtech\/md-asetukseen-liittyva-standardisointipyynto-katkolle-toistaiseksi\/"]}]},{"@type":"ImageObject","inLanguage":"fi","@id":"https:\/\/teknologiateollisuus.fi\/healthtech\/md-asetukseen-liittyva-standardisointipyynto-katkolle-toistaiseksi\/#primaryimage","url":"https:\/\/teknologiateollisuus.fi\/healthtech\/wp-content\/uploads\/sites\/8\/2024\/06\/Yhteinen-toimialaliitto.jpeg","contentUrl":"https:\/\/teknologiateollisuus.fi\/healthtech\/wp-content\/uploads\/sites\/8\/2024\/06\/Yhteinen-toimialaliitto.jpeg","width":1163,"height":674,"caption":"Yhteinen toimialaliitto"},{"@type":"BreadcrumbList","@id":"https:\/\/teknologiateollisuus.fi\/healthtech\/md-asetukseen-liittyva-standardisointipyynto-katkolle-toistaiseksi\/#breadcrumb","itemListElement":[{"@type":"ListItem","position":1,"name":"Etusivu","item":"https:\/\/teknologiateollisuus.fi\/healthtech\/"},{"@type":"ListItem","position":2,"name":"Ajankohtaista","item":"https:\/\/teknologiateollisuus.fi\/healthtech\/ajankohtaista\/"},{"@type":"ListItem","position":3,"name":"Uutinen","item":"https:\/\/teknologiateollisuus.fi\/healthtech\/ajankohtaista\/?categories=14"},{"@type":"ListItem","position":4,"name":"MD-asetukseen liittyv\u00e4 standardisointipyynt\u00f6 katkolle toistaiseksi"}]},{"@type":"WebSite","@id":"https:\/\/teknologiateollisuus.fi\/healthtech\/#website","url":"https:\/\/teknologiateollisuus.fi\/healthtech\/","name":"Terveysteknologia","description":"","potentialAction":[{"@type":"SearchAction","target":{"@type":"EntryPoint","urlTemplate":"https:\/\/teknologiateollisuus.fi\/healthtech\/?s={search_term_string}"},"query-input":{"@type":"PropertyValueSpecification","valueRequired":true,"valueName":"search_term_string"}}],"inLanguage":"fi"},{"@type":"Person","@id":"https:\/\/teknologiateollisuus.fi\/healthtech\/#\/schema\/person\/964d40eb9a84d0edfc1989b7784ea950","name":"P\u00e4ivi Ahlgren","image":{"@type":"ImageObject","inLanguage":"fi","@id":"https:\/\/secure.gravatar.com\/avatar\/d49c8c4a3ac6bce6f1ed1a4445d5b60a53463c32cb6ebcf6e0375dcece39eaca?s=96&d=mm&r=g","url":"https:\/\/secure.gravatar.com\/avatar\/d49c8c4a3ac6bce6f1ed1a4445d5b60a53463c32cb6ebcf6e0375dcece39eaca?s=96&d=mm&r=g","contentUrl":"https:\/\/secure.gravatar.com\/avatar\/d49c8c4a3ac6bce6f1ed1a4445d5b60a53463c32cb6ebcf6e0375dcece39eaca?s=96&d=mm&r=g","caption":"P\u00e4ivi Ahlgren"}}]}},"lang":"fi","translations":{"fi":840},"pll_sync_post":{},"_links":{"self":[{"href":"https:\/\/teknologiateollisuus.fi\/healthtech\/wp-json\/wp\/v2\/posts\/840","targetHints":{"allow":["GET"]}}],"collection":[{"href":"https:\/\/teknologiateollisuus.fi\/healthtech\/wp-json\/wp\/v2\/posts"}],"about":[{"href":"https:\/\/teknologiateollisuus.fi\/healthtech\/wp-json\/wp\/v2\/types\/post"}],"author":[{"embeddable":true,"href":"https:\/\/teknologiateollisuus.fi\/healthtech\/wp-json\/wp\/v2\/users\/16"}],"replies":[{"embeddable":true,"href":"https:\/\/teknologiateollisuus.fi\/healthtech\/wp-json\/wp\/v2\/comments?post=840"}],"version-history":[{"count":1,"href":"https:\/\/teknologiateollisuus.fi\/healthtech\/wp-json\/wp\/v2\/posts\/840\/revisions"}],"predecessor-version":[{"id":841,"href":"https:\/\/teknologiateollisuus.fi\/healthtech\/wp-json\/wp\/v2\/posts\/840\/revisions\/841"}],"wp:featuredmedia":[{"embeddable":true,"href":"https:\/\/teknologiateollisuus.fi\/healthtech\/wp-json\/wp\/v2\/media\/334"}],"wp:attachment":[{"href":"https:\/\/teknologiateollisuus.fi\/healthtech\/wp-json\/wp\/v2\/media?parent=840"}],"wp:term":[{"taxonomy":"category","embeddable":true,"href":"https:\/\/teknologiateollisuus.fi\/healthtech\/wp-json\/wp\/v2\/categories?post=840"},{"taxonomy":"post_tag","embeddable":true,"href":"https:\/\/teknologiateollisuus.fi\/healthtech\/wp-json\/wp\/v2\/tags?post=840"},{"taxonomy":"em_industry","embeddable":true,"href":"https:\/\/teknologiateollisuus.fi\/healthtech\/wp-json\/wp\/v2\/em_industry?post=840"},{"taxonomy":"em_theme","embeddable":true,"href":"https:\/\/teknologiateollisuus.fi\/healthtech\/wp-json\/wp\/v2\/em_theme?post=840"}],"curies":[{"name":"wp","href":"https:\/\/api.w.org\/{rel}","templated":true}]}}