{"id":870,"date":"2020-09-25T09:46:00","date_gmt":"2020-09-25T06:46:00","guid":{"rendered":"https:\/\/teknologiateollisuus.fi\/healthtech\/?p=870"},"modified":"2024-07-10T12:07:45","modified_gmt":"2024-07-10T09:07:45","slug":"korona-vai-influenssa-abacus-diagnostica-tuo-kotimaisen-yhdistelmatestin-suomen-markkinoille-jo-ennen-influenssakauden-alkua","status":"publish","type":"post","link":"https:\/\/teknologiateollisuus.fi\/healthtech\/korona-vai-influenssa-abacus-diagnostica-tuo-kotimaisen-yhdistelmatestin-suomen-markkinoille-jo-ennen-influenssakauden-alkua\/","title":{"rendered":"Korona vai influenssa? Abacus Diagnostica tuo kotimaisen yhdistelm\u00e4testin Suomen markkinoille jo ennen influenssakauden alkua"},"content":{"rendered":"\n<p>Turkulainen infektiotautien nopeaan diagnostiikkaan keskittyv\u00e4 Abacus Diagnostica jatkaa kehitysty\u00f6t\u00e4\u00e4n koronavirustestien parissa.<\/p>\n\n\n\n<p>Yrityksen valmistama COVID-19-testi sai odotetusti hein\u00e4kuussa Euroopan laajuisen myyntiluvan eli CE-merkinn\u00e4n. Testi on otettu laajaan k\u00e4ytt\u00f6\u00f6n Suomessa ja ulkomailla, mutta haasteitakin on ollut:<\/p>\n\n\n\n<p>&#8211; Tuotantotilamme sijaitsevat Turun Kupittaalla Electrocityss\u00e4. Rakennuksen katolla kes\u00e4kuussa syttynyt tulipalo aiheutti tuotantoomme kolmen viikon katkoksen. Sitoutuneen ja osaavan henkil\u00f6st\u00f6mme ansiosta olemme silti pystyneet nostamaan koronatestimme tuotantokapasiteettia ja pit\u00e4m\u00e4\u00e4n kiinni toimitusvarmuudesta, kertoo yrityksen toimitusjohtaja Erno Sundberg ylpe\u00e4n\u00e4.<\/p>\n\n\n\n<p>Koronatestin tuotannon rinnalla yrityksess\u00e4 on jatkettu kehitysty\u00f6t\u00e4 ja varauduttu alkavaan influenssakauteen. Jo aiemmin Abacuksen tuotevalikoimaan kuulunut hengitystieinfektioita aiheuttavien virusten yhdistelm\u00e4testi on uudistettu vastaamaan muuttuneita tarpeita: influenssa- ja RS-virukset tunnistava testi t\u00e4ydentyy nyt SARS-CoV-2-viruksella. Influenssaa ja RS-virusta esiintyy l\u00e4hinn\u00e4 talvikuukausina, mutta koronaviruksen suhteen tulevan talven tapausm\u00e4\u00e4ri\u00e4 ei kukaan osaa ennustaa. Aiempina talvina laboratorioiden testauskapasiteetti on ollut koetuksella ilman koronaakin, joten influenssakauden l\u00e4hestyminen lis\u00e4\u00e4 jo nyt \u00e4\u00e4rirajoilla toimivien laboratorioiden painetta entisest\u00e4\u00e4n.<\/p>\n\n\n\n<p>&#8211; Koronaa testataan t\u00e4ll\u00e4 hetkell\u00e4 paljon ja hyv\u00e4 niin. On kuitenkin vaara, ett\u00e4 n\u00e4iden muiden virusten aiheuttamat taudit j\u00e4\u00e4v\u00e4t piiloon ja hoito viiv\u00e4styy. Olisi kaikkien etu saada yhdell\u00e4 testill\u00e4 tietoa muustakin kuin koronavirusinfektiosta, toteaa Sundberg.<\/p>\n\n\n\n<p>Koronatestist\u00e4 saatu negatiivinen tulos ei kerro potilaan oireilun syyt\u00e4, joten oireiden jatkuessa tai pahentuessa potilas voidaan ohjata uudestaan laboratorioon n\u00e4ytteenottoon: uusi ajanvaraus, uusi n\u00e4yte, uusi analyysi. Abacuksen uudistetulla yhdistelm\u00e4testill\u00e4 voidaan yhdest\u00e4 n\u00e4ytteest\u00e4, yhdell\u00e4 m\u00e4\u00e4rityksell\u00e4 selvitt\u00e4\u00e4, onko potilaan oireiden aiheuttaja influenssa A tai B, RS-virus vai COVID-19. Yhdistelm\u00e4testill\u00e4 voidaan siis s\u00e4\u00e4st\u00e4\u00e4 sek\u00e4 potilasta ett\u00e4 n\u00e4ytteenoton ja testauslaboratorioiden resursseja. Sundberg lupailee testin ensimm\u00e4isi\u00e4 validointieri\u00e4 suomalaisiin laboratorioihin jo lokakuussa eli hyviss\u00e4 ajoin ennen influenssakauden alkua:<\/p>\n\n\n\n<p>&#8211; Me t\u00e4\u00e4ll\u00e4 Turussa teemme voitavamme, jotta Suomessa ei influenssa-aalto p\u00e4\u00e4se koronan varjosta yll\u00e4tt\u00e4m\u00e4\u00e4n.<\/p>\n\n\n\n<p>Kaikki Abacuksen valmistamat testit, COVID-19 ja uusi yhdistelm\u00e4testi mukaan lukien, analysoidaan yrityksen omalla PCR-teknologiaan perustuvalla GenomEra-testij\u00e4rjestelm\u00e4ll\u00e4. M\u00e4\u00e4rityksist\u00e4 saadaan tuloksia jo reilussa tunnissa \u2013 siksi monet Suomen keskussairaaloiden laboratorioista k\u00e4ytt\u00e4v\u00e4tkin Abacuksen COVID-19-testi\u00e4 etenkin kiireellisiin n\u00e4ytteisiin kuten sairaalahenkil\u00f6kunnan testaukseen.<\/p>\n\n\n\n<p>Lis\u00e4tietoja: Erno Sundberg toimitusjohtaja, Abacus Diagnostica Oy <br>Puh. 020 7188388\u00a0erno.sundberg(a)abacusdiagnostica.com<\/p>\n","protected":false},"excerpt":{"rendered":"<p>Turkulainen infektiotautien nopeaan diagnostiikkaan keskittyv\u00e4 Abacus Diagnostica jatkaa kehitysty\u00f6t\u00e4\u00e4n koronavirustestien parissa. Yrityksen valmistama COVID-19-testi sai odotetusti hein\u00e4kuussa Euroopan laajuisen myyntiluvan eli CE-merkinn\u00e4n. Testi on otettu laajaan k\u00e4ytt\u00f6\u00f6n Suomessa ja ulkomailla, mutta haasteitakin on ollut: &#8211; Tuotantotilamme sijaitsevat Turun Kupittaalla Electrocityss\u00e4. Rakennuksen katolla kes\u00e4kuussa syttynyt tulipalo aiheutti tuotantoomme kolmen viikon katkoksen. Sitoutuneen ja osaavan henkil\u00f6st\u00f6mme ansiosta [&hellip;]<\/p>\n","protected":false},"author":16,"featured_media":392,"comment_status":"closed","ping_status":"closed","sticky":false,"template":"","format":"standard","meta":{"_acf_changed":false,"_relevanssi_hide_post":"","_relevanssi_hide_content":"","_relevanssi_pin_for_all":"","_relevanssi_pin_keywords":"","_relevanssi_unpin_keywords":"","_relevanssi_related_keywords":"","_relevanssi_related_include_ids":"","_relevanssi_related_exclude_ids":"","_relevanssi_related_no_append":"","_relevanssi_related_not_related":"","_relevanssi_related_posts":"729,759,725,731,710,798","_relevanssi_noindex_reason":"","inline_featured_image":false,"footnotes":""},"categories":[14],"tags":[],"em_industry":[],"em_theme":[53],"class_list":["post-870","post","type-post","status-publish","format-standard","has-post-thumbnail","hentry","category-uutinen","em_theme-laboratoriodiagnostiikka"],"acf":[],"yoast_head":"<!-- This site is optimized with the Yoast SEO Premium plugin v27.1 (Yoast SEO v27.5) - https:\/\/yoast.com\/product\/yoast-seo-premium-wordpress\/ -->\n<title>Korona vai influenssa? Abacus Diagnostica tuo kotimaisen yhdistelm\u00e4testin Suomen markkinoille jo ennen influenssakauden alkua - Terveysteknologia<\/title>\n<meta name=\"robots\" content=\"index, follow, max-snippet:-1, max-image-preview:large, max-video-preview:-1\" \/>\n<link rel=\"canonical\" href=\"https:\/\/teknologiateollisuus.fi\/healthtech\/korona-vai-influenssa-abacus-diagnostica-tuo-kotimaisen-yhdistelmatestin-suomen-markkinoille-jo-ennen-influenssakauden-alkua\/\" \/>\n<meta property=\"og:locale\" content=\"fi_FI\" \/>\n<meta property=\"og:type\" content=\"article\" \/>\n<meta property=\"og:title\" content=\"Korona vai influenssa? Abacus Diagnostica tuo kotimaisen yhdistelm\u00e4testin Suomen markkinoille jo ennen influenssakauden alkua\" \/>\n<meta property=\"og:description\" content=\"Turkulainen infektiotautien nopeaan diagnostiikkaan keskittyv\u00e4 Abacus Diagnostica jatkaa kehitysty\u00f6t\u00e4\u00e4n koronavirustestien parissa. Yrityksen valmistama COVID-19-testi sai odotetusti hein\u00e4kuussa Euroopan laajuisen myyntiluvan eli CE-merkinn\u00e4n. Testi on otettu laajaan k\u00e4ytt\u00f6\u00f6n Suomessa ja ulkomailla, mutta haasteitakin on ollut: &#8211; Tuotantotilamme sijaitsevat Turun Kupittaalla Electrocityss\u00e4. Rakennuksen katolla kes\u00e4kuussa syttynyt tulipalo aiheutti tuotantoomme kolmen viikon katkoksen. Sitoutuneen ja osaavan henkil\u00f6st\u00f6mme ansiosta [&hellip;]\" \/>\n<meta property=\"og:url\" content=\"https:\/\/teknologiateollisuus.fi\/healthtech\/korona-vai-influenssa-abacus-diagnostica-tuo-kotimaisen-yhdistelmatestin-suomen-markkinoille-jo-ennen-influenssakauden-alkua\/\" \/>\n<meta property=\"og:site_name\" content=\"Terveysteknologia\" \/>\n<meta property=\"article:published_time\" content=\"2020-09-25T06:46:00+00:00\" \/>\n<meta property=\"article:modified_time\" content=\"2024-07-10T09:07:45+00:00\" \/>\n<meta property=\"og:image\" content=\"https:\/\/teknologiateollisuus.fi\/healthtech\/wp-content\/uploads\/sites\/8\/2024\/06\/Abacus-scaled.jpg\" \/>\n\t<meta property=\"og:image:width\" content=\"2560\" \/>\n\t<meta property=\"og:image:height\" content=\"1920\" \/>\n\t<meta property=\"og:image:type\" content=\"image\/jpeg\" \/>\n<meta name=\"author\" content=\"P\u00e4ivi Ahlgren\" \/>\n<meta name=\"twitter:card\" content=\"summary_large_image\" \/>\n<meta name=\"twitter:label1\" content=\"Kirjoittanut\" \/>\n\t<meta name=\"twitter:data1\" content=\"P\u00e4ivi Ahlgren\" \/>\n\t<meta name=\"twitter:label2\" content=\"Arvioitu lukuaika\" \/>\n\t<meta name=\"twitter:data2\" content=\"3 minuuttia\" \/>\n<script type=\"application\/ld+json\" class=\"yoast-schema-graph\">{\"@context\":\"https:\\\/\\\/schema.org\",\"@graph\":[{\"@type\":\"Article\",\"@id\":\"https:\\\/\\\/teknologiateollisuus.fi\\\/healthtech\\\/korona-vai-influenssa-abacus-diagnostica-tuo-kotimaisen-yhdistelmatestin-suomen-markkinoille-jo-ennen-influenssakauden-alkua\\\/#article\",\"isPartOf\":{\"@id\":\"https:\\\/\\\/teknologiateollisuus.fi\\\/healthtech\\\/korona-vai-influenssa-abacus-diagnostica-tuo-kotimaisen-yhdistelmatestin-suomen-markkinoille-jo-ennen-influenssakauden-alkua\\\/\"},\"author\":{\"name\":\"P\u00e4ivi Ahlgren\",\"@id\":\"https:\\\/\\\/teknologiateollisuus.fi\\\/healthtech\\\/#\\\/schema\\\/person\\\/964d40eb9a84d0edfc1989b7784ea950\"},\"headline\":\"Korona vai influenssa? Abacus Diagnostica tuo kotimaisen yhdistelm\u00e4testin Suomen markkinoille jo ennen influenssakauden alkua\",\"datePublished\":\"2020-09-25T06:46:00+00:00\",\"dateModified\":\"2024-07-10T09:07:45+00:00\",\"mainEntityOfPage\":{\"@id\":\"https:\\\/\\\/teknologiateollisuus.fi\\\/healthtech\\\/korona-vai-influenssa-abacus-diagnostica-tuo-kotimaisen-yhdistelmatestin-suomen-markkinoille-jo-ennen-influenssakauden-alkua\\\/\"},\"wordCount\":376,\"image\":{\"@id\":\"https:\\\/\\\/teknologiateollisuus.fi\\\/healthtech\\\/korona-vai-influenssa-abacus-diagnostica-tuo-kotimaisen-yhdistelmatestin-suomen-markkinoille-jo-ennen-influenssakauden-alkua\\\/#primaryimage\"},\"thumbnailUrl\":\"https:\\\/\\\/teknologiateollisuus.fi\\\/healthtech\\\/wp-content\\\/uploads\\\/sites\\\/8\\\/2024\\\/06\\\/Abacus-scaled.jpg\",\"articleSection\":[\"Uutinen\"],\"inLanguage\":\"fi\"},{\"@type\":\"WebPage\",\"@id\":\"https:\\\/\\\/teknologiateollisuus.fi\\\/healthtech\\\/korona-vai-influenssa-abacus-diagnostica-tuo-kotimaisen-yhdistelmatestin-suomen-markkinoille-jo-ennen-influenssakauden-alkua\\\/\",\"url\":\"https:\\\/\\\/teknologiateollisuus.fi\\\/healthtech\\\/korona-vai-influenssa-abacus-diagnostica-tuo-kotimaisen-yhdistelmatestin-suomen-markkinoille-jo-ennen-influenssakauden-alkua\\\/\",\"name\":\"Korona vai influenssa? Abacus Diagnostica tuo kotimaisen yhdistelm\u00e4testin Suomen markkinoille jo ennen influenssakauden alkua - Terveysteknologia\",\"isPartOf\":{\"@id\":\"https:\\\/\\\/teknologiateollisuus.fi\\\/healthtech\\\/#website\"},\"primaryImageOfPage\":{\"@id\":\"https:\\\/\\\/teknologiateollisuus.fi\\\/healthtech\\\/korona-vai-influenssa-abacus-diagnostica-tuo-kotimaisen-yhdistelmatestin-suomen-markkinoille-jo-ennen-influenssakauden-alkua\\\/#primaryimage\"},\"image\":{\"@id\":\"https:\\\/\\\/teknologiateollisuus.fi\\\/healthtech\\\/korona-vai-influenssa-abacus-diagnostica-tuo-kotimaisen-yhdistelmatestin-suomen-markkinoille-jo-ennen-influenssakauden-alkua\\\/#primaryimage\"},\"thumbnailUrl\":\"https:\\\/\\\/teknologiateollisuus.fi\\\/healthtech\\\/wp-content\\\/uploads\\\/sites\\\/8\\\/2024\\\/06\\\/Abacus-scaled.jpg\",\"datePublished\":\"2020-09-25T06:46:00+00:00\",\"dateModified\":\"2024-07-10T09:07:45+00:00\",\"author\":{\"@id\":\"https:\\\/\\\/teknologiateollisuus.fi\\\/healthtech\\\/#\\\/schema\\\/person\\\/964d40eb9a84d0edfc1989b7784ea950\"},\"breadcrumb\":{\"@id\":\"https:\\\/\\\/teknologiateollisuus.fi\\\/healthtech\\\/korona-vai-influenssa-abacus-diagnostica-tuo-kotimaisen-yhdistelmatestin-suomen-markkinoille-jo-ennen-influenssakauden-alkua\\\/#breadcrumb\"},\"inLanguage\":\"fi\",\"potentialAction\":[{\"@type\":\"ReadAction\",\"target\":[\"https:\\\/\\\/teknologiateollisuus.fi\\\/healthtech\\\/korona-vai-influenssa-abacus-diagnostica-tuo-kotimaisen-yhdistelmatestin-suomen-markkinoille-jo-ennen-influenssakauden-alkua\\\/\"]}]},{\"@type\":\"ImageObject\",\"inLanguage\":\"fi\",\"@id\":\"https:\\\/\\\/teknologiateollisuus.fi\\\/healthtech\\\/korona-vai-influenssa-abacus-diagnostica-tuo-kotimaisen-yhdistelmatestin-suomen-markkinoille-jo-ennen-influenssakauden-alkua\\\/#primaryimage\",\"url\":\"https:\\\/\\\/teknologiateollisuus.fi\\\/healthtech\\\/wp-content\\\/uploads\\\/sites\\\/8\\\/2024\\\/06\\\/Abacus-scaled.jpg\",\"contentUrl\":\"https:\\\/\\\/teknologiateollisuus.fi\\\/healthtech\\\/wp-content\\\/uploads\\\/sites\\\/8\\\/2024\\\/06\\\/Abacus-scaled.jpg\",\"width\":2560,\"height\":1920,\"caption\":\"Abacus\"},{\"@type\":\"BreadcrumbList\",\"@id\":\"https:\\\/\\\/teknologiateollisuus.fi\\\/healthtech\\\/korona-vai-influenssa-abacus-diagnostica-tuo-kotimaisen-yhdistelmatestin-suomen-markkinoille-jo-ennen-influenssakauden-alkua\\\/#breadcrumb\",\"itemListElement\":[{\"@type\":\"ListItem\",\"position\":1,\"name\":\"Etusivu\",\"item\":\"https:\\\/\\\/teknologiateollisuus.fi\\\/healthtech\\\/\"},{\"@type\":\"ListItem\",\"position\":2,\"name\":\"Ajankohtaista\",\"item\":\"https:\\\/\\\/teknologiateollisuus.fi\\\/healthtech\\\/ajankohtaista\\\/\"},{\"@type\":\"ListItem\",\"position\":3,\"name\":\"Uutinen\",\"item\":\"https:\\\/\\\/teknologiateollisuus.fi\\\/healthtech\\\/ajankohtaista\\\/?categories=14\"},{\"@type\":\"ListItem\",\"position\":4,\"name\":\"Korona vai influenssa? Abacus Diagnostica tuo kotimaisen yhdistelm\u00e4testin Suomen markkinoille jo ennen influenssakauden alkua\"}]},{\"@type\":\"WebSite\",\"@id\":\"https:\\\/\\\/teknologiateollisuus.fi\\\/healthtech\\\/#website\",\"url\":\"https:\\\/\\\/teknologiateollisuus.fi\\\/healthtech\\\/\",\"name\":\"Terveysteknologia\",\"description\":\"\",\"potentialAction\":[{\"@type\":\"SearchAction\",\"target\":{\"@type\":\"EntryPoint\",\"urlTemplate\":\"https:\\\/\\\/teknologiateollisuus.fi\\\/healthtech\\\/?s={search_term_string}\"},\"query-input\":{\"@type\":\"PropertyValueSpecification\",\"valueRequired\":true,\"valueName\":\"search_term_string\"}}],\"inLanguage\":\"fi\"},{\"@type\":\"Person\",\"@id\":\"https:\\\/\\\/teknologiateollisuus.fi\\\/healthtech\\\/#\\\/schema\\\/person\\\/964d40eb9a84d0edfc1989b7784ea950\",\"name\":\"P\u00e4ivi Ahlgren\",\"image\":{\"@type\":\"ImageObject\",\"inLanguage\":\"fi\",\"@id\":\"https:\\\/\\\/secure.gravatar.com\\\/avatar\\\/d49c8c4a3ac6bce6f1ed1a4445d5b60a53463c32cb6ebcf6e0375dcece39eaca?s=96&d=mm&r=g\",\"url\":\"https:\\\/\\\/secure.gravatar.com\\\/avatar\\\/d49c8c4a3ac6bce6f1ed1a4445d5b60a53463c32cb6ebcf6e0375dcece39eaca?s=96&d=mm&r=g\",\"contentUrl\":\"https:\\\/\\\/secure.gravatar.com\\\/avatar\\\/d49c8c4a3ac6bce6f1ed1a4445d5b60a53463c32cb6ebcf6e0375dcece39eaca?s=96&d=mm&r=g\",\"caption\":\"P\u00e4ivi Ahlgren\"}}]}<\/script>\n<!-- \/ Yoast SEO Premium plugin. -->","yoast_head_json":{"title":"Korona vai influenssa? Abacus Diagnostica tuo kotimaisen yhdistelm\u00e4testin Suomen markkinoille jo ennen influenssakauden alkua - Terveysteknologia","robots":{"index":"index","follow":"follow","max-snippet":"max-snippet:-1","max-image-preview":"max-image-preview:large","max-video-preview":"max-video-preview:-1"},"canonical":"https:\/\/teknologiateollisuus.fi\/healthtech\/korona-vai-influenssa-abacus-diagnostica-tuo-kotimaisen-yhdistelmatestin-suomen-markkinoille-jo-ennen-influenssakauden-alkua\/","og_locale":"fi_FI","og_type":"article","og_title":"Korona vai influenssa? Abacus Diagnostica tuo kotimaisen yhdistelm\u00e4testin Suomen markkinoille jo ennen influenssakauden alkua","og_description":"Turkulainen infektiotautien nopeaan diagnostiikkaan keskittyv\u00e4 Abacus Diagnostica jatkaa kehitysty\u00f6t\u00e4\u00e4n koronavirustestien parissa. Yrityksen valmistama COVID-19-testi sai odotetusti hein\u00e4kuussa Euroopan laajuisen myyntiluvan eli CE-merkinn\u00e4n. Testi on otettu laajaan k\u00e4ytt\u00f6\u00f6n Suomessa ja ulkomailla, mutta haasteitakin on ollut: &#8211; Tuotantotilamme sijaitsevat Turun Kupittaalla Electrocityss\u00e4. Rakennuksen katolla kes\u00e4kuussa syttynyt tulipalo aiheutti tuotantoomme kolmen viikon katkoksen. Sitoutuneen ja osaavan henkil\u00f6st\u00f6mme ansiosta [&hellip;]","og_url":"https:\/\/teknologiateollisuus.fi\/healthtech\/korona-vai-influenssa-abacus-diagnostica-tuo-kotimaisen-yhdistelmatestin-suomen-markkinoille-jo-ennen-influenssakauden-alkua\/","og_site_name":"Terveysteknologia","article_published_time":"2020-09-25T06:46:00+00:00","article_modified_time":"2024-07-10T09:07:45+00:00","og_image":[{"width":2560,"height":1920,"url":"https:\/\/teknologiateollisuus.fi\/healthtech\/wp-content\/uploads\/sites\/8\/2024\/06\/Abacus-scaled.jpg","type":"image\/jpeg"}],"author":"P\u00e4ivi Ahlgren","twitter_card":"summary_large_image","twitter_misc":{"Kirjoittanut":"P\u00e4ivi Ahlgren","Arvioitu lukuaika":"3 minuuttia"},"schema":{"@context":"https:\/\/schema.org","@graph":[{"@type":"Article","@id":"https:\/\/teknologiateollisuus.fi\/healthtech\/korona-vai-influenssa-abacus-diagnostica-tuo-kotimaisen-yhdistelmatestin-suomen-markkinoille-jo-ennen-influenssakauden-alkua\/#article","isPartOf":{"@id":"https:\/\/teknologiateollisuus.fi\/healthtech\/korona-vai-influenssa-abacus-diagnostica-tuo-kotimaisen-yhdistelmatestin-suomen-markkinoille-jo-ennen-influenssakauden-alkua\/"},"author":{"name":"P\u00e4ivi Ahlgren","@id":"https:\/\/teknologiateollisuus.fi\/healthtech\/#\/schema\/person\/964d40eb9a84d0edfc1989b7784ea950"},"headline":"Korona vai influenssa? Abacus Diagnostica tuo kotimaisen yhdistelm\u00e4testin Suomen markkinoille jo ennen influenssakauden alkua","datePublished":"2020-09-25T06:46:00+00:00","dateModified":"2024-07-10T09:07:45+00:00","mainEntityOfPage":{"@id":"https:\/\/teknologiateollisuus.fi\/healthtech\/korona-vai-influenssa-abacus-diagnostica-tuo-kotimaisen-yhdistelmatestin-suomen-markkinoille-jo-ennen-influenssakauden-alkua\/"},"wordCount":376,"image":{"@id":"https:\/\/teknologiateollisuus.fi\/healthtech\/korona-vai-influenssa-abacus-diagnostica-tuo-kotimaisen-yhdistelmatestin-suomen-markkinoille-jo-ennen-influenssakauden-alkua\/#primaryimage"},"thumbnailUrl":"https:\/\/teknologiateollisuus.fi\/healthtech\/wp-content\/uploads\/sites\/8\/2024\/06\/Abacus-scaled.jpg","articleSection":["Uutinen"],"inLanguage":"fi"},{"@type":"WebPage","@id":"https:\/\/teknologiateollisuus.fi\/healthtech\/korona-vai-influenssa-abacus-diagnostica-tuo-kotimaisen-yhdistelmatestin-suomen-markkinoille-jo-ennen-influenssakauden-alkua\/","url":"https:\/\/teknologiateollisuus.fi\/healthtech\/korona-vai-influenssa-abacus-diagnostica-tuo-kotimaisen-yhdistelmatestin-suomen-markkinoille-jo-ennen-influenssakauden-alkua\/","name":"Korona vai influenssa? Abacus Diagnostica tuo kotimaisen yhdistelm\u00e4testin Suomen markkinoille jo ennen influenssakauden alkua - Terveysteknologia","isPartOf":{"@id":"https:\/\/teknologiateollisuus.fi\/healthtech\/#website"},"primaryImageOfPage":{"@id":"https:\/\/teknologiateollisuus.fi\/healthtech\/korona-vai-influenssa-abacus-diagnostica-tuo-kotimaisen-yhdistelmatestin-suomen-markkinoille-jo-ennen-influenssakauden-alkua\/#primaryimage"},"image":{"@id":"https:\/\/teknologiateollisuus.fi\/healthtech\/korona-vai-influenssa-abacus-diagnostica-tuo-kotimaisen-yhdistelmatestin-suomen-markkinoille-jo-ennen-influenssakauden-alkua\/#primaryimage"},"thumbnailUrl":"https:\/\/teknologiateollisuus.fi\/healthtech\/wp-content\/uploads\/sites\/8\/2024\/06\/Abacus-scaled.jpg","datePublished":"2020-09-25T06:46:00+00:00","dateModified":"2024-07-10T09:07:45+00:00","author":{"@id":"https:\/\/teknologiateollisuus.fi\/healthtech\/#\/schema\/person\/964d40eb9a84d0edfc1989b7784ea950"},"breadcrumb":{"@id":"https:\/\/teknologiateollisuus.fi\/healthtech\/korona-vai-influenssa-abacus-diagnostica-tuo-kotimaisen-yhdistelmatestin-suomen-markkinoille-jo-ennen-influenssakauden-alkua\/#breadcrumb"},"inLanguage":"fi","potentialAction":[{"@type":"ReadAction","target":["https:\/\/teknologiateollisuus.fi\/healthtech\/korona-vai-influenssa-abacus-diagnostica-tuo-kotimaisen-yhdistelmatestin-suomen-markkinoille-jo-ennen-influenssakauden-alkua\/"]}]},{"@type":"ImageObject","inLanguage":"fi","@id":"https:\/\/teknologiateollisuus.fi\/healthtech\/korona-vai-influenssa-abacus-diagnostica-tuo-kotimaisen-yhdistelmatestin-suomen-markkinoille-jo-ennen-influenssakauden-alkua\/#primaryimage","url":"https:\/\/teknologiateollisuus.fi\/healthtech\/wp-content\/uploads\/sites\/8\/2024\/06\/Abacus-scaled.jpg","contentUrl":"https:\/\/teknologiateollisuus.fi\/healthtech\/wp-content\/uploads\/sites\/8\/2024\/06\/Abacus-scaled.jpg","width":2560,"height":1920,"caption":"Abacus"},{"@type":"BreadcrumbList","@id":"https:\/\/teknologiateollisuus.fi\/healthtech\/korona-vai-influenssa-abacus-diagnostica-tuo-kotimaisen-yhdistelmatestin-suomen-markkinoille-jo-ennen-influenssakauden-alkua\/#breadcrumb","itemListElement":[{"@type":"ListItem","position":1,"name":"Etusivu","item":"https:\/\/teknologiateollisuus.fi\/healthtech\/"},{"@type":"ListItem","position":2,"name":"Ajankohtaista","item":"https:\/\/teknologiateollisuus.fi\/healthtech\/ajankohtaista\/"},{"@type":"ListItem","position":3,"name":"Uutinen","item":"https:\/\/teknologiateollisuus.fi\/healthtech\/ajankohtaista\/?categories=14"},{"@type":"ListItem","position":4,"name":"Korona vai influenssa? Abacus Diagnostica tuo kotimaisen yhdistelm\u00e4testin Suomen markkinoille jo ennen influenssakauden alkua"}]},{"@type":"WebSite","@id":"https:\/\/teknologiateollisuus.fi\/healthtech\/#website","url":"https:\/\/teknologiateollisuus.fi\/healthtech\/","name":"Terveysteknologia","description":"","potentialAction":[{"@type":"SearchAction","target":{"@type":"EntryPoint","urlTemplate":"https:\/\/teknologiateollisuus.fi\/healthtech\/?s={search_term_string}"},"query-input":{"@type":"PropertyValueSpecification","valueRequired":true,"valueName":"search_term_string"}}],"inLanguage":"fi"},{"@type":"Person","@id":"https:\/\/teknologiateollisuus.fi\/healthtech\/#\/schema\/person\/964d40eb9a84d0edfc1989b7784ea950","name":"P\u00e4ivi Ahlgren","image":{"@type":"ImageObject","inLanguage":"fi","@id":"https:\/\/secure.gravatar.com\/avatar\/d49c8c4a3ac6bce6f1ed1a4445d5b60a53463c32cb6ebcf6e0375dcece39eaca?s=96&d=mm&r=g","url":"https:\/\/secure.gravatar.com\/avatar\/d49c8c4a3ac6bce6f1ed1a4445d5b60a53463c32cb6ebcf6e0375dcece39eaca?s=96&d=mm&r=g","contentUrl":"https:\/\/secure.gravatar.com\/avatar\/d49c8c4a3ac6bce6f1ed1a4445d5b60a53463c32cb6ebcf6e0375dcece39eaca?s=96&d=mm&r=g","caption":"P\u00e4ivi Ahlgren"}}]}},"lang":"fi","translations":{"fi":870},"pll_sync_post":{},"_links":{"self":[{"href":"https:\/\/teknologiateollisuus.fi\/healthtech\/wp-json\/wp\/v2\/posts\/870","targetHints":{"allow":["GET"]}}],"collection":[{"href":"https:\/\/teknologiateollisuus.fi\/healthtech\/wp-json\/wp\/v2\/posts"}],"about":[{"href":"https:\/\/teknologiateollisuus.fi\/healthtech\/wp-json\/wp\/v2\/types\/post"}],"author":[{"embeddable":true,"href":"https:\/\/teknologiateollisuus.fi\/healthtech\/wp-json\/wp\/v2\/users\/16"}],"replies":[{"embeddable":true,"href":"https:\/\/teknologiateollisuus.fi\/healthtech\/wp-json\/wp\/v2\/comments?post=870"}],"version-history":[{"count":1,"href":"https:\/\/teknologiateollisuus.fi\/healthtech\/wp-json\/wp\/v2\/posts\/870\/revisions"}],"predecessor-version":[{"id":871,"href":"https:\/\/teknologiateollisuus.fi\/healthtech\/wp-json\/wp\/v2\/posts\/870\/revisions\/871"}],"wp:featuredmedia":[{"embeddable":true,"href":"https:\/\/teknologiateollisuus.fi\/healthtech\/wp-json\/wp\/v2\/media\/392"}],"wp:attachment":[{"href":"https:\/\/teknologiateollisuus.fi\/healthtech\/wp-json\/wp\/v2\/media?parent=870"}],"wp:term":[{"taxonomy":"category","embeddable":true,"href":"https:\/\/teknologiateollisuus.fi\/healthtech\/wp-json\/wp\/v2\/categories?post=870"},{"taxonomy":"post_tag","embeddable":true,"href":"https:\/\/teknologiateollisuus.fi\/healthtech\/wp-json\/wp\/v2\/tags?post=870"},{"taxonomy":"em_industry","embeddable":true,"href":"https:\/\/teknologiateollisuus.fi\/healthtech\/wp-json\/wp\/v2\/em_industry?post=870"},{"taxonomy":"em_theme","embeddable":true,"href":"https:\/\/teknologiateollisuus.fi\/healthtech\/wp-json\/wp\/v2\/em_theme?post=870"}],"curies":[{"name":"wp","href":"https:\/\/api.w.org\/{rel}","templated":true}]}}