{"id":911,"date":"2020-12-09T15:41:00","date_gmt":"2020-12-09T13:41:00","guid":{"rendered":"https:\/\/teknologiateollisuus.fi\/healthtech\/?p=911"},"modified":"2024-07-10T11:01:10","modified_gmt":"2024-07-10T08:01:10","slug":"cerenionin-myynti-eurooppaan-kaynnistyy","status":"publish","type":"post","link":"https:\/\/teknologiateollisuus.fi\/healthtech\/cerenionin-myynti-eurooppaan-kaynnistyy\/","title":{"rendered":"Cerenionin myynti Eurooppaan k\u00e4ynnistyy"},"content":{"rendered":"\n<p>Cerenion Oy saavutti odotetun merkkipaalun, kun yrityksen keskeinen tuote Cerenion C-Trend\u00ae l\u00e4p\u00e4isi virallisesti Euroopan komission yhdenmukaisuusarvioinnin ja sai l\u00e4\u00e4kint\u00e4laitteille tarkoitetun CE-merkinn\u00e4n. Yritys voi aloittaa laitteen myynnin Euroopan unionin alueella v\u00e4litt\u00f6m\u00e4sti.<\/p>\n\n\n\n<p>\u201dT\u00e4m\u00e4 hetki on suuri virstanpylv\u00e4s nuorelle yrityksellemme. Olemme tehneet t\u00e4t\u00e4 varten t\u00f6it\u00e4 siit\u00e4 asti, kun aloitimme ensimm\u00e4isen Business Finland -projektimme Oulun yliopistossa. Siell\u00e4 keksimme uuden tieteellisen innovaation ja halusimme selvitt\u00e4\u00e4, voisimmeko kehitt\u00e4\u00e4 tuotteen, jolla auttaa potilaita sek\u00e4 tietysti l\u00e4\u00e4ketieteen ammattilaisia ty\u00f6ss\u00e4\u00e4n\u201d, iloitsee Jukka Kortelainen, Cerenionin toimitusjohtaja ja yksi yrityksen perustajista. \u201dOtamme ison askeleen matkallamme, jonka t\u00e4ht\u00e4imess\u00e4 on parantaa aivotoiminnan tarkkailua tehohoidossa ymp\u00e4ri maailman\u201d, h\u00e4n jatkaa.<\/p>\n\n\n\n<p>Cerenion C-Trend\u00ae on tarkoitettu aivos\u00e4hk\u00f6k\u00e4yr\u00e4- eli EEG-tallenteiden tarkasteluun ja analysointiin yhteensopivan EEG-laitteen kanssa. T\u00e4m\u00e4 helpottaa potilaitten neurofysiologista tarkkailua. Teknologiassa keino\u00e4lyn avulla luodaan monimutkaisesta EEG-tallenteesta helposti ymm\u00e4rrett\u00e4v\u00e4t parametrit, joiden perusteella hoitohenkil\u00f6kunta voi tehd\u00e4 kliinisi\u00e4 p\u00e4\u00e4t\u00f6ksi\u00e4. C-Trendin\u00ae avulla voi esimerkiksi tarkkailla syd\u00e4npys\u00e4hdyksen j\u00e4lkeen tajuttomaksi j\u00e4\u00e4neen potilaan aivotoimintaa sek\u00e4 havaita epileptisi\u00e4 kohtauksia tai hapenpuutetta aivoissa.<\/p>\n\n\n\n<p>Jotta l\u00e4\u00e4kint\u00e4laite saa CE-hyv\u00e4ksynn\u00e4n, sen hy\u00f6dyist\u00e4 ja turvallisuudesta on saatava riitt\u00e4v\u00e4sti kliinist\u00e4 n\u00e4ytt\u00f6\u00e4. Cerenionin kliininen tutkimusohjelma alkoi pienell\u00e4 10 potilaan pilotilla Oulun yliopistollisen sairaalan teho-osastolla. Sittemmin otanta on kasvanut merkitt\u00e4v\u00e4sti ja mukana on ollut satoja potilaita ymp\u00e4ri Suomen. Mittausten m\u00e4\u00e4r\u00e4 on todistanut Cerenion C-Trend\u00ae -laitteen toimivuuden aivotoiminnan tarkkailussa lukuisilla eri potilasryhmill\u00e4.<\/p>\n\n\n\n<p>\u201dPatentoitu teknologiamme on merkitt\u00e4v\u00e4 l\u00e4pimurto, joka paitsi helpottaa hoitohenkil\u00f6kunnan ty\u00f6t\u00e4 my\u00f6s tarjoaa lis\u00e4tietoa perinteisen EEG-mittauksen rinnalle. Teknologiassamme on paljon potentiaalia ja siit\u00e4 ollaan todella kiinnostuneita\u201d, kertoo Cerenionin teknologiajohtaja ja perustaja Eero V\u00e4yrynen.<\/p>\n\n\n\n<p>\u201dKoko tiimimme on tehnyt valtavan m\u00e4\u00e4r\u00e4n t\u00f6it\u00e4 t\u00e4h\u00e4n pisteeseen p\u00e4\u00e4st\u00e4ksemme. Emme ole pel\u00e4nneet haasteita, vaan voimme olla ylpeit\u00e4 siit\u00e4, miten olemme kehitt\u00e4neet laadunhallintaamme, ohjelmistokehityst\u00e4mme ja t\u00e4t\u00e4 ensimm\u00e4ist\u00e4 tuotettamme\u201d, lis\u00e4\u00e4 Cerenionin laadunvalvonnasta vastaava operatiivinen johtaja Ilkka Juuso, joka niin ik\u00e4\u00e4n on ollut perustamassa yrityst\u00e4.<\/p>\n\n\n\n<p>Cerenionin ydinryhm\u00e4n j\u00e4senet ovat l\u00e4ht\u00f6isin akateemisen tutkimuksen piirist\u00e4, mutta alusta asti heid\u00e4n tavoitteenaan on ollut parantaa terveydenhuollon arkea sek\u00e4 potilaitten hoitoa. Yrityksell\u00e4 on t\u00e4ll\u00e4 er\u00e4\u00e4 kaksi toimipistett\u00e4, joista toinen Oulun Teknologiakyl\u00e4ss\u00e4 ja toinen Helsingiss\u00e4.<\/p>\n\n\n\n<p>\u201dOlemme olleet onnekkaita, ett\u00e4 olemme saaneet koottua niin mahtavan joukon osaavia ihmisi\u00e4 tekem\u00e4\u00e4n konseptistamme valmiin tuotteen. Koko tiimi ansaitsee kunnian t\u00e4st\u00e4 p\u00e4iv\u00e4st\u00e4\u201d, kiittelee Cerenionin talousjohtaja ja henkil\u00f6st\u00f6p\u00e4\u00e4llikk\u00f6 Timo Koskela, joka h\u00e4nkin on yrityksen perustajia. \u201dMenestys ei olisi ollut kuitenkaan mahdollista ilman arvokkaiden sijoittajien tukea. Kiitos Butterfly Venturesille, Icebreaker.vc:lle ja sadoille yksityisille sijoittajille, jotka uskoivat meihin Springvestin j\u00e4rjest\u00e4m\u00e4ll\u00e4 rahoituskierroksella\u201d, h\u00e4n lis\u00e4\u00e4.<\/p>\n\n\n\n<p>Saadun CE-merkinn\u00e4n turvin Cerenion voi aloittaa C-Trend\u00ae-tuotteiden myynnin Euroopan unionin alueella heti. Ensimm\u00e4iset tuotteet ovat markkinoilla pian.<\/p>\n\n\n\n<p>\u201dMatka kiehtovan idean saaneesta yliopiston spin-offista toimivaksi l\u00e4\u00e4ketieteen teknologian yritykseksi on nyt p\u00e4\u00e4t\u00f6ksess\u00e4\u00e4n, ja on syyt\u00e4 arvostaa saavutustamme. Koko tiimi on tehnyt kovasti t\u00f6it\u00e4 vastatakseen haasteisiin ja odotuksiin voitokkaasti. Mutta ty\u00f6 on vasta alussa \u2013 seuraavaksi alamme vied\u00e4 tuotetta Eurooppaan\u201d, toimitusjohtaja Kortelainen p\u00e4\u00e4tt\u00e4\u00e4.<\/p>\n\n\n\n<p>Lis\u00e4tietoja:<\/p>\n\n\n\n<p>Jukka Kortelainen, toimitusjohtaja<br>Cerenion Oy<br>p. 050 4474 909<br>jukka.kortelainen[at]cerenion.com<\/p>\n","protected":false},"excerpt":{"rendered":"<p>Cerenion Oy saavutti odotetun merkkipaalun, kun yrityksen keskeinen tuote Cerenion C-Trend\u00ae l\u00e4p\u00e4isi virallisesti Euroopan komission yhdenmukaisuusarvioinnin ja sai l\u00e4\u00e4kint\u00e4laitteille tarkoitetun CE-merkinn\u00e4n. Yritys voi aloittaa laitteen myynnin Euroopan unionin alueella v\u00e4litt\u00f6m\u00e4sti. \u201dT\u00e4m\u00e4 hetki on suuri virstanpylv\u00e4s nuorelle yrityksellemme. Olemme tehneet t\u00e4t\u00e4 varten t\u00f6it\u00e4 siit\u00e4 asti, kun aloitimme ensimm\u00e4isen Business Finland -projektimme Oulun yliopistossa. Siell\u00e4 keksimme uuden [&hellip;]<\/p>\n","protected":false},"author":16,"featured_media":397,"comment_status":"closed","ping_status":"closed","sticky":false,"template":"","format":"standard","meta":{"_acf_changed":false,"_relevanssi_hide_post":"","_relevanssi_hide_content":"","_relevanssi_pin_for_all":"","_relevanssi_pin_keywords":"","_relevanssi_unpin_keywords":"","_relevanssi_related_keywords":"","_relevanssi_related_include_ids":"","_relevanssi_related_exclude_ids":"","_relevanssi_related_no_append":"","_relevanssi_related_not_related":"","_relevanssi_related_posts":"729,759,725,731,710,798","_relevanssi_noindex_reason":"","inline_featured_image":false,"footnotes":""},"categories":[14],"tags":[],"em_industry":[],"em_theme":[55,52],"class_list":["post-911","post","type-post","status-publish","format-standard","has-post-thumbnail","hentry","category-uutinen","em_theme-laakinnallinen-laite","em_theme-talous"],"acf":[],"yoast_head":"<!-- This site is optimized with the Yoast SEO Premium plugin v27.1 (Yoast SEO v27.5) - https:\/\/yoast.com\/product\/yoast-seo-premium-wordpress\/ -->\n<title>Cerenionin myynti Eurooppaan k\u00e4ynnistyy - Terveysteknologia<\/title>\n<meta name=\"robots\" content=\"index, follow, max-snippet:-1, max-image-preview:large, max-video-preview:-1\" \/>\n<link rel=\"canonical\" href=\"https:\/\/teknologiateollisuus.fi\/healthtech\/cerenionin-myynti-eurooppaan-kaynnistyy\/\" \/>\n<meta property=\"og:locale\" content=\"fi_FI\" \/>\n<meta property=\"og:type\" content=\"article\" \/>\n<meta property=\"og:title\" content=\"Cerenionin myynti Eurooppaan k\u00e4ynnistyy\" \/>\n<meta property=\"og:description\" content=\"Cerenion Oy saavutti odotetun merkkipaalun, kun yrityksen keskeinen tuote Cerenion C-Trend\u00ae l\u00e4p\u00e4isi virallisesti Euroopan komission yhdenmukaisuusarvioinnin ja sai l\u00e4\u00e4kint\u00e4laitteille tarkoitetun CE-merkinn\u00e4n. Yritys voi aloittaa laitteen myynnin Euroopan unionin alueella v\u00e4litt\u00f6m\u00e4sti. \u201dT\u00e4m\u00e4 hetki on suuri virstanpylv\u00e4s nuorelle yrityksellemme. Olemme tehneet t\u00e4t\u00e4 varten t\u00f6it\u00e4 siit\u00e4 asti, kun aloitimme ensimm\u00e4isen Business Finland -projektimme Oulun yliopistossa. Siell\u00e4 keksimme uuden [&hellip;]\" \/>\n<meta property=\"og:url\" content=\"https:\/\/teknologiateollisuus.fi\/healthtech\/cerenionin-myynti-eurooppaan-kaynnistyy\/\" \/>\n<meta property=\"og:site_name\" content=\"Terveysteknologia\" \/>\n<meta property=\"article:published_time\" content=\"2020-12-09T13:41:00+00:00\" \/>\n<meta property=\"article:modified_time\" content=\"2024-07-10T08:01:10+00:00\" \/>\n<meta property=\"og:image\" content=\"https:\/\/teknologiateollisuus.fi\/healthtech\/wp-content\/uploads\/sites\/8\/2024\/06\/Cerenion.jpg\" \/>\n\t<meta property=\"og:image:width\" content=\"959\" \/>\n\t<meta property=\"og:image:height\" content=\"640\" \/>\n\t<meta property=\"og:image:type\" content=\"image\/jpeg\" \/>\n<meta name=\"author\" content=\"P\u00e4ivi Ahlgren\" \/>\n<meta name=\"twitter:card\" content=\"summary_large_image\" \/>\n<meta name=\"twitter:label1\" content=\"Kirjoittanut\" \/>\n\t<meta name=\"twitter:data1\" content=\"P\u00e4ivi Ahlgren\" \/>\n\t<meta name=\"twitter:label2\" content=\"Arvioitu lukuaika\" \/>\n\t<meta name=\"twitter:data2\" content=\"3 minuuttia\" \/>\n<script type=\"application\/ld+json\" class=\"yoast-schema-graph\">{\"@context\":\"https:\\\/\\\/schema.org\",\"@graph\":[{\"@type\":\"Article\",\"@id\":\"https:\\\/\\\/teknologiateollisuus.fi\\\/healthtech\\\/cerenionin-myynti-eurooppaan-kaynnistyy\\\/#article\",\"isPartOf\":{\"@id\":\"https:\\\/\\\/teknologiateollisuus.fi\\\/healthtech\\\/cerenionin-myynti-eurooppaan-kaynnistyy\\\/\"},\"author\":{\"name\":\"P\u00e4ivi Ahlgren\",\"@id\":\"https:\\\/\\\/teknologiateollisuus.fi\\\/healthtech\\\/#\\\/schema\\\/person\\\/964d40eb9a84d0edfc1989b7784ea950\"},\"headline\":\"Cerenionin myynti Eurooppaan k\u00e4ynnistyy\",\"datePublished\":\"2020-12-09T13:41:00+00:00\",\"dateModified\":\"2024-07-10T08:01:10+00:00\",\"mainEntityOfPage\":{\"@id\":\"https:\\\/\\\/teknologiateollisuus.fi\\\/healthtech\\\/cerenionin-myynti-eurooppaan-kaynnistyy\\\/\"},\"wordCount\":539,\"image\":{\"@id\":\"https:\\\/\\\/teknologiateollisuus.fi\\\/healthtech\\\/cerenionin-myynti-eurooppaan-kaynnistyy\\\/#primaryimage\"},\"thumbnailUrl\":\"https:\\\/\\\/teknologiateollisuus.fi\\\/healthtech\\\/wp-content\\\/uploads\\\/sites\\\/8\\\/2024\\\/06\\\/Cerenion.jpg\",\"articleSection\":[\"Uutinen\"],\"inLanguage\":\"fi\"},{\"@type\":\"WebPage\",\"@id\":\"https:\\\/\\\/teknologiateollisuus.fi\\\/healthtech\\\/cerenionin-myynti-eurooppaan-kaynnistyy\\\/\",\"url\":\"https:\\\/\\\/teknologiateollisuus.fi\\\/healthtech\\\/cerenionin-myynti-eurooppaan-kaynnistyy\\\/\",\"name\":\"Cerenionin myynti Eurooppaan k\u00e4ynnistyy - Terveysteknologia\",\"isPartOf\":{\"@id\":\"https:\\\/\\\/teknologiateollisuus.fi\\\/healthtech\\\/#website\"},\"primaryImageOfPage\":{\"@id\":\"https:\\\/\\\/teknologiateollisuus.fi\\\/healthtech\\\/cerenionin-myynti-eurooppaan-kaynnistyy\\\/#primaryimage\"},\"image\":{\"@id\":\"https:\\\/\\\/teknologiateollisuus.fi\\\/healthtech\\\/cerenionin-myynti-eurooppaan-kaynnistyy\\\/#primaryimage\"},\"thumbnailUrl\":\"https:\\\/\\\/teknologiateollisuus.fi\\\/healthtech\\\/wp-content\\\/uploads\\\/sites\\\/8\\\/2024\\\/06\\\/Cerenion.jpg\",\"datePublished\":\"2020-12-09T13:41:00+00:00\",\"dateModified\":\"2024-07-10T08:01:10+00:00\",\"author\":{\"@id\":\"https:\\\/\\\/teknologiateollisuus.fi\\\/healthtech\\\/#\\\/schema\\\/person\\\/964d40eb9a84d0edfc1989b7784ea950\"},\"breadcrumb\":{\"@id\":\"https:\\\/\\\/teknologiateollisuus.fi\\\/healthtech\\\/cerenionin-myynti-eurooppaan-kaynnistyy\\\/#breadcrumb\"},\"inLanguage\":\"fi\",\"potentialAction\":[{\"@type\":\"ReadAction\",\"target\":[\"https:\\\/\\\/teknologiateollisuus.fi\\\/healthtech\\\/cerenionin-myynti-eurooppaan-kaynnistyy\\\/\"]}]},{\"@type\":\"ImageObject\",\"inLanguage\":\"fi\",\"@id\":\"https:\\\/\\\/teknologiateollisuus.fi\\\/healthtech\\\/cerenionin-myynti-eurooppaan-kaynnistyy\\\/#primaryimage\",\"url\":\"https:\\\/\\\/teknologiateollisuus.fi\\\/healthtech\\\/wp-content\\\/uploads\\\/sites\\\/8\\\/2024\\\/06\\\/Cerenion.jpg\",\"contentUrl\":\"https:\\\/\\\/teknologiateollisuus.fi\\\/healthtech\\\/wp-content\\\/uploads\\\/sites\\\/8\\\/2024\\\/06\\\/Cerenion.jpg\",\"width\":959,\"height\":640,\"caption\":\"Cerenion\"},{\"@type\":\"BreadcrumbList\",\"@id\":\"https:\\\/\\\/teknologiateollisuus.fi\\\/healthtech\\\/cerenionin-myynti-eurooppaan-kaynnistyy\\\/#breadcrumb\",\"itemListElement\":[{\"@type\":\"ListItem\",\"position\":1,\"name\":\"Etusivu\",\"item\":\"https:\\\/\\\/teknologiateollisuus.fi\\\/healthtech\\\/\"},{\"@type\":\"ListItem\",\"position\":2,\"name\":\"Ajankohtaista\",\"item\":\"https:\\\/\\\/teknologiateollisuus.fi\\\/healthtech\\\/ajankohtaista\\\/\"},{\"@type\":\"ListItem\",\"position\":3,\"name\":\"Uutinen\",\"item\":\"https:\\\/\\\/teknologiateollisuus.fi\\\/healthtech\\\/ajankohtaista\\\/?categories=14\"},{\"@type\":\"ListItem\",\"position\":4,\"name\":\"Cerenionin myynti Eurooppaan k\u00e4ynnistyy\"}]},{\"@type\":\"WebSite\",\"@id\":\"https:\\\/\\\/teknologiateollisuus.fi\\\/healthtech\\\/#website\",\"url\":\"https:\\\/\\\/teknologiateollisuus.fi\\\/healthtech\\\/\",\"name\":\"Terveysteknologia\",\"description\":\"\",\"potentialAction\":[{\"@type\":\"SearchAction\",\"target\":{\"@type\":\"EntryPoint\",\"urlTemplate\":\"https:\\\/\\\/teknologiateollisuus.fi\\\/healthtech\\\/?s={search_term_string}\"},\"query-input\":{\"@type\":\"PropertyValueSpecification\",\"valueRequired\":true,\"valueName\":\"search_term_string\"}}],\"inLanguage\":\"fi\"},{\"@type\":\"Person\",\"@id\":\"https:\\\/\\\/teknologiateollisuus.fi\\\/healthtech\\\/#\\\/schema\\\/person\\\/964d40eb9a84d0edfc1989b7784ea950\",\"name\":\"P\u00e4ivi Ahlgren\",\"image\":{\"@type\":\"ImageObject\",\"inLanguage\":\"fi\",\"@id\":\"https:\\\/\\\/secure.gravatar.com\\\/avatar\\\/d49c8c4a3ac6bce6f1ed1a4445d5b60a53463c32cb6ebcf6e0375dcece39eaca?s=96&d=mm&r=g\",\"url\":\"https:\\\/\\\/secure.gravatar.com\\\/avatar\\\/d49c8c4a3ac6bce6f1ed1a4445d5b60a53463c32cb6ebcf6e0375dcece39eaca?s=96&d=mm&r=g\",\"contentUrl\":\"https:\\\/\\\/secure.gravatar.com\\\/avatar\\\/d49c8c4a3ac6bce6f1ed1a4445d5b60a53463c32cb6ebcf6e0375dcece39eaca?s=96&d=mm&r=g\",\"caption\":\"P\u00e4ivi Ahlgren\"}}]}<\/script>\n<!-- \/ Yoast SEO Premium plugin. -->","yoast_head_json":{"title":"Cerenionin myynti Eurooppaan k\u00e4ynnistyy - Terveysteknologia","robots":{"index":"index","follow":"follow","max-snippet":"max-snippet:-1","max-image-preview":"max-image-preview:large","max-video-preview":"max-video-preview:-1"},"canonical":"https:\/\/teknologiateollisuus.fi\/healthtech\/cerenionin-myynti-eurooppaan-kaynnistyy\/","og_locale":"fi_FI","og_type":"article","og_title":"Cerenionin myynti Eurooppaan k\u00e4ynnistyy","og_description":"Cerenion Oy saavutti odotetun merkkipaalun, kun yrityksen keskeinen tuote Cerenion C-Trend\u00ae l\u00e4p\u00e4isi virallisesti Euroopan komission yhdenmukaisuusarvioinnin ja sai l\u00e4\u00e4kint\u00e4laitteille tarkoitetun CE-merkinn\u00e4n. Yritys voi aloittaa laitteen myynnin Euroopan unionin alueella v\u00e4litt\u00f6m\u00e4sti. \u201dT\u00e4m\u00e4 hetki on suuri virstanpylv\u00e4s nuorelle yrityksellemme. Olemme tehneet t\u00e4t\u00e4 varten t\u00f6it\u00e4 siit\u00e4 asti, kun aloitimme ensimm\u00e4isen Business Finland -projektimme Oulun yliopistossa. Siell\u00e4 keksimme uuden [&hellip;]","og_url":"https:\/\/teknologiateollisuus.fi\/healthtech\/cerenionin-myynti-eurooppaan-kaynnistyy\/","og_site_name":"Terveysteknologia","article_published_time":"2020-12-09T13:41:00+00:00","article_modified_time":"2024-07-10T08:01:10+00:00","og_image":[{"width":959,"height":640,"url":"https:\/\/teknologiateollisuus.fi\/healthtech\/wp-content\/uploads\/sites\/8\/2024\/06\/Cerenion.jpg","type":"image\/jpeg"}],"author":"P\u00e4ivi Ahlgren","twitter_card":"summary_large_image","twitter_misc":{"Kirjoittanut":"P\u00e4ivi Ahlgren","Arvioitu lukuaika":"3 minuuttia"},"schema":{"@context":"https:\/\/schema.org","@graph":[{"@type":"Article","@id":"https:\/\/teknologiateollisuus.fi\/healthtech\/cerenionin-myynti-eurooppaan-kaynnistyy\/#article","isPartOf":{"@id":"https:\/\/teknologiateollisuus.fi\/healthtech\/cerenionin-myynti-eurooppaan-kaynnistyy\/"},"author":{"name":"P\u00e4ivi Ahlgren","@id":"https:\/\/teknologiateollisuus.fi\/healthtech\/#\/schema\/person\/964d40eb9a84d0edfc1989b7784ea950"},"headline":"Cerenionin myynti Eurooppaan k\u00e4ynnistyy","datePublished":"2020-12-09T13:41:00+00:00","dateModified":"2024-07-10T08:01:10+00:00","mainEntityOfPage":{"@id":"https:\/\/teknologiateollisuus.fi\/healthtech\/cerenionin-myynti-eurooppaan-kaynnistyy\/"},"wordCount":539,"image":{"@id":"https:\/\/teknologiateollisuus.fi\/healthtech\/cerenionin-myynti-eurooppaan-kaynnistyy\/#primaryimage"},"thumbnailUrl":"https:\/\/teknologiateollisuus.fi\/healthtech\/wp-content\/uploads\/sites\/8\/2024\/06\/Cerenion.jpg","articleSection":["Uutinen"],"inLanguage":"fi"},{"@type":"WebPage","@id":"https:\/\/teknologiateollisuus.fi\/healthtech\/cerenionin-myynti-eurooppaan-kaynnistyy\/","url":"https:\/\/teknologiateollisuus.fi\/healthtech\/cerenionin-myynti-eurooppaan-kaynnistyy\/","name":"Cerenionin myynti Eurooppaan k\u00e4ynnistyy - Terveysteknologia","isPartOf":{"@id":"https:\/\/teknologiateollisuus.fi\/healthtech\/#website"},"primaryImageOfPage":{"@id":"https:\/\/teknologiateollisuus.fi\/healthtech\/cerenionin-myynti-eurooppaan-kaynnistyy\/#primaryimage"},"image":{"@id":"https:\/\/teknologiateollisuus.fi\/healthtech\/cerenionin-myynti-eurooppaan-kaynnistyy\/#primaryimage"},"thumbnailUrl":"https:\/\/teknologiateollisuus.fi\/healthtech\/wp-content\/uploads\/sites\/8\/2024\/06\/Cerenion.jpg","datePublished":"2020-12-09T13:41:00+00:00","dateModified":"2024-07-10T08:01:10+00:00","author":{"@id":"https:\/\/teknologiateollisuus.fi\/healthtech\/#\/schema\/person\/964d40eb9a84d0edfc1989b7784ea950"},"breadcrumb":{"@id":"https:\/\/teknologiateollisuus.fi\/healthtech\/cerenionin-myynti-eurooppaan-kaynnistyy\/#breadcrumb"},"inLanguage":"fi","potentialAction":[{"@type":"ReadAction","target":["https:\/\/teknologiateollisuus.fi\/healthtech\/cerenionin-myynti-eurooppaan-kaynnistyy\/"]}]},{"@type":"ImageObject","inLanguage":"fi","@id":"https:\/\/teknologiateollisuus.fi\/healthtech\/cerenionin-myynti-eurooppaan-kaynnistyy\/#primaryimage","url":"https:\/\/teknologiateollisuus.fi\/healthtech\/wp-content\/uploads\/sites\/8\/2024\/06\/Cerenion.jpg","contentUrl":"https:\/\/teknologiateollisuus.fi\/healthtech\/wp-content\/uploads\/sites\/8\/2024\/06\/Cerenion.jpg","width":959,"height":640,"caption":"Cerenion"},{"@type":"BreadcrumbList","@id":"https:\/\/teknologiateollisuus.fi\/healthtech\/cerenionin-myynti-eurooppaan-kaynnistyy\/#breadcrumb","itemListElement":[{"@type":"ListItem","position":1,"name":"Etusivu","item":"https:\/\/teknologiateollisuus.fi\/healthtech\/"},{"@type":"ListItem","position":2,"name":"Ajankohtaista","item":"https:\/\/teknologiateollisuus.fi\/healthtech\/ajankohtaista\/"},{"@type":"ListItem","position":3,"name":"Uutinen","item":"https:\/\/teknologiateollisuus.fi\/healthtech\/ajankohtaista\/?categories=14"},{"@type":"ListItem","position":4,"name":"Cerenionin myynti Eurooppaan k\u00e4ynnistyy"}]},{"@type":"WebSite","@id":"https:\/\/teknologiateollisuus.fi\/healthtech\/#website","url":"https:\/\/teknologiateollisuus.fi\/healthtech\/","name":"Terveysteknologia","description":"","potentialAction":[{"@type":"SearchAction","target":{"@type":"EntryPoint","urlTemplate":"https:\/\/teknologiateollisuus.fi\/healthtech\/?s={search_term_string}"},"query-input":{"@type":"PropertyValueSpecification","valueRequired":true,"valueName":"search_term_string"}}],"inLanguage":"fi"},{"@type":"Person","@id":"https:\/\/teknologiateollisuus.fi\/healthtech\/#\/schema\/person\/964d40eb9a84d0edfc1989b7784ea950","name":"P\u00e4ivi Ahlgren","image":{"@type":"ImageObject","inLanguage":"fi","@id":"https:\/\/secure.gravatar.com\/avatar\/d49c8c4a3ac6bce6f1ed1a4445d5b60a53463c32cb6ebcf6e0375dcece39eaca?s=96&d=mm&r=g","url":"https:\/\/secure.gravatar.com\/avatar\/d49c8c4a3ac6bce6f1ed1a4445d5b60a53463c32cb6ebcf6e0375dcece39eaca?s=96&d=mm&r=g","contentUrl":"https:\/\/secure.gravatar.com\/avatar\/d49c8c4a3ac6bce6f1ed1a4445d5b60a53463c32cb6ebcf6e0375dcece39eaca?s=96&d=mm&r=g","caption":"P\u00e4ivi Ahlgren"}}]}},"lang":"fi","translations":{"fi":911},"pll_sync_post":{},"_links":{"self":[{"href":"https:\/\/teknologiateollisuus.fi\/healthtech\/wp-json\/wp\/v2\/posts\/911","targetHints":{"allow":["GET"]}}],"collection":[{"href":"https:\/\/teknologiateollisuus.fi\/healthtech\/wp-json\/wp\/v2\/posts"}],"about":[{"href":"https:\/\/teknologiateollisuus.fi\/healthtech\/wp-json\/wp\/v2\/types\/post"}],"author":[{"embeddable":true,"href":"https:\/\/teknologiateollisuus.fi\/healthtech\/wp-json\/wp\/v2\/users\/16"}],"replies":[{"embeddable":true,"href":"https:\/\/teknologiateollisuus.fi\/healthtech\/wp-json\/wp\/v2\/comments?post=911"}],"version-history":[{"count":1,"href":"https:\/\/teknologiateollisuus.fi\/healthtech\/wp-json\/wp\/v2\/posts\/911\/revisions"}],"predecessor-version":[{"id":912,"href":"https:\/\/teknologiateollisuus.fi\/healthtech\/wp-json\/wp\/v2\/posts\/911\/revisions\/912"}],"wp:featuredmedia":[{"embeddable":true,"href":"https:\/\/teknologiateollisuus.fi\/healthtech\/wp-json\/wp\/v2\/media\/397"}],"wp:attachment":[{"href":"https:\/\/teknologiateollisuus.fi\/healthtech\/wp-json\/wp\/v2\/media?parent=911"}],"wp:term":[{"taxonomy":"category","embeddable":true,"href":"https:\/\/teknologiateollisuus.fi\/healthtech\/wp-json\/wp\/v2\/categories?post=911"},{"taxonomy":"post_tag","embeddable":true,"href":"https:\/\/teknologiateollisuus.fi\/healthtech\/wp-json\/wp\/v2\/tags?post=911"},{"taxonomy":"em_industry","embeddable":true,"href":"https:\/\/teknologiateollisuus.fi\/healthtech\/wp-json\/wp\/v2\/em_industry?post=911"},{"taxonomy":"em_theme","embeddable":true,"href":"https:\/\/teknologiateollisuus.fi\/healthtech\/wp-json\/wp\/v2\/em_theme?post=911"}],"curies":[{"name":"wp","href":"https:\/\/api.w.org\/{rel}","templated":true}]}}