{"id":945,"date":"2021-02-15T14:08:00","date_gmt":"2021-02-15T12:08:00","guid":{"rendered":"https:\/\/teknologiateollisuus.fi\/healthtech\/?p=945"},"modified":"2024-07-08T12:05:43","modified_gmt":"2024-07-08T09:05:43","slug":"vierasblogi-terveysteknologia-alan-kasvussa-mukana-kerron-teille-tarinan-jossa-koin-pienen-hetken-merkitykselliseksi","status":"publish","type":"post","link":"https:\/\/teknologiateollisuus.fi\/healthtech\/vierasblogi-terveysteknologia-alan-kasvussa-mukana-kerron-teille-tarinan-jossa-koin-pienen-hetken-merkitykselliseksi\/","title":{"rendered":"Vierasblogi: Terveysteknologia-alan kasvussa mukana &#8211; Kerron teille tarinan, jossa koin pienen hetken merkitykselliseksi"},"content":{"rendered":"\n<p>Tarina alkoi siit\u00e4, kun er\u00e4\u00e4n terveysteknologia-alalla toimivan yrityksen toimitusjohtaja totesi, ett\u00e4 tuotantoprosessia tulisi uudistaa. Kasvu ja kysynt\u00e4 oli suurta erityisesti USA:n markkinoilla, ja tuotanto ei meinannut pysy\u00e4 tilausten per\u00e4ss\u00e4. Paperit\u00f6ihin menev\u00e4 aika oli aivan liian suuri, manuaalista ty\u00f6t\u00e4 oli todella paljon ja prosessi ei ollut pysynyt kasvussa mukana, henkil\u00f6st\u00f6n jatkuvista ylit\u00f6ist\u00e4 puhumattakaan.<\/p>\n\n\n\n<p>Toimitusjohtaja oli juuri ajamassa palaveriin koskien uutta monivuotista tilausta ja pohti, uskaltaako esitt\u00e4\u00e4 asiakkaalle tarjouksen, jota ei v\u00e4ltt\u00e4m\u00e4tt\u00e4 pysty toteuttamaan ilman ratkaisun l\u00f6ytymist\u00e4. Samalla puhelin soi ja soittaja kertoi pian alkavasta terveysteknologian rekrytoivasta koulutusohjelmasta, ja ehdotti tapaamista. Kiireisess\u00e4 tilanteessa toimitusjohtaja meinasi lopettaa puhelun lyhyeen, mutta p\u00e4\u00e4tti kuitenkin sopia keskustelun heti seuraavaksi aamuksi.<\/p>\n\n\n\n<p>T\u00e4st\u00e4 kohtaa tarina alkoi minun osaltani, min\u00e4 olin tuo soittaja.<\/p>\n\n\n\n<p><strong>Yrityksen apuna osaajapulassa, ty\u00f6nhakijan tukena uudella uralla<\/strong><\/p>\n\n\n\n<p>Tapaamisessa kuulin, ett\u00e4 yritykseen kaivattiin kipe\u00e4sti uutta osaamista, mutta selke\u00e4\u00e4 teht\u00e4v\u00e4nkuvaa ei viel\u00e4 osattu nimet\u00e4. Rekrytointiprosessi koettiin aikaa viev\u00e4ksi ja aiemmat kokeilut olivat houkutelleet hakijoita, jotka eiv\u00e4t ymm\u00e4rt\u00e4neet alan vaatimuksia ja erityispiirteit\u00e4.<\/p>\n\n\n\n<p>Onnistuin vakuuttamaan toimitusjohtajan koulutusohjelman konseptin hy\u00f6dyist\u00e4. M\u00e4\u00e4rittelimme yhdess\u00e4, millainen olisi sopiva hakija, ja sain luvan l\u00e4hte\u00e4 etsim\u00e4\u00e4n yritykselle potentiaalista tulevaisuuden asiantuntijaa.<\/p>\n\n\n\n<p>Ennen kuin jatkan tarinaa pidemm\u00e4lle, t\u00e4ytyy mukaan liitt\u00e4\u00e4 er\u00e4s ty\u00f6nhakija. H\u00e4n oli tehnyt pitk\u00e4n uran yhden yrityksen palveluksessa ja j\u00e4\u00e4nyt YT-neuvottelujen p\u00e4\u00e4tteeksi ilman ty\u00f6t\u00e4. Ty\u00f6nhaku oli raskasta ja \u201dkiitos, mutta valitettavasti valintamme ei osunut sinuun\u2026\u201d-viestit alkoivat lannistaa. Ty\u00f6nhakija murehti, miten oma osaaminen ei tuntunut en\u00e4\u00e4 kelpaavan ty\u00f6nantajille. Ty\u00f6nhaku tuntui viev\u00e4n kaikki voimat ja jokaisen hylk\u00e4yksen j\u00e4lkeen uudelleen innostuminen oli vaikeampaa. Puolison ty\u00f6tilanne onneksi n\u00e4ytti paremmalta, mutta kolmen lapsen kanssa tarvittaisiin kaksi palkansaajaa taloon.<\/p>\n\n\n\n<p>Ty\u00f6nhakijan puoliso kertoi n\u00e4hneens\u00e4 Facebookissa mainoksen jostain koulutusohjelmasta, jonka avulla voi ty\u00f6llisty\u00e4. Tutustuttuaan ohjelmaan ty\u00f6nhakija mietti, kannattaako t\u00e4llaiseen l\u00e4hte\u00e4: puoli vuotta ansiosidonnaisella eik\u00e4 ty\u00f6llistymisest\u00e4k\u00e4\u00e4n ole takeita. H\u00e4n j\u00e4tti kuitenkin hakemuksen, koska hakuaika oli umpeutumassa ja ajatteli, ett\u00e4 saisi mahdollisesti ainakin uutta osaamista.<\/p>\n\n\n\n<p>Nyt voin jatkaa tarinaa my\u00f6s omalta osaltani. Saadessani kollegaltani tiedon kyseisen hakijan hakemuksesta, olin innoissani \u2013 pitk\u00e4 kokemus tuotannon erilaisista teht\u00e4vist\u00e4 isossa teknologiayrityksess\u00e4, insin\u00f6\u00f6rin koulutus ja harrastuksenakin viel\u00e4 salibandy. Muistin yrityksen toimitusjohtajan maininneen yhteisist\u00e4 s\u00e4hlyvuoroista aiemmin.<\/p>\n\n\n\n<p>Kutsuimme hakijan haastatteluun, jonka j\u00e4lkeen esittelin hakijan toimitusjohtajalle muutaman muun ehdokkaan joukossa. Toimitusjohtaja halusi jutella hakijan kanssa lis\u00e4\u00e4. Keskustelun j\u00e4lkeen toimitusjohtaja oli vakuuttunut, ett\u00e4 hakija sopisi hyvin tiimiin ja hakija innostunut siit\u00e4, ett\u00e4 koulutusohjelma n\u00e4ytt\u00e4isi ratkaisevan h\u00e4nen ty\u00f6uransa suunnan. Olin iloinen heid\u00e4n p\u00e4\u00e4t\u00f6ksest\u00e4\u00e4n l\u00e4hte\u00e4 mukaan!<\/p>\n\n\n\n<p>Puolen vuoden aikana he oppivat toisistaan paljon, loivat yhdess\u00e4 sopivaa ty\u00f6nkuvaa ja p\u00e4\u00e4ttiv\u00e4t lopulta jatkaa yhteisty\u00f6t\u00e4 ty\u00f6suhteessa. T\u00e4m\u00e4 oli se hetki, kun koin oman osuuteni tarinassa merkitykselliseksi. Yhdist\u00e4ess\u00e4ni n\u00e4m\u00e4 kaksi ihmist\u00e4, olin p\u00e4\u00e4ssyt auttamaan yrityst\u00e4 kehitt\u00e4m\u00e4\u00e4n toimintaansa eteenp\u00e4in ja tuonut kokonaiselle perheelle toivoa tulevaan. Ty\u00f6nhakijalle avautui uusi ura ja maailma, josta h\u00e4n ei ollut osannut edes haaveilla.<\/p>\n\n\n\n<p><strong>Uuden oppimista ja yhteisty\u00f6t\u00e4<\/strong><\/p>\n\n\n\n<p>Tuo sama maailma on vuosien varrella auennut minullekin ja vastaavia tarinoita on kertynyt useita. Olen p\u00e4\u00e4ssyt tutustumaan jo yli sataan terveysteknologia-alalla toimivaan tai alaa l\u00e4heisesti palvelevaan yritykseen. Olen p\u00e4\u00e4ssyt seuraamaan upeita kasvutarinoita, joissa koulutusohjelman osallistujat ovat l\u00f6yt\u00e4neet uuden ty\u00f6n ja p\u00e4\u00e4sseet urallaan eteenp\u00e4in. Suurin osa terveysteknologia-alalle ohjelman kautta p\u00e4\u00e4tyneist\u00e4 viihtyy alalla, koska se tarjoaa jatkuvia oppimisen ja kehittymisen mahdollisuuksia sek\u00e4 aitoa mahdollisuutta vaikuttaa kaikkien meid\u00e4n tulevaisuuteen.<\/p>\n\n\n\n<p>Ala on \u00e4\u00e4rimm\u00e4isen inspiroiva ja toinen toistaan t\u00e4rke\u00e4mpi yritys ja organisaatio pyrkii omalta osaltaan parantamaan suomalaista terveydenhuoltoa, Euroopasta ja koko maailmasta puhumattakaan. Erilaisten kohtaamisten ansioista tunnistan l\u00e4\u00e4k\u00e4riss\u00e4 k\u00e4ydess\u00e4ni tuttuja instrumentteja, laitteita ja sovelluksia. K\u00e4sitteet ja kirjainlyhenteet, kuten IVD, MDR, FDA tai CE-merkint\u00e4 eiv\u00e4t en\u00e4\u00e4 ole vain kirjaimia. Olen l\u00f6yt\u00e4nyt asiantuntijuuden alueen, joka opettaa jokaisen keskustelun kautta minulle lis\u00e4\u00e4 ja tuo minut yhteen todellisten asiantuntijoiden kanssa.<\/p>\n\n\n\n<p>Yhteisty\u00f6 Terveysteknologia ry:n kanssa alkoi omalla kohdallani Tom St\u00e5hlbergin tuomilla aamupalaleivill\u00e4 vuonna 2016. Suunnittelimme yhdess\u00e4 Turussa ensimm\u00e4ist\u00e4 kertaa toteutettavaa koulutusohjelmaa ja sain valtavasti ymm\u00e4rryst\u00e4 terveysteknologia-alan erityispiirteist\u00e4. Tom on sit\u00e4 ennen ja sen j\u00e4lkeen opastanut satoja koulutusohjelmiin osallistujia kohti uutta uraa. H\u00e4n kouluttaa muun muassa regulaatioista ja laadunhallintaj\u00e4rjestelmist\u00e4, mutta ennen kaikkea siit\u00e4, ett\u00e4 ihminen ja potilas on aina kaikkein t\u00e4rkein.<\/p>\n\n\n\n<p>Terveysteknologia ry:n toimitusjohtajan Saara Hassisen kanssa keskustellessani vaikutun joka kerta siit\u00e4, miten positiivisella ja asiantuntevalla otteella h\u00e4n m\u00e4\u00e4r\u00e4tietoisesti auttaa alaa eteenp\u00e4in. Saaralta olen oppinut, ett\u00e4 kun jokainen tekee oman pienen panoksensa, voi yhteisty\u00f6ll\u00e4 saavuttaa valtavan suuria asioita.<\/p>\n\n\n\n<p>Yhdistyksen s\u00e4\u00e4d\u00f6sasiantuntija Sandra Liede on tuonut koulutusohjelmien suunnitteluun rohkeutta ja uutta n\u00e4kemyst\u00e4. H\u00e4n on l\u00e4htenyt innolla mukaan yhteisty\u00f6h\u00f6n ja en malta odottaa, mit\u00e4 kaikkea me p\u00e4\u00e4semme viel\u00e4 yhdess\u00e4 tekem\u00e4\u00e4n.<\/p>\n\n\n\n<p>Olen vakuuttunut siit\u00e4, ett\u00e4 terveysteknologia-ala on Suomen tulevaisuuden k\u00e4rkialoja ja olen kiitollinen, ett\u00e4 saan olla matkassa mukana. Pieness\u00e4, mutta merkityksellisess\u00e4 roolissa!<\/p>\n\n\n\n<p>Janette Uusitalo<br>050 305 3520<br>janette.uusitalo(a)saranen.fi<\/p>\n\n\n\n<p><em>Kirjoittaja ty\u00f6skentelee Sarasella, joka on Suomen johtava rekrytointikoulutus- ja urapalveluyritys. Saranen auttaa yrityksi\u00e4 kasvamaan ja ihmisi\u00e4 uusiin ty\u00f6paikkoihin. Yhteisty\u00f6ss\u00e4 Healthtech Finlandin ja paikallisten ELY-keskusten sek\u00e4 TE-palvelujen kanssa Saranen on kouluttanut jo yli 300 osaajaa terveysteknologia-alalle. Healthtech Finlandin j\u00e4senyrityksist\u00e4 noin 40 % on l\u00f6yt\u00e4nyt uuden osaajan koulutusohjelmien avulla. Kaikista koulutusohjelman suorittaneista noin 85 % on ty\u00f6llistynyt yhteisty\u00f6yritykseens\u00e4 ohjelman p\u00e4\u00e4tteeksi. Lue lis\u00e4\u00e4:&nbsp;<a href=\"http:\/\/www.saranen.fi\/\">www.saranen.fi<\/a>&nbsp;(01\/2021)<\/em><\/p>\n","protected":false},"excerpt":{"rendered":"<p>Tarina alkoi siit\u00e4, kun er\u00e4\u00e4n terveysteknologia-alalla toimivan yrityksen toimitusjohtaja totesi, ett\u00e4 tuotantoprosessia tulisi uudistaa. Kasvu ja kysynt\u00e4 oli suurta erityisesti USA:n markkinoilla, ja tuotanto ei meinannut pysy\u00e4 tilausten per\u00e4ss\u00e4. Paperit\u00f6ihin menev\u00e4 aika oli aivan liian suuri, manuaalista ty\u00f6t\u00e4 oli todella paljon ja prosessi ei ollut pysynyt kasvussa mukana, henkil\u00f6st\u00f6n jatkuvista ylit\u00f6ist\u00e4 puhumattakaan. Toimitusjohtaja oli juuri [&hellip;]<\/p>\n","protected":false},"author":16,"featured_media":1061,"comment_status":"closed","ping_status":"closed","sticky":false,"template":"","format":"standard","meta":{"_acf_changed":false,"_relevanssi_hide_post":"","_relevanssi_hide_content":"","_relevanssi_pin_for_all":"","_relevanssi_pin_keywords":"","_relevanssi_unpin_keywords":"","_relevanssi_related_keywords":"","_relevanssi_related_include_ids":"","_relevanssi_related_exclude_ids":"","_relevanssi_related_no_append":"","_relevanssi_related_not_related":"","_relevanssi_related_posts":"729,759,725,731,710,798","_relevanssi_noindex_reason":"","inline_featured_image":false,"footnotes":""},"categories":[18],"tags":[],"em_industry":[],"em_theme":[51,47],"class_list":["post-945","post","type-post","status-publish","format-standard","has-post-thumbnail","hentry","category-blogi","em_theme-digitalisaatio","em_theme-osaaminen"],"acf":[],"yoast_head":"<!-- This site is optimized with the Yoast SEO Premium plugin v27.1 (Yoast SEO v27.5) - https:\/\/yoast.com\/product\/yoast-seo-premium-wordpress\/ -->\n<title>Vierasblogi: Terveysteknologia-alan kasvussa mukana - Kerron teille tarinan, jossa koin pienen hetken merkitykselliseksi - Terveysteknologia<\/title>\n<meta name=\"robots\" content=\"index, follow, max-snippet:-1, max-image-preview:large, max-video-preview:-1\" \/>\n<link rel=\"canonical\" href=\"https:\/\/teknologiateollisuus.fi\/healthtech\/vierasblogi-terveysteknologia-alan-kasvussa-mukana-kerron-teille-tarinan-jossa-koin-pienen-hetken-merkitykselliseksi\/\" \/>\n<meta property=\"og:locale\" content=\"fi_FI\" \/>\n<meta property=\"og:type\" content=\"article\" \/>\n<meta property=\"og:title\" content=\"Vierasblogi: Terveysteknologia-alan kasvussa mukana - Kerron teille tarinan, jossa koin pienen hetken merkitykselliseksi\" \/>\n<meta property=\"og:description\" content=\"Tarina alkoi siit\u00e4, kun er\u00e4\u00e4n terveysteknologia-alalla toimivan yrityksen toimitusjohtaja totesi, ett\u00e4 tuotantoprosessia tulisi uudistaa. Kasvu ja kysynt\u00e4 oli suurta erityisesti USA:n markkinoilla, ja tuotanto ei meinannut pysy\u00e4 tilausten per\u00e4ss\u00e4. Paperit\u00f6ihin menev\u00e4 aika oli aivan liian suuri, manuaalista ty\u00f6t\u00e4 oli todella paljon ja prosessi ei ollut pysynyt kasvussa mukana, henkil\u00f6st\u00f6n jatkuvista ylit\u00f6ist\u00e4 puhumattakaan. Toimitusjohtaja oli juuri [&hellip;]\" \/>\n<meta property=\"og:url\" content=\"https:\/\/teknologiateollisuus.fi\/healthtech\/vierasblogi-terveysteknologia-alan-kasvussa-mukana-kerron-teille-tarinan-jossa-koin-pienen-hetken-merkitykselliseksi\/\" \/>\n<meta property=\"og:site_name\" content=\"Terveysteknologia\" \/>\n<meta property=\"article:published_time\" content=\"2021-02-15T12:08:00+00:00\" \/>\n<meta property=\"article:modified_time\" content=\"2024-07-08T09:05:43+00:00\" \/>\n<meta property=\"og:image\" content=\"https:\/\/teknologiateollisuus.fi\/healthtech\/wp-content\/uploads\/sites\/8\/2024\/07\/Janette-Uusitalo-Saranen.jpg\" \/>\n\t<meta property=\"og:image:width\" content=\"460\" \/>\n\t<meta property=\"og:image:height\" content=\"350\" \/>\n\t<meta property=\"og:image:type\" content=\"image\/jpeg\" \/>\n<meta name=\"author\" content=\"P\u00e4ivi Ahlgren\" \/>\n<meta name=\"twitter:card\" content=\"summary_large_image\" \/>\n<meta name=\"twitter:label1\" content=\"Kirjoittanut\" \/>\n\t<meta name=\"twitter:data1\" content=\"P\u00e4ivi Ahlgren\" \/>\n\t<meta name=\"twitter:label2\" content=\"Arvioitu lukuaika\" \/>\n\t<meta name=\"twitter:data2\" content=\"6 minuuttia\" \/>\n<script type=\"application\/ld+json\" class=\"yoast-schema-graph\">{\"@context\":\"https:\\\/\\\/schema.org\",\"@graph\":[{\"@type\":\"Article\",\"@id\":\"https:\\\/\\\/teknologiateollisuus.fi\\\/healthtech\\\/vierasblogi-terveysteknologia-alan-kasvussa-mukana-kerron-teille-tarinan-jossa-koin-pienen-hetken-merkitykselliseksi\\\/#article\",\"isPartOf\":{\"@id\":\"https:\\\/\\\/teknologiateollisuus.fi\\\/healthtech\\\/vierasblogi-terveysteknologia-alan-kasvussa-mukana-kerron-teille-tarinan-jossa-koin-pienen-hetken-merkitykselliseksi\\\/\"},\"author\":{\"name\":\"P\u00e4ivi Ahlgren\",\"@id\":\"https:\\\/\\\/teknologiateollisuus.fi\\\/healthtech\\\/#\\\/schema\\\/person\\\/964d40eb9a84d0edfc1989b7784ea950\"},\"headline\":\"Vierasblogi: Terveysteknologia-alan kasvussa mukana &#8211; Kerron teille tarinan, jossa koin pienen hetken merkitykselliseksi\",\"datePublished\":\"2021-02-15T12:08:00+00:00\",\"dateModified\":\"2024-07-08T09:05:43+00:00\",\"mainEntityOfPage\":{\"@id\":\"https:\\\/\\\/teknologiateollisuus.fi\\\/healthtech\\\/vierasblogi-terveysteknologia-alan-kasvussa-mukana-kerron-teille-tarinan-jossa-koin-pienen-hetken-merkitykselliseksi\\\/\"},\"wordCount\":927,\"image\":{\"@id\":\"https:\\\/\\\/teknologiateollisuus.fi\\\/healthtech\\\/vierasblogi-terveysteknologia-alan-kasvussa-mukana-kerron-teille-tarinan-jossa-koin-pienen-hetken-merkitykselliseksi\\\/#primaryimage\"},\"thumbnailUrl\":\"https:\\\/\\\/teknologiateollisuus.fi\\\/healthtech\\\/wp-content\\\/uploads\\\/sites\\\/8\\\/2024\\\/07\\\/Janette-Uusitalo-Saranen.jpg\",\"articleSection\":[\"Blogi\"],\"inLanguage\":\"fi\"},{\"@type\":\"WebPage\",\"@id\":\"https:\\\/\\\/teknologiateollisuus.fi\\\/healthtech\\\/vierasblogi-terveysteknologia-alan-kasvussa-mukana-kerron-teille-tarinan-jossa-koin-pienen-hetken-merkitykselliseksi\\\/\",\"url\":\"https:\\\/\\\/teknologiateollisuus.fi\\\/healthtech\\\/vierasblogi-terveysteknologia-alan-kasvussa-mukana-kerron-teille-tarinan-jossa-koin-pienen-hetken-merkitykselliseksi\\\/\",\"name\":\"Vierasblogi: Terveysteknologia-alan kasvussa mukana - Kerron teille tarinan, jossa koin pienen hetken merkitykselliseksi - Terveysteknologia\",\"isPartOf\":{\"@id\":\"https:\\\/\\\/teknologiateollisuus.fi\\\/healthtech\\\/#website\"},\"primaryImageOfPage\":{\"@id\":\"https:\\\/\\\/teknologiateollisuus.fi\\\/healthtech\\\/vierasblogi-terveysteknologia-alan-kasvussa-mukana-kerron-teille-tarinan-jossa-koin-pienen-hetken-merkitykselliseksi\\\/#primaryimage\"},\"image\":{\"@id\":\"https:\\\/\\\/teknologiateollisuus.fi\\\/healthtech\\\/vierasblogi-terveysteknologia-alan-kasvussa-mukana-kerron-teille-tarinan-jossa-koin-pienen-hetken-merkitykselliseksi\\\/#primaryimage\"},\"thumbnailUrl\":\"https:\\\/\\\/teknologiateollisuus.fi\\\/healthtech\\\/wp-content\\\/uploads\\\/sites\\\/8\\\/2024\\\/07\\\/Janette-Uusitalo-Saranen.jpg\",\"datePublished\":\"2021-02-15T12:08:00+00:00\",\"dateModified\":\"2024-07-08T09:05:43+00:00\",\"author\":{\"@id\":\"https:\\\/\\\/teknologiateollisuus.fi\\\/healthtech\\\/#\\\/schema\\\/person\\\/964d40eb9a84d0edfc1989b7784ea950\"},\"breadcrumb\":{\"@id\":\"https:\\\/\\\/teknologiateollisuus.fi\\\/healthtech\\\/vierasblogi-terveysteknologia-alan-kasvussa-mukana-kerron-teille-tarinan-jossa-koin-pienen-hetken-merkitykselliseksi\\\/#breadcrumb\"},\"inLanguage\":\"fi\",\"potentialAction\":[{\"@type\":\"ReadAction\",\"target\":[\"https:\\\/\\\/teknologiateollisuus.fi\\\/healthtech\\\/vierasblogi-terveysteknologia-alan-kasvussa-mukana-kerron-teille-tarinan-jossa-koin-pienen-hetken-merkitykselliseksi\\\/\"]}]},{\"@type\":\"ImageObject\",\"inLanguage\":\"fi\",\"@id\":\"https:\\\/\\\/teknologiateollisuus.fi\\\/healthtech\\\/vierasblogi-terveysteknologia-alan-kasvussa-mukana-kerron-teille-tarinan-jossa-koin-pienen-hetken-merkitykselliseksi\\\/#primaryimage\",\"url\":\"https:\\\/\\\/teknologiateollisuus.fi\\\/healthtech\\\/wp-content\\\/uploads\\\/sites\\\/8\\\/2024\\\/07\\\/Janette-Uusitalo-Saranen.jpg\",\"contentUrl\":\"https:\\\/\\\/teknologiateollisuus.fi\\\/healthtech\\\/wp-content\\\/uploads\\\/sites\\\/8\\\/2024\\\/07\\\/Janette-Uusitalo-Saranen.jpg\",\"width\":460,\"height\":350,\"caption\":\"Janette Uusitalo\"},{\"@type\":\"BreadcrumbList\",\"@id\":\"https:\\\/\\\/teknologiateollisuus.fi\\\/healthtech\\\/vierasblogi-terveysteknologia-alan-kasvussa-mukana-kerron-teille-tarinan-jossa-koin-pienen-hetken-merkitykselliseksi\\\/#breadcrumb\",\"itemListElement\":[{\"@type\":\"ListItem\",\"position\":1,\"name\":\"Etusivu\",\"item\":\"https:\\\/\\\/teknologiateollisuus.fi\\\/healthtech\\\/\"},{\"@type\":\"ListItem\",\"position\":2,\"name\":\"Ajankohtaista\",\"item\":\"https:\\\/\\\/teknologiateollisuus.fi\\\/healthtech\\\/ajankohtaista\\\/\"},{\"@type\":\"ListItem\",\"position\":3,\"name\":\"Blogi\",\"item\":\"https:\\\/\\\/teknologiateollisuus.fi\\\/healthtech\\\/ajankohtaista\\\/?categories=18\"},{\"@type\":\"ListItem\",\"position\":4,\"name\":\"Vierasblogi: Terveysteknologia-alan kasvussa mukana &#8211; Kerron teille tarinan, jossa koin pienen hetken merkitykselliseksi\"}]},{\"@type\":\"WebSite\",\"@id\":\"https:\\\/\\\/teknologiateollisuus.fi\\\/healthtech\\\/#website\",\"url\":\"https:\\\/\\\/teknologiateollisuus.fi\\\/healthtech\\\/\",\"name\":\"Terveysteknologia\",\"description\":\"\",\"potentialAction\":[{\"@type\":\"SearchAction\",\"target\":{\"@type\":\"EntryPoint\",\"urlTemplate\":\"https:\\\/\\\/teknologiateollisuus.fi\\\/healthtech\\\/?s={search_term_string}\"},\"query-input\":{\"@type\":\"PropertyValueSpecification\",\"valueRequired\":true,\"valueName\":\"search_term_string\"}}],\"inLanguage\":\"fi\"},{\"@type\":\"Person\",\"@id\":\"https:\\\/\\\/teknologiateollisuus.fi\\\/healthtech\\\/#\\\/schema\\\/person\\\/964d40eb9a84d0edfc1989b7784ea950\",\"name\":\"P\u00e4ivi Ahlgren\",\"image\":{\"@type\":\"ImageObject\",\"inLanguage\":\"fi\",\"@id\":\"https:\\\/\\\/secure.gravatar.com\\\/avatar\\\/d49c8c4a3ac6bce6f1ed1a4445d5b60a53463c32cb6ebcf6e0375dcece39eaca?s=96&d=mm&r=g\",\"url\":\"https:\\\/\\\/secure.gravatar.com\\\/avatar\\\/d49c8c4a3ac6bce6f1ed1a4445d5b60a53463c32cb6ebcf6e0375dcece39eaca?s=96&d=mm&r=g\",\"contentUrl\":\"https:\\\/\\\/secure.gravatar.com\\\/avatar\\\/d49c8c4a3ac6bce6f1ed1a4445d5b60a53463c32cb6ebcf6e0375dcece39eaca?s=96&d=mm&r=g\",\"caption\":\"P\u00e4ivi Ahlgren\"}}]}<\/script>\n<!-- \/ Yoast SEO Premium plugin. -->","yoast_head_json":{"title":"Vierasblogi: Terveysteknologia-alan kasvussa mukana - Kerron teille tarinan, jossa koin pienen hetken merkitykselliseksi - Terveysteknologia","robots":{"index":"index","follow":"follow","max-snippet":"max-snippet:-1","max-image-preview":"max-image-preview:large","max-video-preview":"max-video-preview:-1"},"canonical":"https:\/\/teknologiateollisuus.fi\/healthtech\/vierasblogi-terveysteknologia-alan-kasvussa-mukana-kerron-teille-tarinan-jossa-koin-pienen-hetken-merkitykselliseksi\/","og_locale":"fi_FI","og_type":"article","og_title":"Vierasblogi: Terveysteknologia-alan kasvussa mukana - Kerron teille tarinan, jossa koin pienen hetken merkitykselliseksi","og_description":"Tarina alkoi siit\u00e4, kun er\u00e4\u00e4n terveysteknologia-alalla toimivan yrityksen toimitusjohtaja totesi, ett\u00e4 tuotantoprosessia tulisi uudistaa. Kasvu ja kysynt\u00e4 oli suurta erityisesti USA:n markkinoilla, ja tuotanto ei meinannut pysy\u00e4 tilausten per\u00e4ss\u00e4. Paperit\u00f6ihin menev\u00e4 aika oli aivan liian suuri, manuaalista ty\u00f6t\u00e4 oli todella paljon ja prosessi ei ollut pysynyt kasvussa mukana, henkil\u00f6st\u00f6n jatkuvista ylit\u00f6ist\u00e4 puhumattakaan. Toimitusjohtaja oli juuri [&hellip;]","og_url":"https:\/\/teknologiateollisuus.fi\/healthtech\/vierasblogi-terveysteknologia-alan-kasvussa-mukana-kerron-teille-tarinan-jossa-koin-pienen-hetken-merkitykselliseksi\/","og_site_name":"Terveysteknologia","article_published_time":"2021-02-15T12:08:00+00:00","article_modified_time":"2024-07-08T09:05:43+00:00","og_image":[{"width":460,"height":350,"url":"https:\/\/teknologiateollisuus.fi\/healthtech\/wp-content\/uploads\/sites\/8\/2024\/07\/Janette-Uusitalo-Saranen.jpg","type":"image\/jpeg"}],"author":"P\u00e4ivi Ahlgren","twitter_card":"summary_large_image","twitter_misc":{"Kirjoittanut":"P\u00e4ivi Ahlgren","Arvioitu lukuaika":"6 minuuttia"},"schema":{"@context":"https:\/\/schema.org","@graph":[{"@type":"Article","@id":"https:\/\/teknologiateollisuus.fi\/healthtech\/vierasblogi-terveysteknologia-alan-kasvussa-mukana-kerron-teille-tarinan-jossa-koin-pienen-hetken-merkitykselliseksi\/#article","isPartOf":{"@id":"https:\/\/teknologiateollisuus.fi\/healthtech\/vierasblogi-terveysteknologia-alan-kasvussa-mukana-kerron-teille-tarinan-jossa-koin-pienen-hetken-merkitykselliseksi\/"},"author":{"name":"P\u00e4ivi Ahlgren","@id":"https:\/\/teknologiateollisuus.fi\/healthtech\/#\/schema\/person\/964d40eb9a84d0edfc1989b7784ea950"},"headline":"Vierasblogi: Terveysteknologia-alan kasvussa mukana &#8211; Kerron teille tarinan, jossa koin pienen hetken merkitykselliseksi","datePublished":"2021-02-15T12:08:00+00:00","dateModified":"2024-07-08T09:05:43+00:00","mainEntityOfPage":{"@id":"https:\/\/teknologiateollisuus.fi\/healthtech\/vierasblogi-terveysteknologia-alan-kasvussa-mukana-kerron-teille-tarinan-jossa-koin-pienen-hetken-merkitykselliseksi\/"},"wordCount":927,"image":{"@id":"https:\/\/teknologiateollisuus.fi\/healthtech\/vierasblogi-terveysteknologia-alan-kasvussa-mukana-kerron-teille-tarinan-jossa-koin-pienen-hetken-merkitykselliseksi\/#primaryimage"},"thumbnailUrl":"https:\/\/teknologiateollisuus.fi\/healthtech\/wp-content\/uploads\/sites\/8\/2024\/07\/Janette-Uusitalo-Saranen.jpg","articleSection":["Blogi"],"inLanguage":"fi"},{"@type":"WebPage","@id":"https:\/\/teknologiateollisuus.fi\/healthtech\/vierasblogi-terveysteknologia-alan-kasvussa-mukana-kerron-teille-tarinan-jossa-koin-pienen-hetken-merkitykselliseksi\/","url":"https:\/\/teknologiateollisuus.fi\/healthtech\/vierasblogi-terveysteknologia-alan-kasvussa-mukana-kerron-teille-tarinan-jossa-koin-pienen-hetken-merkitykselliseksi\/","name":"Vierasblogi: Terveysteknologia-alan kasvussa mukana - Kerron teille tarinan, jossa koin pienen hetken merkitykselliseksi - Terveysteknologia","isPartOf":{"@id":"https:\/\/teknologiateollisuus.fi\/healthtech\/#website"},"primaryImageOfPage":{"@id":"https:\/\/teknologiateollisuus.fi\/healthtech\/vierasblogi-terveysteknologia-alan-kasvussa-mukana-kerron-teille-tarinan-jossa-koin-pienen-hetken-merkitykselliseksi\/#primaryimage"},"image":{"@id":"https:\/\/teknologiateollisuus.fi\/healthtech\/vierasblogi-terveysteknologia-alan-kasvussa-mukana-kerron-teille-tarinan-jossa-koin-pienen-hetken-merkitykselliseksi\/#primaryimage"},"thumbnailUrl":"https:\/\/teknologiateollisuus.fi\/healthtech\/wp-content\/uploads\/sites\/8\/2024\/07\/Janette-Uusitalo-Saranen.jpg","datePublished":"2021-02-15T12:08:00+00:00","dateModified":"2024-07-08T09:05:43+00:00","author":{"@id":"https:\/\/teknologiateollisuus.fi\/healthtech\/#\/schema\/person\/964d40eb9a84d0edfc1989b7784ea950"},"breadcrumb":{"@id":"https:\/\/teknologiateollisuus.fi\/healthtech\/vierasblogi-terveysteknologia-alan-kasvussa-mukana-kerron-teille-tarinan-jossa-koin-pienen-hetken-merkitykselliseksi\/#breadcrumb"},"inLanguage":"fi","potentialAction":[{"@type":"ReadAction","target":["https:\/\/teknologiateollisuus.fi\/healthtech\/vierasblogi-terveysteknologia-alan-kasvussa-mukana-kerron-teille-tarinan-jossa-koin-pienen-hetken-merkitykselliseksi\/"]}]},{"@type":"ImageObject","inLanguage":"fi","@id":"https:\/\/teknologiateollisuus.fi\/healthtech\/vierasblogi-terveysteknologia-alan-kasvussa-mukana-kerron-teille-tarinan-jossa-koin-pienen-hetken-merkitykselliseksi\/#primaryimage","url":"https:\/\/teknologiateollisuus.fi\/healthtech\/wp-content\/uploads\/sites\/8\/2024\/07\/Janette-Uusitalo-Saranen.jpg","contentUrl":"https:\/\/teknologiateollisuus.fi\/healthtech\/wp-content\/uploads\/sites\/8\/2024\/07\/Janette-Uusitalo-Saranen.jpg","width":460,"height":350,"caption":"Janette Uusitalo"},{"@type":"BreadcrumbList","@id":"https:\/\/teknologiateollisuus.fi\/healthtech\/vierasblogi-terveysteknologia-alan-kasvussa-mukana-kerron-teille-tarinan-jossa-koin-pienen-hetken-merkitykselliseksi\/#breadcrumb","itemListElement":[{"@type":"ListItem","position":1,"name":"Etusivu","item":"https:\/\/teknologiateollisuus.fi\/healthtech\/"},{"@type":"ListItem","position":2,"name":"Ajankohtaista","item":"https:\/\/teknologiateollisuus.fi\/healthtech\/ajankohtaista\/"},{"@type":"ListItem","position":3,"name":"Blogi","item":"https:\/\/teknologiateollisuus.fi\/healthtech\/ajankohtaista\/?categories=18"},{"@type":"ListItem","position":4,"name":"Vierasblogi: Terveysteknologia-alan kasvussa mukana &#8211; Kerron teille tarinan, jossa koin pienen hetken merkitykselliseksi"}]},{"@type":"WebSite","@id":"https:\/\/teknologiateollisuus.fi\/healthtech\/#website","url":"https:\/\/teknologiateollisuus.fi\/healthtech\/","name":"Terveysteknologia","description":"","potentialAction":[{"@type":"SearchAction","target":{"@type":"EntryPoint","urlTemplate":"https:\/\/teknologiateollisuus.fi\/healthtech\/?s={search_term_string}"},"query-input":{"@type":"PropertyValueSpecification","valueRequired":true,"valueName":"search_term_string"}}],"inLanguage":"fi"},{"@type":"Person","@id":"https:\/\/teknologiateollisuus.fi\/healthtech\/#\/schema\/person\/964d40eb9a84d0edfc1989b7784ea950","name":"P\u00e4ivi Ahlgren","image":{"@type":"ImageObject","inLanguage":"fi","@id":"https:\/\/secure.gravatar.com\/avatar\/d49c8c4a3ac6bce6f1ed1a4445d5b60a53463c32cb6ebcf6e0375dcece39eaca?s=96&d=mm&r=g","url":"https:\/\/secure.gravatar.com\/avatar\/d49c8c4a3ac6bce6f1ed1a4445d5b60a53463c32cb6ebcf6e0375dcece39eaca?s=96&d=mm&r=g","contentUrl":"https:\/\/secure.gravatar.com\/avatar\/d49c8c4a3ac6bce6f1ed1a4445d5b60a53463c32cb6ebcf6e0375dcece39eaca?s=96&d=mm&r=g","caption":"P\u00e4ivi Ahlgren"}}]}},"lang":"fi","translations":{"fi":945},"pll_sync_post":{},"_links":{"self":[{"href":"https:\/\/teknologiateollisuus.fi\/healthtech\/wp-json\/wp\/v2\/posts\/945","targetHints":{"allow":["GET"]}}],"collection":[{"href":"https:\/\/teknologiateollisuus.fi\/healthtech\/wp-json\/wp\/v2\/posts"}],"about":[{"href":"https:\/\/teknologiateollisuus.fi\/healthtech\/wp-json\/wp\/v2\/types\/post"}],"author":[{"embeddable":true,"href":"https:\/\/teknologiateollisuus.fi\/healthtech\/wp-json\/wp\/v2\/users\/16"}],"replies":[{"embeddable":true,"href":"https:\/\/teknologiateollisuus.fi\/healthtech\/wp-json\/wp\/v2\/comments?post=945"}],"version-history":[{"count":1,"href":"https:\/\/teknologiateollisuus.fi\/healthtech\/wp-json\/wp\/v2\/posts\/945\/revisions"}],"predecessor-version":[{"id":946,"href":"https:\/\/teknologiateollisuus.fi\/healthtech\/wp-json\/wp\/v2\/posts\/945\/revisions\/946"}],"wp:featuredmedia":[{"embeddable":true,"href":"https:\/\/teknologiateollisuus.fi\/healthtech\/wp-json\/wp\/v2\/media\/1061"}],"wp:attachment":[{"href":"https:\/\/teknologiateollisuus.fi\/healthtech\/wp-json\/wp\/v2\/media?parent=945"}],"wp:term":[{"taxonomy":"category","embeddable":true,"href":"https:\/\/teknologiateollisuus.fi\/healthtech\/wp-json\/wp\/v2\/categories?post=945"},{"taxonomy":"post_tag","embeddable":true,"href":"https:\/\/teknologiateollisuus.fi\/healthtech\/wp-json\/wp\/v2\/tags?post=945"},{"taxonomy":"em_industry","embeddable":true,"href":"https:\/\/teknologiateollisuus.fi\/healthtech\/wp-json\/wp\/v2\/em_industry?post=945"},{"taxonomy":"em_theme","embeddable":true,"href":"https:\/\/teknologiateollisuus.fi\/healthtech\/wp-json\/wp\/v2\/em_theme?post=945"}],"curies":[{"name":"wp","href":"https:\/\/api.w.org\/{rel}","templated":true}]}}