{"id":27907,"date":"2025-09-16T13:47:15","date_gmt":"2025-09-16T10:47:15","guid":{"rendered":"https:\/\/teknologiateollisuus.fi\/jasenille\/?p=27907"},"modified":"2025-09-17T10:05:12","modified_gmt":"2025-09-17T07:05:12","slug":"data-asetuksen-soveltaminen-alkoi-nain-saados-vaikuttaa-yritykseesi","status":"publish","type":"post","link":"https:\/\/teknologiateollisuus.fi\/jasenille\/data-asetuksen-soveltaminen-alkoi-nain-saados-vaikuttaa-yritykseesi\/","title":{"rendered":"Data-asetuksen soveltaminen alkoi: n\u00e4in s\u00e4\u00e4d\u00f6s vaikuttaa yritykseesi"},"content":{"rendered":"\n<p>Data-asetus pyrkii edist\u00e4m\u00e4\u00e4n teollisen datan saatavuutta ja k\u00e4ytt\u00f6\u00e4 eurooppalaisilla sis\u00e4markkinoilla. S\u00e4\u00e4d\u00f6s vahvistaa k\u00e4ytt\u00e4jien oikeutta hy\u00f6dynt\u00e4\u00e4 ja jakaa eteenp\u00e4in verkottuneiden tuotteidensa ja niihin liittyvien palveluiden k\u00e4yt\u00f6st\u00e4 syntynytt\u00e4 dataa. S\u00e4\u00e4d\u00f6s koskee verkkoon liitettyj\u00e4 laitteita \u2013 aina sykemittareista teollisuusrobotteihin \u2013 sek\u00e4 n\u00e4iden liit\u00e4nn\u00e4ispalveluita.<\/p>\n\n\n\n<p>S\u00e4\u00e4d\u00f6s m\u00e4\u00e4r\u00e4\u00e4 verkottuneen tuotteen tai siihen liittyv\u00e4n palvelun valmistajan tarjoamaan k\u00e4ytt\u00e4j\u00e4lle p\u00e4\u00e4syn tuotteen tai palvelun k\u00e4yt\u00f6st\u00e4 syntyneeseen dataan. K\u00e4ytt\u00e4j\u00e4ll\u00e4 on vapaa oikeus hy\u00f6dynt\u00e4\u00e4 dataa ja toimittaa se kolmannelle osapuolelle jalostettavaksi.<\/p>\n\n\n\n<p>Asetuksella on vaikutuksia teknologiateollisuuden eri toimialoilla aina laitevalmistajista ICT-palveluiden tarjoajiin ja verkottuneita koneita ja niiden liit\u00e4nn\u00e4ispalveluita tuotannossaan k\u00e4ytt\u00e4viin yrityksiin.<\/p>\n\n\n\n<h2 class=\"wp-block-heading\" id=\"h-teknologiateollisuus-ja-traficom-tarjoavat-lisatietoa\" id=\"teknologiateollisuus-ja-traficom-tarjoavat-lisatietoa\">Teknologiateollisuus ja Traficom tarjoavat lis\u00e4tietoa<\/h2>\n\n\n\n<p>Teknologiateollisuuden johtava asiantuntija <strong>Joonas Mikkil\u00e4<\/strong> kehottaa yrityksi\u00e4 tutustumaan <a href=\"https:\/\/teknologiateollisuus.fi\/jasenille\/tietopankki\/digitalisaatio-ja-tekoaly\/datastaliiketoimintaa\/\" target=\"_blank\" rel=\"noreferrer noopener\">Teknologiateollisuuden tietopakettiin<\/a> data-asetuksesta sek\u00e4 osallistumaan yhteisty\u00f6ss\u00e4 Liikenne- ja viestint\u00e4virasto Traficomin kanssa 8. lokakuuta j\u00e4rjestett\u00e4v\u00e4\u00e4n <a href=\"https:\/\/teknologiateollisuus.fi\/jasenille\/tapahtumat\/eun-datasaadoksen-soveltaminen-alkaa-mita-yritysten-ja-organisaatioiden-on-hyva-tietaa\/\" target=\"_blank\" rel=\"noreferrer noopener\">tietoiskuun<\/a>. &nbsp;<\/p>\n\n\n\n<p>\u2013 Traficom on saamassa keskeisen aseman asetuksen kansallisessa t\u00e4yt\u00e4nt\u00f6\u00f6npanossa. Heid\u00e4n <a href=\"https:\/\/traficom.fi\/fi\/viestinta\/datatalous-ja-digipalvelut\/tietoa-data-asetuksesta\" target=\"_blank\" rel=\"noreferrer noopener\">viestint\u00e4\u00e4ns\u00e4<\/a> kannattaa siis seurata. Kannustan my\u00f6s tutustumaan <a href=\"https:\/\/www.leanentries.com\/new-e-tool-for-data-act-unlocking-fair-iot-data-sharing-in-the-eu\/\" target=\"_blank\" rel=\"noreferrer noopener\">LeanEntries-verkkoty\u00f6kaluun<\/a>, joka on suunniteltu auttamaan yrityksi\u00e4 ymm\u00e4rt\u00e4m\u00e4\u00e4n asetusta, sek\u00e4 kattoj\u00e4rjest\u00f6mme Orgalimin tuottamaan <a href=\"https:\/\/teknologiateollisuus.fi\/jasenille\/tietopankki\/digitalisaatio-ja-tekoaly\/datastaliiketoimintaa\/orgalimin-data-asetusopas\/\" target=\"_blank\" rel=\"noreferrer noopener\">oppaaseen<\/a>. Molemmat ovat maksutta j\u00e4sentemme saatavilla. My\u00f6s Euroopan komissio tarjoaa <a href=\"https:\/\/digital-strategy.ec.europa.eu\/en\/library\/commission-publishes-frequently-asked-questions-about-data-act\" target=\"_blank\" rel=\"noreferrer noopener\">ohjeistusta<\/a> s\u00e4\u00e4d\u00f6ksen soveltamisesta, Mikkil\u00e4 sanoo.\u00a0\u00a0<\/p>\n\n\n\n<p>Mikkil\u00e4 muistuttaa, ett\u00e4 vaikka lains\u00e4\u00e4d\u00e4nt\u00f6 ei tee ket\u00e4\u00e4n autuaaksi, s\u00e4\u00e4d\u00f6ksen seurauksena Eurooppaan syntyy t\u00e4ysin uudenlaisia datatalouden mahdollisuuksia yrityksille. &nbsp;<\/p>\n\n\n\n<p>\u2013 Data on strateginen avainresurssi, ja yritysten kannattaakin l\u00e4hte\u00e4 nyt satsaamaan datan hy\u00f6dynt\u00e4misen edellytt\u00e4m\u00e4\u00e4n osaamiseen ja prosessi- ja tuotekehitykseen<strong>.<\/strong><\/p>\n\n\n\n<h2 class=\"wp-block-heading\" id=\"h-konecranes-velvoitteita-mutta-mahdollisesti-myos-uusia-avauksia\" id=\"konecranes-velvoitteita-mutta-mahdollisesti-myos-uusia-avauksia\">Konecranes: Velvoitteita, mutta mahdollisesti my\u00f6s uusia avauksia<\/h2>\n\n\n\n<p>Laitevalmistaja Konecranesiin data-asetus vaikuttaa merkitt\u00e4v\u00e4sti, sill\u00e4 sit\u00e4 tullaan soveltamaan moniin yrityksen tuotteisiin ja liiketoimintamalleihin.<\/p>\n\n\n\n<p>\u2013 K\u00e4yt\u00e4nn\u00f6n vaikutukset ja mahdolliset uudet toimintatavat konkretisoituvat tulevien kuukausien aikana, kun asiakkaat ja muut toimijat alkavat hy\u00f6dynt\u00e4\u00e4 asetuksen tuomia oikeuksia, sanoo Senior Legal Counsel <strong>Onni Koivu<\/strong> Konecranesista.<\/p>\n\n\n\n<p>Yritys on valmistautumisessaan keskittynyt varmistamaan, ett\u00e4 data-asetuksen asettamat velvoitteet pystyt\u00e4\u00e4n t\u00e4ytt\u00e4m\u00e4\u00e4n. Keskeisi\u00e4 toimenpiteit\u00e4 t\u00e4ss\u00e4 ovat olleet yhteisen n\u00e4kemyksen luominen, tuotedokumentaation kehitt\u00e4minen, sopimusmallien p\u00e4ivitt\u00e4minen sek\u00e4 asiakasviestinn\u00e4n vahvistaminen.<\/p>\n\n\n\n<p>Ent\u00e4 voiko uusi lains\u00e4\u00e4d\u00e4nt\u00f6 tarjota my\u00f6s uusia mahdollisuuksia Konecranesin kaltaiselle yritykselle?<\/p>\n\n\n\n<p>\u2013 Seuraamme asetukseen liittyv\u00e4\u00e4 kehityst\u00e4 tiiviisti. Huoltoliiketoimintaa harjoittavana yhti\u00f6n\u00e4 olemme kiinnostuneita viem\u00e4\u00e4n liiketoimintamallejamme eteenp\u00e4in, ja\u202fdata-asetus voi tarjota siihen uusia mahdollisuuksia, Koivu sanoo.<\/p>\n\n\n\n<h2 class=\"wp-block-heading\" id=\"h-way-data-technologies-uusi-datatalousekosysteemi-iso-mahdollisuus\" id=\"way-data-technologies-uusi-datatalousekosysteemi-iso-mahdollisuus\">Way Data Technologies: Uusi datatalousekosysteemi iso mahdollisuus<\/h2>\n\n\n\n<p>Logistiikka-alan ohjelmistoyritys Way Data Technologiesille data-asetus n\u00e4ytt\u00e4ytyy positiivisen muutoksen ajurina.<\/p>\n\n\n\n<p>\u2013 Erityisesti kuljetus- ja logistiikka-alalle data-asetus mahdollistaa tehokkuuden ja l\u00e4pin\u00e4kyvyyden kasvattamisen sek\u00e4 yhteisty\u00f6n lis\u00e4\u00e4ntymisen laitevalmistajien kanssa, yrityksen teknologiajohtaja <strong>Oskari P\u00e9tas<\/strong> sanoo.<\/p>\n\n\n\n<p>Way Data on lis\u00e4nnyt uuden asetuksen my\u00f6t\u00e4 yhteisty\u00f6t\u00e4\u00e4n datan tuottajien eli laitevalmistajien kanssa.<\/p>\n\n\n\n<p>\u2013 Olemme yhdess\u00e4 saksalaisen Open Logistics Foundationin kanssa osallistuneet avoimien dataformaattien tuottamiseen, jotta datan jakaminen olisi jatkossa mahdollisimman helppoa ja standardisoitua. Osaltamme olemme siis pyrkineet luomaan pohjaa uudelle nousevalle datatalousekosysteemille.<\/p>\n\n\n\n<p>Ohjelmistoyrityksess\u00e4 data-asetuksessa n\u00e4hd\u00e4\u00e4n paljon mahdollisuuksia niin laitevalmistajille kuin laitteiden k\u00e4ytt\u00e4jillekin.<\/p>\n\n\n\n<p>\u2013 Datan k\u00e4ytt\u00e4j\u00e4n n\u00e4k\u00f6kulmasta syntyy mahdollisuuksia liiketoimintamallien modernisoinnille ja digitalisoitumiselle, P\u00e9tas kuvaa.<\/p>\n\n\n\n<div class=\"wp-block-scb-columns scb-columns  has-mobile-behavior--stacked has-auto-fit em-pattern-event-contacts\">\n<div class=\"wp-block-scb-column scb-column is-scale-cover\">\n<h2 class=\"wp-block-heading\" id=\"h-lisatietoja\" id=\"lisatietoja\">Lis\u00e4tietoja<\/h2>\n\n\n\n<article class=\"em-block-contact-card is-style-list\">\n\n\t<div class=\"em-block-contact-card__image\">\n\t\t\t\t\t<img loading=\"lazy\" decoding=\"async\" width=\"300\" height=\"400\" src=\"https:\/\/teknologiateollisuus.fi\/jasenille\/wp-content\/uploads\/2024\/05\/phpoqukup.jpg\" class=\"attachment-portrait size-portrait\" alt=\"\" \/>\t\t\t<\/div>\n\t<div class=\"em-block-contact-card__content-wrapper\">\n\t\t<div class=\"em-block-contact-card__content\">\n\t\t\t\t\t\t\t<div class=\"em-block-contact-card__business-units\">\n\t\t\t\t\t\t\t\t\t\t\t<span class=\"em-block-contact-card__business-unit\">Uudet teknologiat ja osaaminen<\/span>\n\t\t\t\t\t\t\t\t\t<\/div>\n\t\t\t\t\t\t<h3 class=\"em-block-contact-card__title\"><a target=\"_self\" href=\"https:\/\/teknologiateollisuus.fi\/?p=1265\">Mikkil\u00e4 Joonas<\/a><\/h3>\n\t\t\t\t\t\t\t<span class=\"em-block-contact-card__job_title\">Johtava asiantuntija, digitalisaatio &#8211; Teknologiat, tieto ja innovaatiot <\/span>\n\t\t\t\t\t\t\t\t\t\t<span class=\"em-block-contact-card__organisation\">Teknologiateollisuus ry<\/span>\n\t\t\t\t\t<\/div>\n\t\t<div class=\"em-block-contact-card__content\">\n\t\t\t\t\t\t<address class=\"em-block-contact-card__contact-details\">\n\t\t\t\t\t\t\t\t\t<span class=\"em-block-contact-card__phone\">\n\t\t\t\t\t\t<a href=\"tel:+358 451296791\">+358 451296791<\/a><\/a>\n\t\t\t\t\t<\/span>\n\t\t\t\t\t\t\t\t\t\t\t\t\t<span class=\"em-block-contact-card__email\">\n\t\t\t\t\t\t<a href=\"mailto:joonas.mikkila@teknologiateollisuus.fi\">joonas.mikkila@teknologiateollisuus.fi<\/a><\/a>\n\t\t\t\t\t<\/span>\n\t\t\t\t\t\t\t<\/address>\n\t\t\t\t\t<\/div>\n\t<\/div>\n\n<\/article>\n<\/div>\n<\/div>\n","protected":false},"excerpt":{"rendered":"<p>EU:n data-asetuksen (Data Act) soveltaminen alkoi Suomessa 12. syyskuuta. Mit\u00e4 t\u00e4m\u00e4 k\u00e4yt\u00e4nn\u00f6ss\u00e4 tarkoittaa suomalaisille teknologiateollisuuden yrityksille? Laitevalmistajille asetuksen velvoitteiden t\u00e4ytt\u00e4minen tuo lis\u00e4ty\u00f6t\u00e4, mutta sen seurauksena voi synty\u00e4 my\u00f6s uusia liiketoimintamahdollisuuksia.<\/p>\n","protected":false},"author":1655,"featured_media":6223,"comment_status":"false","ping_status":"false","sticky":false,"template":"","format":"standard","meta":{"_acf_changed":false,"_relevanssi_hide_post":"","_relevanssi_hide_content":"","_relevanssi_pin_for_all":"","_relevanssi_pin_keywords":"","_relevanssi_unpin_keywords":"","_relevanssi_related_keywords":"","_relevanssi_related_include_ids":"","_relevanssi_related_exclude_ids":"","_relevanssi_related_no_append":"","_relevanssi_related_not_related":"","_relevanssi_related_posts":"5780,5961,24303,6099,6221,6445","_relevanssi_noindex_reason":"","inline_featured_image":false,"growthstack-ab-test":[],"growthstack-ab-test-views":[],"footnotes":""},"categories":[1],"post_tag":[608],"em_region":[],"em_target_group":[],"class_list":["post-27907","post","type-post","status-publish","format-standard","has-post-thumbnail","hentry","category-uutiset","tag-digitalisaatio"],"acf":{"locked":false},"yoast_head":"<!-- This site is optimized with the Yoast SEO Premium plugin v27.1 (Yoast SEO v27.5) - https:\/\/yoast.com\/product\/yoast-seo-premium-wordpress\/ -->\n<title>Data-asetuksen soveltaminen alkoi: n\u00e4in s\u00e4\u00e4d\u00f6s vaikuttaa yritykseesi - Teknologiateollisuus - J\u00e4senille<\/title>\n<meta name=\"description\" content=\"EU:n data-asetuksen (Data Act) soveltaminen alkoi Suomessa 12. syyskuuta. Mit\u00e4 t\u00e4m\u00e4 k\u00e4yt\u00e4nn\u00f6ss\u00e4 tarkoittaa suomalaisille teknologiateollisuuden yrityksille?\" \/>\n<meta name=\"robots\" content=\"index, follow, max-snippet:-1, max-image-preview:large, max-video-preview:-1\" \/>\n<link rel=\"canonical\" href=\"https:\/\/teknologiateollisuus.fi\/jasenille\/data-asetuksen-soveltaminen-alkoi-nain-saados-vaikuttaa-yritykseesi\/\" \/>\n<meta property=\"og:locale\" content=\"fi_FI\" \/>\n<meta property=\"og:type\" content=\"article\" \/>\n<meta property=\"og:title\" content=\"Data-asetuksen soveltaminen alkoi: n\u00e4in s\u00e4\u00e4d\u00f6s vaikuttaa yritykseesi\" \/>\n<meta property=\"og:description\" content=\"EU:n data-asetuksen (Data Act) soveltaminen alkoi Suomessa 12. syyskuuta. Mit\u00e4 t\u00e4m\u00e4 k\u00e4yt\u00e4nn\u00f6ss\u00e4 tarkoittaa suomalaisille teknologiateollisuuden yrityksille?\" \/>\n<meta property=\"og:url\" content=\"https:\/\/teknologiateollisuus.fi\/jasenille\/data-asetuksen-soveltaminen-alkoi-nain-saados-vaikuttaa-yritykseesi\/\" \/>\n<meta property=\"og:site_name\" content=\"Teknologiateollisuus - J\u00e4senille\" \/>\n<meta property=\"article:published_time\" content=\"2025-09-16T10:47:15+00:00\" \/>\n<meta property=\"article:modified_time\" content=\"2025-09-17T07:05:12+00:00\" \/>\n<meta property=\"og:image\" content=\"https:\/\/teknologiateollisuus.fi\/jasenille\/wp-content\/uploads\/sites\/1\/2024\/04\/Teknologia_6.jpg\" \/>\n\t<meta property=\"og:image:width\" content=\"1920\" \/>\n\t<meta property=\"og:image:height\" content=\"1280\" \/>\n\t<meta property=\"og:image:type\" content=\"image\/jpeg\" \/>\n<meta name=\"author\" content=\"emmapesu\" \/>\n<meta name=\"twitter:card\" content=\"summary_large_image\" \/>\n<meta name=\"twitter:label1\" content=\"Kirjoittanut\" \/>\n\t<meta name=\"twitter:data1\" content=\"emmapesu\" \/>\n\t<meta name=\"twitter:label2\" content=\"Arvioitu lukuaika\" \/>\n\t<meta name=\"twitter:data2\" content=\"3 minuuttia\" \/>\n<script type=\"application\/ld+json\" class=\"yoast-schema-graph\">{\"@context\":\"https:\\\/\\\/schema.org\",\"@graph\":[{\"@type\":\"Article\",\"@id\":\"https:\\\/\\\/teknologiateollisuus.fi\\\/jasenille\\\/data-asetuksen-soveltaminen-alkoi-nain-saados-vaikuttaa-yritykseesi\\\/#article\",\"isPartOf\":{\"@id\":\"https:\\\/\\\/teknologiateollisuus.fi\\\/jasenille\\\/data-asetuksen-soveltaminen-alkoi-nain-saados-vaikuttaa-yritykseesi\\\/\"},\"author\":{\"name\":\"emmapesu\",\"@id\":\"https:\\\/\\\/teknologiateollisuus.fi\\\/jasenille\\\/#\\\/schema\\\/person\\\/dba0aca3a247256c4b55b524da06bf2c\"},\"headline\":\"Data-asetuksen soveltaminen alkoi: n\u00e4in s\u00e4\u00e4d\u00f6s vaikuttaa yritykseesi\",\"datePublished\":\"2025-09-16T10:47:15+00:00\",\"dateModified\":\"2025-09-17T07:05:12+00:00\",\"mainEntityOfPage\":{\"@id\":\"https:\\\/\\\/teknologiateollisuus.fi\\\/jasenille\\\/data-asetuksen-soveltaminen-alkoi-nain-saados-vaikuttaa-yritykseesi\\\/\"},\"wordCount\":526,\"publisher\":{\"@id\":\"https:\\\/\\\/teknologiateollisuus.fi\\\/jasenille\\\/#organization\"},\"image\":{\"@id\":\"https:\\\/\\\/teknologiateollisuus.fi\\\/jasenille\\\/data-asetuksen-soveltaminen-alkoi-nain-saados-vaikuttaa-yritykseesi\\\/#primaryimage\"},\"thumbnailUrl\":\"https:\\\/\\\/teknologiateollisuus.fi\\\/jasenille\\\/wp-content\\\/uploads\\\/sites\\\/1\\\/2024\\\/04\\\/Teknologia_6.jpg\",\"keywords\":[\"Digitalisaatio\"],\"articleSection\":[\"Uutiset\"],\"inLanguage\":\"fi\"},{\"@type\":\"WebPage\",\"@id\":\"https:\\\/\\\/teknologiateollisuus.fi\\\/jasenille\\\/data-asetuksen-soveltaminen-alkoi-nain-saados-vaikuttaa-yritykseesi\\\/\",\"url\":\"https:\\\/\\\/teknologiateollisuus.fi\\\/jasenille\\\/data-asetuksen-soveltaminen-alkoi-nain-saados-vaikuttaa-yritykseesi\\\/\",\"name\":\"Data-asetuksen soveltaminen alkoi: n\u00e4in s\u00e4\u00e4d\u00f6s vaikuttaa yritykseesi - Teknologiateollisuus - J\u00e4senille\",\"isPartOf\":{\"@id\":\"https:\\\/\\\/teknologiateollisuus.fi\\\/jasenille\\\/#website\"},\"primaryImageOfPage\":{\"@id\":\"https:\\\/\\\/teknologiateollisuus.fi\\\/jasenille\\\/data-asetuksen-soveltaminen-alkoi-nain-saados-vaikuttaa-yritykseesi\\\/#primaryimage\"},\"image\":{\"@id\":\"https:\\\/\\\/teknologiateollisuus.fi\\\/jasenille\\\/data-asetuksen-soveltaminen-alkoi-nain-saados-vaikuttaa-yritykseesi\\\/#primaryimage\"},\"thumbnailUrl\":\"https:\\\/\\\/teknologiateollisuus.fi\\\/jasenille\\\/wp-content\\\/uploads\\\/sites\\\/1\\\/2024\\\/04\\\/Teknologia_6.jpg\",\"datePublished\":\"2025-09-16T10:47:15+00:00\",\"dateModified\":\"2025-09-17T07:05:12+00:00\",\"description\":\"EU:n data-asetuksen (Data Act) soveltaminen alkoi Suomessa 12. syyskuuta. Mit\u00e4 t\u00e4m\u00e4 k\u00e4yt\u00e4nn\u00f6ss\u00e4 tarkoittaa suomalaisille teknologiateollisuuden yrityksille?\",\"breadcrumb\":{\"@id\":\"https:\\\/\\\/teknologiateollisuus.fi\\\/jasenille\\\/data-asetuksen-soveltaminen-alkoi-nain-saados-vaikuttaa-yritykseesi\\\/#breadcrumb\"},\"inLanguage\":\"fi\",\"potentialAction\":[{\"@type\":\"ReadAction\",\"target\":[\"https:\\\/\\\/teknologiateollisuus.fi\\\/jasenille\\\/data-asetuksen-soveltaminen-alkoi-nain-saados-vaikuttaa-yritykseesi\\\/\"]}]},{\"@type\":\"ImageObject\",\"inLanguage\":\"fi\",\"@id\":\"https:\\\/\\\/teknologiateollisuus.fi\\\/jasenille\\\/data-asetuksen-soveltaminen-alkoi-nain-saados-vaikuttaa-yritykseesi\\\/#primaryimage\",\"url\":\"https:\\\/\\\/teknologiateollisuus.fi\\\/jasenille\\\/wp-content\\\/uploads\\\/sites\\\/1\\\/2024\\\/04\\\/Teknologia_6.jpg\",\"contentUrl\":\"https:\\\/\\\/teknologiateollisuus.fi\\\/jasenille\\\/wp-content\\\/uploads\\\/sites\\\/1\\\/2024\\\/04\\\/Teknologia_6.jpg\",\"width\":1920,\"height\":1280},{\"@type\":\"BreadcrumbList\",\"@id\":\"https:\\\/\\\/teknologiateollisuus.fi\\\/jasenille\\\/data-asetuksen-soveltaminen-alkoi-nain-saados-vaikuttaa-yritykseesi\\\/#breadcrumb\",\"itemListElement\":[{\"@type\":\"ListItem\",\"position\":1,\"name\":\"Home\",\"item\":\"https:\\\/\\\/teknologiateollisuus.fi\\\/jasenille\\\/\"},{\"@type\":\"ListItem\",\"position\":2,\"name\":\"Ajankohtaista\",\"item\":\"https:\\\/\\\/teknologiateollisuus.fi\\\/jasenille\\\/ajankohtaista\\\/\"},{\"@type\":\"ListItem\",\"position\":3,\"name\":\"Uutiset\",\"item\":\"https:\\\/\\\/teknologiateollisuus.fi\\\/jasenille\\\/ajankohtaista\\\/uutiset\\\/?categories=1\"},{\"@type\":\"ListItem\",\"position\":4,\"name\":\"Data-asetuksen soveltaminen alkoi: n\u00e4in s\u00e4\u00e4d\u00f6s vaikuttaa yritykseesi\"}]},{\"@type\":\"WebSite\",\"@id\":\"https:\\\/\\\/teknologiateollisuus.fi\\\/jasenille\\\/#website\",\"url\":\"https:\\\/\\\/teknologiateollisuus.fi\\\/jasenille\\\/\",\"name\":\"Teknologiateollisuus - J\u00e4senille\",\"description\":\"\",\"publisher\":{\"@id\":\"https:\\\/\\\/teknologiateollisuus.fi\\\/jasenille\\\/#organization\"},\"potentialAction\":[{\"@type\":\"SearchAction\",\"target\":{\"@type\":\"EntryPoint\",\"urlTemplate\":\"https:\\\/\\\/teknologiateollisuus.fi\\\/jasenille\\\/?s={search_term_string}\"},\"query-input\":{\"@type\":\"PropertyValueSpecification\",\"valueRequired\":true,\"valueName\":\"search_term_string\"}}],\"inLanguage\":\"fi\"},{\"@type\":\"Organization\",\"@id\":\"https:\\\/\\\/teknologiateollisuus.fi\\\/jasenille\\\/#organization\",\"name\":\"Teknologiateollisuus - J\u00e4senille\",\"url\":\"https:\\\/\\\/teknologiateollisuus.fi\\\/jasenille\\\/\",\"logo\":{\"@type\":\"ImageObject\",\"inLanguage\":\"fi\",\"@id\":\"https:\\\/\\\/teknologiateollisuus.fi\\\/jasenille\\\/#\\\/schema\\\/logo\\\/image\\\/\",\"url\":\"https:\\\/\\\/teknologiateollisuus.fi\\\/jasenille\\\/wp-content\\\/uploads\\\/sites\\\/1\\\/2023\\\/10\\\/placeholder.png\",\"contentUrl\":\"https:\\\/\\\/teknologiateollisuus.fi\\\/jasenille\\\/wp-content\\\/uploads\\\/sites\\\/1\\\/2023\\\/10\\\/placeholder.png\",\"width\":2560,\"height\":1920,\"caption\":\"Teknologiateollisuus - J\u00e4senille\"},\"image\":{\"@id\":\"https:\\\/\\\/teknologiateollisuus.fi\\\/jasenille\\\/#\\\/schema\\\/logo\\\/image\\\/\"}},{\"@type\":\"Person\",\"@id\":\"https:\\\/\\\/teknologiateollisuus.fi\\\/jasenille\\\/#\\\/schema\\\/person\\\/dba0aca3a247256c4b55b524da06bf2c\",\"name\":\"emmapesu\",\"image\":{\"@type\":\"ImageObject\",\"inLanguage\":\"fi\",\"@id\":\"https:\\\/\\\/secure.gravatar.com\\\/avatar\\\/366db4b38e4ef220a2bb1118728175e2942f872946e9b3564de23b0958b85b7f?s=96&d=mm&r=g\",\"url\":\"https:\\\/\\\/secure.gravatar.com\\\/avatar\\\/366db4b38e4ef220a2bb1118728175e2942f872946e9b3564de23b0958b85b7f?s=96&d=mm&r=g\",\"contentUrl\":\"https:\\\/\\\/secure.gravatar.com\\\/avatar\\\/366db4b38e4ef220a2bb1118728175e2942f872946e9b3564de23b0958b85b7f?s=96&d=mm&r=g\",\"caption\":\"emmapesu\"}}]}<\/script>\n<!-- \/ Yoast SEO Premium plugin. -->","yoast_head_json":{"title":"Data-asetuksen soveltaminen alkoi: n\u00e4in s\u00e4\u00e4d\u00f6s vaikuttaa yritykseesi - Teknologiateollisuus - J\u00e4senille","description":"EU:n data-asetuksen (Data Act) soveltaminen alkoi Suomessa 12. syyskuuta. Mit\u00e4 t\u00e4m\u00e4 k\u00e4yt\u00e4nn\u00f6ss\u00e4 tarkoittaa suomalaisille teknologiateollisuuden yrityksille?","robots":{"index":"index","follow":"follow","max-snippet":"max-snippet:-1","max-image-preview":"max-image-preview:large","max-video-preview":"max-video-preview:-1"},"canonical":"https:\/\/teknologiateollisuus.fi\/jasenille\/data-asetuksen-soveltaminen-alkoi-nain-saados-vaikuttaa-yritykseesi\/","og_locale":"fi_FI","og_type":"article","og_title":"Data-asetuksen soveltaminen alkoi: n\u00e4in s\u00e4\u00e4d\u00f6s vaikuttaa yritykseesi","og_description":"EU:n data-asetuksen (Data Act) soveltaminen alkoi Suomessa 12. syyskuuta. Mit\u00e4 t\u00e4m\u00e4 k\u00e4yt\u00e4nn\u00f6ss\u00e4 tarkoittaa suomalaisille teknologiateollisuuden yrityksille?","og_url":"https:\/\/teknologiateollisuus.fi\/jasenille\/data-asetuksen-soveltaminen-alkoi-nain-saados-vaikuttaa-yritykseesi\/","og_site_name":"Teknologiateollisuus - J\u00e4senille","article_published_time":"2025-09-16T10:47:15+00:00","article_modified_time":"2025-09-17T07:05:12+00:00","og_image":[{"width":1920,"height":1280,"url":"https:\/\/teknologiateollisuus.fi\/jasenille\/wp-content\/uploads\/sites\/1\/2024\/04\/Teknologia_6.jpg","type":"image\/jpeg"}],"author":"emmapesu","twitter_card":"summary_large_image","twitter_misc":{"Kirjoittanut":"emmapesu","Arvioitu lukuaika":"3 minuuttia"},"schema":{"@context":"https:\/\/schema.org","@graph":[{"@type":"Article","@id":"https:\/\/teknologiateollisuus.fi\/jasenille\/data-asetuksen-soveltaminen-alkoi-nain-saados-vaikuttaa-yritykseesi\/#article","isPartOf":{"@id":"https:\/\/teknologiateollisuus.fi\/jasenille\/data-asetuksen-soveltaminen-alkoi-nain-saados-vaikuttaa-yritykseesi\/"},"author":{"name":"emmapesu","@id":"https:\/\/teknologiateollisuus.fi\/jasenille\/#\/schema\/person\/dba0aca3a247256c4b55b524da06bf2c"},"headline":"Data-asetuksen soveltaminen alkoi: n\u00e4in s\u00e4\u00e4d\u00f6s vaikuttaa yritykseesi","datePublished":"2025-09-16T10:47:15+00:00","dateModified":"2025-09-17T07:05:12+00:00","mainEntityOfPage":{"@id":"https:\/\/teknologiateollisuus.fi\/jasenille\/data-asetuksen-soveltaminen-alkoi-nain-saados-vaikuttaa-yritykseesi\/"},"wordCount":526,"publisher":{"@id":"https:\/\/teknologiateollisuus.fi\/jasenille\/#organization"},"image":{"@id":"https:\/\/teknologiateollisuus.fi\/jasenille\/data-asetuksen-soveltaminen-alkoi-nain-saados-vaikuttaa-yritykseesi\/#primaryimage"},"thumbnailUrl":"https:\/\/teknologiateollisuus.fi\/jasenille\/wp-content\/uploads\/sites\/1\/2024\/04\/Teknologia_6.jpg","keywords":["Digitalisaatio"],"articleSection":["Uutiset"],"inLanguage":"fi"},{"@type":"WebPage","@id":"https:\/\/teknologiateollisuus.fi\/jasenille\/data-asetuksen-soveltaminen-alkoi-nain-saados-vaikuttaa-yritykseesi\/","url":"https:\/\/teknologiateollisuus.fi\/jasenille\/data-asetuksen-soveltaminen-alkoi-nain-saados-vaikuttaa-yritykseesi\/","name":"Data-asetuksen soveltaminen alkoi: n\u00e4in s\u00e4\u00e4d\u00f6s vaikuttaa yritykseesi - Teknologiateollisuus - J\u00e4senille","isPartOf":{"@id":"https:\/\/teknologiateollisuus.fi\/jasenille\/#website"},"primaryImageOfPage":{"@id":"https:\/\/teknologiateollisuus.fi\/jasenille\/data-asetuksen-soveltaminen-alkoi-nain-saados-vaikuttaa-yritykseesi\/#primaryimage"},"image":{"@id":"https:\/\/teknologiateollisuus.fi\/jasenille\/data-asetuksen-soveltaminen-alkoi-nain-saados-vaikuttaa-yritykseesi\/#primaryimage"},"thumbnailUrl":"https:\/\/teknologiateollisuus.fi\/jasenille\/wp-content\/uploads\/sites\/1\/2024\/04\/Teknologia_6.jpg","datePublished":"2025-09-16T10:47:15+00:00","dateModified":"2025-09-17T07:05:12+00:00","description":"EU:n data-asetuksen (Data Act) soveltaminen alkoi Suomessa 12. syyskuuta. Mit\u00e4 t\u00e4m\u00e4 k\u00e4yt\u00e4nn\u00f6ss\u00e4 tarkoittaa suomalaisille teknologiateollisuuden yrityksille?","breadcrumb":{"@id":"https:\/\/teknologiateollisuus.fi\/jasenille\/data-asetuksen-soveltaminen-alkoi-nain-saados-vaikuttaa-yritykseesi\/#breadcrumb"},"inLanguage":"fi","potentialAction":[{"@type":"ReadAction","target":["https:\/\/teknologiateollisuus.fi\/jasenille\/data-asetuksen-soveltaminen-alkoi-nain-saados-vaikuttaa-yritykseesi\/"]}]},{"@type":"ImageObject","inLanguage":"fi","@id":"https:\/\/teknologiateollisuus.fi\/jasenille\/data-asetuksen-soveltaminen-alkoi-nain-saados-vaikuttaa-yritykseesi\/#primaryimage","url":"https:\/\/teknologiateollisuus.fi\/jasenille\/wp-content\/uploads\/sites\/1\/2024\/04\/Teknologia_6.jpg","contentUrl":"https:\/\/teknologiateollisuus.fi\/jasenille\/wp-content\/uploads\/sites\/1\/2024\/04\/Teknologia_6.jpg","width":1920,"height":1280},{"@type":"BreadcrumbList","@id":"https:\/\/teknologiateollisuus.fi\/jasenille\/data-asetuksen-soveltaminen-alkoi-nain-saados-vaikuttaa-yritykseesi\/#breadcrumb","itemListElement":[{"@type":"ListItem","position":1,"name":"Home","item":"https:\/\/teknologiateollisuus.fi\/jasenille\/"},{"@type":"ListItem","position":2,"name":"Ajankohtaista","item":"https:\/\/teknologiateollisuus.fi\/jasenille\/ajankohtaista\/"},{"@type":"ListItem","position":3,"name":"Uutiset","item":"https:\/\/teknologiateollisuus.fi\/jasenille\/ajankohtaista\/uutiset\/?categories=1"},{"@type":"ListItem","position":4,"name":"Data-asetuksen soveltaminen alkoi: n\u00e4in s\u00e4\u00e4d\u00f6s vaikuttaa yritykseesi"}]},{"@type":"WebSite","@id":"https:\/\/teknologiateollisuus.fi\/jasenille\/#website","url":"https:\/\/teknologiateollisuus.fi\/jasenille\/","name":"Teknologiateollisuus - J\u00e4senille","description":"","publisher":{"@id":"https:\/\/teknologiateollisuus.fi\/jasenille\/#organization"},"potentialAction":[{"@type":"SearchAction","target":{"@type":"EntryPoint","urlTemplate":"https:\/\/teknologiateollisuus.fi\/jasenille\/?s={search_term_string}"},"query-input":{"@type":"PropertyValueSpecification","valueRequired":true,"valueName":"search_term_string"}}],"inLanguage":"fi"},{"@type":"Organization","@id":"https:\/\/teknologiateollisuus.fi\/jasenille\/#organization","name":"Teknologiateollisuus - J\u00e4senille","url":"https:\/\/teknologiateollisuus.fi\/jasenille\/","logo":{"@type":"ImageObject","inLanguage":"fi","@id":"https:\/\/teknologiateollisuus.fi\/jasenille\/#\/schema\/logo\/image\/","url":"https:\/\/teknologiateollisuus.fi\/jasenille\/wp-content\/uploads\/sites\/1\/2023\/10\/placeholder.png","contentUrl":"https:\/\/teknologiateollisuus.fi\/jasenille\/wp-content\/uploads\/sites\/1\/2023\/10\/placeholder.png","width":2560,"height":1920,"caption":"Teknologiateollisuus - J\u00e4senille"},"image":{"@id":"https:\/\/teknologiateollisuus.fi\/jasenille\/#\/schema\/logo\/image\/"}},{"@type":"Person","@id":"https:\/\/teknologiateollisuus.fi\/jasenille\/#\/schema\/person\/dba0aca3a247256c4b55b524da06bf2c","name":"emmapesu","image":{"@type":"ImageObject","inLanguage":"fi","@id":"https:\/\/secure.gravatar.com\/avatar\/366db4b38e4ef220a2bb1118728175e2942f872946e9b3564de23b0958b85b7f?s=96&d=mm&r=g","url":"https:\/\/secure.gravatar.com\/avatar\/366db4b38e4ef220a2bb1118728175e2942f872946e9b3564de23b0958b85b7f?s=96&d=mm&r=g","contentUrl":"https:\/\/secure.gravatar.com\/avatar\/366db4b38e4ef220a2bb1118728175e2942f872946e9b3564de23b0958b85b7f?s=96&d=mm&r=g","caption":"emmapesu"}}]}},"lang":"fi","translations":{"fi":27907},"pll_sync_post":{},"_links":{"self":[{"href":"https:\/\/teknologiateollisuus.fi\/jasenille\/wp-json\/wp\/v2\/posts\/27907","targetHints":{"allow":["GET"]}}],"collection":[{"href":"https:\/\/teknologiateollisuus.fi\/jasenille\/wp-json\/wp\/v2\/posts"}],"about":[{"href":"https:\/\/teknologiateollisuus.fi\/jasenille\/wp-json\/wp\/v2\/types\/post"}],"author":[{"embeddable":true,"href":"https:\/\/teknologiateollisuus.fi\/jasenille\/wp-json\/wp\/v2\/users\/1655"}],"replies":[{"embeddable":true,"href":"https:\/\/teknologiateollisuus.fi\/jasenille\/wp-json\/wp\/v2\/comments?post=27907"}],"version-history":[{"count":3,"href":"https:\/\/teknologiateollisuus.fi\/jasenille\/wp-json\/wp\/v2\/posts\/27907\/revisions"}],"predecessor-version":[{"id":27917,"href":"https:\/\/teknologiateollisuus.fi\/jasenille\/wp-json\/wp\/v2\/posts\/27907\/revisions\/27917"}],"wp:featuredmedia":[{"embeddable":true,"href":"https:\/\/teknologiateollisuus.fi\/jasenille\/wp-json\/wp\/v2\/media\/6223"}],"wp:attachment":[{"href":"https:\/\/teknologiateollisuus.fi\/jasenille\/wp-json\/wp\/v2\/media?parent=27907"}],"wp:term":[{"taxonomy":"category","embeddable":true,"href":"https:\/\/teknologiateollisuus.fi\/jasenille\/wp-json\/wp\/v2\/categories?post=27907"},{"taxonomy":"post_tag","embeddable":true,"href":"https:\/\/teknologiateollisuus.fi\/jasenille\/wp-json\/wp\/v2\/post_tag?post=27907"},{"taxonomy":"em_region","embeddable":true,"href":"https:\/\/teknologiateollisuus.fi\/jasenille\/wp-json\/wp\/v2\/em_region?post=27907"},{"taxonomy":"em_target_group","embeddable":true,"href":"https:\/\/teknologiateollisuus.fi\/jasenille\/wp-json\/wp\/v2\/em_target_group?post=27907"}],"curies":[{"name":"wp","href":"https:\/\/api.w.org\/{rel}","templated":true}]}}