{"id":29412,"date":"2026-03-18T15:54:25","date_gmt":"2026-03-18T13:54:25","guid":{"rendered":"https:\/\/teknologiateollisuus.fi\/jasenille\/?p=29412"},"modified":"2026-04-23T14:29:27","modified_gmt":"2026-04-23T11:29:27","slug":"palkka-avoimuutta-koskevan-lainsaadantohankkeen-tilanne","status":"publish","type":"post","link":"https:\/\/teknologiateollisuus.fi\/jasenille\/palkka-avoimuutta-koskevan-lainsaadantohankkeen-tilanne\/","title":{"rendered":"Palkka-avoimuutta koskevan lains\u00e4\u00e4d\u00e4nt\u00f6hankkeen tilanne"},"content":{"rendered":"\n<h2 class=\"wp-block-heading\" id=\"h-23-4-palkka-avoimuuslainsaadannon-tarkka-sisalto-ei-ole-vielakaan-tiedossa\" id=\"23-4-palkka-avoimuuslainsaadannon-tarkka-sisalto-ei-ole-vielakaan-tiedossa\">23.4. Palkka-avoimuuslains\u00e4\u00e4d\u00e4nn\u00f6n tarkka sis\u00e4lt\u00f6 ei ole viel\u00e4k\u00e4\u00e4n tiedossa<\/h2>\n\n\n\n<p>Palkka-avoimuusdirektiivin kansallinen t\u00e4yt\u00e4nt\u00f6\u00f6npano viiv\u00e4styy j\u00e4lleen. Hallituksen esityksen antaminen on kest\u00e4nyt, ja t\u00e4m\u00e4nhetkisen tiedon mukaan se annetaan juhannusviikolla eli viikolla 25. Hallituksen esityksen my\u00f6t\u00e4 olemme viisaampia uuden lains\u00e4\u00e4d\u00e4nn\u00f6n sis\u00e4ll\u00f6st\u00e4.<\/p>\n\n\n\n<p>Viel\u00e4 ei ole tiedossa, milloin uusi s\u00e4\u00e4ntely tulee voimaan. Joka tapauksessa se ei ehdi tulla voimaan direktiivin asettamassa aikataulussa eli kes\u00e4kuussa. Eduskunta k\u00e4sittelee asiaa syksyll\u00e4, joten voimaantulo voi veny\u00e4 jopa vuoden 2027 alkupuolelle.<\/p>\n\n\n\n<p>Teknologiateollisuus tiedottaa j\u00e4seni\u00e4\u00e4n sit\u00e4 mukaa, kun asiasta on saatavilla varmempaa tietoa.<\/p>\n\n\n\n<h2 class=\"wp-block-heading\" id=\"h-lisatietoja\" id=\"lisatietoja\">Lis\u00e4tietoja<\/h2>\n\n\n\n<article class=\"em-block-contact-card is-style-list\">\n\n\t<div class=\"em-block-contact-card__image\">\n\t\t\t\t\t<img loading=\"lazy\" decoding=\"async\" width=\"300\" height=\"400\" src=\"https:\/\/teknologiateollisuus.fi\/jasenille\/wp-content\/uploads\/2024\/05\/Emma_Staven_netti_02.png\" class=\"attachment-portrait size-portrait\" alt=\"\" \/>\t\t\t<\/div>\n\t<div class=\"em-block-contact-card__content-wrapper\">\n\t\t<div class=\"em-block-contact-card__content\">\n\t\t\t\t\t\t\t<div class=\"em-block-contact-card__business-units\">\n\t\t\t\t\t\t\t\t\t\t\t<span class=\"em-block-contact-card__business-unit\">Ty\u00f6markkinat ja ty\u00f6el\u00e4m\u00e4n s\u00e4\u00e4ntely<\/span>\n\t\t\t\t\t\t\t\t\t<\/div>\n\t\t\t\t\t\t<h3 class=\"em-block-contact-card__title\"><a target=\"_self\" href=\"https:\/\/teknologiateollisuus.fi\/?p=9684\">Stav\u00e9n Emma<\/a><\/h3>\n\t\t\t\t\t\t\t<span class=\"em-block-contact-card__job_title\">Ty\u00f6markkina-asiantuntija &#8211; Paikallinen sopiminen, yrityskohtaiset ty\u00f6ehdot ja lains\u00e4\u00e4d\u00e4nt\u00f6vaikuttaminen<\/span>\n\t\t\t\t\t\t\t\t\t\t<span class=\"em-block-contact-card__organisation\">Teknologiateollisuus ry<\/span>\n\t\t\t\t\t<\/div>\n\t\t<div class=\"em-block-contact-card__content\">\n\t\t\t\t\t\t<address class=\"em-block-contact-card__contact-details\">\n\t\t\t\t\t\t\t\t\t<span class=\"em-block-contact-card__phone\">\n\t\t\t\t\t\t<a href=\"tel:+358 50 549 1144\">+358 50 549 1144<\/a><\/a>\n\t\t\t\t\t<\/span>\n\t\t\t\t\t\t\t\t\t\t\t\t\t<span class=\"em-block-contact-card__email\">\n\t\t\t\t\t\t<a href=\"mailto:emma.staven@teknologiateollisuus.fi\">emma.staven@teknologiateollisuus.fi<\/a><\/a>\n\t\t\t\t\t<\/span>\n\t\t\t\t\t\t\t<\/address>\n\t\t\t\t\t<\/div>\n\t<\/div>\n\n<\/article>\n","protected":false},"excerpt":{"rendered":"<p>Palkka-avoimuutta edist\u00e4v\u00e4 lains\u00e4\u00e4d\u00e4nt\u00f6uudistus viiv\u00e4styy edelleen. Koostamme t\u00e4h\u00e4n uutiseen palkka-avoimuuslains\u00e4\u00e4d\u00e4nn\u00f6n ajantasaisen tilanteen. Teknologiateollisuus seuraa lakiuudistusta tiiviisti ja tiedottaa asiasta lis\u00e4\u00e4, kun uuden lains\u00e4\u00e4d\u00e4nn\u00f6n sis\u00e4lt\u00f6 ja aikataulu ovat selvill\u00e4.<\/p>\n","protected":false},"author":45,"featured_media":2030,"comment_status":"false","ping_status":"false","sticky":false,"template":"","format":"standard","meta":{"_acf_changed":false,"_relevanssi_hide_post":"","_relevanssi_hide_content":"","_relevanssi_pin_for_all":"","_relevanssi_pin_keywords":"","_relevanssi_unpin_keywords":"","_relevanssi_related_keywords":"","_relevanssi_related_include_ids":"","_relevanssi_related_exclude_ids":"","_relevanssi_related_no_append":"","_relevanssi_related_not_related":"","_relevanssi_related_posts":"6520,5767,6099,7173,8123,5727","_relevanssi_noindex_reason":"","inline_featured_image":false,"growthstack-ab-test":[],"growthstack-ab-test-views":[],"footnotes":""},"categories":[1],"post_tag":[23],"em_region":[],"em_target_group":[],"class_list":["post-29412","post","type-post","status-publish","format-standard","has-post-thumbnail","hentry","category-uutiset","tag-tyomarkkinat"],"acf":{"locked":false},"yoast_head":"<!-- This site is optimized with the Yoast SEO Premium plugin v27.1 (Yoast SEO v27.5) - https:\/\/yoast.com\/product\/yoast-seo-premium-wordpress\/ -->\n<title>Palkka-avoimuutta koskevan lains\u00e4\u00e4d\u00e4nt\u00f6hankkeen tilanne - Teknologiateollisuus - J\u00e4senille<\/title>\n<meta name=\"description\" content=\"Palkka-avoimuutta edist\u00e4v\u00e4 lains\u00e4\u00e4d\u00e4nt\u00f6uudistus viiv\u00e4styy edelleen. Koostamme t\u00e4h\u00e4n p\u00e4ivittyv\u00e4\u00e4n artikkeliin ajantasaisen tilanteen.\" \/>\n<meta name=\"robots\" content=\"index, follow, max-snippet:-1, max-image-preview:large, max-video-preview:-1\" \/>\n<link rel=\"canonical\" href=\"https:\/\/teknologiateollisuus.fi\/jasenille\/palkka-avoimuutta-koskevan-lainsaadantohankkeen-tilanne\/\" \/>\n<meta property=\"og:locale\" content=\"fi_FI\" \/>\n<meta property=\"og:type\" content=\"article\" \/>\n<meta property=\"og:title\" content=\"Palkka-avoimuutta koskevan lains\u00e4\u00e4d\u00e4nt\u00f6hankkeen tilanne\" \/>\n<meta property=\"og:description\" content=\"Palkka-avoimuutta edist\u00e4v\u00e4 lains\u00e4\u00e4d\u00e4nt\u00f6uudistus viiv\u00e4styy edelleen. Koostamme t\u00e4h\u00e4n p\u00e4ivittyv\u00e4\u00e4n artikkeliin ajantasaisen tilanteen.\" \/>\n<meta property=\"og:url\" content=\"https:\/\/teknologiateollisuus.fi\/jasenille\/palkka-avoimuutta-koskevan-lainsaadantohankkeen-tilanne\/\" \/>\n<meta property=\"og:site_name\" content=\"Teknologiateollisuus - J\u00e4senille\" \/>\n<meta property=\"article:published_time\" content=\"2026-03-18T13:54:25+00:00\" \/>\n<meta property=\"article:modified_time\" content=\"2026-04-23T11:29:27+00:00\" \/>\n<meta property=\"og:image\" content=\"https:\/\/teknologiateollisuus.fi\/jasenille\/wp-content\/uploads\/sites\/1\/2023\/12\/Kuvituskuva-koulutus.jpg\" \/>\n\t<meta property=\"og:image:width\" content=\"1920\" \/>\n\t<meta property=\"og:image:height\" content=\"1280\" \/>\n\t<meta property=\"og:image:type\" content=\"image\/jpeg\" \/>\n<meta name=\"author\" content=\"jennalaine\" \/>\n<meta name=\"twitter:card\" content=\"summary_large_image\" \/>\n<meta name=\"twitter:label1\" content=\"Kirjoittanut\" \/>\n\t<meta name=\"twitter:data1\" content=\"jennalaine\" \/>\n\t<meta name=\"twitter:label2\" content=\"Arvioitu lukuaika\" \/>\n\t<meta name=\"twitter:data2\" content=\"1 minuutti\" \/>\n<script type=\"application\/ld+json\" class=\"yoast-schema-graph\">{\"@context\":\"https:\\\/\\\/schema.org\",\"@graph\":[{\"@type\":\"Article\",\"@id\":\"https:\\\/\\\/teknologiateollisuus.fi\\\/jasenille\\\/palkka-avoimuutta-koskevan-lainsaadantohankkeen-tilanne\\\/#article\",\"isPartOf\":{\"@id\":\"https:\\\/\\\/teknologiateollisuus.fi\\\/jasenille\\\/palkka-avoimuutta-koskevan-lainsaadantohankkeen-tilanne\\\/\"},\"author\":{\"name\":\"jennalaine\",\"@id\":\"https:\\\/\\\/teknologiateollisuus.fi\\\/jasenille\\\/#\\\/schema\\\/person\\\/f49110d7a5cf1d189314764de0e67d05\"},\"headline\":\"Palkka-avoimuutta koskevan lains\u00e4\u00e4d\u00e4nt\u00f6hankkeen tilanne\",\"datePublished\":\"2026-03-18T13:54:25+00:00\",\"dateModified\":\"2026-04-23T11:29:27+00:00\",\"mainEntityOfPage\":{\"@id\":\"https:\\\/\\\/teknologiateollisuus.fi\\\/jasenille\\\/palkka-avoimuutta-koskevan-lainsaadantohankkeen-tilanne\\\/\"},\"wordCount\":111,\"publisher\":{\"@id\":\"https:\\\/\\\/teknologiateollisuus.fi\\\/jasenille\\\/#organization\"},\"image\":{\"@id\":\"https:\\\/\\\/teknologiateollisuus.fi\\\/jasenille\\\/palkka-avoimuutta-koskevan-lainsaadantohankkeen-tilanne\\\/#primaryimage\"},\"thumbnailUrl\":\"https:\\\/\\\/teknologiateollisuus.fi\\\/jasenille\\\/wp-content\\\/uploads\\\/sites\\\/1\\\/2023\\\/12\\\/Kuvituskuva-koulutus.jpg\",\"keywords\":[\"Ty\u00f6markkinat\"],\"articleSection\":[\"Uutiset\"],\"inLanguage\":\"fi\"},{\"@type\":\"WebPage\",\"@id\":\"https:\\\/\\\/teknologiateollisuus.fi\\\/jasenille\\\/palkka-avoimuutta-koskevan-lainsaadantohankkeen-tilanne\\\/\",\"url\":\"https:\\\/\\\/teknologiateollisuus.fi\\\/jasenille\\\/palkka-avoimuutta-koskevan-lainsaadantohankkeen-tilanne\\\/\",\"name\":\"Palkka-avoimuutta koskevan lains\u00e4\u00e4d\u00e4nt\u00f6hankkeen tilanne - Teknologiateollisuus - J\u00e4senille\",\"isPartOf\":{\"@id\":\"https:\\\/\\\/teknologiateollisuus.fi\\\/jasenille\\\/#website\"},\"primaryImageOfPage\":{\"@id\":\"https:\\\/\\\/teknologiateollisuus.fi\\\/jasenille\\\/palkka-avoimuutta-koskevan-lainsaadantohankkeen-tilanne\\\/#primaryimage\"},\"image\":{\"@id\":\"https:\\\/\\\/teknologiateollisuus.fi\\\/jasenille\\\/palkka-avoimuutta-koskevan-lainsaadantohankkeen-tilanne\\\/#primaryimage\"},\"thumbnailUrl\":\"https:\\\/\\\/teknologiateollisuus.fi\\\/jasenille\\\/wp-content\\\/uploads\\\/sites\\\/1\\\/2023\\\/12\\\/Kuvituskuva-koulutus.jpg\",\"datePublished\":\"2026-03-18T13:54:25+00:00\",\"dateModified\":\"2026-04-23T11:29:27+00:00\",\"description\":\"Palkka-avoimuutta edist\u00e4v\u00e4 lains\u00e4\u00e4d\u00e4nt\u00f6uudistus viiv\u00e4styy edelleen. Koostamme t\u00e4h\u00e4n p\u00e4ivittyv\u00e4\u00e4n artikkeliin ajantasaisen tilanteen.\",\"breadcrumb\":{\"@id\":\"https:\\\/\\\/teknologiateollisuus.fi\\\/jasenille\\\/palkka-avoimuutta-koskevan-lainsaadantohankkeen-tilanne\\\/#breadcrumb\"},\"inLanguage\":\"fi\",\"potentialAction\":[{\"@type\":\"ReadAction\",\"target\":[\"https:\\\/\\\/teknologiateollisuus.fi\\\/jasenille\\\/palkka-avoimuutta-koskevan-lainsaadantohankkeen-tilanne\\\/\"]}]},{\"@type\":\"ImageObject\",\"inLanguage\":\"fi\",\"@id\":\"https:\\\/\\\/teknologiateollisuus.fi\\\/jasenille\\\/palkka-avoimuutta-koskevan-lainsaadantohankkeen-tilanne\\\/#primaryimage\",\"url\":\"https:\\\/\\\/teknologiateollisuus.fi\\\/jasenille\\\/wp-content\\\/uploads\\\/sites\\\/1\\\/2023\\\/12\\\/Kuvituskuva-koulutus.jpg\",\"contentUrl\":\"https:\\\/\\\/teknologiateollisuus.fi\\\/jasenille\\\/wp-content\\\/uploads\\\/sites\\\/1\\\/2023\\\/12\\\/Kuvituskuva-koulutus.jpg\",\"width\":1920,\"height\":1280,\"caption\":\"Ihmisi\u00e4 kokoushuoneen lasin l\u00e4pi kuvattuna, kuvituskuva.\"},{\"@type\":\"BreadcrumbList\",\"@id\":\"https:\\\/\\\/teknologiateollisuus.fi\\\/jasenille\\\/palkka-avoimuutta-koskevan-lainsaadantohankkeen-tilanne\\\/#breadcrumb\",\"itemListElement\":[{\"@type\":\"ListItem\",\"position\":1,\"name\":\"Home\",\"item\":\"https:\\\/\\\/teknologiateollisuus.fi\\\/jasenille\\\/\"},{\"@type\":\"ListItem\",\"position\":2,\"name\":\"Ajankohtaista\",\"item\":\"https:\\\/\\\/teknologiateollisuus.fi\\\/jasenille\\\/ajankohtaista\\\/\"},{\"@type\":\"ListItem\",\"position\":3,\"name\":\"Uutiset\",\"item\":\"https:\\\/\\\/teknologiateollisuus.fi\\\/jasenille\\\/ajankohtaista\\\/uutiset\\\/?categories=1\"},{\"@type\":\"ListItem\",\"position\":4,\"name\":\"Palkka-avoimuutta koskevan lains\u00e4\u00e4d\u00e4nt\u00f6hankkeen tilanne\"}]},{\"@type\":\"WebSite\",\"@id\":\"https:\\\/\\\/teknologiateollisuus.fi\\\/jasenille\\\/#website\",\"url\":\"https:\\\/\\\/teknologiateollisuus.fi\\\/jasenille\\\/\",\"name\":\"Teknologiateollisuus - J\u00e4senille\",\"description\":\"\",\"publisher\":{\"@id\":\"https:\\\/\\\/teknologiateollisuus.fi\\\/jasenille\\\/#organization\"},\"potentialAction\":[{\"@type\":\"SearchAction\",\"target\":{\"@type\":\"EntryPoint\",\"urlTemplate\":\"https:\\\/\\\/teknologiateollisuus.fi\\\/jasenille\\\/?s={search_term_string}\"},\"query-input\":{\"@type\":\"PropertyValueSpecification\",\"valueRequired\":true,\"valueName\":\"search_term_string\"}}],\"inLanguage\":\"fi\"},{\"@type\":\"Organization\",\"@id\":\"https:\\\/\\\/teknologiateollisuus.fi\\\/jasenille\\\/#organization\",\"name\":\"Teknologiateollisuus - J\u00e4senille\",\"url\":\"https:\\\/\\\/teknologiateollisuus.fi\\\/jasenille\\\/\",\"logo\":{\"@type\":\"ImageObject\",\"inLanguage\":\"fi\",\"@id\":\"https:\\\/\\\/teknologiateollisuus.fi\\\/jasenille\\\/#\\\/schema\\\/logo\\\/image\\\/\",\"url\":\"https:\\\/\\\/teknologiateollisuus.fi\\\/jasenille\\\/wp-content\\\/uploads\\\/sites\\\/1\\\/2023\\\/10\\\/placeholder.png\",\"contentUrl\":\"https:\\\/\\\/teknologiateollisuus.fi\\\/jasenille\\\/wp-content\\\/uploads\\\/sites\\\/1\\\/2023\\\/10\\\/placeholder.png\",\"width\":2560,\"height\":1920,\"caption\":\"Teknologiateollisuus - J\u00e4senille\"},\"image\":{\"@id\":\"https:\\\/\\\/teknologiateollisuus.fi\\\/jasenille\\\/#\\\/schema\\\/logo\\\/image\\\/\"}},{\"@type\":\"Person\",\"@id\":\"https:\\\/\\\/teknologiateollisuus.fi\\\/jasenille\\\/#\\\/schema\\\/person\\\/f49110d7a5cf1d189314764de0e67d05\",\"name\":\"jennalaine\",\"image\":{\"@type\":\"ImageObject\",\"inLanguage\":\"fi\",\"@id\":\"https:\\\/\\\/secure.gravatar.com\\\/avatar\\\/af5fc6b400df29046a65a86da967c68eac6c1b9d730d7f781b9db44001fa045e?s=96&d=mm&r=g\",\"url\":\"https:\\\/\\\/secure.gravatar.com\\\/avatar\\\/af5fc6b400df29046a65a86da967c68eac6c1b9d730d7f781b9db44001fa045e?s=96&d=mm&r=g\",\"contentUrl\":\"https:\\\/\\\/secure.gravatar.com\\\/avatar\\\/af5fc6b400df29046a65a86da967c68eac6c1b9d730d7f781b9db44001fa045e?s=96&d=mm&r=g\",\"caption\":\"jennalaine\"}}]}<\/script>\n<!-- \/ Yoast SEO Premium plugin. -->","yoast_head_json":{"title":"Palkka-avoimuutta koskevan lains\u00e4\u00e4d\u00e4nt\u00f6hankkeen tilanne - Teknologiateollisuus - J\u00e4senille","description":"Palkka-avoimuutta edist\u00e4v\u00e4 lains\u00e4\u00e4d\u00e4nt\u00f6uudistus viiv\u00e4styy edelleen. Koostamme t\u00e4h\u00e4n p\u00e4ivittyv\u00e4\u00e4n artikkeliin ajantasaisen tilanteen.","robots":{"index":"index","follow":"follow","max-snippet":"max-snippet:-1","max-image-preview":"max-image-preview:large","max-video-preview":"max-video-preview:-1"},"canonical":"https:\/\/teknologiateollisuus.fi\/jasenille\/palkka-avoimuutta-koskevan-lainsaadantohankkeen-tilanne\/","og_locale":"fi_FI","og_type":"article","og_title":"Palkka-avoimuutta koskevan lains\u00e4\u00e4d\u00e4nt\u00f6hankkeen tilanne","og_description":"Palkka-avoimuutta edist\u00e4v\u00e4 lains\u00e4\u00e4d\u00e4nt\u00f6uudistus viiv\u00e4styy edelleen. Koostamme t\u00e4h\u00e4n p\u00e4ivittyv\u00e4\u00e4n artikkeliin ajantasaisen tilanteen.","og_url":"https:\/\/teknologiateollisuus.fi\/jasenille\/palkka-avoimuutta-koskevan-lainsaadantohankkeen-tilanne\/","og_site_name":"Teknologiateollisuus - J\u00e4senille","article_published_time":"2026-03-18T13:54:25+00:00","article_modified_time":"2026-04-23T11:29:27+00:00","og_image":[{"width":1920,"height":1280,"url":"https:\/\/teknologiateollisuus.fi\/jasenille\/wp-content\/uploads\/sites\/1\/2023\/12\/Kuvituskuva-koulutus.jpg","type":"image\/jpeg"}],"author":"jennalaine","twitter_card":"summary_large_image","twitter_misc":{"Kirjoittanut":"jennalaine","Arvioitu lukuaika":"1 minuutti"},"schema":{"@context":"https:\/\/schema.org","@graph":[{"@type":"Article","@id":"https:\/\/teknologiateollisuus.fi\/jasenille\/palkka-avoimuutta-koskevan-lainsaadantohankkeen-tilanne\/#article","isPartOf":{"@id":"https:\/\/teknologiateollisuus.fi\/jasenille\/palkka-avoimuutta-koskevan-lainsaadantohankkeen-tilanne\/"},"author":{"name":"jennalaine","@id":"https:\/\/teknologiateollisuus.fi\/jasenille\/#\/schema\/person\/f49110d7a5cf1d189314764de0e67d05"},"headline":"Palkka-avoimuutta koskevan lains\u00e4\u00e4d\u00e4nt\u00f6hankkeen tilanne","datePublished":"2026-03-18T13:54:25+00:00","dateModified":"2026-04-23T11:29:27+00:00","mainEntityOfPage":{"@id":"https:\/\/teknologiateollisuus.fi\/jasenille\/palkka-avoimuutta-koskevan-lainsaadantohankkeen-tilanne\/"},"wordCount":111,"publisher":{"@id":"https:\/\/teknologiateollisuus.fi\/jasenille\/#organization"},"image":{"@id":"https:\/\/teknologiateollisuus.fi\/jasenille\/palkka-avoimuutta-koskevan-lainsaadantohankkeen-tilanne\/#primaryimage"},"thumbnailUrl":"https:\/\/teknologiateollisuus.fi\/jasenille\/wp-content\/uploads\/sites\/1\/2023\/12\/Kuvituskuva-koulutus.jpg","keywords":["Ty\u00f6markkinat"],"articleSection":["Uutiset"],"inLanguage":"fi"},{"@type":"WebPage","@id":"https:\/\/teknologiateollisuus.fi\/jasenille\/palkka-avoimuutta-koskevan-lainsaadantohankkeen-tilanne\/","url":"https:\/\/teknologiateollisuus.fi\/jasenille\/palkka-avoimuutta-koskevan-lainsaadantohankkeen-tilanne\/","name":"Palkka-avoimuutta koskevan lains\u00e4\u00e4d\u00e4nt\u00f6hankkeen tilanne - Teknologiateollisuus - J\u00e4senille","isPartOf":{"@id":"https:\/\/teknologiateollisuus.fi\/jasenille\/#website"},"primaryImageOfPage":{"@id":"https:\/\/teknologiateollisuus.fi\/jasenille\/palkka-avoimuutta-koskevan-lainsaadantohankkeen-tilanne\/#primaryimage"},"image":{"@id":"https:\/\/teknologiateollisuus.fi\/jasenille\/palkka-avoimuutta-koskevan-lainsaadantohankkeen-tilanne\/#primaryimage"},"thumbnailUrl":"https:\/\/teknologiateollisuus.fi\/jasenille\/wp-content\/uploads\/sites\/1\/2023\/12\/Kuvituskuva-koulutus.jpg","datePublished":"2026-03-18T13:54:25+00:00","dateModified":"2026-04-23T11:29:27+00:00","description":"Palkka-avoimuutta edist\u00e4v\u00e4 lains\u00e4\u00e4d\u00e4nt\u00f6uudistus viiv\u00e4styy edelleen. Koostamme t\u00e4h\u00e4n p\u00e4ivittyv\u00e4\u00e4n artikkeliin ajantasaisen tilanteen.","breadcrumb":{"@id":"https:\/\/teknologiateollisuus.fi\/jasenille\/palkka-avoimuutta-koskevan-lainsaadantohankkeen-tilanne\/#breadcrumb"},"inLanguage":"fi","potentialAction":[{"@type":"ReadAction","target":["https:\/\/teknologiateollisuus.fi\/jasenille\/palkka-avoimuutta-koskevan-lainsaadantohankkeen-tilanne\/"]}]},{"@type":"ImageObject","inLanguage":"fi","@id":"https:\/\/teknologiateollisuus.fi\/jasenille\/palkka-avoimuutta-koskevan-lainsaadantohankkeen-tilanne\/#primaryimage","url":"https:\/\/teknologiateollisuus.fi\/jasenille\/wp-content\/uploads\/sites\/1\/2023\/12\/Kuvituskuva-koulutus.jpg","contentUrl":"https:\/\/teknologiateollisuus.fi\/jasenille\/wp-content\/uploads\/sites\/1\/2023\/12\/Kuvituskuva-koulutus.jpg","width":1920,"height":1280,"caption":"Ihmisi\u00e4 kokoushuoneen lasin l\u00e4pi kuvattuna, kuvituskuva."},{"@type":"BreadcrumbList","@id":"https:\/\/teknologiateollisuus.fi\/jasenille\/palkka-avoimuutta-koskevan-lainsaadantohankkeen-tilanne\/#breadcrumb","itemListElement":[{"@type":"ListItem","position":1,"name":"Home","item":"https:\/\/teknologiateollisuus.fi\/jasenille\/"},{"@type":"ListItem","position":2,"name":"Ajankohtaista","item":"https:\/\/teknologiateollisuus.fi\/jasenille\/ajankohtaista\/"},{"@type":"ListItem","position":3,"name":"Uutiset","item":"https:\/\/teknologiateollisuus.fi\/jasenille\/ajankohtaista\/uutiset\/?categories=1"},{"@type":"ListItem","position":4,"name":"Palkka-avoimuutta koskevan lains\u00e4\u00e4d\u00e4nt\u00f6hankkeen tilanne"}]},{"@type":"WebSite","@id":"https:\/\/teknologiateollisuus.fi\/jasenille\/#website","url":"https:\/\/teknologiateollisuus.fi\/jasenille\/","name":"Teknologiateollisuus - J\u00e4senille","description":"","publisher":{"@id":"https:\/\/teknologiateollisuus.fi\/jasenille\/#organization"},"potentialAction":[{"@type":"SearchAction","target":{"@type":"EntryPoint","urlTemplate":"https:\/\/teknologiateollisuus.fi\/jasenille\/?s={search_term_string}"},"query-input":{"@type":"PropertyValueSpecification","valueRequired":true,"valueName":"search_term_string"}}],"inLanguage":"fi"},{"@type":"Organization","@id":"https:\/\/teknologiateollisuus.fi\/jasenille\/#organization","name":"Teknologiateollisuus - J\u00e4senille","url":"https:\/\/teknologiateollisuus.fi\/jasenille\/","logo":{"@type":"ImageObject","inLanguage":"fi","@id":"https:\/\/teknologiateollisuus.fi\/jasenille\/#\/schema\/logo\/image\/","url":"https:\/\/teknologiateollisuus.fi\/jasenille\/wp-content\/uploads\/sites\/1\/2023\/10\/placeholder.png","contentUrl":"https:\/\/teknologiateollisuus.fi\/jasenille\/wp-content\/uploads\/sites\/1\/2023\/10\/placeholder.png","width":2560,"height":1920,"caption":"Teknologiateollisuus - J\u00e4senille"},"image":{"@id":"https:\/\/teknologiateollisuus.fi\/jasenille\/#\/schema\/logo\/image\/"}},{"@type":"Person","@id":"https:\/\/teknologiateollisuus.fi\/jasenille\/#\/schema\/person\/f49110d7a5cf1d189314764de0e67d05","name":"jennalaine","image":{"@type":"ImageObject","inLanguage":"fi","@id":"https:\/\/secure.gravatar.com\/avatar\/af5fc6b400df29046a65a86da967c68eac6c1b9d730d7f781b9db44001fa045e?s=96&d=mm&r=g","url":"https:\/\/secure.gravatar.com\/avatar\/af5fc6b400df29046a65a86da967c68eac6c1b9d730d7f781b9db44001fa045e?s=96&d=mm&r=g","contentUrl":"https:\/\/secure.gravatar.com\/avatar\/af5fc6b400df29046a65a86da967c68eac6c1b9d730d7f781b9db44001fa045e?s=96&d=mm&r=g","caption":"jennalaine"}}]}},"lang":"fi","translations":{"fi":29412},"pll_sync_post":{},"_links":{"self":[{"href":"https:\/\/teknologiateollisuus.fi\/jasenille\/wp-json\/wp\/v2\/posts\/29412","targetHints":{"allow":["GET"]}}],"collection":[{"href":"https:\/\/teknologiateollisuus.fi\/jasenille\/wp-json\/wp\/v2\/posts"}],"about":[{"href":"https:\/\/teknologiateollisuus.fi\/jasenille\/wp-json\/wp\/v2\/types\/post"}],"author":[{"embeddable":true,"href":"https:\/\/teknologiateollisuus.fi\/jasenille\/wp-json\/wp\/v2\/users\/45"}],"replies":[{"embeddable":true,"href":"https:\/\/teknologiateollisuus.fi\/jasenille\/wp-json\/wp\/v2\/comments?post=29412"}],"version-history":[{"count":5,"href":"https:\/\/teknologiateollisuus.fi\/jasenille\/wp-json\/wp\/v2\/posts\/29412\/revisions"}],"predecessor-version":[{"id":29825,"href":"https:\/\/teknologiateollisuus.fi\/jasenille\/wp-json\/wp\/v2\/posts\/29412\/revisions\/29825"}],"wp:featuredmedia":[{"embeddable":true,"href":"https:\/\/teknologiateollisuus.fi\/jasenille\/wp-json\/wp\/v2\/media\/2030"}],"wp:attachment":[{"href":"https:\/\/teknologiateollisuus.fi\/jasenille\/wp-json\/wp\/v2\/media?parent=29412"}],"wp:term":[{"taxonomy":"category","embeddable":true,"href":"https:\/\/teknologiateollisuus.fi\/jasenille\/wp-json\/wp\/v2\/categories?post=29412"},{"taxonomy":"post_tag","embeddable":true,"href":"https:\/\/teknologiateollisuus.fi\/jasenille\/wp-json\/wp\/v2\/post_tag?post=29412"},{"taxonomy":"em_region","embeddable":true,"href":"https:\/\/teknologiateollisuus.fi\/jasenille\/wp-json\/wp\/v2\/em_region?post=29412"},{"taxonomy":"em_target_group","embeddable":true,"href":"https:\/\/teknologiateollisuus.fi\/jasenille\/wp-json\/wp\/v2\/em_target_group?post=29412"}],"curies":[{"name":"wp","href":"https:\/\/api.w.org\/{rel}","templated":true}]}}