{"id":4164,"date":"2024-01-23T23:17:16","date_gmt":"2024-01-23T21:17:16","guid":{"rendered":"https:\/\/teknologiateollisuus.fi\/jasenille\/?p=4164"},"modified":"2025-01-03T13:13:29","modified_gmt":"2025-01-03T11:13:29","slug":"tervetuloa-teknologiateollisuuden-jasensivustolle","status":"publish","type":"post","link":"https:\/\/teknologiateollisuus.fi\/jasenille\/tervetuloa-teknologiateollisuuden-jasensivustolle\/","title":{"rendered":"Tervetuloa Teknologiateollisuuden j\u00e4sensivustolle!"},"content":{"rendered":"\n<p class=\" mb-xs\">Voit k\u00e4ytt\u00e4\u00e4 sivustoa ilman kirjautumista tai kirjautuneena j\u00e4senyrityksen edustajana. P\u00e4\u00e4set helposti tarkastelemaan ja muokkaamaan yrityksesi tietoja sek\u00e4 omia tietojasi ja viestint\u00e4asetuksiasi. Kaikki j\u00e4senyyden hallintaan liittyv\u00e4 tieto on koottu <a href=\"https:\/\/teknologiateollisuus.fi\/jasenille\/jasenyys\/\">J\u00e4senyys<\/a>-osioon. Kirjautuneena k\u00e4ytt\u00e4j\u00e4n\u00e4 voit vastaanottaa meilt\u00e4 viestej\u00e4 sek\u00e4 seurata omiin kiinnostuksen kohteisiisi liittyvi\u00e4 julkaisuja. Osa sis\u00e4ll\u00f6ist\u00e4 on suunnattu ainoastaan kirjautuneille j\u00e4senyritysten edustajille.<\/p>\n\n\n\n<h3 class=\"wp-block-heading  mt-xs\" id=\"ajankohtaissisallot\">Ajankohtaissis\u00e4ll\u00f6t<\/h3>\n\n\n\n<p>Teknologiateollisuus ry ker\u00e4\u00e4 ja jakaa kotimaista ja kansainv\u00e4list\u00e4 tietoa alan tilanteesta ja n\u00e4kymist\u00e4. J\u00e4sensivustolta l\u00f6yd\u00e4t s\u00e4\u00e4nn\u00f6lliset <a href=\"https:\/\/teknologiateollisuus.fi\/jasenille\/tilannekuva\/\">tilannekatsaukset<\/a> talouteen, ty\u00f6markkinoihin ja vaikuttamiseen liittyen. Lis\u00e4ksi julkaisemme esimerkiksi uutisia, blogeja ja tilastoja.<\/p>\n\n\n\n<h3 class=\"wp-block-heading  mt-xs\" id=\"tyoelama-ja-tyomarkkinat\">Ty\u00f6el\u00e4m\u00e4 ja ty\u00f6markkinat<\/h3>\n\n\n\n<p>Neuvomme ja opastamme j\u00e4senyrityksi\u00e4mme ty\u00f6suhdeasioissa.&nbsp;Lis\u00e4ksi palveluihimme&nbsp;kuuluvat ty\u00f6suhdeasioiden kouluttaminen ja konsultointi. <a href=\"https:\/\/teknologiateollisuus.fi\/jasenille\/tyoelama\/\">Ty\u00f6el\u00e4m\u00e4<\/a>-osiosta l\u00f6yd\u00e4t lis\u00e4tietoa kaikista ty\u00f6suhdeasioihin liittyvist\u00e4 palveluistamme. Tarjoamme lis\u00e4ksi esimerkiksi ty\u00f6el\u00e4m\u00e4n kehitt\u00e4miseen, monimuotoisuuteen, osaajien saatavuuteen ja yritysturvallisuuteen liittyvi\u00e4 oppaita ja materiaaleja.<\/p>\n\n\n\n<h3 class=\"wp-block-heading  mt-xs\" id=\"aluetoiminta\">Aluetoiminta<\/h3>\n\n\n\n<p class=\" mb-xs\">Aluetoiminta tarjoaa alueensa j\u00e4senyrityksille neuvontapalveluita sek\u00e4 j\u00e4rjest\u00e4\u00e4 ty\u00f6suhdeasioihin liittyvi\u00e4 yrityskohtaisia ja avoimia koulutuksia. Aluetoiminta tukee yritysten yhteisty\u00f6t\u00e4, kehitystoimintaa ja verkostoitumista sek\u00e4 on aktiivinen alueellinen vaikuttaja. Tutustu alueellisiin palveluihimme\u00a0ja katso oman aluep\u00e4\u00e4llikk\u00f6si yhteystiedot <a href=\"https:\/\/teknologiateollisuus.fi\/jasenille\/verkostot-ja-tyoryhmat\/aluetoiminta\/\">t\u00e4\u00e4lt\u00e4.<\/a><\/p>\n\n\n\n<h3 class=\"wp-block-heading  mb-xs mt-xs\" id=\"tapahtumat-ja-koulutukset\">Tapahtumat ja koulutukset<\/h3>\n\n\n\n<p>Teknologiateollisuus j\u00e4rjest\u00e4\u00e4 j\u00e4senist\u00f6\u00e4\u00e4n palvelevia koulutuksia ja tapahtumia. Kaikki tapahtumat ja koulutukset l\u00f6ytyv\u00e4t <a href=\"https:\/\/teknologiateollisuus.fi\/jasenille\/ajankohtaista\/tapahtumat-ja-koulutukset\/\">t\u00e4\u00e4lt\u00e4.<\/a> Voit suodattaa tapahtumia esimerkiksi teeman, sijainnin tai tapahtumatyypin perusteella. P\u00e4\u00e4set tarkastelemaan my\u00f6s menneiden tapahtumien tietoja ja materiaaleja tapahtuma-arkistossa.<\/p>\n\n\n\n<h3 class=\"wp-block-heading  mt-xs\" id=\"toimialat\">Toimialat<\/h3>\n\n\n\n<p>Teknologiateollisuus ry kokoaa yhteen teknologiateollisuuden eri toimialojen yrityksi\u00e4. Toimialaryhm\u00e4t ja -yhdistykset keskittyv\u00e4t toimialakohtaiseen vaikuttamiseen ja kehitt\u00e4v\u00e4t toimialansa osaamista. <a href=\"https:\/\/teknologiateollisuus.fi\/jasenille\/toimialat\/\">Toimialat<\/a>-osiostamme l\u00f6yd\u00e4t kaikki toimialaryhm\u00e4t ja -yhdistykset sek\u00e4 lis\u00e4tietoa niiden toiminnasta.<\/p>\n\n\n\n<h3 class=\"wp-block-heading  mt-xs\" id=\"vastuullisuus\">Vastuullisuus<\/h3>\n\n\n\n<p>Tarjoamme j\u00e4senillemme kasvuun ja vastuullisuuteen liittyvi\u00e4 koulutuksia, tapahtumia ja vertaisryhm\u00e4toimintaa. Lis\u00e4ksi tuotamme k\u00e4yt\u00e4nn\u00f6nl\u00e4heisi\u00e4 ty\u00f6kaluja ja oppaita kest\u00e4v\u00e4n kasvun tueksi.<\/p>\n\n\n\n<h3 class=\"wp-block-heading  mt-xs\" id=\"ota-yhteytta\">Ota yhteytt\u00e4<\/h3>\n\n\n\n<p>L\u00f6yd\u00e4t eri toimintoihin liittyv\u00e4t vastuuhenkil\u00f6t helposti teemaan liittyvien sis\u00e4lt\u00f6jen ja julkaisuiden yhteydest\u00e4.<br>Kaikki yhteystiedot l\u00f6yd\u00e4t <a href=\"https:\/\/teknologiateollisuus.fi\/jasenille\/ota-yhteytta\/yhteystietohakemisto\/\">t\u00e4\u00e4lt\u00e4.<\/a> <\/p>\n","protected":false},"excerpt":{"rendered":"<p>Teknologiateollisuuden j\u00e4sensivusto kokoaa yhteen kaikki j\u00e4senyrityksille suunnatut sis\u00e4ll\u00f6t ja palvelut. <\/p>\n<p>Tarjoamme j\u00e4senillemme suoran yrityskohtaisen avun ja neuvonnan lis\u00e4ksi kiinnostavia tapahtumia ja koulutuksia sek\u00e4 mahdollisuuden vaikuttaa. J\u00e4sensivustolta l\u00f6yd\u00e4t my\u00f6s verkostoitumiseen ja yhteisty\u00f6h\u00f6n liittyv\u00e4t mahdollisuudet.<\/p>\n","protected":false},"author":7,"featured_media":2019,"comment_status":"false","ping_status":"false","sticky":false,"template":"","format":"standard","meta":{"_acf_changed":false,"_relevanssi_hide_post":"","_relevanssi_hide_content":"","_relevanssi_pin_for_all":"","_relevanssi_pin_keywords":"","_relevanssi_unpin_keywords":"","_relevanssi_related_keywords":"","_relevanssi_related_include_ids":"","_relevanssi_related_exclude_ids":"","_relevanssi_related_no_append":"","_relevanssi_related_not_related":"","_relevanssi_related_posts":"166,168,1417,165,169,167","_relevanssi_noindex_reason":"","inline_featured_image":false,"growthstack-ab-test":[],"growthstack-ab-test-views":[],"footnotes":""},"categories":[1],"post_tag":[],"em_region":[],"em_target_group":[],"class_list":["post-4164","post","type-post","status-publish","format-standard","has-post-thumbnail","hentry","category-uutiset"],"acf":{"locked":false},"yoast_head":"<!-- This site is optimized with the Yoast SEO Premium plugin v27.1 (Yoast SEO v27.5) - https:\/\/yoast.com\/product\/yoast-seo-premium-wordpress\/ -->\n<title>Tervetuloa Teknologiateollisuuden j\u00e4sensivustolle! - Teknologiateollisuus - J\u00e4senille<\/title>\n<meta name=\"description\" content=\"Teknologiateollisuuden j\u00e4senpalvelualusta kokoaa yhteen kaikki j\u00e4senyrityksille suunnatut sis\u00e4ll\u00f6t ja palvelut. Lue lis\u00e4\u00e4!\" \/>\n<meta name=\"robots\" content=\"index, follow, max-snippet:-1, max-image-preview:large, max-video-preview:-1\" \/>\n<link rel=\"canonical\" href=\"https:\/\/teknologiateollisuus.fi\/jasenille\/tervetuloa-teknologiateollisuuden-jasensivustolle\/\" \/>\n<meta property=\"og:locale\" content=\"fi_FI\" \/>\n<meta property=\"og:type\" content=\"article\" \/>\n<meta property=\"og:title\" content=\"Tervetuloa Teknologiateollisuuden j\u00e4sensivustolle!\" \/>\n<meta property=\"og:description\" content=\"Teknologiateollisuuden j\u00e4senpalvelualusta kokoaa yhteen kaikki j\u00e4senyrityksille suunnatut sis\u00e4ll\u00f6t ja palvelut. Lue lis\u00e4\u00e4!\" \/>\n<meta property=\"og:url\" content=\"https:\/\/teknologiateollisuus.fi\/jasenille\/tervetuloa-teknologiateollisuuden-jasensivustolle\/\" \/>\n<meta property=\"og:site_name\" content=\"Teknologiateollisuus - J\u00e4senille\" \/>\n<meta property=\"article:published_time\" content=\"2024-01-23T21:17:16+00:00\" \/>\n<meta property=\"article:modified_time\" content=\"2025-01-03T11:13:29+00:00\" \/>\n<meta property=\"og:image\" content=\"https:\/\/teknologiateollisuus.fi\/jasenille\/wp-content\/uploads\/sites\/1\/2023\/12\/Makela-Alu-tyontekija-2.jpg\" \/>\n\t<meta property=\"og:image:width\" content=\"1920\" \/>\n\t<meta property=\"og:image:height\" content=\"1280\" \/>\n\t<meta property=\"og:image:type\" content=\"image\/jpeg\" \/>\n<meta name=\"author\" content=\"Noora Paarto\" \/>\n<meta name=\"twitter:card\" content=\"summary_large_image\" \/>\n<meta name=\"twitter:label1\" content=\"Kirjoittanut\" \/>\n\t<meta name=\"twitter:data1\" content=\"Noora Paarto\" \/>\n\t<meta name=\"twitter:label2\" content=\"Arvioitu lukuaika\" \/>\n\t<meta name=\"twitter:data2\" content=\"2 minuuttia\" \/>\n<script type=\"application\/ld+json\" class=\"yoast-schema-graph\">{\"@context\":\"https:\\\/\\\/schema.org\",\"@graph\":[{\"@type\":\"Article\",\"@id\":\"https:\\\/\\\/teknologiateollisuus.fi\\\/jasenille\\\/tervetuloa-teknologiateollisuuden-jasensivustolle\\\/#article\",\"isPartOf\":{\"@id\":\"https:\\\/\\\/teknologiateollisuus.fi\\\/jasenille\\\/tervetuloa-teknologiateollisuuden-jasensivustolle\\\/\"},\"author\":{\"name\":\"Noora Paarto\",\"@id\":\"https:\\\/\\\/teknologiateollisuus.fi\\\/jasenille\\\/#\\\/schema\\\/person\\\/039062c1be5c11027a50d9a59d0165cb\"},\"headline\":\"Tervetuloa Teknologiateollisuuden j\u00e4sensivustolle!\",\"datePublished\":\"2024-01-23T21:17:16+00:00\",\"dateModified\":\"2025-01-03T11:13:29+00:00\",\"mainEntityOfPage\":{\"@id\":\"https:\\\/\\\/teknologiateollisuus.fi\\\/jasenille\\\/tervetuloa-teknologiateollisuuden-jasensivustolle\\\/\"},\"wordCount\":343,\"publisher\":{\"@id\":\"https:\\\/\\\/teknologiateollisuus.fi\\\/jasenille\\\/#organization\"},\"image\":{\"@id\":\"https:\\\/\\\/teknologiateollisuus.fi\\\/jasenille\\\/tervetuloa-teknologiateollisuuden-jasensivustolle\\\/#primaryimage\"},\"thumbnailUrl\":\"https:\\\/\\\/teknologiateollisuus.fi\\\/jasenille\\\/wp-content\\\/uploads\\\/sites\\\/1\\\/2023\\\/12\\\/Makela-Alu-tyontekija-2.jpg\",\"articleSection\":[\"Uutiset\"],\"inLanguage\":\"fi\"},{\"@type\":\"WebPage\",\"@id\":\"https:\\\/\\\/teknologiateollisuus.fi\\\/jasenille\\\/tervetuloa-teknologiateollisuuden-jasensivustolle\\\/\",\"url\":\"https:\\\/\\\/teknologiateollisuus.fi\\\/jasenille\\\/tervetuloa-teknologiateollisuuden-jasensivustolle\\\/\",\"name\":\"Tervetuloa Teknologiateollisuuden j\u00e4sensivustolle! - Teknologiateollisuus - J\u00e4senille\",\"isPartOf\":{\"@id\":\"https:\\\/\\\/teknologiateollisuus.fi\\\/jasenille\\\/#website\"},\"primaryImageOfPage\":{\"@id\":\"https:\\\/\\\/teknologiateollisuus.fi\\\/jasenille\\\/tervetuloa-teknologiateollisuuden-jasensivustolle\\\/#primaryimage\"},\"image\":{\"@id\":\"https:\\\/\\\/teknologiateollisuus.fi\\\/jasenille\\\/tervetuloa-teknologiateollisuuden-jasensivustolle\\\/#primaryimage\"},\"thumbnailUrl\":\"https:\\\/\\\/teknologiateollisuus.fi\\\/jasenille\\\/wp-content\\\/uploads\\\/sites\\\/1\\\/2023\\\/12\\\/Makela-Alu-tyontekija-2.jpg\",\"datePublished\":\"2024-01-23T21:17:16+00:00\",\"dateModified\":\"2025-01-03T11:13:29+00:00\",\"description\":\"Teknologiateollisuuden j\u00e4senpalvelualusta kokoaa yhteen kaikki j\u00e4senyrityksille suunnatut sis\u00e4ll\u00f6t ja palvelut. Lue lis\u00e4\u00e4!\",\"breadcrumb\":{\"@id\":\"https:\\\/\\\/teknologiateollisuus.fi\\\/jasenille\\\/tervetuloa-teknologiateollisuuden-jasensivustolle\\\/#breadcrumb\"},\"inLanguage\":\"fi\",\"potentialAction\":[{\"@type\":\"ReadAction\",\"target\":[\"https:\\\/\\\/teknologiateollisuus.fi\\\/jasenille\\\/tervetuloa-teknologiateollisuuden-jasensivustolle\\\/\"]}]},{\"@type\":\"ImageObject\",\"inLanguage\":\"fi\",\"@id\":\"https:\\\/\\\/teknologiateollisuus.fi\\\/jasenille\\\/tervetuloa-teknologiateollisuuden-jasensivustolle\\\/#primaryimage\",\"url\":\"https:\\\/\\\/teknologiateollisuus.fi\\\/jasenille\\\/wp-content\\\/uploads\\\/sites\\\/1\\\/2023\\\/12\\\/Makela-Alu-tyontekija-2.jpg\",\"contentUrl\":\"https:\\\/\\\/teknologiateollisuus.fi\\\/jasenille\\\/wp-content\\\/uploads\\\/sites\\\/1\\\/2023\\\/12\\\/Makela-Alu-tyontekija-2.jpg\",\"width\":1920,\"height\":1280},{\"@type\":\"BreadcrumbList\",\"@id\":\"https:\\\/\\\/teknologiateollisuus.fi\\\/jasenille\\\/tervetuloa-teknologiateollisuuden-jasensivustolle\\\/#breadcrumb\",\"itemListElement\":[{\"@type\":\"ListItem\",\"position\":1,\"name\":\"Home\",\"item\":\"https:\\\/\\\/teknologiateollisuus.fi\\\/jasenille\\\/\"},{\"@type\":\"ListItem\",\"position\":2,\"name\":\"Ajankohtaista\",\"item\":\"https:\\\/\\\/teknologiateollisuus.fi\\\/jasenille\\\/ajankohtaista\\\/\"},{\"@type\":\"ListItem\",\"position\":3,\"name\":\"Uutiset\",\"item\":\"https:\\\/\\\/teknologiateollisuus.fi\\\/jasenille\\\/ajankohtaista\\\/uutiset\\\/?categories=1\"},{\"@type\":\"ListItem\",\"position\":4,\"name\":\"Tervetuloa Teknologiateollisuuden j\u00e4sensivustolle!\"}]},{\"@type\":\"WebSite\",\"@id\":\"https:\\\/\\\/teknologiateollisuus.fi\\\/jasenille\\\/#website\",\"url\":\"https:\\\/\\\/teknologiateollisuus.fi\\\/jasenille\\\/\",\"name\":\"Teknologiateollisuus - J\u00e4senille\",\"description\":\"\",\"publisher\":{\"@id\":\"https:\\\/\\\/teknologiateollisuus.fi\\\/jasenille\\\/#organization\"},\"potentialAction\":[{\"@type\":\"SearchAction\",\"target\":{\"@type\":\"EntryPoint\",\"urlTemplate\":\"https:\\\/\\\/teknologiateollisuus.fi\\\/jasenille\\\/?s={search_term_string}\"},\"query-input\":{\"@type\":\"PropertyValueSpecification\",\"valueRequired\":true,\"valueName\":\"search_term_string\"}}],\"inLanguage\":\"fi\"},{\"@type\":\"Organization\",\"@id\":\"https:\\\/\\\/teknologiateollisuus.fi\\\/jasenille\\\/#organization\",\"name\":\"Teknologiateollisuus - J\u00e4senille\",\"url\":\"https:\\\/\\\/teknologiateollisuus.fi\\\/jasenille\\\/\",\"logo\":{\"@type\":\"ImageObject\",\"inLanguage\":\"fi\",\"@id\":\"https:\\\/\\\/teknologiateollisuus.fi\\\/jasenille\\\/#\\\/schema\\\/logo\\\/image\\\/\",\"url\":\"https:\\\/\\\/teknologiateollisuus.fi\\\/jasenille\\\/wp-content\\\/uploads\\\/sites\\\/1\\\/2023\\\/10\\\/placeholder.png\",\"contentUrl\":\"https:\\\/\\\/teknologiateollisuus.fi\\\/jasenille\\\/wp-content\\\/uploads\\\/sites\\\/1\\\/2023\\\/10\\\/placeholder.png\",\"width\":2560,\"height\":1920,\"caption\":\"Teknologiateollisuus - J\u00e4senille\"},\"image\":{\"@id\":\"https:\\\/\\\/teknologiateollisuus.fi\\\/jasenille\\\/#\\\/schema\\\/logo\\\/image\\\/\"}},{\"@type\":\"Person\",\"@id\":\"https:\\\/\\\/teknologiateollisuus.fi\\\/jasenille\\\/#\\\/schema\\\/person\\\/039062c1be5c11027a50d9a59d0165cb\",\"name\":\"Noora Paarto\",\"image\":{\"@type\":\"ImageObject\",\"inLanguage\":\"fi\",\"@id\":\"https:\\\/\\\/secure.gravatar.com\\\/avatar\\\/b56fa92a21764685fc1194bc5fac99f7dcf82ae9dd137e31939f063bb0c2483b?s=96&d=mm&r=g\",\"url\":\"https:\\\/\\\/secure.gravatar.com\\\/avatar\\\/b56fa92a21764685fc1194bc5fac99f7dcf82ae9dd137e31939f063bb0c2483b?s=96&d=mm&r=g\",\"contentUrl\":\"https:\\\/\\\/secure.gravatar.com\\\/avatar\\\/b56fa92a21764685fc1194bc5fac99f7dcf82ae9dd137e31939f063bb0c2483b?s=96&d=mm&r=g\",\"caption\":\"Noora Paarto\"}}]}<\/script>\n<!-- \/ Yoast SEO Premium plugin. -->","yoast_head_json":{"title":"Tervetuloa Teknologiateollisuuden j\u00e4sensivustolle! - Teknologiateollisuus - J\u00e4senille","description":"Teknologiateollisuuden j\u00e4senpalvelualusta kokoaa yhteen kaikki j\u00e4senyrityksille suunnatut sis\u00e4ll\u00f6t ja palvelut. Lue lis\u00e4\u00e4!","robots":{"index":"index","follow":"follow","max-snippet":"max-snippet:-1","max-image-preview":"max-image-preview:large","max-video-preview":"max-video-preview:-1"},"canonical":"https:\/\/teknologiateollisuus.fi\/jasenille\/tervetuloa-teknologiateollisuuden-jasensivustolle\/","og_locale":"fi_FI","og_type":"article","og_title":"Tervetuloa Teknologiateollisuuden j\u00e4sensivustolle!","og_description":"Teknologiateollisuuden j\u00e4senpalvelualusta kokoaa yhteen kaikki j\u00e4senyrityksille suunnatut sis\u00e4ll\u00f6t ja palvelut. Lue lis\u00e4\u00e4!","og_url":"https:\/\/teknologiateollisuus.fi\/jasenille\/tervetuloa-teknologiateollisuuden-jasensivustolle\/","og_site_name":"Teknologiateollisuus - J\u00e4senille","article_published_time":"2024-01-23T21:17:16+00:00","article_modified_time":"2025-01-03T11:13:29+00:00","og_image":[{"width":1920,"height":1280,"url":"https:\/\/teknologiateollisuus.fi\/jasenille\/wp-content\/uploads\/sites\/1\/2023\/12\/Makela-Alu-tyontekija-2.jpg","type":"image\/jpeg"}],"author":"Noora Paarto","twitter_card":"summary_large_image","twitter_misc":{"Kirjoittanut":"Noora Paarto","Arvioitu lukuaika":"2 minuuttia"},"schema":{"@context":"https:\/\/schema.org","@graph":[{"@type":"Article","@id":"https:\/\/teknologiateollisuus.fi\/jasenille\/tervetuloa-teknologiateollisuuden-jasensivustolle\/#article","isPartOf":{"@id":"https:\/\/teknologiateollisuus.fi\/jasenille\/tervetuloa-teknologiateollisuuden-jasensivustolle\/"},"author":{"name":"Noora Paarto","@id":"https:\/\/teknologiateollisuus.fi\/jasenille\/#\/schema\/person\/039062c1be5c11027a50d9a59d0165cb"},"headline":"Tervetuloa Teknologiateollisuuden j\u00e4sensivustolle!","datePublished":"2024-01-23T21:17:16+00:00","dateModified":"2025-01-03T11:13:29+00:00","mainEntityOfPage":{"@id":"https:\/\/teknologiateollisuus.fi\/jasenille\/tervetuloa-teknologiateollisuuden-jasensivustolle\/"},"wordCount":343,"publisher":{"@id":"https:\/\/teknologiateollisuus.fi\/jasenille\/#organization"},"image":{"@id":"https:\/\/teknologiateollisuus.fi\/jasenille\/tervetuloa-teknologiateollisuuden-jasensivustolle\/#primaryimage"},"thumbnailUrl":"https:\/\/teknologiateollisuus.fi\/jasenille\/wp-content\/uploads\/sites\/1\/2023\/12\/Makela-Alu-tyontekija-2.jpg","articleSection":["Uutiset"],"inLanguage":"fi"},{"@type":"WebPage","@id":"https:\/\/teknologiateollisuus.fi\/jasenille\/tervetuloa-teknologiateollisuuden-jasensivustolle\/","url":"https:\/\/teknologiateollisuus.fi\/jasenille\/tervetuloa-teknologiateollisuuden-jasensivustolle\/","name":"Tervetuloa Teknologiateollisuuden j\u00e4sensivustolle! - Teknologiateollisuus - J\u00e4senille","isPartOf":{"@id":"https:\/\/teknologiateollisuus.fi\/jasenille\/#website"},"primaryImageOfPage":{"@id":"https:\/\/teknologiateollisuus.fi\/jasenille\/tervetuloa-teknologiateollisuuden-jasensivustolle\/#primaryimage"},"image":{"@id":"https:\/\/teknologiateollisuus.fi\/jasenille\/tervetuloa-teknologiateollisuuden-jasensivustolle\/#primaryimage"},"thumbnailUrl":"https:\/\/teknologiateollisuus.fi\/jasenille\/wp-content\/uploads\/sites\/1\/2023\/12\/Makela-Alu-tyontekija-2.jpg","datePublished":"2024-01-23T21:17:16+00:00","dateModified":"2025-01-03T11:13:29+00:00","description":"Teknologiateollisuuden j\u00e4senpalvelualusta kokoaa yhteen kaikki j\u00e4senyrityksille suunnatut sis\u00e4ll\u00f6t ja palvelut. Lue lis\u00e4\u00e4!","breadcrumb":{"@id":"https:\/\/teknologiateollisuus.fi\/jasenille\/tervetuloa-teknologiateollisuuden-jasensivustolle\/#breadcrumb"},"inLanguage":"fi","potentialAction":[{"@type":"ReadAction","target":["https:\/\/teknologiateollisuus.fi\/jasenille\/tervetuloa-teknologiateollisuuden-jasensivustolle\/"]}]},{"@type":"ImageObject","inLanguage":"fi","@id":"https:\/\/teknologiateollisuus.fi\/jasenille\/tervetuloa-teknologiateollisuuden-jasensivustolle\/#primaryimage","url":"https:\/\/teknologiateollisuus.fi\/jasenille\/wp-content\/uploads\/sites\/1\/2023\/12\/Makela-Alu-tyontekija-2.jpg","contentUrl":"https:\/\/teknologiateollisuus.fi\/jasenille\/wp-content\/uploads\/sites\/1\/2023\/12\/Makela-Alu-tyontekija-2.jpg","width":1920,"height":1280},{"@type":"BreadcrumbList","@id":"https:\/\/teknologiateollisuus.fi\/jasenille\/tervetuloa-teknologiateollisuuden-jasensivustolle\/#breadcrumb","itemListElement":[{"@type":"ListItem","position":1,"name":"Home","item":"https:\/\/teknologiateollisuus.fi\/jasenille\/"},{"@type":"ListItem","position":2,"name":"Ajankohtaista","item":"https:\/\/teknologiateollisuus.fi\/jasenille\/ajankohtaista\/"},{"@type":"ListItem","position":3,"name":"Uutiset","item":"https:\/\/teknologiateollisuus.fi\/jasenille\/ajankohtaista\/uutiset\/?categories=1"},{"@type":"ListItem","position":4,"name":"Tervetuloa Teknologiateollisuuden j\u00e4sensivustolle!"}]},{"@type":"WebSite","@id":"https:\/\/teknologiateollisuus.fi\/jasenille\/#website","url":"https:\/\/teknologiateollisuus.fi\/jasenille\/","name":"Teknologiateollisuus - J\u00e4senille","description":"","publisher":{"@id":"https:\/\/teknologiateollisuus.fi\/jasenille\/#organization"},"potentialAction":[{"@type":"SearchAction","target":{"@type":"EntryPoint","urlTemplate":"https:\/\/teknologiateollisuus.fi\/jasenille\/?s={search_term_string}"},"query-input":{"@type":"PropertyValueSpecification","valueRequired":true,"valueName":"search_term_string"}}],"inLanguage":"fi"},{"@type":"Organization","@id":"https:\/\/teknologiateollisuus.fi\/jasenille\/#organization","name":"Teknologiateollisuus - J\u00e4senille","url":"https:\/\/teknologiateollisuus.fi\/jasenille\/","logo":{"@type":"ImageObject","inLanguage":"fi","@id":"https:\/\/teknologiateollisuus.fi\/jasenille\/#\/schema\/logo\/image\/","url":"https:\/\/teknologiateollisuus.fi\/jasenille\/wp-content\/uploads\/sites\/1\/2023\/10\/placeholder.png","contentUrl":"https:\/\/teknologiateollisuus.fi\/jasenille\/wp-content\/uploads\/sites\/1\/2023\/10\/placeholder.png","width":2560,"height":1920,"caption":"Teknologiateollisuus - J\u00e4senille"},"image":{"@id":"https:\/\/teknologiateollisuus.fi\/jasenille\/#\/schema\/logo\/image\/"}},{"@type":"Person","@id":"https:\/\/teknologiateollisuus.fi\/jasenille\/#\/schema\/person\/039062c1be5c11027a50d9a59d0165cb","name":"Noora Paarto","image":{"@type":"ImageObject","inLanguage":"fi","@id":"https:\/\/secure.gravatar.com\/avatar\/b56fa92a21764685fc1194bc5fac99f7dcf82ae9dd137e31939f063bb0c2483b?s=96&d=mm&r=g","url":"https:\/\/secure.gravatar.com\/avatar\/b56fa92a21764685fc1194bc5fac99f7dcf82ae9dd137e31939f063bb0c2483b?s=96&d=mm&r=g","contentUrl":"https:\/\/secure.gravatar.com\/avatar\/b56fa92a21764685fc1194bc5fac99f7dcf82ae9dd137e31939f063bb0c2483b?s=96&d=mm&r=g","caption":"Noora Paarto"}}]}},"lang":"fi","translations":{"fi":4164},"pll_sync_post":{},"_links":{"self":[{"href":"https:\/\/teknologiateollisuus.fi\/jasenille\/wp-json\/wp\/v2\/posts\/4164","targetHints":{"allow":["GET"]}}],"collection":[{"href":"https:\/\/teknologiateollisuus.fi\/jasenille\/wp-json\/wp\/v2\/posts"}],"about":[{"href":"https:\/\/teknologiateollisuus.fi\/jasenille\/wp-json\/wp\/v2\/types\/post"}],"author":[{"embeddable":true,"href":"https:\/\/teknologiateollisuus.fi\/jasenille\/wp-json\/wp\/v2\/users\/7"}],"replies":[{"embeddable":true,"href":"https:\/\/teknologiateollisuus.fi\/jasenille\/wp-json\/wp\/v2\/comments?post=4164"}],"version-history":[{"count":9,"href":"https:\/\/teknologiateollisuus.fi\/jasenille\/wp-json\/wp\/v2\/posts\/4164\/revisions"}],"predecessor-version":[{"id":17149,"href":"https:\/\/teknologiateollisuus.fi\/jasenille\/wp-json\/wp\/v2\/posts\/4164\/revisions\/17149"}],"wp:featuredmedia":[{"embeddable":true,"href":"https:\/\/teknologiateollisuus.fi\/jasenille\/wp-json\/wp\/v2\/media\/2019"}],"wp:attachment":[{"href":"https:\/\/teknologiateollisuus.fi\/jasenille\/wp-json\/wp\/v2\/media?parent=4164"}],"wp:term":[{"taxonomy":"category","embeddable":true,"href":"https:\/\/teknologiateollisuus.fi\/jasenille\/wp-json\/wp\/v2\/categories?post=4164"},{"taxonomy":"post_tag","embeddable":true,"href":"https:\/\/teknologiateollisuus.fi\/jasenille\/wp-json\/wp\/v2\/post_tag?post=4164"},{"taxonomy":"em_region","embeddable":true,"href":"https:\/\/teknologiateollisuus.fi\/jasenille\/wp-json\/wp\/v2\/em_region?post=4164"},{"taxonomy":"em_target_group","embeddable":true,"href":"https:\/\/teknologiateollisuus.fi\/jasenille\/wp-json\/wp\/v2\/em_target_group?post=4164"}],"curies":[{"name":"wp","href":"https:\/\/api.w.org\/{rel}","templated":true}]}}