{"id":7136,"date":"2024-05-30T13:40:21","date_gmt":"2024-05-30T10:40:21","guid":{"rendered":"https:\/\/teknologiateollisuus.fi\/jasenille\/?p=7136"},"modified":"2024-09-10T13:24:51","modified_gmt":"2024-09-10T10:24:51","slug":"teknokesa-kampanja-jatkuu-ensi-vuonna-markkinointiin-voi-osallistua-jo-tana-kesana","status":"publish","type":"post","link":"https:\/\/teknologiateollisuus.fi\/jasenille\/teknokesa-kampanja-jatkuu-ensi-vuonna-markkinointiin-voi-osallistua-jo-tana-kesana\/","title":{"rendered":"TeknoKes\u00e4-kampanja jatkuu ensi vuonna \u2013 markkinointiin voi osallistua jo t\u00e4n\u00e4 kes\u00e4n\u00e4!"},"content":{"rendered":"\n<p>Alkuvuodesta somessa n\u00e4kynyt #TeknoKes\u00e4-markkinointikampanja oli eritt\u00e4in onnistunut ja sai laajan n\u00e4kyvyyden: videot ker\u00e4siv\u00e4t yhteens\u00e4 964 000 n\u00e4ytt\u00f6kertaa ja ty\u00f6paikkailmoituksia luettiin 246 000 kertaa. Markkinointikampanjan tarkoituksena oli lis\u00e4t\u00e4 teknologia-alan tunnettuutta sek\u00e4 vinkata alan kes\u00e4ty\u00f6paikoista.<\/p>\n\n\n\n<p>Duunitorin markkinointikampanjan lis\u00e4ksi toimme Teknologiateollisuuden kanavissa esiin aitoja kes\u00e4ty\u00f6kokemuksia j\u00e4senyrityksist\u00e4mme. Kiitos kaikille, jotka l\u00e4hettiv\u00e4t videoita!<\/p>\n\n\n\n<figure class=\"wp-block-embed is-type-video is-provider-vimeo wp-block-embed-vimeo wp-embed-aspect-9-16 wp-has-aspect-ratio\"><div class=\"wp-block-embed__wrapper\">\n<iframe loading=\"lazy\" title=\"TeknoKes\u00e424\" src=\"https:\/\/player.vimeo.com\/video\/902159548?h=ce478e52da&amp;dnt=1&amp;app_id=122963\" width=\"422\" height=\"750\" frameborder=\"0\" allow=\"autoplay; fullscreen; picture-in-picture; clipboard-write\"><\/iframe>\n<\/div><\/figure>\n\n\n\n<h4 class=\"wp-block-heading\" id=\"onko-yrityksessanne-kesatyontekijoita-jotka-olisivat-valmiita-kertomaan-kokemuksistaan-osallistukaa-teknokesa-kampanjan-markkinontivideoomme\">Onko yrityksess\u00e4nne kes\u00e4ty\u00f6ntekij\u00f6it\u00e4, jotka olisivat valmiita kertomaan kokemuksistaan? Osallistukaa #TeknoKes\u00e4-kampanjan markkinontivideoomme!<\/h4>\n\n\n\n<p>Ker\u00e4\u00e4mme ensi vuoden TeknoKes\u00e4-kampanjaa varten materiaalia ja toivoisimme videoita yritystemme kes\u00e4ty\u00f6ntekij\u00f6ilt\u00e4. Jos yrityksest\u00e4nne l\u00f6ytyy t\u00e4h\u00e4n sopiva kes\u00e4ty\u00f6ntekij\u00e4 ja haluatte n\u00e4ky\u00e4 videolla, voitte osallistua seuraavasti:<\/p>\n\n\n\n<p>\u2022 Kuvatkaa lyhyt, noin 15 s video, jossa kes\u00e4ty\u00f6ntekij\u00e4 vastaa kysymykseen \u201dMit\u00e4 olet oppinut kes\u00e4t\u00f6iss\u00e4?\u201d Vastauksissa saa olla luova. (Kysymyst\u00e4 ei videolla tarvitse toistaa)<br>\u2022 Videon formaatti MP4\/MOV ja kuvasuhde 9:16 (pysty), voi kuvata my\u00f6s selfie-moodissa.<br>\u2022 Kuvausymp\u00e4rist\u00f6ksi k\u00e4y mik\u00e4 vain!<br>\u2022 L\u00e4het\u00e4 video, <a href=\"https:\/\/teknologiateollisuus.fi\/jasenille\/wp-content\/uploads\/2024\/05\/Teknologiateollisuusry-teknokesa.pdf\">lupalappu (PDF)<\/a> ja tiedot kes\u00e4ty\u00f6ntekij\u00e4st\u00e4 (etunimi, ty\u00f6teht\u00e4v\u00e4 ja yritys) osoitteeseen <a href=\"mailto:mari.liukkonen@teknologiateollisuus.fi\">mari.liukkonen@teknologiateollisuus.fi<\/a> 31.8.2024 menness\u00e4.<br>\u2022 Iso kiitos jo etuk\u00e4teen!<\/p>\n\n\n\n<div class=\"wp-block-scb-columns scb-columns  has-mobile-behavior--stacked em-pattern-event-contacts\">\n<div class=\"wp-block-scb-column scb-column\">\n<h2 class=\"wp-block-heading\" id=\"lisatietoja\">Lis\u00e4tietoja<\/h2>\n\n\n\n<article class=\"em-block-contact-card is-style-list\">\n\n\t<div class=\"em-block-contact-card__image\">\n\t\t\t\t\t<img loading=\"lazy\" decoding=\"async\" width=\"300\" height=\"400\" src=\"https:\/\/teknologiateollisuus.fi\/jasenille\/wp-content\/uploads\/2024\/05\/phpt1vsyq-300x400.jpg\" class=\"attachment-portrait size-portrait\" alt=\"\" \/>\t\t\t<\/div>\n\t<div class=\"em-block-contact-card__content-wrapper\">\n\t\t<div class=\"em-block-contact-card__content\">\n\t\t\t\t\t\t\t<div class=\"em-block-contact-card__business-units\">\n\t\t\t\t\t\t\t\t\t\t\t<span class=\"em-block-contact-card__business-unit\">Viestint\u00e4, yhteiskuntasuhteet ja j\u00e4senpalvelut<\/span>\n\t\t\t\t\t\t\t\t\t<\/div>\n\t\t\t\t\t\t<h3 class=\"em-block-contact-card__title\"><a target=\"_self\" href=\"https:\/\/teknologiateollisuus.fi\/?p=1283\">Liukkonen Mari (ty\u00f6vapaalla)<\/a><\/h3>\n\t\t\t\t\t\t\t<span class=\"em-block-contact-card__job_title\">Asiantuntija, viestint\u00e4 &#8211; Viestint\u00e4<\/span>\n\t\t\t\t\t\t\t\t\t\t<span class=\"em-block-contact-card__organisation\">Teknologiateollisuus ry<\/span>\n\t\t\t\t\t<\/div>\n\t\t<div class=\"em-block-contact-card__content\">\n\t\t\t\t\t\t<address class=\"em-block-contact-card__contact-details\">\n\t\t\t\t\t\t\t\t\t<span class=\"em-block-contact-card__phone\">\n\t\t\t\t\t\t<a href=\"tel:+358 415483210\">+358 415483210<\/a><\/a>\n\t\t\t\t\t<\/span>\n\t\t\t\t\t\t\t\t\t\t\t\t\t<span class=\"em-block-contact-card__email\">\n\t\t\t\t\t\t<a href=\"mailto:mari.liukkonen@teknologiateollisuus.fi\">mari.liukkonen@teknologiateollisuus.fi<\/a><\/a>\n\t\t\t\t\t<\/span>\n\t\t\t\t\t\t\t<\/address>\n\t\t\t\t\t<\/div>\n\t<\/div>\n\n<\/article>\n<\/div>\n<\/div>\n","protected":false},"excerpt":{"rendered":"<p>T\u00e4n\u00e4 kev\u00e4\u00e4n\u00e4 #TeknoKes\u00e4-kes\u00e4ty\u00f6kampanja ker\u00e4si yhteen teknologia-alan kes\u00e4ty\u00f6paikat Duunitorin kampanjasivustolle. Kampanjan aikana sivustolla julkaistiin yli 4 500 kes\u00e4ty\u00f6paikkaa \u2013 kiitos aktiivisuudesta!<\/p>\n","protected":false},"author":93,"featured_media":7137,"comment_status":"false","ping_status":"false","sticky":false,"template":"","format":"standard","meta":{"_acf_changed":false,"_relevanssi_hide_post":"","_relevanssi_hide_content":"","_relevanssi_pin_for_all":"","_relevanssi_pin_keywords":"","_relevanssi_unpin_keywords":"","_relevanssi_related_keywords":"","_relevanssi_related_include_ids":"","_relevanssi_related_exclude_ids":"","_relevanssi_related_no_append":"","_relevanssi_related_not_related":"","_relevanssi_related_posts":"6001,5242,5780,5727,4164,5767","_relevanssi_noindex_reason":"","inline_featured_image":false,"growthstack-ab-test":[],"growthstack-ab-test-views":[],"footnotes":""},"categories":[1],"post_tag":[],"em_region":[],"em_target_group":[],"class_list":["post-7136","post","type-post","status-publish","format-standard","has-post-thumbnail","hentry","category-uutiset"],"acf":{"locked":false},"yoast_head":"<!-- This site is optimized with the Yoast SEO Premium plugin v27.1 (Yoast SEO v27.5) - https:\/\/yoast.com\/product\/yoast-seo-premium-wordpress\/ -->\n<title>TeknoKes\u00e4-kampanja jatkuu ensi vuonna \u2013 markkinointiin voi osallistua jo t\u00e4n\u00e4 kes\u00e4n\u00e4! - Teknologiateollisuus - J\u00e4senille<\/title>\n<meta name=\"description\" content=\"Alkuvuodesta somessa n\u00e4kynyt #TeknoKes\u00e4-markkinointikampanja oli eritt\u00e4in onnistunut ja sai laajan n\u00e4kyvyyden. Markkinointikampanjan tarkoituksena oli lis\u00e4t\u00e4 teknologia-alan tunnettuutta sek\u00e4 vinkata alan kes\u00e4ty\u00f6paikoista.\" \/>\n<meta name=\"robots\" content=\"index, follow, max-snippet:-1, max-image-preview:large, max-video-preview:-1\" \/>\n<link rel=\"canonical\" href=\"https:\/\/teknologiateollisuus.fi\/jasenille\/teknokesa-kampanja-jatkuu-ensi-vuonna-markkinointiin-voi-osallistua-jo-tana-kesana\/\" \/>\n<meta property=\"og:locale\" content=\"fi_FI\" \/>\n<meta property=\"og:type\" content=\"article\" \/>\n<meta property=\"og:title\" content=\"TeknoKes\u00e4-kampanja jatkuu ensi vuonna \u2013 markkinointiin voi osallistua jo t\u00e4n\u00e4 kes\u00e4n\u00e4!\" \/>\n<meta property=\"og:description\" content=\"Alkuvuodesta somessa n\u00e4kynyt #TeknoKes\u00e4-markkinointikampanja oli eritt\u00e4in onnistunut ja sai laajan n\u00e4kyvyyden. Markkinointikampanjan tarkoituksena oli lis\u00e4t\u00e4 teknologia-alan tunnettuutta sek\u00e4 vinkata alan kes\u00e4ty\u00f6paikoista.\" \/>\n<meta property=\"og:url\" content=\"https:\/\/teknologiateollisuus.fi\/jasenille\/teknokesa-kampanja-jatkuu-ensi-vuonna-markkinointiin-voi-osallistua-jo-tana-kesana\/\" \/>\n<meta property=\"og:site_name\" content=\"Teknologiateollisuus - J\u00e4senille\" \/>\n<meta property=\"article:published_time\" content=\"2024-05-30T10:40:21+00:00\" \/>\n<meta property=\"article:modified_time\" content=\"2024-09-10T10:24:51+00:00\" \/>\n<meta property=\"og:image\" content=\"https:\/\/teknologiateollisuus.fi\/jasenille\/wp-content\/uploads\/sites\/1\/2024\/05\/teknokesa.jpg\" \/>\n\t<meta property=\"og:image:width\" content=\"800\" \/>\n\t<meta property=\"og:image:height\" content=\"534\" \/>\n\t<meta property=\"og:image:type\" content=\"image\/jpeg\" \/>\n<meta name=\"author\" content=\"72c93fc9-54c6-467e-bfc4-a4e1d5a1fbdb\" \/>\n<meta name=\"twitter:card\" content=\"summary_large_image\" \/>\n<meta name=\"twitter:label1\" content=\"Kirjoittanut\" \/>\n\t<meta name=\"twitter:data1\" content=\"72c93fc9-54c6-467e-bfc4-a4e1d5a1fbdb\" \/>\n\t<meta name=\"twitter:label2\" content=\"Arvioitu lukuaika\" \/>\n\t<meta name=\"twitter:data2\" content=\"2 minuuttia\" \/>\n<script type=\"application\/ld+json\" class=\"yoast-schema-graph\">{\"@context\":\"https:\\\/\\\/schema.org\",\"@graph\":[{\"@type\":\"Article\",\"@id\":\"https:\\\/\\\/teknologiateollisuus.fi\\\/jasenille\\\/teknokesa-kampanja-jatkuu-ensi-vuonna-markkinointiin-voi-osallistua-jo-tana-kesana\\\/#article\",\"isPartOf\":{\"@id\":\"https:\\\/\\\/teknologiateollisuus.fi\\\/jasenille\\\/teknokesa-kampanja-jatkuu-ensi-vuonna-markkinointiin-voi-osallistua-jo-tana-kesana\\\/\"},\"author\":{\"name\":\"72c93fc9-54c6-467e-bfc4-a4e1d5a1fbdb\",\"@id\":\"https:\\\/\\\/teknologiateollisuus.fi\\\/jasenille\\\/#\\\/schema\\\/person\\\/fe9892c0cbf828670a5ddedd435b2afc\"},\"headline\":\"TeknoKes\u00e4-kampanja jatkuu ensi vuonna \u2013 markkinointiin voi osallistua jo t\u00e4n\u00e4 kes\u00e4n\u00e4!\",\"datePublished\":\"2024-05-30T10:40:21+00:00\",\"dateModified\":\"2024-09-10T10:24:51+00:00\",\"mainEntityOfPage\":{\"@id\":\"https:\\\/\\\/teknologiateollisuus.fi\\\/jasenille\\\/teknokesa-kampanja-jatkuu-ensi-vuonna-markkinointiin-voi-osallistua-jo-tana-kesana\\\/\"},\"wordCount\":211,\"publisher\":{\"@id\":\"https:\\\/\\\/teknologiateollisuus.fi\\\/jasenille\\\/#organization\"},\"image\":{\"@id\":\"https:\\\/\\\/teknologiateollisuus.fi\\\/jasenille\\\/teknokesa-kampanja-jatkuu-ensi-vuonna-markkinointiin-voi-osallistua-jo-tana-kesana\\\/#primaryimage\"},\"thumbnailUrl\":\"https:\\\/\\\/teknologiateollisuus.fi\\\/jasenille\\\/wp-content\\\/uploads\\\/sites\\\/1\\\/2024\\\/05\\\/teknokesa.jpg\",\"articleSection\":[\"Uutiset\"],\"inLanguage\":\"fi\"},{\"@type\":\"WebPage\",\"@id\":\"https:\\\/\\\/teknologiateollisuus.fi\\\/jasenille\\\/teknokesa-kampanja-jatkuu-ensi-vuonna-markkinointiin-voi-osallistua-jo-tana-kesana\\\/\",\"url\":\"https:\\\/\\\/teknologiateollisuus.fi\\\/jasenille\\\/teknokesa-kampanja-jatkuu-ensi-vuonna-markkinointiin-voi-osallistua-jo-tana-kesana\\\/\",\"name\":\"TeknoKes\u00e4-kampanja jatkuu ensi vuonna \u2013 markkinointiin voi osallistua jo t\u00e4n\u00e4 kes\u00e4n\u00e4! - Teknologiateollisuus - J\u00e4senille\",\"isPartOf\":{\"@id\":\"https:\\\/\\\/teknologiateollisuus.fi\\\/jasenille\\\/#website\"},\"primaryImageOfPage\":{\"@id\":\"https:\\\/\\\/teknologiateollisuus.fi\\\/jasenille\\\/teknokesa-kampanja-jatkuu-ensi-vuonna-markkinointiin-voi-osallistua-jo-tana-kesana\\\/#primaryimage\"},\"image\":{\"@id\":\"https:\\\/\\\/teknologiateollisuus.fi\\\/jasenille\\\/teknokesa-kampanja-jatkuu-ensi-vuonna-markkinointiin-voi-osallistua-jo-tana-kesana\\\/#primaryimage\"},\"thumbnailUrl\":\"https:\\\/\\\/teknologiateollisuus.fi\\\/jasenille\\\/wp-content\\\/uploads\\\/sites\\\/1\\\/2024\\\/05\\\/teknokesa.jpg\",\"datePublished\":\"2024-05-30T10:40:21+00:00\",\"dateModified\":\"2024-09-10T10:24:51+00:00\",\"description\":\"Alkuvuodesta somessa n\u00e4kynyt #TeknoKes\u00e4-markkinointikampanja oli eritt\u00e4in onnistunut ja sai laajan n\u00e4kyvyyden. Markkinointikampanjan tarkoituksena oli lis\u00e4t\u00e4 teknologia-alan tunnettuutta sek\u00e4 vinkata alan kes\u00e4ty\u00f6paikoista.\",\"breadcrumb\":{\"@id\":\"https:\\\/\\\/teknologiateollisuus.fi\\\/jasenille\\\/teknokesa-kampanja-jatkuu-ensi-vuonna-markkinointiin-voi-osallistua-jo-tana-kesana\\\/#breadcrumb\"},\"inLanguage\":\"fi\",\"potentialAction\":[{\"@type\":\"ReadAction\",\"target\":[\"https:\\\/\\\/teknologiateollisuus.fi\\\/jasenille\\\/teknokesa-kampanja-jatkuu-ensi-vuonna-markkinointiin-voi-osallistua-jo-tana-kesana\\\/\"]}]},{\"@type\":\"ImageObject\",\"inLanguage\":\"fi\",\"@id\":\"https:\\\/\\\/teknologiateollisuus.fi\\\/jasenille\\\/teknokesa-kampanja-jatkuu-ensi-vuonna-markkinointiin-voi-osallistua-jo-tana-kesana\\\/#primaryimage\",\"url\":\"https:\\\/\\\/teknologiateollisuus.fi\\\/jasenille\\\/wp-content\\\/uploads\\\/sites\\\/1\\\/2024\\\/05\\\/teknokesa.jpg\",\"contentUrl\":\"https:\\\/\\\/teknologiateollisuus.fi\\\/jasenille\\\/wp-content\\\/uploads\\\/sites\\\/1\\\/2024\\\/05\\\/teknokesa.jpg\",\"width\":800,\"height\":534},{\"@type\":\"BreadcrumbList\",\"@id\":\"https:\\\/\\\/teknologiateollisuus.fi\\\/jasenille\\\/teknokesa-kampanja-jatkuu-ensi-vuonna-markkinointiin-voi-osallistua-jo-tana-kesana\\\/#breadcrumb\",\"itemListElement\":[{\"@type\":\"ListItem\",\"position\":1,\"name\":\"Home\",\"item\":\"https:\\\/\\\/teknologiateollisuus.fi\\\/jasenille\\\/\"},{\"@type\":\"ListItem\",\"position\":2,\"name\":\"Ajankohtaista\",\"item\":\"https:\\\/\\\/teknologiateollisuus.fi\\\/jasenille\\\/ajankohtaista\\\/\"},{\"@type\":\"ListItem\",\"position\":3,\"name\":\"Uutiset\",\"item\":\"https:\\\/\\\/teknologiateollisuus.fi\\\/jasenille\\\/ajankohtaista\\\/uutiset\\\/?categories=1\"},{\"@type\":\"ListItem\",\"position\":4,\"name\":\"TeknoKes\u00e4-kampanja jatkuu ensi vuonna \u2013 markkinointiin voi osallistua jo t\u00e4n\u00e4 kes\u00e4n\u00e4!\"}]},{\"@type\":\"WebSite\",\"@id\":\"https:\\\/\\\/teknologiateollisuus.fi\\\/jasenille\\\/#website\",\"url\":\"https:\\\/\\\/teknologiateollisuus.fi\\\/jasenille\\\/\",\"name\":\"Teknologiateollisuus - J\u00e4senille\",\"description\":\"\",\"publisher\":{\"@id\":\"https:\\\/\\\/teknologiateollisuus.fi\\\/jasenille\\\/#organization\"},\"potentialAction\":[{\"@type\":\"SearchAction\",\"target\":{\"@type\":\"EntryPoint\",\"urlTemplate\":\"https:\\\/\\\/teknologiateollisuus.fi\\\/jasenille\\\/?s={search_term_string}\"},\"query-input\":{\"@type\":\"PropertyValueSpecification\",\"valueRequired\":true,\"valueName\":\"search_term_string\"}}],\"inLanguage\":\"fi\"},{\"@type\":\"Organization\",\"@id\":\"https:\\\/\\\/teknologiateollisuus.fi\\\/jasenille\\\/#organization\",\"name\":\"Teknologiateollisuus - J\u00e4senille\",\"url\":\"https:\\\/\\\/teknologiateollisuus.fi\\\/jasenille\\\/\",\"logo\":{\"@type\":\"ImageObject\",\"inLanguage\":\"fi\",\"@id\":\"https:\\\/\\\/teknologiateollisuus.fi\\\/jasenille\\\/#\\\/schema\\\/logo\\\/image\\\/\",\"url\":\"https:\\\/\\\/teknologiateollisuus.fi\\\/jasenille\\\/wp-content\\\/uploads\\\/sites\\\/1\\\/2023\\\/10\\\/placeholder.png\",\"contentUrl\":\"https:\\\/\\\/teknologiateollisuus.fi\\\/jasenille\\\/wp-content\\\/uploads\\\/sites\\\/1\\\/2023\\\/10\\\/placeholder.png\",\"width\":2560,\"height\":1920,\"caption\":\"Teknologiateollisuus - J\u00e4senille\"},\"image\":{\"@id\":\"https:\\\/\\\/teknologiateollisuus.fi\\\/jasenille\\\/#\\\/schema\\\/logo\\\/image\\\/\"}},{\"@type\":\"Person\",\"@id\":\"https:\\\/\\\/teknologiateollisuus.fi\\\/jasenille\\\/#\\\/schema\\\/person\\\/fe9892c0cbf828670a5ddedd435b2afc\",\"name\":\"72c93fc9-54c6-467e-bfc4-a4e1d5a1fbdb\",\"image\":{\"@type\":\"ImageObject\",\"inLanguage\":\"fi\",\"@id\":\"https:\\\/\\\/secure.gravatar.com\\\/avatar\\\/?s=96&d=mm&r=g\",\"url\":\"https:\\\/\\\/secure.gravatar.com\\\/avatar\\\/?s=96&d=mm&r=g\",\"contentUrl\":\"https:\\\/\\\/secure.gravatar.com\\\/avatar\\\/?s=96&d=mm&r=g\",\"caption\":\"72c93fc9-54c6-467e-bfc4-a4e1d5a1fbdb\"}}]}<\/script>\n<!-- \/ Yoast SEO Premium plugin. -->","yoast_head_json":{"title":"TeknoKes\u00e4-kampanja jatkuu ensi vuonna \u2013 markkinointiin voi osallistua jo t\u00e4n\u00e4 kes\u00e4n\u00e4! - Teknologiateollisuus - J\u00e4senille","description":"Alkuvuodesta somessa n\u00e4kynyt #TeknoKes\u00e4-markkinointikampanja oli eritt\u00e4in onnistunut ja sai laajan n\u00e4kyvyyden. Markkinointikampanjan tarkoituksena oli lis\u00e4t\u00e4 teknologia-alan tunnettuutta sek\u00e4 vinkata alan kes\u00e4ty\u00f6paikoista.","robots":{"index":"index","follow":"follow","max-snippet":"max-snippet:-1","max-image-preview":"max-image-preview:large","max-video-preview":"max-video-preview:-1"},"canonical":"https:\/\/teknologiateollisuus.fi\/jasenille\/teknokesa-kampanja-jatkuu-ensi-vuonna-markkinointiin-voi-osallistua-jo-tana-kesana\/","og_locale":"fi_FI","og_type":"article","og_title":"TeknoKes\u00e4-kampanja jatkuu ensi vuonna \u2013 markkinointiin voi osallistua jo t\u00e4n\u00e4 kes\u00e4n\u00e4!","og_description":"Alkuvuodesta somessa n\u00e4kynyt #TeknoKes\u00e4-markkinointikampanja oli eritt\u00e4in onnistunut ja sai laajan n\u00e4kyvyyden. Markkinointikampanjan tarkoituksena oli lis\u00e4t\u00e4 teknologia-alan tunnettuutta sek\u00e4 vinkata alan kes\u00e4ty\u00f6paikoista.","og_url":"https:\/\/teknologiateollisuus.fi\/jasenille\/teknokesa-kampanja-jatkuu-ensi-vuonna-markkinointiin-voi-osallistua-jo-tana-kesana\/","og_site_name":"Teknologiateollisuus - J\u00e4senille","article_published_time":"2024-05-30T10:40:21+00:00","article_modified_time":"2024-09-10T10:24:51+00:00","og_image":[{"width":800,"height":534,"url":"https:\/\/teknologiateollisuus.fi\/jasenille\/wp-content\/uploads\/sites\/1\/2024\/05\/teknokesa.jpg","type":"image\/jpeg"}],"author":"72c93fc9-54c6-467e-bfc4-a4e1d5a1fbdb","twitter_card":"summary_large_image","twitter_misc":{"Kirjoittanut":"72c93fc9-54c6-467e-bfc4-a4e1d5a1fbdb","Arvioitu lukuaika":"2 minuuttia"},"schema":{"@context":"https:\/\/schema.org","@graph":[{"@type":"Article","@id":"https:\/\/teknologiateollisuus.fi\/jasenille\/teknokesa-kampanja-jatkuu-ensi-vuonna-markkinointiin-voi-osallistua-jo-tana-kesana\/#article","isPartOf":{"@id":"https:\/\/teknologiateollisuus.fi\/jasenille\/teknokesa-kampanja-jatkuu-ensi-vuonna-markkinointiin-voi-osallistua-jo-tana-kesana\/"},"author":{"name":"72c93fc9-54c6-467e-bfc4-a4e1d5a1fbdb","@id":"https:\/\/teknologiateollisuus.fi\/jasenille\/#\/schema\/person\/fe9892c0cbf828670a5ddedd435b2afc"},"headline":"TeknoKes\u00e4-kampanja jatkuu ensi vuonna \u2013 markkinointiin voi osallistua jo t\u00e4n\u00e4 kes\u00e4n\u00e4!","datePublished":"2024-05-30T10:40:21+00:00","dateModified":"2024-09-10T10:24:51+00:00","mainEntityOfPage":{"@id":"https:\/\/teknologiateollisuus.fi\/jasenille\/teknokesa-kampanja-jatkuu-ensi-vuonna-markkinointiin-voi-osallistua-jo-tana-kesana\/"},"wordCount":211,"publisher":{"@id":"https:\/\/teknologiateollisuus.fi\/jasenille\/#organization"},"image":{"@id":"https:\/\/teknologiateollisuus.fi\/jasenille\/teknokesa-kampanja-jatkuu-ensi-vuonna-markkinointiin-voi-osallistua-jo-tana-kesana\/#primaryimage"},"thumbnailUrl":"https:\/\/teknologiateollisuus.fi\/jasenille\/wp-content\/uploads\/sites\/1\/2024\/05\/teknokesa.jpg","articleSection":["Uutiset"],"inLanguage":"fi"},{"@type":"WebPage","@id":"https:\/\/teknologiateollisuus.fi\/jasenille\/teknokesa-kampanja-jatkuu-ensi-vuonna-markkinointiin-voi-osallistua-jo-tana-kesana\/","url":"https:\/\/teknologiateollisuus.fi\/jasenille\/teknokesa-kampanja-jatkuu-ensi-vuonna-markkinointiin-voi-osallistua-jo-tana-kesana\/","name":"TeknoKes\u00e4-kampanja jatkuu ensi vuonna \u2013 markkinointiin voi osallistua jo t\u00e4n\u00e4 kes\u00e4n\u00e4! - Teknologiateollisuus - J\u00e4senille","isPartOf":{"@id":"https:\/\/teknologiateollisuus.fi\/jasenille\/#website"},"primaryImageOfPage":{"@id":"https:\/\/teknologiateollisuus.fi\/jasenille\/teknokesa-kampanja-jatkuu-ensi-vuonna-markkinointiin-voi-osallistua-jo-tana-kesana\/#primaryimage"},"image":{"@id":"https:\/\/teknologiateollisuus.fi\/jasenille\/teknokesa-kampanja-jatkuu-ensi-vuonna-markkinointiin-voi-osallistua-jo-tana-kesana\/#primaryimage"},"thumbnailUrl":"https:\/\/teknologiateollisuus.fi\/jasenille\/wp-content\/uploads\/sites\/1\/2024\/05\/teknokesa.jpg","datePublished":"2024-05-30T10:40:21+00:00","dateModified":"2024-09-10T10:24:51+00:00","description":"Alkuvuodesta somessa n\u00e4kynyt #TeknoKes\u00e4-markkinointikampanja oli eritt\u00e4in onnistunut ja sai laajan n\u00e4kyvyyden. Markkinointikampanjan tarkoituksena oli lis\u00e4t\u00e4 teknologia-alan tunnettuutta sek\u00e4 vinkata alan kes\u00e4ty\u00f6paikoista.","breadcrumb":{"@id":"https:\/\/teknologiateollisuus.fi\/jasenille\/teknokesa-kampanja-jatkuu-ensi-vuonna-markkinointiin-voi-osallistua-jo-tana-kesana\/#breadcrumb"},"inLanguage":"fi","potentialAction":[{"@type":"ReadAction","target":["https:\/\/teknologiateollisuus.fi\/jasenille\/teknokesa-kampanja-jatkuu-ensi-vuonna-markkinointiin-voi-osallistua-jo-tana-kesana\/"]}]},{"@type":"ImageObject","inLanguage":"fi","@id":"https:\/\/teknologiateollisuus.fi\/jasenille\/teknokesa-kampanja-jatkuu-ensi-vuonna-markkinointiin-voi-osallistua-jo-tana-kesana\/#primaryimage","url":"https:\/\/teknologiateollisuus.fi\/jasenille\/wp-content\/uploads\/sites\/1\/2024\/05\/teknokesa.jpg","contentUrl":"https:\/\/teknologiateollisuus.fi\/jasenille\/wp-content\/uploads\/sites\/1\/2024\/05\/teknokesa.jpg","width":800,"height":534},{"@type":"BreadcrumbList","@id":"https:\/\/teknologiateollisuus.fi\/jasenille\/teknokesa-kampanja-jatkuu-ensi-vuonna-markkinointiin-voi-osallistua-jo-tana-kesana\/#breadcrumb","itemListElement":[{"@type":"ListItem","position":1,"name":"Home","item":"https:\/\/teknologiateollisuus.fi\/jasenille\/"},{"@type":"ListItem","position":2,"name":"Ajankohtaista","item":"https:\/\/teknologiateollisuus.fi\/jasenille\/ajankohtaista\/"},{"@type":"ListItem","position":3,"name":"Uutiset","item":"https:\/\/teknologiateollisuus.fi\/jasenille\/ajankohtaista\/uutiset\/?categories=1"},{"@type":"ListItem","position":4,"name":"TeknoKes\u00e4-kampanja jatkuu ensi vuonna \u2013 markkinointiin voi osallistua jo t\u00e4n\u00e4 kes\u00e4n\u00e4!"}]},{"@type":"WebSite","@id":"https:\/\/teknologiateollisuus.fi\/jasenille\/#website","url":"https:\/\/teknologiateollisuus.fi\/jasenille\/","name":"Teknologiateollisuus - J\u00e4senille","description":"","publisher":{"@id":"https:\/\/teknologiateollisuus.fi\/jasenille\/#organization"},"potentialAction":[{"@type":"SearchAction","target":{"@type":"EntryPoint","urlTemplate":"https:\/\/teknologiateollisuus.fi\/jasenille\/?s={search_term_string}"},"query-input":{"@type":"PropertyValueSpecification","valueRequired":true,"valueName":"search_term_string"}}],"inLanguage":"fi"},{"@type":"Organization","@id":"https:\/\/teknologiateollisuus.fi\/jasenille\/#organization","name":"Teknologiateollisuus - J\u00e4senille","url":"https:\/\/teknologiateollisuus.fi\/jasenille\/","logo":{"@type":"ImageObject","inLanguage":"fi","@id":"https:\/\/teknologiateollisuus.fi\/jasenille\/#\/schema\/logo\/image\/","url":"https:\/\/teknologiateollisuus.fi\/jasenille\/wp-content\/uploads\/sites\/1\/2023\/10\/placeholder.png","contentUrl":"https:\/\/teknologiateollisuus.fi\/jasenille\/wp-content\/uploads\/sites\/1\/2023\/10\/placeholder.png","width":2560,"height":1920,"caption":"Teknologiateollisuus - J\u00e4senille"},"image":{"@id":"https:\/\/teknologiateollisuus.fi\/jasenille\/#\/schema\/logo\/image\/"}},{"@type":"Person","@id":"https:\/\/teknologiateollisuus.fi\/jasenille\/#\/schema\/person\/fe9892c0cbf828670a5ddedd435b2afc","name":"72c93fc9-54c6-467e-bfc4-a4e1d5a1fbdb","image":{"@type":"ImageObject","inLanguage":"fi","@id":"https:\/\/secure.gravatar.com\/avatar\/?s=96&d=mm&r=g","url":"https:\/\/secure.gravatar.com\/avatar\/?s=96&d=mm&r=g","contentUrl":"https:\/\/secure.gravatar.com\/avatar\/?s=96&d=mm&r=g","caption":"72c93fc9-54c6-467e-bfc4-a4e1d5a1fbdb"}}]}},"lang":"fi","translations":{"fi":7136},"pll_sync_post":{},"_links":{"self":[{"href":"https:\/\/teknologiateollisuus.fi\/jasenille\/wp-json\/wp\/v2\/posts\/7136","targetHints":{"allow":["GET"]}}],"collection":[{"href":"https:\/\/teknologiateollisuus.fi\/jasenille\/wp-json\/wp\/v2\/posts"}],"about":[{"href":"https:\/\/teknologiateollisuus.fi\/jasenille\/wp-json\/wp\/v2\/types\/post"}],"author":[{"embeddable":true,"href":"https:\/\/teknologiateollisuus.fi\/jasenille\/wp-json\/wp\/v2\/users\/93"}],"replies":[{"embeddable":true,"href":"https:\/\/teknologiateollisuus.fi\/jasenille\/wp-json\/wp\/v2\/comments?post=7136"}],"version-history":[{"count":7,"href":"https:\/\/teknologiateollisuus.fi\/jasenille\/wp-json\/wp\/v2\/posts\/7136\/revisions"}],"predecessor-version":[{"id":14664,"href":"https:\/\/teknologiateollisuus.fi\/jasenille\/wp-json\/wp\/v2\/posts\/7136\/revisions\/14664"}],"wp:featuredmedia":[{"embeddable":true,"href":"https:\/\/teknologiateollisuus.fi\/jasenille\/wp-json\/wp\/v2\/media\/7137"}],"wp:attachment":[{"href":"https:\/\/teknologiateollisuus.fi\/jasenille\/wp-json\/wp\/v2\/media?parent=7136"}],"wp:term":[{"taxonomy":"category","embeddable":true,"href":"https:\/\/teknologiateollisuus.fi\/jasenille\/wp-json\/wp\/v2\/categories?post=7136"},{"taxonomy":"post_tag","embeddable":true,"href":"https:\/\/teknologiateollisuus.fi\/jasenille\/wp-json\/wp\/v2\/post_tag?post=7136"},{"taxonomy":"em_region","embeddable":true,"href":"https:\/\/teknologiateollisuus.fi\/jasenille\/wp-json\/wp\/v2\/em_region?post=7136"},{"taxonomy":"em_target_group","embeddable":true,"href":"https:\/\/teknologiateollisuus.fi\/jasenille\/wp-json\/wp\/v2\/em_target_group?post=7136"}],"curies":[{"name":"wp","href":"https:\/\/api.w.org\/{rel}","templated":true}]}}