{"id":7236,"date":"2024-06-14T12:49:02","date_gmt":"2024-06-14T09:49:02","guid":{"rendered":"https:\/\/teknologiateollisuus.fi\/jasenille\/?p=7236"},"modified":"2024-09-10T13:24:51","modified_gmt":"2024-09-10T10:24:51","slug":"eurovaalien-tuloksella-vaikutuksia-suomen-politiikkaan-tarkastele-tuoretta-poliittista-tilannekuvaa","status":"publish","type":"post","link":"https:\/\/teknologiateollisuus.fi\/jasenille\/eurovaalien-tuloksella-vaikutuksia-suomen-politiikkaan-tarkastele-tuoretta-poliittista-tilannekuvaa\/","title":{"rendered":"Eurovaalien tuloksella vaikutuksia Suomen politiikkaan\u00a0\u2013 tarkastele tuoretta poliittista tilannekuvaa"},"content":{"rendered":"\n<ul class=\"wp-block-list\">\n<li>Eurovaalit ovat ohi ja Suomesta on valittu 15 meppi\u00e4 Euroopan parlamenttiin. <\/li>\n\n\n\n<li>Eduskunta j\u00e4\u00e4 kohta kes\u00e4tauolle, mutta Suomen hallitus valmistelee jo syksyn budjettiriiht\u00e4.<\/li>\n\n\n\n<li>Kes\u00e4kuussa on my\u00f6s useita puoluekokouksia ja SuomiAreena Porissa. <\/li>\n\n\n\n<li>Vaikuttamisen osalta fokus on edelleen EU:ssa, mutta my\u00f6s budjettiriihess\u00e4.\u00a0<\/li>\n<\/ul>\n\n\n\n<p><em>Teknologiateollisuus ry pit\u00e4\u00e4 yll\u00e4 tilannekuvaa j\u00e4senyritysten toiminnan suunnittelun ja strategiaty\u00f6n tueksi.<\/em><\/p>\n\n\n\n<div class=\"wp-block-buttons is-layout-flex wp-block-buttons-is-layout-flex\">\n<div class=\"wp-block-button  icon-right\"><a class=\"wp-block-button__link wp-element-button\" href=\"https:\/\/teknologiateollisuus.fi\/jasenille\/tilannekuva\/yhteiskunnan-tilannekuva\/\">Tutustu uusimpaan politiikan tilannekuvaan<\/a><\/div>\n<\/div>\n\n\n\n<div class=\"wp-block-scb-columns scb-columns  has-mobile-behavior--stacked em-pattern-event-contacts\">\n<div class=\"wp-block-scb-column scb-column\">\n<h2 class=\"wp-block-heading\" id=\"lisatietoja\">Lis\u00e4tietoja<\/h2>\n\n\n\n<article class=\"em-block-contact-card is-style-list\">\n\n\t<div class=\"em-block-contact-card__image\">\n\t\t\t\t\t<img loading=\"lazy\" decoding=\"async\" width=\"300\" height=\"400\" src=\"https:\/\/teknologiateollisuus.fi\/jasenille\/wp-content\/uploads\/2024\/05\/phpstlzrp.jpg\" class=\"attachment-portrait size-portrait\" alt=\"\" \/>\t\t\t<\/div>\n\t<div class=\"em-block-contact-card__content-wrapper\">\n\t\t<div class=\"em-block-contact-card__content\">\n\t\t\t\t\t\t\t<div class=\"em-block-contact-card__business-units\">\n\t\t\t\t\t\t\t\t\t\t\t<span class=\"em-block-contact-card__business-unit\">Viestint\u00e4, yhteiskuntasuhteet ja j\u00e4senpalvelut<\/span>\n\t\t\t\t\t\t\t\t\t<\/div>\n\t\t\t\t\t\t<h3 class=\"em-block-contact-card__title\"><a target=\"_self\" href=\"https:\/\/teknologiateollisuus.fi\/?p=1178\">Ranki Anna<\/a><\/h3>\n\t\t\t\t\t\t\t<span class=\"em-block-contact-card__job_title\">Johtaja, yhteiskuntasuhteet &#8211; Yhteiskuntasuhteet<\/span>\n\t\t\t\t\t\t\t\t\t\t<span class=\"em-block-contact-card__organisation\">Teknologiateollisuus ry<\/span>\n\t\t\t\t\t<\/div>\n\t\t<div class=\"em-block-contact-card__content\">\n\t\t\t\t\t\t<address class=\"em-block-contact-card__contact-details\">\n\t\t\t\t\t\t\t\t\t<span class=\"em-block-contact-card__phone\">\n\t\t\t\t\t\t<a href=\"tel:+358 503838797\">+358 503838797<\/a><\/a>\n\t\t\t\t\t<\/span>\n\t\t\t\t\t\t\t\t\t\t\t\t\t<span class=\"em-block-contact-card__email\">\n\t\t\t\t\t\t<a href=\"mailto:anna.ranki@teknologiateollisuus.fi\">anna.ranki@teknologiateollisuus.fi<\/a><\/a>\n\t\t\t\t\t<\/span>\n\t\t\t\t\t\t\t<\/address>\n\t\t\t\t\t<\/div>\n\t<\/div>\n\n<\/article>\n<\/div>\n<\/div>\n","protected":false},"excerpt":{"rendered":"<p>14.6. p\u00e4ivitetty politiikan tilannekuva k\u00e4y l\u00e4pi eurovaalien tulosta Suomen n\u00e4k\u00f6kulmasta ja esittelee Teknologiateollisuuden viestit syksyn budjettiriiheen. <\/p>\n","protected":false},"author":11,"featured_media":3360,"comment_status":"false","ping_status":"false","sticky":false,"template":"","format":"standard","meta":{"_acf_changed":false,"_relevanssi_hide_post":"","_relevanssi_hide_content":"","_relevanssi_pin_for_all":"","_relevanssi_pin_keywords":"","_relevanssi_unpin_keywords":"","_relevanssi_related_keywords":"","_relevanssi_related_include_ids":"","_relevanssi_related_exclude_ids":"","_relevanssi_related_no_append":"","_relevanssi_related_not_related":"","_relevanssi_related_posts":"5826,6099,5780,6453,6692,5727","_relevanssi_noindex_reason":"","inline_featured_image":false,"growthstack-ab-test":[],"growthstack-ab-test-views":[],"footnotes":""},"categories":[1],"post_tag":[],"em_region":[],"em_target_group":[],"class_list":["post-7236","post","type-post","status-publish","format-standard","has-post-thumbnail","hentry","category-uutiset"],"acf":{"locked":false},"yoast_head":"<!-- This site is optimized with the Yoast SEO Premium plugin v27.1 (Yoast SEO v27.5) - https:\/\/yoast.com\/product\/yoast-seo-premium-wordpress\/ -->\n<title>Eurovaalien tuloksella vaikutuksia Suomen politiikkaan\u00a0\u2013 tarkastele tuoretta poliittista tilannekuvaa - Teknologiateollisuus - J\u00e4senille<\/title>\n<meta name=\"robots\" content=\"index, follow, max-snippet:-1, max-image-preview:large, max-video-preview:-1\" \/>\n<link rel=\"canonical\" href=\"https:\/\/teknologiateollisuus.fi\/jasenille\/eurovaalien-tuloksella-vaikutuksia-suomen-politiikkaan-tarkastele-tuoretta-poliittista-tilannekuvaa\/\" \/>\n<meta property=\"og:locale\" content=\"fi_FI\" \/>\n<meta property=\"og:type\" content=\"article\" \/>\n<meta property=\"og:title\" content=\"Eurovaalien tuloksella vaikutuksia Suomen politiikkaan\u00a0\u2013 tarkastele tuoretta poliittista tilannekuvaa\" \/>\n<meta property=\"og:description\" content=\"14.6. p\u00e4ivitetty politiikan tilannekuva k\u00e4y l\u00e4pi eurovaalien tulosta Suomen n\u00e4k\u00f6kulmasta ja esittelee Teknologiateollisuuden viestit syksyn budjettiriiheen.\" \/>\n<meta property=\"og:url\" content=\"https:\/\/teknologiateollisuus.fi\/jasenille\/eurovaalien-tuloksella-vaikutuksia-suomen-politiikkaan-tarkastele-tuoretta-poliittista-tilannekuvaa\/\" \/>\n<meta property=\"og:site_name\" content=\"Teknologiateollisuus - J\u00e4senille\" \/>\n<meta property=\"article:published_time\" content=\"2024-06-14T09:49:02+00:00\" \/>\n<meta property=\"article:modified_time\" content=\"2024-09-10T10:24:51+00:00\" \/>\n<meta property=\"og:image\" content=\"https:\/\/teknologiateollisuus.fi\/jasenille\/wp-content\/uploads\/sites\/1\/2024\/01\/EU-parlamentti.jpg\" \/>\n\t<meta property=\"og:image:width\" content=\"1920\" \/>\n\t<meta property=\"og:image:height\" content=\"1280\" \/>\n\t<meta property=\"og:image:type\" content=\"image\/jpeg\" \/>\n<meta name=\"twitter:card\" content=\"summary_large_image\" \/>\n<meta name=\"twitter:label1\" content=\"Kirjoittanut\" \/>\n\t<meta name=\"twitter:data1\" content=\"\" \/>\n\t<meta name=\"twitter:label2\" content=\"Arvioitu lukuaika\" \/>\n\t<meta name=\"twitter:data2\" content=\"1 minuutti\" \/>\n<script type=\"application\/ld+json\" class=\"yoast-schema-graph\">{\"@context\":\"https:\\\/\\\/schema.org\",\"@graph\":[{\"@type\":\"Article\",\"@id\":\"https:\\\/\\\/teknologiateollisuus.fi\\\/jasenille\\\/eurovaalien-tuloksella-vaikutuksia-suomen-politiikkaan-tarkastele-tuoretta-poliittista-tilannekuvaa\\\/#article\",\"isPartOf\":{\"@id\":\"https:\\\/\\\/teknologiateollisuus.fi\\\/jasenille\\\/eurovaalien-tuloksella-vaikutuksia-suomen-politiikkaan-tarkastele-tuoretta-poliittista-tilannekuvaa\\\/\"},\"author\":{\"name\":\"\",\"@id\":\"\"},\"headline\":\"Eurovaalien tuloksella vaikutuksia Suomen politiikkaan\u00a0\u2013 tarkastele tuoretta poliittista tilannekuvaa\",\"datePublished\":\"2024-06-14T09:49:02+00:00\",\"dateModified\":\"2024-09-10T10:24:51+00:00\",\"mainEntityOfPage\":{\"@id\":\"https:\\\/\\\/teknologiateollisuus.fi\\\/jasenille\\\/eurovaalien-tuloksella-vaikutuksia-suomen-politiikkaan-tarkastele-tuoretta-poliittista-tilannekuvaa\\\/\"},\"wordCount\":71,\"publisher\":{\"@id\":\"https:\\\/\\\/teknologiateollisuus.fi\\\/jasenille\\\/#organization\"},\"image\":{\"@id\":\"https:\\\/\\\/teknologiateollisuus.fi\\\/jasenille\\\/eurovaalien-tuloksella-vaikutuksia-suomen-politiikkaan-tarkastele-tuoretta-poliittista-tilannekuvaa\\\/#primaryimage\"},\"thumbnailUrl\":\"https:\\\/\\\/teknologiateollisuus.fi\\\/jasenille\\\/wp-content\\\/uploads\\\/sites\\\/1\\\/2024\\\/01\\\/EU-parlamentti.jpg\",\"articleSection\":[\"Uutiset\"],\"inLanguage\":\"fi\"},{\"@type\":\"WebPage\",\"@id\":\"https:\\\/\\\/teknologiateollisuus.fi\\\/jasenille\\\/eurovaalien-tuloksella-vaikutuksia-suomen-politiikkaan-tarkastele-tuoretta-poliittista-tilannekuvaa\\\/\",\"url\":\"https:\\\/\\\/teknologiateollisuus.fi\\\/jasenille\\\/eurovaalien-tuloksella-vaikutuksia-suomen-politiikkaan-tarkastele-tuoretta-poliittista-tilannekuvaa\\\/\",\"name\":\"Eurovaalien tuloksella vaikutuksia Suomen politiikkaan\u00a0\u2013 tarkastele tuoretta poliittista tilannekuvaa - Teknologiateollisuus - J\u00e4senille\",\"isPartOf\":{\"@id\":\"https:\\\/\\\/teknologiateollisuus.fi\\\/jasenille\\\/#website\"},\"primaryImageOfPage\":{\"@id\":\"https:\\\/\\\/teknologiateollisuus.fi\\\/jasenille\\\/eurovaalien-tuloksella-vaikutuksia-suomen-politiikkaan-tarkastele-tuoretta-poliittista-tilannekuvaa\\\/#primaryimage\"},\"image\":{\"@id\":\"https:\\\/\\\/teknologiateollisuus.fi\\\/jasenille\\\/eurovaalien-tuloksella-vaikutuksia-suomen-politiikkaan-tarkastele-tuoretta-poliittista-tilannekuvaa\\\/#primaryimage\"},\"thumbnailUrl\":\"https:\\\/\\\/teknologiateollisuus.fi\\\/jasenille\\\/wp-content\\\/uploads\\\/sites\\\/1\\\/2024\\\/01\\\/EU-parlamentti.jpg\",\"datePublished\":\"2024-06-14T09:49:02+00:00\",\"dateModified\":\"2024-09-10T10:24:51+00:00\",\"breadcrumb\":{\"@id\":\"https:\\\/\\\/teknologiateollisuus.fi\\\/jasenille\\\/eurovaalien-tuloksella-vaikutuksia-suomen-politiikkaan-tarkastele-tuoretta-poliittista-tilannekuvaa\\\/#breadcrumb\"},\"inLanguage\":\"fi\",\"potentialAction\":[{\"@type\":\"ReadAction\",\"target\":[\"https:\\\/\\\/teknologiateollisuus.fi\\\/jasenille\\\/eurovaalien-tuloksella-vaikutuksia-suomen-politiikkaan-tarkastele-tuoretta-poliittista-tilannekuvaa\\\/\"]}]},{\"@type\":\"ImageObject\",\"inLanguage\":\"fi\",\"@id\":\"https:\\\/\\\/teknologiateollisuus.fi\\\/jasenille\\\/eurovaalien-tuloksella-vaikutuksia-suomen-politiikkaan-tarkastele-tuoretta-poliittista-tilannekuvaa\\\/#primaryimage\",\"url\":\"https:\\\/\\\/teknologiateollisuus.fi\\\/jasenille\\\/wp-content\\\/uploads\\\/sites\\\/1\\\/2024\\\/01\\\/EU-parlamentti.jpg\",\"contentUrl\":\"https:\\\/\\\/teknologiateollisuus.fi\\\/jasenille\\\/wp-content\\\/uploads\\\/sites\\\/1\\\/2024\\\/01\\\/EU-parlamentti.jpg\",\"width\":1920,\"height\":1280,\"caption\":\"EU-liput Euroopan parlamentin edess\u00e4 Brysseliss\u00e4, kuvituskuva.\"},{\"@type\":\"BreadcrumbList\",\"@id\":\"https:\\\/\\\/teknologiateollisuus.fi\\\/jasenille\\\/eurovaalien-tuloksella-vaikutuksia-suomen-politiikkaan-tarkastele-tuoretta-poliittista-tilannekuvaa\\\/#breadcrumb\",\"itemListElement\":[{\"@type\":\"ListItem\",\"position\":1,\"name\":\"Home\",\"item\":\"https:\\\/\\\/teknologiateollisuus.fi\\\/jasenille\\\/\"},{\"@type\":\"ListItem\",\"position\":2,\"name\":\"Ajankohtaista\",\"item\":\"https:\\\/\\\/teknologiateollisuus.fi\\\/jasenille\\\/ajankohtaista\\\/\"},{\"@type\":\"ListItem\",\"position\":3,\"name\":\"Uutiset\",\"item\":\"https:\\\/\\\/teknologiateollisuus.fi\\\/jasenille\\\/ajankohtaista\\\/uutiset\\\/?categories=1\"},{\"@type\":\"ListItem\",\"position\":4,\"name\":\"Eurovaalien tuloksella vaikutuksia Suomen politiikkaan\u00a0\u2013 tarkastele tuoretta poliittista tilannekuvaa\"}]},{\"@type\":\"WebSite\",\"@id\":\"https:\\\/\\\/teknologiateollisuus.fi\\\/jasenille\\\/#website\",\"url\":\"https:\\\/\\\/teknologiateollisuus.fi\\\/jasenille\\\/\",\"name\":\"Teknologiateollisuus - J\u00e4senille\",\"description\":\"\",\"publisher\":{\"@id\":\"https:\\\/\\\/teknologiateollisuus.fi\\\/jasenille\\\/#organization\"},\"potentialAction\":[{\"@type\":\"SearchAction\",\"target\":{\"@type\":\"EntryPoint\",\"urlTemplate\":\"https:\\\/\\\/teknologiateollisuus.fi\\\/jasenille\\\/?s={search_term_string}\"},\"query-input\":{\"@type\":\"PropertyValueSpecification\",\"valueRequired\":true,\"valueName\":\"search_term_string\"}}],\"inLanguage\":\"fi\"},{\"@type\":\"Organization\",\"@id\":\"https:\\\/\\\/teknologiateollisuus.fi\\\/jasenille\\\/#organization\",\"name\":\"Teknologiateollisuus - J\u00e4senille\",\"url\":\"https:\\\/\\\/teknologiateollisuus.fi\\\/jasenille\\\/\",\"logo\":{\"@type\":\"ImageObject\",\"inLanguage\":\"fi\",\"@id\":\"https:\\\/\\\/teknologiateollisuus.fi\\\/jasenille\\\/#\\\/schema\\\/logo\\\/image\\\/\",\"url\":\"https:\\\/\\\/teknologiateollisuus.fi\\\/jasenille\\\/wp-content\\\/uploads\\\/sites\\\/1\\\/2023\\\/10\\\/placeholder.png\",\"contentUrl\":\"https:\\\/\\\/teknologiateollisuus.fi\\\/jasenille\\\/wp-content\\\/uploads\\\/sites\\\/1\\\/2023\\\/10\\\/placeholder.png\",\"width\":2560,\"height\":1920,\"caption\":\"Teknologiateollisuus - J\u00e4senille\"},\"image\":{\"@id\":\"https:\\\/\\\/teknologiateollisuus.fi\\\/jasenille\\\/#\\\/schema\\\/logo\\\/image\\\/\"}},{\"@type\":\"Person\",\"@id\":\"\"}]}<\/script>\n<!-- \/ Yoast SEO Premium plugin. -->","yoast_head_json":{"title":"Eurovaalien tuloksella vaikutuksia Suomen politiikkaan\u00a0\u2013 tarkastele tuoretta poliittista tilannekuvaa - Teknologiateollisuus - J\u00e4senille","robots":{"index":"index","follow":"follow","max-snippet":"max-snippet:-1","max-image-preview":"max-image-preview:large","max-video-preview":"max-video-preview:-1"},"canonical":"https:\/\/teknologiateollisuus.fi\/jasenille\/eurovaalien-tuloksella-vaikutuksia-suomen-politiikkaan-tarkastele-tuoretta-poliittista-tilannekuvaa\/","og_locale":"fi_FI","og_type":"article","og_title":"Eurovaalien tuloksella vaikutuksia Suomen politiikkaan\u00a0\u2013 tarkastele tuoretta poliittista tilannekuvaa","og_description":"14.6. p\u00e4ivitetty politiikan tilannekuva k\u00e4y l\u00e4pi eurovaalien tulosta Suomen n\u00e4k\u00f6kulmasta ja esittelee Teknologiateollisuuden viestit syksyn budjettiriiheen.","og_url":"https:\/\/teknologiateollisuus.fi\/jasenille\/eurovaalien-tuloksella-vaikutuksia-suomen-politiikkaan-tarkastele-tuoretta-poliittista-tilannekuvaa\/","og_site_name":"Teknologiateollisuus - J\u00e4senille","article_published_time":"2024-06-14T09:49:02+00:00","article_modified_time":"2024-09-10T10:24:51+00:00","og_image":[{"width":1920,"height":1280,"url":"https:\/\/teknologiateollisuus.fi\/jasenille\/wp-content\/uploads\/sites\/1\/2024\/01\/EU-parlamentti.jpg","type":"image\/jpeg"}],"twitter_card":"summary_large_image","twitter_misc":{"Kirjoittanut":"","Arvioitu lukuaika":"1 minuutti"},"schema":{"@context":"https:\/\/schema.org","@graph":[{"@type":"Article","@id":"https:\/\/teknologiateollisuus.fi\/jasenille\/eurovaalien-tuloksella-vaikutuksia-suomen-politiikkaan-tarkastele-tuoretta-poliittista-tilannekuvaa\/#article","isPartOf":{"@id":"https:\/\/teknologiateollisuus.fi\/jasenille\/eurovaalien-tuloksella-vaikutuksia-suomen-politiikkaan-tarkastele-tuoretta-poliittista-tilannekuvaa\/"},"author":{"name":"","@id":""},"headline":"Eurovaalien tuloksella vaikutuksia Suomen politiikkaan\u00a0\u2013 tarkastele tuoretta poliittista tilannekuvaa","datePublished":"2024-06-14T09:49:02+00:00","dateModified":"2024-09-10T10:24:51+00:00","mainEntityOfPage":{"@id":"https:\/\/teknologiateollisuus.fi\/jasenille\/eurovaalien-tuloksella-vaikutuksia-suomen-politiikkaan-tarkastele-tuoretta-poliittista-tilannekuvaa\/"},"wordCount":71,"publisher":{"@id":"https:\/\/teknologiateollisuus.fi\/jasenille\/#organization"},"image":{"@id":"https:\/\/teknologiateollisuus.fi\/jasenille\/eurovaalien-tuloksella-vaikutuksia-suomen-politiikkaan-tarkastele-tuoretta-poliittista-tilannekuvaa\/#primaryimage"},"thumbnailUrl":"https:\/\/teknologiateollisuus.fi\/jasenille\/wp-content\/uploads\/sites\/1\/2024\/01\/EU-parlamentti.jpg","articleSection":["Uutiset"],"inLanguage":"fi"},{"@type":"WebPage","@id":"https:\/\/teknologiateollisuus.fi\/jasenille\/eurovaalien-tuloksella-vaikutuksia-suomen-politiikkaan-tarkastele-tuoretta-poliittista-tilannekuvaa\/","url":"https:\/\/teknologiateollisuus.fi\/jasenille\/eurovaalien-tuloksella-vaikutuksia-suomen-politiikkaan-tarkastele-tuoretta-poliittista-tilannekuvaa\/","name":"Eurovaalien tuloksella vaikutuksia Suomen politiikkaan\u00a0\u2013 tarkastele tuoretta poliittista tilannekuvaa - Teknologiateollisuus - J\u00e4senille","isPartOf":{"@id":"https:\/\/teknologiateollisuus.fi\/jasenille\/#website"},"primaryImageOfPage":{"@id":"https:\/\/teknologiateollisuus.fi\/jasenille\/eurovaalien-tuloksella-vaikutuksia-suomen-politiikkaan-tarkastele-tuoretta-poliittista-tilannekuvaa\/#primaryimage"},"image":{"@id":"https:\/\/teknologiateollisuus.fi\/jasenille\/eurovaalien-tuloksella-vaikutuksia-suomen-politiikkaan-tarkastele-tuoretta-poliittista-tilannekuvaa\/#primaryimage"},"thumbnailUrl":"https:\/\/teknologiateollisuus.fi\/jasenille\/wp-content\/uploads\/sites\/1\/2024\/01\/EU-parlamentti.jpg","datePublished":"2024-06-14T09:49:02+00:00","dateModified":"2024-09-10T10:24:51+00:00","breadcrumb":{"@id":"https:\/\/teknologiateollisuus.fi\/jasenille\/eurovaalien-tuloksella-vaikutuksia-suomen-politiikkaan-tarkastele-tuoretta-poliittista-tilannekuvaa\/#breadcrumb"},"inLanguage":"fi","potentialAction":[{"@type":"ReadAction","target":["https:\/\/teknologiateollisuus.fi\/jasenille\/eurovaalien-tuloksella-vaikutuksia-suomen-politiikkaan-tarkastele-tuoretta-poliittista-tilannekuvaa\/"]}]},{"@type":"ImageObject","inLanguage":"fi","@id":"https:\/\/teknologiateollisuus.fi\/jasenille\/eurovaalien-tuloksella-vaikutuksia-suomen-politiikkaan-tarkastele-tuoretta-poliittista-tilannekuvaa\/#primaryimage","url":"https:\/\/teknologiateollisuus.fi\/jasenille\/wp-content\/uploads\/sites\/1\/2024\/01\/EU-parlamentti.jpg","contentUrl":"https:\/\/teknologiateollisuus.fi\/jasenille\/wp-content\/uploads\/sites\/1\/2024\/01\/EU-parlamentti.jpg","width":1920,"height":1280,"caption":"EU-liput Euroopan parlamentin edess\u00e4 Brysseliss\u00e4, kuvituskuva."},{"@type":"BreadcrumbList","@id":"https:\/\/teknologiateollisuus.fi\/jasenille\/eurovaalien-tuloksella-vaikutuksia-suomen-politiikkaan-tarkastele-tuoretta-poliittista-tilannekuvaa\/#breadcrumb","itemListElement":[{"@type":"ListItem","position":1,"name":"Home","item":"https:\/\/teknologiateollisuus.fi\/jasenille\/"},{"@type":"ListItem","position":2,"name":"Ajankohtaista","item":"https:\/\/teknologiateollisuus.fi\/jasenille\/ajankohtaista\/"},{"@type":"ListItem","position":3,"name":"Uutiset","item":"https:\/\/teknologiateollisuus.fi\/jasenille\/ajankohtaista\/uutiset\/?categories=1"},{"@type":"ListItem","position":4,"name":"Eurovaalien tuloksella vaikutuksia Suomen politiikkaan\u00a0\u2013 tarkastele tuoretta poliittista tilannekuvaa"}]},{"@type":"WebSite","@id":"https:\/\/teknologiateollisuus.fi\/jasenille\/#website","url":"https:\/\/teknologiateollisuus.fi\/jasenille\/","name":"Teknologiateollisuus - J\u00e4senille","description":"","publisher":{"@id":"https:\/\/teknologiateollisuus.fi\/jasenille\/#organization"},"potentialAction":[{"@type":"SearchAction","target":{"@type":"EntryPoint","urlTemplate":"https:\/\/teknologiateollisuus.fi\/jasenille\/?s={search_term_string}"},"query-input":{"@type":"PropertyValueSpecification","valueRequired":true,"valueName":"search_term_string"}}],"inLanguage":"fi"},{"@type":"Organization","@id":"https:\/\/teknologiateollisuus.fi\/jasenille\/#organization","name":"Teknologiateollisuus - J\u00e4senille","url":"https:\/\/teknologiateollisuus.fi\/jasenille\/","logo":{"@type":"ImageObject","inLanguage":"fi","@id":"https:\/\/teknologiateollisuus.fi\/jasenille\/#\/schema\/logo\/image\/","url":"https:\/\/teknologiateollisuus.fi\/jasenille\/wp-content\/uploads\/sites\/1\/2023\/10\/placeholder.png","contentUrl":"https:\/\/teknologiateollisuus.fi\/jasenille\/wp-content\/uploads\/sites\/1\/2023\/10\/placeholder.png","width":2560,"height":1920,"caption":"Teknologiateollisuus - J\u00e4senille"},"image":{"@id":"https:\/\/teknologiateollisuus.fi\/jasenille\/#\/schema\/logo\/image\/"}},{"@type":"Person","@id":""}]}},"lang":"fi","translations":{"fi":7236},"pll_sync_post":{},"_links":{"self":[{"href":"https:\/\/teknologiateollisuus.fi\/jasenille\/wp-json\/wp\/v2\/posts\/7236","targetHints":{"allow":["GET"]}}],"collection":[{"href":"https:\/\/teknologiateollisuus.fi\/jasenille\/wp-json\/wp\/v2\/posts"}],"about":[{"href":"https:\/\/teknologiateollisuus.fi\/jasenille\/wp-json\/wp\/v2\/types\/post"}],"author":[{"embeddable":true,"href":"https:\/\/teknologiateollisuus.fi\/jasenille\/wp-json\/wp\/v2\/users\/11"}],"replies":[{"embeddable":true,"href":"https:\/\/teknologiateollisuus.fi\/jasenille\/wp-json\/wp\/v2\/comments?post=7236"}],"version-history":[{"count":5,"href":"https:\/\/teknologiateollisuus.fi\/jasenille\/wp-json\/wp\/v2\/posts\/7236\/revisions"}],"predecessor-version":[{"id":14661,"href":"https:\/\/teknologiateollisuus.fi\/jasenille\/wp-json\/wp\/v2\/posts\/7236\/revisions\/14661"}],"wp:featuredmedia":[{"embeddable":true,"href":"https:\/\/teknologiateollisuus.fi\/jasenille\/wp-json\/wp\/v2\/media\/3360"}],"wp:attachment":[{"href":"https:\/\/teknologiateollisuus.fi\/jasenille\/wp-json\/wp\/v2\/media?parent=7236"}],"wp:term":[{"taxonomy":"category","embeddable":true,"href":"https:\/\/teknologiateollisuus.fi\/jasenille\/wp-json\/wp\/v2\/categories?post=7236"},{"taxonomy":"post_tag","embeddable":true,"href":"https:\/\/teknologiateollisuus.fi\/jasenille\/wp-json\/wp\/v2\/post_tag?post=7236"},{"taxonomy":"em_region","embeddable":true,"href":"https:\/\/teknologiateollisuus.fi\/jasenille\/wp-json\/wp\/v2\/em_region?post=7236"},{"taxonomy":"em_target_group","embeddable":true,"href":"https:\/\/teknologiateollisuus.fi\/jasenille\/wp-json\/wp\/v2\/em_target_group?post=7236"}],"curies":[{"name":"wp","href":"https:\/\/api.w.org\/{rel}","templated":true}]}}