{"id":1342,"date":"2024-01-12T16:09:00","date_gmt":"2024-01-12T14:09:00","guid":{"rendered":"https:\/\/meriteollisuus.teknologiateollisuus.fi\/?p=1342"},"modified":"2025-01-03T12:32:51","modified_gmt":"2025-01-03T10:32:51","slug":"meyer-turun-telakalla-aloitettiin-icon-luokan-kolmannen-aluksen-tuotanto","status":"publish","type":"post","link":"https:\/\/teknologiateollisuus.fi\/meriteollisuus\/meyer-turun-telakalla-aloitettiin-icon-luokan-kolmannen-aluksen-tuotanto\/","title":{"rendered":"Meyer Turun telakalla aloitettiin Icon-luokan kolmannen aluksen tuotanto"},"content":{"rendered":"\n<p>Meyer Turun telakalla k\u00e4ynnistettiin perjantaina 12.1.2024 Icon-luokan kolmannen aluksen tuotanto. Juhlallisessa tilaisuudessa levyhallissa oli l\u00e4sn\u00e4 edustajia niin aluksen tilaajan, Royal Caribbean Groupin kuin Meyer Turun organisaatioista.<\/p>\n\n\n\n<p>Perinteinen ter\u00e4ksenleikkuuseremonia k\u00e4ynnisti yli kahden vuoden rakennus- ja varusteluty\u00f6n, johon osallistuu tuhansia eri alojen ammattilaisia. Valmistuessaan alus, jonka nimi paljastetaan my\u00f6hemmin, saa Royal Caribbean Groupin laivastossa t\u00e4rke\u00e4n roolin osana t\u00e4ysin uudenlaiset lomat mahdollistavaa Icon-luokkaa.&nbsp;<\/p>\n\n\n\n<p>\u201dIcon III:n my\u00f6t\u00e4 lujitamme entisest\u00e4\u00e4n asemaamme maailman edistyksellisimpien risteilyalusten rakentajana. Meyer Turun ja Royal Caribbean Groupin pitk\u00e4n t\u00e4ht\u00e4imen tavoitteet konkretisoituvat, ja pystymme asettamaan uusia standardeja vahvistamaan edell\u00e4k\u00e4vijyytt\u00e4mme meriteollisuuden vihre\u00e4ss\u00e4 siirtym\u00e4ss\u00e4\u201d, sanoo Meyer Turun toimitusjohtaja&nbsp;<strong>Tim Meyer<\/strong>.<\/p>\n\n\n\n<p>Icon III -laivan suunniteltu valmistumisajankohta on vuonna 2026.<\/p>\n\n\n\n<figure class=\"wp-block-image size-large\"><img loading=\"lazy\" decoding=\"async\" width=\"968\" height=\"645\" src=\"https:\/\/meriteollisuus.teknologiateollisuus.fi\/wp-content\/uploads\/sites\/5\/2024\/08\/Meyer-Turun-telakalla-aloitettiin-Icon-luokan-kolmannen-aluksen-tuotanto-kuva-2-968x645.jpg\" alt=\"\" class=\"wp-image-708\" srcset=\"https:\/\/teknologiateollisuus.fi\/meriteollisuus\/wp-content\/uploads\/sites\/5\/2024\/08\/Meyer-Turun-telakalla-aloitettiin-Icon-luokan-kolmannen-aluksen-tuotanto-kuva-2-968x645.jpg 968w, https:\/\/teknologiateollisuus.fi\/meriteollisuus\/wp-content\/uploads\/sites\/5\/2024\/08\/Meyer-Turun-telakalla-aloitettiin-Icon-luokan-kolmannen-aluksen-tuotanto-kuva-2-400x267.jpg 400w, https:\/\/teknologiateollisuus.fi\/meriteollisuus\/wp-content\/uploads\/sites\/5\/2024\/08\/Meyer-Turun-telakalla-aloitettiin-Icon-luokan-kolmannen-aluksen-tuotanto-kuva-2-768x512.jpg 768w, https:\/\/teknologiateollisuus.fi\/meriteollisuus\/wp-content\/uploads\/sites\/5\/2024\/08\/Meyer-Turun-telakalla-aloitettiin-Icon-luokan-kolmannen-aluksen-tuotanto-kuva-2-1536x1024.jpg 1536w, https:\/\/teknologiateollisuus.fi\/meriteollisuus\/wp-content\/uploads\/sites\/5\/2024\/08\/Meyer-Turun-telakalla-aloitettiin-Icon-luokan-kolmannen-aluksen-tuotanto-kuva-2-1300x866.jpg 1300w, https:\/\/teknologiateollisuus.fi\/meriteollisuus\/wp-content\/uploads\/sites\/5\/2024\/08\/Meyer-Turun-telakalla-aloitettiin-Icon-luokan-kolmannen-aluksen-tuotanto-kuva-2-1440x960.jpg 1440w, https:\/\/teknologiateollisuus.fi\/meriteollisuus\/wp-content\/uploads\/sites\/5\/2024\/08\/Meyer-Turun-telakalla-aloitettiin-Icon-luokan-kolmannen-aluksen-tuotanto-kuva-2.jpg 2000w\" sizes=\"auto, (max-width: 968px) 100vw, 968px\" \/><\/figure>\n\n\n\n<p>Teksti ja kuvat: Meyer Turku<\/p>\n","protected":false},"excerpt":{"rendered":"<p>Meyer Turun telakalla k\u00e4ynnistettiin perjantaina 12.1.2024 Icon-luokan kolmannen aluksen tuotanto. Juhlallisessa tilaisuudessa levyhallissa oli l\u00e4sn\u00e4 edustajia niin aluksen tilaajan, Royal Caribbean Groupin kuin Meyer Turun organisaatioista. Perinteinen ter\u00e4ksenleikkuuseremonia k\u00e4ynnisti yli kahden vuoden rakennus- ja varusteluty\u00f6n, johon osallistuu tuhansia eri alojen ammattilaisia. Valmistuessaan alus, jonka nimi paljastetaan my\u00f6hemmin, saa Royal Caribbean Groupin laivastossa t\u00e4rke\u00e4n roolin osana [&hellip;]<\/p>\n","protected":false},"author":49,"featured_media":707,"comment_status":"closed","ping_status":"closed","sticky":false,"template":"","format":"standard","meta":{"_acf_changed":false,"_relevanssi_hide_post":"","_relevanssi_hide_content":"","_relevanssi_pin_for_all":"","_relevanssi_pin_keywords":"","_relevanssi_unpin_keywords":"","_relevanssi_related_keywords":"","_relevanssi_related_include_ids":"","_relevanssi_related_exclude_ids":"","_relevanssi_related_no_append":"","_relevanssi_related_not_related":"","_relevanssi_related_posts":"57,53,1296,48,56,54","_relevanssi_noindex_reason":"","inline_featured_image":false,"footnotes":""},"categories":[14],"tags":[],"em_industry":[],"em_theme":[76],"class_list":["post-1342","post","type-post","status-publish","format-standard","has-post-thumbnail","hentry","category-uutinen","em_theme-jasenyritys"],"acf":[],"yoast_head":"<!-- This site is optimized with the Yoast SEO Premium plugin v27.1 (Yoast SEO v27.5) - https:\/\/yoast.com\/product\/yoast-seo-premium-wordpress\/ -->\n<title>Meyer Turun telakalla aloitettiin Icon-luokan kolmannen aluksen tuotanto - Meriteollisuus ry<\/title>\n<meta name=\"robots\" content=\"index, follow, max-snippet:-1, max-image-preview:large, max-video-preview:-1\" \/>\n<link rel=\"canonical\" href=\"https:\/\/teknologiateollisuus.fi\/meriteollisuus\/meyer-turun-telakalla-aloitettiin-icon-luokan-kolmannen-aluksen-tuotanto\/\" \/>\n<meta property=\"og:locale\" content=\"fi_FI\" \/>\n<meta property=\"og:type\" content=\"article\" \/>\n<meta property=\"og:title\" content=\"Meyer Turun telakalla aloitettiin Icon-luokan kolmannen aluksen tuotanto\" \/>\n<meta property=\"og:description\" content=\"Meyer Turun telakalla k\u00e4ynnistettiin perjantaina 12.1.2024 Icon-luokan kolmannen aluksen tuotanto. Juhlallisessa tilaisuudessa levyhallissa oli l\u00e4sn\u00e4 edustajia niin aluksen tilaajan, Royal Caribbean Groupin kuin Meyer Turun organisaatioista. Perinteinen ter\u00e4ksenleikkuuseremonia k\u00e4ynnisti yli kahden vuoden rakennus- ja varusteluty\u00f6n, johon osallistuu tuhansia eri alojen ammattilaisia. Valmistuessaan alus, jonka nimi paljastetaan my\u00f6hemmin, saa Royal Caribbean Groupin laivastossa t\u00e4rke\u00e4n roolin osana [&hellip;]\" \/>\n<meta property=\"og:url\" content=\"https:\/\/teknologiateollisuus.fi\/meriteollisuus\/meyer-turun-telakalla-aloitettiin-icon-luokan-kolmannen-aluksen-tuotanto\/\" \/>\n<meta property=\"og:site_name\" content=\"Meriteollisuus ry\" \/>\n<meta property=\"article:published_time\" content=\"2024-01-12T14:09:00+00:00\" \/>\n<meta property=\"article:modified_time\" content=\"2025-01-03T10:32:51+00:00\" \/>\n<meta property=\"og:image\" content=\"https:\/\/teknologiateollisuus.fi\/meriteollisuus\/wp-content\/uploads\/sites\/5\/2024\/08\/Meyer-Turun-telakalla-aloitettiin-Icon-luokan-kolmannen-aluksen-tuotanto-kuva-1.jpg\" \/>\n\t<meta property=\"og:image:width\" content=\"2000\" \/>\n\t<meta property=\"og:image:height\" content=\"1333\" \/>\n\t<meta property=\"og:image:type\" content=\"image\/jpeg\" \/>\n<meta name=\"author\" content=\"jelis4\" \/>\n<meta name=\"twitter:card\" content=\"summary_large_image\" \/>\n<meta name=\"twitter:label1\" content=\"Kirjoittanut\" \/>\n\t<meta name=\"twitter:data1\" content=\"jelis4\" \/>\n\t<meta name=\"twitter:label2\" content=\"Arvioitu lukuaika\" \/>\n\t<meta name=\"twitter:data2\" content=\"2 minuuttia\" \/>\n<script type=\"application\/ld+json\" class=\"yoast-schema-graph\">{\"@context\":\"https:\\\/\\\/schema.org\",\"@graph\":[{\"@type\":\"Article\",\"@id\":\"https:\\\/\\\/teknologiateollisuus.fi\\\/meriteollisuus\\\/meyer-turun-telakalla-aloitettiin-icon-luokan-kolmannen-aluksen-tuotanto\\\/#article\",\"isPartOf\":{\"@id\":\"https:\\\/\\\/teknologiateollisuus.fi\\\/meriteollisuus\\\/meyer-turun-telakalla-aloitettiin-icon-luokan-kolmannen-aluksen-tuotanto\\\/\"},\"author\":{\"name\":\"jelis4\",\"@id\":\"https:\\\/\\\/teknologiateollisuus.fi\\\/meriteollisuus\\\/#\\\/schema\\\/person\\\/dfe3e24b818be7e08b7c2080ba868aa5\"},\"headline\":\"Meyer Turun telakalla aloitettiin Icon-luokan kolmannen aluksen tuotanto\",\"datePublished\":\"2024-01-12T14:09:00+00:00\",\"dateModified\":\"2025-01-03T10:32:51+00:00\",\"mainEntityOfPage\":{\"@id\":\"https:\\\/\\\/teknologiateollisuus.fi\\\/meriteollisuus\\\/meyer-turun-telakalla-aloitettiin-icon-luokan-kolmannen-aluksen-tuotanto\\\/\"},\"wordCount\":137,\"image\":{\"@id\":\"https:\\\/\\\/teknologiateollisuus.fi\\\/meriteollisuus\\\/meyer-turun-telakalla-aloitettiin-icon-luokan-kolmannen-aluksen-tuotanto\\\/#primaryimage\"},\"thumbnailUrl\":\"https:\\\/\\\/teknologiateollisuus.fi\\\/meriteollisuus\\\/wp-content\\\/uploads\\\/sites\\\/5\\\/2024\\\/08\\\/Meyer-Turun-telakalla-aloitettiin-Icon-luokan-kolmannen-aluksen-tuotanto-kuva-1.jpg\",\"articleSection\":[\"Uutinen\"],\"inLanguage\":\"fi\"},{\"@type\":\"WebPage\",\"@id\":\"https:\\\/\\\/teknologiateollisuus.fi\\\/meriteollisuus\\\/meyer-turun-telakalla-aloitettiin-icon-luokan-kolmannen-aluksen-tuotanto\\\/\",\"url\":\"https:\\\/\\\/teknologiateollisuus.fi\\\/meriteollisuus\\\/meyer-turun-telakalla-aloitettiin-icon-luokan-kolmannen-aluksen-tuotanto\\\/\",\"name\":\"Meyer Turun telakalla aloitettiin Icon-luokan kolmannen aluksen tuotanto - Meriteollisuus ry\",\"isPartOf\":{\"@id\":\"https:\\\/\\\/teknologiateollisuus.fi\\\/meriteollisuus\\\/#website\"},\"primaryImageOfPage\":{\"@id\":\"https:\\\/\\\/teknologiateollisuus.fi\\\/meriteollisuus\\\/meyer-turun-telakalla-aloitettiin-icon-luokan-kolmannen-aluksen-tuotanto\\\/#primaryimage\"},\"image\":{\"@id\":\"https:\\\/\\\/teknologiateollisuus.fi\\\/meriteollisuus\\\/meyer-turun-telakalla-aloitettiin-icon-luokan-kolmannen-aluksen-tuotanto\\\/#primaryimage\"},\"thumbnailUrl\":\"https:\\\/\\\/teknologiateollisuus.fi\\\/meriteollisuus\\\/wp-content\\\/uploads\\\/sites\\\/5\\\/2024\\\/08\\\/Meyer-Turun-telakalla-aloitettiin-Icon-luokan-kolmannen-aluksen-tuotanto-kuva-1.jpg\",\"datePublished\":\"2024-01-12T14:09:00+00:00\",\"dateModified\":\"2025-01-03T10:32:51+00:00\",\"author\":{\"@id\":\"https:\\\/\\\/teknologiateollisuus.fi\\\/meriteollisuus\\\/#\\\/schema\\\/person\\\/dfe3e24b818be7e08b7c2080ba868aa5\"},\"breadcrumb\":{\"@id\":\"https:\\\/\\\/teknologiateollisuus.fi\\\/meriteollisuus\\\/meyer-turun-telakalla-aloitettiin-icon-luokan-kolmannen-aluksen-tuotanto\\\/#breadcrumb\"},\"inLanguage\":\"fi\",\"potentialAction\":[{\"@type\":\"ReadAction\",\"target\":[\"https:\\\/\\\/teknologiateollisuus.fi\\\/meriteollisuus\\\/meyer-turun-telakalla-aloitettiin-icon-luokan-kolmannen-aluksen-tuotanto\\\/\"]}]},{\"@type\":\"ImageObject\",\"inLanguage\":\"fi\",\"@id\":\"https:\\\/\\\/teknologiateollisuus.fi\\\/meriteollisuus\\\/meyer-turun-telakalla-aloitettiin-icon-luokan-kolmannen-aluksen-tuotanto\\\/#primaryimage\",\"url\":\"https:\\\/\\\/teknologiateollisuus.fi\\\/meriteollisuus\\\/wp-content\\\/uploads\\\/sites\\\/5\\\/2024\\\/08\\\/Meyer-Turun-telakalla-aloitettiin-Icon-luokan-kolmannen-aluksen-tuotanto-kuva-1.jpg\",\"contentUrl\":\"https:\\\/\\\/teknologiateollisuus.fi\\\/meriteollisuus\\\/wp-content\\\/uploads\\\/sites\\\/5\\\/2024\\\/08\\\/Meyer-Turun-telakalla-aloitettiin-Icon-luokan-kolmannen-aluksen-tuotanto-kuva-1.jpg\",\"width\":2000,\"height\":1333},{\"@type\":\"BreadcrumbList\",\"@id\":\"https:\\\/\\\/teknologiateollisuus.fi\\\/meriteollisuus\\\/meyer-turun-telakalla-aloitettiin-icon-luokan-kolmannen-aluksen-tuotanto\\\/#breadcrumb\",\"itemListElement\":[{\"@type\":\"ListItem\",\"position\":1,\"name\":\"Etusivu\",\"item\":\"https:\\\/\\\/teknologiateollisuus.fi\\\/meriteollisuus\\\/\"},{\"@type\":\"ListItem\",\"position\":2,\"name\":\"Ajankohtaista\",\"item\":\"https:\\\/\\\/teknologiateollisuus.fi\\\/meriteollisuus\\\/ajankohtaista\\\/\"},{\"@type\":\"ListItem\",\"position\":3,\"name\":\"Meyer Turun telakalla aloitettiin Icon-luokan kolmannen aluksen tuotanto\"}]},{\"@type\":\"WebSite\",\"@id\":\"https:\\\/\\\/teknologiateollisuus.fi\\\/meriteollisuus\\\/#website\",\"url\":\"https:\\\/\\\/teknologiateollisuus.fi\\\/meriteollisuus\\\/\",\"name\":\"Meriteollisuus ry\",\"description\":\"\",\"potentialAction\":[{\"@type\":\"SearchAction\",\"target\":{\"@type\":\"EntryPoint\",\"urlTemplate\":\"https:\\\/\\\/teknologiateollisuus.fi\\\/meriteollisuus\\\/?s={search_term_string}\"},\"query-input\":{\"@type\":\"PropertyValueSpecification\",\"valueRequired\":true,\"valueName\":\"search_term_string\"}}],\"inLanguage\":\"fi\"},{\"@type\":\"Person\",\"@id\":\"https:\\\/\\\/teknologiateollisuus.fi\\\/meriteollisuus\\\/#\\\/schema\\\/person\\\/dfe3e24b818be7e08b7c2080ba868aa5\",\"name\":\"jelis4\",\"image\":{\"@type\":\"ImageObject\",\"inLanguage\":\"fi\",\"@id\":\"https:\\\/\\\/secure.gravatar.com\\\/avatar\\\/03da8e33bfbe27071e80d6739d51c0ae5e2fc8e994459b31db39771dc2b02531?s=96&d=mm&r=g\",\"url\":\"https:\\\/\\\/secure.gravatar.com\\\/avatar\\\/03da8e33bfbe27071e80d6739d51c0ae5e2fc8e994459b31db39771dc2b02531?s=96&d=mm&r=g\",\"contentUrl\":\"https:\\\/\\\/secure.gravatar.com\\\/avatar\\\/03da8e33bfbe27071e80d6739d51c0ae5e2fc8e994459b31db39771dc2b02531?s=96&d=mm&r=g\",\"caption\":\"jelis4\"}}]}<\/script>\n<!-- \/ Yoast SEO Premium plugin. -->","yoast_head_json":{"title":"Meyer Turun telakalla aloitettiin Icon-luokan kolmannen aluksen tuotanto - Meriteollisuus ry","robots":{"index":"index","follow":"follow","max-snippet":"max-snippet:-1","max-image-preview":"max-image-preview:large","max-video-preview":"max-video-preview:-1"},"canonical":"https:\/\/teknologiateollisuus.fi\/meriteollisuus\/meyer-turun-telakalla-aloitettiin-icon-luokan-kolmannen-aluksen-tuotanto\/","og_locale":"fi_FI","og_type":"article","og_title":"Meyer Turun telakalla aloitettiin Icon-luokan kolmannen aluksen tuotanto","og_description":"Meyer Turun telakalla k\u00e4ynnistettiin perjantaina 12.1.2024 Icon-luokan kolmannen aluksen tuotanto. Juhlallisessa tilaisuudessa levyhallissa oli l\u00e4sn\u00e4 edustajia niin aluksen tilaajan, Royal Caribbean Groupin kuin Meyer Turun organisaatioista. Perinteinen ter\u00e4ksenleikkuuseremonia k\u00e4ynnisti yli kahden vuoden rakennus- ja varusteluty\u00f6n, johon osallistuu tuhansia eri alojen ammattilaisia. Valmistuessaan alus, jonka nimi paljastetaan my\u00f6hemmin, saa Royal Caribbean Groupin laivastossa t\u00e4rke\u00e4n roolin osana [&hellip;]","og_url":"https:\/\/teknologiateollisuus.fi\/meriteollisuus\/meyer-turun-telakalla-aloitettiin-icon-luokan-kolmannen-aluksen-tuotanto\/","og_site_name":"Meriteollisuus ry","article_published_time":"2024-01-12T14:09:00+00:00","article_modified_time":"2025-01-03T10:32:51+00:00","og_image":[{"width":2000,"height":1333,"url":"https:\/\/teknologiateollisuus.fi\/meriteollisuus\/wp-content\/uploads\/sites\/5\/2024\/08\/Meyer-Turun-telakalla-aloitettiin-Icon-luokan-kolmannen-aluksen-tuotanto-kuva-1.jpg","type":"image\/jpeg"}],"author":"jelis4","twitter_card":"summary_large_image","twitter_misc":{"Kirjoittanut":"jelis4","Arvioitu lukuaika":"2 minuuttia"},"schema":{"@context":"https:\/\/schema.org","@graph":[{"@type":"Article","@id":"https:\/\/teknologiateollisuus.fi\/meriteollisuus\/meyer-turun-telakalla-aloitettiin-icon-luokan-kolmannen-aluksen-tuotanto\/#article","isPartOf":{"@id":"https:\/\/teknologiateollisuus.fi\/meriteollisuus\/meyer-turun-telakalla-aloitettiin-icon-luokan-kolmannen-aluksen-tuotanto\/"},"author":{"name":"jelis4","@id":"https:\/\/teknologiateollisuus.fi\/meriteollisuus\/#\/schema\/person\/dfe3e24b818be7e08b7c2080ba868aa5"},"headline":"Meyer Turun telakalla aloitettiin Icon-luokan kolmannen aluksen tuotanto","datePublished":"2024-01-12T14:09:00+00:00","dateModified":"2025-01-03T10:32:51+00:00","mainEntityOfPage":{"@id":"https:\/\/teknologiateollisuus.fi\/meriteollisuus\/meyer-turun-telakalla-aloitettiin-icon-luokan-kolmannen-aluksen-tuotanto\/"},"wordCount":137,"image":{"@id":"https:\/\/teknologiateollisuus.fi\/meriteollisuus\/meyer-turun-telakalla-aloitettiin-icon-luokan-kolmannen-aluksen-tuotanto\/#primaryimage"},"thumbnailUrl":"https:\/\/teknologiateollisuus.fi\/meriteollisuus\/wp-content\/uploads\/sites\/5\/2024\/08\/Meyer-Turun-telakalla-aloitettiin-Icon-luokan-kolmannen-aluksen-tuotanto-kuva-1.jpg","articleSection":["Uutinen"],"inLanguage":"fi"},{"@type":"WebPage","@id":"https:\/\/teknologiateollisuus.fi\/meriteollisuus\/meyer-turun-telakalla-aloitettiin-icon-luokan-kolmannen-aluksen-tuotanto\/","url":"https:\/\/teknologiateollisuus.fi\/meriteollisuus\/meyer-turun-telakalla-aloitettiin-icon-luokan-kolmannen-aluksen-tuotanto\/","name":"Meyer Turun telakalla aloitettiin Icon-luokan kolmannen aluksen tuotanto - Meriteollisuus ry","isPartOf":{"@id":"https:\/\/teknologiateollisuus.fi\/meriteollisuus\/#website"},"primaryImageOfPage":{"@id":"https:\/\/teknologiateollisuus.fi\/meriteollisuus\/meyer-turun-telakalla-aloitettiin-icon-luokan-kolmannen-aluksen-tuotanto\/#primaryimage"},"image":{"@id":"https:\/\/teknologiateollisuus.fi\/meriteollisuus\/meyer-turun-telakalla-aloitettiin-icon-luokan-kolmannen-aluksen-tuotanto\/#primaryimage"},"thumbnailUrl":"https:\/\/teknologiateollisuus.fi\/meriteollisuus\/wp-content\/uploads\/sites\/5\/2024\/08\/Meyer-Turun-telakalla-aloitettiin-Icon-luokan-kolmannen-aluksen-tuotanto-kuva-1.jpg","datePublished":"2024-01-12T14:09:00+00:00","dateModified":"2025-01-03T10:32:51+00:00","author":{"@id":"https:\/\/teknologiateollisuus.fi\/meriteollisuus\/#\/schema\/person\/dfe3e24b818be7e08b7c2080ba868aa5"},"breadcrumb":{"@id":"https:\/\/teknologiateollisuus.fi\/meriteollisuus\/meyer-turun-telakalla-aloitettiin-icon-luokan-kolmannen-aluksen-tuotanto\/#breadcrumb"},"inLanguage":"fi","potentialAction":[{"@type":"ReadAction","target":["https:\/\/teknologiateollisuus.fi\/meriteollisuus\/meyer-turun-telakalla-aloitettiin-icon-luokan-kolmannen-aluksen-tuotanto\/"]}]},{"@type":"ImageObject","inLanguage":"fi","@id":"https:\/\/teknologiateollisuus.fi\/meriteollisuus\/meyer-turun-telakalla-aloitettiin-icon-luokan-kolmannen-aluksen-tuotanto\/#primaryimage","url":"https:\/\/teknologiateollisuus.fi\/meriteollisuus\/wp-content\/uploads\/sites\/5\/2024\/08\/Meyer-Turun-telakalla-aloitettiin-Icon-luokan-kolmannen-aluksen-tuotanto-kuva-1.jpg","contentUrl":"https:\/\/teknologiateollisuus.fi\/meriteollisuus\/wp-content\/uploads\/sites\/5\/2024\/08\/Meyer-Turun-telakalla-aloitettiin-Icon-luokan-kolmannen-aluksen-tuotanto-kuva-1.jpg","width":2000,"height":1333},{"@type":"BreadcrumbList","@id":"https:\/\/teknologiateollisuus.fi\/meriteollisuus\/meyer-turun-telakalla-aloitettiin-icon-luokan-kolmannen-aluksen-tuotanto\/#breadcrumb","itemListElement":[{"@type":"ListItem","position":1,"name":"Etusivu","item":"https:\/\/teknologiateollisuus.fi\/meriteollisuus\/"},{"@type":"ListItem","position":2,"name":"Ajankohtaista","item":"https:\/\/teknologiateollisuus.fi\/meriteollisuus\/ajankohtaista\/"},{"@type":"ListItem","position":3,"name":"Meyer Turun telakalla aloitettiin Icon-luokan kolmannen aluksen tuotanto"}]},{"@type":"WebSite","@id":"https:\/\/teknologiateollisuus.fi\/meriteollisuus\/#website","url":"https:\/\/teknologiateollisuus.fi\/meriteollisuus\/","name":"Meriteollisuus ry","description":"","potentialAction":[{"@type":"SearchAction","target":{"@type":"EntryPoint","urlTemplate":"https:\/\/teknologiateollisuus.fi\/meriteollisuus\/?s={search_term_string}"},"query-input":{"@type":"PropertyValueSpecification","valueRequired":true,"valueName":"search_term_string"}}],"inLanguage":"fi"},{"@type":"Person","@id":"https:\/\/teknologiateollisuus.fi\/meriteollisuus\/#\/schema\/person\/dfe3e24b818be7e08b7c2080ba868aa5","name":"jelis4","image":{"@type":"ImageObject","inLanguage":"fi","@id":"https:\/\/secure.gravatar.com\/avatar\/03da8e33bfbe27071e80d6739d51c0ae5e2fc8e994459b31db39771dc2b02531?s=96&d=mm&r=g","url":"https:\/\/secure.gravatar.com\/avatar\/03da8e33bfbe27071e80d6739d51c0ae5e2fc8e994459b31db39771dc2b02531?s=96&d=mm&r=g","contentUrl":"https:\/\/secure.gravatar.com\/avatar\/03da8e33bfbe27071e80d6739d51c0ae5e2fc8e994459b31db39771dc2b02531?s=96&d=mm&r=g","caption":"jelis4"}}]}},"lang":"fi","translations":{"fi":1342},"pll_sync_post":{},"_links":{"self":[{"href":"https:\/\/teknologiateollisuus.fi\/meriteollisuus\/wp-json\/wp\/v2\/posts\/1342","targetHints":{"allow":["GET"]}}],"collection":[{"href":"https:\/\/teknologiateollisuus.fi\/meriteollisuus\/wp-json\/wp\/v2\/posts"}],"about":[{"href":"https:\/\/teknologiateollisuus.fi\/meriteollisuus\/wp-json\/wp\/v2\/types\/post"}],"author":[{"embeddable":true,"href":"https:\/\/teknologiateollisuus.fi\/meriteollisuus\/wp-json\/wp\/v2\/users\/49"}],"replies":[{"embeddable":true,"href":"https:\/\/teknologiateollisuus.fi\/meriteollisuus\/wp-json\/wp\/v2\/comments?post=1342"}],"version-history":[{"count":1,"href":"https:\/\/teknologiateollisuus.fi\/meriteollisuus\/wp-json\/wp\/v2\/posts\/1342\/revisions"}],"predecessor-version":[{"id":1343,"href":"https:\/\/teknologiateollisuus.fi\/meriteollisuus\/wp-json\/wp\/v2\/posts\/1342\/revisions\/1343"}],"wp:featuredmedia":[{"embeddable":true,"href":"https:\/\/teknologiateollisuus.fi\/meriteollisuus\/wp-json\/wp\/v2\/media\/707"}],"wp:attachment":[{"href":"https:\/\/teknologiateollisuus.fi\/meriteollisuus\/wp-json\/wp\/v2\/media?parent=1342"}],"wp:term":[{"taxonomy":"category","embeddable":true,"href":"https:\/\/teknologiateollisuus.fi\/meriteollisuus\/wp-json\/wp\/v2\/categories?post=1342"},{"taxonomy":"post_tag","embeddable":true,"href":"https:\/\/teknologiateollisuus.fi\/meriteollisuus\/wp-json\/wp\/v2\/tags?post=1342"},{"taxonomy":"em_industry","embeddable":true,"href":"https:\/\/teknologiateollisuus.fi\/meriteollisuus\/wp-json\/wp\/v2\/em_industry?post=1342"},{"taxonomy":"em_theme","embeddable":true,"href":"https:\/\/teknologiateollisuus.fi\/meriteollisuus\/wp-json\/wp\/v2\/em_theme?post=1342"}],"curies":[{"name":"wp","href":"https:\/\/api.w.org\/{rel}","templated":true}]}}