{"id":1548,"date":"2023-11-28T08:58:00","date_gmt":"2023-11-28T06:58:00","guid":{"rendered":"https:\/\/teknologiateollisuus.fi\/meriteollisuus\/?p=1548"},"modified":"2024-09-19T18:19:22","modified_gmt":"2024-09-19T15:19:22","slug":"meyer-turun-telakka-luovutti-maailman-edistyksellisimman-risteilyaluksen-icon-of-the-seasin","status":"publish","type":"post","link":"https:\/\/teknologiateollisuus.fi\/meriteollisuus\/meyer-turun-telakka-luovutti-maailman-edistyksellisimman-risteilyaluksen-icon-of-the-seasin\/","title":{"rendered":"Meyer Turun telakka luovutti maailman edistyksellisimm\u00e4n risteilyaluksen Icon of the Seasin"},"content":{"rendered":"\n<p>Meyer Turun toimitusjohtaja&nbsp;<strong>Tim Meyer<\/strong>&nbsp;kommentoi Icon of the Seasin luovutusta merkitt\u00e4v\u00e4n\u00e4 hetken\u00e4 telakan historiassa:&nbsp;<\/p>\n\n\n\n<p>\u201dIcon of the Seas on maailman suurin, mutta ennen kaikkea maailman edistyksellisin risteilyalus. Yhdess\u00e4 Royal Caribbeanin kanssa asetimme riman poikkeuksellisen korkealle niin suunnittelun, teknologian, turvallisuuden kuin energiankulutuksen v\u00e4hent\u00e4misen suhteen.<\/p>\n\n\n\n<p>Icon of the Seas on vallankumouksellinen alus ja samalla merkitt\u00e4v\u00e4 askel kohti vihre\u00e4\u00e4 siirtym\u00e4\u00e4, joka on telakan t\u00e4rkein kilpailuetu. N\u00e4in vaativa projekti on ollut mahdollista toteuttaa vain, koska teemme tiivist\u00e4 yhteisty\u00f6t\u00e4 meriklusterin sis\u00e4ll\u00e4. Erityisesti haluan nostaa esiin toimitusketjumme viimeistelyosaamista. Olen \u00e4\u00e4rimm\u00e4isen ylpe\u00e4 meyerturkulaisista ja kaikista, jotka ovat osallistuneet t\u00e4h\u00e4n projektiin.\u201d<\/p>\n\n\n\n<p>Suomen teollisen historian arviolta monimutkaisimman projektin sis\u00e4\u00e4n mahtuu useita pienempi\u00e4, silti valtavia osaprojekteja. Ne ovat hyvi\u00e4 esimerkkej\u00e4 Meyer Turun ja kumppaniyritysten yhteisty\u00f6n voimasta. T\u00e4llaisiin lukeutuvat muun muassa&nbsp;<\/p>\n\n\n\n<ul class=\"wp-block-list\">\n<li><a href=\"https:\/\/yle.fi\/a\/74-20003523\">AquaDome<\/a>, painavin ja pinta-alaltaan suurin milloinkaan laivaan nostettu&nbsp;lasi-ter\u00e4srakenne<\/li>\n\n\n\n<li><a href=\"https:\/\/www.youtube.com\/watch?v=jzrscwOWCkk&amp;list=PL-kPQ9X3_oa2SbdMKSKxJc32fprYvrvkj&amp;t=180s\">Pearl<\/a>, halkaisijaltaan 15-metrinen py\u00f6re\u00e4 el\u00e4mysportaikko, joka on osa laivan kantavaa rakennetta&nbsp;<\/li>\n<\/ul>\n\n\n\n<p>\u201dT\u00e4n\u00e4\u00e4n juhlimme paljon enemm\u00e4n kuin vain valmistuvaa laivaa. Juhlimme my\u00f6s sit\u00e4, ett\u00e4 Royal Caribbeanin yli 50 vuoden aikana luomat innovaatiot ja unelmat ovat saavuttaneet uuden huipun. Icon of the Seas edustaa kaikkea sit\u00e4, mit\u00e4 vastuullisessa lomanvietossa voidaan saavuttaa sitoutumisen ja vahvojen kumppanuuksien ansiosta. Kiit\u00e4mme Meyer Turkua ja telakan uskomattoman osaavaa kumppaniverkostoa, joiden kanssa olemme tehneet t\u00e4t\u00e4 ty\u00f6t\u00e4. Iconilla matkustavien miljoonien muistot tulevat olemaan t\u00e4h\u00e4n menness\u00e4 suurin saavutuksemme\u201d, sanoo Royal Caribbean Groupin toimitusjohtaja\u00a0<strong>Jason Liberty<\/strong>.\u00a0<\/p>\n\n\n\n<figure class=\"wp-block-image size-large\"><img loading=\"lazy\" decoding=\"async\" width=\"968\" height=\"773\" src=\"https:\/\/teknologiateollisuus.fi\/meriteollisuus\/wp-content\/uploads\/sites\/5\/2024\/08\/Meyer-Turun-telakka-luovutti-maailman-edistyksellisimman-risteilyaluksen-Icon-of-the-Seasin-kuva-2-968x773.jpg\" alt=\"\" class=\"wp-image-709\" srcset=\"https:\/\/teknologiateollisuus.fi\/meriteollisuus\/wp-content\/uploads\/sites\/5\/2024\/08\/Meyer-Turun-telakka-luovutti-maailman-edistyksellisimman-risteilyaluksen-Icon-of-the-Seasin-kuva-2-968x773.jpg 968w, https:\/\/teknologiateollisuus.fi\/meriteollisuus\/wp-content\/uploads\/sites\/5\/2024\/08\/Meyer-Turun-telakka-luovutti-maailman-edistyksellisimman-risteilyaluksen-Icon-of-the-Seasin-kuva-2-400x320.jpg 400w, https:\/\/teknologiateollisuus.fi\/meriteollisuus\/wp-content\/uploads\/sites\/5\/2024\/08\/Meyer-Turun-telakka-luovutti-maailman-edistyksellisimman-risteilyaluksen-Icon-of-the-Seasin-kuva-2-768x614.jpg 768w, https:\/\/teknologiateollisuus.fi\/meriteollisuus\/wp-content\/uploads\/sites\/5\/2024\/08\/Meyer-Turun-telakka-luovutti-maailman-edistyksellisimman-risteilyaluksen-Icon-of-the-Seasin-kuva-2.jpg 1000w\" sizes=\"auto, (max-width: 968px) 100vw, 968px\" \/><\/figure>\n\n\n\n<p>Royal Caribbean International markkinoi Icon of the Seasia ennenn\u00e4kem\u00e4tt\u00f6m\u00e4n\u00e4 lomanautintona, joka tarjoaa jokaiselle jotakin. Aluksen kahdeksalta erilaiselta teema-alueelta l\u00f6ytyy niin merten suurin vesipuisto, el\u00e4vist\u00e4 kasveista koostuva Central Park, vesiakrobatiaviihdett\u00e4 tarjoava AquaTheatre kuin nelisenkymment\u00e4 erilaista ruokapaikkaa.<\/p>\n\n\n\n<p>Icon of the Seas l\u00e4htee ensimm\u00e4iselle asiakasristeilylleen kotisatamastaan Miamista tammikuun lopulla. Tuolloin aluksen sis\u00e4tiloista julkaistaan my\u00f6s enemm\u00e4n kuvamateriaalia. Icon of the Seas tulee vakituisesti risteilem\u00e4\u00e4n Karibian alueella.&nbsp;<\/p>\n\n\n\n<p>Sarjan toisen aluksen, Star of the Seasin rungon koonti aloitetaan Meyer Turun telakalla joulukuussa.<\/p>\n\n\n\n<p><strong>Icon of the Seas lukuina:<\/strong><\/p>\n\n\n\n<ul class=\"wp-block-list\">\n<li>Pituus: &nbsp;365 m<\/li>\n\n\n\n<li>Rungon leveys: &nbsp;48,5 m (vesiviivalla), 57,8 m (kansirakennus), 65,8 m (komentosilta)<\/li>\n\n\n\n<li>Bruttovetoisuustonnit: 248 655<\/li>\n\n\n\n<li>Matkustajia: 7 600<\/li>\n\n\n\n<li>Miehist\u00f6\u00e4: 2 350<\/li>\n\n\n\n<li>Lippuvaltio: Panama<\/li>\n<\/ul>\n\n\n\n<p>Credits:<br>&#8211; Valokuva Icon of the Seasista merikokeella: Meyer Turku\/Lavea Media<br>&#8211; Valokuva allekirjoitustilanteesta: Meyer Turku\/Mediascope Productions<\/p>\n\n\n\n<p>Alkuper\u00e4isen tiedotteen on julkaissut Meyer Turku.<\/p>\n","protected":false},"excerpt":{"rendered":"<p>Meyer Turku on luovuttanut Icon of the Seas -aluksen sen tilaajalle Royal Caribbean International -varustamolle. Icon of the Seas on maailman edistyksellisin risteilyalus ja varustamonsa ymp\u00e4rist\u00f6yst\u00e4v\u00e4llisin laiva. Alus l\u00e4htee Meyer Turun telakalta kuluvan viikon aikana ja aloittaa ensimm\u00e4isen matkansa Miamista tammikuussa 2024.<\/p>\n","protected":false},"author":49,"featured_media":710,"comment_status":"closed","ping_status":"closed","sticky":false,"template":"","format":"standard","meta":{"_acf_changed":false,"_relevanssi_hide_post":"","_relevanssi_hide_content":"","_relevanssi_pin_for_all":"","_relevanssi_pin_keywords":"","_relevanssi_unpin_keywords":"","_relevanssi_related_keywords":"","_relevanssi_related_include_ids":"","_relevanssi_related_exclude_ids":"","_relevanssi_related_no_append":"","_relevanssi_related_not_related":"","_relevanssi_related_posts":"1296,1418,1355,1386,1376,1532","_relevanssi_noindex_reason":"","inline_featured_image":false,"footnotes":""},"categories":[14],"tags":[],"em_industry":[],"em_theme":[],"class_list":["post-1548","post","type-post","status-publish","format-standard","has-post-thumbnail","hentry","category-uutinen"],"acf":[],"yoast_head":"<!-- This site is optimized with the Yoast SEO Premium plugin v27.1 (Yoast SEO v27.5) - https:\/\/yoast.com\/product\/yoast-seo-premium-wordpress\/ -->\n<title>Meyer Turun telakka luovutti maailman edistyksellisimm\u00e4n risteilyaluksen Icon of the Seasin - Meriteollisuus ry<\/title>\n<meta name=\"robots\" content=\"index, follow, max-snippet:-1, max-image-preview:large, max-video-preview:-1\" \/>\n<link rel=\"canonical\" href=\"https:\/\/teknologiateollisuus.fi\/meriteollisuus\/meyer-turun-telakka-luovutti-maailman-edistyksellisimman-risteilyaluksen-icon-of-the-seasin\/\" \/>\n<meta property=\"og:locale\" content=\"fi_FI\" \/>\n<meta property=\"og:type\" content=\"article\" \/>\n<meta property=\"og:title\" content=\"Meyer Turun telakka luovutti maailman edistyksellisimm\u00e4n risteilyaluksen Icon of the Seasin\" \/>\n<meta property=\"og:description\" content=\"Meyer Turku on luovuttanut Icon of the Seas -aluksen sen tilaajalle Royal Caribbean International -varustamolle. Icon of the Seas on maailman edistyksellisin risteilyalus ja varustamonsa ymp\u00e4rist\u00f6yst\u00e4v\u00e4llisin laiva. Alus l\u00e4htee Meyer Turun telakalta kuluvan viikon aikana ja aloittaa ensimm\u00e4isen matkansa Miamista tammikuussa 2024.\" \/>\n<meta property=\"og:url\" content=\"https:\/\/teknologiateollisuus.fi\/meriteollisuus\/meyer-turun-telakka-luovutti-maailman-edistyksellisimman-risteilyaluksen-icon-of-the-seasin\/\" \/>\n<meta property=\"og:site_name\" content=\"Meriteollisuus ry\" \/>\n<meta property=\"article:published_time\" content=\"2023-11-28T06:58:00+00:00\" \/>\n<meta property=\"article:modified_time\" content=\"2024-09-19T15:19:22+00:00\" \/>\n<meta property=\"og:image\" content=\"https:\/\/teknologiateollisuus.fi\/meriteollisuus\/wp-content\/uploads\/sites\/5\/2024\/08\/Meyer-Turun-telakka-luovutti-maailman-edistyksellisimman-risteilyaluksen-Icon-of-the-Seasin-kuva-1-scaled.jpg\" \/>\n\t<meta property=\"og:image:width\" content=\"2560\" \/>\n\t<meta property=\"og:image:height\" content=\"1920\" \/>\n\t<meta property=\"og:image:type\" content=\"image\/jpeg\" \/>\n<meta name=\"author\" content=\"jelis4\" \/>\n<meta name=\"twitter:card\" content=\"summary_large_image\" \/>\n<meta name=\"twitter:label1\" content=\"Kirjoittanut\" \/>\n\t<meta name=\"twitter:data1\" content=\"jelis4\" \/>\n\t<meta name=\"twitter:label2\" content=\"Arvioitu lukuaika\" \/>\n\t<meta name=\"twitter:data2\" content=\"3 minuuttia\" \/>\n<script type=\"application\/ld+json\" class=\"yoast-schema-graph\">{\"@context\":\"https:\\\/\\\/schema.org\",\"@graph\":[{\"@type\":\"Article\",\"@id\":\"https:\\\/\\\/teknologiateollisuus.fi\\\/meriteollisuus\\\/meyer-turun-telakka-luovutti-maailman-edistyksellisimman-risteilyaluksen-icon-of-the-seasin\\\/#article\",\"isPartOf\":{\"@id\":\"https:\\\/\\\/teknologiateollisuus.fi\\\/meriteollisuus\\\/meyer-turun-telakka-luovutti-maailman-edistyksellisimman-risteilyaluksen-icon-of-the-seasin\\\/\"},\"author\":{\"name\":\"jelis4\",\"@id\":\"https:\\\/\\\/teknologiateollisuus.fi\\\/meriteollisuus\\\/#\\\/schema\\\/person\\\/dfe3e24b818be7e08b7c2080ba868aa5\"},\"headline\":\"Meyer Turun telakka luovutti maailman edistyksellisimm\u00e4n risteilyaluksen Icon of the Seasin\",\"datePublished\":\"2023-11-28T06:58:00+00:00\",\"dateModified\":\"2024-09-19T15:19:22+00:00\",\"mainEntityOfPage\":{\"@id\":\"https:\\\/\\\/teknologiateollisuus.fi\\\/meriteollisuus\\\/meyer-turun-telakka-luovutti-maailman-edistyksellisimman-risteilyaluksen-icon-of-the-seasin\\\/\"},\"wordCount\":395,\"image\":{\"@id\":\"https:\\\/\\\/teknologiateollisuus.fi\\\/meriteollisuus\\\/meyer-turun-telakka-luovutti-maailman-edistyksellisimman-risteilyaluksen-icon-of-the-seasin\\\/#primaryimage\"},\"thumbnailUrl\":\"https:\\\/\\\/teknologiateollisuus.fi\\\/meriteollisuus\\\/wp-content\\\/uploads\\\/sites\\\/5\\\/2024\\\/08\\\/Meyer-Turun-telakka-luovutti-maailman-edistyksellisimman-risteilyaluksen-Icon-of-the-Seasin-kuva-1-scaled.jpg\",\"articleSection\":[\"Uutinen\"],\"inLanguage\":\"fi\"},{\"@type\":\"WebPage\",\"@id\":\"https:\\\/\\\/teknologiateollisuus.fi\\\/meriteollisuus\\\/meyer-turun-telakka-luovutti-maailman-edistyksellisimman-risteilyaluksen-icon-of-the-seasin\\\/\",\"url\":\"https:\\\/\\\/teknologiateollisuus.fi\\\/meriteollisuus\\\/meyer-turun-telakka-luovutti-maailman-edistyksellisimman-risteilyaluksen-icon-of-the-seasin\\\/\",\"name\":\"Meyer Turun telakka luovutti maailman edistyksellisimm\u00e4n risteilyaluksen Icon of the Seasin - Meriteollisuus ry\",\"isPartOf\":{\"@id\":\"https:\\\/\\\/teknologiateollisuus.fi\\\/meriteollisuus\\\/#website\"},\"primaryImageOfPage\":{\"@id\":\"https:\\\/\\\/teknologiateollisuus.fi\\\/meriteollisuus\\\/meyer-turun-telakka-luovutti-maailman-edistyksellisimman-risteilyaluksen-icon-of-the-seasin\\\/#primaryimage\"},\"image\":{\"@id\":\"https:\\\/\\\/teknologiateollisuus.fi\\\/meriteollisuus\\\/meyer-turun-telakka-luovutti-maailman-edistyksellisimman-risteilyaluksen-icon-of-the-seasin\\\/#primaryimage\"},\"thumbnailUrl\":\"https:\\\/\\\/teknologiateollisuus.fi\\\/meriteollisuus\\\/wp-content\\\/uploads\\\/sites\\\/5\\\/2024\\\/08\\\/Meyer-Turun-telakka-luovutti-maailman-edistyksellisimman-risteilyaluksen-Icon-of-the-Seasin-kuva-1-scaled.jpg\",\"datePublished\":\"2023-11-28T06:58:00+00:00\",\"dateModified\":\"2024-09-19T15:19:22+00:00\",\"author\":{\"@id\":\"https:\\\/\\\/teknologiateollisuus.fi\\\/meriteollisuus\\\/#\\\/schema\\\/person\\\/dfe3e24b818be7e08b7c2080ba868aa5\"},\"breadcrumb\":{\"@id\":\"https:\\\/\\\/teknologiateollisuus.fi\\\/meriteollisuus\\\/meyer-turun-telakka-luovutti-maailman-edistyksellisimman-risteilyaluksen-icon-of-the-seasin\\\/#breadcrumb\"},\"inLanguage\":\"fi\",\"potentialAction\":[{\"@type\":\"ReadAction\",\"target\":[\"https:\\\/\\\/teknologiateollisuus.fi\\\/meriteollisuus\\\/meyer-turun-telakka-luovutti-maailman-edistyksellisimman-risteilyaluksen-icon-of-the-seasin\\\/\"]}]},{\"@type\":\"ImageObject\",\"inLanguage\":\"fi\",\"@id\":\"https:\\\/\\\/teknologiateollisuus.fi\\\/meriteollisuus\\\/meyer-turun-telakka-luovutti-maailman-edistyksellisimman-risteilyaluksen-icon-of-the-seasin\\\/#primaryimage\",\"url\":\"https:\\\/\\\/teknologiateollisuus.fi\\\/meriteollisuus\\\/wp-content\\\/uploads\\\/sites\\\/5\\\/2024\\\/08\\\/Meyer-Turun-telakka-luovutti-maailman-edistyksellisimman-risteilyaluksen-Icon-of-the-Seasin-kuva-1-scaled.jpg\",\"contentUrl\":\"https:\\\/\\\/teknologiateollisuus.fi\\\/meriteollisuus\\\/wp-content\\\/uploads\\\/sites\\\/5\\\/2024\\\/08\\\/Meyer-Turun-telakka-luovutti-maailman-edistyksellisimman-risteilyaluksen-Icon-of-the-Seasin-kuva-1-scaled.jpg\",\"width\":2560,\"height\":1920},{\"@type\":\"BreadcrumbList\",\"@id\":\"https:\\\/\\\/teknologiateollisuus.fi\\\/meriteollisuus\\\/meyer-turun-telakka-luovutti-maailman-edistyksellisimman-risteilyaluksen-icon-of-the-seasin\\\/#breadcrumb\",\"itemListElement\":[{\"@type\":\"ListItem\",\"position\":1,\"name\":\"Etusivu\",\"item\":\"https:\\\/\\\/teknologiateollisuus.fi\\\/meriteollisuus\\\/\"},{\"@type\":\"ListItem\",\"position\":2,\"name\":\"Ajankohtaista\",\"item\":\"https:\\\/\\\/teknologiateollisuus.fi\\\/meriteollisuus\\\/ajankohtaista\\\/\"},{\"@type\":\"ListItem\",\"position\":3,\"name\":\"Meyer Turun telakka luovutti maailman edistyksellisimm\u00e4n risteilyaluksen Icon of the Seasin\"}]},{\"@type\":\"WebSite\",\"@id\":\"https:\\\/\\\/teknologiateollisuus.fi\\\/meriteollisuus\\\/#website\",\"url\":\"https:\\\/\\\/teknologiateollisuus.fi\\\/meriteollisuus\\\/\",\"name\":\"Meriteollisuus ry\",\"description\":\"\",\"potentialAction\":[{\"@type\":\"SearchAction\",\"target\":{\"@type\":\"EntryPoint\",\"urlTemplate\":\"https:\\\/\\\/teknologiateollisuus.fi\\\/meriteollisuus\\\/?s={search_term_string}\"},\"query-input\":{\"@type\":\"PropertyValueSpecification\",\"valueRequired\":true,\"valueName\":\"search_term_string\"}}],\"inLanguage\":\"fi\"},{\"@type\":\"Person\",\"@id\":\"https:\\\/\\\/teknologiateollisuus.fi\\\/meriteollisuus\\\/#\\\/schema\\\/person\\\/dfe3e24b818be7e08b7c2080ba868aa5\",\"name\":\"jelis4\",\"image\":{\"@type\":\"ImageObject\",\"inLanguage\":\"fi\",\"@id\":\"https:\\\/\\\/secure.gravatar.com\\\/avatar\\\/03da8e33bfbe27071e80d6739d51c0ae5e2fc8e994459b31db39771dc2b02531?s=96&d=mm&r=g\",\"url\":\"https:\\\/\\\/secure.gravatar.com\\\/avatar\\\/03da8e33bfbe27071e80d6739d51c0ae5e2fc8e994459b31db39771dc2b02531?s=96&d=mm&r=g\",\"contentUrl\":\"https:\\\/\\\/secure.gravatar.com\\\/avatar\\\/03da8e33bfbe27071e80d6739d51c0ae5e2fc8e994459b31db39771dc2b02531?s=96&d=mm&r=g\",\"caption\":\"jelis4\"}}]}<\/script>\n<!-- \/ Yoast SEO Premium plugin. -->","yoast_head_json":{"title":"Meyer Turun telakka luovutti maailman edistyksellisimm\u00e4n risteilyaluksen Icon of the Seasin - Meriteollisuus ry","robots":{"index":"index","follow":"follow","max-snippet":"max-snippet:-1","max-image-preview":"max-image-preview:large","max-video-preview":"max-video-preview:-1"},"canonical":"https:\/\/teknologiateollisuus.fi\/meriteollisuus\/meyer-turun-telakka-luovutti-maailman-edistyksellisimman-risteilyaluksen-icon-of-the-seasin\/","og_locale":"fi_FI","og_type":"article","og_title":"Meyer Turun telakka luovutti maailman edistyksellisimm\u00e4n risteilyaluksen Icon of the Seasin","og_description":"Meyer Turku on luovuttanut Icon of the Seas -aluksen sen tilaajalle Royal Caribbean International -varustamolle. Icon of the Seas on maailman edistyksellisin risteilyalus ja varustamonsa ymp\u00e4rist\u00f6yst\u00e4v\u00e4llisin laiva. Alus l\u00e4htee Meyer Turun telakalta kuluvan viikon aikana ja aloittaa ensimm\u00e4isen matkansa Miamista tammikuussa 2024.","og_url":"https:\/\/teknologiateollisuus.fi\/meriteollisuus\/meyer-turun-telakka-luovutti-maailman-edistyksellisimman-risteilyaluksen-icon-of-the-seasin\/","og_site_name":"Meriteollisuus ry","article_published_time":"2023-11-28T06:58:00+00:00","article_modified_time":"2024-09-19T15:19:22+00:00","og_image":[{"width":2560,"height":1920,"url":"https:\/\/teknologiateollisuus.fi\/meriteollisuus\/wp-content\/uploads\/sites\/5\/2024\/08\/Meyer-Turun-telakka-luovutti-maailman-edistyksellisimman-risteilyaluksen-Icon-of-the-Seasin-kuva-1-scaled.jpg","type":"image\/jpeg"}],"author":"jelis4","twitter_card":"summary_large_image","twitter_misc":{"Kirjoittanut":"jelis4","Arvioitu lukuaika":"3 minuuttia"},"schema":{"@context":"https:\/\/schema.org","@graph":[{"@type":"Article","@id":"https:\/\/teknologiateollisuus.fi\/meriteollisuus\/meyer-turun-telakka-luovutti-maailman-edistyksellisimman-risteilyaluksen-icon-of-the-seasin\/#article","isPartOf":{"@id":"https:\/\/teknologiateollisuus.fi\/meriteollisuus\/meyer-turun-telakka-luovutti-maailman-edistyksellisimman-risteilyaluksen-icon-of-the-seasin\/"},"author":{"name":"jelis4","@id":"https:\/\/teknologiateollisuus.fi\/meriteollisuus\/#\/schema\/person\/dfe3e24b818be7e08b7c2080ba868aa5"},"headline":"Meyer Turun telakka luovutti maailman edistyksellisimm\u00e4n risteilyaluksen Icon of the Seasin","datePublished":"2023-11-28T06:58:00+00:00","dateModified":"2024-09-19T15:19:22+00:00","mainEntityOfPage":{"@id":"https:\/\/teknologiateollisuus.fi\/meriteollisuus\/meyer-turun-telakka-luovutti-maailman-edistyksellisimman-risteilyaluksen-icon-of-the-seasin\/"},"wordCount":395,"image":{"@id":"https:\/\/teknologiateollisuus.fi\/meriteollisuus\/meyer-turun-telakka-luovutti-maailman-edistyksellisimman-risteilyaluksen-icon-of-the-seasin\/#primaryimage"},"thumbnailUrl":"https:\/\/teknologiateollisuus.fi\/meriteollisuus\/wp-content\/uploads\/sites\/5\/2024\/08\/Meyer-Turun-telakka-luovutti-maailman-edistyksellisimman-risteilyaluksen-Icon-of-the-Seasin-kuva-1-scaled.jpg","articleSection":["Uutinen"],"inLanguage":"fi"},{"@type":"WebPage","@id":"https:\/\/teknologiateollisuus.fi\/meriteollisuus\/meyer-turun-telakka-luovutti-maailman-edistyksellisimman-risteilyaluksen-icon-of-the-seasin\/","url":"https:\/\/teknologiateollisuus.fi\/meriteollisuus\/meyer-turun-telakka-luovutti-maailman-edistyksellisimman-risteilyaluksen-icon-of-the-seasin\/","name":"Meyer Turun telakka luovutti maailman edistyksellisimm\u00e4n risteilyaluksen Icon of the Seasin - Meriteollisuus ry","isPartOf":{"@id":"https:\/\/teknologiateollisuus.fi\/meriteollisuus\/#website"},"primaryImageOfPage":{"@id":"https:\/\/teknologiateollisuus.fi\/meriteollisuus\/meyer-turun-telakka-luovutti-maailman-edistyksellisimman-risteilyaluksen-icon-of-the-seasin\/#primaryimage"},"image":{"@id":"https:\/\/teknologiateollisuus.fi\/meriteollisuus\/meyer-turun-telakka-luovutti-maailman-edistyksellisimman-risteilyaluksen-icon-of-the-seasin\/#primaryimage"},"thumbnailUrl":"https:\/\/teknologiateollisuus.fi\/meriteollisuus\/wp-content\/uploads\/sites\/5\/2024\/08\/Meyer-Turun-telakka-luovutti-maailman-edistyksellisimman-risteilyaluksen-Icon-of-the-Seasin-kuva-1-scaled.jpg","datePublished":"2023-11-28T06:58:00+00:00","dateModified":"2024-09-19T15:19:22+00:00","author":{"@id":"https:\/\/teknologiateollisuus.fi\/meriteollisuus\/#\/schema\/person\/dfe3e24b818be7e08b7c2080ba868aa5"},"breadcrumb":{"@id":"https:\/\/teknologiateollisuus.fi\/meriteollisuus\/meyer-turun-telakka-luovutti-maailman-edistyksellisimman-risteilyaluksen-icon-of-the-seasin\/#breadcrumb"},"inLanguage":"fi","potentialAction":[{"@type":"ReadAction","target":["https:\/\/teknologiateollisuus.fi\/meriteollisuus\/meyer-turun-telakka-luovutti-maailman-edistyksellisimman-risteilyaluksen-icon-of-the-seasin\/"]}]},{"@type":"ImageObject","inLanguage":"fi","@id":"https:\/\/teknologiateollisuus.fi\/meriteollisuus\/meyer-turun-telakka-luovutti-maailman-edistyksellisimman-risteilyaluksen-icon-of-the-seasin\/#primaryimage","url":"https:\/\/teknologiateollisuus.fi\/meriteollisuus\/wp-content\/uploads\/sites\/5\/2024\/08\/Meyer-Turun-telakka-luovutti-maailman-edistyksellisimman-risteilyaluksen-Icon-of-the-Seasin-kuva-1-scaled.jpg","contentUrl":"https:\/\/teknologiateollisuus.fi\/meriteollisuus\/wp-content\/uploads\/sites\/5\/2024\/08\/Meyer-Turun-telakka-luovutti-maailman-edistyksellisimman-risteilyaluksen-Icon-of-the-Seasin-kuva-1-scaled.jpg","width":2560,"height":1920},{"@type":"BreadcrumbList","@id":"https:\/\/teknologiateollisuus.fi\/meriteollisuus\/meyer-turun-telakka-luovutti-maailman-edistyksellisimman-risteilyaluksen-icon-of-the-seasin\/#breadcrumb","itemListElement":[{"@type":"ListItem","position":1,"name":"Etusivu","item":"https:\/\/teknologiateollisuus.fi\/meriteollisuus\/"},{"@type":"ListItem","position":2,"name":"Ajankohtaista","item":"https:\/\/teknologiateollisuus.fi\/meriteollisuus\/ajankohtaista\/"},{"@type":"ListItem","position":3,"name":"Meyer Turun telakka luovutti maailman edistyksellisimm\u00e4n risteilyaluksen Icon of the Seasin"}]},{"@type":"WebSite","@id":"https:\/\/teknologiateollisuus.fi\/meriteollisuus\/#website","url":"https:\/\/teknologiateollisuus.fi\/meriteollisuus\/","name":"Meriteollisuus ry","description":"","potentialAction":[{"@type":"SearchAction","target":{"@type":"EntryPoint","urlTemplate":"https:\/\/teknologiateollisuus.fi\/meriteollisuus\/?s={search_term_string}"},"query-input":{"@type":"PropertyValueSpecification","valueRequired":true,"valueName":"search_term_string"}}],"inLanguage":"fi"},{"@type":"Person","@id":"https:\/\/teknologiateollisuus.fi\/meriteollisuus\/#\/schema\/person\/dfe3e24b818be7e08b7c2080ba868aa5","name":"jelis4","image":{"@type":"ImageObject","inLanguage":"fi","@id":"https:\/\/secure.gravatar.com\/avatar\/03da8e33bfbe27071e80d6739d51c0ae5e2fc8e994459b31db39771dc2b02531?s=96&d=mm&r=g","url":"https:\/\/secure.gravatar.com\/avatar\/03da8e33bfbe27071e80d6739d51c0ae5e2fc8e994459b31db39771dc2b02531?s=96&d=mm&r=g","contentUrl":"https:\/\/secure.gravatar.com\/avatar\/03da8e33bfbe27071e80d6739d51c0ae5e2fc8e994459b31db39771dc2b02531?s=96&d=mm&r=g","caption":"jelis4"}}]}},"lang":"fi","translations":{"fi":1548},"pll_sync_post":{},"_links":{"self":[{"href":"https:\/\/teknologiateollisuus.fi\/meriteollisuus\/wp-json\/wp\/v2\/posts\/1548","targetHints":{"allow":["GET"]}}],"collection":[{"href":"https:\/\/teknologiateollisuus.fi\/meriteollisuus\/wp-json\/wp\/v2\/posts"}],"about":[{"href":"https:\/\/teknologiateollisuus.fi\/meriteollisuus\/wp-json\/wp\/v2\/types\/post"}],"author":[{"embeddable":true,"href":"https:\/\/teknologiateollisuus.fi\/meriteollisuus\/wp-json\/wp\/v2\/users\/49"}],"replies":[{"embeddable":true,"href":"https:\/\/teknologiateollisuus.fi\/meriteollisuus\/wp-json\/wp\/v2\/comments?post=1548"}],"version-history":[{"count":1,"href":"https:\/\/teknologiateollisuus.fi\/meriteollisuus\/wp-json\/wp\/v2\/posts\/1548\/revisions"}],"predecessor-version":[{"id":1549,"href":"https:\/\/teknologiateollisuus.fi\/meriteollisuus\/wp-json\/wp\/v2\/posts\/1548\/revisions\/1549"}],"wp:featuredmedia":[{"embeddable":true,"href":"https:\/\/teknologiateollisuus.fi\/meriteollisuus\/wp-json\/wp\/v2\/media\/710"}],"wp:attachment":[{"href":"https:\/\/teknologiateollisuus.fi\/meriteollisuus\/wp-json\/wp\/v2\/media?parent=1548"}],"wp:term":[{"taxonomy":"category","embeddable":true,"href":"https:\/\/teknologiateollisuus.fi\/meriteollisuus\/wp-json\/wp\/v2\/categories?post=1548"},{"taxonomy":"post_tag","embeddable":true,"href":"https:\/\/teknologiateollisuus.fi\/meriteollisuus\/wp-json\/wp\/v2\/tags?post=1548"},{"taxonomy":"em_industry","embeddable":true,"href":"https:\/\/teknologiateollisuus.fi\/meriteollisuus\/wp-json\/wp\/v2\/em_industry?post=1548"},{"taxonomy":"em_theme","embeddable":true,"href":"https:\/\/teknologiateollisuus.fi\/meriteollisuus\/wp-json\/wp\/v2\/em_theme?post=1548"}],"curies":[{"name":"wp","href":"https:\/\/api.w.org\/{rel}","templated":true}]}}