{"id":1954,"date":"2024-10-08T08:39:00","date_gmt":"2024-10-08T05:39:00","guid":{"rendered":"https:\/\/teknologiateollisuus.fi\/meriteollisuus\/?p=1954"},"modified":"2025-01-03T12:20:40","modified_gmt":"2025-01-03T10:20:40","slug":"star-of-the-seas-laskettiin-vesille-meyer-turun-telakalla","status":"publish","type":"post","link":"https:\/\/teknologiateollisuus.fi\/meriteollisuus\/star-of-the-seas-laskettiin-vesille-meyer-turun-telakalla\/","title":{"rendered":"Star of the Seas laskettiin vesille Meyer Turun telakalla"},"content":{"rendered":"\n<p>Royal Caribbean Internationalille rakennettavan Icon-laivasarjan toinen alus Star of the Seas on laskettu vesille Meyer Turun telakalla.<\/p>\n\n\n\n<p>Meyer Turun telakalla rakennettava Star of the Seas laskettiin vesille perinteisin menoin keskiviikkona 25.9.2024. Seremoniaa seuranneen viikonlopun aikana alus siirrettiin varustelulaituriin, miss\u00e4 sen nyt valmiiksi koottu runko viimeistell\u00e4\u00e4n upeaksi risteilyalukseksi seuraavan reilun puolen vuoden aikana.<\/p>\n\n\n\n<figure class=\"wp-block-image size-large is-resized\"><img loading=\"lazy\" decoding=\"async\" width=\"968\" height=\"1162\" src=\"https:\/\/teknologiateollisuus.fi\/meriteollisuus\/wp-content\/uploads\/sites\/5\/2024\/10\/Meyer20rakennusaltaan20on20ja20alkaa20Star20the20alle._0-968x1162.jpg\" alt=\"\" class=\"wp-image-1956\" style=\"width:531px;height:auto\" srcset=\"https:\/\/teknologiateollisuus.fi\/meriteollisuus\/wp-content\/uploads\/sites\/5\/2024\/10\/Meyer20rakennusaltaan20on20ja20alkaa20Star20the20alle._0-968x1162.jpg 968w, https:\/\/teknologiateollisuus.fi\/meriteollisuus\/wp-content\/uploads\/sites\/5\/2024\/10\/Meyer20rakennusaltaan20on20ja20alkaa20Star20the20alle._0-400x480.jpg 400w, https:\/\/teknologiateollisuus.fi\/meriteollisuus\/wp-content\/uploads\/sites\/5\/2024\/10\/Meyer20rakennusaltaan20on20ja20alkaa20Star20the20alle._0-768x922.jpg 768w, https:\/\/teknologiateollisuus.fi\/meriteollisuus\/wp-content\/uploads\/sites\/5\/2024\/10\/Meyer20rakennusaltaan20on20ja20alkaa20Star20the20alle._0-1279x1536.jpg 1279w, https:\/\/teknologiateollisuus.fi\/meriteollisuus\/wp-content\/uploads\/sites\/5\/2024\/10\/Meyer20rakennusaltaan20on20ja20alkaa20Star20the20alle._0-1706x2048.jpg 1706w, https:\/\/teknologiateollisuus.fi\/meriteollisuus\/wp-content\/uploads\/sites\/5\/2024\/10\/Meyer20rakennusaltaan20on20ja20alkaa20Star20the20alle._0-1083x1300.jpg 1083w, https:\/\/teknologiateollisuus.fi\/meriteollisuus\/wp-content\/uploads\/sites\/5\/2024\/10\/Meyer20rakennusaltaan20on20ja20alkaa20Star20the20alle._0-1199x1440.jpg 1199w\" sizes=\"auto, (max-width: 968px) 100vw, 968px\" \/><figcaption class=\"wp-element-caption\">Meyer Turun rakennusaltaan venttiilit on avattu ja vett\u00e4 alkaa virrata Star of the Seasin alle. (Kuva: Meyer Turku\/Mediascope Productions)<\/figcaption><\/figure>\n\n\n\n<p>Meyer Turun toimitusjohtaja&nbsp;<strong>Tim Meyer<\/strong>: \u201cStar of the Seas jatkaa huippunykyaikaista Icon-sarjaa, joka on otettu markkinoilla vastaan ennenn\u00e4kem\u00e4tt\u00f6m\u00e4ll\u00e4 suosiolla. Starin my\u00f6t\u00e4 p\u00e4\u00e4semme j\u00e4lleen n\u00e4ytt\u00e4m\u00e4\u00e4n ainutlaatuista ammattitaitoamme ja rikastamaan sit\u00e4 Iconin rakennusprosessin aikana kertyneell\u00e4 tuoreella osaamisella ja entist\u00e4 sujuvammilla prosesseilla. Star of the Seas on t\u00e4rke\u00e4 askel matkallamme kohti entist\u00e4 kest\u00e4v\u00e4mp\u00e4\u00e4 laivanrakennusta.\u201d<\/p>\n\n\n\n<figure class=\"wp-block-image size-large is-resized\"><img loading=\"lazy\" decoding=\"async\" width=\"968\" height=\"545\" src=\"https:\/\/teknologiateollisuus.fi\/meriteollisuus\/wp-content\/uploads\/sites\/5\/2024\/10\/Star20the20varustelulaiturissa._1-968x545.jpg\" alt=\"\" class=\"wp-image-1957\" style=\"width:590px;height:auto\" srcset=\"https:\/\/teknologiateollisuus.fi\/meriteollisuus\/wp-content\/uploads\/sites\/5\/2024\/10\/Star20the20varustelulaiturissa._1-968x545.jpg 968w, https:\/\/teknologiateollisuus.fi\/meriteollisuus\/wp-content\/uploads\/sites\/5\/2024\/10\/Star20the20varustelulaiturissa._1-400x225.jpg 400w, https:\/\/teknologiateollisuus.fi\/meriteollisuus\/wp-content\/uploads\/sites\/5\/2024\/10\/Star20the20varustelulaiturissa._1-768x432.jpg 768w, https:\/\/teknologiateollisuus.fi\/meriteollisuus\/wp-content\/uploads\/sites\/5\/2024\/10\/Star20the20varustelulaiturissa._1-1536x864.jpg 1536w, https:\/\/teknologiateollisuus.fi\/meriteollisuus\/wp-content\/uploads\/sites\/5\/2024\/10\/Star20the20varustelulaiturissa._1-2048x1152.jpg 2048w, https:\/\/teknologiateollisuus.fi\/meriteollisuus\/wp-content\/uploads\/sites\/5\/2024\/10\/Star20the20varustelulaiturissa._1-1300x731.jpg 1300w, https:\/\/teknologiateollisuus.fi\/meriteollisuus\/wp-content\/uploads\/sites\/5\/2024\/10\/Star20the20varustelulaiturissa._1-1440x810.jpg 1440w\" sizes=\"auto, (max-width: 968px) 100vw, 968px\" \/><figcaption class=\"wp-element-caption\">Star of the Seas varustelulaiturissa. (Kuva: Meyer Turku)<\/figcaption><\/figure>\n\n\n\n<p>365 metri\u00e4 pitk\u00e4, l\u00e4hes 50 metri\u00e4 leve\u00e4 ja noin 250 000 bruttotonnin vetoinen Star of the Seas on Icon-luokan toinen alus. Sarjan ensimm\u00e4inen laiva, Icon of the Seas luovutettiin marraskuussa 2023, Icon 3 luovutetaan vuonna 2026 ja Icon 4 vuonna 2027. Royal Caribbean on julkistanut my\u00f6s optiot sarjan viidennest\u00e4 ja kuudennesta aluksesta.&nbsp;<\/p>\n\n\n\n<p>Icon-luokan tunnusmerkkien mukaisesti alukseen on nostettu j\u00e4ttim\u00e4inen lasi- ja ter\u00e4skupoli, viihdekeskus AquaDome. Alus tarjoaa matkustajille mm. my\u00f6s kahdeksan teema-aluetta, lukuisia uima-altaita sek\u00e4 nelisenkymment\u00e4 ravintolaa.<\/p>\n\n\n\n<p>Icon-luokan laivat ovat varustamonsa ensimm\u00e4iset nesteytetyll\u00e4 maakaasulla k\u00e4yv\u00e4t ja polttokennoteknologiaa ja hy\u00f6dynt\u00e4v\u00e4t alukset. Yhdess\u00e4 muiden ominaisuuksiensa, kuten maas\u00e4hk\u00f6liit\u00e4nt\u00f6jen ja hukkal\u00e4mm\u00f6n talteenottoj\u00e4rjestelmien kanssa ne ovat kest\u00e4v\u00e4n kehityksen edell\u00e4k\u00e4vij\u00f6it\u00e4.<\/p>\n\n\n\n<p>Star of the Seas luovutetaan tilaajalle kes\u00e4ll\u00e4 2025.&nbsp;<\/p>\n\n\n\n<p><a href=\"https:\/\/www.meyerturku.fi\/fi\/media\/index.jsp\">Alkuper\u00e4inen tiedote l\u00f6ytyy t\u00e4\u00e4lt\u00e4<\/a>.<\/p>\n\n\n\n<p>Kuvat: Meyer Turku\/Mediascope Productions<\/p>\n","protected":false},"excerpt":{"rendered":"<p>Royal Caribbean Internationalille rakennettavan Icon-laivasarjan toinen alus Star of the Seas on laskettu vesille Meyer Turun telakalla. Meyer Turun telakalla rakennettava Star of the Seas laskettiin vesille perinteisin menoin keskiviikkona 25.9.2024. Seremoniaa seuranneen viikonlopun aikana alus siirrettiin varustelulaituriin, miss\u00e4 sen nyt valmiiksi koottu runko viimeistell\u00e4\u00e4n upeaksi risteilyalukseksi seuraavan reilun puolen vuoden aikana. Meyer Turun toimitusjohtaja&nbsp;Tim [&hellip;]<\/p>\n","protected":false},"author":49,"featured_media":1955,"comment_status":"closed","ping_status":"closed","sticky":false,"template":"","format":"standard","meta":{"_acf_changed":false,"_relevanssi_hide_post":"","_relevanssi_hide_content":"","_relevanssi_pin_for_all":"","_relevanssi_pin_keywords":"","_relevanssi_unpin_keywords":"","_relevanssi_related_keywords":"","_relevanssi_related_include_ids":"","_relevanssi_related_exclude_ids":"","_relevanssi_related_no_append":"","_relevanssi_related_not_related":"","_relevanssi_related_posts":"1514,1479,1522,1348,1452,1460","_relevanssi_noindex_reason":"","inline_featured_image":false,"footnotes":""},"categories":[14],"tags":[],"em_industry":[],"em_theme":[76],"class_list":["post-1954","post","type-post","status-publish","format-standard","has-post-thumbnail","hentry","category-uutinen","em_theme-jasenyritys"],"acf":[],"yoast_head":"<!-- This site is optimized with the Yoast SEO Premium plugin v27.1 (Yoast SEO v27.5) - https:\/\/yoast.com\/product\/yoast-seo-premium-wordpress\/ -->\n<title>Star of the Seas laskettiin vesille Meyer Turun telakalla - Meriteollisuus ry<\/title>\n<meta name=\"robots\" content=\"index, follow, max-snippet:-1, max-image-preview:large, max-video-preview:-1\" \/>\n<link rel=\"canonical\" href=\"https:\/\/teknologiateollisuus.fi\/meriteollisuus\/star-of-the-seas-laskettiin-vesille-meyer-turun-telakalla\/\" \/>\n<meta property=\"og:locale\" content=\"fi_FI\" \/>\n<meta property=\"og:type\" content=\"article\" \/>\n<meta property=\"og:title\" content=\"Star of the Seas laskettiin vesille Meyer Turun telakalla\" \/>\n<meta property=\"og:description\" content=\"Royal Caribbean Internationalille rakennettavan Icon-laivasarjan toinen alus Star of the Seas on laskettu vesille Meyer Turun telakalla. Meyer Turun telakalla rakennettava Star of the Seas laskettiin vesille perinteisin menoin keskiviikkona 25.9.2024. Seremoniaa seuranneen viikonlopun aikana alus siirrettiin varustelulaituriin, miss\u00e4 sen nyt valmiiksi koottu runko viimeistell\u00e4\u00e4n upeaksi risteilyalukseksi seuraavan reilun puolen vuoden aikana. Meyer Turun toimitusjohtaja&nbsp;Tim [&hellip;]\" \/>\n<meta property=\"og:url\" content=\"https:\/\/teknologiateollisuus.fi\/meriteollisuus\/star-of-the-seas-laskettiin-vesille-meyer-turun-telakalla\/\" \/>\n<meta property=\"og:site_name\" content=\"Meriteollisuus ry\" \/>\n<meta property=\"article:published_time\" content=\"2024-10-08T05:39:00+00:00\" \/>\n<meta property=\"article:modified_time\" content=\"2025-01-03T10:20:40+00:00\" \/>\n<meta property=\"og:image\" content=\"https:\/\/teknologiateollisuus.fi\/meriteollisuus\/wp-content\/uploads\/sites\/5\/2024\/10\/Meyer20projektipllikk20Leinonen20Star20the20vesillelaskuseremoniassa._0.jpg\" \/>\n\t<meta property=\"og:image:width\" content=\"233\" \/>\n\t<meta property=\"og:image:height\" content=\"350\" \/>\n\t<meta property=\"og:image:type\" content=\"image\/jpeg\" \/>\n<meta name=\"author\" content=\"jelis4\" \/>\n<meta name=\"twitter:card\" content=\"summary_large_image\" \/>\n<meta name=\"twitter:label1\" content=\"Kirjoittanut\" \/>\n\t<meta name=\"twitter:data1\" content=\"jelis4\" \/>\n\t<meta name=\"twitter:label2\" content=\"Arvioitu lukuaika\" \/>\n\t<meta name=\"twitter:data2\" content=\"3 minuuttia\" \/>\n<script type=\"application\/ld+json\" class=\"yoast-schema-graph\">{\"@context\":\"https:\\\/\\\/schema.org\",\"@graph\":[{\"@type\":\"Article\",\"@id\":\"https:\\\/\\\/teknologiateollisuus.fi\\\/meriteollisuus\\\/star-of-the-seas-laskettiin-vesille-meyer-turun-telakalla\\\/#article\",\"isPartOf\":{\"@id\":\"https:\\\/\\\/teknologiateollisuus.fi\\\/meriteollisuus\\\/star-of-the-seas-laskettiin-vesille-meyer-turun-telakalla\\\/\"},\"author\":{\"name\":\"jelis4\",\"@id\":\"https:\\\/\\\/teknologiateollisuus.fi\\\/meriteollisuus\\\/#\\\/schema\\\/person\\\/dfe3e24b818be7e08b7c2080ba868aa5\"},\"headline\":\"Star of the Seas laskettiin vesille Meyer Turun telakalla\",\"datePublished\":\"2024-10-08T05:39:00+00:00\",\"dateModified\":\"2025-01-03T10:20:40+00:00\",\"mainEntityOfPage\":{\"@id\":\"https:\\\/\\\/teknologiateollisuus.fi\\\/meriteollisuus\\\/star-of-the-seas-laskettiin-vesille-meyer-turun-telakalla\\\/\"},\"wordCount\":295,\"image\":{\"@id\":\"https:\\\/\\\/teknologiateollisuus.fi\\\/meriteollisuus\\\/star-of-the-seas-laskettiin-vesille-meyer-turun-telakalla\\\/#primaryimage\"},\"thumbnailUrl\":\"https:\\\/\\\/teknologiateollisuus.fi\\\/meriteollisuus\\\/wp-content\\\/uploads\\\/sites\\\/5\\\/2024\\\/10\\\/Meyer20projektipllikk20Leinonen20Star20the20vesillelaskuseremoniassa._0.jpg\",\"articleSection\":[\"Uutinen\"],\"inLanguage\":\"fi\"},{\"@type\":\"WebPage\",\"@id\":\"https:\\\/\\\/teknologiateollisuus.fi\\\/meriteollisuus\\\/star-of-the-seas-laskettiin-vesille-meyer-turun-telakalla\\\/\",\"url\":\"https:\\\/\\\/teknologiateollisuus.fi\\\/meriteollisuus\\\/star-of-the-seas-laskettiin-vesille-meyer-turun-telakalla\\\/\",\"name\":\"Star of the Seas laskettiin vesille Meyer Turun telakalla - Meriteollisuus ry\",\"isPartOf\":{\"@id\":\"https:\\\/\\\/teknologiateollisuus.fi\\\/meriteollisuus\\\/#website\"},\"primaryImageOfPage\":{\"@id\":\"https:\\\/\\\/teknologiateollisuus.fi\\\/meriteollisuus\\\/star-of-the-seas-laskettiin-vesille-meyer-turun-telakalla\\\/#primaryimage\"},\"image\":{\"@id\":\"https:\\\/\\\/teknologiateollisuus.fi\\\/meriteollisuus\\\/star-of-the-seas-laskettiin-vesille-meyer-turun-telakalla\\\/#primaryimage\"},\"thumbnailUrl\":\"https:\\\/\\\/teknologiateollisuus.fi\\\/meriteollisuus\\\/wp-content\\\/uploads\\\/sites\\\/5\\\/2024\\\/10\\\/Meyer20projektipllikk20Leinonen20Star20the20vesillelaskuseremoniassa._0.jpg\",\"datePublished\":\"2024-10-08T05:39:00+00:00\",\"dateModified\":\"2025-01-03T10:20:40+00:00\",\"author\":{\"@id\":\"https:\\\/\\\/teknologiateollisuus.fi\\\/meriteollisuus\\\/#\\\/schema\\\/person\\\/dfe3e24b818be7e08b7c2080ba868aa5\"},\"breadcrumb\":{\"@id\":\"https:\\\/\\\/teknologiateollisuus.fi\\\/meriteollisuus\\\/star-of-the-seas-laskettiin-vesille-meyer-turun-telakalla\\\/#breadcrumb\"},\"inLanguage\":\"fi\",\"potentialAction\":[{\"@type\":\"ReadAction\",\"target\":[\"https:\\\/\\\/teknologiateollisuus.fi\\\/meriteollisuus\\\/star-of-the-seas-laskettiin-vesille-meyer-turun-telakalla\\\/\"]}]},{\"@type\":\"ImageObject\",\"inLanguage\":\"fi\",\"@id\":\"https:\\\/\\\/teknologiateollisuus.fi\\\/meriteollisuus\\\/star-of-the-seas-laskettiin-vesille-meyer-turun-telakalla\\\/#primaryimage\",\"url\":\"https:\\\/\\\/teknologiateollisuus.fi\\\/meriteollisuus\\\/wp-content\\\/uploads\\\/sites\\\/5\\\/2024\\\/10\\\/Meyer20projektipllikk20Leinonen20Star20the20vesillelaskuseremoniassa._0.jpg\",\"contentUrl\":\"https:\\\/\\\/teknologiateollisuus.fi\\\/meriteollisuus\\\/wp-content\\\/uploads\\\/sites\\\/5\\\/2024\\\/10\\\/Meyer20projektipllikk20Leinonen20Star20the20vesillelaskuseremoniassa._0.jpg\",\"width\":233,\"height\":350},{\"@type\":\"BreadcrumbList\",\"@id\":\"https:\\\/\\\/teknologiateollisuus.fi\\\/meriteollisuus\\\/star-of-the-seas-laskettiin-vesille-meyer-turun-telakalla\\\/#breadcrumb\",\"itemListElement\":[{\"@type\":\"ListItem\",\"position\":1,\"name\":\"Etusivu\",\"item\":\"https:\\\/\\\/teknologiateollisuus.fi\\\/meriteollisuus\\\/\"},{\"@type\":\"ListItem\",\"position\":2,\"name\":\"Ajankohtaista\",\"item\":\"https:\\\/\\\/teknologiateollisuus.fi\\\/meriteollisuus\\\/ajankohtaista\\\/\"},{\"@type\":\"ListItem\",\"position\":3,\"name\":\"Star of the Seas laskettiin vesille Meyer Turun telakalla\"}]},{\"@type\":\"WebSite\",\"@id\":\"https:\\\/\\\/teknologiateollisuus.fi\\\/meriteollisuus\\\/#website\",\"url\":\"https:\\\/\\\/teknologiateollisuus.fi\\\/meriteollisuus\\\/\",\"name\":\"Meriteollisuus ry\",\"description\":\"\",\"potentialAction\":[{\"@type\":\"SearchAction\",\"target\":{\"@type\":\"EntryPoint\",\"urlTemplate\":\"https:\\\/\\\/teknologiateollisuus.fi\\\/meriteollisuus\\\/?s={search_term_string}\"},\"query-input\":{\"@type\":\"PropertyValueSpecification\",\"valueRequired\":true,\"valueName\":\"search_term_string\"}}],\"inLanguage\":\"fi\"},{\"@type\":\"Person\",\"@id\":\"https:\\\/\\\/teknologiateollisuus.fi\\\/meriteollisuus\\\/#\\\/schema\\\/person\\\/dfe3e24b818be7e08b7c2080ba868aa5\",\"name\":\"jelis4\",\"image\":{\"@type\":\"ImageObject\",\"inLanguage\":\"fi\",\"@id\":\"https:\\\/\\\/secure.gravatar.com\\\/avatar\\\/03da8e33bfbe27071e80d6739d51c0ae5e2fc8e994459b31db39771dc2b02531?s=96&d=mm&r=g\",\"url\":\"https:\\\/\\\/secure.gravatar.com\\\/avatar\\\/03da8e33bfbe27071e80d6739d51c0ae5e2fc8e994459b31db39771dc2b02531?s=96&d=mm&r=g\",\"contentUrl\":\"https:\\\/\\\/secure.gravatar.com\\\/avatar\\\/03da8e33bfbe27071e80d6739d51c0ae5e2fc8e994459b31db39771dc2b02531?s=96&d=mm&r=g\",\"caption\":\"jelis4\"}}]}<\/script>\n<!-- \/ Yoast SEO Premium plugin. -->","yoast_head_json":{"title":"Star of the Seas laskettiin vesille Meyer Turun telakalla - Meriteollisuus ry","robots":{"index":"index","follow":"follow","max-snippet":"max-snippet:-1","max-image-preview":"max-image-preview:large","max-video-preview":"max-video-preview:-1"},"canonical":"https:\/\/teknologiateollisuus.fi\/meriteollisuus\/star-of-the-seas-laskettiin-vesille-meyer-turun-telakalla\/","og_locale":"fi_FI","og_type":"article","og_title":"Star of the Seas laskettiin vesille Meyer Turun telakalla","og_description":"Royal Caribbean Internationalille rakennettavan Icon-laivasarjan toinen alus Star of the Seas on laskettu vesille Meyer Turun telakalla. Meyer Turun telakalla rakennettava Star of the Seas laskettiin vesille perinteisin menoin keskiviikkona 25.9.2024. Seremoniaa seuranneen viikonlopun aikana alus siirrettiin varustelulaituriin, miss\u00e4 sen nyt valmiiksi koottu runko viimeistell\u00e4\u00e4n upeaksi risteilyalukseksi seuraavan reilun puolen vuoden aikana. Meyer Turun toimitusjohtaja&nbsp;Tim [&hellip;]","og_url":"https:\/\/teknologiateollisuus.fi\/meriteollisuus\/star-of-the-seas-laskettiin-vesille-meyer-turun-telakalla\/","og_site_name":"Meriteollisuus ry","article_published_time":"2024-10-08T05:39:00+00:00","article_modified_time":"2025-01-03T10:20:40+00:00","og_image":[{"width":233,"height":350,"url":"https:\/\/teknologiateollisuus.fi\/meriteollisuus\/wp-content\/uploads\/sites\/5\/2024\/10\/Meyer20projektipllikk20Leinonen20Star20the20vesillelaskuseremoniassa._0.jpg","type":"image\/jpeg"}],"author":"jelis4","twitter_card":"summary_large_image","twitter_misc":{"Kirjoittanut":"jelis4","Arvioitu lukuaika":"3 minuuttia"},"schema":{"@context":"https:\/\/schema.org","@graph":[{"@type":"Article","@id":"https:\/\/teknologiateollisuus.fi\/meriteollisuus\/star-of-the-seas-laskettiin-vesille-meyer-turun-telakalla\/#article","isPartOf":{"@id":"https:\/\/teknologiateollisuus.fi\/meriteollisuus\/star-of-the-seas-laskettiin-vesille-meyer-turun-telakalla\/"},"author":{"name":"jelis4","@id":"https:\/\/teknologiateollisuus.fi\/meriteollisuus\/#\/schema\/person\/dfe3e24b818be7e08b7c2080ba868aa5"},"headline":"Star of the Seas laskettiin vesille Meyer Turun telakalla","datePublished":"2024-10-08T05:39:00+00:00","dateModified":"2025-01-03T10:20:40+00:00","mainEntityOfPage":{"@id":"https:\/\/teknologiateollisuus.fi\/meriteollisuus\/star-of-the-seas-laskettiin-vesille-meyer-turun-telakalla\/"},"wordCount":295,"image":{"@id":"https:\/\/teknologiateollisuus.fi\/meriteollisuus\/star-of-the-seas-laskettiin-vesille-meyer-turun-telakalla\/#primaryimage"},"thumbnailUrl":"https:\/\/teknologiateollisuus.fi\/meriteollisuus\/wp-content\/uploads\/sites\/5\/2024\/10\/Meyer20projektipllikk20Leinonen20Star20the20vesillelaskuseremoniassa._0.jpg","articleSection":["Uutinen"],"inLanguage":"fi"},{"@type":"WebPage","@id":"https:\/\/teknologiateollisuus.fi\/meriteollisuus\/star-of-the-seas-laskettiin-vesille-meyer-turun-telakalla\/","url":"https:\/\/teknologiateollisuus.fi\/meriteollisuus\/star-of-the-seas-laskettiin-vesille-meyer-turun-telakalla\/","name":"Star of the Seas laskettiin vesille Meyer Turun telakalla - Meriteollisuus ry","isPartOf":{"@id":"https:\/\/teknologiateollisuus.fi\/meriteollisuus\/#website"},"primaryImageOfPage":{"@id":"https:\/\/teknologiateollisuus.fi\/meriteollisuus\/star-of-the-seas-laskettiin-vesille-meyer-turun-telakalla\/#primaryimage"},"image":{"@id":"https:\/\/teknologiateollisuus.fi\/meriteollisuus\/star-of-the-seas-laskettiin-vesille-meyer-turun-telakalla\/#primaryimage"},"thumbnailUrl":"https:\/\/teknologiateollisuus.fi\/meriteollisuus\/wp-content\/uploads\/sites\/5\/2024\/10\/Meyer20projektipllikk20Leinonen20Star20the20vesillelaskuseremoniassa._0.jpg","datePublished":"2024-10-08T05:39:00+00:00","dateModified":"2025-01-03T10:20:40+00:00","author":{"@id":"https:\/\/teknologiateollisuus.fi\/meriteollisuus\/#\/schema\/person\/dfe3e24b818be7e08b7c2080ba868aa5"},"breadcrumb":{"@id":"https:\/\/teknologiateollisuus.fi\/meriteollisuus\/star-of-the-seas-laskettiin-vesille-meyer-turun-telakalla\/#breadcrumb"},"inLanguage":"fi","potentialAction":[{"@type":"ReadAction","target":["https:\/\/teknologiateollisuus.fi\/meriteollisuus\/star-of-the-seas-laskettiin-vesille-meyer-turun-telakalla\/"]}]},{"@type":"ImageObject","inLanguage":"fi","@id":"https:\/\/teknologiateollisuus.fi\/meriteollisuus\/star-of-the-seas-laskettiin-vesille-meyer-turun-telakalla\/#primaryimage","url":"https:\/\/teknologiateollisuus.fi\/meriteollisuus\/wp-content\/uploads\/sites\/5\/2024\/10\/Meyer20projektipllikk20Leinonen20Star20the20vesillelaskuseremoniassa._0.jpg","contentUrl":"https:\/\/teknologiateollisuus.fi\/meriteollisuus\/wp-content\/uploads\/sites\/5\/2024\/10\/Meyer20projektipllikk20Leinonen20Star20the20vesillelaskuseremoniassa._0.jpg","width":233,"height":350},{"@type":"BreadcrumbList","@id":"https:\/\/teknologiateollisuus.fi\/meriteollisuus\/star-of-the-seas-laskettiin-vesille-meyer-turun-telakalla\/#breadcrumb","itemListElement":[{"@type":"ListItem","position":1,"name":"Etusivu","item":"https:\/\/teknologiateollisuus.fi\/meriteollisuus\/"},{"@type":"ListItem","position":2,"name":"Ajankohtaista","item":"https:\/\/teknologiateollisuus.fi\/meriteollisuus\/ajankohtaista\/"},{"@type":"ListItem","position":3,"name":"Star of the Seas laskettiin vesille Meyer Turun telakalla"}]},{"@type":"WebSite","@id":"https:\/\/teknologiateollisuus.fi\/meriteollisuus\/#website","url":"https:\/\/teknologiateollisuus.fi\/meriteollisuus\/","name":"Meriteollisuus ry","description":"","potentialAction":[{"@type":"SearchAction","target":{"@type":"EntryPoint","urlTemplate":"https:\/\/teknologiateollisuus.fi\/meriteollisuus\/?s={search_term_string}"},"query-input":{"@type":"PropertyValueSpecification","valueRequired":true,"valueName":"search_term_string"}}],"inLanguage":"fi"},{"@type":"Person","@id":"https:\/\/teknologiateollisuus.fi\/meriteollisuus\/#\/schema\/person\/dfe3e24b818be7e08b7c2080ba868aa5","name":"jelis4","image":{"@type":"ImageObject","inLanguage":"fi","@id":"https:\/\/secure.gravatar.com\/avatar\/03da8e33bfbe27071e80d6739d51c0ae5e2fc8e994459b31db39771dc2b02531?s=96&d=mm&r=g","url":"https:\/\/secure.gravatar.com\/avatar\/03da8e33bfbe27071e80d6739d51c0ae5e2fc8e994459b31db39771dc2b02531?s=96&d=mm&r=g","contentUrl":"https:\/\/secure.gravatar.com\/avatar\/03da8e33bfbe27071e80d6739d51c0ae5e2fc8e994459b31db39771dc2b02531?s=96&d=mm&r=g","caption":"jelis4"}}]}},"lang":"fi","translations":{"fi":1954},"pll_sync_post":{},"_links":{"self":[{"href":"https:\/\/teknologiateollisuus.fi\/meriteollisuus\/wp-json\/wp\/v2\/posts\/1954","targetHints":{"allow":["GET"]}}],"collection":[{"href":"https:\/\/teknologiateollisuus.fi\/meriteollisuus\/wp-json\/wp\/v2\/posts"}],"about":[{"href":"https:\/\/teknologiateollisuus.fi\/meriteollisuus\/wp-json\/wp\/v2\/types\/post"}],"author":[{"embeddable":true,"href":"https:\/\/teknologiateollisuus.fi\/meriteollisuus\/wp-json\/wp\/v2\/users\/49"}],"replies":[{"embeddable":true,"href":"https:\/\/teknologiateollisuus.fi\/meriteollisuus\/wp-json\/wp\/v2\/comments?post=1954"}],"version-history":[{"count":2,"href":"https:\/\/teknologiateollisuus.fi\/meriteollisuus\/wp-json\/wp\/v2\/posts\/1954\/revisions"}],"predecessor-version":[{"id":1959,"href":"https:\/\/teknologiateollisuus.fi\/meriteollisuus\/wp-json\/wp\/v2\/posts\/1954\/revisions\/1959"}],"wp:featuredmedia":[{"embeddable":true,"href":"https:\/\/teknologiateollisuus.fi\/meriteollisuus\/wp-json\/wp\/v2\/media\/1955"}],"wp:attachment":[{"href":"https:\/\/teknologiateollisuus.fi\/meriteollisuus\/wp-json\/wp\/v2\/media?parent=1954"}],"wp:term":[{"taxonomy":"category","embeddable":true,"href":"https:\/\/teknologiateollisuus.fi\/meriteollisuus\/wp-json\/wp\/v2\/categories?post=1954"},{"taxonomy":"post_tag","embeddable":true,"href":"https:\/\/teknologiateollisuus.fi\/meriteollisuus\/wp-json\/wp\/v2\/tags?post=1954"},{"taxonomy":"em_industry","embeddable":true,"href":"https:\/\/teknologiateollisuus.fi\/meriteollisuus\/wp-json\/wp\/v2\/em_industry?post=1954"},{"taxonomy":"em_theme","embeddable":true,"href":"https:\/\/teknologiateollisuus.fi\/meriteollisuus\/wp-json\/wp\/v2\/em_theme?post=1954"}],"curies":[{"name":"wp","href":"https:\/\/api.w.org\/{rel}","templated":true}]}}