{"id":2434,"date":"2024-12-04T09:45:00","date_gmt":"2024-12-04T07:45:00","guid":{"rendered":"https:\/\/teknologiateollisuus.fi\/meriteollisuus\/?p=2434"},"modified":"2025-01-03T12:19:25","modified_gmt":"2025-01-03T10:19:25","slug":"rajavartiolaitoksen-toisenkin-uuden-ulkovartiolaivan-rakentaminen-on-alkanut","status":"publish","type":"post","link":"https:\/\/teknologiateollisuus.fi\/meriteollisuus\/rajavartiolaitoksen-toisenkin-uuden-ulkovartiolaivan-rakentaminen-on-alkanut\/","title":{"rendered":"Rajavartiolaitoksen toisenkin uuden ulkovartiolaivan rakentaminen on alkanut"},"content":{"rendered":"\n<h4 class=\"wp-block-heading\" id=\"rajavartiolaitoksen-meyer-turulta-tilaamien-kahden-uuden-vartiolaivan-valmistuminen-etenee-tiistaina-3-12-2024-kaynnistettiin-jalkimmaisen-vuonna-2026-valmistuvan-aluksen-tuotanto\">Rajavartiolaitoksen Meyer Turulta tilaamien kahden uuden vartiolaivan valmistuminen etenee. Tiistaina 3.12.2024 k\u00e4ynnistettiin j\u00e4lkimm\u00e4isen, vuonna 2026 valmistuvan aluksen tuotanto.<\/h4>\n\n\n\n<p>Laivanrakennusperinteiden mukainen tuotannonaloitusseremonia j\u00e4rjestettiin Baltic Operatorin telakalla Gdanskissa. Aluksen ensimm\u00e4isen ter\u00e4slevyn leikkaamista juhlistavaan tilaisuuteen osallistui Rajavartiolaitoksen, Meyer Turun, Baltic Operatorin ja Bureau Veritasin edustajia. <\/p>\n\n\n\n<p>\u201cKaksi laivaa kattava projektimme on saavuttanut merkitt\u00e4v\u00e4n etapin, kun toisenkin aluksen tuotanto on nyt p\u00e4\u00e4sty k\u00e4ynnist\u00e4m\u00e4\u00e4n, Ulkovartiolaivat rakennetaan pitk\u00e4aikaisten kumppanitelakoidemme tiloissa Meyer Turun projektijohdossa ja laatuvaatimustemme mukaisesti\u201d, sanoo&nbsp;<strong>Meyer Turun varatoimitusjohtaja Tapani Pulli.<\/strong> <\/p>\n\n\n\n<figure class=\"wp-block-image size-large is-resized\"><img loading=\"lazy\" decoding=\"async\" width=\"968\" height=\"1384\" src=\"https:\/\/teknologiateollisuus.fi\/meriteollisuus\/wp-content\/uploads\/sites\/5\/2024\/12\/Rajavartiolaitoksen20toisen20ulkovartioaluksen20tuotannonaloitus20ja20ensimmisen20terslevyn20leikkuu_3.12.2024-968x1384.jpg\" alt=\"\" class=\"wp-image-2437\" style=\"width:560px;height:auto\" srcset=\"https:\/\/teknologiateollisuus.fi\/meriteollisuus\/wp-content\/uploads\/sites\/5\/2024\/12\/Rajavartiolaitoksen20toisen20ulkovartioaluksen20tuotannonaloitus20ja20ensimmisen20terslevyn20leikkuu_3.12.2024-968x1384.jpg 968w, https:\/\/teknologiateollisuus.fi\/meriteollisuus\/wp-content\/uploads\/sites\/5\/2024\/12\/Rajavartiolaitoksen20toisen20ulkovartioaluksen20tuotannonaloitus20ja20ensimmisen20terslevyn20leikkuu_3.12.2024-400x572.jpg 400w, https:\/\/teknologiateollisuus.fi\/meriteollisuus\/wp-content\/uploads\/sites\/5\/2024\/12\/Rajavartiolaitoksen20toisen20ulkovartioaluksen20tuotannonaloitus20ja20ensimmisen20terslevyn20leikkuu_3.12.2024-768x1098.jpg 768w, https:\/\/teknologiateollisuus.fi\/meriteollisuus\/wp-content\/uploads\/sites\/5\/2024\/12\/Rajavartiolaitoksen20toisen20ulkovartioaluksen20tuotannonaloitus20ja20ensimmisen20terslevyn20leikkuu_3.12.2024-1074x1536.jpg 1074w, https:\/\/teknologiateollisuus.fi\/meriteollisuus\/wp-content\/uploads\/sites\/5\/2024\/12\/Rajavartiolaitoksen20toisen20ulkovartioaluksen20tuotannonaloitus20ja20ensimmisen20terslevyn20leikkuu_3.12.2024-1432x2048.jpg 1432w, https:\/\/teknologiateollisuus.fi\/meriteollisuus\/wp-content\/uploads\/sites\/5\/2024\/12\/Rajavartiolaitoksen20toisen20ulkovartioaluksen20tuotannonaloitus20ja20ensimmisen20terslevyn20leikkuu_3.12.2024-909x1300.jpg 909w, https:\/\/teknologiateollisuus.fi\/meriteollisuus\/wp-content\/uploads\/sites\/5\/2024\/12\/Rajavartiolaitoksen20toisen20ulkovartioaluksen20tuotannonaloitus20ja20ensimmisen20terslevyn20leikkuu_3.12.2024-1007x1440.jpg 1007w, https:\/\/teknologiateollisuus.fi\/meriteollisuus\/wp-content\/uploads\/sites\/5\/2024\/12\/Rajavartiolaitoksen20toisen20ulkovartioaluksen20tuotannonaloitus20ja20ensimmisen20terslevyn20leikkuu_3.12.2024-scaled.jpg 1790w\" sizes=\"auto, (max-width: 968px) 100vw, 968px\" \/><\/figure>\n\n\n\n<p>\u201dIt\u00e4meren turvallisuustilanne alleviivaa hankkeen merkityst\u00e4. Uusien suorituskykyisten laivojen k\u00e4ytt\u00f6\u00f6notto parantaa merkitt\u00e4v\u00e4ll\u00e4 tavalla Suomen merellist\u00e4 turvallisuutta\u201d, toteaa <strong>Rajavartiolaitokselta prikaatikenraali Jari Tolppanen<\/strong>.<\/p>\n\n\n\n<p>Turvallisuusymp\u00e4rist\u00f6ss\u00e4 on tapahtunut viimeisten vuosien aikana merkitt\u00e4vi\u00e4 muutoksia, jotka ovat perusteellisia ja pitk\u00e4aikaisia. Muutos on asettanut uusia ja entist\u00e4 vaativampia haasteita my\u00f6s turvallisuusalan toimijoille: uusiin haasteisiin on kyett\u00e4v\u00e4 reagoimaan sek\u00e4 vaikuttamaan nopeasti ja tehokkaasti.<\/p>\n\n\n\n<p>Rajavartiolaitoksen suorituskyky avomerell\u00e4 perustuu merkitt\u00e4vilt\u00e4 osin monitoimisten ulkovartiolaivojen jatkuvaan operointiin ja valmiuteen. Ulkovartiolaivat ovat merell\u00e4 noin 330 vuorokautta vuodessa. Rajavartiolaitoksella on t\u00e4ll\u00e4 hetkell\u00e4 k\u00e4yt\u00f6ss\u00e4\u00e4n kolme ulkovartiolaivaa, joista 2014 k\u00e4ytt\u00f6\u00f6notettu vartiolaiva Turva on ajanmukainen. Kahdesta vanhasta ulkovartiolaivasta valmistaudutaan luopumaan siin\u00e4 vaiheessa, kun uudet laivat valmistuvat ja ne otetaan k\u00e4ytt\u00f6\u00f6n. Ensimm\u00e4inen uusi laiva valmistuu sopimuksen mukaisesti vuoden 2025 lopussa ja toinen vuoden 2026 lopussa.<\/p>\n\n\n\n<p>Nyt rakenteilla olevissa Rajavartiolaitoksen laivoissa suorituskyky paranee merkitt\u00e4v\u00e4sti poistuviin laivoihin verrattuna. Alusten valvonta- ja vaikuttamiskyky\u00e4 rajojen valvonnassa sek\u00e4 sen yhteydess\u00e4 teht\u00e4v\u00e4ss\u00e4 alueellisen koskemattomuuden valvonnassa ja turvaamisessa parannetaan. Kehittyneet valvontaj\u00e4rjestelm\u00e4t ja tiedonsiirtoratkaisut parantavat tilannekuvan yll\u00e4pitoa ja sen jakamista. Uusien laivojen avulla parannetaan my\u00f6s kyky\u00e4 suuronnettomuuksien torjuntaan ja pelastusty\u00f6h\u00f6n. Vakavien ymp\u00e4rist\u00f6onnettomuuksien hallinnan valmius on kaikilla aluksilla v\u00e4lit\u00f6n ja kokonais\u00f6ljynker\u00e4yskapasiteetti noin kaksinkertaistuu nykyisest\u00e4. Uudet laivat tulevat olemaan v\u00e4h\u00e4p\u00e4\u00e4st\u00f6isi\u00e4 ja energiatehokkaita. &nbsp;<\/p>\n\n\n\n<p>Lis\u00e4tietoja antavat:<br><br>Rajavartiolaitos: VL2025 Hankep\u00e4\u00e4llikk\u00f6, Komentaja Marko Aheristo, Puh +358&nbsp;295&nbsp;420&nbsp;000 (vaihde)<\/p>\n\n\n\n<p>Meyer Turku: Viestint\u00e4p\u00e4\u00e4llikk\u00f6 Anna Hakala, +358 40 593 7335<\/p>\n\n\n\n<p>Kuvat: Meyer Turku<\/p>\n\n\n\n<figure class=\"wp-block-image size-large is-resized\"><img loading=\"lazy\" decoding=\"async\" width=\"968\" height=\"1422\" src=\"https:\/\/teknologiateollisuus.fi\/meriteollisuus\/wp-content\/uploads\/sites\/5\/2024\/12\/Rajavartiolaitoksen20projektipllikk20Marko20Aheristo20ja20Meyer20Turun20projektipllikk20Kim20Olin_3.12.2024-968x1422.jpg\" alt=\"\" class=\"wp-image-2436\" style=\"width:395px;height:auto\" srcset=\"https:\/\/teknologiateollisuus.fi\/meriteollisuus\/wp-content\/uploads\/sites\/5\/2024\/12\/Rajavartiolaitoksen20projektipllikk20Marko20Aheristo20ja20Meyer20Turun20projektipllikk20Kim20Olin_3.12.2024-968x1422.jpg 968w, https:\/\/teknologiateollisuus.fi\/meriteollisuus\/wp-content\/uploads\/sites\/5\/2024\/12\/Rajavartiolaitoksen20projektipllikk20Marko20Aheristo20ja20Meyer20Turun20projektipllikk20Kim20Olin_3.12.2024-400x588.jpg 400w, https:\/\/teknologiateollisuus.fi\/meriteollisuus\/wp-content\/uploads\/sites\/5\/2024\/12\/Rajavartiolaitoksen20projektipllikk20Marko20Aheristo20ja20Meyer20Turun20projektipllikk20Kim20Olin_3.12.2024-768x1128.jpg 768w, https:\/\/teknologiateollisuus.fi\/meriteollisuus\/wp-content\/uploads\/sites\/5\/2024\/12\/Rajavartiolaitoksen20projektipllikk20Marko20Aheristo20ja20Meyer20Turun20projektipllikk20Kim20Olin_3.12.2024-1046x1536.jpg 1046w, https:\/\/teknologiateollisuus.fi\/meriteollisuus\/wp-content\/uploads\/sites\/5\/2024\/12\/Rajavartiolaitoksen20projektipllikk20Marko20Aheristo20ja20Meyer20Turun20projektipllikk20Kim20Olin_3.12.2024-1394x2048.jpg 1394w, https:\/\/teknologiateollisuus.fi\/meriteollisuus\/wp-content\/uploads\/sites\/5\/2024\/12\/Rajavartiolaitoksen20projektipllikk20Marko20Aheristo20ja20Meyer20Turun20projektipllikk20Kim20Olin_3.12.2024-885x1300.jpg 885w, https:\/\/teknologiateollisuus.fi\/meriteollisuus\/wp-content\/uploads\/sites\/5\/2024\/12\/Rajavartiolaitoksen20projektipllikk20Marko20Aheristo20ja20Meyer20Turun20projektipllikk20Kim20Olin_3.12.2024-980x1440.jpg 980w, https:\/\/teknologiateollisuus.fi\/meriteollisuus\/wp-content\/uploads\/sites\/5\/2024\/12\/Rajavartiolaitoksen20projektipllikk20Marko20Aheristo20ja20Meyer20Turun20projektipllikk20Kim20Olin_3.12.2024-scaled.jpg 1743w\" sizes=\"auto, (max-width: 968px) 100vw, 968px\" \/><\/figure>\n","protected":false},"excerpt":{"rendered":"<p>Rajavartiolaitoksen Meyer Turulta tilaamien kahden uuden vartiolaivan valmistuminen etenee. Tiistaina 3.12.2024 k\u00e4ynnistettiin j\u00e4lkimm\u00e4isen, vuonna 2026 valmistuvan aluksen tuotanto. Laivanrakennusperinteiden mukainen tuotannonaloitusseremonia j\u00e4rjestettiin Baltic Operatorin telakalla Gdanskissa. Aluksen ensimm\u00e4isen ter\u00e4slevyn leikkaamista juhlistavaan tilaisuuteen osallistui Rajavartiolaitoksen, Meyer Turun, Baltic Operatorin ja Bureau Veritasin edustajia. \u201cKaksi laivaa kattava projektimme on saavuttanut merkitt\u00e4v\u00e4n etapin, kun toisenkin aluksen tuotanto on [&hellip;]<\/p>\n","protected":false},"author":49,"featured_media":2435,"comment_status":"closed","ping_status":"closed","sticky":false,"template":"","format":"standard","meta":{"_acf_changed":false,"_relevanssi_hide_post":"","_relevanssi_hide_content":"","_relevanssi_pin_for_all":"","_relevanssi_pin_keywords":"","_relevanssi_unpin_keywords":"","_relevanssi_related_keywords":"","_relevanssi_related_include_ids":"","_relevanssi_related_exclude_ids":"","_relevanssi_related_no_append":"","_relevanssi_related_not_related":"","_relevanssi_related_posts":"2037,1357,1382,1378,1995,1449","_relevanssi_noindex_reason":"","inline_featured_image":false,"footnotes":""},"categories":[14],"tags":[],"em_industry":[],"em_theme":[76],"class_list":["post-2434","post","type-post","status-publish","format-standard","has-post-thumbnail","hentry","category-uutinen","em_theme-jasenyritys"],"acf":[],"yoast_head":"<!-- This site is optimized with the Yoast SEO Premium plugin v27.1 (Yoast SEO v27.5) - https:\/\/yoast.com\/product\/yoast-seo-premium-wordpress\/ -->\n<title>Rajavartiolaitoksen toisenkin uuden ulkovartiolaivan rakentaminen on alkanut - Meriteollisuus ry<\/title>\n<meta name=\"robots\" content=\"index, follow, max-snippet:-1, max-image-preview:large, max-video-preview:-1\" \/>\n<link rel=\"canonical\" href=\"https:\/\/teknologiateollisuus.fi\/meriteollisuus\/rajavartiolaitoksen-toisenkin-uuden-ulkovartiolaivan-rakentaminen-on-alkanut\/\" \/>\n<meta property=\"og:locale\" content=\"fi_FI\" \/>\n<meta property=\"og:type\" content=\"article\" \/>\n<meta property=\"og:title\" content=\"Rajavartiolaitoksen toisenkin uuden ulkovartiolaivan rakentaminen on alkanut\" \/>\n<meta property=\"og:description\" content=\"Rajavartiolaitoksen Meyer Turulta tilaamien kahden uuden vartiolaivan valmistuminen etenee. Tiistaina 3.12.2024 k\u00e4ynnistettiin j\u00e4lkimm\u00e4isen, vuonna 2026 valmistuvan aluksen tuotanto. Laivanrakennusperinteiden mukainen tuotannonaloitusseremonia j\u00e4rjestettiin Baltic Operatorin telakalla Gdanskissa. Aluksen ensimm\u00e4isen ter\u00e4slevyn leikkaamista juhlistavaan tilaisuuteen osallistui Rajavartiolaitoksen, Meyer Turun, Baltic Operatorin ja Bureau Veritasin edustajia. \u201cKaksi laivaa kattava projektimme on saavuttanut merkitt\u00e4v\u00e4n etapin, kun toisenkin aluksen tuotanto on [&hellip;]\" \/>\n<meta property=\"og:url\" content=\"https:\/\/teknologiateollisuus.fi\/meriteollisuus\/rajavartiolaitoksen-toisenkin-uuden-ulkovartiolaivan-rakentaminen-on-alkanut\/\" \/>\n<meta property=\"og:site_name\" content=\"Meriteollisuus ry\" \/>\n<meta property=\"article:published_time\" content=\"2024-12-04T07:45:00+00:00\" \/>\n<meta property=\"article:modified_time\" content=\"2025-01-03T10:19:25+00:00\" \/>\n<meta property=\"og:image\" content=\"https:\/\/teknologiateollisuus.fi\/meriteollisuus\/wp-content\/uploads\/sites\/5\/2024\/12\/Rajavartiolaitoksen20Meyer20Turun20Baltic20Operatorin20ja20Bureau20Veritasin20edustajat_3.12.2024-scaled.jpg\" \/>\n\t<meta property=\"og:image:width\" content=\"2560\" \/>\n\t<meta property=\"og:image:height\" content=\"1207\" \/>\n\t<meta property=\"og:image:type\" content=\"image\/jpeg\" \/>\n<meta name=\"author\" content=\"jelis4\" \/>\n<meta name=\"twitter:card\" content=\"summary_large_image\" \/>\n<meta name=\"twitter:label1\" content=\"Kirjoittanut\" \/>\n\t<meta name=\"twitter:data1\" content=\"jelis4\" \/>\n\t<meta name=\"twitter:label2\" content=\"Arvioitu lukuaika\" \/>\n\t<meta name=\"twitter:data2\" content=\"3 minuuttia\" \/>\n<script type=\"application\/ld+json\" class=\"yoast-schema-graph\">{\"@context\":\"https:\\\/\\\/schema.org\",\"@graph\":[{\"@type\":\"Article\",\"@id\":\"https:\\\/\\\/teknologiateollisuus.fi\\\/meriteollisuus\\\/rajavartiolaitoksen-toisenkin-uuden-ulkovartiolaivan-rakentaminen-on-alkanut\\\/#article\",\"isPartOf\":{\"@id\":\"https:\\\/\\\/teknologiateollisuus.fi\\\/meriteollisuus\\\/rajavartiolaitoksen-toisenkin-uuden-ulkovartiolaivan-rakentaminen-on-alkanut\\\/\"},\"author\":{\"name\":\"jelis4\",\"@id\":\"https:\\\/\\\/teknologiateollisuus.fi\\\/meriteollisuus\\\/#\\\/schema\\\/person\\\/dfe3e24b818be7e08b7c2080ba868aa5\"},\"headline\":\"Rajavartiolaitoksen toisenkin uuden ulkovartiolaivan rakentaminen on alkanut\",\"datePublished\":\"2024-12-04T07:45:00+00:00\",\"dateModified\":\"2025-01-03T10:19:25+00:00\",\"mainEntityOfPage\":{\"@id\":\"https:\\\/\\\/teknologiateollisuus.fi\\\/meriteollisuus\\\/rajavartiolaitoksen-toisenkin-uuden-ulkovartiolaivan-rakentaminen-on-alkanut\\\/\"},\"wordCount\":340,\"image\":{\"@id\":\"https:\\\/\\\/teknologiateollisuus.fi\\\/meriteollisuus\\\/rajavartiolaitoksen-toisenkin-uuden-ulkovartiolaivan-rakentaminen-on-alkanut\\\/#primaryimage\"},\"thumbnailUrl\":\"https:\\\/\\\/teknologiateollisuus.fi\\\/meriteollisuus\\\/wp-content\\\/uploads\\\/sites\\\/5\\\/2024\\\/12\\\/Rajavartiolaitoksen20Meyer20Turun20Baltic20Operatorin20ja20Bureau20Veritasin20edustajat_3.12.2024-scaled.jpg\",\"articleSection\":[\"Uutinen\"],\"inLanguage\":\"fi\"},{\"@type\":\"WebPage\",\"@id\":\"https:\\\/\\\/teknologiateollisuus.fi\\\/meriteollisuus\\\/rajavartiolaitoksen-toisenkin-uuden-ulkovartiolaivan-rakentaminen-on-alkanut\\\/\",\"url\":\"https:\\\/\\\/teknologiateollisuus.fi\\\/meriteollisuus\\\/rajavartiolaitoksen-toisenkin-uuden-ulkovartiolaivan-rakentaminen-on-alkanut\\\/\",\"name\":\"Rajavartiolaitoksen toisenkin uuden ulkovartiolaivan rakentaminen on alkanut - Meriteollisuus ry\",\"isPartOf\":{\"@id\":\"https:\\\/\\\/teknologiateollisuus.fi\\\/meriteollisuus\\\/#website\"},\"primaryImageOfPage\":{\"@id\":\"https:\\\/\\\/teknologiateollisuus.fi\\\/meriteollisuus\\\/rajavartiolaitoksen-toisenkin-uuden-ulkovartiolaivan-rakentaminen-on-alkanut\\\/#primaryimage\"},\"image\":{\"@id\":\"https:\\\/\\\/teknologiateollisuus.fi\\\/meriteollisuus\\\/rajavartiolaitoksen-toisenkin-uuden-ulkovartiolaivan-rakentaminen-on-alkanut\\\/#primaryimage\"},\"thumbnailUrl\":\"https:\\\/\\\/teknologiateollisuus.fi\\\/meriteollisuus\\\/wp-content\\\/uploads\\\/sites\\\/5\\\/2024\\\/12\\\/Rajavartiolaitoksen20Meyer20Turun20Baltic20Operatorin20ja20Bureau20Veritasin20edustajat_3.12.2024-scaled.jpg\",\"datePublished\":\"2024-12-04T07:45:00+00:00\",\"dateModified\":\"2025-01-03T10:19:25+00:00\",\"author\":{\"@id\":\"https:\\\/\\\/teknologiateollisuus.fi\\\/meriteollisuus\\\/#\\\/schema\\\/person\\\/dfe3e24b818be7e08b7c2080ba868aa5\"},\"breadcrumb\":{\"@id\":\"https:\\\/\\\/teknologiateollisuus.fi\\\/meriteollisuus\\\/rajavartiolaitoksen-toisenkin-uuden-ulkovartiolaivan-rakentaminen-on-alkanut\\\/#breadcrumb\"},\"inLanguage\":\"fi\",\"potentialAction\":[{\"@type\":\"ReadAction\",\"target\":[\"https:\\\/\\\/teknologiateollisuus.fi\\\/meriteollisuus\\\/rajavartiolaitoksen-toisenkin-uuden-ulkovartiolaivan-rakentaminen-on-alkanut\\\/\"]}]},{\"@type\":\"ImageObject\",\"inLanguage\":\"fi\",\"@id\":\"https:\\\/\\\/teknologiateollisuus.fi\\\/meriteollisuus\\\/rajavartiolaitoksen-toisenkin-uuden-ulkovartiolaivan-rakentaminen-on-alkanut\\\/#primaryimage\",\"url\":\"https:\\\/\\\/teknologiateollisuus.fi\\\/meriteollisuus\\\/wp-content\\\/uploads\\\/sites\\\/5\\\/2024\\\/12\\\/Rajavartiolaitoksen20Meyer20Turun20Baltic20Operatorin20ja20Bureau20Veritasin20edustajat_3.12.2024-scaled.jpg\",\"contentUrl\":\"https:\\\/\\\/teknologiateollisuus.fi\\\/meriteollisuus\\\/wp-content\\\/uploads\\\/sites\\\/5\\\/2024\\\/12\\\/Rajavartiolaitoksen20Meyer20Turun20Baltic20Operatorin20ja20Bureau20Veritasin20edustajat_3.12.2024-scaled.jpg\",\"width\":2560,\"height\":1207},{\"@type\":\"BreadcrumbList\",\"@id\":\"https:\\\/\\\/teknologiateollisuus.fi\\\/meriteollisuus\\\/rajavartiolaitoksen-toisenkin-uuden-ulkovartiolaivan-rakentaminen-on-alkanut\\\/#breadcrumb\",\"itemListElement\":[{\"@type\":\"ListItem\",\"position\":1,\"name\":\"Etusivu\",\"item\":\"https:\\\/\\\/teknologiateollisuus.fi\\\/meriteollisuus\\\/\"},{\"@type\":\"ListItem\",\"position\":2,\"name\":\"Ajankohtaista\",\"item\":\"https:\\\/\\\/teknologiateollisuus.fi\\\/meriteollisuus\\\/ajankohtaista\\\/\"},{\"@type\":\"ListItem\",\"position\":3,\"name\":\"Rajavartiolaitoksen toisenkin uuden ulkovartiolaivan rakentaminen on alkanut\"}]},{\"@type\":\"WebSite\",\"@id\":\"https:\\\/\\\/teknologiateollisuus.fi\\\/meriteollisuus\\\/#website\",\"url\":\"https:\\\/\\\/teknologiateollisuus.fi\\\/meriteollisuus\\\/\",\"name\":\"Meriteollisuus ry\",\"description\":\"\",\"potentialAction\":[{\"@type\":\"SearchAction\",\"target\":{\"@type\":\"EntryPoint\",\"urlTemplate\":\"https:\\\/\\\/teknologiateollisuus.fi\\\/meriteollisuus\\\/?s={search_term_string}\"},\"query-input\":{\"@type\":\"PropertyValueSpecification\",\"valueRequired\":true,\"valueName\":\"search_term_string\"}}],\"inLanguage\":\"fi\"},{\"@type\":\"Person\",\"@id\":\"https:\\\/\\\/teknologiateollisuus.fi\\\/meriteollisuus\\\/#\\\/schema\\\/person\\\/dfe3e24b818be7e08b7c2080ba868aa5\",\"name\":\"jelis4\",\"image\":{\"@type\":\"ImageObject\",\"inLanguage\":\"fi\",\"@id\":\"https:\\\/\\\/secure.gravatar.com\\\/avatar\\\/03da8e33bfbe27071e80d6739d51c0ae5e2fc8e994459b31db39771dc2b02531?s=96&d=mm&r=g\",\"url\":\"https:\\\/\\\/secure.gravatar.com\\\/avatar\\\/03da8e33bfbe27071e80d6739d51c0ae5e2fc8e994459b31db39771dc2b02531?s=96&d=mm&r=g\",\"contentUrl\":\"https:\\\/\\\/secure.gravatar.com\\\/avatar\\\/03da8e33bfbe27071e80d6739d51c0ae5e2fc8e994459b31db39771dc2b02531?s=96&d=mm&r=g\",\"caption\":\"jelis4\"}}]}<\/script>\n<!-- \/ Yoast SEO Premium plugin. -->","yoast_head_json":{"title":"Rajavartiolaitoksen toisenkin uuden ulkovartiolaivan rakentaminen on alkanut - Meriteollisuus ry","robots":{"index":"index","follow":"follow","max-snippet":"max-snippet:-1","max-image-preview":"max-image-preview:large","max-video-preview":"max-video-preview:-1"},"canonical":"https:\/\/teknologiateollisuus.fi\/meriteollisuus\/rajavartiolaitoksen-toisenkin-uuden-ulkovartiolaivan-rakentaminen-on-alkanut\/","og_locale":"fi_FI","og_type":"article","og_title":"Rajavartiolaitoksen toisenkin uuden ulkovartiolaivan rakentaminen on alkanut","og_description":"Rajavartiolaitoksen Meyer Turulta tilaamien kahden uuden vartiolaivan valmistuminen etenee. Tiistaina 3.12.2024 k\u00e4ynnistettiin j\u00e4lkimm\u00e4isen, vuonna 2026 valmistuvan aluksen tuotanto. Laivanrakennusperinteiden mukainen tuotannonaloitusseremonia j\u00e4rjestettiin Baltic Operatorin telakalla Gdanskissa. Aluksen ensimm\u00e4isen ter\u00e4slevyn leikkaamista juhlistavaan tilaisuuteen osallistui Rajavartiolaitoksen, Meyer Turun, Baltic Operatorin ja Bureau Veritasin edustajia. \u201cKaksi laivaa kattava projektimme on saavuttanut merkitt\u00e4v\u00e4n etapin, kun toisenkin aluksen tuotanto on [&hellip;]","og_url":"https:\/\/teknologiateollisuus.fi\/meriteollisuus\/rajavartiolaitoksen-toisenkin-uuden-ulkovartiolaivan-rakentaminen-on-alkanut\/","og_site_name":"Meriteollisuus ry","article_published_time":"2024-12-04T07:45:00+00:00","article_modified_time":"2025-01-03T10:19:25+00:00","og_image":[{"width":2560,"height":1207,"url":"https:\/\/teknologiateollisuus.fi\/meriteollisuus\/wp-content\/uploads\/sites\/5\/2024\/12\/Rajavartiolaitoksen20Meyer20Turun20Baltic20Operatorin20ja20Bureau20Veritasin20edustajat_3.12.2024-scaled.jpg","type":"image\/jpeg"}],"author":"jelis4","twitter_card":"summary_large_image","twitter_misc":{"Kirjoittanut":"jelis4","Arvioitu lukuaika":"3 minuuttia"},"schema":{"@context":"https:\/\/schema.org","@graph":[{"@type":"Article","@id":"https:\/\/teknologiateollisuus.fi\/meriteollisuus\/rajavartiolaitoksen-toisenkin-uuden-ulkovartiolaivan-rakentaminen-on-alkanut\/#article","isPartOf":{"@id":"https:\/\/teknologiateollisuus.fi\/meriteollisuus\/rajavartiolaitoksen-toisenkin-uuden-ulkovartiolaivan-rakentaminen-on-alkanut\/"},"author":{"name":"jelis4","@id":"https:\/\/teknologiateollisuus.fi\/meriteollisuus\/#\/schema\/person\/dfe3e24b818be7e08b7c2080ba868aa5"},"headline":"Rajavartiolaitoksen toisenkin uuden ulkovartiolaivan rakentaminen on alkanut","datePublished":"2024-12-04T07:45:00+00:00","dateModified":"2025-01-03T10:19:25+00:00","mainEntityOfPage":{"@id":"https:\/\/teknologiateollisuus.fi\/meriteollisuus\/rajavartiolaitoksen-toisenkin-uuden-ulkovartiolaivan-rakentaminen-on-alkanut\/"},"wordCount":340,"image":{"@id":"https:\/\/teknologiateollisuus.fi\/meriteollisuus\/rajavartiolaitoksen-toisenkin-uuden-ulkovartiolaivan-rakentaminen-on-alkanut\/#primaryimage"},"thumbnailUrl":"https:\/\/teknologiateollisuus.fi\/meriteollisuus\/wp-content\/uploads\/sites\/5\/2024\/12\/Rajavartiolaitoksen20Meyer20Turun20Baltic20Operatorin20ja20Bureau20Veritasin20edustajat_3.12.2024-scaled.jpg","articleSection":["Uutinen"],"inLanguage":"fi"},{"@type":"WebPage","@id":"https:\/\/teknologiateollisuus.fi\/meriteollisuus\/rajavartiolaitoksen-toisenkin-uuden-ulkovartiolaivan-rakentaminen-on-alkanut\/","url":"https:\/\/teknologiateollisuus.fi\/meriteollisuus\/rajavartiolaitoksen-toisenkin-uuden-ulkovartiolaivan-rakentaminen-on-alkanut\/","name":"Rajavartiolaitoksen toisenkin uuden ulkovartiolaivan rakentaminen on alkanut - Meriteollisuus ry","isPartOf":{"@id":"https:\/\/teknologiateollisuus.fi\/meriteollisuus\/#website"},"primaryImageOfPage":{"@id":"https:\/\/teknologiateollisuus.fi\/meriteollisuus\/rajavartiolaitoksen-toisenkin-uuden-ulkovartiolaivan-rakentaminen-on-alkanut\/#primaryimage"},"image":{"@id":"https:\/\/teknologiateollisuus.fi\/meriteollisuus\/rajavartiolaitoksen-toisenkin-uuden-ulkovartiolaivan-rakentaminen-on-alkanut\/#primaryimage"},"thumbnailUrl":"https:\/\/teknologiateollisuus.fi\/meriteollisuus\/wp-content\/uploads\/sites\/5\/2024\/12\/Rajavartiolaitoksen20Meyer20Turun20Baltic20Operatorin20ja20Bureau20Veritasin20edustajat_3.12.2024-scaled.jpg","datePublished":"2024-12-04T07:45:00+00:00","dateModified":"2025-01-03T10:19:25+00:00","author":{"@id":"https:\/\/teknologiateollisuus.fi\/meriteollisuus\/#\/schema\/person\/dfe3e24b818be7e08b7c2080ba868aa5"},"breadcrumb":{"@id":"https:\/\/teknologiateollisuus.fi\/meriteollisuus\/rajavartiolaitoksen-toisenkin-uuden-ulkovartiolaivan-rakentaminen-on-alkanut\/#breadcrumb"},"inLanguage":"fi","potentialAction":[{"@type":"ReadAction","target":["https:\/\/teknologiateollisuus.fi\/meriteollisuus\/rajavartiolaitoksen-toisenkin-uuden-ulkovartiolaivan-rakentaminen-on-alkanut\/"]}]},{"@type":"ImageObject","inLanguage":"fi","@id":"https:\/\/teknologiateollisuus.fi\/meriteollisuus\/rajavartiolaitoksen-toisenkin-uuden-ulkovartiolaivan-rakentaminen-on-alkanut\/#primaryimage","url":"https:\/\/teknologiateollisuus.fi\/meriteollisuus\/wp-content\/uploads\/sites\/5\/2024\/12\/Rajavartiolaitoksen20Meyer20Turun20Baltic20Operatorin20ja20Bureau20Veritasin20edustajat_3.12.2024-scaled.jpg","contentUrl":"https:\/\/teknologiateollisuus.fi\/meriteollisuus\/wp-content\/uploads\/sites\/5\/2024\/12\/Rajavartiolaitoksen20Meyer20Turun20Baltic20Operatorin20ja20Bureau20Veritasin20edustajat_3.12.2024-scaled.jpg","width":2560,"height":1207},{"@type":"BreadcrumbList","@id":"https:\/\/teknologiateollisuus.fi\/meriteollisuus\/rajavartiolaitoksen-toisenkin-uuden-ulkovartiolaivan-rakentaminen-on-alkanut\/#breadcrumb","itemListElement":[{"@type":"ListItem","position":1,"name":"Etusivu","item":"https:\/\/teknologiateollisuus.fi\/meriteollisuus\/"},{"@type":"ListItem","position":2,"name":"Ajankohtaista","item":"https:\/\/teknologiateollisuus.fi\/meriteollisuus\/ajankohtaista\/"},{"@type":"ListItem","position":3,"name":"Rajavartiolaitoksen toisenkin uuden ulkovartiolaivan rakentaminen on alkanut"}]},{"@type":"WebSite","@id":"https:\/\/teknologiateollisuus.fi\/meriteollisuus\/#website","url":"https:\/\/teknologiateollisuus.fi\/meriteollisuus\/","name":"Meriteollisuus ry","description":"","potentialAction":[{"@type":"SearchAction","target":{"@type":"EntryPoint","urlTemplate":"https:\/\/teknologiateollisuus.fi\/meriteollisuus\/?s={search_term_string}"},"query-input":{"@type":"PropertyValueSpecification","valueRequired":true,"valueName":"search_term_string"}}],"inLanguage":"fi"},{"@type":"Person","@id":"https:\/\/teknologiateollisuus.fi\/meriteollisuus\/#\/schema\/person\/dfe3e24b818be7e08b7c2080ba868aa5","name":"jelis4","image":{"@type":"ImageObject","inLanguage":"fi","@id":"https:\/\/secure.gravatar.com\/avatar\/03da8e33bfbe27071e80d6739d51c0ae5e2fc8e994459b31db39771dc2b02531?s=96&d=mm&r=g","url":"https:\/\/secure.gravatar.com\/avatar\/03da8e33bfbe27071e80d6739d51c0ae5e2fc8e994459b31db39771dc2b02531?s=96&d=mm&r=g","contentUrl":"https:\/\/secure.gravatar.com\/avatar\/03da8e33bfbe27071e80d6739d51c0ae5e2fc8e994459b31db39771dc2b02531?s=96&d=mm&r=g","caption":"jelis4"}}]}},"lang":"fi","translations":{"fi":2434},"pll_sync_post":{},"_links":{"self":[{"href":"https:\/\/teknologiateollisuus.fi\/meriteollisuus\/wp-json\/wp\/v2\/posts\/2434","targetHints":{"allow":["GET"]}}],"collection":[{"href":"https:\/\/teknologiateollisuus.fi\/meriteollisuus\/wp-json\/wp\/v2\/posts"}],"about":[{"href":"https:\/\/teknologiateollisuus.fi\/meriteollisuus\/wp-json\/wp\/v2\/types\/post"}],"author":[{"embeddable":true,"href":"https:\/\/teknologiateollisuus.fi\/meriteollisuus\/wp-json\/wp\/v2\/users\/49"}],"replies":[{"embeddable":true,"href":"https:\/\/teknologiateollisuus.fi\/meriteollisuus\/wp-json\/wp\/v2\/comments?post=2434"}],"version-history":[{"count":4,"href":"https:\/\/teknologiateollisuus.fi\/meriteollisuus\/wp-json\/wp\/v2\/posts\/2434\/revisions"}],"predecessor-version":[{"id":2497,"href":"https:\/\/teknologiateollisuus.fi\/meriteollisuus\/wp-json\/wp\/v2\/posts\/2434\/revisions\/2497"}],"wp:featuredmedia":[{"embeddable":true,"href":"https:\/\/teknologiateollisuus.fi\/meriteollisuus\/wp-json\/wp\/v2\/media\/2435"}],"wp:attachment":[{"href":"https:\/\/teknologiateollisuus.fi\/meriteollisuus\/wp-json\/wp\/v2\/media?parent=2434"}],"wp:term":[{"taxonomy":"category","embeddable":true,"href":"https:\/\/teknologiateollisuus.fi\/meriteollisuus\/wp-json\/wp\/v2\/categories?post=2434"},{"taxonomy":"post_tag","embeddable":true,"href":"https:\/\/teknologiateollisuus.fi\/meriteollisuus\/wp-json\/wp\/v2\/tags?post=2434"},{"taxonomy":"em_industry","embeddable":true,"href":"https:\/\/teknologiateollisuus.fi\/meriteollisuus\/wp-json\/wp\/v2\/em_industry?post=2434"},{"taxonomy":"em_theme","embeddable":true,"href":"https:\/\/teknologiateollisuus.fi\/meriteollisuus\/wp-json\/wp\/v2\/em_theme?post=2434"}],"curies":[{"name":"wp","href":"https:\/\/api.w.org\/{rel}","templated":true}]}}