{"id":2849,"date":"2025-05-09T15:47:21","date_gmt":"2025-05-09T12:47:21","guid":{"rendered":"https:\/\/teknologiateollisuus.fi\/meriteollisuus\/?p=2849"},"modified":"2025-05-09T15:47:21","modified_gmt":"2025-05-09T12:47:21","slug":"toisen-pohjanmaa-luokan-monitoimikorvetin-koli-laskettiin-rauman-telakalla","status":"publish","type":"post","link":"https:\/\/teknologiateollisuus.fi\/meriteollisuus\/toisen-pohjanmaa-luokan-monitoimikorvetin-koli-laskettiin-rauman-telakalla\/","title":{"rendered":"Toisen Pohjanmaa-luokan monitoimikorvetin k\u00f6li laskettiin Rauman telakalla"},"content":{"rendered":"\n<p>Toisen Laivue 2020 -hankkeen monitoimikorvetin k\u00f6li laskettiin torstaina 8. toukokuuta Rauman telakalla. Perinteinen k\u00f6linlaskuseremonia juhlisti aluksen syntyhetke\u00e4 \u2013 siit\u00e4 alkaa rungon varsinainen kokoaminen.<\/p>\n\n\n\n<p>K\u00f6lilohko kehtoineen asetettiin rakennuspukkien p\u00e4\u00e4lle monitoimihallissa, joka toimii aluksen rakennuspaikkana. Lohkon alle sijoitettiin perinteiset onnenkolikot, jotka jatkavat matkaansa valmiin aluksen mukana. Seremoniassa olivat edustettuina Puolustusvoimien logistiikkalaitos, Merivoimat, asej\u00e4rjestelm\u00e4toimittaja Saab, luokituslaitos Lloyd\u2019s Register sek\u00e4 Rauma Marine Constructions Oy:n (RMC) henkil\u00f6st\u00f6\u00e4.<\/p>\n\n\n\n<p>Toisen korvetin tuotanto k\u00e4ynnistettiin kahdeksan viikkoa etuajassa. Tavoitteena oli varmistaa riitt\u00e4v\u00e4 tuotantoaika ja hy\u00f6dynt\u00e4\u00e4 ensimm\u00e4isest\u00e4 aluksesta saadut kokemukset. Projektin kokonaistavoitteet onkin t\u00e4h\u00e4n menness\u00e4 saavutettu suunnitellusti.<\/p>\n\n\n\n<p>\u2013 T\u00e4m\u00e4 on vahva osoitus niin ammattitaitoisesta ja sitoutuneesta ty\u00f6voimasta kuin hyv\u00e4st\u00e4 ja toimivasta yhteisty\u00f6st\u00e4 kaikkien projektiin osallistuvien osapuolten kesken, sanoo projektijohtaja <strong>Timo St\u00e5hlhammar<\/strong>.<\/p>\n\n\n\n<p>RMC rakentaa Merivoimille yhteens\u00e4 nelj\u00e4 Pohjanmaa-luokan monitoimikorvettia. Alukset on suunniteltu ymp\u00e4rivuotiseen k\u00e4ytt\u00f6\u00f6n kaikissa It\u00e4meren olosuhteissa. Ensimm\u00e4isen aluksen runko valmistui joulukuussa 2024, ja sit\u00e4 valmistellaan parhaillaan vesillelaskua varten. Toisen aluksen tuotanto k\u00e4ynnistyi lokakuussa 2024. Laivue 2020 -hankkeen ty\u00f6llist\u00e4misvaikutus Suomessa on noin 3 600 henkil\u00f6ty\u00f6vuotta.<\/p>\n\n\n\n<h2 class=\"wp-block-heading\" id=\"h-investointeja-tuotantokykyyn\" id=\"investointeja-tuotantokykyyn\">Investointeja tuotantokykyyn<\/h2>\n\n\n\n<p>Rauman telakka on merkitt\u00e4v\u00e4sti parantanut tuotantokyky\u00e4 ja teknologista valmiutta viime vuosien aikana. Uusien investointien my\u00f6t\u00e4 telakka pystyy nyt rakentamaan aluksia suljetuissa, s\u00e4\u00e4lt\u00e4 suojatuissa sis\u00e4tiloissa, jotka t\u00e4ytt\u00e4v\u00e4t my\u00f6s Naton turvaluokitellut vaatimukset. Ter\u00e4stuotantoon tehdyt investoinnit mahdollistavat eri laivatyyppien itsen\u00e4isen valmistamisen jatkossa. T\u00e4m\u00e4 mahdollistaa vaativien j\u00e4\u00e4nmurto-, puolustus- ja viranomaisalusten rakentamisen korkealla laadulla ja turvallisuudella.<\/p>\n\n\n\n<p>Korvettituotannon rinnalla telakalla viimeistell\u00e4\u00e4n parhaillaan toista matkustaja-autolauttaa Spirit of Tasmanian tilaamana. Sisaraluksen rakentamisesta saadut opit ovat parantaneet prosesseja, ja toinen alus valmistuukin toukokuun aikana.<\/p>\n\n\n\n<p>Monitoimikorvettien p\u00e4\u00e4tiedot:<br>Pituus: 117 m<br>Leveys: 16,5 m<br>Syv\u00e4ys: 5 m<br>Miehist\u00f6: 70<\/p>\n\n\n\n<p>Teksti ja kuva: Rauma Marine Constructions<\/p>\n\n\n\n<div class=\"wp-block-buttons is-layout-flex wp-block-buttons-is-layout-flex\">\n<div class=\"wp-block-button  icon-right\"><a class=\"wp-block-button__link wp-element-button\" href=\"https:\/\/rmcfinland.fi\/fi\/toisen-pohjanmaa-luokan-monitoimikorvetin-koli-laskettiin-rauman-telakalla\/\">Lue alkuper\u00e4inen tiedote<\/a><\/div>\n<\/div>\n","protected":false},"excerpt":{"rendered":"<p>Toisen Laivue 2020 -hankkeen monitoimikorvetin k\u00f6li laskettiin torstaina 8. toukokuuta Rauman telakalla. Perinteinen k\u00f6linlaskuseremonia juhlisti aluksen syntyhetke\u00e4 \u2013 siit\u00e4 alkaa rungon varsinainen kokoaminen. K\u00f6lilohko kehtoineen asetettiin rakennuspukkien p\u00e4\u00e4lle monitoimihallissa, joka toimii aluksen rakennuspaikkana. Lohkon alle sijoitettiin perinteiset onnenkolikot, jotka jatkavat matkaansa valmiin aluksen mukana. Seremoniassa olivat edustettuina Puolustusvoimien logistiikkalaitos, Merivoimat, asej\u00e4rjestelm\u00e4toimittaja Saab, luokituslaitos Lloyd\u2019s Register [&hellip;]<\/p>\n","protected":false},"author":59,"featured_media":2850,"comment_status":"closed","ping_status":"closed","sticky":false,"template":"","format":"standard","meta":{"_acf_changed":false,"_relevanssi_hide_post":"","_relevanssi_hide_content":"","_relevanssi_pin_for_all":"","_relevanssi_pin_keywords":"","_relevanssi_unpin_keywords":"","_relevanssi_related_keywords":"","_relevanssi_related_include_ids":"","_relevanssi_related_exclude_ids":"","_relevanssi_related_no_append":"","_relevanssi_related_not_related":"","_relevanssi_related_posts":"1995,1510,1446,2472,2715,1388","_relevanssi_noindex_reason":"","inline_featured_image":false,"footnotes":""},"categories":[14],"tags":[],"em_industry":[],"em_theme":[76],"class_list":["post-2849","post","type-post","status-publish","format-standard","has-post-thumbnail","hentry","category-uutinen","em_theme-jasenyritys"],"acf":[],"yoast_head":"<!-- This site is optimized with the Yoast SEO Premium plugin v27.1 (Yoast SEO v27.5) - https:\/\/yoast.com\/product\/yoast-seo-premium-wordpress\/ -->\n<title>Toisen Pohjanmaa-luokan monitoimikorvetin k\u00f6li laskettiin Rauman telakalla - Meriteollisuus ry<\/title>\n<meta name=\"robots\" content=\"index, follow, max-snippet:-1, max-image-preview:large, max-video-preview:-1\" \/>\n<link rel=\"canonical\" href=\"https:\/\/teknologiateollisuus.fi\/meriteollisuus\/toisen-pohjanmaa-luokan-monitoimikorvetin-koli-laskettiin-rauman-telakalla\/\" \/>\n<meta property=\"og:locale\" content=\"fi_FI\" \/>\n<meta property=\"og:type\" content=\"article\" \/>\n<meta property=\"og:title\" content=\"Toisen Pohjanmaa-luokan monitoimikorvetin k\u00f6li laskettiin Rauman telakalla\" \/>\n<meta property=\"og:description\" content=\"Toisen Laivue 2020 -hankkeen monitoimikorvetin k\u00f6li laskettiin torstaina 8. toukokuuta Rauman telakalla. Perinteinen k\u00f6linlaskuseremonia juhlisti aluksen syntyhetke\u00e4 \u2013 siit\u00e4 alkaa rungon varsinainen kokoaminen. K\u00f6lilohko kehtoineen asetettiin rakennuspukkien p\u00e4\u00e4lle monitoimihallissa, joka toimii aluksen rakennuspaikkana. Lohkon alle sijoitettiin perinteiset onnenkolikot, jotka jatkavat matkaansa valmiin aluksen mukana. Seremoniassa olivat edustettuina Puolustusvoimien logistiikkalaitos, Merivoimat, asej\u00e4rjestelm\u00e4toimittaja Saab, luokituslaitos Lloyd\u2019s Register [&hellip;]\" \/>\n<meta property=\"og:url\" content=\"https:\/\/teknologiateollisuus.fi\/meriteollisuus\/toisen-pohjanmaa-luokan-monitoimikorvetin-koli-laskettiin-rauman-telakalla\/\" \/>\n<meta property=\"og:site_name\" content=\"Meriteollisuus ry\" \/>\n<meta property=\"article:published_time\" content=\"2025-05-09T12:47:21+00:00\" \/>\n<meta property=\"og:image\" content=\"https:\/\/teknologiateollisuus.fi\/meriteollisuus\/wp-content\/uploads\/sites\/5\/2025\/05\/RMC.jpg\" \/>\n\t<meta property=\"og:image:width\" content=\"1536\" \/>\n\t<meta property=\"og:image:height\" content=\"1152\" \/>\n\t<meta property=\"og:image:type\" content=\"image\/jpeg\" \/>\n<meta name=\"author\" content=\"annika\" \/>\n<meta name=\"twitter:card\" content=\"summary_large_image\" \/>\n<meta name=\"twitter:label1\" content=\"Kirjoittanut\" \/>\n\t<meta name=\"twitter:data1\" content=\"annika\" \/>\n\t<meta name=\"twitter:label2\" content=\"Arvioitu lukuaika\" \/>\n\t<meta name=\"twitter:data2\" content=\"2 minuuttia\" \/>\n<script type=\"application\/ld+json\" class=\"yoast-schema-graph\">{\"@context\":\"https:\\\/\\\/schema.org\",\"@graph\":[{\"@type\":\"Article\",\"@id\":\"https:\\\/\\\/teknologiateollisuus.fi\\\/meriteollisuus\\\/toisen-pohjanmaa-luokan-monitoimikorvetin-koli-laskettiin-rauman-telakalla\\\/#article\",\"isPartOf\":{\"@id\":\"https:\\\/\\\/teknologiateollisuus.fi\\\/meriteollisuus\\\/toisen-pohjanmaa-luokan-monitoimikorvetin-koli-laskettiin-rauman-telakalla\\\/\"},\"author\":{\"name\":\"annika\",\"@id\":\"https:\\\/\\\/teknologiateollisuus.fi\\\/meriteollisuus\\\/#\\\/schema\\\/person\\\/de94d86799ec970d18229066af59e784\"},\"headline\":\"Toisen Pohjanmaa-luokan monitoimikorvetin k\u00f6li laskettiin Rauman telakalla\",\"datePublished\":\"2025-05-09T12:47:21+00:00\",\"mainEntityOfPage\":{\"@id\":\"https:\\\/\\\/teknologiateollisuus.fi\\\/meriteollisuus\\\/toisen-pohjanmaa-luokan-monitoimikorvetin-koli-laskettiin-rauman-telakalla\\\/\"},\"wordCount\":292,\"image\":{\"@id\":\"https:\\\/\\\/teknologiateollisuus.fi\\\/meriteollisuus\\\/toisen-pohjanmaa-luokan-monitoimikorvetin-koli-laskettiin-rauman-telakalla\\\/#primaryimage\"},\"thumbnailUrl\":\"https:\\\/\\\/teknologiateollisuus.fi\\\/meriteollisuus\\\/wp-content\\\/uploads\\\/sites\\\/5\\\/2025\\\/05\\\/RMC.jpg\",\"articleSection\":[\"Uutinen\"],\"inLanguage\":\"fi\"},{\"@type\":\"WebPage\",\"@id\":\"https:\\\/\\\/teknologiateollisuus.fi\\\/meriteollisuus\\\/toisen-pohjanmaa-luokan-monitoimikorvetin-koli-laskettiin-rauman-telakalla\\\/\",\"url\":\"https:\\\/\\\/teknologiateollisuus.fi\\\/meriteollisuus\\\/toisen-pohjanmaa-luokan-monitoimikorvetin-koli-laskettiin-rauman-telakalla\\\/\",\"name\":\"Toisen Pohjanmaa-luokan monitoimikorvetin k\u00f6li laskettiin Rauman telakalla - Meriteollisuus ry\",\"isPartOf\":{\"@id\":\"https:\\\/\\\/teknologiateollisuus.fi\\\/meriteollisuus\\\/#website\"},\"primaryImageOfPage\":{\"@id\":\"https:\\\/\\\/teknologiateollisuus.fi\\\/meriteollisuus\\\/toisen-pohjanmaa-luokan-monitoimikorvetin-koli-laskettiin-rauman-telakalla\\\/#primaryimage\"},\"image\":{\"@id\":\"https:\\\/\\\/teknologiateollisuus.fi\\\/meriteollisuus\\\/toisen-pohjanmaa-luokan-monitoimikorvetin-koli-laskettiin-rauman-telakalla\\\/#primaryimage\"},\"thumbnailUrl\":\"https:\\\/\\\/teknologiateollisuus.fi\\\/meriteollisuus\\\/wp-content\\\/uploads\\\/sites\\\/5\\\/2025\\\/05\\\/RMC.jpg\",\"datePublished\":\"2025-05-09T12:47:21+00:00\",\"author\":{\"@id\":\"https:\\\/\\\/teknologiateollisuus.fi\\\/meriteollisuus\\\/#\\\/schema\\\/person\\\/de94d86799ec970d18229066af59e784\"},\"breadcrumb\":{\"@id\":\"https:\\\/\\\/teknologiateollisuus.fi\\\/meriteollisuus\\\/toisen-pohjanmaa-luokan-monitoimikorvetin-koli-laskettiin-rauman-telakalla\\\/#breadcrumb\"},\"inLanguage\":\"fi\",\"potentialAction\":[{\"@type\":\"ReadAction\",\"target\":[\"https:\\\/\\\/teknologiateollisuus.fi\\\/meriteollisuus\\\/toisen-pohjanmaa-luokan-monitoimikorvetin-koli-laskettiin-rauman-telakalla\\\/\"]}]},{\"@type\":\"ImageObject\",\"inLanguage\":\"fi\",\"@id\":\"https:\\\/\\\/teknologiateollisuus.fi\\\/meriteollisuus\\\/toisen-pohjanmaa-luokan-monitoimikorvetin-koli-laskettiin-rauman-telakalla\\\/#primaryimage\",\"url\":\"https:\\\/\\\/teknologiateollisuus.fi\\\/meriteollisuus\\\/wp-content\\\/uploads\\\/sites\\\/5\\\/2025\\\/05\\\/RMC.jpg\",\"contentUrl\":\"https:\\\/\\\/teknologiateollisuus.fi\\\/meriteollisuus\\\/wp-content\\\/uploads\\\/sites\\\/5\\\/2025\\\/05\\\/RMC.jpg\",\"width\":1536,\"height\":1152},{\"@type\":\"BreadcrumbList\",\"@id\":\"https:\\\/\\\/teknologiateollisuus.fi\\\/meriteollisuus\\\/toisen-pohjanmaa-luokan-monitoimikorvetin-koli-laskettiin-rauman-telakalla\\\/#breadcrumb\",\"itemListElement\":[{\"@type\":\"ListItem\",\"position\":1,\"name\":\"Etusivu\",\"item\":\"https:\\\/\\\/teknologiateollisuus.fi\\\/meriteollisuus\\\/\"},{\"@type\":\"ListItem\",\"position\":2,\"name\":\"Ajankohtaista\",\"item\":\"https:\\\/\\\/teknologiateollisuus.fi\\\/meriteollisuus\\\/ajankohtaista\\\/\"},{\"@type\":\"ListItem\",\"position\":3,\"name\":\"Toisen Pohjanmaa-luokan monitoimikorvetin k\u00f6li laskettiin Rauman telakalla\"}]},{\"@type\":\"WebSite\",\"@id\":\"https:\\\/\\\/teknologiateollisuus.fi\\\/meriteollisuus\\\/#website\",\"url\":\"https:\\\/\\\/teknologiateollisuus.fi\\\/meriteollisuus\\\/\",\"name\":\"Meriteollisuus ry\",\"description\":\"\",\"potentialAction\":[{\"@type\":\"SearchAction\",\"target\":{\"@type\":\"EntryPoint\",\"urlTemplate\":\"https:\\\/\\\/teknologiateollisuus.fi\\\/meriteollisuus\\\/?s={search_term_string}\"},\"query-input\":{\"@type\":\"PropertyValueSpecification\",\"valueRequired\":true,\"valueName\":\"search_term_string\"}}],\"inLanguage\":\"fi\"},{\"@type\":\"Person\",\"@id\":\"https:\\\/\\\/teknologiateollisuus.fi\\\/meriteollisuus\\\/#\\\/schema\\\/person\\\/de94d86799ec970d18229066af59e784\",\"name\":\"annika\",\"image\":{\"@type\":\"ImageObject\",\"inLanguage\":\"fi\",\"@id\":\"https:\\\/\\\/secure.gravatar.com\\\/avatar\\\/56c752bf9544b8e27645b04ec9a2bab99a73a437b62ce599f8f351d6a2e19e02?s=96&d=mm&r=g\",\"url\":\"https:\\\/\\\/secure.gravatar.com\\\/avatar\\\/56c752bf9544b8e27645b04ec9a2bab99a73a437b62ce599f8f351d6a2e19e02?s=96&d=mm&r=g\",\"contentUrl\":\"https:\\\/\\\/secure.gravatar.com\\\/avatar\\\/56c752bf9544b8e27645b04ec9a2bab99a73a437b62ce599f8f351d6a2e19e02?s=96&d=mm&r=g\",\"caption\":\"annika\"}}]}<\/script>\n<!-- \/ Yoast SEO Premium plugin. -->","yoast_head_json":{"title":"Toisen Pohjanmaa-luokan monitoimikorvetin k\u00f6li laskettiin Rauman telakalla - Meriteollisuus ry","robots":{"index":"index","follow":"follow","max-snippet":"max-snippet:-1","max-image-preview":"max-image-preview:large","max-video-preview":"max-video-preview:-1"},"canonical":"https:\/\/teknologiateollisuus.fi\/meriteollisuus\/toisen-pohjanmaa-luokan-monitoimikorvetin-koli-laskettiin-rauman-telakalla\/","og_locale":"fi_FI","og_type":"article","og_title":"Toisen Pohjanmaa-luokan monitoimikorvetin k\u00f6li laskettiin Rauman telakalla","og_description":"Toisen Laivue 2020 -hankkeen monitoimikorvetin k\u00f6li laskettiin torstaina 8. toukokuuta Rauman telakalla. Perinteinen k\u00f6linlaskuseremonia juhlisti aluksen syntyhetke\u00e4 \u2013 siit\u00e4 alkaa rungon varsinainen kokoaminen. K\u00f6lilohko kehtoineen asetettiin rakennuspukkien p\u00e4\u00e4lle monitoimihallissa, joka toimii aluksen rakennuspaikkana. Lohkon alle sijoitettiin perinteiset onnenkolikot, jotka jatkavat matkaansa valmiin aluksen mukana. Seremoniassa olivat edustettuina Puolustusvoimien logistiikkalaitos, Merivoimat, asej\u00e4rjestelm\u00e4toimittaja Saab, luokituslaitos Lloyd\u2019s Register [&hellip;]","og_url":"https:\/\/teknologiateollisuus.fi\/meriteollisuus\/toisen-pohjanmaa-luokan-monitoimikorvetin-koli-laskettiin-rauman-telakalla\/","og_site_name":"Meriteollisuus ry","article_published_time":"2025-05-09T12:47:21+00:00","og_image":[{"width":1536,"height":1152,"url":"https:\/\/teknologiateollisuus.fi\/meriteollisuus\/wp-content\/uploads\/sites\/5\/2025\/05\/RMC.jpg","type":"image\/jpeg"}],"author":"annika","twitter_card":"summary_large_image","twitter_misc":{"Kirjoittanut":"annika","Arvioitu lukuaika":"2 minuuttia"},"schema":{"@context":"https:\/\/schema.org","@graph":[{"@type":"Article","@id":"https:\/\/teknologiateollisuus.fi\/meriteollisuus\/toisen-pohjanmaa-luokan-monitoimikorvetin-koli-laskettiin-rauman-telakalla\/#article","isPartOf":{"@id":"https:\/\/teknologiateollisuus.fi\/meriteollisuus\/toisen-pohjanmaa-luokan-monitoimikorvetin-koli-laskettiin-rauman-telakalla\/"},"author":{"name":"annika","@id":"https:\/\/teknologiateollisuus.fi\/meriteollisuus\/#\/schema\/person\/de94d86799ec970d18229066af59e784"},"headline":"Toisen Pohjanmaa-luokan monitoimikorvetin k\u00f6li laskettiin Rauman telakalla","datePublished":"2025-05-09T12:47:21+00:00","mainEntityOfPage":{"@id":"https:\/\/teknologiateollisuus.fi\/meriteollisuus\/toisen-pohjanmaa-luokan-monitoimikorvetin-koli-laskettiin-rauman-telakalla\/"},"wordCount":292,"image":{"@id":"https:\/\/teknologiateollisuus.fi\/meriteollisuus\/toisen-pohjanmaa-luokan-monitoimikorvetin-koli-laskettiin-rauman-telakalla\/#primaryimage"},"thumbnailUrl":"https:\/\/teknologiateollisuus.fi\/meriteollisuus\/wp-content\/uploads\/sites\/5\/2025\/05\/RMC.jpg","articleSection":["Uutinen"],"inLanguage":"fi"},{"@type":"WebPage","@id":"https:\/\/teknologiateollisuus.fi\/meriteollisuus\/toisen-pohjanmaa-luokan-monitoimikorvetin-koli-laskettiin-rauman-telakalla\/","url":"https:\/\/teknologiateollisuus.fi\/meriteollisuus\/toisen-pohjanmaa-luokan-monitoimikorvetin-koli-laskettiin-rauman-telakalla\/","name":"Toisen Pohjanmaa-luokan monitoimikorvetin k\u00f6li laskettiin Rauman telakalla - Meriteollisuus ry","isPartOf":{"@id":"https:\/\/teknologiateollisuus.fi\/meriteollisuus\/#website"},"primaryImageOfPage":{"@id":"https:\/\/teknologiateollisuus.fi\/meriteollisuus\/toisen-pohjanmaa-luokan-monitoimikorvetin-koli-laskettiin-rauman-telakalla\/#primaryimage"},"image":{"@id":"https:\/\/teknologiateollisuus.fi\/meriteollisuus\/toisen-pohjanmaa-luokan-monitoimikorvetin-koli-laskettiin-rauman-telakalla\/#primaryimage"},"thumbnailUrl":"https:\/\/teknologiateollisuus.fi\/meriteollisuus\/wp-content\/uploads\/sites\/5\/2025\/05\/RMC.jpg","datePublished":"2025-05-09T12:47:21+00:00","author":{"@id":"https:\/\/teknologiateollisuus.fi\/meriteollisuus\/#\/schema\/person\/de94d86799ec970d18229066af59e784"},"breadcrumb":{"@id":"https:\/\/teknologiateollisuus.fi\/meriteollisuus\/toisen-pohjanmaa-luokan-monitoimikorvetin-koli-laskettiin-rauman-telakalla\/#breadcrumb"},"inLanguage":"fi","potentialAction":[{"@type":"ReadAction","target":["https:\/\/teknologiateollisuus.fi\/meriteollisuus\/toisen-pohjanmaa-luokan-monitoimikorvetin-koli-laskettiin-rauman-telakalla\/"]}]},{"@type":"ImageObject","inLanguage":"fi","@id":"https:\/\/teknologiateollisuus.fi\/meriteollisuus\/toisen-pohjanmaa-luokan-monitoimikorvetin-koli-laskettiin-rauman-telakalla\/#primaryimage","url":"https:\/\/teknologiateollisuus.fi\/meriteollisuus\/wp-content\/uploads\/sites\/5\/2025\/05\/RMC.jpg","contentUrl":"https:\/\/teknologiateollisuus.fi\/meriteollisuus\/wp-content\/uploads\/sites\/5\/2025\/05\/RMC.jpg","width":1536,"height":1152},{"@type":"BreadcrumbList","@id":"https:\/\/teknologiateollisuus.fi\/meriteollisuus\/toisen-pohjanmaa-luokan-monitoimikorvetin-koli-laskettiin-rauman-telakalla\/#breadcrumb","itemListElement":[{"@type":"ListItem","position":1,"name":"Etusivu","item":"https:\/\/teknologiateollisuus.fi\/meriteollisuus\/"},{"@type":"ListItem","position":2,"name":"Ajankohtaista","item":"https:\/\/teknologiateollisuus.fi\/meriteollisuus\/ajankohtaista\/"},{"@type":"ListItem","position":3,"name":"Toisen Pohjanmaa-luokan monitoimikorvetin k\u00f6li laskettiin Rauman telakalla"}]},{"@type":"WebSite","@id":"https:\/\/teknologiateollisuus.fi\/meriteollisuus\/#website","url":"https:\/\/teknologiateollisuus.fi\/meriteollisuus\/","name":"Meriteollisuus ry","description":"","potentialAction":[{"@type":"SearchAction","target":{"@type":"EntryPoint","urlTemplate":"https:\/\/teknologiateollisuus.fi\/meriteollisuus\/?s={search_term_string}"},"query-input":{"@type":"PropertyValueSpecification","valueRequired":true,"valueName":"search_term_string"}}],"inLanguage":"fi"},{"@type":"Person","@id":"https:\/\/teknologiateollisuus.fi\/meriteollisuus\/#\/schema\/person\/de94d86799ec970d18229066af59e784","name":"annika","image":{"@type":"ImageObject","inLanguage":"fi","@id":"https:\/\/secure.gravatar.com\/avatar\/56c752bf9544b8e27645b04ec9a2bab99a73a437b62ce599f8f351d6a2e19e02?s=96&d=mm&r=g","url":"https:\/\/secure.gravatar.com\/avatar\/56c752bf9544b8e27645b04ec9a2bab99a73a437b62ce599f8f351d6a2e19e02?s=96&d=mm&r=g","contentUrl":"https:\/\/secure.gravatar.com\/avatar\/56c752bf9544b8e27645b04ec9a2bab99a73a437b62ce599f8f351d6a2e19e02?s=96&d=mm&r=g","caption":"annika"}}]}},"lang":"fi","translations":{"fi":2849},"pll_sync_post":{},"_links":{"self":[{"href":"https:\/\/teknologiateollisuus.fi\/meriteollisuus\/wp-json\/wp\/v2\/posts\/2849","targetHints":{"allow":["GET"]}}],"collection":[{"href":"https:\/\/teknologiateollisuus.fi\/meriteollisuus\/wp-json\/wp\/v2\/posts"}],"about":[{"href":"https:\/\/teknologiateollisuus.fi\/meriteollisuus\/wp-json\/wp\/v2\/types\/post"}],"author":[{"embeddable":true,"href":"https:\/\/teknologiateollisuus.fi\/meriteollisuus\/wp-json\/wp\/v2\/users\/59"}],"replies":[{"embeddable":true,"href":"https:\/\/teknologiateollisuus.fi\/meriteollisuus\/wp-json\/wp\/v2\/comments?post=2849"}],"version-history":[{"count":2,"href":"https:\/\/teknologiateollisuus.fi\/meriteollisuus\/wp-json\/wp\/v2\/posts\/2849\/revisions"}],"predecessor-version":[{"id":2852,"href":"https:\/\/teknologiateollisuus.fi\/meriteollisuus\/wp-json\/wp\/v2\/posts\/2849\/revisions\/2852"}],"wp:featuredmedia":[{"embeddable":true,"href":"https:\/\/teknologiateollisuus.fi\/meriteollisuus\/wp-json\/wp\/v2\/media\/2850"}],"wp:attachment":[{"href":"https:\/\/teknologiateollisuus.fi\/meriteollisuus\/wp-json\/wp\/v2\/media?parent=2849"}],"wp:term":[{"taxonomy":"category","embeddable":true,"href":"https:\/\/teknologiateollisuus.fi\/meriteollisuus\/wp-json\/wp\/v2\/categories?post=2849"},{"taxonomy":"post_tag","embeddable":true,"href":"https:\/\/teknologiateollisuus.fi\/meriteollisuus\/wp-json\/wp\/v2\/tags?post=2849"},{"taxonomy":"em_industry","embeddable":true,"href":"https:\/\/teknologiateollisuus.fi\/meriteollisuus\/wp-json\/wp\/v2\/em_industry?post=2849"},{"taxonomy":"em_theme","embeddable":true,"href":"https:\/\/teknologiateollisuus.fi\/meriteollisuus\/wp-json\/wp\/v2\/em_theme?post=2849"}],"curies":[{"name":"wp","href":"https:\/\/api.w.org\/{rel}","templated":true}]}}