{"id":2893,"date":"2025-06-26T09:57:50","date_gmt":"2025-06-26T06:57:50","guid":{"rendered":"https:\/\/teknologiateollisuus.fi\/meriteollisuus\/?p=2893"},"modified":"2025-06-26T09:57:51","modified_gmt":"2025-06-26T06:57:51","slug":"meriteollisuus-ryn-toimisto-lomalla-heinakuun-2","status":"publish","type":"post","link":"https:\/\/teknologiateollisuus.fi\/meriteollisuus\/meriteollisuus-ryn-toimisto-lomalla-heinakuun-2\/","title":{"rendered":"Meriteollisuus ry:n toimisto lomalla hein\u00e4kuun"},"content":{"rendered":"\n<p>Meriteollisuus ry:n toimisto j\u00e4\u00e4 kes\u00e4lomille hein\u00e4kuun ajaksi, tavoitat meid\u00e4t j\u00e4lleen elokuun alusta alkaen.<\/p>\n\n\n\n<p><em>Toivotamme aurinkoista ja rentouttavaa kes\u00e4\u00e4!<\/em><\/p>\n\n\n\n<p><\/p>\n","protected":false},"excerpt":{"rendered":"<p>Meriteollisuus ry:n toimisto j\u00e4\u00e4 kes\u00e4lomille hein\u00e4kuun ajaksi, tavoitat meid\u00e4t j\u00e4lleen elokuun alusta alkaen. Toivotamme aurinkoista ja rentouttavaa kes\u00e4\u00e4!<\/p>\n","protected":false},"author":59,"featured_media":2894,"comment_status":"closed","ping_status":"closed","sticky":false,"template":"","format":"standard","meta":{"_acf_changed":false,"_relevanssi_hide_post":"","_relevanssi_hide_content":"","_relevanssi_pin_for_all":"","_relevanssi_pin_keywords":"","_relevanssi_unpin_keywords":"","_relevanssi_related_keywords":"","_relevanssi_related_include_ids":"","_relevanssi_related_exclude_ids":"","_relevanssi_related_no_append":"","_relevanssi_related_not_related":"","_relevanssi_related_posts":"2024,1999,1376,1466,2053,1534","_relevanssi_noindex_reason":"","inline_featured_image":false,"footnotes":""},"categories":[16],"tags":[],"em_industry":[],"em_theme":[93],"class_list":["post-2893","post","type-post","status-publish","format-standard","has-post-thumbnail","hentry","category-tiedote","em_theme-yhdistyksen-uutiset"],"acf":[],"yoast_head":"<!-- This site is optimized with the Yoast SEO Premium plugin v27.1 (Yoast SEO v27.5) - https:\/\/yoast.com\/product\/yoast-seo-premium-wordpress\/ -->\n<title>Meriteollisuus ry:n toimisto lomalla hein\u00e4kuun - Meriteollisuus ry<\/title>\n<meta name=\"robots\" content=\"index, follow, max-snippet:-1, max-image-preview:large, max-video-preview:-1\" \/>\n<link rel=\"canonical\" href=\"https:\/\/teknologiateollisuus.fi\/meriteollisuus\/meriteollisuus-ryn-toimisto-lomalla-heinakuun-2\/\" \/>\n<meta property=\"og:locale\" content=\"fi_FI\" \/>\n<meta property=\"og:type\" content=\"article\" \/>\n<meta property=\"og:title\" content=\"Meriteollisuus ry:n toimisto lomalla hein\u00e4kuun\" \/>\n<meta property=\"og:description\" content=\"Meriteollisuus ry:n toimisto j\u00e4\u00e4 kes\u00e4lomille hein\u00e4kuun ajaksi, tavoitat meid\u00e4t j\u00e4lleen elokuun alusta alkaen. Toivotamme aurinkoista ja rentouttavaa kes\u00e4\u00e4!\" \/>\n<meta property=\"og:url\" content=\"https:\/\/teknologiateollisuus.fi\/meriteollisuus\/meriteollisuus-ryn-toimisto-lomalla-heinakuun-2\/\" \/>\n<meta property=\"og:site_name\" content=\"Meriteollisuus ry\" \/>\n<meta property=\"article:published_time\" content=\"2025-06-26T06:57:50+00:00\" \/>\n<meta property=\"article:modified_time\" content=\"2025-06-26T06:57:51+00:00\" \/>\n<meta property=\"og:image\" content=\"https:\/\/teknologiateollisuus.fi\/meriteollisuus\/wp-content\/uploads\/sites\/5\/2025\/06\/linh-pham-9M7jfE3BglQ-unsplash.jpg\" \/>\n\t<meta property=\"og:image:width\" content=\"2400\" \/>\n\t<meta property=\"og:image:height\" content=\"1602\" \/>\n\t<meta property=\"og:image:type\" content=\"image\/jpeg\" \/>\n<meta name=\"author\" content=\"annika\" \/>\n<meta name=\"twitter:card\" content=\"summary_large_image\" \/>\n<meta name=\"twitter:label1\" content=\"Kirjoittanut\" \/>\n\t<meta name=\"twitter:data1\" content=\"annika\" \/>\n\t<meta name=\"twitter:label2\" content=\"Arvioitu lukuaika\" \/>\n\t<meta name=\"twitter:data2\" content=\"1 minuutti\" \/>\n<script type=\"application\/ld+json\" class=\"yoast-schema-graph\">{\"@context\":\"https:\\\/\\\/schema.org\",\"@graph\":[{\"@type\":\"Article\",\"@id\":\"https:\\\/\\\/teknologiateollisuus.fi\\\/meriteollisuus\\\/meriteollisuus-ryn-toimisto-lomalla-heinakuun-2\\\/#article\",\"isPartOf\":{\"@id\":\"https:\\\/\\\/teknologiateollisuus.fi\\\/meriteollisuus\\\/meriteollisuus-ryn-toimisto-lomalla-heinakuun-2\\\/\"},\"author\":{\"name\":\"annika\",\"@id\":\"https:\\\/\\\/teknologiateollisuus.fi\\\/meriteollisuus\\\/#\\\/schema\\\/person\\\/de94d86799ec970d18229066af59e784\"},\"headline\":\"Meriteollisuus ry:n toimisto lomalla hein\u00e4kuun\",\"datePublished\":\"2025-06-26T06:57:50+00:00\",\"dateModified\":\"2025-06-26T06:57:51+00:00\",\"mainEntityOfPage\":{\"@id\":\"https:\\\/\\\/teknologiateollisuus.fi\\\/meriteollisuus\\\/meriteollisuus-ryn-toimisto-lomalla-heinakuun-2\\\/\"},\"wordCount\":30,\"image\":{\"@id\":\"https:\\\/\\\/teknologiateollisuus.fi\\\/meriteollisuus\\\/meriteollisuus-ryn-toimisto-lomalla-heinakuun-2\\\/#primaryimage\"},\"thumbnailUrl\":\"https:\\\/\\\/teknologiateollisuus.fi\\\/meriteollisuus\\\/wp-content\\\/uploads\\\/sites\\\/5\\\/2025\\\/06\\\/linh-pham-9M7jfE3BglQ-unsplash.jpg\",\"articleSection\":[\"Tiedote\"],\"inLanguage\":\"fi\"},{\"@type\":\"WebPage\",\"@id\":\"https:\\\/\\\/teknologiateollisuus.fi\\\/meriteollisuus\\\/meriteollisuus-ryn-toimisto-lomalla-heinakuun-2\\\/\",\"url\":\"https:\\\/\\\/teknologiateollisuus.fi\\\/meriteollisuus\\\/meriteollisuus-ryn-toimisto-lomalla-heinakuun-2\\\/\",\"name\":\"Meriteollisuus ry:n toimisto lomalla hein\u00e4kuun - Meriteollisuus ry\",\"isPartOf\":{\"@id\":\"https:\\\/\\\/teknologiateollisuus.fi\\\/meriteollisuus\\\/#website\"},\"primaryImageOfPage\":{\"@id\":\"https:\\\/\\\/teknologiateollisuus.fi\\\/meriteollisuus\\\/meriteollisuus-ryn-toimisto-lomalla-heinakuun-2\\\/#primaryimage\"},\"image\":{\"@id\":\"https:\\\/\\\/teknologiateollisuus.fi\\\/meriteollisuus\\\/meriteollisuus-ryn-toimisto-lomalla-heinakuun-2\\\/#primaryimage\"},\"thumbnailUrl\":\"https:\\\/\\\/teknologiateollisuus.fi\\\/meriteollisuus\\\/wp-content\\\/uploads\\\/sites\\\/5\\\/2025\\\/06\\\/linh-pham-9M7jfE3BglQ-unsplash.jpg\",\"datePublished\":\"2025-06-26T06:57:50+00:00\",\"dateModified\":\"2025-06-26T06:57:51+00:00\",\"author\":{\"@id\":\"https:\\\/\\\/teknologiateollisuus.fi\\\/meriteollisuus\\\/#\\\/schema\\\/person\\\/de94d86799ec970d18229066af59e784\"},\"breadcrumb\":{\"@id\":\"https:\\\/\\\/teknologiateollisuus.fi\\\/meriteollisuus\\\/meriteollisuus-ryn-toimisto-lomalla-heinakuun-2\\\/#breadcrumb\"},\"inLanguage\":\"fi\",\"potentialAction\":[{\"@type\":\"ReadAction\",\"target\":[\"https:\\\/\\\/teknologiateollisuus.fi\\\/meriteollisuus\\\/meriteollisuus-ryn-toimisto-lomalla-heinakuun-2\\\/\"]}]},{\"@type\":\"ImageObject\",\"inLanguage\":\"fi\",\"@id\":\"https:\\\/\\\/teknologiateollisuus.fi\\\/meriteollisuus\\\/meriteollisuus-ryn-toimisto-lomalla-heinakuun-2\\\/#primaryimage\",\"url\":\"https:\\\/\\\/teknologiateollisuus.fi\\\/meriteollisuus\\\/wp-content\\\/uploads\\\/sites\\\/5\\\/2025\\\/06\\\/linh-pham-9M7jfE3BglQ-unsplash.jpg\",\"contentUrl\":\"https:\\\/\\\/teknologiateollisuus.fi\\\/meriteollisuus\\\/wp-content\\\/uploads\\\/sites\\\/5\\\/2025\\\/06\\\/linh-pham-9M7jfE3BglQ-unsplash.jpg\",\"width\":2400,\"height\":1602},{\"@type\":\"BreadcrumbList\",\"@id\":\"https:\\\/\\\/teknologiateollisuus.fi\\\/meriteollisuus\\\/meriteollisuus-ryn-toimisto-lomalla-heinakuun-2\\\/#breadcrumb\",\"itemListElement\":[{\"@type\":\"ListItem\",\"position\":1,\"name\":\"Etusivu\",\"item\":\"https:\\\/\\\/teknologiateollisuus.fi\\\/meriteollisuus\\\/\"},{\"@type\":\"ListItem\",\"position\":2,\"name\":\"Ajankohtaista\",\"item\":\"https:\\\/\\\/teknologiateollisuus.fi\\\/meriteollisuus\\\/ajankohtaista\\\/\"},{\"@type\":\"ListItem\",\"position\":3,\"name\":\"Meriteollisuus ry:n toimisto lomalla hein\u00e4kuun\"}]},{\"@type\":\"WebSite\",\"@id\":\"https:\\\/\\\/teknologiateollisuus.fi\\\/meriteollisuus\\\/#website\",\"url\":\"https:\\\/\\\/teknologiateollisuus.fi\\\/meriteollisuus\\\/\",\"name\":\"Meriteollisuus ry\",\"description\":\"\",\"potentialAction\":[{\"@type\":\"SearchAction\",\"target\":{\"@type\":\"EntryPoint\",\"urlTemplate\":\"https:\\\/\\\/teknologiateollisuus.fi\\\/meriteollisuus\\\/?s={search_term_string}\"},\"query-input\":{\"@type\":\"PropertyValueSpecification\",\"valueRequired\":true,\"valueName\":\"search_term_string\"}}],\"inLanguage\":\"fi\"},{\"@type\":\"Person\",\"@id\":\"https:\\\/\\\/teknologiateollisuus.fi\\\/meriteollisuus\\\/#\\\/schema\\\/person\\\/de94d86799ec970d18229066af59e784\",\"name\":\"annika\",\"image\":{\"@type\":\"ImageObject\",\"inLanguage\":\"fi\",\"@id\":\"https:\\\/\\\/secure.gravatar.com\\\/avatar\\\/56c752bf9544b8e27645b04ec9a2bab99a73a437b62ce599f8f351d6a2e19e02?s=96&d=mm&r=g\",\"url\":\"https:\\\/\\\/secure.gravatar.com\\\/avatar\\\/56c752bf9544b8e27645b04ec9a2bab99a73a437b62ce599f8f351d6a2e19e02?s=96&d=mm&r=g\",\"contentUrl\":\"https:\\\/\\\/secure.gravatar.com\\\/avatar\\\/56c752bf9544b8e27645b04ec9a2bab99a73a437b62ce599f8f351d6a2e19e02?s=96&d=mm&r=g\",\"caption\":\"annika\"}}]}<\/script>\n<!-- \/ Yoast SEO Premium plugin. -->","yoast_head_json":{"title":"Meriteollisuus ry:n toimisto lomalla hein\u00e4kuun - Meriteollisuus ry","robots":{"index":"index","follow":"follow","max-snippet":"max-snippet:-1","max-image-preview":"max-image-preview:large","max-video-preview":"max-video-preview:-1"},"canonical":"https:\/\/teknologiateollisuus.fi\/meriteollisuus\/meriteollisuus-ryn-toimisto-lomalla-heinakuun-2\/","og_locale":"fi_FI","og_type":"article","og_title":"Meriteollisuus ry:n toimisto lomalla hein\u00e4kuun","og_description":"Meriteollisuus ry:n toimisto j\u00e4\u00e4 kes\u00e4lomille hein\u00e4kuun ajaksi, tavoitat meid\u00e4t j\u00e4lleen elokuun alusta alkaen. Toivotamme aurinkoista ja rentouttavaa kes\u00e4\u00e4!","og_url":"https:\/\/teknologiateollisuus.fi\/meriteollisuus\/meriteollisuus-ryn-toimisto-lomalla-heinakuun-2\/","og_site_name":"Meriteollisuus ry","article_published_time":"2025-06-26T06:57:50+00:00","article_modified_time":"2025-06-26T06:57:51+00:00","og_image":[{"width":2400,"height":1602,"url":"https:\/\/teknologiateollisuus.fi\/meriteollisuus\/wp-content\/uploads\/sites\/5\/2025\/06\/linh-pham-9M7jfE3BglQ-unsplash.jpg","type":"image\/jpeg"}],"author":"annika","twitter_card":"summary_large_image","twitter_misc":{"Kirjoittanut":"annika","Arvioitu lukuaika":"1 minuutti"},"schema":{"@context":"https:\/\/schema.org","@graph":[{"@type":"Article","@id":"https:\/\/teknologiateollisuus.fi\/meriteollisuus\/meriteollisuus-ryn-toimisto-lomalla-heinakuun-2\/#article","isPartOf":{"@id":"https:\/\/teknologiateollisuus.fi\/meriteollisuus\/meriteollisuus-ryn-toimisto-lomalla-heinakuun-2\/"},"author":{"name":"annika","@id":"https:\/\/teknologiateollisuus.fi\/meriteollisuus\/#\/schema\/person\/de94d86799ec970d18229066af59e784"},"headline":"Meriteollisuus ry:n toimisto lomalla hein\u00e4kuun","datePublished":"2025-06-26T06:57:50+00:00","dateModified":"2025-06-26T06:57:51+00:00","mainEntityOfPage":{"@id":"https:\/\/teknologiateollisuus.fi\/meriteollisuus\/meriteollisuus-ryn-toimisto-lomalla-heinakuun-2\/"},"wordCount":30,"image":{"@id":"https:\/\/teknologiateollisuus.fi\/meriteollisuus\/meriteollisuus-ryn-toimisto-lomalla-heinakuun-2\/#primaryimage"},"thumbnailUrl":"https:\/\/teknologiateollisuus.fi\/meriteollisuus\/wp-content\/uploads\/sites\/5\/2025\/06\/linh-pham-9M7jfE3BglQ-unsplash.jpg","articleSection":["Tiedote"],"inLanguage":"fi"},{"@type":"WebPage","@id":"https:\/\/teknologiateollisuus.fi\/meriteollisuus\/meriteollisuus-ryn-toimisto-lomalla-heinakuun-2\/","url":"https:\/\/teknologiateollisuus.fi\/meriteollisuus\/meriteollisuus-ryn-toimisto-lomalla-heinakuun-2\/","name":"Meriteollisuus ry:n toimisto lomalla hein\u00e4kuun - Meriteollisuus ry","isPartOf":{"@id":"https:\/\/teknologiateollisuus.fi\/meriteollisuus\/#website"},"primaryImageOfPage":{"@id":"https:\/\/teknologiateollisuus.fi\/meriteollisuus\/meriteollisuus-ryn-toimisto-lomalla-heinakuun-2\/#primaryimage"},"image":{"@id":"https:\/\/teknologiateollisuus.fi\/meriteollisuus\/meriteollisuus-ryn-toimisto-lomalla-heinakuun-2\/#primaryimage"},"thumbnailUrl":"https:\/\/teknologiateollisuus.fi\/meriteollisuus\/wp-content\/uploads\/sites\/5\/2025\/06\/linh-pham-9M7jfE3BglQ-unsplash.jpg","datePublished":"2025-06-26T06:57:50+00:00","dateModified":"2025-06-26T06:57:51+00:00","author":{"@id":"https:\/\/teknologiateollisuus.fi\/meriteollisuus\/#\/schema\/person\/de94d86799ec970d18229066af59e784"},"breadcrumb":{"@id":"https:\/\/teknologiateollisuus.fi\/meriteollisuus\/meriteollisuus-ryn-toimisto-lomalla-heinakuun-2\/#breadcrumb"},"inLanguage":"fi","potentialAction":[{"@type":"ReadAction","target":["https:\/\/teknologiateollisuus.fi\/meriteollisuus\/meriteollisuus-ryn-toimisto-lomalla-heinakuun-2\/"]}]},{"@type":"ImageObject","inLanguage":"fi","@id":"https:\/\/teknologiateollisuus.fi\/meriteollisuus\/meriteollisuus-ryn-toimisto-lomalla-heinakuun-2\/#primaryimage","url":"https:\/\/teknologiateollisuus.fi\/meriteollisuus\/wp-content\/uploads\/sites\/5\/2025\/06\/linh-pham-9M7jfE3BglQ-unsplash.jpg","contentUrl":"https:\/\/teknologiateollisuus.fi\/meriteollisuus\/wp-content\/uploads\/sites\/5\/2025\/06\/linh-pham-9M7jfE3BglQ-unsplash.jpg","width":2400,"height":1602},{"@type":"BreadcrumbList","@id":"https:\/\/teknologiateollisuus.fi\/meriteollisuus\/meriteollisuus-ryn-toimisto-lomalla-heinakuun-2\/#breadcrumb","itemListElement":[{"@type":"ListItem","position":1,"name":"Etusivu","item":"https:\/\/teknologiateollisuus.fi\/meriteollisuus\/"},{"@type":"ListItem","position":2,"name":"Ajankohtaista","item":"https:\/\/teknologiateollisuus.fi\/meriteollisuus\/ajankohtaista\/"},{"@type":"ListItem","position":3,"name":"Meriteollisuus ry:n toimisto lomalla hein\u00e4kuun"}]},{"@type":"WebSite","@id":"https:\/\/teknologiateollisuus.fi\/meriteollisuus\/#website","url":"https:\/\/teknologiateollisuus.fi\/meriteollisuus\/","name":"Meriteollisuus ry","description":"","potentialAction":[{"@type":"SearchAction","target":{"@type":"EntryPoint","urlTemplate":"https:\/\/teknologiateollisuus.fi\/meriteollisuus\/?s={search_term_string}"},"query-input":{"@type":"PropertyValueSpecification","valueRequired":true,"valueName":"search_term_string"}}],"inLanguage":"fi"},{"@type":"Person","@id":"https:\/\/teknologiateollisuus.fi\/meriteollisuus\/#\/schema\/person\/de94d86799ec970d18229066af59e784","name":"annika","image":{"@type":"ImageObject","inLanguage":"fi","@id":"https:\/\/secure.gravatar.com\/avatar\/56c752bf9544b8e27645b04ec9a2bab99a73a437b62ce599f8f351d6a2e19e02?s=96&d=mm&r=g","url":"https:\/\/secure.gravatar.com\/avatar\/56c752bf9544b8e27645b04ec9a2bab99a73a437b62ce599f8f351d6a2e19e02?s=96&d=mm&r=g","contentUrl":"https:\/\/secure.gravatar.com\/avatar\/56c752bf9544b8e27645b04ec9a2bab99a73a437b62ce599f8f351d6a2e19e02?s=96&d=mm&r=g","caption":"annika"}}]}},"lang":"fi","translations":{"fi":2893},"pll_sync_post":{},"_links":{"self":[{"href":"https:\/\/teknologiateollisuus.fi\/meriteollisuus\/wp-json\/wp\/v2\/posts\/2893","targetHints":{"allow":["GET"]}}],"collection":[{"href":"https:\/\/teknologiateollisuus.fi\/meriteollisuus\/wp-json\/wp\/v2\/posts"}],"about":[{"href":"https:\/\/teknologiateollisuus.fi\/meriteollisuus\/wp-json\/wp\/v2\/types\/post"}],"author":[{"embeddable":true,"href":"https:\/\/teknologiateollisuus.fi\/meriteollisuus\/wp-json\/wp\/v2\/users\/59"}],"replies":[{"embeddable":true,"href":"https:\/\/teknologiateollisuus.fi\/meriteollisuus\/wp-json\/wp\/v2\/comments?post=2893"}],"version-history":[{"count":3,"href":"https:\/\/teknologiateollisuus.fi\/meriteollisuus\/wp-json\/wp\/v2\/posts\/2893\/revisions"}],"predecessor-version":[{"id":2897,"href":"https:\/\/teknologiateollisuus.fi\/meriteollisuus\/wp-json\/wp\/v2\/posts\/2893\/revisions\/2897"}],"wp:featuredmedia":[{"embeddable":true,"href":"https:\/\/teknologiateollisuus.fi\/meriteollisuus\/wp-json\/wp\/v2\/media\/2894"}],"wp:attachment":[{"href":"https:\/\/teknologiateollisuus.fi\/meriteollisuus\/wp-json\/wp\/v2\/media?parent=2893"}],"wp:term":[{"taxonomy":"category","embeddable":true,"href":"https:\/\/teknologiateollisuus.fi\/meriteollisuus\/wp-json\/wp\/v2\/categories?post=2893"},{"taxonomy":"post_tag","embeddable":true,"href":"https:\/\/teknologiateollisuus.fi\/meriteollisuus\/wp-json\/wp\/v2\/tags?post=2893"},{"taxonomy":"em_industry","embeddable":true,"href":"https:\/\/teknologiateollisuus.fi\/meriteollisuus\/wp-json\/wp\/v2\/em_industry?post=2893"},{"taxonomy":"em_theme","embeddable":true,"href":"https:\/\/teknologiateollisuus.fi\/meriteollisuus\/wp-json\/wp\/v2\/em_theme?post=2893"}],"curies":[{"name":"wp","href":"https:\/\/api.w.org\/{rel}","templated":true}]}}