{"id":2921,"date":"2025-07-11T11:05:45","date_gmt":"2025-07-11T08:05:45","guid":{"rendered":"https:\/\/teknologiateollisuus.fi\/meriteollisuus\/?p=2921"},"modified":"2025-07-28T11:08:15","modified_gmt":"2025-07-28T08:08:15","slug":"meyer-turku-luovutti-icon-luokan-toisen-aluksen-ennatysajassa-valmistuneen-star-of-the-seasin","status":"publish","type":"post","link":"https:\/\/teknologiateollisuus.fi\/meriteollisuus\/meyer-turku-luovutti-icon-luokan-toisen-aluksen-ennatysajassa-valmistuneen-star-of-the-seasin\/","title":{"rendered":"Meyer Turku luovutti Icon-luokan toisen aluksen, enn\u00e4tysajassa valmistuneen Star of the Seasin"},"content":{"rendered":"\n<p>Meyer Turku on luovuttanut Star of the Seas -aluksen sen tilaajalle Royal Caribbean -varustamolle. Star of the Seas on toinen Meyer Turun telakalla rakennettu Icon-laivasarjan alus. Star of the Seas l\u00e4htee telakalta hein\u00e4kuun puoliv\u00e4liss\u00e4 ja aloittaa loppukes\u00e4ll\u00e4 liikenn\u00f6innin Karibialla kotisatamastaan Port Canaveralista.<\/p>\n\n\n\n<h3 class=\"wp-block-heading\" id=\"h-meyer-turun-toimitusjohtaja-casimir-lindholm\" id=\"meyer-turun-toimitusjohtaja-casimir-lindholm\">Meyer Turun toimitusjohtaja Casimir Lindholm:<\/h3>\n\n\n\n<p>\u201dStar of the Seas on jo toinen telakallamme rakennettu maailman edistyksellisimm\u00e4n Icon-luokan risteilyalus. Hyv\u00e4ss\u00e4 yhteisty\u00f6ss\u00e4 tilaajan ja verkostomme yritysten kanssa pystyimme hy\u00f6dynt\u00e4m\u00e4\u00e4n prototyyppialuksen rakennusprosessin aikana ker\u00e4\u00e4m\u00e4mme opit, ja Star saatiin valmiiksi laadukkaasti enn\u00e4tysajassa.<br>Star of the Seas on suurin yksitt\u00e4inen teollisuustuote, joka Suomessa on koskaan valmistettu. Samalla alus on j\u00e4lleen merkitt\u00e4v\u00e4 askel kohti vihre\u00e4\u00e4 siirtym\u00e4\u00e4, joka on telakan t\u00e4rkein kilpailuetu. N\u00e4in vaativan hankkeen toteuttamisen mahdollistavat Meyer Turun ja koko meriklusterin yritysten korkealuokkainen osaaminen ja laadukas projektinjohtaminen.\u201d<\/p>\n\n\n\n<p>Star of the Seasin kahdeksalta erilaiselta teema-alueelta l\u00f6ytyy niin merten suurin vesipuisto, el\u00e4vist\u00e4 kasveista koostuva Central Park, vesiakrobatiaviihdett\u00e4 tarjoava AquaTheatre kuin nelisenkymment\u00e4 erilaista ruokapaikkaa. Huipputeknologiaa hy\u00f6dynt\u00e4v\u00e4n aluksen matkustamo- ja viihderatkaisut on toteutettu yhteisty\u00f6ss\u00e4 Meyer Turun telakan pitk\u00e4aikaisten kumppaniyritysten kanssa.<\/p>\n\n\n\n<p>\u201cStar of the Seasin valmistuminen on j\u00e4lleen yksi merkitt\u00e4v\u00e4 askel Royal Caribbean Groupin matkalla kohti t\u00e4ysin uudenlaisia lomael\u00e4myksi\u00e4,\u201d sanoo Royal Caribbean Groupin toimitusjohtaja <strong>Jason Liberty<\/strong>. \u201cOlemme ylpeit\u00e4 voidessamme toteuttaa t\u00e4m\u00e4n uuden sukupolven lomakokemuksen Meyer turun telakalla yhdess\u00e4 arvostettujen kumppaneidemme kanssa.&#8221;<\/p>\n\n\n\n<p>Sarjan kolmas alus, Legend of the Seas, siirret\u00e4\u00e4n rakennusaltaasta varustelulaituriin kes\u00e4n j\u00e4lkeen. Nelj\u00e4nnen, viel\u00e4 nime\u00e4m\u00e4tt\u00f6m\u00e4n Icon-laivan rakentaminen on my\u00f6s jo k\u00e4ynniss\u00e4 Meyer Turun telakalla.<\/p>\n\n\n\n<figure class=\"wp-block-image size-large is-resized\"><img loading=\"lazy\" decoding=\"async\" width=\"968\" height=\"645\" src=\"https:\/\/teknologiateollisuus.fi\/meriteollisuus\/wp-content\/uploads\/sites\/5\/2025\/07\/Michael20Bayley20RC20Jason20Liberty20RC20Casimir20Lindholm20MT20Jaakko20Eskola20MT_Meyer20Turku_Mediascope20Productions-968x645.jpg\" alt=\"\" class=\"wp-image-2923\" style=\"width:538px;height:auto\" srcset=\"https:\/\/teknologiateollisuus.fi\/meriteollisuus\/wp-content\/uploads\/sites\/5\/2025\/07\/Michael20Bayley20RC20Jason20Liberty20RC20Casimir20Lindholm20MT20Jaakko20Eskola20MT_Meyer20Turku_Mediascope20Productions-968x645.jpg 968w, https:\/\/teknologiateollisuus.fi\/meriteollisuus\/wp-content\/uploads\/sites\/5\/2025\/07\/Michael20Bayley20RC20Jason20Liberty20RC20Casimir20Lindholm20MT20Jaakko20Eskola20MT_Meyer20Turku_Mediascope20Productions-400x267.jpg 400w, https:\/\/teknologiateollisuus.fi\/meriteollisuus\/wp-content\/uploads\/sites\/5\/2025\/07\/Michael20Bayley20RC20Jason20Liberty20RC20Casimir20Lindholm20MT20Jaakko20Eskola20MT_Meyer20Turku_Mediascope20Productions-768x512.jpg 768w, https:\/\/teknologiateollisuus.fi\/meriteollisuus\/wp-content\/uploads\/sites\/5\/2025\/07\/Michael20Bayley20RC20Jason20Liberty20RC20Casimir20Lindholm20MT20Jaakko20Eskola20MT_Meyer20Turku_Mediascope20Productions-1536x1024.jpg 1536w, https:\/\/teknologiateollisuus.fi\/meriteollisuus\/wp-content\/uploads\/sites\/5\/2025\/07\/Michael20Bayley20RC20Jason20Liberty20RC20Casimir20Lindholm20MT20Jaakko20Eskola20MT_Meyer20Turku_Mediascope20Productions-2048x1366.jpg 2048w, https:\/\/teknologiateollisuus.fi\/meriteollisuus\/wp-content\/uploads\/sites\/5\/2025\/07\/Michael20Bayley20RC20Jason20Liberty20RC20Casimir20Lindholm20MT20Jaakko20Eskola20MT_Meyer20Turku_Mediascope20Productions-1300x867.jpg 1300w, https:\/\/teknologiateollisuus.fi\/meriteollisuus\/wp-content\/uploads\/sites\/5\/2025\/07\/Michael20Bayley20RC20Jason20Liberty20RC20Casimir20Lindholm20MT20Jaakko20Eskola20MT_Meyer20Turku_Mediascope20Productions-1440x960.jpg 1440w\" sizes=\"auto, (max-width: 968px) 100vw, 968px\" \/><\/figure>\n\n\n\n<p>Star of the Seas lukuina:<br>&#8211; Pituus: 365 m<br>&#8211; Rungon leveys: 48,5 m (vesiviivalla), 57,8 m (kansirakennus), 65,8 m (komentosilta)<br>&#8211; Matkustajia: 7 600<br>&#8211; Miehist\u00f6\u00e4: 2 350<br>&#8211; Lippuvaltio: Bahama<\/p>\n\n\n\n<p>Credits:<\/p>\n\n\n\n<p>&#8211; Valokuva Star of the Seasista: Meyer Turku\/ Mediascope Productions<br>&#8211; Valokuva allekirjoitustilaisuudesta: Meyer Turku\/Mediascope Productions<br>&#8211; Teksti: Meyer Turku<\/p>\n\n\n\n<p><\/p>\n","protected":false},"excerpt":{"rendered":"<p>Meyer Turku on luovuttanut Star of the Seas -aluksen sen tilaajalle Royal Caribbean -varustamolle. Star of the Seas on toinen Meyer Turun telakalla rakennettu Icon-laivasarjan alus. Star of the Seas l\u00e4htee telakalta hein\u00e4kuun puoliv\u00e4liss\u00e4 ja aloittaa loppukes\u00e4ll\u00e4 liikenn\u00f6innin Karibialla kotisatamastaan Port Canaveralista. Meyer Turun toimitusjohtaja Casimir Lindholm: \u201dStar of the Seas on jo toinen telakallamme [&hellip;]<\/p>\n","protected":false},"author":59,"featured_media":2924,"comment_status":"closed","ping_status":"closed","sticky":false,"template":"","format":"standard","meta":{"_acf_changed":false,"_relevanssi_hide_post":"","_relevanssi_hide_content":"","_relevanssi_pin_for_all":"","_relevanssi_pin_keywords":"","_relevanssi_unpin_keywords":"","_relevanssi_related_keywords":"","_relevanssi_related_include_ids":"","_relevanssi_related_exclude_ids":"","_relevanssi_related_no_append":"","_relevanssi_related_not_related":"","_relevanssi_related_posts":"1973,1485,1556,1992,2020,2465","_relevanssi_noindex_reason":"","inline_featured_image":false,"footnotes":""},"categories":[14],"tags":[],"em_industry":[],"em_theme":[76],"class_list":["post-2921","post","type-post","status-publish","format-standard","has-post-thumbnail","hentry","category-uutinen","em_theme-jasenyritys"],"acf":[],"yoast_head":"<!-- This site is optimized with the Yoast SEO Premium plugin v27.1 (Yoast SEO v27.5) - https:\/\/yoast.com\/product\/yoast-seo-premium-wordpress\/ -->\n<title>Meyer Turku luovutti Icon-luokan toisen aluksen, enn\u00e4tysajassa valmistuneen Star of the Seasin - Meriteollisuus ry<\/title>\n<meta name=\"robots\" content=\"index, follow, max-snippet:-1, max-image-preview:large, max-video-preview:-1\" \/>\n<link rel=\"canonical\" href=\"https:\/\/teknologiateollisuus.fi\/meriteollisuus\/meyer-turku-luovutti-icon-luokan-toisen-aluksen-ennatysajassa-valmistuneen-star-of-the-seasin\/\" \/>\n<meta property=\"og:locale\" content=\"fi_FI\" \/>\n<meta property=\"og:type\" content=\"article\" \/>\n<meta property=\"og:title\" content=\"Meyer Turku luovutti Icon-luokan toisen aluksen, enn\u00e4tysajassa valmistuneen Star of the Seasin\" \/>\n<meta property=\"og:description\" content=\"Meyer Turku on luovuttanut Star of the Seas -aluksen sen tilaajalle Royal Caribbean -varustamolle. Star of the Seas on toinen Meyer Turun telakalla rakennettu Icon-laivasarjan alus. Star of the Seas l\u00e4htee telakalta hein\u00e4kuun puoliv\u00e4liss\u00e4 ja aloittaa loppukes\u00e4ll\u00e4 liikenn\u00f6innin Karibialla kotisatamastaan Port Canaveralista. Meyer Turun toimitusjohtaja Casimir Lindholm: \u201dStar of the Seas on jo toinen telakallamme [&hellip;]\" \/>\n<meta property=\"og:url\" content=\"https:\/\/teknologiateollisuus.fi\/meriteollisuus\/meyer-turku-luovutti-icon-luokan-toisen-aluksen-ennatysajassa-valmistuneen-star-of-the-seasin\/\" \/>\n<meta property=\"og:site_name\" content=\"Meriteollisuus ry\" \/>\n<meta property=\"article:published_time\" content=\"2025-07-11T08:05:45+00:00\" \/>\n<meta property=\"article:modified_time\" content=\"2025-07-28T08:08:15+00:00\" \/>\n<meta property=\"og:image\" content=\"https:\/\/teknologiateollisuus.fi\/meriteollisuus\/wp-content\/uploads\/sites\/5\/2025\/07\/Star20of20the20Seas_Meyer20Turku_Mediascope20Productions.jpg\" \/>\n\t<meta property=\"og:image:width\" content=\"2560\" \/>\n\t<meta property=\"og:image:height\" content=\"1500\" \/>\n\t<meta property=\"og:image:type\" content=\"image\/jpeg\" \/>\n<meta name=\"author\" content=\"annika\" \/>\n<meta name=\"twitter:card\" content=\"summary_large_image\" \/>\n<meta name=\"twitter:label1\" content=\"Kirjoittanut\" \/>\n\t<meta name=\"twitter:data1\" content=\"annika\" \/>\n\t<meta name=\"twitter:label2\" content=\"Arvioitu lukuaika\" \/>\n\t<meta name=\"twitter:data2\" content=\"3 minuuttia\" \/>\n<script type=\"application\/ld+json\" class=\"yoast-schema-graph\">{\"@context\":\"https:\\\/\\\/schema.org\",\"@graph\":[{\"@type\":\"Article\",\"@id\":\"https:\\\/\\\/teknologiateollisuus.fi\\\/meriteollisuus\\\/meyer-turku-luovutti-icon-luokan-toisen-aluksen-ennatysajassa-valmistuneen-star-of-the-seasin\\\/#article\",\"isPartOf\":{\"@id\":\"https:\\\/\\\/teknologiateollisuus.fi\\\/meriteollisuus\\\/meyer-turku-luovutti-icon-luokan-toisen-aluksen-ennatysajassa-valmistuneen-star-of-the-seasin\\\/\"},\"author\":{\"name\":\"annika\",\"@id\":\"https:\\\/\\\/teknologiateollisuus.fi\\\/meriteollisuus\\\/#\\\/schema\\\/person\\\/de94d86799ec970d18229066af59e784\"},\"headline\":\"Meyer Turku luovutti Icon-luokan toisen aluksen, enn\u00e4tysajassa valmistuneen Star of the Seasin\",\"datePublished\":\"2025-07-11T08:05:45+00:00\",\"dateModified\":\"2025-07-28T08:08:15+00:00\",\"mainEntityOfPage\":{\"@id\":\"https:\\\/\\\/teknologiateollisuus.fi\\\/meriteollisuus\\\/meyer-turku-luovutti-icon-luokan-toisen-aluksen-ennatysajassa-valmistuneen-star-of-the-seasin\\\/\"},\"wordCount\":324,\"image\":{\"@id\":\"https:\\\/\\\/teknologiateollisuus.fi\\\/meriteollisuus\\\/meyer-turku-luovutti-icon-luokan-toisen-aluksen-ennatysajassa-valmistuneen-star-of-the-seasin\\\/#primaryimage\"},\"thumbnailUrl\":\"https:\\\/\\\/teknologiateollisuus.fi\\\/meriteollisuus\\\/wp-content\\\/uploads\\\/sites\\\/5\\\/2025\\\/07\\\/Star20of20the20Seas_Meyer20Turku_Mediascope20Productions.jpg\",\"articleSection\":[\"Uutinen\"],\"inLanguage\":\"fi\"},{\"@type\":\"WebPage\",\"@id\":\"https:\\\/\\\/teknologiateollisuus.fi\\\/meriteollisuus\\\/meyer-turku-luovutti-icon-luokan-toisen-aluksen-ennatysajassa-valmistuneen-star-of-the-seasin\\\/\",\"url\":\"https:\\\/\\\/teknologiateollisuus.fi\\\/meriteollisuus\\\/meyer-turku-luovutti-icon-luokan-toisen-aluksen-ennatysajassa-valmistuneen-star-of-the-seasin\\\/\",\"name\":\"Meyer Turku luovutti Icon-luokan toisen aluksen, enn\u00e4tysajassa valmistuneen Star of the Seasin - Meriteollisuus ry\",\"isPartOf\":{\"@id\":\"https:\\\/\\\/teknologiateollisuus.fi\\\/meriteollisuus\\\/#website\"},\"primaryImageOfPage\":{\"@id\":\"https:\\\/\\\/teknologiateollisuus.fi\\\/meriteollisuus\\\/meyer-turku-luovutti-icon-luokan-toisen-aluksen-ennatysajassa-valmistuneen-star-of-the-seasin\\\/#primaryimage\"},\"image\":{\"@id\":\"https:\\\/\\\/teknologiateollisuus.fi\\\/meriteollisuus\\\/meyer-turku-luovutti-icon-luokan-toisen-aluksen-ennatysajassa-valmistuneen-star-of-the-seasin\\\/#primaryimage\"},\"thumbnailUrl\":\"https:\\\/\\\/teknologiateollisuus.fi\\\/meriteollisuus\\\/wp-content\\\/uploads\\\/sites\\\/5\\\/2025\\\/07\\\/Star20of20the20Seas_Meyer20Turku_Mediascope20Productions.jpg\",\"datePublished\":\"2025-07-11T08:05:45+00:00\",\"dateModified\":\"2025-07-28T08:08:15+00:00\",\"author\":{\"@id\":\"https:\\\/\\\/teknologiateollisuus.fi\\\/meriteollisuus\\\/#\\\/schema\\\/person\\\/de94d86799ec970d18229066af59e784\"},\"breadcrumb\":{\"@id\":\"https:\\\/\\\/teknologiateollisuus.fi\\\/meriteollisuus\\\/meyer-turku-luovutti-icon-luokan-toisen-aluksen-ennatysajassa-valmistuneen-star-of-the-seasin\\\/#breadcrumb\"},\"inLanguage\":\"fi\",\"potentialAction\":[{\"@type\":\"ReadAction\",\"target\":[\"https:\\\/\\\/teknologiateollisuus.fi\\\/meriteollisuus\\\/meyer-turku-luovutti-icon-luokan-toisen-aluksen-ennatysajassa-valmistuneen-star-of-the-seasin\\\/\"]}]},{\"@type\":\"ImageObject\",\"inLanguage\":\"fi\",\"@id\":\"https:\\\/\\\/teknologiateollisuus.fi\\\/meriteollisuus\\\/meyer-turku-luovutti-icon-luokan-toisen-aluksen-ennatysajassa-valmistuneen-star-of-the-seasin\\\/#primaryimage\",\"url\":\"https:\\\/\\\/teknologiateollisuus.fi\\\/meriteollisuus\\\/wp-content\\\/uploads\\\/sites\\\/5\\\/2025\\\/07\\\/Star20of20the20Seas_Meyer20Turku_Mediascope20Productions.jpg\",\"contentUrl\":\"https:\\\/\\\/teknologiateollisuus.fi\\\/meriteollisuus\\\/wp-content\\\/uploads\\\/sites\\\/5\\\/2025\\\/07\\\/Star20of20the20Seas_Meyer20Turku_Mediascope20Productions.jpg\",\"width\":2560,\"height\":1500},{\"@type\":\"BreadcrumbList\",\"@id\":\"https:\\\/\\\/teknologiateollisuus.fi\\\/meriteollisuus\\\/meyer-turku-luovutti-icon-luokan-toisen-aluksen-ennatysajassa-valmistuneen-star-of-the-seasin\\\/#breadcrumb\",\"itemListElement\":[{\"@type\":\"ListItem\",\"position\":1,\"name\":\"Etusivu\",\"item\":\"https:\\\/\\\/teknologiateollisuus.fi\\\/meriteollisuus\\\/\"},{\"@type\":\"ListItem\",\"position\":2,\"name\":\"Ajankohtaista\",\"item\":\"https:\\\/\\\/teknologiateollisuus.fi\\\/meriteollisuus\\\/ajankohtaista\\\/\"},{\"@type\":\"ListItem\",\"position\":3,\"name\":\"Meyer Turku luovutti Icon-luokan toisen aluksen, enn\u00e4tysajassa valmistuneen Star of the Seasin\"}]},{\"@type\":\"WebSite\",\"@id\":\"https:\\\/\\\/teknologiateollisuus.fi\\\/meriteollisuus\\\/#website\",\"url\":\"https:\\\/\\\/teknologiateollisuus.fi\\\/meriteollisuus\\\/\",\"name\":\"Meriteollisuus ry\",\"description\":\"\",\"potentialAction\":[{\"@type\":\"SearchAction\",\"target\":{\"@type\":\"EntryPoint\",\"urlTemplate\":\"https:\\\/\\\/teknologiateollisuus.fi\\\/meriteollisuus\\\/?s={search_term_string}\"},\"query-input\":{\"@type\":\"PropertyValueSpecification\",\"valueRequired\":true,\"valueName\":\"search_term_string\"}}],\"inLanguage\":\"fi\"},{\"@type\":\"Person\",\"@id\":\"https:\\\/\\\/teknologiateollisuus.fi\\\/meriteollisuus\\\/#\\\/schema\\\/person\\\/de94d86799ec970d18229066af59e784\",\"name\":\"annika\",\"image\":{\"@type\":\"ImageObject\",\"inLanguage\":\"fi\",\"@id\":\"https:\\\/\\\/secure.gravatar.com\\\/avatar\\\/56c752bf9544b8e27645b04ec9a2bab99a73a437b62ce599f8f351d6a2e19e02?s=96&d=mm&r=g\",\"url\":\"https:\\\/\\\/secure.gravatar.com\\\/avatar\\\/56c752bf9544b8e27645b04ec9a2bab99a73a437b62ce599f8f351d6a2e19e02?s=96&d=mm&r=g\",\"contentUrl\":\"https:\\\/\\\/secure.gravatar.com\\\/avatar\\\/56c752bf9544b8e27645b04ec9a2bab99a73a437b62ce599f8f351d6a2e19e02?s=96&d=mm&r=g\",\"caption\":\"annika\"}}]}<\/script>\n<!-- \/ Yoast SEO Premium plugin. -->","yoast_head_json":{"title":"Meyer Turku luovutti Icon-luokan toisen aluksen, enn\u00e4tysajassa valmistuneen Star of the Seasin - Meriteollisuus ry","robots":{"index":"index","follow":"follow","max-snippet":"max-snippet:-1","max-image-preview":"max-image-preview:large","max-video-preview":"max-video-preview:-1"},"canonical":"https:\/\/teknologiateollisuus.fi\/meriteollisuus\/meyer-turku-luovutti-icon-luokan-toisen-aluksen-ennatysajassa-valmistuneen-star-of-the-seasin\/","og_locale":"fi_FI","og_type":"article","og_title":"Meyer Turku luovutti Icon-luokan toisen aluksen, enn\u00e4tysajassa valmistuneen Star of the Seasin","og_description":"Meyer Turku on luovuttanut Star of the Seas -aluksen sen tilaajalle Royal Caribbean -varustamolle. Star of the Seas on toinen Meyer Turun telakalla rakennettu Icon-laivasarjan alus. Star of the Seas l\u00e4htee telakalta hein\u00e4kuun puoliv\u00e4liss\u00e4 ja aloittaa loppukes\u00e4ll\u00e4 liikenn\u00f6innin Karibialla kotisatamastaan Port Canaveralista. Meyer Turun toimitusjohtaja Casimir Lindholm: \u201dStar of the Seas on jo toinen telakallamme [&hellip;]","og_url":"https:\/\/teknologiateollisuus.fi\/meriteollisuus\/meyer-turku-luovutti-icon-luokan-toisen-aluksen-ennatysajassa-valmistuneen-star-of-the-seasin\/","og_site_name":"Meriteollisuus ry","article_published_time":"2025-07-11T08:05:45+00:00","article_modified_time":"2025-07-28T08:08:15+00:00","og_image":[{"width":2560,"height":1500,"url":"https:\/\/teknologiateollisuus.fi\/meriteollisuus\/wp-content\/uploads\/sites\/5\/2025\/07\/Star20of20the20Seas_Meyer20Turku_Mediascope20Productions.jpg","type":"image\/jpeg"}],"author":"annika","twitter_card":"summary_large_image","twitter_misc":{"Kirjoittanut":"annika","Arvioitu lukuaika":"3 minuuttia"},"schema":{"@context":"https:\/\/schema.org","@graph":[{"@type":"Article","@id":"https:\/\/teknologiateollisuus.fi\/meriteollisuus\/meyer-turku-luovutti-icon-luokan-toisen-aluksen-ennatysajassa-valmistuneen-star-of-the-seasin\/#article","isPartOf":{"@id":"https:\/\/teknologiateollisuus.fi\/meriteollisuus\/meyer-turku-luovutti-icon-luokan-toisen-aluksen-ennatysajassa-valmistuneen-star-of-the-seasin\/"},"author":{"name":"annika","@id":"https:\/\/teknologiateollisuus.fi\/meriteollisuus\/#\/schema\/person\/de94d86799ec970d18229066af59e784"},"headline":"Meyer Turku luovutti Icon-luokan toisen aluksen, enn\u00e4tysajassa valmistuneen Star of the Seasin","datePublished":"2025-07-11T08:05:45+00:00","dateModified":"2025-07-28T08:08:15+00:00","mainEntityOfPage":{"@id":"https:\/\/teknologiateollisuus.fi\/meriteollisuus\/meyer-turku-luovutti-icon-luokan-toisen-aluksen-ennatysajassa-valmistuneen-star-of-the-seasin\/"},"wordCount":324,"image":{"@id":"https:\/\/teknologiateollisuus.fi\/meriteollisuus\/meyer-turku-luovutti-icon-luokan-toisen-aluksen-ennatysajassa-valmistuneen-star-of-the-seasin\/#primaryimage"},"thumbnailUrl":"https:\/\/teknologiateollisuus.fi\/meriteollisuus\/wp-content\/uploads\/sites\/5\/2025\/07\/Star20of20the20Seas_Meyer20Turku_Mediascope20Productions.jpg","articleSection":["Uutinen"],"inLanguage":"fi"},{"@type":"WebPage","@id":"https:\/\/teknologiateollisuus.fi\/meriteollisuus\/meyer-turku-luovutti-icon-luokan-toisen-aluksen-ennatysajassa-valmistuneen-star-of-the-seasin\/","url":"https:\/\/teknologiateollisuus.fi\/meriteollisuus\/meyer-turku-luovutti-icon-luokan-toisen-aluksen-ennatysajassa-valmistuneen-star-of-the-seasin\/","name":"Meyer Turku luovutti Icon-luokan toisen aluksen, enn\u00e4tysajassa valmistuneen Star of the Seasin - Meriteollisuus ry","isPartOf":{"@id":"https:\/\/teknologiateollisuus.fi\/meriteollisuus\/#website"},"primaryImageOfPage":{"@id":"https:\/\/teknologiateollisuus.fi\/meriteollisuus\/meyer-turku-luovutti-icon-luokan-toisen-aluksen-ennatysajassa-valmistuneen-star-of-the-seasin\/#primaryimage"},"image":{"@id":"https:\/\/teknologiateollisuus.fi\/meriteollisuus\/meyer-turku-luovutti-icon-luokan-toisen-aluksen-ennatysajassa-valmistuneen-star-of-the-seasin\/#primaryimage"},"thumbnailUrl":"https:\/\/teknologiateollisuus.fi\/meriteollisuus\/wp-content\/uploads\/sites\/5\/2025\/07\/Star20of20the20Seas_Meyer20Turku_Mediascope20Productions.jpg","datePublished":"2025-07-11T08:05:45+00:00","dateModified":"2025-07-28T08:08:15+00:00","author":{"@id":"https:\/\/teknologiateollisuus.fi\/meriteollisuus\/#\/schema\/person\/de94d86799ec970d18229066af59e784"},"breadcrumb":{"@id":"https:\/\/teknologiateollisuus.fi\/meriteollisuus\/meyer-turku-luovutti-icon-luokan-toisen-aluksen-ennatysajassa-valmistuneen-star-of-the-seasin\/#breadcrumb"},"inLanguage":"fi","potentialAction":[{"@type":"ReadAction","target":["https:\/\/teknologiateollisuus.fi\/meriteollisuus\/meyer-turku-luovutti-icon-luokan-toisen-aluksen-ennatysajassa-valmistuneen-star-of-the-seasin\/"]}]},{"@type":"ImageObject","inLanguage":"fi","@id":"https:\/\/teknologiateollisuus.fi\/meriteollisuus\/meyer-turku-luovutti-icon-luokan-toisen-aluksen-ennatysajassa-valmistuneen-star-of-the-seasin\/#primaryimage","url":"https:\/\/teknologiateollisuus.fi\/meriteollisuus\/wp-content\/uploads\/sites\/5\/2025\/07\/Star20of20the20Seas_Meyer20Turku_Mediascope20Productions.jpg","contentUrl":"https:\/\/teknologiateollisuus.fi\/meriteollisuus\/wp-content\/uploads\/sites\/5\/2025\/07\/Star20of20the20Seas_Meyer20Turku_Mediascope20Productions.jpg","width":2560,"height":1500},{"@type":"BreadcrumbList","@id":"https:\/\/teknologiateollisuus.fi\/meriteollisuus\/meyer-turku-luovutti-icon-luokan-toisen-aluksen-ennatysajassa-valmistuneen-star-of-the-seasin\/#breadcrumb","itemListElement":[{"@type":"ListItem","position":1,"name":"Etusivu","item":"https:\/\/teknologiateollisuus.fi\/meriteollisuus\/"},{"@type":"ListItem","position":2,"name":"Ajankohtaista","item":"https:\/\/teknologiateollisuus.fi\/meriteollisuus\/ajankohtaista\/"},{"@type":"ListItem","position":3,"name":"Meyer Turku luovutti Icon-luokan toisen aluksen, enn\u00e4tysajassa valmistuneen Star of the Seasin"}]},{"@type":"WebSite","@id":"https:\/\/teknologiateollisuus.fi\/meriteollisuus\/#website","url":"https:\/\/teknologiateollisuus.fi\/meriteollisuus\/","name":"Meriteollisuus ry","description":"","potentialAction":[{"@type":"SearchAction","target":{"@type":"EntryPoint","urlTemplate":"https:\/\/teknologiateollisuus.fi\/meriteollisuus\/?s={search_term_string}"},"query-input":{"@type":"PropertyValueSpecification","valueRequired":true,"valueName":"search_term_string"}}],"inLanguage":"fi"},{"@type":"Person","@id":"https:\/\/teknologiateollisuus.fi\/meriteollisuus\/#\/schema\/person\/de94d86799ec970d18229066af59e784","name":"annika","image":{"@type":"ImageObject","inLanguage":"fi","@id":"https:\/\/secure.gravatar.com\/avatar\/56c752bf9544b8e27645b04ec9a2bab99a73a437b62ce599f8f351d6a2e19e02?s=96&d=mm&r=g","url":"https:\/\/secure.gravatar.com\/avatar\/56c752bf9544b8e27645b04ec9a2bab99a73a437b62ce599f8f351d6a2e19e02?s=96&d=mm&r=g","contentUrl":"https:\/\/secure.gravatar.com\/avatar\/56c752bf9544b8e27645b04ec9a2bab99a73a437b62ce599f8f351d6a2e19e02?s=96&d=mm&r=g","caption":"annika"}}]}},"lang":"fi","translations":{"fi":2921},"pll_sync_post":{},"_links":{"self":[{"href":"https:\/\/teknologiateollisuus.fi\/meriteollisuus\/wp-json\/wp\/v2\/posts\/2921","targetHints":{"allow":["GET"]}}],"collection":[{"href":"https:\/\/teknologiateollisuus.fi\/meriteollisuus\/wp-json\/wp\/v2\/posts"}],"about":[{"href":"https:\/\/teknologiateollisuus.fi\/meriteollisuus\/wp-json\/wp\/v2\/types\/post"}],"author":[{"embeddable":true,"href":"https:\/\/teknologiateollisuus.fi\/meriteollisuus\/wp-json\/wp\/v2\/users\/59"}],"replies":[{"embeddable":true,"href":"https:\/\/teknologiateollisuus.fi\/meriteollisuus\/wp-json\/wp\/v2\/comments?post=2921"}],"version-history":[{"count":4,"href":"https:\/\/teknologiateollisuus.fi\/meriteollisuus\/wp-json\/wp\/v2\/posts\/2921\/revisions"}],"predecessor-version":[{"id":2927,"href":"https:\/\/teknologiateollisuus.fi\/meriteollisuus\/wp-json\/wp\/v2\/posts\/2921\/revisions\/2927"}],"wp:featuredmedia":[{"embeddable":true,"href":"https:\/\/teknologiateollisuus.fi\/meriteollisuus\/wp-json\/wp\/v2\/media\/2924"}],"wp:attachment":[{"href":"https:\/\/teknologiateollisuus.fi\/meriteollisuus\/wp-json\/wp\/v2\/media?parent=2921"}],"wp:term":[{"taxonomy":"category","embeddable":true,"href":"https:\/\/teknologiateollisuus.fi\/meriteollisuus\/wp-json\/wp\/v2\/categories?post=2921"},{"taxonomy":"post_tag","embeddable":true,"href":"https:\/\/teknologiateollisuus.fi\/meriteollisuus\/wp-json\/wp\/v2\/tags?post=2921"},{"taxonomy":"em_industry","embeddable":true,"href":"https:\/\/teknologiateollisuus.fi\/meriteollisuus\/wp-json\/wp\/v2\/em_industry?post=2921"},{"taxonomy":"em_theme","embeddable":true,"href":"https:\/\/teknologiateollisuus.fi\/meriteollisuus\/wp-json\/wp\/v2\/em_theme?post=2921"}],"curies":[{"name":"wp","href":"https:\/\/api.w.org\/{rel}","templated":true}]}}