{"id":3157,"date":"2025-10-14T11:38:51","date_gmt":"2025-10-14T08:38:51","guid":{"rendered":"https:\/\/teknologiateollisuus.fi\/meriteollisuus\/?p=3157"},"modified":"2025-10-14T11:39:18","modified_gmt":"2025-10-14T08:39:18","slug":"imo-kansainvaliseen-meriliikenteeseen-paastorajat","status":"publish","type":"post","link":"https:\/\/teknologiateollisuus.fi\/meriteollisuus\/imo-kansainvaliseen-meriliikenteeseen-paastorajat\/","title":{"rendered":"IMO: Kansainv\u00e4liseen meriliikenteeseen p\u00e4\u00e4st\u00f6rajat"},"content":{"rendered":"\n<p>Kansainv\u00e4lisen merenkulkuj\u00e4rjest\u00f6n IMOn ymp\u00e4rist\u00f6komitean kokous pidet\u00e4\u00e4n Lontoossa t\u00e4ll\u00e4 viikolla. Kokouksesta odotetaan p\u00e4\u00e4t\u00f6ksi\u00e4 kansainv\u00e4lisen meriliikenteen sitovista p\u00e4\u00e4st\u00f6v\u00e4hennyksist\u00e4, joiden tavoitteena on hiilineutraalius vuonna 2050.<\/p>\n\n\n\n<p>Kokouksessa k\u00e4sitelt\u00e4v\u00e4n esityksen mukaan yli 5 000 bruttotonnin alusten kasvihuonekaasup\u00e4\u00e4st\u00f6ist\u00e4 joutuu jatkossa maksamaan, jos p\u00e4\u00e4st\u00f6t ylitt\u00e4v\u00e4t sovitut raja-arvot.<\/p>\n\n\n\n<p>Meriteollisuus ry:n toimitusjohtaja<strong> Elina Anderssonin<\/strong> mukaan meriliikenteen kunnianhimoiset tavoitteet ovat hyv\u00e4 asia paitsi ilmaston my\u00f6s Suomen meriteollisuuden kannalta. Suomella on paljon merenkulun vihre\u00e4\u00e4n siirtym\u00e4\u00e4n liittyv\u00e4\u00e4 osaamista.<\/p>\n\n\n\n<p>\u2013 Energiatehokkaat laitteet, j\u00e4rjestelm\u00e4t ja laivakonseptit, energian kulutusta optimoivat ohjelmistoratkaisut, uusilla v\u00e4h\u00e4p\u00e4\u00e4st\u00f6isill\u00e4 polttoaineilla k\u00e4yv\u00e4t moottorit, s\u00e4hk\u00f6k\u00e4ytt\u00f6iset laivat sek\u00e4 tuulivoiman hy\u00f6dynt\u00e4minen meriliikenteess\u00e4 ovat hyvi\u00e4 esimerkkej\u00e4 meriteollisuuden ratkaisuista p\u00e4\u00e4st\u00f6jen minimoimiseen, Anderson kertoo. <br><br><a href=\"https:\/\/teknologiateollisuus.fi\/kansainvalinen-meriliikenne-etenee-kohti-hiilineutraaliutta\/\">Lue lis\u00e4\u00e4 &gt;&gt;<\/a><\/p>\n","protected":false},"excerpt":{"rendered":"<p>Kansainv\u00e4lisen merenkulkuj\u00e4rjest\u00f6n IMOn ymp\u00e4rist\u00f6komitean kokous pidet\u00e4\u00e4n Lontoossa t\u00e4ll\u00e4 viikolla. Kokouksesta odotetaan p\u00e4\u00e4t\u00f6ksi\u00e4 kansainv\u00e4lisen meriliikenteen sitovista p\u00e4\u00e4st\u00f6v\u00e4hennyksist\u00e4, joiden tavoitteena on hiilineutraalius vuonna 2050. Kokouksessa k\u00e4sitelt\u00e4v\u00e4n esityksen mukaan yli 5 000 bruttotonnin alusten kasvihuonekaasup\u00e4\u00e4st\u00f6ist\u00e4 joutuu jatkossa maksamaan, jos p\u00e4\u00e4st\u00f6t ylitt\u00e4v\u00e4t sovitut raja-arvot. Meriteollisuus ry:n toimitusjohtaja Elina Anderssonin mukaan meriliikenteen kunnianhimoiset tavoitteet ovat hyv\u00e4 asia paitsi ilmaston my\u00f6s [&hellip;]<\/p>\n","protected":false},"author":8,"featured_media":1049,"comment_status":"closed","ping_status":"closed","sticky":false,"template":"","format":"standard","meta":{"_acf_changed":false,"_relevanssi_hide_post":"","_relevanssi_hide_content":"","_relevanssi_pin_for_all":"","_relevanssi_pin_keywords":"","_relevanssi_unpin_keywords":"","_relevanssi_related_keywords":"","_relevanssi_related_include_ids":"","_relevanssi_related_exclude_ids":"","_relevanssi_related_no_append":"","_relevanssi_related_not_related":"","_relevanssi_related_posts":"2898,2024,1524,1395,1342,3140","_relevanssi_noindex_reason":"","inline_featured_image":false,"footnotes":""},"categories":[14],"tags":[],"em_industry":[],"em_theme":[],"class_list":["post-3157","post","type-post","status-publish","format-standard","has-post-thumbnail","hentry","category-uutinen"],"acf":[],"yoast_head":"<!-- This site is optimized with the Yoast SEO Premium plugin v27.1 (Yoast SEO v27.5) - https:\/\/yoast.com\/product\/yoast-seo-premium-wordpress\/ -->\n<title>IMO: Kansainv\u00e4liseen meriliikenteeseen p\u00e4\u00e4st\u00f6rajat - Meriteollisuus ry<\/title>\n<meta name=\"robots\" content=\"index, follow, max-snippet:-1, max-image-preview:large, max-video-preview:-1\" \/>\n<link rel=\"canonical\" href=\"https:\/\/teknologiateollisuus.fi\/meriteollisuus\/imo-kansainvaliseen-meriliikenteeseen-paastorajat\/\" \/>\n<meta property=\"og:locale\" content=\"fi_FI\" \/>\n<meta property=\"og:type\" content=\"article\" \/>\n<meta property=\"og:title\" content=\"IMO: Kansainv\u00e4liseen meriliikenteeseen p\u00e4\u00e4st\u00f6rajat\" \/>\n<meta property=\"og:description\" content=\"Kansainv\u00e4lisen merenkulkuj\u00e4rjest\u00f6n IMOn ymp\u00e4rist\u00f6komitean kokous pidet\u00e4\u00e4n Lontoossa t\u00e4ll\u00e4 viikolla. Kokouksesta odotetaan p\u00e4\u00e4t\u00f6ksi\u00e4 kansainv\u00e4lisen meriliikenteen sitovista p\u00e4\u00e4st\u00f6v\u00e4hennyksist\u00e4, joiden tavoitteena on hiilineutraalius vuonna 2050. Kokouksessa k\u00e4sitelt\u00e4v\u00e4n esityksen mukaan yli 5 000 bruttotonnin alusten kasvihuonekaasup\u00e4\u00e4st\u00f6ist\u00e4 joutuu jatkossa maksamaan, jos p\u00e4\u00e4st\u00f6t ylitt\u00e4v\u00e4t sovitut raja-arvot. Meriteollisuus ry:n toimitusjohtaja Elina Anderssonin mukaan meriliikenteen kunnianhimoiset tavoitteet ovat hyv\u00e4 asia paitsi ilmaston my\u00f6s [&hellip;]\" \/>\n<meta property=\"og:url\" content=\"https:\/\/teknologiateollisuus.fi\/meriteollisuus\/imo-kansainvaliseen-meriliikenteeseen-paastorajat\/\" \/>\n<meta property=\"og:site_name\" content=\"Meriteollisuus ry\" \/>\n<meta property=\"article:published_time\" content=\"2025-10-14T08:38:51+00:00\" \/>\n<meta property=\"article:modified_time\" content=\"2025-10-14T08:39:18+00:00\" \/>\n<meta property=\"og:image\" content=\"https:\/\/teknologiateollisuus.fi\/meriteollisuus\/wp-content\/uploads\/sites\/5\/2024\/08\/wartsila-3.jpg\" \/>\n\t<meta property=\"og:image:width\" content=\"800\" \/>\n\t<meta property=\"og:image:height\" content=\"533\" \/>\n\t<meta property=\"og:image:type\" content=\"image\/jpeg\" \/>\n<meta name=\"author\" content=\"Antton Lounasheimo\" \/>\n<meta name=\"twitter:card\" content=\"summary_large_image\" \/>\n<meta name=\"twitter:label1\" content=\"Kirjoittanut\" \/>\n\t<meta name=\"twitter:data1\" content=\"Antton Lounasheimo\" \/>\n\t<meta name=\"twitter:label2\" content=\"Arvioitu lukuaika\" \/>\n\t<meta name=\"twitter:data2\" content=\"1 minuutti\" \/>\n<script type=\"application\/ld+json\" class=\"yoast-schema-graph\">{\"@context\":\"https:\\\/\\\/schema.org\",\"@graph\":[{\"@type\":\"Article\",\"@id\":\"https:\\\/\\\/teknologiateollisuus.fi\\\/meriteollisuus\\\/imo-kansainvaliseen-meriliikenteeseen-paastorajat\\\/#article\",\"isPartOf\":{\"@id\":\"https:\\\/\\\/teknologiateollisuus.fi\\\/meriteollisuus\\\/imo-kansainvaliseen-meriliikenteeseen-paastorajat\\\/\"},\"author\":{\"name\":\"Antton Lounasheimo\",\"@id\":\"https:\\\/\\\/teknologiateollisuus.fi\\\/meriteollisuus\\\/#\\\/schema\\\/person\\\/a7d35310aac3cb4d8d8d5786f8299948\"},\"headline\":\"IMO: Kansainv\u00e4liseen meriliikenteeseen p\u00e4\u00e4st\u00f6rajat\",\"datePublished\":\"2025-10-14T08:38:51+00:00\",\"dateModified\":\"2025-10-14T08:39:18+00:00\",\"mainEntityOfPage\":{\"@id\":\"https:\\\/\\\/teknologiateollisuus.fi\\\/meriteollisuus\\\/imo-kansainvaliseen-meriliikenteeseen-paastorajat\\\/\"},\"wordCount\":145,\"image\":{\"@id\":\"https:\\\/\\\/teknologiateollisuus.fi\\\/meriteollisuus\\\/imo-kansainvaliseen-meriliikenteeseen-paastorajat\\\/#primaryimage\"},\"thumbnailUrl\":\"https:\\\/\\\/teknologiateollisuus.fi\\\/meriteollisuus\\\/wp-content\\\/uploads\\\/sites\\\/5\\\/2024\\\/08\\\/wartsila-3.jpg\",\"articleSection\":[\"Uutinen\"],\"inLanguage\":\"fi\"},{\"@type\":\"WebPage\",\"@id\":\"https:\\\/\\\/teknologiateollisuus.fi\\\/meriteollisuus\\\/imo-kansainvaliseen-meriliikenteeseen-paastorajat\\\/\",\"url\":\"https:\\\/\\\/teknologiateollisuus.fi\\\/meriteollisuus\\\/imo-kansainvaliseen-meriliikenteeseen-paastorajat\\\/\",\"name\":\"IMO: Kansainv\u00e4liseen meriliikenteeseen p\u00e4\u00e4st\u00f6rajat - Meriteollisuus ry\",\"isPartOf\":{\"@id\":\"https:\\\/\\\/teknologiateollisuus.fi\\\/meriteollisuus\\\/#website\"},\"primaryImageOfPage\":{\"@id\":\"https:\\\/\\\/teknologiateollisuus.fi\\\/meriteollisuus\\\/imo-kansainvaliseen-meriliikenteeseen-paastorajat\\\/#primaryimage\"},\"image\":{\"@id\":\"https:\\\/\\\/teknologiateollisuus.fi\\\/meriteollisuus\\\/imo-kansainvaliseen-meriliikenteeseen-paastorajat\\\/#primaryimage\"},\"thumbnailUrl\":\"https:\\\/\\\/teknologiateollisuus.fi\\\/meriteollisuus\\\/wp-content\\\/uploads\\\/sites\\\/5\\\/2024\\\/08\\\/wartsila-3.jpg\",\"datePublished\":\"2025-10-14T08:38:51+00:00\",\"dateModified\":\"2025-10-14T08:39:18+00:00\",\"author\":{\"@id\":\"https:\\\/\\\/teknologiateollisuus.fi\\\/meriteollisuus\\\/#\\\/schema\\\/person\\\/a7d35310aac3cb4d8d8d5786f8299948\"},\"breadcrumb\":{\"@id\":\"https:\\\/\\\/teknologiateollisuus.fi\\\/meriteollisuus\\\/imo-kansainvaliseen-meriliikenteeseen-paastorajat\\\/#breadcrumb\"},\"inLanguage\":\"fi\",\"potentialAction\":[{\"@type\":\"ReadAction\",\"target\":[\"https:\\\/\\\/teknologiateollisuus.fi\\\/meriteollisuus\\\/imo-kansainvaliseen-meriliikenteeseen-paastorajat\\\/\"]}]},{\"@type\":\"ImageObject\",\"inLanguage\":\"fi\",\"@id\":\"https:\\\/\\\/teknologiateollisuus.fi\\\/meriteollisuus\\\/imo-kansainvaliseen-meriliikenteeseen-paastorajat\\\/#primaryimage\",\"url\":\"https:\\\/\\\/teknologiateollisuus.fi\\\/meriteollisuus\\\/wp-content\\\/uploads\\\/sites\\\/5\\\/2024\\\/08\\\/wartsila-3.jpg\",\"contentUrl\":\"https:\\\/\\\/teknologiateollisuus.fi\\\/meriteollisuus\\\/wp-content\\\/uploads\\\/sites\\\/5\\\/2024\\\/08\\\/wartsila-3.jpg\",\"width\":800,\"height\":533},{\"@type\":\"BreadcrumbList\",\"@id\":\"https:\\\/\\\/teknologiateollisuus.fi\\\/meriteollisuus\\\/imo-kansainvaliseen-meriliikenteeseen-paastorajat\\\/#breadcrumb\",\"itemListElement\":[{\"@type\":\"ListItem\",\"position\":1,\"name\":\"Etusivu\",\"item\":\"https:\\\/\\\/teknologiateollisuus.fi\\\/meriteollisuus\\\/\"},{\"@type\":\"ListItem\",\"position\":2,\"name\":\"Ajankohtaista\",\"item\":\"https:\\\/\\\/teknologiateollisuus.fi\\\/meriteollisuus\\\/ajankohtaista\\\/\"},{\"@type\":\"ListItem\",\"position\":3,\"name\":\"IMO: Kansainv\u00e4liseen meriliikenteeseen p\u00e4\u00e4st\u00f6rajat\"}]},{\"@type\":\"WebSite\",\"@id\":\"https:\\\/\\\/teknologiateollisuus.fi\\\/meriteollisuus\\\/#website\",\"url\":\"https:\\\/\\\/teknologiateollisuus.fi\\\/meriteollisuus\\\/\",\"name\":\"Meriteollisuus ry\",\"description\":\"\",\"potentialAction\":[{\"@type\":\"SearchAction\",\"target\":{\"@type\":\"EntryPoint\",\"urlTemplate\":\"https:\\\/\\\/teknologiateollisuus.fi\\\/meriteollisuus\\\/?s={search_term_string}\"},\"query-input\":{\"@type\":\"PropertyValueSpecification\",\"valueRequired\":true,\"valueName\":\"search_term_string\"}}],\"inLanguage\":\"fi\"},{\"@type\":\"Person\",\"@id\":\"https:\\\/\\\/teknologiateollisuus.fi\\\/meriteollisuus\\\/#\\\/schema\\\/person\\\/a7d35310aac3cb4d8d8d5786f8299948\",\"name\":\"Antton Lounasheimo\",\"image\":{\"@type\":\"ImageObject\",\"inLanguage\":\"fi\",\"@id\":\"https:\\\/\\\/secure.gravatar.com\\\/avatar\\\/2260e684deff787da88c6a0b7011815e1e4bc31fe3471c1955b934e4d0160a96?s=96&d=mm&r=g\",\"url\":\"https:\\\/\\\/secure.gravatar.com\\\/avatar\\\/2260e684deff787da88c6a0b7011815e1e4bc31fe3471c1955b934e4d0160a96?s=96&d=mm&r=g\",\"contentUrl\":\"https:\\\/\\\/secure.gravatar.com\\\/avatar\\\/2260e684deff787da88c6a0b7011815e1e4bc31fe3471c1955b934e4d0160a96?s=96&d=mm&r=g\",\"caption\":\"Antton Lounasheimo\"}}]}<\/script>\n<!-- \/ Yoast SEO Premium plugin. -->","yoast_head_json":{"title":"IMO: Kansainv\u00e4liseen meriliikenteeseen p\u00e4\u00e4st\u00f6rajat - Meriteollisuus ry","robots":{"index":"index","follow":"follow","max-snippet":"max-snippet:-1","max-image-preview":"max-image-preview:large","max-video-preview":"max-video-preview:-1"},"canonical":"https:\/\/teknologiateollisuus.fi\/meriteollisuus\/imo-kansainvaliseen-meriliikenteeseen-paastorajat\/","og_locale":"fi_FI","og_type":"article","og_title":"IMO: Kansainv\u00e4liseen meriliikenteeseen p\u00e4\u00e4st\u00f6rajat","og_description":"Kansainv\u00e4lisen merenkulkuj\u00e4rjest\u00f6n IMOn ymp\u00e4rist\u00f6komitean kokous pidet\u00e4\u00e4n Lontoossa t\u00e4ll\u00e4 viikolla. Kokouksesta odotetaan p\u00e4\u00e4t\u00f6ksi\u00e4 kansainv\u00e4lisen meriliikenteen sitovista p\u00e4\u00e4st\u00f6v\u00e4hennyksist\u00e4, joiden tavoitteena on hiilineutraalius vuonna 2050. Kokouksessa k\u00e4sitelt\u00e4v\u00e4n esityksen mukaan yli 5 000 bruttotonnin alusten kasvihuonekaasup\u00e4\u00e4st\u00f6ist\u00e4 joutuu jatkossa maksamaan, jos p\u00e4\u00e4st\u00f6t ylitt\u00e4v\u00e4t sovitut raja-arvot. Meriteollisuus ry:n toimitusjohtaja Elina Anderssonin mukaan meriliikenteen kunnianhimoiset tavoitteet ovat hyv\u00e4 asia paitsi ilmaston my\u00f6s [&hellip;]","og_url":"https:\/\/teknologiateollisuus.fi\/meriteollisuus\/imo-kansainvaliseen-meriliikenteeseen-paastorajat\/","og_site_name":"Meriteollisuus ry","article_published_time":"2025-10-14T08:38:51+00:00","article_modified_time":"2025-10-14T08:39:18+00:00","og_image":[{"width":800,"height":533,"url":"https:\/\/teknologiateollisuus.fi\/meriteollisuus\/wp-content\/uploads\/sites\/5\/2024\/08\/wartsila-3.jpg","type":"image\/jpeg"}],"author":"Antton Lounasheimo","twitter_card":"summary_large_image","twitter_misc":{"Kirjoittanut":"Antton Lounasheimo","Arvioitu lukuaika":"1 minuutti"},"schema":{"@context":"https:\/\/schema.org","@graph":[{"@type":"Article","@id":"https:\/\/teknologiateollisuus.fi\/meriteollisuus\/imo-kansainvaliseen-meriliikenteeseen-paastorajat\/#article","isPartOf":{"@id":"https:\/\/teknologiateollisuus.fi\/meriteollisuus\/imo-kansainvaliseen-meriliikenteeseen-paastorajat\/"},"author":{"name":"Antton Lounasheimo","@id":"https:\/\/teknologiateollisuus.fi\/meriteollisuus\/#\/schema\/person\/a7d35310aac3cb4d8d8d5786f8299948"},"headline":"IMO: Kansainv\u00e4liseen meriliikenteeseen p\u00e4\u00e4st\u00f6rajat","datePublished":"2025-10-14T08:38:51+00:00","dateModified":"2025-10-14T08:39:18+00:00","mainEntityOfPage":{"@id":"https:\/\/teknologiateollisuus.fi\/meriteollisuus\/imo-kansainvaliseen-meriliikenteeseen-paastorajat\/"},"wordCount":145,"image":{"@id":"https:\/\/teknologiateollisuus.fi\/meriteollisuus\/imo-kansainvaliseen-meriliikenteeseen-paastorajat\/#primaryimage"},"thumbnailUrl":"https:\/\/teknologiateollisuus.fi\/meriteollisuus\/wp-content\/uploads\/sites\/5\/2024\/08\/wartsila-3.jpg","articleSection":["Uutinen"],"inLanguage":"fi"},{"@type":"WebPage","@id":"https:\/\/teknologiateollisuus.fi\/meriteollisuus\/imo-kansainvaliseen-meriliikenteeseen-paastorajat\/","url":"https:\/\/teknologiateollisuus.fi\/meriteollisuus\/imo-kansainvaliseen-meriliikenteeseen-paastorajat\/","name":"IMO: Kansainv\u00e4liseen meriliikenteeseen p\u00e4\u00e4st\u00f6rajat - Meriteollisuus ry","isPartOf":{"@id":"https:\/\/teknologiateollisuus.fi\/meriteollisuus\/#website"},"primaryImageOfPage":{"@id":"https:\/\/teknologiateollisuus.fi\/meriteollisuus\/imo-kansainvaliseen-meriliikenteeseen-paastorajat\/#primaryimage"},"image":{"@id":"https:\/\/teknologiateollisuus.fi\/meriteollisuus\/imo-kansainvaliseen-meriliikenteeseen-paastorajat\/#primaryimage"},"thumbnailUrl":"https:\/\/teknologiateollisuus.fi\/meriteollisuus\/wp-content\/uploads\/sites\/5\/2024\/08\/wartsila-3.jpg","datePublished":"2025-10-14T08:38:51+00:00","dateModified":"2025-10-14T08:39:18+00:00","author":{"@id":"https:\/\/teknologiateollisuus.fi\/meriteollisuus\/#\/schema\/person\/a7d35310aac3cb4d8d8d5786f8299948"},"breadcrumb":{"@id":"https:\/\/teknologiateollisuus.fi\/meriteollisuus\/imo-kansainvaliseen-meriliikenteeseen-paastorajat\/#breadcrumb"},"inLanguage":"fi","potentialAction":[{"@type":"ReadAction","target":["https:\/\/teknologiateollisuus.fi\/meriteollisuus\/imo-kansainvaliseen-meriliikenteeseen-paastorajat\/"]}]},{"@type":"ImageObject","inLanguage":"fi","@id":"https:\/\/teknologiateollisuus.fi\/meriteollisuus\/imo-kansainvaliseen-meriliikenteeseen-paastorajat\/#primaryimage","url":"https:\/\/teknologiateollisuus.fi\/meriteollisuus\/wp-content\/uploads\/sites\/5\/2024\/08\/wartsila-3.jpg","contentUrl":"https:\/\/teknologiateollisuus.fi\/meriteollisuus\/wp-content\/uploads\/sites\/5\/2024\/08\/wartsila-3.jpg","width":800,"height":533},{"@type":"BreadcrumbList","@id":"https:\/\/teknologiateollisuus.fi\/meriteollisuus\/imo-kansainvaliseen-meriliikenteeseen-paastorajat\/#breadcrumb","itemListElement":[{"@type":"ListItem","position":1,"name":"Etusivu","item":"https:\/\/teknologiateollisuus.fi\/meriteollisuus\/"},{"@type":"ListItem","position":2,"name":"Ajankohtaista","item":"https:\/\/teknologiateollisuus.fi\/meriteollisuus\/ajankohtaista\/"},{"@type":"ListItem","position":3,"name":"IMO: Kansainv\u00e4liseen meriliikenteeseen p\u00e4\u00e4st\u00f6rajat"}]},{"@type":"WebSite","@id":"https:\/\/teknologiateollisuus.fi\/meriteollisuus\/#website","url":"https:\/\/teknologiateollisuus.fi\/meriteollisuus\/","name":"Meriteollisuus ry","description":"","potentialAction":[{"@type":"SearchAction","target":{"@type":"EntryPoint","urlTemplate":"https:\/\/teknologiateollisuus.fi\/meriteollisuus\/?s={search_term_string}"},"query-input":{"@type":"PropertyValueSpecification","valueRequired":true,"valueName":"search_term_string"}}],"inLanguage":"fi"},{"@type":"Person","@id":"https:\/\/teknologiateollisuus.fi\/meriteollisuus\/#\/schema\/person\/a7d35310aac3cb4d8d8d5786f8299948","name":"Antton Lounasheimo","image":{"@type":"ImageObject","inLanguage":"fi","@id":"https:\/\/secure.gravatar.com\/avatar\/2260e684deff787da88c6a0b7011815e1e4bc31fe3471c1955b934e4d0160a96?s=96&d=mm&r=g","url":"https:\/\/secure.gravatar.com\/avatar\/2260e684deff787da88c6a0b7011815e1e4bc31fe3471c1955b934e4d0160a96?s=96&d=mm&r=g","contentUrl":"https:\/\/secure.gravatar.com\/avatar\/2260e684deff787da88c6a0b7011815e1e4bc31fe3471c1955b934e4d0160a96?s=96&d=mm&r=g","caption":"Antton Lounasheimo"}}]}},"lang":"fi","translations":{"fi":3157},"pll_sync_post":{},"_links":{"self":[{"href":"https:\/\/teknologiateollisuus.fi\/meriteollisuus\/wp-json\/wp\/v2\/posts\/3157","targetHints":{"allow":["GET"]}}],"collection":[{"href":"https:\/\/teknologiateollisuus.fi\/meriteollisuus\/wp-json\/wp\/v2\/posts"}],"about":[{"href":"https:\/\/teknologiateollisuus.fi\/meriteollisuus\/wp-json\/wp\/v2\/types\/post"}],"author":[{"embeddable":true,"href":"https:\/\/teknologiateollisuus.fi\/meriteollisuus\/wp-json\/wp\/v2\/users\/8"}],"replies":[{"embeddable":true,"href":"https:\/\/teknologiateollisuus.fi\/meriteollisuus\/wp-json\/wp\/v2\/comments?post=3157"}],"version-history":[{"count":2,"href":"https:\/\/teknologiateollisuus.fi\/meriteollisuus\/wp-json\/wp\/v2\/posts\/3157\/revisions"}],"predecessor-version":[{"id":3159,"href":"https:\/\/teknologiateollisuus.fi\/meriteollisuus\/wp-json\/wp\/v2\/posts\/3157\/revisions\/3159"}],"wp:featuredmedia":[{"embeddable":true,"href":"https:\/\/teknologiateollisuus.fi\/meriteollisuus\/wp-json\/wp\/v2\/media\/1049"}],"wp:attachment":[{"href":"https:\/\/teknologiateollisuus.fi\/meriteollisuus\/wp-json\/wp\/v2\/media?parent=3157"}],"wp:term":[{"taxonomy":"category","embeddable":true,"href":"https:\/\/teknologiateollisuus.fi\/meriteollisuus\/wp-json\/wp\/v2\/categories?post=3157"},{"taxonomy":"post_tag","embeddable":true,"href":"https:\/\/teknologiateollisuus.fi\/meriteollisuus\/wp-json\/wp\/v2\/tags?post=3157"},{"taxonomy":"em_industry","embeddable":true,"href":"https:\/\/teknologiateollisuus.fi\/meriteollisuus\/wp-json\/wp\/v2\/em_industry?post=3157"},{"taxonomy":"em_theme","embeddable":true,"href":"https:\/\/teknologiateollisuus.fi\/meriteollisuus\/wp-json\/wp\/v2\/em_theme?post=3157"}],"curies":[{"name":"wp","href":"https:\/\/api.w.org\/{rel}","templated":true}]}}