{"id":264,"date":"2023-12-20T12:14:00","date_gmt":"2023-12-20T10:14:00","guid":{"rendered":"https:\/\/teknologiateollisuus.fi\/metallinjalostajat\/?p=264"},"modified":"2024-09-19T13:12:19","modified_gmt":"2024-09-19T10:12:19","slug":"vientiteollisuuden-kilpailukyky-vaatii-kansallisia-toimia","status":"publish","type":"post","link":"https:\/\/teknologiateollisuus.fi\/metallinjalostajat\/vientiteollisuuden-kilpailukyky-vaatii-kansallisia-toimia\/","title":{"rendered":"Vientiteollisuuden kilpailukyky vaatii kansallisia toimia"},"content":{"rendered":"\n<figure class=\"wp-block-image size-large\"><img loading=\"lazy\" decoding=\"async\" width=\"968\" height=\"645\" src=\"https:\/\/teknologiateollisuus.fi\/metallinjalostajat\/wp-content\/uploads\/sites\/10\/2024\/09\/Rullar-968x645.jpg\" alt=\"Ter\u00e4srullia\" class=\"wp-image-263\" srcset=\"https:\/\/teknologiateollisuus.fi\/metallinjalostajat\/wp-content\/uploads\/sites\/10\/2024\/09\/Rullar-968x645.jpg 968w, https:\/\/teknologiateollisuus.fi\/metallinjalostajat\/wp-content\/uploads\/sites\/10\/2024\/09\/Rullar-400x267.jpg 400w, https:\/\/teknologiateollisuus.fi\/metallinjalostajat\/wp-content\/uploads\/sites\/10\/2024\/09\/Rullar-768x512.jpg 768w, https:\/\/teknologiateollisuus.fi\/metallinjalostajat\/wp-content\/uploads\/sites\/10\/2024\/09\/Rullar-1536x1024.jpg 1536w, https:\/\/teknologiateollisuus.fi\/metallinjalostajat\/wp-content\/uploads\/sites\/10\/2024\/09\/Rullar-1300x867.jpg 1300w, https:\/\/teknologiateollisuus.fi\/metallinjalostajat\/wp-content\/uploads\/sites\/10\/2024\/09\/Rullar-1440x960.jpg 1440w, https:\/\/teknologiateollisuus.fi\/metallinjalostajat\/wp-content\/uploads\/sites\/10\/2024\/09\/Rullar.jpg 1920w\" sizes=\"auto, (max-width: 968px) 100vw, 968px\" \/><\/figure>\n\n\n\n<p>Suomen poliittiset p\u00e4\u00e4tt\u00e4j\u00e4t k\u00e4yv\u00e4t taas keskustelua s\u00e4hk\u00f6ist\u00e4misen tukena tunnetusta, aiemmin p\u00e4\u00e4st\u00f6kauppakompensaatioksi kutsutusta eurooppalaisesta mekanismista.<\/p>\n\n\n\n<p>T\u00e4m\u00e4n keskustelun ytimess\u00e4 piilottelevat kysymykset Suomessa toimivan energiaintensiivisen teollisuuden kilpailukyvyst\u00e4, puhtaasta siirtym\u00e4st\u00e4 \u2013 ja siit\u00e4 miten poliitikkomme suhtautuvat teolliseen tuotantoon ja investointeihin Suomessa.<\/p>\n\n\n\n<p>S\u00e4hk\u00f6ist\u00e4misen tuki on t\u00e4rke\u00e4 mekanismi energiaintensiiviselle teollisuudelle. Teollisuuden hiilivuodon ehk\u00e4isemisess\u00e4 merkitt\u00e4v\u00e4ksi koettu ja keskeisiss\u00e4 kilpailijamaissamme laajasti k\u00e4ytt\u00f6\u00f6n otettu malli kompensoi p\u00e4\u00e4st\u00f6kaupan s\u00e4hk\u00f6n hintaa nostavaa vaikutusta.<\/p>\n\n\n\n<p>S\u00e4hk\u00f6ist\u00e4misen tuki ei siis v\u00e4henn\u00e4 teollisuuden p\u00e4\u00e4st\u00f6v\u00e4hennysvelvoitteita tai kompensoi p\u00e4\u00e4st\u00f6j\u00e4. Sen sijaan se auttaa teollisuutta s\u00e4hk\u00f6istym\u00e4\u00e4n ja siten v\u00e4hint\u00e4\u00e4nkin yll\u00e4pit\u00e4m\u00e4\u00e4n kilpailukyky\u00e4\u00e4n ja samalla hidastamaan ilmastonmuutosta.<\/p>\n\n\n\n<p>Teollisuuden p\u00e4\u00e4st\u00f6jen v\u00e4hent\u00e4minen tapahtuu investointien kautta, ja juuri n\u00e4ihin s\u00e4hk\u00f6ist\u00e4misen tuki luo varmuutta.<\/p>\n\n\n\n<blockquote class=\"wp-block-quote is-layout-flow wp-block-quote-is-layout-flow\">\n<p>S\u00e4hk\u00f6ist\u00e4misen tuki ei v\u00e4henn\u00e4 teollisuuden p\u00e4\u00e4st\u00f6v\u00e4hennysvelvoitteita tai kompensoi p\u00e4\u00e4st\u00f6j\u00e4. Sen sijaan se auttaa teollisuutta s\u00e4hk\u00f6istym\u00e4\u00e4n ja samalla hidastamaan ilmastonmuutosta.<\/p>\n<\/blockquote>\n\n\n\n<p>S\u00e4hk\u00f6ist\u00e4misen tuen lakkauttaminen Suomessa kasvattaisi teollisuuden kustannuksia. Jo nykyisell\u00e4\u00e4n Suomen s\u00e4hk\u00f6ist\u00e4mistuki teollisuudelle on huomattavasti esimerkiksi Saksan vastaavan tuen tasoa matalampi.<\/p>\n\n\n\n<p>On my\u00f6s tunnistettava, ett\u00e4 vientiteollisuuteemme on kohdistumassa my\u00f6s muita uusia kustannuksia, kuten merenkulun tai tieliikenteen p\u00e4\u00e4st\u00f6kaupoista aiheutuvat velvoitteet.<\/p>\n\n\n\n<p>S\u00e4hk\u00f6ist\u00e4minen on yleisesti tunnustettu t\u00e4rke\u00e4ksi v\u00e4lineeksi p\u00e4\u00e4st\u00f6jen v\u00e4hent\u00e4misess\u00e4. Ilman eduskunnan erillist\u00e4 p\u00e4\u00e4t\u00f6st\u00e4 s\u00e4hk\u00f6ist\u00e4misen tuki on kuitenkin loppumassa Suomessa jo vuonna 2026.<\/p>\n\n\n\n<p>Vastaavat ja paljon suuremmat tuet kilpailijamaissa sen sijaan eiv\u00e4t n\u00e4yt\u00e4 hyytymisen merkkej\u00e4. T\u00e4ss\u00e4 maailmantilanteessa olisi perusteltua, ett\u00e4 tukea jatkettaisiin Suomessa vuoteen 2030 asti, kuten kilpailijamaissa.<\/p>\n\n\n\n<p>S\u00e4hk\u00f6ist\u00e4misen tuen jatkoon tiivistyy laajempi kysymys siit\u00e4 mink\u00e4laisen potentiaalin poliittiset p\u00e4\u00e4tt\u00e4j\u00e4mme n\u00e4kev\u00e4t teollisessa tuotannossa ja energiaintensiivisen teollisuuden investoinneissa Suomeen.<\/p>\n\n\n\n<p>Halutaanko Suomi pit\u00e4\u00e4 houkuttelevana toimintaymp\u00e4rist\u00f6n\u00e4? Jotta suomalainen teollisuus pysyisi kilpailukykyisen\u00e4, on t\u00e4rke\u00e4\u00e4 pit\u00e4\u00e4 kiinni sit\u00e4 tukevista kansallisista toimista.<\/p>\n\n\n\n<p>Saku Vuori, toimitusjohtaja, Metallinjalostajat ry<br>Paula Lehtom\u00e4ki, toimitusjohtaja, Mets\u00e4teollisuus ry<br>Mika Aalto, toimitusjohtaja, Kemianteollisuus ry<\/p>\n\n\n\n<p><em>Teksti on aikaisemmin julkaistu Kauppalehden Debatti-palstalla.<\/em><\/p>\n\n\n\n<div class=\"wp-block-scb-columns scb-columns  has-mobile-behavior--stacked em-pattern-event-contacts\">\n<div class=\"wp-block-scb-column scb-column\">\n<h2 class=\"wp-block-heading\" id=\"lisatietoja\">Lis\u00e4tietoja<\/h2>\n\n\n<\/div>\n<\/div>\n","protected":false},"excerpt":{"rendered":"<p>Suomen poliittiset p\u00e4\u00e4tt\u00e4j\u00e4t k\u00e4yv\u00e4t taas keskustelua s\u00e4hk\u00f6ist\u00e4misen tukena tunnetusta, aiemmin p\u00e4\u00e4st\u00f6kauppakompensaatioksi kutsutusta eurooppalaisesta mekanismista. T\u00e4m\u00e4n keskustelun ytimess\u00e4 piilottelevat kysymykset Suomessa toimivan energiaintensiivisen teollisuuden kilpailukyvyst\u00e4, puhtaasta siirtym\u00e4st\u00e4 \u2013 ja siit\u00e4 miten poliitikkomme suhtautuvat teolliseen tuotantoon ja investointeihin Suomessa. S\u00e4hk\u00f6ist\u00e4misen tuki on t\u00e4rke\u00e4 mekanismi energiaintensiiviselle teollisuudelle. Teollisuuden hiilivuodon ehk\u00e4isemisess\u00e4 merkitt\u00e4v\u00e4ksi koettu ja keskeisiss\u00e4 kilpailijamaissamme laajasti k\u00e4ytt\u00f6\u00f6n otettu [&hellip;]<\/p>\n","protected":false},"author":52,"featured_media":263,"comment_status":"closed","ping_status":"closed","sticky":false,"template":"","format":"standard","meta":{"_acf_changed":false,"_relevanssi_hide_post":"","_relevanssi_hide_content":"","_relevanssi_pin_for_all":"","_relevanssi_pin_keywords":"","_relevanssi_unpin_keywords":"","_relevanssi_related_keywords":"","_relevanssi_related_include_ids":"","_relevanssi_related_exclude_ids":"","_relevanssi_related_no_append":"","_relevanssi_related_not_related":"","_relevanssi_related_posts":"248,256,212,201,181,258","_relevanssi_noindex_reason":"","inline_featured_image":false,"footnotes":""},"categories":[14],"tags":[],"em_industry":[],"em_theme":[],"class_list":["post-264","post","type-post","status-publish","format-standard","has-post-thumbnail","hentry","category-uutinen"],"acf":[],"yoast_head":"<!-- This site is optimized with the Yoast SEO Premium plugin v27.1 (Yoast SEO v27.5) - https:\/\/yoast.com\/product\/yoast-seo-premium-wordpress\/ -->\n<title>Vientiteollisuuden kilpailukyky vaatii kansallisia toimia - Metallinjalostajat<\/title>\n<meta name=\"robots\" content=\"index, follow, max-snippet:-1, max-image-preview:large, max-video-preview:-1\" \/>\n<link rel=\"canonical\" href=\"https:\/\/teknologiateollisuus.fi\/metallinjalostajat\/vientiteollisuuden-kilpailukyky-vaatii-kansallisia-toimia\/\" \/>\n<meta property=\"og:locale\" content=\"fi_FI\" \/>\n<meta property=\"og:type\" content=\"article\" \/>\n<meta property=\"og:title\" content=\"Vientiteollisuuden kilpailukyky vaatii kansallisia toimia\" \/>\n<meta property=\"og:description\" content=\"Suomen poliittiset p\u00e4\u00e4tt\u00e4j\u00e4t k\u00e4yv\u00e4t taas keskustelua s\u00e4hk\u00f6ist\u00e4misen tukena tunnetusta, aiemmin p\u00e4\u00e4st\u00f6kauppakompensaatioksi kutsutusta eurooppalaisesta mekanismista. T\u00e4m\u00e4n keskustelun ytimess\u00e4 piilottelevat kysymykset Suomessa toimivan energiaintensiivisen teollisuuden kilpailukyvyst\u00e4, puhtaasta siirtym\u00e4st\u00e4 \u2013 ja siit\u00e4 miten poliitikkomme suhtautuvat teolliseen tuotantoon ja investointeihin Suomessa. S\u00e4hk\u00f6ist\u00e4misen tuki on t\u00e4rke\u00e4 mekanismi energiaintensiiviselle teollisuudelle. Teollisuuden hiilivuodon ehk\u00e4isemisess\u00e4 merkitt\u00e4v\u00e4ksi koettu ja keskeisiss\u00e4 kilpailijamaissamme laajasti k\u00e4ytt\u00f6\u00f6n otettu [&hellip;]\" \/>\n<meta property=\"og:url\" content=\"https:\/\/teknologiateollisuus.fi\/metallinjalostajat\/vientiteollisuuden-kilpailukyky-vaatii-kansallisia-toimia\/\" \/>\n<meta property=\"og:site_name\" content=\"Metallinjalostajat\" \/>\n<meta property=\"article:published_time\" content=\"2023-12-20T10:14:00+00:00\" \/>\n<meta property=\"article:modified_time\" content=\"2024-09-19T10:12:19+00:00\" \/>\n<meta property=\"og:image\" content=\"https:\/\/teknologiateollisuus.fi\/metallinjalostajat\/wp-content\/uploads\/sites\/10\/2024\/09\/Rullar.jpg\" \/>\n\t<meta property=\"og:image:width\" content=\"1920\" \/>\n\t<meta property=\"og:image:height\" content=\"1280\" \/>\n\t<meta property=\"og:image:type\" content=\"image\/jpeg\" \/>\n<meta name=\"author\" content=\"sariln\" \/>\n<meta name=\"twitter:card\" content=\"summary_large_image\" \/>\n<meta name=\"twitter:label1\" content=\"Kirjoittanut\" \/>\n\t<meta name=\"twitter:data1\" content=\"sariln\" \/>\n\t<meta name=\"twitter:label2\" content=\"Arvioitu lukuaika\" \/>\n\t<meta name=\"twitter:data2\" content=\"2 minuuttia\" \/>\n<script type=\"application\/ld+json\" class=\"yoast-schema-graph\">{\"@context\":\"https:\\\/\\\/schema.org\",\"@graph\":[{\"@type\":\"Article\",\"@id\":\"https:\\\/\\\/teknologiateollisuus.fi\\\/metallinjalostajat\\\/vientiteollisuuden-kilpailukyky-vaatii-kansallisia-toimia\\\/#article\",\"isPartOf\":{\"@id\":\"https:\\\/\\\/teknologiateollisuus.fi\\\/metallinjalostajat\\\/vientiteollisuuden-kilpailukyky-vaatii-kansallisia-toimia\\\/\"},\"author\":{\"name\":\"sariln\",\"@id\":\"https:\\\/\\\/teknologiateollisuus.fi\\\/metallinjalostajat\\\/#\\\/schema\\\/person\\\/04f1851db172c3cb844eb5ef7013477b\"},\"headline\":\"Vientiteollisuuden kilpailukyky vaatii kansallisia toimia\",\"datePublished\":\"2023-12-20T10:14:00+00:00\",\"dateModified\":\"2024-09-19T10:12:19+00:00\",\"mainEntityOfPage\":{\"@id\":\"https:\\\/\\\/teknologiateollisuus.fi\\\/metallinjalostajat\\\/vientiteollisuuden-kilpailukyky-vaatii-kansallisia-toimia\\\/\"},\"wordCount\":370,\"image\":{\"@id\":\"https:\\\/\\\/teknologiateollisuus.fi\\\/metallinjalostajat\\\/vientiteollisuuden-kilpailukyky-vaatii-kansallisia-toimia\\\/#primaryimage\"},\"thumbnailUrl\":\"https:\\\/\\\/teknologiateollisuus.fi\\\/metallinjalostajat\\\/wp-content\\\/uploads\\\/sites\\\/10\\\/2024\\\/09\\\/Rullar.jpg\",\"articleSection\":[\"Uutiset\"],\"inLanguage\":\"fi\"},{\"@type\":\"WebPage\",\"@id\":\"https:\\\/\\\/teknologiateollisuus.fi\\\/metallinjalostajat\\\/vientiteollisuuden-kilpailukyky-vaatii-kansallisia-toimia\\\/\",\"url\":\"https:\\\/\\\/teknologiateollisuus.fi\\\/metallinjalostajat\\\/vientiteollisuuden-kilpailukyky-vaatii-kansallisia-toimia\\\/\",\"name\":\"Vientiteollisuuden kilpailukyky vaatii kansallisia toimia - Metallinjalostajat\",\"isPartOf\":{\"@id\":\"https:\\\/\\\/teknologiateollisuus.fi\\\/metallinjalostajat\\\/#website\"},\"primaryImageOfPage\":{\"@id\":\"https:\\\/\\\/teknologiateollisuus.fi\\\/metallinjalostajat\\\/vientiteollisuuden-kilpailukyky-vaatii-kansallisia-toimia\\\/#primaryimage\"},\"image\":{\"@id\":\"https:\\\/\\\/teknologiateollisuus.fi\\\/metallinjalostajat\\\/vientiteollisuuden-kilpailukyky-vaatii-kansallisia-toimia\\\/#primaryimage\"},\"thumbnailUrl\":\"https:\\\/\\\/teknologiateollisuus.fi\\\/metallinjalostajat\\\/wp-content\\\/uploads\\\/sites\\\/10\\\/2024\\\/09\\\/Rullar.jpg\",\"datePublished\":\"2023-12-20T10:14:00+00:00\",\"dateModified\":\"2024-09-19T10:12:19+00:00\",\"author\":{\"@id\":\"https:\\\/\\\/teknologiateollisuus.fi\\\/metallinjalostajat\\\/#\\\/schema\\\/person\\\/04f1851db172c3cb844eb5ef7013477b\"},\"breadcrumb\":{\"@id\":\"https:\\\/\\\/teknologiateollisuus.fi\\\/metallinjalostajat\\\/vientiteollisuuden-kilpailukyky-vaatii-kansallisia-toimia\\\/#breadcrumb\"},\"inLanguage\":\"fi\",\"potentialAction\":[{\"@type\":\"ReadAction\",\"target\":[\"https:\\\/\\\/teknologiateollisuus.fi\\\/metallinjalostajat\\\/vientiteollisuuden-kilpailukyky-vaatii-kansallisia-toimia\\\/\"]}]},{\"@type\":\"ImageObject\",\"inLanguage\":\"fi\",\"@id\":\"https:\\\/\\\/teknologiateollisuus.fi\\\/metallinjalostajat\\\/vientiteollisuuden-kilpailukyky-vaatii-kansallisia-toimia\\\/#primaryimage\",\"url\":\"https:\\\/\\\/teknologiateollisuus.fi\\\/metallinjalostajat\\\/wp-content\\\/uploads\\\/sites\\\/10\\\/2024\\\/09\\\/Rullar.jpg\",\"contentUrl\":\"https:\\\/\\\/teknologiateollisuus.fi\\\/metallinjalostajat\\\/wp-content\\\/uploads\\\/sites\\\/10\\\/2024\\\/09\\\/Rullar.jpg\",\"width\":1920,\"height\":1280,\"caption\":\"Ter\u00e4srullia\"},{\"@type\":\"BreadcrumbList\",\"@id\":\"https:\\\/\\\/teknologiateollisuus.fi\\\/metallinjalostajat\\\/vientiteollisuuden-kilpailukyky-vaatii-kansallisia-toimia\\\/#breadcrumb\",\"itemListElement\":[{\"@type\":\"ListItem\",\"position\":1,\"name\":\"Etusivu\",\"item\":\"https:\\\/\\\/teknologiateollisuus.fi\\\/metallinjalostajat\\\/\"},{\"@type\":\"ListItem\",\"position\":2,\"name\":\"Ajankohtaista\",\"item\":\"https:\\\/\\\/teknologiateollisuus.fi\\\/metallinjalostajat\\\/ajankohtaista\\\/\"},{\"@type\":\"ListItem\",\"position\":3,\"name\":\"Vientiteollisuuden kilpailukyky vaatii kansallisia toimia\"}]},{\"@type\":\"WebSite\",\"@id\":\"https:\\\/\\\/teknologiateollisuus.fi\\\/metallinjalostajat\\\/#website\",\"url\":\"https:\\\/\\\/teknologiateollisuus.fi\\\/metallinjalostajat\\\/\",\"name\":\"Metallinjalostajat\",\"description\":\"\",\"potentialAction\":[{\"@type\":\"SearchAction\",\"target\":{\"@type\":\"EntryPoint\",\"urlTemplate\":\"https:\\\/\\\/teknologiateollisuus.fi\\\/metallinjalostajat\\\/?s={search_term_string}\"},\"query-input\":{\"@type\":\"PropertyValueSpecification\",\"valueRequired\":true,\"valueName\":\"search_term_string\"}}],\"inLanguage\":\"fi\"},{\"@type\":\"Person\",\"@id\":\"https:\\\/\\\/teknologiateollisuus.fi\\\/metallinjalostajat\\\/#\\\/schema\\\/person\\\/04f1851db172c3cb844eb5ef7013477b\",\"name\":\"sariln\",\"image\":{\"@type\":\"ImageObject\",\"inLanguage\":\"fi\",\"@id\":\"https:\\\/\\\/secure.gravatar.com\\\/avatar\\\/b0d71eb7dd8c2e519cb3b18042527a61bb28fd4626cd030cad6c6477dfef6497?s=96&d=mm&r=g\",\"url\":\"https:\\\/\\\/secure.gravatar.com\\\/avatar\\\/b0d71eb7dd8c2e519cb3b18042527a61bb28fd4626cd030cad6c6477dfef6497?s=96&d=mm&r=g\",\"contentUrl\":\"https:\\\/\\\/secure.gravatar.com\\\/avatar\\\/b0d71eb7dd8c2e519cb3b18042527a61bb28fd4626cd030cad6c6477dfef6497?s=96&d=mm&r=g\",\"caption\":\"sariln\"}}]}<\/script>\n<!-- \/ Yoast SEO Premium plugin. -->","yoast_head_json":{"title":"Vientiteollisuuden kilpailukyky vaatii kansallisia toimia - Metallinjalostajat","robots":{"index":"index","follow":"follow","max-snippet":"max-snippet:-1","max-image-preview":"max-image-preview:large","max-video-preview":"max-video-preview:-1"},"canonical":"https:\/\/teknologiateollisuus.fi\/metallinjalostajat\/vientiteollisuuden-kilpailukyky-vaatii-kansallisia-toimia\/","og_locale":"fi_FI","og_type":"article","og_title":"Vientiteollisuuden kilpailukyky vaatii kansallisia toimia","og_description":"Suomen poliittiset p\u00e4\u00e4tt\u00e4j\u00e4t k\u00e4yv\u00e4t taas keskustelua s\u00e4hk\u00f6ist\u00e4misen tukena tunnetusta, aiemmin p\u00e4\u00e4st\u00f6kauppakompensaatioksi kutsutusta eurooppalaisesta mekanismista. T\u00e4m\u00e4n keskustelun ytimess\u00e4 piilottelevat kysymykset Suomessa toimivan energiaintensiivisen teollisuuden kilpailukyvyst\u00e4, puhtaasta siirtym\u00e4st\u00e4 \u2013 ja siit\u00e4 miten poliitikkomme suhtautuvat teolliseen tuotantoon ja investointeihin Suomessa. S\u00e4hk\u00f6ist\u00e4misen tuki on t\u00e4rke\u00e4 mekanismi energiaintensiiviselle teollisuudelle. Teollisuuden hiilivuodon ehk\u00e4isemisess\u00e4 merkitt\u00e4v\u00e4ksi koettu ja keskeisiss\u00e4 kilpailijamaissamme laajasti k\u00e4ytt\u00f6\u00f6n otettu [&hellip;]","og_url":"https:\/\/teknologiateollisuus.fi\/metallinjalostajat\/vientiteollisuuden-kilpailukyky-vaatii-kansallisia-toimia\/","og_site_name":"Metallinjalostajat","article_published_time":"2023-12-20T10:14:00+00:00","article_modified_time":"2024-09-19T10:12:19+00:00","og_image":[{"width":1920,"height":1280,"url":"https:\/\/teknologiateollisuus.fi\/metallinjalostajat\/wp-content\/uploads\/sites\/10\/2024\/09\/Rullar.jpg","type":"image\/jpeg"}],"author":"sariln","twitter_card":"summary_large_image","twitter_misc":{"Kirjoittanut":"sariln","Arvioitu lukuaika":"2 minuuttia"},"schema":{"@context":"https:\/\/schema.org","@graph":[{"@type":"Article","@id":"https:\/\/teknologiateollisuus.fi\/metallinjalostajat\/vientiteollisuuden-kilpailukyky-vaatii-kansallisia-toimia\/#article","isPartOf":{"@id":"https:\/\/teknologiateollisuus.fi\/metallinjalostajat\/vientiteollisuuden-kilpailukyky-vaatii-kansallisia-toimia\/"},"author":{"name":"sariln","@id":"https:\/\/teknologiateollisuus.fi\/metallinjalostajat\/#\/schema\/person\/04f1851db172c3cb844eb5ef7013477b"},"headline":"Vientiteollisuuden kilpailukyky vaatii kansallisia toimia","datePublished":"2023-12-20T10:14:00+00:00","dateModified":"2024-09-19T10:12:19+00:00","mainEntityOfPage":{"@id":"https:\/\/teknologiateollisuus.fi\/metallinjalostajat\/vientiteollisuuden-kilpailukyky-vaatii-kansallisia-toimia\/"},"wordCount":370,"image":{"@id":"https:\/\/teknologiateollisuus.fi\/metallinjalostajat\/vientiteollisuuden-kilpailukyky-vaatii-kansallisia-toimia\/#primaryimage"},"thumbnailUrl":"https:\/\/teknologiateollisuus.fi\/metallinjalostajat\/wp-content\/uploads\/sites\/10\/2024\/09\/Rullar.jpg","articleSection":["Uutiset"],"inLanguage":"fi"},{"@type":"WebPage","@id":"https:\/\/teknologiateollisuus.fi\/metallinjalostajat\/vientiteollisuuden-kilpailukyky-vaatii-kansallisia-toimia\/","url":"https:\/\/teknologiateollisuus.fi\/metallinjalostajat\/vientiteollisuuden-kilpailukyky-vaatii-kansallisia-toimia\/","name":"Vientiteollisuuden kilpailukyky vaatii kansallisia toimia - Metallinjalostajat","isPartOf":{"@id":"https:\/\/teknologiateollisuus.fi\/metallinjalostajat\/#website"},"primaryImageOfPage":{"@id":"https:\/\/teknologiateollisuus.fi\/metallinjalostajat\/vientiteollisuuden-kilpailukyky-vaatii-kansallisia-toimia\/#primaryimage"},"image":{"@id":"https:\/\/teknologiateollisuus.fi\/metallinjalostajat\/vientiteollisuuden-kilpailukyky-vaatii-kansallisia-toimia\/#primaryimage"},"thumbnailUrl":"https:\/\/teknologiateollisuus.fi\/metallinjalostajat\/wp-content\/uploads\/sites\/10\/2024\/09\/Rullar.jpg","datePublished":"2023-12-20T10:14:00+00:00","dateModified":"2024-09-19T10:12:19+00:00","author":{"@id":"https:\/\/teknologiateollisuus.fi\/metallinjalostajat\/#\/schema\/person\/04f1851db172c3cb844eb5ef7013477b"},"breadcrumb":{"@id":"https:\/\/teknologiateollisuus.fi\/metallinjalostajat\/vientiteollisuuden-kilpailukyky-vaatii-kansallisia-toimia\/#breadcrumb"},"inLanguage":"fi","potentialAction":[{"@type":"ReadAction","target":["https:\/\/teknologiateollisuus.fi\/metallinjalostajat\/vientiteollisuuden-kilpailukyky-vaatii-kansallisia-toimia\/"]}]},{"@type":"ImageObject","inLanguage":"fi","@id":"https:\/\/teknologiateollisuus.fi\/metallinjalostajat\/vientiteollisuuden-kilpailukyky-vaatii-kansallisia-toimia\/#primaryimage","url":"https:\/\/teknologiateollisuus.fi\/metallinjalostajat\/wp-content\/uploads\/sites\/10\/2024\/09\/Rullar.jpg","contentUrl":"https:\/\/teknologiateollisuus.fi\/metallinjalostajat\/wp-content\/uploads\/sites\/10\/2024\/09\/Rullar.jpg","width":1920,"height":1280,"caption":"Ter\u00e4srullia"},{"@type":"BreadcrumbList","@id":"https:\/\/teknologiateollisuus.fi\/metallinjalostajat\/vientiteollisuuden-kilpailukyky-vaatii-kansallisia-toimia\/#breadcrumb","itemListElement":[{"@type":"ListItem","position":1,"name":"Etusivu","item":"https:\/\/teknologiateollisuus.fi\/metallinjalostajat\/"},{"@type":"ListItem","position":2,"name":"Ajankohtaista","item":"https:\/\/teknologiateollisuus.fi\/metallinjalostajat\/ajankohtaista\/"},{"@type":"ListItem","position":3,"name":"Vientiteollisuuden kilpailukyky vaatii kansallisia toimia"}]},{"@type":"WebSite","@id":"https:\/\/teknologiateollisuus.fi\/metallinjalostajat\/#website","url":"https:\/\/teknologiateollisuus.fi\/metallinjalostajat\/","name":"Metallinjalostajat","description":"","potentialAction":[{"@type":"SearchAction","target":{"@type":"EntryPoint","urlTemplate":"https:\/\/teknologiateollisuus.fi\/metallinjalostajat\/?s={search_term_string}"},"query-input":{"@type":"PropertyValueSpecification","valueRequired":true,"valueName":"search_term_string"}}],"inLanguage":"fi"},{"@type":"Person","@id":"https:\/\/teknologiateollisuus.fi\/metallinjalostajat\/#\/schema\/person\/04f1851db172c3cb844eb5ef7013477b","name":"sariln","image":{"@type":"ImageObject","inLanguage":"fi","@id":"https:\/\/secure.gravatar.com\/avatar\/b0d71eb7dd8c2e519cb3b18042527a61bb28fd4626cd030cad6c6477dfef6497?s=96&d=mm&r=g","url":"https:\/\/secure.gravatar.com\/avatar\/b0d71eb7dd8c2e519cb3b18042527a61bb28fd4626cd030cad6c6477dfef6497?s=96&d=mm&r=g","contentUrl":"https:\/\/secure.gravatar.com\/avatar\/b0d71eb7dd8c2e519cb3b18042527a61bb28fd4626cd030cad6c6477dfef6497?s=96&d=mm&r=g","caption":"sariln"}}]}},"lang":"fi","translations":{"fi":264},"pll_sync_post":{},"_links":{"self":[{"href":"https:\/\/teknologiateollisuus.fi\/metallinjalostajat\/wp-json\/wp\/v2\/posts\/264","targetHints":{"allow":["GET"]}}],"collection":[{"href":"https:\/\/teknologiateollisuus.fi\/metallinjalostajat\/wp-json\/wp\/v2\/posts"}],"about":[{"href":"https:\/\/teknologiateollisuus.fi\/metallinjalostajat\/wp-json\/wp\/v2\/types\/post"}],"author":[{"embeddable":true,"href":"https:\/\/teknologiateollisuus.fi\/metallinjalostajat\/wp-json\/wp\/v2\/users\/52"}],"replies":[{"embeddable":true,"href":"https:\/\/teknologiateollisuus.fi\/metallinjalostajat\/wp-json\/wp\/v2\/comments?post=264"}],"version-history":[{"count":1,"href":"https:\/\/teknologiateollisuus.fi\/metallinjalostajat\/wp-json\/wp\/v2\/posts\/264\/revisions"}],"predecessor-version":[{"id":265,"href":"https:\/\/teknologiateollisuus.fi\/metallinjalostajat\/wp-json\/wp\/v2\/posts\/264\/revisions\/265"}],"wp:featuredmedia":[{"embeddable":true,"href":"https:\/\/teknologiateollisuus.fi\/metallinjalostajat\/wp-json\/wp\/v2\/media\/263"}],"wp:attachment":[{"href":"https:\/\/teknologiateollisuus.fi\/metallinjalostajat\/wp-json\/wp\/v2\/media?parent=264"}],"wp:term":[{"taxonomy":"category","embeddable":true,"href":"https:\/\/teknologiateollisuus.fi\/metallinjalostajat\/wp-json\/wp\/v2\/categories?post=264"},{"taxonomy":"post_tag","embeddable":true,"href":"https:\/\/teknologiateollisuus.fi\/metallinjalostajat\/wp-json\/wp\/v2\/tags?post=264"},{"taxonomy":"em_industry","embeddable":true,"href":"https:\/\/teknologiateollisuus.fi\/metallinjalostajat\/wp-json\/wp\/v2\/em_industry?post=264"},{"taxonomy":"em_theme","embeddable":true,"href":"https:\/\/teknologiateollisuus.fi\/metallinjalostajat\/wp-json\/wp\/v2\/em_theme?post=264"}],"curies":[{"name":"wp","href":"https:\/\/api.w.org\/{rel}","templated":true}]}}