{"id":1051,"date":"2025-09-22T12:54:00","date_gmt":"2025-09-22T09:54:00","guid":{"rendered":"https:\/\/teknologiateollisuus.fi\/pia\/?p=1051"},"modified":"2025-10-24T14:55:54","modified_gmt":"2025-10-24T11:55:54","slug":"ensimmainen-patria-amv-xp-8x8-ajoneuvo-luovutettu-japanin-maavoimille","status":"publish","type":"post","link":"https:\/\/teknologiateollisuus.fi\/pia\/ensimmainen-patria-amv-xp-8x8-ajoneuvo-luovutettu-japanin-maavoimille\/","title":{"rendered":"Ensimm\u00e4inen Patria AMV XP 8&#215;8 -ajoneuvo luovutettu Japanin maavoimille"},"content":{"rendered":"\n<figure class=\"wp-block-image size-full\"><img loading=\"lazy\" decoding=\"async\" width=\"150\" height=\"37\" src=\"https:\/\/teknologiateollisuus.fi\/pia\/wp-content\/uploads\/sites\/13\/2025\/10\/image-6.jpeg\" alt=\"\" class=\"wp-image-1052\" \/><\/figure>\n\n\n\n<h1 class=\"wp-block-heading\" id=\"h-ensimmainen-patria-amv-xp-8x8-ajoneuvo-luovutettu-japanin-maavoimille\" id=\"ensimmainen-patria-amv-xp-8x8-ajoneuvo-luovutettu-japanin-maavoimille\">Ensimm\u00e4inen Patria AMV XP 8&#215;8 -ajoneuvo luovutettu Japanin maavoimille<\/h1>\n\n\n\n<p>Ensimm\u00e4inen Patria AMV XP 8&#215;8 -panssaroitu ajoneuvo on toimitettu Japanin maavoimille (Japan Self-Ground Defense Forces; JSGDF) Japanin 8&#215;8-py\u00f6r\u00e4llisten miehist\u00f6nkuljetusajoneuvojen WAPC-hankkeessa Japan Steel Worksin (\u2018JWS\u2019) toimittamana. Toimitusta edelsi luovutusseremonia, joka pidettiin 2.9.2025 JSW:n Muroranin tehtaalla Hokkaidossa, Japanissa. Patria solmi sopimuksen WAPC-hankkeesta elokuussa 2023, ja siit\u00e4 l\u00e4htien Patria ja JSW ovat tehneet tiivist\u00e4 yhteisty\u00f6t\u00e4, mukaan lukien teknologiansiirto Japaniin.<\/p>\n\n\n\n<p>&#8221;Japani on jo yhdeks\u00e4s Patrian AMV-ajoneuvojen k\u00e4ytt\u00e4j\u00e4maa, joka on liittynyt kansainv\u00e4liseen AMV-yhteis\u00f6\u00f6n. T\u00e4m\u00e4 merkitt\u00e4v\u00e4 virstanpylv\u00e4s osoittaa Patriasta, Japanin maavoimista ja Japan Steel Worksista koostuvan tiiviin yhteisty\u00f6n tuottavan erinomaisia tuloksia. Keskustelut Japanin puolustusvoimien ja paikallisen teollisuuden kanssa jatkuvat uusista mahdollisuuksista ja suorituskyvyist\u00e4, ja Patria on eritt\u00e4in sitoutunut pitk\u00e4aikaiseen strategiseen yhteisty\u00f6h\u00f6n Japanin kanssa\u201d, sanoo <strong>Jussi J\u00e4rvinen<\/strong>, Protected Mobility -liiketoiminta-alueen johtaja.<\/p>\n\n\n\n<p><strong>Janne R\u00e4kk\u00f6l\u00e4inen<\/strong>, Patrian World-markkina-alueen johtaja jatkaa: \u201cUskomme, ett\u00e4 japanilaiset sotilaat tulevat olemaan eritt\u00e4in tyytyv\u00e4isi\u00e4 uuden sukupolven suorituskykyyn ensimm\u00e4isten ajoneuvojen k\u00e4ytt\u00f6\u00f6noton j\u00e4lkeen. Patrian AMV XP 8&#215;8 on valittu korvaamaan JSGDF:n Type-96 8&#215;8 -ajoneuvot, tarjoten erinomaista liikkuvuutta, suojaa ja muunneltavuutta JSGDF:n moninaisiin tarpeisiin.&#8221;<\/p>\n\n\n\n<p>Patria AMV XP 8&#215;8 on huippuluokan, modulaarinen ja kest\u00e4v\u00e4 panssaroitu py\u00f6r\u00e4ajoneuvo, joka tarjoaa ylivoimaista tulivoimaa, suojaa ja liikkuvuutta. Patrian taistelukokemusta omaava AMV-ajoneuvoperhe on osoittautunut luotettavaksi ratkaisuksi kansojen ja sotilaiden suojelemiseksi. AMV XP on kustannustehokas ja tulevaisuuden vaatimuksiin vastaava ratkaisu tilanteisiin, joissa kansallinen itsem\u00e4\u00e4r\u00e4\u00e4misoikeus on vaakalaudalla.<\/p>\n\n\n\n<p>Teknologiansiirto ja paikallinen valmistus ovat luonnollinen osa Patrian liiketoimintamallia. Japanin lis\u00e4ksi Patria on jo toteuttanut onnistuneita teknologiansiirtoja ja paikallista tuotantoa AMV 8&#215;8 \u2013ajoneuvoille muun muassa Puolassa, Kroatiassa ja Etel\u00e4-Afrikassa. T\u00e4ll\u00e4 hetkell\u00e4 teknologiansiirtoa tehd\u00e4\u00e4n my\u00f6s Slovakian AMV 8&#215;8 -hankkeessa.<\/p>\n\n\n\n<p><strong>Lis\u00e4tietoja<\/strong>:<\/p>\n\n\n\n<p><a href=\"mailto:communications@patriagroup.com\">communications@patriagroup.com<\/a><\/p>\n\n\n\n<p><strong>Janne R\u00e4kk\u00f6l\u00e4inen<\/strong>, Vice President, Market Area Leader, World, <a href=\"mailto:janne.rakkolainen@patriagroup.com\">janne.rakkolainen@patriagroup.com<\/a>, tel. +358 40\u202f844 3210<\/p>\n\n\n\n<p><strong>Protected Mobility<\/strong>: <a href=\"https:\/\/eur01.safelinks.protection.outlook.com\/?url=http%3A%2F%2Fwww.patriagroup.com%2Fproducts-and-services%2Fprotected-mobility&amp;data=05%7C02%7Cada.leskinen%40teknologiateollisuus.fi%7Caf7d0c8fd2784a428d3008ddf9a6ce79%7Cf76946dcd9fc4b0882aadb1d2a9b8ed0%7C0%7C0%7C638941217002708240%7CUnknown%7CTWFpbGZsb3d8eyJFbXB0eU1hcGkiOnRydWUsIlYiOiIwLjAuMDAwMCIsIlAiOiJXaW4zMiIsIkFOIjoiTWFpbCIsIldUIjoyfQ%3D%3D%7C0%7C%7C%7C&amp;sdata=YXwO72KRBjOVo95ad%2F9X2wtqKXNfsct%2BvIopOJbeYXY%3D&amp;reserved=0\">www.patriagroup.com\/products-and-services\/protected-mobility<\/a><\/p>\n\n\n\n<p><strong>Patria AMV XP<\/strong>: <a href=\"https:\/\/eur01.safelinks.protection.outlook.com\/?url=http%3A%2F%2Fwww.patriagroup.com%2Fproducts-and-services%2Fprotected-mobility%2Fwheeled-mobility%2Fpatria-amv-xp-number-1-in-the-battlefield&amp;data=05%7C02%7Cada.leskinen%40teknologiateollisuus.fi%7Caf7d0c8fd2784a428d3008ddf9a6ce79%7Cf76946dcd9fc4b0882aadb1d2a9b8ed0%7C0%7C0%7C638941217002765945%7CUnknown%7CTWFpbGZsb3d8eyJFbXB0eU1hcGkiOnRydWUsIlYiOiIwLjAuMDAwMCIsIlAiOiJXaW4zMiIsIkFOIjoiTWFpbCIsIldUIjoyfQ%3D%3D%7C0%7C%7C%7C&amp;sdata=iXs2XG2VDpKv4DSY3dhXlDyWPZKTLYcy75tglhMuoss%3D&amp;reserved=0\">www.patriagroup.com\/products-and-services\/protected-mobility\/wheeled-mobility\/patria-amv-xp-number-1-in-the-battlefield<\/a><\/p>\n\n\n\n<p><strong>Patria\u2019s technology transfer<\/strong>: <a href=\"https:\/\/eur01.safelinks.protection.outlook.com\/?url=http%3A%2F%2Fwww.patriagroup.com%2Fproducts-and-services%2Fprotected-mobility%2Fwheeled-mobility%2Ftechnology-transfer&amp;data=05%7C02%7Cada.leskinen%40teknologiateollisuus.fi%7Caf7d0c8fd2784a428d3008ddf9a6ce79%7Cf76946dcd9fc4b0882aadb1d2a9b8ed0%7C0%7C0%7C638941217002806104%7CUnknown%7CTWFpbGZsb3d8eyJFbXB0eU1hcGkiOnRydWUsIlYiOiIwLjAuMDAwMCIsIlAiOiJXaW4zMiIsIkFOIjoiTWFpbCIsIldUIjoyfQ%3D%3D%7C0%7C%7C%7C&amp;sdata=76n88rnMRvrPq8b2Jg4c5qbH9t2tJWY%2BeFeldWsrUKc%3D&amp;reserved=0\">www.patriagroup.com\/products-and-services\/protected-mobility\/wheeled-mobility\/technology-transfer<\/a><\/p>\n\n\n\n<p><strong>Patria <\/strong>on kansainv\u00e4linen puolustusteollisuus- ja teknologiayhti\u00f6, jolla on yli 100 vuoden kokemus alalta. Patrian huippuluokan osaajien ja Protected Mobility, Defence and Weapon Systems and Sustainment Solutions -liiketoiminta-alueiden avulla varmistamme asiakkaillemme luotettavan toiminnan ja olemme kumppanina kriittisiss\u00e4 toiminnoissa maalla, merell\u00e4 ja ilmassa &#8211; kun kaiken on pakko toimia. Patrialla on toimipisteit\u00e4 Suomen lis\u00e4ksi Ruotsissa, Norjassa, Belgiassa, Alankomaissa, Saksassa, Latviassa ja Japanissa.<br>Patrian omistavat Suomen valtio (50,1 %) ja norjalainen Kongsberg Defence &amp; Aerospace AS (49,9 %). Patria omistaa 50 % Nammosta, ja yhdess\u00e4 n\u00e4m\u00e4 kolme yrityst\u00e4 muodostavat johtavan pohjoismaisen puolustuskumppanuuden.<br><strong><a href=\"https:\/\/eur01.safelinks.protection.outlook.com\/?url=http%3A%2F%2Fwww.patriagroup.com%2F&amp;data=05%7C02%7Cada.leskinen%40teknologiateollisuus.fi%7Caf7d0c8fd2784a428d3008ddf9a6ce79%7Cf76946dcd9fc4b0882aadb1d2a9b8ed0%7C0%7C0%7C638941217002829557%7CUnknown%7CTWFpbGZsb3d8eyJFbXB0eU1hcGkiOnRydWUsIlYiOiIwLjAuMDAwMCIsIlAiOiJXaW4zMiIsIkFOIjoiTWFpbCIsIldUIjoyfQ%3D%3D%7C0%7C%7C%7C&amp;sdata=J33wnffTgDxPuZ6Vk9SnytUTNqGiF%2Fr3x9hWX6fOp%2F8%3D&amp;reserved=0\">www.patriagroup.com<\/a><\/strong><\/p>\n","protected":false},"excerpt":{"rendered":"<p>Ensimm\u00e4inen Patria AMV XP 8&#215;8 -ajoneuvo luovutettu Japanin maavoimille Ensimm\u00e4inen Patria AMV XP 8&#215;8 -panssaroitu ajoneuvo on toimitettu Japanin maavoimille (Japan Self-Ground Defense Forces; JSGDF) Japanin 8&#215;8-py\u00f6r\u00e4llisten miehist\u00f6nkuljetusajoneuvojen WAPC-hankkeessa Japan Steel Worksin (\u2018JWS\u2019) toimittamana. Toimitusta edelsi luovutusseremonia, joka pidettiin 2.9.2025 JSW:n Muroranin tehtaalla Hokkaidossa, Japanissa. Patria solmi sopimuksen WAPC-hankkeesta elokuussa 2023, ja siit\u00e4 l\u00e4htien Patria [&hellip;]<\/p>\n","protected":false},"author":355,"featured_media":1053,"comment_status":"closed","ping_status":"closed","sticky":false,"template":"","format":"standard","meta":{"_acf_changed":false,"_relevanssi_hide_post":"","_relevanssi_hide_content":"","_relevanssi_pin_for_all":"","_relevanssi_pin_keywords":"","_relevanssi_unpin_keywords":"","_relevanssi_related_keywords":"","_relevanssi_related_include_ids":"","_relevanssi_related_exclude_ids":"","_relevanssi_related_no_append":"","_relevanssi_related_not_related":"","_relevanssi_related_posts":"889,466,1007,1025,1015,54","_relevanssi_noindex_reason":"","inline_featured_image":false,"footnotes":""},"categories":[16],"tags":[],"em_industry":[],"em_theme":[],"class_list":["post-1051","post","type-post","status-publish","format-standard","has-post-thumbnail","hentry","category-uutiset-tiedotteet"],"acf":[],"yoast_head":"<!-- This site is optimized with the Yoast SEO Premium plugin v27.1 (Yoast SEO v27.5) - https:\/\/yoast.com\/product\/yoast-seo-premium-wordpress\/ -->\n<title>Ensimm\u00e4inen Patria AMV XP 8x8 -ajoneuvo luovutettu Japanin maavoimille - Pia-ry.fi<\/title>\n<meta name=\"robots\" content=\"index, follow, max-snippet:-1, max-image-preview:large, max-video-preview:-1\" \/>\n<link rel=\"canonical\" href=\"https:\/\/teknologiateollisuus.fi\/pia\/ensimmainen-patria-amv-xp-8x8-ajoneuvo-luovutettu-japanin-maavoimille\/\" \/>\n<meta property=\"og:locale\" content=\"fi_FI\" \/>\n<meta property=\"og:type\" content=\"article\" \/>\n<meta property=\"og:title\" content=\"Ensimm\u00e4inen Patria AMV XP 8x8 -ajoneuvo luovutettu Japanin maavoimille\" \/>\n<meta property=\"og:description\" content=\"Ensimm\u00e4inen Patria AMV XP 8&#215;8 -ajoneuvo luovutettu Japanin maavoimille Ensimm\u00e4inen Patria AMV XP 8&#215;8 -panssaroitu ajoneuvo on toimitettu Japanin maavoimille (Japan Self-Ground Defense Forces; JSGDF) Japanin 8&#215;8-py\u00f6r\u00e4llisten miehist\u00f6nkuljetusajoneuvojen WAPC-hankkeessa Japan Steel Worksin (\u2018JWS\u2019) toimittamana. Toimitusta edelsi luovutusseremonia, joka pidettiin 2.9.2025 JSW:n Muroranin tehtaalla Hokkaidossa, Japanissa. Patria solmi sopimuksen WAPC-hankkeesta elokuussa 2023, ja siit\u00e4 l\u00e4htien Patria [&hellip;]\" \/>\n<meta property=\"og:url\" content=\"https:\/\/teknologiateollisuus.fi\/pia\/ensimmainen-patria-amv-xp-8x8-ajoneuvo-luovutettu-japanin-maavoimille\/\" \/>\n<meta property=\"og:site_name\" content=\"Pia-ry.fi\" \/>\n<meta property=\"article:published_time\" content=\"2025-09-22T09:54:00+00:00\" \/>\n<meta property=\"article:modified_time\" content=\"2025-10-24T11:55:54+00:00\" \/>\n<meta property=\"og:image\" content=\"https:\/\/teknologiateollisuus.fi\/pia\/wp-content\/uploads\/sites\/13\/2025\/10\/patriajapan.jpg\" \/>\n\t<meta property=\"og:image:width\" content=\"1024\" \/>\n\t<meta property=\"og:image:height\" content=\"480\" \/>\n\t<meta property=\"og:image:type\" content=\"image\/jpeg\" \/>\n<meta name=\"author\" content=\"adaleskinen\" \/>\n<meta name=\"twitter:card\" content=\"summary_large_image\" \/>\n<meta name=\"twitter:label1\" content=\"Kirjoittanut\" \/>\n\t<meta name=\"twitter:data1\" content=\"adaleskinen\" \/>\n\t<meta name=\"twitter:label2\" content=\"Arvioitu lukuaika\" \/>\n\t<meta name=\"twitter:data2\" content=\"3 minuuttia\" \/>\n<script type=\"application\/ld+json\" class=\"yoast-schema-graph\">{\"@context\":\"https:\\\/\\\/schema.org\",\"@graph\":[{\"@type\":\"Article\",\"@id\":\"https:\\\/\\\/teknologiateollisuus.fi\\\/pia\\\/ensimmainen-patria-amv-xp-8x8-ajoneuvo-luovutettu-japanin-maavoimille\\\/#article\",\"isPartOf\":{\"@id\":\"https:\\\/\\\/teknologiateollisuus.fi\\\/pia\\\/ensimmainen-patria-amv-xp-8x8-ajoneuvo-luovutettu-japanin-maavoimille\\\/\"},\"author\":{\"name\":\"adaleskinen\",\"@id\":\"https:\\\/\\\/teknologiateollisuus.fi\\\/pia\\\/#\\\/schema\\\/person\\\/5d77641c560efe09919706f12024dbc5\"},\"headline\":\"Ensimm\u00e4inen Patria AMV XP 8&#215;8 -ajoneuvo luovutettu Japanin maavoimille\",\"datePublished\":\"2025-09-22T09:54:00+00:00\",\"dateModified\":\"2025-10-24T11:55:54+00:00\",\"mainEntityOfPage\":{\"@id\":\"https:\\\/\\\/teknologiateollisuus.fi\\\/pia\\\/ensimmainen-patria-amv-xp-8x8-ajoneuvo-luovutettu-japanin-maavoimille\\\/\"},\"wordCount\":438,\"image\":{\"@id\":\"https:\\\/\\\/teknologiateollisuus.fi\\\/pia\\\/ensimmainen-patria-amv-xp-8x8-ajoneuvo-luovutettu-japanin-maavoimille\\\/#primaryimage\"},\"thumbnailUrl\":\"https:\\\/\\\/teknologiateollisuus.fi\\\/pia\\\/wp-content\\\/uploads\\\/sites\\\/13\\\/2025\\\/10\\\/patriajapan.jpg\",\"articleSection\":[\"Uutiset ja tiedotteet\"],\"inLanguage\":\"fi\"},{\"@type\":\"WebPage\",\"@id\":\"https:\\\/\\\/teknologiateollisuus.fi\\\/pia\\\/ensimmainen-patria-amv-xp-8x8-ajoneuvo-luovutettu-japanin-maavoimille\\\/\",\"url\":\"https:\\\/\\\/teknologiateollisuus.fi\\\/pia\\\/ensimmainen-patria-amv-xp-8x8-ajoneuvo-luovutettu-japanin-maavoimille\\\/\",\"name\":\"Ensimm\u00e4inen Patria AMV XP 8x8 -ajoneuvo luovutettu Japanin maavoimille - Pia-ry.fi\",\"isPartOf\":{\"@id\":\"https:\\\/\\\/teknologiateollisuus.fi\\\/pia\\\/#website\"},\"primaryImageOfPage\":{\"@id\":\"https:\\\/\\\/teknologiateollisuus.fi\\\/pia\\\/ensimmainen-patria-amv-xp-8x8-ajoneuvo-luovutettu-japanin-maavoimille\\\/#primaryimage\"},\"image\":{\"@id\":\"https:\\\/\\\/teknologiateollisuus.fi\\\/pia\\\/ensimmainen-patria-amv-xp-8x8-ajoneuvo-luovutettu-japanin-maavoimille\\\/#primaryimage\"},\"thumbnailUrl\":\"https:\\\/\\\/teknologiateollisuus.fi\\\/pia\\\/wp-content\\\/uploads\\\/sites\\\/13\\\/2025\\\/10\\\/patriajapan.jpg\",\"datePublished\":\"2025-09-22T09:54:00+00:00\",\"dateModified\":\"2025-10-24T11:55:54+00:00\",\"author\":{\"@id\":\"https:\\\/\\\/teknologiateollisuus.fi\\\/pia\\\/#\\\/schema\\\/person\\\/5d77641c560efe09919706f12024dbc5\"},\"breadcrumb\":{\"@id\":\"https:\\\/\\\/teknologiateollisuus.fi\\\/pia\\\/ensimmainen-patria-amv-xp-8x8-ajoneuvo-luovutettu-japanin-maavoimille\\\/#breadcrumb\"},\"inLanguage\":\"fi\",\"potentialAction\":[{\"@type\":\"ReadAction\",\"target\":[\"https:\\\/\\\/teknologiateollisuus.fi\\\/pia\\\/ensimmainen-patria-amv-xp-8x8-ajoneuvo-luovutettu-japanin-maavoimille\\\/\"]}]},{\"@type\":\"ImageObject\",\"inLanguage\":\"fi\",\"@id\":\"https:\\\/\\\/teknologiateollisuus.fi\\\/pia\\\/ensimmainen-patria-amv-xp-8x8-ajoneuvo-luovutettu-japanin-maavoimille\\\/#primaryimage\",\"url\":\"https:\\\/\\\/teknologiateollisuus.fi\\\/pia\\\/wp-content\\\/uploads\\\/sites\\\/13\\\/2025\\\/10\\\/patriajapan.jpg\",\"contentUrl\":\"https:\\\/\\\/teknologiateollisuus.fi\\\/pia\\\/wp-content\\\/uploads\\\/sites\\\/13\\\/2025\\\/10\\\/patriajapan.jpg\",\"width\":1024,\"height\":480},{\"@type\":\"BreadcrumbList\",\"@id\":\"https:\\\/\\\/teknologiateollisuus.fi\\\/pia\\\/ensimmainen-patria-amv-xp-8x8-ajoneuvo-luovutettu-japanin-maavoimille\\\/#breadcrumb\",\"itemListElement\":[{\"@type\":\"ListItem\",\"position\":1,\"name\":\"Etusivu\",\"item\":\"https:\\\/\\\/teknologiateollisuus.fi\\\/pia\\\/\"},{\"@type\":\"ListItem\",\"position\":2,\"name\":\"Ajankohtaista\",\"item\":\"https:\\\/\\\/teknologiateollisuus.fi\\\/pia\\\/ajankohtaista\\\/\"},{\"@type\":\"ListItem\",\"position\":3,\"name\":\"Ensimm\u00e4inen Patria AMV XP 8&#215;8 -ajoneuvo luovutettu Japanin maavoimille\"}]},{\"@type\":\"WebSite\",\"@id\":\"https:\\\/\\\/teknologiateollisuus.fi\\\/pia\\\/#website\",\"url\":\"https:\\\/\\\/teknologiateollisuus.fi\\\/pia\\\/\",\"name\":\"Pia-ry.fi\",\"description\":\"\",\"potentialAction\":[{\"@type\":\"SearchAction\",\"target\":{\"@type\":\"EntryPoint\",\"urlTemplate\":\"https:\\\/\\\/teknologiateollisuus.fi\\\/pia\\\/?s={search_term_string}\"},\"query-input\":{\"@type\":\"PropertyValueSpecification\",\"valueRequired\":true,\"valueName\":\"search_term_string\"}}],\"inLanguage\":\"fi\"},{\"@type\":\"Person\",\"@id\":\"https:\\\/\\\/teknologiateollisuus.fi\\\/pia\\\/#\\\/schema\\\/person\\\/5d77641c560efe09919706f12024dbc5\",\"name\":\"adaleskinen\",\"image\":{\"@type\":\"ImageObject\",\"inLanguage\":\"fi\",\"@id\":\"https:\\\/\\\/secure.gravatar.com\\\/avatar\\\/6428ed2f4a04a0cda474397675babb7dcf407edd2f251ea895d2ff20c9b635d2?s=96&d=mm&r=g\",\"url\":\"https:\\\/\\\/secure.gravatar.com\\\/avatar\\\/6428ed2f4a04a0cda474397675babb7dcf407edd2f251ea895d2ff20c9b635d2?s=96&d=mm&r=g\",\"contentUrl\":\"https:\\\/\\\/secure.gravatar.com\\\/avatar\\\/6428ed2f4a04a0cda474397675babb7dcf407edd2f251ea895d2ff20c9b635d2?s=96&d=mm&r=g\",\"caption\":\"adaleskinen\"}}]}<\/script>\n<!-- \/ Yoast SEO Premium plugin. -->","yoast_head_json":{"title":"Ensimm\u00e4inen Patria AMV XP 8x8 -ajoneuvo luovutettu Japanin maavoimille - Pia-ry.fi","robots":{"index":"index","follow":"follow","max-snippet":"max-snippet:-1","max-image-preview":"max-image-preview:large","max-video-preview":"max-video-preview:-1"},"canonical":"https:\/\/teknologiateollisuus.fi\/pia\/ensimmainen-patria-amv-xp-8x8-ajoneuvo-luovutettu-japanin-maavoimille\/","og_locale":"fi_FI","og_type":"article","og_title":"Ensimm\u00e4inen Patria AMV XP 8x8 -ajoneuvo luovutettu Japanin maavoimille","og_description":"Ensimm\u00e4inen Patria AMV XP 8&#215;8 -ajoneuvo luovutettu Japanin maavoimille Ensimm\u00e4inen Patria AMV XP 8&#215;8 -panssaroitu ajoneuvo on toimitettu Japanin maavoimille (Japan Self-Ground Defense Forces; JSGDF) Japanin 8&#215;8-py\u00f6r\u00e4llisten miehist\u00f6nkuljetusajoneuvojen WAPC-hankkeessa Japan Steel Worksin (\u2018JWS\u2019) toimittamana. Toimitusta edelsi luovutusseremonia, joka pidettiin 2.9.2025 JSW:n Muroranin tehtaalla Hokkaidossa, Japanissa. Patria solmi sopimuksen WAPC-hankkeesta elokuussa 2023, ja siit\u00e4 l\u00e4htien Patria [&hellip;]","og_url":"https:\/\/teknologiateollisuus.fi\/pia\/ensimmainen-patria-amv-xp-8x8-ajoneuvo-luovutettu-japanin-maavoimille\/","og_site_name":"Pia-ry.fi","article_published_time":"2025-09-22T09:54:00+00:00","article_modified_time":"2025-10-24T11:55:54+00:00","og_image":[{"width":1024,"height":480,"url":"https:\/\/teknologiateollisuus.fi\/pia\/wp-content\/uploads\/sites\/13\/2025\/10\/patriajapan.jpg","type":"image\/jpeg"}],"author":"adaleskinen","twitter_card":"summary_large_image","twitter_misc":{"Kirjoittanut":"adaleskinen","Arvioitu lukuaika":"3 minuuttia"},"schema":{"@context":"https:\/\/schema.org","@graph":[{"@type":"Article","@id":"https:\/\/teknologiateollisuus.fi\/pia\/ensimmainen-patria-amv-xp-8x8-ajoneuvo-luovutettu-japanin-maavoimille\/#article","isPartOf":{"@id":"https:\/\/teknologiateollisuus.fi\/pia\/ensimmainen-patria-amv-xp-8x8-ajoneuvo-luovutettu-japanin-maavoimille\/"},"author":{"name":"adaleskinen","@id":"https:\/\/teknologiateollisuus.fi\/pia\/#\/schema\/person\/5d77641c560efe09919706f12024dbc5"},"headline":"Ensimm\u00e4inen Patria AMV XP 8&#215;8 -ajoneuvo luovutettu Japanin maavoimille","datePublished":"2025-09-22T09:54:00+00:00","dateModified":"2025-10-24T11:55:54+00:00","mainEntityOfPage":{"@id":"https:\/\/teknologiateollisuus.fi\/pia\/ensimmainen-patria-amv-xp-8x8-ajoneuvo-luovutettu-japanin-maavoimille\/"},"wordCount":438,"image":{"@id":"https:\/\/teknologiateollisuus.fi\/pia\/ensimmainen-patria-amv-xp-8x8-ajoneuvo-luovutettu-japanin-maavoimille\/#primaryimage"},"thumbnailUrl":"https:\/\/teknologiateollisuus.fi\/pia\/wp-content\/uploads\/sites\/13\/2025\/10\/patriajapan.jpg","articleSection":["Uutiset ja tiedotteet"],"inLanguage":"fi"},{"@type":"WebPage","@id":"https:\/\/teknologiateollisuus.fi\/pia\/ensimmainen-patria-amv-xp-8x8-ajoneuvo-luovutettu-japanin-maavoimille\/","url":"https:\/\/teknologiateollisuus.fi\/pia\/ensimmainen-patria-amv-xp-8x8-ajoneuvo-luovutettu-japanin-maavoimille\/","name":"Ensimm\u00e4inen Patria AMV XP 8x8 -ajoneuvo luovutettu Japanin maavoimille - Pia-ry.fi","isPartOf":{"@id":"https:\/\/teknologiateollisuus.fi\/pia\/#website"},"primaryImageOfPage":{"@id":"https:\/\/teknologiateollisuus.fi\/pia\/ensimmainen-patria-amv-xp-8x8-ajoneuvo-luovutettu-japanin-maavoimille\/#primaryimage"},"image":{"@id":"https:\/\/teknologiateollisuus.fi\/pia\/ensimmainen-patria-amv-xp-8x8-ajoneuvo-luovutettu-japanin-maavoimille\/#primaryimage"},"thumbnailUrl":"https:\/\/teknologiateollisuus.fi\/pia\/wp-content\/uploads\/sites\/13\/2025\/10\/patriajapan.jpg","datePublished":"2025-09-22T09:54:00+00:00","dateModified":"2025-10-24T11:55:54+00:00","author":{"@id":"https:\/\/teknologiateollisuus.fi\/pia\/#\/schema\/person\/5d77641c560efe09919706f12024dbc5"},"breadcrumb":{"@id":"https:\/\/teknologiateollisuus.fi\/pia\/ensimmainen-patria-amv-xp-8x8-ajoneuvo-luovutettu-japanin-maavoimille\/#breadcrumb"},"inLanguage":"fi","potentialAction":[{"@type":"ReadAction","target":["https:\/\/teknologiateollisuus.fi\/pia\/ensimmainen-patria-amv-xp-8x8-ajoneuvo-luovutettu-japanin-maavoimille\/"]}]},{"@type":"ImageObject","inLanguage":"fi","@id":"https:\/\/teknologiateollisuus.fi\/pia\/ensimmainen-patria-amv-xp-8x8-ajoneuvo-luovutettu-japanin-maavoimille\/#primaryimage","url":"https:\/\/teknologiateollisuus.fi\/pia\/wp-content\/uploads\/sites\/13\/2025\/10\/patriajapan.jpg","contentUrl":"https:\/\/teknologiateollisuus.fi\/pia\/wp-content\/uploads\/sites\/13\/2025\/10\/patriajapan.jpg","width":1024,"height":480},{"@type":"BreadcrumbList","@id":"https:\/\/teknologiateollisuus.fi\/pia\/ensimmainen-patria-amv-xp-8x8-ajoneuvo-luovutettu-japanin-maavoimille\/#breadcrumb","itemListElement":[{"@type":"ListItem","position":1,"name":"Etusivu","item":"https:\/\/teknologiateollisuus.fi\/pia\/"},{"@type":"ListItem","position":2,"name":"Ajankohtaista","item":"https:\/\/teknologiateollisuus.fi\/pia\/ajankohtaista\/"},{"@type":"ListItem","position":3,"name":"Ensimm\u00e4inen Patria AMV XP 8&#215;8 -ajoneuvo luovutettu Japanin maavoimille"}]},{"@type":"WebSite","@id":"https:\/\/teknologiateollisuus.fi\/pia\/#website","url":"https:\/\/teknologiateollisuus.fi\/pia\/","name":"Pia-ry.fi","description":"","potentialAction":[{"@type":"SearchAction","target":{"@type":"EntryPoint","urlTemplate":"https:\/\/teknologiateollisuus.fi\/pia\/?s={search_term_string}"},"query-input":{"@type":"PropertyValueSpecification","valueRequired":true,"valueName":"search_term_string"}}],"inLanguage":"fi"},{"@type":"Person","@id":"https:\/\/teknologiateollisuus.fi\/pia\/#\/schema\/person\/5d77641c560efe09919706f12024dbc5","name":"adaleskinen","image":{"@type":"ImageObject","inLanguage":"fi","@id":"https:\/\/secure.gravatar.com\/avatar\/6428ed2f4a04a0cda474397675babb7dcf407edd2f251ea895d2ff20c9b635d2?s=96&d=mm&r=g","url":"https:\/\/secure.gravatar.com\/avatar\/6428ed2f4a04a0cda474397675babb7dcf407edd2f251ea895d2ff20c9b635d2?s=96&d=mm&r=g","contentUrl":"https:\/\/secure.gravatar.com\/avatar\/6428ed2f4a04a0cda474397675babb7dcf407edd2f251ea895d2ff20c9b635d2?s=96&d=mm&r=g","caption":"adaleskinen"}}]}},"lang":"fi","translations":{"fi":1051},"pll_sync_post":{},"_links":{"self":[{"href":"https:\/\/teknologiateollisuus.fi\/pia\/wp-json\/wp\/v2\/posts\/1051","targetHints":{"allow":["GET"]}}],"collection":[{"href":"https:\/\/teknologiateollisuus.fi\/pia\/wp-json\/wp\/v2\/posts"}],"about":[{"href":"https:\/\/teknologiateollisuus.fi\/pia\/wp-json\/wp\/v2\/types\/post"}],"author":[{"embeddable":true,"href":"https:\/\/teknologiateollisuus.fi\/pia\/wp-json\/wp\/v2\/users\/355"}],"replies":[{"embeddable":true,"href":"https:\/\/teknologiateollisuus.fi\/pia\/wp-json\/wp\/v2\/comments?post=1051"}],"version-history":[{"count":1,"href":"https:\/\/teknologiateollisuus.fi\/pia\/wp-json\/wp\/v2\/posts\/1051\/revisions"}],"predecessor-version":[{"id":1054,"href":"https:\/\/teknologiateollisuus.fi\/pia\/wp-json\/wp\/v2\/posts\/1051\/revisions\/1054"}],"wp:featuredmedia":[{"embeddable":true,"href":"https:\/\/teknologiateollisuus.fi\/pia\/wp-json\/wp\/v2\/media\/1053"}],"wp:attachment":[{"href":"https:\/\/teknologiateollisuus.fi\/pia\/wp-json\/wp\/v2\/media?parent=1051"}],"wp:term":[{"taxonomy":"category","embeddable":true,"href":"https:\/\/teknologiateollisuus.fi\/pia\/wp-json\/wp\/v2\/categories?post=1051"},{"taxonomy":"post_tag","embeddable":true,"href":"https:\/\/teknologiateollisuus.fi\/pia\/wp-json\/wp\/v2\/tags?post=1051"},{"taxonomy":"em_industry","embeddable":true,"href":"https:\/\/teknologiateollisuus.fi\/pia\/wp-json\/wp\/v2\/em_industry?post=1051"},{"taxonomy":"em_theme","embeddable":true,"href":"https:\/\/teknologiateollisuus.fi\/pia\/wp-json\/wp\/v2\/em_theme?post=1051"}],"curies":[{"name":"wp","href":"https:\/\/api.w.org\/{rel}","templated":true}]}}